{"id":224481,"date":"2021-07-27T18:26:50","date_gmt":"2021-07-27T16:26:50","guid":{"rendered":"https:\/\/www.radiopiu.net\/wordpress\/?p=224481"},"modified":"2021-07-27T18:26:50","modified_gmt":"2021-07-27T16:26:50","slug":"zaia-e-lincontro-con-il-ministro-giovannini-per-le-opere-delle-olimpiadi-milano-cortina-2026","status":"publish","type":"post","link":"https:\/\/www.radiopiu.net\/wordpress\/zaia-e-lincontro-con-il-ministro-giovannini-per-le-opere-delle-olimpiadi-milano-cortina-2026\/","title":{"rendered":"ZAIA E L&#8217;INCONTRO CON IL MINISTRO GIOVANNINI PER LE OPERE DELLE OLIMPIADI MILANO-CORTINA 2026"},"content":{"rendered":"<p><strong><a href=\"https:\/\/www.radiopiu.net\/wordpress\/il-simbolo-di-milano-cortina\/logo-milano-cortina-2026\/\" rel=\"attachment wp-att-200160\"><img loading=\"lazy\" decoding=\"async\" class=\" wp-image-200160 alignleft\" src=\"https:\/\/www.radiopiu.net\/wordpress\/wp-content\/uploads\/2021\/03\/LOGO-MILANO-CORTINA-2026-300x279.jpg\" alt=\"\" width=\"246\" height=\"229\" \/><\/a>ROMA <\/strong>\u201c<em>L\u2019incontro di oggi con il Ministro Giovannini \u00e8 sicuramente stato proficuo e assieme al viceministro Morelli abbiamo discusso in maniera compiuta di tutte le opere infrastrutturali assieme ad una verifica di quelli che sono i problemi e le criticit\u00e0 che interessano le opere e le infrastrutture sportive di Milano-Cortina 2026<\/em>\u201d ha dichiarato il presidente del Veneto Luca Zaia \u201c<em>Abbiamo affrontato anche il tema del trasporto pubblico locale perch\u00e9 le Olimpiadi del 2026 richiedono anche tutta una serie di connessioni sul territorio, come quello tra gli aeroporti e i Villaggi Olimpici. Ci siamo lasciati con l\u2019obbiettivo di presentare al pi\u00f9 presto un quadro sinottico complessivo che tenga conto anche delle attivit\u00e0 infrastrutturali, dei finanziamenti previsti, delle criticit\u00e0 e di quanto altro riguarda direttamente questa partita, per giungere ad un piano definitivo di azione. Diciamo che il tavolo c\u2019\u00e8 e, di fatto, con oggi prende quota questo board esecutivo che puntualmente dovr\u00e0 fare la verifica dello stato di attuazione delle singole attivit\u00e0<\/em>\u201d.<\/p>\n<p>&nbsp;<\/p>\n<p>&nbsp;<\/p>\n<p>****<\/p>\n","protected":false},"excerpt":{"rendered":"<p>ROMA \u201cL\u2019incontro di oggi con il Ministro Giovannini \u00e8 sicuramente stato proficuo e assieme al viceministro Morelli abbiamo discusso in maniera compiuta di tutte le opere infrastrutturali assieme ad una verifica di quelli che sono i problemi e le criticit\u00e0 che interessano le opere e le infrastrutture sportive di Milano-Cortina 2026\u201d ha dichiarato il presidente&hellip;<\/p>\n","protected":false},"author":4,"featured_media":139388,"comment_status":"closed","ping_status":"open","sticky":false,"template":"","format":"standard","meta":{"_monsterinsights_skip_tracking":false,"_monsterinsights_sitenote_active":false,"_monsterinsights_sitenote_note":"","_monsterinsights_sitenote_category":0,"footnotes":""},"categories":[49],"tags":[],"class_list":["post-224481","post","type-post","status-publish","format-standard","has-post-thumbnail","hentry","category-news-18","category-49","description-off"],"img_url":"https:\/\/www.radiopiu.net\/wordpress\/wp-content\/uploads\/2020\/05\/ZAIA-1.jpg","_links":{"self":[{"href":"https:\/\/www.radiopiu.net\/wordpress\/wp-json\/wp\/v2\/posts\/224481","targetHints":{"allow":["GET"]}}],"collection":[{"href":"https:\/\/www.radiopiu.net\/wordpress\/wp-json\/wp\/v2\/posts"}],"about":[{"href":"https:\/\/www.radiopiu.net\/wordpress\/wp-json\/wp\/v2\/types\/post"}],"author":[{"embeddable":true,"href":"https:\/\/www.radiopiu.net\/wordpress\/wp-json\/wp\/v2\/users\/4"}],"replies":[{"embeddable":true,"href":"https:\/\/www.radiopiu.net\/wordpress\/wp-json\/wp\/v2\/comments?post=224481"}],"version-history":[{"count":0,"href":"https:\/\/www.radiopiu.net\/wordpress\/wp-json\/wp\/v2\/posts\/224481\/revisions"}],"wp:featuredmedia":[{"embeddable":true,"href":"https:\/\/www.radiopiu.net\/wordpress\/wp-json\/wp\/v2\/media\/139388"}],"wp:attachment":[{"href":"https:\/\/www.radiopiu.net\/wordpress\/wp-json\/wp\/v2\/media?parent=224481"}],"wp:term":[{"taxonomy":"category","embeddable":true,"href":"https:\/\/www.radiopiu.net\/wordpress\/wp-json\/wp\/v2\/categories?post=224481"},{"taxonomy":"post_tag","embeddable":true,"href":"https:\/\/www.radiopiu.net\/wordpress\/wp-json\/wp\/v2\/tags?post=224481"}],"curies":[{"name":"wp","href":"https:\/\/api.w.org\/{rel}","templated":true}]}}