{"id":224504,"date":"2021-07-29T06:14:27","date_gmt":"2021-07-29T04:14:27","guid":{"rendered":"https:\/\/www.radiopiu.net\/wordpress\/?p=224504"},"modified":"2021-07-29T08:52:08","modified_gmt":"2021-07-29T06:52:08","slug":"giornale-radiopiu-29-luglio-2021-direttore-mirko-mezzacasa","status":"publish","type":"post","link":"https:\/\/www.radiopiu.net\/wordpress\/giornale-radiopiu-29-luglio-2021-direttore-mirko-mezzacasa\/","title":{"rendered":"GIORNALE RADIOPIU 29 LUGLIO 2021 DIRETTORE MIRKO MEZZACASA"},"content":{"rendered":"<blockquote>\n<h1>GRUPPO FACEBOOK: RADIO PIU EMITTENTE AGORDINA, ISCRIZIONE GRATUITA<\/h1>\n<\/blockquote>\n<p><a href=\"https:\/\/www.radiopiu.net\/wordpress\/giornale-radiopiu-22-luglio-2021-direttore-mirko-mezzacasa\/219644373_10226900501445066_2635221774135715430_n\/\" rel=\"attachment wp-att-223221\"><img loading=\"lazy\" decoding=\"async\" class=\"alignnone wp-image-223221 size-full\" src=\"https:\/\/www.radiopiu.net\/wordpress\/wp-content\/uploads\/2021\/07\/219644373_10226900501445066_2635221774135715430_n.jpg\" alt=\"\" width=\"960\" height=\"365\" srcset=\"https:\/\/www.radiopiu.net\/wordpress\/wp-content\/uploads\/2021\/07\/219644373_10226900501445066_2635221774135715430_n.jpg 960w, https:\/\/www.radiopiu.net\/wordpress\/wp-content\/uploads\/2021\/07\/219644373_10226900501445066_2635221774135715430_n-300x114.jpg 300w, https:\/\/www.radiopiu.net\/wordpress\/wp-content\/uploads\/2021\/07\/219644373_10226900501445066_2635221774135715430_n-768x292.jpg 768w\" sizes=\"auto, (max-width: 960px) 100vw, 960px\" \/><\/a><\/p>\n<p>&nbsp;<\/p>\n<p>&nbsp;<\/p>\n<hr \/>\n<p>&nbsp;<\/p>\n<h2 style=\"text-align: center;\"><span style=\"color: #ff0000;\">IN FUNZIONE DA OGGI IL VELOX A BRENTA, TRA PIEVE DI LIVINALLONGO E ARABBA\u00a0<\/span><\/h2>\n<p><strong>LIVINALLONGO<\/strong> Da oggi\u00a0 ricomincia il controllo della velocit\u00e0 sulla strada che da Pieve di Livinallongo porta ad Arabba, lo annuncia il sindaco Leandro Grones. Automobilisti e motociclisti &#8211; soprattutto quelli della domenica &#8211;\u00a0 sono avvisati. Le telecamere erano spente\u00a0 da alcuni mesi e alcune multe erano state contestate davanti al giudice di pace. A gestire l&#8217;autovelox una nuova ditta lungo la sulla Sr 48\u00a0 di fronte al distributore di carburanti e alla strada di accesso alla scuola media di Brenta.<\/p>\n<p><strong>IL SINDACO LEANDRO GRONES<\/strong><\/p>\n<audio class=\"wp-audio-shortcode\" id=\"audio-224504-1\" preload=\"none\" style=\"width: 100%;\" controls=\"controls\"><source type=\"audio\/mpeg\" src=\"https:\/\/www.radiopiu.net\/wordpress\/wp-content\/uploads\/2021\/07\/LEANDRO-2.mp3?_=1\" \/><a href=\"https:\/\/www.radiopiu.net\/wordpress\/wp-content\/uploads\/2021\/07\/LEANDRO-2.mp3\">https:\/\/www.radiopiu.net\/wordpress\/wp-content\/uploads\/2021\/07\/LEANDRO-2.mp3<\/a><\/audio>\n<p><a href=\"https:\/\/www.radiopiu.net\/wordpress\/giornale-radiopiu-29-luglio-2021-direttore-mirko-mezzacasa\/bd443ff7-4744-4d59-ae3e-a5ed05b3e214\/\" rel=\"attachment wp-att-224672\"><img loading=\"lazy\" decoding=\"async\" class=\"aligncenter wp-image-224672 \" src=\"https:\/\/www.radiopiu.net\/wordpress\/wp-content\/uploads\/2021\/07\/bd443ff7-4744-4d59-ae3e-a5ed05b3e214.jpg\" alt=\"\" width=\"369\" height=\"316\" srcset=\"https:\/\/www.radiopiu.net\/wordpress\/wp-content\/uploads\/2021\/07\/bd443ff7-4744-4d59-ae3e-a5ed05b3e214.jpg 1024w, https:\/\/www.radiopiu.net\/wordpress\/wp-content\/uploads\/2021\/07\/bd443ff7-4744-4d59-ae3e-a5ed05b3e214-300x257.jpg 300w, https:\/\/www.radiopiu.net\/wordpress\/wp-content\/uploads\/2021\/07\/bd443ff7-4744-4d59-ae3e-a5ed05b3e214-768x659.jpg 768w\" sizes=\"auto, (max-width: 369px) 100vw, 369px\" \/><\/a><\/p>\n<p>&nbsp;<\/p>\n<hr \/>\n<h2 style=\"text-align: center;\"><\/h2>\n<h2 style=\"text-align: center;\"><span style=\"color: #3366ff;\">L&#8217;ARCOBALENO SU AGORDO di Luigi Valcozzena<\/span><\/h2>\n<p><a href=\"https:\/\/www.radiopiu.net\/wordpress\/giornale-radiopiu-29-luglio-2021-direttore-mirko-mezzacasa\/agordo-arcobaleno-broi\/\" rel=\"attachment wp-att-224697\"><img loading=\"lazy\" decoding=\"async\" class=\"aligncenter wp-image-224697 \" src=\"https:\/\/www.radiopiu.net\/wordpress\/wp-content\/uploads\/2021\/07\/AGORDO-ARCOBALENO-BROI-1024x682.jpg\" alt=\"\" width=\"538\" height=\"358\" srcset=\"https:\/\/www.radiopiu.net\/wordpress\/wp-content\/uploads\/2021\/07\/AGORDO-ARCOBALENO-BROI-1024x682.jpg 1024w, https:\/\/www.radiopiu.net\/wordpress\/wp-content\/uploads\/2021\/07\/AGORDO-ARCOBALENO-BROI-300x200.jpg 300w, https:\/\/www.radiopiu.net\/wordpress\/wp-content\/uploads\/2021\/07\/AGORDO-ARCOBALENO-BROI-768x511.jpg 768w, https:\/\/www.radiopiu.net\/wordpress\/wp-content\/uploads\/2021\/07\/AGORDO-ARCOBALENO-BROI-1536x1022.jpg 1536w, https:\/\/www.radiopiu.net\/wordpress\/wp-content\/uploads\/2021\/07\/AGORDO-ARCOBALENO-BROI.jpg 2048w\" sizes=\"auto, (max-width: 538px) 100vw, 538px\" \/><\/a><\/p>\n<p>&nbsp;<\/p>\n<hr \/>\n<p>&nbsp;<\/p>\n<blockquote>\n<h3>ATTENZIONE POSSIBILE DISSERVIZI IDRICI IN VAL PETTORINA<\/h3>\n<\/blockquote>\n<p><strong><img loading=\"lazy\" decoding=\"async\" class=\"alignleft\" src=\"https:\/\/www.radiopiu.net\/wordpress\/wp-content\/uploads\/2021\/06\/LAVORI-1-1.jpg\" width=\"163\" height=\"163\" \/>ROCCA PIETORE<\/strong> Il sindaco Andrea De Bernardin informa :<\/p>\n<blockquote>\n<h3><em>Durante i lavori i corso una macchina operatrice ha rotto una condotta dell&#8217;acqua. Potrebbe evidenziarsi un calo di pressione nei rubinetti. Il gestore GSP informa che gi\u00e0 questa mattina sar\u00e0 sistemato\u00a0 il guasto.\u00a0 Mi dicono che in alcune zone dell&#8217;alta Val Pettorina, Sottoguda in primis, alcune abiatzioni sono gi\u00e0 senza acqua. Purtroppo il problema \u00e8 pi\u00f9 serio del previsto e per aggiustare la rottura sar\u00e0 necessario l&#8217;intervento di escavatori. Io sono in municipio e sono in contatto con i tecnici del GSP che hanno gi\u00e0 preparato i mezzi.<\/em><\/h3>\n<\/blockquote>\n<p>&nbsp;<\/p>\n<p>&nbsp;<\/p>\n<hr \/>\n<p>&nbsp;<\/p>\n<blockquote>\n<h3>COMPRIAMO UNA MACCHINA ATTREZZATA PER RICCARDO<\/h3>\n<\/blockquote>\n<p><strong><a href=\"https:\/\/www.radiopiu.net\/wordpress\/compriamo-una-macchina-attrezzata-per-riccardo\/1626340291137881-img-20210714-wa0025\/\" rel=\"attachment wp-att-224370\"><img loading=\"lazy\" decoding=\"async\" class=\"size-medium wp-image-224370 alignleft\" src=\"https:\/\/www.radiopiu.net\/wordpress\/wp-content\/uploads\/2021\/07\/1626340291137881-IMG-20210714-WA0025-169x300.jpg\" alt=\"\" width=\"169\" height=\"300\" srcset=\"https:\/\/www.radiopiu.net\/wordpress\/wp-content\/uploads\/2021\/07\/1626340291137881-IMG-20210714-WA0025-169x300.jpg 169w, https:\/\/www.radiopiu.net\/wordpress\/wp-content\/uploads\/2021\/07\/1626340291137881-IMG-20210714-WA0025-576x1024.jpg 576w, https:\/\/www.radiopiu.net\/wordpress\/wp-content\/uploads\/2021\/07\/1626340291137881-IMG-20210714-WA0025-768x1365.jpg 768w, https:\/\/www.radiopiu.net\/wordpress\/wp-content\/uploads\/2021\/07\/1626340291137881-IMG-20210714-WA0025.jpg 800w\" sizes=\"auto, (max-width: 169px) 100vw, 169px\" \/><\/a>SOSPIROLO<\/strong> Radio Pi\u00f9 appoggia l&#8217;iniziativa di\u00a0 Agostino Tegner il pap\u00e0 di Riccardo, poche parole le sue ma piene di significato<em> &#8220;Io e mia moglie stiamo invecchiando e non riusciamo pi\u00f9 <img loading=\"lazy\" decoding=\"async\" class=\"alignright\" src=\"https:\/\/www.radiopiu.net\/wordpress\/wp-content\/uploads\/2021\/07\/1626451699105964-locandina-riccardo.jpg\" width=\"297\" height=\"167\" \/>a trasportare come si deve il nostro ragazzo, che necessita di una macchina attrezzata con un piano ribassato con pedana&#8221;.<\/em><\/p>\n<p>Per questo ha avuto inizio la raccolta fondi che si prefigge lo scopo di raccogliere 35.000 euro entro fine agosto. Ad oggi sono stati versati 1500 euro, per farlo \u00e8 semplice<span style=\"color: #0000ff;\"> <strong><a style=\"color: #0000ff;\" href=\"https:\/\/www.eppela.com\/it\/projects\/31001-compriamo-una-macchina-attrezzata-per-riccardo\">clicca qui\u00a0<\/a><\/strong><\/span><\/p>\n<blockquote><p><em>Riccardo \u00e8 un simpatico ragazzino di 15 anni che vive sulle montagne di Sospirolo. Sempre sorridente e circondato dall&#8217;affetto dei suoi cari, Riccardo \u00e8 per\u00f2 costretto a stare sulla sedia a rotelle a causa della distrofia muscolare di Duchenne, di cui \u00e8 affetto dalla nascita.\u00a0 I genitori, dopo anni di sacrifici, hanno deciso di acquistare un&#8217;auto munita di pedana per poter trasportare il figlio in modo pi\u00f9 comodo, pratico e sicuro, soprattutto adesso che sta crescendo e il peso &#8211; per i due genitori che stanno diventando anziani &#8211; si fa sempre pi\u00f9 sentire.\u00a0<\/em><\/p><\/blockquote>\n<p>&nbsp;<\/p>\n<p>&nbsp;<\/p>\n<p>&nbsp;<\/p>\n<p>&nbsp;<\/p>\n<hr \/>\n<p>&nbsp;<\/p>\n<p>&nbsp;<\/p>\n<blockquote>\n<h3><a href=\"https:\/\/www.radiopiu.net\/wordpress\/ma-basta-e-ora-di-finirla-unaltro-furto-di-immagini-per-pubblicizzare-il-ricco-trentino-alto-adige\/216386276_6431823223501817_1676982576784716348_n\/\" rel=\"attachment wp-att-224536\"><img loading=\"lazy\" decoding=\"async\" class=\"wp-image-224536 alignleft\" src=\"https:\/\/www.radiopiu.net\/wordpress\/wp-content\/uploads\/2021\/07\/216386276_6431823223501817_1676982576784716348_n-240x300.jpg\" alt=\"\" width=\"114\" height=\"143\" srcset=\"https:\/\/www.radiopiu.net\/wordpress\/wp-content\/uploads\/2021\/07\/216386276_6431823223501817_1676982576784716348_n-240x300.jpg 240w, https:\/\/www.radiopiu.net\/wordpress\/wp-content\/uploads\/2021\/07\/216386276_6431823223501817_1676982576784716348_n.jpg 480w\" sizes=\"auto, (max-width: 114px) 100vw, 114px\" \/><\/a>MA IL TRENTINO ALTO ADIGE NECESSITA DELLE MONTAGNE BELLUNESI PER FARSI CONOSCERE?<\/h3>\n<\/blockquote>\n<div>\n<div class=\"pybr56ya dati1w0a hv4rvrfc n851cfcs btwxx1t3 j83agx80 ll8tlv6m\">\n<div class=\"buofh1pr\">\n<div class=\"j83agx80 cbu4d94t ew0dbk1b irj2b8pg\">\n<p dir=\"auto\"><strong>LA SEGNALAZIONE DI Stefano Dell&#8217;Osbel\u00a0<\/strong><em> &#8220;Siamo finiti in Trentino Alto Adige&#8230; tre delle foto del post sono (ampiamente) in Provincia di Belluno. La prima foto poi&#8230;La seconda foto del post \u00e8 la Val dei Cantoi, in primo piano l&#8217;Elefante&#8230;&#8221;<\/em><\/p>\n<div class=\"qzhwtbm6 knvmm38d\">\n<h2 dir=\"auto\">SITO\u00a0\u00a0 <span class=\"nc684nl6\"><a class=\"oajrlxb2 g5ia77u1 qu0x051f esr5mh6w e9989ue4 r7d6kgcz rq0escxv nhd2j8a9 nc684nl6 p7hjln8o kvgmc6g5 cxmmr5t8 oygrvhab hcukyx3x jb3vyjys rz4wbd8a qt6c0cv9 a8nywdso i1ao9s8h esuyzwwr f1sip0of lzcic4wl oo9gr5id gpro0wi8 lrazzd5p\" tabindex=\"0\" role=\"link\" href=\"https:\/\/www.facebook.com\/focushimalaya\/posts\/6431827486834724\"><strong>FOCUS World Services &#8211; Tour Operator<\/strong><\/a><\/span><\/h2>\n<\/div>\n<div class=\"qzhwtbm6 knvmm38d\"><\/div>\n<\/div>\n<\/div>\n<\/div>\n<\/div>\n<div>\n<div class=\"\" dir=\"auto\">\n<div id=\"jsc_c_w\" class=\"ecm0bbzt hv4rvrfc ihqw7lf3 dati1w0a\" data-ad-comet-preview=\"message\" data-ad-preview=\"message\">\n<div class=\"j83agx80 cbu4d94t ew0dbk1b irj2b8pg\">\n<div class=\"qzhwtbm6 knvmm38d\">\n<div class=\"kvgmc6g5 cxmmr5t8 oygrvhab hcukyx3x c1et5uql ii04i59q\">\n<div dir=\"auto\"><\/div>\n<\/div>\n<div class=\"o9v6fnle cxmmr5t8 oygrvhab hcukyx3x c1et5uql ii04i59q\">\n<div dir=\"auto\"><\/div>\n<\/div>\n<div class=\"o9v6fnle cxmmr5t8 oygrvhab hcukyx3x c1et5uql ii04i59q\">\n<div dir=\"auto\"><\/div>\n<\/div>\n<\/div>\n<\/div>\n<\/div>\n<\/div>\n<\/div>\n<hr \/>\n<p>&nbsp;<\/p>\n<blockquote>\n<h2>PROVINCIALE 3 DI VALLE IMPERINA GOSALDO-RIVAMONTE: CHIUSA FINO AL 30 LUGLIO<\/h2>\n<\/blockquote>\n<p class=\"photoswipe-wrapper\"><a class=\"dt-pswp-item pspw-wrap-ready\" href=\"https:\/\/www.radiopiu.net\/wordpress\/wp-content\/uploads\/2021\/07\/b4b9c188-6323-4f82-bd7f-0a7c57ec0d22.jpg\" data-dt-img-description=\"\" data-large_image_width=\"1200\" data-large_image_height=\"1600\"><img loading=\"lazy\" decoding=\"async\" class=\" wp-image-223129 alignleft\" src=\"https:\/\/www.radiopiu.net\/wordpress\/wp-content\/uploads\/2021\/07\/b4b9c188-6323-4f82-bd7f-0a7c57ec0d22-150x150.jpg\" alt=\"\" width=\"120\" height=\"120\" \/><\/a><strong>GOSALDO<\/strong> Per lavori al chilometro 9.600 strada chiusa 24 ore su 24 sabato e domenica compresi. Interruzione fino al 30 luglio, Rivamonte \u00e8 raggiungibile da Agordo (senso unico in localit\u00e0 Gona Conedera) e da Voltago via Digoman<\/p>\n<p><strong>CANALE D&#8217;AGORDO<\/strong> Sono in corso i lavori di rifacimento del ponte che porta alla frazione Gares, per questo il sindaco Flavio Colcergnan ha firmato una nuova ordinanza: senso unico alternato regolato da impianto semaforico in localig\u00e0 Brudigoth\u00a0 fino al termine dei lavori.<\/p>\n<p><strong>SEDICO<\/strong>\u00a0 REGIONALE 203 AGORDINA, In localit\u00e0 La Stanga dal 19 luglio al 6 agosto senso unico regolato da movieri<\/p>\n<p><strong>REGIONALE 203 AGORDINA, LOCALITA\u2019 SORAZUNAIA,\u00a0 E SR 48 DELLE DOLOMITI IN LOCALITA\u2019 LIVINALLONGO, FINO AL 31 LUGLIO DALLE 7 ALLE 18 ESCLUSI SABATI E DOMENICHE INTERRUZIONI ALLA VIABILITA\u2019 PER UNA DURATA MASSIMA DI 20 MINUTI.\u00a0<\/strong><\/p>\n<p><strong>PROVINCIALE 641 DI PASSO FEDAIA LOCALITA\u2019 COL DI ROCCA FINO AL 30 LUGLIO (COMPRESI FESTIVI E PREFESTIVI) SENSO UNICO ALTERNATO REGOLATO DA SEMAFORO<\/strong><\/p>\n<p><strong>LA\u00a0 VALLE STRADA PER MALGA FOCA<\/strong> NEL FINE SETTIMANA APERTA DA OGGI ALLE 12 E DOMANI PER TUTTO IL GIORNO. CHIUDE DI NUOVO DA LUNEDI ANCHE I SENTIERI CAI\u00a0 545, 542 e 541.<\/p>\n<p><strong>SP473 CROCE D&#8217;AUNE, COMUNE SOVRAMONTE <\/strong>dal 2 al 7 agosto dalle 8 alle 18 interdizione totale al transito con deviazioni sulla viabilit\u00e0 comunale per demolizione totale albergo Monte Pavione.<\/p>\n<p>&nbsp;<\/p>\n<hr \/>\n<p>&nbsp;<\/p>\n<blockquote>\n<h3>DOMANI ALLE 14.30 L&#8217;ULTIMO SALUTO ALLA PICCOLA PETRA<\/h3>\n<p><a href=\"https:\/\/www.radiopiu.net\/wordpress\/giornale-radiopiu-28-luglio-2021-direttore-mirko-mezzacasa\/ff1d4204-92b7-4137-aa9a-3ecdc3a0ef1a\/\" rel=\"attachment wp-att-224515\"><img loading=\"lazy\" decoding=\"async\" class=\"size-medium wp-image-224515 alignleft\" src=\"https:\/\/www.radiopiu.net\/wordpress\/wp-content\/uploads\/2021\/07\/ff1d4204-92b7-4137-aa9a-3ecdc3a0ef1a-300x169.jpg\" alt=\"\" width=\"300\" height=\"169\" srcset=\"https:\/\/www.radiopiu.net\/wordpress\/wp-content\/uploads\/2021\/07\/ff1d4204-92b7-4137-aa9a-3ecdc3a0ef1a-300x169.jpg 300w, https:\/\/www.radiopiu.net\/wordpress\/wp-content\/uploads\/2021\/07\/ff1d4204-92b7-4137-aa9a-3ecdc3a0ef1a-1024x576.jpg 1024w, https:\/\/www.radiopiu.net\/wordpress\/wp-content\/uploads\/2021\/07\/ff1d4204-92b7-4137-aa9a-3ecdc3a0ef1a-768x432.jpg 768w, https:\/\/www.radiopiu.net\/wordpress\/wp-content\/uploads\/2021\/07\/ff1d4204-92b7-4137-aa9a-3ecdc3a0ef1a-1536x864.jpg 1536w, https:\/\/www.radiopiu.net\/wordpress\/wp-content\/uploads\/2021\/07\/ff1d4204-92b7-4137-aa9a-3ecdc3a0ef1a.jpg 1599w\" sizes=\"auto, (max-width: 300px) 100vw, 300px\" \/><\/a><strong>CESIOMAGGIORE<\/strong> Domani alle 14,30 a Cesiomaggiore\u00a0 sar\u00e0 il giorno del grande dolore.I funerali di Petra Lucca, la piccola\u00a0 di 10 anni investita sabato mattina sulla Sp 36 a Toschian sono stati fissati appena arrivato il via libera dalla autorit\u00e0 giudiziaria. Si terranno nella chiesa di Soranzen, dove alle 14 verr\u00e0 celebrato il rosario. Pap\u00e0 Carlo e mamma Chiara &#8220;Doriana&#8221;, annunciando il funerale, hanno voluto ringraziare i medici della terapia intensiva pediatrica di Padova, dove la bimba si \u00e8 spenta luned\u00ec sera, ma anche coloro\u00a0 che le hanno prestato soccorso. Oggi il <em>Corriere delle Alpi<\/em> anticipa\u00a0 il\u00a0 racconto di un testimone &#8211; l&#8217;unico &#8211;\u00a0 che conferma l&#8217;ipotesi di un incidente frutto di una tragica casualit\u00e0. Era alla guida di una macchina che viaggiava in direzione opposta a quella della Fiat Idea che ha investito la piccola e ha visto direttamente la scena davanti a s\u00e9 quando\u00a0 la piccola con il suo cagnolino ha improvvisamente tentato di attraversare la strada, sbucando da una siepe. Senza dare alla donna alla guida della Idea nemmeno il tempo di frenare.<\/p><\/blockquote>\n<p>&nbsp;<\/p>\n<hr \/>\n<blockquote>\n<h3><\/h3>\n<h3>ALL&#8217;ALBA IL LUPO FAMELICO NE SBRANA 17<\/h3>\n<p><strong>ALPAGO<\/strong> Lupo di nuovo all&#8217;attacco in\u00a0 Cansiglio nella martoriata azienda di Sebastiano Fullin. Ne hanno fatto le spese 17 pecore e alrte 10 sono rimaste ferite. In\u00a0 Alpago negli ultimi 3 anni ne sono state ammazzate pi\u00f9 di 400,\u00a0 \u00a0diretta conseguenza l&#8217;abbandono dell&#8217;attivit\u00e0 da parte degli allevatori\u00a0 Gi\u00e0 in nove hanno\u00a0 definitivamente cambiato mestiere o hobby. Servirebbe una soluzione,\u00a0 una gestione diversa dei grandi predatori i rimedi della politica ad oggi hanno portato a ben pochi risultati,\u00a0 palliativi fallimentari. L&#8217;evidenza non concede ragionevoli dubbi.\u00a0 Il futuro \u00e8 uno soltanto:\u00a0 l&#8217;abbandono\u00a0 della pastorizia e del progetto di conservazione della razza alpagota<\/p><\/blockquote>\n<p>&nbsp;<\/p>\n<hr \/>\n<blockquote>\n<h3><\/h3>\n<h3>ECCO IL NUOVO DEPURATORE DI CENCENIGHE<\/h3>\n<\/blockquote>\n<p align=\"JUSTIFY\"><span style=\"font-family: Arial, serif;\"><strong><a href=\"https:\/\/www.radiopiu.net\/wordpress\/ecco-il-nuovo-depuratore-di-cencenighe\/img-20210727-wa0000\/\" rel=\"attachment wp-att-224562\"><img loading=\"lazy\" decoding=\"async\" class=\"size-medium wp-image-224562 alignleft\" src=\"https:\/\/www.radiopiu.net\/wordpress\/wp-content\/uploads\/2021\/07\/IMG-20210727-WA0000-169x300.jpg\" alt=\"\" width=\"169\" height=\"300\" srcset=\"https:\/\/www.radiopiu.net\/wordpress\/wp-content\/uploads\/2021\/07\/IMG-20210727-WA0000-169x300.jpg 169w, https:\/\/www.radiopiu.net\/wordpress\/wp-content\/uploads\/2021\/07\/IMG-20210727-WA0000-576x1024.jpg 576w, https:\/\/www.radiopiu.net\/wordpress\/wp-content\/uploads\/2021\/07\/IMG-20210727-WA0000-768x1366.jpg 768w, https:\/\/www.radiopiu.net\/wordpress\/wp-content\/uploads\/2021\/07\/IMG-20210727-WA0000-864x1536.jpg 864w, https:\/\/www.radiopiu.net\/wordpress\/wp-content\/uploads\/2021\/07\/IMG-20210727-WA0000.jpg 899w\" sizes=\"auto, (max-width: 169px) 100vw, 169px\" \/><\/a>BELLUNO<\/strong> Si sono conclusi i lavori di adeguamento del depuratore di Morbiach a Cencenighe. Bim Gsp, in poco meno di un mese, ha rinnovato il comparto di pretrattamento dei reflui, dove \u00e8 stata installata una nuova griglia autopulente, in sostituzione dell\u2019esistente ormai obsoleta e malfunzionante, per una miglior pulizia dei reflui in arrivo. Sono stati, inoltre, ristrutturati e impermeabilizzati anche i manufatti esistenti. Un intervento di rilievo, che ha migliorato il funzionamento complessivo del processo ed aumentato al contempo l\u2019efficacia depurativa, a tutela dell\u2019ambiente. <\/span><\/p>\n<blockquote>\n<p align=\"JUSTIFY\"><em>\u201c<span style=\"font-family: Arial, serif;\">Investire nella depurazione \u2013 spiega Attilio Sommavilla, presidente di Bim Gsp \u2013 \u00e8 la nostra strategia di lungo periodo: costruire nuovi impianti, adeguatamente dimensionati e a tecnologia innovativa, e ammodernare nel funzionamento e nel processo di trattamento gli esistenti \u00e8 la miglior garanzia che possiamo restituire ai nostri utenti e ai nostri territori. Sono opere essenziali, che assicurano efficienza prestazionale, riduzione dei costi di gestione, elevata qualit\u00e0 dell\u2019acqua restituita in ambiente e salvaguardia <\/span><span style=\"color: #000000;\"><span style=\"font-family: Arial, serif;\"><span style=\"font-size: small;\">degli ecosistemi e dei corsi d\u2019acqua, ricettori naturali del processo depurativo. Un\u2019attenzione che si traduce nel pacchetto lavori da 215 milioni di euro da realizzare entro il 2033 &#8211; 47,8 milioni nel triennio 2021\/23 &#8211; per il 70% destinati al potenziamento delle reti fognarie e all\u2019efficienza depurativa\u201d.<\/span><\/span><\/span><\/em><\/p>\n<\/blockquote>\n<p><strong>di Gianni Santomaso<\/strong><\/p>\n<audio class=\"wp-audio-shortcode\" id=\"audio-224504-2\" preload=\"none\" style=\"width: 100%;\" controls=\"controls\"><source type=\"audio\/mpeg\" src=\"https:\/\/www.radiopiu.net\/wordpress\/wp-content\/uploads\/2021\/07\/GIANNI-DEPURATORE-CENCENIGHE.mp3?_=2\" \/><a href=\"https:\/\/www.radiopiu.net\/wordpress\/wp-content\/uploads\/2021\/07\/GIANNI-DEPURATORE-CENCENIGHE.mp3\">https:\/\/www.radiopiu.net\/wordpress\/wp-content\/uploads\/2021\/07\/GIANNI-DEPURATORE-CENCENIGHE.mp3<\/a><\/audio>\n<p>&nbsp;<\/p>\n<hr \/>\n<h3><\/h3>\n<blockquote>\n<h3>STEFANO CANTI, SEGRETARIO DI STATO DELLA REPUBBLICA DI SAN MARINO, IN VISITA A ROCCA PIETORE<\/h3>\n<\/blockquote>\n<p><strong><a href=\"https:\/\/www.radiopiu.net\/wordpress\/stefano-canti-segretario-di-stato-della-repubblica-di-san-marino-fa-visita-a-rocca-pietore\/schermata-2021-07-28-alle-19-33-24\/\" rel=\"attachment wp-att-224681\"><img loading=\"lazy\" decoding=\"async\" class=\" wp-image-224681 alignleft\" src=\"https:\/\/www.radiopiu.net\/wordpress\/wp-content\/uploads\/2021\/07\/Schermata-2021-07-28-alle-19.33.24-300x261.png\" alt=\"\" width=\"238\" height=\"207\" srcset=\"https:\/\/www.radiopiu.net\/wordpress\/wp-content\/uploads\/2021\/07\/Schermata-2021-07-28-alle-19.33.24-300x261.png 300w, https:\/\/www.radiopiu.net\/wordpress\/wp-content\/uploads\/2021\/07\/Schermata-2021-07-28-alle-19.33.24-1024x891.png 1024w, https:\/\/www.radiopiu.net\/wordpress\/wp-content\/uploads\/2021\/07\/Schermata-2021-07-28-alle-19.33.24-768x668.png 768w, https:\/\/www.radiopiu.net\/wordpress\/wp-content\/uploads\/2021\/07\/Schermata-2021-07-28-alle-19.33.24.png 1264w\" sizes=\"auto, (max-width: 238px) 100vw, 238px\" \/><\/a>ROCCA PIETORE<\/strong> Visita istituzionale a Rocca Pietore dove il sindaco Andrea De Bernardin ha accolto il Segretario di stato della Repubblica di San Marino Stefano Canti. Tanti i punti discussi nell&#8217;incontro in municipio con la carica istituzionale del Monte Titano. Un rapporto di amicizia tra Rocca Pietore e la Repubblica di San Marino.<\/p>\n<p><strong>\u00a0<\/strong><\/p>\n<p><strong>\u00a0<\/strong><\/p>\n<p><strong>\u00a0<\/strong><strong>\u00a0<\/strong><\/p>\n<p><strong>\u00a0<\/strong><\/p>\n<p><strong>\u00a0<\/strong><\/p>\n<p><strong>IL SINDACO DI ROCCA PIETORE ANDREA DE BERNARDIN<\/strong><\/p>\n<audio class=\"wp-audio-shortcode\" id=\"audio-224504-3\" preload=\"none\" style=\"width: 100%;\" controls=\"controls\"><source type=\"audio\/mpeg\" src=\"https:\/\/www.radiopiu.net\/wordpress\/wp-content\/uploads\/2021\/07\/DE-BERNARDIN-INCONTRO-SAN-MARINO.mp3?_=3\" \/><a href=\"https:\/\/www.radiopiu.net\/wordpress\/wp-content\/uploads\/2021\/07\/DE-BERNARDIN-INCONTRO-SAN-MARINO.mp3\">https:\/\/www.radiopiu.net\/wordpress\/wp-content\/uploads\/2021\/07\/DE-BERNARDIN-INCONTRO-SAN-MARINO.mp3<\/a><\/audio>\n<p>&nbsp;<\/p>\n<p><strong>STEFANO CANTI, SEGRETARIO DI STATO DELLA REPUBBLICA DI SAN MARINO<\/strong><\/p>\n<audio class=\"wp-audio-shortcode\" id=\"audio-224504-4\" preload=\"none\" style=\"width: 100%;\" controls=\"controls\"><source type=\"audio\/mpeg\" src=\"https:\/\/www.radiopiu.net\/wordpress\/wp-content\/uploads\/2021\/07\/STEFANO-CANTI-SAN-MARINO.mp3?_=4\" \/><a href=\"https:\/\/www.radiopiu.net\/wordpress\/wp-content\/uploads\/2021\/07\/STEFANO-CANTI-SAN-MARINO.mp3\">https:\/\/www.radiopiu.net\/wordpress\/wp-content\/uploads\/2021\/07\/STEFANO-CANTI-SAN-MARINO.mp3<\/a><\/audio>\n<p>&nbsp;<\/p>\n<hr \/>\n<p>&nbsp;<\/p>\n<blockquote>\n<h3>STANZIATI 41 MILA EURO PER IL CAMPO DI CALCIO DI RIVAMONTE<\/h3>\n<\/blockquote>\n<p><strong><a href=\"https:\/\/www.radiopiu.net\/wordpress\/stanziati-41-mila-euro-per-il-campo-di-calcio-di-rivamonte\/73630d64-91ea-485b-b6c7-be211b25cdf9\/\" rel=\"attachment wp-att-224669\"><img loading=\"lazy\" decoding=\"async\" class=\" wp-image-224669 alignleft\" src=\"https:\/\/www.radiopiu.net\/wordpress\/wp-content\/uploads\/2021\/07\/73630d64-91ea-485b-b6c7-be211b25cdf9-169x300.jpg\" alt=\"\" width=\"132\" height=\"234\" srcset=\"https:\/\/www.radiopiu.net\/wordpress\/wp-content\/uploads\/2021\/07\/73630d64-91ea-485b-b6c7-be211b25cdf9-169x300.jpg 169w, https:\/\/www.radiopiu.net\/wordpress\/wp-content\/uploads\/2021\/07\/73630d64-91ea-485b-b6c7-be211b25cdf9-576x1024.jpg 576w, https:\/\/www.radiopiu.net\/wordpress\/wp-content\/uploads\/2021\/07\/73630d64-91ea-485b-b6c7-be211b25cdf9-768x1366.jpg 768w, https:\/\/www.radiopiu.net\/wordpress\/wp-content\/uploads\/2021\/07\/73630d64-91ea-485b-b6c7-be211b25cdf9-864x1536.jpg 864w, https:\/\/www.radiopiu.net\/wordpress\/wp-content\/uploads\/2021\/07\/73630d64-91ea-485b-b6c7-be211b25cdf9.jpg 899w\" sizes=\"auto, (max-width: 132px) 100vw, 132px\" \/><\/a>RIVAMONTE<\/strong><\/p>\n<p>di Gianni Santomaso<\/p>\n<audio class=\"wp-audio-shortcode\" id=\"audio-224504-5\" preload=\"none\" style=\"width: 100%;\" controls=\"controls\"><source type=\"audio\/mpeg\" src=\"https:\/\/www.radiopiu.net\/wordpress\/wp-content\/uploads\/2021\/07\/GIANNI-CAMPO-CALCIO-RIVAMONTE.mp3?_=5\" \/><a href=\"https:\/\/www.radiopiu.net\/wordpress\/wp-content\/uploads\/2021\/07\/GIANNI-CAMPO-CALCIO-RIVAMONTE.mp3\">https:\/\/www.radiopiu.net\/wordpress\/wp-content\/uploads\/2021\/07\/GIANNI-CAMPO-CALCIO-RIVAMONTE.mp3<\/a><\/audio>\n<p>&nbsp;<\/p>\n<p><strong>IL CONSIGLIO COMUNALE DI RIVAMONTE<\/strong><\/p>\n<p>https:\/\/www.facebook.com\/radiopiu\/videos\/885845932005551<\/p>\n<p>&nbsp;<\/p>\n<hr \/>\n<p>&nbsp;<\/p>\n<blockquote>\n<h3 class=\"p1\"><span class=\"s1\">ELISA CALCAMUGGI \u00c8 LA NUOVA RESPONSABILE MARKETING DELLA DMO. GIORNALISTA SPORTIVA, LAUREATA IN MARKETING TURISTICO, HA IL CURRICULUM ADATTO PER RICOPRIRE IL RUOLO<\/span><\/h3>\n<\/blockquote>\n<p class=\"p1\"><span class=\"s1\"><strong><a href=\"https:\/\/www.radiopiu.net\/wordpress\/giornale-radiopiu-29-luglio-2021-direttore-mirko-mezzacasa\/elisa-calcamuggi\/\" rel=\"attachment wp-att-224623\"><img loading=\"lazy\" decoding=\"async\" class=\"size-medium wp-image-224623 alignleft\" src=\"https:\/\/www.radiopiu.net\/wordpress\/wp-content\/uploads\/2021\/07\/Elisa-Calcamuggi-200x300.jpg\" alt=\"\" width=\"200\" height=\"300\" srcset=\"https:\/\/www.radiopiu.net\/wordpress\/wp-content\/uploads\/2021\/07\/Elisa-Calcamuggi-200x300.jpg 200w, https:\/\/www.radiopiu.net\/wordpress\/wp-content\/uploads\/2021\/07\/Elisa-Calcamuggi.jpg 682w\" sizes=\"auto, (max-width: 200px) 100vw, 200px\" \/><\/a>BELLUNO <\/strong>La Dmo Dolomiti si rinnova, con una nuova responsabile marketing. Si tratta di Elisa Calcamuggi, giornalista sportiva, che ha vinto il bando per la figura professionale richiesta. <\/span><span class=\"s1\">\u00abUn\u2019alta professionalit\u00e0 che ci serviva\u00bb commenta il consigliere provinciale delegato al turismo, Danilo De Toni. \u00abLa dottoressa Calcamuggi ci aiuter\u00e0 molto nella gestione dell\u2019ultima sezione del piano \u201cVivere le Dolomiti\u201d, che ha dovuto rivedere la programmazione dopo il Covid. E sar\u00e0 una risorsa importantissima anche per le future sfide a cui sar\u00e0 chiamata la Dmo Dolomiti\u00bb. <\/span><span class=\"s1\">Elisa Calcamuggi \u00e8 originaria della Valle d\u2019Aosta, ma conosce il Bellunese e ci abita da qualche anno. Laureata in lingue e letterature straniere, specializzata in marketing turistico e giornalista professionista dal 2005, lavora per Sky Sport occupandosi principalmente di sport invernali, ciclismo, atletica e moto GP. In qualit\u00e0 di inviata ha partecipato a tre edizioni dei Giochi Olimpici invernali, a sei Mondiali di sci alpino, un Mondiale di Rugby e ai Giochi del Mediterraneo. In passato \u00e8 stata giornalista in Rai Valle d&#8217;Aosta, dove ha ideato e curato il programma \u201cGodilles sans fronti\u00e8res\u201d, e ha lavorato come ufficio stampa per World Cup Finals &#8211; Sestriere (2004) e per l&#8217;Azienda Turistica delle Montagne Olimpiche di Torino 2006.\u00a0<\/span><span class=\"s1\">Soddisfatti degli esiti del bando anche il direttore e l\u2019amministratore unico della Dmo, Michele Basso e Alessandra Magagnin. \u00abAspettiamo Elisa Calcamuggi a braccia aperte e speriamo di lavorare il prima possibile con lei &#8211; il commento di Magagnin -. So che ci vorr\u00e0 qualche settimana perch\u00e9 l\u2019incarico venga perfezionato, ma siamo gi\u00e0 contentissimi di averla in squadra. Sar\u00e0 una risorsa importantissima\u00bb. <\/span><span class=\"s1\">\u00abAuguriamo buon lavoro alla dottoressa Calcamuggi &#8211; aggiunge Michele Basso -. Sar\u00e0 una risorsa importantissima, per il bagaglio che ha alle spalle. Adesso \u00e8 davvero il momento della ripartenza, nella speranza che l\u2019estate porti buoni numeri alla nostra montagna e l\u2019inverno possa decollare dopo un anno difficile\u00bb.<\/span><\/p>\n<p>&nbsp;<\/p>\n<p>&nbsp;<\/p>\n<hr \/>\n<p>&nbsp;<\/p>\n<blockquote>\n<h3>IMMATRICOLAZIONI DI AUTOBUS, NELL&#8217;ULTIMO ANNO\u00a0 -11,3% IN VENETO,\u00a0 SOLO 22 NUOVE TARGHE A BELLUNO<\/h3>\n<\/blockquote>\n<p align=\"JUSTIFY\"><span style=\"font-family: Arial, serif;\"><i><a href=\"https:\/\/www.radiopiu.net\/wordpress\/?attachment_id=224557\" rel=\"attachment wp-att-224557\"><img loading=\"lazy\" decoding=\"async\" class=\"size-medium wp-image-224557 alignleft\" src=\"https:\/\/www.radiopiu.net\/wordpress\/wp-content\/uploads\/2021\/07\/Truck-on-country-road-300x217.jpg\" alt=\"\" width=\"300\" height=\"217\" srcset=\"https:\/\/www.radiopiu.net\/wordpress\/wp-content\/uploads\/2021\/07\/Truck-on-country-road-300x217.jpg 300w, https:\/\/www.radiopiu.net\/wordpress\/wp-content\/uploads\/2021\/07\/Truck-on-country-road-1024x739.jpg 1024w, https:\/\/www.radiopiu.net\/wordpress\/wp-content\/uploads\/2021\/07\/Truck-on-country-road-768x555.jpg 768w, https:\/\/www.radiopiu.net\/wordpress\/wp-content\/uploads\/2021\/07\/Truck-on-country-road-1536x1109.jpg 1536w, https:\/\/www.radiopiu.net\/wordpress\/wp-content\/uploads\/2021\/07\/Truck-on-country-road-2048x1479.jpg 2048w\" sizes=\"auto, (max-width: 300px) 100vw, 300px\" \/><\/a><\/i><strong>BELLUNO<\/strong> <\/span><span style=\"font-family: Arial, serif;\">Il 2020 \u00e8 stato un anno difficile anche per il mondo del trasporto merci e persone su strada. <\/span><span style=\"font-family: Arial, serif;\">Continental<\/span><span style=\"font-family: Arial, serif;\">, brand ha realizzato un <\/span><span style=\"font-family: Arial, serif;\">Osservatorio sui macro trend del trasporto pesante <\/span><span style=\"font-family: Arial, serif;\">con l\u2019obiettivo di fornire una panoramica del settore sia a livello nazionale, sia a livello locale.\u00a0\u00a0<\/span><span style=\"font-family: Arial, serif;\">Nel 2020 in Italia le immatricolazioni di mezzi pesanti per il<\/span><span style=\"font-family: Arial, serif;\"> trasporto merci<\/span><span style=\"font-family: Arial, serif;\"> con oltre 16t sono state 19.616, il 14,2% in meno rispetto al 2019. Il Veneto si muove in linea con il resto d\u2019Italia e segna una diminuzione del 17,5% rispetto al 2019. Con 80 nuove immatricolazioni, <\/span><span style=\"font-family: Arial, serif;\">Belluno va in controtendenza e chiude in positivo a 15,9%. <\/span><span style=\"font-family: Arial, serif;\">Per il <\/span><span style=\"font-family: Arial, serif;\">trasporto persone<\/span><span style=\"font-family: Arial, serif;\">, le immatricolazioni di autobus di oltre 3,5t in Italia sono passate da 4.935 del 2019 a 3.404 del 2020 (-31%). Meno incisivo il calo del Veneto che con 307 nuove targhe segna -11,3%. Tra le province la situazione \u00e8 altalenante: <\/span><span style=\"font-family: Arial, serif;\">Belluno registra un calo di -15,4% e solo 22 nuovi autobus. In provincia <\/span><span style=\"font-family: Arial, serif;\">\u00a0le fonti ibride ed elettriche si stanziano a 0,1%, il benzina raggiunge il 4,7% e il metano scende a 0,7%, come il benzina e gas liquido, <\/span><span style=\"font-family: Arial, serif;\">il parco circolante \u00e8 composto esclusivamente da gasolio (99,5%). Ibrido e metano rimangono a 0,2%.\u00a0 <\/span><span style=\"font-family: Arial, serif;\">La fascia di anzianit\u00e0:<\/span><span style=\"font-family: Arial, serif;\">\u00a0<\/span><span style=\"font-family: Arial, serif;\">Belluno detiene la quota pi\u00f9 bassa di autocarri di oltre 30 anni (7,6%) e il 20,5% di mezzi di massimo 5. <\/span><span style=\"font-family: Arial, serif;\">Belluno ha il parco autobus pi\u00f9 giovane con il 8,4% di bus ultraventennali e il 26% di bus di massimo 5 anni. <\/span><span style=\"font-family: Arial, serif;\">Dall\u2019analisi della categoria Euro dei mezzi pesanti per <\/span><span style=\"font-family: Arial, serif;\">trasporto merci, <\/span><span style=\"font-family: Arial, serif;\">\u00a0<\/span><span style=\"font-family: Arial, serif;\">Belluno ha il 34,2% di classi recenti contro il 25,4% di Euro 0, 1 e 2<\/span><span style=\"font-family: Arial, serif;\">. <\/span><span style=\"font-family: Arial, serif;\">In Italia la percentuale di <\/span><span style=\"font-family: Arial, serif;\">autobus<\/span><span style=\"font-family: Arial, serif;\"> appartenenti alle categorie Euro 5 ed Euro 6 si attesta al 38,2% in provincia<\/span><span style=\"font-family: Arial, serif;\"> gli Euro 5 e 6 sono il 42,5% e gli Euro 0, 1 e 2 solo il 10%, la percentuale pi\u00f9 bassa della regione.\u00a0<\/span><\/p>\n<hr \/>\n<p>&nbsp;<\/p>\n<blockquote class=\"wp-embedded-content\" data-secret=\"enxmpyuu9a\"><p><a href=\"https:\/\/www.radiopiu.net\/wordpress\/aggiornamentolug28\/\">CORONAVIRUS: AGGIORNAMENTO NAZIONALE 28 LUGLIO  2021<\/a><\/p><\/blockquote>\n<p><iframe loading=\"lazy\" class=\"wp-embedded-content\" sandbox=\"allow-scripts\" security=\"restricted\" style=\"position: absolute; clip: rect(1px, 1px, 1px, 1px);\" title=\"&#8220;CORONAVIRUS: AGGIORNAMENTO NAZIONALE 28 LUGLIO  2021&#8221; &#8212; Radio Pi\u00f9\" src=\"https:\/\/www.radiopiu.net\/wordpress\/aggiornamentolug28\/embed\/#?secret=enxmpyuu9a\" data-secret=\"enxmpyuu9a\" width=\"600\" height=\"338\" frameborder=\"0\" marginwidth=\"0\" marginheight=\"0\" scrolling=\"no\"><\/iframe><\/p>\n<p>&nbsp;<\/p>\n<blockquote class=\"wp-embedded-content\" data-secret=\"P4CxEpQBRj\"><p><a href=\"https:\/\/www.radiopiu.net\/wordpress\/agg270721aa\/\">POSITIVI IN CRESCITA, UN PAZIENTE IN MENO IN TERAPIA INTENSIVA E NESSUN DECESSO<\/a><\/p><\/blockquote>\n<p><iframe loading=\"lazy\" class=\"wp-embedded-content\" sandbox=\"allow-scripts\" security=\"restricted\" style=\"position: absolute; clip: rect(1px, 1px, 1px, 1px);\" title=\"&#8220;POSITIVI IN CRESCITA, UN PAZIENTE IN MENO IN TERAPIA INTENSIVA E NESSUN DECESSO&#8221; &#8212; Radio Pi\u00f9\" src=\"https:\/\/www.radiopiu.net\/wordpress\/agg270721aa\/embed\/#?secret=P4CxEpQBRj\" data-secret=\"P4CxEpQBRj\" width=\"600\" height=\"338\" frameborder=\"0\" marginwidth=\"0\" marginheight=\"0\" scrolling=\"no\"><\/iframe><\/p>\n<p>&nbsp;<\/p>\n<p><strong>I GRAFICI DI TIZIANO DE COL\u00a0<\/strong><\/p>\n\n\t\t\t<style type='text\/css'>\n\t\t\t\t#gallery-1 {\n\t\t\t\t\tmargin: auto;\n\t\t\t\t}\n\t\t\t\t#gallery-1 .gallery-item {\n\t\t\t\t\tfloat: left;\n\t\t\t\t\tmargin-top: 10px;\n\t\t\t\t\ttext-align: center;\n\t\t\t\t\twidth: 20%;\n\t\t\t\t}\n\t\t\t\t#gallery-1 img {\n\t\t\t\t\tborder: 2px solid #cfcfcf;\n\t\t\t\t}\n\t\t\t\t#gallery-1 .gallery-caption {\n\t\t\t\t\tmargin-left: 0;\n\t\t\t\t}\n\t\t\t\t\/* see gallery_shortcode() in wp-includes\/media.php *\/\n\t\t\t<\/style>\n\t\t<div id='gallery-1' class='dt-gallery-container gallery galleryid-224504 gallery-columns-5 gallery-size-medium'><dl class='gallery-item'>\n\t\t\t\t<dt class='gallery-icon landscape'>\n\t\t\t\t\t<a class=\"rollover rollover-zoom dt-pswp-item\" title=\"dd202a92-bbb1-4270-96a7-eb9768c5345a\" data-dt-img-description=\"\" data-large_image_width=\"588\" data-large_image_height=\"355\"href='https:\/\/www.radiopiu.net\/wordpress\/wp-content\/uploads\/2021\/07\/dd202a92-bbb1-4270-96a7-eb9768c5345a.jpg'><img loading=\"lazy\" decoding=\"async\" width=\"300\" height=\"181\" src=\"https:\/\/www.radiopiu.net\/wordpress\/wp-content\/uploads\/2021\/07\/dd202a92-bbb1-4270-96a7-eb9768c5345a-300x181.jpg\" class=\"attachment-medium size-medium\" alt=\"\" srcset=\"https:\/\/www.radiopiu.net\/wordpress\/wp-content\/uploads\/2021\/07\/dd202a92-bbb1-4270-96a7-eb9768c5345a-300x181.jpg 300w, https:\/\/www.radiopiu.net\/wordpress\/wp-content\/uploads\/2021\/07\/dd202a92-bbb1-4270-96a7-eb9768c5345a.jpg 588w\" sizes=\"auto, (max-width: 300px) 100vw, 300px\" \/><\/a>\n\t\t\t\t<\/dt><\/dl><dl class='gallery-item'>\n\t\t\t\t<dt class='gallery-icon landscape'>\n\t\t\t\t\t<a class=\"rollover rollover-zoom dt-pswp-item\" title=\"09dd07e5-5c44-40f1-84fe-bf98ceb0a097\" data-dt-img-description=\"\" data-large_image_width=\"606\" data-large_image_height=\"352\"href='https:\/\/www.radiopiu.net\/wordpress\/wp-content\/uploads\/2021\/07\/09dd07e5-5c44-40f1-84fe-bf98ceb0a097.jpg'><img loading=\"lazy\" decoding=\"async\" width=\"300\" height=\"174\" src=\"https:\/\/www.radiopiu.net\/wordpress\/wp-content\/uploads\/2021\/07\/09dd07e5-5c44-40f1-84fe-bf98ceb0a097-300x174.jpg\" class=\"attachment-medium size-medium\" alt=\"\" srcset=\"https:\/\/www.radiopiu.net\/wordpress\/wp-content\/uploads\/2021\/07\/09dd07e5-5c44-40f1-84fe-bf98ceb0a097-300x174.jpg 300w, https:\/\/www.radiopiu.net\/wordpress\/wp-content\/uploads\/2021\/07\/09dd07e5-5c44-40f1-84fe-bf98ceb0a097.jpg 606w\" sizes=\"auto, (max-width: 300px) 100vw, 300px\" \/><\/a>\n\t\t\t\t<\/dt><\/dl><dl class='gallery-item'>\n\t\t\t\t<dt class='gallery-icon landscape'>\n\t\t\t\t\t<a class=\"rollover rollover-zoom dt-pswp-item\" title=\"db02bd32-00e6-4ec3-a88e-627ed07e6706\" data-dt-img-description=\"\" data-large_image_width=\"608\" data-large_image_height=\"350\"href='https:\/\/www.radiopiu.net\/wordpress\/wp-content\/uploads\/2021\/07\/db02bd32-00e6-4ec3-a88e-627ed07e6706.jpg'><img loading=\"lazy\" decoding=\"async\" width=\"300\" height=\"173\" src=\"https:\/\/www.radiopiu.net\/wordpress\/wp-content\/uploads\/2021\/07\/db02bd32-00e6-4ec3-a88e-627ed07e6706-300x173.jpg\" class=\"attachment-medium size-medium\" alt=\"\" srcset=\"https:\/\/www.radiopiu.net\/wordpress\/wp-content\/uploads\/2021\/07\/db02bd32-00e6-4ec3-a88e-627ed07e6706-300x173.jpg 300w, https:\/\/www.radiopiu.net\/wordpress\/wp-content\/uploads\/2021\/07\/db02bd32-00e6-4ec3-a88e-627ed07e6706.jpg 608w\" sizes=\"auto, (max-width: 300px) 100vw, 300px\" \/><\/a>\n\t\t\t\t<\/dt><\/dl><dl class='gallery-item'>\n\t\t\t\t<dt class='gallery-icon landscape'>\n\t\t\t\t\t<a class=\"rollover rollover-zoom dt-pswp-item\" title=\"3cb4857a-da9d-4c88-817e-2119f43eefe8\" data-dt-img-description=\"\" data-large_image_width=\"600\" data-large_image_height=\"361\"href='https:\/\/www.radiopiu.net\/wordpress\/wp-content\/uploads\/2021\/07\/3cb4857a-da9d-4c88-817e-2119f43eefe8.jpg'><img loading=\"lazy\" decoding=\"async\" width=\"300\" height=\"181\" src=\"https:\/\/www.radiopiu.net\/wordpress\/wp-content\/uploads\/2021\/07\/3cb4857a-da9d-4c88-817e-2119f43eefe8-300x181.jpg\" class=\"attachment-medium size-medium\" alt=\"\" srcset=\"https:\/\/www.radiopiu.net\/wordpress\/wp-content\/uploads\/2021\/07\/3cb4857a-da9d-4c88-817e-2119f43eefe8-300x181.jpg 300w, https:\/\/www.radiopiu.net\/wordpress\/wp-content\/uploads\/2021\/07\/3cb4857a-da9d-4c88-817e-2119f43eefe8.jpg 600w\" sizes=\"auto, (max-width: 300px) 100vw, 300px\" \/><\/a>\n\t\t\t\t<\/dt><\/dl><dl class='gallery-item'>\n\t\t\t\t<dt class='gallery-icon landscape'>\n\t\t\t\t\t<a class=\"rollover rollover-zoom dt-pswp-item\" title=\"70f91c23-4264-436f-8ba4-e5d94990a7b3\" data-dt-img-description=\"\" data-large_image_width=\"602\" data-large_image_height=\"355\"href='https:\/\/www.radiopiu.net\/wordpress\/wp-content\/uploads\/2021\/07\/70f91c23-4264-436f-8ba4-e5d94990a7b3.jpg'><img loading=\"lazy\" decoding=\"async\" width=\"300\" height=\"177\" src=\"https:\/\/www.radiopiu.net\/wordpress\/wp-content\/uploads\/2021\/07\/70f91c23-4264-436f-8ba4-e5d94990a7b3-300x177.jpg\" class=\"attachment-medium size-medium\" alt=\"\" srcset=\"https:\/\/www.radiopiu.net\/wordpress\/wp-content\/uploads\/2021\/07\/70f91c23-4264-436f-8ba4-e5d94990a7b3-300x177.jpg 300w, https:\/\/www.radiopiu.net\/wordpress\/wp-content\/uploads\/2021\/07\/70f91c23-4264-436f-8ba4-e5d94990a7b3.jpg 602w\" sizes=\"auto, (max-width: 300px) 100vw, 300px\" \/><\/a>\n\t\t\t\t<\/dt><\/dl><br style=\"clear: both\" \/>\n\t\t\t<\/div>\n\n<p>&nbsp;<\/p>\n<hr \/>\n<p align=\"JUSTIFY\"><span style=\"color: #ff0000;\"><strong>\u00a0<\/strong><\/span><\/p>\n<p align=\"JUSTIFY\"><span style=\"color: #ff0000;\"><strong>ESTATE E RADIONOVELE<\/strong><\/span><\/p>\n<blockquote>\n<h3 align=\"JUSTIFY\">SANITARI NO VAX: SOSPENSIONI SI, SOSPENSIONI NO, SOSPENSIONI NON SO.<\/h3>\n<\/blockquote>\n<p><strong><a href=\"https:\/\/www.radiopiu.net\/wordpress\/sanitari-no-vax-sospensioni-si-sospensioni-no-sospensioni-non-so\/medici\/\" rel=\"attachment wp-att-224582\"><img loading=\"lazy\" decoding=\"async\" class=\" wp-image-224582 alignleft\" src=\"https:\/\/www.radiopiu.net\/wordpress\/wp-content\/uploads\/2021\/07\/medici-300x169.jpg\" alt=\"\" width=\"249\" height=\"140\" srcset=\"https:\/\/www.radiopiu.net\/wordpress\/wp-content\/uploads\/2021\/07\/medici-300x169.jpg 300w, https:\/\/www.radiopiu.net\/wordpress\/wp-content\/uploads\/2021\/07\/medici-768x432.jpg 768w, https:\/\/www.radiopiu.net\/wordpress\/wp-content\/uploads\/2021\/07\/medici.jpg 900w\" sizes=\"auto, (max-width: 249px) 100vw, 249px\" \/><\/a>VENEZIA<\/strong> Una radionovela, prima la decisione di sospendere i sanitari no vax e 38 a Vicenza ne hanno fatto le spese, poi la prima retromarcia perch\u00e9 sospendere i sanitari non vaccinati significa svuotare ospedali e ambulatori. Ieri di primo mattino la dichiarazione dell&#8217;assessore Manuela Lanzarin pronta a sospendere tutti, ora l&#8217;ultima dichiarazione del Presidente Luca Zaia (di ieri mattina) <em>&#8220;I direttori dovranno modulare le sospensioni in funzione delle sostituzioni per le ferie&#8230;&#8221;.<\/em> Intanto situazione pesante a Verona.<\/p>\n<p><strong>ieri il punto stampa, il Presidente Luca Zaia\u00a0<\/strong><\/p>\n<audio class=\"wp-audio-shortcode\" id=\"audio-224504-6\" preload=\"none\" style=\"width: 100%;\" controls=\"controls\"><source type=\"audio\/mpeg\" src=\"https:\/\/www.radiopiu.net\/wordpress\/wp-content\/uploads\/2021\/07\/zaia.mp3?_=6\" \/><a href=\"https:\/\/www.radiopiu.net\/wordpress\/wp-content\/uploads\/2021\/07\/zaia.mp3\">https:\/\/www.radiopiu.net\/wordpress\/wp-content\/uploads\/2021\/07\/zaia.mp3<\/a><\/audio>\n<p>&nbsp;<\/p>\n<hr \/>\n<p>&nbsp;<\/p>\n<p><strong>PARTITA IN VENETO LA FORMAZIONE PER 126 MEDICI DI BASE. SONO 500 DAL 2019.\u00a0<\/strong><\/p>\n<p><strong><a href=\"https:\/\/www.radiopiu.net\/wordpress\/lanzarin-risponde-a-pd-sui-fondi-per-belluno-90-milioni-di-investimenti-solo-nel-recente\/lanzarin-11\/\" rel=\"attachment wp-att-194081\"><img loading=\"lazy\" decoding=\"async\" class=\"wp-image-194081 alignleft\" src=\"https:\/\/www.radiopiu.net\/wordpress\/wp-content\/uploads\/2021\/02\/LANZARIN-300x279.png\" alt=\"\" width=\"171\" height=\"159\" srcset=\"https:\/\/www.radiopiu.net\/wordpress\/wp-content\/uploads\/2021\/02\/LANZARIN-300x279.png 300w, https:\/\/www.radiopiu.net\/wordpress\/wp-content\/uploads\/2021\/02\/LANZARIN-1024x951.png 1024w, https:\/\/www.radiopiu.net\/wordpress\/wp-content\/uploads\/2021\/02\/LANZARIN-768x713.png 768w, https:\/\/www.radiopiu.net\/wordpress\/wp-content\/uploads\/2021\/02\/LANZARIN.png 1092w\" sizes=\"auto, (max-width: 171px) 100vw, 171px\" \/><\/a>VENEZIA<\/strong> Ha preso il via\u00a0 il corso di formazione triennale per i medici di medicina generale 2021, il sedicesimo dall\u2019inizio di questa pratica formativa. I medici partecipanti al corso di quest\u2019anno sono 126. In totale, calcolando il triennio 2019-2020-2021 gli allievi iscritti sono circa 500. I corsi, come sempre, sono tenuti dalla Scuola di Formazione specifica in Medicina Generale della Fondazione Scuola di Sanit\u00e0 Pubblica. <em>\u201cCon questi corsi \u2013\u00a0 dice l&#8217;assessore Manuela Lanzarin\u00a0 \u2013 rispondiamo nei fatti alla misura 6 del Pnnr, che riguarda proprio il potenziamento della medicina territoriale. La medicina di prossimit\u00e0 rappresenta peraltro una delle sfide principali per il futuro legate all\u2019invecchiamento della popolazione, alla cronicit\u00e0 e non autosufficienza\u201d. <\/em>Secondo il trend registrato in questo periodo, non \u00e8 da escludere che il prossimo corso 2022 possa raggiungere il significativo numero di 400 iscritti.<\/p>\n<p>&nbsp;<\/p>\n<p>&nbsp;<\/p>\n<p>&nbsp;<\/p>\n<p>&nbsp;<\/p>\n<p>&nbsp;<\/p>\n<hr \/>\n<p>&nbsp;<\/p>\n<blockquote>\n<h3>GRAFICA VENETA: UN\u2019USCITA INFELICE QUELLA RILASCIATA DA ALCUNI ESPONENTI POLITICI VENETI<\/h3>\n<\/blockquote>\n<p><strong><a href=\"https:\/\/www.radiopiu.net\/wordpress\/veneto-le-pmi-non-trovano-tecnici-anche-perche-nel-2020-35mila-giovani-hanno-lasciato-la-scuola\/cgia\/\" rel=\"attachment wp-att-222433\"><img loading=\"lazy\" decoding=\"async\" class=\"size-medium wp-image-222433 alignleft\" src=\"https:\/\/www.radiopiu.net\/wordpress\/wp-content\/uploads\/2021\/07\/CGIA-300x103.png\" alt=\"\" width=\"300\" height=\"103\" srcset=\"https:\/\/www.radiopiu.net\/wordpress\/wp-content\/uploads\/2021\/07\/CGIA-300x103.png 300w, https:\/\/www.radiopiu.net\/wordpress\/wp-content\/uploads\/2021\/07\/CGIA.png 518w\" sizes=\"auto, (max-width: 300px) 100vw, 300px\" \/><\/a>VENEZIA<\/strong> <em>\u201cChi ritiene che il modello del Nordest sia basato sullo sfruttamento e l\u2019 evasione non sa quel che dice. Invitiamo coloro che sostengono questa tesi a uscire dalla ZTL in cui si sono rintanati per tornare a frequentare maggiormente le fabbriche, ascoltando con attenzione gli imprenditori e i lavoratori dipendenti. Purtroppo, queste posizioni inaccettabili dimostrano ancora una volta come una parte politica abbia un atteggiamento di ostilit\u00e0 verso le imprese e gli imprenditori\u201d. <\/em>E\u2019 questo il commento rilasciato a caldo dal segretario della CGIA di Mestre, Renato Mason, dopo aver letto le dichiarazioni rilasciate da alcuni esponenti politici veneti in merito alla vicenda giudiziaria che ha colpito Grafica Veneta.\u00a0 La CGIA non giustifica nessuno e tanto meno i vertici del gruppo grafico di Trebaseleghe. Le responsabilit\u00e0 penali sono sempre personali e chi ha sbagliato dovr\u00e0 risponderne innanzi ai giudici. Altra cosa, invece, \u00e8 fare di tutta l\u2019erba un fascio, ovvero prendere spunto da un caso di cronaca e \u201cbollinare\u201d un sistema economico come \u201cricettacolo\u201d di soprusi e malversazioni.\u00a0 La CGIA ricorda che il cosiddetto modello nordestino, tanto vituperato da alcuni nostri esponenti politici presenta, ancora adesso, numeri importanti. In termini di Pil la ripartizione geografica del Nordest incide per il 23,2 per cento del dato totale nazionale. Contribuisce al 33 per cento dell\u2019export nazionale e per l\u201986,6 per cento del saldo commerciale. Genera il 26 per cento degli investimenti, il 22 per cento dei consumi e dell\u2019occupazione nazionale. Conta solo il 13,3 per cento del totale degli disoccupati presenti nel Paese e nel\u00a0 territorio veneto ospitiamo il 39,5 per cento del totale dei turisti che visitano l\u2019Italia. Per quanto riguarda la presenza dell\u2019economia sommersa, secondo l\u2019Istat il Nordest \u00e8 l\u2019area d\u2019Italia meno interessata da questo triste fenomeno e in termini di evasione, l\u2019Istat ci colloca tra i pi\u00f9 virtuosi con un livello di infedelt\u00e0 fiscale in linea con quello presente in Germania. Nel campo del sociale il Nordest dispone di numeri significativi. Gli ultimi dati Istat, infatti, segnalano che\u00a0 \u00e8 al primo posto a livello nazionale per numero di istituzioni no profit ogni 10 mila abitanti (70,3) e secondi per numero di dipendenti occupati in queste realt\u00e0 sempre ogni 10mila abitanti (175,5). Il Cnel, qualche anno fa, ebbe modo di segnalare come il Nordest fosse la prima macro area per integrazione e inclusione sociale degli stranieri nel nostro Paese. <em>\u201cUna decina di giorni fa \u2013 dice il coordinatore dell\u2019Ufficio studi Paolo Zabeo &#8211; un\u2019altra grande azienda padovana distante solo qualche chilometro da Trebaseleghe \u00e8 stata al centro della cronaca nazionale per essersi quotata nella borsa di New York. Bene, se ragionassimo in maniera del tutto superficiale come hanno fatto coloro che dopo il caso di Grafica Veneta hanno giudicato il modello Nordest come lo specchio del malaffare, vuol dire che il mondo delle imprese nordestine invece \u00e8 lo specchio del successo, perch\u00e9 ormai globalizzato, aperto ai mercati internazionali, senza alcun problema e destinato a finire sulla prima pagina del Times come modello economico dell\u2019anno ? Vi sembra questo il modo di affrontare questioni economiche\/sociali che, invece, richiederebbero, da parte di chi \u00e8 chiamato a legiferare in Regione, buon senso, capacit\u00e0 di analisi e preparazione tecnico\/culturale ?\u201d.<\/em><\/p>\n<p>&nbsp;<\/p>\n<p>&nbsp;<\/p>\n<hr \/>\n<p>&nbsp;<\/p>\n<blockquote>\n<h3>PARTITA L&#8217;EROGAZIONE DELL&#8217;ASSEGNO FAMIGLIARE UNIVERSALE. 3,5 MILIARDI DI EURO DESTINATI ALLE FAMIGLIE CON MINORI<\/h3>\n<\/blockquote>\n<p><strong><a href=\"https:\/\/www.radiopiu.net\/wordpress\/verona-3-giorni-per-le-famiglie-per-i-diritti-di-donne-e-bambini\/famiglia-1\/\" rel=\"attachment wp-att-80959\"><img loading=\"lazy\" decoding=\"async\" class=\"size-medium wp-image-80959 alignleft\" src=\"https:\/\/www.radiopiu.net\/wordpress\/wp-content\/uploads\/2019\/03\/famiglia-1-300x169.jpg\" alt=\"\" width=\"300\" height=\"169\" srcset=\"https:\/\/www.radiopiu.net\/wordpress\/wp-content\/uploads\/2019\/03\/famiglia-1-300x169.jpg 300w, https:\/\/www.radiopiu.net\/wordpress\/wp-content\/uploads\/2019\/03\/famiglia-1-768x432.jpg 768w, https:\/\/www.radiopiu.net\/wordpress\/wp-content\/uploads\/2019\/03\/famiglia-1-1024x576.jpg 1024w, https:\/\/www.radiopiu.net\/wordpress\/wp-content\/uploads\/2019\/03\/famiglia-1.jpg 1920w\" sizes=\"auto, (max-width: 300px) 100vw, 300px\" \/><\/a>ROMA<\/strong> Partita l&#8217;erogazione dell&#8217;assegno famigliare universale. Una misura ponte destinata alle famiglie in possesso dei requisiti previsti dal provvedimento, per ogni figlio minore di diciotto anni, inclusi i figli minori adottati o in affido. L\u2019obiettivo \u00e8 quello di sostenere la genitorialit\u00e0 e le famiglie con figli minori, in attesa dell&#8217;attuazione dei decreti delegati previsti dalla legge 1 aprile 2021, n. 46, che ha istituito l\u2019assegno universale per i figli a carico. Particolare attenzione deve essere posta a quelle famiglie che vivono in territori montani o in zone marginali a forte rischio spopolamento e conseguente invecchiamento delle popolazioni ivi residenti. Parliamo di quei piccoli comuni e piccole comunit\u00e0 che presentano situazioni di maggiore criticit\u00e0, marginalizzazione e fenomeni di spopolamento.<\/p>\n<p><strong>AI MICROFONI DI RADIO PIU&#8217; DARIO BOND<\/strong><\/p>\n<audio class=\"wp-audio-shortcode\" id=\"audio-224504-7\" preload=\"none\" style=\"width: 100%;\" controls=\"controls\"><source type=\"audio\/mpeg\" src=\"https:\/\/www.radiopiu.net\/wordpress\/wp-content\/uploads\/2021\/07\/BOND-ASSEGNO-FAMIGLIRE.mp3?_=7\" \/><a href=\"https:\/\/www.radiopiu.net\/wordpress\/wp-content\/uploads\/2021\/07\/BOND-ASSEGNO-FAMIGLIRE.mp3\">https:\/\/www.radiopiu.net\/wordpress\/wp-content\/uploads\/2021\/07\/BOND-ASSEGNO-FAMIGLIRE.mp3<\/a><\/audio>\n<p>&nbsp;<\/p>\n<hr \/>\n<p>&nbsp;<\/p>\n<blockquote>\n<h3>APPROVATA LA LEGGE CHE OBBLIGA IL DEFIBRILLATORE NEI LUOGHI PUBBLICI<\/h3>\n<\/blockquote>\n<p><strong><a href=\"https:\/\/www.radiopiu.net\/wordpress\/approvata-la-legge-che-obbliga-il-defibrillatore-nei-luoghi-pubblici\/defibrillatore-3\/\" rel=\"attachment wp-att-224656\"><img loading=\"lazy\" decoding=\"async\" class=\"size-medium wp-image-224656 alignleft\" src=\"https:\/\/www.radiopiu.net\/wordpress\/wp-content\/uploads\/2021\/07\/DEFIBRILLATORE-300x200.jpg\" alt=\"\" width=\"300\" height=\"200\" srcset=\"https:\/\/www.radiopiu.net\/wordpress\/wp-content\/uploads\/2021\/07\/DEFIBRILLATORE-300x200.jpg 300w, https:\/\/www.radiopiu.net\/wordpress\/wp-content\/uploads\/2021\/07\/DEFIBRILLATORE-1024x683.jpg 1024w, https:\/\/www.radiopiu.net\/wordpress\/wp-content\/uploads\/2021\/07\/DEFIBRILLATORE-768x512.jpg 768w, https:\/\/www.radiopiu.net\/wordpress\/wp-content\/uploads\/2021\/07\/DEFIBRILLATORE-1536x1024.jpg 1536w, https:\/\/www.radiopiu.net\/wordpress\/wp-content\/uploads\/2021\/07\/DEFIBRILLATORE.jpg 1920w\" sizes=\"auto, (max-width: 300px) 100vw, 300px\" \/><\/a>ROMA <\/strong>\u00c8 stata approvata anche al Senato la legge che prevede l&#8217;obbligatoriet\u00e0 di un defibrillatore nei luoghi pubblici. Ad annunciarlo ai microfoni di Radio Pi\u00f9 il deputato di Forza Italia Dario Bond<\/p>\n<audio class=\"wp-audio-shortcode\" id=\"audio-224504-8\" preload=\"none\" style=\"width: 100%;\" controls=\"controls\"><source type=\"audio\/mpeg\" src=\"https:\/\/www.radiopiu.net\/wordpress\/wp-content\/uploads\/2021\/07\/BOND-DEFIBRILLATORE-AMBIENTI-PUBBLICI.mp3?_=8\" \/><a href=\"https:\/\/www.radiopiu.net\/wordpress\/wp-content\/uploads\/2021\/07\/BOND-DEFIBRILLATORE-AMBIENTI-PUBBLICI.mp3\">https:\/\/www.radiopiu.net\/wordpress\/wp-content\/uploads\/2021\/07\/BOND-DEFIBRILLATORE-AMBIENTI-PUBBLICI.mp3<\/a><\/audio>\n<p>&nbsp;<\/p>\n<p>&nbsp;<\/p>\n<p>&nbsp;<\/p>\n<hr \/>\n<p>&nbsp;<\/p>\n<p>&nbsp;<\/p>\n<p>&nbsp;<\/p>\n<blockquote>\n<h3>GREEN PASS, UNCEM: COMUNI CHIEDONO CHIARIMENTI SU MANIFESTAZIONI, INIZIATIVE, USO NEI LOCALI PUBBLICI, CONTROLLO<\/h3>\n<\/blockquote>\n<p><strong><a href=\"https:\/\/www.radiopiu.net\/wordpress\/giornale-radiopiu-24-luglio-2021-direttore-mirko-mezzacasa\/sh_green_pass_covid-600x400\/\" rel=\"attachment wp-att-223591\"><img loading=\"lazy\" decoding=\"async\" class=\" wp-image-223591 alignleft\" src=\"https:\/\/www.radiopiu.net\/wordpress\/wp-content\/uploads\/2021\/07\/SH_green_pass_covid-600x400-1-300x200.jpg\" alt=\"\" width=\"246\" height=\"164\" srcset=\"https:\/\/www.radiopiu.net\/wordpress\/wp-content\/uploads\/2021\/07\/SH_green_pass_covid-600x400-1-300x200.jpg 300w, https:\/\/www.radiopiu.net\/wordpress\/wp-content\/uploads\/2021\/07\/SH_green_pass_covid-600x400-1.jpg 600w\" sizes=\"auto, (max-width: 246px) 100vw, 246px\" \/><\/a>ROMA<\/strong> Il Green Pass e il suo utilizzo: Marco Bussone, presidente nazionale UNCEM, chiede chiarezza. &#8220;<em>Sul green pass, i Comuni stanno chiedendo tramite Uncem dei chiarimenti. \u00c8 urgente capire come dovr\u00e0 essere utilizzato e quali saranno le forme di controllo da mettere in atto. Ad esempio per manifestazioni fieristiche promosse dagli Enti locali, per le iniziative, per gli stessi locali pubblici. Ho chiesto al Ministro Lamorgese di definire al pi\u00f9 presto, con la Conferenza delle Regioni e Anci, una serie di regole che agevolino gli Enti locali. Molti stanno organizzando manifestazioni per le quali hanno bisogno di chiarezza. Al pi\u00f9 presto dobbiamo avere regole e modalit\u00e0 di controllo<\/em>&#8221; dichiara Bussone.<\/p>\n<p>&nbsp;<\/p>\n<p>&nbsp;<\/p>\n<hr \/>\n<p>&nbsp;<\/p>\n<p>&nbsp;<\/p>\n<blockquote>\n<h2>ITALCOMP, &#8220;SULLA PELLE DEI LAVORATORI&#8221;<\/h2>\n<\/blockquote>\n<p>&nbsp;<\/p>\n<p><strong><img loading=\"lazy\" decoding=\"async\" class=\"alignleft\" src=\"https:\/\/www.radiopiu.net\/wordpress\/wp-content\/uploads\/2021\/03\/th-15.jpg\" width=\"242\" height=\"162\" \/>BORGO VALBELLUNA\u00a0<\/strong> Rattristati e arrabbiati, perch\u00e9 non \u00e8 ammissibile il &#8220;gioco&#8221; in atto sulla pelle dei lavoratori, di quasi 400 famiglie che vivono nel bellunese, la provincia soggetta a rapido spopolamento. Rattristati e imbufaliti lo sono Tibaldi della Fiom e Spera della Cgil con riferimento al Progetto Industriale Italcomp,\u00a0 presentato a fine del 2020, nelle due Prefetture di Belluno e Torino, illustrato e condiviso dalle parti sociali e dall\u2019allora Sottosegretaria Alessandra Todde, oggi Viceministro. Un progetto sostenuto e apprezzato anche dall\u2019allora Ministro dello Sviluppo economico Patuanelli. Il Mise \u00e8 stato attore nella definizione del piano, poi ratificato in sede ministeriale come soluzione per risolvere la crisi produttiva ed economica di due aziende, Acc di Belluno ed Ex Embraco di Torino, aziende che occupano 700 lavoratori e che ancora oggi, a distanza di molti mesi, attendono l\u2019avvio del progetto Italcomp che pu\u00f2 aspirare a trasformare queste aziende in un polo europeo nella costruzione dei compressori.<em> &#8220;Le dichiarazioni del Ministro Giorgetti &#8211; concertano Tibaldi e Spera &#8211; ancora una volta liquidano a mezzo stampa un progetto ufficialmente presentato dal Governo nonostante le ripetute richieste di convocazione avanzate dalle Organizzazioni sindacali. Se il Governo ha cambiato idea chiediamo di discuterne al tavolo ministeriale e non tramite i comunicati stampa, sul futuro dei lavoratori non si gioca a nascondino\u201d<\/em><\/p>\n<p>&nbsp;<\/p>\n<p>&nbsp;<\/p>\n<hr \/>\n<p>&nbsp;<\/p>\n<blockquote>\n<h3>SCUOLA, BIGON &#8220;LEZIONI IN PRESENZA E IN SICUREZZA, GLI INSEGNANTI DEVONO VACCINARSI&#8221;<\/h3>\n<\/blockquote>\n<p><strong><a href=\"https:\/\/www.radiopiu.net\/wordpress\/giornale-radiopiu-17-luglio-2021-direttore-mirko-mezzacasa\/anna-maria-bigon\/\" rel=\"attachment wp-att-195997\"><img loading=\"lazy\" decoding=\"async\" class=\"wp-image-195997 alignleft\" src=\"https:\/\/www.radiopiu.net\/wordpress\/wp-content\/uploads\/2021\/03\/anna-maria-bigon-300x300.jpg\" alt=\"\" width=\"149\" height=\"149\" srcset=\"https:\/\/www.radiopiu.net\/wordpress\/wp-content\/uploads\/2021\/03\/anna-maria-bigon-300x300.jpg 300w, https:\/\/www.radiopiu.net\/wordpress\/wp-content\/uploads\/2021\/03\/anna-maria-bigon-150x150.jpg 150w, https:\/\/www.radiopiu.net\/wordpress\/wp-content\/uploads\/2021\/03\/anna-maria-bigon.jpg 400w\" sizes=\"auto, (max-width: 149px) 100vw, 149px\" \/><\/a>VENEZIA<\/strong>\u00a0 <em>\u201cLe lezioni devono essere in presenza e in sicurezza, perci\u00f2 l\u2019unica soluzione \u00e8 il vaccino. Gli insegnanti vanno immunizzati prima del rientro in classe, valutando anche l\u2019ipotesi dell\u2019obbligo; non possiamo rischiare un ritorno alla Dad\u201d.\u00a0<\/em>Questa la posizione di Anna Maria Bigon, consigliera del Partito Democratico a Palazzo Ferro Fini, alla vigilia dell\u2019incontro tra Governo e Regioni in programma oggi. <em>Adesso occorre dare la priorit\u00e0 a professori e studenti per quanto riguarda le somministrazioni. Ed \u00e8 bene accelerare per non arrivare impreparati a settembre. In Veneto l\u201980% del corpo docente \u00e8 vaccinato, ma questa percentuale va alzata ulteriormente se necessario con l&#8217;inserimento dell\u2019obbligo affinch\u00e9 sia raggiunta l\u2019immunit\u00e0 di gregge; alzare un muro come ha fatto l\u2019assessore Donazzan \u00e8 sbagliato. Dobbiamo invece scongiurare una nuova chiusura delle scuole e il ritorno della didattica a distanza. La Regione assuma psicologi ed educatori da inserire nelle scuole, attivando dei percorsi di sostegno rivolti in primis agli studenti, ma anche agli insegnanti\u201d.\u00a0<\/em><\/p>\n<p>&nbsp;<\/p>\n<p>&nbsp;<\/p>\n<p>&nbsp;<\/p>\n<hr \/>\n<p>&nbsp;<\/p>\n<p><span style=\"color: #3366ff;\"><strong><a href=\"https:\/\/www.radiopiu.net\/wordpress\/giornale-radiopiu-03-dicembre-2019-direttore-mirko-mezzacasa\/icona_sindaco\/\" rel=\"attachment wp-att-108460\"><img loading=\"lazy\" decoding=\"async\" class=\"size-medium wp-image-108460 alignleft\" src=\"https:\/\/www.radiopiu.net\/wordpress\/wp-content\/uploads\/2019\/12\/icona_sindaco-225x300.png\" alt=\"\" width=\"225\" height=\"300\" srcset=\"https:\/\/www.radiopiu.net\/wordpress\/wp-content\/uploads\/2019\/12\/icona_sindaco-225x300.png 225w, https:\/\/www.radiopiu.net\/wordpress\/wp-content\/uploads\/2019\/12\/icona_sindaco.png 300w\" sizes=\"auto, (max-width: 225px) 100vw, 225px\" \/><\/a>LA SETTIMANA DEI CONSIGLI COMUNALI\u00a0\u00a0<\/strong><\/span><\/p>\n<p>&nbsp;<\/p>\n<blockquote>\n<blockquote>\n<h3>L&#8217;UNIONE MONTANA ASSESTA IL BILANCIO, LUNEDI IN DIRETTA SUI CANALI SOCIAL DI RADIO PIU<\/h3>\n<\/blockquote>\n<p><strong>AGORDO<\/strong>\u00a0 Lunedi alle 20.30 in sala Don Tamis consiglio dell&#8217;Unione Montana, all&#8217;ordine del giorno: regolamento dei controlli interni; gestione associata del servizio tributi e bilancio di previsione 2021<\/p>\n<h3>\u00a0<strong>FRANCESCO GIUSTO DIMISSIONARIO A SAN TOMASO\u00a0<\/strong><\/h3>\n<p><strong>SAN TOMASO<\/strong>\u00a0 La legislatura a San Tomaso si concluder\u00e0 con un consigliere comunale in meno, Francesco Giusto (Lista San Tomaso si Pu\u00f2 Fare) ha rassegnato le dimissioni e non \u00e8 prevista alcuna surroga. La ratifica nel consiglio di oggi alle 21. Gli altri punti in discussione: variazione al bilancio e presa d&#8217;atto del documento di programmazione DUP.<\/p><\/blockquote>\n<blockquote>\n<h3>OGGI CONSIGLIO COMUNALE IN PRESENZA, SENZA PUBBLICO IN DIRETTA SUI CANALI RADIO PIU<\/h3>\n<\/blockquote>\n<p><strong>AGORDO<\/strong> Oggi alle 19 in Municipio consiglio comunale, ordine del giorno: salvaguardia degli equilibri-variazioni al bilancio di previsione; mozione al Parlamento per l&#8217;esclusione dei Comuni sotto i 15mila abitanti dai fondi per la rigenerazione urbana; conferimento della cittadinanza onoraria al milite ignoto; Approvazione bilancio dell&#8217;azienda speciale consortile agordina.<\/p>\n<blockquote>\n<h3>DOMANI CONSIGLIERI COMUNALI AL NOF FILO&#8217;<\/h3>\n<\/blockquote>\n<p><strong>CENCENIGHE<\/strong> Nella sede del Municipio al Nof Fil\u00f2 domani alle 21 consiglio comunale per l&#8217;approvazione del DUP, variazione al bilancio e approvazione dello statuto Asca.<\/p>\n<blockquote>\n<h3>QUANDO IL CAPO COMUN FODOM SUONA LA CAMPANA E&#8217; TEMPO DI BILANCI<\/h3>\n<\/blockquote>\n<p><strong>LIVINALLONGO<\/strong> Domani alle 18 consiglio comunale in sala Taulac, all&#8217;ordine del giorno il riconoscimento dei debiti fuori bilancio, l&#8217;assestamento di bilancio, l&#8217;approvazione del bilancio dell&#8217;azienda speciale Fodom Servizi e approvazione delle modifiche dello statuto dell&#8221;Asca.<\/p>\n<blockquote>\n<h3>\u00a0SABATO MATTINA A COLLE SANTA LUCIA<\/h3>\n<\/blockquote>\n<p><strong>COLLE SANTA LUCIA<\/strong> Sabato 31 luglio alle 8 consiglio comunale, argomenti in discussione: variazione al bilancio, revisione statuto Asca, estinzione anticipata prestiti, documento unico di programmazione e comunicazioni del sindaco.<\/p>\n<blockquote>\n<h3>SABATO POMERIGGIO A CANALE D&#8217;AGORDO A PORTE CHIUSE<\/h3>\n<\/blockquote>\n<p><strong>CANALE D&#8217;AGORDO<\/strong> Il sindaco Flavio Colcergnan ha convocato il consiglio comunale per sabato alle 17.30\u00a0 in sala Lina Bolda. Ordine del giorno: bilancio, variazioni al bilancio di previsione e modifica statuto Asca.<\/p>\n<blockquote>\n<h3>ANCHE IL COMUNE DI TAIBON CONFERISCE LA CITTADINANZA ONORARIA AL MILITE IGNOTO<\/h3>\n<\/blockquote>\n<p><strong>TAIBON<\/strong> Il sindaco Silvia Tormen ha convocato i consiglieri comunali per sabato mattina alle 8. Nove i punti in discussione, comunicazioni del primo cittadino comprese, inoltre: variazioni e salvaguardia degli equilibri di bilancio, modifiche allo statuo dell&#8217;Asca, piano regolatore generale interventi su edifici in aree equipollenti alle zone territoriali, aggiornamento piano protezione civile e conferimento cittadinanza onoraria al milite ignoto.<\/p>\n<blockquote>\n<h3>L&#8217;INTERROGAZIONE SUI SENTIERI DELLA IRACI BORGIA NEL CONSIGLIO ROCCHESANO<\/h3>\n<\/blockquote>\n<p><strong>ROCCA PIETORE<\/strong> Il consiglio comunale di martedi 3 agosto (alle 18.30) oltre ai punti dedicati al bilancio e allo statuto dell&#8217;Asca si proporr\u00e0 con un&#8217;interrogazione di Diana Iraci Borgia Mandolini sui sentieri del territorio comunale.<\/p>\n<p>&nbsp;<\/p>\n<p><strong>di Gianni Santomaso<\/strong><\/p>\n<audio class=\"wp-audio-shortcode\" id=\"audio-224504-9\" preload=\"none\" style=\"width: 100%;\" controls=\"controls\"><source type=\"audio\/mpeg\" src=\"https:\/\/www.radiopiu.net\/wordpress\/wp-content\/uploads\/2021\/07\/GIANNI-CONSIGLI-COMUNALI.mp3?_=9\" \/><a href=\"https:\/\/www.radiopiu.net\/wordpress\/wp-content\/uploads\/2021\/07\/GIANNI-CONSIGLI-COMUNALI.mp3\">https:\/\/www.radiopiu.net\/wordpress\/wp-content\/uploads\/2021\/07\/GIANNI-CONSIGLI-COMUNALI.mp3<\/a><\/audio>\n<p>&nbsp;<\/p>\n<hr \/>\n<p>&nbsp;<\/p>\n<blockquote>\n<h3>E AL SETTIMO GIORNO&#8230; FORSE I TECNICI PRENDERANO LA VIA PER ARABBA<\/h3>\n<\/blockquote>\n<p><strong><a href=\"https:\/\/www.radiopiu.net\/wordpress\/continuano-i-disservizi-di-tim-ad-arabba\/4g-cellulare-rete\/\" rel=\"attachment wp-att-224396\"><img loading=\"lazy\" decoding=\"async\" class=\" wp-image-224396 alignleft\" src=\"https:\/\/www.radiopiu.net\/wordpress\/wp-content\/uploads\/2021\/07\/4g-cellulare-rete-300x200.jpg\" alt=\"\" width=\"156\" height=\"104\" srcset=\"https:\/\/www.radiopiu.net\/wordpress\/wp-content\/uploads\/2021\/07\/4g-cellulare-rete-300x200.jpg 300w, https:\/\/www.radiopiu.net\/wordpress\/wp-content\/uploads\/2021\/07\/4g-cellulare-rete-1024x683.jpg 1024w, https:\/\/www.radiopiu.net\/wordpress\/wp-content\/uploads\/2021\/07\/4g-cellulare-rete-768x512.jpg 768w, https:\/\/www.radiopiu.net\/wordpress\/wp-content\/uploads\/2021\/07\/4g-cellulare-rete-1536x1024.jpg 1536w, https:\/\/www.radiopiu.net\/wordpress\/wp-content\/uploads\/2021\/07\/4g-cellulare-rete.jpg 1920w\" sizes=\"auto, (max-width: 156px) 100vw, 156px\" \/><\/a>LIVINALLONGO<\/strong> Continuano i problemi di copertura TIM ad Arabba. Sono ormai 7 giorni che la rete cellulare va a singhiozzo. Telefonate praticamente impossibili da effettuare e 4G inesistente. Un disservizio che arriva in un momento sbagliato, in piena stagione turistica, con i POS GPRS sotto copertura TIM che non danno segno di vita e i turisti costretti a fare bancomat per poter pagare acquisti e alloggi. Non sono mancate le segnalazioni ai call center della compagnia telefonica ma il problema non \u00e8 ancora stato risolto. <strong>Aggiornamento del 28 luglio ore 14.59<\/strong>:\u00a0 Ieri era il\u00a0 sesto giorno di disservizi per gli abbandonati abbonati della compagnia telefonica, sei giorni\u00a0 senza telefono e senza connessione. Dal Call Center (Manuel Roncat arrabbiatissimo cliente albergatore,\u00a0 ci informa che la risposta \u00e8 arrivata dalla Romania&#8230;) hanno assicurato che entro oggi\u00a0 il problema sar\u00e0 risolto, e sar\u00e0 il settimo giorno tanto per non perdere il conto.<em> &#8220;Sette giorni di abbonamento pagato senza servizio, l&#8217;utenza tutta ringrazia&#8221;.\u00a0<\/em>Se anche domani e magari dopodomani nessuno si far\u00e0 vedere per risolvere il guasto sar\u00e0 un altro fine settimana di passione. Strano che nessun Parlamentare questa volta sia intervenuto, a volte succede per molto meno, qui abbiamo un&#8217;intera categoria di imprenditori abbandonata al suo destino e come si dice alla vigilia delle elezioni (purtroppo ancora lontana) sono voti non noccioline&#8230;<\/p>\n<p>&nbsp;<\/p>\n<p>&nbsp;<\/p>\n<hr \/>\n<blockquote>\n<h3><\/h3>\n<h3>RAGAZZI PROTAGONISTI AL GRUPPO OPERATIVO GIOVANI, LA NUOVA OPERA TRA BASTIA E FARRA<\/h3>\n<\/blockquote>\n<p><a href=\"https:\/\/www.radiopiu.net\/wordpress\/?attachment_id=224554\" rel=\"attachment wp-att-224554\"><img loading=\"lazy\" decoding=\"async\" class=\"size-medium wp-image-224554 alignleft\" src=\"https:\/\/www.radiopiu.net\/wordpress\/wp-content\/uploads\/2021\/07\/IMG-20210725-WA0000-300x200.jpg\" alt=\"\" width=\"300\" height=\"200\" srcset=\"https:\/\/www.radiopiu.net\/wordpress\/wp-content\/uploads\/2021\/07\/IMG-20210725-WA0000-300x200.jpg 300w, https:\/\/www.radiopiu.net\/wordpress\/wp-content\/uploads\/2021\/07\/IMG-20210725-WA0000-1024x683.jpg 1024w, https:\/\/www.radiopiu.net\/wordpress\/wp-content\/uploads\/2021\/07\/IMG-20210725-WA0000-768x512.jpg 768w, https:\/\/www.radiopiu.net\/wordpress\/wp-content\/uploads\/2021\/07\/IMG-20210725-WA0000.jpg 1296w\" sizes=\"auto, (max-width: 300px) 100vw, 300px\" \/><\/a><strong>ALPAGO<\/strong> E\u2019 iniziata\u00a0 l\u2019edizione 2021 del Gruppo Operativo Giovani (G.O.G.), un affermato progetto con capofila l&#8217;Unione Montana Alpago. Fra le azioni proposte per il Comune di Alpago si segnala\u00a0 il restauro di un murales e, in collaborazione con l&#8217;associazione \u201cPlastic Free\u201d, delle attivit\u00e0 ecologiche volte a sensibilizzare i partecipanti ai temi del rispetto e della salvaguardia dell&#8217;ambiente. Non poteva peraltro mancare il tradizionale laboratorio dedicato all\u2019arte della terra (Land Art) con una nuova opera. Per il quinto anno i ragazzi del G.O.G.\u00a0 del Comune di Alpago, insieme all\u2019artista Giorgio Vazza, hanno ideato e realizzato un&#8217;opera di Land Art nell\u2019oasi naturalistica del Lago di Santa Croce. L\u2019opera di quest&#8217;anno \u201c<em>Occhio<\/em>\u201d pone l\u2019attenzione sulla capacit\u00e0 di osservazione e di analisi delle cose, sul \u201csaper vedere\u201d, sulla necessit\u00e0 sempre pi\u00f9 forte di avere \u201cun altro sguardo\u201d.\u00a0 La nuova opera \u00e8 stata realizzata nel consueto scenario dell&#8217;oasi naturalistica sita tra Bastia e Farra d&#8217;Alpago.<\/p>\n<p>&nbsp;<\/p>\n<p>&nbsp;<\/p>\n<p>&nbsp;<\/p>\n<hr \/>\n<blockquote>\n<h3><\/h3>\n<h3>ACQUE DEL BOSFORO, ACQUE DEL PIAVE CON BELLUNO SCENARI DI UN THRILLER<\/h3>\n<\/blockquote>\n<p><strong>BELLUNO<\/strong> Sar\u00e0 presto pubblicato, il quarto libro di Elsa Zambonini Durul, bellunese di nascita, che da quarant&#8217;anni vive a Istanbul. Laureata all&#8217;universit\u00e0 di lingue di Feltre, ha insegnato inglese nelle scuole medie della provincia, dall&#8217;Agordino a Pieve di Cadore, da Longarone al capoluogo, fino al suo matrimonio con un cittadino turco. \u00c8 autrice di una trilogia di genere soft thriller, che ad ottobre verr\u00e0 ampliata con l&#8217;ultima vicenda che ritrover\u00e0 la protagonista Lisa con <i>Lo stivale d&#8217;oro di Istanbul<\/i>, <i>Istanbul: il viaggio sospeso<\/i> e <i>Acque del Bosforo Acque del Piave<\/i>: <i>un thriller sullo sfondo del Vajont<\/i>.<\/p>\n<p>&nbsp;<\/p>\n<hr \/>\n<p>&nbsp;<\/p>\n<blockquote>\n<h3>RITORNA DI GRANDE ATTUALITA&#8217; UN ARGOMENTO TRATTATO LO SCORSO MAGGIO 2020<\/h3>\n<\/blockquote>\n<p><strong><a class=\"dt-pswp-item\" href=\"https:\/\/www.radiopiu.net\/wordpress\/wp-content\/uploads\/2020\/05\/panace.jpg\" data-dt-img-description=\"\" data-large_image_width=\"196\" data-large_image_height=\"257\"><img loading=\"lazy\" decoding=\"async\" class=\"size-full wp-image-137357 alignleft\" src=\"https:\/\/www.radiopiu.net\/wordpress\/wp-content\/uploads\/2020\/05\/panace.jpg\" alt=\"\" width=\"196\" height=\"257\" \/><\/a>RADIO PIU&#8217;<\/strong> Riceviamo e pubblichiamo una lettera arrivata in redazione<\/p>\n<blockquote><p><strong><em>LA LETTERA<\/em><\/strong><\/p>\n<p><em>L&#8217;anno scorso avete pubblicato un articolo dove si dava l&#8217;allarme per una pianta &#8220;Panace di Mantegazza&#8221; : la Panace di Manategazza \u00e8 una pianta di cui\u00a0 siero e polline causano ustioni alla pelle\u00a0 anche piuttosto gravi (addirittura cecit\u00e0 se toccano gli occhi). Grazie a quell&#8217;articolo e ad una consulenza del Comandante della stazione della forestale di Agordo ho individuato\u00a0 vicino all&#8217;orto di casa e nel prato del vicino alcuni esemplari, che sono stati estirpati con le dovute cautele. Cos\u00ec si \u00e8 risolta la misteriosa malattia della pelle che per anni aveva portato un conoscente\u00a0 a curarsi pi\u00f9 volte con antibiotici vari (le ustioni difatti poi degenerano in infezioni che si estendono). In questi giorni ho individuato altre piantine, ancora in via di crescita in vari luoghi a Veran, in genere sui bordi delle strade o in zone poco curate. Forse sarebbe meglio rinnovare l&#8217;allarme per gli abitanti (e non solo di Veran , visto che i semi possono diffondersi facilmente ovunque) magari pubblicando una foto. Allego una foto da internet: sono caratteristiche le foglie frastagliate, visto che ancora il fiore (per fortuna) non \u00e8 ancora apparso. Non \u00e8 una pianta locale, \u00e8 stata importata come pianta ornamentale: classificata &#8220;la pi\u00f9 pericolosa d&#8217;Europa&#8221;. Si deve estirpare possibilmente con tutta la sua lunga radice , indossando guanti e poi va gettata in un sacchetto nel secco (non nell&#8217;umido, perch\u00e8 si potrebbe riprodurre). Quell&#8217;articolo\u00a0 \u00e8 stato utilissimo . In caso per altre info si pu\u00f2 chiedere ai forestali, sempre gentilissimi.<\/em><\/p>\n<p><em>Lettera Firmata<\/em><\/p><\/blockquote>\n<p>&nbsp;<\/p>\n<p><strong>ECCO L&#8217;ARTICOLO PUBBICATO LO SCORSO 1 AGOSTO 2019<\/strong><\/p>\n<h2>Piante pericolose in Agordino, neanche la tempesta Vaia \u00e8 riuscita a estirparle.<\/h2>\n<p><em>inviato da Ylenia Vassere<\/em><\/p>\n<p>La Panace di Mantegazza (Heracleum Mantegazzianum, Hogweed in inglese) \u00e8 un\u2019ombrellifera che pu\u00f2 raggiungere i 2.5-4 metri d\u2019altezza nell\u2019arco di una stagione vegetativa, le sue foglie hanno grandi dimensioni ( molto pi\u00f9 grandi di quelle \u201csimili\u201d che normalmente troviamo nei nostri prati) , profondamente divise, con piccoli ricci di aculei.<br \/>\nLe infiorescenze, larghe anche mezzo metro, fioriscono in estate e le radici sono tenaci a tal punto che nemmeno Vaia \u00e8 stata in grado di estirpare completamente e in alcuni luoghi , purtroppo, hanno fatto la loro ricomparsa anche quest\u2019anno in Agordino. E\u2019 una pianta originaria del Caucaso, introdotta dagli inglesi a scopo decorativo quando ancora non si era a conoscenza della sua pericolosit\u00e0 e rapidamente diffusasi lungo i corsi d\u2019acqua di tutta Europa. E proprio lunghi i corsi d\u2019acqua dell\u2019Agordino gi\u00e0 era stata avvistata tra Cencenighe e Listolade e segnalata ufficialmente gli scorsi anni (zona La Stanga lungo la Statale Agordina nel 2006). Si tratta di una pianta pericolosa, perch\u00e9 il contatto con i fiori crea uno stato infiammatorio (fitofotodermatite) caratterizzato da arrossamenti, rash cutanei e lesioni papulovescicolari anche persistenti ed \u00e8 anche una pianta invasiva in grado di diffondersi velocemente e considerata una delle specie vegetali pi\u00f9 dannose in Europa. <strong>Attualmente in Agordino sono presenti tre esemplari lungo il torrente Missiaga, zona Crostolin di Agordo e sono sopravvissute incredibilmente alla furia della tempesta di Ottobre 2018 che ha portato via metri di argine ma non \u00e8 riuscita a scalfirne le radici che continuano a produrre piante e infiorescenze (vedi foto)<\/strong><\/p>\n\n\t\t\t<style type='text\/css'>\n\t\t\t\t#gallery-2 {\n\t\t\t\t\tmargin: auto;\n\t\t\t\t}\n\t\t\t\t#gallery-2 .gallery-item {\n\t\t\t\t\tfloat: left;\n\t\t\t\t\tmargin-top: 10px;\n\t\t\t\t\ttext-align: center;\n\t\t\t\t\twidth: 33%;\n\t\t\t\t}\n\t\t\t\t#gallery-2 img {\n\t\t\t\t\tborder: 2px solid #cfcfcf;\n\t\t\t\t}\n\t\t\t\t#gallery-2 .gallery-caption {\n\t\t\t\t\tmargin-left: 0;\n\t\t\t\t}\n\t\t\t\t\/* see gallery_shortcode() in wp-includes\/media.php *\/\n\t\t\t<\/style>\n\t\t<div id='gallery-2' class='dt-gallery-container gallery galleryid-224504 gallery-columns-3 gallery-size-medium'><dl class='gallery-item'>\n\t\t\t\t<dt class='gallery-icon portrait'>\n\t\t\t\t\t<a class=\"rollover rollover-zoom dt-pswp-item\" title=\"P_20180626_142056_SRES\" data-dt-img-description=\"\" data-large_image_width=\"1199\" data-large_image_height=\"1600\"href='https:\/\/www.radiopiu.net\/wordpress\/wp-content\/uploads\/2019\/07\/P_20180626_142056_SRES.jpg'><img loading=\"lazy\" decoding=\"async\" width=\"225\" height=\"300\" src=\"https:\/\/www.radiopiu.net\/wordpress\/wp-content\/uploads\/2019\/07\/P_20180626_142056_SRES-225x300.jpg\" class=\"attachment-medium size-medium\" alt=\"\" srcset=\"https:\/\/www.radiopiu.net\/wordpress\/wp-content\/uploads\/2019\/07\/P_20180626_142056_SRES-225x300.jpg 225w, https:\/\/www.radiopiu.net\/wordpress\/wp-content\/uploads\/2019\/07\/P_20180626_142056_SRES-768x1025.jpg 768w, https:\/\/www.radiopiu.net\/wordpress\/wp-content\/uploads\/2019\/07\/P_20180626_142056_SRES-767x1024.jpg 767w, https:\/\/www.radiopiu.net\/wordpress\/wp-content\/uploads\/2019\/07\/P_20180626_142056_SRES.jpg 1199w\" sizes=\"auto, (max-width: 225px) 100vw, 225px\" \/><\/a>\n\t\t\t\t<\/dt><\/dl><dl class='gallery-item'>\n\t\t\t\t<dt class='gallery-icon portrait'>\n\t\t\t\t\t<a class=\"rollover rollover-zoom dt-pswp-item\" title=\"2019pm\" data-dt-img-description=\"\" data-large_image_width=\"1200\" data-large_image_height=\"1600\"href='https:\/\/www.radiopiu.net\/wordpress\/wp-content\/uploads\/2019\/07\/2019pm.jpg'><img loading=\"lazy\" decoding=\"async\" width=\"225\" height=\"300\" src=\"https:\/\/www.radiopiu.net\/wordpress\/wp-content\/uploads\/2019\/07\/2019pm-225x300.jpg\" class=\"attachment-medium size-medium\" alt=\"\" srcset=\"https:\/\/www.radiopiu.net\/wordpress\/wp-content\/uploads\/2019\/07\/2019pm-225x300.jpg 225w, https:\/\/www.radiopiu.net\/wordpress\/wp-content\/uploads\/2019\/07\/2019pm-768x1024.jpg 768w, https:\/\/www.radiopiu.net\/wordpress\/wp-content\/uploads\/2019\/07\/2019pm.jpg 1200w\" sizes=\"auto, (max-width: 225px) 100vw, 225px\" \/><\/a>\n\t\t\t\t<\/dt><\/dl><dl class='gallery-item'>\n\t\t\t\t<dt class='gallery-icon portrait'>\n\t\t\t\t\t<a class=\"rollover rollover-zoom dt-pswp-item\" title=\"2019\" data-dt-img-description=\"\" data-large_image_width=\"1200\" data-large_image_height=\"1600\"href='https:\/\/www.radiopiu.net\/wordpress\/wp-content\/uploads\/2019\/07\/2019.jpg'><img loading=\"lazy\" decoding=\"async\" width=\"225\" height=\"300\" src=\"https:\/\/www.radiopiu.net\/wordpress\/wp-content\/uploads\/2019\/07\/2019-225x300.jpg\" class=\"attachment-medium size-medium\" alt=\"\" srcset=\"https:\/\/www.radiopiu.net\/wordpress\/wp-content\/uploads\/2019\/07\/2019-225x300.jpg 225w, https:\/\/www.radiopiu.net\/wordpress\/wp-content\/uploads\/2019\/07\/2019-768x1024.jpg 768w, https:\/\/www.radiopiu.net\/wordpress\/wp-content\/uploads\/2019\/07\/2019.jpg 1200w\" sizes=\"auto, (max-width: 225px) 100vw, 225px\" \/><\/a>\n\t\t\t\t<\/dt><\/dl><br style=\"clear: both\" \/>\n\t\t\t<\/div>\n\n<p>&nbsp;<\/p>\n<p>&nbsp;<\/p>\n<hr \/>\n<p>&nbsp;<\/p>\n<blockquote>\n<h3>SOS PICCOLI ACQUISTI, CON I RAGAZZI DEL CENTRO DIURNO<\/h3>\n<\/blockquote>\n<p><em>gesti carichi di significato e di utilit\u00e0 per chi li riceve e per chi li dona<\/em><\/p>\n<p><strong><a href=\"https:\/\/www.radiopiu.net\/wordpress\/giornale-radiopiu-29-luglio-2021-direttore-mirko-mezzacasa\/whatsapp-image-2021-07-14-at-10-18-17-1\/\" rel=\"attachment wp-att-224578\"><img loading=\"lazy\" decoding=\"async\" class=\"size-medium wp-image-224578 alignleft\" src=\"https:\/\/www.radiopiu.net\/wordpress\/wp-content\/uploads\/2021\/07\/WhatsApp-Image-2021-07-14-at-10.18.17-1-e1627472517735-300x225.jpeg\" alt=\"\" width=\"300\" height=\"225\" srcset=\"https:\/\/www.radiopiu.net\/wordpress\/wp-content\/uploads\/2021\/07\/WhatsApp-Image-2021-07-14-at-10.18.17-1-e1627472517735-300x225.jpeg 300w, https:\/\/www.radiopiu.net\/wordpress\/wp-content\/uploads\/2021\/07\/WhatsApp-Image-2021-07-14-at-10.18.17-1-e1627472517735-768x576.jpeg 768w, https:\/\/www.radiopiu.net\/wordpress\/wp-content\/uploads\/2021\/07\/WhatsApp-Image-2021-07-14-at-10.18.17-1-e1627472517735.jpeg 1024w\" sizes=\"auto, (max-width: 300px) 100vw, 300px\" \/><\/a>BELLUNO<\/strong> I ragazzi del Gruppo Educativo Diurno\u00a0 in Via Feltre, sono a disposizione dei dipendenti ulss della sede stessa per piccoli acquisti o commissioni nei negozi delle vicinanze. In questo modo, i ragazzi sperimentano l\u2019autonomia e i dipendenti possono usufruire di un utile servizio per conciliare la vita e il lavoro. Il Servizio Integrazione Scolastica e Sociale dell\u2019ULSS 1 Dolomiti con sede a Belluno, promuove il progetto GEOD Gruppo Educativo Orientamento Disabili che prevede laboratori organizzati in piccoli gruppi rivolti a ragazzi con disabilit\u00e0. Queste attivit\u00e0 hanno come obiettivo l\u2019inclusione sociale e l\u2019acquisizione di prerequisiti di autonomia utili per un eventuale inserimento lavorativo. Questi progetti rientrano nel progetto educativo scolastico e vengono condivisi e sottoscritti dalla scuola e dalla famiglia.\u00a0 I ragazzi domani\u00a0 e ogni giovedi dalle 9 alle 11.30, sono a disposizione per svolgere piccole commissioni nei negozi dislocati nelle vicinanze. E\u2019 un\u2019attivit\u00e0 piuttosto articolata che viene promossa attraverso l\u2019utilizzo di un volantino realizzato dai ragazzi stessi e dall\u2019invio di mail di promemoria nella giornata prevista. I ragazzi si alternano nei diversi compiti che iniziano con la raccolta telefonica degli ordini, attraverso uno schema predefinito che li aiuta ad individuare la persona, l\u2019ubicazione dell\u2019ufficio e la richiesta d\u2019acquisto. Si recano poi personalmente da chi ha chiamato e compilano una ricevuta alla consegna dei soldi. Segue infine l\u2019individuazione in autonomia del negozio, l\u2019acquisto e la consegna della merce richiesta al committente. In questo modo i ragazzi si sentono capaci di svolgere delle mansioni in autonomia attraverso le quali vengono riconosciuti e si sentono parte attiva all\u2019interno di rapporti sociali formali. Tutto ci\u00f2 potenzia la loro autostima e permette loro di affinare sempre pi\u00f9 le abilit\u00e0 necessarie anche in vista di un futuro inserimento nel mondo del lavoro. Il progetto ha avuto un esito positivo anche grazie alla sensibilit\u00e0 dei dipendenti in servizio in via Feltre che con la loro partecipazione settimanale hanno saputo cogliere l\u2019essenza dell\u2019attivit\u00e0.<\/p>\n<p>&nbsp;<\/p>\n<p>&nbsp;<\/p>\n<hr \/>\n<p>&nbsp;<\/p>\n<p>&nbsp;<\/p>\n<blockquote>\n<h3>E&#8217; TORNATA A CASA LA &#8220;FAMIGLIA&#8221; DI ZIO ALBINO<\/h3>\n<\/blockquote>\n<p><strong><a href=\"https:\/\/www.radiopiu.net\/wordpress\/e-tornata-a-casa-la-famiglia-di-zio-albino\/pp-77\/\" rel=\"attachment wp-att-224596\"><img loading=\"lazy\" decoding=\"async\" class=\"wp-image-224596 alignleft\" src=\"https:\/\/www.radiopiu.net\/wordpress\/wp-content\/uploads\/2021\/07\/pp-3-300x300.jpg\" alt=\"\" width=\"107\" height=\"107\" srcset=\"https:\/\/www.radiopiu.net\/wordpress\/wp-content\/uploads\/2021\/07\/pp-3-300x300.jpg 300w, https:\/\/www.radiopiu.net\/wordpress\/wp-content\/uploads\/2021\/07\/pp-3-150x150.jpg 150w, https:\/\/www.radiopiu.net\/wordpress\/wp-content\/uploads\/2021\/07\/pp-3.jpg 640w\" sizes=\"auto, (max-width: 107px) 100vw, 107px\" \/><\/a>CANALE D&#8217;AGORDO\u00a0<\/strong> I nipoti di Papa Albino Luciani hanno visitato con gioia la casa dell&#8217;illustre zio, un momento di gioia e di festa.<\/p>\n<p><strong>LORIS SERAFINI, DIRETTORE MUSAL, il museo dedicato al Papa Agordino<\/strong><\/p>\n<audio class=\"wp-audio-shortcode\" id=\"audio-224504-10\" preload=\"none\" style=\"width: 100%;\" controls=\"controls\"><source type=\"audio\/mpeg\" src=\"https:\/\/www.radiopiu.net\/wordpress\/wp-content\/uploads\/2021\/07\/loris.mp3?_=10\" \/><a href=\"https:\/\/www.radiopiu.net\/wordpress\/wp-content\/uploads\/2021\/07\/loris.mp3\">https:\/\/www.radiopiu.net\/wordpress\/wp-content\/uploads\/2021\/07\/loris.mp3<\/a><\/audio>\n<p><img loading=\"lazy\" decoding=\"async\" class=\"\" src=\"https:\/\/www.radiopiu.net\/wordpress\/wp-content\/uploads\/2021\/07\/01f866e1-f99f-4ce4-b1ac-66caedbc9f63.jpg\" width=\"302\" height=\"227\" \/><\/p>\n<p>&nbsp;<\/p>\n<p>&nbsp;<\/p>\n<hr \/>\n<p>&nbsp;<\/p>\n<blockquote>\n<h3>HANNO ARRESTATO ARSENIO BLUEPEN<\/h3>\n<\/blockquote>\n<p><strong>AGORDO<\/strong> Arsenio Bluepen \u00e8 stato arrestato da poco. I ragazzi del centro estivo delle scuole medie di Agordo hanno individuato chi si trovava dietro allo pseudonimo di Arsenio Bluepen&#8230;proprio lui, il direttore di Radio Piu&#8217; Mirko Mezzacasa.<\/p>\n<p><strong>IL VIDEO DELL&#8217;ARRESTO<\/strong><\/p>\n<p>https:\/\/www.facebook.com\/mirko.mezzacasa\/videos\/808239740054793<\/p>\n<p>&nbsp;<\/p>\n<blockquote class=\"wp-embedded-content\" data-secret=\"WeouElTQIR\"><p><a href=\"https:\/\/www.radiopiu.net\/wordpress\/arspufinal\/\">ARSENIO BLUEPEN&#8230;. &#8220;EBBENE SI, M&#8217;AVETE INCASTRATO&#8221;<\/a><\/p><\/blockquote>\n<p><iframe loading=\"lazy\" class=\"wp-embedded-content\" sandbox=\"allow-scripts\" security=\"restricted\" style=\"position: absolute; clip: rect(1px, 1px, 1px, 1px);\" title=\"&#8220;ARSENIO BLUEPEN&#8230;. &#8220;EBBENE SI, M&#8217;AVETE INCASTRATO&#8221;&#8221; &#8212; Radio Pi\u00f9\" src=\"https:\/\/www.radiopiu.net\/wordpress\/arspufinal\/embed\/#?secret=WeouElTQIR\" data-secret=\"WeouElTQIR\" width=\"600\" height=\"338\" frameborder=\"0\" marginwidth=\"0\" marginheight=\"0\" scrolling=\"no\"><\/iframe><\/p>\n<p>&nbsp;<\/p>\n<hr \/>\n<p>&nbsp;<\/p>\n<p>&nbsp;<\/p>\n<blockquote>\n<h3><a href=\"https:\/\/www.radiopiu.net\/wordpress\/giornale-radiopiu-29-luglio-2021-direttore-mirko-mezzacasa\/119649202_4893246440689199_5730018757234030449_n\/\" rel=\"attachment wp-att-224710\"><img loading=\"lazy\" decoding=\"async\" class=\"size-medium wp-image-224710 alignleft\" src=\"https:\/\/www.radiopiu.net\/wordpress\/wp-content\/uploads\/2021\/07\/119649202_4893246440689199_5730018757234030449_n-300x199.jpg\" alt=\"\" width=\"300\" height=\"199\" srcset=\"https:\/\/www.radiopiu.net\/wordpress\/wp-content\/uploads\/2021\/07\/119649202_4893246440689199_5730018757234030449_n-300x199.jpg 300w, https:\/\/www.radiopiu.net\/wordpress\/wp-content\/uploads\/2021\/07\/119649202_4893246440689199_5730018757234030449_n-768x510.jpg 768w, https:\/\/www.radiopiu.net\/wordpress\/wp-content\/uploads\/2021\/07\/119649202_4893246440689199_5730018757234030449_n.jpg 960w\" sizes=\"auto, (max-width: 300px) 100vw, 300px\" \/><\/a>LA MAGIA DEL CIRCO PATUF INCANTA AGORDO PER IL TERZO ANNO CONSECUTIVO CON IL NUOVO SPETTACOLO &#8220;BU&#8221;<\/h3>\n<\/blockquote>\n<p class=\"font_9\"><strong>AGORDO<\/strong> Il Circo Patuf \u00e8 una compagnia di circo-teatro itinerante che si muove con il suo chapiteau (tendone di circo).\u00a0 La \ufb01loso\ufb01a che spinge il circo Patuf nelle sue azioni artistiche \u00e8 l\u2019inseguimento di quel sogno, di quella \ufb01amma vitale che ci vuole liberi di esprimerci nelle nostre diversit\u00e0 e di portare il sorriso nel mondo. Il progetto nasce nel 2010 per inseguire il sogno di un gruppo di amici artisti che credono fortemente nel potere della risata e fondano insieme l&#8217;associazione culturale &#8220;Patapufete&#8221;. Negli anni la compagnia ha collaborato con molte realt\u00e0, tessendo legami e collaborazioni con artisti di strada e circensi, ma anche contaminandosi con il teatro, la danza, il canto, la magia, la musica e il cinema. Gli spettacoli sono sempre stati il risultato di sperimentazioni, discussioni e fantasie, che hanno portato in scena utopie e sentimenti degli artisti coinvolti. Nelle ultime stagioni la compagnia ha scelto di affrontare anche temi sociali come l&#8217;immigrazione e i con\ufb02itti, argomenti da cui gli artisti si sentono toccati e attraverso i quali vogliono trasmettere dei messaggi che vanno oltre l&#8217;intrattenimento delle loro performances, anche se velati e travestiti dalla comicit\u00e0.<\/p>\n<div style=\"width: 640px;\" class=\"wp-video\"><video class=\"wp-video-shortcode\" id=\"video-224504-1\" width=\"640\" height=\"352\" preload=\"metadata\" controls=\"controls\"><source type=\"video\/mp4\" src=\"https:\/\/www.radiopiu.net\/wordpress\/wp-content\/uploads\/2021\/07\/WhatsApp-Video-2021-07-28-at-22.56.07.mp4?_=1\" \/><a href=\"https:\/\/www.radiopiu.net\/wordpress\/wp-content\/uploads\/2021\/07\/WhatsApp-Video-2021-07-28-at-22.56.07.mp4\">https:\/\/www.radiopiu.net\/wordpress\/wp-content\/uploads\/2021\/07\/WhatsApp-Video-2021-07-28-at-22.56.07.mp4<\/a><\/video><\/div>\n<p>&nbsp;<\/p>\n<hr \/>\n<p>&nbsp;<\/p>\n<blockquote>\n<h3>NUOVA TAPPA DEL \u201cVIAGGIO\u201d CON IL LIBRO \u201cUNA FINESTRA SU RIVA\u201d DEL CLUB UNESCO<\/h3>\n<\/blockquote>\n<div dir=\"auto\"><strong>di RENATO BONA<\/strong><\/div>\n<div class=\"lzcic4wl\" tabindex=\"0\" role=\"gridcell\" data-scope=\"messages_table\" data-recover=\"true\">\n<div class=\"ni8dbmo4 stjgntxs g5ia77u1 ii04i59q j83agx80 cbu4d94t ll8tlv6m\" aria-owns=\"jsc_c_zh\">\n<div class=\"l60d2q6s d1544ag0 sj5x9vvc tw6a2znq l9j0dhe7 ni8dbmo4 stjgntxs qlfml3jp inkptoze e72ty7fz qttc61fc jm1wdb64 qv66sw1b ljqsnud1 g6srhlxm odn2s2vf\">\n<div dir=\"auto\"><\/div>\n<div class=\"oo9gr5id\" dir=\"auto\"><strong>RIVAMONTE<\/strong> Nuova tappa del nostro \u201cviaggio\u201d attraverso le frazioni di Rivamonte Agordino &#8211; dove \u00e8 attualmente sindaco il carissimo amico Giovanni \u201cNino\u201d Deon &#8211; guidati dal libro fotografico \u201cUna finestra su Riva\u201d realizzato nell\u2019ottobre 2013 (stampa e grafica Tipografia Castaldi di Agordo) a cura del Club Unesco Agordino presieduto da un altro amico speciale: Giuliano Laveder. Varie notizie storiche sono state tratte dagli archivi del Comune e dello stesso Laveder; dal bollettino parrocchiale \u201cLe campane di sant\u2019Antonio\u201d; dal Circolo culturale \u201cLa Marol, \u201cEl Caselo de Riva 1894-1994 cento anni di storia e tradizioni della latteria di Villagrande di Rivamonte Agordino\u201d; dalla Societ\u00e0 operaia di mutuo soccorso \u201cSant\u2019Antonio\u201d pure di Rivamonte; le fotografie &#8211; le cui didascalie sono state coordinate da Emilia Sommariva &#8211; sono di: Breveglieri, Burloni, A, Case, don Elio Cesco, Della Lucia, Ganz Falcade, Giorgio Fontanive, Cesare Gnech, Giuliano Laveder, Piatti, don Giovanni Ren. La tappa si articola in tre frazioni: Miotte, Montas e Mottes delle 38 (oltre alla localit\u00e0 N\u00f3f, dove abitava una famiglia che era registrata sotto la frazione Castei) prese in considerazione con un delicato ed impegnativo lavoro di ricerca e che, \u201ccome piccoli tasselli di un puzzle, costituiscono o costituivano il Comune di Rivamonte\u201d, dato che \u201cmolte di queste localit\u00e0 sono ornai disabitate e stanno lentamente ed inesorabilmente per essere inghiottite dalla natura\u201d. La serie di immagini si apre con una bella panoramica di Miotte, risalente agli anni \u201930 cui segue un bel gruppo, immortalato in occasione dell\u2019inaugurazione nel 1985 del capitello, con tutti gli abitanti delle Miotte. Per la cronaca: 40 anni prima gli abitanti erano 84 e le famiglie 20. Anni \u201960: nel gruppetto di bimbi: davanti da sinistra Mario De Bortoli, Emanuela Schena, Miriam Paternoster e Claudio De Bortoli, dietro, in piedi: Giovanni Dall\u2019Acqua e Olivo Gnech. Anni \u201950: trasporto del fieno verso Digoman. Fine anni \u201950: Arcangelo Gnech (Boc\u00f3n) sullo slittino. Stesso periodo: piazzetta del paese: da sinistra Caterina Tazzer, Maria Antonietta Dall\u2019Acqua e Anna Maria Tazzer. Ancora anni \u201950: panorama di Miotte. Agosto 1953: la famiglia Da Costa (Cr\u00e8na) in occasione della prima grande riunione familiare dopo la fine della seconda guerra mondiale, quando sei dei sette fratelli Da Costa, sparsi in tutta Italia, si ritrovarono alle Miotte: dietro, da sinistra Giannina, Ettore, Ottone (\u00d3to) con la moglie Elide Gomiero, Caterina Giuseppina (B\u00e8pa), Carlo (Carl\u00e9to), Maria Luisa (Maricheli), Paolo Spinelli e Antonio Da Costa, davanti, sempre da siniustra; Naura, Luigia Dall\u2019Acqua (Gisa) e Paola. I nuovo anni \u201940 con la Vecchia fontana sopra strada con Rita Fossen e Attilia Tazzer. Per la cronaca: l\u2019approvvigionamento idrico comunale della frazione risale al 1925 e negli anni \u201940 era ritenuto insufficiente tanto che gi\u00e0 nel 1936 diciotto famiglie chiedono al Comune di fornire la frazione di acqua potabile in quantit\u00e0 sufficiente. Un balzo di quattro decenni per l\u2019immagine, anni \u201980, di Gianni Schena. La segheria dei fratelli Schena venne chiusa nel 1989 mentre la vecchia segheria Scar\u00f9to, situata sul tornante, chiuse nel 1958. Anche il vecchio mulino smise di far girare le sue macine negli anni \u201950, Nel 1928 aveva una capacit\u00e0 produttiva massima di 5-7 quintali di farina; giornalmente macinava in media un quintale e mezzo di grano; quando non era operativo veniva attivata la sega di legnami avendo cos\u00ec una doppia funzione. Viene ricordato che \u201cle farine prodotte dai mulini di Rivamonte erano principalmente quelle di granoturco e segale\u201d. Segue la foto-ricordo riservata a Luigi Ciminelli ripreso col \u201cdarl\u00ecn\u201d negli anni \u201950 al Crocifisso delle Miotte mentre risale alla fine degli anni \u201930 la foto dedicata a ricordare la costruzione della casa di Giuseppe Tazzer dove, da sinistra, vi sono Tonina Meneg\u00e0ta, Oliva Tazzer, Caterina Tazzer, seduto Giusto Tazzer con uno dei 10 figli e la moglie Maria Renon; sulla staccionata a sinistra Carletto Da Costa (Cr\u00e8nal), sulle finestre, da sinistra: Giuseppe Tazzer ed Emilio Tazzer. Conclusa la tappa Miotte, eccoci a Montas, fine anni \u201940: seduto Aldo Tibolla, a sinistra Tranquillo Tibolla, Domenico Mottes Micia). Cronaca: nel 1930 erano presenti a Rivamonte10 cavalli, 3 muli, 62 vitelli, 2 tori, 46 manze, 297 vacche, 65 suini, 80 ovini e 20 caprini. Montas anni \u201980: la didascalia ricorda che nella primavera degli anni \u201950 nella frazione di Montas abitavano 4 famiglie: Tranquillo Tibolla, Angelo Casagrande, Domenico Mottes e Arcangelo Mottes , in totale 22 abitanti. L\u2019altra immagine risale agli anni \u201960 e ritrae Olga Giovani; andiamo avanti: estate 1950, da sinistra ancora Olga Giovani quindi: Mariuccia Radaeli,Giovannina Mottes e Antonietta Mottes. Non molto lontano vi era la localit\u00e0 Conca dove abitava la Maria N\u00e9ne con la sua famiglia. Ancora anni \u201950 con due signori uomini: Aldo Tibolla ed il fratello Dante. E siamo alla localit\u00e0 Costa di Montas, estate 1938: da sinistra: Carlo, Matteo, Giovannina Mottes e la cugina Maria Xais. Ultima immagine quella degli anni \u201970 con Domenico Mottes ed il suo cane \u201cPronto\u201d. Ci avviamo a conclusione con Mottes che propone come prima immagine quella risalente al 1924 dei gemelli Amelia e Giovanni; segue quella, estate 1958 nel cortile di casa ai Mottes con, da sinistra: Giovannina, Carlo e Antonietta Mottes; i gemelli Amelia e Giovanni un anno dopo! Per la cronaca: allora il villaggio contava pi\u00f9 di 45 abitanti e una trentina di animali: bovini e ovini; torniamo al 1928 con il gruppo di donne dei Mottes prime cugine, tutte Mottes con, da sinistra: Rosina, Oliva, Angela, Ida, Amalia, Rosa; fine anni \u201950, da sinistra: Carlo Mottes, Parisio Parissenti, Giovannina Mottes, Maria Teresa Mottes, Natale Da Ronch, Giovanna Gnech, Rita e Matteo Mottes; anno 1925: Giovanni e Davide Mottes; con la neve l\u2019immagine del 1964 che propone da sinistra, in piedi: Maria Teresa, Maurizio e Giovannina, tutti Mottes, seduti Luigi Xaiz e Rita Mottes; siamo in vista del traguardo finale con la foto scattata nel 1946 che ha immortalato in prima fila da sinistra: Luigi Mottes (Giso Baga), Angela Mottes , Maria Faoro, i bambini Maria Rosa e non identificato, Elisabetta Dal Don; seconda fila: Amelia, Ida e Nella Mottes con in braccio Antonio Fossen e Alessandra Dal Don. Cronaca: negli anni \u201950 queste erano le famiglie che abitavano la frazione: Matteo e Pio Mottes (fratelli), Agostino Mottes, Domenico Xaiz, Rosina Pergentino Xaiz, Davide Mottes, Giusto Mottes, Fioravante Mottes, Lucio Mottes, Pietro Fossen e Antonietta Fossen. Cronaca: \u201cNel 1957 le famiglie di Mottes e Montas vengono invitate ad abbandonare le proprie abitazioni pericolanti a causa dei cedimenti del terreno dovuti all\u2019attivit\u00e0 estrattiva del sito minerario\u201d. L\u2019ultima immagine che proponiamo oggi \u00e8 quella dell\u2019estate 1939 a Pr\u00e0 delle M\u00e9nche ai Mottes, con Giovannina Mottes con la mamma Luigia Del Din e il pap\u00e0 Giovanni Battista Mottes. Cronaca: \u201cNel 1910 un terribile incendio distrusse completamente il villaggio e per aiutare le famiglie che avevano perso tutto, casa e bestiame, furono accordate circa 100 piante resinose\u201d.<\/div>\n<\/div>\n<div class=\"ay7djpcl k4urcfbm nred35xi\"><\/div>\n<div class=\"b654a4as d2edcug0\">\n<div class=\"j83agx80 btwxx1t3 lhclo0ds hop8lmos nkwizq5d scwd0bx6 roh60bw9\">\n<div class=\"rq0escxv kuivcneq jwdofwj8 n8tt0mok r8blr3vg hyh9befq\">\n<div class=\"do00u71z l9j0dhe7 k4urcfbm\">\n<div class=\"gs1a9yip ow4ym5g4 auili1gw j83agx80 cbu4d94t buofh1pr g5gj957u i1fnvgqd oygrvhab cxmmr5t8 hcukyx3x kvgmc6g5 tgvbjcpo hpfvmrgz qt6c0cv9 rz4wbd8a a8nywdso jb3vyjys du4w35lb i09qtzwb rq0escxv n7fi1qx3 pmk7jnqg j9ispegn kr520xx4\">\n\n\t\t\t<style type='text\/css'>\n\t\t\t\t#gallery-3 {\n\t\t\t\t\tmargin: auto;\n\t\t\t\t}\n\t\t\t\t#gallery-3 .gallery-item {\n\t\t\t\t\tfloat: left;\n\t\t\t\t\tmargin-top: 10px;\n\t\t\t\t\ttext-align: center;\n\t\t\t\t\twidth: 11%;\n\t\t\t\t}\n\t\t\t\t#gallery-3 img {\n\t\t\t\t\tborder: 2px solid #cfcfcf;\n\t\t\t\t}\n\t\t\t\t#gallery-3 .gallery-caption {\n\t\t\t\t\tmargin-left: 0;\n\t\t\t\t}\n\t\t\t\t\/* see gallery_shortcode() in wp-includes\/media.php *\/\n\t\t\t<\/style>\n\t\t<div id='gallery-3' class='dt-gallery-container gallery galleryid-224504 gallery-columns-9 gallery-size-thumbnail'><dl class='gallery-item'>\n\t\t\t\t<dt class='gallery-icon portrait'>\n\t\t\t\t\t<a class=\"rollover rollover-zoom dt-pswp-item\" title=\"222105862_981727415939358_3431724673153952151_n\" data-dt-img-description=\"\" data-large_image_width=\"180\" data-large_image_height=\"204\"href='https:\/\/www.radiopiu.net\/wordpress\/wp-content\/uploads\/2021\/07\/222105862_981727415939358_3431724673153952151_n.jpg'><img loading=\"lazy\" decoding=\"async\" width=\"150\" height=\"150\" src=\"https:\/\/www.radiopiu.net\/wordpress\/wp-content\/uploads\/2021\/07\/222105862_981727415939358_3431724673153952151_n-150x150.jpg\" class=\"attachment-thumbnail size-thumbnail\" alt=\"\" \/><\/a>\n\t\t\t\t<\/dt><\/dl><dl class='gallery-item'>\n\t\t\t\t<dt class='gallery-icon landscape'>\n\t\t\t\t\t<a class=\"rollover rollover-zoom dt-pswp-item\" title=\"224548929_847300629226492_3861839084352970077_n\" data-dt-img-description=\"\" data-large_image_width=\"296\" data-large_image_height=\"201\"href='https:\/\/www.radiopiu.net\/wordpress\/wp-content\/uploads\/2021\/07\/224548929_847300629226492_3861839084352970077_n.jpg'><img loading=\"lazy\" decoding=\"async\" width=\"150\" height=\"150\" src=\"https:\/\/www.radiopiu.net\/wordpress\/wp-content\/uploads\/2021\/07\/224548929_847300629226492_3861839084352970077_n-150x150.jpg\" class=\"attachment-thumbnail size-thumbnail\" alt=\"\" \/><\/a>\n\t\t\t\t<\/dt><\/dl><dl class='gallery-item'>\n\t\t\t\t<dt class='gallery-icon landscape'>\n\t\t\t\t\t<a class=\"rollover rollover-zoom dt-pswp-item\" title=\"225835401_339758624516124_2761699313829496195_n\" data-dt-img-description=\"\" data-large_image_width=\"417\" data-large_image_height=\"204\"href='https:\/\/www.radiopiu.net\/wordpress\/wp-content\/uploads\/2021\/07\/225835401_339758624516124_2761699313829496195_n.jpg'><img loading=\"lazy\" decoding=\"async\" width=\"150\" height=\"150\" src=\"https:\/\/www.radiopiu.net\/wordpress\/wp-content\/uploads\/2021\/07\/225835401_339758624516124_2761699313829496195_n-150x150.jpg\" class=\"attachment-thumbnail size-thumbnail\" alt=\"\" \/><\/a>\n\t\t\t\t<\/dt><\/dl><dl class='gallery-item'>\n\t\t\t\t<dt class='gallery-icon landscape'>\n\t\t\t\t\t<a class=\"rollover rollover-zoom dt-pswp-item\" title=\"225315942_573492723684034_6475758466732501552_n\" data-dt-img-description=\"\" data-large_image_width=\"296\" data-large_image_height=\"202\"href='https:\/\/www.radiopiu.net\/wordpress\/wp-content\/uploads\/2021\/07\/225315942_573492723684034_6475758466732501552_n.jpg'><img loading=\"lazy\" decoding=\"async\" width=\"150\" height=\"150\" src=\"https:\/\/www.radiopiu.net\/wordpress\/wp-content\/uploads\/2021\/07\/225315942_573492723684034_6475758466732501552_n-150x150.jpg\" class=\"attachment-thumbnail size-thumbnail\" alt=\"\" \/><\/a>\n\t\t\t\t<\/dt><\/dl><dl class='gallery-item'>\n\t\t\t\t<dt class='gallery-icon landscape'>\n\t\t\t\t\t<a class=\"rollover rollover-zoom dt-pswp-item\" title=\"221905007_369310971380953_3195366932409831237_n\" data-dt-img-description=\"\" data-large_image_width=\"296\" data-large_image_height=\"200\"href='https:\/\/www.radiopiu.net\/wordpress\/wp-content\/uploads\/2021\/07\/221905007_369310971380953_3195366932409831237_n.jpg'><img loading=\"lazy\" decoding=\"async\" width=\"150\" height=\"150\" src=\"https:\/\/www.radiopiu.net\/wordpress\/wp-content\/uploads\/2021\/07\/221905007_369310971380953_3195366932409831237_n-150x150.jpg\" class=\"attachment-thumbnail size-thumbnail\" alt=\"\" \/><\/a>\n\t\t\t\t<\/dt><\/dl><dl class='gallery-item'>\n\t\t\t\t<dt class='gallery-icon portrait'>\n\t\t\t\t\t<a class=\"rollover rollover-zoom dt-pswp-item\" title=\"225062183_935213220668533_4573321670480643972_n\" data-dt-img-description=\"\" data-large_image_width=\"151\" data-large_image_height=\"206\"href='https:\/\/www.radiopiu.net\/wordpress\/wp-content\/uploads\/2021\/07\/225062183_935213220668533_4573321670480643972_n.jpg'><img loading=\"lazy\" decoding=\"async\" width=\"150\" height=\"150\" src=\"https:\/\/www.radiopiu.net\/wordpress\/wp-content\/uploads\/2021\/07\/225062183_935213220668533_4573321670480643972_n-150x150.jpg\" class=\"attachment-thumbnail size-thumbnail\" alt=\"\" \/><\/a>\n\t\t\t\t<\/dt><\/dl><dl class='gallery-item'>\n\t\t\t\t<dt class='gallery-icon landscape'>\n\t\t\t\t\t<a class=\"rollover rollover-zoom dt-pswp-item\" title=\"221375565_391160035846573_2662229749671076989_n\" data-dt-img-description=\"\" data-large_image_width=\"320\" data-large_image_height=\"201\"href='https:\/\/www.radiopiu.net\/wordpress\/wp-content\/uploads\/2021\/07\/221375565_391160035846573_2662229749671076989_n.jpg'><img loading=\"lazy\" decoding=\"async\" width=\"150\" height=\"150\" src=\"https:\/\/www.radiopiu.net\/wordpress\/wp-content\/uploads\/2021\/07\/221375565_391160035846573_2662229749671076989_n-150x150.jpg\" class=\"attachment-thumbnail size-thumbnail\" alt=\"\" \/><\/a>\n\t\t\t\t<\/dt><\/dl><dl class='gallery-item'>\n\t\t\t\t<dt class='gallery-icon landscape'>\n\t\t\t\t\t<a class=\"rollover rollover-zoom dt-pswp-item\" title=\"221988174_825457114776890_2550058937039117313_n\" data-dt-img-description=\"\" data-large_image_width=\"320\" data-large_image_height=\"204\"href='https:\/\/www.radiopiu.net\/wordpress\/wp-content\/uploads\/2021\/07\/221988174_825457114776890_2550058937039117313_n.jpg'><img loading=\"lazy\" decoding=\"async\" width=\"150\" height=\"150\" src=\"https:\/\/www.radiopiu.net\/wordpress\/wp-content\/uploads\/2021\/07\/221988174_825457114776890_2550058937039117313_n-150x150.jpg\" class=\"attachment-thumbnail size-thumbnail\" alt=\"\" \/><\/a>\n\t\t\t\t<\/dt><\/dl><dl class='gallery-item'>\n\t\t\t\t<dt class='gallery-icon portrait'>\n\t\t\t\t\t<a class=\"rollover rollover-zoom dt-pswp-item\" title=\"228001627_2617851211844549_6763674631364550498_n\" data-dt-img-description=\"\" data-large_image_width=\"150\" data-large_image_height=\"240\"href='https:\/\/www.radiopiu.net\/wordpress\/wp-content\/uploads\/2021\/07\/228001627_2617851211844549_6763674631364550498_n.jpg'><img loading=\"lazy\" decoding=\"async\" width=\"150\" height=\"150\" src=\"https:\/\/www.radiopiu.net\/wordpress\/wp-content\/uploads\/2021\/07\/228001627_2617851211844549_6763674631364550498_n-150x150.jpg\" class=\"attachment-thumbnail size-thumbnail\" alt=\"\" \/><\/a>\n\t\t\t\t<\/dt><\/dl><br style=\"clear: both\" \/><dl class='gallery-item'>\n\t\t\t\t<dt class='gallery-icon portrait'>\n\t\t\t\t\t<a class=\"rollover rollover-zoom dt-pswp-item\" title=\"222193848_801837823858430_7609018526820254078_n\" data-dt-img-description=\"\" data-large_image_width=\"150\" data-large_image_height=\"225\"href='https:\/\/www.radiopiu.net\/wordpress\/wp-content\/uploads\/2021\/07\/222193848_801837823858430_7609018526820254078_n.jpg'><img loading=\"lazy\" decoding=\"async\" width=\"150\" height=\"150\" src=\"https:\/\/www.radiopiu.net\/wordpress\/wp-content\/uploads\/2021\/07\/222193848_801837823858430_7609018526820254078_n-150x150.jpg\" class=\"attachment-thumbnail size-thumbnail\" alt=\"\" \/><\/a>\n\t\t\t\t<\/dt><\/dl><dl class='gallery-item'>\n\t\t\t\t<dt class='gallery-icon landscape'>\n\t\t\t\t\t<a class=\"rollover rollover-zoom dt-pswp-item\" title=\"225535484_1242981242820995_1017683302665525989_n\" data-dt-img-description=\"\" data-large_image_width=\"417\" data-large_image_height=\"200\"href='https:\/\/www.radiopiu.net\/wordpress\/wp-content\/uploads\/2021\/07\/225535484_1242981242820995_1017683302665525989_n.jpg'><img loading=\"lazy\" decoding=\"async\" width=\"150\" height=\"150\" src=\"https:\/\/www.radiopiu.net\/wordpress\/wp-content\/uploads\/2021\/07\/225535484_1242981242820995_1017683302665525989_n-150x150.jpg\" class=\"attachment-thumbnail size-thumbnail\" alt=\"\" \/><\/a>\n\t\t\t\t<\/dt><\/dl><dl class='gallery-item'>\n\t\t\t\t<dt class='gallery-icon landscape'>\n\t\t\t\t\t<a class=\"rollover rollover-zoom dt-pswp-item\" title=\"222929582_1005168996895521_7775716486225629783_n\" data-dt-img-description=\"\" data-large_image_width=\"350\" data-large_image_height=\"204\"href='https:\/\/www.radiopiu.net\/wordpress\/wp-content\/uploads\/2021\/07\/222929582_1005168996895521_7775716486225629783_n.jpg'><img loading=\"lazy\" decoding=\"async\" width=\"150\" height=\"150\" src=\"https:\/\/www.radiopiu.net\/wordpress\/wp-content\/uploads\/2021\/07\/222929582_1005168996895521_7775716486225629783_n-150x150.jpg\" class=\"attachment-thumbnail size-thumbnail\" alt=\"\" \/><\/a>\n\t\t\t\t<\/dt><\/dl><dl class='gallery-item'>\n\t\t\t\t<dt class='gallery-icon portrait'>\n\t\t\t\t\t<a class=\"rollover rollover-zoom dt-pswp-item\" title=\"223530708_1229168200868776_5015790865106942974_n\" data-dt-img-description=\"\" data-large_image_width=\"173\" data-large_image_height=\"203\"href='https:\/\/www.radiopiu.net\/wordpress\/wp-content\/uploads\/2021\/07\/223530708_1229168200868776_5015790865106942974_n.jpg'><img loading=\"lazy\" decoding=\"async\" width=\"150\" height=\"150\" src=\"https:\/\/www.radiopiu.net\/wordpress\/wp-content\/uploads\/2021\/07\/223530708_1229168200868776_5015790865106942974_n-150x150.jpg\" class=\"attachment-thumbnail size-thumbnail\" alt=\"\" \/><\/a>\n\t\t\t\t<\/dt><\/dl><dl class='gallery-item'>\n\t\t\t\t<dt class='gallery-icon landscape'>\n\t\t\t\t\t<a class=\"rollover rollover-zoom dt-pswp-item\" title=\"226224160_977410159683102_7336371897393812773_n\" data-dt-img-description=\"\" data-large_image_width=\"308\" data-large_image_height=\"206\"href='https:\/\/www.radiopiu.net\/wordpress\/wp-content\/uploads\/2021\/07\/226224160_977410159683102_7336371897393812773_n.jpg'><img loading=\"lazy\" decoding=\"async\" width=\"150\" height=\"150\" src=\"https:\/\/www.radiopiu.net\/wordpress\/wp-content\/uploads\/2021\/07\/226224160_977410159683102_7336371897393812773_n-150x150.jpg\" class=\"attachment-thumbnail size-thumbnail\" alt=\"\" \/><\/a>\n\t\t\t\t<\/dt><\/dl><dl class='gallery-item'>\n\t\t\t\t<dt class='gallery-icon landscape'>\n\t\t\t\t\t<a class=\"rollover rollover-zoom dt-pswp-item\" title=\"224356898_673824110683681_70961540528204422_n\" data-dt-img-description=\"\" data-large_image_width=\"220\" data-large_image_height=\"206\"href='https:\/\/www.radiopiu.net\/wordpress\/wp-content\/uploads\/2021\/07\/224356898_673824110683681_70961540528204422_n.jpg'><img loading=\"lazy\" decoding=\"async\" width=\"150\" height=\"150\" src=\"https:\/\/www.radiopiu.net\/wordpress\/wp-content\/uploads\/2021\/07\/224356898_673824110683681_70961540528204422_n-150x150.jpg\" class=\"attachment-thumbnail size-thumbnail\" alt=\"\" \/><\/a>\n\t\t\t\t<\/dt><\/dl><dl class='gallery-item'>\n\t\t\t\t<dt class='gallery-icon landscape'>\n\t\t\t\t\t<a class=\"rollover rollover-zoom dt-pswp-item\" title=\"222275410_1670710179786766_8731809522513473686_n\" data-dt-img-description=\"\" data-large_image_width=\"282\" data-large_image_height=\"206\"href='https:\/\/www.radiopiu.net\/wordpress\/wp-content\/uploads\/2021\/07\/222275410_1670710179786766_8731809522513473686_n.jpg'><img loading=\"lazy\" decoding=\"async\" width=\"150\" height=\"150\" src=\"https:\/\/www.radiopiu.net\/wordpress\/wp-content\/uploads\/2021\/07\/222275410_1670710179786766_8731809522513473686_n-150x150.jpg\" class=\"attachment-thumbnail size-thumbnail\" alt=\"\" \/><\/a>\n\t\t\t\t<\/dt><\/dl><dl class='gallery-item'>\n\t\t\t\t<dt class='gallery-icon landscape'>\n\t\t\t\t\t<a class=\"rollover rollover-zoom dt-pswp-item\" title=\"226948799_2976131252672825_2160734881865342793_n\" data-dt-img-description=\"\" data-large_image_width=\"296\" data-large_image_height=\"202\"href='https:\/\/www.radiopiu.net\/wordpress\/wp-content\/uploads\/2021\/07\/226948799_2976131252672825_2160734881865342793_n.jpg'><img loading=\"lazy\" decoding=\"async\" width=\"150\" height=\"150\" src=\"https:\/\/www.radiopiu.net\/wordpress\/wp-content\/uploads\/2021\/07\/226948799_2976131252672825_2160734881865342793_n-150x150.jpg\" class=\"attachment-thumbnail size-thumbnail\" alt=\"\" \/><\/a>\n\t\t\t\t<\/dt><\/dl><dl class='gallery-item'>\n\t\t\t\t<dt class='gallery-icon portrait'>\n\t\t\t\t\t<a class=\"rollover rollover-zoom dt-pswp-item\" title=\"221644739_970946490395998_2921170938889192806_n\" data-dt-img-description=\"\" data-large_image_width=\"160\" data-large_image_height=\"224\"href='https:\/\/www.radiopiu.net\/wordpress\/wp-content\/uploads\/2021\/07\/221644739_970946490395998_2921170938889192806_n.jpg'><img loading=\"lazy\" decoding=\"async\" width=\"150\" height=\"150\" src=\"https:\/\/www.radiopiu.net\/wordpress\/wp-content\/uploads\/2021\/07\/221644739_970946490395998_2921170938889192806_n-150x150.jpg\" class=\"attachment-thumbnail size-thumbnail\" alt=\"\" \/><\/a>\n\t\t\t\t<\/dt><\/dl><br style=\"clear: both\" \/>\n\t\t\t<\/div>\n\n<p>&nbsp;<\/p>\n<hr \/>\n<p>&nbsp;<\/p>\n<\/div>\n<\/div>\n<\/div>\n<\/div>\n<\/div>\n<\/div>\n<\/div>\n<h2><strong><span style=\"color: #ff0000;\">IERI ALLA RADIO\u00a0<\/span><\/strong><\/h2>\n<blockquote><p><strong><a href=\"https:\/\/www.radiopiu.net\/wordpress\/un-viaggio-nel-consultorio-familiare-con-rosalisa-sartorel\/appunti01\/\" rel=\"attachment wp-att-224531\"><img loading=\"lazy\" decoding=\"async\" class=\" wp-image-224531 alignleft\" src=\"https:\/\/www.radiopiu.net\/wordpress\/wp-content\/uploads\/2021\/07\/Appunti01.jpg\" alt=\"\" width=\"65\" height=\"98\" \/><\/a><\/strong><\/p>\n<p><strong>REPORTER ALLA RADIO.<\/strong><br \/>\n<strong>L&#8217;INTERVISTA A ROSALISA SARTOREL, PRESIDENTE DEL CONSULTORIO FAMILIARE DI BELLUNO<\/strong><br \/>\n<strong>di Mirko Mezzacasa<\/strong><\/p>\n<p><strong>AUDIO<\/strong><\/p><\/blockquote>\n<audio class=\"wp-audio-shortcode\" id=\"audio-224504-11\" preload=\"none\" style=\"width: 100%;\" controls=\"controls\"><source type=\"audio\/mpeg\" src=\"https:\/\/www.radiopiu.net\/wordpress\/wp-content\/uploads\/2021\/07\/ROSALINA-SARTOREL.mp3?_=11\" \/><a href=\"https:\/\/www.radiopiu.net\/wordpress\/wp-content\/uploads\/2021\/07\/ROSALINA-SARTOREL.mp3\">https:\/\/www.radiopiu.net\/wordpress\/wp-content\/uploads\/2021\/07\/ROSALINA-SARTOREL.mp3<\/a><\/audio>\n<h2>LA STORIA<\/h2>\n<p><img loading=\"lazy\" decoding=\"async\" class=\"alignleft\" src=\"https:\/\/www.radiopiu.net\/wordpress\/wp-content\/uploads\/2021\/07\/0dc16cf0-605f-4b6a-89d1-9cd2aa9507b6.jpg\" width=\"308\" height=\"173\" \/>L\u2019idea iniziale di far sorgere un Consultorio nella nostra citt\u00e0 risale alla primavera del 1976 da parte di un gruppo di persone che intendeva dare un aiuto concreto alle difficolt\u00e0 del singolo, della coppia e della famiglia che sarebbero potute emergere a seguito delle leggi sul divorzio e dell\u2019aborto. L\u2019attivit\u00e0 , in locali\u00a0 messi a disposizione della Diocesi, prese l\u2019avvio in Via Matteotti nel novembre 1976 e il primo statuto fu stilato e sottoscritto il 17 giugno 1977 presso il notaio Isidoro Chiarelli di Belluno. La sede successivamente si spost\u00f2 in altri locali, pi\u00f9 idonei all\u2019afflusso degli utenti, in Via Garibaldi ed in seguito nella sede attuale, ancora pi\u00f9 adeguata, di Via Flavio Ostilio n.6. Dal 1979 il Consultorio \u00e8 socio dell\u2019UCIPEM (Unione Consultori Italiani prematrimoniali e matrimoniali), associazione riconosciuta dalla C.E.I. Ha avuto il riconoscimento da parte della REGIONE VENETO che lo abilitava al servizio il 29.01.1980 dopo aver rilevato la presenza dei requisiti previsti dalla legge nazionale e dalle leggi regionali del Veneto. Ispirandosi inoltre al principio del volontariato, dal 29.01.1980, il Consultorio \u00e8 stato iscritto al Registro Regionale del Volontariato.<\/p>\n<p><strong>IL SITO INTERNET<\/strong> <span style=\"color: #0000ff;\"><strong><a style=\"color: #0000ff;\" href=\"https:\/\/consultorio.belluno.it\/\">CLICCA QUI<\/a><\/strong><\/span><\/p>\n<p>&nbsp;<\/p>\n<hr \/>\n<p>&nbsp;<\/p>\n<h2><strong><a href=\"https:\/\/www.radiopiu.net\/wordpress\/il-questionario-sulluso-della-lingua-ladina\/denni-dorigo-8\/\" rel=\"attachment wp-att-224612\"><img loading=\"lazy\" decoding=\"async\" class=\" wp-image-224612 alignleft\" src=\"https:\/\/www.radiopiu.net\/wordpress\/wp-content\/uploads\/2021\/07\/DENNI-DORIGO-300x300.jpg\" alt=\"\" width=\"174\" height=\"174\" srcset=\"https:\/\/www.radiopiu.net\/wordpress\/wp-content\/uploads\/2021\/07\/DENNI-DORIGO-300x300.jpg 300w, https:\/\/www.radiopiu.net\/wordpress\/wp-content\/uploads\/2021\/07\/DENNI-DORIGO-1024x1024.jpg 1024w, https:\/\/www.radiopiu.net\/wordpress\/wp-content\/uploads\/2021\/07\/DENNI-DORIGO-150x150.jpg 150w, https:\/\/www.radiopiu.net\/wordpress\/wp-content\/uploads\/2021\/07\/DENNI-DORIGO-768x769.jpg 768w, https:\/\/www.radiopiu.net\/wordpress\/wp-content\/uploads\/2021\/07\/DENNI-DORIGO.jpg 1240w\" sizes=\"auto, (max-width: 174px) 100vw, 174px\" \/><\/a><\/strong><span style=\"color: #008080;\">IL QUESTIONARIO SULL&#8217;USO DELLA LINGUA LADINA<\/span><\/h2>\n<p><strong>di Claudio Fontanive<\/strong><\/p>\n<p><strong>OSPITE: Denni Dorigo Direttore Istitut Cultural Cesa de Jan<\/strong><\/p>\n<audio class=\"wp-audio-shortcode\" id=\"audio-224504-12\" preload=\"none\" style=\"width: 100%;\" controls=\"controls\"><source type=\"audio\/mpeg\" src=\"https:\/\/www.radiopiu.net\/wordpress\/wp-content\/uploads\/2021\/07\/denni-dorigo-28-luglio.mp3?_=12\" \/><a href=\"https:\/\/www.radiopiu.net\/wordpress\/wp-content\/uploads\/2021\/07\/denni-dorigo-28-luglio.mp3\">https:\/\/www.radiopiu.net\/wordpress\/wp-content\/uploads\/2021\/07\/denni-dorigo-28-luglio.mp3<\/a><\/audio>\n<p>&nbsp;<\/p>\n<hr \/>\n<p>&nbsp;<\/p>\n<p>&nbsp;<\/p>\n<blockquote class=\"wp-embedded-content\" data-secret=\"W3QdFzgkuT\"><p><a href=\"https:\/\/www.radiopiu.net\/wordpress\/quattro-eventi-nel-borgo\/\">QUATTRO EVENTI NEL BORGO DI SOTTOGUDA, L&#8217;ESTATE ENTRA NEL VIVO A PALUE<\/a><\/p><\/blockquote>\n<p><iframe loading=\"lazy\" class=\"wp-embedded-content\" sandbox=\"allow-scripts\" security=\"restricted\" style=\"position: absolute; clip: rect(1px, 1px, 1px, 1px);\" title=\"&#8220;QUATTRO EVENTI NEL BORGO DI SOTTOGUDA, L&#8217;ESTATE ENTRA NEL VIVO A PALUE&#8221; &#8212; Radio Pi\u00f9\" src=\"https:\/\/www.radiopiu.net\/wordpress\/quattro-eventi-nel-borgo\/embed\/#?secret=W3QdFzgkuT\" data-secret=\"W3QdFzgkuT\" width=\"600\" height=\"338\" frameborder=\"0\" marginwidth=\"0\" marginheight=\"0\" scrolling=\"no\"><\/iframe><\/p>\n<p>&nbsp;<\/p>\n<p>&nbsp;<\/p>\n<p>&nbsp;<\/p>\n<hr \/>\n<p>&nbsp;<\/p>\n<p>&nbsp;<\/p>\n<blockquote>\n<h2><a href=\"https:\/\/www.radiopiu.net\/wordpress\/giornale-radiopiu-29-luglio-2021-direttore-mirko-mezzacasa\/img_0091\/\" rel=\"attachment wp-att-224576\"><img loading=\"lazy\" decoding=\"async\" class=\"wp-image-224576 alignleft\" src=\"https:\/\/www.radiopiu.net\/wordpress\/wp-content\/uploads\/2021\/07\/IMG_0091-300x225.jpg\" alt=\"\" width=\"211\" height=\"158\" srcset=\"https:\/\/www.radiopiu.net\/wordpress\/wp-content\/uploads\/2021\/07\/IMG_0091-300x225.jpg 300w, https:\/\/www.radiopiu.net\/wordpress\/wp-content\/uploads\/2021\/07\/IMG_0091-1024x768.jpg 1024w, https:\/\/www.radiopiu.net\/wordpress\/wp-content\/uploads\/2021\/07\/IMG_0091-768x576.jpg 768w, https:\/\/www.radiopiu.net\/wordpress\/wp-content\/uploads\/2021\/07\/IMG_0091-1536x1152.jpg 1536w, https:\/\/www.radiopiu.net\/wordpress\/wp-content\/uploads\/2021\/07\/IMG_0091-2048x1536.jpg 2048w\" sizes=\"auto, (max-width: 211px) 100vw, 211px\" \/><\/a><\/h2>\n<h2>IL PRIMO AGOSTO IN NEVEGAL<\/h2>\n<\/blockquote>\n<p><strong>BELLUNO<\/strong>\u00a0 Un altro evento\u00a0 dell&#8217;ASD Nevegallika \u00e8 in programma domenica organizzato in piazzale del Nevegal dalle 10. Si tratta di una mostra itinerante di fotografie riguardanti la storia del Colle dagli anni 30 ad oggi. Verranno esposte su pannelli all&#8217;aperto con ingresso libero. Sono stati invitati anche dei protagonisti della vita del Nevegal che potranno esporre i loro ricordi e le loro esperienze.<\/p>\n<p>&nbsp;<\/p>\n<p>&nbsp;<\/p>\n<p>&nbsp;<\/p>\n<h3><\/h3>\n<hr \/>\n<p>&nbsp;<\/p>\n<blockquote>\n<h3 style=\"text-align: left;\" align=\"CENTER\"><b>ESTATE 2021: ED ECCO DI NUOVO I MERCATINI\u00a0<\/b><b>DELL\u2019ANTIQUARIATO, DEL COLLEZIONISMO, DELL\u2019 USATO \u00a0<\/b><\/h3>\n<\/blockquote>\n<p align=\"JUSTIFY\"><a href=\"https:\/\/www.radiopiu.net\/wordpress\/giornale-radiopiu-23-luglio-2021-direttore-mirko-mezzacasa\/mercatino-caprile\/\" rel=\"attachment wp-att-223533\"><img loading=\"lazy\" decoding=\"async\" class=\" wp-image-223533 alignleft\" src=\"https:\/\/www.radiopiu.net\/wordpress\/wp-content\/uploads\/2021\/07\/Mercatino-Caprile-200x300.jpg\" sizes=\"auto, (max-width: 175px) 100vw, 175px\" srcset=\"https:\/\/www.radiopiu.net\/wordpress\/wp-content\/uploads\/2021\/07\/Mercatino-Caprile-200x300.jpg 200w, https:\/\/www.radiopiu.net\/wordpress\/wp-content\/uploads\/2021\/07\/Mercatino-Caprile-683x1024.jpg 683w, https:\/\/www.radiopiu.net\/wordpress\/wp-content\/uploads\/2021\/07\/Mercatino-Caprile-768x1152.jpg 768w, https:\/\/www.radiopiu.net\/wordpress\/wp-content\/uploads\/2021\/07\/Mercatino-Caprile-1024x1536.jpg 1024w, https:\/\/www.radiopiu.net\/wordpress\/wp-content\/uploads\/2021\/07\/Mercatino-Caprile-1366x2048.jpg 1366w, https:\/\/www.radiopiu.net\/wordpress\/wp-content\/uploads\/2021\/07\/Mercatino-Caprile-scaled.jpg 1707w\" alt=\"\" width=\"75\" height=\"113\" \/><\/a>Il gruppo trevigiano degli \u201cAmici dell\u2019Antiquariato\u201d in collaborazione con il coordinatore locale Giorgio Fontanive e Ad Agordo Pro Loco organizza gli appuntamenti per gli appassionati delle cose antiche come accade dal 2011. Gli operatori dell\u2019organizzazione saranno attorno al Br\u00f3i e nella caratteristica Contrada S.Marco a Caprile. Questi i prossimi appuntamenti:\u00a0<b>Caprile<\/b>\u00a0(domenica 1\u00b0 agosto e domenica 15 agosto),\u00a0<b>Agordo\u00a0<\/b>(sabato 7 agosto,\u00a0gioved\u00ec 12 agosto). Partecipano all\u2019iniziativa commercianti preparati e selezionati in vari settori di operativit\u00e0: oggettistica d\u2019epoca, mobili, arte e collezionismo cartaceo, libri, medaglistica, piccolo antiquariato, arte, vetreria artistica, ecc. Informazioni sull\u2019effettuazione degli incontri e orari all\u2019Ufficio Turistico di Agordo (0437-62105); all\u2019Ufficio Turistico di Alleghe (0437-523333); al riferimento organizzativo 339 348.8278042; alla mail\u00a0<a href=\"mailto:giorgiofontanive@virgilio.it\">giorgiofontanive@virgilio.it<\/a>.<\/p>\n<hr \/>\n<p>&nbsp;<\/p>\n<p>&nbsp;<\/p>\n<p>&nbsp;<\/p>\n<blockquote>\n<h3>\u00a0APPUNTAMENTO IN MUSICA\u00a0 AL KASELO<\/h3>\n<\/blockquote>\n<p><strong><a href=\"https:\/\/www.radiopiu.net\/wordpress\/giornale-radiopiu-27-luglio-2021-direttore-mirko-mezzacasa\/203383168_1121375631689273_4833795420514095380_n\/\" rel=\"attachment wp-att-224184\"><img loading=\"lazy\" decoding=\"async\" class=\"wp-image-224184 alignleft\" src=\"https:\/\/www.radiopiu.net\/wordpress\/wp-content\/uploads\/2021\/07\/203383168_1121375631689273_4833795420514095380_n-300x255.jpg\" alt=\"\" width=\"160\" height=\"136\" srcset=\"https:\/\/www.radiopiu.net\/wordpress\/wp-content\/uploads\/2021\/07\/203383168_1121375631689273_4833795420514095380_n-300x255.jpg 300w, https:\/\/www.radiopiu.net\/wordpress\/wp-content\/uploads\/2021\/07\/203383168_1121375631689273_4833795420514095380_n.jpg 683w\" sizes=\"auto, (max-width: 160px) 100vw, 160px\" \/><\/a>LA VALLE<\/strong> In Sala Valmassoni, sabato alle 20.30 con ingresso libero\u00a0 CINEMA PARADISO Ensemble Il Fischio diretto da Mirta Tormen Musiche di Morricone, Rota, Gershwin, Piazzolla PRENOTAZIONE CONSIGLIATA: 0423950150 (lu-ve h 9-13). Con la collaborazione de: Comune, ProLoco, Gruppo Ambiente e Coro Parrocchiale di La Valle SuperW Supermercati<br \/>\n<strong>L&#8217;INTERVISTA DI ANDREA BERNARDI ALLA RADIO\u00a0<\/strong><\/p>\n<audio class=\"wp-audio-shortcode\" id=\"audio-224504-13\" preload=\"none\" style=\"width: 100%;\" controls=\"controls\"><source type=\"audio\/mpeg\" src=\"https:\/\/www.radiopiu.net\/wordpress\/wp-content\/uploads\/2021\/07\/Mirta-Tormen-Il-Fischio.mp3?_=13\" \/><a href=\"https:\/\/www.radiopiu.net\/wordpress\/wp-content\/uploads\/2021\/07\/Mirta-Tormen-Il-Fischio.mp3\">https:\/\/www.radiopiu.net\/wordpress\/wp-content\/uploads\/2021\/07\/Mirta-Tormen-Il-Fischio.mp3<\/a><\/audio>\n<p>&nbsp;<\/p>\n<p>&nbsp;<\/p>\n<p>&nbsp;<\/p>\n<hr \/>\n<p>&nbsp;<\/p>\n<p>&nbsp;<\/p>\n<p>&nbsp;<\/p>\n<h3><\/h3>\n<h3>Nasce l&#8217;ecomuseo della Valle del Biois, un unicum a livello provinciale, oggi l&#8217;incontro<\/h3>\n<blockquote>\n<h3 align=\"LEFT\"><strong style=\"font-size: 14px;\"><span style=\"font-family: Calibri, serif;\"><span style=\"font-size: medium;\">CANALE D&#8217;AGORDO\u00a0<\/span><\/span><\/strong><span style=\"font-family: Calibri, serif;\"><span style=\"font-size: medium;\">La <\/span><\/span><span style=\"font-family: Calibri, serif;\"><span style=\"font-size: medium;\">Valle del Bi\u00f3is<\/span><\/span><span style=\"font-family: Calibri, serif;\"><span style=\"font-size: medium;\"> ha deciso di unire le forze per valorizzare il suo patrimonio naturale e culturale. Per questo, <\/span><\/span><span style=\"font-family: Calibri, serif;\"><span style=\"font-size: medium;\">oggi\u00a0 alle 20.45 nella Sala degli emigranti in via Lotta a Canale d&#8217;Agordo<\/span><\/span><span style=\"font-family: Calibri, serif;\"><span style=\"font-size: medium;\"> presenter\u00e0 il suo <\/span><\/span><span style=\"font-family: Calibri, serif;\"><span style=\"font-size: medium;\">ecomuseo<\/span><\/span><span style=\"font-family: Calibri, serif;\"><span style=\"font-size: medium;\">. <\/span><\/span><span style=\"font-family: Calibri, serif;\"><span style=\"font-size: medium;\">Un&#8217;iniziativa che vede il sostegno delle tre amministrazioni comunali, del Museo Albino Luciani e delle Pro loco di Caviola, Canale e Vallada<\/span><\/span><\/h3>\n<\/blockquote>\n<p>&nbsp;<\/p>\n<p>&nbsp;<\/p>\n<p>&nbsp;<\/p>\n<p>&nbsp;<\/p>\n<hr \/>\n<p>&nbsp;<\/p>\n<blockquote>\n<h3>LA GRANDE MUSICA NEL RICORDO DI PAPA LUCIANI<\/h3>\n<\/blockquote>\n<p><strong>CANALE D&#8217;AGORDO<\/strong>\u00a0 Domani alle 21\u00a0 nella arcipretale di Canale d&#8217;Agordo serata, organizzata dal Musal \u2013 Museo Albino Luciani &#8211; nell&#8217;ambito della 43\u00aa edizione dell&#8217;Appuntamento estivo con papa Luciani, vedr\u00e0 protagonisti Ai Yoshida all&#8217;organo e Paolo Trettel alla tromba che interpreteranno musiche di autori classici e romantici. Musiche di Neruda, Morandi, Morricone, Quilici, Cervellini, Bernstein, Davide da Bergamo, Bolling e Virginia Harmony Book. Prenotazione presso la segreteria del Museo info@fondazionepapaluciani.com,\u00a0 \u00a0whatsapp 377.9665237, telefono 0437.1948001.<\/p>\n<p>&nbsp;<\/p>\n<hr \/>\n<p>&nbsp;<\/p>\n<blockquote>\n<h3>LIMANA, AL CALAR DELLA SERA IN BIBLIOTECA<\/h3>\n<\/blockquote>\n<p><b>LIMANA\u00a0 <\/b>Oggi\u00a0 alle 19 presentazione del libro di racconti Ogni suo desiderio, del limanese Marino D&#8217;Isep.<br \/>\nOltre all&#8217;autore sar\u00e0 presente il figlio Moreno, giovane professionista della voce, che legger\u00e0 alcuni brani tratti dall&#8217;opera.\u00a0Per le prenotazioni scrivere al seguente indirizzo: sbogo.limana@valbelluna.bl.it o telefonare al n. 0437970868. Durante tutti i gioved\u00ec di luglio la Biblioteca di Limana sar\u00e0 aperta dalle 17.00 alle 21.30.<\/p>\n<p><strong>LIMANA<\/strong> Domani alle 20.30 al Parchetto di Navasa concerto Sonati Ma non troppo, del duo Sconcerto con Andrea Candeli alla chitarra e Matteo Ferrari al flauto.Repertorio che va da Mozart ad Astor Piazzolla, da Ennio Morricone al folk irlandese, dall&#8217;ouverture del Barbiere di Siviglia alla Carmen di Bizet. Posti disponibili 60. Ingresso gratuito, ma per ragioni di sicurezza \u00e8 obbligatoria la prenotazione on line tramite il seguente link https:\/\/forms.gle\/hGwNeoCURQ3oBLd67<\/p>\n<div><\/div>\n<div>\n<hr \/>\n<\/div>\n<blockquote>\n<h3><\/h3>\n<h3>PICCOLO GEORG AND FRIENDS, SPETTACOLO E CULTURA<\/h3>\n<\/blockquote>\n<div><strong><a href=\"https:\/\/www.radiopiu.net\/wordpress\/giornale-radiopiu-28-luglio-2021-direttore-mirko-mezzacasa\/georg_piccolo\/\" rel=\"attachment wp-att-224381\"><img loading=\"lazy\" decoding=\"async\" class=\" wp-image-224381 alignleft\" src=\"https:\/\/www.radiopiu.net\/wordpress\/wp-content\/uploads\/2021\/07\/georg_piccolo-300x241.jpg\" alt=\"\" width=\"241\" height=\"194\" srcset=\"https:\/\/www.radiopiu.net\/wordpress\/wp-content\/uploads\/2021\/07\/georg_piccolo-300x241.jpg 300w, https:\/\/www.radiopiu.net\/wordpress\/wp-content\/uploads\/2021\/07\/georg_piccolo-1024x822.jpg 1024w, https:\/\/www.radiopiu.net\/wordpress\/wp-content\/uploads\/2021\/07\/georg_piccolo-768x617.jpg 768w, https:\/\/www.radiopiu.net\/wordpress\/wp-content\/uploads\/2021\/07\/georg_piccolo.jpg 1080w\" sizes=\"auto, (max-width: 241px) 100vw, 241px\" \/><\/a>LAMON<\/strong> Per il secondo anno consecutivo torna a Lamon \u201cPiccolo Georg and friends\u201d. L\u2019iniziativa voluta proprio da Georg Piccolo (foto) discendente lamonese residente in Svizzera, ha l\u2019obiettivo di raccogliere fondi da destinare alle scuole dell\u2019infanzia, primaria e secondaria presenti nel comune di Lamon. E lo fa proponendo tre appuntamenti culturali di grande spessore in programma il 29, 30 e 31 luglio rispettivamente nella chiesa di San Daniele, all\u2019albergo Ponte Serra e nel piazzale del centro Amo. Domani\u00a0 alle 20 nella chiesa di San Daniele serata di poesie con la partecipazione delle poetesse Fulvia Tolu, Emma Gaio, Gisella Canzian, Giulietta Forlin e l\u2019accompagnamento musicale del gruppo a Capella Sintagma di Feltre e del cantautore Moreno De Rigo. Venerd\u00ec\u00a0 alle 20 serata di Jazz e Swing all\u2019albergo Ponte Serra con il quintetto \u201cRenzo De Rossi jazz&amp;swing\u201d. Sabato\u00a0 alle 20.30, gran finale con un concerto classico al piazzale del centro AMO in via Ferd (in caso di maltempo sotto il tendone) con il \u201cQuatro Quaranta\u201d composto da cinquanta musicisti e i soprani Dominika Zamara, Fabiana Visentin, Lili Asnal; i mezzosoprano Nila Masala, Michela Sordon; il tenore Michele Manfr\u00e9; il baritono Alberto Bertoncello; il basso Claudio Zancop\u00e9. Alla conclusione del concerto verranno lanciate nel cielo 21 lanterne luminose in segno di speranza e di un futuro migliore. Per tutti e tre gli eventi l\u2019ingresso \u00e8 a offerta libera. Il ricavato sar\u00e0 dato alle scuole del comune di Lamon.<\/div>\n<div><\/div>\n<p>&nbsp;<\/p>\n<div class=\"mkdf-post-text\">\n<div class=\"mkdf-post-text-inner\">\n<div class=\"mkdf-post-text-main\">\n<hr \/>\n<p>&nbsp;<\/p>\n<blockquote>\n<h3>INTE PER ANTER LE VILE<\/h3>\n<\/blockquote>\n<p><a href=\"https:\/\/www.radiopiu.net\/wordpress\/giornale-radiopiu-23-luglio-2021-direttore-mirko-mezzacasa\/img-20210722-wa0000\/\" rel=\"attachment wp-att-223492\"><img loading=\"lazy\" decoding=\"async\" class=\"size-medium wp-image-223492 alignleft\" src=\"https:\/\/www.radiopiu.net\/wordpress\/wp-content\/uploads\/2021\/07\/IMG-20210722-WA0000-212x300.jpg\" alt=\"\" width=\"212\" height=\"300\" srcset=\"https:\/\/www.radiopiu.net\/wordpress\/wp-content\/uploads\/2021\/07\/IMG-20210722-WA0000-212x300.jpg 212w, https:\/\/www.radiopiu.net\/wordpress\/wp-content\/uploads\/2021\/07\/IMG-20210722-WA0000-724x1024.jpg 724w, https:\/\/www.radiopiu.net\/wordpress\/wp-content\/uploads\/2021\/07\/IMG-20210722-WA0000-768x1086.jpg 768w, https:\/\/www.radiopiu.net\/wordpress\/wp-content\/uploads\/2021\/07\/IMG-20210722-WA0000-1086x1536.jpg 1086w, https:\/\/www.radiopiu.net\/wordpress\/wp-content\/uploads\/2021\/07\/IMG-20210722-WA0000.jpg 1131w\" sizes=\"auto, (max-width: 212px) 100vw, 212px\" \/><\/a><strong>CENCENIGHE<\/strong> Inter per anter Le vile, ex tempore di pittura tra gli antichi borghi di Cencenighe e San Tomaso, Sabato a Cencenighe, Coi, Villagrande, Tocol di San Tomaso. Con: Valter Bernardi, Marino Bonetta, Valter Comiotto, Silvano Savio, Matteo Bertomoro, Luigi Cadorin, Nicolo&#8217; Dalla Zassa e Valter Savio. Le riproduzioni fotografiche delle opere realizzate nel corso della giornata saranno esposte ad agosto in frazione Tocol di San Tomaso<\/p>\n<p>&nbsp;<\/p>\n<p>&nbsp;<\/p>\n<p>&nbsp;<\/p>\n<p>&nbsp;<\/p>\n<p>&nbsp;<\/p>\n<\/div>\n<p>&nbsp;<\/p>\n<p>&nbsp;<\/p>\n<div class=\"mkdf-post-text-main\">\n<p>&nbsp;<\/p>\n<hr \/>\n<p>&nbsp;<\/p>\n<blockquote>\n<h3>DOMANI\u00a0 LA PRESENTAZIONE DEL LIBRO &#8220;DOLOMITI, LA PRIMA SCOPERTA&#8221;<\/h3>\n<\/blockquote>\n<p><strong>AGORDO<\/strong> Sar\u00e0 presentato\u00a0 domani alle 20:30 presso la sala congressi del Centro Parrocchiale di Agordo il libro di Maurizio Alfieri &#8220;Dolomiti, la prima scoperta&#8221;. Presentazione a cura di Gianni Santomaso, organizzazione a cura del GAMP, ingresso libero.<\/p>\n<p>&nbsp;<\/p>\n<audio class=\"wp-audio-shortcode\" id=\"audio-224504-14\" preload=\"none\" style=\"width: 100%;\" controls=\"controls\"><source type=\"audio\/mpeg\" src=\"https:\/\/www.radiopiu.net\/wordpress\/wp-content\/uploads\/2021\/07\/GIANNI-GAMP-LIBRO-ALFIERI.mp3?_=14\" \/><a href=\"https:\/\/www.radiopiu.net\/wordpress\/wp-content\/uploads\/2021\/07\/GIANNI-GAMP-LIBRO-ALFIERI.mp3\">https:\/\/www.radiopiu.net\/wordpress\/wp-content\/uploads\/2021\/07\/GIANNI-GAMP-LIBRO-ALFIERI.mp3<\/a><\/audio>\n<p>&nbsp;<\/p>\n<hr \/>\n<p>&nbsp;<\/p>\n<blockquote>\n<h3>DOMENICA 1 AGOSTO LA PRESENTAZIONE DEL LIBRO &#8220;ALPINISMO LEGGENDARIO&#8221;<\/h3>\n<\/blockquote>\n<p>&nbsp;<\/p>\n<audio class=\"wp-audio-shortcode\" id=\"audio-224504-15\" preload=\"none\" style=\"width: 100%;\" controls=\"controls\"><source type=\"audio\/mpeg\" src=\"https:\/\/www.radiopiu.net\/wordpress\/wp-content\/uploads\/2021\/07\/GIANNI-ALPINISMO-LEGGENDARIO-COLMEAN.mp3?_=15\" \/><a href=\"https:\/\/www.radiopiu.net\/wordpress\/wp-content\/uploads\/2021\/07\/GIANNI-ALPINISMO-LEGGENDARIO-COLMEAN.mp3\">https:\/\/www.radiopiu.net\/wordpress\/wp-content\/uploads\/2021\/07\/GIANNI-ALPINISMO-LEGGENDARIO-COLMEAN.mp3<\/a><\/audio>\n<p>&nbsp;<\/p>\n<hr \/>\n<p>&nbsp;<\/p>\n<h3>A GOSALDO DOMANI LA PRESENTAZIONE DEL LIBRO &#8220;UN CAFFE&#8217; A COLORI&#8221;<\/h3>\n<p>&nbsp;<\/p>\n<audio class=\"wp-audio-shortcode\" id=\"audio-224504-16\" preload=\"none\" style=\"width: 100%;\" controls=\"controls\"><source type=\"audio\/mpeg\" src=\"https:\/\/www.radiopiu.net\/wordpress\/wp-content\/uploads\/2021\/07\/GIANNI-CAFFE-A-COLORI-LIBRO.mp3?_=16\" \/><a href=\"https:\/\/www.radiopiu.net\/wordpress\/wp-content\/uploads\/2021\/07\/GIANNI-CAFFE-A-COLORI-LIBRO.mp3\">https:\/\/www.radiopiu.net\/wordpress\/wp-content\/uploads\/2021\/07\/GIANNI-CAFFE-A-COLORI-LIBRO.mp3<\/a><\/audio>\n<p>&nbsp;<\/p>\n<hr \/>\n<p>&nbsp;<\/p>\n<blockquote>\n<h3>RITORNA &#8220;ROMANTICAVIOLA&#8221;<\/h3>\n<\/blockquote>\n<p><strong>FALCADE<\/strong> Sabato 7 agosto\u00a0 il secondo e ultimo appuntamento con il concerto degli East Sunset in Piazza Pertini dalle 20:30 e alle 22:30 i fuochi d&#8217;artificio.<\/p>\n<blockquote>\n<h3><strong>IL MAGO AL PARCO GIOCHI\u00a0\u00a0<\/strong><\/h3>\n<\/blockquote>\n<p><strong>FALCADE<\/strong> La Proloco di Caviola organizza lo spettacolo con il Mago Gigi, magia per grandi e piccini, sabato alle 17 al tendone sulla piana di Falcade, zona parco giochi.<\/p>\n<blockquote>\n<h3>I BALLI IN PIAZZA<\/h3>\n<\/blockquote>\n<p><strong>CANALE D&#8217;AGORDO<\/strong> Il gruppo amatoriale Balliamo, in collaborazione con la Proloco organizza una serata di balli popolari domenica 1 agosto alle 20.45 in piazza Papa Luciani, in caso di maltempo evento rinviato al giorno successivo.<\/p>\n<p>&nbsp;<\/p>\n<hr \/>\n<p>&nbsp;<\/p>\n<blockquote>\n<h3>EMOZIONE<\/h3>\n<\/blockquote>\n<p><strong><a href=\"https:\/\/www.radiopiu.net\/wordpress\/emozione-di-john-francis-della-pietra\/b3c08f80-416c-422a-a785-33538ceef132\/\" rel=\"attachment wp-att-224647\"><img loading=\"lazy\" decoding=\"async\" class=\"size-medium wp-image-224647 alignleft\" src=\"https:\/\/www.radiopiu.net\/wordpress\/wp-content\/uploads\/2021\/07\/b3c08f80-416c-422a-a785-33538ceef132-300x169.jpg\" alt=\"\" width=\"300\" height=\"169\" srcset=\"https:\/\/www.radiopiu.net\/wordpress\/wp-content\/uploads\/2021\/07\/b3c08f80-416c-422a-a785-33538ceef132-300x169.jpg 300w, https:\/\/www.radiopiu.net\/wordpress\/wp-content\/uploads\/2021\/07\/b3c08f80-416c-422a-a785-33538ceef132-1024x576.jpg 1024w, https:\/\/www.radiopiu.net\/wordpress\/wp-content\/uploads\/2021\/07\/b3c08f80-416c-422a-a785-33538ceef132-768x432.jpg 768w, https:\/\/www.radiopiu.net\/wordpress\/wp-content\/uploads\/2021\/07\/b3c08f80-416c-422a-a785-33538ceef132-1536x864.jpg 1536w, https:\/\/www.radiopiu.net\/wordpress\/wp-content\/uploads\/2021\/07\/b3c08f80-416c-422a-a785-33538ceef132.jpg 2048w\" sizes=\"auto, (max-width: 300px) 100vw, 300px\" \/><\/a>di John Francis Della Pietra<\/strong><\/p>\n<audio class=\"wp-audio-shortcode\" id=\"audio-224504-17\" preload=\"none\" style=\"width: 100%;\" controls=\"controls\"><source type=\"audio\/mpeg\" src=\"https:\/\/www.radiopiu.net\/wordpress\/wp-content\/uploads\/2021\/07\/JOHN-FRANCIS-EMOZIONE.mp3?_=17\" \/><a href=\"https:\/\/www.radiopiu.net\/wordpress\/wp-content\/uploads\/2021\/07\/JOHN-FRANCIS-EMOZIONE.mp3\">https:\/\/www.radiopiu.net\/wordpress\/wp-content\/uploads\/2021\/07\/JOHN-FRANCIS-EMOZIONE.mp3<\/a><\/audio>\n<p>&nbsp;<\/p>\n<p><em><strong>Emozione<\/strong><\/em><\/p>\n<p><em>Quando nel sentir una canzone<\/em><br \/>\n<em>Nell&#8217;incontrar degl occhi sorridenti<\/em><br \/>\n<em>Nel vedere il cielo azzurro fra le bianche nuvole ed verde bosco <\/em><br \/>\n<em>Percepisci il suono del tuo cuore palpitare<\/em><br \/>\n<em>Ed un brivido correre sulla pelle <\/em><br \/>\n<em>Comprendi che quella \u00e8 pura e vera emozione<\/em><br \/>\n<em>Che proviene da un antico rimembrare<\/em><br \/>\n<em>O da una novella scintilla <\/em><br \/>\n<em>In maggior parte \u00e8 personale<\/em><br \/>\n<em>Poche volte \u00e8 corale<\/em><br \/>\n<em>Ma lass\u00f9 alle buse<\/em><br \/>\n<em>Quel concerto d&#8217;alta quota <\/em><br \/>\n<em>Ha fatto il miracolo <\/em><br \/>\n<em>Grande emozione per tutti&#8230;<\/em><\/p>\n<p>&nbsp;<\/p>\n<p>&nbsp;<\/p>\n<hr \/>\n<p>&nbsp;<\/p>\n<div class=\"mkdf-post-text\">\n<div class=\"mkdf-post-text-inner\">\n<div class=\"mkdf-post-text-main\">\n<div class=\"mkdf-post-text\">\n<div class=\"mkdf-post-text-inner\">\n<div class=\"mkdf-post-text-main\">\n<div class=\"mkdf-post-text\">\n<div class=\"mkdf-post-text-inner\">\n<div class=\"mkdf-post-text-main\">\n<div class=\"page-title-head hgroup\">\n<div class=\"page-title-head hgroup\">\n<div class=\"page-title-breadcrumbs\">\n<h3><strong>&#8220;I MISTERI DI ALLEGHE DI SERGIO SAVIANE&#8221; ALLA RADIO CON L&#8217;ATTORE ROBERTO FAORO . . . OGNI GIORNO DAL LUNEDI AL VENERDI ALLE 15.30\u00a0\u00a0<\/strong><\/h3>\n<p><em><a href=\"https:\/\/www.radiopiu.net\/wordpress\/i-misteri-di-alleghe-alla-radio\/th-156\/\" rel=\"attachment wp-att-221036\"><img loading=\"lazy\" decoding=\"async\" class=\"wp-image-221036 alignleft\" src=\"https:\/\/www.radiopiu.net\/wordpress\/wp-content\/uploads\/2021\/07\/th-6.jpg\" alt=\"\" width=\"119\" height=\"147\" \/><\/a>&#8220;Piacere, sono Roberto Faoro poliedrico attore, drammaturgo e regista italiano&#8221;. <\/em><\/p>\n<p>Esperienza, professionalit\u00e0 e passione per il mondo dell\u2019arte e della recitazione sono le tre parole chiave che fanno di Roberto Faoro un attore, drammaturgo, regista e formatore molto conosciuto e apprezzato nel territorio delle Dolomiti Bellunesi, ma anche a livello nazionale.<\/p>\n<p>&nbsp;<\/p>\n<p><strong>PUNTATA 13 DEL 28 LUGLIO 2021\u00a0<\/strong><\/p>\n<audio class=\"wp-audio-shortcode\" id=\"audio-224504-18\" preload=\"none\" style=\"width: 100%;\" controls=\"controls\"><source type=\"audio\/mpeg\" src=\"https:\/\/www.radiopiu.net\/wordpress\/wp-content\/uploads\/2021\/07\/A_13.mp3?_=18\" \/><a href=\"https:\/\/www.radiopiu.net\/wordpress\/wp-content\/uploads\/2021\/07\/A_13.mp3\">https:\/\/www.radiopiu.net\/wordpress\/wp-content\/uploads\/2021\/07\/A_13.mp3<\/a><\/audio>\n<p>&nbsp;<\/p>\n<blockquote class=\"wp-embedded-content\" data-secret=\"NMqq7RiljU\"><p><a href=\"https:\/\/www.radiopiu.net\/wordpress\/i-misteri-di-alleghe-di-sergio-saviane-alla-radio-con-lattore-roberto-faoro-il-podcast\/\">&#8220;I MISTERI DI ALLEGHE DI SERGIO SAVIANE&#8221; ALLA RADIO CON L&#8217;ATTORE ROBERTO FAORO &#8211; IL PODCAST<\/a><\/p><\/blockquote>\n<p><iframe loading=\"lazy\" class=\"wp-embedded-content\" sandbox=\"allow-scripts\" security=\"restricted\" style=\"position: absolute; clip: rect(1px, 1px, 1px, 1px);\" title=\"&#8220;&#8220;I MISTERI DI ALLEGHE DI SERGIO SAVIANE&#8221; ALLA RADIO CON L&#8217;ATTORE ROBERTO FAORO &#8211; IL PODCAST&#8221; &#8212; Radio Pi\u00f9\" src=\"https:\/\/www.radiopiu.net\/wordpress\/i-misteri-di-alleghe-di-sergio-saviane-alla-radio-con-lattore-roberto-faoro-il-podcast\/embed\/#?secret=NMqq7RiljU\" data-secret=\"NMqq7RiljU\" width=\"600\" height=\"338\" frameborder=\"0\" marginwidth=\"0\" marginheight=\"0\" scrolling=\"no\"><\/iframe><\/p>\n<p>&nbsp;<\/p>\n<p>&nbsp;<\/p>\n<hr \/>\n<p>&nbsp;<\/p>\n<div class=\"mkdf-post-text\">\n<div class=\"mkdf-post-text-inner\">\n<div class=\"mkdf-post-text-main\">\n<div class=\"mkdf-post-text\">\n<div class=\"mkdf-post-text-inner\">\n<div class=\"mkdf-post-text-main\">\n<div class=\"mkdf-post-text\">\n<div class=\"mkdf-post-text-inner\">\n<div class=\"mkdf-post-text-main\">\n<div class=\"page-title-head hgroup\">\n<div class=\"page-title-head hgroup\">\n<div class=\"page-title-breadcrumbs\">\n<div class=\"mkdf-post-text\">\n<div class=\"mkdf-post-text-inner\">\n<div class=\"mkdf-post-text-main\">\n<div class=\"mkdf-post-text\">\n<div class=\"mkdf-post-text-inner\">\n<div class=\"mkdf-post-text-main\">\n<div class=\"page-title-head hgroup\">\n<div class=\"page-title-head hgroup\">\n<blockquote>\n<h2><span style=\"color: #800080;\">I PROFESSIONISTI DEL POLIAMBULATORIO AGORDINO RISPONDONO<\/span><\/h2>\n<\/blockquote>\n<blockquote class=\"wp-embedded-content\" data-secret=\"mUxUyRu6Oy\"><p><a href=\"https:\/\/www.radiopiu.net\/wordpress\/i-professionisti-del-poliambulatorio-agordino-rispondono\/\">I PROFESSIONISTI DEL POLIAMBULATORIO AGORDINO RISPONDONO<\/a><\/p><\/blockquote>\n<p><iframe loading=\"lazy\" class=\"wp-embedded-content\" sandbox=\"allow-scripts\" security=\"restricted\" style=\"position: absolute; clip: rect(1px, 1px, 1px, 1px);\" title=\"&#8220;I PROFESSIONISTI DEL POLIAMBULATORIO AGORDINO RISPONDONO&#8221; &#8212; Radio Pi\u00f9\" src=\"https:\/\/www.radiopiu.net\/wordpress\/i-professionisti-del-poliambulatorio-agordino-rispondono\/embed\/#?secret=mUxUyRu6Oy\" data-secret=\"mUxUyRu6Oy\" width=\"600\" height=\"338\" frameborder=\"0\" marginwidth=\"0\" marginheight=\"0\" scrolling=\"no\"><\/iframe><\/p>\n<p>&nbsp;<\/p>\n<p>&nbsp;<\/p>\n<hr \/>\n<p>&nbsp;<\/p>\n<div class=\"page-title-head hgroup\">\n<blockquote>\n<h3 class=\"entry-title\">PLASTIC FREE \u2013 TERZA PUNTATA. L\u2019INTERVISTA A RICCARDO MANCIN, RESPONSABILE VENETO PLASTIC FREE<\/h3>\n<\/blockquote>\n<\/div>\n<div class=\"page-title-breadcrumbs\"><\/div>\n<blockquote class=\"wp-embedded-content\" data-secret=\"CaqNgW5Mza\"><p><a href=\"https:\/\/www.radiopiu.net\/wordpress\/plastic-free-per-un-mondo-senza-plastica\/\">PLASTIC FREE per un mondo senza plastica<\/a><\/p><\/blockquote>\n<p><iframe loading=\"lazy\" class=\"wp-embedded-content\" sandbox=\"allow-scripts\" security=\"restricted\" style=\"position: absolute; clip: rect(1px, 1px, 1px, 1px);\" title=\"&#8220;PLASTIC FREE per un mondo senza plastica&#8221; &#8212; Radio Pi\u00f9\" src=\"https:\/\/www.radiopiu.net\/wordpress\/plastic-free-per-un-mondo-senza-plastica\/embed\/#?secret=CaqNgW5Mza\" data-secret=\"CaqNgW5Mza\" width=\"600\" height=\"338\" frameborder=\"0\" marginwidth=\"0\" marginheight=\"0\" scrolling=\"no\"><\/iframe><\/p>\n<p>&nbsp;<\/p>\n<hr \/>\n<p>&nbsp;<\/p>\n<div class=\"mkdf-post-text\">\n<div class=\"mkdf-post-text-inner\">\n<div class=\"mkdf-post-text-main\">\n<blockquote class=\"wp-embedded-content\" data-secret=\"6Pq9wWgiqm\"><p><a href=\"https:\/\/www.radiopiu.net\/wordpress\/da-ieri-alla-radio-in-palinsesto-loris-e-maurizio-con-la-grande-musica\/\">IL BLUES ALLA RADIO &#8230; COME NON L&#8217;AVETE MAI SENTITO PRIMA<\/a><\/p><\/blockquote>\n<p><iframe loading=\"lazy\" class=\"wp-embedded-content\" sandbox=\"allow-scripts\" security=\"restricted\" style=\"position: absolute; clip: rect(1px, 1px, 1px, 1px);\" title=\"&#8220;IL BLUES ALLA RADIO &#8230; COME NON L&#8217;AVETE MAI SENTITO PRIMA&#8221; &#8212; Radio Pi\u00f9\" src=\"https:\/\/www.radiopiu.net\/wordpress\/da-ieri-alla-radio-in-palinsesto-loris-e-maurizio-con-la-grande-musica\/embed\/#?secret=6Pq9wWgiqm\" data-secret=\"6Pq9wWgiqm\" width=\"600\" height=\"338\" frameborder=\"0\" marginwidth=\"0\" marginheight=\"0\" scrolling=\"no\"><\/iframe><\/p>\n<p>&nbsp;<\/p>\n<hr \/>\n<p>&nbsp;<\/p>\n<h2><strong><span style=\"color: #ff0000;\">QUINDICINALE APPUNTAMENTO ALLA RADIO<\/span><\/strong><\/h2>\n<blockquote>\n<h3><a style=\"font-size: 14px; font-weight: normal;\" href=\"https:\/\/www.radiopiu.net\/wordpress\/giornale-radiopiu-06-febbraio-2019-direttore-mirko-mezzacasa\/logo_spi-cgil-800x445\/\" rel=\"attachment wp-att-75538\"><img loading=\"lazy\" decoding=\"async\" class=\"wp-image-75538 alignleft\" src=\"https:\/\/www.radiopiu.net\/wordpress\/wp-content\/uploads\/2019\/02\/Logo_Spi-CGIL-800x445-300x167.jpg\" alt=\"\" width=\"210\" height=\"117\" srcset=\"https:\/\/www.radiopiu.net\/wordpress\/wp-content\/uploads\/2019\/02\/Logo_Spi-CGIL-800x445-300x167.jpg 300w, https:\/\/www.radiopiu.net\/wordpress\/wp-content\/uploads\/2019\/02\/Logo_Spi-CGIL-800x445-768x427.jpg 768w, https:\/\/www.radiopiu.net\/wordpress\/wp-content\/uploads\/2019\/02\/Logo_Spi-CGIL-800x445.jpg 800w\" sizes=\"auto, (max-width: 210px) 100vw, 210px\" \/><\/a><\/h3>\n<\/blockquote>\n<blockquote>\n<h3>ALLA RADIO, APPUNTAMENTO QUINDICINALE CON SPI-CGIL BELLUNO, IN STUDIO MARIA RITA GENTILIN<\/h3>\n<\/blockquote>\n<p><strong>di Claudio Fontanive\u00a0<\/strong><\/p>\n<p><span style=\"color: #ff0000;\"><strong>PUNTATA DEL\u00a0 22 luglio 2021<br \/>\n<\/strong><\/span><\/p>\n<audio class=\"wp-audio-shortcode\" id=\"audio-224504-19\" preload=\"none\" style=\"width: 100%;\" controls=\"controls\"><source type=\"audio\/mpeg\" src=\"https:\/\/www.radiopiu.net\/wordpress\/wp-content\/uploads\/2021\/07\/spi-cgil-22-luglio.mp3?_=19\" \/><a href=\"https:\/\/www.radiopiu.net\/wordpress\/wp-content\/uploads\/2021\/07\/spi-cgil-22-luglio.mp3\">https:\/\/www.radiopiu.net\/wordpress\/wp-content\/uploads\/2021\/07\/spi-cgil-22-luglio.mp3<\/a><\/audio>\n<p><span style=\"color: #ff0000;\"><strong>\u00a0 \u00a0<\/strong><\/span><\/p>\n<p>&nbsp;<\/p>\n<hr \/>\n<p>&nbsp;<\/p>\n<div class=\"mkdf-post-text\">\n<div class=\"mkdf-post-text-inner\">\n<div class=\"mkdf-post-text-main\">\n<div>\n<div class=\"page-title-head hgroup\">\n<div class=\"page-title-head hgroup\">\n<div class=\"page-title-head hgroup\">\n<div class=\"page-title-head hgroup\">\n<div class=\"b654a4as d2edcug0\">\n<blockquote>\n<blockquote>\n<h2><a href=\"https:\/\/www.radiopiu.net\/wordpress\/speciale-solidarieta-veneto\/solidarieta-veneto-3\/\" rel=\"attachment wp-att-134366\"><img loading=\"lazy\" decoding=\"async\" class=\"wp-image-134366 alignleft\" src=\"https:\/\/www.radiopiu.net\/wordpress\/wp-content\/uploads\/2020\/05\/solidariet\u00e0-veneto-300x210.jpg\" alt=\"\" width=\"102\" height=\"71\" srcset=\"https:\/\/www.radiopiu.net\/wordpress\/wp-content\/uploads\/2020\/05\/solidariet\u00e0-veneto-300x210.jpg 300w, https:\/\/www.radiopiu.net\/wordpress\/wp-content\/uploads\/2020\/05\/solidariet\u00e0-veneto-1024x717.jpg 1024w, https:\/\/www.radiopiu.net\/wordpress\/wp-content\/uploads\/2020\/05\/solidariet\u00e0-veneto-768x538.jpg 768w, https:\/\/www.radiopiu.net\/wordpress\/wp-content\/uploads\/2020\/05\/solidariet\u00e0-veneto.jpg 1373w\" sizes=\"auto, (max-width: 102px) 100vw, 102px\" \/><\/a>SOLIDARIETA&#8217; VENETO FONDO PENSIONE, IN ONDA IL PRIMO VENERDI DEL MESE ALLE 10.30 E ALLE 19.00 QUINTA STAGIONE<\/h2>\n<\/blockquote>\n<h2><strong><span style=\"color: #ff0000;\">AUDIO LUGLIO 2021<\/span><\/strong><\/h2>\n<\/blockquote>\n<audio class=\"wp-audio-shortcode\" id=\"audio-224504-20\" preload=\"none\" style=\"width: 100%;\" controls=\"controls\"><source type=\"audio\/mpeg\" src=\"https:\/\/www.radiopiu.net\/wordpress\/wp-content\/uploads\/2021\/07\/solidarieta-veneto-luglio-2021.mp3?_=20\" \/><a href=\"https:\/\/www.radiopiu.net\/wordpress\/wp-content\/uploads\/2021\/07\/solidarieta-veneto-luglio-2021.mp3\">https:\/\/www.radiopiu.net\/wordpress\/wp-content\/uploads\/2021\/07\/solidarieta-veneto-luglio-2021.mp3<\/a><\/audio>\n<h2>LA RACCOLTA COMPLETA<\/h2>\n<blockquote class=\"wp-embedded-content\" data-secret=\"EyNslM8lhG\"><p><a href=\"https:\/\/www.radiopiu.net\/wordpress\/solidarieta-veneto\/\">Solidariet\u00e0 Veneto<\/a><\/p><\/blockquote>\n<p><iframe loading=\"lazy\" class=\"wp-embedded-content\" sandbox=\"allow-scripts\" security=\"restricted\" style=\"position: absolute; clip: rect(1px, 1px, 1px, 1px);\" title=\"&#8220;Solidariet\u00e0 Veneto&#8221; &#8212; Radio Pi\u00f9\" src=\"https:\/\/www.radiopiu.net\/wordpress\/solidarieta-veneto\/embed\/#?secret=EyNslM8lhG\" data-secret=\"EyNslM8lhG\" width=\"600\" height=\"338\" frameborder=\"0\" marginwidth=\"0\" marginheight=\"0\" scrolling=\"no\"><\/iframe><\/p>\n<blockquote>\n<h2><\/h2>\n<\/blockquote>\n<p>&nbsp;<\/p>\n<p>&nbsp;<\/p>\n<hr \/>\n<p>&nbsp;<\/p>\n<div>\n<div class=\"b654a4as d2edcug0\">\n<div class=\"rq0escxv hkbzh7o3 jwdofwj8 n8tt0mok r8blr3vg hyh9befq\">\n<p><a class=\"dt-pswp-item\" href=\"https:\/\/www.radiopiu.net\/wordpress\/wp-content\/uploads\/2020\/10\/pp.jpg\" data-dt-img-description=\"\" data-large_image_width=\"640\" data-large_image_height=\"640\"><img loading=\"lazy\" decoding=\"async\" class=\"wp-image-163678 alignleft\" src=\"https:\/\/www.radiopiu.net\/wordpress\/wp-content\/uploads\/2020\/10\/pp-300x300.jpg\" alt=\"\" width=\"106\" height=\"106\" srcset=\"https:\/\/www.radiopiu.net\/wordpress\/wp-content\/uploads\/2020\/10\/pp-300x300.jpg 300w, https:\/\/www.radiopiu.net\/wordpress\/wp-content\/uploads\/2020\/10\/pp-150x150.jpg 150w, https:\/\/www.radiopiu.net\/wordpress\/wp-content\/uploads\/2020\/10\/pp-125x125.jpg 125w, https:\/\/www.radiopiu.net\/wordpress\/wp-content\/uploads\/2020\/10\/pp-200x200.jpg 200w, https:\/\/www.radiopiu.net\/wordpress\/wp-content\/uploads\/2020\/10\/pp-80x80.jpg 80w, https:\/\/www.radiopiu.net\/wordpress\/wp-content\/uploads\/2020\/10\/pp-480x480.jpg 480w, https:\/\/www.radiopiu.net\/wordpress\/wp-content\/uploads\/2020\/10\/pp.jpg 640w\" sizes=\"auto, (max-width: 106px) 100vw, 106px\" \/><\/a><\/p>\n<\/div>\n<\/div>\n<\/div>\n<div>\n<div class=\"page-title-head hgroup\">\n<div class=\"page-title-head hgroup\">\n<div class=\"b654a4as d2edcug0\">\n<div class=\"j83agx80 btwxx1t3 lhclo0ds hop8lmos nkwizq5d scwd0bx6 roh60bw9\">\n<div class=\"rq0escxv hkbzh7o3 jwdofwj8 n8tt0mok r8blr3vg hyh9befq\">\n<div class=\"do00u71z l9j0dhe7 k4urcfbm\">\n<h2><span style=\"color: #000080;\">DON CESARE, IL PENSIERO DEL GIORNO. ALLA RADIO ALLE 7 DEL MATTINO E ALLE 19.30 DELLA SERA.\u00a0\u00a0<\/span><\/h2>\n<\/div>\n<\/div>\n<\/div>\n<div><\/div>\n<div><\/div>\n<div><\/div>\n<\/div>\n<\/div>\n<div class=\"page-title-head hgroup\">\n<audio class=\"wp-audio-shortcode\" id=\"audio-224504-21\" preload=\"none\" style=\"width: 100%;\" controls=\"controls\"><source type=\"audio\/mpeg\" src=\"https:\/\/www.radiopiu.net\/wordpress\/wp-content\/uploads\/2021\/07\/cesare-14.mp3?_=21\" \/><a href=\"https:\/\/www.radiopiu.net\/wordpress\/wp-content\/uploads\/2021\/07\/cesare-14.mp3\">https:\/\/www.radiopiu.net\/wordpress\/wp-content\/uploads\/2021\/07\/cesare-14.mp3<\/a><\/audio>\n<hr \/>\n<p class=\"b654a4as d2edcug0\"><span style=\"color: #ff6600;\"> \u00a0<\/span><\/p>\n<h2><span style=\"color: #ff6600;\">GIROVAGANDO ALLA RADIO, PUNTATA 09<\/span><\/h2>\n<h3><a href=\"https:\/\/www.radiopiu.net\/wordpress\/girovagando-alla-radio-puntata-09\/b452b6fd-1342-489f-8c6b-660950a2f3fd\/\" rel=\"attachment wp-att-223949\"><img loading=\"lazy\" decoding=\"async\" class=\"size-medium wp-image-223949 alignleft\" src=\"https:\/\/www.radiopiu.net\/wordpress\/wp-content\/uploads\/2021\/07\/b452b6fd-1342-489f-8c6b-660950a2f3fd-300x225.jpg\" alt=\"\" width=\"300\" height=\"225\" srcset=\"https:\/\/www.radiopiu.net\/wordpress\/wp-content\/uploads\/2021\/07\/b452b6fd-1342-489f-8c6b-660950a2f3fd-300x225.jpg 300w, https:\/\/www.radiopiu.net\/wordpress\/wp-content\/uploads\/2021\/07\/b452b6fd-1342-489f-8c6b-660950a2f3fd-768x576.jpg 768w, https:\/\/www.radiopiu.net\/wordpress\/wp-content\/uploads\/2021\/07\/b452b6fd-1342-489f-8c6b-660950a2f3fd.jpg 960w\" sizes=\"auto, (max-width: 300px) 100vw, 300px\" \/><\/a>Collaborazione Thomas Soppera<\/h3>\n<p>&nbsp;<\/p>\n<p><strong>AUDIO PUNTATA 26 Luglio 2021<\/strong><\/p>\n<audio class=\"wp-audio-shortcode\" id=\"audio-224504-22\" preload=\"none\" style=\"width: 100%;\" controls=\"controls\"><source type=\"audio\/mpeg\" src=\"https:\/\/www.radiopiu.net\/wordpress\/wp-content\/uploads\/2021\/07\/GIROVAGANDO-09-1.mp3?_=22\" \/><a href=\"https:\/\/www.radiopiu.net\/wordpress\/wp-content\/uploads\/2021\/07\/GIROVAGANDO-09-1.mp3\">https:\/\/www.radiopiu.net\/wordpress\/wp-content\/uploads\/2021\/07\/GIROVAGANDO-09-1.mp3<\/a><\/audio>\n<p>&nbsp;<\/p>\n<h2><span style=\"color: #ff0000;\">LA RACCOLTA COMPLETA\u00a0<\/span><\/h2>\n<blockquote class=\"wp-embedded-content\" data-secret=\"43np2ve2tb\"><p><a href=\"https:\/\/www.radiopiu.net\/wordpress\/girovagando-in-e-bike-tra-le-dolomiti\/\">GIROVAGANDO IN E BIKE TRA LE DOLOMITI<\/a><\/p><\/blockquote>\n<p><iframe loading=\"lazy\" class=\"wp-embedded-content\" sandbox=\"allow-scripts\" security=\"restricted\" style=\"position: absolute; clip: rect(1px, 1px, 1px, 1px);\" title=\"&#8220;GIROVAGANDO IN E BIKE TRA LE DOLOMITI&#8221; &#8212; Radio Pi\u00f9\" src=\"https:\/\/www.radiopiu.net\/wordpress\/girovagando-in-e-bike-tra-le-dolomiti\/embed\/#?secret=43np2ve2tb\" data-secret=\"43np2ve2tb\" width=\"600\" height=\"338\" frameborder=\"0\" marginwidth=\"0\" marginheight=\"0\" scrolling=\"no\"><\/iframe><\/p>\n<p>\u200b<\/p>\n<p>\u200b<\/p>\n<\/div>\n<\/div>\n<\/div>\n<\/div>\n<\/div>\n<\/div>\n<\/div>\n<\/div>\n<\/div>\n<\/div>\n<\/div>\n<\/div>\n<\/div>\n<\/div>\n<\/div>\n<\/div>\n<\/div>\n<\/div>\n<\/div>\n<\/div>\n<\/div>\n<\/div>\n<\/div>\n<\/div>\n<div class=\"mkdf-post-text\">\n<div class=\"mkdf-post-text-inner\">\n<div class=\"mkdf-post-text-main\">\n<div class=\"mkdf-post-text\">\n<div class=\"mkdf-post-text-inner\">\n<div class=\"mkdf-post-text-main\">\n<div>\n<div class=\"page-title-head hgroup\">\n<div class=\"page-title-head hgroup\">\n<div class=\"page-title-head hgroup\">\n<div class=\"page-title-head hgroup\">\n<div class=\"b654a4as d2edcug0\">\n<div class=\"page-title-head hgroup\">\n<div class=\"page-title-head hgroup\">\n<p>&nbsp;<\/p>\n<hr \/>\n<div>\n<div class=\"page-title-head hgroup\">\n<div class=\"page-title-head hgroup\">\n<div class=\"b654a4as d2edcug0\">\n<div>\n<p>&nbsp;<\/p>\n<\/div>\n<blockquote>\n<h3>COLLAGE&#8230; DI LORIS SCUSSEL dal lunedi al venerdi alle 16 e alle 23 su RADIO PIU<\/h3>\n<\/blockquote>\n<p><strong>PUNTATA DEL 28 LUGLIO, 398<\/strong><\/p>\n<audio class=\"wp-audio-shortcode\" id=\"audio-224504-23\" preload=\"none\" style=\"width: 100%;\" controls=\"controls\"><source type=\"audio\/mpeg\" src=\"https:\/\/www.radiopiu.net\/wordpress\/wp-content\/uploads\/2021\/07\/Collage-398.mp3?_=23\" \/><a href=\"https:\/\/www.radiopiu.net\/wordpress\/wp-content\/uploads\/2021\/07\/Collage-398.mp3\">https:\/\/www.radiopiu.net\/wordpress\/wp-content\/uploads\/2021\/07\/Collage-398.mp3<\/a><\/audio>\n<div>\n<div>\n<div>\n<div>\n<div>\n<div>\n<div>\n<div>\n<div>\n<div>\n<div>\n<div>\n<div>\n<div>\n<div>\n<div>\n<div>\n<div>\n<div>\n<div>\n<div>\n<p><img loading=\"lazy\" decoding=\"async\" class=\"alignleft\" src=\"https:\/\/www.radiopiu.net\/wordpress\/wp-content\/uploads\/2021\/05\/Schermata-2021-05-23-alle-11.50.11.png\" width=\"186\" height=\"131\" \/>Il programma \u00e8 andato in onda da dicembre 2013 fino a luglio 2019, comprese le repliche, in due serie per 350 puntate complessive con 1.890 brani trasmessi. L\u2019obiettivo del programma: riproporre agli ascoltatori pi\u00f9 grandicelli le canzoni che ascoltavano nel passato e nello stesso tempo farle conoscere anche ai pi\u00f9 giovani.<\/p>\n<\/div>\n<\/div>\n<\/div>\n<\/div>\n<\/div>\n<\/div>\n<\/div>\n<\/div>\n<\/div>\n<\/div>\n<\/div>\n<\/div>\n<\/div>\n<\/div>\n<\/div>\n<\/div>\n<\/div>\n<\/div>\n<\/div>\n<\/div>\n<\/div>\n<div>\n<div>\n<div>\n<div>\n<p>&nbsp;<\/p>\n<p>&nbsp;<\/p>\n<p>&nbsp;<\/p>\n<\/div>\n<\/div>\n<\/div>\n<\/div>\n<hr \/>\n<div>\n<div class=\"b654a4as d2edcug0\">\n<div class=\"rq0escxv hkbzh7o3 jwdofwj8 n8tt0mok r8blr3vg hyh9befq\">\n<div class=\"b654a4as d2edcug0\">\n<div class=\"b654a4as d2edcug0\">\n<div>\n<div class=\"b654a4as d2edcug0\">\n<div class=\"rq0escxv hkbzh7o3 jwdofwj8 n8tt0mok r8blr3vg hyh9befq\">\n<div class=\"b654a4as d2edcug0\">\n<h2><\/h2>\n<div class=\"b654a4as d2edcug0\">\n<h2><span style=\"color: #008000;\">ERBE E PIANTE CURATIVE&#8230;IL\u00a0 PROGRAMMA DI PAOLA LANCIATO\u00a0\u00a0<\/span><\/h2>\n<p>di Paola Lanciato<\/p>\n<p><strong><a href=\"https:\/\/www.radiopiu.net\/wordpress\/giornale-radiopiu-27-luglio-2021-direttore-mirko-mezzacasa\/th-170\/\" rel=\"attachment wp-att-224190\"><img loading=\"lazy\" decoding=\"async\" class=\" wp-image-224190 alignleft\" src=\"https:\/\/www.radiopiu.net\/wordpress\/wp-content\/uploads\/2021\/07\/th-20.jpg\" alt=\"\" width=\"125\" height=\"87\" \/><\/a>PUNTATA DEL 26 LUGLIO 2021 &#8211; LA LAVANDA<\/strong><\/p>\n<audio class=\"wp-audio-shortcode\" id=\"audio-224504-24\" preload=\"none\" style=\"width: 100%;\" controls=\"controls\"><source type=\"audio\/mpeg\" src=\"https:\/\/www.radiopiu.net\/wordpress\/wp-content\/uploads\/2021\/07\/25-La-lavanda-M.mp3?_=24\" \/><a href=\"https:\/\/www.radiopiu.net\/wordpress\/wp-content\/uploads\/2021\/07\/25-La-lavanda-M.mp3\">https:\/\/www.radiopiu.net\/wordpress\/wp-content\/uploads\/2021\/07\/25-La-lavanda-M.mp3<\/a><\/audio>\n<blockquote class=\"wp-embedded-content\" data-secret=\"532JWH4t9J\"><p><a href=\"https:\/\/www.radiopiu.net\/wordpress\/erbavoglio\/\">L&#8217;ERBA VOGLIO DEL GIARDINO DEL RE&#8230; Erbe, fiori e Piante di e con Paola Lanciato<\/a><\/p><\/blockquote>\n<p><iframe loading=\"lazy\" class=\"wp-embedded-content\" sandbox=\"allow-scripts\" security=\"restricted\" style=\"position: absolute; clip: rect(1px, 1px, 1px, 1px);\" title=\"&#8220;L&#8217;ERBA VOGLIO DEL GIARDINO DEL RE&#8230; Erbe, fiori e Piante di e con Paola Lanciato&#8221; &#8212; Radio Pi\u00f9\" src=\"https:\/\/www.radiopiu.net\/wordpress\/erbavoglio\/embed\/#?secret=532JWH4t9J\" data-secret=\"532JWH4t9J\" width=\"600\" height=\"338\" frameborder=\"0\" marginwidth=\"0\" marginheight=\"0\" scrolling=\"no\"><\/iframe><\/p>\n<\/div>\n<p>&nbsp;<\/p>\n<\/div>\n<\/div>\n<\/div>\n<\/div>\n<p>&nbsp;<\/p>\n<\/div>\n<\/div>\n<\/div>\n<\/div>\n<\/div>\n<p>&nbsp;<\/p>\n<hr \/>\n<p>&nbsp;<\/p>\n<div>\n<h2><span style=\"color: #ff0000;\"><strong>IN VIVO VERSO 2020-21 ESTATE, RIASCOLTIAMOLI&#8230; DAL CASSETTO DEI RICORDI DI RADIO PIU&#8217;&#8230; LE PRIME\u00a0 SEI STAGIONI\u00a0 \u00a0<\/strong><\/span><\/h2>\n<div class=\"page-title-head hgroup\">\n<div class=\"page-title-head hgroup\">\n<div class=\"page-title-head hgroup\">\n<div class=\"page-title-head hgroup\">\n<div class=\"page-title-head hgroup\">\n<div class=\"page-title-head hgroup\">\n<blockquote>\n<h3>riascoltiamole PERIFERIA di RENATO MOSENA<\/h3>\n<p>AUDIO<\/p>\n<audio class=\"wp-audio-shortcode\" id=\"audio-224504-25\" preload=\"none\" style=\"width: 100%;\" controls=\"controls\"><source type=\"audio\/mpeg\" src=\"https:\/\/www.radiopiu.net\/wordpress\/wp-content\/uploads\/2021\/07\/RENATO-MOSENA-4-PERFERIA.mp3?_=25\" \/><a href=\"https:\/\/www.radiopiu.net\/wordpress\/wp-content\/uploads\/2021\/07\/RENATO-MOSENA-4-PERFERIA.mp3\">https:\/\/www.radiopiu.net\/wordpress\/wp-content\/uploads\/2021\/07\/RENATO-MOSENA-4-PERFERIA.mp3<\/a><\/audio>\n<p><strong>LA RACCOLTA COMPLETA<\/strong><\/p><\/blockquote>\n<\/div>\n<\/div>\n<\/div>\n<\/div>\n<\/div>\n<\/div>\n<blockquote class=\"wp-embedded-content\" data-secret=\"NVumtCGM5L\"><p><a href=\"https:\/\/www.radiopiu.net\/wordpress\/in-vivo-verso\/\">In Vivo Verso<\/a><\/p><\/blockquote>\n<p><iframe loading=\"lazy\" class=\"wp-embedded-content\" sandbox=\"allow-scripts\" security=\"restricted\" style=\"position: absolute; clip: rect(1px, 1px, 1px, 1px);\" title=\"&#8220;In Vivo Verso&#8221; &#8212; Radio Pi\u00f9\" src=\"https:\/\/www.radiopiu.net\/wordpress\/in-vivo-verso\/embed\/#?secret=NVumtCGM5L\" data-secret=\"NVumtCGM5L\" width=\"600\" height=\"338\" frameborder=\"0\" marginwidth=\"0\" marginheight=\"0\" scrolling=\"no\"><\/iframe><\/p>\n<p>&nbsp;<\/p>\n<hr \/>\n<\/div>\n<blockquote>\n<blockquote>\n<h2><\/h2>\n<\/blockquote>\n<\/blockquote>\n<div>\n<div class=\"b654a4as d2edcug0\">\n<div class=\"rq0escxv hkbzh7o3 jwdofwj8 n8tt0mok r8blr3vg hyh9befq\">\n<blockquote>\n<h2><span style=\"color: #ff0000;\"><em>ZAINO ALLA RADIO&#8230;ESTATE DI PAOLA LANCIATO\u00a0<\/em><\/span><\/h2>\n<p><strong>IERI ALLA RADIO\u00a0<\/strong><\/p>\n<p>&nbsp;<\/p><\/blockquote>\n<p><strong>LA RACCOLTA COMPLETA\u00a0<\/strong><\/p>\n<blockquote class=\"wp-embedded-content\" data-secret=\"PxhfyNowlY\"><p><a href=\"https:\/\/www.radiopiu.net\/wordpress\/zaino-femminile-lanciato\/\">Zaino da viaggio al femminile<\/a><\/p><\/blockquote>\n<p><iframe loading=\"lazy\" class=\"wp-embedded-content\" sandbox=\"allow-scripts\" security=\"restricted\" style=\"position: absolute; clip: rect(1px, 1px, 1px, 1px);\" title=\"&#8220;Zaino da viaggio al femminile&#8221; &#8212; Radio Pi\u00f9\" src=\"https:\/\/www.radiopiu.net\/wordpress\/zaino-femminile-lanciato\/embed\/#?secret=PxhfyNowlY\" data-secret=\"PxhfyNowlY\" width=\"600\" height=\"338\" frameborder=\"0\" marginwidth=\"0\" marginheight=\"0\" scrolling=\"no\"><\/iframe><\/p>\n<p>&nbsp;<\/p>\n<\/div>\n<\/div>\n<\/div>\n<hr \/>\n<div><\/div>\n<div>\n<div class=\"page-title-head hgroup\">\n<div class=\"page-title-head hgroup\">\n<div class=\"page-title-head hgroup\">\n<div class=\"page-title-head hgroup\">\n<div class=\"page-title-head hgroup\">\n<div>\n<div class=\"b654a4as d2edcug0\">\u00a0 \u00a0 \u00a0<strong style=\"color: #800080;\">LA RASSEGNA STAMPA DA L&#8217;AMICO DEL POPOLO\u00a0<\/strong><\/div>\n<\/div>\n<\/div>\n<\/div>\n<\/div>\n<\/div>\n<\/div>\n<\/div>\n<div>\n<div>\n<div>\n<div class=\"page-title-head hgroup\">\n<div class=\"page-title-head hgroup\">\n<div class=\"page-title-head hgroup\">\n<div class=\"page-title-head hgroup\">\n<div class=\"b654a4as d2edcug0\">\n<div class=\"page-title-head hgroup\">\n<div class=\"page-title-head hgroup\">\n<div class=\"page-title-head hgroup\">\n<div class=\"page-title-head hgroup\">\n<div class=\"b654a4as d2edcug0\">\n<div>\n<h3 class=\"kvgmc6g5 cxmmr5t8 oygrvhab hcukyx3x c1et5uql\"><span style=\"color: #0000ff;\"> INFORMAZIONE il canale su TELEGRAM informazione di prima mano e in tempo reale. iscriviti ed aiutaci a farlo conoscere\u00a0\u00a0<\/span><\/h3>\n<p><strong><a href=\"https:\/\/www.radiopiu.net\/wordpress\/treno-delle-dolomiti-il-presidente-dellunione-montana-agordina-pensa-di-coinvolgere-i-sindaci-prima-di-iviare-documenti-in-provincia\/michele-costa-12\/\" rel=\"attachment wp-att-208023\"><img loading=\"lazy\" decoding=\"async\" class=\" wp-image-208023 alignleft\" src=\"https:\/\/www.radiopiu.net\/wordpress\/wp-content\/uploads\/2021\/05\/MICHELE-COSTA-300x300.png\" alt=\"\" width=\"157\" height=\"157\" srcset=\"https:\/\/www.radiopiu.net\/wordpress\/wp-content\/uploads\/2021\/05\/MICHELE-COSTA-300x300.png 300w, https:\/\/www.radiopiu.net\/wordpress\/wp-content\/uploads\/2021\/05\/MICHELE-COSTA-1024x1024.png 1024w, https:\/\/www.radiopiu.net\/wordpress\/wp-content\/uploads\/2021\/05\/MICHELE-COSTA-150x150.png 150w, https:\/\/www.radiopiu.net\/wordpress\/wp-content\/uploads\/2021\/05\/MICHELE-COSTA-768x768.png 768w, https:\/\/www.radiopiu.net\/wordpress\/wp-content\/uploads\/2021\/05\/MICHELE-COSTA.png 1378w\" sizes=\"auto, (max-width: 157px) 100vw, 157px\" \/><\/a>di Gianni Santomaso<\/strong><\/p>\n<p>OSPITE: Michele Costa Presidente Unione Montana Agordina<\/p>\n<audio class=\"wp-audio-shortcode\" id=\"audio-224504-26\" preload=\"none\" style=\"width: 100%;\" controls=\"controls\"><source type=\"audio\/mpeg\" src=\"https:\/\/www.radiopiu.net\/wordpress\/wp-content\/uploads\/2021\/07\/RASSEGNA-GIANNI-3.mp3?_=26\" \/><a href=\"https:\/\/www.radiopiu.net\/wordpress\/wp-content\/uploads\/2021\/07\/RASSEGNA-GIANNI-3.mp3\">https:\/\/www.radiopiu.net\/wordpress\/wp-content\/uploads\/2021\/07\/RASSEGNA-GIANNI-3.mp3<\/a><\/audio>\n<p>&nbsp;<\/p>\n<blockquote class=\"wp-embedded-content\" data-secret=\"PBWeZAeGIj\"><p><a href=\"https:\/\/www.radiopiu.net\/wordpress\/rassegna-stampa-di-gianni-santomaso\/\">Rassegna stampa da l&#8217;amico del popolo &#8211; di Gianni Santomaso<\/a><\/p><\/blockquote>\n<p><iframe loading=\"lazy\" class=\"wp-embedded-content\" sandbox=\"allow-scripts\" security=\"restricted\" style=\"position: absolute; clip: rect(1px, 1px, 1px, 1px);\" title=\"&#8220;Rassegna stampa da l&#8217;amico del popolo &#8211; di Gianni Santomaso&#8221; &#8212; Radio Pi\u00f9\" src=\"https:\/\/www.radiopiu.net\/wordpress\/rassegna-stampa-di-gianni-santomaso\/embed\/#?secret=PBWeZAeGIj\" data-secret=\"PBWeZAeGIj\" width=\"600\" height=\"338\" frameborder=\"0\" marginwidth=\"0\" marginheight=\"0\" scrolling=\"no\"><\/iframe><\/p>\n<p>&nbsp;<\/p>\n<hr \/>\n<p>&nbsp;<\/p>\n<h2><span style=\"color: #3366ff;\">SALUTE E SOCIETA&#8217;<\/span><\/h2>\n<p><strong>LA PUNTATA DELLA SETTIMANA del 26 LUGLIO<\/strong><\/p>\n<h3>Tralokinumab, nuova opzione terapeutica per i pazienti adulti affetti da dermatite atopica<\/h3>\n<p><img loading=\"lazy\" decoding=\"async\" class=\"alignleft\" src=\"https:\/\/www.radiopiu.net\/wordpress\/wp-content\/uploads\/2021\/07\/WhatsApp-Image-2021-07-26-at-09.43.41.jpeg\" width=\"219\" height=\"123\" \/>Approvato dalla Commissione Europea tralokinumab, nuova opzione terapeutica per i pazienti adulti affetti da dermatite atopica da moderata a severa. Una notizia importante per i milioni di persone che vivono con questa malattia della pelle cronica, infiammatoria, caratterizzata da prurito intenso e lesioni cutanee. Antonella Pitrelli ne ha parlato con Giovanni Pellacani, Professore ordinario e Direttore clinica dermatologica universit\u00e0 La Sapienza Roma<\/p>\n<audio class=\"wp-audio-shortcode\" id=\"audio-224504-27\" preload=\"none\" style=\"width: 100%;\" controls=\"controls\"><source type=\"audio\/mpeg\" src=\"https:\/\/www.radiopiu.net\/wordpress\/wp-content\/uploads\/2021\/07\/SALUTE-4.mp3?_=27\" \/><a href=\"https:\/\/www.radiopiu.net\/wordpress\/wp-content\/uploads\/2021\/07\/SALUTE-4.mp3\">https:\/\/www.radiopiu.net\/wordpress\/wp-content\/uploads\/2021\/07\/SALUTE-4.mp3<\/a><\/audio>\n<p><strong>LA RACCOLTA COMPLETA<\/strong><\/p>\n<\/div>\n<div dir=\"auto\">\n<blockquote class=\"wp-embedded-content\" data-secret=\"eOkCwPEqvk\"><p><a href=\"https:\/\/www.radiopiu.net\/wordpress\/saluteesocieta\/\">Salute e Societ\u00e0<\/a><\/p><\/blockquote>\n<p><iframe loading=\"lazy\" class=\"wp-embedded-content\" sandbox=\"allow-scripts\" security=\"restricted\" style=\"position: absolute; clip: rect(1px, 1px, 1px, 1px);\" title=\"&#8220;Salute e Societ\u00e0&#8221; &#8212; Radio Pi\u00f9\" src=\"https:\/\/www.radiopiu.net\/wordpress\/saluteesocieta\/embed\/#?secret=eOkCwPEqvk\" data-secret=\"eOkCwPEqvk\" width=\"600\" height=\"338\" frameborder=\"0\" marginwidth=\"0\" marginheight=\"0\" scrolling=\"no\"><\/iframe><\/p>\n<\/div>\n<div dir=\"auto\">\n<h1><\/h1>\n<\/div>\n<div>\n<div class=\"page-title-head hgroup\">\n<div class=\"page-title-head hgroup\">\n<div class=\"page-title-head hgroup\">\n<div>\n<div class=\"b654a4as d2edcug0\">\n<div class=\"rq0escxv hkbzh7o3 jwdofwj8 n8tt0mok r8blr3vg hyh9befq\">\n<hr \/>\n<\/div>\n<\/div>\n<\/div>\n<div>\n<div class=\"page-title-head hgroup\">\n<div class=\"page-title-head hgroup\">\n<div>\n<div class=\"b654a4as d2edcug0\">\n<p>&nbsp;<\/p>\n<blockquote>\n<h3><img loading=\"lazy\" decoding=\"async\" class=\"alignleft\" src=\"https:\/\/www.radiopiu.net\/wordpress\/wp-content\/uploads\/2021\/06\/fresh-flower-leaves-saffron-white-background-place-your-text-use-saffron-spice-cooking-cosmetology_347372-394.jpeg\" width=\"141\" height=\"94\" \/>L&#8217;ALMANACCO LADINO CON L&#8217;ISTITUT CESA DE JAN QUINDICINALE APPUNTAMENTO. LA DOMENICA ALLE 9 IL LUNEDI ALLE 8.35 IL MARTEDI ALLE 12.35 IL MERCOLEDI ALLE 18.35. SECONDA STAGIONE.<\/h3>\n<p>&nbsp;<\/p><\/blockquote>\n<p><strong>RACCOLTA COMPLETA\u00a0<\/strong><\/p>\n<blockquote class=\"wp-embedded-content\" data-secret=\"LPTHhTenai\"><p><a href=\"https:\/\/www.radiopiu.net\/wordpress\/almanacco-ladino\/\">Almanacco Ladino<\/a><\/p><\/blockquote>\n<p><iframe loading=\"lazy\" class=\"wp-embedded-content\" sandbox=\"allow-scripts\" security=\"restricted\" style=\"position: absolute; clip: rect(1px, 1px, 1px, 1px);\" title=\"&#8220;Almanacco Ladino&#8221; &#8212; Radio Pi\u00f9\" src=\"https:\/\/www.radiopiu.net\/wordpress\/almanacco-ladino\/embed\/#?secret=LPTHhTenai\" data-secret=\"LPTHhTenai\" width=\"600\" height=\"338\" frameborder=\"0\" marginwidth=\"0\" marginheight=\"0\" scrolling=\"no\"><\/iframe><\/p>\n<div dir=\"auto\"><\/div>\n<\/div>\n<div>\n<p>&nbsp;<\/p>\n<hr \/>\n<h2><span style=\"color: #808000;\">DUE MINUTI UN LIBRO\u00a0 TUTTI I GIORNI ALLA RADIO ALLE 9.30 E ALLE 18. QUINTA STAGIONE\u00a0 \u00a0<\/span><\/h2>\n<blockquote class=\"wp-embedded-content\" data-secret=\"ierMwxfao0\"><p><a href=\"https:\/\/www.radiopiu.net\/wordpress\/sia-fatta-la-tua-volonta\/\">SIA FATTA LA TUA VOLONTA&#8217;<\/a><\/p><\/blockquote>\n<p><iframe loading=\"lazy\" class=\"wp-embedded-content\" sandbox=\"allow-scripts\" security=\"restricted\" style=\"position: absolute; clip: rect(1px, 1px, 1px, 1px);\" title=\"&#8220;SIA FATTA LA TUA VOLONTA&#8217;&#8221; &#8212; Radio Pi\u00f9\" src=\"https:\/\/www.radiopiu.net\/wordpress\/sia-fatta-la-tua-volonta\/embed\/#?secret=ierMwxfao0\" data-secret=\"ierMwxfao0\" width=\"600\" height=\"338\" frameborder=\"0\" marginwidth=\"0\" marginheight=\"0\" scrolling=\"no\"><\/iframe><\/p>\n<\/div>\n<div>\n<p><strong>LA RACCOLTA COMPLETA\u00a0\u00a0<\/strong><\/p>\n<blockquote class=\"wp-embedded-content\" data-secret=\"Vqk9SdNCpc\"><p><a href=\"https:\/\/www.radiopiu.net\/wordpress\/due-minuti-un-libro\/\">Due minuti un libro<\/a><\/p><\/blockquote>\n<p><iframe loading=\"lazy\" class=\"wp-embedded-content\" sandbox=\"allow-scripts\" security=\"restricted\" style=\"position: absolute; clip: rect(1px, 1px, 1px, 1px);\" title=\"&#8220;Due minuti un libro&#8221; &#8212; Radio Pi\u00f9\" src=\"https:\/\/www.radiopiu.net\/wordpress\/due-minuti-un-libro\/embed\/#?secret=Vqk9SdNCpc\" data-secret=\"Vqk9SdNCpc\" width=\"600\" height=\"338\" frameborder=\"0\" marginwidth=\"0\" marginheight=\"0\" scrolling=\"no\"><\/iframe><\/p>\n<p>&nbsp;<\/p>\n<hr \/>\n<p>\u200b<\/p>\n<div>\n<h2><span style=\"color: #33cccc;\">I RACCONTI DI PAOLO SOPPELSA il lunedi alle 9.30 e 18.30<\/span><\/h2>\n<p>&nbsp;<\/p>\n<blockquote class=\"wp-embedded-content\" data-secret=\"mMMLf4Up9e\"><p><a href=\"https:\/\/www.radiopiu.net\/wordpress\/i-racconti-di-paolo-soppelsa\/\">I racconti di Paolo Soppelsa<\/a><\/p><\/blockquote>\n<p><iframe loading=\"lazy\" class=\"wp-embedded-content\" sandbox=\"allow-scripts\" security=\"restricted\" style=\"position: absolute; clip: rect(1px, 1px, 1px, 1px);\" title=\"&#8220;I racconti di Paolo Soppelsa&#8221; &#8212; Radio Pi\u00f9\" src=\"https:\/\/www.radiopiu.net\/wordpress\/i-racconti-di-paolo-soppelsa\/embed\/#?secret=mMMLf4Up9e\" data-secret=\"mMMLf4Up9e\" width=\"600\" height=\"338\" frameborder=\"0\" marginwidth=\"0\" marginheight=\"0\" scrolling=\"no\"><\/iframe><\/p>\n<p>&nbsp;<\/p>\n<\/div>\n<\/div>\n<hr \/>\n<p>&nbsp;<\/p>\n<h2><strong><span style=\"color: #ff0000;\">ALLA RADIO<\/span><\/strong><\/h2>\n<div data-offset-key=\"5n5nl-0-0\">\n<h3>Per ricevere gli aggiornamenti in tempo reale delle notizie pubblicate alla radio e sul sito di radio pi\u00f9 iscriviti al gruppo RADIO PIU INFORMAZIONE su Telegram.\u00a0\u00a0<a href=\"https:\/\/t.me\/radiopiu\">clicca qui<\/a><\/h3>\n<p>&nbsp;<\/p>\n<\/div>\n<blockquote><p><strong><a href=\"https:\/\/www.radiopiu.net\/wordpress\/cassa-solidarieta-luxottica-puntata-del-19-giugno-2020\/cslxo-2\/\" rel=\"attachment wp-att-145244\"><img loading=\"lazy\" decoding=\"async\" class=\"size-medium wp-image-145244 alignleft\" src=\"https:\/\/www.radiopiu.net\/wordpress\/wp-content\/uploads\/2020\/06\/cassa-solidarieta-luxottica-300x148.jpg\" alt=\"\" width=\"300\" height=\"148\" srcset=\"https:\/\/www.radiopiu.net\/wordpress\/wp-content\/uploads\/2020\/06\/cassa-solidarieta-luxottica-300x148.jpg 300w, https:\/\/www.radiopiu.net\/wordpress\/wp-content\/uploads\/2020\/06\/cassa-solidarieta-luxottica-1024x504.jpg 1024w, https:\/\/www.radiopiu.net\/wordpress\/wp-content\/uploads\/2020\/06\/cassa-solidarieta-luxottica-768x378.jpg 768w, https:\/\/www.radiopiu.net\/wordpress\/wp-content\/uploads\/2020\/06\/cassa-solidarieta-luxottica.jpg 1167w\" sizes=\"auto, (max-width: 300px) 100vw, 300px\" \/><\/a>di Claudio Fontanive<\/strong><\/p>\n<p>OSPITI: Paolo Chissal\u00e8 e Fabrizio Campedel<\/p>\n<p>&nbsp;<\/p>\n<p>&nbsp;<\/p><\/blockquote>\n<h2><\/h2>\n<p><strong>LA PUNTATA DEL 16 LUGLIO 2021\u00a0<\/strong><\/p>\n<audio class=\"wp-audio-shortcode\" id=\"audio-224504-28\" preload=\"none\" style=\"width: 100%;\" controls=\"controls\"><source type=\"audio\/mpeg\" src=\"https:\/\/www.radiopiu.net\/wordpress\/wp-content\/uploads\/2021\/07\/ca-sol-lux-luglio-2021.mp3?_=28\" \/><a href=\"https:\/\/www.radiopiu.net\/wordpress\/wp-content\/uploads\/2021\/07\/ca-sol-lux-luglio-2021.mp3\">https:\/\/www.radiopiu.net\/wordpress\/wp-content\/uploads\/2021\/07\/ca-sol-lux-luglio-2021.mp3<\/a><\/audio>\n<blockquote class=\"wp-embedded-content\" data-secret=\"UvMHbisDd2\"><p><a href=\"https:\/\/www.radiopiu.net\/wordpress\/cassa-solidarieta-luxottica-puntata-del-16-ottobre-2020\/\">CASSA SOLIDARIET\u00c0 LUXOTTICA &#8211; TUTTE LE PUNTATE<\/a><\/p><\/blockquote>\n<p><iframe loading=\"lazy\" class=\"wp-embedded-content\" sandbox=\"allow-scripts\" security=\"restricted\" style=\"position: absolute; clip: rect(1px, 1px, 1px, 1px);\" title=\"&#8220;CASSA SOLIDARIET\u00c0 LUXOTTICA &#8211; TUTTE LE PUNTATE&#8221; &#8212; Radio Pi\u00f9\" src=\"https:\/\/www.radiopiu.net\/wordpress\/cassa-solidarieta-luxottica-puntata-del-16-ottobre-2020\/embed\/#?secret=UvMHbisDd2\" data-secret=\"UvMHbisDd2\" width=\"600\" height=\"338\" frameborder=\"0\" marginwidth=\"0\" marginheight=\"0\" scrolling=\"no\"><\/iframe><\/p>\n<div>\n<p>&nbsp;<\/p>\n<\/div>\n<\/div>\n<div class=\"page-title-head hgroup\">\n<div>\n<div class=\"b654a4as d2edcug0\">\n<hr \/>\n<\/div>\n<\/div>\n<p>&nbsp;<\/p>\n<p><a href=\"https:\/\/www.radiopiu.net\/wordpress\/giornale-radiopiu-26-settembre-2018-direttore-mirko-mezzacasa\/viabilita-2\/\" rel=\"attachment wp-att-61954\"><img loading=\"lazy\" decoding=\"async\" class=\"wp-image-61954 size-full aligncenter\" src=\"https:\/\/www.radiopiu.net\/wordpress\/wp-content\/uploads\/2018\/09\/viabilita.jpeg\" alt=\"\" width=\"800\" height=\"100\" srcset=\"https:\/\/www.radiopiu.net\/wordpress\/wp-content\/uploads\/2018\/09\/viabilita.jpeg 800w, https:\/\/www.radiopiu.net\/wordpress\/wp-content\/uploads\/2018\/09\/viabilita-300x38.jpeg 300w, https:\/\/www.radiopiu.net\/wordpress\/wp-content\/uploads\/2018\/09\/viabilita-768x96.jpeg 768w\" sizes=\"auto, (max-width: 800px) 100vw, 800px\" \/><\/a><\/p>\n<blockquote><p><a href=\"https:\/\/www.radiopiu.net\/wordpress\/giornale-radiopiu-09-agosto-2018-direttore-mirko-mezzacasa\/viabilia\/\" rel=\"attachment wp-att-57053\"><img loading=\"lazy\" decoding=\"async\" class=\" wp-image-57053 alignleft\" src=\"https:\/\/www.radiopiu.net\/wordpress\/wp-content\/uploads\/2018\/08\/VIABILIA-300x180.jpeg\" alt=\"\" width=\"220\" height=\"132\" srcset=\"https:\/\/www.radiopiu.net\/wordpress\/wp-content\/uploads\/2018\/08\/VIABILIA-300x180.jpeg 300w, https:\/\/www.radiopiu.net\/wordpress\/wp-content\/uploads\/2018\/08\/VIABILIA-768x461.jpeg 768w, https:\/\/www.radiopiu.net\/wordpress\/wp-content\/uploads\/2018\/08\/VIABILIA-1024x614.jpeg 1024w, https:\/\/www.radiopiu.net\/wordpress\/wp-content\/uploads\/2018\/08\/VIABILIA.jpeg 1280w\" sizes=\"auto, (max-width: 220px) 100vw, 220px\" \/><\/a><\/p><\/blockquote>\n<\/div>\n<\/div>\n<\/div>\n<\/div>\n<\/div>\n<\/div>\n<\/div>\n<\/div>\n<div>\n<div>\n<div class=\"page-title-head hgroup\">\n<div class=\"page-title-head hgroup\">\n<div class=\"page-title-head hgroup\">\n<div class=\"page-title-head hgroup\">\n<div class=\"page-title-head hgroup\">\n<div class=\"page-title-head hgroup\">\n<blockquote><p>La viabilit\u00e0 con gli ultimi aggiornamenti<\/p><\/blockquote>\n<\/div>\n<\/div>\n<\/div>\n<\/div>\n<\/div>\n<\/div>\n<\/div>\n<div><\/div>\n<div><\/div>\n<div>\n<div><\/div>\n<\/div>\n<\/div>\n<\/div>\n<\/div>\n<\/div>\n<\/div>\n<\/div>\n<\/div>\n<\/div>\n<\/div>\n<\/div>\n<\/div>\n<\/div>\n<div>\n<div class=\"page-title-head hgroup\">\n<div class=\"page-title-head hgroup\">\n<div class=\"page-title-head hgroup\">\n<div class=\"page-title-head hgroup\">\n<div class=\"b654a4as d2edcug0\">\n<div>\n<div class=\"page-title-head hgroup\" style=\"text-align: left;\">\n<div class=\"page-title-head hgroup\">\n<div dir=\"auto\">\n<div style=\"text-align: left;\">\n<audio class=\"wp-audio-shortcode\" id=\"audio-224504-29\" preload=\"none\" style=\"width: 100%;\" controls=\"controls\"><source type=\"audio\/mpeg\" src=\"https:\/\/www.radiopiu.net\/wordpress\/wp-content\/uploads\/2021\/07\/VIABILITA-12.mp3?_=29\" \/><a href=\"https:\/\/www.radiopiu.net\/wordpress\/wp-content\/uploads\/2021\/07\/VIABILITA-12.mp3\">https:\/\/www.radiopiu.net\/wordpress\/wp-content\/uploads\/2021\/07\/VIABILITA-12.mp3<\/a><\/audio>\n<\/div>\n<\/div>\n<\/div>\n<\/div>\n<\/div>\n<\/div>\n<\/div>\n<\/div>\n<\/div>\n<\/div>\n<\/div>\n<\/div>\n<div><\/div>\n<div>\n<div>\n<div class=\"page-title-head hgroup\">\n<p>&nbsp;<\/p>\n<hr \/>\n<p>&nbsp;<\/p>\n<\/div>\n<\/div>\n<\/div>\n<\/div>\n<\/div>\n<\/div>\n<\/div>\n<\/div>\n<\/div>\n<\/div>\n<\/div>\n<\/div>\n<\/div>\n<\/div>\n<\/div>\n<\/div>\n<div>\n<div class=\"page-title-head hgroup\">\n<div class=\"page-title-head hgroup\">\n<div>\n<div class=\"page-title-head hgroup\">\n<div class=\"page-title-head hgroup\">\n<div class=\"b654a4as d2edcug0\">\n<div>\n<div>\n<div>\n<div class=\"page-title-head hgroup\">\n<p>&nbsp;<\/p>\n<\/div>\n<\/div>\n<\/div>\n<\/div>\n<div>\n<div class=\"page-title-head hgroup\" style=\"text-align: left;\">\n<div class=\"page-title-head hgroup\">\n<div dir=\"auto\">\n<p><a class=\"dt-pswp-item pspw-wrap-ready\" href=\"https:\/\/i0.wp.com\/www.radiopiu.net\/wordpress\/wp-content\/uploads\/2018\/09\/WhatsApp-Image-2018-09-20-at-16.04.06.jpeg?ssl=1\" data-dt-img-description=\"\" data-large_image_width=\"800\" data-large_image_height=\"100\"><img loading=\"lazy\" decoding=\"async\" class=\"aligncenter wp-image-61378 size-full jetpack-lazy-image jetpack-lazy-image--handled\" src=\"https:\/\/i0.wp.com\/www.radiopiu.net\/wordpress\/wp-content\/uploads\/2018\/09\/WhatsApp-Image-2018-09-20-at-16.04.06.jpeg?resize=800%2C100&amp;ssl=1\" sizes=\"auto, (max-width: 800px) 100vw, 800px\" srcset=\"https:\/\/i0.wp.com\/www.radiopiu.net\/wordpress\/wp-content\/uploads\/2018\/09\/WhatsApp-Image-2018-09-20-at-16.04.06.jpeg?w=800&amp;ssl=1 800w, https:\/\/i0.wp.com\/www.radiopiu.net\/wordpress\/wp-content\/uploads\/2018\/09\/WhatsApp-Image-2018-09-20-at-16.04.06.jpeg?resize=300%2C38&amp;ssl=1 300w, https:\/\/i0.wp.com\/www.radiopiu.net\/wordpress\/wp-content\/uploads\/2018\/09\/WhatsApp-Image-2018-09-20-at-16.04.06.jpeg?resize=768%2C96&amp;ssl=1 768w\" alt=\"\" width=\"800\" height=\"100\" data-lazy-loaded=\"1\" \/><\/a><\/p>\n<p style=\"text-align: left;\">\n<\/div>\n<\/div>\n<\/div>\n<\/div>\n<\/div>\n<\/div>\n<\/div>\n<\/div>\n<\/div>\n<\/div>\n<\/div>\n<\/div>\n<\/div>\n<\/div>\n<\/div>\n<\/div>\n<\/div>\n<\/div>\n<\/div>\n<\/div>\n<\/div>\n<\/div>\n<\/div>\n<\/div>\n<\/div>\n<\/div>\n<\/div>\n<\/div>\n<p><center><b>Giovedi 29<\/b><\/center><b>Tempo atteso: <\/b>Tempo perlopi\u00f9 stabile e ben soleggiato, con cielo sereno al mattino. In seguito leggera o parziale riduzione del soleggiamento per modesta attivit\u00e0 cumuliforme pomeridiana, localmente moderata, ma l&#8217;instabilit\u00e0 sembra del tutto scongiurata per presenza di aria assai pi\u00f9 secca in alta quota. Contesto termico sempre pi\u00f9 estivo, anche molto caldo nei fondovalle.<br \/>\n<b>Precipitazioni: <\/b>Assenti (0%).<br \/>\n<b>Temperature: <\/b>In ulteriore generale lieve aumento a tutte le quote. Sono previste punte di 31\/32\u00b0C nei fondovalle prealpini e di 25\/28\u00b0C a 1000\/1200 m. Su Prealpi a 1500 m min 15\u00b0C max 21\u00b0C, a 2000 m min 12\u00b0C max 17\u00b0C. Su Dolomiti a 2000 m min 11\u00b0C max 19\u00b0C, a 3000 m min 6\u00b0C max 8\u00b0C.<br \/>\n<b>Venti: <\/b>Nelle valli perlopi\u00f9 deboli per brezze, localmente e a tratti moderati nei settori solitamente pi\u00f9 ventilati; in quota deboli\/moderati da sud-ovest, 5-10 km\/h a 2000 m e 15-20 km\/h a 3000 m.<\/p>\n<hr \/>\n<p><center><b>Venerdi 30<\/b><\/center><b>Tempo atteso: <\/b>Tempo in parte soleggiato e stabile al mattino. Poi la maggiore umidit\u00e0 e la forte convezione diurna saranno favorevoli al generare addensamenti pomeridiani, anche intensi, e di alimentare qualche focolaio temporalesco, specie nel tardo pomeriggio\/sera. Prima dell&#8217;instabilit\u00e0, ersistenza del caldo e accentuazione dell&#8217;afa nei fondovalle.<br \/>\n<b>Precipitazioni: <\/b>Fino al primo pomeriggio assenti (0%), poi probabilit\u00e0 in aumento fino a risultare medio-alta nel tardo pomeriggio\/sera (60\/80%) per rovesci e temporali sparsi.<br \/>\n<b>Temperature: <\/b>Senza notevoli variazioni, ad eccezioni di un leggera flessione delle massime nei settori interessati dall&#8217; instabilit\u00e0. Sono previste punte di 30\/32\u00b0C nei fondovalle prealpini e di 24\/28\u00b0C a 1000\/1200 m. Su Prealpi a 1500 m min 15\u00b0C max 20\u00b0C, a 2000 m min 12\u00b0C max 16\u00b0C. Su Dolomiti a 2000 m min 11\u00b0C max 18\u00b0C, a 3000 m min 6\u00b0C max 7\u00b0C.<br \/>\n<b>Venti: <\/b>Nelle valli perlopi\u00f9 deboli per brezze, localmente e a tratti moderati nei settori solitamente pi\u00f9 ventilati; in caso di temporali rischio di forti e improvvise raffiche di vento. In quota deboli\/moderati da ovest sud-ovest, in graduale rinforzo alla sera, 5-15 km\/h a 2000 m e 15-30 km\/h a 3000 m.<\/p>\n<hr \/>\n<p><center><b>Sabato 31<\/b><\/center>Gli spazi soleggiati tenderanno a ridursi sensibilmente, anche se presenti sia al mattino che al pomeriggio, mentre la copertura nuvolosa aumenter\u00e0 per attivit\u00e0 cumuliforme,la quale sar\u00e0 a tratti intensa e associata a rovesci e temporali sparsi., pi\u00f9 probabili al pomeriggio e in serata. Temperature in leggera flessione, eccetto aumento delle minime nelle valli. Venti moderati\/tesi da sud-ovest in quota; deboli di direzione variabile nelle valli, con locali rinforzi per forti raffiche nelle fasi temporalesche.<\/p>\n<hr \/>\n<p><center><b>Domenica 1<\/b><\/center>Momenti soleggiati e addensamenti cumuliformi, anche intensi, i primi minoritari e i secondi prevalenti e associati a rovesci e temporali sparsi, senza poter a oggi definire una reale tempistica dello svolgimento degli eventi, in quanto l&#8217;instabilit\u00e0 sembra poter verificarsi anche in parte tra la notte ed il mattino. Temperature in ulteriore generale lieve calo. Venti moderati\/tesi da sud-ovest in quota; deboli di direzione variabile nelle valli, con locali rinforzi per forti raffiche nelle fasi temporalesche. Previsore:R.L.Th.<\/p>\n<div class=\"page-title-breadcrumbs\">\n<div class=\"o9v6fnle cxmmr5t8 oygrvhab hcukyx3x c1et5uql ii04i59q\">\n<p>&nbsp;<\/p>\n<hr \/>\n<p>&nbsp;<\/p>\n<\/div>\n<\/div>\n<p><img loading=\"lazy\" decoding=\"async\" class=\"aligncenter wp-image-60761 size-full\" src=\"https:\/\/www.radiopiu.net\/wordpress\/wp-content\/uploads\/2018\/09\/sport.jpg\" alt=\"\" width=\"800\" height=\"100\" srcset=\"https:\/\/www.radiopiu.net\/wordpress\/wp-content\/uploads\/2018\/09\/sport.jpg 800w, https:\/\/www.radiopiu.net\/wordpress\/wp-content\/uploads\/2018\/09\/sport-300x38.jpg 300w, https:\/\/www.radiopiu.net\/wordpress\/wp-content\/uploads\/2018\/09\/sport-768x96.jpg 768w\" sizes=\"auto, (max-width: 800px) 100vw, 800px\" \/><\/p>\n<p>&nbsp;<\/p>\n<p>&nbsp;<\/p>\n<blockquote>\n<h3>SONO 200 GLI ISCRITTI ALL&#8217;ALPAGO SKY SUPER 3<\/h3>\n<\/blockquote>\n<p><a href=\"https:\/\/www.radiopiu.net\/wordpress\/?attachment_id=224559\" rel=\"attachment wp-att-224559\"><img loading=\"lazy\" decoding=\"async\" class=\"size-medium wp-image-224559 alignleft\" src=\"https:\/\/www.radiopiu.net\/wordpress\/wp-content\/uploads\/2021\/07\/alpago-sky-super-3-10-agosto-2019-il-vincitore-eddj-nani-300x200.jpg\" alt=\"\" width=\"300\" height=\"200\" srcset=\"https:\/\/www.radiopiu.net\/wordpress\/wp-content\/uploads\/2021\/07\/alpago-sky-super-3-10-agosto-2019-il-vincitore-eddj-nani-300x200.jpg 300w, https:\/\/www.radiopiu.net\/wordpress\/wp-content\/uploads\/2021\/07\/alpago-sky-super-3-10-agosto-2019-il-vincitore-eddj-nani-1024x683.jpg 1024w, https:\/\/www.radiopiu.net\/wordpress\/wp-content\/uploads\/2021\/07\/alpago-sky-super-3-10-agosto-2019-il-vincitore-eddj-nani-768x513.jpg 768w, https:\/\/www.radiopiu.net\/wordpress\/wp-content\/uploads\/2021\/07\/alpago-sky-super-3-10-agosto-2019-il-vincitore-eddj-nani.jpg 1500w\" sizes=\"auto, (max-width: 300px) 100vw, 300px\" \/><\/a><strong>ALPAGO<\/strong> Mancano dieci giorni alla nona edizione di Alpago Sky Super 3, la manifestazione podistica che \u00a0vuole onorare la memoria di Andrea Zanon, David Cecchin e Maudi De March, i tre ragazzi del Soccorso Alpino caduti sul Monte Cridola nell\u2019estate del 2012. L\u2019appuntamento \u00e8 per domenica 8 agosto. Tre le possibilit\u00e0\u00a0 di partecipazione. Per gli agonisti la Sky da 20.5 chilometri e 1.945 metri di dislivello. Per chi volesse cimentarsi con chilometraggio e dislivello meno impegnativo ci sar\u00e0 la Mini Sky 3,\u00a0 tracciato di 10 chilometri e 695 metri di dislivello. Infine la Camminata per tutti,\u00a0 5 chilometri di sviluppo e\u00a0 250 metri di dislivello. Le iscrizioni alla Sky 3 e alla Mini Sky 3, possibili esclusivamente sul sito della manifestazione www.dolomitiski-alp.com.<\/p>\n<p>&nbsp;<\/p>\n<p>&nbsp;<\/p>\n<p>&nbsp;<\/p>\n<p>&nbsp;<\/p>\n<hr \/>\n<blockquote>\n<h3><\/h3>\n<h3>UN NUOVO SITO INTERNET PER IL GIRO DEL LAGO DI SANTA CROCE<\/h3>\n<\/blockquote>\n<p><em><strong>La manifestazione solidaristica \u00e8 in\u00a0programma domenica 22 agosto<\/strong><\/em><\/p>\n<p><a href=\"https:\/\/www.radiopiu.net\/wordpress\/?attachment_id=224558\" rel=\"attachment wp-att-224558\"><img loading=\"lazy\" decoding=\"async\" class=\"size-medium wp-image-224558 alignleft\" src=\"https:\/\/www.radiopiu.net\/wordpress\/wp-content\/uploads\/2021\/07\/giro-del-lago-2019-la-partenza-300x200.jpg\" alt=\"\" width=\"300\" height=\"200\" srcset=\"https:\/\/www.radiopiu.net\/wordpress\/wp-content\/uploads\/2021\/07\/giro-del-lago-2019-la-partenza-300x200.jpg 300w, https:\/\/www.radiopiu.net\/wordpress\/wp-content\/uploads\/2021\/07\/giro-del-lago-2019-la-partenza-1024x683.jpg 1024w, https:\/\/www.radiopiu.net\/wordpress\/wp-content\/uploads\/2021\/07\/giro-del-lago-2019-la-partenza-768x512.jpg 768w, https:\/\/www.radiopiu.net\/wordpress\/wp-content\/uploads\/2021\/07\/giro-del-lago-2019-la-partenza-1536x1024.jpg 1536w, https:\/\/www.radiopiu.net\/wordpress\/wp-content\/uploads\/2021\/07\/giro-del-lago-2019-la-partenza.jpg 1900w\" sizes=\"auto, (max-width: 300px) 100vw, 300px\" \/><\/a><strong>ALPAGO<\/strong> Un nuovo sito internet per il comitato Alpago 2 Ruote&amp;Solidariet\u00e0 e per il Giro del Lago di Santa Croce.\u00a0 E&#8217;\u00a0on line la versione rinnovata di\u00a0<a href=\"http:\/\/www.2ruotealpago.it\/\">www.2ruotealpago.it<\/a>, lo spazio web del comitato presieduto da Ennio Soccal che \u00a0commenta <em>&#8220;Lo \u201clanciamo\u201d a poco meno di un mese dall\u2019edizione numero 27, edizione che sar\u00e0 in presenza (lo scorso anno il Giro non si \u00e8 svolto, anche se la raccolta fondi \u00e8 stata realizzata comunque, portando a una raccolta di 10.605 euro, ndr) e che, auspichiamo, possa essere quella della ripartenza definitiva. Proporremo le prove che hanno caratterizzato gli ultimi anni, vale a dire il ciclismo, la corsa, l\u2019handybike, i roller e la passeggiata. Stiamo mettendo a punto gli ultimi dettagli in vista dell\u2019appuntamento del 22 agosto&#8221;\u00a0<\/em><\/p>\n<p>&nbsp;<\/p>\n<p>&nbsp;<\/p>\n<p>&nbsp;<\/p>\n<hr \/>\n<p>&nbsp;<\/p>\n<p>&nbsp;<\/p>\n<\/div>\n<\/div>\n<\/div>\n<\/div>\n<\/div>\n<\/div>\n<\/div>\n<\/div>\n<\/div>\n<\/div>\n<\/div>\n<\/div>\n<\/div>\n<\/div>\n<\/div>\n","protected":false},"excerpt":{"rendered":"<p>GRUPPO FACEBOOK: RADIO PIU EMITTENTE AGORDINA, ISCRIZIONE GRATUITA &nbsp; &nbsp; &nbsp; IN FUNZIONE DA OGGI IL VELOX A BRENTA, TRA PIEVE DI LIVINALLONGO E ARABBA\u00a0 LIVINALLONGO Da oggi\u00a0 ricomincia il controllo della velocit\u00e0 sulla strada che da Pieve di Livinallongo porta ad Arabba, lo annuncia il sindaco Leandro Grones. Automobilisti e motociclisti &#8211; soprattutto quelli&hellip;<\/p>\n","protected":false},"author":4,"featured_media":224697,"comment_status":"closed","ping_status":"open","sticky":false,"template":"","format":"standard","meta":{"_monsterinsights_skip_tracking":false,"_monsterinsights_sitenote_active":false,"_monsterinsights_sitenote_note":"","_monsterinsights_sitenote_category":0,"footnotes":""},"categories":[1,51,86,49],"tags":[],"class_list":["post-224504","post","type-post","status-publish","format-standard","has-post-thumbnail","hentry","category-senza-categoria","category-evidenza-top","category-gr","category-news-18","category-1","category-51","category-86","category-49","description-off"],"img_url":"https:\/\/www.radiopiu.net\/wordpress\/wp-content\/uploads\/2021\/07\/AGORDO-ARCOBALENO-BROI.jpg","_links":{"self":[{"href":"https:\/\/www.radiopiu.net\/wordpress\/wp-json\/wp\/v2\/posts\/224504","targetHints":{"allow":["GET"]}}],"collection":[{"href":"https:\/\/www.radiopiu.net\/wordpress\/wp-json\/wp\/v2\/posts"}],"about":[{"href":"https:\/\/www.radiopiu.net\/wordpress\/wp-json\/wp\/v2\/types\/post"}],"author":[{"embeddable":true,"href":"https:\/\/www.radiopiu.net\/wordpress\/wp-json\/wp\/v2\/users\/4"}],"replies":[{"embeddable":true,"href":"https:\/\/www.radiopiu.net\/wordpress\/wp-json\/wp\/v2\/comments?post=224504"}],"version-history":[{"count":0,"href":"https:\/\/www.radiopiu.net\/wordpress\/wp-json\/wp\/v2\/posts\/224504\/revisions"}],"wp:featuredmedia":[{"embeddable":true,"href":"https:\/\/www.radiopiu.net\/wordpress\/wp-json\/wp\/v2\/media\/224697"}],"wp:attachment":[{"href":"https:\/\/www.radiopiu.net\/wordpress\/wp-json\/wp\/v2\/media?parent=224504"}],"wp:term":[{"taxonomy":"category","embeddable":true,"href":"https:\/\/www.radiopiu.net\/wordpress\/wp-json\/wp\/v2\/categories?post=224504"},{"taxonomy":"post_tag","embeddable":true,"href":"https:\/\/www.radiopiu.net\/wordpress\/wp-json\/wp\/v2\/tags?post=224504"}],"curies":[{"name":"wp","href":"https:\/\/api.w.org\/{rel}","templated":true}]}}