{"id":224507,"date":"2021-07-28T05:34:00","date_gmt":"2021-07-28T03:34:00","guid":{"rendered":"https:\/\/www.radiopiu.net\/wordpress\/?p=224507"},"modified":"2021-07-28T05:49:27","modified_gmt":"2021-07-28T03:49:27","slug":"grave-maltempo-in-veneto-danni-ingenti-serve-intervento-nazionale","status":"publish","type":"post","link":"https:\/\/www.radiopiu.net\/wordpress\/grave-maltempo-in-veneto-danni-ingenti-serve-intervento-nazionale\/","title":{"rendered":"GRAVE MALTEMPO IN VENETO \u201cDANNI INGENTI. SERVE INTERVENTO NAZIONALE\u201d"},"content":{"rendered":"<p><strong>VENEZIA<\/strong>\u00a0 Il Presidente della Regione, Luca Zaia, ha gi\u00e0 avviato le procedure per la dichiarazione di stato di crisi determinato dalla grave ondata di maltempo che ha colpito in queste ore il Veneto, dove i soccorritori hanno gi\u00e0 effettuato pi\u00f9 di 150 interventi, soprattutto nelle aree pi\u00f9 colpite: il trevigiano, il padovano, il vicentino e il veneziano. <em>\u201cE\u2019 un atto doveroso \u2013 dice Zaia \u2013 di fronte a una criticit\u00e0 che sta coinvolgendo pressoch\u00e8 tutto il Veneto. Abbiamo una lista di Comuni gi\u00e0 certa \u2013 annuncia \u2013 e altri si aggiungeranno, con danni causati dal vento, dalle grandinate e dalle forti piogge, in queste ore e anche nei giorni precedenti\u201d. <\/em>\u201cE\u2019 fondamentale \u2013 dice ancora Zaia \u2013 che ci sia un intervento nazionale; che vengano raccolti i dati sui danni da parte dei cittadini e che sia fatta una cernita da parte dei Comuni. Subito dopo il dossier della Regione andr\u00e0 a Roma per la richiesta danni, perch\u00e9 comunque l\u2019agricoltura \u00e8 in ginocchio, come peraltro varie altre attivit\u00e0 umane, con danni tipici di eventi atmosferici importanti e non ordinari\u201d. \u201cRingrazio tutta la squadra dei soccorsi che sta intervenendo con tempestivit\u00e0: la nostra protezione civile e i tanti volontari, i Vigili del Fuoco, le Forze dell\u2019Ordine e chiunque sta dando una mano\u201d.<\/p>\n\n\t\t\t<style type='text\/css'>\n\t\t\t\t#gallery-1 {\n\t\t\t\t\tmargin: auto;\n\t\t\t\t}\n\t\t\t\t#gallery-1 .gallery-item {\n\t\t\t\t\tfloat: left;\n\t\t\t\t\tmargin-top: 10px;\n\t\t\t\t\ttext-align: center;\n\t\t\t\t\twidth: 25%;\n\t\t\t\t}\n\t\t\t\t#gallery-1 img {\n\t\t\t\t\tborder: 2px solid #cfcfcf;\n\t\t\t\t}\n\t\t\t\t#gallery-1 .gallery-caption {\n\t\t\t\t\tmargin-left: 0;\n\t\t\t\t}\n\t\t\t\t\/* see gallery_shortcode() in wp-includes\/media.php *\/\n\t\t\t<\/style>\n\t\t<div id='gallery-1' class='dt-gallery-container gallery galleryid-224507 gallery-columns-4 gallery-size-thumbnail'><dl class='gallery-item'>\n\t\t\t\t<dt class='gallery-icon landscape'>\n\t\t\t\t\t<a class=\"rollover rollover-zoom dt-pswp-item\" title=\"eafb115b-2839-49d2-a6a6-b2004c4afba2\" data-dt-img-description=\"\" data-large_image_width=\"1600\" data-large_image_height=\"900\"href='https:\/\/www.radiopiu.net\/wordpress\/wp-content\/uploads\/2021\/07\/eafb115b-2839-49d2-a6a6-b2004c4afba2.jpg'><img loading=\"lazy\" decoding=\"async\" width=\"150\" height=\"150\" src=\"https:\/\/www.radiopiu.net\/wordpress\/wp-content\/uploads\/2021\/07\/eafb115b-2839-49d2-a6a6-b2004c4afba2-150x150.jpg\" class=\"attachment-thumbnail size-thumbnail\" alt=\"\" \/><\/a>\n\t\t\t\t<\/dt><\/dl><dl class='gallery-item'>\n\t\t\t\t<dt class='gallery-icon landscape'>\n\t\t\t\t\t<a class=\"rollover rollover-zoom dt-pswp-item\" title=\"ef431574-491a-474f-a73e-f40a816cd670\" data-dt-img-description=\"\" data-large_image_width=\"1600\" data-large_image_height=\"900\"href='https:\/\/www.radiopiu.net\/wordpress\/wp-content\/uploads\/2021\/07\/ef431574-491a-474f-a73e-f40a816cd670.jpg'><img loading=\"lazy\" decoding=\"async\" width=\"150\" height=\"150\" src=\"https:\/\/www.radiopiu.net\/wordpress\/wp-content\/uploads\/2021\/07\/ef431574-491a-474f-a73e-f40a816cd670-150x150.jpg\" class=\"attachment-thumbnail size-thumbnail\" alt=\"\" \/><\/a>\n\t\t\t\t<\/dt><\/dl><dl class='gallery-item'>\n\t\t\t\t<dt class='gallery-icon landscape'>\n\t\t\t\t\t<a class=\"rollover rollover-zoom dt-pswp-item\" title=\"4fdb9e16-853b-416e-8399-a2005df66fad\" data-dt-img-description=\"\" data-large_image_width=\"1600\" data-large_image_height=\"900\"href='https:\/\/www.radiopiu.net\/wordpress\/wp-content\/uploads\/2021\/07\/4fdb9e16-853b-416e-8399-a2005df66fad.jpg'><img loading=\"lazy\" decoding=\"async\" width=\"150\" height=\"150\" src=\"https:\/\/www.radiopiu.net\/wordpress\/wp-content\/uploads\/2021\/07\/4fdb9e16-853b-416e-8399-a2005df66fad-150x150.jpg\" class=\"attachment-thumbnail size-thumbnail\" alt=\"\" \/><\/a>\n\t\t\t\t<\/dt><\/dl><dl class='gallery-item'>\n\t\t\t\t<dt class='gallery-icon landscape'>\n\t\t\t\t\t<a class=\"rollover rollover-zoom dt-pswp-item\" title=\"5188fd52-9840-45e3-923f-a6ebda4d78d0\" data-dt-img-description=\"\" data-large_image_width=\"1600\" data-large_image_height=\"900\"href='https:\/\/www.radiopiu.net\/wordpress\/wp-content\/uploads\/2021\/07\/5188fd52-9840-45e3-923f-a6ebda4d78d0.jpg'><img loading=\"lazy\" decoding=\"async\" width=\"150\" height=\"150\" src=\"https:\/\/www.radiopiu.net\/wordpress\/wp-content\/uploads\/2021\/07\/5188fd52-9840-45e3-923f-a6ebda4d78d0-150x150.jpg\" class=\"attachment-thumbnail size-thumbnail\" alt=\"\" \/><\/a>\n\t\t\t\t<\/dt><\/dl><br style=\"clear: both\" \/>\n\t\t\t<\/div>\n\n<blockquote>\n<h3>L&#8217;ASSESSORE GIANPAOLO BOTTACIN<\/h3>\n<\/blockquote>\n<p><strong>&#8220;Anche in Veneto danni da maltempo (vento, pioggia e grandine) in modo particolare nel vicentino padovano trevigiano e veneziano (a s. Germano dei Berici palestra scoperchiata), \u00a0150 interventi in corso con Vigili del Fuoco e Protezione Civile. Sono 258 al momento gli interventi i corso e in coda,\u00a0 parecchie disalimentazioni elettriche ma saranno ripristinate a breve&#8221;<\/strong><\/p>\n","protected":false},"excerpt":{"rendered":"<p>VENEZIA\u00a0 Il Presidente della Regione, Luca Zaia, ha gi\u00e0 avviato le procedure per la dichiarazione di stato di crisi determinato dalla grave ondata di maltempo che ha colpito in queste ore il Veneto, dove i soccorritori hanno gi\u00e0 effettuato pi\u00f9 di 150 interventi, soprattutto nelle aree pi\u00f9 colpite: il trevigiano, il padovano, il vicentino e&hellip;<\/p>\n","protected":false},"author":4,"featured_media":224508,"comment_status":"closed","ping_status":"open","sticky":false,"template":"","format":"standard","meta":{"_monsterinsights_skip_tracking":false,"_monsterinsights_sitenote_active":false,"_monsterinsights_sitenote_note":"","_monsterinsights_sitenote_category":0,"footnotes":""},"categories":[51,49],"tags":[],"class_list":["post-224507","post","type-post","status-publish","format-standard","has-post-thumbnail","hentry","category-evidenza-top","category-news-18","category-51","category-49","description-off"],"img_url":"https:\/\/www.radiopiu.net\/wordpress\/wp-content\/uploads\/2021\/07\/eafb115b-2839-49d2-a6a6-b2004c4afba2.jpg","_links":{"self":[{"href":"https:\/\/www.radiopiu.net\/wordpress\/wp-json\/wp\/v2\/posts\/224507","targetHints":{"allow":["GET"]}}],"collection":[{"href":"https:\/\/www.radiopiu.net\/wordpress\/wp-json\/wp\/v2\/posts"}],"about":[{"href":"https:\/\/www.radiopiu.net\/wordpress\/wp-json\/wp\/v2\/types\/post"}],"author":[{"embeddable":true,"href":"https:\/\/www.radiopiu.net\/wordpress\/wp-json\/wp\/v2\/users\/4"}],"replies":[{"embeddable":true,"href":"https:\/\/www.radiopiu.net\/wordpress\/wp-json\/wp\/v2\/comments?post=224507"}],"version-history":[{"count":0,"href":"https:\/\/www.radiopiu.net\/wordpress\/wp-json\/wp\/v2\/posts\/224507\/revisions"}],"wp:featuredmedia":[{"embeddable":true,"href":"https:\/\/www.radiopiu.net\/wordpress\/wp-json\/wp\/v2\/media\/224508"}],"wp:attachment":[{"href":"https:\/\/www.radiopiu.net\/wordpress\/wp-json\/wp\/v2\/media?parent=224507"}],"wp:term":[{"taxonomy":"category","embeddable":true,"href":"https:\/\/www.radiopiu.net\/wordpress\/wp-json\/wp\/v2\/categories?post=224507"},{"taxonomy":"post_tag","embeddable":true,"href":"https:\/\/www.radiopiu.net\/wordpress\/wp-json\/wp\/v2\/tags?post=224507"}],"curies":[{"name":"wp","href":"https:\/\/api.w.org\/{rel}","templated":true}]}}