{"id":224579,"date":"2021-07-28T13:43:09","date_gmt":"2021-07-28T11:43:09","guid":{"rendered":"https:\/\/www.radiopiu.net\/wordpress\/?p=224579"},"modified":"2021-07-29T06:13:01","modified_gmt":"2021-07-29T04:13:01","slug":"sos-piccoli-acquisti-con-i-ragazzi-del-centro-diurno","status":"publish","type":"post","link":"https:\/\/www.radiopiu.net\/wordpress\/sos-piccoli-acquisti-con-i-ragazzi-del-centro-diurno\/","title":{"rendered":"SOS PICCOLI ACQUISTI, CON I RAGAZZI DEL CENTRO DIURNO"},"content":{"rendered":"<blockquote>\n<h3><em style=\"font-size: 14px; font-weight: normal;\">gesti carichi di significato e di utilit\u00e0 per chi li riceve e per chi li dona<\/em><\/h3>\n<\/blockquote>\n<p><strong><a href=\"https:\/\/www.radiopiu.net\/wordpress\/giornale-radiopiu-29-luglio-2021-direttore-mirko-mezzacasa\/whatsapp-image-2021-07-14-at-10-18-17-1\/\" rel=\"attachment wp-att-224578\"><img loading=\"lazy\" decoding=\"async\" class=\"size-medium wp-image-224578 alignleft\" src=\"https:\/\/www.radiopiu.net\/wordpress\/wp-content\/uploads\/2021\/07\/WhatsApp-Image-2021-07-14-at-10.18.17-1-e1627472517735-300x225.jpeg\" alt=\"\" width=\"300\" height=\"225\" srcset=\"https:\/\/www.radiopiu.net\/wordpress\/wp-content\/uploads\/2021\/07\/WhatsApp-Image-2021-07-14-at-10.18.17-1-e1627472517735-300x225.jpeg 300w, https:\/\/www.radiopiu.net\/wordpress\/wp-content\/uploads\/2021\/07\/WhatsApp-Image-2021-07-14-at-10.18.17-1-e1627472517735-768x576.jpeg 768w, https:\/\/www.radiopiu.net\/wordpress\/wp-content\/uploads\/2021\/07\/WhatsApp-Image-2021-07-14-at-10.18.17-1-e1627472517735.jpeg 1024w\" sizes=\"auto, (max-width: 300px) 100vw, 300px\" \/><\/a>BELLUNO<\/strong> I ragazzi del Gruppo Educativo Diurno\u00a0 in Via Feltre, sono a disposizione dei dipendenti ulss della sede stessa per piccoli acquisti o commissioni nei negozi delle vicinanze. In questo modo, i ragazzi sperimentano l\u2019autonomia e i dipendenti possono usufruire di un utile servizio per conciliare la vita e il lavoro. Il Servizio Integrazione Scolastica e Sociale dell\u2019ULSS 1 Dolomiti con sede a Belluno, promuove il progetto GEOD Gruppo Educativo Orientamento Disabili che prevede laboratori organizzati in piccoli gruppi rivolti a ragazzi con disabilit\u00e0. Queste attivit\u00e0 hanno come obiettivo l\u2019inclusione sociale e l\u2019acquisizione di prerequisiti di autonomia utili per un eventuale inserimento lavorativo. Questi progetti rientrano nel progetto educativo scolastico e vengono condivisi e sottoscritti dalla scuola e dalla famiglia.\u00a0 I ragazzi domani\u00a0 e ogni giovedi dalle 9 alle 11.30, sono a disposizione per svolgere piccole commissioni nei negozi dislocati nelle vicinanze. E\u2019 un\u2019attivit\u00e0 piuttosto articolata che viene promossa attraverso l\u2019utilizzo di un volantino realizzato dai ragazzi stessi e dall\u2019invio di mail di promemoria nella giornata prevista. I ragazzi si alternano nei diversi compiti che iniziano con la raccolta telefonica degli ordini, attraverso uno schema predefinito che li aiuta ad individuare la persona, l\u2019ubicazione dell\u2019ufficio e la richiesta d\u2019acquisto. Si recano poi personalmente da chi ha chiamato e compilano una ricevuta alla consegna dei soldi. Segue infine l\u2019individuazione in autonomia del negozio, l\u2019acquisto e la consegna della merce richiesta al committente. In questo modo i ragazzi si sentono capaci di svolgere delle mansioni in autonomia attraverso le quali vengono riconosciuti e si sentono parte attiva all\u2019interno di rapporti sociali formali. Tutto ci\u00f2 potenzia la loro autostima e permette loro di affinare sempre pi\u00f9 le abilit\u00e0 necessarie anche in vista di un futuro inserimento nel mondo del lavoro. Il progetto ha avuto un esito positivo anche grazie alla sensibilit\u00e0 dei dipendenti in servizio in via Feltre che con la loro partecipazione settimanale hanno saputo cogliere l\u2019essenza dell\u2019attivit\u00e0.<\/p>\n<p>&nbsp;<\/p>\n","protected":false},"excerpt":{"rendered":"<p>gesti carichi di significato e di utilit\u00e0 per chi li riceve e per chi li dona BELLUNO I ragazzi del Gruppo Educativo Diurno\u00a0 in Via Feltre, sono a disposizione dei dipendenti ulss della sede stessa per piccoli acquisti o commissioni nei negozi delle vicinanze. In questo modo, i ragazzi sperimentano l\u2019autonomia e i dipendenti possono&hellip;<\/p>\n","protected":false},"author":4,"featured_media":224578,"comment_status":"closed","ping_status":"open","sticky":false,"template":"","format":"standard","meta":{"_monsterinsights_skip_tracking":false,"_monsterinsights_sitenote_active":false,"_monsterinsights_sitenote_note":"","_monsterinsights_sitenote_category":0,"footnotes":""},"categories":[1,104,49],"tags":[],"class_list":["post-224579","post","type-post","status-publish","format-standard","has-post-thumbnail","hentry","category-senza-categoria","category-evidenza_3","category-news-18","category-1","category-104","category-49","description-off"],"img_url":"https:\/\/www.radiopiu.net\/wordpress\/wp-content\/uploads\/2021\/07\/WhatsApp-Image-2021-07-14-at-10.18.17-1-e1627472517735.jpeg","_links":{"self":[{"href":"https:\/\/www.radiopiu.net\/wordpress\/wp-json\/wp\/v2\/posts\/224579","targetHints":{"allow":["GET"]}}],"collection":[{"href":"https:\/\/www.radiopiu.net\/wordpress\/wp-json\/wp\/v2\/posts"}],"about":[{"href":"https:\/\/www.radiopiu.net\/wordpress\/wp-json\/wp\/v2\/types\/post"}],"author":[{"embeddable":true,"href":"https:\/\/www.radiopiu.net\/wordpress\/wp-json\/wp\/v2\/users\/4"}],"replies":[{"embeddable":true,"href":"https:\/\/www.radiopiu.net\/wordpress\/wp-json\/wp\/v2\/comments?post=224579"}],"version-history":[{"count":0,"href":"https:\/\/www.radiopiu.net\/wordpress\/wp-json\/wp\/v2\/posts\/224579\/revisions"}],"wp:featuredmedia":[{"embeddable":true,"href":"https:\/\/www.radiopiu.net\/wordpress\/wp-json\/wp\/v2\/media\/224578"}],"wp:attachment":[{"href":"https:\/\/www.radiopiu.net\/wordpress\/wp-json\/wp\/v2\/media?parent=224579"}],"wp:term":[{"taxonomy":"category","embeddable":true,"href":"https:\/\/www.radiopiu.net\/wordpress\/wp-json\/wp\/v2\/categories?post=224579"},{"taxonomy":"post_tag","embeddable":true,"href":"https:\/\/www.radiopiu.net\/wordpress\/wp-json\/wp\/v2\/tags?post=224579"}],"curies":[{"name":"wp","href":"https:\/\/api.w.org\/{rel}","templated":true}]}}