{"id":224830,"date":"2021-07-29T15:37:22","date_gmt":"2021-07-29T13:37:22","guid":{"rendered":"https:\/\/www.radiopiu.net\/wordpress\/?p=224830"},"modified":"2021-07-29T15:40:22","modified_gmt":"2021-07-29T13:40:22","slug":"covid-19-aggiornamento-ulss-1-sono-185-le-persone-attualmente-positive-in-provincia-di-belluno-registrato-un-quinto-ricovero-a-belluno","status":"publish","type":"post","link":"https:\/\/www.radiopiu.net\/wordpress\/covid-19-aggiornamento-ulss-1-sono-185-le-persone-attualmente-positive-in-provincia-di-belluno-registrato-un-quinto-ricovero-a-belluno\/","title":{"rendered":"COVID-19, AGGIORNAMENTO ULSS 1. SONO 185 LE PERSONE ATTUALMENTE POSITIVE IN PROVINCIA DI BELLUNO. REGISTRATO UN QUINTO RICOVERO A BELLUNO"},"content":{"rendered":"<p><strong><a href=\"https:\/\/www.radiopiu.net\/wordpress\/giornale-radiopiu-10-marzo-2020-direttore-mirko-mezzacasa\/covid-ulss\/\" rel=\"attachment wp-att-121260\"><img loading=\"lazy\" decoding=\"async\" class=\"size-medium wp-image-121260 alignleft\" src=\"https:\/\/www.radiopiu.net\/wordpress\/wp-content\/uploads\/2020\/03\/covid-ulss-300x225.jpg\" alt=\"\" width=\"300\" height=\"225\" srcset=\"https:\/\/www.radiopiu.net\/wordpress\/wp-content\/uploads\/2020\/03\/covid-ulss-300x225.jpg 300w, https:\/\/www.radiopiu.net\/wordpress\/wp-content\/uploads\/2020\/03\/covid-ulss-768x576.jpg 768w, https:\/\/www.radiopiu.net\/wordpress\/wp-content\/uploads\/2020\/03\/covid-ulss.jpg 800w\" sizes=\"auto, (max-width: 300px) 100vw, 300px\" \/><\/a>BELLUNO <\/strong>Le persone attualmente positive in Ulss Dolomiti sono 185. I nuovi casi nelle ultime 24 ore sono 17. La casistica degli ultimi giorni \u00e8 riferibile prevalentemente a focolai familiari o amicali o a link lavorativi o a casi di rientri da localit\u00e0 turistiche prevalemente balneari o dall\u2019estero. E\u2019 stato registrato un quinto ricovero in Malattie Infettive a Belluno. Si tratta di una donna sessantenne. In considerazione dell\u2019attuale scenario epidemiologico e l\u2019attuale aumento dell\u2019incidenza di nuovi casi in particolare nelle fasce d\u2019et\u00e0 pi\u00f9 giovani, la Regione Veneto raccomanda l\u2019adesione all\u2019offerta di tamponi di screening per i servizi educativi e ricreativi per minori ed in particolare per i servizi che prevedono pernottamento (come i campeggi) o lo svolgimento di sport da contatto. Si ribadisce l\u2019importanza di programmare il test di screening prima della partenza (entro le 48 ore) al fine di intercettare eventuali soggetti positivi che potrebbero determinare l\u2019insorgenza di un focolaio, con conseguenze rilevanti oltre che per la salute individuale e collettiv anche sull\u2019organizzazione delle attivit\u00e0 stesse. I covid point dell\u2019Ulss Dolomiti sono aperti con accesso libero (senza prenotazione e senza impegnativa) e il test \u00e8 gratuito. Viene rilasciata certificazione. Questi le sedi e gli orari (modalit\u00e0 drive-in): Covid Point <strong>Belluno-Ospedale<\/strong> (drive-in San Gervasio) tutti i giorni, festivi inclusi, dalle 8.30 alle 12.30; Covid Point <strong>Feltre-Anz\u00f9 <\/strong>dal luned\u00ec al sabato (festivi esclusi), dalle 8.30 alle 12.30; Covid Point <strong>Agordo-Tamonich <\/strong>marted\u00ec, gioved\u00ec e sabato (festivi esclusi), dalle 9 alle 10; Covid Point <strong>Tai di Cadore <\/strong>marted\u00ec, gioved\u00ec e sabato (festivi esclusi), dalle 13 alle 15. Oggi si \u00e8 svolta una seduta vaccinale e di tamponi a Cortina d\u2019Ampezzo (Stadio del Ghiaccio) che ha riscontrato un\u2019ottima adesione. Ci sono ancora alcuni posti disponibili per la prossima seduta vaccinale anti covid a<strong> Cortina <\/strong>in programma il 2 agosto (prenotazioni dal sito <a href=\"http:\/\/www.aulss1.veneto.it\/\">www.aulss1.veneto.it<\/a>). Nei prossimi giorni sono in programma sedute vaccinali, organizzate in collaborazione con i Comuni, venerd\u00ec 30 luglio: <strong>Arsi\u00e8 e Fonzaso <\/strong>con inviti con SMS; marted\u00ec 3 agosto <strong>Pedavena<\/strong> \u2013 scuole elementari dalle 15.00 alle 16.00 persone con pi\u00f9 di 12 anni e prenotazioni entro le ore 12.00 del 2 agosto al 3282262289; mercoled\u00ec 4 agosto <strong>Stefano di Cadore \u2013 <\/strong>PalaSport dalle 10:00 alle 12:30 persone con pi\u00f9 di 18 anni <strong>Accesso libero; <\/strong>mercoled\u00ec 4 agosto <strong>Quero<\/strong> \u2013 impianti sportivi persone con pi\u00f9 di 12 anni, prenotazioni al numero 0439\/787097 (orario Biblioteca); mercoled\u00ec 4 agosto <strong>Feltre \u2013 <\/strong>centro prelievi vaccinazioni da parte dei pediatri del distretto 2 \u2013 contattare il proprio pediatra. L&#8217;ULSS Dolomiti offre anche ai lavoratori e turisti non residenti in provincia di Belluno, con &#8220;lunga permanenza&#8221; nel nostro territorio, la vaccinazione anti-Covid. Per richiedere la vaccinazione basta inviare una mail a:\u00a0<a href=\"mailto:vaccinazioni.covid@aulss1.veneto.it\">vaccinazioni.covid@aulss1.veneto.it <\/a>con oggetto: richiesta vaccino anti-Covid NON RESIDENTI. La richiesta dovr\u00e0 riportare i seguenti dati: cognome, nome, data di nascita, codice fiscale, comune di residenza, numero cellulare. Per le richieste di seconde dosi, dovr\u00e0 essere allegato il certificato vaccinale relativo alla prima dose. E\u2019 attivo anche un call center regionale per la prenotazione della vaccinazione ai non residenti: 800462340. Dal 2 agosto 2021, il numero del Dipartimento di Prevenzione dedicato alle informazioni sul Covid 0437\/514343 sar\u00e0 attivo tutti i giorni dalle 8.00 alle 20.00<\/p>\n<p>&nbsp;<\/p>\n<p>&nbsp;<\/p>\n<p>&nbsp;<\/p>\n<p>*****<\/p>\n","protected":false},"excerpt":{"rendered":"<p>BELLUNO Le persone attualmente positive in Ulss Dolomiti sono 185. I nuovi casi nelle ultime 24 ore sono 17. La casistica degli ultimi giorni \u00e8 riferibile prevalentemente a focolai familiari o amicali o a link lavorativi o a casi di rientri da localit\u00e0 turistiche prevalemente balneari o dall\u2019estero. E\u2019 stato registrato un quinto ricovero in&hellip;<\/p>\n","protected":false},"author":4,"featured_media":121260,"comment_status":"closed","ping_status":"open","sticky":false,"template":"","format":"standard","meta":{"_monsterinsights_skip_tracking":false,"_monsterinsights_sitenote_active":false,"_monsterinsights_sitenote_note":"","_monsterinsights_sitenote_category":0,"footnotes":""},"categories":[49],"tags":[],"class_list":["post-224830","post","type-post","status-publish","format-standard","has-post-thumbnail","hentry","category-news-18","category-49","description-off"],"img_url":"https:\/\/www.radiopiu.net\/wordpress\/wp-content\/uploads\/2020\/03\/covid-ulss.jpg","_links":{"self":[{"href":"https:\/\/www.radiopiu.net\/wordpress\/wp-json\/wp\/v2\/posts\/224830","targetHints":{"allow":["GET"]}}],"collection":[{"href":"https:\/\/www.radiopiu.net\/wordpress\/wp-json\/wp\/v2\/posts"}],"about":[{"href":"https:\/\/www.radiopiu.net\/wordpress\/wp-json\/wp\/v2\/types\/post"}],"author":[{"embeddable":true,"href":"https:\/\/www.radiopiu.net\/wordpress\/wp-json\/wp\/v2\/users\/4"}],"replies":[{"embeddable":true,"href":"https:\/\/www.radiopiu.net\/wordpress\/wp-json\/wp\/v2\/comments?post=224830"}],"version-history":[{"count":0,"href":"https:\/\/www.radiopiu.net\/wordpress\/wp-json\/wp\/v2\/posts\/224830\/revisions"}],"wp:featuredmedia":[{"embeddable":true,"href":"https:\/\/www.radiopiu.net\/wordpress\/wp-json\/wp\/v2\/media\/121260"}],"wp:attachment":[{"href":"https:\/\/www.radiopiu.net\/wordpress\/wp-json\/wp\/v2\/media?parent=224830"}],"wp:term":[{"taxonomy":"category","embeddable":true,"href":"https:\/\/www.radiopiu.net\/wordpress\/wp-json\/wp\/v2\/categories?post=224830"},{"taxonomy":"post_tag","embeddable":true,"href":"https:\/\/www.radiopiu.net\/wordpress\/wp-json\/wp\/v2\/tags?post=224830"}],"curies":[{"name":"wp","href":"https:\/\/api.w.org\/{rel}","templated":true}]}}