{"id":224834,"date":"2021-07-29T15:42:37","date_gmt":"2021-07-29T13:42:37","guid":{"rendered":"https:\/\/www.radiopiu.net\/wordpress\/?p=224834"},"modified":"2021-07-29T15:42:37","modified_gmt":"2021-07-29T13:42:37","slug":"la-settimana-truck-and-bus-in-provincia-13-veicoli-sanzionati","status":"publish","type":"post","link":"https:\/\/www.radiopiu.net\/wordpress\/la-settimana-truck-and-bus-in-provincia-13-veicoli-sanzionati\/","title":{"rendered":"LA SETTIMANA TRUCK AND BUS IN PROVINCIA 13 VEICOLI SANZIONATI"},"content":{"rendered":"<p><strong><a href=\"https:\/\/www.radiopiu.net\/wordpress\/giornale-radiopiu-29-febbraio-2020-direttore-mirko-mezzacasa\/polizia-6\/\" rel=\"attachment wp-att-119561\"><img loading=\"lazy\" decoding=\"async\" class=\"size-medium wp-image-119561 alignleft\" src=\"https:\/\/www.radiopiu.net\/wordpress\/wp-content\/uploads\/2020\/02\/polizia-1-199x300.jpg\" alt=\"\" width=\"199\" height=\"300\" srcset=\"https:\/\/www.radiopiu.net\/wordpress\/wp-content\/uploads\/2020\/02\/polizia-1-199x300.jpg 199w, https:\/\/www.radiopiu.net\/wordpress\/wp-content\/uploads\/2020\/02\/polizia-1.jpg 637w\" sizes=\"auto, (max-width: 199px) 100vw, 199px\" \/><\/a>BELLUNO<\/strong> Il Network Europeo delle Polizie stradali RoadPol ha messo in atto la campagna Truck and Bus dal 19 al 25 luglio, cio\u00e8 per una settimana massima attenzione al trasporto merci e autobus. In quei giorni sono stati intensificati i controlli effettuati dalle Polizie Stradali di tutta Europa con l&#8217;obiettivo di ridurre il numero delle vittime della strada degli incidenti stradali in adesione ad un piano Europeo. Gli agenti hanno proceduto alla verifica dello stato psicofisico dei conducenti, il rispetto dei limiti di velocit\u00e0, il rispetto delle normative sul trasporto merci pericolose e tutte le prescrizioni sull&#8217;autotrasporto. <strong>La Sezione Polizia Stradale di Belluno<\/strong> ha partecipato all&#8217;operazione in date e orari diversi con servizi esclusivi sulle strade della provincia concretizzando i seguenti risultati: veicoli controllati 46, di cui 41 trasporto merci e 5 autobus,\u00a0 13 i veicoli sanzionati, accertando tra l&#8217;altro infrazioni relative al mancato uso delle cinture di sicurezza, mancato rispetto dei tempi di guida e riposo, superamento dei limiti di carico del mezzo e mancato possesso di documentazione di bordo.<\/p>\n<blockquote><p>\n<em>Altre Campagne ed altre incombenze attendono le donne e gli uomini della &#8220;Specialit\u00e0&#8221;, tra le quali, forse, quella pi\u00f9 impegnativa \u00e8 rappresentata dall&#8217;obiettivo della ulteriore riduzione dei dati relativa alla mortalit\u00e0 stradale, obiettivo gi\u00e0 definito a livello comunitario e ad esse la Polizia Stradale di Belluno, unitamente alle proprie articolazioni periferiche di Valle di Cadore e di Feltre, profonder\u00e0 il massimo delle energie per garantire, a tutti i livelli legalit\u00e0 e sicurezza.<\/em><\/p><\/blockquote>\n","protected":false},"excerpt":{"rendered":"<p>BELLUNO Il Network Europeo delle Polizie stradali RoadPol ha messo in atto la campagna Truck and Bus dal 19 al 25 luglio, cio\u00e8 per una settimana massima attenzione al trasporto merci e autobus. In quei giorni sono stati intensificati i controlli effettuati dalle Polizie Stradali di tutta Europa con l&#8217;obiettivo di ridurre il numero delle&hellip;<\/p>\n","protected":false},"author":4,"featured_media":60260,"comment_status":"closed","ping_status":"open","sticky":false,"template":"","format":"standard","meta":{"_monsterinsights_skip_tracking":false,"_monsterinsights_sitenote_active":false,"_monsterinsights_sitenote_note":"","_monsterinsights_sitenote_category":0,"footnotes":""},"categories":[49],"tags":[],"class_list":["post-224834","post","type-post","status-publish","format-standard","has-post-thumbnail","hentry","category-news-18","category-49","description-off"],"img_url":"https:\/\/www.radiopiu.net\/wordpress\/wp-content\/uploads\/2018\/09\/POLIZIA-3.jpg","_links":{"self":[{"href":"https:\/\/www.radiopiu.net\/wordpress\/wp-json\/wp\/v2\/posts\/224834","targetHints":{"allow":["GET"]}}],"collection":[{"href":"https:\/\/www.radiopiu.net\/wordpress\/wp-json\/wp\/v2\/posts"}],"about":[{"href":"https:\/\/www.radiopiu.net\/wordpress\/wp-json\/wp\/v2\/types\/post"}],"author":[{"embeddable":true,"href":"https:\/\/www.radiopiu.net\/wordpress\/wp-json\/wp\/v2\/users\/4"}],"replies":[{"embeddable":true,"href":"https:\/\/www.radiopiu.net\/wordpress\/wp-json\/wp\/v2\/comments?post=224834"}],"version-history":[{"count":0,"href":"https:\/\/www.radiopiu.net\/wordpress\/wp-json\/wp\/v2\/posts\/224834\/revisions"}],"wp:featuredmedia":[{"embeddable":true,"href":"https:\/\/www.radiopiu.net\/wordpress\/wp-json\/wp\/v2\/media\/60260"}],"wp:attachment":[{"href":"https:\/\/www.radiopiu.net\/wordpress\/wp-json\/wp\/v2\/media?parent=224834"}],"wp:term":[{"taxonomy":"category","embeddable":true,"href":"https:\/\/www.radiopiu.net\/wordpress\/wp-json\/wp\/v2\/categories?post=224834"},{"taxonomy":"post_tag","embeddable":true,"href":"https:\/\/www.radiopiu.net\/wordpress\/wp-json\/wp\/v2\/tags?post=224834"}],"curies":[{"name":"wp","href":"https:\/\/api.w.org\/{rel}","templated":true}]}}