{"id":224851,"date":"2021-07-29T16:32:52","date_gmt":"2021-07-29T14:32:52","guid":{"rendered":"https:\/\/www.radiopiu.net\/wordpress\/?p=224851"},"modified":"2021-07-29T16:32:52","modified_gmt":"2021-07-29T14:32:52","slug":"la-valle-di-san-lucano-coperta-dal-segnale-tim-in-4g","status":"publish","type":"post","link":"https:\/\/www.radiopiu.net\/wordpress\/la-valle-di-san-lucano-coperta-dal-segnale-tim-in-4g\/","title":{"rendered":"LA VALLE DI SAN LUCANO COPERTA DAL SEGNALE TIM IN 4G"},"content":{"rendered":"<p><strong>TAIBON <\/strong>Come tanti auspicavano da tempo, la Valle di San Lucano a partire da oggi ha la sua copertura telefonica in 4G. Ad accendere le antenne \u00e8 stata TIM che riesce a coprire l&#8217;intera valle anche con internet ad alta velocit\u00e0. La Valle di San Lucano era uno dei pochi posti in Agordino senza copertura cellulare, da oggi si pu\u00f2 contare su un segnale che in caso di emergenza pu\u00f2 essere d&#8217;aiuto per richieste anche con coordinate GPS. Ora si attende che anche le altre compagnie telefoniche facciano il loro ingresso coprendo la zona con il segnale cellulare.<\/p>\n<p><strong>IL VIDEO IN DIRETTA DALLA VALLE DI SAN LUCANO<\/strong><\/p>\n<p>https:\/\/www.facebook.com\/Mirkomezziano\/videos\/3907030752758318<\/p>\n<p>&nbsp;<\/p>\n<p>&nbsp;<\/p>\n<p>&nbsp;<\/p>\n<p>*****<\/p>\n","protected":false},"excerpt":{"rendered":"<p>TAIBON Come tanti auspicavano da tempo, la Valle di San Lucano a partire da oggi ha la sua copertura telefonica in 4G. Ad accendere le antenne \u00e8 stata TIM che riesce a coprire l&#8217;intera valle anche con internet ad alta velocit\u00e0. La Valle di San Lucano era uno dei pochi posti in Agordino senza copertura&hellip;<\/p>\n","protected":false},"author":4,"featured_media":224396,"comment_status":"closed","ping_status":"open","sticky":false,"template":"","format":"standard","meta":{"_monsterinsights_skip_tracking":false,"_monsterinsights_sitenote_active":false,"_monsterinsights_sitenote_note":"","_monsterinsights_sitenote_category":0,"footnotes":""},"categories":[51,49],"tags":[],"class_list":["post-224851","post","type-post","status-publish","format-standard","has-post-thumbnail","hentry","category-evidenza-top","category-news-18","category-51","category-49","description-off"],"img_url":"https:\/\/www.radiopiu.net\/wordpress\/wp-content\/uploads\/2021\/07\/4g-cellulare-rete.jpg","_links":{"self":[{"href":"https:\/\/www.radiopiu.net\/wordpress\/wp-json\/wp\/v2\/posts\/224851","targetHints":{"allow":["GET"]}}],"collection":[{"href":"https:\/\/www.radiopiu.net\/wordpress\/wp-json\/wp\/v2\/posts"}],"about":[{"href":"https:\/\/www.radiopiu.net\/wordpress\/wp-json\/wp\/v2\/types\/post"}],"author":[{"embeddable":true,"href":"https:\/\/www.radiopiu.net\/wordpress\/wp-json\/wp\/v2\/users\/4"}],"replies":[{"embeddable":true,"href":"https:\/\/www.radiopiu.net\/wordpress\/wp-json\/wp\/v2\/comments?post=224851"}],"version-history":[{"count":0,"href":"https:\/\/www.radiopiu.net\/wordpress\/wp-json\/wp\/v2\/posts\/224851\/revisions"}],"wp:featuredmedia":[{"embeddable":true,"href":"https:\/\/www.radiopiu.net\/wordpress\/wp-json\/wp\/v2\/media\/224396"}],"wp:attachment":[{"href":"https:\/\/www.radiopiu.net\/wordpress\/wp-json\/wp\/v2\/media?parent=224851"}],"wp:term":[{"taxonomy":"category","embeddable":true,"href":"https:\/\/www.radiopiu.net\/wordpress\/wp-json\/wp\/v2\/categories?post=224851"},{"taxonomy":"post_tag","embeddable":true,"href":"https:\/\/www.radiopiu.net\/wordpress\/wp-json\/wp\/v2\/tags?post=224851"}],"curies":[{"name":"wp","href":"https:\/\/api.w.org\/{rel}","templated":true}]}}