{"id":224899,"date":"2021-07-30T06:05:53","date_gmt":"2021-07-30T04:05:53","guid":{"rendered":"https:\/\/www.radiopiu.net\/wordpress\/?p=224899"},"modified":"2021-07-30T06:26:04","modified_gmt":"2021-07-30T04:26:04","slug":"padre-pietro-viscolani-non-tornera-nella-chiesa-di-santa-maria-delle-grazie","status":"publish","type":"post","link":"https:\/\/www.radiopiu.net\/wordpress\/padre-pietro-viscolani-non-tornera-nella-chiesa-di-santa-maria-delle-grazie\/","title":{"rendered":"ALLA COMUNITA&#8217;, ALL&#8217;AGORDINO MANCHERA&#8217; PADRE PIETRO VISCOLANI, INUTILE LA RACCOLTA DI FIRME"},"content":{"rendered":"<p><strong><a href=\"https:\/\/www.radiopiu.net\/wordpress\/padre-pietro-viscolani-non-tornera-nella-chiesa-di-santa-maria-delle-grazie\/39799674_1908534255874093_8607510190880718848_o-2\/\" rel=\"attachment wp-att-224901\"><img loading=\"lazy\" decoding=\"async\" class=\"size-medium wp-image-224901 alignleft\" src=\"https:\/\/www.radiopiu.net\/wordpress\/wp-content\/uploads\/2021\/07\/39799674_1908534255874093_8607510190880718848_o-300x190.jpg\" alt=\"\" width=\"300\" height=\"190\" srcset=\"https:\/\/www.radiopiu.net\/wordpress\/wp-content\/uploads\/2021\/07\/39799674_1908534255874093_8607510190880718848_o-300x190.jpg 300w, https:\/\/www.radiopiu.net\/wordpress\/wp-content\/uploads\/2021\/07\/39799674_1908534255874093_8607510190880718848_o-1024x648.jpg 1024w, https:\/\/www.radiopiu.net\/wordpress\/wp-content\/uploads\/2021\/07\/39799674_1908534255874093_8607510190880718848_o-768x486.jpg 768w, https:\/\/www.radiopiu.net\/wordpress\/wp-content\/uploads\/2021\/07\/39799674_1908534255874093_8607510190880718848_o-1536x971.jpg 1536w, https:\/\/www.radiopiu.net\/wordpress\/wp-content\/uploads\/2021\/07\/39799674_1908534255874093_8607510190880718848_o.jpg 1874w\" sizes=\"auto, (max-width: 300px) 100vw, 300px\" \/><\/a>ALLEGHE <\/strong>Marted\u00ec scorso il sindaco di Alleghe Danilo De Toni, anche in rappresentanza del sindaco di Rocca Pietore Andrea De Bernardin, si \u00e8 recato dal Vescovo, Monsignor Marangoni, per consegnare una petizione del Comitato per la permanenza di Padre Pietro Viscolani al Santuario di Santa Maria delle Grazie<strong>,<\/strong> sottoscritta da oltre\u00a0 500\u00a0 cittadini del comune di Rocca Pietore ed Alleghe. Purtroppo il Vescovo Marangoni ha riferito che la scelta di trasferire Padre Pietro non \u00e8 di sua competenza\u00a0 e di rivolgersi eventualmente al padre superiore dei Frati Minori. &#8220;<em>Ho inviato quindi a Padre Enzo Maggioni superiore provinciale, la stessa lettera con allegata la sottoscrizione &#8211; dice De Toni &#8211; Padre Enzo Maggioni ha risposto tempestivamente con mail<\/em>&#8220;. Questa la risposta di Padre Enzo Maggioni: \u201c<em>Ormai sono avezzo a ricevere raccolte firme. Queste se da una parte attestano stima per l\u2019operato dei frati, dall\u2019altra evidenziano la fatica a rendersi conto anche a fronte di realt\u00e0 evidentissime della situazione di invecchiamento e diminuzione nella quale ci troviamo.\u00a0Da soli due anni sono provinciale e mi sono trovato a chiudere gi\u00e0 diversi conventi. Padre Pietro \u00e8 un frate ed \u00e8 tale perch\u00e9 vive in una fraternit\u00e0.\u00a0Noi non siamo preti diocesani e la ragione per la quale abbiamo chiesto a padre Pietro di andare a Chiampo \u00e8 proprio questa: che viva con altri frati, dal momento che \u00e8 rimasto solo. Se avessimo avuto altri frati disponibili, non avremmo neppure lasciato Alleghe. Quello di padre Pietro \u00e8 solo un piccolo caso<\/em>&#8221;<\/p>\n<p><strong>QUESTA LA LETTERA INVIATA AL VESCOVO MARANGONI E PADRE MAGGIONI<\/strong><\/p>\n<a href=\"https:\/\/www.radiopiu.net\/wordpress\/wp-content\/uploads\/2021\/07\/20210729192913047.pdf\" class=\"pdfemb-viewer\" style=\"\" data-width=\"max\" data-height=\"max\" data-toolbar=\"top\" data-toolbar-fixed=\"on\">20210729192913047<\/a>\n<p>&nbsp;<\/p>\n<p>*****<\/p>\n","protected":false},"excerpt":{"rendered":"<p>ALLEGHE Marted\u00ec scorso il sindaco di Alleghe Danilo De Toni, anche in rappresentanza del sindaco di Rocca Pietore Andrea De Bernardin, si \u00e8 recato dal Vescovo, Monsignor Marangoni, per consegnare una petizione del Comitato per la permanenza di Padre Pietro Viscolani al Santuario di Santa Maria delle Grazie, sottoscritta da oltre\u00a0 500\u00a0 cittadini del comune&hellip;<\/p>\n","protected":false},"author":4,"featured_media":224901,"comment_status":"closed","ping_status":"open","sticky":false,"template":"","format":"standard","meta":{"_monsterinsights_skip_tracking":false,"_monsterinsights_sitenote_active":false,"_monsterinsights_sitenote_note":"","_monsterinsights_sitenote_category":0,"footnotes":""},"categories":[104,49],"tags":[],"class_list":["post-224899","post","type-post","status-publish","format-standard","has-post-thumbnail","hentry","category-evidenza_3","category-news-18","category-104","category-49","description-off"],"img_url":"https:\/\/www.radiopiu.net\/wordpress\/wp-content\/uploads\/2021\/07\/39799674_1908534255874093_8607510190880718848_o.jpg","_links":{"self":[{"href":"https:\/\/www.radiopiu.net\/wordpress\/wp-json\/wp\/v2\/posts\/224899","targetHints":{"allow":["GET"]}}],"collection":[{"href":"https:\/\/www.radiopiu.net\/wordpress\/wp-json\/wp\/v2\/posts"}],"about":[{"href":"https:\/\/www.radiopiu.net\/wordpress\/wp-json\/wp\/v2\/types\/post"}],"author":[{"embeddable":true,"href":"https:\/\/www.radiopiu.net\/wordpress\/wp-json\/wp\/v2\/users\/4"}],"replies":[{"embeddable":true,"href":"https:\/\/www.radiopiu.net\/wordpress\/wp-json\/wp\/v2\/comments?post=224899"}],"version-history":[{"count":0,"href":"https:\/\/www.radiopiu.net\/wordpress\/wp-json\/wp\/v2\/posts\/224899\/revisions"}],"wp:featuredmedia":[{"embeddable":true,"href":"https:\/\/www.radiopiu.net\/wordpress\/wp-json\/wp\/v2\/media\/224901"}],"wp:attachment":[{"href":"https:\/\/www.radiopiu.net\/wordpress\/wp-json\/wp\/v2\/media?parent=224899"}],"wp:term":[{"taxonomy":"category","embeddable":true,"href":"https:\/\/www.radiopiu.net\/wordpress\/wp-json\/wp\/v2\/categories?post=224899"},{"taxonomy":"post_tag","embeddable":true,"href":"https:\/\/www.radiopiu.net\/wordpress\/wp-json\/wp\/v2\/tags?post=224899"}],"curies":[{"name":"wp","href":"https:\/\/api.w.org\/{rel}","templated":true}]}}