{"id":224912,"date":"2021-07-29T23:59:40","date_gmt":"2021-07-29T21:59:40","guid":{"rendered":"https:\/\/www.radiopiu.net\/wordpress\/?p=224912"},"modified":"2021-07-30T06:12:33","modified_gmt":"2021-07-30T04:12:33","slug":"gianni-pezzei-lo-scultore-e-pittore-fodom-taglia-oggi-iltraguardo-dei-settantanni","status":"publish","type":"post","link":"https:\/\/www.radiopiu.net\/wordpress\/gianni-pezzei-lo-scultore-e-pittore-fodom-taglia-oggi-iltraguardo-dei-settantanni\/","title":{"rendered":"GIANNI PEZZEI LO SCULTORE E PITTORE FODOM TAGLIA OGGI ILTRAGUARDO DEI SETTANT\u2019ANNI"},"content":{"rendered":"<p><strong>di\u00a0 RENATO BONA<\/strong><\/p>\n<p><strong>LIVINALLONGO<\/strong> Taglia oggi (augurissimi!) il traguardo dei 70 anni, il caro amico Gianni Pezzei \u201cBai\u00f2l\u201d, apprezzato e noto artista fod\u00f2m, nato il 30 luglio del 1951 a Livin\u00e9 di Livinallongo del Col di Lana (localit\u00e0 a quota 1485, con 43 abitanti secondi i dati ufficiali), comune del quale \u00e8 stato anche sindaco per due volte: dal 9 luglio 1985 al 5 giugno 1990, guidando una maggioranza della Democrazia Cristiana; dal 14 giungo 2004 all\u20198 giugno del 2009 con una Lista civica. Visto il riferimento amministrativo, una piccola parentesi dedicata al Comune per come ne riferisce la libera enciclopedia Wikipedia: \u201cLivinallongo \u00e8 entrato a far parte del Regno d\u2019Italia solo dopo la prima guerra mondiale e successivamente \u00e8 stato inquadrato nella Provincia di Trento. \u00c8 compreso nella nella Provincia di Belluno dal 1923. Nel 1933 il Comune ha cambiato denominazione aggiungendo la specifica \u2018del Col di Lana\u2019 in ricordo degli eventi della grande guerra. Il 28-29 ottobre 2007 si \u00e8 tenuto un referendum consultivo per chiedere che il comune (assieme a quelli di Cortina d\u2019Ampezo e Colle Santa Lucia) fosse distaccato dal Veneto ed aggregato alla Provincia autonoma di Bolzano. Il referendum si \u00e8 contraddistinto per la netta vittoria dei \u2018s\u00ec\u2019 e per il superamento dei due quorum qualificati. Ora il Comune sta seguendo la procedura prevista dalla Costituzione e dalla legge sui referendum\u201d. Giusto l\u2019altro ieri, in occasione di una rapida uscita in Nevegal, mi sono soffermato ancora una volta ad ammirare, fra l\u2019altro, la statua bronzea di Santa Bernardetta, che fa bella mostra di s\u00e9 davanti a quella della Beata Vergine di Lourdes cui \u00e8 intitolato il Santuario del colle bellunese. Ai piedi dell\u2019opera di \u201cBai\u00f2l\u201d una targa marmorea spiega: \u201cImmagine di S. Bernardetta nell\u2019estasi delle apparizioni dono dello scultore Gianni Pezzei e della Parrocchia di Pieve di Livinallongo\u201d. E\u2019 solo uno dei lavori firmati da Gianni Pezzei, autore fra l\u2019altro anche del monumento alla Resistenza di Pian de le Femene in territorio di Limana; del restauro del monumento che Longarone ha dedicato al \u201ccittadino illustre Jacopo Tasso: realizzato ad opera di Urbano Nono ed inaugurato il 10 settembre 1911 venne travolto dal disastro del Vajont del 9 ottobre 1963 e quindi rimesso a nuovo da Pezzei; di quello che a Gosaldo \u00e8 dedicato al seggiolaio: \u00e8 la statua con la quale l\u2019artista fod\u00f2m, che opera con successo anche nel campo della pittura, ha raffigurato un \u201ccontha\u201d all\u2019opera, celebrandone il lavoro. Ma non solo: il vincitore nel 2009 (per dire di uno dei tanti meritati riconoscimenti che gli sono stati attribuiti) del Premio \u201cSanta Maria Maiou\u201d ha firmato, solo per citarne alcune, queste opere: \u201cpittura murale, olio su pergamena, china su pergamena, olio su tela, sciatori (bronzo), 2 chimere (bronzo), Gran Brac\u00f9n (bronzo), il sogno del Gran Brac\u00f9n (bronzo), Spina de mul (bronzo), giocatori di pallacanestro (bronzo), Via Crucis (bronzo dorato), toro rampante (bronzo), toro e guerriero (legno di cirmolo), Madonna dell\u2019inverno (bronzo), cavalieri (bronzo), Via Crucis (legno di cirmolo), Monumento alla madre del partigiano fucilato (bronzo), la slavina (ferro), torso girevole (bronzo), evoluzione di un tuffo (legno di cirmolo), \u2018L Maier da Ciaj\u00e8ra (olio su pergamena), il falconiere (grafite su pergamena) &#8211; cavallieri tartari (olio su pergamena), la colomba v\u00e2rda (olio su pergamena), Salvarie (olio su pergamena), la lum d\u2019Aurona (olio su pergamena), l\u2019ultima Delibana (olio su pergamena), \u2018l Guzam\u00e8l (pergamena), spina de mul (olio su pergamena), Franz Iosef (bronzo), Monumento ai caduti (pietra e bronzo). Concludiamo questa modesta carrellata sul lavoro artistico di un valente scultore e pittore quale \u00e8 Gianni Pezzei (a proposito: rinnovati auguri!) ricordando grazie al sito del Corriere delle Alpi che il nostro amico sindaco-artista il 7 novembre 2005 fu ospite (dalle 8.45 alle 10) della trasmissione \u201cVivere meglio\u201d, condotta da Fabrizio Trecca su Rete4, insieme alle sue opere d&#8217;arte in legno e in bronzo. Il quotidiano bellunese scriveva: \u201cGianni Pezzei non \u00e8 un artigiano del legno come gli altri. E&#8217; in primo luogo un artista. Decine sono le personali di scultura, i premi, le medaglie, i riconoscimenti che ha collezionato dagli anni settanta ad oggi. Ultimo premio \u00e8 il recentissimo &#8216;Arte e lavoro 2005\u2019 che gli verr\u00e0 conferito i primi di novembre a Belluno. Come molteplici sono le sue opere esposte al pubblico tra cui la grande scultura posizionata di fronte al centro valanghe di Arabba (1981), il monumento alle guide alpine di Caprile o il bronzo posto al palazzetto dello sport di Agordo. Pi\u00f9 recentemente, poi, ha realizzato in alluminio la punta del K2 per l&#8217;amico Messner, che l&#8217;ha posta all&#8217;entrata di un suo museo e il cui bozzetto in legno \u00e8 stato oggetto dell&#8217;ammirazione di Trecca durante la trasmissione. Un artista del legno quindi ma non solo. Pezzei \u00e8 anche pittore. Numerosi i suoi murales in tutta la provincia di Belluno come di successo sono i suoi dipinti &#8216;najf&#8221; realizzati con un tecnica tutta personale\u201d. Sono un uomo di montagna &#8211; aveva dichiarato Pezzei durante la trasmissione \u2013 \u201cche ama la montagna e che cerca di onorarla, promuoverla ed esaltarla in tutte le sue forme\u201d. Ecco quindi spiegato il perch\u00e9 di un impegno non solo nell&#8217;arte figurativa ma anche nella societ\u00e0 civile.<\/p>\n\n\t\t\t<style type='text\/css'>\n\t\t\t\t#gallery-1 {\n\t\t\t\t\tmargin: auto;\n\t\t\t\t}\n\t\t\t\t#gallery-1 .gallery-item {\n\t\t\t\t\tfloat: left;\n\t\t\t\t\tmargin-top: 10px;\n\t\t\t\t\ttext-align: center;\n\t\t\t\t\twidth: 20%;\n\t\t\t\t}\n\t\t\t\t#gallery-1 img {\n\t\t\t\t\tborder: 2px solid #cfcfcf;\n\t\t\t\t}\n\t\t\t\t#gallery-1 .gallery-caption {\n\t\t\t\t\tmargin-left: 0;\n\t\t\t\t}\n\t\t\t\t\/* see gallery_shortcode() in wp-includes\/media.php *\/\n\t\t\t<\/style>\n\t\t<div id='gallery-1' class='dt-gallery-container gallery galleryid-224912 gallery-columns-5 gallery-size-thumbnail'><dl class='gallery-item'>\n\t\t\t\t<dt class='gallery-icon portrait'>\n\t\t\t\t\t<a class=\"rollover rollover-zoom dt-pswp-item\" title=\"222369294_1151746708667593_9105908463109268984_n\" data-dt-img-description=\"\" data-large_image_width=\"109\" data-large_image_height=\"186\"href='https:\/\/www.radiopiu.net\/wordpress\/wp-content\/uploads\/2021\/07\/222369294_1151746708667593_9105908463109268984_n.jpg'><img loading=\"lazy\" decoding=\"async\" width=\"109\" height=\"150\" src=\"https:\/\/www.radiopiu.net\/wordpress\/wp-content\/uploads\/2021\/07\/222369294_1151746708667593_9105908463109268984_n-109x150.jpg\" class=\"attachment-thumbnail size-thumbnail\" alt=\"\" \/><\/a>\n\t\t\t\t<\/dt><\/dl><dl class='gallery-item'>\n\t\t\t\t<dt class='gallery-icon portrait'>\n\t\t\t\t\t<a class=\"rollover rollover-zoom dt-pswp-item\" title=\"223069864_141440291458914_780282711389656120_n\" data-dt-img-description=\"\" data-large_image_width=\"152\" data-large_image_height=\"206\"href='https:\/\/www.radiopiu.net\/wordpress\/wp-content\/uploads\/2021\/07\/223069864_141440291458914_780282711389656120_n.jpg'><img loading=\"lazy\" decoding=\"async\" width=\"150\" height=\"150\" src=\"https:\/\/www.radiopiu.net\/wordpress\/wp-content\/uploads\/2021\/07\/223069864_141440291458914_780282711389656120_n-150x150.jpg\" class=\"attachment-thumbnail size-thumbnail\" alt=\"\" \/><\/a>\n\t\t\t\t<\/dt><\/dl><dl class='gallery-item'>\n\t\t\t\t<dt class='gallery-icon landscape'>\n\t\t\t\t\t<a class=\"rollover rollover-zoom dt-pswp-item\" title=\"222454073_337469137926220_1342199453603481695_n\" data-dt-img-description=\"\" data-large_image_width=\"275\" data-large_image_height=\"206\"href='https:\/\/www.radiopiu.net\/wordpress\/wp-content\/uploads\/2021\/07\/222454073_337469137926220_1342199453603481695_n.jpg'><img loading=\"lazy\" decoding=\"async\" width=\"150\" height=\"150\" src=\"https:\/\/www.radiopiu.net\/wordpress\/wp-content\/uploads\/2021\/07\/222454073_337469137926220_1342199453603481695_n-150x150.jpg\" class=\"attachment-thumbnail size-thumbnail\" alt=\"\" \/><\/a>\n\t\t\t\t<\/dt><\/dl><dl class='gallery-item'>\n\t\t\t\t<dt class='gallery-icon portrait'>\n\t\t\t\t\t<a class=\"rollover rollover-zoom dt-pswp-item\" title=\"222407248_1604228583099450_8326325893365623679_n\" data-dt-img-description=\"\" data-large_image_width=\"155\" data-large_image_height=\"206\"href='https:\/\/www.radiopiu.net\/wordpress\/wp-content\/uploads\/2021\/07\/222407248_1604228583099450_8326325893365623679_n.jpg'><img loading=\"lazy\" decoding=\"async\" width=\"150\" height=\"150\" src=\"https:\/\/www.radiopiu.net\/wordpress\/wp-content\/uploads\/2021\/07\/222407248_1604228583099450_8326325893365623679_n-150x150.jpg\" class=\"attachment-thumbnail size-thumbnail\" alt=\"\" \/><\/a>\n\t\t\t\t<\/dt><\/dl><dl class='gallery-item'>\n\t\t\t\t<dt class='gallery-icon landscape'>\n\t\t\t\t\t<a class=\"rollover rollover-zoom dt-pswp-item\" title=\"226343872_228529462475803_3691549574692880685_n\" data-dt-img-description=\"\" data-large_image_width=\"260\" data-large_image_height=\"195\"href='https:\/\/www.radiopiu.net\/wordpress\/wp-content\/uploads\/2021\/07\/226343872_228529462475803_3691549574692880685_n.jpg'><img loading=\"lazy\" decoding=\"async\" width=\"150\" height=\"150\" src=\"https:\/\/www.radiopiu.net\/wordpress\/wp-content\/uploads\/2021\/07\/226343872_228529462475803_3691549574692880685_n-150x150.jpg\" class=\"attachment-thumbnail size-thumbnail\" alt=\"\" \/><\/a>\n\t\t\t\t<\/dt><\/dl><br style=\"clear: both\" \/><dl class='gallery-item'>\n\t\t\t\t<dt class='gallery-icon portrait'>\n\t\t\t\t\t<a class=\"rollover rollover-zoom dt-pswp-item\" title=\"225483377_273618951235429_4149518818757850249_n\" data-dt-img-description=\"\" data-large_image_width=\"149\" data-large_image_height=\"225\"href='https:\/\/www.radiopiu.net\/wordpress\/wp-content\/uploads\/2021\/07\/225483377_273618951235429_4149518818757850249_n.jpg'><img loading=\"lazy\" decoding=\"async\" width=\"149\" height=\"150\" src=\"https:\/\/www.radiopiu.net\/wordpress\/wp-content\/uploads\/2021\/07\/225483377_273618951235429_4149518818757850249_n-149x150.jpg\" class=\"attachment-thumbnail size-thumbnail\" alt=\"\" \/><\/a>\n\t\t\t\t<\/dt><\/dl><dl class='gallery-item'>\n\t\t\t\t<dt class='gallery-icon portrait'>\n\t\t\t\t\t<a class=\"rollover rollover-zoom dt-pswp-item\" title=\"222718150_2919609858252947_4148525146658126244_n\" data-dt-img-description=\"\" data-large_image_width=\"155\" data-large_image_height=\"206\"href='https:\/\/www.radiopiu.net\/wordpress\/wp-content\/uploads\/2021\/07\/222718150_2919609858252947_4148525146658126244_n.jpg'><img loading=\"lazy\" decoding=\"async\" width=\"150\" height=\"150\" src=\"https:\/\/www.radiopiu.net\/wordpress\/wp-content\/uploads\/2021\/07\/222718150_2919609858252947_4148525146658126244_n-150x150.jpg\" class=\"attachment-thumbnail size-thumbnail\" alt=\"\" \/><\/a>\n\t\t\t\t<\/dt><\/dl><dl class='gallery-item'>\n\t\t\t\t<dt class='gallery-icon portrait'>\n\t\t\t\t\t<a class=\"rollover rollover-zoom dt-pswp-item\" title=\"225216870_550411689421436_81576323355621556_n\" data-dt-img-description=\"\" data-large_image_width=\"202\" data-large_image_height=\"206\"href='https:\/\/www.radiopiu.net\/wordpress\/wp-content\/uploads\/2021\/07\/225216870_550411689421436_81576323355621556_n.png'><img loading=\"lazy\" decoding=\"async\" width=\"150\" height=\"150\" src=\"https:\/\/www.radiopiu.net\/wordpress\/wp-content\/uploads\/2021\/07\/225216870_550411689421436_81576323355621556_n-150x150.png\" class=\"attachment-thumbnail size-thumbnail\" alt=\"\" \/><\/a>\n\t\t\t\t<\/dt><\/dl><dl class='gallery-item'>\n\t\t\t\t<dt class='gallery-icon portrait'>\n\t\t\t\t\t<a class=\"rollover rollover-zoom dt-pswp-item\" title=\"226304076_258105682457739_2982831689950137602_n\" data-dt-img-description=\"\" data-large_image_width=\"154\" data-large_image_height=\"206\"href='https:\/\/www.radiopiu.net\/wordpress\/wp-content\/uploads\/2021\/07\/226304076_258105682457739_2982831689950137602_n.jpg'><img loading=\"lazy\" decoding=\"async\" width=\"150\" height=\"150\" src=\"https:\/\/www.radiopiu.net\/wordpress\/wp-content\/uploads\/2021\/07\/226304076_258105682457739_2982831689950137602_n-150x150.jpg\" class=\"attachment-thumbnail size-thumbnail\" alt=\"\" \/><\/a>\n\t\t\t\t<\/dt><\/dl>\n\t\t\t\t<br style='clear: both' \/>\n\t\t\t<\/div>\n\n<p>NELLE FOTO (Wikipedia, Ugubini nel Mondo, Renato Bona, Google): l\u2019artista Gianni Pezzei ad una cerimonia; lo scultore-pittore al lavoro; la statua di santa Bernardetta in Nevegal: la targa che ricorda il dono al Santuario mariano di Pezzei e della Parrocchia di Pieve di Livinallongo; il monumento al \u201ccaregheta\u201d a Gosaldo; la \u201cMadonna dell\u2019inverno\u201d; la statua di Tasso a Longarone; il monumento alla Resistenza a Pian de le Femene di Limana; scorcio di Pieve di Livinallongo.<\/p>\n","protected":false},"excerpt":{"rendered":"<p>di\u00a0 RENATO BONA LIVINALLONGO Taglia oggi (augurissimi!) il traguardo dei 70 anni, il caro amico Gianni Pezzei \u201cBai\u00f2l\u201d, apprezzato e noto artista fod\u00f2m, nato il 30 luglio del 1951 a Livin\u00e9 di Livinallongo del Col di Lana (localit\u00e0 a quota 1485, con 43 abitanti secondi i dati ufficiali), comune del quale \u00e8 stato anche sindaco&hellip;<\/p>\n","protected":false},"author":4,"featured_media":224915,"comment_status":"closed","ping_status":"open","sticky":false,"template":"","format":"standard","meta":{"_monsterinsights_skip_tracking":false,"_monsterinsights_sitenote_active":false,"_monsterinsights_sitenote_note":"","_monsterinsights_sitenote_category":0,"footnotes":""},"categories":[104,49],"tags":[],"class_list":["post-224912","post","type-post","status-publish","format-standard","has-post-thumbnail","hentry","category-evidenza_3","category-news-18","category-104","category-49","description-off"],"img_url":"https:\/\/www.radiopiu.net\/wordpress\/wp-content\/uploads\/2021\/07\/223069864_141440291458914_780282711389656120_n.jpg","_links":{"self":[{"href":"https:\/\/www.radiopiu.net\/wordpress\/wp-json\/wp\/v2\/posts\/224912","targetHints":{"allow":["GET"]}}],"collection":[{"href":"https:\/\/www.radiopiu.net\/wordpress\/wp-json\/wp\/v2\/posts"}],"about":[{"href":"https:\/\/www.radiopiu.net\/wordpress\/wp-json\/wp\/v2\/types\/post"}],"author":[{"embeddable":true,"href":"https:\/\/www.radiopiu.net\/wordpress\/wp-json\/wp\/v2\/users\/4"}],"replies":[{"embeddable":true,"href":"https:\/\/www.radiopiu.net\/wordpress\/wp-json\/wp\/v2\/comments?post=224912"}],"version-history":[{"count":0,"href":"https:\/\/www.radiopiu.net\/wordpress\/wp-json\/wp\/v2\/posts\/224912\/revisions"}],"wp:featuredmedia":[{"embeddable":true,"href":"https:\/\/www.radiopiu.net\/wordpress\/wp-json\/wp\/v2\/media\/224915"}],"wp:attachment":[{"href":"https:\/\/www.radiopiu.net\/wordpress\/wp-json\/wp\/v2\/media?parent=224912"}],"wp:term":[{"taxonomy":"category","embeddable":true,"href":"https:\/\/www.radiopiu.net\/wordpress\/wp-json\/wp\/v2\/categories?post=224912"},{"taxonomy":"post_tag","embeddable":true,"href":"https:\/\/www.radiopiu.net\/wordpress\/wp-json\/wp\/v2\/tags?post=224912"}],"curies":[{"name":"wp","href":"https:\/\/api.w.org\/{rel}","templated":true}]}}