{"id":224933,"date":"2021-07-31T05:57:37","date_gmt":"2021-07-31T03:57:37","guid":{"rendered":"https:\/\/www.radiopiu.net\/wordpress\/?p=224933"},"modified":"2021-07-31T09:00:33","modified_gmt":"2021-07-31T07:00:33","slug":"giornale-radiopiu-31-luglio-2021-direttore-mirko-mezzacasa","status":"publish","type":"post","link":"https:\/\/www.radiopiu.net\/wordpress\/giornale-radiopiu-31-luglio-2021-direttore-mirko-mezzacasa\/","title":{"rendered":"GIORNALE RADIOPIU 31 LUGLIO 2021 DIRETTORE MIRKO MEZZACASA"},"content":{"rendered":"<blockquote>\n<h3>GRUPPO FACEBOOK: RADIO PIU EMITTENTE AGORDINA, ISCRIZIONE GRATUITA<\/h3>\n<\/blockquote>\n<p><a href=\"https:\/\/www.radiopiu.net\/wordpress\/giornale-radiopiu-22-luglio-2021-direttore-mirko-mezzacasa\/219644373_10226900501445066_2635221774135715430_n\/\" rel=\"attachment wp-att-223221\"><img loading=\"lazy\" decoding=\"async\" class=\"alignnone wp-image-223221 size-full\" src=\"https:\/\/www.radiopiu.net\/wordpress\/wp-content\/uploads\/2021\/07\/219644373_10226900501445066_2635221774135715430_n.jpg\" alt=\"\" width=\"960\" height=\"365\" srcset=\"https:\/\/www.radiopiu.net\/wordpress\/wp-content\/uploads\/2021\/07\/219644373_10226900501445066_2635221774135715430_n.jpg 960w, https:\/\/www.radiopiu.net\/wordpress\/wp-content\/uploads\/2021\/07\/219644373_10226900501445066_2635221774135715430_n-300x114.jpg 300w, https:\/\/www.radiopiu.net\/wordpress\/wp-content\/uploads\/2021\/07\/219644373_10226900501445066_2635221774135715430_n-768x292.jpg 768w\" sizes=\"auto, (max-width: 960px) 100vw, 960px\" \/><\/a><\/p>\n<p>&nbsp;<\/p>\n<p>&nbsp;<\/p>\n<hr \/>\n<p>&nbsp;<\/p>\n<blockquote>\n<h3>COMPRIAMO UNA MACCHINA ATTREZZATA PER RICCARDO<\/h3>\n<\/blockquote>\n<p><strong><a href=\"https:\/\/www.radiopiu.net\/wordpress\/compriamo-una-macchina-attrezzata-per-riccardo\/1626340291137881-img-20210714-wa0025\/\" rel=\"attachment wp-att-224370\"><img loading=\"lazy\" decoding=\"async\" class=\"size-medium wp-image-224370 alignleft\" src=\"https:\/\/www.radiopiu.net\/wordpress\/wp-content\/uploads\/2021\/07\/1626340291137881-IMG-20210714-WA0025-169x300.jpg\" alt=\"\" width=\"169\" height=\"300\" srcset=\"https:\/\/www.radiopiu.net\/wordpress\/wp-content\/uploads\/2021\/07\/1626340291137881-IMG-20210714-WA0025-169x300.jpg 169w, https:\/\/www.radiopiu.net\/wordpress\/wp-content\/uploads\/2021\/07\/1626340291137881-IMG-20210714-WA0025-576x1024.jpg 576w, https:\/\/www.radiopiu.net\/wordpress\/wp-content\/uploads\/2021\/07\/1626340291137881-IMG-20210714-WA0025-768x1365.jpg 768w, https:\/\/www.radiopiu.net\/wordpress\/wp-content\/uploads\/2021\/07\/1626340291137881-IMG-20210714-WA0025.jpg 800w\" sizes=\"auto, (max-width: 169px) 100vw, 169px\" \/><\/a>SOSPIROLO<\/strong> Radio Pi\u00f9 appoggia l&#8217;iniziativa di\u00a0 Agostino Tegner il pap\u00e0 di Riccardo, poche parole le sue ma piene di significato<em> &#8220;Io e mia moglie stiamo invecchiando e non riusciamo pi\u00f9 <img loading=\"lazy\" decoding=\"async\" class=\"alignright\" src=\"https:\/\/www.radiopiu.net\/wordpress\/wp-content\/uploads\/2021\/07\/1626451699105964-locandina-riccardo.jpg\" width=\"297\" height=\"167\" \/>a trasportare come si deve il nostro ragazzo, che necessita di una macchina attrezzata con un piano ribassato con pedana&#8221;.<\/em><\/p>\n<p>Per questo ha avuto inizio la raccolta fondi che si prefigge lo scopo di raccogliere 35.000 euro entro fine agosto. Ad oggi sono stati versati i primi <strong>1800<\/strong> euro, per farlo \u00e8 semplice<span style=\"color: #0000ff;\"> <strong><a style=\"color: #0000ff;\" href=\"https:\/\/www.eppela.com\/it\/projects\/31001-compriamo-una-macchina-attrezzata-per-riccardo\">clicca qui\u00a0<\/a><\/strong><\/span><\/p>\n<blockquote><p><em>Riccardo \u00e8 un simpatico ragazzino di 15 anni che vive sulle montagne di Sospirolo. Sempre sorridente e circondato dall&#8217;affetto dei suoi cari, Riccardo \u00e8 per\u00f2 costretto a stare sulla sedia a rotelle a causa della distrofia muscolare di Duchenne, di cui \u00e8 affetto dalla nascita.\u00a0 I genitori, dopo anni di sacrifici, hanno deciso di acquistare un&#8217;auto munita di pedana per poter trasportare il figlio in modo pi\u00f9 comodo, pratico e sicuro, soprattutto adesso che sta crescendo e il peso &#8211; per i due genitori che stanno diventando anziani &#8211; si fa sempre pi\u00f9 sentire.\u00a0<\/em><\/p><\/blockquote>\n<p>&nbsp;<\/p>\n<div>\n<div class=\"\" dir=\"auto\">\n<div id=\"jsc_c_w\" class=\"ecm0bbzt hv4rvrfc ihqw7lf3 dati1w0a\" data-ad-comet-preview=\"message\" data-ad-preview=\"message\">\n<div class=\"j83agx80 cbu4d94t ew0dbk1b irj2b8pg\">\n<div class=\"qzhwtbm6 knvmm38d\">\n<div class=\"o9v6fnle cxmmr5t8 oygrvhab hcukyx3x c1et5uql ii04i59q\">\n<div dir=\"auto\"><\/div>\n<\/div>\n<\/div>\n<\/div>\n<\/div>\n<\/div>\n<\/div>\n<hr \/>\n<p>&nbsp;<\/p>\n<blockquote>\n<h3>PROVINCIALE 3 DI VALLE IMPERINA GOSALDO-RIVAMONTE: CHIUSA FINO AL 06 AGOSTO, PROROGATA DI UNA SETTIMANA LA PRECEDENTE ORDINANZA<\/h3>\n<\/blockquote>\n<p class=\"photoswipe-wrapper\"><a class=\"dt-pswp-item pspw-wrap-ready\" href=\"https:\/\/www.radiopiu.net\/wordpress\/wp-content\/uploads\/2021\/07\/b4b9c188-6323-4f82-bd7f-0a7c57ec0d22.jpg\" data-dt-img-description=\"\" data-large_image_width=\"1200\" data-large_image_height=\"1600\"><img loading=\"lazy\" decoding=\"async\" class=\" wp-image-223129 alignleft\" src=\"https:\/\/www.radiopiu.net\/wordpress\/wp-content\/uploads\/2021\/07\/b4b9c188-6323-4f82-bd7f-0a7c57ec0d22-150x150.jpg\" alt=\"\" width=\"120\" height=\"120\" \/><\/a><strong>GOSALDO<\/strong> Per lavori al chilometro 9.600 strada chiusa 24 ore su 24 sabato e domenica compresi. Interruzione fino al 06 agosto, Rivamonte \u00e8 raggiungibile da Agordo (senso unico in localit\u00e0 Gona Conedera) e da Voltago via Digoman<\/p>\n<p><strong>CANALE D&#8217;AGORDO<\/strong> Sono in corso i lavori di rifacimento del ponte che porta alla frazione Gares, per questo il sindaco Flavio Colcergnan ha firmato una nuova ordinanza: senso unico alternato regolato da impianto semaforico in localit\u00e0 Brudigoth\u00a0 fino al termine dei lavori.<\/p>\n<p>&nbsp;<\/p>\n<p>&nbsp;<\/p>\n<hr \/>\n<p>&nbsp;<\/p>\n<p>&nbsp;<\/p>\n<p>&nbsp;<\/p>\n<blockquote class=\"wp-embedded-content\" data-secret=\"iDBRk8e0cu\"><p><a href=\"https:\/\/www.radiopiu.net\/wordpress\/aggiornamentolug30\/\">CORONAVIRUS: AGGIORNAMENTO NAZIONALE 30 LUGLIO  2021<\/a><\/p><\/blockquote>\n<p><iframe loading=\"lazy\" class=\"wp-embedded-content\" sandbox=\"allow-scripts\" security=\"restricted\" style=\"position: absolute; clip: rect(1px, 1px, 1px, 1px);\" title=\"&#8220;CORONAVIRUS: AGGIORNAMENTO NAZIONALE 30 LUGLIO  2021&#8221; &#8212; Radio Pi\u00f9\" src=\"https:\/\/www.radiopiu.net\/wordpress\/aggiornamentolug30\/embed\/#?secret=iDBRk8e0cu\" data-secret=\"iDBRk8e0cu\" width=\"600\" height=\"338\" frameborder=\"0\" marginwidth=\"0\" marginheight=\"0\" scrolling=\"no\"><\/iframe><\/p>\n<blockquote class=\"wp-embedded-content\" data-secret=\"WZw7e8wcnJ\"><p><a href=\"https:\/\/www.radiopiu.net\/wordpress\/bomm-di-positivita-in-veneto-nelle-ultime-24-ore-con-1046-nuovi-positivi-calano-i-ricoveri-nessun-decesso\/\">BOOM DI POSITIVITA&#8217; IN VENETO NELLE ULTIME 24 ORE CON 1046 NUOVI POSITIVI. CALANO I RICOVERI, NESSUN DECESSO<\/a><\/p><\/blockquote>\n<p><iframe loading=\"lazy\" class=\"wp-embedded-content\" sandbox=\"allow-scripts\" security=\"restricted\" style=\"position: absolute; clip: rect(1px, 1px, 1px, 1px);\" title=\"&#8220;BOOM DI POSITIVITA&#8217; IN VENETO NELLE ULTIME 24 ORE CON 1046 NUOVI POSITIVI. CALANO I RICOVERI, NESSUN DECESSO&#8221; &#8212; Radio Pi\u00f9\" src=\"https:\/\/www.radiopiu.net\/wordpress\/bomm-di-positivita-in-veneto-nelle-ultime-24-ore-con-1046-nuovi-positivi-calano-i-ricoveri-nessun-decesso\/embed\/#?secret=WZw7e8wcnJ\" data-secret=\"WZw7e8wcnJ\" width=\"600\" height=\"338\" frameborder=\"0\" marginwidth=\"0\" marginheight=\"0\" scrolling=\"no\"><\/iframe><\/p>\n<p>&nbsp;<\/p>\n<h3>I GRAFICI DI TIZIANO DE COL<\/h3>\n\n\t\t\t<style type='text\/css'>\n\t\t\t\t#gallery-1 {\n\t\t\t\t\tmargin: auto;\n\t\t\t\t}\n\t\t\t\t#gallery-1 .gallery-item {\n\t\t\t\t\tfloat: left;\n\t\t\t\t\tmargin-top: 10px;\n\t\t\t\t\ttext-align: center;\n\t\t\t\t\twidth: 20%;\n\t\t\t\t}\n\t\t\t\t#gallery-1 img {\n\t\t\t\t\tborder: 2px solid #cfcfcf;\n\t\t\t\t}\n\t\t\t\t#gallery-1 .gallery-caption {\n\t\t\t\t\tmargin-left: 0;\n\t\t\t\t}\n\t\t\t\t\/* see gallery_shortcode() in wp-includes\/media.php *\/\n\t\t\t<\/style>\n\t\t<div id='gallery-1' class='dt-gallery-container gallery galleryid-224933 gallery-columns-5 gallery-size-thumbnail'><dl class='gallery-item'>\n\t\t\t\t<dt class='gallery-icon landscape'>\n\t\t\t\t\t<a class=\"rollover rollover-zoom dt-pswp-item\" title=\"3ce1ae16-ad4c-4a0e-9bee-5c6c0c2000bb\" data-dt-img-description=\"\" data-large_image_width=\"588\" data-large_image_height=\"359\"href='https:\/\/www.radiopiu.net\/wordpress\/wp-content\/uploads\/2021\/07\/3ce1ae16-ad4c-4a0e-9bee-5c6c0c2000bb.jpg'><img loading=\"lazy\" decoding=\"async\" width=\"150\" height=\"150\" src=\"https:\/\/www.radiopiu.net\/wordpress\/wp-content\/uploads\/2021\/07\/3ce1ae16-ad4c-4a0e-9bee-5c6c0c2000bb-150x150.jpg\" class=\"attachment-thumbnail size-thumbnail\" alt=\"\" \/><\/a>\n\t\t\t\t<\/dt><\/dl><dl class='gallery-item'>\n\t\t\t\t<dt class='gallery-icon landscape'>\n\t\t\t\t\t<a class=\"rollover rollover-zoom dt-pswp-item\" title=\"985cc208-6a4e-4a08-9de8-e98b5c10e5cc\" data-dt-img-description=\"\" data-large_image_width=\"604\" data-large_image_height=\"351\"href='https:\/\/www.radiopiu.net\/wordpress\/wp-content\/uploads\/2021\/07\/985cc208-6a4e-4a08-9de8-e98b5c10e5cc.jpg'><img loading=\"lazy\" decoding=\"async\" width=\"150\" height=\"150\" src=\"https:\/\/www.radiopiu.net\/wordpress\/wp-content\/uploads\/2021\/07\/985cc208-6a4e-4a08-9de8-e98b5c10e5cc-150x150.jpg\" class=\"attachment-thumbnail size-thumbnail\" alt=\"\" \/><\/a>\n\t\t\t\t<\/dt><\/dl><dl class='gallery-item'>\n\t\t\t\t<dt class='gallery-icon landscape'>\n\t\t\t\t\t<a class=\"rollover rollover-zoom dt-pswp-item\" title=\"e6ddf44b-c052-47fd-a24b-f52f914e9ee6\" data-dt-img-description=\"\" data-large_image_width=\"602\" data-large_image_height=\"360\"href='https:\/\/www.radiopiu.net\/wordpress\/wp-content\/uploads\/2021\/07\/e6ddf44b-c052-47fd-a24b-f52f914e9ee6.jpg'><img loading=\"lazy\" decoding=\"async\" width=\"150\" height=\"150\" src=\"https:\/\/www.radiopiu.net\/wordpress\/wp-content\/uploads\/2021\/07\/e6ddf44b-c052-47fd-a24b-f52f914e9ee6-150x150.jpg\" class=\"attachment-thumbnail size-thumbnail\" alt=\"\" \/><\/a>\n\t\t\t\t<\/dt><\/dl><dl class='gallery-item'>\n\t\t\t\t<dt class='gallery-icon landscape'>\n\t\t\t\t\t<a class=\"rollover rollover-zoom dt-pswp-item\" title=\"2435659f-6344-4fec-b30b-b421f9c4fd0a\" data-dt-img-description=\"\" data-large_image_width=\"610\" data-large_image_height=\"351\"href='https:\/\/www.radiopiu.net\/wordpress\/wp-content\/uploads\/2021\/07\/2435659f-6344-4fec-b30b-b421f9c4fd0a.jpg'><img loading=\"lazy\" decoding=\"async\" width=\"150\" height=\"150\" src=\"https:\/\/www.radiopiu.net\/wordpress\/wp-content\/uploads\/2021\/07\/2435659f-6344-4fec-b30b-b421f9c4fd0a-150x150.jpg\" class=\"attachment-thumbnail size-thumbnail\" alt=\"\" \/><\/a>\n\t\t\t\t<\/dt><\/dl><dl class='gallery-item'>\n\t\t\t\t<dt class='gallery-icon landscape'>\n\t\t\t\t\t<a class=\"rollover rollover-zoom dt-pswp-item\" title=\"08a95632-d428-4334-9397-4dc7090a01dd\" data-dt-img-description=\"\" data-large_image_width=\"606\" data-large_image_height=\"350\"href='https:\/\/www.radiopiu.net\/wordpress\/wp-content\/uploads\/2021\/07\/08a95632-d428-4334-9397-4dc7090a01dd.jpg'><img loading=\"lazy\" decoding=\"async\" width=\"150\" height=\"150\" src=\"https:\/\/www.radiopiu.net\/wordpress\/wp-content\/uploads\/2021\/07\/08a95632-d428-4334-9397-4dc7090a01dd-150x150.jpg\" class=\"attachment-thumbnail size-thumbnail\" alt=\"\" \/><\/a>\n\t\t\t\t<\/dt><\/dl><br style=\"clear: both\" \/>\n\t\t\t<\/div>\n\n<p>&nbsp;<\/p>\n<hr \/>\n<p>&nbsp;<\/p>\n<blockquote>\n<h3>INCIDENTE MORTALE A SANTO STEFANO DI CADORE, COINVOLTA UNA FAMIGLIA<\/h3>\n<p><strong>di MORENO GIOLI\u00a0<\/strong><\/p>\n<audio class=\"wp-audio-shortcode\" id=\"audio-224933-1\" preload=\"none\" style=\"width: 100%;\" controls=\"controls\"><source type=\"audio\/mpeg\" src=\"https:\/\/www.radiopiu.net\/wordpress\/wp-content\/uploads\/2021\/07\/morenooooo.mp3?_=1\" \/><a href=\"https:\/\/www.radiopiu.net\/wordpress\/wp-content\/uploads\/2021\/07\/morenooooo.mp3\">https:\/\/www.radiopiu.net\/wordpress\/wp-content\/uploads\/2021\/07\/morenooooo.mp3<\/a><\/audio>\n<p>&nbsp;<\/p>\n<div class=\"articlePlainSubHead\"><strong>Claudio D&#8217;Agaro, architetto di 63 anni, guidava un Caddy. Ferite la moglie e due figlie a bordo: una \u00e8 in prognosi riservata Andava a tumulare le ceneri del fratello<\/strong><br \/>\n<strong>Muore nello schianto con un&#8217;autocisterna<\/strong><\/div>\n<\/blockquote>\n<p><strong>SANTO STEFANO<\/strong> Nel pomeriggio poco prima delle 16 Incidente mortale a Santo Stefano di Cadore\u00a0 sulla strada per\u00a0 la galleria Comelico nei pressi della Casa Cantoniera. Ha perso la vita Claudio D&#8217;Agaro,\u00a0 64 anni compiuti da pochi giorni,\u00a0 residente a Montebelluna. Un frontale tra un furgone e un&#8217;autocisterna, all&#8217;interno del furgone una famiglia, deceduto il capofamiglia, ferita la moglie e due figli.\u00a0 Sul posto con i Carabinieri i Vigili del Fuoco di Santo Stefano di Cadore che hanno estratto l&#8217;uomo, purtroppo il medico ne ha constatato il decesso poco dopo il terribile schianto.<\/p>\n<p>&nbsp;<\/p>\n\n\t\t\t<style type='text\/css'>\n\t\t\t\t#gallery-2 {\n\t\t\t\t\tmargin: auto;\n\t\t\t\t}\n\t\t\t\t#gallery-2 .gallery-item {\n\t\t\t\t\tfloat: left;\n\t\t\t\t\tmargin-top: 10px;\n\t\t\t\t\ttext-align: center;\n\t\t\t\t\twidth: 50%;\n\t\t\t\t}\n\t\t\t\t#gallery-2 img {\n\t\t\t\t\tborder: 2px solid #cfcfcf;\n\t\t\t\t}\n\t\t\t\t#gallery-2 .gallery-caption {\n\t\t\t\t\tmargin-left: 0;\n\t\t\t\t}\n\t\t\t\t\/* see gallery_shortcode() in wp-includes\/media.php *\/\n\t\t\t<\/style>\n\t\t<div id='gallery-2' class='dt-gallery-container gallery galleryid-224933 gallery-columns-2 gallery-size-medium'><dl class='gallery-item'>\n\t\t\t\t<dt class='gallery-icon landscape'>\n\t\t\t\t\t<a class=\"rollover rollover-zoom dt-pswp-item\" title=\"a32cc684-1291-470d-a33c-5f72a4d6673a\" data-dt-img-description=\"\" data-large_image_width=\"960\" data-large_image_height=\"735\"href='https:\/\/www.radiopiu.net\/wordpress\/wp-content\/uploads\/2021\/07\/a32cc684-1291-470d-a33c-5f72a4d6673a-1.jpg'><img loading=\"lazy\" decoding=\"async\" width=\"300\" height=\"230\" src=\"https:\/\/www.radiopiu.net\/wordpress\/wp-content\/uploads\/2021\/07\/a32cc684-1291-470d-a33c-5f72a4d6673a-1-300x230.jpg\" class=\"attachment-medium size-medium\" alt=\"\" srcset=\"https:\/\/www.radiopiu.net\/wordpress\/wp-content\/uploads\/2021\/07\/a32cc684-1291-470d-a33c-5f72a4d6673a-1-300x230.jpg 300w, https:\/\/www.radiopiu.net\/wordpress\/wp-content\/uploads\/2021\/07\/a32cc684-1291-470d-a33c-5f72a4d6673a-1-768x588.jpg 768w, https:\/\/www.radiopiu.net\/wordpress\/wp-content\/uploads\/2021\/07\/a32cc684-1291-470d-a33c-5f72a4d6673a-1.jpg 960w\" sizes=\"auto, (max-width: 300px) 100vw, 300px\" \/><\/a>\n\t\t\t\t<\/dt><\/dl><dl class='gallery-item'>\n\t\t\t\t<dt class='gallery-icon landscape'>\n\t\t\t\t\t<a class=\"rollover rollover-zoom dt-pswp-item\" title=\"9a40fd4e-5345-49bc-8a6b-9d14d083b6b2\" data-dt-img-description=\"\" data-large_image_width=\"960\" data-large_image_height=\"815\"href='https:\/\/www.radiopiu.net\/wordpress\/wp-content\/uploads\/2021\/07\/9a40fd4e-5345-49bc-8a6b-9d14d083b6b2-1.jpg'><img loading=\"lazy\" decoding=\"async\" width=\"300\" height=\"255\" src=\"https:\/\/www.radiopiu.net\/wordpress\/wp-content\/uploads\/2021\/07\/9a40fd4e-5345-49bc-8a6b-9d14d083b6b2-1-300x255.jpg\" class=\"attachment-medium size-medium\" alt=\"\" srcset=\"https:\/\/www.radiopiu.net\/wordpress\/wp-content\/uploads\/2021\/07\/9a40fd4e-5345-49bc-8a6b-9d14d083b6b2-1-300x255.jpg 300w, https:\/\/www.radiopiu.net\/wordpress\/wp-content\/uploads\/2021\/07\/9a40fd4e-5345-49bc-8a6b-9d14d083b6b2-1-768x652.jpg 768w, https:\/\/www.radiopiu.net\/wordpress\/wp-content\/uploads\/2021\/07\/9a40fd4e-5345-49bc-8a6b-9d14d083b6b2-1.jpg 960w\" sizes=\"auto, (max-width: 300px) 100vw, 300px\" \/><\/a>\n\t\t\t\t<\/dt><\/dl><br style=\"clear: both\" \/>\n\t\t\t<\/div>\n\n<p>&nbsp;<\/p>\n<p>&nbsp;<\/p>\n<hr \/>\n<p>&nbsp;<\/p>\n<blockquote>\n<h3>ROSE BIANCHE E PALLONCINI PER PETRA<\/h3>\n<\/blockquote>\n<p><strong>CESIOMAGGIORE<\/strong> Ciao cucciola, che le pedalate continuino tra gli angeli, noi il tifo continueremo a farlo da qui, assieme a pap\u00e0 Carlo, mamma Chiara, Sebastiano, Teresa ed Alessandra. Che questo prevalga sulla tristezza, sulle lacrime e sul dolore che \u00e8 incommensurabile, ma quegli occhi furbi tra caschetto e frangetta non li scorderemo pi\u00f9. Si sono svolti i funerali di Petra Lucca nella chiesa parrocchiale di Soranzen, c&#8217;erano tutti: gli amici della scuola, della bicicletta, della vita di tutti i giorni. Anche lei, la &#8220;nonna&#8221; che da sabato \u00e8 piegata dal peso di una croce che non meritava per un destino scritto in brutta copia, sar\u00e0 anche il libro della vita ma crederlo risulta non solo difficile, piuttosto\u00a0 impossibile davanti ad una piccola bara bianca portata dai dirigenti della Winnerbike di Santa Giustina, il gruppo sportivo di Petra. Le sue amiche l&#8217;hanno salutata con i loro pensieri,\u00a0 rose bianche e palloncini al cielo.<\/p>\n<p>foto Roberto Curto_corrierealpi<\/p>\n\n\t\t\t<style type='text\/css'>\n\t\t\t\t#gallery-3 {\n\t\t\t\t\tmargin: auto;\n\t\t\t\t}\n\t\t\t\t#gallery-3 .gallery-item {\n\t\t\t\t\tfloat: left;\n\t\t\t\t\tmargin-top: 10px;\n\t\t\t\t\ttext-align: center;\n\t\t\t\t\twidth: 50%;\n\t\t\t\t}\n\t\t\t\t#gallery-3 img {\n\t\t\t\t\tborder: 2px solid #cfcfcf;\n\t\t\t\t}\n\t\t\t\t#gallery-3 .gallery-caption {\n\t\t\t\t\tmargin-left: 0;\n\t\t\t\t}\n\t\t\t\t\/* see gallery_shortcode() in wp-includes\/media.php *\/\n\t\t\t<\/style>\n\t\t<div id='gallery-3' class='dt-gallery-container gallery galleryid-224933 gallery-columns-2 gallery-size-medium'><dl class='gallery-item'>\n\t\t\t\t<dt class='gallery-icon landscape'>\n\t\t\t\t\t<a class=\"rollover rollover-zoom dt-pswp-item\" title=\"1a1069d3-7f72-4686-8af2-c4af286dfba0\" data-dt-img-description=\"\" data-large_image_width=\"2048\" data-large_image_height=\"1536\"href='https:\/\/www.radiopiu.net\/wordpress\/wp-content\/uploads\/2021\/07\/1a1069d3-7f72-4686-8af2-c4af286dfba0.jpg'><img loading=\"lazy\" decoding=\"async\" width=\"300\" height=\"225\" src=\"https:\/\/www.radiopiu.net\/wordpress\/wp-content\/uploads\/2021\/07\/1a1069d3-7f72-4686-8af2-c4af286dfba0-300x225.jpg\" class=\"attachment-medium size-medium\" alt=\"\" srcset=\"https:\/\/www.radiopiu.net\/wordpress\/wp-content\/uploads\/2021\/07\/1a1069d3-7f72-4686-8af2-c4af286dfba0-300x225.jpg 300w, https:\/\/www.radiopiu.net\/wordpress\/wp-content\/uploads\/2021\/07\/1a1069d3-7f72-4686-8af2-c4af286dfba0-1024x768.jpg 1024w, https:\/\/www.radiopiu.net\/wordpress\/wp-content\/uploads\/2021\/07\/1a1069d3-7f72-4686-8af2-c4af286dfba0-768x576.jpg 768w, https:\/\/www.radiopiu.net\/wordpress\/wp-content\/uploads\/2021\/07\/1a1069d3-7f72-4686-8af2-c4af286dfba0-1536x1152.jpg 1536w, https:\/\/www.radiopiu.net\/wordpress\/wp-content\/uploads\/2021\/07\/1a1069d3-7f72-4686-8af2-c4af286dfba0.jpg 2048w\" sizes=\"auto, (max-width: 300px) 100vw, 300px\" \/><\/a>\n\t\t\t\t<\/dt><\/dl><dl class='gallery-item'>\n\t\t\t\t<dt class='gallery-icon landscape'>\n\t\t\t\t\t<a class=\"rollover rollover-zoom dt-pswp-item\" title=\"6b841a63-4bef-4432-8e9c-5d9e6d4cdacd\" data-dt-img-description=\"\" data-large_image_width=\"2048\" data-large_image_height=\"1536\"href='https:\/\/www.radiopiu.net\/wordpress\/wp-content\/uploads\/2021\/07\/6b841a63-4bef-4432-8e9c-5d9e6d4cdacd.jpg'><img loading=\"lazy\" decoding=\"async\" width=\"300\" height=\"225\" src=\"https:\/\/www.radiopiu.net\/wordpress\/wp-content\/uploads\/2021\/07\/6b841a63-4bef-4432-8e9c-5d9e6d4cdacd-300x225.jpg\" class=\"attachment-medium size-medium\" alt=\"\" srcset=\"https:\/\/www.radiopiu.net\/wordpress\/wp-content\/uploads\/2021\/07\/6b841a63-4bef-4432-8e9c-5d9e6d4cdacd-300x225.jpg 300w, https:\/\/www.radiopiu.net\/wordpress\/wp-content\/uploads\/2021\/07\/6b841a63-4bef-4432-8e9c-5d9e6d4cdacd-1024x768.jpg 1024w, https:\/\/www.radiopiu.net\/wordpress\/wp-content\/uploads\/2021\/07\/6b841a63-4bef-4432-8e9c-5d9e6d4cdacd-768x576.jpg 768w, https:\/\/www.radiopiu.net\/wordpress\/wp-content\/uploads\/2021\/07\/6b841a63-4bef-4432-8e9c-5d9e6d4cdacd-1536x1152.jpg 1536w, https:\/\/www.radiopiu.net\/wordpress\/wp-content\/uploads\/2021\/07\/6b841a63-4bef-4432-8e9c-5d9e6d4cdacd.jpg 2048w\" sizes=\"auto, (max-width: 300px) 100vw, 300px\" \/><\/a>\n\t\t\t\t<\/dt><\/dl><br style=\"clear: both\" \/>\n\t\t\t<\/div>\n\n<p>&nbsp;<\/p>\n<hr \/>\n<p>&nbsp;<\/p>\n<blockquote>\n<h3>METEO. STATO DI ATTENZIONE SU ALTO PIAVE BELLUNESE, PEGGIORAMENTO DAL POMERIGGIO<\/h3>\n<\/blockquote>\n<p><img loading=\"lazy\" decoding=\"async\" class=\"alignleft\" src=\"https:\/\/www.radiopiu.net\/wordpress\/wp-content\/uploads\/2018\/08\/instabilita.jpg\" width=\"238\" height=\"143\" \/>Alla luce delle previsioni meteo, il Centro Funzionale Decentrato della Protezione Civile della Regione ha emesso un avviso di criticit\u00e0 idrogeologica con stato di attenzione per il bacino idrografico dell\u2019Alto Piave bellunese valido fino alla mezzanotte. Le previsioni indicano dal pomeriggio a sera una nuova fase di instabilit\u00e0 che coinvolger\u00e0 buona parte della regione. Visti i fenomeni meteorologici previsti la criticit\u00e0 idrogeologica attesa \u00e8 riferita allo scenario per temporali forti. Nel bollettino si precisa, altres\u00ec, che\u00a0 \u00e8 probabile l\u2019emissione di nuovi documenti per possibili fenomeni intensi su buona parte del territorio regionale a partire dal pomeriggio\/sera.<\/p>\n<p>&nbsp;<\/p>\n<hr \/>\n<p>&nbsp;<\/p>\n<blockquote>\n<h3>BIMBA CADE SUL SENTIERO E SI FERISCE ALLA TESTA<\/h3>\n<\/blockquote>\n<p><strong><img loading=\"lazy\" decoding=\"async\" class=\"alignleft\" src=\"https:\/\/www.radiopiu.net\/wordpress\/wp-content\/uploads\/2021\/07\/salt_20210703_172256_982.jpg\" width=\"99\" height=\"132\" \/>AURONZO <\/strong>In mattinata\u00a0 persone di passaggio hanno lanciato l&#8217;allarme al 118 per una bimba tedesca di 2 anni che, mentre con i genitori stava percorrendo il sentiero sotto le Tre Cime di Lavaredo, nei pressi di Forcella Lavaredo \u00e8 caduta riportando una ferita sulla testa. Mentre un&#8217;infermiera che si trovava sul posto medicava il taglio alla bambina, una squadra del Soccorso alpino della Guardia di finanza l&#8217;ha raggiunta con il fuoristrada. Dopo aver caricato a bordo lei e i genitori, li ha quindi accompagnati fino al parcheggio del Rifugio Auronzo da dove la famiglia si \u00e8 allontanata con i mezzi propri, in direzione dell&#8217;ospedale di San Candido.<\/p>\n<p>&nbsp;<\/p>\n<hr \/>\n<p>&nbsp;<\/p>\n<blockquote>\n<h3>PORTAVESCOVO: CADE CON LA MOUNTAIN BIKE<\/h3>\n<\/blockquote>\n<p><strong><img loading=\"lazy\" decoding=\"async\" class=\"alignleft\" src=\"https:\/\/www.radiopiu.net\/wordpress\/wp-content\/uploads\/2018\/07\/mountain-biking-1210066_960_720.jpg\" width=\"195\" height=\"147\" \/>LIVINALLONGO<\/strong>\u00a0 Ieri in tarda mattinata\u00a0 il Soccorso alpino di Livinallongo \u00e8 intervenuto sotto la cima di Porta Vescovo per un ciclista tedesco caduto con la propria mountain bike. Sul posto per caso un soccorritore che ha lanciato l&#8217;allarme. Una squadra ha raggiunto l&#8217;uomo,\u00a0 ha\u00a0 riportato un trauma alla spalla. Dopo le prime cure il trasporto\u00a0 fino alla partenza della funivia dove ad attenderlo c&#8217;era l&#8217;ambulanza<\/p>\n<p>&nbsp;<\/p>\n<p>&nbsp;<\/p>\n<hr \/>\n<p>&nbsp;<\/p>\n<blockquote>\n<h3>ESTATE TEMPO DI SCOUT, QUATTRO GIOVANI RAGAZZE ESAUSTE CHIEDONO AIUTO<\/h3>\n<\/blockquote>\n<p><strong><img loading=\"lazy\" decoding=\"async\" class=\"alignleft\" src=\"https:\/\/www.radiopiu.net\/wordpress\/wp-content\/uploads\/2021\/07\/salt_20210730_152740_841.jpg\" width=\"196\" height=\"147\" \/>VIGO DI CADORE<\/strong>\u00a0 Quattro scout\u00a0 hanno smarrito il sentiero sotto i Brentoni, a Vigo di Cadore. Le quattro ragazze, dai 13 ai 16 anni, di Savignano sul Rubicone (FC), hanno passato la notte al Bivacco Spagnolli. Al momento di tornare a valle verso i Fienili Da Rin, anzich\u00e9 prendere il sentiero numero 330, le ragazze si sono incamminate lungo il 328, una traccia che le ha portate a Forcella Stareza e oltre. Non\u00a0 sapendo pi\u00f9 dove si trovavano, stanche, avevano chiesto aiuto. Geolocalizzata la loro posizione tramite l&#8217;applicazione per smartphone in dotazione al Soccorso alpino, otto soccorritori si sono avvicinati il pi\u00f9 possibile in jeep, per poi proseguire a piedi un paio di chilometri. Dopo averle raggiunte a Col Menestr\u00e8, i soccorritori le hanno riaccompagnate indietro e riportate sulla strada, dove attendeva uno dei loro capi, cui sono state affidate. Saranno loro a dare la notizia di quanto accaduto ai genitori che al gruppo di scout ha affidato con fiducia i loro figli.<\/p>\n<p>&nbsp;<\/p>\n<hr \/>\n<p>&nbsp;<\/p>\n<blockquote>\n<h3>CHIEDE AIUTO CON LA MAIL DALLA VAL FALCINA<\/h3>\n<\/blockquote>\n<p><strong><img loading=\"lazy\" decoding=\"async\" class=\"alignleft\" src=\"https:\/\/www.radiopiu.net\/wordpress\/wp-content\/uploads\/2021\/04\/IMG-20210424-WA0017.jpg\" width=\"172\" height=\"129\" \/>SOSPIROLO U<\/strong>na donna ha ricevuto via email una richiesta di aiuto da parte del marito che si trovava in difficolt\u00e0 in Val Falcina. L&#8217;escursionista, un cinquantaseienne di Loria (TV),\u00a0 smarrito il sentiero\u00a0 ha\u00a0 contattato la moglie per mail dandole indicazioni del luogo dove si trovava e chiedendo l&#8217;intervento dell&#8217;elicottero. Mentre le squadre del Soccorso alpino di Belluno e Feltre di preparavano a partire, l&#8217;elicottero del Suem di Pieve di Cadore ha effettuato alcune rotazioni dall&#8217;alto, finch\u00e9 non \u00e8 riuscito a individuare l&#8217;uomo che, una volta recuperato, \u00e8 stato trasportato in piazzola a Belluno.<\/p>\n<p>&nbsp;<\/p>\n<hr \/>\n<p>&nbsp;<\/p>\n<blockquote>\n<h3>SALE AL VAZZOLER MA PREDA DELLA STANCHEZZA CHIAMA I SOCCORSI<\/h3>\n<\/blockquote>\n<p><strong><a href=\"https:\/\/www.radiopiu.net\/wordpress\/giornale-radiopiu-31-luglio-2021-direttore-mirko-mezzacasa\/download-1137\/\" rel=\"attachment wp-att-225167\"><img loading=\"lazy\" decoding=\"async\" class=\" wp-image-225167 alignleft\" src=\"https:\/\/www.radiopiu.net\/wordpress\/wp-content\/uploads\/2021\/07\/download-4.jpg\" alt=\"\" width=\"231\" height=\"154\" \/><\/a>TAIBON<\/strong>\u00a0 Ieri alle 16 una squadra del Soccorso alpino di Agordo \u00e8 andata in jeep al Rifugio Vazzoler e ha imbarcato un uomo di 64 anni di Cesiomaggiore (BL), che non era\u00a0 pi\u00f9 in grado di avanzare per la stanchezza. I soccorritori lo hanno accompagnato al Rifugio Capanna Trieste da dove si \u00e8 allontanato autonomamente.<\/p>\n<p>&nbsp;<\/p>\n<p>&nbsp;<\/p>\n<p>&nbsp;<\/p>\n<hr \/>\n<p>&nbsp;<\/p>\n<blockquote>\n<h3>DISTORSIONE ALLA CAVIGLIA, INTERVIENE IL PELIKAN DA BOLZANO<\/h3>\n<\/blockquote>\n<p><strong><a href=\"https:\/\/www.radiopiu.net\/wordpress\/ruzzola-nel-canalone-sulla-moiazza-interviene-il-soccorso-alpino\/salt_20210706_175749_154-1\/\" rel=\"attachment wp-att-220281\"><img loading=\"lazy\" decoding=\"async\" class=\"wp-image-220281 alignleft\" src=\"https:\/\/www.radiopiu.net\/wordpress\/wp-content\/uploads\/2021\/07\/salt_20210706_175749_154-1-225x300.jpg\" alt=\"\" width=\"116\" height=\"155\" srcset=\"https:\/\/www.radiopiu.net\/wordpress\/wp-content\/uploads\/2021\/07\/salt_20210706_175749_154-1-225x300.jpg 225w, https:\/\/www.radiopiu.net\/wordpress\/wp-content\/uploads\/2021\/07\/salt_20210706_175749_154-1-768x1024.jpg 768w, https:\/\/www.radiopiu.net\/wordpress\/wp-content\/uploads\/2021\/07\/salt_20210706_175749_154-1-1152x1536.jpg 1152w, https:\/\/www.radiopiu.net\/wordpress\/wp-content\/uploads\/2021\/07\/salt_20210706_175749_154-1-1536x2048.jpg 1536w, https:\/\/www.radiopiu.net\/wordpress\/wp-content\/uploads\/2021\/07\/salt_20210706_175749_154-1.jpg 1773w\" sizes=\"auto, (max-width: 116px) 100vw, 116px\" \/><\/a>CORTINA<\/strong> L&#8217;elicottero dell&#8217;Aiut Alpin Dolomites di Bolzano \u00e8 intervenuto lungo la Ferrata Brovedani, per un escursionista che si \u00e8\u00a0 fatto male a una caviglia. L&#8217;uomo ha tentato di avanzare, ma arrivato al Bivacco Conici si \u00e8 dovuto fermare. L\u00ec lo ha trovato un passante che ha dato l&#8217;allarme. Recuperato l&#8217;infortunato \u00e8 stato trasportato al l&#8217;ospedale di Cortina.<\/p>\n<p>&nbsp;<\/p>\n<p>&nbsp;<\/p>\n<p>&nbsp;<\/p>\n<p>&nbsp;<\/p>\n<hr \/>\n<p>&nbsp;<\/p>\n<blockquote>\n<h3>SEMAFORO DI NUOVO FUNZIONANTE DOPO I DANNEGGIAMENTI DELLA NOTTE<\/h3>\n<\/blockquote>\n<p><strong><span style=\"color: #ff0000;\"><em>Esasperazione da cantiere<\/em><\/span><br \/>\nLIVINALLONGO<\/strong> Federica ieri di buon mattino pubblicava sulla chat<strong><span style=\"color: #0000ff;\"> VIABILITA&#8217; PROVINCIA DI BELLUNO (Telegram):<\/span><\/strong> <em>Prestare attenzione al ponte di Ruacei dove il semaforo per il senso unico non funziona<\/em>. In effetti il semaforo era spento, la\u00a0 sera\u00a0 prima funzionava regolarmente ma nella notte \u00e8 successo qualche cosa, molto probabilmente qualcuno non aveva di meglio da fare che danneggiare i cavi di collegamento tranciandoli di netto. Ma potrebbe trattarsi non di un semplice &#8220;dispetto&#8221; piuttosto di gente che non ne pu\u00f2 pi\u00f9 di vedere un cantiere aperto per lunghi periodi, sabato e domenica compresi senza maestranze al lavoro. Sarebbe interessante che qualcuno spiegasse perch\u00e9 queste lungaggini nei lavori, forse il ponte necessit\u00e0 di interventi pi\u00f9 importanti che garantiscano il transito anche di due mezzi pesanti contemporaneamente? Ovviamente \u00e8 solo un&#8217;ipotesi.\u00a0 Ieri l&#8217;intervento degli addetti ai lavori che hanno ripristinato l&#8217;impianto, necessario per regolare il senso unico alternato lungo il cantiere che prevede il transito a senso unico alternato su una sola corsia. Anzi, ieri l&#8217;intervento di Anas sulla strada di Veneto Strade dove una ditta ha in appalto i lavori.<\/p>\n\n\t\t\t<style type='text\/css'>\n\t\t\t\t#gallery-4 {\n\t\t\t\t\tmargin: auto;\n\t\t\t\t}\n\t\t\t\t#gallery-4 .gallery-item {\n\t\t\t\t\tfloat: left;\n\t\t\t\t\tmargin-top: 10px;\n\t\t\t\t\ttext-align: center;\n\t\t\t\t\twidth: 20%;\n\t\t\t\t}\n\t\t\t\t#gallery-4 img {\n\t\t\t\t\tborder: 2px solid #cfcfcf;\n\t\t\t\t}\n\t\t\t\t#gallery-4 .gallery-caption {\n\t\t\t\t\tmargin-left: 0;\n\t\t\t\t}\n\t\t\t\t\/* see gallery_shortcode() in wp-includes\/media.php *\/\n\t\t\t<\/style>\n\t\t<div id='gallery-4' class='dt-gallery-container gallery galleryid-224933 gallery-columns-5 gallery-size-thumbnail'><dl class='gallery-item'>\n\t\t\t\t<dt class='gallery-icon portrait'>\n\t\t\t\t\t<a class=\"rollover rollover-zoom dt-pswp-item\" title=\"5f3ad660-dd77-4f9d-9cb1-5ecca9ce77d0\" data-dt-img-description=\"\" data-large_image_width=\"1080\" data-large_image_height=\"1920\"href='https:\/\/www.radiopiu.net\/wordpress\/wp-content\/uploads\/2021\/07\/5f3ad660-dd77-4f9d-9cb1-5ecca9ce77d0.jpg'><img loading=\"lazy\" decoding=\"async\" width=\"150\" height=\"150\" src=\"https:\/\/www.radiopiu.net\/wordpress\/wp-content\/uploads\/2021\/07\/5f3ad660-dd77-4f9d-9cb1-5ecca9ce77d0-150x150.jpg\" class=\"attachment-thumbnail size-thumbnail\" alt=\"\" \/><\/a>\n\t\t\t\t<\/dt><\/dl><dl class='gallery-item'>\n\t\t\t\t<dt class='gallery-icon landscape'>\n\t\t\t\t\t<a class=\"rollover rollover-zoom dt-pswp-item\" title=\"5bd4109f-1ba3-46ae-8563-59c1f7d69d46\" data-dt-img-description=\"\" data-large_image_width=\"1920\" data-large_image_height=\"1080\"href='https:\/\/www.radiopiu.net\/wordpress\/wp-content\/uploads\/2021\/07\/5bd4109f-1ba3-46ae-8563-59c1f7d69d46.jpg'><img loading=\"lazy\" decoding=\"async\" width=\"150\" height=\"150\" src=\"https:\/\/www.radiopiu.net\/wordpress\/wp-content\/uploads\/2021\/07\/5bd4109f-1ba3-46ae-8563-59c1f7d69d46-150x150.jpg\" class=\"attachment-thumbnail size-thumbnail\" alt=\"\" \/><\/a>\n\t\t\t\t<\/dt><\/dl><dl class='gallery-item'>\n\t\t\t\t<dt class='gallery-icon portrait'>\n\t\t\t\t\t<a class=\"rollover rollover-zoom dt-pswp-item\" title=\"192bcfab-5383-47a3-8a11-4c9d29f1f7c7\" data-dt-img-description=\"\" data-large_image_width=\"1080\" data-large_image_height=\"1920\"href='https:\/\/www.radiopiu.net\/wordpress\/wp-content\/uploads\/2021\/07\/192bcfab-5383-47a3-8a11-4c9d29f1f7c7.jpg'><img loading=\"lazy\" decoding=\"async\" width=\"150\" height=\"150\" src=\"https:\/\/www.radiopiu.net\/wordpress\/wp-content\/uploads\/2021\/07\/192bcfab-5383-47a3-8a11-4c9d29f1f7c7-150x150.jpg\" class=\"attachment-thumbnail size-thumbnail\" alt=\"\" \/><\/a>\n\t\t\t\t<\/dt><\/dl><dl class='gallery-item'>\n\t\t\t\t<dt class='gallery-icon portrait'>\n\t\t\t\t\t<a class=\"rollover rollover-zoom dt-pswp-item\" title=\"d586281f-0c1a-46d2-990e-bad73e57ef23\" data-dt-img-description=\"\" data-large_image_width=\"899\" data-large_image_height=\"1599\"href='https:\/\/www.radiopiu.net\/wordpress\/wp-content\/uploads\/2021\/07\/d586281f-0c1a-46d2-990e-bad73e57ef23.jpg'><img loading=\"lazy\" decoding=\"async\" width=\"150\" height=\"150\" src=\"https:\/\/www.radiopiu.net\/wordpress\/wp-content\/uploads\/2021\/07\/d586281f-0c1a-46d2-990e-bad73e57ef23-150x150.jpg\" class=\"attachment-thumbnail size-thumbnail\" alt=\"\" \/><\/a>\n\t\t\t\t<\/dt><\/dl><dl class='gallery-item'>\n\t\t\t\t<dt class='gallery-icon landscape'>\n\t\t\t\t\t<a class=\"rollover rollover-zoom dt-pswp-item\" title=\"96d77237-9f3d-4c12-ba71-3891f5d83d14\" data-dt-img-description=\"\" data-large_image_width=\"1920\" data-large_image_height=\"1080\"href='https:\/\/www.radiopiu.net\/wordpress\/wp-content\/uploads\/2021\/07\/96d77237-9f3d-4c12-ba71-3891f5d83d14.jpg'><img loading=\"lazy\" decoding=\"async\" width=\"150\" height=\"150\" src=\"https:\/\/www.radiopiu.net\/wordpress\/wp-content\/uploads\/2021\/07\/96d77237-9f3d-4c12-ba71-3891f5d83d14-150x150.jpg\" class=\"attachment-thumbnail size-thumbnail\" alt=\"\" \/><\/a>\n\t\t\t\t<\/dt><\/dl><br style=\"clear: both\" \/>\n\t\t\t<\/div>\n\n<p>&nbsp;<\/p>\n<hr \/>\n<p>&nbsp;<\/p>\n<blockquote>\n<h3 style=\"text-align: left;\">IL PROGETTO DELLE TRIBUNE COPERTE, TUTT&#8217;ALTRO CHE UN SOGNO<\/h3>\n<h3 style=\"text-align: left;\">AGORDO Nel consiglio comunale dell&#8217;altra sera l&#8217;assessore Cristina Bien ha presentato i nuovi progetti per l&#8217;Ivano Dorigo. Tra questi\u00a0 la copertura delle tribune che non \u00e8 certo un sogno, piuttosto un&#8217;iniziativa concreta al punto che il Comune ha gi\u00e0 \u00a0predisposto il\u00a0 progetto di fattibilit\u00e0 tecnico-economica\u00a0 per farsi trovare pronto. L&#8217;argomento trattato in consiglio comunale su sollecitazione del consigliere di minoranza Paolo Selva Moretti<br \/>\nL&#8217;INTERVENTO DELL&#8217;ASSESSORE<\/h3>\n<\/blockquote>\n<audio class=\"wp-audio-shortcode\" id=\"audio-224933-2\" preload=\"none\" style=\"width: 100%;\" controls=\"controls\"><source type=\"audio\/mpeg\" src=\"https:\/\/www.radiopiu.net\/wordpress\/wp-content\/uploads\/2021\/07\/cricarlio.mp3?_=2\" \/><a href=\"https:\/\/www.radiopiu.net\/wordpress\/wp-content\/uploads\/2021\/07\/cricarlio.mp3\">https:\/\/www.radiopiu.net\/wordpress\/wp-content\/uploads\/2021\/07\/cricarlio.mp3<\/a><\/audio>\n\n\t\t\t<style type='text\/css'>\n\t\t\t\t#gallery-5 {\n\t\t\t\t\tmargin: auto;\n\t\t\t\t}\n\t\t\t\t#gallery-5 .gallery-item {\n\t\t\t\t\tfloat: left;\n\t\t\t\t\tmargin-top: 10px;\n\t\t\t\t\ttext-align: center;\n\t\t\t\t\twidth: 33%;\n\t\t\t\t}\n\t\t\t\t#gallery-5 img {\n\t\t\t\t\tborder: 2px solid #cfcfcf;\n\t\t\t\t}\n\t\t\t\t#gallery-5 .gallery-caption {\n\t\t\t\t\tmargin-left: 0;\n\t\t\t\t}\n\t\t\t\t\/* see gallery_shortcode() in wp-includes\/media.php *\/\n\t\t\t<\/style>\n\t\t<div id='gallery-5' class='dt-gallery-container gallery galleryid-224933 gallery-columns-3 gallery-size-thumbnail'><dl class='gallery-item'>\n\t\t\t\t<dt class='gallery-icon portrait'>\n\t\t\t\t\t<a class=\"rollover\" href='https:\/\/www.radiopiu.net\/wordpress\/si-pensa-ad-un-badge-per-accedere-allivano-dorigo-di-agordo\/ed080f3b-0232-4dc5-8c19-dcb488c48ccf\/'><img loading=\"lazy\" decoding=\"async\" width=\"150\" height=\"150\" src=\"https:\/\/www.radiopiu.net\/wordpress\/wp-content\/uploads\/2021\/07\/ed080f3b-0232-4dc5-8c19-dcb488c48ccf-150x150.jpg\" class=\"attachment-thumbnail size-thumbnail\" alt=\"\" \/><\/a>\n\t\t\t\t<\/dt><\/dl><dl class='gallery-item'>\n\t\t\t\t<dt class='gallery-icon landscape'>\n\t\t\t\t\t<a class=\"rollover\" href='https:\/\/www.radiopiu.net\/wordpress\/si-pensa-ad-un-badge-per-accedere-allivano-dorigo-di-agordo\/b23ebf6d-2a32-4a9f-90d8-f79e9a2b486d\/'><img loading=\"lazy\" decoding=\"async\" width=\"150\" height=\"150\" src=\"https:\/\/www.radiopiu.net\/wordpress\/wp-content\/uploads\/2021\/07\/b23ebf6d-2a32-4a9f-90d8-f79e9a2b486d-150x150.jpg\" class=\"attachment-thumbnail size-thumbnail\" alt=\"\" \/><\/a>\n\t\t\t\t<\/dt><\/dl>\n\t\t\t\t<br style='clear: both' \/>\n\t\t\t<\/div>\n\n<p>&nbsp;<\/p>\n<p>&nbsp;<\/p>\n<blockquote>\n<h3>PRATICA SPORTIVA, SI PENSA AD UN BADGE PER ACCEDERE ALLO STADIO IVANO DORIGO DI AGORDO<\/h3>\n<\/blockquote>\n<p><strong><a href=\"https:\/\/www.radiopiu.net\/wordpress\/tutto-lo-sport-si-ferma-o-quasi\/ivano-dorigo-agordo\/\" rel=\"attachment wp-att-169847\"><img loading=\"lazy\" decoding=\"async\" class=\" wp-image-169847 alignleft\" src=\"https:\/\/www.radiopiu.net\/wordpress\/wp-content\/uploads\/2020\/11\/IVANO-DORIGO-AGORDO-300x225.jpg\" alt=\"\" width=\"148\" height=\"111\" srcset=\"https:\/\/www.radiopiu.net\/wordpress\/wp-content\/uploads\/2020\/11\/IVANO-DORIGO-AGORDO-300x225.jpg 300w, https:\/\/www.radiopiu.net\/wordpress\/wp-content\/uploads\/2020\/11\/IVANO-DORIGO-AGORDO-768x576.jpg 768w, https:\/\/www.radiopiu.net\/wordpress\/wp-content\/uploads\/2020\/11\/IVANO-DORIGO-AGORDO.jpg 1024w\" sizes=\"auto, (max-width: 148px) 100vw, 148px\" \/><\/a>AGORDO <\/strong>Nel consiglio comunale di Agordo si \u00e8 parlato anche di un badge per l&#8217;accesso allo Stadio Ivano Dorigo di Agordo quando si vuole fare pratica sportiva. Lo ha fatto l&#8217;assessore allo sport Cristina Bien<\/p>\n<audio class=\"wp-audio-shortcode\" id=\"audio-224933-3\" preload=\"none\" style=\"width: 100%;\" controls=\"controls\"><source type=\"audio\/mpeg\" src=\"https:\/\/www.radiopiu.net\/wordpress\/wp-content\/uploads\/2021\/07\/CRISTINA.mp3?_=3\" \/><a href=\"https:\/\/www.radiopiu.net\/wordpress\/wp-content\/uploads\/2021\/07\/CRISTINA.mp3\">https:\/\/www.radiopiu.net\/wordpress\/wp-content\/uploads\/2021\/07\/CRISTINA.mp3<\/a><\/audio>\n<p>&nbsp;<\/p>\n<p>&nbsp;<\/p>\n<blockquote class=\"wp-embedded-content\" data-secret=\"uFJv17cLRK\"><p><a href=\"https:\/\/www.radiopiu.net\/wordpress\/il-consiglio-comunale-di-agordodiretta\/\">NUOVI PARCHEGGI IN VIA TETO PICIOL NELLA MILIONARIA VARIAZIONE AL BILANCIO DEL  CONSIGLIO COMUNALE<\/a><\/p><\/blockquote>\n<p><iframe loading=\"lazy\" class=\"wp-embedded-content\" sandbox=\"allow-scripts\" security=\"restricted\" style=\"position: absolute; clip: rect(1px, 1px, 1px, 1px);\" title=\"&#8220;NUOVI PARCHEGGI IN VIA TETO PICIOL NELLA MILIONARIA VARIAZIONE AL BILANCIO DEL  CONSIGLIO COMUNALE&#8221; &#8212; Radio Pi\u00f9\" src=\"https:\/\/www.radiopiu.net\/wordpress\/il-consiglio-comunale-di-agordodiretta\/embed\/#?secret=uFJv17cLRK\" data-secret=\"uFJv17cLRK\" width=\"600\" height=\"338\" frameborder=\"0\" marginwidth=\"0\" marginheight=\"0\" scrolling=\"no\"><\/iframe><\/p>\n<p>&nbsp;<\/p>\n<hr \/>\n<p>&nbsp;<\/p>\n<blockquote>\n<h3>AGORDO-FARENZENA E RITORNO: FINE DEI DISAGI<\/h3>\n<\/blockquote>\n<p><strong>AGORDO\u00a0 <\/strong>Da ieri sera alle 18 \u00e8 riaperto il ponte in Val di Frela,\u00a0 fine dei disagi per gli abitanti della frazione che a luglio per raggiungere casa o il posto di lavoro hanno percorso qualche chilometri in pi\u00f9 verso Don e Rif.\u00a0 La soddisfazione del sindaco, Roberto Chissale&#8217; e le nuove speranze per la Val de Roa, l&#8217;ultimo tassello<\/p>\n<audio class=\"wp-audio-shortcode\" id=\"audio-224933-4\" preload=\"none\" style=\"width: 100%;\" controls=\"controls\"><source type=\"audio\/mpeg\" src=\"https:\/\/www.radiopiu.net\/wordpress\/wp-content\/uploads\/2021\/07\/CHISSALE-1.mp3?_=4\" \/><a href=\"https:\/\/www.radiopiu.net\/wordpress\/wp-content\/uploads\/2021\/07\/CHISSALE-1.mp3\">https:\/\/www.radiopiu.net\/wordpress\/wp-content\/uploads\/2021\/07\/CHISSALE-1.mp3<\/a><\/audio>\n<p><strong>\u00a0<\/strong><\/p>\n<p>&nbsp;<\/p>\n<blockquote>\n<h3>UN LAVORO IN TEMPI RECORD. BOTTACIN &#8220;E&#8217; LA PROVA DELLA NOSTRA ATTENZIONE PER IL TERRITORIO&#8221;<\/h3>\n<p><a href=\"https:\/\/www.radiopiu.net\/wordpress\/lezioni-di-prevenzione\/dd98f58e-92d3-4735-8b1c-341518da9aa9\/\" rel=\"attachment wp-att-225095\"><img loading=\"lazy\" decoding=\"async\" class=\"size-medium wp-image-225095 alignleft\" src=\"https:\/\/www.radiopiu.net\/wordpress\/wp-content\/uploads\/2021\/07\/dd98f58e-92d3-4735-8b1c-341518da9aa9-300x225.jpg\" alt=\"\" width=\"300\" height=\"225\" srcset=\"https:\/\/www.radiopiu.net\/wordpress\/wp-content\/uploads\/2021\/07\/dd98f58e-92d3-4735-8b1c-341518da9aa9-300x225.jpg 300w, https:\/\/www.radiopiu.net\/wordpress\/wp-content\/uploads\/2021\/07\/dd98f58e-92d3-4735-8b1c-341518da9aa9-1024x768.jpg 1024w, https:\/\/www.radiopiu.net\/wordpress\/wp-content\/uploads\/2021\/07\/dd98f58e-92d3-4735-8b1c-341518da9aa9-768x576.jpg 768w, https:\/\/www.radiopiu.net\/wordpress\/wp-content\/uploads\/2021\/07\/dd98f58e-92d3-4735-8b1c-341518da9aa9-1536x1152.jpg 1536w, https:\/\/www.radiopiu.net\/wordpress\/wp-content\/uploads\/2021\/07\/dd98f58e-92d3-4735-8b1c-341518da9aa9.jpg 1600w\" sizes=\"auto, (max-width: 300px) 100vw, 300px\" \/><\/a><strong>VENEZIA<\/strong> Nell&#8217;ambito di un pi\u00f9 corposo intervento che comprendeva anche la sistemazione di un&#8217;opera di captazione sul torrente Val di Font e alcuni interventi di sistemazione idraulica sia sul Val di Font che sul Campregana, i Servizi Forestali regionali hanno provveduto al rifacimento del ponte sul Campregana <em>&#8220;Si tratta di un lavoro importante, del valore complessivo di 650mila euro &#8211; spiega l&#8217;assessore al Dissesto Idrogeologico Gianpaolo Bottacin &#8211; che si era reso necessario dopo che, a causa di Vaia, il manufatto era stato tappato da piante e vegetazione, con il conseguente allagamento degli edifici adiacenti. <\/em><em>Un lavoro completato in poche settimane, a tempo di record.\u00a0 L&#8217;ennesima prova dell&#8217;attenzione con cui seguiamo i nostri cantieri, coordinando i lavori anche con le precise esigenze dei singoli territori&#8221;.<\/em><\/p><\/blockquote>\n<p>&nbsp;<\/p>\n<p>&nbsp;<\/p>\n<p>&nbsp;<\/p>\n<hr \/>\n<p>&nbsp;<\/p>\n<blockquote>\n<h3>COVID, PREOCCUPAZIONI E RIFLESSIONI<\/h3>\n<\/blockquote>\n<p><strong><a href=\"https:\/\/www.radiopiu.net\/wordpress\/il-nuovo-step-della-fase-2-ci-veda-propositivi-e-uniti-la-provincia-puo-fare-da-collettore-di-tutte-le-esigenze-e-le-idee-che-emergono-dal-nostro-territorio\/padrin-64\/\" rel=\"attachment wp-att-138417\"><img loading=\"lazy\" decoding=\"async\" class=\"wp-image-138417 alignleft\" src=\"https:\/\/www.radiopiu.net\/wordpress\/wp-content\/uploads\/2020\/05\/PADRIN-1-300x225.jpg\" alt=\"\" width=\"112\" height=\"84\" srcset=\"https:\/\/www.radiopiu.net\/wordpress\/wp-content\/uploads\/2020\/05\/PADRIN-1-300x225.jpg 300w, https:\/\/www.radiopiu.net\/wordpress\/wp-content\/uploads\/2020\/05\/PADRIN-1-1024x768.jpg 1024w, https:\/\/www.radiopiu.net\/wordpress\/wp-content\/uploads\/2020\/05\/PADRIN-1-768x576.jpg 768w, https:\/\/www.radiopiu.net\/wordpress\/wp-content\/uploads\/2020\/05\/PADRIN-1-1536x1152.jpg 1536w, https:\/\/www.radiopiu.net\/wordpress\/wp-content\/uploads\/2020\/05\/PADRIN-1-2048x1536.jpg 2048w\" sizes=\"auto, (max-width: 112px) 100vw, 112px\" \/><\/a>LONGARONE<\/strong> Il messaggio del sindaco Roberto Padrin &#8220;Non lo facevo da tanto tempo , ma ritengo doveroso informarvi che ad oggi il numero di positivi nel nostro Comune \u00e8 salito a 7 con 9 persone in isolamento fiduciario. Si tratta di persone giovani per lo pi\u00f9. Sono numeri che cominciano a preoccupare e chiedo pertanto attenzione, ma soprattutto di vaccinarci. Resta questa l\u2019unica soluzione per combattere questo maledetto virus. Insieme ce la faremo ne sono sicuro&#8221;<\/p>\n<p>&nbsp;<\/p>\n<p><strong><a href=\"https:\/\/www.radiopiu.net\/wordpress\/giornale-radiopiu-31-luglio-2021-direttore-mirko-mezzacasa\/de_pasqual_fulvio\/\" rel=\"attachment wp-att-225124\"><img loading=\"lazy\" decoding=\"async\" class=\"wp-image-225124 alignleft\" src=\"https:\/\/www.radiopiu.net\/wordpress\/wp-content\/uploads\/2021\/07\/De_Pasqual_Fulvio-225x300.jpg\" alt=\"\" width=\"96\" height=\"128\" srcset=\"https:\/\/www.radiopiu.net\/wordpress\/wp-content\/uploads\/2021\/07\/De_Pasqual_Fulvio-225x300.jpg 225w, https:\/\/www.radiopiu.net\/wordpress\/wp-content\/uploads\/2021\/07\/De_Pasqual_Fulvio.jpg 600w\" sizes=\"auto, (max-width: 96px) 100vw, 96px\" \/><\/a>PONTE NELLE ALPI<\/strong> Il 100 per cento dei dipendenti \u00e8 coperto dalla vaccinazione contro il Covid-19. E lo stesso vale per amministratori, assessori e consiglieri che siedono in consiglio e, di conseguenza, rivestono un ruolo pubblico. A partire dalla prossima seduta sar\u00e0 necessario esibire il Green pass per seguire lo sviluppo dei vari punti all\u2019ordine del giorno e assistere al dibattito del consiglio comunale.Il capogruppo di maggioranza e medico Fulvio De Pasqual: &#8220;La comunit\u00e0 ha risposto in maniera confortante: tra i miei assistiti dai 12 anni in su, il 73 per cento \u00e8 gi\u00e0 coperto dal siero. Qualche fetta da recuperare c\u2019\u00e8 ancora, soprattutto fra i 50enni e i 60enni. Tuttavia, il risultato complessivo \u00e8 molto buono. Leggo che la Regione frena rispetto all\u2019obbligo di sospensione del personale medico cosiddetto \u201cno vax\u201d. \u00c8 vero, ci possono essere dei problemi tecnici in termini di copertura degli assistiti, ma non si pu\u00f2 tergiversare&#8221;.<\/p>\n<p>&nbsp;<\/p>\n<p><strong><a href=\"https:\/\/www.radiopiu.net\/wordpress\/la-presidente-di-confartigianato-claudia-scarzanella-parla-delle-sfide-territoriali-per-lanno-che-verra\/claudia-scarzanella-confartigianato\/\" rel=\"attachment wp-att-182277\"><img loading=\"lazy\" decoding=\"async\" class=\"wp-image-182277 alignleft\" src=\"https:\/\/www.radiopiu.net\/wordpress\/wp-content\/uploads\/2020\/12\/CLAUDIA-SCARZANELLA-CONFARTIGIANATO-300x236.png\" alt=\"\" width=\"119\" height=\"94\" srcset=\"https:\/\/www.radiopiu.net\/wordpress\/wp-content\/uploads\/2020\/12\/CLAUDIA-SCARZANELLA-CONFARTIGIANATO-300x236.png 300w, https:\/\/www.radiopiu.net\/wordpress\/wp-content\/uploads\/2020\/12\/CLAUDIA-SCARZANELLA-CONFARTIGIANATO-1024x804.png 1024w, https:\/\/www.radiopiu.net\/wordpress\/wp-content\/uploads\/2020\/12\/CLAUDIA-SCARZANELLA-CONFARTIGIANATO-768x603.png 768w, https:\/\/www.radiopiu.net\/wordpress\/wp-content\/uploads\/2020\/12\/CLAUDIA-SCARZANELLA-CONFARTIGIANATO.png 1042w\" sizes=\"auto, (max-width: 119px) 100vw, 119px\" \/><\/a>BELLUNO<\/strong> Confartigianato chiede l\u2019esclusione della responsabilit\u00e0 dei gestori di bar, locali e attivit\u00e0 La Presidente Claudia Scarzanella: \u00abSiamo artigiani e imprenditori responsabili, ma non possiamo diventare controllori\u00bb. Il problema dei controlli del Green pass era stato sollevato fin dall\u2019inizio. In particolare dalla categoria dei bar e ristoranti, dove risulterebbe perlomeno complesso organizzare un controllo capillare, diversificato tra avventori al banco e avventori seduti ai tavoli. \u00abIn questo periodo purtroppo siamo becchi e bastonati. Speriamo solo ci sia buonsenso da parte di tutti, degli avventori ma anche della politica&#8221;, lo dice Antonio De Fina, presidente degli alimentaristi di Confartigianato Belluno.<\/p>\n<p>&nbsp;<\/p>\n<p><strong><a href=\"https:\/\/www.radiopiu.net\/wordpress\/giornale-radiopiu-31-luglio-2021-direttore-mirko-mezzacasa\/th-171\/\" rel=\"attachment wp-att-225158\"><img loading=\"lazy\" decoding=\"async\" class=\"wp-image-225158 alignleft\" src=\"https:\/\/www.radiopiu.net\/wordpress\/wp-content\/uploads\/2021\/07\/th-21.jpg\" alt=\"\" width=\"169\" height=\"95\" \/><\/a>BELLUNO<\/strong> Il Presidente di Confcommercio Paolo Doglioni ha incontrato il prefetto Mariano Savastano ricevendo da questi un caldo invito a proseguire nella gi\u00e0 consolidata collaborazione istituzionale, anche \u2013 considerato il particolare periodo \u2013 al fine di incrementare l\u2019adesione alla campagna vaccinale.<\/p>\n<p><strong>di DAMIANO TORMEN\u00a0<\/strong><\/p>\n<audio class=\"wp-audio-shortcode\" id=\"audio-224933-5\" preload=\"none\" style=\"width: 100%;\" controls=\"controls\"><source type=\"audio\/mpeg\" src=\"https:\/\/www.radiopiu.net\/wordpress\/wp-content\/uploads\/2021\/07\/DAMIANO-2.mp3?_=5\" \/><a href=\"https:\/\/www.radiopiu.net\/wordpress\/wp-content\/uploads\/2021\/07\/DAMIANO-2.mp3\">https:\/\/www.radiopiu.net\/wordpress\/wp-content\/uploads\/2021\/07\/DAMIANO-2.mp3<\/a><\/audio>\n<p>&nbsp;<\/p>\n<hr \/>\n<blockquote>\n<h3><\/h3>\n<h3>ESSILORLUXOTTICA, FATTURATO IN CRESCITA. +9,2% NEL SECONDO TRIMESTRE, +35% NEL PRIMO SEMESTRE<\/h3>\n<\/blockquote>\n<p><strong><a href=\"https:\/\/www.radiopiu.net\/wordpress\/essilorluxottica-le-novita-dallassemblea-degli-azionisti-il-nuovo-consiglio-di-amministrazione-e-i-dividenti-delle-azioni\/essilorluxottica-2\/\" rel=\"attachment wp-att-193540\"><img loading=\"lazy\" decoding=\"async\" class=\"size-medium wp-image-193540 alignleft\" src=\"https:\/\/www.radiopiu.net\/wordpress\/wp-content\/uploads\/2021\/02\/ESSILORLUXOTTICA-300x170.png\" alt=\"\" width=\"300\" height=\"170\" srcset=\"https:\/\/www.radiopiu.net\/wordpress\/wp-content\/uploads\/2021\/02\/ESSILORLUXOTTICA-300x170.png 300w, https:\/\/www.radiopiu.net\/wordpress\/wp-content\/uploads\/2021\/02\/ESSILORLUXOTTICA-1024x579.png 1024w, https:\/\/www.radiopiu.net\/wordpress\/wp-content\/uploads\/2021\/02\/ESSILORLUXOTTICA-768x434.png 768w, https:\/\/www.radiopiu.net\/wordpress\/wp-content\/uploads\/2021\/02\/ESSILORLUXOTTICA.png 1320w\" sizes=\"auto, (max-width: 300px) 100vw, 300px\" \/><\/a>CHARENTON-LE-PONT (FRANCIA) <\/strong>Il Consiglio di Amministrazione di EssilorLuxottica si \u00e8 riunito il 29 luglio 2021 per l\u2019approvazione del bilancio consolidato semestrale chiusosi il 30 giugno 2021. Le societ\u00e0 di revisione hanno svolto la revisione limitata di tale bilancio. La loro relazione \u00e8 in corso di emissione. \u201c<em>Nonostante le sfide della pandemia ancora in corso, nel primo semestre abbiamo ottenuto ancora una volta dei solidi risultati. Quello che stiamo raccogliendo \u00e8 il frutto della continua attenzione a prodotti e marchi di qualit\u00e0, di una supply chain efficiente e di una comunit\u00e0 globale di persone coinvolte e motivate, tutti elementi che ci hanno aiutato a raggiungere questi traguardi. Nel secondo trimestre, abbiamo scritto alcune pagine importanti della storia di EssilorLuxottica; abbiamo definito la nostra governance e costruito una Societ\u00e0 unica, continuando ad espandere la nostra presenza retail in Europa grazie al completamento dell&#8217;acquisizione di GrandVision. Guardando al futuro, siamo orgogliosi di condividere la nostra nuova roadmap per la Sostenibilit\u00e0, \u201cEyes on the Planet\u201d, costruita attorno a importanti pilastri come la carbon neutrality, la circolarit\u00e0, la buona vista nel mondo, l\u2019inclusione e l\u2019etica. Come segno del nostro impegno a lungo termine in questo ambito, annunciamo oggi il nostro obiettivo di raggiungere la carbon neutrality nelle attivit\u00e0 aziendali entro il 2025, a partire dall&#8217;Europa entro il 2023. Fare del bene sia per i nostri clienti, i consumatori e le comunit\u00e0 di riferimento sia per il pianeta ci d\u00e0 ancora maggiore fiducia nel domani<\/em>&#8220;, hanno affermato Francesco Milleri, Amministratore Delegato di EssilorLuxottica e Paul du Saillant, Vice Amministratore Delegato di EssilorLuxottica. Nel secondo trimestre il fatturato totale \u00e8 stato pari a 4.709 milioni di Euro, in crescita del 9,2% rispetto al secondo trimestre del 2019 a cambi costanti . Il Nord America \u00e8 cresciuto del 16,4%, l&#8217;EMEA del 3,8% e l&#8217;America Latina del 2,0%, mentre l&#8217;Asia-Pacifico ha visto una contrazione del 3,5%. Oltre agli Stati Uniti particolarmente vivaci, che generano oltre il 50% del fatturato della Societ\u00e0, altri mercati chiave, quali Francia, Italia, Regno Unito, Cina, Australia e Brasile, hanno registrato una buona performance alimentando la crescita del business. L&#8217;e-commerce \u00e8 cresciuto del 66% a cambi costanti nel trimestre, raggiungendo il 9% del fatturato totale della Societ\u00e0, con una performance sostanzialmente costante per tutto il semestre. Hanno contribuito a questo risultato tutte le principali piattaforme come Ray-Ban.com, Oakley.com, SunglassHut.com e EyeBuyDirect.com, con il Nord America che si \u00e8 rivelato l\u2019area geografica pi\u00f9 performante. Nel primo semestre l&#8217;utile operativo\u00a0 ha raggiunto 1.622 milioni di Euro, con un margine sul fatturato che ha toccato il 18,5%, registrando un incremento del 16,4% a cambi costanti1 rispetto allo stesso periodo del 2019. L&#8217;utile netto\u00a0 \u00e8 stato di 1.117 milioni di Euro, pari al 12,7% del fatturato.<\/p>\n<p>&nbsp;<\/p>\n<hr \/>\n<p>&nbsp;<\/p>\n<blockquote>\n<h3>FACEBOOK-LUXOTTICA E OCCHIALI INTELLIGENTI: CI SIAMO! SUI SOCIAL E&#8217; INIZIATA LA CAMPAGNA PROMOZIONALE<\/h3>\n<\/blockquote>\n<p>&nbsp;<\/p>\n<blockquote><p>\u00abIn futuro, il prossimo lancio del prodotto sar\u00e0 il lancio dei nostri primi occhiali intelligenti\u00a0Ray-Ban\u00a0in collaborazione con\u00a0EssilorLuxottica.\u00a0 Sono entusiasta di metterli nelle mani delle persone e di continuare a fare progressi nel viaggio verso gli occhiali per la realt\u00e0 aumentata in futuro\u00bb, cos\u00ec ha dichiarato oggi il founder di Facebook,\u00a0Mark Zuckerberg. Andrew Boswort, vicepresidente dei reality labs di Facebook, ha dichiarato a The Verge che l&#8217;azienda \u00e8 sul punto di finalizzare la produzione di un paio di occhiali con EssilorLuxottica.<\/p><\/blockquote>\n<p>&nbsp;<\/p>\n<blockquote>\n<h3>ARCHIVIO RADIO PIU 16 SETTEMBRE 2020<\/h3>\n<\/blockquote>\n<p><strong>AGORDO<\/strong> Facebook ed EssilorLuxottica annunciano una Collaborazione pluriennale per sviluppare la prossima generazione di smart glasses. Ad annunciarlo \u00e8 stato Mark Zuckerberg durante Facebook Connect, la conferenza annuale della societ\u00e0 che si svolge virtualmente dalla California. La partnership unir\u00e0 le app e le tecnologie di Facebook, i marchi e la leadership nell\u2019eyewear di Luxottica e le tecnologie all\u2019avanguardia delle lenti Essilor per aiutare le persone a rimanere in contatto con amici e familiari. Il primo prodotto sar\u00e0 Ray-Ban, il marchio di occhiali pi\u00f9 famoso al mondo, e sar\u00e0 lanciato nel 2021. Combiner\u00e0 assieme il meglio delle due realt\u00e0 &#8211; tecnologie innovative e stile \u2013 nell\u2019obiettivo di dare vita a smart glasses che i consumatori abbiano davvero il desiderio di indossare. <em>&#8220;Siamo sempre alla ricerca di dispositivi che possano offrire alle persone modi pi\u00f9 efficaci per restare in contatto con coloro che amano. I dispositivi wearable hanno il potenziale per farlo. Abbiamo trovato in EssilorLuxottica un partner altrettanto ambizioso che metter\u00e0 a disposizione la sua esperienza e il suo portafoglio marchi d\u2019eccellenza per realizzare i primi smart glasses davvero alla moda&#8221;, ha affermato Andrew Bosworth, Vice President di Facebook Reality Labs. <\/em><em>\u201cSiamo particolarmente orgogliosi della nostra collaborazione con Facebook, che proietta un marchio iconico come Ray-Ban in un futuro sempre pi\u00f9 digitale e social. Mettendo assieme gli occhiali desiderati e indossati da milioni di consumatori in tutto il mondo e la tecnologia che ha reso pi\u00f9 vicine tra loro le persone, possiamo ora ridefinire le aspettative sui dispositivi wearable. Con questa collaborazione stiamo aprendo la strada a una nuova generazione di prodotti destinati a <\/em><em>cambiare il modo in cui guardiamo il mondo&#8221;, ha commentato Rocco Basilico, Chief Wearables Officer di Luxottica. <\/em>Il nome del prodotto, le specifiche, le funzionalit\u00e0, i prezzi e ogni altro dettaglio saranno resi noti con l&#8217;avvicinarsi del lancio nel 2021. Lo smartphone ha gli anni\u00a0 contati, ma la sostanza non cambia: tutti i colossi del digitale stanno progettando un futuro in cui il dispositivo che ha rivoluzionato le nostre vite verr\u00e0 abbandonato in un cassetto. Il suo posto sar\u00e0 preso dalla <em>next big thing<\/em> del mondo tecnologico: i visori in realt\u00e0 aumentata, anche noti come smartglasses. Un domani indosseremo occhiali smart, quasi indistinguibili da quelli normali ma sulle cui lenti saranno proiettate digitalmente tutte le applicazioni che oggi usiamo su smartphone<\/p>\n<p>&nbsp;<\/p>\n<h2><em>MARK\u00a0 ZUCKERBERG IN LUXOTTICA AD AGORDO\u00a0<\/em><\/h2>\n<p>ARCHIVIO RADIO PIU\u00a0 10 MAGGIO 2019<\/p>\n<blockquote class=\"wp-embedded-content\" data-secret=\"02MVoysbJq\"><p><a href=\"https:\/\/www.radiopiu.net\/wordpress\/luxottica-apre-le-porte-a-mister-facebook\/\">LUXOTTICA APRE LE PORTE A MISTER FACEBOOK<\/a><\/p><\/blockquote>\n<p><iframe loading=\"lazy\" class=\"wp-embedded-content\" sandbox=\"allow-scripts\" security=\"restricted\" style=\"position: absolute; clip: rect(1px, 1px, 1px, 1px);\" title=\"&#8220;LUXOTTICA APRE LE PORTE A MISTER FACEBOOK&#8221; &#8212; Radio Pi\u00f9\" src=\"https:\/\/www.radiopiu.net\/wordpress\/luxottica-apre-le-porte-a-mister-facebook\/embed\/#?secret=02MVoysbJq\" data-secret=\"02MVoysbJq\" width=\"600\" height=\"338\" frameborder=\"0\" marginwidth=\"0\" marginheight=\"0\" scrolling=\"no\"><\/iframe><\/p>\n<p>&nbsp;<\/p>\n<p>&nbsp;<\/p>\n<p>&nbsp;<\/p>\n<hr \/>\n<p>&nbsp;<\/p>\n<blockquote>\n<h3>LUXOTTICA: GLI ABBONAMENTI DOLOMITIBUS PER IL MESE DI AGOSTO<\/h3>\n<\/blockquote>\n<p><strong><a href=\"https:\/\/www.radiopiu.net\/wordpress\/luxottica-a-settembre-parte-la-flessibilita-allo-stabilimento-di-agordo\/luxottica-2020\/\" rel=\"attachment wp-att-157799\"><img loading=\"lazy\" decoding=\"async\" class=\"size-medium wp-image-157799 alignleft\" src=\"https:\/\/www.radiopiu.net\/wordpress\/wp-content\/uploads\/2020\/08\/LUXOTTICA-2020-300x225.jpg\" alt=\"\" width=\"300\" height=\"225\" srcset=\"https:\/\/www.radiopiu.net\/wordpress\/wp-content\/uploads\/2020\/08\/LUXOTTICA-2020-300x225.jpg 300w, https:\/\/www.radiopiu.net\/wordpress\/wp-content\/uploads\/2020\/08\/LUXOTTICA-2020-1024x768.jpg 1024w, https:\/\/www.radiopiu.net\/wordpress\/wp-content\/uploads\/2020\/08\/LUXOTTICA-2020-768x576.jpg 768w, https:\/\/www.radiopiu.net\/wordpress\/wp-content\/uploads\/2020\/08\/LUXOTTICA-2020-1536x1152.jpg 1536w, https:\/\/www.radiopiu.net\/wordpress\/wp-content\/uploads\/2020\/08\/LUXOTTICA-2020-640x480.jpg 640w, https:\/\/www.radiopiu.net\/wordpress\/wp-content\/uploads\/2020\/08\/LUXOTTICA-2020.jpg 2048w\" sizes=\"auto, (max-width: 300px) 100vw, 300px\" \/><\/a>AGORDO <\/strong>Con il mese di agosto arrivano le ferie estive per i dipendenti Luxottica di Agordo che quest\u2019anno saranno di due settimane collettive, dal 9 al 20 agosto con rientro al lavoro il giorno 23. La commissione trasporti della RSU di Agordo si \u00e8 mossa in tempo per definire con Dolomitibus un abbonamento speciale. \u201c<em>Quest&#8217;anno la chiusura collettiva estiva per le ferie di agosto riguarda solamente due settimane \u2013 dicono i rappresentanti sindacali \u2013 \u00a0Anche per questo motivo non siamo riusciti ad ottenere la riduzione che solitamente veniva applicata sul rinnovo dell&#8217;abbonamento mensile. Abbiamo per\u00f2 concordato con Dolomitibus la possibilit\u00e0 di avvalersi, per questo periodo, di abbonamenti settimanali a copertura della prima settimana o dell&#8217;ultima settimana di agosto (che, nel caso di quest&#8217;ultima, in via eccezionale, comprenderebbe anche le giornate di luned\u00ec 30 e marted\u00ec 31). questo vale per tutti i lavoratori sia a giornata sia a turno<\/em>\u201d.<\/p>\n<p>&nbsp;<\/p>\n<hr \/>\n<p>&nbsp;<\/p>\n<blockquote>\n<h3>MOBILITA&#8217; SOSTENIBILE: E&#8217; TRA LE PRIORITA&#8217; O NO?<\/h3>\n<p><a href=\"https:\/\/www.radiopiu.net\/wordpress\/giornale-radiopiu-31-luglio-2021-direttore-mirko-mezzacasa\/bicycles-737190_960_720-2\/\" rel=\"attachment wp-att-225178\"><img loading=\"lazy\" decoding=\"async\" class=\" wp-image-225178 alignleft\" src=\"https:\/\/www.radiopiu.net\/wordpress\/wp-content\/uploads\/2021\/07\/bicycles-737190_960_720-1-300x210.jpg\" alt=\"\" width=\"221\" height=\"155\" srcset=\"https:\/\/www.radiopiu.net\/wordpress\/wp-content\/uploads\/2021\/07\/bicycles-737190_960_720-1-300x210.jpg 300w, https:\/\/www.radiopiu.net\/wordpress\/wp-content\/uploads\/2021\/07\/bicycles-737190_960_720-1-768x538.jpg 768w, https:\/\/www.radiopiu.net\/wordpress\/wp-content\/uploads\/2021\/07\/bicycles-737190_960_720-1.jpg 960w\" sizes=\"auto, (max-width: 221px) 100vw, 221px\" \/><\/a>AGORDO La Commissione trasporti della Rsu torna su un argomento importante anche a seguito della raccolto di firme per l&#8217;ampliamento del parcheggio per biciclette e moto. L&#8217;azienda aveva annunciato miglioramenti che sembravano immininenti ma a fine luglio, ad un passo dalle ferie estive l&#8217;area delle due ruote ha avuto un modesto ampliamento e delle\u00a0 rastrelliere per bici annunciate ad inizio mese manco l&#8217;ombra. <em>&#8220;I ciclisti &#8211; ricorda la commissione &#8211; si ritrovano con una rastrelliera in meno rispetto a prima e met\u00e0 di quelle rimanenti spostate allo scoperto, fuori dalla tettoia dove erano al riparto fino a qualche settimana fa&#8221;.<\/em> In tutto il mondo la mobilit\u00e0 sostenibile \u00e8 una priorit\u00e0 per combattere l&#8217;inquinamento e il cambiamento climatico con piste ciclabili, parcheggi attrezzati per favorire l&#8217;uso del velocipede trasporto ecologico per eccellenza.<em> &#8220;Qui ad Agordo &#8211; conclude amaramente la commissione trasporti RSU- le cose vanno diversamente forse perch\u00e9 come cantava Claudio Baglioni&#8230; Ad Agordo \u00e8 cos\u00ec&#8221;.<\/em><\/p><\/blockquote>\n<p>&nbsp;<\/p>\n<p>&nbsp;<\/p>\n<hr \/>\n<p>&nbsp;<\/p>\n<blockquote>\n<h3>SE IL MODELLO MATEMATICO PER OGGI PREVEDEVA PIU&#8217; DI 1500 CONTATTI, IN REALTA&#8217; SONO POCO MENO DI 1000, TORNA A PARLARE ZAIA DA VENEZIA<\/h3>\n<\/blockquote>\n<p><strong>VENEZIA<\/strong> Dalla sede della Protezione Civile a Marghera, il Presidente del Veneto Luca Zaia fa il punto sul Covid-19 in regione.<\/p>\n<p style=\"padding-left: 40px;\"><strong>IL BOLLETTINO<\/strong> NUOVO AGGIORNAMENTO POSITIVI ATTUALI <strong>11.927<\/strong> POSITIVI NELLE 24 ORE\u00a0 <strong>1043<\/strong> TAMPONI\u00a0 INCIDENZA\u00a0 <strong>2,47<\/strong> % RICOVERATI <strong>156<\/strong> (-9) IN AREA NON CRITICA\u00a0 <strong>139<\/strong> (-8) TERAPIA INTENSIVA <strong>17<\/strong> (-1)\u00a0 \u00a0DIMESSI\u00a0 DECESSI<strong> zero<\/strong><\/p>\n<blockquote>\n<h2>LEGGI IN DIRETTA LA CONFERENZA STAMPA DEL PRESIDENTE ZAIA<\/h2>\n<p><em>Dove non c&#8217;\u00e8 vaccino il virus mette radici,\u00a0 dove c&#8217;\u00e8 il vaccino ci sono meno complicazioni. Il modello prevedeva per oggi oltre 1500 positivi, sono invece 1043. Caso Grafica Veneta che regal\u00f2 alla Regione 13 milioni di mascherine nel periodo peggiore della prima pandemia.<\/em><\/p><\/blockquote>\n<p>Se fossimo a febbraio o marzo 2020, senza vaccinati, avremmo 700 posti letto occupati negli ospedali L&#8217;ondata in corso oggi ha caratteristiche del tutto anomale rispetto alle precedenti il rapporto ospedalizzati-positivi \u00e8 basso ad esempio e molto diverso dal passato, alta invece l&#8217;ondata di asintomatici. In una settimana abbiamo avuto 4.157 casi (settimana 22-28 luglio) dei quali non vaccinati 2.821, 510 vaccinati parziali, vaccinati completi 825. In terapia intensiva \u00e8 finito un vaccinato, 15 non erano vaccinati. In area non critica 26 vaccinati, 101 non vaccinati.\u00a0 Il vaccino \u00e8 stato il cambio di passo,\u00a0 impensabile pensare di chiudere ancora. Ad ottobre avremo almeno 82% della popolazione veneta che avr\u00e0 avuto almeno una dose di vaccino <strong>GRAFICA VENETA\u00a0<\/strong>La mia idea: ho idea e informazioni di chi ha letto la stampa non ho visto alcun atto ufficiale. Sono fatti gravissimi, una persona trovata lungo una strada picchiata e con le braccia legate merita giustizia cosi&#8217; come gli altri, i processi pero&#8217; si celebrano in tribunale non sui giornali o in strada. Di Fabio Franceschi e della sua azienda posso solo parlare bene per come l&#8217;ho conosciuto. Non faccio l&#8217;avvocato difensore, ma non accetto di vedere commenti sull&#8217;atto della donazione che lui ha fatto. Il 21 febbraio 2020 eravamo sotto il rullo con la fila di senza tetto, anziani, genitori, che cervavano mascherine per proteggersi. Franceschi disse che le poteva fare in carta, poi c&#8217;\u00e8 stata un&#8217;evoluzione. Franceschi lo posso solo ringraziare, \u00e8 un&#8217;azienda che da lavoro a 600 dipendenti fissi remunerati con 26milioni di euro l&#8217;anno e la cooperativa assoldata per fare dei lavori che altri non vogliono fare aveva un ingaggio per 267mila euro, lo 0,01 % degli stipendi pagati. Chi ha sbagliato deve pagare, ma rimane il danno di immagine sembra che qui ci sia il regime di schiavitu&#8217;, io difendo le nostro imprese e se ci sono mele marce che paghino non tutti gli imprenditori sono &#8220;lazzaroni&#8221;, attendiamo che l&#8217;azienda chiarisca la posizione in tribunale. <strong>LA TERZA DOSE\u00a0<\/strong> Si dica se serve o no, stiamo aspettando che ci dicano in carta bollata cosa dobbiamo fare, non tifiamo per la terza dose. Per ora \u00e8 una scelta di Israele e Gran Bretagna. <strong>SCUOLA<\/strong> Non \u00e8 una nostra competenza ne&#8217; da un punto di vista formativo ne&#8217; di sanit\u00e0 pubblica, sono misure nazionali ed \u00e8 giusto sia cosi&#8217;. Ci battiamo perche&#8217; la scuola apra in presenza, facciamo appello agli irriducibili che in libert\u00e0 valutino di potersi vaccinare. Possiamo monitorare con i tamponi e l&#8217;esperienza Dad va chiusa.\u00a0 <strong>NO VAX<\/strong><b> <\/b>Nella Lega c&#8217;\u00e8 una forte discussione, con posizioni anche opposte. Il dibattito \u00e8 il sale della democrazia, non c\u00e8\u00a0 una dittatura che impone il pensiero unico. Io non trovo trascendentale il dibattito sull&#8217;obbligatoriet\u00e0 o meno. Dopodich\u00e9 l&#8217;evidenza scientifica ci deve portare a decidere, e io sono un sostenitore della volontariet\u00e0 della vaccinazione,\u00a0 non abbiamo bisogno di un conflitto fra Guelfi e Ghibellini. La libert\u00e0 di manifestare \u00e8 una libert\u00e0 costituzionale.<\/p>\n<p><strong><a href=\"https:\/\/www.radiopiu.net\/wordpress\/covid-19-il-punto-della-situazione-con-il-presidente-del-veneto-luca-zaia\/antonica-ricci-nuovo-dg-izsve\/\" rel=\"attachment wp-att-225044\"><img loading=\"lazy\" decoding=\"async\" class=\"size-medium wp-image-225044 alignleft\" src=\"https:\/\/www.radiopiu.net\/wordpress\/wp-content\/uploads\/2021\/07\/antonica-ricci-nuovo-dg-izsve-300x97.jpg\" alt=\"\" width=\"300\" height=\"97\" srcset=\"https:\/\/www.radiopiu.net\/wordpress\/wp-content\/uploads\/2021\/07\/antonica-ricci-nuovo-dg-izsve-300x97.jpg 300w, https:\/\/www.radiopiu.net\/wordpress\/wp-content\/uploads\/2021\/07\/antonica-ricci-nuovo-dg-izsve-768x247.jpg 768w, https:\/\/www.radiopiu.net\/wordpress\/wp-content\/uploads\/2021\/07\/antonica-ricci-nuovo-dg-izsve.jpg 870w\" sizes=\"auto, (max-width: 300px) 100vw, 300px\" \/><\/a>DOTTORESSA ANTONIA RICCI Direttore generale dell\u2019Istituto Zooprofilattico Sperimentale delle Venezie (IZSVe)<\/strong><br \/>\nRisultati in anteprima presenza varianti a livello nazionale. Questi i dati ufficiali di oggi. <strong>VENETO<\/strong> su 144 campioni (definito dall&#8217;IstitutoSuperioreSanit\u00e0), 140 variante delta con prevalenza superiore 97%, 3 variante alfa-inglese che ha sostenuto la seconda ondata ed \u00e8 stata quindi spazzata via dalla delta o indiana, 1caso colombiano non preoccupante. Il messaggio: assoluta rapidit\u00e0 con cui la variante delta ha soppiantato tutte le altre in modo sorprendente. Speravo in un andamento pi\u00f9 lento anche dopo quanto visto in Inghilterra perch\u00e9 qui e&#8217; arrivata tardi, ma non \u00e8 andata cosi&#8217;. Oggi non vediamo altre varianti preoccupanti ed \u00e8 una buona notizia. Stiamo arrivando ad una situazione di equilibrio grazie anche alla vaccinazione, i vaccini accelerano i processi di immunizzazione della popolazione per la convivenza con il virus.<\/p>\n<blockquote>\n<h3>ASSESSORE MANUELA LANZARIN<\/h3>\n<\/blockquote>\n<p><strong>SCUOLA<\/strong> Arrivato il documento del Ministro Bianchi analizzato dalla commissione e passato al gruppo di lavoro che analizza le linee guida. Ci siamo presi un&#8217;altra settimana per valutarlo, lo faremo il 4 agosto, lunedi c&#8217;e&#8217; l&#8217;incontro tecnico con le Prevenzioni. Non ci sono grandi novit\u00e0, raccomanda la vaccinazione ma non pone obblighi. Va a riconfermare gli aspetti dei percorsi separati, mascherina etc. Le Regioni hanno chiesto tramite le Prevenzioni di avere piu&#8217; tempo per analizzarlo anche alla luce dei dati sulle vaccinazioni. <strong>DATO RT VENETO<\/strong>\u00a0 1,97<strong> INCIDENZA<\/strong>\u00a081 SU 100 MILA <strong>OCCUPAZIONI POSTI LETTO AREA CRITICA E TERAPIA INTENSIVA<\/strong> 2% parametri per il passaggio a giallo: 10% terapia intensiva 15% area non critica oltre all&#8217;incidenza<\/p>\n<p><a href=\"https:\/\/www.facebook.com\/zaiaufficiale\/videos\/222118483148778\">https:\/\/www.facebook.com\/zaiaufficiale\/videos\/222118483148778<\/a><\/p>\n<p>&nbsp;<\/p>\n<p>&nbsp;<\/p>\n<p>&nbsp;<\/p>\n<hr \/>\n<blockquote>\n<h3><\/h3>\n<h3>RISTORI PER IL MALTEMPO DI FINE DICEMBRE, 8 MILIONI PER IL BELLUNESE <strong>\u00a0<\/strong><\/h3>\n<\/blockquote>\n<p><strong>BELLUNO<\/strong> Risorse destinate agli enti locali e soggette alla rendicontazione della Provincia, individuata come soggetto attuatore di coordinamento dal commissario Nicola Dell\u2019Acqua. Per la precisione, 7.915.623 euro: questa la somma destinata a coprire i primissimi interventi fatti nei giorni dell\u2019emergenza.\u00a0<em> &#8220;Gli ulteriori stanziamenti che il commissario ci ha gi\u00e0 assicurato &#8211; dice il Presidente Roberto Padrin &#8211;\u00a0 saranno assegnati seguendo le priorit\u00e0 indicate in fase di ricognizione; per questo chiediamo la collaborazione dei Comuni e degli enti locali, in modo da facilitare le operazioni burocratiche di rendicontazione&#8221;.<\/em><\/p>\n<p>&nbsp;<\/p>\n<hr \/>\n<p>&nbsp;<\/p>\n<p><span style=\"color: #3366ff;\"><strong><a href=\"https:\/\/www.radiopiu.net\/wordpress\/giornale-radiopiu-03-dicembre-2019-direttore-mirko-mezzacasa\/icona_sindaco\/\" rel=\"attachment wp-att-108460\"><img loading=\"lazy\" decoding=\"async\" class=\"size-medium wp-image-108460 alignleft\" src=\"https:\/\/www.radiopiu.net\/wordpress\/wp-content\/uploads\/2019\/12\/icona_sindaco-225x300.png\" alt=\"\" width=\"225\" height=\"300\" srcset=\"https:\/\/www.radiopiu.net\/wordpress\/wp-content\/uploads\/2019\/12\/icona_sindaco-225x300.png 225w, https:\/\/www.radiopiu.net\/wordpress\/wp-content\/uploads\/2019\/12\/icona_sindaco.png 300w\" sizes=\"auto, (max-width: 225px) 100vw, 225px\" \/><\/a>LA SETTIMANA DEI CONSIGLI COMUNALI\u00a0<\/strong><\/span><\/p>\n<blockquote>\n<blockquote>\n<h3>L&#8217;UNIONE MONTANA ASSESTA IL BILANCIO, LUNEDI IN DIRETTA SUI CANALI SOCIAL DI RADIO PIU<\/h3>\n<\/blockquote>\n<p><strong>AGORDO<\/strong>\u00a0 Lunedi alle 20.30 in sala Don Tamis consiglio dell&#8217;Unione Montana, all&#8217;ordine del giorno: regolamento dei controlli interni; gestione associata del servizio tributi e bilancio di previsione 2021<\/p><\/blockquote>\n<blockquote>\n<h3>\u00a0QUESTA MATTINA A COLLE SANTA LUCIA<\/h3>\n<\/blockquote>\n<p><strong>COLLE SANTA LUCIA<\/strong> Oggi alle 8 consiglio comunale, argomenti in discussione: variazione al bilancio, revisione statuto Asca, estinzione anticipata prestiti, documento unico di programmazione e comunicazioni del sindaco.<\/p>\n<blockquote>\n<h3>OGGI POMERIGGIO A CANALE D&#8217;AGORDO A PORTE CHIUSE<\/h3>\n<\/blockquote>\n<p><strong>CANALE D&#8217;AGORDO<\/strong> Il sindaco Flavio Colcergnan ha convocato il consiglio comunale per oggi alle 17.30\u00a0 in sala Lina Bolda. Ordine del giorno: bilancio, variazioni al bilancio di previsione e modifica statuto Asca.<\/p>\n<blockquote>\n<h3>ANCHE IL COMUNE DI TAIBON CONFERISCE LA CITTADINANZA ONORARIA AL MILITE IGNOTO<\/h3>\n<\/blockquote>\n<p><strong>TAIBON<\/strong> Il sindaco Silvia Tormen ha convocato i consiglieri comunali per stamattina alle 8. Nove i punti in discussione, comunicazioni del primo cittadino comprese, inoltre: variazioni e salvaguardia degli equilibri di bilancio, modifiche allo statuo dell&#8217;Asca, piano regolatore generale interventi su edifici in aree equipollenti alle zone territoriali, aggiornamento piano protezione civile e conferimento cittadinanza onoraria al milite ignoto.<\/p>\n<blockquote>\n<h3>L&#8217;INTERROGAZIONE SUI SENTIERI DELLA IRACI BORGIA NEL CONSIGLIO ROCCHESANO<\/h3>\n<\/blockquote>\n<p><strong>ROCCA PIETORE<\/strong> Il consiglio comunale di martedi 3 agosto (alle 18.30) oltre ai punti dedicati al bilancio e allo statuto dell&#8217;Asca si proporr\u00e0 con un&#8217;interrogazione di Diana Iraci Borgia Mandolini sui sentieri del territorio comunale.<\/p>\n<blockquote>\n<h3>MERCOLEDI&#8217; ALLE 20 IL CONSIGLIO COMUNALE DI FALCADE<\/h3>\n<\/blockquote>\n<p><strong>FALCADE<\/strong> Il sindaco di Falcade Michele Costa ha chiamato a rapporto tutti i consiglieri per mercoled\u00ec alle 20 presso il municipio con seduta a porte chiuse. Si parler\u00e0 della settima variazione al bilancio, della modifica al piano investimenti e assestamento di bilancio 2021, la modifica dello statuto ASCAdella convenzione con la provincia per l&#8217;utilizzo della struttura polifunzionale &#8220;Dolomiti&#8221; e dei regolamenti di controlli interni.<\/p>\n<p>&nbsp;<\/p>\n<hr \/>\n<p>&nbsp;<\/p>\n<blockquote>\n<h3>FALCADE-PASSO VALLES: IL COLLEGAMENTO C&#8217;E&#8217;! DA UN&#8217;IDEA DI CESARE BON<\/h3>\n<\/blockquote>\n<p><strong>FALCADE<\/strong> Dal territorio parte l&#8217;idea, la Provincia la cavalca e la Dolomitibus la mette in pratica in via sperimentale.\u00a0 Da domenica 1\u00b0 agosto partir\u00e0 ufficialmente un nuovo servizio di trasporto pubblico in Valle del Biois. Si tratta di due corse Dolomitibus tra Falcade e il Passo Valles, coordinate con gli orari di Trentino Trasporti in modo da facilitare i collegamenti intervallivi con Paneveggio e Fiera di Primiero.\u00a0 Le corse saranno attive il sabato e la domenica fino al 12 settembre. Due le corse da Falcade, con partenza alle 10.40 e alle 13, e arrivo al Valles alle 11.05 e 13.25. Sul passo ci saranno le coincidenze con Trentino Trasporti per Paneveggio, Predazzo e Fiera di Primiero.<\/p>\n<p><strong>IL CONSIGLIERE PROVINCIALE DARIO SCOPEL\u00a0<\/strong><\/p>\n<audio class=\"wp-audio-shortcode\" id=\"audio-224933-6\" preload=\"none\" style=\"width: 100%;\" controls=\"controls\"><source type=\"audio\/mpeg\" src=\"https:\/\/www.radiopiu.net\/wordpress\/wp-content\/uploads\/2021\/07\/scopel.mp3?_=6\" \/><a href=\"https:\/\/www.radiopiu.net\/wordpress\/wp-content\/uploads\/2021\/07\/scopel.mp3\">https:\/\/www.radiopiu.net\/wordpress\/wp-content\/uploads\/2021\/07\/scopel.mp3<\/a><\/audio>\n<p>&nbsp;<\/p>\n<p><span style=\"color: #ff0000;\"><strong>ARTICOLI PRECEDENTI 14 LUGLIO 2021<\/strong><\/span><\/p>\n<blockquote>\n<h3>COLLEGAMENTO FALCADE-PASSO VALLES: DA FINE LUGLIO NEL FINE SETTIMANA<\/h3>\n<\/blockquote>\n<p><strong><a href=\"https:\/\/www.radiopiu.net\/wordpress\/collegamento-falcade-passo-valles-da-fine-luglio-nel-fine-settimana\/download-18-150x150\/\" rel=\"attachment wp-att-221608\"><img loading=\"lazy\" decoding=\"async\" class=\" wp-image-221608 alignleft\" src=\"https:\/\/www.radiopiu.net\/wordpress\/wp-content\/uploads\/2021\/07\/download-18-150x150-1.jpg\" alt=\"\" width=\"118\" height=\"118\" \/><\/a>FALCADE<\/strong> Cesare Bon, consigliere comunale, sono due anni che insiste, presenta progetti, cita ad esempio il vicino trentino, invita la Dolomitibus a ragionare concretamente sul collegamento per Passo Valles. Dopo le proposte e le valutazioni \u00e8 finalmente arrivata un risposta importante dagli uffici di via Col Da Ren, documento vergato dalla firma del Direttore Tecnico Operativo Pietro Da Rolt. Il primo risultato: corse attivabili nei fine settimana estivi con un incremento di percorrenze programmate stimate in 56 chilometri. L&#8217;attivazione del servizio \u00e8 per\u00f2 subordinata al rilascio delle autorizzazioni tecniche. Prossimo obiettivo un biglietto unico<\/p>\n<p><strong>AI MICROFONI DI RADIO PIU&#8217;, CESARE BON\u00a0<\/strong><\/p>\n<audio class=\"wp-audio-shortcode\" id=\"audio-224933-7\" preload=\"none\" style=\"width: 100%;\" controls=\"controls\"><source type=\"audio\/mpeg\" src=\"https:\/\/www.radiopiu.net\/wordpress\/wp-content\/uploads\/2021\/07\/bonnnnn.mp3?_=7\" \/><a href=\"https:\/\/www.radiopiu.net\/wordpress\/wp-content\/uploads\/2021\/07\/bonnnnn.mp3\">https:\/\/www.radiopiu.net\/wordpress\/wp-content\/uploads\/2021\/07\/bonnnnn.mp3<\/a><\/audio>\n<p>&nbsp;<\/p>\n<hr \/>\n<p>&nbsp;<\/p>\n<p>&nbsp;<\/p>\n<blockquote>\n<h3>IL MUSEO A CIELO APERTO, ARTE TRADIZIONE CULTURA TURISMO DA QUASI UN SECOLO<\/h3>\n<\/blockquote>\n<p><strong><a href=\"https:\/\/www.radiopiu.net\/wordpress\/il-museo-a-cielo-aperto-arte-tradizione-cultura-turismo-da-quasi-un-secolo\/76de1b4c-420f-401f-a77e-a32a725b4b09\/\" rel=\"attachment wp-att-225067\"><img loading=\"lazy\" decoding=\"async\" class=\"size-medium wp-image-225067 alignleft\" src=\"https:\/\/www.radiopiu.net\/wordpress\/wp-content\/uploads\/2021\/07\/76de1b4c-420f-401f-a77e-a32a725b4b09-300x225.jpg\" alt=\"\" width=\"300\" height=\"225\" srcset=\"https:\/\/www.radiopiu.net\/wordpress\/wp-content\/uploads\/2021\/07\/76de1b4c-420f-401f-a77e-a32a725b4b09-300x225.jpg 300w, https:\/\/www.radiopiu.net\/wordpress\/wp-content\/uploads\/2021\/07\/76de1b4c-420f-401f-a77e-a32a725b4b09-1024x768.jpg 1024w, https:\/\/www.radiopiu.net\/wordpress\/wp-content\/uploads\/2021\/07\/76de1b4c-420f-401f-a77e-a32a725b4b09-768x576.jpg 768w, https:\/\/www.radiopiu.net\/wordpress\/wp-content\/uploads\/2021\/07\/76de1b4c-420f-401f-a77e-a32a725b4b09-1536x1152.jpg 1536w, https:\/\/www.radiopiu.net\/wordpress\/wp-content\/uploads\/2021\/07\/76de1b4c-420f-401f-a77e-a32a725b4b09.jpg 1600w\" sizes=\"auto, (max-width: 300px) 100vw, 300px\" \/><\/a>ROCCA PIETORE<\/strong> A casa mia, a casa Mezzacasa i ferri battuti di Sottoguda sono entrati che ero ancora piccolino, molto piccolino, non arrivavo\u00a0 mica in cima al tavolo. Su quel tavolo c&#8217;era un portafrutta in vetro azzurro mare, attorno una corona di ferro battuto. Per la prima volta mi imbattevo in un&#8217;opera d&#8217;arte, unica nel suo genere e che mi ha accompagnato per tutta la vita, a distanza di 50 anni \u00e8 ancora l\u00ec in bella evidenza. Mio pap\u00e0 amava il ferro, realizzava anche lui a modo suo delle opere d&#8217;arte che ancor&#8217;oggi sono davanti a casa, in giardino, nelle case delle mie sorelle e anche altrove, sono i famosi dondoli dell&#8217;Adone. E&#8217; stato lui che un giorno mi ha portato verso i Serrai di Sottoguda, ma prima si \u00e8 fermato in quel laboratorio-officina da dove era uscito il portafrutta azzurro mare. Da quella volta ogni volta che ci passo rivedo le mani nere di mio padre, mi sembra di sentire l&#8217;odore dell&#8217;officina della prima visita e gli occhi impastati di bellezza, di arte, di ferro artistico che solo loro lass\u00f9, sotto la Marmolada alle porte dei Serrai hanno saputo e sanno fare. E&#8217; dal 1923 che la tradizione continua, si tramanda. Ma eccoci all&#8217;argomento del giorno. L&#8217;ultima trovata artistica \u00e8 l&#8217;alpen zoo dalla gallina all&#8217;oca, pecore, agnelli pastori, ma anche cervi, caprioli volpi, il lupo che si staglia nell&#8217;ombra mentre l&#8217;aquila su un sasso sembra essere l\u00ec appollaiata per fare la guardia. Un museo a cielo aperto, difronte ai ferri battuti della famiglia De Biasio. E&#8217; l&#8217;ultima trovata di Carlo in ferro cortain, una lamiera che oltre ad avere una grande resistenza meccanica, ha come principale caratteristica la resistenza alla corrosione. La sua colorazione caratteristica lo rende un materiale utilizzatissimo in architettura e nell\u2019interior design. L\u2019acciaio Corten grazie ad una esposizione agli agenti atmosferici, si riveste di una patina uniforme e resistente, costituita dagli ossidi dei suoi elementi di lega che impedisce il progressivo estendersi della corrosione. Quindi un punto in pi\u00f9 per le nostre valli, un &#8220;ohhhh&#8221; strappato al turista in transito. Non potevo non &#8220;rompere le scatole&#8221; a Carlo, ma come immaginavo non mi ha deluso e sono lusingato perch\u00e9 si sa che il ferro si batte finch\u00e9 \u00e8 caldo e fargli posare il martello sopra l&#8217;incudine per accedere al telefono&#8230;\u00e8 stato un successo.<\/p>\n<audio class=\"wp-audio-shortcode\" id=\"audio-224933-8\" preload=\"none\" style=\"width: 100%;\" controls=\"controls\"><source type=\"audio\/mpeg\" src=\"https:\/\/www.radiopiu.net\/wordpress\/wp-content\/uploads\/2021\/07\/DE-BIASIO.mp3?_=8\" \/><a href=\"https:\/\/www.radiopiu.net\/wordpress\/wp-content\/uploads\/2021\/07\/DE-BIASIO.mp3\">https:\/\/www.radiopiu.net\/wordpress\/wp-content\/uploads\/2021\/07\/DE-BIASIO.mp3<\/a><\/audio>\n<blockquote><p>&nbsp;<\/p>\n\n\t\t\t<style type='text\/css'>\n\t\t\t\t#gallery-6 {\n\t\t\t\t\tmargin: auto;\n\t\t\t\t}\n\t\t\t\t#gallery-6 .gallery-item {\n\t\t\t\t\tfloat: left;\n\t\t\t\t\tmargin-top: 10px;\n\t\t\t\t\ttext-align: center;\n\t\t\t\t\twidth: 25%;\n\t\t\t\t}\n\t\t\t\t#gallery-6 img {\n\t\t\t\t\tborder: 2px solid #cfcfcf;\n\t\t\t\t}\n\t\t\t\t#gallery-6 .gallery-caption {\n\t\t\t\t\tmargin-left: 0;\n\t\t\t\t}\n\t\t\t\t\/* see gallery_shortcode() in wp-includes\/media.php *\/\n\t\t\t<\/style>\n\t\t<div id='gallery-6' class='dt-gallery-container gallery galleryid-224933 gallery-columns-4 gallery-size-thumbnail'><dl class='gallery-item'>\n\t\t\t\t<dt class='gallery-icon landscape'>\n\t\t\t\t\t<a class=\"rollover rollover-zoom dt-pswp-item\" title=\"de32fdef-5bf6-4a10-9152-08f52172c299\" data-dt-img-description=\"\" data-large_image_width=\"2048\" data-large_image_height=\"1536\"href='https:\/\/www.radiopiu.net\/wordpress\/wp-content\/uploads\/2021\/07\/de32fdef-5bf6-4a10-9152-08f52172c299.jpg'><img loading=\"lazy\" decoding=\"async\" width=\"150\" height=\"150\" src=\"https:\/\/www.radiopiu.net\/wordpress\/wp-content\/uploads\/2021\/07\/de32fdef-5bf6-4a10-9152-08f52172c299-150x150.jpg\" class=\"attachment-thumbnail size-thumbnail\" alt=\"\" \/><\/a>\n\t\t\t\t<\/dt><\/dl><dl class='gallery-item'>\n\t\t\t\t<dt class='gallery-icon landscape'>\n\t\t\t\t\t<a class=\"rollover rollover-zoom dt-pswp-item\" title=\"dc125ab9-97d0-4515-b6b4-54564ac14889\" data-dt-img-description=\"\" data-large_image_width=\"2048\" data-large_image_height=\"1536\"href='https:\/\/www.radiopiu.net\/wordpress\/wp-content\/uploads\/2021\/07\/dc125ab9-97d0-4515-b6b4-54564ac14889.jpg'><img loading=\"lazy\" decoding=\"async\" width=\"150\" height=\"150\" src=\"https:\/\/www.radiopiu.net\/wordpress\/wp-content\/uploads\/2021\/07\/dc125ab9-97d0-4515-b6b4-54564ac14889-150x150.jpg\" class=\"attachment-thumbnail size-thumbnail\" alt=\"\" \/><\/a>\n\t\t\t\t<\/dt><\/dl><dl class='gallery-item'>\n\t\t\t\t<dt class='gallery-icon landscape'>\n\t\t\t\t\t<a class=\"rollover rollover-zoom dt-pswp-item\" title=\"f09b54c5-ad97-4e21-be5c-6def67fe4e23\" data-dt-img-description=\"\" data-large_image_width=\"960\" data-large_image_height=\"720\"href='https:\/\/www.radiopiu.net\/wordpress\/wp-content\/uploads\/2021\/07\/f09b54c5-ad97-4e21-be5c-6def67fe4e23.jpg'><img loading=\"lazy\" decoding=\"async\" width=\"150\" height=\"150\" src=\"https:\/\/www.radiopiu.net\/wordpress\/wp-content\/uploads\/2021\/07\/f09b54c5-ad97-4e21-be5c-6def67fe4e23-150x150.jpg\" class=\"attachment-thumbnail size-thumbnail\" alt=\"\" \/><\/a>\n\t\t\t\t<\/dt><\/dl><dl class='gallery-item'>\n\t\t\t\t<dt class='gallery-icon landscape'>\n\t\t\t\t\t<a class=\"rollover rollover-zoom dt-pswp-item\" title=\"cb01d75a-6375-4e2a-a917-6dd100d66e61\" data-dt-img-description=\"\" data-large_image_width=\"2048\" data-large_image_height=\"1536\"href='https:\/\/www.radiopiu.net\/wordpress\/wp-content\/uploads\/2021\/07\/cb01d75a-6375-4e2a-a917-6dd100d66e61.jpg'><img loading=\"lazy\" decoding=\"async\" width=\"150\" height=\"150\" src=\"https:\/\/www.radiopiu.net\/wordpress\/wp-content\/uploads\/2021\/07\/cb01d75a-6375-4e2a-a917-6dd100d66e61-150x150.jpg\" class=\"attachment-thumbnail size-thumbnail\" alt=\"\" \/><\/a>\n\t\t\t\t<\/dt><\/dl><br style=\"clear: both\" \/>\n\t\t\t<\/div>\n\n<p><strong><em>da Sottoguda.it<\/em><\/strong><br \/>\n<em>Il\u00a0<strong>ferro battuto<\/strong>\u00a0a Sottoguda vanta una\u00a0<strong>tradizione secolare<\/strong>: la disponibilit\u00e0 del minerale a Colle Santa Lucia, presso le miniere del Fursil ha fatto nascere gi\u00e0 da antica data una produzione di attrezzi di uso quotidiano.\u00a0Ma non solo, il f\u00e8r da l ani\u00e9l, (il ferro dell&#8217;agnello, dal marchio del Principato di Bressanone) grazie alle sue eccellenti propriet\u00e0 duttili era anche ricercato materiale d&#8217;armi quali spade e frecce. \u00c8 negli anni \u201920 che nasce la lavorazione del ferro battuto artistico, grazie alla maestria e allo stile inconfondibile dei Fratelli De Biasio. Dopo aver appreso il mestiere in Val Gardena, il giovanissimo Carlo con i fratelli Fredo e Pippi torna a Sottoguda, ma a causa delle ristrettezze economiche del primo dopoguerra non dispone di modelli da copiare; si ispira quindi alla meravigliosa natura che lo circonda; con grandissima creativit\u00e0 realizza farfalle, fiori, coccinelle, galli cedroni, gufi e i draghi frutto della sua fantasia. Il mestiere \u00e8 stato tramandato di generazione in generazione e gli oggetti ornamentali unici e inimitabili sono in vendita presso le botteghe in localit\u00e0 Pian, una delle quali\u00a0\u00e8 aperta per visite guidate.<\/em><\/p>\n<p>marmolada film by Nesello<\/p><\/blockquote>\n<p><iframe loading=\"lazy\" title=\"Ferro Battuto - La Fosina - Sottoguda - Marmolada - Dolomiti\" width=\"1200\" height=\"675\" src=\"https:\/\/www.youtube.com\/embed\/SwsO-CDJWzU?feature=oembed\" frameborder=\"0\" allow=\"accelerometer; autoplay; clipboard-write; encrypted-media; gyroscope; picture-in-picture\" allowfullscreen><\/iframe><\/p>\n<p>&nbsp;<\/p>\n<p>&nbsp;<\/p>\n<hr \/>\n<p>&nbsp;<\/p>\n<p>&nbsp;<\/p>\n<blockquote>\n<h3>DOMANI ALESSANDRO ZAN A PONTE NELLE ALPI ALLA FESTA DE L&#8217;UNITA&#8217;<\/h3>\n<p><span style=\"font-family: tahoma, sans-serif; font-size: small;\"><span style=\"color: #ff0000;\"><b><img loading=\"lazy\" decoding=\"async\" class=\"alignleft\" src=\"https:\/\/docs.google.com\/uc?export=download&amp;id=1c5vPKwdnmCm7YXhryQzptA7nxSy3YWQx&amp;revid=0B-CoViy20LMbczg1akd2M1FCZ2JUaTdaeXRaZ3k1R1F6M0pJPQ\" width=\"200\" height=\"79\" data-unique-identifier=\"\" \/><\/b><\/span><\/span><strong>PONTE NELLE ALPI<\/strong> Domani\u00a0\u00a0<span class=\"s14\"><span class=\"bumpedFont15\"> protagonista della Festa de L\u2019Unit\u00e0 sar\u00e0 il deputato del Partito democratico\u00a0<\/span><\/span><span class=\"s13\"><span class=\"bumpedFont15\">Alessandro Zan<\/span><\/span><span class=\"s14\"><span class=\"bumpedFont15\">. Il promotore dell\u2019omonimo disegno di legge ideata come contrasto dei crimini legati alla transomofobia e disabilit\u00e0. Parler\u00e0\u00a0 alle 14.30 con <\/span><\/span><span class=\"s13\"><span class=\"bumpedFont15\">Lucia Saviane<\/span><\/span><span class=\"s14\"><span class=\"bumpedFont15\">, portavoce bellunese delle Donne democratiche introdotto dalla segretaria provinciale Monica Lotto e dal deputato\u00a0 Roger De Menech.<\/span><\/span><\/p><\/blockquote>\n<p>&nbsp;<\/p>\n<p>&nbsp;<\/p>\n<p>&nbsp;<\/p>\n<hr \/>\n<blockquote>\n<h3><\/h3>\n<h3>ALESSANDRA BUZZO CONFERMATA ALLA PRESIDENZA DELLA CADORE SCS<\/h3>\n<\/blockquote>\n<p><a href=\"https:\/\/www.radiopiu.net\/wordpress\/giornale-radiopiu-31-luglio-2021-direttore-mirko-mezzacasa\/alessandra-buzzo\/\" rel=\"attachment wp-att-225126\"><img loading=\"lazy\" decoding=\"async\" class=\" wp-image-225126 alignleft\" src=\"https:\/\/www.radiopiu.net\/wordpress\/wp-content\/uploads\/2021\/07\/Alessandra-Buzzo-300x169.jpg\" alt=\"\" width=\"204\" height=\"115\" srcset=\"https:\/\/www.radiopiu.net\/wordpress\/wp-content\/uploads\/2021\/07\/Alessandra-Buzzo-300x169.jpg 300w, https:\/\/www.radiopiu.net\/wordpress\/wp-content\/uploads\/2021\/07\/Alessandra-Buzzo-1024x576.jpg 1024w, https:\/\/www.radiopiu.net\/wordpress\/wp-content\/uploads\/2021\/07\/Alessandra-Buzzo-768x432.jpg 768w, https:\/\/www.radiopiu.net\/wordpress\/wp-content\/uploads\/2021\/07\/Alessandra-Buzzo-1536x864.jpg 1536w, https:\/\/www.radiopiu.net\/wordpress\/wp-content\/uploads\/2021\/07\/Alessandra-Buzzo.jpg 1920w\" sizes=\"auto, (max-width: 204px) 100vw, 204px\" \/><\/a> Alessandra Buzzo \u00e8 stata riconfermata per i prossimi tre anni alla presidenza della Cadore scs. Ad affiancarla nel ruolo di vicepresidente sieder\u00e0 Rina De Lorenzo. A comporre il cda ci saranno anche Fabio Bristot e Luca Valmassoi, responsabili per la Cadore di sicurezza e qualit\u00e0 il primo, del settore turismo il secondo, Gianluca Piller Roner, Daniele Zandonella e Walter Doriguzzi. \u201cLa Cadore si basa sui suoi soci e sui lavoratori &#8211; ha detto la riconfermata presidente &#8211;\u00a0 e tutto deve essere fatto nel loro interesse: nonostante il difficilissimo periodo economico, siamo riusciti a chiudere un bilancio positivo, e per questo a maggior ragione dobbiamo tutti insieme con impegno e\u00a0 consapevolezza pianificare le attivit\u00e0 future\u201d.<\/p>\n<p>&nbsp;<\/p>\n<hr \/>\n<p>&nbsp;<\/p>\n<p><span style=\"color: #ff0000;\">LA STORIA<\/span><\/p>\n<blockquote>\n<h3>LUCA, ESEMPIO DI VITA. RIECCOLO SUI PEDALI CON LA &#8220;SCORTA&#8221; FURGLER<\/h3>\n<\/blockquote>\n<p><strong>LIVINALLONGO<\/strong> Luca Palla con la &#8220;scorta&#8221; ma non perch\u00e9 ne ha bisogno, piuttosto in compagnia si pedala pi\u00f9 volentieri, si sorride e ci si scambia pareri edificanti sulle persone che si incontrano. Se il &#8220;capitano&#8221; \u00e8 a marchio Furgler risata e spensieratezza \u00e8 assicurata. Al di l\u00e0 di facili battute Luca \u00e8 l&#8217;esempio di vita da citare a futura memoria. L&#8217;incidente, la volont\u00e0 di ripartire e fare sport. Eccolo sulla due ruote a valicare passi. Per noi \u00e8 l&#8217;occasione per pubblicare un messaggio di Franco, da leggere con attenzione, palestra di riflessione.<\/p>\n<p>&nbsp;<\/p>\n<p><a href=\"https:\/\/www.radiopiu.net\/wordpress\/luca-esempio-di-vita-rieccolo-sui-pedali-con-la-scorta-furgler\/6c11ef6d-68d5-4369-bb31-3bbb0b034959\/\" rel=\"attachment wp-att-225102\"><img loading=\"lazy\" decoding=\"async\" class=\"alignnone wp-image-225102 size-large\" src=\"https:\/\/www.radiopiu.net\/wordpress\/wp-content\/uploads\/2021\/07\/6c11ef6d-68d5-4369-bb31-3bbb0b034959-1024x576.jpg\" alt=\"\" width=\"1024\" height=\"576\" srcset=\"https:\/\/www.radiopiu.net\/wordpress\/wp-content\/uploads\/2021\/07\/6c11ef6d-68d5-4369-bb31-3bbb0b034959-1024x576.jpg 1024w, https:\/\/www.radiopiu.net\/wordpress\/wp-content\/uploads\/2021\/07\/6c11ef6d-68d5-4369-bb31-3bbb0b034959-300x169.jpg 300w, https:\/\/www.radiopiu.net\/wordpress\/wp-content\/uploads\/2021\/07\/6c11ef6d-68d5-4369-bb31-3bbb0b034959-768x432.jpg 768w, https:\/\/www.radiopiu.net\/wordpress\/wp-content\/uploads\/2021\/07\/6c11ef6d-68d5-4369-bb31-3bbb0b034959-1536x864.jpg 1536w, https:\/\/www.radiopiu.net\/wordpress\/wp-content\/uploads\/2021\/07\/6c11ef6d-68d5-4369-bb31-3bbb0b034959.jpg 1599w\" sizes=\"auto, (max-width: 1024px) 100vw, 1024px\" \/><\/a><\/p>\n<p>&nbsp;<\/p>\n<p>&nbsp;<\/p>\n<hr \/>\n<p>&nbsp;<\/p>\n<blockquote>\n<h3>OPPORTUNITA&#8217; CON IL COMITATO D&#8217;INTESA<\/h3>\n<\/blockquote>\n<p><strong>BELLUNO<\/strong> Il Comitato d\u2019Intesa di Belluno \u00e8 alla ricerca di cinque partecipanti, senza limiti d\u2019et\u00e0, per prendere parte al Training Course dal titolo \u201cYearning for non-formal learning\u201d, che si terr\u00e0 nella cittadina di Zakrz\u00f3w (Polonia) dal 23 settembre al 1 ottobre 2021. Altra opportunit\u00e0\u00a0 per \u00a0quattro partecipanti, senza limiti d\u2019et\u00e0, per prendere parte al Training Course dal titolo \u201cYouth Advocacy of Environment and Health\u201d, che si terr\u00e0 a Lubiana (Slovenia) dal 27\/09\/2021 al 2\/10\/2021.\u00a0 Per ulteriori informazioni contattare il seguente indirizzo email: europa@csvbelluno.it.<\/p>\n<p>&nbsp;<\/p>\n<p>&nbsp;<\/p>\n<hr \/>\n<p>&nbsp;<\/p>\n<blockquote>\n<h3>DA DOMANI AL 15 AGOSTO LEGGENDE NEL TABIE&#8217; A PALUE<\/h3>\n<\/blockquote>\n<p><strong>DI GIANNI SANTOMASO\u00a0<\/strong><\/p>\n<p><strong><a href=\"https:\/\/www.radiopiu.net\/wordpress\/dal-1-al-15-agosto-leggende-nel-tabie-a-palue\/1b0231b2-2c6e-44a2-b5e8-29fbbfc668d3\/\" rel=\"attachment wp-att-224811\"><img loading=\"lazy\" decoding=\"async\" class=\"size-medium wp-image-224811 alignleft\" src=\"https:\/\/www.radiopiu.net\/wordpress\/wp-content\/uploads\/2021\/07\/1b0231b2-2c6e-44a2-b5e8-29fbbfc668d3-213x300.jpg\" alt=\"\" width=\"213\" height=\"300\" srcset=\"https:\/\/www.radiopiu.net\/wordpress\/wp-content\/uploads\/2021\/07\/1b0231b2-2c6e-44a2-b5e8-29fbbfc668d3-213x300.jpg 213w, https:\/\/www.radiopiu.net\/wordpress\/wp-content\/uploads\/2021\/07\/1b0231b2-2c6e-44a2-b5e8-29fbbfc668d3.jpg 720w\" sizes=\"auto, (max-width: 213px) 100vw, 213px\" \/><\/a>ROCCA PIETORE<\/strong>. Mario Baldissera e Dunio Piccolin interpretano le leggende nel tabi\u00e9 di Palue di Rocca Pietore. Dal 1\u00b0 al 15 agosto aprir\u00e0 infatti nel piccolo borgo antico alle porte di Sottoguda e dei Serrai una mostra firmata dai due artisti. Colpito pesantemente dalla tempesta Vaia nell&#8217;ottobre 2018, Palue non si \u00e8 arreso alla desolazione e alla difficolt\u00e0 del ritorno alla \u201cvita\u201d. Anzi. I suoi abitanti, effettivi o periodici, ormai da qualche anno realizzano varie iniziative per animare il piccolo borgo, prendendosi cura del territorio, ristrutturando fienili, case o realizzando mostre e manifestazioni di vario tipo. Il programma estivo dell&#8217;Associazione per Palue prevede, in uno dei fienili da poco ristrutturati, una serie di esposizioni tra le quali \u201cDonna &#8211; Testimone di memorie\u201d, \u201cLeggende nel tabi\u00e9\u201d e la mostra fotografica dei \u201cBorghi dimenticati\u201d. &#8220;Leggende nel tabi\u00e9&#8221; trover\u00e0 spazio dal 1\u00b0 al 15 agosto nel piano intermedio del fienile. Verranno esposte le opere su carta di Dunio realizzate nel 2012, in collaborazione con l\u2019Istituto comprensivo di Alleghe, ispirate ad alcune leggende di Alleghe, Colle Santa Lucia, Livinallongo del Col di Lana, Rocca Pietore e Selva di Cadore. Si menzioneranno le leggende della Delibana, dell\u2019Om Sevarech, delle Aivane, di Re Ombro e di sua figlia Ombretta ecc. Ad impreziosire l\u2019esposizione vi saranno alcune sculture ed oggetti, sul tema delle leggende, creati da Mario Baldissera. Lo stesso Baldissera esporr\u00e0 alcuni preziosi libri della sua collezione sempre relativi alle leggende Dolomitiche. La mostra sar\u00e0 aperta tutti i giorni dalle 16 alle 19.30, oppure su appuntamento contattando la signora Marisa al 3357180482.<\/p>\n<p>&nbsp;<\/p>\n<blockquote class=\"wp-embedded-content\" data-secret=\"yzeC9UYCJX\"><p><a href=\"https:\/\/www.radiopiu.net\/wordpress\/quattro-eventi-nel-borgo\/\">QUATTRO EVENTI NEL BORGO DI SOTTOGUDA, L&#8217;ESTATE ENTRA NEL VIVO A PALUE<\/a><\/p><\/blockquote>\n<p><iframe loading=\"lazy\" class=\"wp-embedded-content\" sandbox=\"allow-scripts\" security=\"restricted\" style=\"position: absolute; clip: rect(1px, 1px, 1px, 1px);\" title=\"&#8220;QUATTRO EVENTI NEL BORGO DI SOTTOGUDA, L&#8217;ESTATE ENTRA NEL VIVO A PALUE&#8221; &#8212; Radio Pi\u00f9\" src=\"https:\/\/www.radiopiu.net\/wordpress\/quattro-eventi-nel-borgo\/embed\/#?secret=yzeC9UYCJX\" data-secret=\"yzeC9UYCJX\" width=\"600\" height=\"338\" frameborder=\"0\" marginwidth=\"0\" marginheight=\"0\" scrolling=\"no\"><\/iframe><\/p>\n<p>&nbsp;<\/p>\n<hr \/>\n<p>&nbsp;<\/p>\n<blockquote>\n<h3>DUNIO RIEMPIE D&#8217;ARTE IL NOF FILO&#8217; DI CENCENIGHE<\/h3>\n<\/blockquote>\n<p><strong>DI GIANNI SANTOMASO<\/strong><\/p>\n<p><strong><a href=\"https:\/\/www.radiopiu.net\/wordpress\/dal-1-al-15-agosto-leggende-nel-tabie-a-palue\/6f4d9704-28e8-4e06-a99a-a1e6154477ac\/\" rel=\"attachment wp-att-224812\"><img loading=\"lazy\" decoding=\"async\" class=\"size-medium wp-image-224812 alignleft\" src=\"https:\/\/www.radiopiu.net\/wordpress\/wp-content\/uploads\/2021\/07\/6f4d9704-28e8-4e06-a99a-a1e6154477ac-210x300.jpg\" alt=\"\" width=\"210\" height=\"300\" srcset=\"https:\/\/www.radiopiu.net\/wordpress\/wp-content\/uploads\/2021\/07\/6f4d9704-28e8-4e06-a99a-a1e6154477ac-210x300.jpg 210w, https:\/\/www.radiopiu.net\/wordpress\/wp-content\/uploads\/2021\/07\/6f4d9704-28e8-4e06-a99a-a1e6154477ac-718x1024.jpg 718w, https:\/\/www.radiopiu.net\/wordpress\/wp-content\/uploads\/2021\/07\/6f4d9704-28e8-4e06-a99a-a1e6154477ac-768x1096.jpg 768w, https:\/\/www.radiopiu.net\/wordpress\/wp-content\/uploads\/2021\/07\/6f4d9704-28e8-4e06-a99a-a1e6154477ac.jpg 994w\" sizes=\"auto, (max-width: 210px) 100vw, 210px\" \/><\/a>CENCENIGHE.<\/strong> Si intitola &#8220;Voci di sottofondo&#8221; la nuova mostra di Dunio Piccolin che verr\u00e0 ospitata al Nof Fil\u00f2 di Cencenighe dal 5 al 20 agosto. Dopo undici anni, di nuovo su invito del sindaco Mauro Soppelsa, il noto pittore falcadino torna dunque a esporre in quello che in quattro decenni \u00e8 stato teatro di grandi eventi culturali. La mostra \u00e8 promossa dal comune di Cencenighe in collaborazione con la Pro Loco e con i suoi volontari. Nell\u2019esposizione d\u2019arte saranno presenti oltre 60 opere su legno e su carta: molte recenti e tante illustrazioni per libri e riviste mai esposte prima al pubblico. Per l\u2019occasione saranno in visione anche le opere di grafica originale, calcografia e litografia, stampate all\u2019antica Stamperia d\u2019Arte di Busato a Vicenza. \u201cVoci di Sottofondo &#8211; spiega Dunio &#8211; vuole essere una sorta di dedica alle persone che vivono quasi di sottofondo, cio\u00e8 esistono, sono laboriose, sono determinanti per la societ\u00e0, ma che hanno un ruolo troppo spesso secondario rispetto agli \u201curlatori\u201d della societ\u00e0 stessa&#8221;. Cos\u00ec nella grande sala espositiva del Nof Fil\u00f2 si potranno osservare una moltitudine di personaggi dipinti o disegnati, con le loro storie, espressioni e movenze, quasi \u201csilenti\u201d, come un grande coro musicale dove nessuno emerge davvero. Accompagneranno i dipinti le postille poetiche di Liana Cavallet, invece la grafica del manifesto \u00e8 stata creata dal designer Gabriele Riva. La presentazione della mostra avverr\u00e0 gioved\u00ec 5 agosto alle 17.30 con il saluto del sindaco di Cencenighe Agordino, Mauro Soppelsa, e la presentazione delle opere a cura dell\u2019artista zumellese Claudio Rossi. La mostra \u00e8 aperta dal 5 al 20 agosto 2021 tutti i giorni dalle 17 alle 19.30 e il sabato dalle 10 alle 12 e dalle 17 alle 19.30.<\/p>\n<p>&nbsp;<\/p>\n<hr \/>\n<p>&nbsp;<\/p>\n<blockquote>\n<h3>IL LIBRO DI DON FAZENDE, PARROCO DI LA VALLE UN SECOLO FA<\/h3>\n<h3><em>La pubblicazione sar\u00e0 presentata mercoled\u00ec 4 agosto, vigilia della festa, al termine del solenne vespro delle 18 nella chiesa parrocchiale di \u201cSan Michi\u00e9l\u201d.<\/em><\/h3>\n<p>di Loris Santomaso<\/p><\/blockquote>\n<p><strong><a href=\"https:\/\/www.radiopiu.net\/wordpress\/giornale-radiopiu-31-luglio-2021-direttore-mirko-mezzacasa\/la-valle-copertina-libro-don-fazende\/\" rel=\"attachment wp-att-225159\"><img loading=\"lazy\" decoding=\"async\" class=\" wp-image-225159 alignleft\" src=\"https:\/\/www.radiopiu.net\/wordpress\/wp-content\/uploads\/2021\/07\/La-Valle-copertina-libro-don-fazende-233x300.jpg\" alt=\"\" width=\"231\" height=\"297\" srcset=\"https:\/\/www.radiopiu.net\/wordpress\/wp-content\/uploads\/2021\/07\/La-Valle-copertina-libro-don-fazende-233x300.jpg 233w, https:\/\/www.radiopiu.net\/wordpress\/wp-content\/uploads\/2021\/07\/La-Valle-copertina-libro-don-fazende-794x1024.jpg 794w, https:\/\/www.radiopiu.net\/wordpress\/wp-content\/uploads\/2021\/07\/La-Valle-copertina-libro-don-fazende-768x990.jpg 768w, https:\/\/www.radiopiu.net\/wordpress\/wp-content\/uploads\/2021\/07\/La-Valle-copertina-libro-don-fazende.jpg 984w\" sizes=\"auto, (max-width: 231px) 100vw, 231px\" \/><\/a>LA VALLE.<\/strong> Come annunciato nell\u2019inserto speciale del precedente numero, \u201cIl Risveglio\u201d raggiunge quest\u2019anno il secolo di vita. Il bollettino parrocchiale di La Valle Agordina, uno dei pi\u00f9 longevi periodici del genere in Diocesi, fu fondato infatti nel febbraio 1921 dal lungimirante parroco di allora, don Apollonio Piazza (1885-1947). Erano gli anni della difficile rinascita dopo i disastrosi effetti della Grande Guerra e, come i parroci di quel tempo, anche don Apollonio, alla guida della comunit\u00e0 dal 1919 al 1931, dopo l\u2019esperienza di cappellano militare, profuse le sue energie nell\u2019aiuto ai bisognosi secondo l\u2019evangelico comandamento dell\u2019amore. Aiuto che egli attu\u00f2 non solo in forma spirituale e materiale, ma anche con il sostegno della parola che concretizz\u00f2 appunto dando vita a \u201cIl Bollettino Parrocchiale &#8211; S.Michele Arcangelo &#8211; La Valle\u201d. A don Apollonio Piazza, che \u00e8 stato indubbiamente un protagonista di primo piano della vita del paese anche nei non meno problematici anni successivi all\u2019avvento della dittatura fascista, la comunit\u00e0 parrocchiale, ora affidata a don Cesare Larese, ha voluto dedicare una preziosa monografia curata con la consueta rigorosit\u00e0 storica da Corrado Da Roit, gi\u00e0 autore di preziose pubblicazioni sulle vicende storiche della comunit\u00e0 lavallese. Nei vari capitoli del libro \u201cdon faz\u00e9nde. don Apollonio Piazza, parroco un secolo fa\u201d che sar\u00e0 diffuso in occasione della prossima tradizionale festa della \u201cMad\u00f2na de la n\u00e9if\u201d del 5 agosto, i lettori saranno guidati alla \u201cscoperta\u201d graduale del personaggio, delle sue idee, proposte, progetti e realizzazioni, e anche dei suoi insuccessi, ripercorrendo i dodici anni della sua opera sociale svolta a La Valle.<\/p>\n<p>&nbsp;<\/p>\n<p>&nbsp;<\/p>\n<hr \/>\n<p>&nbsp;<\/p>\n<p>&nbsp;<\/p>\n<blockquote>\n<h3>ALPINISMO LEGGENDARIO A COLMEAN<\/h3>\n<\/blockquote>\n<p><strong>di Loris Santomaso\u00a0<\/strong><\/p>\n<p><a href=\"https:\/\/www.radiopiu.net\/wordpress\/giornale-radiopiu-31-luglio-2021-direttore-mirko-mezzacasa\/352680_ns_alpinismo-leggendario_cop-indd\/\" rel=\"attachment wp-att-225170\"><img loading=\"lazy\" decoding=\"async\" class=\"wp-image-225170 alignleft\" src=\"https:\/\/www.radiopiu.net\/wordpress\/wp-content\/uploads\/2021\/07\/NS_Alpinismo-leggendario_COP-300x281.jpg\" alt=\"\" width=\"190\" height=\"178\" srcset=\"https:\/\/www.radiopiu.net\/wordpress\/wp-content\/uploads\/2021\/07\/NS_Alpinismo-leggendario_COP-300x281.jpg 300w, https:\/\/www.radiopiu.net\/wordpress\/wp-content\/uploads\/2021\/07\/NS_Alpinismo-leggendario_COP-1024x959.jpg 1024w, https:\/\/www.radiopiu.net\/wordpress\/wp-content\/uploads\/2021\/07\/NS_Alpinismo-leggendario_COP-768x719.jpg 768w, https:\/\/www.radiopiu.net\/wordpress\/wp-content\/uploads\/2021\/07\/NS_Alpinismo-leggendario_COP-1536x1439.jpg 1536w, https:\/\/www.radiopiu.net\/wordpress\/wp-content\/uploads\/2021\/07\/NS_Alpinismo-leggendario_COP.jpg 1772w\" sizes=\"auto, (max-width: 190px) 100vw, 190px\" \/><\/a>.\u00a0 Domani alle 17, a Colme\u00e0n di Fed\u00e8r sopra l&#8217;abitato di Caviola, sar\u00e0 presentato il volume \u201cAlpinismo Leggendario\u201d dedicato alla carriera alpinistica del grande scalatore di Vallada, Giorgio Ronchi, autore di straordinarie imprese sulle montagne di casa, le Cime d&#8217;Auta, Focob\u00f3n, Moiazza, Civetta (inverno 1962, la cima Su Alto con Roberto Sorgato e Giorgio Redaelli), che lo ha imposto definitivamente alla ribalta dell\u2019alpinismo internazionale, dopo l&#8217;indimenticabile avventura del febbraio 1961 con Sorgato sulle Tre Cime di Lavaredo, entrata nella storia dell\u2019alpinismo e soggetto del bellissimo film \u201cAbimes\u201d di Gilbert Dassonville. L\u2019uscita dell\u2019opera, a cura di Bepi Pellegrinon della Nuovi Sentieri, sar\u00e0 salutata dai compagni di cordata di Ronchi e da tanti appassionati di montagna. Ma \u00e8 un invito rivolto a tutti gli agordini a incontrare e a rendere omaggio a un personaggio bravo quanto discreto che ha onorato la nostra terra \u201c<span style=\"color: #000000;\"><span style=\"font-family: HorleyOSMT-Italic, serif;\"><span style=\"font-size: small;\"><i>Accademico del CAI, che \u00e8 stato l\u2019alfiere e l\u2019esponente di spicco del Gruppo Rocciatori Val Bi\u00f3is costituito nel 1951 e che con grande capacit\u00e0 e innata modestia ha salito le pi\u00f9 celebri pareti delle Dolomiti Bellunesi\u201d.<\/i><\/span><\/span><\/span><\/p>\n<p>&nbsp;<\/p>\n<p>&nbsp;<\/p>\n<hr \/>\n<p>&nbsp;<\/p>\n<blockquote>\n<h3>OGGI IL LABORATORIO PER BAMBINI E GENITORI<\/h3>\n<\/blockquote>\n<p><strong>SAN GREGORIO NELLE ALPI<\/strong> Al via l&#8217;evento proposto da Dolomiti Hub e associazioni locali, oggi alle\u00a0 15.00 agli impianti sportivi di San Gregorio (via Sandro Pertini), si terr\u00e0 un laboratorio sui giochi tradizionali di una volta rivolto a bambini dai 4 ai 13 anni e ai loro genitori.\u00a0 La partecipazione al laboratorio \u00e8 gratuita. In caso di maltempo, verr\u00e0 rinviato a domenica 1 agosto alle 15.00.<\/p>\n<p>&nbsp;<\/p>\n<p>&nbsp;<\/p>\n<hr \/>\n<p>&nbsp;<\/p>\n<p>&nbsp;<\/p>\n<blockquote>\n<h2><a href=\"https:\/\/www.radiopiu.net\/wordpress\/giornale-radiopiu-29-luglio-2021-direttore-mirko-mezzacasa\/img_0091\/\" rel=\"attachment wp-att-224576\"><img loading=\"lazy\" decoding=\"async\" class=\"wp-image-224576 alignleft\" src=\"https:\/\/www.radiopiu.net\/wordpress\/wp-content\/uploads\/2021\/07\/IMG_0091-300x225.jpg\" alt=\"\" width=\"211\" height=\"158\" srcset=\"https:\/\/www.radiopiu.net\/wordpress\/wp-content\/uploads\/2021\/07\/IMG_0091-300x225.jpg 300w, https:\/\/www.radiopiu.net\/wordpress\/wp-content\/uploads\/2021\/07\/IMG_0091-1024x768.jpg 1024w, https:\/\/www.radiopiu.net\/wordpress\/wp-content\/uploads\/2021\/07\/IMG_0091-768x576.jpg 768w, https:\/\/www.radiopiu.net\/wordpress\/wp-content\/uploads\/2021\/07\/IMG_0091-1536x1152.jpg 1536w, https:\/\/www.radiopiu.net\/wordpress\/wp-content\/uploads\/2021\/07\/IMG_0091-2048x1536.jpg 2048w\" sizes=\"auto, (max-width: 211px) 100vw, 211px\" \/><\/a><\/h2>\n<h2>DOMANI IN NEVEGAL<\/h2>\n<\/blockquote>\n<p><strong>BELLUNO<\/strong>\u00a0 Un altro evento\u00a0 dell&#8217;ASD Nevegallika \u00e8 in programma domani organizzato in piazzale del Nevegal dalle 10. Si tratta di una mostra itinerante di fotografie riguardanti la storia del Colle dagli anni 30 ad oggi. Verranno esposte su pannelli all&#8217;aperto con ingresso libero. Sono stati invitati anche dei protagonisti della vita del Nevegal che potranno esporre i loro ricordi e le loro esperienze.<\/p>\n<p>&nbsp;<\/p>\n<hr \/>\n<p>&nbsp;<\/p>\n<p>&nbsp;<\/p>\n<blockquote>\n<h3>&#8220;QUADRI SONORI&#8221; CON LA PIANISTA SILVIA TESSARI<\/h3>\n<p><em>L\u2019accesso \u00e8 consentito con il Green Pass e comunque secondo le regole che saranno in vigore nel giorno del concerto.<\/em><\/p><\/blockquote>\n<p><a href=\"https:\/\/www.radiopiu.net\/wordpress\/?attachment_id=224770\" rel=\"attachment wp-att-224770\"><img loading=\"lazy\" decoding=\"async\" class=\"wp-image-224770 alignleft\" src=\"https:\/\/www.radiopiu.net\/wordpress\/wp-content\/uploads\/2021\/07\/Silvia-Tessari-2021-1-300x250.jpg\" alt=\"\" width=\"167\" height=\"139\" srcset=\"https:\/\/www.radiopiu.net\/wordpress\/wp-content\/uploads\/2021\/07\/Silvia-Tessari-2021-1-300x250.jpg 300w, https:\/\/www.radiopiu.net\/wordpress\/wp-content\/uploads\/2021\/07\/Silvia-Tessari-2021-1-768x641.jpg 768w, https:\/\/www.radiopiu.net\/wordpress\/wp-content\/uploads\/2021\/07\/Silvia-Tessari-2021-1.jpg 920w\" sizes=\"auto, (max-width: 167px) 100vw, 167px\" \/><\/a><\/p>\n<p><strong>FALCADE\u00a0 <\/strong>Il recital \u00e8 in calendario per il 9 agosto alle 21 alla Casa della Giovent\u00f9 di Caviola (anche alle 18 in caso di prenotazioni al numero 3478870898 superiori alla capienza della sala). La prima parte sar\u00e0 dedicata alla collezione di brani del compositore russo Modest Mussorgsky.\u00a0 La seconda a Chopin. Organizza Comune\u00a0 e Parrocchia di Caviola.<\/p>\n<p>&nbsp;<\/p>\n<p>&nbsp;<\/p>\n<h3><\/h3>\n<hr \/>\n<p>&nbsp;<\/p>\n<blockquote>\n<h3 style=\"text-align: left;\" align=\"CENTER\"><b>ESTATE 2021: ED ECCO DI NUOVO I MERCATINI\u00a0<\/b><b>DELL\u2019ANTIQUARIATO, DEL COLLEZIONISMO, DELL\u2019 USATO \u00a0<\/b><\/h3>\n<\/blockquote>\n<p align=\"JUSTIFY\"><a href=\"https:\/\/www.radiopiu.net\/wordpress\/giornale-radiopiu-23-luglio-2021-direttore-mirko-mezzacasa\/mercatino-caprile\/\" rel=\"attachment wp-att-223533\"><img loading=\"lazy\" decoding=\"async\" class=\" wp-image-223533 alignleft\" src=\"https:\/\/www.radiopiu.net\/wordpress\/wp-content\/uploads\/2021\/07\/Mercatino-Caprile-200x300.jpg\" sizes=\"auto, (max-width: 175px) 100vw, 175px\" srcset=\"https:\/\/www.radiopiu.net\/wordpress\/wp-content\/uploads\/2021\/07\/Mercatino-Caprile-200x300.jpg 200w, https:\/\/www.radiopiu.net\/wordpress\/wp-content\/uploads\/2021\/07\/Mercatino-Caprile-683x1024.jpg 683w, https:\/\/www.radiopiu.net\/wordpress\/wp-content\/uploads\/2021\/07\/Mercatino-Caprile-768x1152.jpg 768w, https:\/\/www.radiopiu.net\/wordpress\/wp-content\/uploads\/2021\/07\/Mercatino-Caprile-1024x1536.jpg 1024w, https:\/\/www.radiopiu.net\/wordpress\/wp-content\/uploads\/2021\/07\/Mercatino-Caprile-1366x2048.jpg 1366w, https:\/\/www.radiopiu.net\/wordpress\/wp-content\/uploads\/2021\/07\/Mercatino-Caprile-scaled.jpg 1707w\" alt=\"\" width=\"108\" height=\"162\" \/><\/a>Il gruppo trevigiano degli \u201cAmici dell\u2019Antiquariato\u201d in collaborazione con il coordinatore locale Giorgio Fontanive e Ad Agordo Pro Loco organizza gli appuntamenti per gli appassionati delle cose antiche come accade dal 2011. Gli operatori dell\u2019organizzazione saranno attorno al Br\u00f3i e nella caratteristica Contrada S.Marco a Caprile. Questi i prossimi appuntamenti:\u00a0<b>Caprile<\/b> (domani e domenica 15 agosto), <b>Agordo\u00a0<\/b>(sabato 7 agosto,\u00a0gioved\u00ec 12 agosto). Partecipano all\u2019iniziativa commercianti preparati e selezionati in vari settori di operativit\u00e0: oggettistica d\u2019epoca, mobili, arte e collezionismo cartaceo, libri, medaglistica, piccolo antiquariato, arte, vetreria artistica, ecc. Informazioni sull\u2019effettuazione degli incontri e orari all\u2019Ufficio Turistico di Agordo (0437-62105); all\u2019Ufficio Turistico di Alleghe (0437-523333); al riferimento organizzativo 339 348.8278042; alla mail\u00a0<a href=\"mailto:giorgiofontanive@virgilio.it\">giorgiofontanive@virgilio.it<\/a>.<\/p>\n<p>&nbsp;<\/p>\n<hr \/>\n<p>&nbsp;<\/p>\n<blockquote>\n<h3>\u00a0APPUNTAMENTO IN MUSICA\u00a0 AL KASELO<\/h3>\n<\/blockquote>\n<p><strong><a href=\"https:\/\/www.radiopiu.net\/wordpress\/giornale-radiopiu-27-luglio-2021-direttore-mirko-mezzacasa\/203383168_1121375631689273_4833795420514095380_n\/\" rel=\"attachment wp-att-224184\"><img loading=\"lazy\" decoding=\"async\" class=\"wp-image-224184 alignleft\" src=\"https:\/\/www.radiopiu.net\/wordpress\/wp-content\/uploads\/2021\/07\/203383168_1121375631689273_4833795420514095380_n-300x255.jpg\" alt=\"\" width=\"160\" height=\"136\" srcset=\"https:\/\/www.radiopiu.net\/wordpress\/wp-content\/uploads\/2021\/07\/203383168_1121375631689273_4833795420514095380_n-300x255.jpg 300w, https:\/\/www.radiopiu.net\/wordpress\/wp-content\/uploads\/2021\/07\/203383168_1121375631689273_4833795420514095380_n.jpg 683w\" sizes=\"auto, (max-width: 160px) 100vw, 160px\" \/><\/a>LA VALLE<\/strong> In Sala Valmassoni, oggi alle 20.30 con ingresso libero\u00a0 CINEMA PARADISO Ensemble Il Fischio diretto da Mirta Tormen Musiche di Morricone, Rota, Gershwin, Piazzolla PRENOTAZIONE CONSIGLIATA: 0423950150 (lu-ve h 9-13). Con la collaborazione de: Comune, ProLoco, Gruppo Ambiente e Coro Parrocchiale di La Valle SuperW Supermercati<br \/>\n<strong>L&#8217;INTERVISTA DI ANDREA BERNARDI ALLA RADIO\u00a0<\/strong><\/p>\n<audio class=\"wp-audio-shortcode\" id=\"audio-224933-9\" preload=\"none\" style=\"width: 100%;\" controls=\"controls\"><source type=\"audio\/mpeg\" src=\"https:\/\/www.radiopiu.net\/wordpress\/wp-content\/uploads\/2021\/07\/Mirta-Tormen-Il-Fischio.mp3?_=9\" \/><a href=\"https:\/\/www.radiopiu.net\/wordpress\/wp-content\/uploads\/2021\/07\/Mirta-Tormen-Il-Fischio.mp3\">https:\/\/www.radiopiu.net\/wordpress\/wp-content\/uploads\/2021\/07\/Mirta-Tormen-Il-Fischio.mp3<\/a><\/audio>\n<div><\/div>\n<p>&nbsp;<\/p>\n<div class=\"mkdf-post-text\">\n<div class=\"mkdf-post-text-inner\">\n<div class=\"mkdf-post-text-main\">\n<hr \/>\n<p>&nbsp;<\/p>\n<blockquote>\n<h3>INTE PER ANTER LE VILE<\/h3>\n<\/blockquote>\n<p><a href=\"https:\/\/www.radiopiu.net\/wordpress\/giornale-radiopiu-23-luglio-2021-direttore-mirko-mezzacasa\/img-20210722-wa0000\/\" rel=\"attachment wp-att-223492\"><img loading=\"lazy\" decoding=\"async\" class=\"size-medium wp-image-223492 alignleft\" src=\"https:\/\/www.radiopiu.net\/wordpress\/wp-content\/uploads\/2021\/07\/IMG-20210722-WA0000-212x300.jpg\" alt=\"\" width=\"212\" height=\"300\" srcset=\"https:\/\/www.radiopiu.net\/wordpress\/wp-content\/uploads\/2021\/07\/IMG-20210722-WA0000-212x300.jpg 212w, https:\/\/www.radiopiu.net\/wordpress\/wp-content\/uploads\/2021\/07\/IMG-20210722-WA0000-724x1024.jpg 724w, https:\/\/www.radiopiu.net\/wordpress\/wp-content\/uploads\/2021\/07\/IMG-20210722-WA0000-768x1086.jpg 768w, https:\/\/www.radiopiu.net\/wordpress\/wp-content\/uploads\/2021\/07\/IMG-20210722-WA0000-1086x1536.jpg 1086w, https:\/\/www.radiopiu.net\/wordpress\/wp-content\/uploads\/2021\/07\/IMG-20210722-WA0000.jpg 1131w\" sizes=\"auto, (max-width: 212px) 100vw, 212px\" \/><\/a><strong>CENCENIGHE<\/strong>\u00a0 Oggi: Inter per anter Le vile, ex tempore di pittura tra gli antichi borghi di Cencenighe e San Tomaso, A Cencenighe, Coi, Villagrande, Tocol di San Tomaso. Con: Valter Bernardi, Marino Bonetta, Valter Comiotto, Silvano Savio, Matteo Bertomoro, Luigi Cadorin, Nicolo&#8217; Dalla Zassa e Valter Savio. Le riproduzioni fotografiche delle opere realizzate nel corso della giornata saranno esposte ad agosto in frazione Tocol di San Tomaso<\/p>\n<p>&nbsp;<\/p>\n<p>&nbsp;<\/p>\n<p>&nbsp;<\/p>\n<p>&nbsp;<\/p>\n<p>&nbsp;<\/p>\n<\/div>\n<div class=\"mkdf-post-text-main\">\n<p>&nbsp;<\/p>\n<p>&nbsp;<\/p>\n<hr \/>\n<p>&nbsp;<\/p>\n<p>&nbsp;<\/p>\n<blockquote>\n<h3><strong>IL MAGO AL PARCO GIOCHI\u00a0\u00a0<\/strong><\/h3>\n<\/blockquote>\n<p><strong>FALCADE<\/strong> La Proloco di Caviola organizza lo spettacolo con il Mago Gigi, magia per grandi e piccini,\u00a0 oggi alle 17 al tendone sulla piana di Falcade, zona parco giochi.<\/p>\n<blockquote>\n<h3>I BALLI IN PIAZZA<\/h3>\n<\/blockquote>\n<p><strong>CANALE D&#8217;AGORDO<\/strong> Il gruppo amatoriale Balliamo, in collaborazione con la Proloco organizza una serata di balli popolari domani alle 20.45 in piazza Papa Luciani, in caso di maltempo evento rinviato al giorno successivo.<\/p>\n<blockquote>\n<h3>RITORNA &#8220;ROMANTICAVIOLA&#8221;<\/h3>\n<\/blockquote>\n<p><strong>FALCADE<\/strong> Sabato 7 agosto\u00a0 il secondo e ultimo appuntamento con il concerto degli East Sunset in Piazza Pertini dalle 20:30 e alle 22:30 i fuochi d&#8217;artificio.<\/p>\n<p>&nbsp;<\/p>\n<hr \/>\n<p>&nbsp;<\/p>\n<blockquote>\n<h3>LETTURE D&#8217;ESTATE CON LE BIBLIOTECHE DELLA VALLE DEL BIOIS E IL COMUNE DI CANALE D&#8217;AGORDO<\/h3>\n<\/blockquote>\n<p><strong>CANALE D&#8217;AGORDO<\/strong> Giovedi 5 agosto alle 17 in sala degli Emigranti di via Lotta &#8220;Il gusto dell&#8217;ospitalit\u00e0&#8221; omaggio a Olga e Livia Tibolla raccontate da Lucio Carraro nei libri Cuoche e Convivio. Ingresso libero.<\/p>\n<p>&nbsp;<\/p>\n<hr \/>\n<p>&nbsp;<\/p>\n<blockquote>\n<h3>IN SALA FRANCESCHINI LA FORMAZIONE DEL LAGO DI ALLEGHE<\/h3>\n<\/blockquote>\n<p><strong>ALLEGHE<\/strong> Giovedi alle 21 conferenza sulla formazione del lago di Alleghe. Interverranno lo storico Maurizio Rebershak e il geologo professor Vittorio Fenti. Moderatore Gianpaolo Soratroi, ingresso gratuito. Informazioni Ufficio Turistico.<\/p>\n<p>&nbsp;<\/p>\n<p>&nbsp;<\/p>\n<hr \/>\n<p>&nbsp;<\/p>\n<blockquote>\n<h3>LA PRESENTAZIONE DEL LIBRO &#8220;CESARE VECELLIO&#8221; A PIEVE DI CADORE<\/h3>\n<\/blockquote>\n<p><strong>PIEVE DI CADORE<\/strong> Nell&#8217;ambito della rassegna &#8220;Estate Tizianesca 2021&#8221; si segnala la presentazione del libro &#8220;<i>Cesare Vecellio&#8221;<\/i>, edito dalla casa editrice padovana &#8220;Il Prato&#8221; per la collana <i>I grandi minori<\/i>, che si svolger\u00e0 gioved\u00ec 5 agosto alle 18 presso la Magnifica Comunit\u00e0 di Pieve di Cadore<\/p>\n<p>&nbsp;<\/p>\n<hr \/>\n<p>&nbsp;<\/p>\n<blockquote>\n<h3>IL VOLTO ARTISTICO DEL POTERE di ERMINIO MAZZUCCO<\/h3>\n<\/blockquote>\n<p><strong>PONTE NELLE ALPI<\/strong> Il cortile\u00a0 del Bar-Cooperativa di Tignes ospiter\u00e0 gioved\u00ec 5 agosto, alle 20,30, la presentazione del libro del noto critico d&#8217;arte Erminio Mazzucco.\u00a0 Iniziativa, dell&#8217;Amministrazione comunale di Alpago e dalla Biblioteca Civica di Pieve d&#8217;Alpago e supportata dalla frazione di Tignes e da numerosi volontari<\/p>\n<p>&nbsp;<\/p>\n<hr \/>\n<p>&nbsp;<\/p>\n<p>&nbsp;<\/p>\n<blockquote>\n<h2>ANIMALI, COSE E SCENE NELLA NATURA PROPOSTI CON LE FOTO DI DINO DE CIAN<\/h2>\n<\/blockquote>\n<div class=\"\" dir=\"auto\">\n<div id=\"jsc_c_kf\" class=\"ecm0bbzt hv4rvrfc ihqw7lf3 dati1w0a\" data-ad-comet-preview=\"message\" data-ad-preview=\"message\">\n<div class=\"j83agx80 cbu4d94t ew0dbk1b irj2b8pg\">\n<div class=\"qzhwtbm6 knvmm38d\">\n<div class=\"kvgmc6g5 cxmmr5t8 oygrvhab hcukyx3x c1et5uql ii04i59q\">\n<div dir=\"auto\">\n<p><strong>di RENATO BONA\u00a0<\/strong><\/p>\n<\/div>\n<div dir=\"auto\">\u201cIl lavoro del legno, la trasformazione di prodotti naturali in cibi genuini, l\u2019allevamento del bestiame tradizionale, lo sfruttamento dell\u2019energia dell\u2019acqua e del vento, la medicina del botanico, la gestione razionale delle popolazioni di selvatici, devono costituire mete cui tendere con ogni sforzo e al prezzo di grosse rinunce e sacrifici\u201d. Quello che precede \u00e8 un passaggio, a firma di Paolo Piccolo, nella presentazione di \u201cRacconti bellunesi. Cultura contadina e artigianato della Val del Piave, tra Belluno e Feltre, in fotografia\u201d, che \u00e8 il titolo del libro che Dino De Cian, un amico di vecchia data, ha dato alle stampe (Tipografia Piave di Belluno) nel febbraio 1982 con l\u2019Istituto bellunese di ricerche sociali e culturali.<\/div>\n<div dir=\"auto\">Secondo Piccolo, \u201cDino (con le sue fotografie che appartengono al periodo che va dal 1975 al 1981 \u2013 ndr.) scopre con fermezza che questi argomenti debbano ormai costituire la vera cultura dei paesi e delle citt\u00e0: nelle scuole minori, negli istituti e nelle universit\u00e0\u201d e suggerisce che \u201cIl ciclo della lavorazione del latte deve, per esempio, entrare d\u2019obbligo nei programmi della scuola di ogni ordine e grado e deve essere argomento di tesi di laurea, con tutte le sue implicazioni sociali, ambientali e linguistiche che la cosa comporta; se non altro si eviter\u00e0 di arrivare all\u2019assurdo che un quartino di \u2018coca-cola\u2019 costi pi\u00f9 di un litro di latte genuino\u201d. Ma, sostiene in conclusione, il problema della rinascita artigiana e contadina della provincia \u00e8 un problema politico ed amministrativo solo in parte, perch\u00e9 riguarda soprattutto gli insegnanti, i preti, gli artisti e gli scrittori, cio\u00e8 quelli pi\u00f9 indicati a far nascere nelle coscienze dei giovani il desiderio della terra e dell\u2019artigianato come unica salvezza dall\u2019angoscia, dalla nevrosi e da tutti gli altri mali che affliggono in modo terribile la vita d\u2019oggi\u2026 Non attendiamoci perci\u00f2 da altri la soluzione dei nostri problemi, ma iniziamo questa pacifica rivoluzione prima di tutto dentro noi stessi\u201d.<\/div>\n<div dir=\"auto\">In sintonia con quanto affermato da Paolo Piccolo, Dino De Cian che ha vissuto infanzia e giovinezza in campagna in quel di San Zenon di Sospirolo, luogo che ha in parte condizionato la sua vita, attraverso le sue splendide immagini prova a tornare alle radici per completare il processo di conversione e ricerca che lo ha stimolato a realizzare \u201cRacconti Bellunesi\u201d.<\/div>\n<div dir=\"auto\">In sequenza, le immagini di questo sesto capitolo dei sette che compongono il libro, ci mostrano un antico roccolo di Cart di Feltre accompagnato dalla dicitura: \u201cL\u2019uccellagione \u00e8 giustamente proibita in tutta la provincia e gli uccelli minuti sono qui protetti da leggi severe, Restano questi carpini disposti a rettangolo o in forma circolare, come ricordo di una attivit\u00e0 d\u2019aucupio (caccia agli uccelli con uso di reti \u2013 ndr.) non sempre dannosa o vile. Oggi pensano i diserbanti ed i veleni agricoli a portare la morte nelle schiere delle creature dell\u2019aria!\u201d. A seguire l\u2019immagine di \u201cNidiacei che reclamano il cibo\u201d, prima di quella intitolata \u201cIl prigioniero\u201d e della successiva: \u201cFame alla catena\u201d. A seguire le due di: \u201cCavalli in Val Belluna\u201d che precedono la foto di una \u201cFemmina di muflone nei boschi di S. Gregorio\u201d; e la \u201cprova\u201d dello \u201cSpirito di adattamento\u201d di alcuni uccelli. Tocca quindi a quella che si riferisce alla \u201cConversazione tripartita\u201d fra gatti e alla \u201cCapretta fenomeno di Sartena di S. Giustina\u201d, che precede quella del capraio; spazio quindi per \u201cRiti sanguinosi\u201d; \u201cpor\u00e8i dentro le van\u00f9ie\u201d; fuoco acceso per \u201cbr\u00f2ar el porz\u00e8l\u201d; si procede a \u201cpel\u00e0r\u201d; e quindi a \u201cpikar\u201d e \u201csbaldin\u00e0r\u201d; e siamo a Roncoi di S. Gregorio dove ci si applica a \u201cfar su luganega\u201d: Egidio Miotto alle prese con un ossocollo\u201d; conclude la serie l\u2019immagine con: \u201cIl famoso Gildo Lise insegna al nipotino come si porge il sale alle mucche\u201d.<\/div>\n<\/div>\n<\/div>\n<\/div>\n<\/div>\n<\/div>\n<div id=\"jsc_c_kg\" class=\"l9j0dhe7\">\n<div class=\"l9j0dhe7\">\n<div class=\"l9j0dhe7\">\n<div class=\"l9j0dhe7\">\n<div class=\"ni8dbmo4 stjgntxs pmk7jnqg\">\n<div class=\"stjgntxs ni8dbmo4\">\n<div class=\"do00u71z ni8dbmo4 stjgntxs l9j0dhe7\">\n<div class=\"pmk7jnqg kr520xx4\"><\/div>\n<\/div>\n<div class=\"hzruof5a opwvks06 linmgsc8 kr520xx4 j9ispegn pmk7jnqg n7fi1qx3 rq0escxv i09qtzwb\">\n\n\t\t\t<style type='text\/css'>\n\t\t\t\t#gallery-7 {\n\t\t\t\t\tmargin: auto;\n\t\t\t\t}\n\t\t\t\t#gallery-7 .gallery-item {\n\t\t\t\t\tfloat: left;\n\t\t\t\t\tmargin-top: 10px;\n\t\t\t\t\ttext-align: center;\n\t\t\t\t\twidth: 11%;\n\t\t\t\t}\n\t\t\t\t#gallery-7 img {\n\t\t\t\t\tborder: 2px solid #cfcfcf;\n\t\t\t\t}\n\t\t\t\t#gallery-7 .gallery-caption {\n\t\t\t\t\tmargin-left: 0;\n\t\t\t\t}\n\t\t\t\t\/* see gallery_shortcode() in wp-includes\/media.php *\/\n\t\t\t<\/style>\n\t\t<div id='gallery-7' class='dt-gallery-container gallery galleryid-224933 gallery-columns-9 gallery-size-thumbnail'><dl class='gallery-item'>\n\t\t\t\t<dt class='gallery-icon portrait'>\n\t\t\t\t\t<a class=\"rollover rollover-zoom dt-pswp-item\" title=\"226278895_172532664833675_805801767797477166_n\" data-dt-img-description=\"\" data-large_image_width=\"159\" data-large_image_height=\"225\"href='https:\/\/www.radiopiu.net\/wordpress\/wp-content\/uploads\/2021\/07\/226278895_172532664833675_805801767797477166_n.jpg'><img loading=\"lazy\" decoding=\"async\" width=\"150\" height=\"150\" src=\"https:\/\/www.radiopiu.net\/wordpress\/wp-content\/uploads\/2021\/07\/226278895_172532664833675_805801767797477166_n-150x150.jpg\" class=\"attachment-thumbnail size-thumbnail\" alt=\"\" \/><\/a>\n\t\t\t\t<\/dt><\/dl><dl class='gallery-item'>\n\t\t\t\t<dt class='gallery-icon landscape'>\n\t\t\t\t\t<a class=\"rollover rollover-zoom dt-pswp-item\" title=\"222896725_252955193054794_4865284295346209070_n\" data-dt-img-description=\"\" data-large_image_width=\"389\" data-large_image_height=\"206\"href='https:\/\/www.radiopiu.net\/wordpress\/wp-content\/uploads\/2021\/07\/222896725_252955193054794_4865284295346209070_n.jpg'><img loading=\"lazy\" decoding=\"async\" width=\"150\" height=\"150\" src=\"https:\/\/www.radiopiu.net\/wordpress\/wp-content\/uploads\/2021\/07\/222896725_252955193054794_4865284295346209070_n-150x150.jpg\" class=\"attachment-thumbnail size-thumbnail\" alt=\"\" \/><\/a>\n\t\t\t\t<\/dt><\/dl><dl class='gallery-item'>\n\t\t\t\t<dt class='gallery-icon landscape'>\n\t\t\t\t\t<a class=\"rollover rollover-zoom dt-pswp-item\" title=\"227246715_152500510328473_8439859209420661408_n\" data-dt-img-description=\"\" data-large_image_width=\"291\" data-large_image_height=\"206\"href='https:\/\/www.radiopiu.net\/wordpress\/wp-content\/uploads\/2021\/07\/227246715_152500510328473_8439859209420661408_n.jpg'><img loading=\"lazy\" decoding=\"async\" width=\"150\" height=\"150\" src=\"https:\/\/www.radiopiu.net\/wordpress\/wp-content\/uploads\/2021\/07\/227246715_152500510328473_8439859209420661408_n-150x150.jpg\" class=\"attachment-thumbnail size-thumbnail\" alt=\"\" \/><\/a>\n\t\t\t\t<\/dt><\/dl><dl class='gallery-item'>\n\t\t\t\t<dt class='gallery-icon landscape'>\n\t\t\t\t\t<a class=\"rollover rollover-zoom dt-pswp-item\" title=\"225865931_181360997312369_253592595048444699_n\" data-dt-img-description=\"\" data-large_image_width=\"314\" data-large_image_height=\"206\"href='https:\/\/www.radiopiu.net\/wordpress\/wp-content\/uploads\/2021\/07\/225865931_181360997312369_253592595048444699_n.jpg'><img loading=\"lazy\" decoding=\"async\" width=\"150\" height=\"150\" src=\"https:\/\/www.radiopiu.net\/wordpress\/wp-content\/uploads\/2021\/07\/225865931_181360997312369_253592595048444699_n-150x150.jpg\" class=\"attachment-thumbnail size-thumbnail\" alt=\"\" \/><\/a>\n\t\t\t\t<\/dt><\/dl><dl class='gallery-item'>\n\t\t\t\t<dt class='gallery-icon landscape'>\n\t\t\t\t\t<a class=\"rollover rollover-zoom dt-pswp-item\" title=\"224636564_844216449588372_2337823374136506914_n\" data-dt-img-description=\"\" data-large_image_width=\"273\" data-large_image_height=\"206\"href='https:\/\/www.radiopiu.net\/wordpress\/wp-content\/uploads\/2021\/07\/224636564_844216449588372_2337823374136506914_n.jpg'><img loading=\"lazy\" decoding=\"async\" width=\"150\" height=\"150\" src=\"https:\/\/www.radiopiu.net\/wordpress\/wp-content\/uploads\/2021\/07\/224636564_844216449588372_2337823374136506914_n-150x150.jpg\" class=\"attachment-thumbnail size-thumbnail\" alt=\"\" \/><\/a>\n\t\t\t\t<\/dt><\/dl><dl class='gallery-item'>\n\t\t\t\t<dt class='gallery-icon landscape'>\n\t\t\t\t\t<a class=\"rollover rollover-zoom dt-pswp-item\" title=\"223632354_521710369160341_6050879942847981246_n\" data-dt-img-description=\"\" data-large_image_width=\"261\" data-large_image_height=\"200\"href='https:\/\/www.radiopiu.net\/wordpress\/wp-content\/uploads\/2021\/07\/223632354_521710369160341_6050879942847981246_n.jpg'><img loading=\"lazy\" decoding=\"async\" width=\"150\" height=\"150\" src=\"https:\/\/www.radiopiu.net\/wordpress\/wp-content\/uploads\/2021\/07\/223632354_521710369160341_6050879942847981246_n-150x150.jpg\" class=\"attachment-thumbnail size-thumbnail\" alt=\"\" \/><\/a>\n\t\t\t\t<\/dt><\/dl><dl class='gallery-item'>\n\t\t\t\t<dt class='gallery-icon portrait'>\n\t\t\t\t\t<a class=\"rollover rollover-zoom dt-pswp-item\" title=\"229297368_300975261778812_7283750106835187099_n\" data-dt-img-description=\"\" data-large_image_width=\"151\" data-large_image_height=\"206\"href='https:\/\/www.radiopiu.net\/wordpress\/wp-content\/uploads\/2021\/07\/229297368_300975261778812_7283750106835187099_n.jpg'><img loading=\"lazy\" decoding=\"async\" width=\"150\" height=\"150\" src=\"https:\/\/www.radiopiu.net\/wordpress\/wp-content\/uploads\/2021\/07\/229297368_300975261778812_7283750106835187099_n-150x150.jpg\" class=\"attachment-thumbnail size-thumbnail\" alt=\"\" \/><\/a>\n\t\t\t\t<\/dt><\/dl><dl class='gallery-item'>\n\t\t\t\t<dt class='gallery-icon portrait'>\n\t\t\t\t\t<a class=\"rollover rollover-zoom dt-pswp-item\" title=\"223304163_529069301736972_6531463682667673403_n\" data-dt-img-description=\"\" data-large_image_width=\"168\" data-large_image_height=\"200\"href='https:\/\/www.radiopiu.net\/wordpress\/wp-content\/uploads\/2021\/07\/223304163_529069301736972_6531463682667673403_n.jpg'><img loading=\"lazy\" decoding=\"async\" width=\"150\" height=\"150\" src=\"https:\/\/www.radiopiu.net\/wordpress\/wp-content\/uploads\/2021\/07\/223304163_529069301736972_6531463682667673403_n-150x150.jpg\" class=\"attachment-thumbnail size-thumbnail\" alt=\"\" \/><\/a>\n\t\t\t\t<\/dt><\/dl><dl class='gallery-item'>\n\t\t\t\t<dt class='gallery-icon landscape'>\n\t\t\t\t\t<a class=\"rollover rollover-zoom dt-pswp-item\" title=\"226799461_866089444329661_8743484978798641923_n\" data-dt-img-description=\"\" data-large_image_width=\"278\" data-large_image_height=\"206\"href='https:\/\/www.radiopiu.net\/wordpress\/wp-content\/uploads\/2021\/07\/226799461_866089444329661_8743484978798641923_n.jpg'><img loading=\"lazy\" decoding=\"async\" width=\"150\" height=\"150\" src=\"https:\/\/www.radiopiu.net\/wordpress\/wp-content\/uploads\/2021\/07\/226799461_866089444329661_8743484978798641923_n-150x150.jpg\" class=\"attachment-thumbnail size-thumbnail\" alt=\"\" \/><\/a>\n\t\t\t\t<\/dt><\/dl><br style=\"clear: both\" \/><dl class='gallery-item'>\n\t\t\t\t<dt class='gallery-icon landscape'>\n\t\t\t\t\t<a class=\"rollover rollover-zoom dt-pswp-item\" title=\"223235245_4321622041209622_3437084345273648666_n\" data-dt-img-description=\"\" data-large_image_width=\"276\" data-large_image_height=\"206\"href='https:\/\/www.radiopiu.net\/wordpress\/wp-content\/uploads\/2021\/07\/223235245_4321622041209622_3437084345273648666_n.jpg'><img loading=\"lazy\" decoding=\"async\" width=\"150\" height=\"150\" src=\"https:\/\/www.radiopiu.net\/wordpress\/wp-content\/uploads\/2021\/07\/223235245_4321622041209622_3437084345273648666_n-150x150.jpg\" class=\"attachment-thumbnail size-thumbnail\" alt=\"\" \/><\/a>\n\t\t\t\t<\/dt><\/dl><dl class='gallery-item'>\n\t\t\t\t<dt class='gallery-icon landscape'>\n\t\t\t\t\t<a class=\"rollover rollover-zoom dt-pswp-item\" title=\"217520311_922783671914748_7599282719350008679_n\" data-dt-img-description=\"\" data-large_image_width=\"261\" data-large_image_height=\"201\"href='https:\/\/www.radiopiu.net\/wordpress\/wp-content\/uploads\/2021\/07\/217520311_922783671914748_7599282719350008679_n.jpg'><img loading=\"lazy\" decoding=\"async\" width=\"150\" height=\"150\" src=\"https:\/\/www.radiopiu.net\/wordpress\/wp-content\/uploads\/2021\/07\/217520311_922783671914748_7599282719350008679_n-150x150.jpg\" class=\"attachment-thumbnail size-thumbnail\" alt=\"\" \/><\/a>\n\t\t\t\t<\/dt><\/dl><dl class='gallery-item'>\n\t\t\t\t<dt class='gallery-icon landscape'>\n\t\t\t\t\t<a class=\"rollover rollover-zoom dt-pswp-item\" title=\"226785790_992642631303924_3340588212594060854_n\" data-dt-img-description=\"\" data-large_image_width=\"275\" data-large_image_height=\"206\"href='https:\/\/www.radiopiu.net\/wordpress\/wp-content\/uploads\/2021\/07\/226785790_992642631303924_3340588212594060854_n.jpg'><img loading=\"lazy\" decoding=\"async\" width=\"150\" height=\"150\" src=\"https:\/\/www.radiopiu.net\/wordpress\/wp-content\/uploads\/2021\/07\/226785790_992642631303924_3340588212594060854_n-150x150.jpg\" class=\"attachment-thumbnail size-thumbnail\" alt=\"\" \/><\/a>\n\t\t\t\t<\/dt><\/dl><dl class='gallery-item'>\n\t\t\t\t<dt class='gallery-icon landscape'>\n\t\t\t\t\t<a class=\"rollover rollover-zoom dt-pswp-item\" title=\"224548929_908651869750145_1947756125517888652_n\" data-dt-img-description=\"\" data-large_image_width=\"370\" data-large_image_height=\"199\"href='https:\/\/www.radiopiu.net\/wordpress\/wp-content\/uploads\/2021\/07\/224548929_908651869750145_1947756125517888652_n.jpg'><img loading=\"lazy\" decoding=\"async\" width=\"150\" height=\"150\" src=\"https:\/\/www.radiopiu.net\/wordpress\/wp-content\/uploads\/2021\/07\/224548929_908651869750145_1947756125517888652_n-150x150.jpg\" class=\"attachment-thumbnail size-thumbnail\" alt=\"\" \/><\/a>\n\t\t\t\t<\/dt><\/dl><dl class='gallery-item'>\n\t\t\t\t<dt class='gallery-icon landscape'>\n\t\t\t\t\t<a class=\"rollover rollover-zoom dt-pswp-item\" title=\"223219034_899326383987939_6853619860155695306_n\" data-dt-img-description=\"\" data-large_image_width=\"294\" data-large_image_height=\"206\"href='https:\/\/www.radiopiu.net\/wordpress\/wp-content\/uploads\/2021\/07\/223219034_899326383987939_6853619860155695306_n.jpg'><img loading=\"lazy\" decoding=\"async\" width=\"150\" height=\"150\" src=\"https:\/\/www.radiopiu.net\/wordpress\/wp-content\/uploads\/2021\/07\/223219034_899326383987939_6853619860155695306_n-150x150.jpg\" class=\"attachment-thumbnail size-thumbnail\" alt=\"\" \/><\/a>\n\t\t\t\t<\/dt><\/dl><dl class='gallery-item'>\n\t\t\t\t<dt class='gallery-icon portrait'>\n\t\t\t\t\t<a class=\"rollover rollover-zoom dt-pswp-item\" title=\"225635687_565396374826399_6425888864187886195_n\" data-dt-img-description=\"\" data-large_image_width=\"153\" data-large_image_height=\"206\"href='https:\/\/www.radiopiu.net\/wordpress\/wp-content\/uploads\/2021\/07\/225635687_565396374826399_6425888864187886195_n.jpg'><img loading=\"lazy\" decoding=\"async\" width=\"150\" height=\"150\" src=\"https:\/\/www.radiopiu.net\/wordpress\/wp-content\/uploads\/2021\/07\/225635687_565396374826399_6425888864187886195_n-150x150.jpg\" class=\"attachment-thumbnail size-thumbnail\" alt=\"\" \/><\/a>\n\t\t\t\t<\/dt><\/dl><dl class='gallery-item'>\n\t\t\t\t<dt class='gallery-icon landscape'>\n\t\t\t\t\t<a class=\"rollover rollover-zoom dt-pswp-item\" title=\"226066938_817122518973969_1521956310991100701_n\" data-dt-img-description=\"\" data-large_image_width=\"370\" data-large_image_height=\"199\"href='https:\/\/www.radiopiu.net\/wordpress\/wp-content\/uploads\/2021\/07\/226066938_817122518973969_1521956310991100701_n.jpg'><img loading=\"lazy\" decoding=\"async\" width=\"150\" height=\"150\" src=\"https:\/\/www.radiopiu.net\/wordpress\/wp-content\/uploads\/2021\/07\/226066938_817122518973969_1521956310991100701_n-150x150.jpg\" class=\"attachment-thumbnail size-thumbnail\" alt=\"\" \/><\/a>\n\t\t\t\t<\/dt><\/dl><dl class='gallery-item'>\n\t\t\t\t<dt class='gallery-icon landscape'>\n\t\t\t\t\t<a class=\"rollover rollover-zoom dt-pswp-item\" title=\"225732723_1469069163428051_761235638691790501_n\" data-dt-img-description=\"\" data-large_image_width=\"320\" data-large_image_height=\"205\"href='https:\/\/www.radiopiu.net\/wordpress\/wp-content\/uploads\/2021\/07\/225732723_1469069163428051_761235638691790501_n.jpg'><img loading=\"lazy\" decoding=\"async\" width=\"150\" height=\"150\" src=\"https:\/\/www.radiopiu.net\/wordpress\/wp-content\/uploads\/2021\/07\/225732723_1469069163428051_761235638691790501_n-150x150.jpg\" class=\"attachment-thumbnail size-thumbnail\" alt=\"\" \/><\/a>\n\t\t\t\t<\/dt><\/dl><dl class='gallery-item'>\n\t\t\t\t<dt class='gallery-icon landscape'>\n\t\t\t\t\t<a class=\"rollover rollover-zoom dt-pswp-item\" title=\"225344135_1954892538025219_5480888726901850290_n\" data-dt-img-description=\"\" data-large_image_width=\"275\" data-large_image_height=\"206\"href='https:\/\/www.radiopiu.net\/wordpress\/wp-content\/uploads\/2021\/07\/225344135_1954892538025219_5480888726901850290_n.jpg'><img loading=\"lazy\" decoding=\"async\" width=\"150\" height=\"150\" src=\"https:\/\/www.radiopiu.net\/wordpress\/wp-content\/uploads\/2021\/07\/225344135_1954892538025219_5480888726901850290_n-150x150.jpg\" class=\"attachment-thumbnail size-thumbnail\" alt=\"\" \/><\/a>\n\t\t\t\t<\/dt><\/dl><br style=\"clear: both\" \/>\n\t\t\t<\/div>\n\n<\/div>\n<\/div>\n<div class=\"n00je7tq arfg74bv qs9ysxi8 k77z8yql i09qtzwb n7fi1qx3 b5wmifdl hzruof5a pmk7jnqg j9ispegn kr520xx4 c5ndavph art1omkt ot9fgl3s\" data-visualcompletion=\"ignore\"><\/div>\n<\/div>\n<div class=\"ni8dbmo4 stjgntxs pmk7jnqg\">\n<div class=\"stjgntxs ni8dbmo4\">\n<div class=\"do00u71z ni8dbmo4 stjgntxs l9j0dhe7\">\n<div class=\"pmk7jnqg kr520xx4\"><\/div>\n<\/div>\n<div class=\"hzruof5a opwvks06 linmgsc8 kr520xx4 j9ispegn pmk7jnqg n7fi1qx3 rq0escxv i09qtzwb\"><\/div>\n<\/div>\n<\/div>\n<div class=\"ni8dbmo4 stjgntxs pmk7jnqg\">\n<div class=\"stjgntxs ni8dbmo4\">\n<div class=\"do00u71z ni8dbmo4 stjgntxs l9j0dhe7\">\n<div class=\"pmk7jnqg kr520xx4\"><\/div>\n<\/div>\n<\/div>\n<\/div>\n<\/div>\n<\/div>\n<\/div>\n<\/div>\n<hr \/>\n<h1><span style=\"color: #ff0000;\">\u00a0<\/span><\/h1>\n<h1><span style=\"color: #ff0000;\">IERI ALLA RADIO<\/span><\/h1>\n<h2><strong><a href=\"https:\/\/www.radiopiu.net\/wordpress\/appuntamento-mensile-con-la-piscina-di-agordo\/piscina-agordo-2\/\" rel=\"attachment wp-att-205123\"><img loading=\"lazy\" decoding=\"async\" class=\"size-medium wp-image-205123 alignleft\" src=\"https:\/\/www.radiopiu.net\/wordpress\/wp-content\/uploads\/2021\/04\/PISCINA-AGORDO-300x225.jpg\" alt=\"\" width=\"300\" height=\"225\" srcset=\"https:\/\/www.radiopiu.net\/wordpress\/wp-content\/uploads\/2021\/04\/PISCINA-AGORDO-300x225.jpg 300w, https:\/\/www.radiopiu.net\/wordpress\/wp-content\/uploads\/2021\/04\/PISCINA-AGORDO-1024x768.jpg 1024w, https:\/\/www.radiopiu.net\/wordpress\/wp-content\/uploads\/2021\/04\/PISCINA-AGORDO-768x576.jpg 768w, https:\/\/www.radiopiu.net\/wordpress\/wp-content\/uploads\/2021\/04\/PISCINA-AGORDO-1536x1152.jpg 1536w, https:\/\/www.radiopiu.net\/wordpress\/wp-content\/uploads\/2021\/04\/PISCINA-AGORDO.jpg 1600w\" sizes=\"auto, (max-width: 300px) 100vw, 300px\" \/><\/a><\/strong><span style=\"color: #33cccc;\">LO SPECIALE CON I PROTAGONISTI DELLA PISCINA COMPRENSORIALE DI AGORDO<\/span><\/h2>\n<p><strong>di Claudio Fontanive<\/strong><\/p>\n<p>OSPITI: Roberto Broglio e Cristiana Carazzai<\/p>\n<audio class=\"wp-audio-shortcode\" id=\"audio-224933-10\" preload=\"none\" style=\"width: 100%;\" controls=\"controls\"><source type=\"audio\/mpeg\" src=\"https:\/\/www.radiopiu.net\/wordpress\/wp-content\/uploads\/2021\/07\/piscina-30-giugno.mp3?_=10\" \/><a href=\"https:\/\/www.radiopiu.net\/wordpress\/wp-content\/uploads\/2021\/07\/piscina-30-giugno.mp3\">https:\/\/www.radiopiu.net\/wordpress\/wp-content\/uploads\/2021\/07\/piscina-30-giugno.mp3<\/a><\/audio>\n<p>&nbsp;<\/p>\n<hr \/>\n<p>&nbsp;<\/p>\n<h3><strong>&#8220;I MISTERI DI ALLEGHE DI SERGIO SAVIANE&#8221; ALLA RADIO CON L&#8217;ATTORE ROBERTO FAORO . . . OGNI GIORNO DAL LUNEDI AL VENERDI ALLE 15.30\u00a0\u00a0<\/strong><\/h3>\n<p><em><a href=\"https:\/\/www.radiopiu.net\/wordpress\/i-misteri-di-alleghe-alla-radio\/th-156\/\" rel=\"attachment wp-att-221036\"><img loading=\"lazy\" decoding=\"async\" class=\"wp-image-221036 alignleft\" src=\"https:\/\/www.radiopiu.net\/wordpress\/wp-content\/uploads\/2021\/07\/th-6.jpg\" alt=\"\" width=\"119\" height=\"147\" \/><\/a>&#8220;Piacere, sono Roberto Faoro poliedrico attore, drammaturgo e regista italiano&#8221;. <\/em><\/p>\n<p>Esperienza, professionalit\u00e0 e passione per il mondo dell\u2019arte e della recitazione sono le tre parole chiave che fanno di Roberto Faoro un attore, drammaturgo, regista e formatore molto conosciuto e apprezzato nel territorio delle Dolomiti Bellunesi, ma anche a livello nazionale.<\/p>\n<p><strong>PUNTATA 15 DEL 30 LUGLIO 2021\u00a0<\/strong><\/p>\n<audio class=\"wp-audio-shortcode\" id=\"audio-224933-11\" preload=\"none\" style=\"width: 100%;\" controls=\"controls\"><source type=\"audio\/mpeg\" src=\"https:\/\/www.radiopiu.net\/wordpress\/wp-content\/uploads\/2021\/07\/A_15.mp3?_=11\" \/><a href=\"https:\/\/www.radiopiu.net\/wordpress\/wp-content\/uploads\/2021\/07\/A_15.mp3\">https:\/\/www.radiopiu.net\/wordpress\/wp-content\/uploads\/2021\/07\/A_15.mp3<\/a><\/audio>\n<p>&nbsp;<\/p>\n<blockquote class=\"wp-embedded-content\" data-secret=\"4jD1dfXHEF\"><p><a href=\"https:\/\/www.radiopiu.net\/wordpress\/i-misteri-di-alleghe-di-sergio-saviane-alla-radio-con-lattore-roberto-faoro-il-podcast\/\">&#8220;I MISTERI DI ALLEGHE DI SERGIO SAVIANE&#8221; ALLA RADIO CON L&#8217;ATTORE ROBERTO FAORO &#8211; IL PODCAST<\/a><\/p><\/blockquote>\n<p><iframe loading=\"lazy\" class=\"wp-embedded-content\" sandbox=\"allow-scripts\" security=\"restricted\" style=\"position: absolute; clip: rect(1px, 1px, 1px, 1px);\" title=\"&#8220;&#8220;I MISTERI DI ALLEGHE DI SERGIO SAVIANE&#8221; ALLA RADIO CON L&#8217;ATTORE ROBERTO FAORO &#8211; IL PODCAST&#8221; &#8212; Radio Pi\u00f9\" src=\"https:\/\/www.radiopiu.net\/wordpress\/i-misteri-di-alleghe-di-sergio-saviane-alla-radio-con-lattore-roberto-faoro-il-podcast\/embed\/#?secret=4jD1dfXHEF\" data-secret=\"4jD1dfXHEF\" width=\"600\" height=\"338\" frameborder=\"0\" marginwidth=\"0\" marginheight=\"0\" scrolling=\"no\"><\/iframe><\/p>\n<p>&nbsp;<\/p>\n<hr \/>\n<p>&nbsp;<\/p>\n<div class=\"mkdf-post-text\">\n<div class=\"mkdf-post-text-inner\">\n<div class=\"mkdf-post-text-main\">\n<div class=\"mkdf-post-text\">\n<div class=\"mkdf-post-text-inner\">\n<div class=\"mkdf-post-text-main\">\n<div class=\"mkdf-post-text\">\n<div class=\"mkdf-post-text-inner\">\n<div class=\"mkdf-post-text-main\">\n<div class=\"page-title-head hgroup\">\n<div class=\"page-title-head hgroup\">\n<div class=\"page-title-breadcrumbs\">\n<div class=\"mkdf-post-text\">\n<div class=\"mkdf-post-text-inner\">\n<div class=\"mkdf-post-text-main\">\n<div class=\"mkdf-post-text\">\n<div class=\"mkdf-post-text-inner\">\n<div class=\"mkdf-post-text-main\">\n<div class=\"page-title-head hgroup\">\n<div class=\"page-title-head hgroup\">\n<blockquote>\n<h2><span style=\"color: #800080;\">I PROFESSIONISTI DEL POLIAMBULATORIO AGORDINO RISPONDONO<\/span><\/h2>\n<\/blockquote>\n<blockquote class=\"wp-embedded-content\" data-secret=\"pyGtvDChoG\"><p><a href=\"https:\/\/www.radiopiu.net\/wordpress\/i-professionisti-del-poliambulatorio-agordino-rispondono\/\">I PROFESSIONISTI DEL POLIAMBULATORIO AGORDINO RISPONDONO<\/a><\/p><\/blockquote>\n<p><iframe loading=\"lazy\" class=\"wp-embedded-content\" sandbox=\"allow-scripts\" security=\"restricted\" style=\"position: absolute; clip: rect(1px, 1px, 1px, 1px);\" title=\"&#8220;I PROFESSIONISTI DEL POLIAMBULATORIO AGORDINO RISPONDONO&#8221; &#8212; Radio Pi\u00f9\" src=\"https:\/\/www.radiopiu.net\/wordpress\/i-professionisti-del-poliambulatorio-agordino-rispondono\/embed\/#?secret=pyGtvDChoG\" data-secret=\"pyGtvDChoG\" width=\"600\" height=\"338\" frameborder=\"0\" marginwidth=\"0\" marginheight=\"0\" scrolling=\"no\"><\/iframe><\/p>\n<p>&nbsp;<\/p>\n<p>&nbsp;<\/p>\n<hr \/>\n<p>&nbsp;<\/p>\n<div class=\"page-title-head hgroup\">\n<blockquote>\n<h3 class=\"entry-title\">PLASTIC FREE \u2013 TERZA PUNTATA. L\u2019INTERVISTA A RICCARDO MANCIN, RESPONSABILE VENETO PLASTIC FREE<\/h3>\n<\/blockquote>\n<\/div>\n<div class=\"page-title-breadcrumbs\"><\/div>\n<blockquote class=\"wp-embedded-content\" data-secret=\"pJbaGSYbk2\"><p><a href=\"https:\/\/www.radiopiu.net\/wordpress\/plastic-free-per-un-mondo-senza-plastica\/\">PLASTIC FREE per un mondo senza plastica<\/a><\/p><\/blockquote>\n<p><iframe loading=\"lazy\" class=\"wp-embedded-content\" sandbox=\"allow-scripts\" security=\"restricted\" style=\"position: absolute; clip: rect(1px, 1px, 1px, 1px);\" title=\"&#8220;PLASTIC FREE per un mondo senza plastica&#8221; &#8212; Radio Pi\u00f9\" src=\"https:\/\/www.radiopiu.net\/wordpress\/plastic-free-per-un-mondo-senza-plastica\/embed\/#?secret=pJbaGSYbk2\" data-secret=\"pJbaGSYbk2\" width=\"600\" height=\"338\" frameborder=\"0\" marginwidth=\"0\" marginheight=\"0\" scrolling=\"no\"><\/iframe><\/p>\n<p>&nbsp;<\/p>\n<hr \/>\n<p>&nbsp;<\/p>\n<div class=\"mkdf-post-text\">\n<div class=\"mkdf-post-text-inner\">\n<div class=\"mkdf-post-text-main\">\n<blockquote class=\"wp-embedded-content\" data-secret=\"y5gPjjej11\"><p><a href=\"https:\/\/www.radiopiu.net\/wordpress\/da-ieri-alla-radio-in-palinsesto-loris-e-maurizio-con-la-grande-musica\/\">IL BLUES ALLA RADIO &#8230; COME NON L&#8217;AVETE MAI SENTITO PRIMA<\/a><\/p><\/blockquote>\n<p><iframe loading=\"lazy\" class=\"wp-embedded-content\" sandbox=\"allow-scripts\" security=\"restricted\" style=\"position: absolute; clip: rect(1px, 1px, 1px, 1px);\" title=\"&#8220;IL BLUES ALLA RADIO &#8230; COME NON L&#8217;AVETE MAI SENTITO PRIMA&#8221; &#8212; Radio Pi\u00f9\" src=\"https:\/\/www.radiopiu.net\/wordpress\/da-ieri-alla-radio-in-palinsesto-loris-e-maurizio-con-la-grande-musica\/embed\/#?secret=y5gPjjej11\" data-secret=\"y5gPjjej11\" width=\"600\" height=\"338\" frameborder=\"0\" marginwidth=\"0\" marginheight=\"0\" scrolling=\"no\"><\/iframe><\/p>\n<p>&nbsp;<\/p>\n<hr \/>\n<p>&nbsp;<\/p>\n<h2><strong><span style=\"color: #ff0000;\">QUINDICINALE APPUNTAMENTO ALLA RADIO<\/span><\/strong><\/h2>\n<blockquote>\n<h3><a style=\"font-size: 14px; font-weight: normal;\" href=\"https:\/\/www.radiopiu.net\/wordpress\/giornale-radiopiu-06-febbraio-2019-direttore-mirko-mezzacasa\/logo_spi-cgil-800x445\/\" rel=\"attachment wp-att-75538\"><img loading=\"lazy\" decoding=\"async\" class=\"wp-image-75538 alignleft\" src=\"https:\/\/www.radiopiu.net\/wordpress\/wp-content\/uploads\/2019\/02\/Logo_Spi-CGIL-800x445-300x167.jpg\" alt=\"\" width=\"210\" height=\"117\" srcset=\"https:\/\/www.radiopiu.net\/wordpress\/wp-content\/uploads\/2019\/02\/Logo_Spi-CGIL-800x445-300x167.jpg 300w, https:\/\/www.radiopiu.net\/wordpress\/wp-content\/uploads\/2019\/02\/Logo_Spi-CGIL-800x445-768x427.jpg 768w, https:\/\/www.radiopiu.net\/wordpress\/wp-content\/uploads\/2019\/02\/Logo_Spi-CGIL-800x445.jpg 800w\" sizes=\"auto, (max-width: 210px) 100vw, 210px\" \/><\/a><\/h3>\n<\/blockquote>\n<blockquote>\n<h3>ALLA RADIO, APPUNTAMENTO QUINDICINALE CON SPI-CGIL BELLUNO, IN STUDIO MARIA RITA GENTILIN<\/h3>\n<\/blockquote>\n<p><strong>di Claudio Fontanive\u00a0<\/strong><\/p>\n<p><span style=\"color: #ff0000;\"><strong>PUNTATA DEL\u00a0 22 luglio 2021<br \/>\n<\/strong><\/span><\/p>\n<audio class=\"wp-audio-shortcode\" id=\"audio-224933-12\" preload=\"none\" style=\"width: 100%;\" controls=\"controls\"><source type=\"audio\/mpeg\" src=\"https:\/\/www.radiopiu.net\/wordpress\/wp-content\/uploads\/2021\/07\/spi-cgil-22-luglio.mp3?_=12\" \/><a href=\"https:\/\/www.radiopiu.net\/wordpress\/wp-content\/uploads\/2021\/07\/spi-cgil-22-luglio.mp3\">https:\/\/www.radiopiu.net\/wordpress\/wp-content\/uploads\/2021\/07\/spi-cgil-22-luglio.mp3<\/a><\/audio>\n<p><span style=\"color: #ff0000;\"><strong>\u00a0 \u00a0<\/strong><\/span><\/p>\n<p>&nbsp;<\/p>\n<hr \/>\n<p>&nbsp;<\/p>\n<div class=\"mkdf-post-text\">\n<div class=\"mkdf-post-text-inner\">\n<div class=\"mkdf-post-text-main\">\n<div>\n<div class=\"page-title-head hgroup\">\n<div class=\"page-title-head hgroup\">\n<div class=\"page-title-head hgroup\">\n<div class=\"page-title-head hgroup\">\n<div class=\"b654a4as d2edcug0\">\n<blockquote>\n<blockquote>\n<h2><a href=\"https:\/\/www.radiopiu.net\/wordpress\/speciale-solidarieta-veneto\/solidarieta-veneto-3\/\" rel=\"attachment wp-att-134366\"><img loading=\"lazy\" decoding=\"async\" class=\"wp-image-134366 alignleft\" src=\"https:\/\/www.radiopiu.net\/wordpress\/wp-content\/uploads\/2020\/05\/solidariet\u00e0-veneto-300x210.jpg\" alt=\"\" width=\"102\" height=\"71\" srcset=\"https:\/\/www.radiopiu.net\/wordpress\/wp-content\/uploads\/2020\/05\/solidariet\u00e0-veneto-300x210.jpg 300w, https:\/\/www.radiopiu.net\/wordpress\/wp-content\/uploads\/2020\/05\/solidariet\u00e0-veneto-1024x717.jpg 1024w, https:\/\/www.radiopiu.net\/wordpress\/wp-content\/uploads\/2020\/05\/solidariet\u00e0-veneto-768x538.jpg 768w, https:\/\/www.radiopiu.net\/wordpress\/wp-content\/uploads\/2020\/05\/solidariet\u00e0-veneto.jpg 1373w\" sizes=\"auto, (max-width: 102px) 100vw, 102px\" \/><\/a>SOLIDARIETA&#8217; VENETO FONDO PENSIONE, IN ONDA IL PRIMO VENERDI DEL MESE ALLE 10.30 E ALLE 19.00 QUINTA STAGIONE<\/h2>\n<\/blockquote>\n<h2><strong><span style=\"color: #ff0000;\">AUDIO LUGLIO\u00a0 AGOSTO 2021<\/span><\/strong><\/h2>\n<\/blockquote>\n<audio class=\"wp-audio-shortcode\" id=\"audio-224933-13\" preload=\"none\" style=\"width: 100%;\" controls=\"controls\"><source type=\"audio\/mpeg\" src=\"https:\/\/www.radiopiu.net\/wordpress\/wp-content\/uploads\/2021\/07\/solidarieta-veneto-luglio-agosto.mp3-2021.mp3?_=13\" \/><a href=\"https:\/\/www.radiopiu.net\/wordpress\/wp-content\/uploads\/2021\/07\/solidarieta-veneto-luglio-agosto.mp3-2021.mp3\">https:\/\/www.radiopiu.net\/wordpress\/wp-content\/uploads\/2021\/07\/solidarieta-veneto-luglio-agosto.mp3-2021.mp3<\/a><\/audio>\n<p>&nbsp;<\/p>\n<h2>LA RACCOLTA COMPLETA<\/h2>\n<blockquote class=\"wp-embedded-content\" data-secret=\"yIdRlmMoeP\"><p><a href=\"https:\/\/www.radiopiu.net\/wordpress\/solidarieta-veneto\/\">Solidariet\u00e0 Veneto<\/a><\/p><\/blockquote>\n<p><iframe loading=\"lazy\" class=\"wp-embedded-content\" sandbox=\"allow-scripts\" security=\"restricted\" style=\"position: absolute; clip: rect(1px, 1px, 1px, 1px);\" title=\"&#8220;Solidariet\u00e0 Veneto&#8221; &#8212; Radio Pi\u00f9\" src=\"https:\/\/www.radiopiu.net\/wordpress\/solidarieta-veneto\/embed\/#?secret=yIdRlmMoeP\" data-secret=\"yIdRlmMoeP\" width=\"600\" height=\"338\" frameborder=\"0\" marginwidth=\"0\" marginheight=\"0\" scrolling=\"no\"><\/iframe><\/p>\n<blockquote>\n<h2><\/h2>\n<\/blockquote>\n<p>&nbsp;<\/p>\n<p>&nbsp;<\/p>\n<hr \/>\n<p>&nbsp;<\/p>\n<div>\n<div class=\"b654a4as d2edcug0\">\n<div class=\"rq0escxv hkbzh7o3 jwdofwj8 n8tt0mok r8blr3vg hyh9befq\">\n<p><a class=\"dt-pswp-item\" href=\"https:\/\/www.radiopiu.net\/wordpress\/wp-content\/uploads\/2020\/10\/pp.jpg\" data-dt-img-description=\"\" data-large_image_width=\"640\" data-large_image_height=\"640\"><img loading=\"lazy\" decoding=\"async\" class=\"wp-image-163678 alignleft\" src=\"https:\/\/www.radiopiu.net\/wordpress\/wp-content\/uploads\/2020\/10\/pp-300x300.jpg\" alt=\"\" width=\"106\" height=\"106\" srcset=\"https:\/\/www.radiopiu.net\/wordpress\/wp-content\/uploads\/2020\/10\/pp-300x300.jpg 300w, https:\/\/www.radiopiu.net\/wordpress\/wp-content\/uploads\/2020\/10\/pp-150x150.jpg 150w, https:\/\/www.radiopiu.net\/wordpress\/wp-content\/uploads\/2020\/10\/pp-125x125.jpg 125w, https:\/\/www.radiopiu.net\/wordpress\/wp-content\/uploads\/2020\/10\/pp-200x200.jpg 200w, https:\/\/www.radiopiu.net\/wordpress\/wp-content\/uploads\/2020\/10\/pp-80x80.jpg 80w, https:\/\/www.radiopiu.net\/wordpress\/wp-content\/uploads\/2020\/10\/pp-480x480.jpg 480w, https:\/\/www.radiopiu.net\/wordpress\/wp-content\/uploads\/2020\/10\/pp.jpg 640w\" sizes=\"auto, (max-width: 106px) 100vw, 106px\" \/><\/a><\/p>\n<\/div>\n<\/div>\n<\/div>\n<div>\n<div class=\"page-title-head hgroup\">\n<div class=\"page-title-head hgroup\">\n<div class=\"b654a4as d2edcug0\">\n<div class=\"j83agx80 btwxx1t3 lhclo0ds hop8lmos nkwizq5d scwd0bx6 roh60bw9\">\n<div class=\"rq0escxv hkbzh7o3 jwdofwj8 n8tt0mok r8blr3vg hyh9befq\">\n<div class=\"do00u71z l9j0dhe7 k4urcfbm\">\n<h2><span style=\"color: #000080;\">DON CESARE, IL PENSIERO DEL GIORNO. ALLA RADIO ALLE 7 DEL MATTINO E ALLE 19.30 DELLA SERA.\u00a0\u00a0<\/span><\/h2>\n<\/div>\n<\/div>\n<\/div>\n<div><\/div>\n<div><\/div>\n<\/div>\n<\/div>\n<div class=\"page-title-head hgroup\">\n<audio class=\"wp-audio-shortcode\" id=\"audio-224933-14\" preload=\"none\" style=\"width: 100%;\" controls=\"controls\"><source type=\"audio\/mpeg\" src=\"https:\/\/www.radiopiu.net\/wordpress\/wp-content\/uploads\/2021\/07\/cesare-15.mp3?_=14\" \/><a href=\"https:\/\/www.radiopiu.net\/wordpress\/wp-content\/uploads\/2021\/07\/cesare-15.mp3\">https:\/\/www.radiopiu.net\/wordpress\/wp-content\/uploads\/2021\/07\/cesare-15.mp3<\/a><\/audio>\n<p>&nbsp;<\/p>\n<hr \/>\n<p class=\"b654a4as d2edcug0\"><span style=\"color: #ff6600;\"> \u00a0<\/span><\/p>\n<h2><span style=\"color: #ff6600;\">GIROVAGANDO ALLA RADIO, PUNTATA 09<\/span><\/h2>\n<h2><span style=\"color: #ff0000;\">LA RACCOLTA COMPLETA\u00a0<\/span><\/h2>\n<blockquote class=\"wp-embedded-content\" data-secret=\"ctEb94ODKb\"><p><a href=\"https:\/\/www.radiopiu.net\/wordpress\/girovagando-in-e-bike-tra-le-dolomiti\/\">GIROVAGANDO IN E BIKE TRA LE DOLOMITI<\/a><\/p><\/blockquote>\n<p><iframe loading=\"lazy\" class=\"wp-embedded-content\" sandbox=\"allow-scripts\" security=\"restricted\" style=\"position: absolute; clip: rect(1px, 1px, 1px, 1px);\" title=\"&#8220;GIROVAGANDO IN E BIKE TRA LE DOLOMITI&#8221; &#8212; Radio Pi\u00f9\" src=\"https:\/\/www.radiopiu.net\/wordpress\/girovagando-in-e-bike-tra-le-dolomiti\/embed\/#?secret=ctEb94ODKb\" data-secret=\"ctEb94ODKb\" width=\"600\" height=\"338\" frameborder=\"0\" marginwidth=\"0\" marginheight=\"0\" scrolling=\"no\"><\/iframe><\/p>\n<p>\u200b<\/p>\n<p>\u200b<\/p>\n<\/div>\n<\/div>\n<\/div>\n<\/div>\n<\/div>\n<\/div>\n<\/div>\n<\/div>\n<\/div>\n<\/div>\n<\/div>\n<\/div>\n<\/div>\n<\/div>\n<\/div>\n<\/div>\n<\/div>\n<\/div>\n<\/div>\n<\/div>\n<\/div>\n<\/div>\n<\/div>\n<\/div>\n<div class=\"mkdf-post-text\">\n<div class=\"mkdf-post-text-inner\">\n<div class=\"mkdf-post-text-main\">\n<div class=\"mkdf-post-text\">\n<div class=\"mkdf-post-text-inner\">\n<div class=\"mkdf-post-text-main\">\n<div>\n<div class=\"page-title-head hgroup\">\n<div class=\"page-title-head hgroup\">\n<div class=\"page-title-head hgroup\">\n<div class=\"page-title-head hgroup\">\n<div class=\"b654a4as d2edcug0\">\n<div class=\"page-title-head hgroup\">\n<div class=\"page-title-head hgroup\">\n<p>&nbsp;<\/p>\n<hr \/>\n<div>\n<div class=\"page-title-head hgroup\">\n<div class=\"page-title-head hgroup\">\n<div class=\"b654a4as d2edcug0\">\n<div>\n<p>&nbsp;<\/p>\n<\/div>\n<blockquote>\n<h3>COLLAGE&#8230; DI LORIS SCUSSEL dal lunedi al venerdi alle 16 e alle 23 su RADIO PIU<\/h3>\n<\/blockquote>\n<p><strong>PUNTATA DEL 30 LUGLIO, 400<\/strong><\/p>\n<audio class=\"wp-audio-shortcode\" id=\"audio-224933-15\" preload=\"none\" style=\"width: 100%;\" controls=\"controls\"><source type=\"audio\/mpeg\" src=\"https:\/\/www.radiopiu.net\/wordpress\/wp-content\/uploads\/2021\/07\/Collage-400.mp3?_=15\" \/><a href=\"https:\/\/www.radiopiu.net\/wordpress\/wp-content\/uploads\/2021\/07\/Collage-400.mp3\">https:\/\/www.radiopiu.net\/wordpress\/wp-content\/uploads\/2021\/07\/Collage-400.mp3<\/a><\/audio>\n<p><img loading=\"lazy\" decoding=\"async\" class=\"alignleft\" src=\"https:\/\/www.radiopiu.net\/wordpress\/wp-content\/uploads\/2021\/05\/Schermata-2021-05-23-alle-11.50.11.png\" width=\"186\" height=\"131\" \/><\/p>\n<div>\n<p>Il programma \u00e8 andato in onda da dicembre 2013 fino a luglio 2019, comprese le repliche, in due serie per 350 puntate complessive con 1.890 brani trasmessi. L\u2019obiettivo del programma: riproporre agli ascoltatori pi\u00f9 grandicelli le canzoni che ascoltavano nel passato e nello stesso tempo farle conoscere anche ai pi\u00f9 giovani.<\/p>\n<\/div>\n<div>\n<div>\n<div>\n<div>\n<p>&nbsp;<\/p>\n<\/div>\n<\/div>\n<\/div>\n<\/div>\n<div>\n<div>\n<div>\n<div>\n<p>&nbsp;<\/p>\n<p>&nbsp;<\/p>\n<p>&nbsp;<\/p>\n<p>&nbsp;<\/p>\n<\/div>\n<\/div>\n<\/div>\n<\/div>\n<hr \/>\n<div>\n<div class=\"b654a4as d2edcug0\">\n<div class=\"rq0escxv hkbzh7o3 jwdofwj8 n8tt0mok r8blr3vg hyh9befq\">\n<div class=\"b654a4as d2edcug0\">\n<div class=\"b654a4as d2edcug0\">\n<div>\n<div class=\"b654a4as d2edcug0\">\n<div class=\"rq0escxv hkbzh7o3 jwdofwj8 n8tt0mok r8blr3vg hyh9befq\">\n<div class=\"b654a4as d2edcug0\">\n<h2><\/h2>\n<div class=\"b654a4as d2edcug0\">\n<h2><span style=\"color: #008000;\">ERBE E PIANTE CURATIVE&#8230;IL\u00a0 PROGRAMMA DI PAOLA LANCIATO\u00a0\u00a0<\/span><\/h2>\n<blockquote class=\"wp-embedded-content\" data-secret=\"0uJ0KbAcyj\"><p><a href=\"https:\/\/www.radiopiu.net\/wordpress\/erbavoglio\/\">L&#8217;ERBA VOGLIO DEL GIARDINO DEL RE&#8230; Erbe, fiori e Piante di e con Paola Lanciato<\/a><\/p><\/blockquote>\n<p><iframe loading=\"lazy\" class=\"wp-embedded-content\" sandbox=\"allow-scripts\" security=\"restricted\" style=\"position: absolute; clip: rect(1px, 1px, 1px, 1px);\" title=\"&#8220;L&#8217;ERBA VOGLIO DEL GIARDINO DEL RE&#8230; Erbe, fiori e Piante di e con Paola Lanciato&#8221; &#8212; Radio Pi\u00f9\" src=\"https:\/\/www.radiopiu.net\/wordpress\/erbavoglio\/embed\/#?secret=0uJ0KbAcyj\" data-secret=\"0uJ0KbAcyj\" width=\"600\" height=\"338\" frameborder=\"0\" marginwidth=\"0\" marginheight=\"0\" scrolling=\"no\"><\/iframe><\/p>\n<\/div>\n<p>&nbsp;<\/p>\n<\/div>\n<\/div>\n<\/div>\n<\/div>\n<p>&nbsp;<\/p>\n<\/div>\n<\/div>\n<\/div>\n<\/div>\n<\/div>\n<p>&nbsp;<\/p>\n<hr \/>\n<p>&nbsp;<\/p>\n<div>\n<h2><span style=\"color: #ff0000;\"><strong>IN VIVO VERSO 2020-21 ESTATE, RIASCOLTIAMOLI&#8230; DAL CASSETTO DEI RICORDI DI RADIO PIU&#8217;&#8230; LE PRIME\u00a0 SEI STAGIONI\u00a0 \u00a0<\/strong><\/span><\/h2>\n<div class=\"page-title-head hgroup\">\n<div class=\"page-title-head hgroup\">\n<div class=\"page-title-head hgroup\">\n<div class=\"page-title-head hgroup\">\n<div class=\"page-title-head hgroup\">\n<div class=\"page-title-head hgroup\">\n<blockquote>\n<h3>riascoltiamole, di GIANNI DE COL &#8220;POVERTA&#8217; DELLE STRADE&#8221;<\/h3>\n<p>AUDIO<\/p>\n<audio class=\"wp-audio-shortcode\" id=\"audio-224933-16\" preload=\"none\" style=\"width: 100%;\" controls=\"controls\"><source type=\"audio\/mpeg\" src=\"https:\/\/www.radiopiu.net\/wordpress\/wp-content\/uploads\/2021\/07\/GIANNI-DE-COL-5-POVERTA-DELLE-STRADE.mp3?_=16\" \/><a href=\"https:\/\/www.radiopiu.net\/wordpress\/wp-content\/uploads\/2021\/07\/GIANNI-DE-COL-5-POVERTA-DELLE-STRADE.mp3\">https:\/\/www.radiopiu.net\/wordpress\/wp-content\/uploads\/2021\/07\/GIANNI-DE-COL-5-POVERTA-DELLE-STRADE.mp3<\/a><\/audio>\n<p>&nbsp;<\/p>\n<p><strong>LA RACCOLTA COMPLETA<\/strong><\/p><\/blockquote>\n<\/div>\n<\/div>\n<\/div>\n<\/div>\n<\/div>\n<\/div>\n<blockquote class=\"wp-embedded-content\" data-secret=\"6fS8yUXZou\"><p><a href=\"https:\/\/www.radiopiu.net\/wordpress\/in-vivo-verso\/\">In Vivo Verso<\/a><\/p><\/blockquote>\n<p><iframe loading=\"lazy\" class=\"wp-embedded-content\" sandbox=\"allow-scripts\" security=\"restricted\" style=\"position: absolute; clip: rect(1px, 1px, 1px, 1px);\" title=\"&#8220;In Vivo Verso&#8221; &#8212; Radio Pi\u00f9\" src=\"https:\/\/www.radiopiu.net\/wordpress\/in-vivo-verso\/embed\/#?secret=6fS8yUXZou\" data-secret=\"6fS8yUXZou\" width=\"600\" height=\"338\" frameborder=\"0\" marginwidth=\"0\" marginheight=\"0\" scrolling=\"no\"><\/iframe><\/p>\n<p>&nbsp;<\/p>\n<hr \/>\n<\/div>\n<blockquote>\n<blockquote>\n<h2><\/h2>\n<\/blockquote>\n<\/blockquote>\n<div>\n<div class=\"b654a4as d2edcug0\">\n<div class=\"rq0escxv hkbzh7o3 jwdofwj8 n8tt0mok r8blr3vg hyh9befq\">\n<blockquote>\n<h2><span style=\"color: #ff0000;\"><em>ZAINO ALLA RADIO&#8230;ESTATE DI PAOLA LANCIATO\u00a0<\/em><\/span><\/h2>\n<p><strong>LA RACCOLTA COMPLETA\u00a0<\/strong><\/p><\/blockquote>\n<blockquote class=\"wp-embedded-content\" data-secret=\"ZhEoA5XeMV\"><p><a href=\"https:\/\/www.radiopiu.net\/wordpress\/zaino-femminile-lanciato\/\">Zaino da viaggio al femminile<\/a><\/p><\/blockquote>\n<p><iframe loading=\"lazy\" class=\"wp-embedded-content\" sandbox=\"allow-scripts\" security=\"restricted\" style=\"position: absolute; clip: rect(1px, 1px, 1px, 1px);\" title=\"&#8220;Zaino da viaggio al femminile&#8221; &#8212; Radio Pi\u00f9\" src=\"https:\/\/www.radiopiu.net\/wordpress\/zaino-femminile-lanciato\/embed\/#?secret=ZhEoA5XeMV\" data-secret=\"ZhEoA5XeMV\" width=\"600\" height=\"338\" frameborder=\"0\" marginwidth=\"0\" marginheight=\"0\" scrolling=\"no\"><\/iframe><\/p>\n<p>&nbsp;<\/p>\n<\/div>\n<\/div>\n<\/div>\n<hr \/>\n<div><\/div>\n<div>\n<div class=\"page-title-head hgroup\">\n<div class=\"page-title-head hgroup\">\n<div class=\"page-title-head hgroup\">\n<div class=\"page-title-head hgroup\">\n<div class=\"page-title-head hgroup\">\n<div>\n<div class=\"b654a4as d2edcug0\">\u00a0 \u00a0 \u00a0<strong style=\"color: #800080;\">LA RASSEGNA STAMPA DA L&#8217;AMICO DEL POPOLO\u00a0<\/strong><\/div>\n<\/div>\n<\/div>\n<\/div>\n<\/div>\n<\/div>\n<\/div>\n<\/div>\n<div>\n<div>\n<div>\n<div class=\"page-title-head hgroup\">\n<div class=\"page-title-head hgroup\">\n<div class=\"page-title-head hgroup\">\n<div class=\"page-title-head hgroup\">\n<div class=\"b654a4as d2edcug0\">\n<div class=\"page-title-head hgroup\">\n<div class=\"page-title-head hgroup\">\n<div class=\"page-title-head hgroup\">\n<div class=\"page-title-head hgroup\">\n<div class=\"b654a4as d2edcug0\">\n<div>\n<h3 class=\"kvgmc6g5 cxmmr5t8 oygrvhab hcukyx3x c1et5uql\"><span style=\"color: #0000ff;\"> INFORMAZIONE il canale su TELEGRAM informazione di prima mano e in tempo reale. iscriviti ed aiutaci a farlo conoscere\u00a0\u00a0<\/span><\/h3>\n<p><strong><a href=\"https:\/\/www.radiopiu.net\/wordpress\/treno-delle-dolomiti-il-presidente-dellunione-montana-agordina-pensa-di-coinvolgere-i-sindaci-prima-di-iviare-documenti-in-provincia\/michele-costa-12\/\" rel=\"attachment wp-att-208023\"><img loading=\"lazy\" decoding=\"async\" class=\" wp-image-208023 alignleft\" src=\"https:\/\/www.radiopiu.net\/wordpress\/wp-content\/uploads\/2021\/05\/MICHELE-COSTA-300x300.png\" alt=\"\" width=\"105\" height=\"104\" srcset=\"https:\/\/www.radiopiu.net\/wordpress\/wp-content\/uploads\/2021\/05\/MICHELE-COSTA-300x300.png 300w, https:\/\/www.radiopiu.net\/wordpress\/wp-content\/uploads\/2021\/05\/MICHELE-COSTA-1024x1024.png 1024w, https:\/\/www.radiopiu.net\/wordpress\/wp-content\/uploads\/2021\/05\/MICHELE-COSTA-150x150.png 150w, https:\/\/www.radiopiu.net\/wordpress\/wp-content\/uploads\/2021\/05\/MICHELE-COSTA-768x768.png 768w, https:\/\/www.radiopiu.net\/wordpress\/wp-content\/uploads\/2021\/05\/MICHELE-COSTA.png 1378w\" sizes=\"auto, (max-width: 105px) 100vw, 105px\" \/><\/a>di Gianni Santomaso<\/strong><\/p>\n<p>OSPITE: Michele Costa Presidente Unione Montana Agordina<\/p>\n<audio class=\"wp-audio-shortcode\" id=\"audio-224933-17\" preload=\"none\" style=\"width: 100%;\" controls=\"controls\"><source type=\"audio\/mpeg\" src=\"https:\/\/www.radiopiu.net\/wordpress\/wp-content\/uploads\/2021\/07\/RASSEGNA-GIANNI-3.mp3?_=17\" \/><a href=\"https:\/\/www.radiopiu.net\/wordpress\/wp-content\/uploads\/2021\/07\/RASSEGNA-GIANNI-3.mp3\">https:\/\/www.radiopiu.net\/wordpress\/wp-content\/uploads\/2021\/07\/RASSEGNA-GIANNI-3.mp3<\/a><\/audio>\n<blockquote class=\"wp-embedded-content\" data-secret=\"Y5WU0lHwJF\"><p><a href=\"https:\/\/www.radiopiu.net\/wordpress\/rassegna-stampa-di-gianni-santomaso\/\">Rassegna stampa da l&#8217;amico del popolo &#8211; di Gianni Santomaso<\/a><\/p><\/blockquote>\n<p><iframe loading=\"lazy\" class=\"wp-embedded-content\" sandbox=\"allow-scripts\" security=\"restricted\" style=\"position: absolute; clip: rect(1px, 1px, 1px, 1px);\" title=\"&#8220;Rassegna stampa da l&#8217;amico del popolo &#8211; di Gianni Santomaso&#8221; &#8212; Radio Pi\u00f9\" src=\"https:\/\/www.radiopiu.net\/wordpress\/rassegna-stampa-di-gianni-santomaso\/embed\/#?secret=Y5WU0lHwJF\" data-secret=\"Y5WU0lHwJF\" width=\"600\" height=\"338\" frameborder=\"0\" marginwidth=\"0\" marginheight=\"0\" scrolling=\"no\"><\/iframe><\/p>\n<p>&nbsp;<\/p>\n<hr \/>\n<p>&nbsp;<\/p>\n<h2><span style=\"color: #3366ff;\">SALUTE E SOCIETA&#8217;<\/span><\/h2>\n<p><strong>LA PUNTATA DELLA SETTIMANA del 26 LUGLIO<\/strong><\/p>\n<h3>Tralokinumab, nuova opzione terapeutica per i pazienti adulti affetti da dermatite atopica<\/h3>\n<p><img loading=\"lazy\" decoding=\"async\" class=\"alignleft\" src=\"https:\/\/www.radiopiu.net\/wordpress\/wp-content\/uploads\/2021\/07\/WhatsApp-Image-2021-07-26-at-09.43.41.jpeg\" width=\"219\" height=\"123\" \/>Approvato dalla Commissione Europea tralokinumab, nuova opzione terapeutica per i pazienti adulti affetti da dermatite atopica da moderata a severa. Una notizia importante per i milioni di persone che vivono con questa malattia della pelle cronica, infiammatoria, caratterizzata da prurito intenso e lesioni cutanee. Antonella Pitrelli ne ha parlato con Giovanni Pellacani, Professore ordinario e Direttore clinica dermatologica universit\u00e0 La Sapienza Roma<\/p>\n<audio class=\"wp-audio-shortcode\" id=\"audio-224933-18\" preload=\"none\" style=\"width: 100%;\" controls=\"controls\"><source type=\"audio\/mpeg\" src=\"https:\/\/www.radiopiu.net\/wordpress\/wp-content\/uploads\/2021\/07\/SALUTE-4.mp3?_=18\" \/><a href=\"https:\/\/www.radiopiu.net\/wordpress\/wp-content\/uploads\/2021\/07\/SALUTE-4.mp3\">https:\/\/www.radiopiu.net\/wordpress\/wp-content\/uploads\/2021\/07\/SALUTE-4.mp3<\/a><\/audio>\n<p><strong>LA RACCOLTA COMPLETA<\/strong><\/p>\n<\/div>\n<div dir=\"auto\">\n<blockquote class=\"wp-embedded-content\" data-secret=\"Ajh54rs4AV\"><p><a href=\"https:\/\/www.radiopiu.net\/wordpress\/saluteesocieta\/\">Salute e Societ\u00e0<\/a><\/p><\/blockquote>\n<p><iframe loading=\"lazy\" class=\"wp-embedded-content\" sandbox=\"allow-scripts\" security=\"restricted\" style=\"position: absolute; clip: rect(1px, 1px, 1px, 1px);\" title=\"&#8220;Salute e Societ\u00e0&#8221; &#8212; Radio Pi\u00f9\" src=\"https:\/\/www.radiopiu.net\/wordpress\/saluteesocieta\/embed\/#?secret=Ajh54rs4AV\" data-secret=\"Ajh54rs4AV\" width=\"600\" height=\"338\" frameborder=\"0\" marginwidth=\"0\" marginheight=\"0\" scrolling=\"no\"><\/iframe><\/p>\n<\/div>\n<div dir=\"auto\">\n<h1><\/h1>\n<\/div>\n<div>\n<div class=\"page-title-head hgroup\">\n<div class=\"page-title-head hgroup\">\n<div class=\"page-title-head hgroup\">\n<div>\n<div class=\"b654a4as d2edcug0\">\n<div class=\"rq0escxv hkbzh7o3 jwdofwj8 n8tt0mok r8blr3vg hyh9befq\">\n<hr \/>\n<\/div>\n<\/div>\n<\/div>\n<div>\n<div class=\"page-title-head hgroup\">\n<div class=\"page-title-head hgroup\">\n<div>\n<div class=\"b654a4as d2edcug0\">\n<p>&nbsp;<\/p>\n<blockquote>\n<h3><img loading=\"lazy\" decoding=\"async\" class=\"alignleft\" src=\"https:\/\/www.radiopiu.net\/wordpress\/wp-content\/uploads\/2021\/06\/fresh-flower-leaves-saffron-white-background-place-your-text-use-saffron-spice-cooking-cosmetology_347372-394.jpeg\" width=\"141\" height=\"94\" \/>L&#8217;ALMANACCO LADINO CON L&#8217;ISTITUT CESA DE JAN QUINDICINALE APPUNTAMENTO. LA DOMENICA ALLE 9 IL LUNEDI ALLE 8.35 IL MARTEDI ALLE 12.35 IL MERCOLEDI ALLE 18.35. SECONDA STAGIONE.<\/h3>\n<\/blockquote>\n<p><strong>RACCOLTA COMPLETA\u00a0<\/strong><\/p>\n<blockquote class=\"wp-embedded-content\" data-secret=\"hVV5xDAhIW\"><p><a href=\"https:\/\/www.radiopiu.net\/wordpress\/almanacco-ladino\/\">Almanacco Ladino<\/a><\/p><\/blockquote>\n<p><iframe loading=\"lazy\" class=\"wp-embedded-content\" sandbox=\"allow-scripts\" security=\"restricted\" style=\"position: absolute; clip: rect(1px, 1px, 1px, 1px);\" title=\"&#8220;Almanacco Ladino&#8221; &#8212; Radio Pi\u00f9\" src=\"https:\/\/www.radiopiu.net\/wordpress\/almanacco-ladino\/embed\/#?secret=hVV5xDAhIW\" data-secret=\"hVV5xDAhIW\" width=\"600\" height=\"338\" frameborder=\"0\" marginwidth=\"0\" marginheight=\"0\" scrolling=\"no\"><\/iframe><\/p>\n<div dir=\"auto\"><\/div>\n<\/div>\n<div>\n<p>&nbsp;<\/p>\n<hr \/>\n<h2><span style=\"color: #808000;\">DUE MINUTI UN LIBRO\u00a0 TUTTI I GIORNI ALLA RADIO ALLE 9.30 E ALLE 18. QUINTA STAGIONE\u00a0 \u00a0<\/span><\/h2>\n<blockquote class=\"wp-embedded-content\" data-secret=\"NoK7XDwGy2\"><p><a href=\"https:\/\/www.radiopiu.net\/wordpress\/riconosci-e-guarisci-te-stesso\/\">RICONOSCI E GUARISCI TE STESSO<\/a><\/p><\/blockquote>\n<p><iframe loading=\"lazy\" class=\"wp-embedded-content\" sandbox=\"allow-scripts\" security=\"restricted\" style=\"position: absolute; clip: rect(1px, 1px, 1px, 1px);\" title=\"&#8220;RICONOSCI E GUARISCI TE STESSO&#8221; &#8212; Radio Pi\u00f9\" src=\"https:\/\/www.radiopiu.net\/wordpress\/riconosci-e-guarisci-te-stesso\/embed\/#?secret=NoK7XDwGy2\" data-secret=\"NoK7XDwGy2\" width=\"600\" height=\"338\" frameborder=\"0\" marginwidth=\"0\" marginheight=\"0\" scrolling=\"no\"><\/iframe><\/p>\n<\/div>\n<div>\n<p><strong>LA RACCOLTA COMPLETA\u00a0\u00a0<\/strong><\/p>\n<blockquote class=\"wp-embedded-content\" data-secret=\"Mzehh0ICLp\"><p><a href=\"https:\/\/www.radiopiu.net\/wordpress\/due-minuti-un-libro\/\">Due minuti un libro<\/a><\/p><\/blockquote>\n<p><iframe loading=\"lazy\" class=\"wp-embedded-content\" sandbox=\"allow-scripts\" security=\"restricted\" style=\"position: absolute; clip: rect(1px, 1px, 1px, 1px);\" title=\"&#8220;Due minuti un libro&#8221; &#8212; Radio Pi\u00f9\" src=\"https:\/\/www.radiopiu.net\/wordpress\/due-minuti-un-libro\/embed\/#?secret=Mzehh0ICLp\" data-secret=\"Mzehh0ICLp\" width=\"600\" height=\"338\" frameborder=\"0\" marginwidth=\"0\" marginheight=\"0\" scrolling=\"no\"><\/iframe><\/p>\n<p>&nbsp;<\/p>\n<hr \/>\n<p>\u200b<\/p>\n<div>\n<h2><span style=\"color: #33cccc;\">I RACCONTI DI PAOLO SOPPELSA il lunedi alle 9.30 e 18.30<\/span><\/h2>\n<p>&nbsp;<\/p>\n<blockquote class=\"wp-embedded-content\" data-secret=\"F9kxevfMCj\"><p><a href=\"https:\/\/www.radiopiu.net\/wordpress\/i-racconti-di-paolo-soppelsa\/\">I racconti di Paolo Soppelsa<\/a><\/p><\/blockquote>\n<p><iframe loading=\"lazy\" class=\"wp-embedded-content\" sandbox=\"allow-scripts\" security=\"restricted\" style=\"position: absolute; clip: rect(1px, 1px, 1px, 1px);\" title=\"&#8220;I racconti di Paolo Soppelsa&#8221; &#8212; Radio Pi\u00f9\" src=\"https:\/\/www.radiopiu.net\/wordpress\/i-racconti-di-paolo-soppelsa\/embed\/#?secret=F9kxevfMCj\" data-secret=\"F9kxevfMCj\" width=\"600\" height=\"338\" frameborder=\"0\" marginwidth=\"0\" marginheight=\"0\" scrolling=\"no\"><\/iframe><\/p>\n<p>&nbsp;<\/p>\n<\/div>\n<\/div>\n<hr \/>\n<p>&nbsp;<\/p>\n<h2><strong><span style=\"color: #ff0000;\">ALLA RADIO<\/span><\/strong><\/h2>\n<div data-offset-key=\"5n5nl-0-0\">\n<h3>Per ricevere gli aggiornamenti in tempo reale delle notizie pubblicate alla radio e sul sito di radio pi\u00f9 iscriviti al gruppo RADIO PIU INFORMAZIONE su Telegram.\u00a0\u00a0<a href=\"https:\/\/t.me\/radiopiu\">clicca qui<\/a><\/h3>\n<p>&nbsp;<\/p>\n<\/div>\n<blockquote><p><strong><a href=\"https:\/\/www.radiopiu.net\/wordpress\/cassa-solidarieta-luxottica-puntata-del-19-giugno-2020\/cslxo-2\/\" rel=\"attachment wp-att-145244\"><img loading=\"lazy\" decoding=\"async\" class=\"size-medium wp-image-145244 alignleft\" src=\"https:\/\/www.radiopiu.net\/wordpress\/wp-content\/uploads\/2020\/06\/cassa-solidarieta-luxottica-300x148.jpg\" alt=\"\" width=\"300\" height=\"148\" srcset=\"https:\/\/www.radiopiu.net\/wordpress\/wp-content\/uploads\/2020\/06\/cassa-solidarieta-luxottica-300x148.jpg 300w, https:\/\/www.radiopiu.net\/wordpress\/wp-content\/uploads\/2020\/06\/cassa-solidarieta-luxottica-1024x504.jpg 1024w, https:\/\/www.radiopiu.net\/wordpress\/wp-content\/uploads\/2020\/06\/cassa-solidarieta-luxottica-768x378.jpg 768w, https:\/\/www.radiopiu.net\/wordpress\/wp-content\/uploads\/2020\/06\/cassa-solidarieta-luxottica.jpg 1167w\" sizes=\"auto, (max-width: 300px) 100vw, 300px\" \/><\/a>di Claudio Fontanive<\/strong><\/p>\n<p>OSPITI: Paolo Chissal\u00e8 e Fabrizio Campedel<\/p>\n<p>&nbsp;<\/p>\n<p>&nbsp;<\/p><\/blockquote>\n<h2><\/h2>\n<p><strong>LA PUNTATA DEL 16 LUGLIO 2021\u00a0<\/strong><\/p>\n<audio class=\"wp-audio-shortcode\" id=\"audio-224933-19\" preload=\"none\" style=\"width: 100%;\" controls=\"controls\"><source type=\"audio\/mpeg\" src=\"https:\/\/www.radiopiu.net\/wordpress\/wp-content\/uploads\/2021\/07\/ca-sol-lux-luglio-2021.mp3?_=19\" \/><a href=\"https:\/\/www.radiopiu.net\/wordpress\/wp-content\/uploads\/2021\/07\/ca-sol-lux-luglio-2021.mp3\">https:\/\/www.radiopiu.net\/wordpress\/wp-content\/uploads\/2021\/07\/ca-sol-lux-luglio-2021.mp3<\/a><\/audio>\n<blockquote class=\"wp-embedded-content\" data-secret=\"3y47LttdJm\"><p><a href=\"https:\/\/www.radiopiu.net\/wordpress\/cassa-solidarieta-luxottica-puntata-del-16-ottobre-2020\/\">CASSA SOLIDARIET\u00c0 LUXOTTICA &#8211; TUTTE LE PUNTATE<\/a><\/p><\/blockquote>\n<p><iframe loading=\"lazy\" class=\"wp-embedded-content\" sandbox=\"allow-scripts\" security=\"restricted\" style=\"position: absolute; clip: rect(1px, 1px, 1px, 1px);\" title=\"&#8220;CASSA SOLIDARIET\u00c0 LUXOTTICA &#8211; TUTTE LE PUNTATE&#8221; &#8212; Radio Pi\u00f9\" src=\"https:\/\/www.radiopiu.net\/wordpress\/cassa-solidarieta-luxottica-puntata-del-16-ottobre-2020\/embed\/#?secret=3y47LttdJm\" data-secret=\"3y47LttdJm\" width=\"600\" height=\"338\" frameborder=\"0\" marginwidth=\"0\" marginheight=\"0\" scrolling=\"no\"><\/iframe><\/p>\n<div>\n<p>&nbsp;<\/p>\n<\/div>\n<\/div>\n<div class=\"page-title-head hgroup\">\n<div>\n<div class=\"b654a4as d2edcug0\">\n<hr \/>\n<\/div>\n<\/div>\n<p>&nbsp;<\/p>\n<p><a href=\"https:\/\/www.radiopiu.net\/wordpress\/giornale-radiopiu-26-settembre-2018-direttore-mirko-mezzacasa\/viabilita-2\/\" rel=\"attachment wp-att-61954\"><img loading=\"lazy\" decoding=\"async\" class=\"wp-image-61954 size-full aligncenter\" src=\"https:\/\/www.radiopiu.net\/wordpress\/wp-content\/uploads\/2018\/09\/viabilita.jpeg\" alt=\"\" width=\"800\" height=\"100\" srcset=\"https:\/\/www.radiopiu.net\/wordpress\/wp-content\/uploads\/2018\/09\/viabilita.jpeg 800w, https:\/\/www.radiopiu.net\/wordpress\/wp-content\/uploads\/2018\/09\/viabilita-300x38.jpeg 300w, https:\/\/www.radiopiu.net\/wordpress\/wp-content\/uploads\/2018\/09\/viabilita-768x96.jpeg 768w\" sizes=\"auto, (max-width: 800px) 100vw, 800px\" \/><\/a><\/p>\n<blockquote><p><a href=\"https:\/\/www.radiopiu.net\/wordpress\/giornale-radiopiu-09-agosto-2018-direttore-mirko-mezzacasa\/viabilia\/\" rel=\"attachment wp-att-57053\"><img loading=\"lazy\" decoding=\"async\" class=\" wp-image-57053 alignleft\" src=\"https:\/\/www.radiopiu.net\/wordpress\/wp-content\/uploads\/2018\/08\/VIABILIA-300x180.jpeg\" alt=\"\" width=\"220\" height=\"132\" srcset=\"https:\/\/www.radiopiu.net\/wordpress\/wp-content\/uploads\/2018\/08\/VIABILIA-300x180.jpeg 300w, https:\/\/www.radiopiu.net\/wordpress\/wp-content\/uploads\/2018\/08\/VIABILIA-768x461.jpeg 768w, https:\/\/www.radiopiu.net\/wordpress\/wp-content\/uploads\/2018\/08\/VIABILIA-1024x614.jpeg 1024w, https:\/\/www.radiopiu.net\/wordpress\/wp-content\/uploads\/2018\/08\/VIABILIA.jpeg 1280w\" sizes=\"auto, (max-width: 220px) 100vw, 220px\" \/><\/a><\/p><\/blockquote>\n<\/div>\n<\/div>\n<\/div>\n<\/div>\n<\/div>\n<\/div>\n<\/div>\n<\/div>\n<div>\n<div>\n<div class=\"page-title-head hgroup\">\n<div class=\"page-title-head hgroup\">\n<div class=\"page-title-head hgroup\">\n<div class=\"page-title-head hgroup\">\n<div class=\"page-title-head hgroup\">\n<div class=\"page-title-head hgroup\">\n<blockquote><p>La viabilit\u00e0 con gli ultimi aggiornamenti<\/p><\/blockquote>\n<\/div>\n<\/div>\n<\/div>\n<\/div>\n<\/div>\n<\/div>\n<\/div>\n<div><\/div>\n<div><\/div>\n<div>\n<div>\n<div class=\"page-title-head hgroup\">\n<audio class=\"wp-audio-shortcode\" id=\"audio-224933-20\" preload=\"none\" style=\"width: 100%;\" controls=\"controls\"><source type=\"audio\/mpeg\" src=\"https:\/\/www.radiopiu.net\/wordpress\/wp-content\/uploads\/2021\/07\/VIABILITA-9.mp3?_=20\" \/><a href=\"https:\/\/www.radiopiu.net\/wordpress\/wp-content\/uploads\/2021\/07\/VIABILITA-9.mp3\">https:\/\/www.radiopiu.net\/wordpress\/wp-content\/uploads\/2021\/07\/VIABILITA-9.mp3<\/a><\/audio>\n<\/div>\n<\/div>\n<\/div>\n<\/div>\n<\/div>\n<\/div>\n<\/div>\n<\/div>\n<\/div>\n<\/div>\n<\/div>\n<\/div>\n<\/div>\n<\/div>\n<\/div>\n<div>\n<div class=\"page-title-head hgroup\">\n<div class=\"page-title-head hgroup\">\n<div class=\"page-title-head hgroup\">\n<div class=\"page-title-head hgroup\">\n<div class=\"b654a4as d2edcug0\">\n<div>\n<div class=\"page-title-head hgroup\" style=\"text-align: left;\">\n<div class=\"page-title-head hgroup\">\n<div dir=\"auto\">\n<div style=\"text-align: left;\"><\/div>\n<\/div>\n<\/div>\n<\/div>\n<\/div>\n<\/div>\n<\/div>\n<\/div>\n<\/div>\n<\/div>\n<\/div>\n<\/div>\n<div><\/div>\n<div>\n<div>\n<div class=\"page-title-head hgroup\">\n<p>&nbsp;<\/p>\n<hr \/>\n<p>&nbsp;<\/p>\n<\/div>\n<\/div>\n<\/div>\n<\/div>\n<\/div>\n<\/div>\n<\/div>\n<\/div>\n<\/div>\n<\/div>\n<\/div>\n<\/div>\n<\/div>\n<\/div>\n<\/div>\n<\/div>\n<div>\n<div class=\"page-title-head hgroup\">\n<div class=\"page-title-head hgroup\">\n<div>\n<div class=\"page-title-head hgroup\">\n<div class=\"page-title-head hgroup\">\n<div class=\"b654a4as d2edcug0\">\n<div>\n<div>\n<div>\n<div class=\"page-title-head hgroup\">\n<p>&nbsp;<\/p>\n<\/div>\n<\/div>\n<\/div>\n<\/div>\n<div>\n<div class=\"page-title-head hgroup\" style=\"text-align: left;\">\n<div class=\"page-title-head hgroup\">\n<div dir=\"auto\">\n<p><a class=\"dt-pswp-item pspw-wrap-ready\" href=\"https:\/\/i0.wp.com\/www.radiopiu.net\/wordpress\/wp-content\/uploads\/2018\/09\/WhatsApp-Image-2018-09-20-at-16.04.06.jpeg?ssl=1\" data-dt-img-description=\"\" data-large_image_width=\"800\" data-large_image_height=\"100\"><img loading=\"lazy\" decoding=\"async\" class=\"aligncenter wp-image-61378 size-full jetpack-lazy-image jetpack-lazy-image--handled\" src=\"https:\/\/i0.wp.com\/www.radiopiu.net\/wordpress\/wp-content\/uploads\/2018\/09\/WhatsApp-Image-2018-09-20-at-16.04.06.jpeg?resize=800%2C100&amp;ssl=1\" sizes=\"auto, (max-width: 800px) 100vw, 800px\" srcset=\"https:\/\/i0.wp.com\/www.radiopiu.net\/wordpress\/wp-content\/uploads\/2018\/09\/WhatsApp-Image-2018-09-20-at-16.04.06.jpeg?w=800&amp;ssl=1 800w, https:\/\/i0.wp.com\/www.radiopiu.net\/wordpress\/wp-content\/uploads\/2018\/09\/WhatsApp-Image-2018-09-20-at-16.04.06.jpeg?resize=300%2C38&amp;ssl=1 300w, https:\/\/i0.wp.com\/www.radiopiu.net\/wordpress\/wp-content\/uploads\/2018\/09\/WhatsApp-Image-2018-09-20-at-16.04.06.jpeg?resize=768%2C96&amp;ssl=1 768w\" alt=\"\" width=\"800\" height=\"100\" data-lazy-loaded=\"1\" \/><\/a><\/p>\n<p style=\"text-align: left;\">\n<\/div>\n<\/div>\n<\/div>\n<\/div>\n<\/div>\n<\/div>\n<\/div>\n<\/div>\n<\/div>\n<\/div>\n<\/div>\n<\/div>\n<\/div>\n<\/div>\n<\/div>\n<\/div>\n<\/div>\n<\/div>\n<\/div>\n<\/div>\n<\/div>\n<\/div>\n<\/div>\n<\/div>\n<\/div>\n<\/div>\n<\/div>\n<\/div>\n<p><center><b>Sabato 31<\/b><\/center><b>Tempo atteso: <\/b>Al mattino ancora ben soleggiato con temporaneo transito di sottili nubi. Dalle ore centrali crescente attivit\u00e0 cumuliforme con graduale riduzione del soleggiamento e comparsa di addensamenti, la cui crescita aumenter\u00e0, assieme al rischio di fenomeni convettivi, dapprima sulle Dolomiti, successivamente sulle Prealpi. Il contesto termico rimarr\u00e0 estivo, nonostante il deficit di sole e il contesto pomeridiano e serale parzialmente instabile.<br \/>\n<b>Precipitazioni: <\/b>Fino alla tarda mattinata probabilit\u00e0 bassa (0%). Al primo pomeriggio eventuali primi locali piovaschi o isolati temporali (20-30%) sulle Dolomiti, seguiti da una fase pi\u00f9 instabile nel tardo pomeriggio\/sera (70\/80%), in estensione alla Prealpi. Non esclusi temporali localmente forti e grandinigeni. Gli apporti saranno molto variabili (5-50 mm).<br \/>\n<b>Temperature: <\/b>In leggera flessione, eccetto aumento delle minime nelle valli. Sono previste punte di 26\/28\u00b0C nei fondovalle prealpini e di 21\/23\u00b0C a 1000\/1200 m. Su Prealpi a 1500 m min 12\u00b0C max 16\u00b0C, a 2000 m min 10\u00b0C max 14\u00b0C. Su Dolomiti a 2000 m min 9\u00b0C max 15\u00b0C, a 3000 m min 4\u00b0C max 5\u00b0C.<br \/>\n<b>Venti: <\/b>Nelle valli deboli di direzione variabile, con locali rinforzi per forti raffiche nelle fasi temporalesche; in quota moderati\/tesi da sud-ovest, a 10-20 km\/h a 2000 m e 25-35 km\/h a 3000 m.<\/p>\n<hr \/>\n<p><center><b>Domenica 1<\/b><\/center><b>Tempo atteso: <\/b>Nella notte ed al mattino cielo molto nuvoloso con fase instabile. Dalle ore centrali in poi probabile intervallo di variabilit\u00e0 con pause senza fenomeni e schiarite, prima di nuovi annuvolamenti irregolari e di una parziale ripresa dell&#8217;instabilit\u00e0. L&#8217;arrivo di aria un po&#8217; pi\u00f9 fredda in quota e l&#8217;instabilit\u00e0 determineranno una certa freschezza termica nelle valli e un ambiente quasi freddo sulle vette dolomitiche pi\u00f9 alte.<br \/>\n<b>Precipitazioni: <\/b>Nottetempo e al mattino probabilit\u00e0 molto alta (80\/90%) di precipitazioni a carattere di rovescio e temporale. Dalle ore centrali in poi minore rischio di fenomeni e si tratter\u00e0 perlopi\u00f9 di residui e sporadici piovaschi o rovesci (30\/40%), eventualmente temporaleschi sulle Prealpi e la pedemontana in caso di schiarite. Fenomeni in esaurimento nel tardo pomeriggio\/sera.<br \/>\n<b>Temperature: <\/b>In ulteriore generale lieve calo con minime alla sera. Sono previste punte di 23\/24\u00b0C nei fondovalle prealpini e di 18\/20\u00b0C a 1000\/1200 m. Su Prealpi a 1500 m min 10\u00b0C max 14\u00b0C, a 2000 m min 9\u00b0C max 11\u00b0C. Su Dolomiti a 2000 m min 7\u00b0C max 11\u00b0C, a 3000 m min 2\u00b0C max 4\u00b0C.<br \/>\n<b>Venti: <\/b>Nelle valli deboli di direzione variabile, con locali rinforzi per raffiche nelle fasi temporalesche; in quota moderati\/tesi da sud-ovest nottetempo e al mattino, in attenuazione da nord-ovest al pomeriggio\/sera, a 5-15 km\/h a 2000 m e 15-30 km\/h a 3000 m.<\/p>\n<hr \/>\n<p><center><b>Lunedi 2<\/b><\/center>Al mattino tempo ben soleggiato, salvo effimeri nubi basse mattutine in alcune conche prealpine. Al pomeriggio riduzione del soleggiamento per attivit\u00e0 cumuliforme perlopi\u00f9 modesta o contenuta, con basso rischio di fenomeni. Temperature in ulteriore generale calo, eccetto ripresa delle massime nei fondovalle. In quota venti deboli\/moderati da ovest al mattino e da sud-ovest al pomeriggio; nelle valli deboli per brezze, localmente e a tratti moderati nei settori solitamente pi\u00f9 ventilati.<\/p>\n<hr \/>\n<p><center><b>Martedi 3<\/b><\/center>Minore soleggiamento e maggiore presenza di annuvolamenti cumuliformi dalle ore centrali in poi, inizialmente irregolari, via via pi\u00f9 intensi con il trascorrere del tempo e associati a rovesci\/temporali. Temperature in ripresa, eccetto stazionariet\u00e0 delle minime nelle valli. In quota venti deboli\/moderati da sud-ovest; nelle valli deboli per brezze, localmente e a tratti moderati, senza dimenticare eventuali forti raffiche nelle fasi temporalesche. Previsore:R.L.Th.<\/p>\n<div class=\"page-title-breadcrumbs\">\n<div class=\"o9v6fnle cxmmr5t8 oygrvhab hcukyx3x c1et5uql ii04i59q\">\n<p>&nbsp;<\/p>\n<hr \/>\n<p>&nbsp;<\/p>\n<\/div>\n<\/div>\n<p><img loading=\"lazy\" decoding=\"async\" class=\"aligncenter wp-image-60761 size-full\" src=\"https:\/\/www.radiopiu.net\/wordpress\/wp-content\/uploads\/2018\/09\/sport.jpg\" alt=\"\" width=\"800\" height=\"100\" srcset=\"https:\/\/www.radiopiu.net\/wordpress\/wp-content\/uploads\/2018\/09\/sport.jpg 800w, https:\/\/www.radiopiu.net\/wordpress\/wp-content\/uploads\/2018\/09\/sport-300x38.jpg 300w, https:\/\/www.radiopiu.net\/wordpress\/wp-content\/uploads\/2018\/09\/sport-768x96.jpg 768w\" sizes=\"auto, (max-width: 800px) 100vw, 800px\" \/><\/p>\n<p>&nbsp;<\/p>\n<blockquote>\n<h3>CARLO LORENZI SI RACCONTA: LA NUOVA STAGIONE IN RIVA AL LAGO E NON SOLO\u2026<\/h3>\n<p><strong>\u00a0ALLA RADIO, ROBERTO MIANA<\/strong><\/p><\/blockquote>\n<audio class=\"wp-audio-shortcode\" id=\"audio-224933-21\" preload=\"none\" style=\"width: 100%;\" controls=\"controls\"><source type=\"audio\/mpeg\" src=\"https:\/\/www.radiopiu.net\/wordpress\/wp-content\/uploads\/2021\/07\/ROBERTO-MIANA-1.mp3?_=21\" \/><a href=\"https:\/\/www.radiopiu.net\/wordpress\/wp-content\/uploads\/2021\/07\/ROBERTO-MIANA-1.mp3\">https:\/\/www.radiopiu.net\/wordpress\/wp-content\/uploads\/2021\/07\/ROBERTO-MIANA-1.mp3<\/a><\/audio>\n<blockquote><p>&nbsp;<\/p><\/blockquote>\n<p><strong><a href=\"https:\/\/www.radiopiu.net\/wordpress\/carlo-lorenzi-si-racconta-la-nuova-stagione-in-riva-al-lago-e-non-solo\/836c8241-05ce-432e-874b-42922bfc7814\/\" rel=\"attachment wp-att-224991\"><img loading=\"lazy\" decoding=\"async\" class=\"size-medium wp-image-224991 alignleft\" src=\"https:\/\/www.radiopiu.net\/wordpress\/wp-content\/uploads\/2021\/07\/836c8241-05ce-432e-874b-42922bfc7814-300x200.jpg\" alt=\"\" width=\"300\" height=\"200\" srcset=\"https:\/\/www.radiopiu.net\/wordpress\/wp-content\/uploads\/2021\/07\/836c8241-05ce-432e-874b-42922bfc7814-300x200.jpg 300w, https:\/\/www.radiopiu.net\/wordpress\/wp-content\/uploads\/2021\/07\/836c8241-05ce-432e-874b-42922bfc7814-768x512.jpg 768w, https:\/\/www.radiopiu.net\/wordpress\/wp-content\/uploads\/2021\/07\/836c8241-05ce-432e-874b-42922bfc7814.jpg 1024w\" sizes=\"auto, (max-width: 300px) 100vw, 300px\" \/><\/a>di Roberto Miana<\/strong><\/p>\n<p><strong>ALLEGHE<\/strong> Se Carlo Lorenzi vestir\u00e0 anche la prossima stagione la casacca delle Civette ormai non \u00e8 pi\u00f9 un mistero, ma una meravigliosa certezza per tutti i tifosi biancorossi e per la dirigenza di via Lungolago. Avremo il grandissimo piacere di rivedere sul ghiaccio del \u201cDe Toni\u201d uno dei monumenti dell\u2019hockey alleghese ed italiano. La societ\u00e0 Alleghe Hockey ci tiene a ringraziare Carlo Lorenzi per disponibilit\u00e0 e attaccamento alla maglia, che sar\u00e0 fondamentale anche in questa stagione, non solo in termini di esperienza, ma anche come figura di riferimento nella crescita dei pi\u00f9 giovani, che saranno il futuro dell\u2019hockey nostrano. Nonostante le quarantasette primavere sulle spalle, il nostro \u201cCarletto\u201d da Canale D\u2019Agordo ha deciso di rimettersi in gioco, dopo la passata stagione nella quale si era fermato precauzionalmente a causa della pandemia. D\u2019altronde non poteva \u201cCarabina Lorenzi\u201c (citazione con diritti d\u2019autore del buon Mirko Mezzacasa) chiudere una onoratissima carriera cos\u00ec. Ripercorrendo il suo percorso hockeistico trentennale (28 stagioni in biancorosso) snoccioliamo alcune curiosit\u00e0 e statistiche: chiamato amichevolmente \u201cCiaki\u201d all\u2019interno dello spogliatoio, Carlo \u00e8 un terzino classe 1974, dall\u2019esordio con l\u2019Alleghe nella stagione 1991\/1992, ha disputato un totale di 1294 partite (1014 con le Civette), di cui 843 in serie A, 185 in serie B, 17 in Coppa Italia, 38 di Alpenliga e 211 in Nazionale, dove con il blue team ha partecipato alle Olimpiadi invernali di Torino 2006, oltre a 10 mondiali. Tra gli allori conquistati ricordiamo la storica Alpenliga di Villach con l\u2019Alleghe nella stagione 1992\/1993, il campionato di serie B nella stagione 2013\/2014 sempre con le Civette e indossando la maglia azzurra il mondiale di 1^divisione 2005. Complessivamente Carlo ha messo a referto 111 reti e 264 assist per un totale di 375 punti. Lorenzi, per chi non lo conosce, \u00e8 una persona riservata e di poche parole, ma con la disponibilit\u00e0 che lo contraddistingue e da grande professionista qual \u00e8 ci ha raccontato un po\u2019 di lui e di cosa ne pensa della nuova stagione sportiva che \u00e8 quasi ai nastri di partenza sotto al Civetta.<\/p>\n<p><strong><a href=\"https:\/\/www.radiopiu.net\/wordpress\/carlo-lorenzi-si-racconta-la-nuova-stagione-in-riva-al-lago-e-non-solo\/757b7f82-9183-47d4-a03a-358e429ac8f7\/\" rel=\"attachment wp-att-224992\"><img loading=\"lazy\" decoding=\"async\" class=\"size-medium wp-image-224992 alignright\" src=\"https:\/\/www.radiopiu.net\/wordpress\/wp-content\/uploads\/2021\/07\/757b7f82-9183-47d4-a03a-358e429ac8f7-300x200.jpg\" alt=\"\" width=\"300\" height=\"200\" srcset=\"https:\/\/www.radiopiu.net\/wordpress\/wp-content\/uploads\/2021\/07\/757b7f82-9183-47d4-a03a-358e429ac8f7-300x200.jpg 300w, https:\/\/www.radiopiu.net\/wordpress\/wp-content\/uploads\/2021\/07\/757b7f82-9183-47d4-a03a-358e429ac8f7-768x512.jpg 768w, https:\/\/www.radiopiu.net\/wordpress\/wp-content\/uploads\/2021\/07\/757b7f82-9183-47d4-a03a-358e429ac8f7.jpg 1024w\" sizes=\"auto, (max-width: 300px) 100vw, 300px\" \/><\/a>L&#8217;INTERVISTA<\/strong><\/p>\n<p>Ciao Carlo, comincio chiedendoti come hai maturato la decisione di giocare questa stagione, mi era sembrato di capire che avevi dei dubbi fino a qualche mese fa\u2026<br \/>\n\u201c<em>Gioco a hockey da una vita e mi piace tantissimo. Ci ho pensato bene, finch\u00e9 il fisico me lo permette e fin quando riesco a conciliare hockey e lavoro perch\u00e9 mollare? Poi, se la dobbiamo dire tutta, smettere dopo il modo in cui mi ero fermato l&#8217;anno scorso non mi andava proprio<\/em>\u201d.<br \/>\nQuali sono le tue aspettative per la nuova stagione?<br \/>\n\u201c<em>Mi auguro possa essere una buona stagione per l&#8217;Alleghe. Il campionato sar\u00e0 sicuramente divertente e molto combattuto. Speriamo soprattutto che il Covid ci lasci giocare tranquilli<\/em>\u201d.<br \/>\nCosa pensi del cambio di allenatore?<br \/>\n\u201c<em>Spiace per Juhani (Matikainen), \u00e8 un ottimo allenatore, ormai era da un po&#8217; di anni in riva al lago e conosceva molto bene la squadra e il campionato, aveva carisma e sapeva motivare i giovani. Ma sono convinto che Alessandro (Fontana) non sar\u00e0 da meno<\/em>\u201d.<br \/>\nCome ti senti alla vigilia della tua trentunesima stagione hockeistica?<br \/>\n\u201c<em>Al momento sto&#8217; bene. Vedremo pi\u00f9 avanti con allenamenti e partite come andr\u00e0. Spero di continuare cos\u00ec e di poter dare una mano alla squadra<\/em>\u201d.<br \/>\nHai gi\u00e0 cominciato la preparazione?<br \/>\n\u201c<em>Purtroppo, nel periodo estivo, a causa del lavoro faccio fatica ad allenarmi con continuit\u00e0. Ma non appena si calmer\u00e0 il via vai turistico avr\u00f2 pi\u00f9 tempo per mettermi in forma<\/em>\u201d.<br \/>\nCosa ti piace fare nel tempo libero, quando non sei impegnato con il lavoro?<br \/>\n\u201c<em>Tempo libero purtroppo ne ho pochino, ma quando posso adoro camminare in montagna, mi rilassa<\/em>\u201d.<br \/>\nUn\u2019ultima curiosit\u00e0, hai sempre avuto la maglia 14, il motivo di questa scelta?<br \/>\n\u201c<em>Non \u00e8 stata una mia scelta quella del 14, ai tempi c&#8217;era poco da scegliere! Prendevi la maglia che ti davano o che avanzava e bon. Ma forse proprio per caso quel numero non mi \u00e8 arrivato sulle spalle. Prima di me il 14 lo ha vestito il mitico Zep (Silvano Da Pian), ma ancora prima, come tutti gli appassionati di hockey ricordano, \u00e8 stato quello di Nano (Orlando De Toni), che guarda caso \u00e8 stato l&#8217;allenatore che mi ha insegnato a giocare ad hockey e a cui devo molto. Quindi, forse, proprio per caso quel numero non mi \u00e8 stato dato<\/em>\u201d.<\/p>\n<p>&nbsp;<\/p>\n<p>&nbsp;<\/p>\n<p>&nbsp;<\/p>\n<hr \/>\n<p>&nbsp;<\/p>\n<blockquote>\n<h3>IL GIRO PODISTICO DI FALCADE RITORNA IL 13 AGOSTO<\/h3>\n<\/blockquote>\n<p><strong><a href=\"https:\/\/www.radiopiu.net\/wordpress\/il-giro-podistico-di-falcade-ritorna-il-13-agosto\/giro-podistico-falcade-2020\/\" rel=\"attachment wp-att-225008\"><img loading=\"lazy\" decoding=\"async\" class=\"size-medium wp-image-225008 alignleft\" src=\"https:\/\/www.radiopiu.net\/wordpress\/wp-content\/uploads\/2021\/07\/GIRO-PODISTICO-FALCADE-2020-300x200.jpg\" alt=\"\" width=\"300\" height=\"200\" srcset=\"https:\/\/www.radiopiu.net\/wordpress\/wp-content\/uploads\/2021\/07\/GIRO-PODISTICO-FALCADE-2020-300x200.jpg 300w, https:\/\/www.radiopiu.net\/wordpress\/wp-content\/uploads\/2021\/07\/GIRO-PODISTICO-FALCADE-2020-768x512.jpg 768w, https:\/\/www.radiopiu.net\/wordpress\/wp-content\/uploads\/2021\/07\/GIRO-PODISTICO-FALCADE-2020.jpg 1001w\" sizes=\"auto, (max-width: 300px) 100vw, 300px\" \/><\/a>FALCADE <\/strong>Si rinnover\u00e0, il prossimo 13 agosto, l\u2019appuntamento con la tradizione del Giro podistico di Falcade, evento proposto dallo Sci club Val Biois di Falcade. La manifestazione, giunta all\u2019edizione numero 27, si svolger\u00e0 in abbinata con il Mini Giro podistico, corsa dedicata ai pi\u00f9 piccoli e giunta alla diciannovesima edizione. Il Mini Giro, riservato agli under 14, si svolger\u00e0 a partire dalle 16 su un tracciato interamente pianeggiante ricavato sulla piana di Falcade, con distanze diverse a seconda della categoria di appartenenza. In palio ci sono uno zainetto tecnico per i primi 200 iscritti, una medaglia per tutti i partecipanti e un ulteriore premio per i primi tre di ogni categoria. Le premiazioni avranno luogo presso la zona di arrivo nel piazzale del Parco Giochi di Falcade. Ogni categoria verr\u00e0 premiata appena finita la propria prova. Per quanto riguarda il Giro podistico, la partenza sar\u00e0 data alle 18.50. Il percorso, di circa 6 chilometri, si snoder\u00e0 attraverso le vie del fondo valle di Falcade toccando le seguenti localit\u00e0: parcheggio Parco Giochi di Falcade , piazza Municipio, via degli Emigranti, , via Agostino Murer, cinema Dolomiti, corso Roma, via Maredane, laghetto l\u2019Aivaz, Parco Giochi Falcade, via Focobon, Camping Eden, piazzale al Molino, via Fontanelle, piazza Molino, via Fol, via Garibaldi, transito Col de Rif, via Caruo, passaggio albergo San Giusto, pista ciclabile, ed arrivo al Parco Giochi di Falcade. Le premiazioni avranno luogo al termine della manifestazione. Anche in questo caso \u00e8 in palio uno zainetto tecnico per i primi 200 iscritti. Saranno premiati i primi 10 classificati assoluti della classifica maschile e le prime 10 classificate assolute della classifica femminile. Saranno premiati, inoltre, tutti gli atleti over 70 maschili e femminili. Alla manifestazione sar\u00e0 attivato il protocollo anti Covid previsto dalla normativa vigente. Le iscrizioni si ricevono presso l\u2019Ufficio informazioni turistiche di Falcade (0437\/599062) fino a gioved\u00ec 12 agosto, oppure dal 13 agosto presso il Centro Fondo di Falcade entro le 17.30.<\/p>\n<p>&nbsp;<\/p>\n<p>&nbsp;<\/p>\n<hr \/>\n<p>&nbsp;<\/p>\n<\/div>\n<\/div>\n<\/div>\n","protected":false},"excerpt":{"rendered":"<p>GRUPPO FACEBOOK: RADIO PIU EMITTENTE AGORDINA, ISCRIZIONE GRATUITA &nbsp; &nbsp; &nbsp; COMPRIAMO UNA MACCHINA ATTREZZATA PER RICCARDO SOSPIROLO Radio Pi\u00f9 appoggia l&#8217;iniziativa di\u00a0 Agostino Tegner il pap\u00e0 di Riccardo, poche parole le sue ma piene di significato &#8220;Io e mia moglie stiamo invecchiando e non riusciamo pi\u00f9 a trasportare come si deve il nostro ragazzo,&hellip;<\/p>\n","protected":false},"author":4,"featured_media":225058,"comment_status":"closed","ping_status":"open","sticky":false,"template":"","format":"standard","meta":{"_monsterinsights_skip_tracking":false,"_monsterinsights_sitenote_active":false,"_monsterinsights_sitenote_note":"","_monsterinsights_sitenote_category":0,"footnotes":""},"categories":[1,51,86,49],"tags":[],"class_list":["post-224933","post","type-post","status-publish","format-standard","has-post-thumbnail","hentry","category-senza-categoria","category-evidenza-top","category-gr","category-news-18","category-1","category-51","category-86","category-49","description-off"],"img_url":"https:\/\/www.radiopiu.net\/wordpress\/wp-content\/uploads\/2021\/07\/5bd4109f-1ba3-46ae-8563-59c1f7d69d46.jpg","_links":{"self":[{"href":"https:\/\/www.radiopiu.net\/wordpress\/wp-json\/wp\/v2\/posts\/224933","targetHints":{"allow":["GET"]}}],"collection":[{"href":"https:\/\/www.radiopiu.net\/wordpress\/wp-json\/wp\/v2\/posts"}],"about":[{"href":"https:\/\/www.radiopiu.net\/wordpress\/wp-json\/wp\/v2\/types\/post"}],"author":[{"embeddable":true,"href":"https:\/\/www.radiopiu.net\/wordpress\/wp-json\/wp\/v2\/users\/4"}],"replies":[{"embeddable":true,"href":"https:\/\/www.radiopiu.net\/wordpress\/wp-json\/wp\/v2\/comments?post=224933"}],"version-history":[{"count":0,"href":"https:\/\/www.radiopiu.net\/wordpress\/wp-json\/wp\/v2\/posts\/224933\/revisions"}],"wp:featuredmedia":[{"embeddable":true,"href":"https:\/\/www.radiopiu.net\/wordpress\/wp-json\/wp\/v2\/media\/225058"}],"wp:attachment":[{"href":"https:\/\/www.radiopiu.net\/wordpress\/wp-json\/wp\/v2\/media?parent=224933"}],"wp:term":[{"taxonomy":"category","embeddable":true,"href":"https:\/\/www.radiopiu.net\/wordpress\/wp-json\/wp\/v2\/categories?post=224933"},{"taxonomy":"post_tag","embeddable":true,"href":"https:\/\/www.radiopiu.net\/wordpress\/wp-json\/wp\/v2\/tags?post=224933"}],"curies":[{"name":"wp","href":"https:\/\/api.w.org\/{rel}","templated":true}]}}