{"id":224984,"date":"2021-07-30T15:55:03","date_gmt":"2021-07-30T13:55:03","guid":{"rendered":"https:\/\/www.radiopiu.net\/wordpress\/?p=224984"},"modified":"2021-07-30T18:44:29","modified_gmt":"2021-07-30T16:44:29","slug":"dillo-a-radio-piu-la-vipera-nel-vaso-dei-coscritti","status":"publish","type":"post","link":"https:\/\/www.radiopiu.net\/wordpress\/dillo-a-radio-piu-la-vipera-nel-vaso-dei-coscritti\/","title":{"rendered":"DILLO A RADIO PIU&#8217;&#8230;LA VIPERA NEL VASO DEI COSCRITTI"},"content":{"rendered":"<p><strong>REDAZIONE<\/strong> Riceviamo e volentieri pubblichiamo una protesta di un&#8217;abitante di Listolade a Taibon. Non \u00e8 la prima volta che succede, ma qualcuno si diverte ad appoggiare una vipera nei vasi di fiori.<\/p>\n<p><em>\u00c8 la terza vipera che mettono in questo povero vaso di fiori che hanno messo i coscritti di Listolade, chiss\u00e0 chi \u00e8 che si diverte tanto&#8230;<\/em><\/p>\n<p><a href=\"https:\/\/www.radiopiu.net\/wordpress\/dillo-a-radio-piu-la-vipera-nel-vaso-dei-coscritti\/7c1ffc7f-14c7-4621-ad31-81ecda75f166\/\" rel=\"attachment wp-att-224985\"><img loading=\"lazy\" decoding=\"async\" class=\" wp-image-224985 aligncenter\" src=\"https:\/\/www.radiopiu.net\/wordpress\/wp-content\/uploads\/2021\/07\/7c1ffc7f-14c7-4621-ad31-81ecda75f166-225x300.jpg\" alt=\"\" width=\"323\" height=\"431\" srcset=\"https:\/\/www.radiopiu.net\/wordpress\/wp-content\/uploads\/2021\/07\/7c1ffc7f-14c7-4621-ad31-81ecda75f166-225x300.jpg 225w, https:\/\/www.radiopiu.net\/wordpress\/wp-content\/uploads\/2021\/07\/7c1ffc7f-14c7-4621-ad31-81ecda75f166-768x1024.jpg 768w, https:\/\/www.radiopiu.net\/wordpress\/wp-content\/uploads\/2021\/07\/7c1ffc7f-14c7-4621-ad31-81ecda75f166-1152x1536.jpg 1152w, https:\/\/www.radiopiu.net\/wordpress\/wp-content\/uploads\/2021\/07\/7c1ffc7f-14c7-4621-ad31-81ecda75f166.jpg 1200w\" sizes=\"auto, (max-width: 323px) 100vw, 323px\" \/><\/a><\/p>\n<p>&nbsp;<\/p>\n<p>&nbsp;<\/p>\n<p>&nbsp;<\/p>\n<p>&nbsp;<\/p>\n<p>*****<\/p>\n","protected":false},"excerpt":{"rendered":"<p>REDAZIONE Riceviamo e volentieri pubblichiamo una protesta di un&#8217;abitante di Listolade a Taibon. Non \u00e8 la prima volta che succede, ma qualcuno si diverte ad appoggiare una vipera nei vasi di fiori. \u00c8 la terza vipera che mettono in questo povero vaso di fiori che hanno messo i coscritti di Listolade, chiss\u00e0 chi \u00e8 che&hellip;<\/p>\n","protected":false},"author":4,"featured_media":224986,"comment_status":"closed","ping_status":"open","sticky":false,"template":"","format":"standard","meta":{"_monsterinsights_skip_tracking":false,"_monsterinsights_sitenote_active":false,"_monsterinsights_sitenote_note":"","_monsterinsights_sitenote_category":0,"footnotes":""},"categories":[104,49],"tags":[],"class_list":["post-224984","post","type-post","status-publish","format-standard","has-post-thumbnail","hentry","category-evidenza_3","category-news-18","category-104","category-49","description-off"],"img_url":"https:\/\/www.radiopiu.net\/wordpress\/wp-content\/uploads\/2021\/07\/Schermata-2021-07-30-alle-09.35.59.png","_links":{"self":[{"href":"https:\/\/www.radiopiu.net\/wordpress\/wp-json\/wp\/v2\/posts\/224984","targetHints":{"allow":["GET"]}}],"collection":[{"href":"https:\/\/www.radiopiu.net\/wordpress\/wp-json\/wp\/v2\/posts"}],"about":[{"href":"https:\/\/www.radiopiu.net\/wordpress\/wp-json\/wp\/v2\/types\/post"}],"author":[{"embeddable":true,"href":"https:\/\/www.radiopiu.net\/wordpress\/wp-json\/wp\/v2\/users\/4"}],"replies":[{"embeddable":true,"href":"https:\/\/www.radiopiu.net\/wordpress\/wp-json\/wp\/v2\/comments?post=224984"}],"version-history":[{"count":0,"href":"https:\/\/www.radiopiu.net\/wordpress\/wp-json\/wp\/v2\/posts\/224984\/revisions"}],"wp:featuredmedia":[{"embeddable":true,"href":"https:\/\/www.radiopiu.net\/wordpress\/wp-json\/wp\/v2\/media\/224986"}],"wp:attachment":[{"href":"https:\/\/www.radiopiu.net\/wordpress\/wp-json\/wp\/v2\/media?parent=224984"}],"wp:term":[{"taxonomy":"category","embeddable":true,"href":"https:\/\/www.radiopiu.net\/wordpress\/wp-json\/wp\/v2\/categories?post=224984"},{"taxonomy":"post_tag","embeddable":true,"href":"https:\/\/www.radiopiu.net\/wordpress\/wp-json\/wp\/v2\/tags?post=224984"}],"curies":[{"name":"wp","href":"https:\/\/api.w.org\/{rel}","templated":true}]}}