{"id":225012,"date":"2021-07-30T15:58:09","date_gmt":"2021-07-30T13:58:09","guid":{"rendered":"https:\/\/www.radiopiu.net\/wordpress\/?p=225012"},"modified":"2021-07-30T18:42:51","modified_gmt":"2021-07-30T16:42:51","slug":"covid-19-il-punto-della-situazione-con-il-presidente-del-veneto-luca-zaia","status":"publish","type":"post","link":"https:\/\/www.radiopiu.net\/wordpress\/covid-19-il-punto-della-situazione-con-il-presidente-del-veneto-luca-zaia\/","title":{"rendered":"SE IL MODELLO MATEMATICO PER OGGI PREVEDEVA PIU&#8217; DI 1500 CONTATTI, IN REALTA&#8217; SONO POCO MENO DI 1000, TORNA A PARLARE ZAIA DA VENEZIA"},"content":{"rendered":"<p><strong>VENEZIA<\/strong> Dalla sede della Protezione Civile a Marghera, il Presidente del Veneto Luca Zaia fa il punto sul Covid-19 in regione.<\/p>\n<p style=\"padding-left: 40px;\"><strong>IL BOLLETTINO<\/strong> NUOVO AGGIORNAMENTO POSITIVI ATTUALI <strong>11.927<\/strong> POSITIVI NELLE 24 ORE\u00a0 <strong>1043<\/strong> TAMPONI\u00a0 INCIDENZA\u00a0 <strong>2,47<\/strong> % RICOVERATI <strong>156<\/strong> (-9) IN AREA NON CRITICA\u00a0 <strong>139<\/strong> (-8) TERAPIA INTENSIVA <strong>17<\/strong> (-1)\u00a0 \u00a0DIMESSI\u00a0 DECESSI<strong> zero<\/strong><\/p>\n<blockquote>\n<h2>LEGGI IN DIRETTA LA CONFERENZA STAMPA DEL PRESIDENTE ZAIA<\/h2>\n<p><em>Dove non c&#8217;\u00e8 vaccino il virus mette radici,\u00a0 dove c&#8217;\u00e8 il vaccino ci sono meno complicazioni. Il modello prevedeva per oggi oltre 1500 positivi, sono invece 1043. Caso Grafica Veneta che regal\u00f2 alla Regione 13 milioni di mascherine nel periodo peggiore della prima pandemia.<\/em><\/p><\/blockquote>\n<p>Se fossimo a febbraio o marzo 2020, senza vaccinati, avremmo 700 posti letto occupati negli ospedali L&#8217;ondata in corso oggi ha caratteristiche del tutto anomale rispetto alle precedenti il rapporto ospedalizzati-positivi \u00e8 basso ad esempio e molto diverso dal passato, alta invece l&#8217;ondata di asintomatici. In una settimana abbiamo avuto 4.157 casi (settimana 22-28 luglio) dei quali non vaccinati 2.821, 510 vaccinati parziali, vaccinati completi 825. In terapia intensiva \u00e8 finito un vaccinato, 15 non erano vaccinati. In area non critica 26 vaccinati, 101 non vaccinati.\u00a0 Il vaccino \u00e8 stato il cambio di passo,\u00a0 impensabile pensare di chiudere ancora. Ad ottobre avremo almeno 82% della popolazione veneta che avr\u00e0 avuto almeno una dose di vaccino <strong>GRAFICA VENETA\u00a0<\/strong>La mia idea: ho idea e informazioni di chi ha letto la stampa non ho visto alcun atto ufficiale. Sono fatti gravissimi, una persona trovata lungo una strada picchiata e con le braccia legate merita giustizia cosi&#8217; come gli altri, i processi pero&#8217; si celebrano in tribunale non sui giornali o in strada. Di Fabio Franceschi e della sua azienda posso solo parlare bene per come l&#8217;ho conosciuto. Non faccio l&#8217;avvocato difensore, ma non accetto di vedere commenti sull&#8217;atto della donazione che lui ha fatto. Il 21 febbraio 2020 eravamo sotto il rullo con la fila di senza tetto, anziani, genitori, che cervavano mascherine per proteggersi. Franceschi disse che le poteva fare in carta, poi c&#8217;\u00e8 stata un&#8217;evoluzione. Franceschi lo posso solo ringraziare, \u00e8 un&#8217;azienda che da lavoro a 600 dipendenti fissi remunerati con 26milioni di euro l&#8217;anno e la cooperativa assoldata per fare dei lavori che altri non vogliono fare aveva un ingaggio per 267mila euro, lo 0,01 % degli stipendi pagati. Chi ha sbagliato deve pagare, ma rimane il danno di immagine sembra che qui ci sia il regime di schiavitu&#8217;, io difendo le nostro imprese e se ci sono mele marce che paghino non tutti gli imprenditori sono &#8220;lazzaroni&#8221;, attendiamo che l&#8217;azienda chiarisca la posizione in tribunale. <strong>LA TERZA DOSE\u00a0<\/strong> Si dica se serve o no, stiamo aspettando che ci dicano in carta bollata cosa dobbiamo fare, non tifiamo per la terza dose. Per ora \u00e8 una scelta di Israele e Gran Bretagna. <strong>SCUOLA<\/strong> Non \u00e8 una nostra competenza ne&#8217; da un punto di vista formativo ne&#8217; di sanit\u00e0 pubblica, sono misure nazionali ed \u00e8 giusto sia cosi&#8217;. Ci battiamo perche&#8217; la scuola apra in presenza, facciamo appello agli irriducibili che in libert\u00e0 valutino di potersi vaccinare. Possiamo monitorare con i tamponi e l&#8217;esperienza Dad va chiusa.\u00a0 <strong>NO VAX<\/strong><b> <\/b>Nella Lega c&#8217;\u00e8 una forte discussione, con posizioni anche opposte. Il dibattito \u00e8 il sale della democrazia, non c\u00e8 non\u00e8 una dittatura che impone il pensiero unico. Io non trovo trascendentale il dibattito sull&#8217;obbligatoriet\u00e0 o meno. Dopodich\u00e9 l&#8217;evidenza scientifica ci deve portare a decidere, e io sono un sostenitore della volontariet\u00e0 della vaccinazione,\u00a0 non abbiamo bisogno di un conflitto fra Guelfi e Ghibellini. La libert\u00e0 di manifestare \u00e8 una libert\u00e0 costituzionale.<\/p>\n<p><strong><a href=\"https:\/\/www.radiopiu.net\/wordpress\/covid-19-il-punto-della-situazione-con-il-presidente-del-veneto-luca-zaia\/antonica-ricci-nuovo-dg-izsve\/\" rel=\"attachment wp-att-225044\"><img loading=\"lazy\" decoding=\"async\" class=\"size-medium wp-image-225044 alignleft\" src=\"https:\/\/www.radiopiu.net\/wordpress\/wp-content\/uploads\/2021\/07\/antonica-ricci-nuovo-dg-izsve-300x97.jpg\" alt=\"\" width=\"300\" height=\"97\" srcset=\"https:\/\/www.radiopiu.net\/wordpress\/wp-content\/uploads\/2021\/07\/antonica-ricci-nuovo-dg-izsve-300x97.jpg 300w, https:\/\/www.radiopiu.net\/wordpress\/wp-content\/uploads\/2021\/07\/antonica-ricci-nuovo-dg-izsve-768x247.jpg 768w, https:\/\/www.radiopiu.net\/wordpress\/wp-content\/uploads\/2021\/07\/antonica-ricci-nuovo-dg-izsve.jpg 870w\" sizes=\"auto, (max-width: 300px) 100vw, 300px\" \/><\/a>DOTTORESSA ANTONIA RICCI Direttore generale dell\u2019Istituto Zooprofilattico Sperimentale delle Venezie (IZSVe)<\/strong><br \/>\nRisultati in anteprima presenza varianti a livello nazionale. Questi i dati ufficiali di oggi. <strong>VENETO<\/strong> su 144 campioni (definito dall&#8217;IstitutoSuperioreSanit\u00e0), 140 variante delta con prevalenza superiore 97%, 3 variante alfa-inglese che ha sostenuto la seconda ondata ed \u00e8 stata quindi spazzata via dalla delta o indiana, 1caso colombiano non preoccupante. Il messaggio: assoluta rapidit\u00e0 con cui la variante delta ha soppiantato tutte le altre in modo sorprendente. Speravo in un andamento pi\u00f9 lento anche dopo quanto visto in Inghilterra perch\u00e9 qui e&#8217; arrivata tardi, ma non \u00e8 andata cosi&#8217;. Oggi non vediamo altre varianti preoccupanti ed \u00e8 una buona notizia. Stiamo arrivando ad una situazione di equilibrio grazie anche alla vaccinazione, i vaccini accelerano i processi di immunizzazione della popolazione per la convivenza con il virus.<\/p>\n<blockquote>\n<h3>ASSESSORE MANUELA LANZARIN<\/h3>\n<\/blockquote>\n<p><strong>SCUOLA<\/strong> Arrivato il documento del Ministro Bianchi analizzato dalla commissione e passato al gruppo di lavoro che analizza le linee guida. Ci siamo presi un&#8217;altra settimana per valutarlo, lo faremo il 4 agosto, lunedi c&#8217;e&#8217; l&#8217;incontro tecnico con le Prevenzioni. Non ci sono grandi novit\u00e0, raccomanda la vaccinazione ma non pone obblighi. Va a riconfermare gli aspetti dei percorsi separati, mascherina etc. Le Regioni hanno chiesto tramite le Prevenzioni di avere piu&#8217; tempo per analizzarlo anche alla luce dei dati sulle vaccinazioni. <strong>DATO RT VENETO<\/strong>\u00a0 1,97<strong> INCIDENZA<\/strong>\u00a081 SU 100 MILA <strong>OCCUPAZIONI POSTI LETTO AREA CRITICA E TERAPIA INTENSIVA<\/strong> 2% parametri per il passaggio a giallo: 10% terapia intensiva 15% area non critica oltre all&#8217;incidenza<\/p>\n<p><a href=\"https:\/\/www.facebook.com\/zaiaufficiale\/videos\/222118483148778\">https:\/\/www.facebook.com\/zaiaufficiale\/videos\/222118483148778<\/a><\/p>\n<p>&nbsp;<\/p>\n<p>*****<\/p>\n","protected":false},"excerpt":{"rendered":"<p>VENEZIA Dalla sede della Protezione Civile a Marghera, il Presidente del Veneto Luca Zaia fa il punto sul Covid-19 in regione. IL BOLLETTINO NUOVO AGGIORNAMENTO POSITIVI ATTUALI 11.927 POSITIVI NELLE 24 ORE\u00a0 1043 TAMPONI\u00a0 INCIDENZA\u00a0 2,47 % RICOVERATI 156 (-9) IN AREA NON CRITICA\u00a0 139 (-8) TERAPIA INTENSIVA 17 (-1)\u00a0 \u00a0DIMESSI\u00a0 DECESSI zero LEGGI IN&hellip;<\/p>\n","protected":false},"author":4,"featured_media":175388,"comment_status":"closed","ping_status":"open","sticky":false,"template":"","format":"standard","meta":{"_monsterinsights_skip_tracking":false,"_monsterinsights_sitenote_active":false,"_monsterinsights_sitenote_note":"","_monsterinsights_sitenote_category":0,"footnotes":""},"categories":[51,49],"tags":[],"class_list":["post-225012","post","type-post","status-publish","format-standard","has-post-thumbnail","hentry","category-evidenza-top","category-news-18","category-51","category-49","description-off"],"img_url":"https:\/\/www.radiopiu.net\/wordpress\/wp-content\/uploads\/2020\/11\/ZAIA-1.jpg","_links":{"self":[{"href":"https:\/\/www.radiopiu.net\/wordpress\/wp-json\/wp\/v2\/posts\/225012","targetHints":{"allow":["GET"]}}],"collection":[{"href":"https:\/\/www.radiopiu.net\/wordpress\/wp-json\/wp\/v2\/posts"}],"about":[{"href":"https:\/\/www.radiopiu.net\/wordpress\/wp-json\/wp\/v2\/types\/post"}],"author":[{"embeddable":true,"href":"https:\/\/www.radiopiu.net\/wordpress\/wp-json\/wp\/v2\/users\/4"}],"replies":[{"embeddable":true,"href":"https:\/\/www.radiopiu.net\/wordpress\/wp-json\/wp\/v2\/comments?post=225012"}],"version-history":[{"count":0,"href":"https:\/\/www.radiopiu.net\/wordpress\/wp-json\/wp\/v2\/posts\/225012\/revisions"}],"wp:featuredmedia":[{"embeddable":true,"href":"https:\/\/www.radiopiu.net\/wordpress\/wp-json\/wp\/v2\/media\/175388"}],"wp:attachment":[{"href":"https:\/\/www.radiopiu.net\/wordpress\/wp-json\/wp\/v2\/media?parent=225012"}],"wp:term":[{"taxonomy":"category","embeddable":true,"href":"https:\/\/www.radiopiu.net\/wordpress\/wp-json\/wp\/v2\/categories?post=225012"},{"taxonomy":"post_tag","embeddable":true,"href":"https:\/\/www.radiopiu.net\/wordpress\/wp-json\/wp\/v2\/tags?post=225012"}],"curies":[{"name":"wp","href":"https:\/\/api.w.org\/{rel}","templated":true}]}}