{"id":225094,"date":"2021-07-30T15:57:08","date_gmt":"2021-07-30T13:57:08","guid":{"rendered":"https:\/\/www.radiopiu.net\/wordpress\/?p=225094"},"modified":"2021-07-30T18:43:39","modified_gmt":"2021-07-30T16:43:39","slug":"luca-esempio-di-vita-rieccolo-sui-pedali-con-la-scorta-furgler","status":"publish","type":"post","link":"https:\/\/www.radiopiu.net\/wordpress\/luca-esempio-di-vita-rieccolo-sui-pedali-con-la-scorta-furgler\/","title":{"rendered":"LUCA, ESEMPIO DI VITA. RIECCOLO SUI PEDALI CON LA &#8220;SCORTA&#8221; FURGLER"},"content":{"rendered":"<p><strong>LIVINALLONGO<\/strong> Luca Palla con la &#8220;scorta&#8221; ma non perch\u00e9 ne ha bisogno, piuttosto in compagnia si pedala pi\u00f9 volentieri, si sorride e ci si scambia pareri edificanti sulle persone che si incontrano. Se il &#8220;capitano&#8221; \u00e8 a marchio Furgler risata e spensieratezza \u00e8 assicurata. Al di l\u00e0 di facili battute Luca \u00e8 l&#8217;esempio di vita da citare a futura memoria. L&#8217;incidente, la volont\u00e0 di ripartire e fare sport. Eccolo sulla due ruote a valicare passi. Per noi \u00e8 l&#8217;occasione per pubblicare un messaggio di Franco, da leggere con attenzione, palestra di riflessione.<\/p>\n<p>&nbsp;<\/p>\n<p><a href=\"https:\/\/www.radiopiu.net\/wordpress\/luca-esempio-di-vita-rieccolo-sui-pedali-con-la-scorta-furgler\/6c11ef6d-68d5-4369-bb31-3bbb0b034959\/\" rel=\"attachment wp-att-225102\"><img loading=\"lazy\" decoding=\"async\" class=\"alignnone wp-image-225102 size-large\" src=\"https:\/\/www.radiopiu.net\/wordpress\/wp-content\/uploads\/2021\/07\/6c11ef6d-68d5-4369-bb31-3bbb0b034959-1024x576.jpg\" alt=\"\" width=\"1024\" height=\"576\" srcset=\"https:\/\/www.radiopiu.net\/wordpress\/wp-content\/uploads\/2021\/07\/6c11ef6d-68d5-4369-bb31-3bbb0b034959-1024x576.jpg 1024w, https:\/\/www.radiopiu.net\/wordpress\/wp-content\/uploads\/2021\/07\/6c11ef6d-68d5-4369-bb31-3bbb0b034959-300x169.jpg 300w, https:\/\/www.radiopiu.net\/wordpress\/wp-content\/uploads\/2021\/07\/6c11ef6d-68d5-4369-bb31-3bbb0b034959-768x432.jpg 768w, https:\/\/www.radiopiu.net\/wordpress\/wp-content\/uploads\/2021\/07\/6c11ef6d-68d5-4369-bb31-3bbb0b034959-1536x864.jpg 1536w, https:\/\/www.radiopiu.net\/wordpress\/wp-content\/uploads\/2021\/07\/6c11ef6d-68d5-4369-bb31-3bbb0b034959.jpg 1599w\" sizes=\"auto, (max-width: 1024px) 100vw, 1024px\" \/><\/a><\/p>\n","protected":false},"excerpt":{"rendered":"<p>LIVINALLONGO Luca Palla con la &#8220;scorta&#8221; ma non perch\u00e9 ne ha bisogno, piuttosto in compagnia si pedala pi\u00f9 volentieri, si sorride e ci si scambia pareri edificanti sulle persone che si incontrano. Se il &#8220;capitano&#8221; \u00e8 a marchio Furgler risata e spensieratezza \u00e8 assicurata. Al di l\u00e0 di facili battute Luca \u00e8 l&#8217;esempio di vita&hellip;<\/p>\n","protected":false},"author":4,"featured_media":225099,"comment_status":"closed","ping_status":"open","sticky":false,"template":"","format":"standard","meta":{"_monsterinsights_skip_tracking":false,"_monsterinsights_sitenote_active":false,"_monsterinsights_sitenote_note":"","_monsterinsights_sitenote_category":0,"footnotes":""},"categories":[104,49],"tags":[],"class_list":["post-225094","post","type-post","status-publish","format-standard","has-post-thumbnail","hentry","category-evidenza_3","category-news-18","category-104","category-49","description-off"],"img_url":"https:\/\/www.radiopiu.net\/wordpress\/wp-content\/uploads\/2021\/07\/d204b35a-1e7e-4d33-b2cc-a53031763191.jpg","_links":{"self":[{"href":"https:\/\/www.radiopiu.net\/wordpress\/wp-json\/wp\/v2\/posts\/225094","targetHints":{"allow":["GET"]}}],"collection":[{"href":"https:\/\/www.radiopiu.net\/wordpress\/wp-json\/wp\/v2\/posts"}],"about":[{"href":"https:\/\/www.radiopiu.net\/wordpress\/wp-json\/wp\/v2\/types\/post"}],"author":[{"embeddable":true,"href":"https:\/\/www.radiopiu.net\/wordpress\/wp-json\/wp\/v2\/users\/4"}],"replies":[{"embeddable":true,"href":"https:\/\/www.radiopiu.net\/wordpress\/wp-json\/wp\/v2\/comments?post=225094"}],"version-history":[{"count":0,"href":"https:\/\/www.radiopiu.net\/wordpress\/wp-json\/wp\/v2\/posts\/225094\/revisions"}],"wp:featuredmedia":[{"embeddable":true,"href":"https:\/\/www.radiopiu.net\/wordpress\/wp-json\/wp\/v2\/media\/225099"}],"wp:attachment":[{"href":"https:\/\/www.radiopiu.net\/wordpress\/wp-json\/wp\/v2\/media?parent=225094"}],"wp:term":[{"taxonomy":"category","embeddable":true,"href":"https:\/\/www.radiopiu.net\/wordpress\/wp-json\/wp\/v2\/categories?post=225094"},{"taxonomy":"post_tag","embeddable":true,"href":"https:\/\/www.radiopiu.net\/wordpress\/wp-json\/wp\/v2\/tags?post=225094"}],"curies":[{"name":"wp","href":"https:\/\/api.w.org\/{rel}","templated":true}]}}