{"id":225163,"date":"2021-07-30T19:14:51","date_gmt":"2021-07-30T17:14:51","guid":{"rendered":"https:\/\/www.radiopiu.net\/wordpress\/?p=225163"},"modified":"2021-07-30T19:47:35","modified_gmt":"2021-07-30T17:47:35","slug":"chiede-aiuto-con-la-mail-dalla-val-falcina-sale-al-vazzoler-ma-preda-della-stanchezza-chiama-i-soccorsi","status":"publish","type":"post","link":"https:\/\/www.radiopiu.net\/wordpress\/chiede-aiuto-con-la-mail-dalla-val-falcina-sale-al-vazzoler-ma-preda-della-stanchezza-chiama-i-soccorsi\/","title":{"rendered":"CHIEDE AIUTO CON LA MAIL DALLA VAL FALCINA, SALE AL VAZZOLER  MA PREDA DELLA STANCHEZZA CHIAMA I SOCCORSI"},"content":{"rendered":"<div dir=\"auto\">\n<blockquote>\n<h3><\/h3>\n<\/blockquote>\n<p><strong><img loading=\"lazy\" decoding=\"async\" class=\"alignleft\" src=\"https:\/\/www.radiopiu.net\/wordpress\/wp-content\/uploads\/2021\/04\/IMG-20210424-WA0017.jpg\" width=\"172\" height=\"129\" \/>SOSPIROLO U<\/strong>na donna ha ricevuto via email una richiesta di aiuto da parte del marito che si trovava in difficolt\u00e0 in Val Falcina. L&#8217;escursionista, un cinquantaseienne di Loria (TV),\u00a0 smarrito il sentiero\u00a0 ha\u00a0 contattato la moglie per mail dandole indicazioni del luogo dove si trovava e chiedendo l&#8217;intervento dell&#8217;elicottero. Mentre le squadre del Soccorso alpino di Belluno e Feltre di preparavano a partire, l&#8217;elicottero del Suem di Pieve di Cadore ha effettuato alcune rotazioni dall&#8217;alto, finch\u00e9 non \u00e8 riuscito a individuare l&#8217;uomo che, una volta recuperato, \u00e8 stato trasportato in piazzola a Belluno.<\/p>\n<p>&nbsp;<\/p>\n<hr \/>\n<p>&nbsp;<\/p>\n<blockquote>\n<h3>SALE AL VAZZOLER MA PREDA DELLA STANCHEZZA CHIAMA I SOCCORSI<\/h3>\n<\/blockquote>\n<p><strong><a href=\"https:\/\/www.radiopiu.net\/wordpress\/?attachment_id=225167\" rel=\"attachment wp-att-225167\"><img loading=\"lazy\" decoding=\"async\" class=\" wp-image-225167 alignleft\" src=\"https:\/\/www.radiopiu.net\/wordpress\/wp-content\/uploads\/2021\/07\/download-4.jpg\" alt=\"\" width=\"231\" height=\"154\" \/><\/a>TAIBON<\/strong>\u00a0 Ieri alle 16 una squadra del Soccorso alpino di Agordo \u00e8 andata in jeep al Rifugio Vazzoler e ha imbarcato un uomo di 64 anni di Cesiomaggiore (BL), che non era\u00a0 pi\u00f9 in grado di avanzare per la stanchezza. I soccorritori lo hanno accompagnato al Rifugio Capanna Trieste da dove si \u00e8 allontanato autonomamente.<\/p>\n<p>&nbsp;<\/p>\n<p>&nbsp;<\/p>\n<p>&nbsp;<\/p>\n<p>&nbsp;<\/p>\n<blockquote>\n<h3>DISTORSIONE ALLA CAVIGLIA, INTERVIENE IL PELIKAN DA BOLZANO<\/h3>\n<\/blockquote>\n<p><strong><a href=\"https:\/\/www.radiopiu.net\/wordpress\/ruzzola-nel-canalone-sulla-moiazza-interviene-il-soccorso-alpino\/salt_20210706_175749_154-1\/\" rel=\"attachment wp-att-220281\"><img loading=\"lazy\" decoding=\"async\" class=\"wp-image-220281 alignleft\" src=\"https:\/\/www.radiopiu.net\/wordpress\/wp-content\/uploads\/2021\/07\/salt_20210706_175749_154-1-225x300.jpg\" alt=\"\" width=\"116\" height=\"155\" srcset=\"https:\/\/www.radiopiu.net\/wordpress\/wp-content\/uploads\/2021\/07\/salt_20210706_175749_154-1-225x300.jpg 225w, https:\/\/www.radiopiu.net\/wordpress\/wp-content\/uploads\/2021\/07\/salt_20210706_175749_154-1-768x1024.jpg 768w, https:\/\/www.radiopiu.net\/wordpress\/wp-content\/uploads\/2021\/07\/salt_20210706_175749_154-1-1152x1536.jpg 1152w, https:\/\/www.radiopiu.net\/wordpress\/wp-content\/uploads\/2021\/07\/salt_20210706_175749_154-1-1536x2048.jpg 1536w, https:\/\/www.radiopiu.net\/wordpress\/wp-content\/uploads\/2021\/07\/salt_20210706_175749_154-1.jpg 1773w\" sizes=\"auto, (max-width: 116px) 100vw, 116px\" \/><\/a>CORTINA<\/strong> L&#8217;elicottero dell&#8217;Aiut Alpin Dolomites di Bolzano \u00e8 intervenuto lungo la Ferrata Brovedani, per un escursionista che si \u00e8\u00a0 fatto male a una caviglia. L&#8217;uomo ha tentato di avanzare, ma arrivato al Bivacco Conici si \u00e8 dovuto fermare. L\u00ec lo ha trovato un passante che ha dato l&#8217;allarme. Recuperato l&#8217;infortunato \u00e8 stato trasportato al l&#8217;ospedale di Cortina.<\/p>\n<p>&nbsp;<\/p>\n<p>&nbsp;<\/p>\n<p>&nbsp;<\/p>\n<\/div>\n","protected":false},"excerpt":{"rendered":"<p>SOSPIROLO Una donna ha ricevuto via email una richiesta di aiuto da parte del marito che si trovava in difficolt\u00e0 in Val Falcina. L&#8217;escursionista, un cinquantaseienne di Loria (TV),\u00a0 smarrito il sentiero\u00a0 ha\u00a0 contattato la moglie per mail dandole indicazioni del luogo dove si trovava e chiedendo l&#8217;intervento dell&#8217;elicottero. Mentre le squadre del Soccorso alpino&hellip;<\/p>\n","protected":false},"author":4,"featured_media":205595,"comment_status":"closed","ping_status":"open","sticky":false,"template":"","format":"standard","meta":{"_monsterinsights_skip_tracking":false,"_monsterinsights_sitenote_active":false,"_monsterinsights_sitenote_note":"","_monsterinsights_sitenote_category":0,"footnotes":""},"categories":[49],"tags":[],"class_list":["post-225163","post","type-post","status-publish","format-standard","has-post-thumbnail","hentry","category-news-18","category-49","description-off"],"img_url":"https:\/\/www.radiopiu.net\/wordpress\/wp-content\/uploads\/2021\/04\/IMG-20210424-WA0017.jpg","_links":{"self":[{"href":"https:\/\/www.radiopiu.net\/wordpress\/wp-json\/wp\/v2\/posts\/225163","targetHints":{"allow":["GET"]}}],"collection":[{"href":"https:\/\/www.radiopiu.net\/wordpress\/wp-json\/wp\/v2\/posts"}],"about":[{"href":"https:\/\/www.radiopiu.net\/wordpress\/wp-json\/wp\/v2\/types\/post"}],"author":[{"embeddable":true,"href":"https:\/\/www.radiopiu.net\/wordpress\/wp-json\/wp\/v2\/users\/4"}],"replies":[{"embeddable":true,"href":"https:\/\/www.radiopiu.net\/wordpress\/wp-json\/wp\/v2\/comments?post=225163"}],"version-history":[{"count":0,"href":"https:\/\/www.radiopiu.net\/wordpress\/wp-json\/wp\/v2\/posts\/225163\/revisions"}],"wp:featuredmedia":[{"embeddable":true,"href":"https:\/\/www.radiopiu.net\/wordpress\/wp-json\/wp\/v2\/media\/205595"}],"wp:attachment":[{"href":"https:\/\/www.radiopiu.net\/wordpress\/wp-json\/wp\/v2\/media?parent=225163"}],"wp:term":[{"taxonomy":"category","embeddable":true,"href":"https:\/\/www.radiopiu.net\/wordpress\/wp-json\/wp\/v2\/categories?post=225163"},{"taxonomy":"post_tag","embeddable":true,"href":"https:\/\/www.radiopiu.net\/wordpress\/wp-json\/wp\/v2\/tags?post=225163"}],"curies":[{"name":"wp","href":"https:\/\/api.w.org\/{rel}","templated":true}]}}