{"id":225179,"date":"2021-07-31T05:20:36","date_gmt":"2021-07-31T03:20:36","guid":{"rendered":"https:\/\/www.radiopiu.net\/wordpress\/?p=225179"},"modified":"2021-07-31T08:37:17","modified_gmt":"2021-07-31T06:37:17","slug":"per-luxottica-la-mobilita-sostenibile-e-tra-le-priorita-o-no","status":"publish","type":"post","link":"https:\/\/www.radiopiu.net\/wordpress\/per-luxottica-la-mobilita-sostenibile-e-tra-le-priorita-o-no\/","title":{"rendered":"PER LUXOTTICA LA MOBILITA&#8217; SOSTENIBILE: E&#8217; TRA LE PRIORITA&#8217; O NO?"},"content":{"rendered":"<p>&nbsp;<\/p>\n<blockquote><p><a href=\"https:\/\/www.radiopiu.net\/wordpress\/giornale-radiopiu-31-luglio-2021-direttore-mirko-mezzacasa\/bicycles-737190_960_720-2\/\" rel=\"attachment wp-att-225178\"><img loading=\"lazy\" decoding=\"async\" class=\" wp-image-225178 alignleft\" src=\"https:\/\/www.radiopiu.net\/wordpress\/wp-content\/uploads\/2021\/07\/bicycles-737190_960_720-1-300x210.jpg\" alt=\"\" width=\"221\" height=\"155\" srcset=\"https:\/\/www.radiopiu.net\/wordpress\/wp-content\/uploads\/2021\/07\/bicycles-737190_960_720-1-300x210.jpg 300w, https:\/\/www.radiopiu.net\/wordpress\/wp-content\/uploads\/2021\/07\/bicycles-737190_960_720-1-768x538.jpg 768w, https:\/\/www.radiopiu.net\/wordpress\/wp-content\/uploads\/2021\/07\/bicycles-737190_960_720-1.jpg 960w\" sizes=\"auto, (max-width: 221px) 100vw, 221px\" \/><\/a>AGORDO La Commissione trasporti della Rsu torna su un argomento importante anche a seguito della raccolta di firme per l&#8217;ampliamento del parcheggio per biciclette e moto. L&#8217;azienda aveva annunciato miglioramenti che sembravano immininenti ma a fine luglio, ad un passo dalle ferie estive l&#8217;area delle due ruote ha avuto un modesto ampliamento e delle\u00a0 rastrelliere per bici annunciate ad inizio mese manco l&#8217;ombra. <em>&#8220;I ciclisti &#8211; ricorda la commissione &#8211; si ritrovano con una rastrelliera in meno rispetto a prima e met\u00e0 di quelle rimanenti spostate allo scoperto, fuori dalla tettoia dove erano al riparto fino a qualche settimana fa&#8221;.<\/em> In tutto il mondo la mobilit\u00e0 sostenibile \u00e8 una priorit\u00e0 per combattere l&#8217;inquinamento e il cambiamento climatico con piste ciclabili, parcheggi attrezzati per favorire l&#8217;uso del velocipede trasporto ecologico per eccellenza.<em> &#8220;Qui ad Agordo &#8211; conclude amaramente la commissione trasporti RSU- le cose vanno diversamente forse perch\u00e9 come cantava Claudio Baglioni&#8230; Ad Agordo \u00e8 cos\u00ec&#8221;.<\/em><\/p><\/blockquote>\n<p>&nbsp;<\/p>\n","protected":false},"excerpt":{"rendered":"<p>&nbsp; AGORDO La Commissione trasporti della Rsu torna su un argomento importante anche a seguito della raccolta di firme per l&#8217;ampliamento del parcheggio per biciclette e moto. L&#8217;azienda aveva annunciato miglioramenti che sembravano immininenti ma a fine luglio, ad un passo dalle ferie estive l&#8217;area delle due ruote ha avuto un modesto ampliamento e delle\u00a0&hellip;<\/p>\n","protected":false},"author":4,"featured_media":225177,"comment_status":"closed","ping_status":"open","sticky":false,"template":"","format":"standard","meta":{"_monsterinsights_skip_tracking":false,"_monsterinsights_sitenote_active":false,"_monsterinsights_sitenote_note":"","_monsterinsights_sitenote_category":0,"footnotes":""},"categories":[51,49],"tags":[],"class_list":["post-225179","post","type-post","status-publish","format-standard","has-post-thumbnail","hentry","category-evidenza-top","category-news-18","category-51","category-49","description-off"],"img_url":"https:\/\/www.radiopiu.net\/wordpress\/wp-content\/uploads\/2021\/07\/bicycles-737190_960_720.jpg","_links":{"self":[{"href":"https:\/\/www.radiopiu.net\/wordpress\/wp-json\/wp\/v2\/posts\/225179","targetHints":{"allow":["GET"]}}],"collection":[{"href":"https:\/\/www.radiopiu.net\/wordpress\/wp-json\/wp\/v2\/posts"}],"about":[{"href":"https:\/\/www.radiopiu.net\/wordpress\/wp-json\/wp\/v2\/types\/post"}],"author":[{"embeddable":true,"href":"https:\/\/www.radiopiu.net\/wordpress\/wp-json\/wp\/v2\/users\/4"}],"replies":[{"embeddable":true,"href":"https:\/\/www.radiopiu.net\/wordpress\/wp-json\/wp\/v2\/comments?post=225179"}],"version-history":[{"count":0,"href":"https:\/\/www.radiopiu.net\/wordpress\/wp-json\/wp\/v2\/posts\/225179\/revisions"}],"wp:featuredmedia":[{"embeddable":true,"href":"https:\/\/www.radiopiu.net\/wordpress\/wp-json\/wp\/v2\/media\/225177"}],"wp:attachment":[{"href":"https:\/\/www.radiopiu.net\/wordpress\/wp-json\/wp\/v2\/media?parent=225179"}],"wp:term":[{"taxonomy":"category","embeddable":true,"href":"https:\/\/www.radiopiu.net\/wordpress\/wp-json\/wp\/v2\/categories?post=225179"},{"taxonomy":"post_tag","embeddable":true,"href":"https:\/\/www.radiopiu.net\/wordpress\/wp-json\/wp\/v2\/tags?post=225179"}],"curies":[{"name":"wp","href":"https:\/\/api.w.org\/{rel}","templated":true}]}}