{"id":225264,"date":"2021-07-31T13:54:52","date_gmt":"2021-07-31T11:54:52","guid":{"rendered":"https:\/\/www.radiopiu.net\/wordpress\/?p=225264"},"modified":"2021-08-01T07:56:52","modified_gmt":"2021-08-01T05:56:52","slug":"in-costruzione-il-nuovo-regolamento-del-comitato-paritetico-fcc-previsto-il-rafforzamento-degli-uffici-delegati-ok","status":"publish","type":"post","link":"https:\/\/www.radiopiu.net\/wordpress\/in-costruzione-il-nuovo-regolamento-del-comitato-paritetico-fcc-previsto-il-rafforzamento-degli-uffici-delegati-ok\/","title":{"rendered":"IN COSTRUZIONE IL NUOVO REGOLAMENTO DEL COMITATO PARITETICO FCC: PREVISTO IL RAFFORZAMENTO DEGLI UFFICI DELEGATI"},"content":{"rendered":"<p><strong><a href=\"https:\/\/www.radiopiu.net\/wordpress\/dario-bond-e-il-bando-sul-direttore-della-fondazione-unesco\/dario-bond-12\/\" rel=\"attachment wp-att-191054\"><img loading=\"lazy\" decoding=\"async\" class=\"size-medium wp-image-191054 alignleft\" src=\"https:\/\/www.radiopiu.net\/wordpress\/wp-content\/uploads\/2021\/02\/DARIO-BOND-300x138.jpg\" alt=\"\" width=\"300\" height=\"138\" srcset=\"https:\/\/www.radiopiu.net\/wordpress\/wp-content\/uploads\/2021\/02\/DARIO-BOND-300x138.jpg 300w, https:\/\/www.radiopiu.net\/wordpress\/wp-content\/uploads\/2021\/02\/DARIO-BOND-1024x472.jpg 1024w, https:\/\/www.radiopiu.net\/wordpress\/wp-content\/uploads\/2021\/02\/DARIO-BOND-768x354.jpg 768w, https:\/\/www.radiopiu.net\/wordpress\/wp-content\/uploads\/2021\/02\/DARIO-BOND-1536x708.jpg 1536w, https:\/\/www.radiopiu.net\/wordpress\/wp-content\/uploads\/2021\/02\/DARIO-BOND.jpg 1600w\" sizes=\"auto, (max-width: 300px) 100vw, 300px\" \/><\/a>ROMA <\/strong>\u00ab<em>Maggiore responsabilit\u00e0 per i territori, e maggiore forza politica. \u00c8 l\u2019obiettivo per rendere sempre pi\u00f9 efficaci i Fondi Comuni confinanti e portare benefici diffusi alle comunit\u00e0 locali<\/em>\u00bb. \u00c8 il commento del presidente del Comitato Paritetico Fcc Dario Bond, a margine dell\u2019ultima riunione, tenutasi venerd\u00ec (30 luglio) a Trento, per la prima lettura del nuovo regolamento del Comitato stesso. Un regolamento che punta al rafforzamento delle sedi periferiche del Fondo Comuni confinanti, nell\u2019ottica di accorciare la filiera delle progettualit\u00e0 proposte.\u00a0 \u00ab<em>Il nuovo regolamento prevede un ulteriore rafforzamento dei cosiddetti uffici delegati, che possono essere dislocati presso le Regioni Veneto e Lombardia, o presso le Province confinanti con Trento e Bolzano &#8211; sottolinea Dario Bond -. Di fatto, questi uffici &#8211; come quello attivo a Belluno ormai da anni &#8211; avranno a disposizione risorse specifiche e potranno in tal modo arrivare alla gestione totale della filiera del progetto, fino alla liquidazione della cifra finanziata. Tra le altre cose di particolare rilievo, c\u2019\u00e8 anche una previsione di collaborazione e di regia da parte del Fondo per arrivare a una implementazione di programmi europei e creare una sorta di effetto moltiplicatore delle risorse. Se l\u2019obiettivo \u00e8 colmare le differenze tra territori contermini, scopo per cui \u00e8 nato il Fondo, dobbiamo lavorare in questa direzione, come ha gi\u00e0 fatto il mio predecessore De Menech. Con la riunione di oggi, direi che \u00e8 partito un percorso di maggiore responsabilizzazione, e quindi di maggior rafforzamento dei territori<\/em>\u00bb. A margine dell\u2019incontro, Dario Bond ha incontrato anche la Fondazione Dolomiti Unesco. \u00ab<em>Ho lanciato delle idee, legate alle competenze della Fondazione e alle possibilit\u00e0 di aggancio del Pnrr, il grande tema del momento &#8211; spiega il presidente del Comitato Paritetico Fcc -. Penso agli argomenti ambientali e ai dissesti idrogeologici, su cui la presenza della Fondazione \u00e8 importante, anche per uno sguardo complessivo rispetto alle Dolomiti e alle comunit\u00e0 locali. Dall\u2019incontro \u00e8 emersa la disponibilit\u00e0 a collaborare e portare avanti progetti sinergici<\/em>\u00bb.<\/p>\n<p>&nbsp;<\/p>\n<p>&nbsp;<\/p>\n<p>&nbsp;<\/p>\n<p>*****<\/p>\n","protected":false},"excerpt":{"rendered":"<p>ROMA \u00abMaggiore responsabilit\u00e0 per i territori, e maggiore forza politica. \u00c8 l\u2019obiettivo per rendere sempre pi\u00f9 efficaci i Fondi Comuni confinanti e portare benefici diffusi alle comunit\u00e0 locali\u00bb. \u00c8 il commento del presidente del Comitato Paritetico Fcc Dario Bond, a margine dell\u2019ultima riunione, tenutasi venerd\u00ec (30 luglio) a Trento, per la prima lettura del nuovo&hellip;<\/p>\n","protected":false},"author":4,"featured_media":191054,"comment_status":"closed","ping_status":"open","sticky":false,"template":"","format":"standard","meta":{"_monsterinsights_skip_tracking":false,"_monsterinsights_sitenote_active":false,"_monsterinsights_sitenote_note":"","_monsterinsights_sitenote_category":0,"footnotes":""},"categories":[1,104,49],"tags":[],"class_list":["post-225264","post","type-post","status-publish","format-standard","has-post-thumbnail","hentry","category-senza-categoria","category-evidenza_3","category-news-18","category-1","category-104","category-49","description-off"],"img_url":"https:\/\/www.radiopiu.net\/wordpress\/wp-content\/uploads\/2021\/02\/DARIO-BOND.jpg","_links":{"self":[{"href":"https:\/\/www.radiopiu.net\/wordpress\/wp-json\/wp\/v2\/posts\/225264","targetHints":{"allow":["GET"]}}],"collection":[{"href":"https:\/\/www.radiopiu.net\/wordpress\/wp-json\/wp\/v2\/posts"}],"about":[{"href":"https:\/\/www.radiopiu.net\/wordpress\/wp-json\/wp\/v2\/types\/post"}],"author":[{"embeddable":true,"href":"https:\/\/www.radiopiu.net\/wordpress\/wp-json\/wp\/v2\/users\/4"}],"replies":[{"embeddable":true,"href":"https:\/\/www.radiopiu.net\/wordpress\/wp-json\/wp\/v2\/comments?post=225264"}],"version-history":[{"count":0,"href":"https:\/\/www.radiopiu.net\/wordpress\/wp-json\/wp\/v2\/posts\/225264\/revisions"}],"wp:featuredmedia":[{"embeddable":true,"href":"https:\/\/www.radiopiu.net\/wordpress\/wp-json\/wp\/v2\/media\/191054"}],"wp:attachment":[{"href":"https:\/\/www.radiopiu.net\/wordpress\/wp-json\/wp\/v2\/media?parent=225264"}],"wp:term":[{"taxonomy":"category","embeddable":true,"href":"https:\/\/www.radiopiu.net\/wordpress\/wp-json\/wp\/v2\/categories?post=225264"},{"taxonomy":"post_tag","embeddable":true,"href":"https:\/\/www.radiopiu.net\/wordpress\/wp-json\/wp\/v2\/tags?post=225264"}],"curies":[{"name":"wp","href":"https:\/\/api.w.org\/{rel}","templated":true}]}}