{"id":225306,"date":"2021-07-31T18:00:45","date_gmt":"2021-07-31T16:00:45","guid":{"rendered":"https:\/\/www.radiopiu.net\/wordpress\/?p=225306"},"modified":"2021-08-01T07:48:00","modified_gmt":"2021-08-01T05:48:00","slug":"meteo-maltempo-in-veneto-continua-lallerta-gialla-per-criticita-idrogeologica","status":"publish","type":"post","link":"https:\/\/www.radiopiu.net\/wordpress\/meteo-maltempo-in-veneto-continua-lallerta-gialla-per-criticita-idrogeologica\/","title":{"rendered":"METEO. MALTEMPO, IN VENETO CONTINUA L\u2019ALLERTA GIALLA PER CRITICITA\u2019 IDROGEOLOGICA"},"content":{"rendered":"<p><strong>VENEZIA <\/strong>Il bollettino del Centro funzionale decentrato della Protezione Civile del Veneto annuncia per le prossime ore un aumento delle condizioni di instabilit\u00e0 con rovesci e temporali in prevalenza sulle zone alpine e prealpine, in intensificazione nel corso della serata e della nottata, e con successivo graduale interessamento della pianura, specie centro settentrionale, nella giornata di domani. Considerata l\u2019entit\u00e0 dei fenomeni previsti, la criticit\u00e0 idrogeologica \u00e8 riferita allo scenario per temporali forti, quindi viene dichiarato lo stato di attenzione per criticit\u00e0 idrogeologica (allerta gialla) per i seguenti bacini: Alto Piave; Piave Pedemontano; Alto Brenta-Bacchiglione-Alpone; Adige-Garda e Monti Lessini, Basso Brenta Bacchiglione. Per i bacini Po, Fissero-Tartaro-CanalBianco e Basso Adige; Basso Piave, Sile e Bacino scolante in laguna; Livenza, Lemene e Tagliamento, lo stato di attenzione (allerta gialla) si riferisce alla rete idraulica secondaria. Il possibile verificarsi di rovesci o temporali localmente anche intensi, potrebbe creare inoltre disagi al sistema fognario e lungo la rete idrografica minore. Si segnala la possibilit\u00e0 d\u2019innesco di fenomeni franosi superficiali sui versanti e la possibilit\u00e0 di innesco di colate rapide specie nelle zone di allertamento di Vene-A (bacino Alto Piave), Vene-H (bacino Piave Pedemontano), Vene-B (Alto Brenta-Bacchiglione-Alpone) e Vene-C (bacino Adige-Garda e Monti Lessini). Infine temporali intensi interesseranno il settore Dolomitico, determinando un livello di attenzione rinforzata per i comuni che hanno in atto una procedura specifica di allertamento per colate detritiche.<\/p>\n<p><a href=\"https:\/\/www.radiopiu.net\/wordpress\/meteo-maltempo-in-veneto-continua-lallerta-gialla-per-criticita-idrogeologica\/schermata-2021-07-31-alle-17-58-43\/\" rel=\"attachment wp-att-225307\"><img loading=\"lazy\" decoding=\"async\" class=\"alignnone wp-image-225307 size-full\" src=\"https:\/\/www.radiopiu.net\/wordpress\/wp-content\/uploads\/2021\/07\/Schermata-2021-07-31-alle-17.58.43.png\" alt=\"\" width=\"1292\" height=\"362\" srcset=\"https:\/\/www.radiopiu.net\/wordpress\/wp-content\/uploads\/2021\/07\/Schermata-2021-07-31-alle-17.58.43.png 1292w, https:\/\/www.radiopiu.net\/wordpress\/wp-content\/uploads\/2021\/07\/Schermata-2021-07-31-alle-17.58.43-300x84.png 300w, https:\/\/www.radiopiu.net\/wordpress\/wp-content\/uploads\/2021\/07\/Schermata-2021-07-31-alle-17.58.43-1024x287.png 1024w, https:\/\/www.radiopiu.net\/wordpress\/wp-content\/uploads\/2021\/07\/Schermata-2021-07-31-alle-17.58.43-768x215.png 768w\" sizes=\"auto, (max-width: 1292px) 100vw, 1292px\" \/><\/a><\/p>\n<p>&nbsp;<\/p>\n<p>&nbsp;<\/p>\n<p>&nbsp;<\/p>\n<p>****<\/p>\n<p>&nbsp;<\/p>\n","protected":false},"excerpt":{"rendered":"<p>VENEZIA Il bollettino del Centro funzionale decentrato della Protezione Civile del Veneto annuncia per le prossime ore un aumento delle condizioni di instabilit\u00e0 con rovesci e temporali in prevalenza sulle zone alpine e prealpine, in intensificazione nel corso della serata e della nottata, e con successivo graduale interessamento della pianura, specie centro settentrionale, nella giornata&hellip;<\/p>\n","protected":false},"author":4,"featured_media":65370,"comment_status":"closed","ping_status":"open","sticky":false,"template":"","format":"standard","meta":{"_monsterinsights_skip_tracking":false,"_monsterinsights_sitenote_active":false,"_monsterinsights_sitenote_note":"","_monsterinsights_sitenote_category":0,"footnotes":""},"categories":[51,49],"tags":[],"class_list":["post-225306","post","type-post","status-publish","format-standard","has-post-thumbnail","hentry","category-evidenza-top","category-news-18","category-51","category-49","description-off"],"img_url":"https:\/\/www.radiopiu.net\/wordpress\/wp-content\/uploads\/2018\/10\/pioggia.jpg","_links":{"self":[{"href":"https:\/\/www.radiopiu.net\/wordpress\/wp-json\/wp\/v2\/posts\/225306","targetHints":{"allow":["GET"]}}],"collection":[{"href":"https:\/\/www.radiopiu.net\/wordpress\/wp-json\/wp\/v2\/posts"}],"about":[{"href":"https:\/\/www.radiopiu.net\/wordpress\/wp-json\/wp\/v2\/types\/post"}],"author":[{"embeddable":true,"href":"https:\/\/www.radiopiu.net\/wordpress\/wp-json\/wp\/v2\/users\/4"}],"replies":[{"embeddable":true,"href":"https:\/\/www.radiopiu.net\/wordpress\/wp-json\/wp\/v2\/comments?post=225306"}],"version-history":[{"count":0,"href":"https:\/\/www.radiopiu.net\/wordpress\/wp-json\/wp\/v2\/posts\/225306\/revisions"}],"wp:featuredmedia":[{"embeddable":true,"href":"https:\/\/www.radiopiu.net\/wordpress\/wp-json\/wp\/v2\/media\/65370"}],"wp:attachment":[{"href":"https:\/\/www.radiopiu.net\/wordpress\/wp-json\/wp\/v2\/media?parent=225306"}],"wp:term":[{"taxonomy":"category","embeddable":true,"href":"https:\/\/www.radiopiu.net\/wordpress\/wp-json\/wp\/v2\/categories?post=225306"},{"taxonomy":"post_tag","embeddable":true,"href":"https:\/\/www.radiopiu.net\/wordpress\/wp-json\/wp\/v2\/tags?post=225306"}],"curies":[{"name":"wp","href":"https:\/\/api.w.org\/{rel}","templated":true}]}}