{"id":225606,"date":"2021-08-03T05:11:24","date_gmt":"2021-08-03T03:11:24","guid":{"rendered":"https:\/\/www.radiopiu.net\/wordpress\/?p=225606"},"modified":"2021-08-03T05:43:13","modified_gmt":"2021-08-03T03:43:13","slug":"la-chiesa-parrocchiale-della-beata-vergine-addolorata-di-taibon-agordino","status":"publish","type":"post","link":"https:\/\/www.radiopiu.net\/wordpress\/la-chiesa-parrocchiale-della-beata-vergine-addolorata-di-taibon-agordino\/","title":{"rendered":"LA CHIESA PARROCCHIALE DELLA BEATA VERGINE ADDOLORATA DI TAIBON AGORDINO"},"content":{"rendered":"<p><strong><a href=\"https:\/\/www.radiopiu.net\/wordpress\/la-chiesa-parrocchiale-della-beata-vergine-addolorata-di-taibon-agordino\/chiesa-taibon-1\/\" rel=\"attachment wp-att-225607\"><img loading=\"lazy\" decoding=\"async\" class=\"size-medium wp-image-225607 alignleft\" src=\"https:\/\/www.radiopiu.net\/wordpress\/wp-content\/uploads\/2021\/08\/CHIESA-TAIBON-1-300x226.jpg\" alt=\"\" width=\"300\" height=\"226\" srcset=\"https:\/\/www.radiopiu.net\/wordpress\/wp-content\/uploads\/2021\/08\/CHIESA-TAIBON-1-300x226.jpg 300w, https:\/\/www.radiopiu.net\/wordpress\/wp-content\/uploads\/2021\/08\/CHIESA-TAIBON-1-1024x770.jpg 1024w, https:\/\/www.radiopiu.net\/wordpress\/wp-content\/uploads\/2021\/08\/CHIESA-TAIBON-1-768x577.jpg 768w, https:\/\/www.radiopiu.net\/wordpress\/wp-content\/uploads\/2021\/08\/CHIESA-TAIBON-1.jpg 1475w\" sizes=\"auto, (max-width: 300px) 100vw, 300px\" \/><\/a>a cura di Alessandro Savio<\/strong><\/p>\n<p>La storia della nuova chiesa parrocchiale a Taibon Agordino, risale ancora da una idea del primo parroco Don Alessandro De Mench nel 1876. Negli anni a seguire questa iniziativa prese forza anche per un importante aumento demografico in quanto \u00a0la vecchia chiesa di San Cipriano non riusciva pi\u00f9 a contenere l\u2019elevato numero di parrocchiani. Dopo una serie di vicissitudini e di iniziative per reperire i fondi necessari e per scegliere il luogo adatto attraverso una apposita commissione della Fabbriceria locale furono finalmente iniziati i lavori di scavo nell\u2019anno 1914 da parte di numerosi operai emigranti rientrati a causa dello scoppio della prima guerra mondiale. Il progetto approvato dalle autorit\u00e0 competenti era stato redatto dall\u2019ingegner architetto Pietro Saccardo di Venezia. Il terreno era stato acquistato dalla parrocchia con atto pubblico del Notaio Edoardo Casal del 07 luglio 1912, ed i venditori degli appezzamenti furono Moretti Antonio fu Giacomo, Bulf Michele e Giovanni fu Battista, Manfroi Maria fu Angelo, Bulf Corona fu Giobattista. Passarono poi alcuni anni di guerra e di crisi e quindi i lavori furono ripresi nel 1927 come descritto in una antica stampa raffigurante la facciata principale e che cita testualmente : &#8220;Fin dal secolo passato il popolo di Taibon cresciuto di numero e separato dall\u2019Arcidiaconale di Agordo reclamava una Chiesa Parrocchiale pi\u00f9 ampia, pi\u00f9 centrale e pi\u00f9 igienica. In grazia ai lasciti e di offerte di parrocchiani di buona volont\u00e0 in quest\u2019anno 1927 si \u00e8 finalmente bene avviata la sospirata costruzione confidando nella generosa contribuzione di tutti i materiali, denari ed opere fino al compimento agognato\u201c. Il Parroco promotore f\u00f9 Don Tita De Lotto e poi il suo successore Don Giuseppe De Cassan aiutati da \u00a0importanti lasciti e offerte di Parrocchiani e del Comune di Taibon. Il progetto fu modificato in corso d\u2019opera dall\u2019ingegner Adriano\u00a0 Barcelloni Corte di Belluno che progett\u00f2 anche il campanile alto 42 metri. La Chiesa venne completata ed aperta al culto il 15 febbraio del 1943, e successivamente consacrata e dedicata alla Madonna Addolorata dal vescovo Girolamo Bortignon il gioved\u00ec di Passione 11 aprile 1946. <a href=\"https:\/\/www.radiopiu.net\/wordpress\/la-chiesa-parrocchiale-della-beata-vergine-addolorata-di-taibon-agordino\/chiesa-taibon-2\/\" rel=\"attachment wp-att-225608\"><img loading=\"lazy\" decoding=\"async\" class=\"size-medium wp-image-225608 alignright\" src=\"https:\/\/www.radiopiu.net\/wordpress\/wp-content\/uploads\/2021\/08\/CHIESA-TAIBON-2-225x300.jpg\" alt=\"\" width=\"225\" height=\"300\" srcset=\"https:\/\/www.radiopiu.net\/wordpress\/wp-content\/uploads\/2021\/08\/CHIESA-TAIBON-2-225x300.jpg 225w, https:\/\/www.radiopiu.net\/wordpress\/wp-content\/uploads\/2021\/08\/CHIESA-TAIBON-2-768x1024.jpg 768w, https:\/\/www.radiopiu.net\/wordpress\/wp-content\/uploads\/2021\/08\/CHIESA-TAIBON-2.jpg 1109w\" sizes=\"auto, (max-width: 225px) 100vw, 225px\" \/><\/a>All\u2019interno si notano delle decorazioni del pittore trevigiano Arturo Favaro risalenti al 1939, lo stesso autore fu protagonista e autore di un affresco in Via Col Di Lana a Taibon, forse non troppo noto e visibile in quanto posizionato al primo piano di un edificio di abitazione nei pressi di una strettoia. L\u2019affresco raffigura un sacerdote che porge in dono la chiesa parrocchiale alla Madonna, che st\u00e0 in posizione pi\u00f9 elevata con in braccio il Bambin Ges\u00f9. Due angioletti guardano la scena dall\u2019alto, e sullo sfondo ci sono delle montagne di fantasia , vagamente ricordano il Framont .La firma riportata in basso a destra porta la data 1939 A. Favaro. Altro interessante aneddoto inerente la parrocchiale, riguarda una chiesa gemella edificata a Kosseir, un piccolo porto in riva al Mar Rosso in Egitto, ove una nutrita comunit\u00e0 di Agordini emigr\u00f2 per lavorare nelle miniere di fosfato. Tecnici e minatori \u00a0vissero con le loro famiglie per alcuni decenni fino alla seconda met\u00e0 del 1900, infatti nel 1932 fu edificata la nuova chiesa dedicata a Santa Barbara protettrice dei minatori su progetto del perito minerario Riccardo Decima di Taibon.La chiesa si avvicina molto esteticamente, soprattutto nel campanile e nel prospetto Est, alla parrocchiale di Taibon. Al riguardo si pu\u00f2 notare la cartolina con la foto della chiesa di Kosseir spedita il 03.02.1940 dalla signora Anna Bustreo Case, ai tempi col\u00e0 residente ed indirizzata alle signore Silvia e Lia Bortolotti amiche e maestre residenti in centro ad Agordo (BL).<\/p>\n<h3 style=\"text-align: center;\">La chiesa di Kosseir<\/h3>\n\n\t\t\t<style type='text\/css'>\n\t\t\t\t#gallery-1 {\n\t\t\t\t\tmargin: auto;\n\t\t\t\t}\n\t\t\t\t#gallery-1 .gallery-item {\n\t\t\t\t\tfloat: left;\n\t\t\t\t\tmargin-top: 10px;\n\t\t\t\t\ttext-align: center;\n\t\t\t\t\twidth: 50%;\n\t\t\t\t}\n\t\t\t\t#gallery-1 img {\n\t\t\t\t\tborder: 2px solid #cfcfcf;\n\t\t\t\t}\n\t\t\t\t#gallery-1 .gallery-caption {\n\t\t\t\t\tmargin-left: 0;\n\t\t\t\t}\n\t\t\t\t\/* see gallery_shortcode() in wp-includes\/media.php *\/\n\t\t\t<\/style>\n\t\t<div id='gallery-1' class='dt-gallery-container gallery galleryid-225606 gallery-columns-2 gallery-size-medium'><dl class='gallery-item'>\n\t\t\t\t<dt class='gallery-icon landscape'>\n\t\t\t\t\t<a class=\"rollover rollover-zoom dt-pswp-item\" title=\"CHIESA TAIBON 3\" data-dt-img-description=\"\" data-large_image_width=\"1011\" data-large_image_height=\"760\"href='https:\/\/www.radiopiu.net\/wordpress\/wp-content\/uploads\/2021\/08\/CHIESA-TAIBON-3.jpg'><img loading=\"lazy\" decoding=\"async\" width=\"300\" height=\"226\" src=\"https:\/\/www.radiopiu.net\/wordpress\/wp-content\/uploads\/2021\/08\/CHIESA-TAIBON-3-300x226.jpg\" class=\"attachment-medium size-medium\" alt=\"\" srcset=\"https:\/\/www.radiopiu.net\/wordpress\/wp-content\/uploads\/2021\/08\/CHIESA-TAIBON-3-300x226.jpg 300w, https:\/\/www.radiopiu.net\/wordpress\/wp-content\/uploads\/2021\/08\/CHIESA-TAIBON-3-768x577.jpg 768w, https:\/\/www.radiopiu.net\/wordpress\/wp-content\/uploads\/2021\/08\/CHIESA-TAIBON-3.jpg 1011w\" sizes=\"auto, (max-width: 300px) 100vw, 300px\" \/><\/a>\n\t\t\t\t<\/dt><\/dl><dl class='gallery-item'>\n\t\t\t\t<dt class='gallery-icon landscape'>\n\t\t\t\t\t<a class=\"rollover rollover-zoom dt-pswp-item\" title=\"CHIESA TAIBON 4\" data-dt-img-description=\"\" data-large_image_width=\"1023\" data-large_image_height=\"770\"href='https:\/\/www.radiopiu.net\/wordpress\/wp-content\/uploads\/2021\/08\/CHIESA-TAIBON-4.jpg'><img loading=\"lazy\" decoding=\"async\" width=\"300\" height=\"226\" src=\"https:\/\/www.radiopiu.net\/wordpress\/wp-content\/uploads\/2021\/08\/CHIESA-TAIBON-4-300x226.jpg\" class=\"attachment-medium size-medium\" alt=\"\" srcset=\"https:\/\/www.radiopiu.net\/wordpress\/wp-content\/uploads\/2021\/08\/CHIESA-TAIBON-4-300x226.jpg 300w, https:\/\/www.radiopiu.net\/wordpress\/wp-content\/uploads\/2021\/08\/CHIESA-TAIBON-4-768x578.jpg 768w, https:\/\/www.radiopiu.net\/wordpress\/wp-content\/uploads\/2021\/08\/CHIESA-TAIBON-4.jpg 1023w\" sizes=\"auto, (max-width: 300px) 100vw, 300px\" \/><\/a>\n\t\t\t\t<\/dt><\/dl><br style=\"clear: both\" \/>\n\t\t\t<\/div>\n\n<p>&nbsp;<\/p>\n<p>Note storiche del libro: La chiesa della Parrocchia dei Santi Cornelio e Cipriano di Taibon Agordino<\/p>\n<p>autori: Loris Serafini e Fulvio Vizzuti<\/p>\n<p>Immagini e ricerche di archivio: Alessandro Savio<\/p>\n<p>&nbsp;<\/p>\n<p>&nbsp;<\/p>\n<p>&nbsp;<\/p>\n<p>*****<\/p>\n","protected":false},"excerpt":{"rendered":"<p>a cura di Alessandro Savio La storia della nuova chiesa parrocchiale a Taibon Agordino, risale ancora da una idea del primo parroco Don Alessandro De Mench nel 1876. Negli anni a seguire questa iniziativa prese forza anche per un importante aumento demografico in quanto \u00a0la vecchia chiesa di San Cipriano non riusciva pi\u00f9 a contenere&hellip;<\/p>\n","protected":false},"author":4,"featured_media":225607,"comment_status":"closed","ping_status":"open","sticky":false,"template":"","format":"standard","meta":{"_monsterinsights_skip_tracking":false,"_monsterinsights_sitenote_active":false,"_monsterinsights_sitenote_note":"","_monsterinsights_sitenote_category":0,"footnotes":""},"categories":[104,49],"tags":[],"class_list":["post-225606","post","type-post","status-publish","format-standard","has-post-thumbnail","hentry","category-evidenza_3","category-news-18","category-104","category-49","description-off"],"img_url":"https:\/\/www.radiopiu.net\/wordpress\/wp-content\/uploads\/2021\/08\/CHIESA-TAIBON-1.jpg","_links":{"self":[{"href":"https:\/\/www.radiopiu.net\/wordpress\/wp-json\/wp\/v2\/posts\/225606","targetHints":{"allow":["GET"]}}],"collection":[{"href":"https:\/\/www.radiopiu.net\/wordpress\/wp-json\/wp\/v2\/posts"}],"about":[{"href":"https:\/\/www.radiopiu.net\/wordpress\/wp-json\/wp\/v2\/types\/post"}],"author":[{"embeddable":true,"href":"https:\/\/www.radiopiu.net\/wordpress\/wp-json\/wp\/v2\/users\/4"}],"replies":[{"embeddable":true,"href":"https:\/\/www.radiopiu.net\/wordpress\/wp-json\/wp\/v2\/comments?post=225606"}],"version-history":[{"count":0,"href":"https:\/\/www.radiopiu.net\/wordpress\/wp-json\/wp\/v2\/posts\/225606\/revisions"}],"wp:featuredmedia":[{"embeddable":true,"href":"https:\/\/www.radiopiu.net\/wordpress\/wp-json\/wp\/v2\/media\/225607"}],"wp:attachment":[{"href":"https:\/\/www.radiopiu.net\/wordpress\/wp-json\/wp\/v2\/media?parent=225606"}],"wp:term":[{"taxonomy":"category","embeddable":true,"href":"https:\/\/www.radiopiu.net\/wordpress\/wp-json\/wp\/v2\/categories?post=225606"},{"taxonomy":"post_tag","embeddable":true,"href":"https:\/\/www.radiopiu.net\/wordpress\/wp-json\/wp\/v2\/tags?post=225606"}],"curies":[{"name":"wp","href":"https:\/\/api.w.org\/{rel}","templated":true}]}}