{"id":225642,"date":"2021-08-03T05:17:23","date_gmt":"2021-08-03T03:17:23","guid":{"rendered":"https:\/\/www.radiopiu.net\/wordpress\/?p=225642"},"modified":"2021-08-03T05:45:29","modified_gmt":"2021-08-03T03:45:29","slug":"due-frane-sul-civetta-la-verifica-del-soccorso-alpino","status":"publish","type":"post","link":"https:\/\/www.radiopiu.net\/wordpress\/due-frane-sul-civetta-la-verifica-del-soccorso-alpino\/","title":{"rendered":"DUE FRANE SUL CIVETTA,  NESSUNO E&#8217; RIMASTO COINVOLTO"},"content":{"rendered":"<div dir=\"auto\"><strong>VAL DI ZOLDO\u00a0<\/strong> Attorno alle 11 la Centrale del 118 ha ricevuto due segnalazioni per quelle che, alla verifica, si sono dimostrate altrettante frane alla base del Civetta. Poich\u00e9 non si conosceva l&#8217;esatta ubicazione degli eventi e per controllare non vi fossero coinvolti, si \u00e8 alzato in volo l&#8217;elicottero del Suem di Pieve di Cadore. Una volta sul posto \u00e8 stato appurato che una prima frana, non di grosse dimensioni, si era staccata sopra il Sentiero Tivan, senza interessarlo. L&#8217;elicottero ha lungamente sorvolato la zona senza notare problematiche particolari. Nel secondo caso si trattava di una scarica di materiale in prossimit\u00e0 della normale. Anche qui non \u00e8 stato toccato il percorso e l&#8217;accumulo \u00e8 avvenuto in zona normalmente non battuta. Sono stati in ogni caso consultati gli operai che stanno lavorando alla teleferica del Rifugio Torrani, testimoni del distacco che hanno escluso vi fossero persone.<\/div>\n<div dir=\"auto\">\n\n\t\t\t<style type='text\/css'>\n\t\t\t\t#gallery-1 {\n\t\t\t\t\tmargin: auto;\n\t\t\t\t}\n\t\t\t\t#gallery-1 .gallery-item {\n\t\t\t\t\tfloat: left;\n\t\t\t\t\tmargin-top: 10px;\n\t\t\t\t\ttext-align: center;\n\t\t\t\t\twidth: 50%;\n\t\t\t\t}\n\t\t\t\t#gallery-1 img {\n\t\t\t\t\tborder: 2px solid #cfcfcf;\n\t\t\t\t}\n\t\t\t\t#gallery-1 .gallery-caption {\n\t\t\t\t\tmargin-left: 0;\n\t\t\t\t}\n\t\t\t\t\/* see gallery_shortcode() in wp-includes\/media.php *\/\n\t\t\t<\/style>\n\t\t<div id='gallery-1' class='dt-gallery-container gallery galleryid-225642 gallery-columns-2 gallery-size-large'><dl class='gallery-item'>\n\t\t\t\t<dt class='gallery-icon portrait'>\n\t\t\t\t\t<a class=\"rollover rollover-zoom dt-pswp-item\" title=\"salt_20210802_152035_034\" data-dt-img-description=\"\" data-large_image_width=\"1773\" data-large_image_height=\"2364\"href='https:\/\/www.radiopiu.net\/wordpress\/wp-content\/uploads\/2021\/08\/salt_20210802_152035_034.jpg'><img loading=\"lazy\" decoding=\"async\" width=\"768\" height=\"1024\" src=\"https:\/\/www.radiopiu.net\/wordpress\/wp-content\/uploads\/2021\/08\/salt_20210802_152035_034-768x1024.jpg\" class=\"attachment-large size-large\" alt=\"\" srcset=\"https:\/\/www.radiopiu.net\/wordpress\/wp-content\/uploads\/2021\/08\/salt_20210802_152035_034-768x1024.jpg 768w, https:\/\/www.radiopiu.net\/wordpress\/wp-content\/uploads\/2021\/08\/salt_20210802_152035_034-225x300.jpg 225w, https:\/\/www.radiopiu.net\/wordpress\/wp-content\/uploads\/2021\/08\/salt_20210802_152035_034-1152x1536.jpg 1152w, https:\/\/www.radiopiu.net\/wordpress\/wp-content\/uploads\/2021\/08\/salt_20210802_152035_034-1536x2048.jpg 1536w, https:\/\/www.radiopiu.net\/wordpress\/wp-content\/uploads\/2021\/08\/salt_20210802_152035_034.jpg 1773w\" sizes=\"auto, (max-width: 768px) 100vw, 768px\" \/><\/a>\n\t\t\t\t<\/dt><\/dl><dl class='gallery-item'>\n\t\t\t\t<dt class='gallery-icon landscape'>\n\t\t\t\t\t<a class=\"rollover rollover-zoom dt-pswp-item\" title=\"salt_20210802_152054_811\" data-dt-img-description=\"\" data-large_image_width=\"2364\" data-large_image_height=\"1773\"href='https:\/\/www.radiopiu.net\/wordpress\/wp-content\/uploads\/2021\/08\/salt_20210802_152054_811.jpg'><img loading=\"lazy\" decoding=\"async\" width=\"1024\" height=\"768\" src=\"https:\/\/www.radiopiu.net\/wordpress\/wp-content\/uploads\/2021\/08\/salt_20210802_152054_811-1024x768.jpg\" class=\"attachment-large size-large\" alt=\"\" srcset=\"https:\/\/www.radiopiu.net\/wordpress\/wp-content\/uploads\/2021\/08\/salt_20210802_152054_811-1024x768.jpg 1024w, https:\/\/www.radiopiu.net\/wordpress\/wp-content\/uploads\/2021\/08\/salt_20210802_152054_811-300x225.jpg 300w, https:\/\/www.radiopiu.net\/wordpress\/wp-content\/uploads\/2021\/08\/salt_20210802_152054_811-768x576.jpg 768w, https:\/\/www.radiopiu.net\/wordpress\/wp-content\/uploads\/2021\/08\/salt_20210802_152054_811-1536x1152.jpg 1536w, https:\/\/www.radiopiu.net\/wordpress\/wp-content\/uploads\/2021\/08\/salt_20210802_152054_811-2048x1536.jpg 2048w\" sizes=\"auto, (max-width: 1024px) 100vw, 1024px\" \/><\/a>\n\t\t\t\t<\/dt><\/dl><br style=\"clear: both\" \/>\n\t\t\t<\/div>\n\n<p>&nbsp;<\/p>\n<\/div>\n","protected":false},"excerpt":{"rendered":"<p>VAL DI ZOLDO\u00a0 Attorno alle 11 la Centrale del 118 ha ricevuto due segnalazioni per quelle che, alla verifica, si sono dimostrate altrettante frane alla base del Civetta. Poich\u00e9 non si conosceva l&#8217;esatta ubicazione degli eventi e per controllare non vi fossero coinvolti, si \u00e8 alzato in volo l&#8217;elicottero del Suem di Pieve di Cadore.&hellip;<\/p>\n","protected":false},"author":4,"featured_media":225644,"comment_status":"closed","ping_status":"open","sticky":false,"template":"","format":"standard","meta":{"_monsterinsights_skip_tracking":false,"_monsterinsights_sitenote_active":false,"_monsterinsights_sitenote_note":"","_monsterinsights_sitenote_category":0,"footnotes":""},"categories":[51,49],"tags":[],"class_list":["post-225642","post","type-post","status-publish","format-standard","has-post-thumbnail","hentry","category-evidenza-top","category-news-18","category-51","category-49","description-off"],"img_url":"https:\/\/www.radiopiu.net\/wordpress\/wp-content\/uploads\/2021\/08\/salt_20210802_152054_811.jpg","_links":{"self":[{"href":"https:\/\/www.radiopiu.net\/wordpress\/wp-json\/wp\/v2\/posts\/225642","targetHints":{"allow":["GET"]}}],"collection":[{"href":"https:\/\/www.radiopiu.net\/wordpress\/wp-json\/wp\/v2\/posts"}],"about":[{"href":"https:\/\/www.radiopiu.net\/wordpress\/wp-json\/wp\/v2\/types\/post"}],"author":[{"embeddable":true,"href":"https:\/\/www.radiopiu.net\/wordpress\/wp-json\/wp\/v2\/users\/4"}],"replies":[{"embeddable":true,"href":"https:\/\/www.radiopiu.net\/wordpress\/wp-json\/wp\/v2\/comments?post=225642"}],"version-history":[{"count":0,"href":"https:\/\/www.radiopiu.net\/wordpress\/wp-json\/wp\/v2\/posts\/225642\/revisions"}],"wp:featuredmedia":[{"embeddable":true,"href":"https:\/\/www.radiopiu.net\/wordpress\/wp-json\/wp\/v2\/media\/225644"}],"wp:attachment":[{"href":"https:\/\/www.radiopiu.net\/wordpress\/wp-json\/wp\/v2\/media?parent=225642"}],"wp:term":[{"taxonomy":"category","embeddable":true,"href":"https:\/\/www.radiopiu.net\/wordpress\/wp-json\/wp\/v2\/categories?post=225642"},{"taxonomy":"post_tag","embeddable":true,"href":"https:\/\/www.radiopiu.net\/wordpress\/wp-json\/wp\/v2\/tags?post=225642"}],"curies":[{"name":"wp","href":"https:\/\/api.w.org\/{rel}","templated":true}]}}