{"id":225676,"date":"2021-08-02T17:16:15","date_gmt":"2021-08-02T15:16:15","guid":{"rendered":"https:\/\/www.radiopiu.net\/wordpress\/?p=225676"},"modified":"2021-08-02T17:35:42","modified_gmt":"2021-08-02T15:35:42","slug":"lail-arreda-la-foresteria-dellospedale-di-feltre","status":"publish","type":"post","link":"https:\/\/www.radiopiu.net\/wordpress\/lail-arreda-la-foresteria-dellospedale-di-feltre\/","title":{"rendered":"L\u2019AIL arreda la foresteria dell\u2019ospedale di Feltre"},"content":{"rendered":"<p style=\"text-align: left;\" align=\"CENTER\"><a href=\"https:\/\/www.radiopiu.net\/wordpress\/lail-arreda-la-foresteria-dellospedale-di-feltre\/foresteria\/\" rel=\"attachment wp-att-225677\"><img loading=\"lazy\" decoding=\"async\" class=\"size-medium wp-image-225677 alignleft\" src=\"https:\/\/www.radiopiu.net\/wordpress\/wp-content\/uploads\/2021\/08\/foresteria-300x225.jpg\" alt=\"\" width=\"300\" height=\"225\" srcset=\"https:\/\/www.radiopiu.net\/wordpress\/wp-content\/uploads\/2021\/08\/foresteria-300x225.jpg 300w, https:\/\/www.radiopiu.net\/wordpress\/wp-content\/uploads\/2021\/08\/foresteria-1024x768.jpg 1024w, https:\/\/www.radiopiu.net\/wordpress\/wp-content\/uploads\/2021\/08\/foresteria-768x576.jpg 768w, https:\/\/www.radiopiu.net\/wordpress\/wp-content\/uploads\/2021\/08\/foresteria-1536x1152.jpg 1536w, https:\/\/www.radiopiu.net\/wordpress\/wp-content\/uploads\/2021\/08\/foresteria.jpg 2048w\" sizes=\"auto, (max-width: 300px) 100vw, 300px\" \/><\/a><strong>FELTRE<\/strong>\u00a0 <span style=\"font-family: Calibri, serif;\"><span style=\"font-size: large;\">Ancora una volta la generosit\u00e0 dell\u2019Associaizone Italiana Leucemie di Belluno sostiene in maniera concreta la sanit\u00e0 in provincia. <\/span><\/span><span style=\"font-family: Calibri, serif;\"><span style=\"font-size: large;\">L\u2019associazione, su iniziativa della presidente Carmen Mione, ha donato all\u2019ospedale di Feltre gli arredi e alcuni elettrodomestici per rendere pi\u00f9 confortevoli le stanze dedicate alla foresteria per un valore totale della donaizone di oltre 20 mila euro. <\/span><\/span><span style=\"font-family: Calibri, serif;\"><span style=\"font-size: large;\">Le stanze, situate nel padiglione Gaggia Lante, sono a disposizione degli specializzandi o dei reperibili o di tutto il personale che dovesse avere bisogno di un appoggio in caso di necessit\u00e0, anche legate al maltempo. <\/span><\/span><span style=\"font-family: Calibri, serif;\"><span style=\"font-size: large;\">Le stanze, sono state arredate avendo cura anche nella scelta dei colori dei mobili e della qualit\u00e0 degli arredi. Inoltre, l\u2019AIL ha donato anche 6 televisioni e 6 microonde, 6 frigo minibar oltre a una macchina del caff\u00e8 per rendere pi\u00f9 gradevole il pernottamento e rispondere alle piccole necessit\u00e0 di chi ne usufruisce. <\/span><\/span><span style=\"font-family: Calibri, serif;\"><span style=\"font-size: large;\">\u00abContinua l\u2019impegno di AIL a favore degli ospedali della provincia\u00bb, spiega la presidente AIL Carmen Mione, \u00abla cura dei piccoli dettagli \u00e8 orientata all\u2019attenzione verso il benessere dei professionisti che vengono a operare nei nostri ospedali\u00bb <\/span><\/span><span style=\"font-family: Calibri, serif;\"><span style=\"font-size: large;\">\u00ab\u00c8 un\u2019ulteriore iniziativa volta a sostenere professionisti e specializzandi che da altre aree scelgono l\u2019Ulss Dolomiti sia per completare il proprio percorso faormativo e sia per sospenere le \u00e9quipe che vi operano\u00bb, commenta il Direttore Generale Maria Grazia Carraro, \u00abi rinnovati locali si uniscono a una ottima rete professionale che sa accogliere, lavorare in squadra e che ha attitudine a trasmettere le proprie competenze per la crescita dei giovani professionisti. Ancora una volta GRAZIE AIL\u00bb<\/span><\/span><\/p>\n<p align=\"LEFT\">\n","protected":false},"excerpt":{"rendered":"<p>FELTRE\u00a0 Ancora una volta la generosit\u00e0 dell\u2019Associaizone Italiana Leucemie di Belluno sostiene in maniera concreta la sanit\u00e0 in provincia. L\u2019associazione, su iniziativa della presidente Carmen Mione, ha donato all\u2019ospedale di Feltre gli arredi e alcuni elettrodomestici per rendere pi\u00f9 confortevoli le stanze dedicate alla foresteria per un valore totale della donaizone di oltre 20 mila&hellip;<\/p>\n","protected":false},"author":4,"featured_media":225677,"comment_status":"closed","ping_status":"open","sticky":false,"template":"","format":"standard","meta":{"_monsterinsights_skip_tracking":false,"_monsterinsights_sitenote_active":false,"_monsterinsights_sitenote_note":"","_monsterinsights_sitenote_category":0,"footnotes":""},"categories":[51,104,49],"tags":[],"class_list":["post-225676","post","type-post","status-publish","format-standard","has-post-thumbnail","hentry","category-evidenza-top","category-evidenza_3","category-news-18","category-51","category-104","category-49","description-off"],"img_url":"https:\/\/www.radiopiu.net\/wordpress\/wp-content\/uploads\/2021\/08\/foresteria.jpg","_links":{"self":[{"href":"https:\/\/www.radiopiu.net\/wordpress\/wp-json\/wp\/v2\/posts\/225676","targetHints":{"allow":["GET"]}}],"collection":[{"href":"https:\/\/www.radiopiu.net\/wordpress\/wp-json\/wp\/v2\/posts"}],"about":[{"href":"https:\/\/www.radiopiu.net\/wordpress\/wp-json\/wp\/v2\/types\/post"}],"author":[{"embeddable":true,"href":"https:\/\/www.radiopiu.net\/wordpress\/wp-json\/wp\/v2\/users\/4"}],"replies":[{"embeddable":true,"href":"https:\/\/www.radiopiu.net\/wordpress\/wp-json\/wp\/v2\/comments?post=225676"}],"version-history":[{"count":0,"href":"https:\/\/www.radiopiu.net\/wordpress\/wp-json\/wp\/v2\/posts\/225676\/revisions"}],"wp:featuredmedia":[{"embeddable":true,"href":"https:\/\/www.radiopiu.net\/wordpress\/wp-json\/wp\/v2\/media\/225677"}],"wp:attachment":[{"href":"https:\/\/www.radiopiu.net\/wordpress\/wp-json\/wp\/v2\/media?parent=225676"}],"wp:term":[{"taxonomy":"category","embeddable":true,"href":"https:\/\/www.radiopiu.net\/wordpress\/wp-json\/wp\/v2\/categories?post=225676"},{"taxonomy":"post_tag","embeddable":true,"href":"https:\/\/www.radiopiu.net\/wordpress\/wp-json\/wp\/v2\/tags?post=225676"}],"curies":[{"name":"wp","href":"https:\/\/api.w.org\/{rel}","templated":true}]}}