{"id":225681,"date":"2021-08-03T05:18:09","date_gmt":"2021-08-03T03:18:09","guid":{"rendered":"https:\/\/www.radiopiu.net\/wordpress\/?p=225681"},"modified":"2021-08-03T05:41:20","modified_gmt":"2021-08-03T03:41:20","slug":"in-comelico-soccorsa-famiglia-in-difficolta","status":"publish","type":"post","link":"https:\/\/www.radiopiu.net\/wordpress\/in-comelico-soccorsa-famiglia-in-difficolta\/","title":{"rendered":"IN COMELICO SOCCORSA FAMIGLIA IN DIFFICOLTA&#8217;"},"content":{"rendered":"<p><strong>COMELICO<\/strong>\u00a0 Attorno alle 13 una squadra del Soccorso alpino della Val Comelico \u00e8 intervenuta lungo una stradina in localit\u00e0 Campitello, dove una famiglia di Scorz\u00e8 (VE), padre, madre e un bimbo, aveva problemi nel superare una piccola frana caduta di recente. I soccorritori hanno aiutato i tre a passare oltre l&#8217;ostacolo e a tornare sulla strada.<\/p>\n<div dir=\"auto\"><\/div>\n","protected":false},"excerpt":{"rendered":"<p>COMELICO\u00a0 Attorno alle 13 una squadra del Soccorso alpino della Val Comelico \u00e8 intervenuta lungo una stradina in localit\u00e0 Campitello, dove una famiglia di Scorz\u00e8 (VE), padre, madre e un bimbo, aveva problemi nel superare una piccola frana caduta di recente. I soccorritori hanno aiutato i tre a passare oltre l&#8217;ostacolo e a tornare sulla&hellip;<\/p>\n","protected":false},"author":4,"featured_media":215370,"comment_status":"closed","ping_status":"open","sticky":false,"template":"","format":"standard","meta":{"_monsterinsights_skip_tracking":false,"_monsterinsights_sitenote_active":false,"_monsterinsights_sitenote_note":"","_monsterinsights_sitenote_category":0,"footnotes":""},"categories":[51,49],"tags":[],"class_list":["post-225681","post","type-post","status-publish","format-standard","has-post-thumbnail","hentry","category-evidenza-top","category-news-18","category-51","category-49","description-off"],"img_url":"https:\/\/www.radiopiu.net\/wordpress\/wp-content\/uploads\/2021\/06\/salt_20210610_183225_256.jpg","_links":{"self":[{"href":"https:\/\/www.radiopiu.net\/wordpress\/wp-json\/wp\/v2\/posts\/225681","targetHints":{"allow":["GET"]}}],"collection":[{"href":"https:\/\/www.radiopiu.net\/wordpress\/wp-json\/wp\/v2\/posts"}],"about":[{"href":"https:\/\/www.radiopiu.net\/wordpress\/wp-json\/wp\/v2\/types\/post"}],"author":[{"embeddable":true,"href":"https:\/\/www.radiopiu.net\/wordpress\/wp-json\/wp\/v2\/users\/4"}],"replies":[{"embeddable":true,"href":"https:\/\/www.radiopiu.net\/wordpress\/wp-json\/wp\/v2\/comments?post=225681"}],"version-history":[{"count":0,"href":"https:\/\/www.radiopiu.net\/wordpress\/wp-json\/wp\/v2\/posts\/225681\/revisions"}],"wp:featuredmedia":[{"embeddable":true,"href":"https:\/\/www.radiopiu.net\/wordpress\/wp-json\/wp\/v2\/media\/215370"}],"wp:attachment":[{"href":"https:\/\/www.radiopiu.net\/wordpress\/wp-json\/wp\/v2\/media?parent=225681"}],"wp:term":[{"taxonomy":"category","embeddable":true,"href":"https:\/\/www.radiopiu.net\/wordpress\/wp-json\/wp\/v2\/categories?post=225681"},{"taxonomy":"post_tag","embeddable":true,"href":"https:\/\/www.radiopiu.net\/wordpress\/wp-json\/wp\/v2\/tags?post=225681"}],"curies":[{"name":"wp","href":"https:\/\/api.w.org\/{rel}","templated":true}]}}