{"id":225811,"date":"2021-08-04T05:29:24","date_gmt":"2021-08-04T03:29:24","guid":{"rendered":"https:\/\/www.radiopiu.net\/wordpress\/?p=225811"},"modified":"2021-08-04T05:54:41","modified_gmt":"2021-08-04T03:54:41","slug":"dopo-giorni-di-pazienti-appostamenti-i-carabinieri-arrestano-lo-spacciatore","status":"publish","type":"post","link":"https:\/\/www.radiopiu.net\/wordpress\/dopo-giorni-di-pazienti-appostamenti-i-carabinieri-arrestano-lo-spacciatore\/","title":{"rendered":"DOPO GIORNI DI PAZIENTI APPOSTAMENTI I CARABINIERI ARRESTANO LO SPACCIATORE"},"content":{"rendered":"<p>&nbsp;<\/p>\n<blockquote><p><em>\u00a0un altro importante colpo inferto al narco traffico in provincia dai Carabinieri del Comando Provinciale dopo il sequestro di oltre 3 kg di stupefacente avvenuto circa un mese fa.\u00a0<\/em><\/p><\/blockquote>\n<p><strong><a href=\"https:\/\/www.radiopiu.net\/wordpress\/dopo-giorni-di-pazienti-appostamenti-i-carabinieri-arrestano-lo-spacciatore\/ec71b5e4-8244-4980-84bd-766dff02d43b\/\" rel=\"attachment wp-att-225822\"><img loading=\"lazy\" decoding=\"async\" class=\"size-medium wp-image-225822 alignleft\" src=\"https:\/\/www.radiopiu.net\/wordpress\/wp-content\/uploads\/2021\/08\/ec71b5e4-8244-4980-84bd-766dff02d43b-300x135.jpg\" alt=\"\" width=\"300\" height=\"135\" srcset=\"https:\/\/www.radiopiu.net\/wordpress\/wp-content\/uploads\/2021\/08\/ec71b5e4-8244-4980-84bd-766dff02d43b-300x135.jpg 300w, https:\/\/www.radiopiu.net\/wordpress\/wp-content\/uploads\/2021\/08\/ec71b5e4-8244-4980-84bd-766dff02d43b-1024x461.jpg 1024w, https:\/\/www.radiopiu.net\/wordpress\/wp-content\/uploads\/2021\/08\/ec71b5e4-8244-4980-84bd-766dff02d43b-768x346.jpg 768w, https:\/\/www.radiopiu.net\/wordpress\/wp-content\/uploads\/2021\/08\/ec71b5e4-8244-4980-84bd-766dff02d43b-1536x691.jpg 1536w, https:\/\/www.radiopiu.net\/wordpress\/wp-content\/uploads\/2021\/08\/ec71b5e4-8244-4980-84bd-766dff02d43b.jpg 1600w\" sizes=\"auto, (max-width: 300px) 100vw, 300px\" \/><\/a>BELLUNO<\/strong> Un uomo di 48 anni originario della Campania ma da anni residente a Belluno \u00e8 stato arrestato dai Carabiineri del Nucleo Investigativo di Belluno.\u00a0 C. P. (queste e iniziali) \u00e8 infatti stato trovato\u00a0 in possesso di un ingente quantitativo di stupefacente. L\u2019uomo\u00a0 \u00e8 finito nel mirino degli investigatori in seguito ad una serie di riscontri investigativi che hanno preso le mosse dal monitoraggio della movida serale post-lock down. Da molti indicato come fornitore di ogni tipo di stupefacente, \u00e8 stato posto sotto attenta osservazione dai Carabinieri. Il tenore di vita sicuramente sopra la media, nonostante abitasse presso un alloggio di edilizia popolare, le macchine di lusso a sua disposizione e non per ultimo un atteggiamento molto sicuro di se in pubblico, hanno fatto capire che la strada intrapresa fosse quella giusta. Giorni di pazienti appostamenti per studiare abitudini di vita e nella giornata del 30 luglio \u00e8 scattato il blitz, anche con l\u2019uso delle unit\u00e0 cinofile dei Carabinieri. La paziente attesa degli investigatori \u00e8 stata premiata con un ricco bottino: 1,9 kg di hashish;50 gr. di marjuana; 10 gr. di cocaina e tanto materiale per il confezionamento e bilancini di precisione. L\u2019arrestato, associato alla locale casa circondariale, dopo l\u2019avvenuta convalida dell\u2019arresto \u00e8 stato ristretto presso il proprio domicilio.<\/p>\n<p>&nbsp;<\/p>\n<p>VIDEO<\/p>\n<div style=\"width: 640px;\" class=\"wp-video\"><video class=\"wp-video-shortcode\" id=\"video-225811-1\" width=\"640\" height=\"352\" preload=\"metadata\" controls=\"controls\"><source type=\"video\/mp4\" src=\"https:\/\/www.radiopiu.net\/wordpress\/wp-content\/uploads\/2021\/08\/VID-20210731-WA0010.mp4?_=1\" \/><a href=\"https:\/\/www.radiopiu.net\/wordpress\/wp-content\/uploads\/2021\/08\/VID-20210731-WA0010.mp4\">https:\/\/www.radiopiu.net\/wordpress\/wp-content\/uploads\/2021\/08\/VID-20210731-WA0010.mp4<\/a><\/video><\/div>\n<div dir=\"auto\">\n<blockquote>\n<div dir=\"auto\" style=\"text-align: left;\"><em>\u00a0<\/em><\/div>\n<div dir=\"auto\" style=\"text-align: left;\"><em>&#8220;Un plauso e un applauso va ai Carabinieri del Comando Provinciale di Belluno che, ancora una volta hanno dimostrato di non essere secondi a nessuno. Gli uomini e le donne del reparto investigativo, sono riusciti nuovamente a contrastare il dilagante problema del consumo e dello spaccio su stupefacenti nella Provincia di Belluno&#8221;<\/em>. Queste le parole di Tabacchi Ludovico,\u00a0 Responsabile Provinciale del Dipartimento per i Rapporti con le Forze dell&#8217;Ordine di Fratelli d&#8217;Italia.<em> &#8220;Fortunatamente in provincia di Belluno, visti anche i dati emessi dalla Direzione Centrale per i Servizi Antidroga, il problema esiste ma non \u00e8 cos\u00ec dilagante come in altre realt\u00e0&#8221;.<\/em><\/div>\n<\/blockquote>\n<\/div>\n<p>&nbsp;<\/p>\n<p>****<\/p>\n","protected":false},"excerpt":{"rendered":"<p>&nbsp; \u00a0un altro importante colpo inferto al narco traffico in provincia dai Carabinieri del Comando Provinciale dopo il sequestro di oltre 3 kg di stupefacente avvenuto circa un mese fa.\u00a0 BELLUNO Un uomo di 48 anni originario della Campania ma da anni residente a Belluno \u00e8 stato arrestato dai Carabiineri del Nucleo Investigativo di Belluno.\u00a0&hellip;<\/p>\n","protected":false},"author":4,"featured_media":225820,"comment_status":"closed","ping_status":"open","sticky":false,"template":"","format":"standard","meta":{"_monsterinsights_skip_tracking":false,"_monsterinsights_sitenote_active":false,"_monsterinsights_sitenote_note":"","_monsterinsights_sitenote_category":0,"footnotes":""},"categories":[51,49],"tags":[],"class_list":["post-225811","post","type-post","status-publish","format-standard","has-post-thumbnail","hentry","category-evidenza-top","category-news-18","category-51","category-49","description-off"],"img_url":"https:\/\/www.radiopiu.net\/wordpress\/wp-content\/uploads\/2021\/08\/597fd366-dc89-41a3-9290-f529ebb817bd.jpg","_links":{"self":[{"href":"https:\/\/www.radiopiu.net\/wordpress\/wp-json\/wp\/v2\/posts\/225811","targetHints":{"allow":["GET"]}}],"collection":[{"href":"https:\/\/www.radiopiu.net\/wordpress\/wp-json\/wp\/v2\/posts"}],"about":[{"href":"https:\/\/www.radiopiu.net\/wordpress\/wp-json\/wp\/v2\/types\/post"}],"author":[{"embeddable":true,"href":"https:\/\/www.radiopiu.net\/wordpress\/wp-json\/wp\/v2\/users\/4"}],"replies":[{"embeddable":true,"href":"https:\/\/www.radiopiu.net\/wordpress\/wp-json\/wp\/v2\/comments?post=225811"}],"version-history":[{"count":0,"href":"https:\/\/www.radiopiu.net\/wordpress\/wp-json\/wp\/v2\/posts\/225811\/revisions"}],"wp:featuredmedia":[{"embeddable":true,"href":"https:\/\/www.radiopiu.net\/wordpress\/wp-json\/wp\/v2\/media\/225820"}],"wp:attachment":[{"href":"https:\/\/www.radiopiu.net\/wordpress\/wp-json\/wp\/v2\/media?parent=225811"}],"wp:term":[{"taxonomy":"category","embeddable":true,"href":"https:\/\/www.radiopiu.net\/wordpress\/wp-json\/wp\/v2\/categories?post=225811"},{"taxonomy":"post_tag","embeddable":true,"href":"https:\/\/www.radiopiu.net\/wordpress\/wp-json\/wp\/v2\/tags?post=225811"}],"curies":[{"name":"wp","href":"https:\/\/api.w.org\/{rel}","templated":true}]}}