{"id":225950,"date":"2021-08-05T05:39:22","date_gmt":"2021-08-05T03:39:22","guid":{"rendered":"https:\/\/www.radiopiu.net\/wordpress\/?p=225950"},"modified":"2021-08-05T11:50:31","modified_gmt":"2021-08-05T09:50:31","slug":"giornale-radiopiu-05-agosto-2021-direttore-mirko-mezzacasa","status":"publish","type":"post","link":"https:\/\/www.radiopiu.net\/wordpress\/giornale-radiopiu-05-agosto-2021-direttore-mirko-mezzacasa\/","title":{"rendered":"GIORNALE RADIOPIU 05 AGOSTO 2021 DIRETTORE MIRKO MEZZACASA"},"content":{"rendered":"<div class=\"wpb-content-wrapper\"><blockquote>\n<h3>GRUPPO FACEBOOK: RADIO PIU EMITTENTE AGORDINA, ISCRIZIONE GRATUITA<\/h3>\n<\/blockquote>\n<p><a href=\"https:\/\/www.radiopiu.net\/wordpress\/giornale-radiopiu-22-luglio-2021-direttore-mirko-mezzacasa\/219644373_10226900501445066_2635221774135715430_n\/\" rel=\"attachment wp-att-223221\"><img loading=\"lazy\" decoding=\"async\" class=\"alignnone wp-image-223221 size-full\" src=\"https:\/\/www.radiopiu.net\/wordpress\/wp-content\/uploads\/2021\/07\/219644373_10226900501445066_2635221774135715430_n.jpg\" alt=\"\" width=\"960\" height=\"365\" srcset=\"https:\/\/www.radiopiu.net\/wordpress\/wp-content\/uploads\/2021\/07\/219644373_10226900501445066_2635221774135715430_n.jpg 960w, https:\/\/www.radiopiu.net\/wordpress\/wp-content\/uploads\/2021\/07\/219644373_10226900501445066_2635221774135715430_n-300x114.jpg 300w, https:\/\/www.radiopiu.net\/wordpress\/wp-content\/uploads\/2021\/07\/219644373_10226900501445066_2635221774135715430_n-768x292.jpg 768w\" sizes=\"auto, (max-width: 960px) 100vw, 960px\" \/><\/a><\/p>\n<p>&nbsp;<\/p>\n<hr \/>\n<p>&nbsp;<\/p>\n<blockquote>\n<h3>COMPRIAMO UNA MACCHINA ATTREZZATA PER RICCARDO<\/h3>\n<\/blockquote>\n<p><strong><a href=\"https:\/\/www.radiopiu.net\/wordpress\/compriamo-una-macchina-attrezzata-per-riccardo\/1626340291137881-img-20210714-wa0025\/\" rel=\"attachment wp-att-224370\"><img loading=\"lazy\" decoding=\"async\" class=\"size-medium wp-image-224370 alignleft\" src=\"https:\/\/www.radiopiu.net\/wordpress\/wp-content\/uploads\/2021\/07\/1626340291137881-IMG-20210714-WA0025-169x300.jpg\" alt=\"\" width=\"169\" height=\"300\" srcset=\"https:\/\/www.radiopiu.net\/wordpress\/wp-content\/uploads\/2021\/07\/1626340291137881-IMG-20210714-WA0025-169x300.jpg 169w, https:\/\/www.radiopiu.net\/wordpress\/wp-content\/uploads\/2021\/07\/1626340291137881-IMG-20210714-WA0025-576x1024.jpg 576w, https:\/\/www.radiopiu.net\/wordpress\/wp-content\/uploads\/2021\/07\/1626340291137881-IMG-20210714-WA0025-768x1365.jpg 768w, https:\/\/www.radiopiu.net\/wordpress\/wp-content\/uploads\/2021\/07\/1626340291137881-IMG-20210714-WA0025.jpg 800w\" sizes=\"auto, (max-width: 169px) 100vw, 169px\" \/><\/a>SOSPIROLO<\/strong> Radio Pi\u00f9 appoggia l&#8217;iniziativa di\u00a0 Agostino Tegner il pap\u00e0 di Riccardo, poche parole le sue ma piene di significato<em> &#8220;Io e mia moglie stiamo invecchiando e non riusciamo pi\u00f9 <img loading=\"lazy\" decoding=\"async\" class=\"alignright\" src=\"https:\/\/www.radiopiu.net\/wordpress\/wp-content\/uploads\/2021\/07\/1626451699105964-locandina-riccardo.jpg\" width=\"297\" height=\"167\" \/>a trasportare come si deve il nostro ragazzo, che necessita di una macchina attrezzata con un piano ribassato con pedana&#8221;.<\/em><\/p>\n<p>Per questo ha avuto inizio la raccolta fondi che si prefigge lo scopo di raccogliere 35.000 euro entro fine agosto. Ad oggi sono stati versati i primi <strong>6095<\/strong> euro, per farlo \u00e8 semplice<span style=\"color: #0000ff;\"> <strong><a style=\"color: #0000ff;\" href=\"https:\/\/www.eppela.com\/it\/projects\/31001-compriamo-una-macchina-attrezzata-per-riccardo\">clicca qui\u00a0<\/a><\/strong><\/span><\/p>\n<blockquote><p><em>Riccardo \u00e8 un simpatico ragazzino di 15 anni che vive sulle montagne di Sospirolo. Sempre sorridente e circondato dall&#8217;affetto dei suoi cari, Riccardo \u00e8 per\u00f2 costretto a stare sulla sedia a rotelle a causa della distrofia muscolare di Duchenne, di cui \u00e8 affetto dalla nascita.\u00a0 I genitori, dopo anni di sacrifici, hanno deciso di acquistare un&#8217;auto munita di pedana per poter trasportare il figlio in modo pi\u00f9 comodo, pratico e sicuro, soprattutto adesso che sta crescendo e il peso &#8211; per i due genitori che stanno diventando anziani &#8211; si fa sempre pi\u00f9 sentire.\u00a0<\/em><\/p><\/blockquote>\n<p>&nbsp;<\/p>\n<p><a class=\"dt-pswp-item\" href=\"https:\/\/www.radiopiu.net\/wordpress\/wp-content\/uploads\/2021\/05\/MuseDolomiti_ConsDir2021-scaled.jpg\" data-dt-img-description=\"\" data-large_image_width=\"2560\" data-large_image_height=\"1484\"><img loading=\"lazy\" decoding=\"async\" class=\"size-thumbnail wp-image-211621 alignleft\" src=\"https:\/\/www.radiopiu.net\/wordpress\/wp-content\/uploads\/2021\/05\/MuseDolomiti_ConsDir2021-150x150.jpg\" alt=\"\" width=\"150\" height=\"150\" \/><\/a><\/p>\n<p>&nbsp;<\/p>\n<p>&nbsp;<\/p>\n<p><strong>L&#8217;IDEA DI ODA&#8230;. DA LE MUSE E LE DOLOMITI UN ALTRO SLANCIO SOLIDALE domenica il concerto a San Simon di Vallada, parte dell&#8217;incasso a offerta libera per Riccardo.\u00a0<\/strong><\/p>\n<audio class=\"wp-audio-shortcode\" id=\"audio-225950-1\" preload=\"none\" style=\"width: 100%;\" controls=\"controls\"><source type=\"audio\/mpeg\" src=\"https:\/\/www.radiopiu.net\/wordpress\/wp-content\/uploads\/2021\/08\/oda-1.mp3?_=1\" \/><a href=\"https:\/\/www.radiopiu.net\/wordpress\/wp-content\/uploads\/2021\/08\/oda-1.mp3\">https:\/\/www.radiopiu.net\/wordpress\/wp-content\/uploads\/2021\/08\/oda-1.mp3<\/a><\/audio>\n<p>&nbsp;<\/p>\n<p><strong>OGGI SUL CORRIERE DELLE ALPI di Nicola Pasuch:<\/strong> Tremila euro in una sola notte. La raccolta di fondi solidale ha fatto un bel balzo ma il traguardo non \u00e8 ancora raggiunto. <em>\u00abLa raccolta sta andando abbastanza bene\u00bb, spiega Agostino Tegner, \u00ababbiamo ancora ventiquattro giorni per cercare di raggiungere il nostro obiettivo. Fino all&#8217;altra mattina erano stati versati circa tremila euro, oggi ce n&#8217;erano circa seimila. Di conseguenza dev&#8217;esserci stata una donazione unica di tremila euro, nelle ultime ore. Tutto ci\u00f2 che raccoglieremo nei prossimi giorni sar\u00e0 ben accetto. L&#8217;obiettivo che abbiamo fissato \u00e8 di 35 mila euro: tanti sono quelli necessari per acquistare una macchina attrezzata con un piano ribassato dotato di pedana per ospitare la carrozzina di Riccardo, e da soli non ce la potremo fare\u00bb<\/em>. In queste ore l&#8217;iniziativa ha dato origine ad una massiccia mobilitazione (tra coloro che per primi hanno sostenuto la campagna vi \u00e8 anche l&#8217;emittente agordina Radio pi\u00f9).<em> \u00abSe non avessimo davvero questa necessit\u00e0\u00bb, aggiungono i genitori di Riccardo, &#8220;mai avremmo pensato di lanciare una raccolta fondi simile. Ma purtroppo comincia ad essere davvero faticoso per noi spostare Riccardo senza un&#8217;auto adatta. Facciamo tutto questo per la sua indipendenza e per la sua libert\u00e0. Se tutti ci metteremo del nostro, sar\u00e0 per noi possibile riuscire a raggiungere questo obiettivo. Facciamo appello alla generosit\u00e0 di ciascuno e siamo grati nei confronti di quanti hanno donato o doneranno\u00bb.\u00a0<\/em><\/p>\n<p>&nbsp;<\/p>\n<hr \/>\n<h1 class=\"news-title\"><\/h1>\n<h1><\/h1>\n<h1 class=\"news-title\">Maltempo: chiuse statale e ferrovia Brennero in Alto Adige Preoccupa livello dei fiumi dopo le precipitazioni della notte<\/h1>\n<p>&nbsp;<\/p>\n<hr \/>\n<blockquote>\n<h2>PROVINCIALE 3 DI VALLE IMPERINA GOSALDO-RIVAMONTE: CHIUSA FINO AL 06 AGOSTO, PROROGATA DI UNA SETTIMANA LA PRECEDENTE ORDINANZA<\/h2>\n<\/blockquote>\n<p class=\"photoswipe-wrapper\"><a class=\"dt-pswp-item pspw-wrap-ready\" href=\"https:\/\/www.radiopiu.net\/wordpress\/wp-content\/uploads\/2021\/07\/b4b9c188-6323-4f82-bd7f-0a7c57ec0d22.jpg\" data-dt-img-description=\"\" data-large_image_width=\"1200\" data-large_image_height=\"1600\"><img loading=\"lazy\" decoding=\"async\" class=\" wp-image-223129 alignleft\" src=\"https:\/\/www.radiopiu.net\/wordpress\/wp-content\/uploads\/2021\/07\/b4b9c188-6323-4f82-bd7f-0a7c57ec0d22-150x150.jpg\" alt=\"\" width=\"120\" height=\"120\" \/><\/a><strong>GOSALDO<\/strong>\u00a0Per lavori al chilometro 9.600 strada chiusa 24 ore su 24 sabato e domenica compresi. Interruzione fino al 06 agosto, Rivamonte \u00e8 raggiungibile da Agordo (senso unico in localit\u00e0 Gona Conedera) e da Voltago via Digoman<\/p>\n<p><strong>CANALE D\u2019AGORDO<\/strong>\u00a0Sono in corso i lavori di rifacimento del ponte che porta alla frazione Gares, per questo il sindaco Flavio Colcergnan ha firmato una nuova ordinanza: senso unico alternato regolato da impianto semaforico in localig\u00e0 Brudigoth\u00a0 fino al termine dei lavori.<\/p>\n<p><strong>SEDICO<\/strong>\u00a0 REGIONALE 203 AGORDINA, In localit\u00e0 La Stanga dal 19 luglio al 6 agosto senso unico regolato da movieri<\/p>\n<p><strong>LA\u00a0 VALLE STRADA PER MALGA FOCA<\/strong> NEL FINE SETTIMANA APERTA . CHIUDE DI NUOVO NEI GIORNI FERIALI ANCHE I SENTIERI CAI\u00a0 545, 542 e 541.<\/p>\n<p><strong>SP473 CROCE D\u2019AUNE, COMUNE SOVRAMONTE\u00a0<\/strong>dal 2 al 7 agosto dalle 8 alle 18 interdizione totale al transito con deviazioni sulla viabilit\u00e0 comunale per demolizione totale albergo Monte Pavione.<\/p>\n<p>&nbsp;<\/p>\n<hr \/>\n<p>&nbsp;<\/p>\n<h3>INTERRUZIONI ENEL<\/h3>\n<p><strong>Oggi<\/strong> dalle 16 alle 20.30 in varie zone del Comune di Taibon tra Peden e Forno Val, ma anche in frazione Ronch de Bos e Peschiere.<\/p>\n<div class=\"mkdf-post-text\">\n<div class=\"mkdf-post-text-inner\">\n<div class=\"mkdf-post-text-main\">\n<p><strong>Luned\u00ec 9<\/strong> agosto dalle 7:30 alle 12:30 interruzioni a Taibon Agordino nelle vie Pont di Peden, Le Vare e Al Forte<\/p>\n<\/div>\n<blockquote><p>&nbsp;<\/p>\n<p>&nbsp;<\/p><\/blockquote>\n<hr \/>\n<blockquote><p>&nbsp;<\/p>\n<p>&nbsp;<\/p>\n<p>&nbsp;<\/p><\/blockquote>\n<h3>E&#8217; MORTO DON COSTANTINO, L&#8217;AMATO PARROCO DI CENCENIGHE<\/h3>\n<p><strong><a href=\"https:\/\/www.radiopiu.net\/wordpress\/giornale-radiopiu-05-agosto-2021-direttore-mirko-mezzacasa\/safe_image-26\/\" rel=\"attachment wp-att-226147\"><img loading=\"lazy\" decoding=\"async\" class=\"size-medium wp-image-226147 alignleft\" src=\"https:\/\/www.radiopiu.net\/wordpress\/wp-content\/uploads\/2021\/08\/safe_image-300x157.jpg\" alt=\"\" width=\"300\" height=\"157\" srcset=\"https:\/\/www.radiopiu.net\/wordpress\/wp-content\/uploads\/2021\/08\/safe_image-300x157.jpg 300w, https:\/\/www.radiopiu.net\/wordpress\/wp-content\/uploads\/2021\/08\/safe_image.jpg 500w\" sizes=\"auto, (max-width: 300px) 100vw, 300px\" \/><\/a>BELLUNO<\/strong> La sua vita terrena \u00e8 terminata a\u00a0 Casa Padre Kolbe di Pedavena, Don Costantino De Martin Polo era ricoverato nella residenza per anziani da tempo\u00a0 ed aveva\u00a0 festeggiato il 92esimo compleanno\u00a0 da poco. Don Costantino era stato ordinato presbitero nella Cattedrale di Belluno il 5 luglio 1953, insieme ad altri tredici compagni di Seminario ed ha svolto il servizio di prete per 68 anni in diverse parti e parrocchie della diocesi di Belluno-Feltre. Nel 1972 fu inviato come parroco, a Cencenighe, paese dove rimase ininterrottamente per ben 21 anni, sino al 1993. In quell&#8217;anno il vescovo Ducoli gli chiese di passare a Visome, dove esercit\u00f2 per l&#8217;ultima volta il proprio ministero di parroco fino al 2002.<\/p>\n<p>&nbsp;<\/p>\n<p><strong>IL SINDACO MAURO SOPPELSA<\/strong><\/p>\n<audio class=\"wp-audio-shortcode\" id=\"audio-225950-2\" preload=\"none\" style=\"width: 100%;\" controls=\"controls\"><source type=\"audio\/mpeg\" src=\"https:\/\/www.radiopiu.net\/wordpress\/wp-content\/uploads\/2021\/08\/mauro.mp3?_=2\" \/><a href=\"https:\/\/www.radiopiu.net\/wordpress\/wp-content\/uploads\/2021\/08\/mauro.mp3\">https:\/\/www.radiopiu.net\/wordpress\/wp-content\/uploads\/2021\/08\/mauro.mp3<\/a><\/audio>\n<p>&nbsp;<\/p>\n<p><strong>IL RICORDO DI RADIO PIU, L&#8217;INTERVISTA DI LUISA ALCHINI<\/strong><\/p>\n<p><strong>PARTE1<\/strong><\/p>\n<audio class=\"wp-audio-shortcode\" id=\"audio-225950-3\" preload=\"none\" style=\"width: 100%;\" controls=\"controls\"><source type=\"audio\/mpeg\" src=\"https:\/\/www.radiopiu.net\/wordpress\/wp-content\/uploads\/2021\/08\/1-don-costantino.mp3?_=3\" \/><a href=\"https:\/\/www.radiopiu.net\/wordpress\/wp-content\/uploads\/2021\/08\/1-don-costantino.mp3\">https:\/\/www.radiopiu.net\/wordpress\/wp-content\/uploads\/2021\/08\/1-don-costantino.mp3<\/a><\/audio>\n<p><strong>\u00a0<\/strong><\/p>\n<p><strong>PARTE2<\/strong><\/p>\n<audio class=\"wp-audio-shortcode\" id=\"audio-225950-4\" preload=\"none\" style=\"width: 100%;\" controls=\"controls\"><source type=\"audio\/mpeg\" src=\"https:\/\/www.radiopiu.net\/wordpress\/wp-content\/uploads\/2021\/08\/2-don-costantino.mp3?_=4\" \/><a href=\"https:\/\/www.radiopiu.net\/wordpress\/wp-content\/uploads\/2021\/08\/2-don-costantino.mp3\">https:\/\/www.radiopiu.net\/wordpress\/wp-content\/uploads\/2021\/08\/2-don-costantino.mp3<\/a><\/audio>\n<p><strong>\u00a0\u00a0<\/strong><\/p>\n<p><strong>PARTE 3<\/strong><\/p>\n<audio class=\"wp-audio-shortcode\" id=\"audio-225950-5\" preload=\"none\" style=\"width: 100%;\" controls=\"controls\"><source type=\"audio\/mpeg\" src=\"https:\/\/www.radiopiu.net\/wordpress\/wp-content\/uploads\/2021\/08\/3-don-costantino.mp3?_=5\" \/><a href=\"https:\/\/www.radiopiu.net\/wordpress\/wp-content\/uploads\/2021\/08\/3-don-costantino.mp3\">https:\/\/www.radiopiu.net\/wordpress\/wp-content\/uploads\/2021\/08\/3-don-costantino.mp3<\/a><\/audio>\n<p>&nbsp;<\/p>\n<p>&nbsp;<\/p>\n<hr \/>\n<p>&nbsp;<\/p>\n<p>&nbsp;<\/p>\n<blockquote>\n<h3><\/h3>\n<h3>DOPO PONTE E PIEVE DI SOLIGO TREMA L&#8217;ALPAGO<\/h3>\n<\/blockquote>\n<p><strong>ALPAGO<\/strong> Scossa di terremoto appena percettibile ieri sera alle 19.38 in Alpago, 1,4 gradi della scala Richter, profondit\u00e0 8.1 chilometri nell&#8217;area sismica Alpago, 6 Km da Tambre. Nelle ultime ore scosse di terremoto sono state registrate a Ponte nelle Alpi e Valbelluna (2,2 magnitudo), e tre scosse nella zona di Pieve di Soligo tra 1,8 e 2.2 gradi della scala Richter.<\/p>\n<p><img loading=\"lazy\" decoding=\"async\" class=\"\" src=\"https:\/\/www.radiopiu.net\/wordpress\/wp-content\/uploads\/2021\/08\/d0847f8a-022b-4255-902c-80fcafc106bf.jpg\" width=\"170\" height=\"302\" \/><\/p>\n<p>&nbsp;<\/p>\n<p>&nbsp;<\/p>\n<hr \/>\n<p>&nbsp;<\/p>\n<blockquote>\n<h3>ELEZIONI COMUNALI SI VOTA IL 3-4 OTTOBRE<\/h3>\n<p><a href=\"https:\/\/www.radiopiu.net\/wordpress\/elezioni-comunali-2019-laffluenza-alle-23\/elezioni-comunali\/\" rel=\"attachment wp-att-86550\"><img loading=\"lazy\" decoding=\"async\" class=\"wp-image-86550 alignleft\" src=\"https:\/\/www.radiopiu.net\/wordpress\/wp-content\/uploads\/2019\/05\/ELEZIONI-COMUNALI-300x195.jpg\" alt=\"\" width=\"172\" height=\"112\" srcset=\"https:\/\/www.radiopiu.net\/wordpress\/wp-content\/uploads\/2019\/05\/ELEZIONI-COMUNALI-300x195.jpg 300w, https:\/\/www.radiopiu.net\/wordpress\/wp-content\/uploads\/2019\/05\/ELEZIONI-COMUNALI.jpg 751w\" sizes=\"auto, (max-width: 172px) 100vw, 172px\" \/><\/a><strong>BELLUNO<\/strong> Estate da campagna elettorale, a ottobre si vota a Selva di Cadore, Alpago, Val di Zoldo, Alano di Piave, Lozzo di Cadore, Vigo di Cadore, Sovramonte e Voltago. Andranno al voto otto comuni con circa 20 mila abitanti.\u00a0 ALPAGO Umberto Soccal, ha deciso di passare la mano, candidati\u00a0 Alberto Peterle,\u00a0 Vanessa De Francesch e Filippo Sitran. VAL DI ZOLDO Camillo De Pellegrin certo,\u00a0 in forse Roberto Molin Pradel. ALANO DI PIAVE sfida al sindaco uscente Serenella Bogana con\u00a0 Dario Codemo LOZZO DI CADORE\u00a0 Alessio Zanella e Giuseppe De Meio. VOLTAGO\u00a0 Francesca Della Lucia e Giuseppe Schena. SELVA DI CADORE tutto tace. VIGO DI CADORE non si ricandida Mauro Da Rin Bettina SOVRAMONTE Federico Dalla Torre candidatura certa.<\/p><\/blockquote>\n<p>&nbsp;<\/p>\n<hr \/>\n<p>&nbsp;<\/p>\n<blockquote>\n<h3>IL MAL DI SCHIENA FERMA UN TEDESCO AL VAZZOLER<\/h3>\n<\/blockquote>\n<p><strong><a href=\"https:\/\/www.radiopiu.net\/wordpress\/giornale-radiopiu-31-luglio-2021-direttore-mirko-mezzacasa\/download-1137\/\" rel=\"attachment wp-att-225167\"><img loading=\"lazy\" decoding=\"async\" class=\" wp-image-225167 alignleft\" src=\"https:\/\/www.radiopiu.net\/wordpress\/wp-content\/uploads\/2021\/07\/download-4.jpg\" alt=\"\" width=\"129\" height=\"86\" \/><\/a>TAIBON<\/strong> Ieri mattina attorno alle 8, su richiesta del gestore, una squadra del Soccorso alpino di Agordo \u00e8 salita in jeep al Rifugio Vazzoler, dove era arrivato un escursionista tedesco di 31 anni, che lamentava dolori alla schiena forse a causa dello zaino. I soccorritori lo hanno accompagnato all&#8217;ospedale di Agordo per le verifiche del caso.<\/p>\n<p>&nbsp;<\/p>\n<p>&nbsp;<\/p>\n<p>&nbsp;<\/p>\n<hr \/>\n<p>&nbsp;<\/p>\n<blockquote>\n<h3>SOCCORSA COPPIA DI ESCURSIONISTI FUORI SENTIERO<\/h3>\n<\/blockquote>\n<p><strong>PERAROLO DI CADORE<\/strong> Scendendo dal sentiero Zandonella che percorre la cresta, una coppia di escursionisti ha perso la traccia senza riuscire pi\u00f9 a procedere. Individuati grazie alle coordinate, S.S., 41 anni lei di Spinea (VE), ed E.F., 54 anni lui di Longarone (BL), sono stati recuperati in due rotazioni dal tecnico di elisoccorso del Suem utilizzando un verricello e trasportati a valle.<\/p>\n<p>&nbsp;<\/p>\n<hr \/>\n<p>&nbsp;<\/p>\n<p>&nbsp;<\/p>\n<blockquote>\n<h3>SOCCORSO ESCURSIONISTA IPOTERMICO<\/h3>\n<\/blockquote>\n<p><strong>LONGARONE<\/strong> Al Rifugio Pramperet\u00a0 \u00e8 arrivato un escursionista che lamentava malessere diffuso. Atterrati in piazzola, equipe medica e tecnico di elisoccorso hanno verificato le condizioni dell&#8217;uomo, un turista olandese di 45 anni che stava facendo l&#8217;Alta via numero 1, e hanno appurato i sintomi di una probabile ipotermia. Dopo averlo caricato in barella, i soccorritori lo hanno trasportato all&#8217;elicottero per portarlo all&#8217;ospedale di Belluno.<\/p>\n<p>&nbsp;<\/p>\n<hr \/>\n<p>&nbsp;<\/p>\n<p>&nbsp;<\/p>\n<blockquote>\n<h3>METEO. PRECIPITAZIONI SPARSE SULLE ZONE CENTRO SETTENTRIONALI DEL VENETO,<\/h3>\n<\/blockquote>\n<p><strong><img loading=\"lazy\" decoding=\"async\" class=\"alignleft\" src=\"https:\/\/www.radiopiu.net\/wordpress\/wp-content\/uploads\/2018\/08\/instabilita.jpg\" width=\"137\" height=\"82\" \/>VENEZIA\u00a0<\/strong> Le previsioni meteorologiche del Veneto segnalano fino alla mattina tempo perturbato ad iniziare dalle zone montane. Attese precipitazioni diffuse sulle zone centro settentrionali della regione, pi\u00f9 discontinue altrove, con quantitativi di pioggia, anche consistenti, sulle zone montane e pedemontane. Saranno inoltre possibili vari temporali, localmente intensi (forti rovesci, locali grandinate, forti raffiche di vento). Sulle zone montane, inoltre, per i comuni che hanno in atto una procedura specifica di allertamento per colate detritiche, si segnala un livello 2 di \u201cattenzione rinforzata\u201d.<\/p>\n<\/div>\n<p>&nbsp;<\/p>\n<p>&nbsp;<\/p>\n<div class=\"mkdf-post-text-inner\">\n<hr \/>\n<blockquote>\n<h3><\/h3>\n<h3>IL VENETO RISPONDE ALLA RICHIESTA DI AIUTO DELLA REGIONE SICILIA<\/h3>\n<\/blockquote>\n<p><strong><a href=\"https:\/\/www.radiopiu.net\/wordpress\/giornale-radiopiu-26-ottobre-2020-direttore-mirko-mezzacasa\/protezione-civile-1\/\" rel=\"attachment wp-att-168417\"><img loading=\"lazy\" decoding=\"async\" class=\" wp-image-168417 alignleft\" src=\"https:\/\/www.radiopiu.net\/wordpress\/wp-content\/uploads\/2020\/10\/Protezione-Civile-1-300x225.jpeg\" alt=\"\" width=\"231\" height=\"173\" srcset=\"https:\/\/www.radiopiu.net\/wordpress\/wp-content\/uploads\/2020\/10\/Protezione-Civile-1-300x225.jpeg 300w, https:\/\/www.radiopiu.net\/wordpress\/wp-content\/uploads\/2020\/10\/Protezione-Civile-1-1024x768.jpeg 1024w, https:\/\/www.radiopiu.net\/wordpress\/wp-content\/uploads\/2020\/10\/Protezione-Civile-1-768x576.jpeg 768w, https:\/\/www.radiopiu.net\/wordpress\/wp-content\/uploads\/2020\/10\/Protezione-Civile-1-1536x1152.jpeg 1536w, https:\/\/www.radiopiu.net\/wordpress\/wp-content\/uploads\/2020\/10\/Protezione-Civile-1.jpeg 1600w\" sizes=\"auto, (max-width: 231px) 100vw, 231px\" \/><\/a>VENEZIA<\/strong> Il dipartimento nazionale della Protezione Civile ha attivato la colonna mobile AIB della Regione del Veneto in supporto della Regione Sicilia, per fronteggiare gli incendi boschivi. Il Veneto ha gi\u00e0 inviato a Palermo e provincia due funzionari dei servizi forestali (direttori delle operazioni di spegnimento) e 14 volontari con 5 mezzi operativi delle organizzazioni di volontariato convenzionate con la Regione per le attivit\u00e0 di antincendio boschivo:\u00a0 ANA,\u00a0 associazioni di Cogollo del Cengio,\u00a0 Nove e Montecchio Maggiore. Si aggregheranno\u00a0 squadre di Valdobbiadene, Valdagno, Vittorio Veneto, Fumane, con almeno 15 volontari Le squadre venete saranno impegnate in Sicilia almeno fino al 10 agosto, ma non si escludono turnazioni e l\u2019invio di altri uomini per consentire l\u2019avvicendamento dei volontari considerate le elevate temperature e le numerose richieste di intervento.<\/p>\n<p>&nbsp;<\/p>\n<p>&nbsp;<\/p>\n<hr \/>\n<p>&nbsp;<\/p>\n<p>&nbsp;<\/p>\n<p>&nbsp;<\/p>\n<div class=\"page-title-head hgroup\">\n<blockquote>\n<h3 class=\"entry-title\">ELEZIONI AL GAL, MARIO POZZA PRESIDENTE CAMERA DI COMMERCIO \u201cAVEVO INVITATO DA DEPPO A PREPARARE LA SUCCESSIONE\u201d<\/h3>\n<\/blockquote>\n<\/div>\n<div class=\"page-title-breadcrumbs\">\n<h3><em><strong>\u201cLA ROTAZIONE E\u2019 RAGIONEVOLE.\u00a0 <\/strong><\/em><em><strong>SITUAZIONE CHE NON FA ONORE A DA DEPPO\u201d.<\/strong><\/em><\/h3>\n<\/div>\n<blockquote><p><a class=\"dt-pswp-item\" href=\"https:\/\/www.radiopiu.net\/wordpress\/wp-content\/uploads\/2021\/08\/download-1.jpg\" data-dt-img-description=\"\" data-large_image_width=\"299\" data-large_image_height=\"168\"><img loading=\"lazy\" decoding=\"async\" class=\"size-thumbnail wp-image-226135 alignleft\" src=\"https:\/\/www.radiopiu.net\/wordpress\/wp-content\/uploads\/2021\/08\/download-1-150x150.jpg\" alt=\"\" width=\"150\" height=\"150\" \/><\/a><\/p>\n<h3><\/h3>\n<h3><\/h3>\n<h3>DI GIANNI SANTOMASO<\/h3>\n<\/blockquote>\n<audio class=\"wp-audio-shortcode\" id=\"audio-225950-6\" preload=\"none\" style=\"width: 100%;\" controls=\"controls\"><source type=\"audio\/mpeg\" src=\"https:\/\/www.radiopiu.net\/wordpress\/wp-content\/uploads\/2021\/08\/GIANNI-POZZA.mp3?_=6\" \/><a href=\"https:\/\/www.radiopiu.net\/wordpress\/wp-content\/uploads\/2021\/08\/GIANNI-POZZA.mp3\">https:\/\/www.radiopiu.net\/wordpress\/wp-content\/uploads\/2021\/08\/GIANNI-POZZA.mp3<\/a><\/audio>\n<p>&nbsp;<\/p>\n<p><strong>ARCHIVIO RADIOPIU<\/strong><\/p>\n<blockquote class=\"wp-embedded-content\" data-secret=\"kbPZv2OJuk\"><p><a href=\"https:\/\/www.radiopiu.net\/wordpress\/elezioni-al-gal-de-bernardin-solo-polemica-lagordino-ne-esce-male\/\">PRESIDENZA DEL GAL, LUCHETTA &#8220;ESCLUDERE  L&#8217;UNIONE MONTANA AGORDINA PER SOSTITUIRLA CON LA CAMERA DI COMMERCIO&#8221;<\/a><\/p><\/blockquote>\n<p><iframe loading=\"lazy\" class=\"wp-embedded-content\" sandbox=\"allow-scripts\" security=\"restricted\" style=\"position: absolute; clip: rect(1px, 1px, 1px, 1px);\" title=\"&#8220;PRESIDENZA DEL GAL, LUCHETTA &#8220;ESCLUDERE  L&#8217;UNIONE MONTANA AGORDINA PER SOSTITUIRLA CON LA CAMERA DI COMMERCIO&#8221;&#8221; &#8212; Radio Pi\u00f9\" src=\"https:\/\/www.radiopiu.net\/wordpress\/elezioni-al-gal-de-bernardin-solo-polemica-lagordino-ne-esce-male\/embed\/#?secret=kbPZv2OJuk\" data-secret=\"kbPZv2OJuk\" width=\"600\" height=\"338\" frameborder=\"0\" marginwidth=\"0\" marginheight=\"0\" scrolling=\"no\"><\/iframe><\/p>\n<p>&nbsp;<\/p>\n<hr \/>\n<p>&nbsp;<\/p>\n<blockquote class=\"wp-embedded-content\" data-secret=\"Ubveb4i3Z1\"><p><a href=\"https:\/\/www.radiopiu.net\/wordpress\/aggiornamentoago04\/\">CORONAVIRUS: AGGIORNAMENTO NAZIONALE 04 AGOSTO  2021<\/a><\/p><\/blockquote>\n<p><iframe loading=\"lazy\" class=\"wp-embedded-content\" sandbox=\"allow-scripts\" security=\"restricted\" style=\"position: absolute; clip: rect(1px, 1px, 1px, 1px);\" title=\"&#8220;CORONAVIRUS: AGGIORNAMENTO NAZIONALE 04 AGOSTO  2021&#8221; &#8212; Radio Pi\u00f9\" src=\"https:\/\/www.radiopiu.net\/wordpress\/aggiornamentoago04\/embed\/#?secret=Ubveb4i3Z1\" data-secret=\"Ubveb4i3Z1\" width=\"600\" height=\"338\" frameborder=\"0\" marginwidth=\"0\" marginheight=\"0\" scrolling=\"no\"><\/iframe><\/p>\n<p>&nbsp;<\/p>\n<blockquote class=\"wp-embedded-content\" data-secret=\"uYKtC8y275\"><p><a href=\"https:\/\/www.radiopiu.net\/wordpress\/nelle-ultime-24-registrate-779-nuove-positivita-in-veneto-a-belluno-3-nuovi-ricoveri-in-area-non-critica-nessun-decesso\/\">NELLE ULTIME 24 REGISTRATE 779 NUOVE POSITIVITA&#8217; IN VENETO. A BELLUNO 3 NUOVI RICOVERI IN AREA NON CRITICA. NESSUN DECESSO<\/a><\/p><\/blockquote>\n<p><iframe loading=\"lazy\" class=\"wp-embedded-content\" sandbox=\"allow-scripts\" security=\"restricted\" style=\"position: absolute; clip: rect(1px, 1px, 1px, 1px);\" title=\"&#8220;NELLE ULTIME 24 REGISTRATE 779 NUOVE POSITIVITA&#8217; IN VENETO. A BELLUNO 3 NUOVI RICOVERI IN AREA NON CRITICA. NESSUN DECESSO&#8221; &#8212; Radio Pi\u00f9\" src=\"https:\/\/www.radiopiu.net\/wordpress\/nelle-ultime-24-registrate-779-nuove-positivita-in-veneto-a-belluno-3-nuovi-ricoveri-in-area-non-critica-nessun-decesso\/embed\/#?secret=uYKtC8y275\" data-secret=\"uYKtC8y275\" width=\"600\" height=\"338\" frameborder=\"0\" marginwidth=\"0\" marginheight=\"0\" scrolling=\"no\"><\/iframe><\/p>\n<p>&nbsp;<\/p>\n<h3>I GRAFICI DI TIZIANO DE COL<\/h3>\n\n\t\t\t<style type='text\/css'>\n\t\t\t\t#gallery-1 {\n\t\t\t\t\tmargin: auto;\n\t\t\t\t}\n\t\t\t\t#gallery-1 .gallery-item {\n\t\t\t\t\tfloat: left;\n\t\t\t\t\tmargin-top: 10px;\n\t\t\t\t\ttext-align: center;\n\t\t\t\t\twidth: 20%;\n\t\t\t\t}\n\t\t\t\t#gallery-1 img {\n\t\t\t\t\tborder: 2px solid #cfcfcf;\n\t\t\t\t}\n\t\t\t\t#gallery-1 .gallery-caption {\n\t\t\t\t\tmargin-left: 0;\n\t\t\t\t}\n\t\t\t\t\/* see gallery_shortcode() in wp-includes\/media.php *\/\n\t\t\t<\/style>\n\t\t<div id='gallery-1' class='dt-gallery-container gallery galleryid-225950 gallery-columns-5 gallery-size-thumbnail'><dl class='gallery-item'>\n\t\t\t\t<dt class='gallery-icon landscape'>\n\t\t\t\t\t<a class=\"rollover rollover-zoom dt-pswp-item\" title=\"62531a21-c22e-46f7-9ea4-5ec7cc5df9f6\" data-dt-img-description=\"\" data-large_image_width=\"590\" data-large_image_height=\"359\"href='https:\/\/www.radiopiu.net\/wordpress\/wp-content\/uploads\/2021\/08\/62531a21-c22e-46f7-9ea4-5ec7cc5df9f6.jpg'><img loading=\"lazy\" decoding=\"async\" width=\"150\" height=\"150\" src=\"https:\/\/www.radiopiu.net\/wordpress\/wp-content\/uploads\/2021\/08\/62531a21-c22e-46f7-9ea4-5ec7cc5df9f6-150x150.jpg\" class=\"attachment-thumbnail size-thumbnail\" alt=\"\" \/><\/a>\n\t\t\t\t<\/dt><\/dl><dl class='gallery-item'>\n\t\t\t\t<dt class='gallery-icon landscape'>\n\t\t\t\t\t<a class=\"rollover rollover-zoom dt-pswp-item\" title=\"7e31e455-e787-4514-bb87-7726e26c546b\" data-dt-img-description=\"\" data-large_image_width=\"594\" data-large_image_height=\"353\"href='https:\/\/www.radiopiu.net\/wordpress\/wp-content\/uploads\/2021\/08\/7e31e455-e787-4514-bb87-7726e26c546b.jpg'><img loading=\"lazy\" decoding=\"async\" width=\"150\" height=\"150\" src=\"https:\/\/www.radiopiu.net\/wordpress\/wp-content\/uploads\/2021\/08\/7e31e455-e787-4514-bb87-7726e26c546b-150x150.jpg\" class=\"attachment-thumbnail size-thumbnail\" alt=\"\" \/><\/a>\n\t\t\t\t<\/dt><\/dl><dl class='gallery-item'>\n\t\t\t\t<dt class='gallery-icon landscape'>\n\t\t\t\t\t<a class=\"rollover rollover-zoom dt-pswp-item\" title=\"a5b313e6-7793-4fe7-a67c-e62c8929be28\" data-dt-img-description=\"\" data-large_image_width=\"606\" data-large_image_height=\"355\"href='https:\/\/www.radiopiu.net\/wordpress\/wp-content\/uploads\/2021\/08\/a5b313e6-7793-4fe7-a67c-e62c8929be28.jpg'><img loading=\"lazy\" decoding=\"async\" width=\"150\" height=\"150\" src=\"https:\/\/www.radiopiu.net\/wordpress\/wp-content\/uploads\/2021\/08\/a5b313e6-7793-4fe7-a67c-e62c8929be28-150x150.jpg\" class=\"attachment-thumbnail size-thumbnail\" alt=\"\" \/><\/a>\n\t\t\t\t<\/dt><\/dl><dl class='gallery-item'>\n\t\t\t\t<dt class='gallery-icon landscape'>\n\t\t\t\t\t<a class=\"rollover rollover-zoom dt-pswp-item\" title=\"6adc20fd-c09d-4d97-9eaa-951904c28007\" data-dt-img-description=\"\" data-large_image_width=\"614\" data-large_image_height=\"365\"href='https:\/\/www.radiopiu.net\/wordpress\/wp-content\/uploads\/2021\/08\/6adc20fd-c09d-4d97-9eaa-951904c28007.jpg'><img loading=\"lazy\" decoding=\"async\" width=\"150\" height=\"150\" src=\"https:\/\/www.radiopiu.net\/wordpress\/wp-content\/uploads\/2021\/08\/6adc20fd-c09d-4d97-9eaa-951904c28007-150x150.jpg\" class=\"attachment-thumbnail size-thumbnail\" alt=\"\" \/><\/a>\n\t\t\t\t<\/dt><\/dl><dl class='gallery-item'>\n\t\t\t\t<dt class='gallery-icon landscape'>\n\t\t\t\t\t<a class=\"rollover rollover-zoom dt-pswp-item\" title=\"ef3545c0-65a4-4c3d-bee3-77de2de6f1b0\" data-dt-img-description=\"\" data-large_image_width=\"610\" data-large_image_height=\"352\"href='https:\/\/www.radiopiu.net\/wordpress\/wp-content\/uploads\/2021\/08\/ef3545c0-65a4-4c3d-bee3-77de2de6f1b0.jpg'><img loading=\"lazy\" decoding=\"async\" width=\"150\" height=\"150\" src=\"https:\/\/www.radiopiu.net\/wordpress\/wp-content\/uploads\/2021\/08\/ef3545c0-65a4-4c3d-bee3-77de2de6f1b0-150x150.jpg\" class=\"attachment-thumbnail size-thumbnail\" alt=\"\" \/><\/a>\n\t\t\t\t<\/dt><\/dl><br style=\"clear: both\" \/>\n\t\t\t<\/div>\n\n<p>&nbsp;<\/p>\n<p>&nbsp;<\/p>\n<p>&nbsp;<\/p>\n<hr \/>\n<p>&nbsp;<\/p>\n<p>&nbsp;<\/p>\n<blockquote>\n<h3>VACCINI SOTTO LE STELLE, STASERA APPUNTAMENTO A PORTA DANTE<\/h3>\n<\/blockquote>\n<p><strong>BELLUNO<\/strong> Primo appuntamento con le vaccinazioni in orario serale, nei pressi di Porta Dante, dalle 19 alle 21. Nell\u2019ambito delle strategie per facilitare l\u2019adesione alla campagna vaccinale sar\u00e0 offerta\u00a0 la vaccinazione anti covid in orario serale per facilitare le persone che lavorano.\u00a0 Accesso libero per persone con pi\u00f9 di 12 anni. Eventuali minorenni dovranno essere accompagnati dai genitori. Durante le vaccinazioni, vista la vicinanza con Porta Dante e in occasione dei 700 anni dalla morte del sommo poeta, saranno letti passi della Divina Commedia a cura della Compagnia del Moccolo e di alcuni studenti delle Scuole in Rete che si sono resi disponibili per l\u2019iniziativa.<\/p>\n<h3><\/h3>\n<p>&nbsp;<\/p>\n<hr \/>\n<h3><\/h3>\n<p>&nbsp;<\/p>\n<blockquote>\n<h3>L&#8217;APPELLO DELLO SPI CGIL BELLUNO\u00a0 E LA RICHIESTA DI MAGGIORE CHIAREZZA PER LE VISITE ALLE RSA<\/h3>\n<\/blockquote>\n<p><strong>BELLUNO<\/strong> Lo Spi Cgil di Belluno si unisce all\u2019appello rivolto agli ultra\u00a0 65enni: \u201cse non ci sono controindicazioni mediche \u00e8 bene vaccinarsi per evitare malattie severe da covid 19\u201d Lo Spi di Belluno accoglie con entusiasmo la circolare ministeriale\u00a0 per la decisa apertura alle visite dei famigliari agli ospiti nelle rsa.La nota \u00e8 stata diffusa &#8220;in relazione alle diverse e numerose richieste di chiarimento pervenute relativamente alle modalit\u00e0 di accesso\/uscita degli ospiti e visitatori presso le strutture di ospitalit\u00e0 e di lungodegenza, residenze sanitarie assistite (RSA), hospice, strutture riabilitative. Consci della continua scarsezza di operatori socio sanitari all\u2019interno delle rsa si spera comunque\u00a0 nell\u2019adeguamento rapido alle indicazioni contenute nella circolare ministeriale.<\/p>\n<p>&nbsp;<\/p>\n<hr \/>\n<p>&nbsp;<\/p>\n<blockquote>\n<h2>IERI SERA IL CONSIGLIO COMUNALE DI FALCADE<\/h2>\n<\/blockquote>\n<p>https:\/\/www.facebook.com\/radiopiu\/videos\/1024551191731882<\/p>\n<p>&nbsp;<\/p>\n<p>&nbsp;<\/p>\n<hr \/>\n<p>&nbsp;<\/p>\n<blockquote>\n<h3>100mila POSTI LIBERI PER LA VACCINAZIONE GARANTITA IN UNA SETTIMANA, DA VENEZIA PARLA ZAIA NELLE 24 ORE 779 CASI<\/h3>\n<\/blockquote>\n<blockquote>\n<h2>LEGGI IN DIRETTA LA CONFERENZA STAMPA DEL PRESIDENTE ZAIA<\/h2>\n<\/blockquote>\n<p>Stiamo galoppando con le vaccinazioni, oltre 40mila anche oggi. Abbiamo guardato i numeri, ci danno uno scenario: da qui al 8 di settembre abbiamo 400mila seconde dosi, prenotazioni per 219mila prime dosi, cio\u00e8 619mila vaccini. Da oggi all&#8217;8 di settembre abbiamo oltre 200mila posti liberi, siamo a 7000 al giorno. Continuo a dire che \u00e8 umano pensare farlo all&#8217;inizio dell&#8217;autunno, ma non \u00e8 legato al giorno dell&#8217;iniezione, se tutti fanno questo ragionamento si crea l&#8217;ingorgo e non si trova posto nella stagione autunnale, per questo \u00e8 importante farlo subito per avere una copertura anticorpale di 11 mesi.\u00a0 <strong>Dalla mezzanotte di giovedi chi entra nel portale trover\u00e0 100mila posti liberi e la vaccinazione verr\u00e0 fatta massimo in sette giorni.<\/strong> Seguiranno vaccini sporadici e tema come a Belluno sotto le stelle, piuttosto che ad un evento sportivo come il calcio Mogliano e le loro famiglie. Chi vuole si organizzi e contatti le direzioni generali delle Ulss, ce ne saranno sempre pi\u00f9 di presenza. Una proiezione mette in evidenza che abbiamo scollinato a settembre avremo pi\u00f9 offerta di vaccino della domanda, stiamo andando all&#8217;osso della comunit\u00e0. <strong>TERZA DOSE\u00a0<\/strong> ci poniamo la questione della terza dose. Immagino che si dar\u00e0 modo di fare una terza dose ai sanitari, dando priorit\u00e0 a case di riposo, operatori delle Rsa e chi \u00e8 negli ospedali. <strong>CAMBIO DI PASSO CON IL GOVERNO DRAGHI E L&#8217;ENTRATA DI FIGLIUOLO, LO HA NOTATO?<\/strong>\u00a0 Il dato oggettivo \u00e8 la disponibilit\u00e0 dei vaccini, nella prima fase non ce n&#8217;erano \u00e8 innegabile che Figluiolo abbia trattato e stia trattando.\u00a0 Davanti a tante tragedie umane lasciamo da parte le polemiche. Ogni giorno ha la sua pena ma non darei una lettura politica in questa fase. Stiamo andando avanti si naviga a vista, noi con il Governo Draghi abbiamo maggiori soddisfazioni di prima ma non sul covid sul quale non voglio fare polemiche <strong>CLASSIFICAZIONE COLORI<\/strong> Noi restiamo in zona bianca, ancora una volta nonostante gli esperti non \u00e8 dato un atto delinquenziale chiedere la modifica dei colori altrimenti oggi saremo in arancione con in negozi chiusi e gli ospedali sostanzialmente vuoti.\u00a0 Abbiamo fatto il bene della comunit\u00e0 validato dagli scienziati. <strong>OLIMPIADI<\/strong> Abbiamo esultato tutti stamattina, un&#8217;altra vittoria un&#8217;altra\u00a0 bella figura\u00a0 per il Veneto,\u00a0 anche la portabandiera delle Olimpiadi \u00e8 veneta. <strong>ALBERGO NO MASK IN ALTO ADIGE CHIUSO E MULTATO SITUAZIONI ANALOGHE IN VENETO<\/strong> No, con il collega alto atesino ho parlato, era preoccupato per una possibile ripartenza, l\u00e0 hanno potenzialit\u00e0 di legge maggiori per l&#8217;autonomia. <strong>CHI CONTROLLERA&#8217;?<\/strong>\u00a0 Ci sono buchi neri sul green pass, dal guarito che gli scade la copertura (sei mesi dalla guarigione), oggi abbiamo dal 6 gli albergatori e ristoratori che dovranno chiederlo al chiuso, ha potest\u00e0 per farlo? E se dovesse chiedere il documento lo puo&#8217; fare? Poi ci sono i vaccinati con due cosi che non riescono ad avere il green pass ma non c&#8217;e&#8217; scritto da nessuna parte che basta il certificato vaccianale della Ulss1, il Governo dovrebbe fare chiarezza anche verso chi si \u00e8 vaccinato all&#8217;estero ma non hanno il green pass. I nostri operatori dei ristoranti sono in balia dell&#8217;imbarazzo&#8230; <strong>SE L&#8217;OPERAZIONE FAST VAX DA 100MILA PRENOTAZIONI NON DOVESSE BASTARE?<\/strong> L&#8217;unica strategia \u00e8 andare vicino alle associazioni in questo ultimo miglio, noi diamo informazioni poi la vaccinazione resta volontaria, poi diventa stucchevole. <strong>PREOCCUPAZIONE SULL&#8217;ATTACCO HACKER CON MINACCE AD ALTRI CENTRI NEVRALGICI, COME SIAMO MESSI?<\/strong> Noi siamo sempre preoccupati, \u00e8 ovvio. Che facciano le agenzie\u00a0 ci sta bene, ma se l&#8217;attacco e&#8217; in corsa ora&#8230; Abbiamo i sistemi tutelai da protezione, speriamo funzionino, se succede cercheremo di risolvere il problema e non pagheremo riscatti.<\/p>\n<p>&nbsp;<\/p>\n<p><strong>ASSESSORE MANUELA LANZARIN\u00a0<\/strong><br \/>\nC&#8217;\u00e8 stata la conferenza delle Regioni, ultima prima della pausa estiva. Per quanto riguarda le materie legate all&#8217;emergenza: <strong>protocollo scuola<\/strong> presentato dal Ministro Bianchi con le misure di distanziamento, mascherina, percorsi separati, chiariti i vari passaggi eravamo pronti per approvarlo ma \u00e8 stato chiesto di sospenderlo in attesa del pronunciamento del Governo su green pass e obbligo vaccinale. Il provvedimento unico ancora non c&#8217;\u00e8. Per questo non abbiamo parlato ne&#8217; di insegnanti, green pass, vaccinazioni o lezioni in presenza. <strong>Accordi con le farmacie<\/strong> per i tamponi con l&#8217;avvio del green pass, prezzo 15 euro (rispetto ai 22 di oggi), contributo da definire da parte del commissario per coprire in parte questi 15 euro che verr\u00e0 ristorato alle aziende e quindi alla farmacie che aderiscono, differenziazione tra bimbi e adulti. Le Regione hanno chiesto che non si acceda al fondo della sanit\u00e0 nazionale o regionale e che nel mentre che \u00e8 in vigore questo protocollo, gli altri in itinere vengano sospesi per non creare confusione. <strong>Sanitari no vax<\/strong> Ieri l&#8217;incontro con i sindacati del comparto sanit\u00e0, illustrato l&#8217;aggiornamento dei non vaccinati: 17.542 (+1224 hanno preso appuntamento per fare il vaccino), si continua con l&#8217;attivit\u00e0 delle commissioni in ogni singola azienda. La preoccupazione \u00e8 il numero importante di no vax e le ferie di mezzo con ripercussione sui servizi. <strong>EFFETTIVAMENTE SOSPESI?<\/strong> Dobbiamo fare un confronto con le aziende sanitarie per venerdi daremo il numero esatto.<\/p>\n<p>&nbsp;<\/p>\n<p><a href=\"https:\/\/www.facebook.com\/zaiaufficiale\/videos\/820955785289314\">https:\/\/www.facebook.com\/zaiaufficiale\/videos\/820955785289314<\/a><\/p>\n<p>&nbsp;<\/p>\n<p>&nbsp;<\/p>\n<p>&nbsp;<\/p>\n<hr \/>\n<p>&nbsp;<\/p>\n<blockquote>\n<h3>SBLOCCATI 430 MILIONI DI EURO PER GLI IMPIANTI DI RISALITA<\/h3>\n<\/blockquote>\n<p><strong><img loading=\"lazy\" decoding=\"async\" class=\"alignleft\" src=\"https:\/\/www.radiopiu.net\/wordpress\/wp-content\/uploads\/2021\/08\/e0989b96-0197-57b6-6537-2a50473083b8.jpg\" width=\"220\" height=\"169\" \/>TRENTO<\/strong> La Commissione Europea ha diffuso\u00a0 una nota nella quale comunica di aver approvato, nell\u2019ambito della normativa Ue sugli aiuti di Stato, una misura italiana da 430 milioni di euro (contenuta nell\u2019art.2 del DL Sostegno) per risarcire i gestori degli impianti di risalita per i danni subiti a causa delle misure restrittive introdotte dal Governo italiano per limitare la diffusione del contagio e far fronte all\u2019emergenza pandemica tra il 4 dicembre 2020 e il 30 aprile 2021.\u00a0 <em>&#8220;Un grande successo che premia il lavoro fatto da\u00a0ANEF, Associazione Nazionale Esercenti Funiviari, da gennaio ad oggi a fianco del Governo e in particolare con il Ministro Garavaglia&#8221;<\/em>, sottolinea Valeria Ghezzi, presidente Anef (FOTO)<br \/>\nL&#8217;erogazione dei 430 milioni di euro al settore sciistico nazionale \u00e8 stata possibile grazie un impegno davvero trasversale in Parlamento e alla collaborazione concertata e costruttiva tra gli operatori del comparto e la politica, che ha compreso le enormi difficolt\u00e0 delle aziende del settore impianti a fune.\u00a0 <em>\u201c\u00c8 stato riconosciuto\u00a0anche dalla Commissione Europea il danno economico alle imprese dalle misure per il contrasto alla pandemia. Ora serve &#8211; prosegue Ghezzi \u2013 un decreto attuativo che permetta l\u2019erogazione di questi fondi con la massima urgenza, ci sono ormai molte aziende in una grave crisi di liquidit\u00e0 che meritano di essere aiutate e che hanno il diritto di ricevere il giusto indennizzo per il danno subito. Sono risorse indispensabili per permettere agli impianti di procedere con\u00a0gli investimenti necessari e arrivare cos\u00ec pronti alla prossima stagione invernale, che sar\u00e0 decisiva per la ripresa delle nostre montagne e di tutte le attivit\u00e0 economiche correlate&#8221;.<\/em><\/p>\n<p>&nbsp;<\/p>\n<p><strong><img loading=\"lazy\" decoding=\"async\" class=\"alignleft\" src=\"https:\/\/www.radiopiu.net\/wordpress\/wp-content\/uploads\/2019\/12\/SKICIVETTA-1.jpg\" width=\"203\" height=\"135\" \/>ROMA<\/strong> L&#8217;Antitrust europeo ha sbloccato 430 milioni di euro di aiuti per gli impianti di risalita dei territori italiani bloccati da dicembre 2020 ad aprile 2021.\u00a0 Gli stanziamenti previsti dal decreto Sostegni si sommano a quelli del Sostegni-bis, che potenzia la cifra del primo decreto. Ora servono tempi rapidi per l&#8217;accredito sui conti correnti delle imprese. E anche per i Maestri di Sci e il fondo loro dedicato si attende solo la bollinatura degli ultimi documenti da parte della Corte dei Conti. <em>&#8220;Nei giorni scorsi &#8211; spiega Marco Bussone presidente nazionale Uncem\u00a0 &#8211; abbiamo\u00a0 scritto al Ministro Garavaglia, chiedendo di poter lavorare insieme in tempi rapidi a regole certe e semplici per la nuova stagione invernale. Ora si compensino in primo luogo le perdite dello scorso anno. L&#8217;ok di Bruxelles \u00e8 il passo in avanti burocratico che aspettavamo&#8221;.\u00a0<\/em><\/p>\n<p>&nbsp;<\/p>\n<p><strong>RENZO MINELLA PRESIDENTE REGIONALE ANEF E RESPONSABILE MARKETING AREA SAN PELLEGRINO-FALCADE<\/strong><\/p>\n<audio class=\"wp-audio-shortcode\" id=\"audio-225950-7\" preload=\"none\" style=\"width: 100%;\" controls=\"controls\"><source type=\"audio\/mpeg\" src=\"https:\/\/www.radiopiu.net\/wordpress\/wp-content\/uploads\/2021\/08\/RENZO.mp3?_=7\" \/><a href=\"https:\/\/www.radiopiu.net\/wordpress\/wp-content\/uploads\/2021\/08\/RENZO.mp3\">https:\/\/www.radiopiu.net\/wordpress\/wp-content\/uploads\/2021\/08\/RENZO.mp3<\/a><\/audio>\n<p>&nbsp;<\/p>\n<p>&nbsp;<\/p>\n<p><strong>\u00a0IL DEPUTATO DARIO BOND\u00a0<\/strong><\/p>\n<audio class=\"wp-audio-shortcode\" id=\"audio-225950-8\" preload=\"none\" style=\"width: 100%;\" controls=\"controls\"><source type=\"audio\/mpeg\" src=\"https:\/\/www.radiopiu.net\/wordpress\/wp-content\/uploads\/2021\/08\/bond.mp3?_=8\" \/><a href=\"https:\/\/www.radiopiu.net\/wordpress\/wp-content\/uploads\/2021\/08\/bond.mp3\">https:\/\/www.radiopiu.net\/wordpress\/wp-content\/uploads\/2021\/08\/bond.mp3<\/a><\/audio>\n<h3><\/h3>\n<p>&nbsp;<\/p>\n<p><strong>IL DEPUTATO MIRCO BADOLE\u00a0<\/strong><\/p>\n<audio class=\"wp-audio-shortcode\" id=\"audio-225950-9\" preload=\"none\" style=\"width: 100%;\" controls=\"controls\"><source type=\"audio\/mpeg\" src=\"https:\/\/www.radiopiu.net\/wordpress\/wp-content\/uploads\/2021\/08\/badole.mp3?_=9\" \/><a href=\"https:\/\/www.radiopiu.net\/wordpress\/wp-content\/uploads\/2021\/08\/badole.mp3\">https:\/\/www.radiopiu.net\/wordpress\/wp-content\/uploads\/2021\/08\/badole.mp3<\/a><\/audio>\n<p>&nbsp;<\/p>\n<p>&nbsp;<\/p>\n<p><strong>IL SENATORE\u00a0 PAOLO SAVIANE<\/strong><\/p>\n<audio class=\"wp-audio-shortcode\" id=\"audio-225950-10\" preload=\"none\" style=\"width: 100%;\" controls=\"controls\"><source type=\"audio\/mpeg\" src=\"https:\/\/www.radiopiu.net\/wordpress\/wp-content\/uploads\/2021\/08\/Saviane-su-fondi-impianti-sci-1.mp3?_=10\" \/><a href=\"https:\/\/www.radiopiu.net\/wordpress\/wp-content\/uploads\/2021\/08\/Saviane-su-fondi-impianti-sci-1.mp3\">https:\/\/www.radiopiu.net\/wordpress\/wp-content\/uploads\/2021\/08\/Saviane-su-fondi-impianti-sci-1.mp3<\/a><\/audio>\n<p>&nbsp;<\/p>\n<p>&nbsp;<\/p>\n<hr \/>\n<blockquote>\n<h3><\/h3>\n<h3>BIM GSP, AD AURONZO RIPULITA CON UN ROBOT LA FOGNATURA LUNGOLAGO<\/h3>\n<\/blockquote>\n<p><strong><a href=\"https:\/\/www.radiopiu.net\/wordpress\/giornale-radiopiu-05-agosto-2021-direttore-mirko-mezzacasa\/monitoraggio-del-robot-in-azione\/\" rel=\"attachment wp-att-226012\"><img loading=\"lazy\" decoding=\"async\" class=\" wp-image-226012 alignleft\" src=\"https:\/\/www.radiopiu.net\/wordpress\/wp-content\/uploads\/2021\/08\/monitoraggio-del-robot-in-azione-300x225.jpg\" alt=\"\" width=\"253\" height=\"190\" srcset=\"https:\/\/www.radiopiu.net\/wordpress\/wp-content\/uploads\/2021\/08\/monitoraggio-del-robot-in-azione-300x225.jpg 300w, https:\/\/www.radiopiu.net\/wordpress\/wp-content\/uploads\/2021\/08\/monitoraggio-del-robot-in-azione-1024x768.jpg 1024w, https:\/\/www.radiopiu.net\/wordpress\/wp-content\/uploads\/2021\/08\/monitoraggio-del-robot-in-azione-768x576.jpg 768w, https:\/\/www.radiopiu.net\/wordpress\/wp-content\/uploads\/2021\/08\/monitoraggio-del-robot-in-azione.jpg 1134w\" sizes=\"auto, (max-width: 253px) 100vw, 253px\" \/><\/a>AURONZO\u00a0 <\/strong>Tecnologia a servizio dell\u2019ambiente. Si sono conclusi di recente i lavori di pulizia del tratto di rete fognaria che si snoda lungo il percorso ciclo-pedonale che costeggia il lago di Santa Caterina, in comune di Auronzo. Con un robot telecomandato e un mezzo speciale, un escavatore a risucchio, Bim Gsp, coadiuvata dall\u2019impresa Gerotto Federico S.r.l. di Campodarsego (PD), affidataria dei lavori, ha ripristinato la funzionalit\u00e0 della condotta circumlacuale compresa tra le vie Trieste, Unione e Stadio. Una tratta estesa di fognatura mista, pesantemente ostruita da strati di materiali sabbiosi e ghiaiosi trasportati dalle piogge e accumulati nel tempo lungo tutta la lunghezza. Particolari le lavorazioni realizzate: innanzitutto si \u00e8 operato su porzioni di condotte, con cantiere itinerante, utilizzando palloni otturatori e pompe aspiratrici per tenere in asciutto la tratta di intervento. Poi, si \u00e8 proceduto con l\u2019inserimento in tubazione di un robot telecomandato, dotato di telecamera di monitoraggio, di canale con getto d\u2019acqua a pressione per l\u2019alleggerimento degli spessori da rimuovere e di spatola per la rottura e raccolta dei sedimenti. Da ultimo, l\u2019asportazione dei materiali, eseguita con l\u2019escavatore a risucchio per buona parte della lunghezza, con tubo di aspirazione tradizionale negli spazi pi\u00f9 ristretti, con operazioni manuali nelle tratte otturate da volumi di dimensioni importanti. In poco meno di un mese di lavoro e un investimento da 100mila euro, sono stati complessivamente puliti, verificati nello stato di conservazione e video-ispezionati circa 950 metri di rete fognaria principale, 190 metri di rete secondaria e monitorati 23 pozzetti di linea. 10 metri cubi il volume del materiale sabbioso e ghiaioso rimosso e conferito in discarica.<\/p>\n<p>&nbsp;<\/p>\n<hr \/>\n<p>&nbsp;<\/p>\n<p>&nbsp;<\/p>\n<blockquote>\n<h3>IL BIO DIGESTORE AL MASEROT HA RIPRESO A GIRARE, GARANZIA PER TUTTA LA PROVINCIA<\/h3>\n<\/blockquote>\n<p><strong><a href=\"https:\/\/www.radiopiu.net\/wordpress\/il-bio-digestore-al-maserot-ha-ripreso-a-girare-garanzia-per-tutta-la-provincia\/499e37c9-ba9d-4198-a913-73f0dcec4678\/\" rel=\"attachment wp-att-226062\"><img loading=\"lazy\" decoding=\"async\" class=\"size-medium wp-image-226062 alignleft\" src=\"https:\/\/www.radiopiu.net\/wordpress\/wp-content\/uploads\/2021\/08\/499e37c9-ba9d-4198-a913-73f0dcec4678-300x225.jpg\" alt=\"\" width=\"300\" height=\"225\" srcset=\"https:\/\/www.radiopiu.net\/wordpress\/wp-content\/uploads\/2021\/08\/499e37c9-ba9d-4198-a913-73f0dcec4678-300x225.jpg 300w, https:\/\/www.radiopiu.net\/wordpress\/wp-content\/uploads\/2021\/08\/499e37c9-ba9d-4198-a913-73f0dcec4678-1024x768.jpg 1024w, https:\/\/www.radiopiu.net\/wordpress\/wp-content\/uploads\/2021\/08\/499e37c9-ba9d-4198-a913-73f0dcec4678-768x576.jpg 768w, https:\/\/www.radiopiu.net\/wordpress\/wp-content\/uploads\/2021\/08\/499e37c9-ba9d-4198-a913-73f0dcec4678-1536x1152.jpg 1536w, https:\/\/www.radiopiu.net\/wordpress\/wp-content\/uploads\/2021\/08\/499e37c9-ba9d-4198-a913-73f0dcec4678.jpg 2048w\" sizes=\"auto, (max-width: 300px) 100vw, 300px\" \/><\/a> <\/strong><\/p>\n<p><strong>SANTA GIUSTINA\u00a0<\/strong> Problemi risolti al Maserot, lo anticipa il consigliere provinciale delegato Simone Deola quando le macchine hanno ripreso a girare, sar\u00e0 a regime a fine mese. E&#8217; dunque ripartito l\u2019impianto che trasforma il rifiuto umido in compost, ricavando energia dai gas di fermentazione. I tecnici hanno ricaricato la camera di lavorazione anaerobica della frazione organica e nel giro di qualche settimana il sistema torner\u00e0 a pieno regime. \u00abGiusto il tempo che riprenda la fermentazione e avremo di nuovo la piena capacit\u00e0 operativa\u00bb spiegano i tecnici di Dolomiti Ambiente. Il biodigestore era andato in blocco nella prima settimana di luglio, a causa di un problema meccanico al sistema di rimescolamento del rifiuto umido.<\/p>\n<p><strong>SIMONE DEOLA<\/strong><\/p>\n<div style=\"width: 848px;\" class=\"wp-video\"><video class=\"wp-video-shortcode\" id=\"video-225950-1\" width=\"848\" height=\"480\" preload=\"metadata\" controls=\"controls\"><source type=\"video\/mp4\" src=\"https:\/\/www.radiopiu.net\/wordpress\/wp-content\/uploads\/2021\/08\/WhatsApp-Video-2021-08-04-at-13.22.41.mp4?_=1\" \/><a href=\"https:\/\/www.radiopiu.net\/wordpress\/wp-content\/uploads\/2021\/08\/WhatsApp-Video-2021-08-04-at-13.22.41.mp4\">https:\/\/www.radiopiu.net\/wordpress\/wp-content\/uploads\/2021\/08\/WhatsApp-Video-2021-08-04-at-13.22.41.mp4<\/a><\/video><\/div>\n<p>&nbsp;<\/p>\n<p>&nbsp;<\/p>\n<hr \/>\n<p>&nbsp;<\/p>\n<blockquote>\n<h2>BELLUNO LA CITTA&#8217; DEL NULLA DI FATTO, DA TIZIANO ALLA PALLAVOLO<\/h2>\n<\/blockquote>\n<p><strong><a href=\"https:\/\/www.radiopiu.net\/wordpress\/belluno-la-citta-del-nulla-di-fatto-da-tiziano-alla-pallavolo\/972ec435-fa04-49e8-bf1e-048263cab367\/\" rel=\"attachment wp-att-226219\"><img loading=\"lazy\" decoding=\"async\" class=\"size-medium wp-image-226219 alignleft\" src=\"https:\/\/www.radiopiu.net\/wordpress\/wp-content\/uploads\/2021\/08\/972ec435-fa04-49e8-bf1e-048263cab367-300x200.jpg\" alt=\"\" width=\"300\" height=\"200\" srcset=\"https:\/\/www.radiopiu.net\/wordpress\/wp-content\/uploads\/2021\/08\/972ec435-fa04-49e8-bf1e-048263cab367-300x200.jpg 300w, https:\/\/www.radiopiu.net\/wordpress\/wp-content\/uploads\/2021\/08\/972ec435-fa04-49e8-bf1e-048263cab367-768x513.jpg 768w, https:\/\/www.radiopiu.net\/wordpress\/wp-content\/uploads\/2021\/08\/972ec435-fa04-49e8-bf1e-048263cab367.jpg 1024w\" sizes=\"auto, (max-width: 300px) 100vw, 300px\" \/><\/a>BELLUNO<\/strong> <em>\u201cQuello che riportano in questi giorni le cronache locali della citt\u00e0 capoluogo ha tutto il sapore di uno stillicidio di opportunit\u00e0 perse, rinunce e mancanze su cui \u00e8 necessario riflettere a fondo, ma soprattutto intervenire in tempi rapidi con un deciso cambio di passo\u201d. <\/em>Non usa mezzi termini il coordinatore provinciale di Forza Italia Dario Scopel nel commentare quanto sta accadendo nelle ultime settimane all\u2019ombra del Serva, dove si assiste quasi quotidianamente ad un progressivo depauperamento dell\u2019offerta a favore di residenti e visitatori. L\u2019ultima \u201ctegola\u201d caduta proprio in queste ore su Palazzo Rosso arriva dalla Pallavolo Belluno maschile, che per voce del suo presidente, Sandro Da Rold, lamenta quasi incredula l\u2019impossibilit\u00e0 di trovare in citt\u00e0 una struttura sportiva adeguata e disponibile ad ospitare le proprie partite casalinghe dopo il passaggio in A3, con il rischio concreto di dover \u201cemigrare\u201d nel palazzetto di qualche comune contermine. Il coordinatore provinciale di Forza Italia guarda a questo punto decisamente avanti, ovvero alla scadenza amministrativa del prossimo anno. <em>\u201cInutile adesso cercare di chiudere la stalla quando i buoi se ne sono oramai andati; siamo ad agosto e non c\u2019\u00e8 pi\u00f9 tempo per recuperare, quanto meno per la stagione stiva. E\u2019 sotto gli occhi di tutti che l\u2019attuale Amministrazione ha perso ogni forza propulsiva e propositiva; la citt\u00e0 ha urgente bisogno di voltare pagina e cambiare marcia per riappropriarsi di quel ruolo di capoluogo non solo provinciale, ma anche di area alpina, che le compete e a cui deve assolvere<\/em>. Forza Italia e i partner di centrodestra sono gi\u00e0 al lavoro per questo, sulla base di un programma ambizioso, ma realistico che partir\u00e0 proprio dal ruolo e dalla centralit\u00e0 di Belluno<\/p>\n<p><strong>DARIO SCOPEL<\/strong><\/p>\n<audio class=\"wp-audio-shortcode\" id=\"audio-225950-11\" preload=\"none\" style=\"width: 100%;\" controls=\"controls\"><source type=\"audio\/mpeg\" src=\"https:\/\/www.radiopiu.net\/wordpress\/wp-content\/uploads\/2021\/08\/SCOPEL.mp3?_=11\" \/><a href=\"https:\/\/www.radiopiu.net\/wordpress\/wp-content\/uploads\/2021\/08\/SCOPEL.mp3\">https:\/\/www.radiopiu.net\/wordpress\/wp-content\/uploads\/2021\/08\/SCOPEL.mp3<\/a><\/audio>\n<p>&nbsp;<\/p>\n<hr \/>\n<p>&nbsp;<\/p>\n<blockquote>\n<h3>A BELLUNO MANCANO GLI IMPIANTI E LA PALLAVOLO BELLUNO E&#8217; COSTRETTA AD EMIGRARE<\/h3>\n<\/blockquote>\n<p><strong><a href=\"https:\/\/www.radiopiu.net\/wordpress\/giornale-radiopiu-05-agosto-2021-direttore-mirko-mezzacasa\/sandro_da_rold\/\" rel=\"attachment wp-att-225995\"><img loading=\"lazy\" decoding=\"async\" class=\"size-medium wp-image-225995 alignleft\" src=\"https:\/\/www.radiopiu.net\/wordpress\/wp-content\/uploads\/2021\/08\/Sandro_Da_Rold-300x208.jpg\" alt=\"\" width=\"300\" height=\"208\" srcset=\"https:\/\/www.radiopiu.net\/wordpress\/wp-content\/uploads\/2021\/08\/Sandro_Da_Rold-300x208.jpg 300w, https:\/\/www.radiopiu.net\/wordpress\/wp-content\/uploads\/2021\/08\/Sandro_Da_Rold-1024x709.jpg 1024w, https:\/\/www.radiopiu.net\/wordpress\/wp-content\/uploads\/2021\/08\/Sandro_Da_Rold-768x532.jpg 768w, https:\/\/www.radiopiu.net\/wordpress\/wp-content\/uploads\/2021\/08\/Sandro_Da_Rold.jpg 1093w\" sizes=\"auto, (max-width: 300px) 100vw, 300px\" \/><\/a>BELLUNO <\/strong>\u00ab<em>Nel capoluogo non riusciamo a trovare un impianto in cui poterci allenare durante la settimana. \u00c8 inaccettabile<\/em>\u00bb. A tuonare \u00e8 Sandro Da Rold, il presidente della Pallavolo Belluno maschile.\u00a0 Dopo il passaggio in Serie A3, serve una struttura in grado di ospitare un taraflex con misure regolamentari. In altri termini, \u00e8 necessario avere spazi pi\u00f9 ampi rispetto al De Mas. E la soluzione a portata di mano \u00e8 quella della Spes Arena, dove nella stagione 2011-2012 erano gi\u00e0 andate in scena le partite della massima serie con la Sisley protagonista.\u00a0 Peccato che il palazzetto di Lambioi non sia mai a disposizione, a parte la domenica (alle ore 18) per le gare casalinghe di campionato: \u00ab<em>Abbiamo compiuto degli sforzi significativi per salire di categoria e regalare alla citt\u00e0 e al territorio un palcoscenico di prestigio. Essere in A significa avere un ritorno mediatico di un certo rilievo, se \u00e8 vero che ogni match verr\u00e0 trasmesso in diretta attraverso i canali ufficiali della Lega Volley. Significa, in sostanza, portare il nome di Belluno in tutta Italia, o quasi. Ma le istituzioni e coloro che gestiscono gli impianti del capoluogo non sembrano avere particolarmente a cuore la questione. Tanto \u00e8 vero che, fino a oggi, abbiamo trovato solo porte sbarrate<\/em>\u00bb.\u00a0 Da Rold allarga i confini del suo ragionamento: \u00abI<em>n una zona di montagna come la nostra, \u00e8 doveroso offrire ai giovani delle opportunit\u00e0 concrete per arricchire di contenuti e stimoli il loro tempo libero. Su questo siamo tutti d\u2019accordo? Bene, allora non esiste un\u2019opportunit\u00e0 migliore dello sport. Una squadra in Serie A3 pu\u00f2 creare interesse, entusiasmo, fare da traino per l\u2019intero movimento sportivo provinciale. <\/em><em>Il paradosso \u00e8 che, al di fuori dei confini comunali, avremmo chi ci stende il tappeto rosso &#8211; conclude Sandro Da Rold -. In primis, Longarone. Ma siamo una compagine di Belluno e, prima di \u201cemigrare\u201d, vorremmo battere ogni strada possibile e capire per quale motivo, nella nostra citt\u00e0, non sia possibile preparare un campionato di alto livello. Altrove non \u00e8 cos\u00ec: le realt\u00e0 che vantano formazioni in Serie A hanno la loro \u201ccasa\u201d e la utilizzano a piacimento. Da noi, invece, ogni richiesta viene disattesa. Non vogliamo la luna: chiediamo solo di poterci allenare<\/em>\u00bb.<\/p>\n<p>&nbsp;<\/p>\n<p>&nbsp;<\/p>\n<hr \/>\n<p>&nbsp;<\/p>\n<blockquote>\n<h3>UNCEM CHIEDE AL MINISTRO CINGOLANI DI APPROVARE IL PIANO NAZIONALE PER LA GESTIONE DEL LUPO<\/h3>\n<\/blockquote>\n<p><strong><a href=\"https:\/\/www.radiopiu.net\/wordpress\/per-legambiente-la-caccia-al-lupo-non-e-una-soluzione\/lupo-4\/\" rel=\"attachment wp-att-188785\"><img loading=\"lazy\" decoding=\"async\" class=\"size-medium wp-image-188785 alignleft\" src=\"https:\/\/www.radiopiu.net\/wordpress\/wp-content\/uploads\/2021\/02\/LUPO-300x206.jpg\" alt=\"\" width=\"300\" height=\"206\" srcset=\"https:\/\/www.radiopiu.net\/wordpress\/wp-content\/uploads\/2021\/02\/LUPO-300x206.jpg 300w, https:\/\/www.radiopiu.net\/wordpress\/wp-content\/uploads\/2021\/02\/LUPO.jpg 512w\" sizes=\"auto, (max-width: 300px) 100vw, 300px\" \/><\/a>ROMA<\/strong> Il Presidente nazionale Uncem ha trasmesso nelle scorse ore una lettera al Ministro Cingolani (Transizione ecologica, ambiente), chiedendo che al pi\u00f9 presto venga approvato il &#8220;Piano nazionale di gestione del lupo&#8221;. Occorre definire, dal livello centrale, al pi\u00f9 presto delle positive regole che contemplino tutte le istanze, ma che partano da chi vive e tiene in vita i territori producendo reddito, posti di lavoro, servizi ecosistemici-ambientali dati dalla multifunzionalit\u00e0 dell&#8217;attivit\u00e0 agricola. Lo scontro tra regioni \u00e8 forte. La conservazione e la gestione della specie, nel quadro della biodiversit\u00e0 alpina, non devono andare a scapito &#8211; secondo Uncem &#8211; di chi la montagna la vive e vi lavora, con aziende agricole e zootecniche di piccole e medie dimensioni. L&#8217;attivit\u00e0 agricola \u00e8 il pilastro dello sviluppo e del presidio delle aree montane. Non \u00e8 indubbiamente solo il lupo a ridurre la presenza di capi e di imprese, \u00e8 chiaro, ma alcune risposte agli allevatori vanno date, mettendo d&#8217;accordo tutti. \u00c8 evidente &#8211; secondo Uncem &#8211; che la contrapposizione, anche nelle Regioni e nelle Province Autonome alpine, tra chi vuole favorire la conservazione del lupo e chi invece vorrebbe abbattimenti, diventi una polarizzazione che non aiuta il sistema agricolo-zootecnico e non favorisce il dialogo tra le parti. A farne le spese, di un Piano non approvato e con indirizzi non chiari, sono le imprese e anche le Amministrazioni locali (Comuni, Unioni montane, Comunit\u00e0 montane), alle prese con risposte non semplici da dare ad allevatori e anche alle Datoriali agricole. Servono formazione e informazione, investimenti e regole certe, anche nel quadro europeo dell&#8217;arco alpino, sincronizzando gli interventi tra gli Stati.<\/p>\n<p>&nbsp;<\/p>\n<hr \/>\n<p>&nbsp;<\/p>\n<blockquote>\n<h3 class=\"entry-title\">QUASI 50.000 FIRME PER IL CRAS IN PROVINCIA<\/h3>\n<\/blockquote>\n<p class=\"p1 photoswipe-wrapper\"><a class=\"dt-pswp-item pspw-wrap-ready\" href=\"https:\/\/www.radiopiu.net\/wordpress\/wp-content\/uploads\/2021\/08\/Schermata-2021-08-04-alle-11.07.53.png\" data-dt-img-description=\"\" data-large_image_width=\"1944\" data-large_image_height=\"1432\"><img loading=\"lazy\" decoding=\"async\" class=\"alignleft size-medium wp-image-226002\" src=\"https:\/\/www.radiopiu.net\/wordpress\/wp-content\/uploads\/2021\/08\/Schermata-2021-08-04-alle-11.07.53-300x221.png\" sizes=\"auto, (max-width: 300px) 100vw, 300px\" srcset=\"https:\/\/www.radiopiu.net\/wordpress\/wp-content\/uploads\/2021\/08\/Schermata-2021-08-04-alle-11.07.53-300x221.png 300w, https:\/\/www.radiopiu.net\/wordpress\/wp-content\/uploads\/2021\/08\/Schermata-2021-08-04-alle-11.07.53-1024x754.png 1024w, https:\/\/www.radiopiu.net\/wordpress\/wp-content\/uploads\/2021\/08\/Schermata-2021-08-04-alle-11.07.53-768x566.png 768w, https:\/\/www.radiopiu.net\/wordpress\/wp-content\/uploads\/2021\/08\/Schermata-2021-08-04-alle-11.07.53-1536x1131.png 1536w, https:\/\/www.radiopiu.net\/wordpress\/wp-content\/uploads\/2021\/08\/Schermata-2021-08-04-alle-11.07.53.png 1944w\" alt=\"\" width=\"300\" height=\"221\" \/><\/a>In poco tempo sono state raccolte quasi 50.000 firme in una petizione ospitata da<a href=\"http:\/\/chng.it\/xT6Nvh2X4j\">\u00a0change.org<\/a>\u00a0e creata da Cristiano Fant noto attivista bellunese e destinata a Regione e Provincia per sollecitare la costruzione di un CRAS (centro recupero animali selvatici). Servir\u00e0 a muovere qualcosa o qualcuno in modo serio e fattivo? Chi lo sa\u2026<br \/>\nSono anni che attivisti in testa e cittadini chiedono che gli animali selvatici vengano assistitiin modo civile e si smetta con il fai da t\u00e8 per il recupero di volatili, ricci, picchi, piccoli rapaci, lepri, spesso affidati alle cure di privati che tentano di salvarne la vita perch\u00e8 non hanno nessuna risposta dalle istituzioni.Le figure preposte per il recupero sono le guardie provinciali, ma spesso il rinvenimento degli animali avviene di notte o nei week end quando i numeri di telefono rimangono fuori servizio. Per gli animali di taglia pi\u00f9 grande non solo c\u2019\u00e8 la morte certa, ma anche lunghe ore o giorni di agonia, come si legge in numerosi articoli che da anni escono sui quotidiani locali.A seguito di questi e delle proteste di molti cittadini e turisti indignati, la Provincia nel 2019 sembrava dare come \u201ccosa fatta\u201d la convenzione con i veterinari del settore privato, anche questa finita nel nulla per la mancanza di una struttura dove ricoverare e curare gli animali che certo non possono essere ospitati in un ambulatorio privato, n\u00e9 trasportati con un auto privata, n\u00e9 tantomeno abbattuti se recuperabili, la risposta a questa criticit\u00e0 \u00e8 appunto il CRAS, non certo uno sporadico intervento in convenzione senza nessuna strutturazione seria.E\u2019 possibile che la provincia che comprende il parco Nazionale Dolomiti Bellunesi davvero non abbia un CRAS? E\u2019 possibile che nel 2021 con la crescente sensibilit\u00e0 verso l\u2019ambiente e i suoi abitanti non si riesca ad avere un servizio come questo? In una regione in cui la caccia sembra la risposta ad ogni problema di convivenza? In anni in cui il rispetto dell\u2019ambiente, la convivenza tra specie diviene sempre pi\u00f9 urgente e necessario? La petizione \u00e8 ancora on line, Cristiano Fant dichiara sar\u00e0 chiusa a settembre e le firme inviate ai destinatari per cui c\u2019\u00e8 ancora tempo per firmare, cliccando nel link sottostante.<\/p>\n<p class=\"p1\"><a href=\"http:\/\/chng.it\/xT6Nvh2X4j\"><strong>http:\/\/chng.it\/xT6Nvh2X4j<\/strong><\/a><\/p>\n<p>&nbsp;<\/p>\n<hr \/>\n<p>&nbsp;<\/p>\n<blockquote>\n<h3>LE CINQUE DOMANDE DI CONFARTIGIANATO<\/h3>\n<\/blockquote>\n<p><strong><a href=\"https:\/\/www.radiopiu.net\/wordpress\/la-presidente-di-confartigianato-claudia-scarzanella-parla-delle-sfide-territoriali-per-lanno-che-verra\/claudia-scarzanella-confartigianato\/\" rel=\"attachment wp-att-182277\"><img loading=\"lazy\" decoding=\"async\" class=\"wp-image-182277 alignleft\" src=\"https:\/\/www.radiopiu.net\/wordpress\/wp-content\/uploads\/2020\/12\/CLAUDIA-SCARZANELLA-CONFARTIGIANATO-300x236.png\" alt=\"\" width=\"147\" height=\"116\" srcset=\"https:\/\/www.radiopiu.net\/wordpress\/wp-content\/uploads\/2020\/12\/CLAUDIA-SCARZANELLA-CONFARTIGIANATO-300x236.png 300w, https:\/\/www.radiopiu.net\/wordpress\/wp-content\/uploads\/2020\/12\/CLAUDIA-SCARZANELLA-CONFARTIGIANATO-1024x804.png 1024w, https:\/\/www.radiopiu.net\/wordpress\/wp-content\/uploads\/2020\/12\/CLAUDIA-SCARZANELLA-CONFARTIGIANATO-768x603.png 768w, https:\/\/www.radiopiu.net\/wordpress\/wp-content\/uploads\/2020\/12\/CLAUDIA-SCARZANELLA-CONFARTIGIANATO.png 1042w\" sizes=\"auto, (max-width: 147px) 100vw, 147px\" \/><\/a>BELLUNO<\/strong>\u00a0Cinque domande sullo sviluppo infrastrutturale del territorio e sulle possibilit\u00e0 per il futuro della montagna. Sono la base del\u00a0 questionario che Confartigianato Belluno sottoporr\u00e0 ai suoi associati. <em>\u00abL\u2019obiettivo \u00e8 sondare il terreno delle aziende artigiane e sentire direttamente dagli imprenditori e dalle piccole e medie imprese che vivono e operano sul territorio cosa ritengono prioritario nella costruzione del Bellunese da qui ai prossimi anni\u00bb<\/em> spiega la presidente di Confartigianato Belluno Claudia Scarzanella (foto).<br \/>\n<strong>LE DOMANDE<\/strong>\u00a0 Come cambierebbe il lavoro se:\u00a0 1) ci fosse l\u2019autostrada con sbocco a Nord\u00a0 2) lo sbocco\u00a0 ferroviario\u00a0 a nord\u00a0 3) il treno delle Dolomiti 4) la banda ultra larga con copertura capillare\u00a0 5) Quale infrastruttura ritiene indispensabile per il futuro del\u00a0 territorio?.<\/p>\n<p>&nbsp;<\/p>\n<p>&nbsp;<\/p>\n<hr \/>\n<p>&nbsp;<\/p>\n<blockquote>\n<h3>STEFANO BONACCINI ALLA FESTA DELL&#8217;UNITA&#8217; SUL NEVEGAL<\/h3>\n<\/blockquote>\n<p><strong><a href=\"https:\/\/www.radiopiu.net\/wordpress\/giornale-radiopiu-05-agosto-2021-direttore-mirko-mezzacasa\/07-08-2021-bonaccini\/\" rel=\"attachment wp-att-225997\"><img loading=\"lazy\" decoding=\"async\" class=\"wp-image-225997 alignleft\" src=\"https:\/\/www.radiopiu.net\/wordpress\/wp-content\/uploads\/2021\/08\/07.08.2021-Bonaccini-212x300.jpg\" alt=\"\" width=\"132\" height=\"186\" srcset=\"https:\/\/www.radiopiu.net\/wordpress\/wp-content\/uploads\/2021\/08\/07.08.2021-Bonaccini-212x300.jpg 212w, https:\/\/www.radiopiu.net\/wordpress\/wp-content\/uploads\/2021\/08\/07.08.2021-Bonaccini-724x1024.jpg 724w, https:\/\/www.radiopiu.net\/wordpress\/wp-content\/uploads\/2021\/08\/07.08.2021-Bonaccini-768x1086.jpg 768w, https:\/\/www.radiopiu.net\/wordpress\/wp-content\/uploads\/2021\/08\/07.08.2021-Bonaccini-1086x1536.jpg 1086w, https:\/\/www.radiopiu.net\/wordpress\/wp-content\/uploads\/2021\/08\/07.08.2021-Bonaccini-1448x2048.jpg 1448w, https:\/\/www.radiopiu.net\/wordpress\/wp-content\/uploads\/2021\/08\/07.08.2021-Bonaccini-scaled.jpg 1810w\" sizes=\"auto, (max-width: 132px) 100vw, 132px\" \/><\/a>BELLUNO <\/strong><span class=\"s1\">Dalla sanit\u00e0 pubblica al centro meteo europeo, dalla medicina del territorio alla scienza a servizio dell\u2019uomo, dalla data Valley a un nuovo paesaggio, fino al patto sociale per costruire un futuro diverso: del buon lavoro, della sostenibilit\u00e0, dell\u2019innovazione. <\/span><span class=\"s1\">Oltre gli stereotipi della ricca e opulenta Emilia-Romagna, una riflessione che parte da esperienze locali e guarda all\u2019intero paese, in primis ai \u2018vicini di casa\u2019, ai veneti. <\/span><span class=\"s1\">Sabato 7 agosto la Festa de L\u2019Unit\u00e0 ospiter\u00e0 il presidente della regione Emilia-Romagna, Stefano Bonaccini, per la presentazione del suo ultimo libro, \u2018Il Paese che vogliamo &#8211; Idee e proposte per l\u2019Italia del Futuro. L\u2019appuntamento \u00e8 alle ore 18 a pian Longhi, lungo la strada per il Neveg\u00e0l. Dopo l\u2019introduzione della segretaria provinciale del PD, Monica Lotto e del deputato bellunese Roger De Menech, sar\u00e0 il giornalista Marco D\u2019Inc\u00e0 a intervistare il presidente Bonaccini sulle idee che possono cambiare in meglio la vita degli italiani.<\/span><\/p>\n<p>&nbsp;<\/p>\n<p>&nbsp;<\/p>\n<hr \/>\n<\/div>\n<div class=\"mkdf-post-text-inner\"><\/div>\n<div class=\"mkdf-post-text-inner\"><\/div>\n<blockquote>\n<h3>DOPO 50 ANNI IL PREMIO SAN MARTINO SI RINNOVA. LE MODIFICHE DOPO UNA LUNGA RIFLESSIONE<\/h3>\n<\/blockquote>\n<p><a href=\"https:\/\/www.radiopiu.net\/wordpress\/dopo-50-anni-il-premio-san-martino-si-rinnova-le-modifiche-dopo-una-lunga-riflessione\/6ce9fda0-d047-4286-ba58-932670f90269\/\" rel=\"attachment wp-att-226104\"><img loading=\"lazy\" decoding=\"async\" class=\"size-medium wp-image-226104 alignleft\" src=\"https:\/\/www.radiopiu.net\/wordpress\/wp-content\/uploads\/2021\/08\/6ce9fda0-d047-4286-ba58-932670f90269-300x138.jpg\" alt=\"\" width=\"300\" height=\"138\" srcset=\"https:\/\/www.radiopiu.net\/wordpress\/wp-content\/uploads\/2021\/08\/6ce9fda0-d047-4286-ba58-932670f90269-300x138.jpg 300w, https:\/\/www.radiopiu.net\/wordpress\/wp-content\/uploads\/2021\/08\/6ce9fda0-d047-4286-ba58-932670f90269-1024x472.jpg 1024w, https:\/\/www.radiopiu.net\/wordpress\/wp-content\/uploads\/2021\/08\/6ce9fda0-d047-4286-ba58-932670f90269-768x354.jpg 768w, https:\/\/www.radiopiu.net\/wordpress\/wp-content\/uploads\/2021\/08\/6ce9fda0-d047-4286-ba58-932670f90269-1536x708.jpg 1536w, https:\/\/www.radiopiu.net\/wordpress\/wp-content\/uploads\/2021\/08\/6ce9fda0-d047-4286-ba58-932670f90269.jpg 1600w\" sizes=\"auto, (max-width: 300px) 100vw, 300px\" \/><\/a><\/p>\n<p>&nbsp;<\/p>\n<p>&nbsp;<\/p>\n<p><strong>BELLUNO<\/strong><\/p>\n<p>&nbsp;<\/p>\n<p>&nbsp;<\/p>\n<p><strong>di MORENO GIOLI\u00a0<\/strong><\/p>\n<audio class=\"wp-audio-shortcode\" id=\"audio-225950-12\" preload=\"none\" style=\"width: 100%;\" controls=\"controls\"><source type=\"audio\/mpeg\" src=\"https:\/\/www.radiopiu.net\/wordpress\/wp-content\/uploads\/2021\/08\/MPRENO-SAN-MARTINO.mp3?_=12\" \/><a href=\"https:\/\/www.radiopiu.net\/wordpress\/wp-content\/uploads\/2021\/08\/MPRENO-SAN-MARTINO.mp3\">https:\/\/www.radiopiu.net\/wordpress\/wp-content\/uploads\/2021\/08\/MPRENO-SAN-MARTINO.mp3<\/a><\/audio>\n<p>&nbsp;<\/p>\n<p><strong>IL PRESIDENTE DEL CONSIGLIO COMUNALE FRANCESCO RASERNA BERNA<\/strong><\/p>\n<audio class=\"wp-audio-shortcode\" id=\"audio-225950-13\" preload=\"none\" style=\"width: 100%;\" controls=\"controls\"><source type=\"audio\/mpeg\" src=\"https:\/\/www.radiopiu.net\/wordpress\/wp-content\/uploads\/2021\/08\/rasera-berna.mp3?_=13\" \/><a href=\"https:\/\/www.radiopiu.net\/wordpress\/wp-content\/uploads\/2021\/08\/rasera-berna.mp3\">https:\/\/www.radiopiu.net\/wordpress\/wp-content\/uploads\/2021\/08\/rasera-berna.mp3<\/a><\/audio>\n<p>&nbsp;<\/p>\n<p><strong>IL CONSIGLIERE COMUNALE FABIO &#8220;RUFUS&#8221; BRISTOT<\/strong><\/p>\n<audio class=\"wp-audio-shortcode\" id=\"audio-225950-14\" preload=\"none\" style=\"width: 100%;\" controls=\"controls\"><source type=\"audio\/mpeg\" src=\"https:\/\/www.radiopiu.net\/wordpress\/wp-content\/uploads\/2021\/08\/rufus.mp3?_=14\" \/><a href=\"https:\/\/www.radiopiu.net\/wordpress\/wp-content\/uploads\/2021\/08\/rufus.mp3\">https:\/\/www.radiopiu.net\/wordpress\/wp-content\/uploads\/2021\/08\/rufus.mp3<\/a><\/audio>\n<p>&nbsp;<\/p>\n<div><\/div>\n<div><\/div>\n<div>\n<hr \/>\n<\/div>\n<div><\/div>\n<div><\/div>\n<div><\/div>\n<div>\n<blockquote>\n<h3>CON I FONDI DI CONFINE LO SVILUPPO DELLA TELEMEDICINA<\/h3>\n<p><a href=\"https:\/\/www.radiopiu.net\/wordpress\/giornale-radiopiu-05-agosto-2021-direttore-mirko-mezzacasa\/telemedicine-6166814_960_720\/\" rel=\"attachment wp-att-226117\"><img loading=\"lazy\" decoding=\"async\" class=\" wp-image-226117 alignleft\" src=\"https:\/\/www.radiopiu.net\/wordpress\/wp-content\/uploads\/2021\/08\/telemedicine-6166814_960_720-300x200.jpg\" alt=\"\" width=\"228\" height=\"152\" srcset=\"https:\/\/www.radiopiu.net\/wordpress\/wp-content\/uploads\/2021\/08\/telemedicine-6166814_960_720-300x200.jpg 300w, https:\/\/www.radiopiu.net\/wordpress\/wp-content\/uploads\/2021\/08\/telemedicine-6166814_960_720-768x512.jpg 768w, https:\/\/www.radiopiu.net\/wordpress\/wp-content\/uploads\/2021\/08\/telemedicine-6166814_960_720.jpg 960w\" sizes=\"auto, (max-width: 228px) 100vw, 228px\" \/><\/a><strong>BELLUNO<\/strong>\u00a0 \u00c8 stato approvato il progetto per il potenziamento della telemedicina e degli screening oncologici del valore di 1,58 milioni di euro di cui 1,12 finanziati con i Fondi Aree di Confine. Il Progetto \u00e8 volto a promuovere le modalit\u00e0 di erogazione del servizio di assistenza sanitaria tramite l\u2019uso delle tecnologie innovative, nonch\u00e9 a potenziare l\u2019organizzazione delle attivit\u00e0 di screening\/vaccinazione sul territorio con l\u2019acquisto di un camper che porter\u00e0 gli operatori nei vari comuni. L\u2019Azienda ULSS n. 1 Dolomiti intende infatti rafforzare la rete dell\u2019assistenza territoriale, utilizzando un approccio multidisciplinare e interdisciplinare, che garantisca l\u2019integrazione delle prestazioni sanitarie, socio-sanitarie territoriali ed ospedaliere, potenziando le strumentazioni informatiche e telematiche, nonch\u00e9 le forme territoriali di cura. Inoltre, sar\u00e0 acquistato un camper attrezzato come ambulatorio per vaccinazioni (di ogni tipo, anche pediatriche) o screening che sar\u00e0 utilizzato dal Dipartimento di Prevenzione per raggiungere i comuni pi\u00f9 periferici. Il costo complessivo del progetto \u00e8 pari ad \u20ac 1.585.000,00: la Provincia di Belluno, quale soggetto attuare dei Fondi di Confine, riconosce all\u2019Azienda ULSS n. 1 Dolomiti &#8211; per le attivit\u00e0 da quest\u2019ultima attuate &#8211; l\u2019importo di \u20ac 1.120.000,00 e l\u2019Azienda ULSS n. 1 si impegna a cofinanziare il progetto per l\u2019importo di \u20ac 465.000,00.<\/p><\/blockquote>\n<\/div>\n<div class=\"mkdf-post-text-inner\"><\/div>\n<div><\/div>\n<div>\n<hr \/>\n<\/div>\n<div><\/div>\n<div><\/div>\n<div>\n<hr \/>\n<\/div>\n<div><\/div>\n<div>\n<blockquote>\n<h3 style=\"text-align: left;\" align=\"CENTER\"><span style=\"font-size: large;\"><b>Psichiatria: avanti con le procedure per la copertura dei due primariati<\/b><\/span><\/h3>\n<\/blockquote>\n<p>&nbsp;<\/p>\n<p><span style=\"font-size: large;\"><strong>BELLUNO<\/strong> Procedono le istruttorie per la copertura dei posti di direttore di Psichiatria di Belluno e Feltre<\/span><span style=\"font-size: large;\">, sono stati incaricati come direttori facenti funzioni la dottoressa Stefania Zambolin per la Psichiatria di Belluno e il dottor Francesco Procaccini per la Psichiatria di Feltre.<\/span><\/p>\n<\/div>\n<div><\/div>\n<div><\/div>\n<div class=\"mkdf-post-text-inner\"><\/div>\n<div class=\"mkdf-post-text-inner\"><\/div>\n<div class=\"mkdf-post-text-inner\">\n<hr \/>\n<p>&nbsp;<\/p>\n<blockquote>\n<h3>LO STATUTO DELL&#8217;ASCA IN CONSIGLIO COMUNALE<\/h3>\n<\/blockquote>\n<p><strong>RIVAMONTE<\/strong> Due punti all&#8217;ordine del giorno nel consiglio comunale che il sindaco Nino Deon ha convocato per\u00a0 domani alle 19 (diretta canali social Radio Pi\u00f9). Oltre alla proposta di modifica dello statuto dell&#8217;Azienda Consortile Agordina (Asca) le risposte alle interrogazioni dei consiglieri.<\/p>\n<p>&nbsp;<\/p>\n<hr \/>\n<p>&nbsp;<\/p>\n<blockquote>\n<h3>SABATO IN MARMOLADA: APPUNTAMENTO CON LA STORIA.<\/h3>\n<\/blockquote>\n<p><b><img loading=\"lazy\" decoding=\"async\" class=\"alignleft\" src=\"https:\/\/www.radiopiu.net\/wordpress\/wp-content\/uploads\/2021\/08\/dad5736c-383c-49f9-a892-b07b8b5153be.jpg\" width=\"270\" height=\"152\" \/>ROCCA PIETORE <\/b>Nella spettacolare cornice della Marmolada, tra il museo <strong>Marmolada Grande Guerra 3000 M<\/strong> e il percorso della <strong>Zona Monumentale Sacra di Punta Serauta<\/strong>, <strong>sabato <\/strong>\u00a0\u00e8 possibile rivivere la storia della Prima Guerra Mondiale attraverso un\u2019esperienza coinvolgente e originale. Durante l\u2019intera giornata, un gruppo di rievocatori<span style=\"text-decoration-line: line-through;\">,<\/span> appassionati storici in divise autentiche dell\u2019epoca, intratterranno i visitatori di Marmolada-Move To The Top raccontando eventi e momenti di quotidianit\u00e0 vissuti dai soldati oltre un secolo fa. Un\u2019iniziativa compresa nel biglietto della funivia Marmolada &#8211; Move To The Top, che da Malga Ciap\u00e8la conduce direttamente a Serauta in meno di 10 minuti.<\/p>\n<blockquote><p><em>Marmolada,\u00a0 all\u2019epoca della Prima Guerra Mondiale i soldati italiani costruirono il Fortilizio Italiano di Punta Serauta, a difesa dello sbarramento austriaco collocato tra il ghiacciaio e Forcella a Vu, oggi si trova la Zona Monumentale Sacra di Punta Serauta. Il suo cuore \u00e8 rappresentato dal Museo Marmolada Grande Guerra 3.000, realizzato all\u2019interno della stazione funiviaria di Marmolada-Move To The Top e completamente ristrutturato in uno spazio multimediale e interattivo nel 2015. All\u2019esterno della stazione, invece, un percorso attrezzato accessibile da Forcella Serauta, conduce tra le rocce alla scoperta di posti di comando, osservatori, postazioni, ricoveri, baracche, trincee e camminamenti.<\/em><\/p><\/blockquote>\n<p>In foto: alcuni alpini del gruppo storico 6\u00b0 alpini, Btg. Verona e alcuni membri del Deutsche Alpenkorps W\u00fcrttemberg Artillerie, in abiti storici della Grande Guerra<\/p>\n<p>&nbsp;<\/p>\n<p>&nbsp;<\/p>\n<p>&nbsp;<\/p>\n<p>&nbsp;<\/p>\n<hr \/>\n<blockquote>\n<h3><\/h3>\n<h3>UN CROCIFISSO DELLO SCULTORE DANTE MORO IN DONO AL MUSEO ALBINO LUCIANI<\/h3>\n<\/blockquote>\n<p><strong><a href=\"https:\/\/www.radiopiu.net\/wordpress\/un-crocifisso-dello-scultore-dante-moro-in-dono-al-museo-albino-luciani\/dantemoro\/\" rel=\"attachment wp-att-226005\"><img loading=\"lazy\" decoding=\"async\" class=\"size-medium wp-image-226005 alignleft\" src=\"https:\/\/www.radiopiu.net\/wordpress\/wp-content\/uploads\/2021\/08\/DanteMoro-300x170.jpg\" alt=\"\" width=\"300\" height=\"170\" srcset=\"https:\/\/www.radiopiu.net\/wordpress\/wp-content\/uploads\/2021\/08\/DanteMoro-300x170.jpg 300w, https:\/\/www.radiopiu.net\/wordpress\/wp-content\/uploads\/2021\/08\/DanteMoro.jpg 600w\" sizes=\"auto, (max-width: 300px) 100vw, 300px\" \/><\/a>CANALE D&#8217;AGORDO <\/strong><span class=\"s1\">Cresce l&#8217;attesa a Canale d&#8217;Agordo<\/span><span class=\"s2\"> dove domani alle 21.00 (presso la Sala Lina Zand\u00f2 del Musal \u2013 Museo Albino Luciani) sar\u00e0 finalmente possibile ammirare il pregevole crocifisso ligneo che Giovanni Novello, del movimento Pax Christi, doner\u00e0 alla Fondazione Papa Luciani. <\/span><span class=\"s2\">\u00ab<em>Siamo davvero molto orgogliosi di poter ospitare nel museo questo crocifisso \u2013 ha dichiarato Loris Serafini, direttore del Musal \u2013 \u00e8 per noi un onore visto il prestigio dell&#8217;autore, Dante Moro, di cui possiamo gi\u00e0 apprezzare la maestria nella chiesa arcipretale di Canale d&#8217;Agordo<\/em>\u00bb. <\/span><span class=\"s2\">Lo scultore Dante Moro (Falcade, 1933 \u2013 2009), infatti, nel 1979, in occasione della visita di Papa Giovanni Paolo II nel paese natale di papa Luciani, realizz\u00f2 l\u2019imponente altare in legno massiccio della Chiesa arcipretale di San Giovanni Battista a Canale d\u2019Agordo. Moro si distinse per la sua bravura in tutta Italia anche se le sue opere pi\u00f9 rilevanti si concentrano nella provincia di Belluno e di Padova. <\/span><span class=\"s1\">Per poter assistere all&#8217;attesa cerimonia si raccomanda la prenotazione presso la segreteria del Museo (<a href=\"mailto:info@fondazionepapaluciani.com\"><span class=\"s3\">info@fondazionepapaluciani.com<\/span><\/a>, oppure whatsapp 377.9665237, oppure telefonando al numero 0437.1948001).<\/span><\/p>\n<p>&nbsp;<\/p>\n<p>&nbsp;<\/p>\n<hr \/>\n<p>&nbsp;<\/p>\n<p>&nbsp;<\/p>\n<blockquote>\n<h2><a href=\"https:\/\/www.radiopiu.net\/wordpress\/musica-nellagordino-unestate-di-appuntamenti-domenica-le-note-di-fisarmonica-dalla-croce-del-framont-in-radio-il-2-agosto\/download-891\/\" rel=\"attachment wp-att-150284\"><img loading=\"lazy\" decoding=\"async\" class=\"size-full wp-image-150284 alignleft\" src=\"https:\/\/www.radiopiu.net\/wordpress\/wp-content\/uploads\/2020\/07\/download-17.jpg\" alt=\"\" width=\"271\" height=\"186\" \/><\/a><\/h2>\n<h2><\/h2>\n<h2><\/h2>\n<h2><\/h2>\n<h2>LA SETTIMANA ORGANISTICA<\/h2>\n<h2>\u00a0DI GIANNI SANTOMASO<\/h2>\n<\/blockquote>\n<audio class=\"wp-audio-shortcode\" id=\"audio-225950-15\" preload=\"none\" style=\"width: 100%;\" controls=\"controls\"><source type=\"audio\/mpeg\" src=\"https:\/\/www.radiopiu.net\/wordpress\/wp-content\/uploads\/2021\/08\/SETTIMANA-ORGANISTICA.mp3?_=15\" \/><a href=\"https:\/\/www.radiopiu.net\/wordpress\/wp-content\/uploads\/2021\/08\/SETTIMANA-ORGANISTICA.mp3\">https:\/\/www.radiopiu.net\/wordpress\/wp-content\/uploads\/2021\/08\/SETTIMANA-ORGANISTICA.mp3<\/a><\/audio>\n<p>&nbsp;<\/p>\n<p>&nbsp;<\/p>\n<hr \/>\n<p>&nbsp;<\/p>\n<p>&nbsp;<\/p>\n<blockquote>\n<h3><a href=\"https:\/\/www.radiopiu.net\/wordpress\/operazioni-di-disgaggio-e-bonifica-in-corso-ad-alleghe\/475ef3ed-49ea-4de2-872b-13517ae7ff22\/\" rel=\"attachment wp-att-150324\"><img loading=\"lazy\" decoding=\"async\" class=\"wp-image-150324 alignleft\" src=\"https:\/\/www.radiopiu.net\/wordpress\/wp-content\/uploads\/2020\/07\/475ef3ed-49ea-4de2-872b-13517ae7ff22-300x225.jpg\" alt=\"\" width=\"168\" height=\"126\" srcset=\"https:\/\/www.radiopiu.net\/wordpress\/wp-content\/uploads\/2020\/07\/475ef3ed-49ea-4de2-872b-13517ae7ff22-300x225.jpg 300w, https:\/\/www.radiopiu.net\/wordpress\/wp-content\/uploads\/2020\/07\/475ef3ed-49ea-4de2-872b-13517ae7ff22-768x576.jpg 768w, https:\/\/www.radiopiu.net\/wordpress\/wp-content\/uploads\/2020\/07\/475ef3ed-49ea-4de2-872b-13517ae7ff22.jpg 960w\" sizes=\"auto, (max-width: 168px) 100vw, 168px\" \/><\/a>TROMBONI A SAN SIMON CON LE MUSE E LE DOLOMITI<\/h3>\n<p>LA PRESENTAZIONE DI ODA<\/p><\/blockquote>\n<audio class=\"wp-audio-shortcode\" id=\"audio-225950-16\" preload=\"none\" style=\"width: 100%;\" controls=\"controls\"><source type=\"audio\/mpeg\" src=\"https:\/\/www.radiopiu.net\/wordpress\/wp-content\/uploads\/2021\/08\/oda.mp3?_=16\" \/><a href=\"https:\/\/www.radiopiu.net\/wordpress\/wp-content\/uploads\/2021\/08\/oda.mp3\">https:\/\/www.radiopiu.net\/wordpress\/wp-content\/uploads\/2021\/08\/oda.mp3<\/a><\/audio>\n<p>&nbsp;<\/p>\n<p>&nbsp;<\/p>\n<hr \/>\n<p>&nbsp;<\/p>\n<blockquote>\n<h3><a href=\"https:\/\/www.radiopiu.net\/wordpress\/giornale-radiopiu-05-agosto-2021-direttore-mirko-mezzacasa\/concerto-laghetto-peschiere-2021\/\" rel=\"attachment wp-att-225988\"><img loading=\"lazy\" decoding=\"async\" class=\"wp-image-225988 alignleft\" src=\"https:\/\/www.radiopiu.net\/wordpress\/wp-content\/uploads\/2021\/08\/concerto-laghetto-peschiere-2021-212x300.jpg\" alt=\"\" width=\"93\" height=\"132\" srcset=\"https:\/\/www.radiopiu.net\/wordpress\/wp-content\/uploads\/2021\/08\/concerto-laghetto-peschiere-2021-212x300.jpg 212w, https:\/\/www.radiopiu.net\/wordpress\/wp-content\/uploads\/2021\/08\/concerto-laghetto-peschiere-2021-724x1024.jpg 724w, https:\/\/www.radiopiu.net\/wordpress\/wp-content\/uploads\/2021\/08\/concerto-laghetto-peschiere-2021-768x1086.jpg 768w, https:\/\/www.radiopiu.net\/wordpress\/wp-content\/uploads\/2021\/08\/concerto-laghetto-peschiere-2021-1086x1536.jpg 1086w, https:\/\/www.radiopiu.net\/wordpress\/wp-content\/uploads\/2021\/08\/concerto-laghetto-peschiere-2021-1448x2048.jpg 1448w, https:\/\/www.radiopiu.net\/wordpress\/wp-content\/uploads\/2021\/08\/concerto-laghetto-peschiere-2021-scaled.jpg 1810w\" sizes=\"auto, (max-width: 93px) 100vw, 93px\" \/><\/a>PAOLO FORTE IN CONCERTO AL LAGHETTO DELLE PESCHIERE<\/h3>\n<\/blockquote>\n<p><strong>TAIBON<\/strong> \u00c8 in programma per sabato sera alle 20:30, al Laghetto delle Peschiere di Taibon in Valle di San Lucano, il concerto di Paolo Forte fisarmonicista e fisarmonicante. Consigliata una torcia per raggiungere il laghetto. In caso di maltempo il concerto si svolger\u00e0 nella chiesetta di San Lucano. Ingresso libero con prenotazione gratuita al 0423 950150 o tramite mail a agordomusica@libero.it<br \/>\n<strong>l&#8217;intervista<\/strong><\/p>\n<audio class=\"wp-audio-shortcode\" id=\"audio-225950-17\" preload=\"none\" style=\"width: 100%;\" controls=\"controls\"><source type=\"audio\/mpeg\" src=\"https:\/\/www.radiopiu.net\/wordpress\/wp-content\/uploads\/2021\/08\/Paolo-forte-1.mp3?_=17\" \/><a href=\"https:\/\/www.radiopiu.net\/wordpress\/wp-content\/uploads\/2021\/08\/Paolo-forte-1.mp3\">https:\/\/www.radiopiu.net\/wordpress\/wp-content\/uploads\/2021\/08\/Paolo-forte-1.mp3<\/a><\/audio>\n<p>&nbsp;<\/p>\n<hr \/>\n<p>&nbsp;<\/p>\n<blockquote>\n<h3>&#8220;QUADRI SONORI&#8221; CON LA PIANISTA SILVIA TESSARI<\/h3>\n<p><em>L\u2019accesso \u00e8 consentito con il Green Pass e comunque secondo le regole che saranno in vigore nel giorno del concerto.<\/em><\/p><\/blockquote>\n<p><a href=\"https:\/\/www.radiopiu.net\/wordpress\/?attachment_id=224770\" rel=\"attachment wp-att-224770\"><img loading=\"lazy\" decoding=\"async\" class=\"wp-image-224770 alignleft\" src=\"https:\/\/www.radiopiu.net\/wordpress\/wp-content\/uploads\/2021\/07\/Silvia-Tessari-2021-1-300x250.jpg\" alt=\"\" width=\"167\" height=\"139\" srcset=\"https:\/\/www.radiopiu.net\/wordpress\/wp-content\/uploads\/2021\/07\/Silvia-Tessari-2021-1-300x250.jpg 300w, https:\/\/www.radiopiu.net\/wordpress\/wp-content\/uploads\/2021\/07\/Silvia-Tessari-2021-1-768x641.jpg 768w, https:\/\/www.radiopiu.net\/wordpress\/wp-content\/uploads\/2021\/07\/Silvia-Tessari-2021-1.jpg 920w\" sizes=\"auto, (max-width: 167px) 100vw, 167px\" \/><\/a><\/p>\n<p><strong>FALCADE\u00a0 <\/strong>Il recital \u00e8 in calendario per il 9 agosto alle 21 alla Casa della Giovent\u00f9 di Caviola (anche alle 18 in caso di prenotazioni al numero 3478870898 superiori alla capienza della sala). La prima parte sar\u00e0 dedicata alla collezione di brani del compositore russo Modest Mussorgsky.\u00a0 La seconda a Chopin. Organizza Comune\u00a0 e Parrocchia di Caviola.<\/p>\n<p>&nbsp;<\/p>\n<p>&nbsp;<\/p>\n<p>&nbsp;<\/p>\n<p>&nbsp;<\/p>\n<p>&nbsp;<\/p>\n<hr \/>\n<p>&nbsp;<\/p>\n<blockquote>\n<h3 align=\"CENTER\"><b>ESTATE 2021: ED ECCO DI NUOVO I MERCATINI\u00a0<\/b><b>DELL\u2019ANTIQUARIATO, DEL COLLEZIONISMO, DELL\u2019 USATO \u00a0<\/b><\/h3>\n<\/blockquote>\n<p align=\"JUSTIFY\"><a href=\"https:\/\/www.radiopiu.net\/wordpress\/giornale-radiopiu-23-luglio-2021-direttore-mirko-mezzacasa\/mercatino-caprile\/\" rel=\"attachment wp-att-223533\"><img loading=\"lazy\" decoding=\"async\" class=\" wp-image-223533 alignleft\" src=\"https:\/\/www.radiopiu.net\/wordpress\/wp-content\/uploads\/2021\/07\/Mercatino-Caprile-200x300.jpg\" sizes=\"auto, (max-width: 175px) 100vw, 175px\" srcset=\"https:\/\/www.radiopiu.net\/wordpress\/wp-content\/uploads\/2021\/07\/Mercatino-Caprile-200x300.jpg 200w, https:\/\/www.radiopiu.net\/wordpress\/wp-content\/uploads\/2021\/07\/Mercatino-Caprile-683x1024.jpg 683w, https:\/\/www.radiopiu.net\/wordpress\/wp-content\/uploads\/2021\/07\/Mercatino-Caprile-768x1152.jpg 768w, https:\/\/www.radiopiu.net\/wordpress\/wp-content\/uploads\/2021\/07\/Mercatino-Caprile-1024x1536.jpg 1024w, https:\/\/www.radiopiu.net\/wordpress\/wp-content\/uploads\/2021\/07\/Mercatino-Caprile-1366x2048.jpg 1366w, https:\/\/www.radiopiu.net\/wordpress\/wp-content\/uploads\/2021\/07\/Mercatino-Caprile-scaled.jpg 1707w\" alt=\"\" width=\"108\" height=\"162\" \/><\/a>Il gruppo trevigiano degli \u201cAmici dell\u2019Antiquariato\u201d in collaborazione con il coordinatore locale Giorgio Fontanive e Ad Agordo Pro Loco organizza gli appuntamenti per gli appassionati delle cose antiche come accade dal 2011. Gli operatori dell\u2019organizzazione saranno attorno al Br\u00f3i e nella caratteristica Contrada S.Marco a Caprile. Questi i prossimi appuntamenti:\u00a0<b>Caprile<\/b> (domenica 15 e 21 agosto), <b>Agordo\u00a0<\/b>(sabato 7 agosto,\u00a0gioved\u00ec 12 agosto). Partecipano all\u2019iniziativa commercianti preparati e selezionati in vari settori di operativit\u00e0: oggettistica d\u2019epoca, mobili, arte e collezionismo cartaceo, libri, medaglistica, piccolo antiquariato, arte, vetreria artistica, ecc. Informazioni sull\u2019effettuazione degli incontri e orari all\u2019Ufficio Turistico di Agordo (0437-62105); all\u2019Ufficio Turistico di Alleghe (0437-523333); al riferimento organizzativo 339 348.8278042; alla mail\u00a0<a href=\"mailto:giorgiofontanive@virgilio.it\">giorgiofontanive@virgilio.it<\/a>.<\/p>\n<div class=\"mkdf-post-text\">\n<div class=\"mkdf-post-text-inner\">\n<div class=\"mkdf-post-text-main\">\n<p>&nbsp;<\/p>\n<p>&nbsp;<\/p>\n<hr \/>\n<p>&nbsp;<\/p>\n<h3 class=\"entry-title mkdf-post-title\">Primo concerto in Valle di Gares con i Pink Size Il grande spettacolo ai piedi delle Dolomiti<\/h3>\n<p><a href=\"https:\/\/www.radiopiu.net\/wordpress\/giornale-radiopiu-01-agosto-2021-direttore-mirko-mezzacasa\/11705683_10207451188865973_7894969160591772771_o-e1624806851469\/\" rel=\"attachment wp-att-225349\"><img loading=\"lazy\" decoding=\"async\" class=\"wp-image-225349 alignleft\" src=\"https:\/\/www.radiopiu.net\/wordpress\/wp-content\/uploads\/2021\/08\/11705683_10207451188865973_7894969160591772771_o-e1624806851469.jpg\" alt=\"\" width=\"256\" height=\"165\" srcset=\"https:\/\/www.radiopiu.net\/wordpress\/wp-content\/uploads\/2021\/08\/11705683_10207451188865973_7894969160591772771_o-e1624806851469.jpg 1000w, https:\/\/www.radiopiu.net\/wordpress\/wp-content\/uploads\/2021\/08\/11705683_10207451188865973_7894969160591772771_o-e1624806851469-300x194.jpg 300w, https:\/\/www.radiopiu.net\/wordpress\/wp-content\/uploads\/2021\/08\/11705683_10207451188865973_7894969160591772771_o-e1624806851469-768x495.jpg 768w\" sizes=\"auto, (max-width: 256px) 100vw, 256px\" \/><\/a><\/p>\n<div class=\"vc_row wpb_row vc_row-fluid vc_custom_1520853310750\">\n<div class=\"wpb_column vc_column_container vc_col-sm-12\">\n<div class=\"vc_column-inner\">\n<div class=\"wpb_wrapper\">\n<div class=\"wpb_text_column wpb_content_element \">\n<div class=\"wpb_wrapper\">\n<p><strong>Domenica 22 agosto 2021 alle ore 17.00<\/strong> Canale d\u2019Agordo ospiter\u00e0 il 1\u00b0 concerto in Valle di Gar\u00e9s.\u00a0<strong>La location \u00e8 spettacolare e suggestiva<\/strong>, immersa nel verde, circondata delle Pale di San Martino e dalle cascate delle Comelle. In localit\u00e0 Pian de Giare, in fondo alla Valle di Gar\u00e8s, su di un grande prato, circondati dalle maestose Dolomiti, andr\u00e0 in scena uno spettacolo indimenticabile con l\u2019esibizione dei\u00a0<strong>Pink Size, Tribute band dei Pink Floyd. <\/strong>Dal 2005 la band propone con grande passione le sonorit\u00e0 tipiche del Pink Floyd a 360 gradi. La scaletta abbraccia tutta la discografia, dalla psichedelia di Astronomy Domine ed Echoes, passando per l\u2019evoluzione degli anni \u201970 (Atom Heart Mother, Dark Side of the Moon, Wish You Were Here, Animals e The Wall), fino al loro ultimo album in studio. L\u2019evento, organizzato, dalla Pro Loco in collaborazione con le altre associazioni di volontariato locale, era previsto gi\u00e0 lo scorso anno, ma a causa della pandemia non ci sono state le condizioni per realizzarlo. Nonostante il Coronavirus abbia messo in crisi il turismo e quindi anche l\u2019attivit\u00e0 della Pro Loco, l\u2019Associazione stavolta \u00e8 determinata a procedere con l\u2019iniziativa. Per maggiori informazioni sulle modalit\u00e0 di partecipazione al concerto \u00e8 possibile rivolgersi all\u2019ufficio Pro Loco di Canale d\u2019Agordo e.mail: info@prolococanale.it tel. 0437 1948001<\/p>\n<\/div>\n<\/div>\n<\/div>\n<\/div>\n<\/div>\n<\/div>\n<p>&nbsp;<\/p>\n<p>&nbsp;<\/p>\n<hr \/>\n<p>&nbsp;<\/p>\n<blockquote>\n<h3>IL MUSEO ETNOGRAFICO DI TAIBON AGORDINO FINO AL 28 AGOSTO<\/h3>\n<\/blockquote>\n<p><strong>TAIBON<\/strong> Sono aperte le porte del Museo Etnografico di Taibon Agordino &#8220;Casa della Maria del Pacifico&#8221;. Visitabile tutti i giorni dalle 10 alle 12 e dalle 16 alle 18 escluso il luned\u00ec mattina. Il Museo si trova vicino al municipio si Taibon in Via Pietro Nenni. Accesso con obbligo di mascherina e igienizzazione delle mani. Per informazioni 340 1495978<\/p>\n<p>&nbsp;<\/p>\n<p>&nbsp;<\/p>\n<hr \/>\n<p>&nbsp;<\/p>\n<blockquote>\n<h3>RITORNA &#8220;ROMANTICAVIOLA&#8221;<\/h3>\n<\/blockquote>\n<p><strong>FALCADE<\/strong> Sabato 7 agosto\u00a0 il secondo e ultimo appuntamento con il concerto degli East Sunset in Piazza Pertini dalle 20:30 e alle 22:30 i fuochi d&#8217;artificio.<\/p>\n<p>&nbsp;<\/p>\n<hr \/>\n<p>&nbsp;<\/p>\n<blockquote>\n<h3><a href=\"https:\/\/www.radiopiu.net\/wordpress\/giornale-radiopiu-05-agosto-2021-direttore-mirko-mezzacasa\/4cedf5f6-0131-4051-a46b-b9661e860ea6\/\" rel=\"attachment wp-att-225987\"><img loading=\"lazy\" decoding=\"async\" class=\" wp-image-225987 alignleft\" src=\"https:\/\/www.radiopiu.net\/wordpress\/wp-content\/uploads\/2021\/08\/4cedf5f6-0131-4051-a46b-b9661e860ea6-212x300.jpg\" alt=\"\" width=\"94\" height=\"133\" srcset=\"https:\/\/www.radiopiu.net\/wordpress\/wp-content\/uploads\/2021\/08\/4cedf5f6-0131-4051-a46b-b9661e860ea6-212x300.jpg 212w, https:\/\/www.radiopiu.net\/wordpress\/wp-content\/uploads\/2021\/08\/4cedf5f6-0131-4051-a46b-b9661e860ea6-724x1024.jpg 724w, https:\/\/www.radiopiu.net\/wordpress\/wp-content\/uploads\/2021\/08\/4cedf5f6-0131-4051-a46b-b9661e860ea6-768x1086.jpg 768w, https:\/\/www.radiopiu.net\/wordpress\/wp-content\/uploads\/2021\/08\/4cedf5f6-0131-4051-a46b-b9661e860ea6-1086x1536.jpg 1086w, https:\/\/www.radiopiu.net\/wordpress\/wp-content\/uploads\/2021\/08\/4cedf5f6-0131-4051-a46b-b9661e860ea6.jpg 1131w\" sizes=\"auto, (max-width: 94px) 100vw, 94px\" \/><\/a>LETTURE D&#8217;ESTATE CON LE BIBLIOTECHE DELLA VALLE DEL BIOIS E IL COMUNE DI CANALE D&#8217;AGORDO<\/h3>\n<\/blockquote>\n<p><strong>CANALE D&#8217;AGORDO<\/strong> Gino Bortoletto, gi\u00e0 presidente di SlowFood Veneto, e lo scrittore Lucio Carraro presentano due pubblicazioni che parlano di cuoche e di ristoratori del Veneto. Due di questi sono cittadine di Canale d&#8217;Agordo, Olga e Livia del ristorante Le Codole. Oggi alle 17 nella sala ex Emigranti, a Canale.<\/p>\n<p>&nbsp;<\/p>\n<p>&nbsp;<\/p>\n<p>&nbsp;<\/p>\n<p>&nbsp;<\/p>\n<hr \/>\n<p>&nbsp;<\/p>\n<blockquote>\n<h3>IN SALA FRANCESCHINI LA FORMAZIONE DEL LAGO DI ALLEGHE<\/h3>\n<\/blockquote>\n<p><strong>ALLEGHE<\/strong> Oggi alle 21 conferenza sulla formazione del lago di Alleghe. Interverranno lo storico Maurizio Rebershak e il geologo professor Vittorio Fenti. Moderatore Gianpaolo Soratroi, ingresso gratuito. Informazioni Ufficio Turistico.<\/p>\n<p>&nbsp;<\/p>\n<p>&nbsp;<\/p>\n<hr \/>\n<p>&nbsp;<\/p>\n<blockquote>\n<h3>LA PRESENTAZIONE DEL LIBRO &#8220;CESARE VECELLIO&#8221; A PIEVE DI CADORE<\/h3>\n<\/blockquote>\n<p><strong>PIEVE DI CADORE<\/strong> Nell&#8217;ambito della rassegna &#8220;Estate Tizianesca 2021&#8221; si segnala la presentazione del libro &#8220;<i>Cesare Vecellio&#8221;<\/i>, edito dalla casa editrice padovana &#8220;Il Prato&#8221; per la collana <i>I grandi minori<\/i>, che si svolger\u00e0 oggi alle 18 presso la Magnifica Comunit\u00e0 di Pieve di Cadore<\/p>\n<p>&nbsp;<\/p>\n<hr \/>\n<p>&nbsp;<\/p>\n<blockquote>\n<h3>IL VOLTO ARTISTICO DEL POTERE di ERMINIO MAZZUCCO<\/h3>\n<\/blockquote>\n<p><strong>PONTE NELLE ALPI<\/strong> Il cortile\u00a0 del Bar-Cooperativa di Tignes ospiter\u00e0 oggi, alle 20,30, la presentazione del libro del noto critico d&#8217;arte Erminio Mazzucco.\u00a0 Iniziativa, dell&#8217;Amministrazione comunale di Alpago e dalla Biblioteca Civica di Pieve d&#8217;Alpago e supportata dalla frazione di Tignes e da numerosi volontari<\/p>\n<p>&nbsp;<\/p>\n<p>&nbsp;<\/p>\n<hr \/>\n<p>&nbsp;<\/p>\n<blockquote>\n<h3>ARMONIE 2021, 3 APPUNTAMENTI A FINE AGOSTO<\/h3>\n<\/blockquote>\n<p><strong>BELLUNO <\/strong>Triplo appuntamento per la rassegna &#8220;Armonie 2021&#8221;. Due concerti sono in programma il 21 agosto quando alle 17, presso il teatro Al Mut verr\u00e0 presentato &#8220;Carmen&#8221; e la sera alle 21 &#8220;Finalmente insieme&#8230;canto e musica&#8221; in Piazza Duomo. Il 29 agosto alle 16 l&#8217;ultimo appuntamento con &#8220;Canti e poesie di fine estate&#8221; a Bolzano Bellunese. Concerti all&#8217;apero su prenotazione ed esibizione di green pass.<\/p>\n<p>&nbsp;<\/p>\n<p>&nbsp;<\/p>\n<hr \/>\n<p>&nbsp;<\/p>\n<blockquote>\n<h3>IL DOCUFILM &#8220;ACQUA VIVA&#8221; A GOSALDO<\/h3>\n<\/blockquote>\n<p><strong><a href=\"https:\/\/www.radiopiu.net\/wordpress\/giornale-radiopiu-03-agosto-2021-direttore-mirko-mezzacasa\/schermata-2020-10-21-alle-12-21-35-2\/\" rel=\"attachment wp-att-225627\"><img loading=\"lazy\" decoding=\"async\" class=\"size-medium wp-image-225627 alignleft\" src=\"https:\/\/www.radiopiu.net\/wordpress\/wp-content\/uploads\/2021\/08\/Schermata-2020-10-21-alle-12.21.35-300x169.jpg\" alt=\"\" width=\"300\" height=\"169\" srcset=\"https:\/\/www.radiopiu.net\/wordpress\/wp-content\/uploads\/2021\/08\/Schermata-2020-10-21-alle-12.21.35-300x169.jpg 300w, https:\/\/www.radiopiu.net\/wordpress\/wp-content\/uploads\/2021\/08\/Schermata-2020-10-21-alle-12.21.35-1024x576.jpg 1024w, https:\/\/www.radiopiu.net\/wordpress\/wp-content\/uploads\/2021\/08\/Schermata-2020-10-21-alle-12.21.35-768x432.jpg 768w, https:\/\/www.radiopiu.net\/wordpress\/wp-content\/uploads\/2021\/08\/Schermata-2020-10-21-alle-12.21.35.jpg 1323w\" sizes=\"auto, (max-width: 300px) 100vw, 300px\" \/><\/a>GOSALDO <\/strong>Appuntamento oggi in localit\u00e0 I Stua a Gosaldo alle 20.45. Si svolger\u00e0 la proiezione del docufilm &#8220;Acqua viva. La forza del Mis, l&#8217;ingegno degli uomini&#8221; con la direzione artistica di Lorenzo Cassol, dedicato agli artigiani e alle imprese sorte sulle rive del torrente Mis e dei suoi affluenti per sfruttare la forza motrice delle sue acque. Il film documentario, patrocinato dal Comune di Sospirolo, racconta una storia che parte di lontano, prende slancio tra Otto e Novecento e si conclude poco dopo la met\u00e0 del secolo sulla spinta delle trasformazioni socio-economiche innescate dalla ricostruzione post-bellica e dallo sviluppo dell\u2019industria idroelettrica seguendo il corso del torrente, partendo proprio dal territorio di Gosaldo a I Stua e arrivando, attraverso la Valle del Mis, a Sospirolo fino a Piz Camolino. Sar\u00e0 presentato il dvd che raccoglie anche contenuti extra: il diario delle riprese, l\u2019intervista (2003) al fabbro di Piz Alvio Brancaleone e \u201cStorie di Piz\u201d tratte dal bollettino parrocchiale di Gron. L&#8217;evento \u00e8 proposto dalla Pro Loco &#8220;Monti del Sole&#8221; con la collaborazione della Pro Loco Gosaldo Dolomiti. Ingresso libero fino ad esaurimento posti. Si invitano i partecipanti al rispetto delle normative anti Covid-19. Info: <a href=\"http:\/\/www.sospirolo.net\/\" target=\"_blank\" rel=\"noopener\">www.sospirolo.net<\/a>\u00a0&#8211; 320 334 2082<\/p>\n<p>&nbsp;<\/p>\n<p>&nbsp;<\/p>\n<hr \/>\n<p>&nbsp;<\/p>\n<blockquote>\n<h3>IL MERCATINO DA FORTE DEI MARMI PER LA PRIMA VOLTA SULLE DOLOMITI<\/h3>\n<\/blockquote>\n<p><strong><a href=\"https:\/\/www.radiopiu.net\/wordpress\/giornale-radiopiu-03-agosto-2021-direttore-mirko-mezzacasa\/copertina-evento-alleghe\/\" rel=\"attachment wp-att-225630\"><img loading=\"lazy\" decoding=\"async\" class=\"size-medium wp-image-225630 alignleft\" src=\"https:\/\/www.radiopiu.net\/wordpress\/wp-content\/uploads\/2021\/08\/COPERTINA-EVENTO-ALLEGHE-300x169.jpg\" alt=\"\" width=\"300\" height=\"169\" srcset=\"https:\/\/www.radiopiu.net\/wordpress\/wp-content\/uploads\/2021\/08\/COPERTINA-EVENTO-ALLEGHE-300x169.jpg 300w, https:\/\/www.radiopiu.net\/wordpress\/wp-content\/uploads\/2021\/08\/COPERTINA-EVENTO-ALLEGHE-1024x576.jpg 1024w, https:\/\/www.radiopiu.net\/wordpress\/wp-content\/uploads\/2021\/08\/COPERTINA-EVENTO-ALLEGHE-768x432.jpg 768w, https:\/\/www.radiopiu.net\/wordpress\/wp-content\/uploads\/2021\/08\/COPERTINA-EVENTO-ALLEGHE-1536x864.jpg 1536w, https:\/\/www.radiopiu.net\/wordpress\/wp-content\/uploads\/2021\/08\/COPERTINA-EVENTO-ALLEGHE.jpg 1920w\" sizes=\"auto, (max-width: 300px) 100vw, 300px\" \/><\/a>ALLEGHE <\/strong>Il tour estivo 200% Forte dei Marmi tocca le pi\u00f9 belle localit\u00e0 di villeggiatura e, a questo punto, ne aggiunge una fondamentale! Oggi, Il Mercatino da Forte dei Marmi arriva per la prima volta sulle Dolomiti, esattamente ad Alleghe, nel comprensorio Agordino. Come sempre, l\u2019evento rappresenta un\u2019occasione interessante per residenti e turisti appassionati del Versilia Style, per ritrovare quell\u2019offerta commerciale divenuta cos\u00ec celebre. In zona Lungo Lago, gli operatori proporranno abbigliamento di tendenza, calzature, borse ed altri accessori. Ma anche biancheria per la casa, pizzi, beach wear, profumeria ed enogastronomia di alto livello. Tutti articoli selezionati da operatori impegnati a valorizzare le eccellenze dell\u2019artigianato toscano che ben interpretano il gusto ricercato e glamour della Versilia.\u00a0 Per ulteriori informazioni accedere alla pagina Facebook <a href=\"http:\/\/www.facebook.com\/ilmercatinodafortedeimarmi\">www.facebook.com\/ilmercatinodafortedeimarmi<\/a>.<\/p>\n<p>&nbsp;<\/p>\n<hr \/>\n<p>&nbsp;<\/p>\n<blockquote>\n<h3 align=\"JUSTIFY\">\u201c<span style=\"font-family: Times New Roman, serif;\"><span style=\"font-size: medium;\">Storie di uomini e libri\u201d. Giuseppe Laterza ospite di \u201cTrichiana Paese del Libro\u201d\u00a0 \u00e8 richiesto il Green Pass.<\/span><\/span><\/h3>\n<\/blockquote>\n<p align=\"JUSTIFY\"><span style=\"font-family: Times New Roman, serif;\"><strong>TRICHIANA<\/strong> Secondo appuntamento per il festival letterario \u201cTrichiana Paese del Libro: libri e autori in Borgo Valbelluna\u201d con Giuseppe Laterza, domani alle 20.30 nel giardino della villa Alpago-Novello a Frontin di Trichiana. Dialogando con la giornalista Chiara Alpago-Novello, Giuseppe Laterza racconter\u00e0 la lunga storia della casa editrice di famiglia, che ha appena compiuto 120 anni, a iniziare dagli esordi con Benedetto Croce, un faro spirituale e culturale, e ripercorrendo le collaborazioni con i maggiori intellettuali italiani e europei, fino a arrivare alle iniziative degli ultimi anni, che ne fanno una casa editrice di successo. <\/span><span style=\"font-family: Times New Roman, serif;\">Per informazioni\u00a0 <a href=\"http:\/\/www.borgovalbelluna.it\">www.borgovalbelluna.it<\/a><\/span><span style=\"font-family: Times New Roman, serif;\">Per prenotare gli eventi: <a href=\"mailto:biblioteca.trichiana@borgovalbelluna.bl.it\">biblioteca.trichiana@borgovalbelluna.bl.it<\/a> \u2013 0437 555274, 0437 544211.<\/span><\/p>\n<p>&nbsp;<\/p>\n<hr \/>\n<p>&nbsp;<\/p>\n<p>&nbsp;<\/p>\n<blockquote>\n<h3>LE PIANTE MONUMENTALI DELLA PROVINCIA DI BELLUNO<\/h3>\n<\/blockquote>\n<p><span style=\"font-family: Times New Roman, serif;\"><strong>BELLUNO<\/strong> La provincia di Belluno \u00e8 nel Veneto la pi\u00f9 ricca di alberi monumentali, che costituiscono la pi\u00f9 grande rappresentazione del mondo vegetale sia in termini fisici che memoriali. Gli alberi sono destinati alla immobilit\u00e0, ma hanno una vita spesso plurisecolare. Li vediamo grandi quando siamo piccoli e, quando ce ne andiamo, hanno ancora molta vita davanti. Non viaggiano nello spazio, ma viaggiano nel tempo e, quando muore un vecchio albero, \u00e8 come bruciasse una biblioteca. <\/span><span style=\"font-family: Times New Roman, serif;\">I nostri patriarchi arborei verranno presentati domani, alle\u00a0 21 nella sala consigliare di Calalzo di Cadore, con immagini, storie, leggende e tradizioni, da Anacleto Boranga, divulgatore e guida naturalistica ed ambientale e coautore del libro alberi monumentali della provincia di Belluno.<\/span><\/p>\n\n\t\t\t<style type='text\/css'>\n\t\t\t\t#gallery-2 {\n\t\t\t\t\tmargin: auto;\n\t\t\t\t}\n\t\t\t\t#gallery-2 .gallery-item {\n\t\t\t\t\tfloat: left;\n\t\t\t\t\tmargin-top: 10px;\n\t\t\t\t\ttext-align: center;\n\t\t\t\t\twidth: 33%;\n\t\t\t\t}\n\t\t\t\t#gallery-2 img {\n\t\t\t\t\tborder: 2px solid #cfcfcf;\n\t\t\t\t}\n\t\t\t\t#gallery-2 .gallery-caption {\n\t\t\t\t\tmargin-left: 0;\n\t\t\t\t}\n\t\t\t\t\/* see gallery_shortcode() in wp-includes\/media.php *\/\n\t\t\t<\/style>\n\t\t<div id='gallery-2' class='dt-gallery-container gallery galleryid-225950 gallery-columns-3 gallery-size-thumbnail'><dl class='gallery-item'>\n\t\t\t\t<dt class='gallery-icon portrait'>\n\t\t\t\t\t<a class=\"rollover rollover-zoom dt-pswp-item\" title=\"CAI Calalzo_MERY1024_1\" data-dt-img-description=\"\" data-large_image_width=\"697\" data-large_image_height=\"1024\"href='https:\/\/www.radiopiu.net\/wordpress\/wp-content\/uploads\/2021\/08\/CAI-Calalzo_MERY1024_1.jpg'><img loading=\"lazy\" decoding=\"async\" width=\"150\" height=\"150\" src=\"https:\/\/www.radiopiu.net\/wordpress\/wp-content\/uploads\/2021\/08\/CAI-Calalzo_MERY1024_1-150x150.jpg\" class=\"attachment-thumbnail size-thumbnail\" alt=\"\" \/><\/a>\n\t\t\t\t<\/dt><\/dl><dl class='gallery-item'>\n\t\t\t\t<dt class='gallery-icon landscape'>\n\t\t\t\t\t<a class=\"rollover rollover-zoom dt-pswp-item\" title=\"P1160126\" data-dt-img-description=\"\" data-large_image_width=\"2048\" data-large_image_height=\"1536\"href='https:\/\/www.radiopiu.net\/wordpress\/wp-content\/uploads\/2021\/08\/P1160126.jpg'><img loading=\"lazy\" decoding=\"async\" width=\"150\" height=\"150\" src=\"https:\/\/www.radiopiu.net\/wordpress\/wp-content\/uploads\/2021\/08\/P1160126-150x150.jpg\" class=\"attachment-thumbnail size-thumbnail\" alt=\"\" \/><\/a>\n\t\t\t\t<\/dt><\/dl><dl class='gallery-item'>\n\t\t\t\t<dt class='gallery-icon landscape'>\n\t\t\t\t\t<a class=\"rollover rollover-zoom dt-pswp-item\" title=\"Immagine1\" data-dt-img-description=\"\" data-large_image_width=\"1502\" data-large_image_height=\"1127\"href='https:\/\/www.radiopiu.net\/wordpress\/wp-content\/uploads\/2021\/08\/Immagine1.jpg'><img loading=\"lazy\" decoding=\"async\" width=\"150\" height=\"150\" src=\"https:\/\/www.radiopiu.net\/wordpress\/wp-content\/uploads\/2021\/08\/Immagine1-150x150.jpg\" class=\"attachment-thumbnail size-thumbnail\" alt=\"\" \/><\/a>\n\t\t\t\t<\/dt><\/dl><br style=\"clear: both\" \/>\n\t\t\t<\/div>\n\n<p>&nbsp;<\/p>\n<p>&nbsp;<\/p>\n<p>&nbsp;<\/p>\n<hr \/>\n<p>&nbsp;<\/p>\n<blockquote>\n<h3>CASARMONICA TORNA IN VAL VISDENDE, \u201cRISONANZE MIMETICHE\u201d PER RIFLETTERE SUL POST VAIA<\/h3>\n<\/blockquote>\n<p><strong>SANTO STEFANO DI CADORE<\/strong> Il progetto Ri-Ambientiamoci torna ad animare la Val Visdende con \u201cRisonanze mimetiche\u201d, una giornata di suoni, parole, azioni ed immagini per continuare a riflettere sul ruolo e sul rapporto delle persone con il bosco, dopo il passaggio della tempesta Vaia. Teatro dell&#8217;evento, in programma sabato 7 agosto dalle 11.00 alle 16.00, sar\u00e0 come gi\u00e0 lo scorso autunno Pi\u00e8 della Costa, in Val Visdende, nel territorio di Santo Stefano di Cadore, sul terreno che la Regola di Casada ha voluto in parte dedicare alla realizzazione della Casarmonica, uno spazio visionario per la musica immerso nella natura sfregiata.<\/p>\n<a href=\"https:\/\/www.radiopiu.net\/wordpress\/wp-content\/uploads\/2021\/08\/Risonanze-mimetiche-Casarmonica.pdf\" class=\"pdfemb-viewer\" style=\"\" data-width=\"max\" data-height=\"max\" data-toolbar=\"top\" data-toolbar-fixed=\"on\">Risonanze mimetiche \u2013 Casarmonica<\/a>\n<p>&nbsp;<\/p>\n<p>&nbsp;<\/p>\n<hr \/>\n<\/div>\n<p>&nbsp;<\/p>\n<blockquote>\n<h3><a href=\"https:\/\/www.radiopiu.net\/wordpress\/giornale-radiopiu-04-agosto-2021-direttore-mirko-mezzacasa\/cammino-dolomiti\/\" rel=\"attachment wp-att-225895\"><img loading=\"lazy\" decoding=\"async\" class=\"wp-image-225895 alignleft\" src=\"https:\/\/www.radiopiu.net\/wordpress\/wp-content\/uploads\/2021\/08\/cammino-dolomiti-300x157.jpg\" alt=\"\" width=\"180\" height=\"94\" srcset=\"https:\/\/www.radiopiu.net\/wordpress\/wp-content\/uploads\/2021\/08\/cammino-dolomiti-300x157.jpg 300w, https:\/\/www.radiopiu.net\/wordpress\/wp-content\/uploads\/2021\/08\/cammino-dolomiti-768x402.jpg 768w, https:\/\/www.radiopiu.net\/wordpress\/wp-content\/uploads\/2021\/08\/cammino-dolomiti.jpg 800w\" sizes=\"auto, (max-width: 180px) 100vw, 180px\" \/><\/a>CAMMINO DELLE DOLOMITI 2021<\/h3>\n<p>BELLUNO\u00a0 S<strong>abato 28 agosto gli esercizi spirituali itineranti lungo il Cammino delle Dolomiti.\u00a0<\/strong>Gli aderenti percorreranno la tappa 14 e il primo tratto della tappa 15 da Fiames al Passo Tre Croci attraversando la lunga val Padeon che separa la catena del Pomagagnon dal Cristallo. Le <strong>iscrizioni <\/strong>vengono raccolte dall\u2019Agenzia Viaggi Plavis di Belluno (<a href=\"mailto:agenzia@plavisviaggi.it\">agenzia@plavisviaggi.it<\/a>)<\/p>\n<p>&nbsp;<\/p><\/blockquote>\n<hr \/>\n<p>&nbsp;<\/p>\n<\/div>\n<\/div>\n<\/div>\n<\/div>\n<p>&nbsp;<\/p>\n<h1><span style=\"color: #ff0000;\">IERI ALLA RADIO<\/span><\/h1>\n<h2><strong><a href=\"https:\/\/www.radiopiu.net\/wordpress\/quattro-feriti-nellincidente-al-peron-203-agordina\/7f76dd04-b66f-45c1-9dcc-d90b35f93c78\/\" rel=\"attachment wp-att-215874\"><img loading=\"lazy\" decoding=\"async\" class=\"size-medium wp-image-215874 alignleft\" src=\"https:\/\/www.radiopiu.net\/wordpress\/wp-content\/uploads\/2021\/06\/7f76dd04-b66f-45c1-9dcc-d90b35f93c78-300x169.jpg\" alt=\"\" width=\"300\" height=\"169\" srcset=\"https:\/\/www.radiopiu.net\/wordpress\/wp-content\/uploads\/2021\/06\/7f76dd04-b66f-45c1-9dcc-d90b35f93c78-300x169.jpg 300w, https:\/\/www.radiopiu.net\/wordpress\/wp-content\/uploads\/2021\/06\/7f76dd04-b66f-45c1-9dcc-d90b35f93c78-1024x576.jpg 1024w, https:\/\/www.radiopiu.net\/wordpress\/wp-content\/uploads\/2021\/06\/7f76dd04-b66f-45c1-9dcc-d90b35f93c78-768x432.jpg 768w, https:\/\/www.radiopiu.net\/wordpress\/wp-content\/uploads\/2021\/06\/7f76dd04-b66f-45c1-9dcc-d90b35f93c78-1536x864.jpg 1536w, https:\/\/www.radiopiu.net\/wordpress\/wp-content\/uploads\/2021\/06\/7f76dd04-b66f-45c1-9dcc-d90b35f93c78.jpg 1920w\" sizes=\"auto, (max-width: 300px) 100vw, 300px\" \/><\/a><\/strong><span style=\"color: #008000;\">LA SAGRA DE LA MADONNA DEL LA NEIF A LA VALLE<\/span><\/h2>\n<p><strong>di Claudio Fontanive<\/strong><\/p>\n<p>OSPITE: Andrea Da Roit Presidente della Pro Loco La Valle<\/p>\n<audio class=\"wp-audio-shortcode\" id=\"audio-225950-18\" preload=\"none\" style=\"width: 100%;\" controls=\"controls\"><source type=\"audio\/mpeg\" src=\"https:\/\/www.radiopiu.net\/wordpress\/wp-content\/uploads\/2021\/08\/andrea-da-roiit-sagra-la-valle-4-agosto.mp3?_=18\" \/><a href=\"https:\/\/www.radiopiu.net\/wordpress\/wp-content\/uploads\/2021\/08\/andrea-da-roiit-sagra-la-valle-4-agosto.mp3\">https:\/\/www.radiopiu.net\/wordpress\/wp-content\/uploads\/2021\/08\/andrea-da-roiit-sagra-la-valle-4-agosto.mp3<\/a><\/audio>\n<p>&nbsp;<\/p>\n<hr \/>\n<p>&nbsp;<\/p>\n<div class=\"mkdf-post-text\">\n<div class=\"mkdf-post-text-inner\">\n<div class=\"mkdf-post-text-main\">\n<div class=\"mkdf-post-text\">\n<div class=\"mkdf-post-text-inner\">\n<div class=\"mkdf-post-text-main\">\n<div class=\"mkdf-post-text\">\n<div class=\"mkdf-post-text-inner\">\n<div class=\"mkdf-post-text-main\">\n<div class=\"page-title-head hgroup\">\n<div class=\"page-title-head hgroup\">\n<div class=\"mkdf-post-text\">\n<div class=\"mkdf-post-text-inner\">\n<div class=\"mkdf-post-text-main\">\n<div class=\"mkdf-post-text\">\n<div class=\"mkdf-post-text-inner\">\n<div class=\"mkdf-post-text-main\">\n<div>\n<div class=\"page-title-head hgroup\">\n<div class=\"page-title-head hgroup\">\n<div class=\"page-title-head hgroup\">\n<div class=\"page-title-head hgroup\">\n<div class=\"b654a4as d2edcug0\">\n<div class=\"page-title-head hgroup\">\n<div class=\"page-title-head hgroup\">\n<div class=\"page-title-head hgroup\">\n<div class=\"page-title-head hgroup\">\n<div class=\"b654a4as d2edcug0\">\n<div>\n<div class=\"mkdf-post-text\">\n<div class=\"mkdf-post-text-inner\">\n<div class=\"mkdf-post-text-main\">\n<div class=\"mkdf-post-text\">\n<div class=\"mkdf-post-text-inner\">\n<div class=\"mkdf-post-text-main\">\n<div class=\"mkdf-post-text\">\n<div class=\"mkdf-post-text-inner\">\n<div class=\"mkdf-post-text-main\">\n<div class=\"page-title-head hgroup\">\n<div class=\"page-title-head hgroup\">\n<div class=\"page-title-breadcrumbs\">\n<div class=\"mkdf-post-text\">\n<div class=\"mkdf-post-text-inner\">\n<div class=\"mkdf-post-text-main\">\n<div class=\"mkdf-post-text\">\n<div class=\"mkdf-post-text-inner\">\n<div class=\"mkdf-post-text-main\">\n<div class=\"page-title-head hgroup\">\n<div class=\"page-title-head hgroup\">\n<div class=\"mkdf-post-text\">\n<div class=\"mkdf-post-text-inner\">\n<div class=\"mkdf-post-text-main\">\n<div class=\"mkdf-post-text\">\n<div class=\"mkdf-post-text-inner\">\n<div class=\"mkdf-post-text-main\">\n<div class=\"page-title-head hgroup\">\n<div class=\"page-title-head hgroup\">\n<div class=\"page-title-head hgroup\">\n<div class=\"page-title-head hgroup\">\n<div class=\"b654a4as d2edcug0\">\n<div class=\"page-title-head hgroup\">\n<div class=\"page-title-head hgroup\">\n<div class=\"mkdf-post-text\">\n<div class=\"mkdf-post-text-inner\">\n<div class=\"mkdf-post-text-main\">\n<div class=\"mkdf-post-text\">\n<div class=\"mkdf-post-text-inner\">\n<div class=\"mkdf-post-text-main\">\n<div class=\"mkdf-post-text\">\n<div class=\"mkdf-post-text-inner\">\n<div class=\"mkdf-post-text-main\">\n<div class=\"page-title-head hgroup\">\n<div class=\"page-title-head hgroup\">\n<div class=\"mkdf-post-text\">\n<div class=\"mkdf-post-text-inner\">\n<div class=\"mkdf-post-text-main\">\n<div class=\"mkdf-post-text\">\n<div class=\"mkdf-post-text-inner\">\n<div class=\"mkdf-post-text-main\">\n<div class=\"page-title-head hgroup\">\n<div class=\"page-title-head hgroup\">\n<div class=\"page-title-head hgroup\">\n<div class=\"page-title-head hgroup\">\n<div class=\"b654a4as d2edcug0\">\n<div class=\"page-title-head hgroup\">\n<div class=\"page-title-head hgroup\">\n<div class=\"page-title-head hgroup\">\n<div class=\"page-title-head hgroup\">\n<div class=\"b654a4as d2edcug0\">\n<div>\n<h3><strong>&#8220;I MISTERI DI ALLEGHE DI SERGIO SAVIANE&#8221; ALLA RADIO CON L&#8217;ATTORE ROBERTO FAORO . . . OGNI GIORNO DAL LUNEDI AL VENERDI ALLE 15.30\u00a0\u00a0<\/strong><\/h3>\n<p><em><a href=\"https:\/\/www.radiopiu.net\/wordpress\/i-misteri-di-alleghe-alla-radio\/th-156\/\" rel=\"attachment wp-att-221036\"><img loading=\"lazy\" decoding=\"async\" class=\"wp-image-221036 alignleft\" src=\"https:\/\/www.radiopiu.net\/wordpress\/wp-content\/uploads\/2021\/07\/th-6.jpg\" alt=\"\" width=\"119\" height=\"147\" \/><\/a>&#8220;Piacere, sono Roberto Faoro poliedrico attore, drammaturgo e regista italiano&#8221;. <\/em><\/p>\n<p>Esperienza, professionalit\u00e0 e passione per il mondo dell\u2019arte e della recitazione sono le tre parole chiave che fanno di Roberto Faoro un attore, drammaturgo, regista e formatore molto conosciuto e apprezzato nel territorio delle Dolomiti Bellunesi, ma anche a livello nazionale.<\/p>\n<p><strong>PUNTATA 18 DEL 04 AGOSTO 2021<\/strong><\/p>\n<audio class=\"wp-audio-shortcode\" id=\"audio-225950-19\" preload=\"none\" style=\"width: 100%;\" controls=\"controls\"><source type=\"audio\/mpeg\" src=\"https:\/\/www.radiopiu.net\/wordpress\/wp-content\/uploads\/2021\/08\/A_18.mp3?_=19\" \/><a href=\"https:\/\/www.radiopiu.net\/wordpress\/wp-content\/uploads\/2021\/08\/A_18.mp3\">https:\/\/www.radiopiu.net\/wordpress\/wp-content\/uploads\/2021\/08\/A_18.mp3<\/a><\/audio>\n<p>&nbsp;<\/p>\n<blockquote class=\"wp-embedded-content\" data-secret=\"bgWZ49wBvu\"><p><a href=\"https:\/\/www.radiopiu.net\/wordpress\/i-misteri-di-alleghe-di-sergio-saviane-alla-radio-con-lattore-roberto-faoro-il-podcast\/\">&#8220;I MISTERI DI ALLEGHE DI SERGIO SAVIANE&#8221; ALLA RADIO CON L&#8217;ATTORE ROBERTO FAORO &#8211; IL PODCAST<\/a><\/p><\/blockquote>\n<p><iframe loading=\"lazy\" class=\"wp-embedded-content\" sandbox=\"allow-scripts\" security=\"restricted\" style=\"position: absolute; clip: rect(1px, 1px, 1px, 1px);\" title=\"&#8220;&#8220;I MISTERI DI ALLEGHE DI SERGIO SAVIANE&#8221; ALLA RADIO CON L&#8217;ATTORE ROBERTO FAORO &#8211; IL PODCAST&#8221; &#8212; Radio Pi\u00f9\" src=\"https:\/\/www.radiopiu.net\/wordpress\/i-misteri-di-alleghe-di-sergio-saviane-alla-radio-con-lattore-roberto-faoro-il-podcast\/embed\/#?secret=bgWZ49wBvu\" data-secret=\"bgWZ49wBvu\" width=\"600\" height=\"338\" frameborder=\"0\" marginwidth=\"0\" marginheight=\"0\" scrolling=\"no\"><\/iframe><\/p>\n<p>&nbsp;<\/p>\n<hr \/>\n<p>&nbsp;<\/p>\n<div class=\"mkdf-post-text\">\n<div class=\"mkdf-post-text-inner\">\n<div class=\"mkdf-post-text-main\">\n<div class=\"mkdf-post-text\">\n<div class=\"mkdf-post-text-inner\">\n<div class=\"mkdf-post-text-main\">\n<div class=\"mkdf-post-text\">\n<div class=\"mkdf-post-text-inner\">\n<div class=\"mkdf-post-text-main\">\n<div class=\"page-title-head hgroup\">\n<div class=\"page-title-head hgroup\">\n<div class=\"page-title-breadcrumbs\">\n<div class=\"mkdf-post-text\">\n<div class=\"mkdf-post-text-inner\">\n<div class=\"mkdf-post-text-main\">\n<div class=\"mkdf-post-text\">\n<div class=\"mkdf-post-text-inner\">\n<div class=\"mkdf-post-text-main\">\n<div class=\"page-title-head hgroup\">\n<div class=\"page-title-head hgroup\">\n<blockquote>\n<h2><span style=\"color: #800080;\">I PROFESSIONISTI DEL POLIAMBULATORIO AGORDINO RISPONDONO<\/span><\/h2>\n<\/blockquote>\n<blockquote class=\"wp-embedded-content\" data-secret=\"z2e8s5d9d0\"><p><a href=\"https:\/\/www.radiopiu.net\/wordpress\/i-professionisti-del-poliambulatorio-agordino-rispondono\/\">I PROFESSIONISTI DEL POLIAMBULATORIO AGORDINO RISPONDONO<\/a><\/p><\/blockquote>\n<p><iframe loading=\"lazy\" class=\"wp-embedded-content\" sandbox=\"allow-scripts\" security=\"restricted\" style=\"position: absolute; clip: rect(1px, 1px, 1px, 1px);\" title=\"&#8220;I PROFESSIONISTI DEL POLIAMBULATORIO AGORDINO RISPONDONO&#8221; &#8212; Radio Pi\u00f9\" src=\"https:\/\/www.radiopiu.net\/wordpress\/i-professionisti-del-poliambulatorio-agordino-rispondono\/embed\/#?secret=z2e8s5d9d0\" data-secret=\"z2e8s5d9d0\" width=\"600\" height=\"338\" frameborder=\"0\" marginwidth=\"0\" marginheight=\"0\" scrolling=\"no\"><\/iframe><\/p>\n<p>&nbsp;<\/p>\n<p>&nbsp;<\/p>\n<hr \/>\n<p>&nbsp;<\/p>\n<div class=\"page-title-head hgroup\">\n<blockquote>\n<h3 class=\"entry-title\">PLASTIC FREE \u2013 QUARTA PUNTATA<\/h3>\n<\/blockquote>\n<p><strong><a href=\"https:\/\/www.radiopiu.net\/wordpress\/plastic-free-per-un-mondo-senza-plastica\/plastic-free\/\" rel=\"attachment wp-att-216853\"><img loading=\"lazy\" decoding=\"async\" class=\"size-medium wp-image-216853 alignleft\" src=\"https:\/\/www.radiopiu.net\/wordpress\/wp-content\/uploads\/2021\/06\/plastic-free-300x200.jpeg\" alt=\"\" width=\"300\" height=\"200\" srcset=\"https:\/\/www.radiopiu.net\/wordpress\/wp-content\/uploads\/2021\/06\/plastic-free-300x200.jpeg 300w, https:\/\/www.radiopiu.net\/wordpress\/wp-content\/uploads\/2021\/06\/plastic-free.jpeg 626w\" sizes=\"auto, (max-width: 300px) 100vw, 300px\" \/><\/a>Con la collaborazione di Martina Smaniotto<\/strong><\/p>\n<p>OSPITE: Giulia Bridda<\/p>\n<audio class=\"wp-audio-shortcode\" id=\"audio-225950-20\" preload=\"none\" style=\"width: 100%;\" controls=\"controls\"><source type=\"audio\/mpeg\" src=\"https:\/\/www.radiopiu.net\/wordpress\/wp-content\/uploads\/2021\/08\/PLASTIC-FREE-4.mp3?_=20\" \/><a href=\"https:\/\/www.radiopiu.net\/wordpress\/wp-content\/uploads\/2021\/08\/PLASTIC-FREE-4.mp3\">https:\/\/www.radiopiu.net\/wordpress\/wp-content\/uploads\/2021\/08\/PLASTIC-FREE-4.mp3<\/a><\/audio>\n<p>&nbsp;<\/p>\n<\/div>\n<div class=\"page-title-breadcrumbs\"><\/div>\n<blockquote class=\"wp-embedded-content\" data-secret=\"eySb2KZGDT\"><p><a href=\"https:\/\/www.radiopiu.net\/wordpress\/plastic-free-per-un-mondo-senza-plastica\/\">PLASTIC FREE per un mondo senza plastica<\/a><\/p><\/blockquote>\n<p><iframe loading=\"lazy\" class=\"wp-embedded-content\" sandbox=\"allow-scripts\" security=\"restricted\" style=\"position: absolute; clip: rect(1px, 1px, 1px, 1px);\" title=\"&#8220;PLASTIC FREE per un mondo senza plastica&#8221; &#8212; Radio Pi\u00f9\" src=\"https:\/\/www.radiopiu.net\/wordpress\/plastic-free-per-un-mondo-senza-plastica\/embed\/#?secret=eySb2KZGDT\" data-secret=\"eySb2KZGDT\" width=\"600\" height=\"338\" frameborder=\"0\" marginwidth=\"0\" marginheight=\"0\" scrolling=\"no\"><\/iframe><\/p>\n<p>&nbsp;<\/p>\n<hr \/>\n<p>&nbsp;<\/p>\n<div class=\"mkdf-post-text\">\n<div class=\"mkdf-post-text-inner\">\n<div class=\"mkdf-post-text-main\">\n<blockquote class=\"wp-embedded-content\" data-secret=\"cSjQJPynrq\"><p><a href=\"https:\/\/www.radiopiu.net\/wordpress\/da-ieri-alla-radio-in-palinsesto-loris-e-maurizio-con-la-grande-musica\/\">IL BLUES ALLA RADIO &#8230; COME NON L&#8217;AVETE MAI SENTITO PRIMA<\/a><\/p><\/blockquote>\n<p><iframe loading=\"lazy\" class=\"wp-embedded-content\" sandbox=\"allow-scripts\" security=\"restricted\" style=\"position: absolute; clip: rect(1px, 1px, 1px, 1px);\" title=\"&#8220;IL BLUES ALLA RADIO &#8230; COME NON L&#8217;AVETE MAI SENTITO PRIMA&#8221; &#8212; Radio Pi\u00f9\" src=\"https:\/\/www.radiopiu.net\/wordpress\/da-ieri-alla-radio-in-palinsesto-loris-e-maurizio-con-la-grande-musica\/embed\/#?secret=cSjQJPynrq\" data-secret=\"cSjQJPynrq\" width=\"600\" height=\"338\" frameborder=\"0\" marginwidth=\"0\" marginheight=\"0\" scrolling=\"no\"><\/iframe><\/p>\n<p>&nbsp;<\/p>\n<hr \/>\n<p>&nbsp;<\/p>\n<h2><strong><span style=\"color: #ff0000;\">QUINDICINALE APPUNTAMENTO ALLA RADIO<\/span><\/strong><\/h2>\n<blockquote>\n<h3><a style=\"font-size: 14px; font-weight: normal;\" href=\"https:\/\/www.radiopiu.net\/wordpress\/giornale-radiopiu-06-febbraio-2019-direttore-mirko-mezzacasa\/logo_spi-cgil-800x445\/\" rel=\"attachment wp-att-75538\"><img loading=\"lazy\" decoding=\"async\" class=\"wp-image-75538 alignleft\" src=\"https:\/\/www.radiopiu.net\/wordpress\/wp-content\/uploads\/2019\/02\/Logo_Spi-CGIL-800x445-300x167.jpg\" alt=\"\" width=\"210\" height=\"117\" srcset=\"https:\/\/www.radiopiu.net\/wordpress\/wp-content\/uploads\/2019\/02\/Logo_Spi-CGIL-800x445-300x167.jpg 300w, https:\/\/www.radiopiu.net\/wordpress\/wp-content\/uploads\/2019\/02\/Logo_Spi-CGIL-800x445-768x427.jpg 768w, https:\/\/www.radiopiu.net\/wordpress\/wp-content\/uploads\/2019\/02\/Logo_Spi-CGIL-800x445.jpg 800w\" sizes=\"auto, (max-width: 210px) 100vw, 210px\" \/><\/a><\/h3>\n<\/blockquote>\n<blockquote>\n<h3>ALLA RADIO, APPUNTAMENTO QUINDICINALE CON SPI-CGIL BELLUNO, IN STUDIO MARIA RITA GENTILIN<\/h3>\n<\/blockquote>\n<p><strong>di Claudio Fontanive\u00a0<\/strong><\/p>\n<p><span style=\"color: #ff0000;\"><strong>PUNTATA DEL\u00a0 22 luglio 2021<br \/>\n<\/strong><\/span><\/p>\n<audio class=\"wp-audio-shortcode\" id=\"audio-225950-21\" preload=\"none\" style=\"width: 100%;\" controls=\"controls\"><source type=\"audio\/mpeg\" src=\"https:\/\/www.radiopiu.net\/wordpress\/wp-content\/uploads\/2021\/07\/spi-cgil-22-luglio.mp3?_=21\" \/><a href=\"https:\/\/www.radiopiu.net\/wordpress\/wp-content\/uploads\/2021\/07\/spi-cgil-22-luglio.mp3\">https:\/\/www.radiopiu.net\/wordpress\/wp-content\/uploads\/2021\/07\/spi-cgil-22-luglio.mp3<\/a><\/audio>\n<p><span style=\"color: #ff0000;\"><strong>\u00a0 \u00a0<\/strong><\/span><\/p>\n<p>&nbsp;<\/p>\n<hr \/>\n<p>&nbsp;<\/p>\n<div class=\"mkdf-post-text\">\n<div class=\"mkdf-post-text-inner\">\n<div class=\"mkdf-post-text-main\">\n<div>\n<div class=\"page-title-head hgroup\">\n<div class=\"page-title-head hgroup\">\n<div class=\"page-title-head hgroup\">\n<div class=\"page-title-head hgroup\">\n<div class=\"b654a4as d2edcug0\">\n<blockquote>\n<blockquote>\n<h2><a href=\"https:\/\/www.radiopiu.net\/wordpress\/speciale-solidarieta-veneto\/solidarieta-veneto-3\/\" rel=\"attachment wp-att-134366\"><img loading=\"lazy\" decoding=\"async\" class=\"wp-image-134366 alignleft\" src=\"https:\/\/www.radiopiu.net\/wordpress\/wp-content\/uploads\/2020\/05\/solidariet\u00e0-veneto-300x210.jpg\" alt=\"\" width=\"102\" height=\"71\" srcset=\"https:\/\/www.radiopiu.net\/wordpress\/wp-content\/uploads\/2020\/05\/solidariet\u00e0-veneto-300x210.jpg 300w, https:\/\/www.radiopiu.net\/wordpress\/wp-content\/uploads\/2020\/05\/solidariet\u00e0-veneto-1024x717.jpg 1024w, https:\/\/www.radiopiu.net\/wordpress\/wp-content\/uploads\/2020\/05\/solidariet\u00e0-veneto-768x538.jpg 768w, https:\/\/www.radiopiu.net\/wordpress\/wp-content\/uploads\/2020\/05\/solidariet\u00e0-veneto.jpg 1373w\" sizes=\"auto, (max-width: 102px) 100vw, 102px\" \/><\/a>SOLIDARIETA&#8217; VENETO FONDO PENSIONE, IN ONDA IL PRIMO VENERDI DEL MESE ALLE 10.30 E ALLE 19.00 QUINTA STAGIONE<\/h2>\n<\/blockquote>\n<h2><strong><span style=\"color: #ff0000;\">AUDIO LUGLIO\u00a0 AGOSTO 2021<\/span><\/strong><\/h2>\n<\/blockquote>\n<audio class=\"wp-audio-shortcode\" id=\"audio-225950-22\" preload=\"none\" style=\"width: 100%;\" controls=\"controls\"><source type=\"audio\/mpeg\" src=\"https:\/\/www.radiopiu.net\/wordpress\/wp-content\/uploads\/2021\/07\/solidarieta-veneto-luglio-agosto.mp3-2021.mp3?_=22\" \/><a href=\"https:\/\/www.radiopiu.net\/wordpress\/wp-content\/uploads\/2021\/07\/solidarieta-veneto-luglio-agosto.mp3-2021.mp3\">https:\/\/www.radiopiu.net\/wordpress\/wp-content\/uploads\/2021\/07\/solidarieta-veneto-luglio-agosto.mp3-2021.mp3<\/a><\/audio>\n<p>&nbsp;<\/p>\n<h2>LA RACCOLTA COMPLETA<\/h2>\n<blockquote class=\"wp-embedded-content\" data-secret=\"VlXzIhNXnV\"><p><a href=\"https:\/\/www.radiopiu.net\/wordpress\/solidarieta-veneto\/\">Solidariet\u00e0 Veneto<\/a><\/p><\/blockquote>\n<p><iframe loading=\"lazy\" class=\"wp-embedded-content\" sandbox=\"allow-scripts\" security=\"restricted\" style=\"position: absolute; clip: rect(1px, 1px, 1px, 1px);\" title=\"&#8220;Solidariet\u00e0 Veneto&#8221; &#8212; Radio Pi\u00f9\" src=\"https:\/\/www.radiopiu.net\/wordpress\/solidarieta-veneto\/embed\/#?secret=VlXzIhNXnV\" data-secret=\"VlXzIhNXnV\" width=\"600\" height=\"338\" frameborder=\"0\" marginwidth=\"0\" marginheight=\"0\" scrolling=\"no\"><\/iframe><\/p>\n<blockquote>\n<h2><\/h2>\n<\/blockquote>\n<p>&nbsp;<\/p>\n<hr \/>\n<p>&nbsp;<\/p>\n<div>\n<div class=\"b654a4as d2edcug0\">\n<div class=\"rq0escxv hkbzh7o3 jwdofwj8 n8tt0mok r8blr3vg hyh9befq\">\n<p><a class=\"dt-pswp-item\" href=\"https:\/\/www.radiopiu.net\/wordpress\/wp-content\/uploads\/2020\/10\/pp.jpg\" data-dt-img-description=\"\" data-large_image_width=\"640\" data-large_image_height=\"640\"><img loading=\"lazy\" decoding=\"async\" class=\"wp-image-163678 alignleft\" src=\"https:\/\/www.radiopiu.net\/wordpress\/wp-content\/uploads\/2020\/10\/pp-300x300.jpg\" alt=\"\" width=\"106\" height=\"106\" srcset=\"https:\/\/www.radiopiu.net\/wordpress\/wp-content\/uploads\/2020\/10\/pp-300x300.jpg 300w, https:\/\/www.radiopiu.net\/wordpress\/wp-content\/uploads\/2020\/10\/pp-150x150.jpg 150w, https:\/\/www.radiopiu.net\/wordpress\/wp-content\/uploads\/2020\/10\/pp-125x125.jpg 125w, https:\/\/www.radiopiu.net\/wordpress\/wp-content\/uploads\/2020\/10\/pp-200x200.jpg 200w, https:\/\/www.radiopiu.net\/wordpress\/wp-content\/uploads\/2020\/10\/pp-80x80.jpg 80w, https:\/\/www.radiopiu.net\/wordpress\/wp-content\/uploads\/2020\/10\/pp-480x480.jpg 480w, https:\/\/www.radiopiu.net\/wordpress\/wp-content\/uploads\/2020\/10\/pp.jpg 640w\" sizes=\"auto, (max-width: 106px) 100vw, 106px\" \/><\/a><\/p>\n<\/div>\n<\/div>\n<\/div>\n<div>\n<div class=\"page-title-head hgroup\">\n<div class=\"page-title-head hgroup\">\n<div class=\"b654a4as d2edcug0\">\n<div class=\"j83agx80 btwxx1t3 lhclo0ds hop8lmos nkwizq5d scwd0bx6 roh60bw9\">\n<div class=\"rq0escxv hkbzh7o3 jwdofwj8 n8tt0mok r8blr3vg hyh9befq\">\n<div class=\"do00u71z l9j0dhe7 k4urcfbm\">\n<h2><span style=\"color: #000080;\">DON CESARE, IL PENSIERO DEL GIORNO. ALLA RADIO ALLE 7 DEL MATTINO E ALLE 19.30 DELLA SERA.\u00a0\u00a0<\/span><\/h2>\n<\/div>\n<\/div>\n<\/div>\n<div><\/div>\n<div><\/div>\n<\/div>\n<\/div>\n<div class=\"page-title-head hgroup\">\n<p>&nbsp;<\/p>\n<audio class=\"wp-audio-shortcode\" id=\"audio-225950-23\" preload=\"none\" style=\"width: 100%;\" controls=\"controls\"><source type=\"audio\/mpeg\" src=\"https:\/\/www.radiopiu.net\/wordpress\/wp-content\/uploads\/2021\/08\/CESARE-1.mp3?_=23\" \/><a href=\"https:\/\/www.radiopiu.net\/wordpress\/wp-content\/uploads\/2021\/08\/CESARE-1.mp3\">https:\/\/www.radiopiu.net\/wordpress\/wp-content\/uploads\/2021\/08\/CESARE-1.mp3<\/a><\/audio>\n<p>&nbsp;<\/p>\n<hr \/>\n<p class=\"b654a4as d2edcug0\"><span style=\"color: #ff6600;\"> \u00a0<\/span><\/p>\n<h2><span style=\"color: #ff6600;\">GIROVAGANDO ALLA RADIO, PUNTATA 10<\/span><\/h2>\n<p><strong><a href=\"https:\/\/www.radiopiu.net\/wordpress\/girovagando-alla-radio-puntata-10\/4a6c2a8b-bd00-4952-8bc2-2846980135bb\/\" rel=\"attachment wp-att-225446\"><img loading=\"lazy\" decoding=\"async\" class=\"size-medium wp-image-225446 alignleft\" src=\"https:\/\/www.radiopiu.net\/wordpress\/wp-content\/uploads\/2021\/08\/4a6c2a8b-bd00-4952-8bc2-2846980135bb-300x200.jpg\" alt=\"\" width=\"300\" height=\"200\" srcset=\"https:\/\/www.radiopiu.net\/wordpress\/wp-content\/uploads\/2021\/08\/4a6c2a8b-bd00-4952-8bc2-2846980135bb-300x200.jpg 300w, https:\/\/www.radiopiu.net\/wordpress\/wp-content\/uploads\/2021\/08\/4a6c2a8b-bd00-4952-8bc2-2846980135bb-1024x682.jpg 1024w, https:\/\/www.radiopiu.net\/wordpress\/wp-content\/uploads\/2021\/08\/4a6c2a8b-bd00-4952-8bc2-2846980135bb-768x512.jpg 768w, https:\/\/www.radiopiu.net\/wordpress\/wp-content\/uploads\/2021\/08\/4a6c2a8b-bd00-4952-8bc2-2846980135bb.jpg 1400w\" sizes=\"auto, (max-width: 300px) 100vw, 300px\" \/><\/a>Collaborazione Thomas Soppera<\/strong><\/p>\n<p>&nbsp;<\/p>\n<p><strong>PUNTATA DEL 02 AGOSTO 2021<\/strong><\/p>\n<audio class=\"wp-audio-shortcode\" id=\"audio-225950-24\" preload=\"none\" style=\"width: 100%;\" controls=\"controls\"><source type=\"audio\/mpeg\" src=\"https:\/\/www.radiopiu.net\/wordpress\/wp-content\/uploads\/2021\/08\/GIROVAGANDO-10.mp3?_=24\" \/><a href=\"https:\/\/www.radiopiu.net\/wordpress\/wp-content\/uploads\/2021\/08\/GIROVAGANDO-10.mp3\">https:\/\/www.radiopiu.net\/wordpress\/wp-content\/uploads\/2021\/08\/GIROVAGANDO-10.mp3<\/a><\/audio>\n<p>&nbsp;<\/p>\n<h2><span style=\"color: #ff0000;\">LA RACCOLTA COMPLETA\u00a0<\/span><\/h2>\n<blockquote class=\"wp-embedded-content\" data-secret=\"yggMd2521S\"><p><a href=\"https:\/\/www.radiopiu.net\/wordpress\/girovagando-in-e-bike-tra-le-dolomiti\/\">GIROVAGANDO IN E BIKE TRA LE DOLOMITI<\/a><\/p><\/blockquote>\n<p><iframe loading=\"lazy\" class=\"wp-embedded-content\" sandbox=\"allow-scripts\" security=\"restricted\" style=\"position: absolute; clip: rect(1px, 1px, 1px, 1px);\" title=\"&#8220;GIROVAGANDO IN E BIKE TRA LE DOLOMITI&#8221; &#8212; Radio Pi\u00f9\" src=\"https:\/\/www.radiopiu.net\/wordpress\/girovagando-in-e-bike-tra-le-dolomiti\/embed\/#?secret=yggMd2521S\" data-secret=\"yggMd2521S\" width=\"600\" height=\"338\" frameborder=\"0\" marginwidth=\"0\" marginheight=\"0\" scrolling=\"no\"><\/iframe><\/p>\n<p>\u200b<\/p>\n<p>\u200b<\/p>\n<hr \/>\n<\/div>\n<\/div>\n<\/div>\n<\/div>\n<\/div>\n<\/div>\n<\/div>\n<\/div>\n<\/div>\n<\/div>\n<\/div>\n<\/div>\n<\/div>\n<\/div>\n<\/div>\n<\/div>\n<\/div>\n<\/div>\n<\/div>\n<\/div>\n<\/div>\n<\/div>\n<\/div>\n<\/div>\n<div class=\"mkdf-post-text\">\n<div class=\"mkdf-post-text-inner\">\n<div class=\"mkdf-post-text-main\">\n<div class=\"mkdf-post-text\">\n<div class=\"mkdf-post-text-inner\">\n<div class=\"mkdf-post-text-main\">\n<div>\n<div class=\"page-title-head hgroup\">\n<div class=\"page-title-head hgroup\">\n<div class=\"page-title-head hgroup\">\n<div class=\"page-title-head hgroup\">\n<div class=\"b654a4as d2edcug0\">\n<div class=\"page-title-head hgroup\">\n<div class=\"page-title-head hgroup\">\n<p>&nbsp;<\/p>\n<\/div>\n<\/div>\n<\/div>\n<\/div>\n<\/div>\n<\/div>\n<\/div>\n<\/div>\n<\/div>\n<\/div>\n<\/div>\n<\/div>\n<\/div>\n<\/div>\n<\/div>\n<\/div>\n<\/div>\n<\/div>\n<\/div>\n<\/div>\n<\/div>\n<\/div>\n<\/div>\n<\/div>\n<\/div>\n<\/div>\n<blockquote>\n<h3><\/h3>\n<h3>COLLAGE&#8230; DI LORIS SCUSSEL dal lunedi al venerdi alle 16 e alle 23 su RADIO PIU<\/h3>\n<\/blockquote>\n<div>\n<p><strong>PUNTATA DEL 04 AGOSTO, 403<\/strong><\/p>\n<audio class=\"wp-audio-shortcode\" id=\"audio-225950-25\" preload=\"none\" style=\"width: 100%;\" controls=\"controls\"><source type=\"audio\/mpeg\" src=\"https:\/\/www.radiopiu.net\/wordpress\/wp-content\/uploads\/2021\/08\/Collage-403.mp3?_=25\" \/><a href=\"https:\/\/www.radiopiu.net\/wordpress\/wp-content\/uploads\/2021\/08\/Collage-403.mp3\">https:\/\/www.radiopiu.net\/wordpress\/wp-content\/uploads\/2021\/08\/Collage-403.mp3<\/a><\/audio>\n<p><img loading=\"lazy\" decoding=\"async\" class=\"alignleft\" src=\"https:\/\/www.radiopiu.net\/wordpress\/wp-content\/uploads\/2021\/05\/Schermata-2021-05-23-alle-11.50.11.png\" width=\"186\" height=\"131\" \/><\/p>\n<div>\n<p>Il programma \u00e8 andato in onda da dicembre 2013 fino a luglio 2019, comprese le repliche, in due serie per 350 puntate complessive con 1.890 brani trasmessi. L\u2019obiettivo del programma: riproporre agli ascoltatori pi\u00f9 grandicelli le canzoni che ascoltavano nel passato e nello stesso tempo farle conoscere anche ai pi\u00f9 giovani.<\/p>\n<\/div>\n<\/div>\n<p>&nbsp;<\/p>\n<p>&nbsp;<\/p>\n<div>\n<div>\n<div>\n<div>\n<p>&nbsp;<\/p>\n<\/div>\n<\/div>\n<\/div>\n<\/div>\n<div>\n<div>\n<div>\n<div>\n<p>&nbsp;<\/p>\n<p>&nbsp;<\/p>\n<\/div>\n<\/div>\n<\/div>\n<\/div>\n<\/div>\n<\/div>\n<\/div>\n<\/div>\n<\/div>\n<\/div>\n<\/div>\n<\/div>\n<\/div>\n<\/div>\n<\/div>\n<\/div>\n<\/div>\n<\/div>\n<\/div>\n<\/div>\n<\/div>\n<\/div>\n<\/div>\n<\/div>\n<\/div>\n<\/div>\n<\/div>\n<\/div>\n<\/div>\n<\/div>\n<\/div>\n<\/div>\n<\/div>\n<\/div>\n<\/div>\n<\/div>\n<\/div>\n<\/div>\n<\/div>\n<\/div>\n<\/div>\n<\/div>\n<\/div>\n<\/div>\n<\/div>\n<\/div>\n<\/div>\n<\/div>\n<\/div>\n<\/div>\n<\/div>\n<\/div>\n<\/div>\n<\/div>\n<\/div>\n<\/div>\n<\/div>\n<\/div>\n<\/div>\n<\/div>\n<\/div>\n<\/div>\n<\/div>\n<\/div>\n<\/div>\n<div>\n<p>&nbsp;<\/p>\n<hr \/>\n<p>&nbsp;<\/p>\n<div>\n<div class=\"b654a4as d2edcug0\">\n<div class=\"rq0escxv hkbzh7o3 jwdofwj8 n8tt0mok r8blr3vg hyh9befq\">\n<div class=\"b654a4as d2edcug0\">\n<div class=\"b654a4as d2edcug0\">\n<div>\n<div class=\"b654a4as d2edcug0\">\n<div class=\"rq0escxv hkbzh7o3 jwdofwj8 n8tt0mok r8blr3vg hyh9befq\">\n<div class=\"b654a4as d2edcug0\">\n<h2><\/h2>\n<div class=\"b654a4as d2edcug0\">\n<h2><span style=\"color: #008000;\">ERBE E PIANTE CURATIVE&#8230;IL\u00a0 PROGRAMMA DI PAOLA LANCIATO\u00a0\u00a0<\/span><\/h2>\n<blockquote class=\"wp-embedded-content\" data-secret=\"wXjRyYwdTy\"><p><a href=\"https:\/\/www.radiopiu.net\/wordpress\/erbavoglio\/\">L&#8217;ERBA VOGLIO DEL GIARDINO DEL RE&#8230; Erbe, fiori e Piante di e con Paola Lanciato<\/a><\/p><\/blockquote>\n<p><iframe loading=\"lazy\" class=\"wp-embedded-content\" sandbox=\"allow-scripts\" security=\"restricted\" style=\"position: absolute; clip: rect(1px, 1px, 1px, 1px);\" title=\"&#8220;L&#8217;ERBA VOGLIO DEL GIARDINO DEL RE&#8230; Erbe, fiori e Piante di e con Paola Lanciato&#8221; &#8212; Radio Pi\u00f9\" src=\"https:\/\/www.radiopiu.net\/wordpress\/erbavoglio\/embed\/#?secret=wXjRyYwdTy\" data-secret=\"wXjRyYwdTy\" width=\"600\" height=\"338\" frameborder=\"0\" marginwidth=\"0\" marginheight=\"0\" scrolling=\"no\"><\/iframe><\/p>\n<\/div>\n<p>&nbsp;<\/p>\n<\/div>\n<\/div>\n<\/div>\n<\/div>\n<p>&nbsp;<\/p>\n<\/div>\n<\/div>\n<\/div>\n<\/div>\n<\/div>\n<p>&nbsp;<\/p>\n<hr \/>\n<p>&nbsp;<\/p>\n<div>\n<h2><span style=\"color: #ff0000;\"><strong>IN VIVO VERSO 2020-21 ESTATE, RIASCOLTIAMOLI&#8230; DAL CASSETTO DEI RICORDI DI RADIO PIU&#8217;&#8230; LE PRIME\u00a0 SEI STAGIONI\u00a0 \u00a0<\/strong><\/span><\/h2>\n<div class=\"page-title-head hgroup\">\n<div class=\"page-title-head hgroup\">\n<div class=\"page-title-head hgroup\">\n<div class=\"page-title-head hgroup\">\n<div class=\"page-title-head hgroup\">\n<div class=\"page-title-head hgroup\">\n<blockquote>\n<h2>riascoltiamole LE SCARPE DA CORSA di WILLIAM DA ROIT<\/h2>\n<\/blockquote>\n<p>AUDIO<\/p>\n<audio class=\"wp-audio-shortcode\" id=\"audio-225950-26\" preload=\"none\" style=\"width: 100%;\" controls=\"controls\"><source type=\"audio\/mpeg\" src=\"https:\/\/www.radiopiu.net\/wordpress\/wp-content\/uploads\/2021\/08\/ARTISTI-VARI-E-5-WILLIAM-DA-ROIT-.mp3?_=26\" \/><a href=\"https:\/\/www.radiopiu.net\/wordpress\/wp-content\/uploads\/2021\/08\/ARTISTI-VARI-E-5-WILLIAM-DA-ROIT-.mp3\">https:\/\/www.radiopiu.net\/wordpress\/wp-content\/uploads\/2021\/08\/ARTISTI-VARI-E-5-WILLIAM-DA-ROIT-.mp3<\/a><\/audio>\n<p>&nbsp;<\/p>\n<p>&nbsp;<\/p>\n<blockquote><p><strong>LA RACCOLTA COMPLETA\u00a0<\/strong><\/p><\/blockquote>\n<blockquote class=\"wp-embedded-content\" data-secret=\"HX59PX0KuT\"><p><a href=\"https:\/\/www.radiopiu.net\/wordpress\/in-vivo-verso\/\">In Vivo Verso<\/a><\/p><\/blockquote>\n<p><iframe loading=\"lazy\" class=\"wp-embedded-content\" sandbox=\"allow-scripts\" security=\"restricted\" style=\"position: absolute; clip: rect(1px, 1px, 1px, 1px);\" title=\"&#8220;In Vivo Verso&#8221; &#8212; Radio Pi\u00f9\" src=\"https:\/\/www.radiopiu.net\/wordpress\/in-vivo-verso\/embed\/#?secret=HX59PX0KuT\" data-secret=\"HX59PX0KuT\" width=\"600\" height=\"338\" frameborder=\"0\" marginwidth=\"0\" marginheight=\"0\" scrolling=\"no\"><\/iframe><\/p>\n<\/div>\n<\/div>\n<\/div>\n<\/div>\n<\/div>\n<\/div>\n<p>&nbsp;<\/p>\n<hr \/>\n<\/div>\n<blockquote>\n<blockquote>\n<h2><\/h2>\n<\/blockquote>\n<\/blockquote>\n<div>\n<div class=\"b654a4as d2edcug0\">\n<div class=\"rq0escxv hkbzh7o3 jwdofwj8 n8tt0mok r8blr3vg hyh9befq\">\n<blockquote>\n<h2><span style=\"color: #ff0000;\"><em>ZAINO ALLA RADIO&#8230;ESTATE DI PAOLA LANCIATO\u00a0<\/em><\/span><\/h2>\n<p><strong>LA RACCOLTA COMPLETA\u00a0<\/strong><\/p><\/blockquote>\n<blockquote class=\"wp-embedded-content\" data-secret=\"XSdlMSbdRk\"><p><a href=\"https:\/\/www.radiopiu.net\/wordpress\/zaino-femminile-lanciato\/\">Zaino da viaggio al femminile<\/a><\/p><\/blockquote>\n<p><iframe loading=\"lazy\" class=\"wp-embedded-content\" sandbox=\"allow-scripts\" security=\"restricted\" style=\"position: absolute; clip: rect(1px, 1px, 1px, 1px);\" title=\"&#8220;Zaino da viaggio al femminile&#8221; &#8212; Radio Pi\u00f9\" src=\"https:\/\/www.radiopiu.net\/wordpress\/zaino-femminile-lanciato\/embed\/#?secret=XSdlMSbdRk\" data-secret=\"XSdlMSbdRk\" width=\"600\" height=\"338\" frameborder=\"0\" marginwidth=\"0\" marginheight=\"0\" scrolling=\"no\"><\/iframe><\/p>\n<p>&nbsp;<\/p>\n<\/div>\n<\/div>\n<\/div>\n<hr \/>\n<div><\/div>\n<div>\n<div class=\"page-title-head hgroup\">\n<div class=\"page-title-head hgroup\">\n<div class=\"page-title-head hgroup\">\n<div class=\"page-title-head hgroup\">\n<div class=\"page-title-head hgroup\">\n<div>\n<div class=\"b654a4as d2edcug0\">\u00a0 \u00a0 \u00a0<strong style=\"color: #800080;\">LA RASSEGNA STAMPA DA L&#8217;AMICO DEL POPOLO\u00a0<\/strong><\/div>\n<\/div>\n<\/div>\n<\/div>\n<\/div>\n<\/div>\n<\/div>\n<\/div>\n<div>\n<div>\n<div>\n<div class=\"page-title-head hgroup\">\n<div class=\"page-title-head hgroup\">\n<div class=\"page-title-head hgroup\">\n<div class=\"page-title-head hgroup\">\n<div class=\"b654a4as d2edcug0\">\n<div class=\"page-title-head hgroup\">\n<div class=\"page-title-head hgroup\">\n<div class=\"page-title-head hgroup\">\n<div class=\"page-title-head hgroup\">\n<div class=\"b654a4as d2edcug0\">\n<div>\n<h3 class=\"kvgmc6g5 cxmmr5t8 oygrvhab hcukyx3x c1et5uql\"><span style=\"color: #0000ff;\"> INFORMAZIONE il canale su TELEGRAM informazione di prima mano e in tempo reale. iscriviti ed aiutaci a farlo conoscere\u00a0\u00a0<\/span><\/h3>\n<p><strong><a href=\"https:\/\/www.radiopiu.net\/wordpress\/bella-terra-del-mio-agordino-cronaca-storia-racconti-dellotto-novecento-il-nuovo-libro-di-luisa-manfroi\/bella-terra-del-mio-agordino-libro-luisa-manfroi\/\" rel=\"attachment wp-att-225258\"><img loading=\"lazy\" decoding=\"async\" class=\"size-medium wp-image-225258 alignleft\" src=\"https:\/\/www.radiopiu.net\/wordpress\/wp-content\/uploads\/2021\/07\/Bella-terra-del-mio-Agordino-libro-Luisa-Manfroi--217x300.jpg\" alt=\"\" width=\"217\" height=\"300\" srcset=\"https:\/\/www.radiopiu.net\/wordpress\/wp-content\/uploads\/2021\/07\/Bella-terra-del-mio-Agordino-libro-Luisa-Manfroi--217x300.jpg 217w, https:\/\/www.radiopiu.net\/wordpress\/wp-content\/uploads\/2021\/07\/Bella-terra-del-mio-Agordino-libro-Luisa-Manfroi--742x1024.jpg 742w, https:\/\/www.radiopiu.net\/wordpress\/wp-content\/uploads\/2021\/07\/Bella-terra-del-mio-Agordino-libro-Luisa-Manfroi--768x1060.jpg 768w, https:\/\/www.radiopiu.net\/wordpress\/wp-content\/uploads\/2021\/07\/Bella-terra-del-mio-Agordino-libro-Luisa-Manfroi--1113x1536.jpg 1113w, https:\/\/www.radiopiu.net\/wordpress\/wp-content\/uploads\/2021\/07\/Bella-terra-del-mio-Agordino-libro-Luisa-Manfroi--1484x2048.jpg 1484w, https:\/\/www.radiopiu.net\/wordpress\/wp-content\/uploads\/2021\/07\/Bella-terra-del-mio-Agordino-libro-Luisa-Manfroi-.jpg 1705w\" sizes=\"auto, (max-width: 217px) 100vw, 217px\" \/><\/a>di Gianni Santomaso<\/strong><\/p>\n<p>OSPITE: Luisa Manfroi<\/p>\n<audio class=\"wp-audio-shortcode\" id=\"audio-225950-27\" preload=\"none\" style=\"width: 100%;\" controls=\"controls\"><source type=\"audio\/mpeg\" src=\"https:\/\/www.radiopiu.net\/wordpress\/wp-content\/uploads\/2021\/07\/RASSEGNA-GIANNI-4.mp3?_=27\" \/><a href=\"https:\/\/www.radiopiu.net\/wordpress\/wp-content\/uploads\/2021\/07\/RASSEGNA-GIANNI-4.mp3\">https:\/\/www.radiopiu.net\/wordpress\/wp-content\/uploads\/2021\/07\/RASSEGNA-GIANNI-4.mp3<\/a><\/audio>\n<p>LA RACCOLTA COMPLETA<\/p>\n<blockquote class=\"wp-embedded-content\" data-secret=\"nCMFxTsoEE\"><p><a href=\"https:\/\/www.radiopiu.net\/wordpress\/rassegna-stampa-di-gianni-santomaso\/\">Rassegna stampa da l&#8217;amico del popolo &#8211; di Gianni Santomaso<\/a><\/p><\/blockquote>\n<p><iframe loading=\"lazy\" class=\"wp-embedded-content\" sandbox=\"allow-scripts\" security=\"restricted\" style=\"position: absolute; clip: rect(1px, 1px, 1px, 1px);\" title=\"&#8220;Rassegna stampa da l&#8217;amico del popolo &#8211; di Gianni Santomaso&#8221; &#8212; Radio Pi\u00f9\" src=\"https:\/\/www.radiopiu.net\/wordpress\/rassegna-stampa-di-gianni-santomaso\/embed\/#?secret=nCMFxTsoEE\" data-secret=\"nCMFxTsoEE\" width=\"600\" height=\"338\" frameborder=\"0\" marginwidth=\"0\" marginheight=\"0\" scrolling=\"no\"><\/iframe><\/p>\n<p>&nbsp;<\/p>\n<hr \/>\n<p>&nbsp;<\/p>\n<h2><span style=\"color: #3366ff;\">SALUTE E SOCIETA&#8217;<\/span><\/h2>\n<p><strong>LA PUNTATA DELLA SETTIMANA del 02 AGOSTO<\/strong><\/p>\n<p><a href=\"https:\/\/www.radiopiu.net\/wordpress\/giornale-radiopiu-03-agosto-2021-direttore-mirko-mezzacasa\/4c719b88-e7fe-400d-b22b-ba018ad6f465\/\" rel=\"attachment wp-att-225575\"><img loading=\"lazy\" decoding=\"async\" class=\"size-medium wp-image-225575 alignleft\" src=\"https:\/\/www.radiopiu.net\/wordpress\/wp-content\/uploads\/2021\/08\/4c719b88-e7fe-400d-b22b-ba018ad6f465-300x169.jpg\" alt=\"\" width=\"300\" height=\"169\" srcset=\"https:\/\/www.radiopiu.net\/wordpress\/wp-content\/uploads\/2021\/08\/4c719b88-e7fe-400d-b22b-ba018ad6f465-300x169.jpg 300w, https:\/\/www.radiopiu.net\/wordpress\/wp-content\/uploads\/2021\/08\/4c719b88-e7fe-400d-b22b-ba018ad6f465-1024x576.jpg 1024w, https:\/\/www.radiopiu.net\/wordpress\/wp-content\/uploads\/2021\/08\/4c719b88-e7fe-400d-b22b-ba018ad6f465-768x432.jpg 768w, https:\/\/www.radiopiu.net\/wordpress\/wp-content\/uploads\/2021\/08\/4c719b88-e7fe-400d-b22b-ba018ad6f465.jpg 1280w\" sizes=\"auto, (max-width: 300px) 100vw, 300px\" \/><\/a>In questa edizione:Buone pratiche nel processo trasfusionale: La sicurezza come primo valore. Presentato un documento multidisciplinare per tutelare donatori, pazienti e operatori sanitari<\/p>\n<audio class=\"wp-audio-shortcode\" id=\"audio-225950-28\" preload=\"none\" style=\"width: 100%;\" controls=\"controls\"><source type=\"audio\/mpeg\" src=\"https:\/\/www.radiopiu.net\/wordpress\/wp-content\/uploads\/2021\/08\/SALUTE.mp3?_=28\" \/><a href=\"https:\/\/www.radiopiu.net\/wordpress\/wp-content\/uploads\/2021\/08\/SALUTE.mp3\">https:\/\/www.radiopiu.net\/wordpress\/wp-content\/uploads\/2021\/08\/SALUTE.mp3<\/a><\/audio>\n<p><strong>LA RACCOLTA COMPLETA<\/strong><\/p>\n<\/div>\n<div dir=\"auto\">\n<blockquote class=\"wp-embedded-content\" data-secret=\"jn6nc2cGpq\"><p><a href=\"https:\/\/www.radiopiu.net\/wordpress\/saluteesocieta\/\">Salute e Societ\u00e0<\/a><\/p><\/blockquote>\n<p><iframe loading=\"lazy\" class=\"wp-embedded-content\" sandbox=\"allow-scripts\" security=\"restricted\" style=\"position: absolute; clip: rect(1px, 1px, 1px, 1px);\" title=\"&#8220;Salute e Societ\u00e0&#8221; &#8212; Radio Pi\u00f9\" src=\"https:\/\/www.radiopiu.net\/wordpress\/saluteesocieta\/embed\/#?secret=jn6nc2cGpq\" data-secret=\"jn6nc2cGpq\" width=\"600\" height=\"338\" frameborder=\"0\" marginwidth=\"0\" marginheight=\"0\" scrolling=\"no\"><\/iframe><\/p>\n<\/div>\n<div dir=\"auto\">\n<h1><\/h1>\n<\/div>\n<div>\n<div class=\"page-title-head hgroup\">\n<div class=\"page-title-head hgroup\">\n<div class=\"page-title-head hgroup\">\n<div>\n<div class=\"b654a4as d2edcug0\">\n<div class=\"rq0escxv hkbzh7o3 jwdofwj8 n8tt0mok r8blr3vg hyh9befq\">\n<hr \/>\n<\/div>\n<\/div>\n<\/div>\n<div>\n<div class=\"page-title-head hgroup\">\n<div class=\"page-title-head hgroup\">\n<div>\n<div class=\"b654a4as d2edcug0\">\n<p>&nbsp;<\/p>\n<blockquote>\n<h3><img loading=\"lazy\" decoding=\"async\" class=\"alignleft\" src=\"https:\/\/www.radiopiu.net\/wordpress\/wp-content\/uploads\/2021\/06\/fresh-flower-leaves-saffron-white-background-place-your-text-use-saffron-spice-cooking-cosmetology_347372-394.jpeg\" width=\"141\" height=\"94\" \/>L&#8217;ALMANACCO LADINO CON L&#8217;ISTITUT CESA DE JAN QUINDICINALE APPUNTAMENTO. LA DOMENICA ALLE 9 IL LUNEDI ALLE 8.35 IL MARTEDI ALLE 12.35 IL MERCOLEDI ALLE 18.35. SECONDA STAGIONE.<\/h3>\n<\/blockquote>\n<p><strong>\u00a0<\/strong><\/p>\n<p><strong>63^\u00a0 PUNTATA\u00a0 &#8211; 19^2021<br \/>\n<\/strong><\/p>\n<audio class=\"wp-audio-shortcode\" id=\"audio-225950-29\" preload=\"none\" style=\"width: 100%;\" controls=\"controls\"><source type=\"audio\/mpeg\" src=\"https:\/\/www.radiopiu.net\/wordpress\/wp-content\/uploads\/2021\/08\/63\u00b0Almanacco-Ladino_Col.mp3?_=29\" \/><a href=\"https:\/\/www.radiopiu.net\/wordpress\/wp-content\/uploads\/2021\/08\/63\u00b0Almanacco-Ladino_Col.mp3\">https:\/\/www.radiopiu.net\/wordpress\/wp-content\/uploads\/2021\/08\/63\u00b0Almanacco-Ladino_Col.mp3<\/a><\/audio>\n<p><strong>\u00a0<\/strong><strong>\u00a0RACCOLTA COMPLETA\u00a0<\/strong><\/p>\n<div dir=\"auto\">https:\/\/www.radiopiu.net\/wordpress\/almanacco-ladino\/<\/div>\n<\/div>\n<div>\n<p>&nbsp;<\/p>\n<hr \/>\n<h2><span style=\"color: #808000;\">DUE MINUTI UN LIBRO\u00a0 TUTTI I GIORNI ALLA RADIO ALLE 9.30 E ALLE 18. QUINTA STAGIONE\u00a0 \u00a0<\/span><\/h2>\n<blockquote class=\"wp-embedded-content\" data-secret=\"LZqtwOVnxd\"><p><a href=\"https:\/\/www.radiopiu.net\/wordpress\/e-fu-un-attimo-2\/\">E fu un attimo\u2026<\/a><\/p><\/blockquote>\n<p><iframe loading=\"lazy\" class=\"wp-embedded-content\" sandbox=\"allow-scripts\" security=\"restricted\" style=\"position: absolute; clip: rect(1px, 1px, 1px, 1px);\" title=\"&#8220;E fu un attimo\u2026&#8221; &#8212; Radio Pi\u00f9\" src=\"https:\/\/www.radiopiu.net\/wordpress\/e-fu-un-attimo-2\/embed\/#?secret=LZqtwOVnxd\" data-secret=\"LZqtwOVnxd\" width=\"600\" height=\"338\" frameborder=\"0\" marginwidth=\"0\" marginheight=\"0\" scrolling=\"no\"><\/iframe><\/p>\n<\/div>\n<div>\n<p><strong>LA RACCOLTA COMPLETA\u00a0\u00a0<\/strong><\/p>\n<blockquote class=\"wp-embedded-content\" data-secret=\"rtYodqcrnb\"><p><a href=\"https:\/\/www.radiopiu.net\/wordpress\/due-minuti-un-libro\/\">Due minuti un libro<\/a><\/p><\/blockquote>\n<p><iframe loading=\"lazy\" class=\"wp-embedded-content\" sandbox=\"allow-scripts\" security=\"restricted\" style=\"position: absolute; clip: rect(1px, 1px, 1px, 1px);\" title=\"&#8220;Due minuti un libro&#8221; &#8212; Radio Pi\u00f9\" src=\"https:\/\/www.radiopiu.net\/wordpress\/due-minuti-un-libro\/embed\/#?secret=rtYodqcrnb\" data-secret=\"rtYodqcrnb\" width=\"600\" height=\"338\" frameborder=\"0\" marginwidth=\"0\" marginheight=\"0\" scrolling=\"no\"><\/iframe><\/p>\n<p>&nbsp;<\/p>\n<hr \/>\n<p>\u200b<\/p>\n<div>\n<h2><span style=\"color: #33cccc;\">I RACCONTI DI PAOLO SOPPELSA il lunedi alle 9.30 e 18.30<\/span><\/h2>\n<p>&nbsp;<\/p>\n<blockquote class=\"wp-embedded-content\" data-secret=\"uuniWRPATD\"><p><a href=\"https:\/\/www.radiopiu.net\/wordpress\/i-racconti-di-paolo-soppelsa\/\">I racconti di Paolo Soppelsa<\/a><\/p><\/blockquote>\n<p><iframe loading=\"lazy\" class=\"wp-embedded-content\" sandbox=\"allow-scripts\" security=\"restricted\" style=\"position: absolute; clip: rect(1px, 1px, 1px, 1px);\" title=\"&#8220;I racconti di Paolo Soppelsa&#8221; &#8212; Radio Pi\u00f9\" src=\"https:\/\/www.radiopiu.net\/wordpress\/i-racconti-di-paolo-soppelsa\/embed\/#?secret=uuniWRPATD\" data-secret=\"uuniWRPATD\" width=\"600\" height=\"338\" frameborder=\"0\" marginwidth=\"0\" marginheight=\"0\" scrolling=\"no\"><\/iframe><\/p>\n<p>&nbsp;<\/p>\n<\/div>\n<\/div>\n<hr \/>\n<p>&nbsp;<\/p>\n<h2><strong><span style=\"color: #ff0000;\">ALLA RADIO<\/span><\/strong><\/h2>\n<div data-offset-key=\"5n5nl-0-0\">\n<h3>Per ricevere gli aggiornamenti in tempo reale delle notizie pubblicate alla radio e sul sito di radio pi\u00f9 iscriviti al gruppo RADIO PIU INFORMAZIONE su Telegram.\u00a0\u00a0<a href=\"https:\/\/t.me\/radiopiu\">clicca qui<\/a><\/h3>\n<p>&nbsp;<\/p>\n<\/div>\n<blockquote><p><strong><a href=\"https:\/\/www.radiopiu.net\/wordpress\/cassa-solidarieta-luxottica-puntata-del-19-giugno-2020\/cslxo-2\/\" rel=\"attachment wp-att-145244\"><img loading=\"lazy\" decoding=\"async\" class=\"size-medium wp-image-145244 alignleft\" src=\"https:\/\/www.radiopiu.net\/wordpress\/wp-content\/uploads\/2020\/06\/cassa-solidarieta-luxottica-300x148.jpg\" alt=\"\" width=\"300\" height=\"148\" srcset=\"https:\/\/www.radiopiu.net\/wordpress\/wp-content\/uploads\/2020\/06\/cassa-solidarieta-luxottica-300x148.jpg 300w, https:\/\/www.radiopiu.net\/wordpress\/wp-content\/uploads\/2020\/06\/cassa-solidarieta-luxottica-1024x504.jpg 1024w, https:\/\/www.radiopiu.net\/wordpress\/wp-content\/uploads\/2020\/06\/cassa-solidarieta-luxottica-768x378.jpg 768w, https:\/\/www.radiopiu.net\/wordpress\/wp-content\/uploads\/2020\/06\/cassa-solidarieta-luxottica.jpg 1167w\" sizes=\"auto, (max-width: 300px) 100vw, 300px\" \/><\/a>di Claudio Fontanive<\/strong><\/p>\n<p>OSPITI: Paolo Chissal\u00e8 e Fabrizio Campedel<\/p>\n<p>&nbsp;<\/p>\n<p>&nbsp;<\/p><\/blockquote>\n<h2><\/h2>\n<p><strong>LA PUNTATA DEL 16 LUGLIO 2021\u00a0<\/strong><\/p>\n<audio class=\"wp-audio-shortcode\" id=\"audio-225950-30\" preload=\"none\" style=\"width: 100%;\" controls=\"controls\"><source type=\"audio\/mpeg\" src=\"https:\/\/www.radiopiu.net\/wordpress\/wp-content\/uploads\/2021\/07\/ca-sol-lux-luglio-2021.mp3?_=30\" \/><a href=\"https:\/\/www.radiopiu.net\/wordpress\/wp-content\/uploads\/2021\/07\/ca-sol-lux-luglio-2021.mp3\">https:\/\/www.radiopiu.net\/wordpress\/wp-content\/uploads\/2021\/07\/ca-sol-lux-luglio-2021.mp3<\/a><\/audio>\n<blockquote class=\"wp-embedded-content\" data-secret=\"4wSrbZZFRi\"><p><a href=\"https:\/\/www.radiopiu.net\/wordpress\/cassa-solidarieta-luxottica-puntata-del-16-ottobre-2020\/\">CASSA SOLIDARIET\u00c0 LUXOTTICA &#8211; TUTTE LE PUNTATE<\/a><\/p><\/blockquote>\n<p><iframe loading=\"lazy\" class=\"wp-embedded-content\" sandbox=\"allow-scripts\" security=\"restricted\" style=\"position: absolute; clip: rect(1px, 1px, 1px, 1px);\" title=\"&#8220;CASSA SOLIDARIET\u00c0 LUXOTTICA &#8211; TUTTE LE PUNTATE&#8221; &#8212; Radio Pi\u00f9\" src=\"https:\/\/www.radiopiu.net\/wordpress\/cassa-solidarieta-luxottica-puntata-del-16-ottobre-2020\/embed\/#?secret=4wSrbZZFRi\" data-secret=\"4wSrbZZFRi\" width=\"600\" height=\"338\" frameborder=\"0\" marginwidth=\"0\" marginheight=\"0\" scrolling=\"no\"><\/iframe><\/p>\n<div>\n<p>&nbsp;<\/p>\n<\/div>\n<\/div>\n<div class=\"page-title-head hgroup\">\n<div>\n<div class=\"b654a4as d2edcug0\">\n<hr \/>\n<\/div>\n<\/div>\n<p>&nbsp;<\/p>\n<p>&nbsp;<\/p>\n<p><a href=\"https:\/\/www.radiopiu.net\/wordpress\/giornale-radiopiu-26-settembre-2018-direttore-mirko-mezzacasa\/viabilita-2\/\" rel=\"attachment wp-att-61954\"><img loading=\"lazy\" decoding=\"async\" class=\"wp-image-61954 size-full aligncenter\" src=\"https:\/\/www.radiopiu.net\/wordpress\/wp-content\/uploads\/2018\/09\/viabilita.jpeg\" alt=\"\" width=\"800\" height=\"100\" srcset=\"https:\/\/www.radiopiu.net\/wordpress\/wp-content\/uploads\/2018\/09\/viabilita.jpeg 800w, https:\/\/www.radiopiu.net\/wordpress\/wp-content\/uploads\/2018\/09\/viabilita-300x38.jpeg 300w, https:\/\/www.radiopiu.net\/wordpress\/wp-content\/uploads\/2018\/09\/viabilita-768x96.jpeg 768w\" sizes=\"auto, (max-width: 800px) 100vw, 800px\" \/><\/a><\/p>\n<blockquote><p><a href=\"https:\/\/www.radiopiu.net\/wordpress\/giornale-radiopiu-09-agosto-2018-direttore-mirko-mezzacasa\/viabilia\/\" rel=\"attachment wp-att-57053\"><img loading=\"lazy\" decoding=\"async\" class=\" wp-image-57053 alignleft\" src=\"https:\/\/www.radiopiu.net\/wordpress\/wp-content\/uploads\/2018\/08\/VIABILIA-300x180.jpeg\" alt=\"\" width=\"220\" height=\"132\" srcset=\"https:\/\/www.radiopiu.net\/wordpress\/wp-content\/uploads\/2018\/08\/VIABILIA-300x180.jpeg 300w, https:\/\/www.radiopiu.net\/wordpress\/wp-content\/uploads\/2018\/08\/VIABILIA-768x461.jpeg 768w, https:\/\/www.radiopiu.net\/wordpress\/wp-content\/uploads\/2018\/08\/VIABILIA-1024x614.jpeg 1024w, https:\/\/www.radiopiu.net\/wordpress\/wp-content\/uploads\/2018\/08\/VIABILIA.jpeg 1280w\" sizes=\"auto, (max-width: 220px) 100vw, 220px\" \/><\/a><\/p><\/blockquote>\n<\/div>\n<\/div>\n<\/div>\n<\/div>\n<\/div>\n<\/div>\n<\/div>\n<\/div>\n<div>\n<div>\n<div class=\"page-title-head hgroup\">\n<div class=\"page-title-head hgroup\">\n<div class=\"page-title-head hgroup\">\n<div class=\"page-title-head hgroup\">\n<div class=\"page-title-head hgroup\">\n<div class=\"page-title-head hgroup\">\n<blockquote><p>La viabilit\u00e0 con gli ultimi aggiornamenti<\/p><\/blockquote>\n<\/div>\n<\/div>\n<\/div>\n<\/div>\n<\/div>\n<\/div>\n<\/div>\n<div><\/div>\n<div><\/div>\n<div>\n<div>\n<div class=\"page-title-head hgroup\">\n<audio class=\"wp-audio-shortcode\" id=\"audio-225950-31\" preload=\"none\" style=\"width: 100%;\" controls=\"controls\"><source type=\"audio\/mpeg\" src=\"https:\/\/www.radiopiu.net\/wordpress\/wp-content\/uploads\/2021\/07\/VIABILITA-9.mp3?_=31\" \/><a href=\"https:\/\/www.radiopiu.net\/wordpress\/wp-content\/uploads\/2021\/07\/VIABILITA-9.mp3\">https:\/\/www.radiopiu.net\/wordpress\/wp-content\/uploads\/2021\/07\/VIABILITA-9.mp3<\/a><\/audio>\n<\/div>\n<\/div>\n<\/div>\n<\/div>\n<\/div>\n<\/div>\n<\/div>\n<\/div>\n<\/div>\n<\/div>\n<\/div>\n<\/div>\n<\/div>\n<\/div>\n<\/div>\n<div>\n<div class=\"page-title-head hgroup\">\n<div class=\"page-title-head hgroup\">\n<div class=\"page-title-head hgroup\">\n<div class=\"page-title-head hgroup\">\n<div class=\"b654a4as d2edcug0\">\n<div>\n<div class=\"page-title-head hgroup\" style=\"text-align: left;\">\n<div class=\"page-title-head hgroup\">\n<div dir=\"auto\">\n<div style=\"text-align: left;\"><\/div>\n<\/div>\n<\/div>\n<\/div>\n<\/div>\n<\/div>\n<\/div>\n<\/div>\n<\/div>\n<\/div>\n<\/div>\n<\/div>\n<div><\/div>\n<\/div>\n<\/div>\n<div>\n<div>\n<div class=\"page-title-head hgroup\">\n<div class=\"page-title-head hgroup\">\n<div class=\"page-title-head hgroup\">\n<div class=\"page-title-head hgroup\">\n<div class=\"b654a4as d2edcug0\">\n<div class=\"page-title-head hgroup\">\n<div class=\"page-title-head hgroup\">\n<div class=\"page-title-head hgroup\">\n<div class=\"page-title-head hgroup\">\n<div class=\"b654a4as d2edcug0\">\n<div>\n<div class=\"page-title-head hgroup\">\n<div class=\"page-title-head hgroup\">\n<div class=\"page-title-head hgroup\">\n<div class=\"page-title-head hgroup\">\n<div class=\"page-title-head hgroup\">\n<div>\n<div><\/div>\n<\/div>\n<\/div>\n<\/div>\n<\/div>\n<\/div>\n<\/div>\n<\/div>\n<\/div>\n<\/div>\n<\/div>\n<\/div>\n<\/div>\n<\/div>\n<\/div>\n<\/div>\n<\/div>\n<\/div>\n<\/div>\n<div>\n<div>\n<div class=\"page-title-head hgroup\">\n<hr \/>\n<p>&nbsp;<\/p>\n<\/div>\n<\/div>\n<\/div>\n<\/div>\n<\/div>\n<\/div>\n<\/div>\n<\/div>\n<\/div>\n<\/div>\n<\/div>\n<\/div>\n<\/div>\n<\/div>\n<\/div>\n<div>\n<div class=\"page-title-head hgroup\">\n<div class=\"page-title-head hgroup\">\n<div>\n<div class=\"page-title-head hgroup\">\n<div class=\"page-title-head hgroup\">\n<div class=\"b654a4as d2edcug0\">\n<div>\n<div>\n<div>\n<div class=\"page-title-head hgroup\">\n<p>&nbsp;<\/p>\n<\/div>\n<\/div>\n<\/div>\n<\/div>\n<div>\n<div class=\"page-title-head hgroup\" style=\"text-align: left;\">\n<div class=\"page-title-head hgroup\">\n<div dir=\"auto\">\n<p><a class=\"dt-pswp-item pspw-wrap-ready\" href=\"https:\/\/i0.wp.com\/www.radiopiu.net\/wordpress\/wp-content\/uploads\/2018\/09\/WhatsApp-Image-2018-09-20-at-16.04.06.jpeg?ssl=1\" data-dt-img-description=\"\" data-large_image_width=\"800\" data-large_image_height=\"100\"><img loading=\"lazy\" decoding=\"async\" class=\"aligncenter wp-image-61378 size-full jetpack-lazy-image jetpack-lazy-image--handled\" src=\"https:\/\/i0.wp.com\/www.radiopiu.net\/wordpress\/wp-content\/uploads\/2018\/09\/WhatsApp-Image-2018-09-20-at-16.04.06.jpeg?resize=800%2C100&amp;ssl=1\" sizes=\"auto, (max-width: 800px) 100vw, 800px\" srcset=\"https:\/\/i0.wp.com\/www.radiopiu.net\/wordpress\/wp-content\/uploads\/2018\/09\/WhatsApp-Image-2018-09-20-at-16.04.06.jpeg?w=800&amp;ssl=1 800w, https:\/\/i0.wp.com\/www.radiopiu.net\/wordpress\/wp-content\/uploads\/2018\/09\/WhatsApp-Image-2018-09-20-at-16.04.06.jpeg?resize=300%2C38&amp;ssl=1 300w, https:\/\/i0.wp.com\/www.radiopiu.net\/wordpress\/wp-content\/uploads\/2018\/09\/WhatsApp-Image-2018-09-20-at-16.04.06.jpeg?resize=768%2C96&amp;ssl=1 768w\" alt=\"\" width=\"800\" height=\"100\" data-lazy-loaded=\"1\" \/><\/a><\/p>\n<\/div>\n<\/div>\n<\/div>\n<\/div>\n<\/div>\n<\/div>\n<\/div>\n<\/div>\n<\/div>\n<\/div>\n<\/div>\n<\/div>\n<\/div>\n<\/div>\n<\/div>\n<\/div>\n<\/div>\n<\/div>\n<\/div>\n<\/div>\n<\/div>\n<\/div>\n<\/div>\n<\/div>\n<\/div>\n<\/div>\n<\/div>\n<\/div>\n<p>&nbsp;<\/p>\n<div class=\"mkdf-post-text\">\n<div class=\"mkdf-post-text-inner\"><center><b>Giovedi 5<\/b><\/center><b>Tempo atteso: <\/b>Nottetempo fase di maltempo con cielo coperto. Dal primo mattino rapida cessazione dei fenomeni e attenuazione della nuvolosit\u00e0 seguiti da un netto miglioramento. Sulle Dolomiti rasserenamenti via via pi\u00f9 ampi con residua e modesta nuvolosit\u00e0, mentre ci sar\u00e0 una contenuta ripresa dell&#8217;attivit\u00e0 cumuliforme sulle Prealpi. Contesto fresco al mattino, ma il ritorno del sole mitigher\u00e0 l&#8217;atmosfera pomeridiana nelle valli.<br \/>\n<b>Precipitazioni: <\/b>Nottetempo alta probabilit\u00e0 di precipitazioni a carattere di rovescio e di temporale (80\/90%), localmente forti con locali violenti raffiche di vento e qualche locale grandinata. Al primo mattino cessazione dei fenomeni. In seguito e per il resto della giornata probabilit\u00e0 assente sulle Dolomiti (0%), mentre qualche rovescio o occasionale temporale non sar\u00e0 da escludere fra le Prealpi e pedemontana (20\/30%). Tra mercoled\u00ec e gioved\u00ec notte sono previsti apporti medi di 20-30 mm, localmente fino sui 60-80 mm nei settori pi\u00f9 colpiti dall&#8217;instabilit\u00e0 temporalesca.<br \/>\n<b>Temperature: <\/b>Minime in generale calo; massime in rialzo, salvo diminuzione sulle cime pi\u00f9 alte. Sono previste punte di 23\/24\u00b0C nei fondovalle Prealpi e di 17\/20\u00b0C a 1000\/1200 m. Su Prealpi a 1500 m min 10\u00b0C max 16\u00b0C, a 2000 m min 7\u00b0C max 12\u00b0C. Su Dolomiti a 2000 m min 6\u00b0C max 13\u00b0C, a 3000 m min 0\u00b0C max 2\u00b0C.<br \/>\n<b>Venti: <\/b>Nelle valli deboli di direzione variabile e ristabilirsi delle brezze al pomeriggio; in quota venti moderati da sud-ovest tra la notte e il primo mattino, poi moderati, a tratti tesi da nord-est, a 10-15 km\/h a 2000 m e 25-40 km\/h a 3000 m.<\/p>\n<hr \/>\n<p><center><b>Venerdi 6<\/b><\/center><b>Tempo atteso: <\/b>Tempo perlopi\u00f9 stabile e maggiormente soleggiato con lieve riduzione del soleggiamento per modesta attivit\u00e0 cumuliforme e basso rischio di fenomeni convettivi al pomeriggio. L&#8217;unica insidia sar\u00e0 qualche annuvolamento in pi\u00f9 sulle Prealpi bellunesi tra la notte e il primo mattino. Il maggiore soleggiamento garantir\u00e0 un rialzo termico diurno.<br \/>\n<b>Precipitazioni: <\/b>Generalmente assenti (0\/10%), salvo qualche qualche goccia sulle Prealpi bellunesi al primo mattino (10\/20%).<br \/>\n<b>Temperature: <\/b>Minime in calo nelle valli e stazionarie in quota, massime in generale aumento. Su Prealpi a 1500 m min 12\u00b0C max 18\u00b0C, a 2000 m min 9\u00b0C max 14\u00b0C. Su Dolomiti a 2000 m min 8\u00b0C max 14\u00b0C, a 3000 m min 2\u00b0C max 5\u00b0C.<br \/>\n<b>Venti: <\/b>Nelle valli deboli a regime di brezza, localmente e a tratti moderati nei settori solitamente pi\u00f9 ventilati; in quota venti deboli\/moderati da ovest nord-ovest, a 5-10 km\/h a 2000 m e 15-20 km\/h a 3000 m.<\/p>\n<hr \/>\n<p><center><b>Sabato 7<\/b><\/center>Al mattino sole in alta quota e stratocumuli o nubi basse sia sulle Dolomiti che sulle Prealpi. Tale nuvolosit\u00e0 si dirader\u00e0 lasciando spazio a momenti soleggiati, prima di ritrovare altri annuvolamenti irregolari per attivit\u00e0 cumuliforme nella seconda parte del giorno. Anche se non particolarmente alto, il rischio di fenomeni convettivi sar\u00e0 presente, dapprima sui settori confinanti con il Trentino e l&#8217;Alto Adige e verso sera sulle restanti zone. Temperature in ulteriore generale aumento. Venti deboli\/moderati da sud-ovest in quota, anche tesi al pomeriggio\/sera sulle cime; nelle valli brezze termiche, ma in caso di temporali qualche forte raffica non sar\u00e0 da escludere.<\/p>\n<hr \/>\n<p><center><b>Domenica 8<\/b><\/center>Al mattino sole con cielo sereno o poco nuvoloso, salvo nuvolosit\u00e0 media stratiforme sui settori settentrionali. Al pomeriggio attivit\u00e0 cumuliforme irregolare, localmente intensa ed associata a qualche rovescio e temporale, specie sui confini con il Trentino e l&#8217;Alto Adige. Altrove il rischio sar\u00e0 minore. Temperature in leggero calo in alta quota e in lieve aumento nelle valli. Venti a regime di brezza nelle valli; moderati\/tesi da sud-ovest in quota, anche forti attorno ai 3000 m. Previsore:R.L.Th.<\/p>\n<p>&nbsp;<\/p>\n<p>&nbsp;<\/p>\n<hr \/>\n<p>&nbsp;<\/p>\n<p><a href=\"https:\/\/www.radiopiu.net\/wordpress\/giornale-radiopiu-15-settembre-2018-direttore-mirko-mezzacasa\/sport-7\/\" rel=\"attachment wp-att-60761\"><img loading=\"lazy\" decoding=\"async\" class=\"aligncenter wp-image-60761 size-full\" src=\"https:\/\/www.radiopiu.net\/wordpress\/wp-content\/uploads\/2018\/09\/sport.jpg\" alt=\"\" width=\"800\" height=\"100\" srcset=\"https:\/\/www.radiopiu.net\/wordpress\/wp-content\/uploads\/2018\/09\/sport.jpg 800w, https:\/\/www.radiopiu.net\/wordpress\/wp-content\/uploads\/2018\/09\/sport-300x38.jpg 300w, https:\/\/www.radiopiu.net\/wordpress\/wp-content\/uploads\/2018\/09\/sport-768x96.jpg 768w\" sizes=\"auto, (max-width: 800px) 100vw, 800px\" \/><\/a><\/p>\n<p>&nbsp;<\/p>\n<blockquote>\n<h3 style=\"text-align: center;\">ALPE DEL NEVEGAL, PER DENIS MEZZACASA &#8220;LA CRONO DI CASA&#8221;<\/h3>\n<\/blockquote>\n<p><strong><img loading=\"lazy\" decoding=\"async\" class=\"aligncenter\" src=\"https:\/\/www.radiopiu.net\/wordpress\/wp-content\/uploads\/2021\/08\/DenisMezzacasa-TatuusFormulaRenault.jpg\" width=\"283\" height=\"189\" \/>BELLUNO<\/strong><\/p>\n<p><strong>DI ROBERTO BONA\u00a0<\/strong><\/p>\n<audio class=\"wp-audio-shortcode\" id=\"audio-225950-32\" preload=\"none\" style=\"width: 100%;\" controls=\"controls\"><source type=\"audio\/mpeg\" src=\"https:\/\/www.radiopiu.net\/wordpress\/wp-content\/uploads\/2021\/08\/BONA-DENIS.mp3?_=32\" \/><a href=\"https:\/\/www.radiopiu.net\/wordpress\/wp-content\/uploads\/2021\/08\/BONA-DENIS.mp3\">https:\/\/www.radiopiu.net\/wordpress\/wp-content\/uploads\/2021\/08\/BONA-DENIS.mp3<\/a><\/audio>\n<p>&nbsp;<\/p>\n<blockquote><p>&nbsp;<\/p><\/blockquote>\n<p>&nbsp;<\/p>\n<hr \/>\n<p>&nbsp;<\/p>\n<blockquote>\n<h3>DOMENICA ALL&#8217;ALPAGO SKY SUPER 3 ANCHE TIZIANO MOIA<\/h3>\n<\/blockquote>\n<p><strong><a href=\"https:\/\/www.radiopiu.net\/wordpress\/giornale-radiopiu-05-agosto-2021-direttore-mirko-mezzacasa\/alpago-sky-2017\/\" rel=\"attachment wp-att-226108\"><img loading=\"lazy\" decoding=\"async\" class=\" wp-image-226108 alignleft\" src=\"https:\/\/www.radiopiu.net\/wordpress\/wp-content\/uploads\/2021\/08\/alpago-sky-2017-300x200.jpg\" alt=\"\" width=\"177\" height=\"118\" srcset=\"https:\/\/www.radiopiu.net\/wordpress\/wp-content\/uploads\/2021\/08\/alpago-sky-2017-300x200.jpg 300w, https:\/\/www.radiopiu.net\/wordpress\/wp-content\/uploads\/2021\/08\/alpago-sky-2017-768x512.jpg 768w, https:\/\/www.radiopiu.net\/wordpress\/wp-content\/uploads\/2021\/08\/alpago-sky-2017.jpg 1001w\" sizes=\"auto, (max-width: 177px) 100vw, 177px\" \/><\/a>CHIES D&#8217;ALPAGO<\/strong> Rimangono ancora poche ore per partecipare ad Alpago Sky Super 3, domenica 8 agosto onorer\u00e0, per la nona volta, la memoria di Andrea Zanon, David Cecchin e Maudi De March, i tre ragazzi del Soccorso Alpino caduti sul Monte Cridola nell\u2019estate del 2012. Per le due gare, la starting list che si sta definendo in queste ore \u00e8, come tradizione, di ottimo livello tecnico: al via ci saranno alcuni dei migliori interpreti della corsa in montagna nazionale. Tra questi, nelle ultime ore si \u00e8 iscritto il friulano Tiziano Moia che nel fine settimana scorso ha conquistato il secondo posto ai Campionati italiani di vertical.\u00a0 Il programma prevede alle ore 8.45, in modalit\u00e0 mass-start, il via per la Sky3, alle 9.15 la partenza, sempre in modalit\u00e0 mass start, per la MiniSky3. Dalle 9.30 alle 10, invece potranno \u00a0partire i partecipanti alla Camminata per tutti (partenza alla francese).<\/p>\n<p>&nbsp;<\/p>\n<p>&nbsp;<\/p>\n<p>&nbsp;<\/p>\n<hr \/>\n<p>&nbsp;<\/p>\n<blockquote>\n<h3>CALCIO CSI: LE SQUADRE SONO PRONTE A RIPARTIRE. SI ASPETTA IL PROTOCOLLO E REGOLAMENTO NAZIONALE<\/h3>\n<\/blockquote>\n<p><strong><a href=\"https:\/\/www.radiopiu.net\/wordpress\/giornale-radiopiu-28-agosto-2020-direttore-mirko-mezzacasa\/pallone-calcio-csi-1\/\" rel=\"attachment wp-att-157935\"><img loading=\"lazy\" decoding=\"async\" class=\" wp-image-157935 alignleft\" src=\"https:\/\/www.radiopiu.net\/wordpress\/wp-content\/uploads\/2020\/08\/PALLONE-CALCIO-CSI-1-300x215.jpg\" alt=\"\" width=\"216\" height=\"155\" srcset=\"https:\/\/www.radiopiu.net\/wordpress\/wp-content\/uploads\/2020\/08\/PALLONE-CALCIO-CSI-1-300x215.jpg 300w, https:\/\/www.radiopiu.net\/wordpress\/wp-content\/uploads\/2020\/08\/PALLONE-CALCIO-CSI-1-768x550.jpg 768w, https:\/\/www.radiopiu.net\/wordpress\/wp-content\/uploads\/2020\/08\/PALLONE-CALCIO-CSI-1-640x458.jpg 640w, https:\/\/www.radiopiu.net\/wordpress\/wp-content\/uploads\/2020\/08\/PALLONE-CALCIO-CSI-1.jpg 957w\" sizes=\"auto, (max-width: 216px) 100vw, 216px\" \/><\/a>BELLUNO<\/strong> Si sono svolte a Limana due importanti incontri con le societ\u00e0 CSI che partecipano ai campionato Open e Over. Nella riunione delle squadre Open si \u00e8 optato per disputare il campionato in due gironi con l&#8217;andata da settembre a dicembre e il ritorno tra marzo e giugno con conseguenti playoff e playout. Nel campionato Over sarebbero 12 le squadre iscritte e l&#8217;intenzione sarebbe quella di iniziare la stagione a settembre ma anche in questo caso le compagini vogliono aspettare il protocollo nazionale per capire se si potranno utilizzare spogliatoi e docce a fine gara. In entrambe le riunioni ci si \u00e8 dato appuntamento alla fine di agosto per confermare le scelte fatte e stilare i calendari.<\/p>\n<p>&nbsp;<\/p>\n<p>&nbsp;<\/p>\n<hr \/>\n<p>&nbsp;<\/p>\n<blockquote>\n<h3>POKER BELLUNESE AL TRIATHLON DI PREDAZZO<\/h3>\n<\/blockquote>\n<p><strong>BELLUNO<\/strong> Quattro portacolori bellunesi protagonisti al Triathlon Mtb di Predazzo: Luca Iannetti, Cristian Vendrami, Linda Simon e Maddalena Mazzoli.\u00a0 La manifestazione, andata in scena in provincia di Trento, \u00e8 stata caratterizzata dalle difficilissime condizioni meteorologiche: basti pensare che ha piovuto dall\u2019inizio alla fine. Hanno preso parte all\u2019evento 310 giovani di varie categorie, impegnati in quella che era la finale del Circuito interregionale Nordest (al via ragazzi e ragazze provenienti da Veneto, Trentino, Friuli ed Emilia-Romagna).\u00a0La gara prevedeva la frazione di nuoto in piscina, quella ciclistica in mountain bike su circuito sterrato e la corsa, sempre su sterrato.\u00a0Entrando nel dettaglio, Iannetti (diciassettesimo di categoria), Vendrame (ventiquattresimo) e Simon (sedicesima) sono al primo anno Youth A (anni 2006-2007): hanno nuotato 400 metri, pedalato 5.4 km e corso 2.5 km, mentre Mazzoli (ventitreesima) \u00e8 al secondo anno della categoria Ragazzi (anni 2008-2009). E si \u00e8 sobbarcata 200 metri in acqua, 3.6 km sui pedali e corso 1.5 di corsa.\u00a0Nel complesso, un\u2019esperienza estremamente positiva per i quattro atleti della Sportivamente Belluno.<\/p>\n\n\t\t\t<style type='text\/css'>\n\t\t\t\t#gallery-3 {\n\t\t\t\t\tmargin: auto;\n\t\t\t\t}\n\t\t\t\t#gallery-3 .gallery-item {\n\t\t\t\t\tfloat: left;\n\t\t\t\t\tmargin-top: 10px;\n\t\t\t\t\ttext-align: center;\n\t\t\t\t\twidth: 25%;\n\t\t\t\t}\n\t\t\t\t#gallery-3 img {\n\t\t\t\t\tborder: 2px solid #cfcfcf;\n\t\t\t\t}\n\t\t\t\t#gallery-3 .gallery-caption {\n\t\t\t\t\tmargin-left: 0;\n\t\t\t\t}\n\t\t\t\t\/* see gallery_shortcode() in wp-includes\/media.php *\/\n\t\t\t<\/style>\n\t\t<div id='gallery-3' class='dt-gallery-container gallery galleryid-225950 gallery-columns-4 gallery-size-medium'><dl class='gallery-item'>\n\t\t\t\t<dt class='gallery-icon portrait'>\n\t\t\t\t\t<a class=\"rollover rollover-zoom dt-pswp-item\" title=\"Linda_Simon\" data-dt-img-description=\"\" data-large_image_width=\"782\" data-large_image_height=\"817\"href='https:\/\/www.radiopiu.net\/wordpress\/wp-content\/uploads\/2021\/08\/Linda_Simon.jpeg'><img loading=\"lazy\" decoding=\"async\" width=\"287\" height=\"300\" src=\"https:\/\/www.radiopiu.net\/wordpress\/wp-content\/uploads\/2021\/08\/Linda_Simon-287x300.jpeg\" class=\"attachment-medium size-medium\" alt=\"\" srcset=\"https:\/\/www.radiopiu.net\/wordpress\/wp-content\/uploads\/2021\/08\/Linda_Simon-287x300.jpeg 287w, https:\/\/www.radiopiu.net\/wordpress\/wp-content\/uploads\/2021\/08\/Linda_Simon-768x802.jpeg 768w, https:\/\/www.radiopiu.net\/wordpress\/wp-content\/uploads\/2021\/08\/Linda_Simon.jpeg 782w\" sizes=\"auto, (max-width: 287px) 100vw, 287px\" \/><\/a>\n\t\t\t\t<\/dt><\/dl><dl class='gallery-item'>\n\t\t\t\t<dt class='gallery-icon portrait'>\n\t\t\t\t\t<a class=\"rollover rollover-zoom dt-pswp-item\" title=\"Luca_Iannetti\" data-dt-img-description=\"\" data-large_image_width=\"829\" data-large_image_height=\"902\"href='https:\/\/www.radiopiu.net\/wordpress\/wp-content\/uploads\/2021\/08\/Luca_Iannetti.jpg'><img loading=\"lazy\" decoding=\"async\" width=\"276\" height=\"300\" src=\"https:\/\/www.radiopiu.net\/wordpress\/wp-content\/uploads\/2021\/08\/Luca_Iannetti-276x300.jpg\" class=\"attachment-medium size-medium\" alt=\"\" srcset=\"https:\/\/www.radiopiu.net\/wordpress\/wp-content\/uploads\/2021\/08\/Luca_Iannetti-276x300.jpg 276w, https:\/\/www.radiopiu.net\/wordpress\/wp-content\/uploads\/2021\/08\/Luca_Iannetti-768x836.jpg 768w, https:\/\/www.radiopiu.net\/wordpress\/wp-content\/uploads\/2021\/08\/Luca_Iannetti.jpg 829w\" sizes=\"auto, (max-width: 276px) 100vw, 276px\" \/><\/a>\n\t\t\t\t<\/dt><\/dl><dl class='gallery-item'>\n\t\t\t\t<dt class='gallery-icon portrait'>\n\t\t\t\t\t<a class=\"rollover rollover-zoom dt-pswp-item\" title=\"Maddalena_Mazzoli\" data-dt-img-description=\"\" data-large_image_width=\"1030\" data-large_image_height=\"1373\"href='https:\/\/www.radiopiu.net\/wordpress\/wp-content\/uploads\/2021\/08\/Maddalena_Mazzoli.jpg'><img loading=\"lazy\" decoding=\"async\" width=\"225\" height=\"300\" src=\"https:\/\/www.radiopiu.net\/wordpress\/wp-content\/uploads\/2021\/08\/Maddalena_Mazzoli-225x300.jpg\" class=\"attachment-medium size-medium\" alt=\"\" srcset=\"https:\/\/www.radiopiu.net\/wordpress\/wp-content\/uploads\/2021\/08\/Maddalena_Mazzoli-225x300.jpg 225w, https:\/\/www.radiopiu.net\/wordpress\/wp-content\/uploads\/2021\/08\/Maddalena_Mazzoli-768x1024.jpg 768w, https:\/\/www.radiopiu.net\/wordpress\/wp-content\/uploads\/2021\/08\/Maddalena_Mazzoli.jpg 1030w\" sizes=\"auto, (max-width: 225px) 100vw, 225px\" \/><\/a>\n\t\t\t\t<\/dt><\/dl><dl class='gallery-item'>\n\t\t\t\t<dt class='gallery-icon portrait'>\n\t\t\t\t\t<a class=\"rollover rollover-zoom dt-pswp-item\" title=\"Christian_Vendrami\" data-dt-img-description=\"\" data-large_image_width=\"822\" data-large_image_height=\"1024\"href='https:\/\/www.radiopiu.net\/wordpress\/wp-content\/uploads\/2021\/08\/Christian_Vendrami.jpeg'><img loading=\"lazy\" decoding=\"async\" width=\"241\" height=\"300\" src=\"https:\/\/www.radiopiu.net\/wordpress\/wp-content\/uploads\/2021\/08\/Christian_Vendrami-241x300.jpeg\" class=\"attachment-medium size-medium\" alt=\"\" srcset=\"https:\/\/www.radiopiu.net\/wordpress\/wp-content\/uploads\/2021\/08\/Christian_Vendrami-241x300.jpeg 241w, https:\/\/www.radiopiu.net\/wordpress\/wp-content\/uploads\/2021\/08\/Christian_Vendrami-768x957.jpeg 768w, https:\/\/www.radiopiu.net\/wordpress\/wp-content\/uploads\/2021\/08\/Christian_Vendrami.jpeg 822w\" sizes=\"auto, (max-width: 241px) 100vw, 241px\" \/><\/a>\n\t\t\t\t<\/dt><\/dl><br style=\"clear: both\" \/>\n\t\t\t<\/div>\n\n<\/div>\n<\/div>\n<\/div>","protected":false},"excerpt":{"rendered":"<p>GRUPPO FACEBOOK: RADIO PIU EMITTENTE AGORDINA, ISCRIZIONE GRATUITA &nbsp; &nbsp; COMPRIAMO UNA MACCHINA ATTREZZATA PER RICCARDO SOSPIROLO Radio Pi\u00f9 appoggia l&#8217;iniziativa di\u00a0 Agostino Tegner il pap\u00e0 di Riccardo, poche parole le sue ma piene di significato &#8220;Io e mia moglie stiamo invecchiando e non riusciamo pi\u00f9 a trasportare come si deve il nostro ragazzo, che&hellip;<\/p>\n","protected":false},"author":4,"featured_media":226012,"comment_status":"closed","ping_status":"open","sticky":false,"template":"","format":"standard","meta":{"_monsterinsights_skip_tracking":false,"_monsterinsights_sitenote_active":false,"_monsterinsights_sitenote_note":"","_monsterinsights_sitenote_category":0,"footnotes":""},"categories":[1,51,86,49],"tags":[],"class_list":["post-225950","post","type-post","status-publish","format-standard","has-post-thumbnail","hentry","category-senza-categoria","category-evidenza-top","category-gr","category-news-18","category-1","category-51","category-86","category-49","description-off"],"img_url":"https:\/\/www.radiopiu.net\/wordpress\/wp-content\/uploads\/2021\/08\/monitoraggio-del-robot-in-azione.jpg","_links":{"self":[{"href":"https:\/\/www.radiopiu.net\/wordpress\/wp-json\/wp\/v2\/posts\/225950","targetHints":{"allow":["GET"]}}],"collection":[{"href":"https:\/\/www.radiopiu.net\/wordpress\/wp-json\/wp\/v2\/posts"}],"about":[{"href":"https:\/\/www.radiopiu.net\/wordpress\/wp-json\/wp\/v2\/types\/post"}],"author":[{"embeddable":true,"href":"https:\/\/www.radiopiu.net\/wordpress\/wp-json\/wp\/v2\/users\/4"}],"replies":[{"embeddable":true,"href":"https:\/\/www.radiopiu.net\/wordpress\/wp-json\/wp\/v2\/comments?post=225950"}],"version-history":[{"count":0,"href":"https:\/\/www.radiopiu.net\/wordpress\/wp-json\/wp\/v2\/posts\/225950\/revisions"}],"wp:featuredmedia":[{"embeddable":true,"href":"https:\/\/www.radiopiu.net\/wordpress\/wp-json\/wp\/v2\/media\/226012"}],"wp:attachment":[{"href":"https:\/\/www.radiopiu.net\/wordpress\/wp-json\/wp\/v2\/media?parent=225950"}],"wp:term":[{"taxonomy":"category","embeddable":true,"href":"https:\/\/www.radiopiu.net\/wordpress\/wp-json\/wp\/v2\/categories?post=225950"},{"taxonomy":"post_tag","embeddable":true,"href":"https:\/\/www.radiopiu.net\/wordpress\/wp-json\/wp\/v2\/tags?post=225950"}],"curies":[{"name":"wp","href":"https:\/\/api.w.org\/{rel}","templated":true}]}}