{"id":225986,"date":"2021-08-04T10:11:12","date_gmt":"2021-08-04T08:11:12","guid":{"rendered":"https:\/\/www.radiopiu.net\/wordpress\/?p=225986"},"modified":"2021-08-04T10:11:12","modified_gmt":"2021-08-04T08:11:12","slug":"uncem-chiede-al-ministro-cingolani-di-approvare-il-piano-nazionale-per-la-gestione-del-lupo","status":"publish","type":"post","link":"https:\/\/www.radiopiu.net\/wordpress\/uncem-chiede-al-ministro-cingolani-di-approvare-il-piano-nazionale-per-la-gestione-del-lupo\/","title":{"rendered":"UNCEM CHIEDE AL MINISTRO CINGOLANI DI APPROVARE IL PIANO NAZIONALE PER LA GESTIONE DEL LUPO"},"content":{"rendered":"<p><strong><a href=\"https:\/\/www.radiopiu.net\/wordpress\/per-legambiente-la-caccia-al-lupo-non-e-una-soluzione\/lupo-4\/\" rel=\"attachment wp-att-188785\"><img loading=\"lazy\" decoding=\"async\" class=\"size-medium wp-image-188785 alignleft\" src=\"https:\/\/www.radiopiu.net\/wordpress\/wp-content\/uploads\/2021\/02\/LUPO-300x206.jpg\" alt=\"\" width=\"300\" height=\"206\" srcset=\"https:\/\/www.radiopiu.net\/wordpress\/wp-content\/uploads\/2021\/02\/LUPO-300x206.jpg 300w, https:\/\/www.radiopiu.net\/wordpress\/wp-content\/uploads\/2021\/02\/LUPO.jpg 512w\" sizes=\"auto, (max-width: 300px) 100vw, 300px\" \/><\/a>ROMA<\/strong> Il Presidente nazionale Uncem ha trasmesso nelle scorse ore una lettera al Ministro Cingolani (Transizione ecologica, ambiente), chiedendo che al pi\u00f9 presto venga approvato il &#8220;Piano nazionale di gestione del lupo&#8221;. Occorre definire, dal livello centrale, al pi\u00f9 presto delle positive regole che contemplino tutte le istanze, ma che partano da chi vive e tiene in vita i territori producendo reddito, posti di lavoro, servizi ecosistemici-ambientali dati dalla multifunzionalit\u00e0 dell&#8217;attivit\u00e0 agricola. Lo scontro tra regioni \u00e8 forte. La conservazione e la gestione della specie, nel quadro della biodiversit\u00e0 alpina, non devono andare a scapito &#8211; secondo Uncem &#8211; di chi la montagna la vive e vi lavora, con aziende agricole e zootecniche di piccole e medie dimensioni. L&#8217;attivit\u00e0 agricola \u00e8 il pilastro dello sviluppo e del presidio delle aree montane. Non \u00e8 indubbiamente solo il lupo a ridurre la presenza di capi e di imprese, \u00e8 chiaro, ma alcune risposte agli allevatori vanno date, mettendo d&#8217;accordo tutti. \u00c8 evidente &#8211; secondo Uncem &#8211; che la contrapposizione, anche nelle Regioni e nelle Province Autonome alpine, tra chi vuole favorire la conservazione del lupo e chi invece vorrebbe abbattimenti, diventi una polarizzazione che non aiuta il sistema agricolo-zootecnico e non favorisce il dialogo tra le parti. A farne le spese, di un Piano non approvato e con indirizzi non chiari, sono le imprese e anche le Amministrazioni locali (Comuni, Unioni montane, Comunit\u00e0 montane), alle prese con risposte non semplici da dare ad allevatori e anche alle Datoriali agricole. Servono formazione e informazione, investimenti e regole certe, anche nel quadro europeo dell&#8217;arco alpino, sincronizzando gli interventi tra gli Stati.<\/p>\n<p>&nbsp;<\/p>\n<p>&nbsp;<\/p>\n<p>&nbsp;<\/p>\n<p>*****<\/p>\n","protected":false},"excerpt":{"rendered":"<p>ROMA Il Presidente nazionale Uncem ha trasmesso nelle scorse ore una lettera al Ministro Cingolani (Transizione ecologica, ambiente), chiedendo che al pi\u00f9 presto venga approvato il &#8220;Piano nazionale di gestione del lupo&#8221;. Occorre definire, dal livello centrale, al pi\u00f9 presto delle positive regole che contemplino tutte le istanze, ma che partano da chi vive e&hellip;<\/p>\n","protected":false},"author":4,"featured_media":188785,"comment_status":"closed","ping_status":"open","sticky":false,"template":"","format":"standard","meta":{"_monsterinsights_skip_tracking":false,"_monsterinsights_sitenote_active":false,"_monsterinsights_sitenote_note":"","_monsterinsights_sitenote_category":0,"footnotes":""},"categories":[49],"tags":[],"class_list":["post-225986","post","type-post","status-publish","format-standard","has-post-thumbnail","hentry","category-news-18","category-49","description-off"],"img_url":"https:\/\/www.radiopiu.net\/wordpress\/wp-content\/uploads\/2021\/02\/LUPO.jpg","_links":{"self":[{"href":"https:\/\/www.radiopiu.net\/wordpress\/wp-json\/wp\/v2\/posts\/225986","targetHints":{"allow":["GET"]}}],"collection":[{"href":"https:\/\/www.radiopiu.net\/wordpress\/wp-json\/wp\/v2\/posts"}],"about":[{"href":"https:\/\/www.radiopiu.net\/wordpress\/wp-json\/wp\/v2\/types\/post"}],"author":[{"embeddable":true,"href":"https:\/\/www.radiopiu.net\/wordpress\/wp-json\/wp\/v2\/users\/4"}],"replies":[{"embeddable":true,"href":"https:\/\/www.radiopiu.net\/wordpress\/wp-json\/wp\/v2\/comments?post=225986"}],"version-history":[{"count":0,"href":"https:\/\/www.radiopiu.net\/wordpress\/wp-json\/wp\/v2\/posts\/225986\/revisions"}],"wp:featuredmedia":[{"embeddable":true,"href":"https:\/\/www.radiopiu.net\/wordpress\/wp-json\/wp\/v2\/media\/188785"}],"wp:attachment":[{"href":"https:\/\/www.radiopiu.net\/wordpress\/wp-json\/wp\/v2\/media?parent=225986"}],"wp:term":[{"taxonomy":"category","embeddable":true,"href":"https:\/\/www.radiopiu.net\/wordpress\/wp-json\/wp\/v2\/categories?post=225986"},{"taxonomy":"post_tag","embeddable":true,"href":"https:\/\/www.radiopiu.net\/wordpress\/wp-json\/wp\/v2\/tags?post=225986"}],"curies":[{"name":"wp","href":"https:\/\/api.w.org\/{rel}","templated":true}]}}