{"id":226001,"date":"2021-08-04T11:12:50","date_gmt":"2021-08-04T09:12:50","guid":{"rendered":"https:\/\/www.radiopiu.net\/wordpress\/?p=226001"},"modified":"2021-08-04T11:25:20","modified_gmt":"2021-08-04T09:25:20","slug":"cras-provincia-belluno","status":"publish","type":"post","link":"https:\/\/www.radiopiu.net\/wordpress\/cras-provincia-belluno\/","title":{"rendered":"Quasi 50.000 firme per il CRAS in Provincia"},"content":{"rendered":"<p class=\"p1\"><a class=\"dt-pswp-item\" href=\"https:\/\/www.radiopiu.net\/wordpress\/wp-content\/uploads\/2021\/08\/Schermata-2021-08-04-alle-11.07.53.png\" data-dt-img-description=\"\" data-large_image_width=\"1944\" data-large_image_height=\"1432\"><img loading=\"lazy\" decoding=\"async\" class=\"alignleft size-medium wp-image-226002\" src=\"https:\/\/www.radiopiu.net\/wordpress\/wp-content\/uploads\/2021\/08\/Schermata-2021-08-04-alle-11.07.53-300x221.png\" alt=\"\" width=\"300\" height=\"221\" srcset=\"https:\/\/www.radiopiu.net\/wordpress\/wp-content\/uploads\/2021\/08\/Schermata-2021-08-04-alle-11.07.53-300x221.png 300w, https:\/\/www.radiopiu.net\/wordpress\/wp-content\/uploads\/2021\/08\/Schermata-2021-08-04-alle-11.07.53-1024x754.png 1024w, https:\/\/www.radiopiu.net\/wordpress\/wp-content\/uploads\/2021\/08\/Schermata-2021-08-04-alle-11.07.53-768x566.png 768w, https:\/\/www.radiopiu.net\/wordpress\/wp-content\/uploads\/2021\/08\/Schermata-2021-08-04-alle-11.07.53-1536x1131.png 1536w, https:\/\/www.radiopiu.net\/wordpress\/wp-content\/uploads\/2021\/08\/Schermata-2021-08-04-alle-11.07.53.png 1944w\" sizes=\"auto, (max-width: 300px) 100vw, 300px\" \/><\/a>In poco tempo sono state raccolte quasi 50.000 firme in una petizione ospitata da<a href=\"http:\/\/chng.it\/xT6Nvh2X4j\"> change.org<\/a> e creata da Cristiano Fant noto attivista bellunese e destinata a Regione e Provincia per sollecitare la costruzione di un CRAS (centro recupero animali selvatici). Servir\u00e0 a muovere qualcosa o qualcuno in modo serio e fattivo? Chi lo sa\u2026<br \/>\nSono anni che attivisti in testa e cittadini chiedono che gli animali selvatici vengano assistiti<span class=\"Apple-converted-space\">\u00a0 <\/span>in modo civile e si smetta con il fai da t\u00e8 per il recupero di volatili, ricci, picchi, piccoli rapaci, lepri, spesso affidati alle cure di privati che tentano di salvarne la vita perch\u00e8 non hanno nessuna risposta dalle istituzioni.Le figure preposte per il recupero sono le guardie provinciali, ma spesso il rinvenimento degli animali avviene di notte o nei week end quando i numeri di telefono rimangono fuori servizio. Per gli animali di taglia pi\u00f9 grande non solo c\u2019\u00e8 la morte certa, ma anche lunghe ore o giorni di agonia, come si legge in numerosi articoli che da anni escono sui quotidiani locali.A seguito di questi e delle proteste di molti cittadini e turisti indignati, la Provincia nel 2019 sembrava dare come \u201ccosa fatta\u201d la convenzione con i veterinari del settore privato, anche questa finita nel nulla per la mancanza di una struttura dove ricoverare e curare gli animali che certo non possono essere ospitati in un ambulatorio privato, n\u00e9 trasportati con un auto privata, n\u00e9 tantomeno abbattuti se recuperabili, la risposta a questa criticit\u00e0 \u00e8 appunto il CRAS, non certo uno sporadico intervento in convenzione senza nessuna strutturazione seria.E\u2019 possibile che la provincia che comprende il parco Nazionale Dolomiti Bellunesi davvero non abbia un CRAS? E\u2019 possibile che nel 2021 con la crescente sensibilit\u00e0 verso l\u2019ambiente e i suoi abitanti non si riesca ad avere un servizio come questo? In una regione in cui la caccia sembra la risposta ad ogni problema di convivenza? In anni in cui il rispetto dell\u2019ambiente, la convivenza tra specie diviene sempre pi\u00f9 urgente e necessario? La petizione \u00e8 ancora on line, Cristiano Fant dichiara sar\u00e0 chiusa a settembre e le firme inviate ai destinatari per cui c\u2019\u00e8 ancora tempo per firmare, cliccando nel link sottostante.<\/p>\n<p class=\"p1\"><a href=\"http:\/\/chng.it\/xT6Nvh2X4j\"><span style=\"color: #0000ff;\"><strong>http:\/\/chng.it\/xT6Nvh2X4j\u00a0<\/strong><\/span><\/a><\/p>\n<p>&nbsp;<\/p>\n<p>&nbsp;<\/p>\n<p>&nbsp;<\/p>\n<p>***<\/p>\n","protected":false},"excerpt":{"rendered":"<p>In poco tempo sono state raccolte quasi 50.000 firme in una petizione ospitata da change.org e creata da Cristiano Fant noto attivista bellunese e destinata a Regione e Provincia per sollecitare la costruzione di un CRAS (centro recupero animali selvatici). Servir\u00e0 a muovere qualcosa o qualcuno in modo serio e fattivo? Chi lo sa\u2026 Sono&hellip;<\/p>\n","protected":false},"author":2,"featured_media":226003,"comment_status":"closed","ping_status":"open","sticky":false,"template":"","format":"standard","meta":{"_monsterinsights_skip_tracking":false,"_monsterinsights_sitenote_active":false,"_monsterinsights_sitenote_note":"","_monsterinsights_sitenote_category":0,"footnotes":""},"categories":[104,49],"tags":[],"class_list":["post-226001","post","type-post","status-publish","format-standard","has-post-thumbnail","hentry","category-evidenza_3","category-news-18","category-104","category-49","description-off"],"img_url":"https:\/\/www.radiopiu.net\/wordpress\/wp-content\/uploads\/2021\/08\/Schermata-2021-08-04-alle-11.10.15.png","_links":{"self":[{"href":"https:\/\/www.radiopiu.net\/wordpress\/wp-json\/wp\/v2\/posts\/226001","targetHints":{"allow":["GET"]}}],"collection":[{"href":"https:\/\/www.radiopiu.net\/wordpress\/wp-json\/wp\/v2\/posts"}],"about":[{"href":"https:\/\/www.radiopiu.net\/wordpress\/wp-json\/wp\/v2\/types\/post"}],"author":[{"embeddable":true,"href":"https:\/\/www.radiopiu.net\/wordpress\/wp-json\/wp\/v2\/users\/2"}],"replies":[{"embeddable":true,"href":"https:\/\/www.radiopiu.net\/wordpress\/wp-json\/wp\/v2\/comments?post=226001"}],"version-history":[{"count":0,"href":"https:\/\/www.radiopiu.net\/wordpress\/wp-json\/wp\/v2\/posts\/226001\/revisions"}],"wp:featuredmedia":[{"embeddable":true,"href":"https:\/\/www.radiopiu.net\/wordpress\/wp-json\/wp\/v2\/media\/226003"}],"wp:attachment":[{"href":"https:\/\/www.radiopiu.net\/wordpress\/wp-json\/wp\/v2\/media?parent=226001"}],"wp:term":[{"taxonomy":"category","embeddable":true,"href":"https:\/\/www.radiopiu.net\/wordpress\/wp-json\/wp\/v2\/categories?post=226001"},{"taxonomy":"post_tag","embeddable":true,"href":"https:\/\/www.radiopiu.net\/wordpress\/wp-json\/wp\/v2\/tags?post=226001"}],"curies":[{"name":"wp","href":"https:\/\/api.w.org\/{rel}","templated":true}]}}