{"id":226016,"date":"2021-08-04T12:25:00","date_gmt":"2021-08-04T10:25:00","guid":{"rendered":"https:\/\/www.radiopiu.net\/wordpress\/?p=226016"},"modified":"2021-08-04T13:16:19","modified_gmt":"2021-08-04T11:16:19","slug":"lappuntamento-con-la-conferenza-stampa-di-luca-zaia-sullemergenza-covid-19","status":"publish","type":"post","link":"https:\/\/www.radiopiu.net\/wordpress\/lappuntamento-con-la-conferenza-stampa-di-luca-zaia-sullemergenza-covid-19\/","title":{"rendered":"100mila POSTI LIBERI PER LA VACCINAZIONE GARANTITA IN UNA SETTIMANA, DA VENEZIA PARLA ZAIA NELLE 24 ORE 779 CASI"},"content":{"rendered":"<p><strong>VENEZIA<\/strong> Luca Zaia e il punto stampa da Marghera, le ultime novit\u00e0 in tema covid19<\/p>\n<p>IL BOLLETTINO NUOVO AGGIORNAMENTO tamponi 11milioni871mila581 POSITIVI DAL 21 FEBBRAIO 438.968 POSITIVI ATTUALI 12.980 (dal dato pi\u00f9 basso sono raddoppiati) POSITIVI NELLE 24 ORE +779\u00a0 TAMPONI 38.870\u00a0 INCIDENZA 2% RICOVERATI 188\u00a0 (+9) IN AREA NON CRITICA\u00a0 169(+9) TERAPIA INTENSIVA\u00a0 19\u00a0 (0) ALTRE TERAPIE INTENSIVE 347 DIMESSI\u00a0 22.110 DECESSI 11.644\u00a0 (+1)<\/p>\n<blockquote>\n<h2>LEGGI IN DIRETTA LA CONFERENZA STAMPA DEL PRESIDENTE ZAIA<\/h2>\n<\/blockquote>\n<p>Stiamo galoppando con le vaccinazioni, oltre 40mila anche oggi. Abbiamo guardato i numeri, ci danno uno scenario: da qui al 8 di settembre abbiamo 400mila seconde dosi, prenotazioni per 219mila prime dosi, cio\u00e8 619mila vaccini. Da oggi all&#8217;8 di settembre abbiamo oltre 200mila posti liberi, siamo a 7000 al giorno. Continuo a dire che \u00e8 umano pensare farlo all&#8217;inizio dell&#8217;autunno, ma non \u00e8 legato al giorno dell&#8217;iniezione, se tutti fanno questo ragionamento si crea l&#8217;ingorgo e non si trova posto nella stagione autunnale, per questo \u00e8 importante farlo subito per avere una copertura anticorpale di 11 mesi.\u00a0 <strong>Dalla mezzanotte di giovedi chi entra nel portale trover\u00e0 100mila posti liberi e la vaccinazione verr\u00e0 fatta massimo in sette giorni.<\/strong> Seguiranno vaccini sporadici e tema come a Belluno sotto le stelle, piuttosto che ad un evento sportivo come il calcio Mogliano e le loro famiglie. Chi vuole si organizzi e contatti le direzioni generali delle Ulss, ce ne saranno sempre pi\u00f9 di presenza. Una proiezione mette in evidenza che abbiamo scollinato a settembre avremo pi\u00f9 offerta di vaccino della domanda, stiamo andando all&#8217;osso della comunit\u00e0. <strong>TERZA DOSE\u00a0<\/strong> ci poniamo la questione della terza dose. Immagino che si dar\u00e0 modo di fare una terza dose ai sanitari, dando priorit\u00e0 a case di riposo, operatori delle Rsa e chi \u00e8 negli ospedali. <strong>CAMBIO DI PASSO CON IL GOVERNO DRAGHI E L&#8217;ENTRATA DI FIGLIUOLO, LO HA NOTATO?<\/strong>\u00a0 Il dato oggettivo \u00e8 la disponibilit\u00e0 dei vaccini, nella prima fase non ce n&#8217;erano \u00e8 innegabile che Figluiolo abbia trattato e stia trattando.\u00a0 Davanti a tante tragedie umane lasciamo da parte le polemiche. Ogni giorno ha la sua pena ma non darei una lettura politica in questa fase. Stiamo andando avanti si naviga a vista, noi con il Governo Draghi abbiamo maggiori soddisfazioni di prima ma non sul covid sul quale non voglio fare polemiche <strong>CLASSIFICAZIONE COLORI<\/strong> Noi restiamo in zona bianca, ancora una volta nonostante gli esperti non \u00e8 dato un atto delinquenziale chiedere la modifica dei colori altrimenti oggi saremo in arancione con in negozi chiusi e gli ospedali sostanzialmente vuoti.\u00a0 Abbiamo fatto il bene della comunit\u00e0 validato dagli scienziati. <strong>OLIMPIADI<\/strong> Abbiamo esultato tutti stamattina, un&#8217;altra vittoria un&#8217;altra\u00a0 bella figura\u00a0 per il Veneto,\u00a0 anche la portabandiera delle Olimpiadi \u00e8 veneta. <strong>ALBERGO NO MASK IN ALTO ADIGE CHIUSO E MULTATO SITUAZIONI ANALOGHE IN VENETO<\/strong> No, con il collega alto atesino ho parlato, era preoccupato per una possibile ripartenza, l\u00e0 hanno potenzialit\u00e0 di legge maggiori per l&#8217;autonomia. <strong>CHI CONTROLLERA&#8217;?<\/strong>\u00a0 Ci sono buchi neri sul green pass, dal guarito che gli scade la copertura (sei mesi dalla guarigione), oggi abbiamo dal 6 gli albergatori e ristoratori che dovranno chiederlo al chiuso, ha potest\u00e0 per farlo? E se dovesse chiedere il documento lo puo&#8217; fare? Poi ci sono i vaccinati con due cosi che non riescono ad avere il green pass ma non c&#8217;e&#8217; scritto da nessuna parte che basta il certificato vaccianale della Ulss1, il Governo dovrebbe fare chiarezza anche verso chi si \u00e8 vaccinato all&#8217;estero ma non hanno il green pass. I nostri operatori dei ristoranti sono in balia dell&#8217;imbarazzo&#8230; <strong>SE L&#8217;OPERAZIONE FAST VAX DA 100MILA PRENOTAZIONI NON DOVESSE BASTARE?<\/strong> L&#8217;unica strategia \u00e8 andare vicino alle associazioni in questo ultimo miglio, noi diamo informazioni poi la vaccinazione resta volontaria, poi diventa stucchevole. <strong>PREOCCUPAZIONE SULL&#8217;ATTACCO HACKER CON MINACCE AD ALTRI CENTRI NEVRALGICI, COME SIAMO MESSI?<\/strong> Noi siamo sempre preoccupati, \u00e8 ovvio. Che facciano le agenzie\u00a0 ci sta bene, ma se l&#8217;attacco e&#8217; in corsa ora&#8230; Abbiamo i sistemi tutelai da protezione, speriamo funzionino, se succede cercheremo di risolvere il problema e non pagheremo riscatti.<\/p>\n<p>&nbsp;<\/p>\n<p><strong>ASSESSORE MANUELA LANZARIN\u00a0<\/strong><br \/>\nC&#8217;\u00e8 stata la conferenza delle Regioni, ultima prima della pausa estiva. Per quanto riguarda le materie legate all&#8217;emergenza: <strong>protocollo scuola<\/strong> presentato dal Ministro Bianchi con le misure di distanziamento, mascherina, percorsi separati, chiariti i vari passaggi eravamo pronti per approvarlo ma \u00e8 stato chiesto di sospenderlo in attesa del pronunciamento del Governo su green pass e obbligo vaccinale. Il provvedimento unico ancora non c&#8217;\u00e8. Per questo non abbiamo parlato ne&#8217; di insegnanti, green pass, vaccinazioni o lezioni in presenza. <strong>Accordi con le farmacie<\/strong> per i tamponi con l&#8217;avvio del green pass, prezzo 15 euro (rispetto ai 22 di oggi), contributo da definire da parte del commissario per coprire in parte questi 15 euro che verr\u00e0 ristorato alle aziende e quindi alla farmacie che aderiscono, differenziazione tra bimbi e adulti. Le Regione hanno chiesto che non si acceda al fondo della sanit\u00e0 nazionale o regionale e che nel mentre che \u00e8 in vigore questo protocollo, gli altri in itinere vengano sospesi per non creare confusione. <strong>Sanitari no vax<\/strong> Ieri l&#8217;incontro con i sindacati del comparto sanit\u00e0, illustrato l&#8217;aggiornamento dei non vaccinati: 17.542 (+1224 hanno preso appuntamento per fare il vaccino), si continua con l&#8217;attivit\u00e0 delle commissioni in ogni singola azienda. La preoccupazione \u00e8 il numero importante di no vax e le ferie di mezzo con ripercussione sui servizi. <strong>EFFETTIVAMENTE SOSPESI?<\/strong> Dobbiamo fare un confronto con le aziende sanitarie per venerdi daremo il numero esatto.<\/p>\n<p>&nbsp;<\/p>\n<p><a href=\"https:\/\/www.facebook.com\/zaiaufficiale\/videos\/820955785289314\">https:\/\/www.facebook.com\/zaiaufficiale\/videos\/820955785289314<\/a><\/p>\n<p>&nbsp;<\/p>\n","protected":false},"excerpt":{"rendered":"<p>VENEZIA Luca Zaia e il punto stampa da Marghera, le ultime novit\u00e0 in tema covid19 IL BOLLETTINO NUOVO AGGIORNAMENTO tamponi 11milioni871mila581 POSITIVI DAL 21 FEBBRAIO 438.968 POSITIVI ATTUALI 12.980 (dal dato pi\u00f9 basso sono raddoppiati) POSITIVI NELLE 24 ORE +779\u00a0 TAMPONI 38.870\u00a0 INCIDENZA 2% RICOVERATI 188\u00a0 (+9) IN AREA NON CRITICA\u00a0 169(+9) TERAPIA INTENSIVA\u00a0 19\u00a0&hellip;<\/p>\n","protected":false},"author":4,"featured_media":172638,"comment_status":"closed","ping_status":"open","sticky":false,"template":"","format":"standard","meta":{"_monsterinsights_skip_tracking":false,"_monsterinsights_sitenote_active":false,"_monsterinsights_sitenote_note":"","_monsterinsights_sitenote_category":0,"footnotes":""},"categories":[51,49],"tags":[],"class_list":["post-226016","post","type-post","status-publish","format-standard","has-post-thumbnail","hentry","category-evidenza-top","category-news-18","category-51","category-49","description-off"],"img_url":"https:\/\/www.radiopiu.net\/wordpress\/wp-content\/uploads\/2020\/11\/zaia.png","_links":{"self":[{"href":"https:\/\/www.radiopiu.net\/wordpress\/wp-json\/wp\/v2\/posts\/226016","targetHints":{"allow":["GET"]}}],"collection":[{"href":"https:\/\/www.radiopiu.net\/wordpress\/wp-json\/wp\/v2\/posts"}],"about":[{"href":"https:\/\/www.radiopiu.net\/wordpress\/wp-json\/wp\/v2\/types\/post"}],"author":[{"embeddable":true,"href":"https:\/\/www.radiopiu.net\/wordpress\/wp-json\/wp\/v2\/users\/4"}],"replies":[{"embeddable":true,"href":"https:\/\/www.radiopiu.net\/wordpress\/wp-json\/wp\/v2\/comments?post=226016"}],"version-history":[{"count":0,"href":"https:\/\/www.radiopiu.net\/wordpress\/wp-json\/wp\/v2\/posts\/226016\/revisions"}],"wp:featuredmedia":[{"embeddable":true,"href":"https:\/\/www.radiopiu.net\/wordpress\/wp-json\/wp\/v2\/media\/172638"}],"wp:attachment":[{"href":"https:\/\/www.radiopiu.net\/wordpress\/wp-json\/wp\/v2\/media?parent=226016"}],"wp:term":[{"taxonomy":"category","embeddable":true,"href":"https:\/\/www.radiopiu.net\/wordpress\/wp-json\/wp\/v2\/categories?post=226016"},{"taxonomy":"post_tag","embeddable":true,"href":"https:\/\/www.radiopiu.net\/wordpress\/wp-json\/wp\/v2\/tags?post=226016"}],"curies":[{"name":"wp","href":"https:\/\/api.w.org\/{rel}","templated":true}]}}