{"id":226072,"date":"2021-08-05T05:04:44","date_gmt":"2021-08-05T03:04:44","guid":{"rendered":"https:\/\/www.radiopiu.net\/wordpress\/?p=226072"},"modified":"2021-08-05T06:26:06","modified_gmt":"2021-08-05T04:26:06","slug":"sbloccati-430-milioni-di-euro-per-gli-impianti-di-risalita","status":"publish","type":"post","link":"https:\/\/www.radiopiu.net\/wordpress\/sbloccati-430-milioni-di-euro-per-gli-impianti-di-risalita\/","title":{"rendered":"SBLOCCATI 430 MILIONI DI EURO PER GLI IMPIANTI DI RISALITA"},"content":{"rendered":"<p>&nbsp;<\/p>\n<p>&nbsp;<\/p>\n<p><strong><img loading=\"lazy\" decoding=\"async\" class=\"alignleft\" src=\"https:\/\/www.radiopiu.net\/wordpress\/wp-content\/uploads\/2021\/08\/e0989b96-0197-57b6-6537-2a50473083b8.jpg\" width=\"220\" height=\"169\" \/>TRENTO<\/strong> La Commissione Europea ha diffuso\u00a0 una nota nella quale comunica di aver approvato, nell\u2019ambito della normativa Ue sugli aiuti di Stato, una misura italiana da 430 milioni di euro (contenuta nell\u2019art.2 del DL Sostegno) per risarcire i gestori degli impianti di risalita per i danni subiti a causa delle misure restrittive introdotte dal Governo italiano per limitare la diffusione del contagio e far fronte all\u2019emergenza pandemica tra il 4 dicembre 2020 e il 30 aprile 2021.\u00a0 <em>&#8220;Un grande successo che premia il lavoro fatto da\u00a0ANEF, Associazione Nazionale Esercenti Funiviari, da gennaio ad oggi a fianco del Governo e in particolare con il Ministro Garavaglia&#8221;<\/em>, sottolinea Valeria Ghezzi, presidente Anef (FOTO)<br \/>\nL&#8217;erogazione dei 430 milioni di euro al settore sciistico nazionale \u00e8 stata possibile grazie un impegno davvero trasversale in Parlamento e alla collaborazione concertata e costruttiva tra gli operatori del comparto e la politica, che ha compreso le enormi difficolt\u00e0 delle aziende del settore impianti a fune.\u00a0 <em>\u201c\u00c8 stato riconosciuto\u00a0anche dalla Commissione Europea il danno economico alle imprese dalle misure per il contrasto alla pandemia. Ora serve &#8211; prosegue Ghezzi \u2013 un decreto attuativo che permetta l\u2019erogazione di questi fondi con la massima urgenza, ci sono ormai molte aziende in una grave crisi di liquidit\u00e0 che meritano di essere aiutate e che hanno il diritto di ricevere il giusto indennizzo per il danno subito. Sono risorse indispensabili per permettere agli impianti di procedere con\u00a0gli investimenti necessari e arrivare cos\u00ec pronti alla prossima stagione invernale, che sar\u00e0 decisiva per la ripresa delle nostre montagne e di tutte le attivit\u00e0 economiche correlate&#8221;.<\/em><\/p>\n<p>&nbsp;<\/p>\n<p><strong><img loading=\"lazy\" decoding=\"async\" class=\"alignleft\" src=\"https:\/\/www.radiopiu.net\/wordpress\/wp-content\/uploads\/2019\/12\/SKICIVETTA-1.jpg\" width=\"203\" height=\"135\" \/>ROMA<\/strong> L&#8217;Antitrust europeo ha sbloccato 430 milioni di euro di aiuti per gli impianti di risalita dei territori italiani bloccati da dicembre 2020 ad aprile 2021.\u00a0 Gli stanziamenti previsti dal decreto Sostegni si sommano a quelli del Sostegni-bis, che potenzia la cifra del primo decreto. Ora servono tempi rapidi per l&#8217;accredito sui conti correnti delle imprese. E anche per i Maestri di Sci e il fondo loro dedicato si attende solo la bollinatura degli ultimi documenti da parte della Corte dei Conti. <em>&#8220;Nei giorni scorsi &#8211; spiega Marco Bussone presidente nazionale Uncem\u00a0 &#8211; abbiamo\u00a0 scritto al Ministro Garavaglia, chiedendo di poter lavorare insieme in tempi rapidi a regole certe e semplici per la nuova stagione invernale. Ora si compensino in primo luogo le perdite dello scorso anno. L&#8217;ok di Bruxelles \u00e8 il passo in avanti burocratico che aspettavamo&#8221;.\u00a0<\/em><\/p>\n<p>&nbsp;<\/p>\n<p><strong>RENZO MINELLA PRESIDENTE REGIONALE ANEF E RESPONSABILE MARKETING AREA SAN PELLEGRINO-FALCADE<\/strong><\/p>\n<audio class=\"wp-audio-shortcode\" id=\"audio-226072-1\" preload=\"none\" style=\"width: 100%;\" controls=\"controls\"><source type=\"audio\/mpeg\" src=\"https:\/\/www.radiopiu.net\/wordpress\/wp-content\/uploads\/2021\/08\/RENZO.mp3?_=1\" \/><a href=\"https:\/\/www.radiopiu.net\/wordpress\/wp-content\/uploads\/2021\/08\/RENZO.mp3\">https:\/\/www.radiopiu.net\/wordpress\/wp-content\/uploads\/2021\/08\/RENZO.mp3<\/a><\/audio>\n<p><strong>\u00a0<\/strong><\/p>\n<p><strong>IL DEPUTATO DARIO BOND\u00a0<\/strong><\/p>\n<audio class=\"wp-audio-shortcode\" id=\"audio-226072-2\" preload=\"none\" style=\"width: 100%;\" controls=\"controls\"><source type=\"audio\/mpeg\" src=\"https:\/\/www.radiopiu.net\/wordpress\/wp-content\/uploads\/2021\/08\/bond.mp3?_=2\" \/><a href=\"https:\/\/www.radiopiu.net\/wordpress\/wp-content\/uploads\/2021\/08\/bond.mp3\">https:\/\/www.radiopiu.net\/wordpress\/wp-content\/uploads\/2021\/08\/bond.mp3<\/a><\/audio>\n<h3><\/h3>\n<p><strong>\u00a0<\/strong><\/p>\n<p><strong>IL DEPUTATO MIRCO BADOLE\u00a0<\/strong><\/p>\n<audio class=\"wp-audio-shortcode\" id=\"audio-226072-3\" preload=\"none\" style=\"width: 100%;\" controls=\"controls\"><source type=\"audio\/mpeg\" src=\"https:\/\/www.radiopiu.net\/wordpress\/wp-content\/uploads\/2021\/08\/badole.mp3?_=3\" \/><a href=\"https:\/\/www.radiopiu.net\/wordpress\/wp-content\/uploads\/2021\/08\/badole.mp3\">https:\/\/www.radiopiu.net\/wordpress\/wp-content\/uploads\/2021\/08\/badole.mp3<\/a><\/audio>\n<p>&nbsp;<\/p>\n<p><strong>\u00a0<\/strong><\/p>\n<p><strong>IL SENATORE\u00a0 PAOLO SAVIANE<\/strong><\/p>\n<audio class=\"wp-audio-shortcode\" id=\"audio-226072-4\" preload=\"none\" style=\"width: 100%;\" controls=\"controls\"><source type=\"audio\/mpeg\" src=\"https:\/\/www.radiopiu.net\/wordpress\/wp-content\/uploads\/2021\/08\/Saviane-su-fondi-impianti-sci-1.mp3?_=4\" \/><a href=\"https:\/\/www.radiopiu.net\/wordpress\/wp-content\/uploads\/2021\/08\/Saviane-su-fondi-impianti-sci-1.mp3\">https:\/\/www.radiopiu.net\/wordpress\/wp-content\/uploads\/2021\/08\/Saviane-su-fondi-impianti-sci-1.mp3<\/a><\/audio>\n<p>&nbsp;<\/p>\n<p>&nbsp;<\/p>\n<p>***<\/p>\n","protected":false},"excerpt":{"rendered":"<p>&nbsp; &nbsp; TRENTO La Commissione Europea ha diffuso\u00a0 una nota nella quale comunica di aver approvato, nell\u2019ambito della normativa Ue sugli aiuti di Stato, una misura italiana da 430 milioni di euro (contenuta nell\u2019art.2 del DL Sostegno) per risarcire i gestori degli impianti di risalita per i danni subiti a causa delle misure restrittive introdotte&hellip;<\/p>\n","protected":false},"author":4,"featured_media":226172,"comment_status":"closed","ping_status":"open","sticky":false,"template":"","format":"standard","meta":{"_monsterinsights_skip_tracking":false,"_monsterinsights_sitenote_active":false,"_monsterinsights_sitenote_note":"","_monsterinsights_sitenote_category":0,"footnotes":""},"categories":[51,49],"tags":[],"class_list":["post-226072","post","type-post","status-publish","format-standard","has-post-thumbnail","hentry","category-evidenza-top","category-news-18","category-51","category-49","description-off"],"img_url":"https:\/\/www.radiopiu.net\/wordpress\/wp-content\/uploads\/2021\/08\/e0989b96-0197-57b6-6537-2a50473083b8.jpg","_links":{"self":[{"href":"https:\/\/www.radiopiu.net\/wordpress\/wp-json\/wp\/v2\/posts\/226072","targetHints":{"allow":["GET"]}}],"collection":[{"href":"https:\/\/www.radiopiu.net\/wordpress\/wp-json\/wp\/v2\/posts"}],"about":[{"href":"https:\/\/www.radiopiu.net\/wordpress\/wp-json\/wp\/v2\/types\/post"}],"author":[{"embeddable":true,"href":"https:\/\/www.radiopiu.net\/wordpress\/wp-json\/wp\/v2\/users\/4"}],"replies":[{"embeddable":true,"href":"https:\/\/www.radiopiu.net\/wordpress\/wp-json\/wp\/v2\/comments?post=226072"}],"version-history":[{"count":0,"href":"https:\/\/www.radiopiu.net\/wordpress\/wp-json\/wp\/v2\/posts\/226072\/revisions"}],"wp:featuredmedia":[{"embeddable":true,"href":"https:\/\/www.radiopiu.net\/wordpress\/wp-json\/wp\/v2\/media\/226172"}],"wp:attachment":[{"href":"https:\/\/www.radiopiu.net\/wordpress\/wp-json\/wp\/v2\/media?parent=226072"}],"wp:term":[{"taxonomy":"category","embeddable":true,"href":"https:\/\/www.radiopiu.net\/wordpress\/wp-json\/wp\/v2\/categories?post=226072"},{"taxonomy":"post_tag","embeddable":true,"href":"https:\/\/www.radiopiu.net\/wordpress\/wp-json\/wp\/v2\/tags?post=226072"}],"curies":[{"name":"wp","href":"https:\/\/api.w.org\/{rel}","templated":true}]}}