{"id":226175,"date":"2021-08-05T06:43:48","date_gmt":"2021-08-05T04:43:48","guid":{"rendered":"https:\/\/www.radiopiu.net\/wordpress\/?p=226175"},"modified":"2021-08-05T11:48:29","modified_gmt":"2021-08-05T09:48:29","slug":"belluno-la-citta-del-nulla-di-fatto-da-tiziano-alla-pallavolo","status":"publish","type":"post","link":"https:\/\/www.radiopiu.net\/wordpress\/belluno-la-citta-del-nulla-di-fatto-da-tiziano-alla-pallavolo\/","title":{"rendered":"BELLUNO LA CITTA&#8217; DEL NULLA DI FATTO, DA TIZIANO ALLA PALLAVOLO"},"content":{"rendered":"<p><strong><a href=\"https:\/\/www.radiopiu.net\/wordpress\/belluno-la-citta-del-nulla-di-fatto-da-tiziano-alla-pallavolo\/972ec435-fa04-49e8-bf1e-048263cab367\/\" rel=\"attachment wp-att-226219\"><img loading=\"lazy\" decoding=\"async\" class=\"size-medium wp-image-226219 alignleft\" src=\"https:\/\/www.radiopiu.net\/wordpress\/wp-content\/uploads\/2021\/08\/972ec435-fa04-49e8-bf1e-048263cab367-300x200.jpg\" alt=\"\" width=\"300\" height=\"200\" srcset=\"https:\/\/www.radiopiu.net\/wordpress\/wp-content\/uploads\/2021\/08\/972ec435-fa04-49e8-bf1e-048263cab367-300x200.jpg 300w, https:\/\/www.radiopiu.net\/wordpress\/wp-content\/uploads\/2021\/08\/972ec435-fa04-49e8-bf1e-048263cab367-768x513.jpg 768w, https:\/\/www.radiopiu.net\/wordpress\/wp-content\/uploads\/2021\/08\/972ec435-fa04-49e8-bf1e-048263cab367.jpg 1024w\" sizes=\"auto, (max-width: 300px) 100vw, 300px\" \/><\/a>BELLUNO<\/strong> <em>\u201cQuello che riportano in questi giorni le cronache locali della citt\u00e0 capoluogo ha tutto il sapore di uno stillicidio di opportunit\u00e0 perse, rinunce e mancanze su cui \u00e8 necessario riflettere a fondo, ma soprattutto intervenire in tempi rapidi con un deciso cambio di passo\u201d. <\/em>Non usa mezzi termini il coordinatore provinciale di Forza Italia Dario Scopel nel commentare quanto sta accadendo nelle ultime settimane all\u2019ombra del Serva, dove si assiste quasi quotidianamente ad un progressivo depauperamento dell\u2019offerta a favore di residenti e visitatori. L\u2019ultima \u201ctegola\u201d caduta proprio in queste ore su Palazzo Rosso arriva dalla Pallavolo Belluno maschile, che per voce del suo presidente, Sandro Da Rold, lamenta quasi incredula l\u2019impossibilit\u00e0 di trovare in citt\u00e0 una struttura sportiva adeguata e disponibile ad ospitare le proprie partite casalinghe dopo il passaggio in A3, con il rischio concreto di dover \u201cemigrare\u201d nel palazzetto di qualche comune contermine. Il coordinatore provinciale di Forza Italia guarda a questo punto decisamente avanti, ovvero alla scadenza amministrativa del prossimo anno. <em>\u201cInutile adesso cercare di chiudere la stalla quando i buoi se ne sono oramai andati; siamo ad agosto e non c\u2019\u00e8 pi\u00f9 tempo per recuperare, quanto meno per la stagione stiva. E\u2019 sotto gli occhi di tutti che l\u2019attuale Amministrazione ha perso ogni forza propulsiva e propositiva; la citt\u00e0 ha urgente bisogno di voltare pagina e cambiare marcia per riappropriarsi di quel ruolo di capoluogo non solo provinciale, ma anche di area alpina, che le compete e a cui deve assolvere<\/em>. Forza Italia e i partner di centrodestra sono gi\u00e0 al lavoro per questo, sulla base di un programma ambizioso, ma realistico che partir\u00e0 proprio dal ruolo e dalla centralit\u00e0 di Belluno<\/p>\n<p><strong>DARIO SCOPEL<\/strong><\/p>\n<audio class=\"wp-audio-shortcode\" id=\"audio-226175-1\" preload=\"none\" style=\"width: 100%;\" controls=\"controls\"><source type=\"audio\/mpeg\" src=\"https:\/\/www.radiopiu.net\/wordpress\/wp-content\/uploads\/2021\/08\/SCOPEL.mp3?_=1\" \/><a href=\"https:\/\/www.radiopiu.net\/wordpress\/wp-content\/uploads\/2021\/08\/SCOPEL.mp3\">https:\/\/www.radiopiu.net\/wordpress\/wp-content\/uploads\/2021\/08\/SCOPEL.mp3<\/a><\/audio>\n<p>&nbsp;<\/p>\n<p>&nbsp;<\/p>\n<p>&nbsp;<\/p>\n<blockquote>\n<h3>A BELLUNO MANCANO GLI IMPIANTI E LA PALLAVOLO BELLUNO E&#8217; COSTRETTA AD EMIGRARE<\/h3>\n<\/blockquote>\n<p><strong><a href=\"https:\/\/www.radiopiu.net\/wordpress\/giornale-radiopiu-05-agosto-2021-direttore-mirko-mezzacasa\/sandro_da_rold\/\" rel=\"attachment wp-att-225995\"><img loading=\"lazy\" decoding=\"async\" class=\"size-medium wp-image-225995 alignleft\" src=\"https:\/\/www.radiopiu.net\/wordpress\/wp-content\/uploads\/2021\/08\/Sandro_Da_Rold-300x208.jpg\" alt=\"\" width=\"300\" height=\"208\" srcset=\"https:\/\/www.radiopiu.net\/wordpress\/wp-content\/uploads\/2021\/08\/Sandro_Da_Rold-300x208.jpg 300w, https:\/\/www.radiopiu.net\/wordpress\/wp-content\/uploads\/2021\/08\/Sandro_Da_Rold-1024x709.jpg 1024w, https:\/\/www.radiopiu.net\/wordpress\/wp-content\/uploads\/2021\/08\/Sandro_Da_Rold-768x532.jpg 768w, https:\/\/www.radiopiu.net\/wordpress\/wp-content\/uploads\/2021\/08\/Sandro_Da_Rold.jpg 1093w\" sizes=\"auto, (max-width: 300px) 100vw, 300px\" \/><\/a>BELLUNO <\/strong>\u00ab<em>Nel capoluogo non riusciamo a trovare un impianto in cui poterci allenare durante la settimana. \u00c8 inaccettabile<\/em>\u00bb. A tuonare \u00e8 Sandro Da Rold, il presidente della Pallavolo Belluno maschile.\u00a0 Dopo il passaggio in Serie A3, serve una struttura in grado di ospitare un taraflex con misure regolamentari. In altri termini, \u00e8 necessario avere spazi pi\u00f9 ampi rispetto al De Mas. E la soluzione a portata di mano \u00e8 quella della Spes Arena, dove nella stagione 2011-2012 erano gi\u00e0 andate in scena le partite della massima serie con la Sisley protagonista.\u00a0 Peccato che il palazzetto di Lambioi non sia mai a disposizione, a parte la domenica (alle ore 18) per le gare casalinghe di campionato: \u00ab<em>Abbiamo compiuto degli sforzi significativi per salire di categoria e regalare alla citt\u00e0 e al territorio un palcoscenico di prestigio. Essere in A significa avere un ritorno mediatico di un certo rilievo, se \u00e8 vero che ogni match verr\u00e0 trasmesso in diretta attraverso i canali ufficiali della Lega Volley. Significa, in sostanza, portare il nome di Belluno in tutta Italia, o quasi. Ma le istituzioni e coloro che gestiscono gli impianti del capoluogo non sembrano avere particolarmente a cuore la questione. Tanto \u00e8 vero che, fino a oggi, abbiamo trovato solo porte sbarrate<\/em>\u00bb.\u00a0 Da Rold allarga i confini del suo ragionamento: \u00abI<em>n una zona di montagna come la nostra, \u00e8 doveroso offrire ai giovani delle opportunit\u00e0 concrete per arricchire di contenuti e stimoli il loro tempo libero. Su questo siamo tutti d\u2019accordo? Bene, allora non esiste un\u2019opportunit\u00e0 migliore dello sport. Una squadra in Serie A3 pu\u00f2 creare interesse, entusiasmo, fare da traino per l\u2019intero movimento sportivo provinciale. <\/em><em>Il paradosso \u00e8 che, al di fuori dei confini comunali, avremmo chi ci stende il tappeto rosso &#8211; conclude Sandro Da Rold -. In primis, Longarone. Ma siamo una compagine di Belluno e, prima di \u201cemigrare\u201d, vorremmo battere ogni strada possibile e capire per quale motivo, nella nostra citt\u00e0, non sia possibile preparare un campionato di alto livello. Altrove non \u00e8 cos\u00ec: le realt\u00e0 che vantano formazioni in Serie A hanno la loro \u201ccasa\u201d e la utilizzano a piacimento. Da noi, invece, ogni richiesta viene disattesa. Non vogliamo la luna: chiediamo solo di poterci allenare<\/em>\u00bb.<\/p>\n","protected":false},"excerpt":{"rendered":"<p>BELLUNO \u201cQuello che riportano in questi giorni le cronache locali della citt\u00e0 capoluogo ha tutto il sapore di uno stillicidio di opportunit\u00e0 perse, rinunce e mancanze su cui \u00e8 necessario riflettere a fondo, ma soprattutto intervenire in tempi rapidi con un deciso cambio di passo\u201d. Non usa mezzi termini il coordinatore provinciale di Forza Italia&hellip;<\/p>\n","protected":false},"author":4,"featured_media":210552,"comment_status":"closed","ping_status":"open","sticky":false,"template":"","format":"standard","meta":{"_monsterinsights_skip_tracking":false,"_monsterinsights_sitenote_active":false,"_monsterinsights_sitenote_note":"","_monsterinsights_sitenote_category":0,"footnotes":""},"categories":[49],"tags":[],"class_list":["post-226175","post","type-post","status-publish","format-standard","has-post-thumbnail","hentry","category-news-18","category-49","description-off"],"img_url":"https:\/\/www.radiopiu.net\/wordpress\/wp-content\/uploads\/2021\/05\/PONTE-VITTORIA-BELLUNO.jpg","_links":{"self":[{"href":"https:\/\/www.radiopiu.net\/wordpress\/wp-json\/wp\/v2\/posts\/226175","targetHints":{"allow":["GET"]}}],"collection":[{"href":"https:\/\/www.radiopiu.net\/wordpress\/wp-json\/wp\/v2\/posts"}],"about":[{"href":"https:\/\/www.radiopiu.net\/wordpress\/wp-json\/wp\/v2\/types\/post"}],"author":[{"embeddable":true,"href":"https:\/\/www.radiopiu.net\/wordpress\/wp-json\/wp\/v2\/users\/4"}],"replies":[{"embeddable":true,"href":"https:\/\/www.radiopiu.net\/wordpress\/wp-json\/wp\/v2\/comments?post=226175"}],"version-history":[{"count":0,"href":"https:\/\/www.radiopiu.net\/wordpress\/wp-json\/wp\/v2\/posts\/226175\/revisions"}],"wp:featuredmedia":[{"embeddable":true,"href":"https:\/\/www.radiopiu.net\/wordpress\/wp-json\/wp\/v2\/media\/210552"}],"wp:attachment":[{"href":"https:\/\/www.radiopiu.net\/wordpress\/wp-json\/wp\/v2\/media?parent=226175"}],"wp:term":[{"taxonomy":"category","embeddable":true,"href":"https:\/\/www.radiopiu.net\/wordpress\/wp-json\/wp\/v2\/categories?post=226175"},{"taxonomy":"post_tag","embeddable":true,"href":"https:\/\/www.radiopiu.net\/wordpress\/wp-json\/wp\/v2\/tags?post=226175"}],"curies":[{"name":"wp","href":"https:\/\/api.w.org\/{rel}","templated":true}]}}