{"id":226209,"date":"2021-08-05T10:13:18","date_gmt":"2021-08-05T08:13:18","guid":{"rendered":"https:\/\/www.radiopiu.net\/wordpress\/?p=226209"},"modified":"2021-08-05T10:13:18","modified_gmt":"2021-08-05T08:13:18","slug":"le-priorita-della-cisl-per-il-futuro-del-territorio-e-del-paese","status":"publish","type":"post","link":"https:\/\/www.radiopiu.net\/wordpress\/le-priorita-della-cisl-per-il-futuro-del-territorio-e-del-paese\/","title":{"rendered":"LE PRIORIT\u00c0 DELLA CISL PER IL FUTURO DEL TERRITORIO E DEL PAESE"},"content":{"rendered":"<p><a href=\"https:\/\/www.radiopiu.net\/wordpress\/cisl-belluno-treviso-deleghe-collegate-per-la-nuova-squadra\/massimiliano-paglini-2020-min\/\" rel=\"attachment wp-att-175135\"><img loading=\"lazy\" decoding=\"async\" class=\"wp-image-175135 size-medium alignleft\" src=\"https:\/\/www.radiopiu.net\/wordpress\/wp-content\/uploads\/2020\/11\/Massimiliano-Paglini-2020-min-300x225.jpg\" alt=\"\" width=\"300\" height=\"225\" srcset=\"https:\/\/www.radiopiu.net\/wordpress\/wp-content\/uploads\/2020\/11\/Massimiliano-Paglini-2020-min-300x225.jpg 300w, https:\/\/www.radiopiu.net\/wordpress\/wp-content\/uploads\/2020\/11\/Massimiliano-Paglini-2020-min-1024x768.jpg 1024w, https:\/\/www.radiopiu.net\/wordpress\/wp-content\/uploads\/2020\/11\/Massimiliano-Paglini-2020-min-768x576.jpg 768w, https:\/\/www.radiopiu.net\/wordpress\/wp-content\/uploads\/2020\/11\/Massimiliano-Paglini-2020-min-1536x1152.jpg 1536w, https:\/\/www.radiopiu.net\/wordpress\/wp-content\/uploads\/2020\/11\/Massimiliano-Paglini-2020-min-2048x1536.jpg 2048w\" sizes=\"auto, (max-width: 300px) 100vw, 300px\" \/><\/a><strong>BELLUNO<\/strong> Il segretario Generale della CISL Belluno Treviso Massimiliano Paglini fa il punto della situazione sul lavoro in provincia ma non solo. Lo fa con una lettera aperta toccando tutti gli argomenti, dalla ripresa alla crisi ACC e Ideal.<\/p>\n<blockquote><p><strong>IL COMUNICATO<\/strong><\/p>\n<p><em>\u00c8 un agosto di incertezze quello che ci attende. Un mese da sempre segnato dalla pausa delle ferie, che da un lato coincidono con il rallentamento delle attivit\u00e0 produttive industriali, dall\u2019altro con il clou della stagione nelle localit\u00e0 turistiche. Le fragilit\u00e0 del sistema messe a nudo dalla pandemia sono oggi ancora pi\u00f9 evidenti, cos\u00ec come \u00e8 chiara la necessit\u00e0 di un cambiamento di mentalit\u00e0 per affrontarle. Settembre sar\u00e0 un mese cruciale, che potr\u00e0 segnare il graduale ritorno alla normalit\u00e0 e il consolidamento dei confortanti risultati economici che si stanno registrando negli ultimi mesi anche nelle province di Treviso e Belluno. Saranno mesi cruciali anche per le due crisi pi\u00f9 rilevanti oggi presenti sui nostri territori, Acc e Ideal, paradigma di come lassismo progettuale combinato a scarsa incisivit\u00e0 politica e assenza di strategia industriale di lungo e largo respiro &#8211; oltre che mancato sviluppo del territorio &#8211; rischiano di far deflagrare una bomba sociale nel raggio di pochi chilometri nel comune di Borgovalbelluna. Serve urgentemente una riposta corale di tutti i portatori di interessi per far ripartire le attivit\u00e0 di queste due storiche aziende bellunesi. Ma la ripresa dovr\u00e0 necessariamente passare attraverso il completamento della campagna vaccinale ed essere supportata da comportamenti responsabili e prudenti da parte di tutti. Sull\u2019obbligo di Green Pass per i lavoratori, va detto che noi siamo favorevoli al rigoroso rispetto delle norme sulla sicurezza e la prevenzione dei rischi nei luoghi di lavoro, come stabilisce il Decreto Legislativo 81\/2008 e le norme correlate. Inoltre, in molte aziende abbiamo definito protocolli ad hoc per gestire la pandemia. Quindi non servono altre regole: per gestire la prevenzione e tutelare la sicurezza le norme ci sono gi\u00e0, basta applicarle e soprattutto farle rispettare. Tutelare la salute e la sicurezza nei luoghi di lavoro significa difendere il ciclo produttivo e quindi il buon funzionamento delle aziende e degli uffici pubblici. Se necessario, la Cisl \u00e8 pronta a ripetere l\u2019esperienza importante dei Protocolli firmati durante l\u2019emergenza pandemica dello scorso anno, che garantirono il funzionamento delle fabbriche e ridussero al minimo i rischi per i lavoratori. Se invece gli imprenditori vogliono fare da soli, sappiano che pretenderemo il rigoroso rispetto delle norme richiamate. E questo vale per il rischio Covid, cos\u00ec come per tutti i rischi in materia di sicurezza sul lavoro, che dev\u2019essere la priorit\u00e0 sempre, non solo per qualche giorno, quando si verificano le tragedie. Troppi gli incidenti mortali che hanno funestato questi mesi: saremo fermi nel pretendere che il tema della sicurezza sia rubricato in cima alle priorit\u00e0 di tutte le agende di tutti i datori di lavoro. Far radicare fino in fondo la ripresa dell\u2019Italia e dei territori significa anche progettare e costruire collegialmente il programma di investimenti per il PNRR, con un impegno comune che riguardi tutti i soggetti coinvolti nella ricostruzione post pandemica. Speriamo di non dover assistere alla solita saga delle buone intenzioni e poi ognuno per s\u00e9. Il mondo del lavoro deve rimettere al centro le politiche attive reali, investendo pesantemente sulla formazione, a partire dalle competenze trasversali che vanno sviluppate gi\u00e0 dai primi anni di scuola, e sulla riqualificazione dei lavoratori in uscita dai settori in crisi. A fine agosto non si verificher\u00e0 il classico rientro dalle ferie come accadeva negli anni Settanta: oggi ci troviamo all\u2019interno di un ciclo produttivo globale in continuum. Le filiere globali del valore impongono il ciclo continuo della produzione e ci\u00f2 diventer\u00e0 sempre pi\u00f9 pervasivo. Non a caso, anche nei nostri territori, ci sono diverse aziende che non hanno mai chiuso e che non si fermeranno neppure in agosto, proprio per soddisfare le molte commesse arrivate in questo periodo. Si sta verificando una grande turnazione di massa in cui la produzione &#8211; e quindi il lavoro &#8211; \u00e8 sempre pi\u00f9 parcellizzata e destrutturata. Oggi \u00e8 fondamentale comprendere come riuscire a collocarsi all\u2019interno di queste filiere globali per difendere il lavoro e l\u2019occupazione. La politica, anzich\u00e9 occuparsi di minuterie, dovrebbe pensare a mettere in campo strategie industriali e politiche energetiche, per rendere il Paese competitivo e attrattivo per gli investitori. \u00c8 questa l\u2019unica strada da imboccare per difendere e rafforzare il welfare state e riprendere seriamente il cammino della crescita. Noi, come Organizzazione Sindacale, siamo pronti a lavorare con tutti se la volont\u00e0 sar\u00e0 quella di costruire e consolidare crescita e tutele sociali. Per la Cisl l\u2019autunno coincider\u00e0 con l\u2019apertura della stagione congressuale, che si concluder\u00e0 a maggio 2022 con il Congresso Confederale. Sar\u00e0 una grande occasione per analizzare ed elaborare la Cisl del futuro con piedi saldamente ancorati ai valori fondativi della solidariet\u00e0 e della inclusione sociale. Non abbiamo mai fatto mancare il nostro contributo nei passaggi chiave della vita del Paese, continueremo a farlo anche in questa fase delicata di uscita dalla pandemia.<\/em><\/p>\n<p><em><strong>Massimiliano Paglini<\/strong><\/em><\/p>\n<p><em><strong>Segretario Generale Cisl Belluno Treviso<\/strong><\/em><\/p><\/blockquote>\n<p>&nbsp;<\/p>\n<p>&nbsp;<\/p>\n<p>&nbsp;<\/p>\n<p>*****<\/p>\n","protected":false},"excerpt":{"rendered":"<p>BELLUNO Il segretario Generale della CISL Belluno Treviso Massimiliano Paglini fa il punto della situazione sul lavoro in provincia ma non solo. Lo fa con una lettera aperta toccando tutti gli argomenti, dalla ripresa alla crisi ACC e Ideal. IL COMUNICATO \u00c8 un agosto di incertezze quello che ci attende. Un mese da sempre segnato&hellip;<\/p>\n","protected":false},"author":4,"featured_media":175135,"comment_status":"closed","ping_status":"open","sticky":false,"template":"","format":"standard","meta":{"_monsterinsights_skip_tracking":false,"_monsterinsights_sitenote_active":false,"_monsterinsights_sitenote_note":"","_monsterinsights_sitenote_category":0,"footnotes":""},"categories":[49],"tags":[],"class_list":["post-226209","post","type-post","status-publish","format-standard","has-post-thumbnail","hentry","category-news-18","category-49","description-off"],"img_url":"https:\/\/www.radiopiu.net\/wordpress\/wp-content\/uploads\/2020\/11\/Massimiliano-Paglini-2020-min-scaled.jpg","_links":{"self":[{"href":"https:\/\/www.radiopiu.net\/wordpress\/wp-json\/wp\/v2\/posts\/226209","targetHints":{"allow":["GET"]}}],"collection":[{"href":"https:\/\/www.radiopiu.net\/wordpress\/wp-json\/wp\/v2\/posts"}],"about":[{"href":"https:\/\/www.radiopiu.net\/wordpress\/wp-json\/wp\/v2\/types\/post"}],"author":[{"embeddable":true,"href":"https:\/\/www.radiopiu.net\/wordpress\/wp-json\/wp\/v2\/users\/4"}],"replies":[{"embeddable":true,"href":"https:\/\/www.radiopiu.net\/wordpress\/wp-json\/wp\/v2\/comments?post=226209"}],"version-history":[{"count":0,"href":"https:\/\/www.radiopiu.net\/wordpress\/wp-json\/wp\/v2\/posts\/226209\/revisions"}],"wp:featuredmedia":[{"embeddable":true,"href":"https:\/\/www.radiopiu.net\/wordpress\/wp-json\/wp\/v2\/media\/175135"}],"wp:attachment":[{"href":"https:\/\/www.radiopiu.net\/wordpress\/wp-json\/wp\/v2\/media?parent=226209"}],"wp:term":[{"taxonomy":"category","embeddable":true,"href":"https:\/\/www.radiopiu.net\/wordpress\/wp-json\/wp\/v2\/categories?post=226209"},{"taxonomy":"post_tag","embeddable":true,"href":"https:\/\/www.radiopiu.net\/wordpress\/wp-json\/wp\/v2\/tags?post=226209"}],"curies":[{"name":"wp","href":"https:\/\/api.w.org\/{rel}","templated":true}]}}