{"id":226238,"date":"2021-08-05T15:02:01","date_gmt":"2021-08-05T13:02:01","guid":{"rendered":"https:\/\/www.radiopiu.net\/wordpress\/?p=226238"},"modified":"2021-08-05T15:02:01","modified_gmt":"2021-08-05T13:02:01","slug":"montagna-dinca-ristori-per-gli-impianti-a-fune-saranno-erogati-in-tempi-brevi","status":"publish","type":"post","link":"https:\/\/www.radiopiu.net\/wordpress\/montagna-dinca-ristori-per-gli-impianti-a-fune-saranno-erogati-in-tempi-brevi\/","title":{"rendered":"MONTAGNA, D&#8217;INCA&#8217; &#8220;RISTORI PER GLI IMPIANTI A FUNE SARANNO EROGATI IN TEMPI BREVI&#8221;"},"content":{"rendered":"<p><b><a href=\"https:\/\/www.radiopiu.net\/wordpress\/giornale-radiopiu-28-marzo-2021-direttore-mirko-mezzacasa\/ministrodinca_direttivo_abm\/\" rel=\"attachment wp-att-199592\"><img loading=\"lazy\" decoding=\"async\" class=\"size-medium wp-image-199592 alignleft\" src=\"https:\/\/www.radiopiu.net\/wordpress\/wp-content\/uploads\/2021\/03\/ministrodinca_direttivo_abm-300x169.png\" alt=\"\" width=\"300\" height=\"169\" srcset=\"https:\/\/www.radiopiu.net\/wordpress\/wp-content\/uploads\/2021\/03\/ministrodinca_direttivo_abm-300x169.png 300w, https:\/\/www.radiopiu.net\/wordpress\/wp-content\/uploads\/2021\/03\/ministrodinca_direttivo_abm-1024x576.png 1024w, https:\/\/www.radiopiu.net\/wordpress\/wp-content\/uploads\/2021\/03\/ministrodinca_direttivo_abm-768x432.png 768w, https:\/\/www.radiopiu.net\/wordpress\/wp-content\/uploads\/2021\/03\/ministrodinca_direttivo_abm-1536x864.png 1536w, https:\/\/www.radiopiu.net\/wordpress\/wp-content\/uploads\/2021\/03\/ministrodinca_direttivo_abm.png 1920w\" sizes=\"auto, (max-width: 300px) 100vw, 300px\" \/><\/a>ROMA <\/b><em>\u201cGli aiuti previsti dal Governo e approvati dalla Commissione Europea, dedicati agli impianti a fune, saranno erogati in tempi brevi: mi sono relazionato con il Ministro del Turismo Massimo Garavaglia che mi ha confermato la rapidit\u00e0 dell\u2019iter. Il decreto \u00e8 stato firmato dal Ministero del Turismo e in queste ore \u00e8 prossimo ad essere validato anche dal Ministero dell\u2019Economia e Finanze: mancheranno solo i passaggi alla Corte dei Conti e alla Ragioneria dello Stato e le risorse saranno finalmente erogate\u201d<\/em>. Lo comunica Federico D\u2019Inc\u00e0, Ministro per i Rapporti con il Parlamento, in merito ai ristori previsti per gli esercenti degli impianti di risalita a fune. \u201c<em>Ho fin da subito compreso le difficolt\u00e0 dei gestori degli impianti e di tutti gli operatori del turismo invernale e per questo motivo, in occasione delle restrizioni imposte dalla pandemia, ho portato le istanze del settore al Consiglio dei Ministri, relazionandomi anche con l\u2019Anef e con i maestri di sci \u2013 prosegue D\u2019Inc\u00e0, che aggiunge &#8211; : gi\u00e0 con il Governo Conte II si \u00e8 infatti lavorato per gli adeguati ristori che si sono poi concretizzati nel primo decreto Sostegni, con il fondo da 700 milioni per il comparto invernale, di cui 430 riservati agli impiantisti. Un fondo aumentato di ulteriori 100 milioni grazie al decreto Sostegni bis\u201d. \u201c\u00c8 stata una stagione molto difficile, ma ci auguriamo che grazie alla campagna di vaccinazione e alle risorse messe in campo questo periodo possa essere superato. La montagna rimarr\u00e0 centrale nelle politiche del Governo, grazie anche al Pnrr che permetter\u00e0 di migliorare e incentivare i nostri territori, con servizi, infrastrutture e una nuova visione turistica per diventare protagonista e ed esprimere al meglio tutti i propri valori \u2013 conclude il Ministro per i Rapporti con il Parlamento\u201d.\u00a0<\/em><\/p>\n","protected":false},"excerpt":{"rendered":"<p>ROMA \u201cGli aiuti previsti dal Governo e approvati dalla Commissione Europea, dedicati agli impianti a fune, saranno erogati in tempi brevi: mi sono relazionato con il Ministro del Turismo Massimo Garavaglia che mi ha confermato la rapidit\u00e0 dell\u2019iter. Il decreto \u00e8 stato firmato dal Ministero del Turismo e in queste ore \u00e8 prossimo ad essere&hellip;<\/p>\n","protected":false},"author":4,"featured_media":190918,"comment_status":"closed","ping_status":"open","sticky":false,"template":"","format":"standard","meta":{"_monsterinsights_skip_tracking":false,"_monsterinsights_sitenote_active":false,"_monsterinsights_sitenote_note":"","_monsterinsights_sitenote_category":0,"footnotes":""},"categories":[51,49],"tags":[],"class_list":["post-226238","post","type-post","status-publish","format-standard","has-post-thumbnail","hentry","category-evidenza-top","category-news-18","category-51","category-49","description-off"],"img_url":"https:\/\/www.radiopiu.net\/wordpress\/wp-content\/uploads\/2021\/02\/dinca.jpg","_links":{"self":[{"href":"https:\/\/www.radiopiu.net\/wordpress\/wp-json\/wp\/v2\/posts\/226238","targetHints":{"allow":["GET"]}}],"collection":[{"href":"https:\/\/www.radiopiu.net\/wordpress\/wp-json\/wp\/v2\/posts"}],"about":[{"href":"https:\/\/www.radiopiu.net\/wordpress\/wp-json\/wp\/v2\/types\/post"}],"author":[{"embeddable":true,"href":"https:\/\/www.radiopiu.net\/wordpress\/wp-json\/wp\/v2\/users\/4"}],"replies":[{"embeddable":true,"href":"https:\/\/www.radiopiu.net\/wordpress\/wp-json\/wp\/v2\/comments?post=226238"}],"version-history":[{"count":0,"href":"https:\/\/www.radiopiu.net\/wordpress\/wp-json\/wp\/v2\/posts\/226238\/revisions"}],"wp:featuredmedia":[{"embeddable":true,"href":"https:\/\/www.radiopiu.net\/wordpress\/wp-json\/wp\/v2\/media\/190918"}],"wp:attachment":[{"href":"https:\/\/www.radiopiu.net\/wordpress\/wp-json\/wp\/v2\/media?parent=226238"}],"wp:term":[{"taxonomy":"category","embeddable":true,"href":"https:\/\/www.radiopiu.net\/wordpress\/wp-json\/wp\/v2\/categories?post=226238"},{"taxonomy":"post_tag","embeddable":true,"href":"https:\/\/www.radiopiu.net\/wordpress\/wp-json\/wp\/v2\/tags?post=226238"}],"curies":[{"name":"wp","href":"https:\/\/api.w.org\/{rel}","templated":true}]}}