{"id":226277,"date":"2021-08-06T05:27:38","date_gmt":"2021-08-06T03:27:38","guid":{"rendered":"https:\/\/www.radiopiu.net\/wordpress\/?p=226277"},"modified":"2021-08-06T05:37:22","modified_gmt":"2021-08-06T03:37:22","slug":"recuperato-escursionista-a-col-druscie","status":"publish","type":"post","link":"https:\/\/www.radiopiu.net\/wordpress\/recuperato-escursionista-a-col-druscie\/","title":{"rendered":"RECUPERATO ESCURSIONISTA A COL DRUSCI\u00c8"},"content":{"rendered":"<p><strong>CORTINA\u00a0<\/strong>Poco prima delle 13 \u00e8 scattato l&#8217;allarme per un escursionista infortunatosi a Col Drusci\u00e8. Allertato il Soccorso alpino di Cortina, sul posto si \u00e8 recata una squadra del Sagf che ha recuperato S.F., 61 anni, milanese, che si trovava con la moglie, e lo ha accompagnato all&#8217;ospedale.<\/p>\n<p>&nbsp;<\/p>\n<p>&nbsp;<\/p>\n<p>&nbsp;<\/p>\n<p>****<\/p>\n","protected":false},"excerpt":{"rendered":"<p>CORTINA\u00a0Poco prima delle 13 \u00e8 scattato l&#8217;allarme per un escursionista infortunatosi a Col Drusci\u00e8. Allertato il Soccorso alpino di Cortina, sul posto si \u00e8 recata una squadra del Sagf che ha recuperato S.F., 61 anni, milanese, che si trovava con la moglie, e lo ha accompagnato all&#8217;ospedale. &nbsp; &nbsp; &nbsp; ****<\/p>\n","protected":false},"author":4,"featured_media":213600,"comment_status":"closed","ping_status":"open","sticky":false,"template":"","format":"standard","meta":{"_monsterinsights_skip_tracking":false,"_monsterinsights_sitenote_active":false,"_monsterinsights_sitenote_note":"","_monsterinsights_sitenote_category":0,"footnotes":""},"categories":[51,49],"tags":[],"class_list":["post-226277","post","type-post","status-publish","format-standard","has-post-thumbnail","hentry","category-evidenza-top","category-news-18","category-51","category-49","description-off"],"img_url":"https:\/\/www.radiopiu.net\/wordpress\/wp-content\/uploads\/2021\/06\/salt_20210602_212607_146.jpg","_links":{"self":[{"href":"https:\/\/www.radiopiu.net\/wordpress\/wp-json\/wp\/v2\/posts\/226277","targetHints":{"allow":["GET"]}}],"collection":[{"href":"https:\/\/www.radiopiu.net\/wordpress\/wp-json\/wp\/v2\/posts"}],"about":[{"href":"https:\/\/www.radiopiu.net\/wordpress\/wp-json\/wp\/v2\/types\/post"}],"author":[{"embeddable":true,"href":"https:\/\/www.radiopiu.net\/wordpress\/wp-json\/wp\/v2\/users\/4"}],"replies":[{"embeddable":true,"href":"https:\/\/www.radiopiu.net\/wordpress\/wp-json\/wp\/v2\/comments?post=226277"}],"version-history":[{"count":0,"href":"https:\/\/www.radiopiu.net\/wordpress\/wp-json\/wp\/v2\/posts\/226277\/revisions"}],"wp:featuredmedia":[{"embeddable":true,"href":"https:\/\/www.radiopiu.net\/wordpress\/wp-json\/wp\/v2\/media\/213600"}],"wp:attachment":[{"href":"https:\/\/www.radiopiu.net\/wordpress\/wp-json\/wp\/v2\/media?parent=226277"}],"wp:term":[{"taxonomy":"category","embeddable":true,"href":"https:\/\/www.radiopiu.net\/wordpress\/wp-json\/wp\/v2\/categories?post=226277"},{"taxonomy":"post_tag","embeddable":true,"href":"https:\/\/www.radiopiu.net\/wordpress\/wp-json\/wp\/v2\/tags?post=226277"}],"curies":[{"name":"wp","href":"https:\/\/api.w.org\/{rel}","templated":true}]}}