{"id":226402,"date":"2021-08-07T05:28:28","date_gmt":"2021-08-07T03:28:28","guid":{"rendered":"https:\/\/www.radiopiu.net\/wordpress\/?p=226402"},"modified":"2021-08-07T05:37:41","modified_gmt":"2021-08-07T03:37:41","slug":"falso-allarme-alle-tre-cime-bimba-ferita-a-cortina-donna-cade-in-mtb-a-passo-campolongo","status":"publish","type":"post","link":"https:\/\/www.radiopiu.net\/wordpress\/falso-allarme-alle-tre-cime-bimba-ferita-a-cortina-donna-cade-in-mtb-a-passo-campolongo\/","title":{"rendered":"FALSO ALLARME ALLE TRE CIME, BIMBA FERITA A CORTINA, DONNA CADE IN MTB A PASSO CAMPOLONGO"},"content":{"rendered":"<p><strong><img loading=\"lazy\" decoding=\"async\" class=\"alignleft\" src=\"https:\/\/www.radiopiu.net\/wordpress\/wp-content\/uploads\/2021\/03\/salt_20210306_130646_349.jpg\" width=\"228\" height=\"171\" \/>AURONZO<\/strong> Un escursionista straniero che si trovava a ovest del Rifugio Auronzo, sotto le Tre Cime di Lavaredo, aveva visto dei segnali luminosi e prolungati nella zona dei Cadini di Misurina e temeva potesse trattarsi di una richiesta di aiuto. In contatto telefonico con gli operatori, l&#8217;uomo ha specificato che, salito in cresta per fare delle foto, aveva notato i segnali. Dopo aver attivato il Soccorso alpino di Auronzo, una squadra del Sagf ha raggiunto l&#8217;escursionista sul posto e ha verificato ancora la presenza delle luci a est della Torre Wundt. L&#8217;elicottero del Suem di Pieve di Cadore, arrivato per effettuare un sopralluogo, non ha per\u00f2 riscontrato niente di anomalo.<\/p>\n<p><strong>CORTINA<\/strong> Una squadra del Soccorso alpino di Cortina \u00e8 intervenuta lungo la pista A del Col Drusci\u00e8, dove una bimba di 7 anni di Bologna si \u00e8\u00a0 fatta male a una gamba. La bambina \u00e8 stata trasportata all&#8217;ospedale di Cortina.<\/p>\n<p><strong>LIVINALLONGO<\/strong>\u00a0 A Passo Campolongo una ciclista \u00e8 caduta dalla propria mountain bike, mentre stava percorrendo con un&#8217;altra persona il sentiero numero 3. Raggiunta nel bosco da quattro soccorritori, che le hanno prestato le prime cure per un sospetto trauma al ginocchio, A.F., 45 anni, di Verona, \u00e8 stata caricata in barella e trasportata a spalla per 500 metri, fino all&#8217;ambulanza partita in direzione dell&#8217;ospedale di Brunico.<\/p>\n","protected":false},"excerpt":{"rendered":"<p>AURONZO Un escursionista straniero che si trovava a ovest del Rifugio Auronzo, sotto le Tre Cime di Lavaredo, aveva visto dei segnali luminosi e prolungati nella zona dei Cadini di Misurina e temeva potesse trattarsi di una richiesta di aiuto. In contatto telefonico con gli operatori, l&#8217;uomo ha specificato che, salito in cresta per fare&hellip;<\/p>\n","protected":false},"author":4,"featured_media":195493,"comment_status":"closed","ping_status":"open","sticky":false,"template":"","format":"standard","meta":{"_monsterinsights_skip_tracking":false,"_monsterinsights_sitenote_active":false,"_monsterinsights_sitenote_note":"","_monsterinsights_sitenote_category":0,"footnotes":""},"categories":[51,49],"tags":[],"class_list":["post-226402","post","type-post","status-publish","format-standard","has-post-thumbnail","hentry","category-evidenza-top","category-news-18","category-51","category-49","description-off"],"img_url":"https:\/\/www.radiopiu.net\/wordpress\/wp-content\/uploads\/2021\/03\/salt_20210306_130646_349.jpg","_links":{"self":[{"href":"https:\/\/www.radiopiu.net\/wordpress\/wp-json\/wp\/v2\/posts\/226402","targetHints":{"allow":["GET"]}}],"collection":[{"href":"https:\/\/www.radiopiu.net\/wordpress\/wp-json\/wp\/v2\/posts"}],"about":[{"href":"https:\/\/www.radiopiu.net\/wordpress\/wp-json\/wp\/v2\/types\/post"}],"author":[{"embeddable":true,"href":"https:\/\/www.radiopiu.net\/wordpress\/wp-json\/wp\/v2\/users\/4"}],"replies":[{"embeddable":true,"href":"https:\/\/www.radiopiu.net\/wordpress\/wp-json\/wp\/v2\/comments?post=226402"}],"version-history":[{"count":0,"href":"https:\/\/www.radiopiu.net\/wordpress\/wp-json\/wp\/v2\/posts\/226402\/revisions"}],"wp:featuredmedia":[{"embeddable":true,"href":"https:\/\/www.radiopiu.net\/wordpress\/wp-json\/wp\/v2\/media\/195493"}],"wp:attachment":[{"href":"https:\/\/www.radiopiu.net\/wordpress\/wp-json\/wp\/v2\/media?parent=226402"}],"wp:term":[{"taxonomy":"category","embeddable":true,"href":"https:\/\/www.radiopiu.net\/wordpress\/wp-json\/wp\/v2\/categories?post=226402"},{"taxonomy":"post_tag","embeddable":true,"href":"https:\/\/www.radiopiu.net\/wordpress\/wp-json\/wp\/v2\/tags?post=226402"}],"curies":[{"name":"wp","href":"https:\/\/api.w.org\/{rel}","templated":true}]}}