{"id":226431,"date":"2021-08-07T05:22:49","date_gmt":"2021-08-07T03:22:49","guid":{"rendered":"https:\/\/www.radiopiu.net\/wordpress\/?p=226431"},"modified":"2021-08-07T05:40:25","modified_gmt":"2021-08-07T03:40:25","slug":"vogliamo-vedere-il-piano-industriale-bona-pronti-al-confronto","status":"publish","type":"post","link":"https:\/\/www.radiopiu.net\/wordpress\/vogliamo-vedere-il-piano-industriale-bona-pronti-al-confronto\/","title":{"rendered":"VOGLIAMO VEDERE IL PIANO INDUSTRIALE, BONA &#8220;PRONTI AL CONFRONTO&#8221;"},"content":{"rendered":"<h3>ACC: LA RIFLESSIONE DI STEFANO BONA, FIOM-CGIL<\/h3>\n<blockquote><p><em><a href=\"https:\/\/www.radiopiu.net\/wordpress\/acc-consegna-i-compressori-gesto-simbolico-dai-grandi-significati\/download-1114\/\" rel=\"attachment wp-att-197665\"><img loading=\"lazy\" decoding=\"async\" class=\" wp-image-197665 alignleft\" src=\"https:\/\/www.radiopiu.net\/wordpress\/wp-content\/uploads\/2021\/03\/download-2.jpg\" alt=\"\" width=\"252\" height=\"141\" \/><\/a>&#8220;Apprendiamo con vivo interesse, dall&#8217;intervista di Valter Taranzano ad un autorevole quotidiano economico che Nidec Global Appliance sta partecipando alla gara internazionale per l&#8217;acquisizione di Acc. Conosciamo bene Taranzano, che \u00e8 stato direttore dello stabilimento di Mel negli anni pi\u00f9 felici della gestione Zanussi e poi il primo capo azienda di Acc nella sfortunata stagione dei fondi. Condividiamo la strategia di ricostruzione e di rafforzamento delle piattaforme industriali Europee che ha esposto, come del resto anche da noi sostenuto nel recente convegno che la Fiom CGIL a promosso, riteniamo che Mel e Furstenfeld possano coabitare felicemente se entrambe verranno gestite come protagoniste di una strategia di forte incremento delle quote di mercato, per scalzare l&#8217;attuale primato di Jiaxipera. Vorremmo per\u00f2 vederci presentato un piano industriale nel quale siano garantiti gli investimenti significativi di cui Mel ha necessit\u00e0 nei quali sia prefigurato uno sviluppo a lungo termine anche delle risorse occupazionali. Siamo pronti come sindacato a confrontarci da subito a tutto campo con Nidec ed anche naturalmente allo stesso modo con gli altri eventuali partecipanti alla gara, conoscere le loro strategie e misurarci senza pregiudizi perch\u00e9 emerga la migliore soluzione per i lavoratori e per il loro futuro. Ora s\u00ec \u00e8 quanto mai urgente che il MiSE convochi un tavolo su Acc, deve, il Ministero dello sviluppo economico, scendere in campo con ogni strumento possibile, perch\u00e9 Mel si salva solo con un supporto adeguato in una logica di vera politica industriale&#8221;<\/em><\/p><\/blockquote>\n<p>&nbsp;<\/p>\n<blockquote>\n<h3>IL MINISTRO FEDERICO D&#8217;INCA&#8217; &#8220;ENTRO META&#8217; AGOSTO LA PRONUNCIA DELLA COMMISSIONE EUROPEA<\/h3>\n<\/blockquote>\n<p>&nbsp;<\/p>\n<p><strong>ROMA<\/strong>\u00a0 <em>\u201cEntro la met\u00e0 di agosto la Commissione Europea si pronuncer\u00e0 sul decreto interministeriale per attuare l\u2019articolo 37 del decreto Sostegni: confidiamo in un esito positivo della procedura, dopo il via libera della Corte dei Conti che si \u00e8 espressa favorevolmente lo scorso <a href=\"https:\/\/www.radiopiu.net\/wordpress\/giornale-radiopiu-23-aprile-2020-direttore-mirko-mezzacasa\/federico-dinca-3\/\" rel=\"attachment wp-att-132319\"><img loading=\"lazy\" decoding=\"async\" class=\" wp-image-132319 alignleft\" src=\"https:\/\/www.radiopiu.net\/wordpress\/wp-content\/uploads\/2020\/04\/FEDERICO-DINCA-237x300.png\" alt=\"\" width=\"135\" height=\"171\" srcset=\"https:\/\/www.radiopiu.net\/wordpress\/wp-content\/uploads\/2020\/04\/FEDERICO-DINCA-237x300.png 237w, https:\/\/www.radiopiu.net\/wordpress\/wp-content\/uploads\/2020\/04\/FEDERICO-DINCA-808x1024.png 808w, https:\/\/www.radiopiu.net\/wordpress\/wp-content\/uploads\/2020\/04\/FEDERICO-DINCA-768x973.png 768w, https:\/\/www.radiopiu.net\/wordpress\/wp-content\/uploads\/2020\/04\/FEDERICO-DINCA.png 1018w\" sizes=\"auto, (max-width: 135px) 100vw, 135px\" \/><\/a>24 luglio e in seguito alle precedenti tappe che hanno visto la firma del Mise e del Mef. In questo modo l\u2019Acc di Mel potr\u00e0 ottenere le linee di credito necessarie per la propria continuit\u00e0 produttiva\u201d. <\/em>Lo dichiara Federico D\u2019Inc\u00e0, Ministro per i Rapporti con il Parlamento.<\/p>\n<blockquote><p>\n\u201cAncora una volta bisogna agire in maniera compatta nell\u2019interesse dei dipendenti. In queste giornate ho seguito, seppur a distanza, il presidio dei sindacati di fronte alla Prefettura: a loro e agli oltre 300 lavoratori esprimo la mia vicinanza per avere difeso con determinazione e con grandissimi sacrifici lo stabilimento di Borgo Valbelluna. Ci auguriamo che l\u2019ultimo passaggio in sede europea possa finalmente ripagare tutti gli sforzi fatti, premiando sia i lavoratori, sia il percorso del Governo nei confronti delle imprese come Acc. Continuer\u00f2 a seguire con la massima attenzione questa vicenda, confermando il mio personale impegno e quello del Governo\u201d.<\/p><\/blockquote>\n<p>&nbsp;<\/p>\n<p>&nbsp;<\/p>\n<p>&nbsp;<\/p>\n","protected":false},"excerpt":{"rendered":"<p>ACC: LA RIFLESSIONE DI STEFANO BONA, FIOM-CGIL &#8220;Apprendiamo con vivo interesse, dall&#8217;intervista di Valter Taranzano ad un autorevole quotidiano economico che Nidec Global Appliance sta partecipando alla gara internazionale per l&#8217;acquisizione di Acc. Conosciamo bene Taranzano, che \u00e8 stato direttore dello stabilimento di Mel negli anni pi\u00f9 felici della gestione Zanussi e poi il primo&hellip;<\/p>\n","protected":false},"author":4,"featured_media":197665,"comment_status":"closed","ping_status":"open","sticky":false,"template":"","format":"standard","meta":{"_monsterinsights_skip_tracking":false,"_monsterinsights_sitenote_active":false,"_monsterinsights_sitenote_note":"","_monsterinsights_sitenote_category":0,"footnotes":""},"categories":[51,49],"tags":[],"class_list":["post-226431","post","type-post","status-publish","format-standard","has-post-thumbnail","hentry","category-evidenza-top","category-news-18","category-51","category-49","description-off"],"img_url":"https:\/\/www.radiopiu.net\/wordpress\/wp-content\/uploads\/2021\/03\/download-2.jpg","_links":{"self":[{"href":"https:\/\/www.radiopiu.net\/wordpress\/wp-json\/wp\/v2\/posts\/226431","targetHints":{"allow":["GET"]}}],"collection":[{"href":"https:\/\/www.radiopiu.net\/wordpress\/wp-json\/wp\/v2\/posts"}],"about":[{"href":"https:\/\/www.radiopiu.net\/wordpress\/wp-json\/wp\/v2\/types\/post"}],"author":[{"embeddable":true,"href":"https:\/\/www.radiopiu.net\/wordpress\/wp-json\/wp\/v2\/users\/4"}],"replies":[{"embeddable":true,"href":"https:\/\/www.radiopiu.net\/wordpress\/wp-json\/wp\/v2\/comments?post=226431"}],"version-history":[{"count":0,"href":"https:\/\/www.radiopiu.net\/wordpress\/wp-json\/wp\/v2\/posts\/226431\/revisions"}],"wp:featuredmedia":[{"embeddable":true,"href":"https:\/\/www.radiopiu.net\/wordpress\/wp-json\/wp\/v2\/media\/197665"}],"wp:attachment":[{"href":"https:\/\/www.radiopiu.net\/wordpress\/wp-json\/wp\/v2\/media?parent=226431"}],"wp:term":[{"taxonomy":"category","embeddable":true,"href":"https:\/\/www.radiopiu.net\/wordpress\/wp-json\/wp\/v2\/categories?post=226431"},{"taxonomy":"post_tag","embeddable":true,"href":"https:\/\/www.radiopiu.net\/wordpress\/wp-json\/wp\/v2\/tags?post=226431"}],"curies":[{"name":"wp","href":"https:\/\/api.w.org\/{rel}","templated":true}]}}