{"id":226433,"date":"2021-08-06T23:59:01","date_gmt":"2021-08-06T21:59:01","guid":{"rendered":"https:\/\/www.radiopiu.net\/wordpress\/?p=226433"},"modified":"2021-08-07T05:42:52","modified_gmt":"2021-08-07T03:42:52","slug":"da-belluno-ad-agordo-attraversando-sedico-di-renato-bona","status":"publish","type":"post","link":"https:\/\/www.radiopiu.net\/wordpress\/da-belluno-ad-agordo-attraversando-sedico-di-renato-bona\/","title":{"rendered":"\u201cDA BELLUNO AD AGORDO ATTRAVERSANDO SEDICO di  RENATO BONA"},"content":{"rendered":"<p>\u201d Siamo quasi in vista del traguardo per quanto concerne il \u201dviaggio\u201d che stiamo effettuando per conoscere \u201cLe ville nel paesaggio prealpino della Provincia di Belluno\u201d attraverso il purtroppo introvabile (ancora appelli a Palazzo Piloni perch\u00e9 valuti l\u2019ipotesi di una ristampa\u2026 n dr.) libro-guida con identico titolo, edito a cura di Paolo Conte e testi di Simonetta Chiovaro, dall\u2019ente Provincia con la milanese Edizioni Charta, stampato nel novembre 1997 da Leva spa di Sesto San Giovanni, splendide fotografie di Mauro De Santi, presentazione degli allora presidente della Provincia, Oscar De Bona, e dell\u2019assessora ai beni culturali Nicoletta Comar. La \u201ctappa\u201d di oggi, itinerario 8, ci porta \u201cDa Belluno ad Agordo attraversando Sedico\u201d proponendoci a Mier la Villa Corte; a Cugnach la Villa Miari; a Poi\u00e0n la villa Crotta; a Patt di Sedico la Villa De Manzoni; a Landris le ville Miari-Bentivoglio, Miari-Giacomini e Rudio; infine ad Agordo la villa Crotta-De Manzoni. Ci si muove su un percorso \u201cpaesaggisticamente molto vario, partendo dal territorio a nord-ovest di Belluno, in quella fascia ben definita compresa tra la strada statale ed il Parco nazionale delle Dolomiti Bellunesi, tra il torrente Ardo ed il torrente Cordevole\u201d. Oltre ad attraversare questo territorio ricco di storia, arte e patrimonio naturale ancora incontaminato, l\u2019itinerario pu\u00f2 essere completato da un lungo ma interessante viaggio fino alla citt\u00e0 di Agordo essendo proposta una sorta di percorso tematico dedicato alle alterne vicende ed alle conseguenti realizzazioni architettoniche delle due famiglie nobili Crotta e De Manzoni oltre, s\u2019intende, alle maggiori ville in territorio di Sedico, il comune pi\u00f9 orientale della Val Belluna. Si parte da Belluno percorrendo viale Europa in direzione di Feltre e subito, in corrispondenza della chiesa di san Gervasio, si devia verso Mier e dopo un chilometro si incontra la VILLA CORTE (O CARPENADA), del XVII secolo, che fu residenza estiva del vescovo Berlendis divenendo presto propriet\u00e0 della famiglia Corte. Dopo vari passaggi di propriet\u00e0 divenne preventorio e colonia estiva della citt\u00e0 di San Don\u00e0 di Piave. \u201cLa villa \u00e8 ancor oggi caratteristica per la sua facciata simmetrica con due timpani mentre al centro, un motivo appena accennato a finestre e balconi \u00e8 inquadrato in alto da due snelli camini\u201d. La Chiovaro ricorda che \u201cDel grande parco che circondava la villa rimane solo la rigogliosa carpineta \u2018vero tunnel di verde che sale alla villa\u2019, da cui deriva il nome \u2018carpenada\u2019 con cui l\u2019edificio \u00e8 popolarmente conosciuto\u201d. Proseguendo in direzione di Sois-Bes si giunge a Col di Cugn\u00e0ch dove sorge VILLA MIARI, XVII secolo, costruita proprio sulla cima della collina, garantendo un bellissimo panorama. Presenta una asimmetria di facciata ben mascherata: la parte verso occidente leggermente pi\u00f9 estesa e la spaziatura delle finestre perde la sua uniformit\u00e0 per lasciare posto ad un motivo di triplici aperture sovrapposte. La sala d\u2019ingresso venne decorata attorno al 1845-48 da Ippolito Caffi, reduce dal lungo viaggio in Egitto, Turchia e Grecia. Una grande carpineta porta alla vicina cappella dedicata a San Floriano. Imboccata la via Col del Vin si procede per Roe Basse e infine Roe Alte e Pojan \u201ctipica localit\u00e0 sorta attorno alla villa padronale, suggestiva perch\u00e9 conserva ancora intatte le sue caratteristiche di notevole qualit\u00e0\u201d dove si pu\u00f2 ammirare VILLA CROTTA, prima met\u00e0 del XVII secolo, il cui ingresso \u201c\u00e8 segnato da un grande portale ad arco definito da elementi in pietra molto precisi e proporzionati, che si congiunge alla cappella privata del complesso padronale. Varcato l\u2019arco si entra in una corte rettangolare su cui si prospetta una bella facciata dal caratteristico colore giallo ocra. Lasciata Pojan (la villa appartenne alla stessa famiglia proprietaria di Villa Crotta di Agordo) si deve puntare ai Patt di Sedico dove sar\u00e0 possibile visitare VILLA DE MANZONI, \u201cuna delle pi\u00f9 recenti ma anche tra le pi\u00f9 imponenti della provincia\u201d. L\u2019edificio, del XIX secolo, sorge sulla spianata in cima ad una collina dalla forma allungata. Verso il 1820 Giovanni Antonio De Manzoni compr\u00f2 la vasta tenuta dei Patt e qui nel 1835 si fece costruire una dimora degna delle fortune della famiglia. Per il progetto l\u2019incarico fu affidato al padovano architetto Giuseppe Jappelli, veneziano di nascita. Un sottolineatura per un fatto insolito: spicca la mole del corpo principale con la facciata orientata a sud a cui \u00e8 affiancata, verso ovest e molto arretrata, una lunga ala pi\u00f9 bassa. L\u2019ingresso attuale \u00e8 laterale. Il principale accesso agli ambienti interni \u00e8 sul retro, facciata nord. Va ricordato che alcune sale conservano affreschi di Pietro Paoletti e di Giovanni De Min, i pittori pi\u00f9 rinomati dell\u2019epoca. Riprendendo il cammino in direzione di Belluno si giunge a Landris dove ai piedi di un\u2019altura sorge VILLA MIARI-BENTIVOGLIO, del XXVIII secolo, probabile frutto della trasformazione di un precedete fabbricato rustico di cui restano le tracce nelle cantine e nella massiccia costruzione del granaio. L\u2019aspetto attuale risale al 1741 anno in cui il conte Miaro Miari fece costruire anche l\u2019antica chiesa di Sedico. Il salone della villa ed un piccolo ambiente adiacente furono decorati a tempera da Girolamo Moech tra il secondo ed il terzo decennio dell\u2019Ottocento. Landris annovera anche VILLA MIARI-GIACOMINI del XV secolo composta da un corpo principale su due piani con una modesta appendice ed un\u2019ala rustica (un tempo ricovero per le carrozze) che fa assumere al complesso uno schema ad \u201cL\u201d. E quindi VILLA RUDIO, fine del XVII secolo, che sorge sul punto pi\u00f9 alto e dominante della collina. La villa non ha n\u00e9 ha mai avuto un accesso carrabile. Alla ricca e complessa facciata principale fa riscontro la semplicissima facciata posteriore: il piano terra \u00e8 quasi completamente murato: si apre solo il portone centrale con le caratteristiche finestrelle quadrate ai fianchi. I tre piani superiori sono nettamente divisi e le finestre presentano una distribuzione asimmetrica. Conclusa la visita a Landris si va ad Agordo dove nella grande piazza si erge l\u2019articolata VILLA CROTTA-DE MANZONI, XVI-XVIII secolo, che si presenta con un doppio volto: a nord e ad est appare come un palazzo di citt\u00e0, perfettamente inserito nel contesto della piazza principale di Agordo, mentre verso sud si apre con forme e linee proprie della villa extraurbana su un grande parco-giardino. Vari gli edifici del complesso, collegati tra loro da un ampio ed imponente loggiato, Questo elemento &#8211; puntualizza la Chiovaro &#8211; costituito da due bracci posti ad \u201cL\u201d, definisce a sua volta un vasto cortile arricchito dalla grande fontana in pietra a pianta esagonale. La corte \u00e8 ricchissima di elementi decorativi realizzati in pietra sopra gli archi del portico. Infatti sono collocati quindici mascheroni, mentre tra gli archi pi\u00f9 piccoli della loggia sono poste ventinove piccole maschere. La tradizione vuole che esse rappresentino i volti di personaggi reali dell\u2019epoca trasmessi ai posteri in atteggiamento satirico. Il doppio ordine di arcate, infine, \u00e8 legato da un cornicione leggero in cotto.<\/p>\n\n\t\t\t<style type='text\/css'>\n\t\t\t\t#gallery-1 {\n\t\t\t\t\tmargin: auto;\n\t\t\t\t}\n\t\t\t\t#gallery-1 .gallery-item {\n\t\t\t\t\tfloat: left;\n\t\t\t\t\tmargin-top: 10px;\n\t\t\t\t\ttext-align: center;\n\t\t\t\t\twidth: 14%;\n\t\t\t\t}\n\t\t\t\t#gallery-1 img {\n\t\t\t\t\tborder: 2px solid #cfcfcf;\n\t\t\t\t}\n\t\t\t\t#gallery-1 .gallery-caption {\n\t\t\t\t\tmargin-left: 0;\n\t\t\t\t}\n\t\t\t\t\/* see gallery_shortcode() in wp-includes\/media.php *\/\n\t\t\t<\/style>\n\t\t<div id='gallery-1' class='dt-gallery-container gallery galleryid-226433 gallery-columns-7 gallery-size-thumbnail'><dl class='gallery-item'>\n\t\t\t\t<dt class='gallery-icon landscape'>\n\t\t\t\t\t<a class=\"rollover\" href='https:\/\/www.radiopiu.net\/wordpress\/da-belluno-ad-agordo-attraversando-sedico-di-renato-bona\/229941930_195844579187963_4574746555780530261_n\/'><img loading=\"lazy\" decoding=\"async\" width=\"150\" height=\"150\" src=\"https:\/\/www.radiopiu.net\/wordpress\/wp-content\/uploads\/2021\/08\/229941930_195844579187963_4574746555780530261_n-150x150.jpg\" class=\"attachment-thumbnail size-thumbnail\" alt=\"\" \/><\/a>\n\t\t\t\t<\/dt><\/dl><dl class='gallery-item'>\n\t\t\t\t<dt class='gallery-icon portrait'>\n\t\t\t\t\t<a class=\"rollover\" href='https:\/\/www.radiopiu.net\/wordpress\/da-belluno-ad-agordo-attraversando-sedico-di-renato-bona\/233732206_177784081083253_4880668960644292922_n\/'><img loading=\"lazy\" decoding=\"async\" width=\"150\" height=\"150\" src=\"https:\/\/www.radiopiu.net\/wordpress\/wp-content\/uploads\/2021\/08\/233732206_177784081083253_4880668960644292922_n-150x150.jpg\" class=\"attachment-thumbnail size-thumbnail\" alt=\"\" \/><\/a>\n\t\t\t\t<\/dt><\/dl><dl class='gallery-item'>\n\t\t\t\t<dt class='gallery-icon landscape'>\n\t\t\t\t\t<a class=\"rollover\" href='https:\/\/www.radiopiu.net\/wordpress\/da-belluno-ad-agordo-attraversando-sedico-di-renato-bona\/233629426_1035757213832539_3901885458224789020_n\/'><img loading=\"lazy\" decoding=\"async\" width=\"150\" height=\"150\" src=\"https:\/\/www.radiopiu.net\/wordpress\/wp-content\/uploads\/2021\/08\/233629426_1035757213832539_3901885458224789020_n-150x150.jpg\" class=\"attachment-thumbnail size-thumbnail\" alt=\"\" \/><\/a>\n\t\t\t\t<\/dt><\/dl><dl class='gallery-item'>\n\t\t\t\t<dt class='gallery-icon landscape'>\n\t\t\t\t\t<a class=\"rollover\" href='https:\/\/www.radiopiu.net\/wordpress\/da-belluno-ad-agordo-attraversando-sedico-di-renato-bona\/227779145_420242886007238_2078012111799384863_n\/'><img loading=\"lazy\" decoding=\"async\" width=\"150\" height=\"150\" src=\"https:\/\/www.radiopiu.net\/wordpress\/wp-content\/uploads\/2021\/08\/227779145_420242886007238_2078012111799384863_n-150x150.jpg\" class=\"attachment-thumbnail size-thumbnail\" alt=\"\" \/><\/a>\n\t\t\t\t<\/dt><\/dl><dl class='gallery-item'>\n\t\t\t\t<dt class='gallery-icon landscape'>\n\t\t\t\t\t<a class=\"rollover\" href='https:\/\/www.radiopiu.net\/wordpress\/da-belluno-ad-agordo-attraversando-sedico-di-renato-bona\/232708138_1653379041519473_2992827919674084521_n-2\/'><img loading=\"lazy\" decoding=\"async\" width=\"150\" height=\"150\" src=\"https:\/\/www.radiopiu.net\/wordpress\/wp-content\/uploads\/2021\/08\/232708138_1653379041519473_2992827919674084521_n-1-150x150.jpg\" class=\"attachment-thumbnail size-thumbnail\" alt=\"\" \/><\/a>\n\t\t\t\t<\/dt><\/dl><dl class='gallery-item'>\n\t\t\t\t<dt class='gallery-icon landscape'>\n\t\t\t\t\t<a class=\"rollover\" href='https:\/\/www.radiopiu.net\/wordpress\/da-belluno-ad-agordo-attraversando-sedico-di-renato-bona\/233185021_362928945360469_6179960247825085937_n\/'><img loading=\"lazy\" decoding=\"async\" width=\"150\" height=\"150\" src=\"https:\/\/www.radiopiu.net\/wordpress\/wp-content\/uploads\/2021\/08\/233185021_362928945360469_6179960247825085937_n-150x150.jpg\" class=\"attachment-thumbnail size-thumbnail\" alt=\"\" \/><\/a>\n\t\t\t\t<\/dt><\/dl><dl class='gallery-item'>\n\t\t\t\t<dt class='gallery-icon landscape'>\n\t\t\t\t\t<a class=\"rollover\" href='https:\/\/www.radiopiu.net\/wordpress\/da-belluno-ad-agordo-attraversando-sedico-di-renato-bona\/232643397_944538792793111_5756551534310135930_n\/'><img loading=\"lazy\" decoding=\"async\" width=\"150\" height=\"150\" src=\"https:\/\/www.radiopiu.net\/wordpress\/wp-content\/uploads\/2021\/08\/232643397_944538792793111_5756551534310135930_n-150x150.jpg\" class=\"attachment-thumbnail size-thumbnail\" alt=\"\" \/><\/a>\n\t\t\t\t<\/dt><\/dl><br style=\"clear: both\" \/><dl class='gallery-item'>\n\t\t\t\t<dt class='gallery-icon landscape'>\n\t\t\t\t\t<a class=\"rollover\" href='https:\/\/www.radiopiu.net\/wordpress\/da-belluno-ad-agordo-attraversando-sedico-di-renato-bona\/232345442_342725334232158_6197996531085436133_n-2\/'><img loading=\"lazy\" decoding=\"async\" width=\"150\" height=\"150\" src=\"https:\/\/www.radiopiu.net\/wordpress\/wp-content\/uploads\/2021\/08\/232345442_342725334232158_6197996531085436133_n-1-150x150.jpg\" class=\"attachment-thumbnail size-thumbnail\" alt=\"\" \/><\/a>\n\t\t\t\t<\/dt><\/dl><dl class='gallery-item'>\n\t\t\t\t<dt class='gallery-icon landscape'>\n\t\t\t\t\t<a class=\"rollover\" href='https:\/\/www.radiopiu.net\/wordpress\/da-belluno-ad-agordo-attraversando-sedico-di-renato-bona\/231767596_339029761246999_5470036932204492482_n\/'><img loading=\"lazy\" decoding=\"async\" width=\"150\" height=\"150\" src=\"https:\/\/www.radiopiu.net\/wordpress\/wp-content\/uploads\/2021\/08\/231767596_339029761246999_5470036932204492482_n-150x150.jpg\" class=\"attachment-thumbnail size-thumbnail\" alt=\"\" \/><\/a>\n\t\t\t\t<\/dt><\/dl><dl class='gallery-item'>\n\t\t\t\t<dt class='gallery-icon landscape'>\n\t\t\t\t\t<a class=\"rollover\" href='https:\/\/www.radiopiu.net\/wordpress\/da-belluno-ad-agordo-attraversando-sedico-di-renato-bona\/232565137_363710358440223_9085869257594045922_n\/'><img loading=\"lazy\" decoding=\"async\" width=\"150\" height=\"150\" src=\"https:\/\/www.radiopiu.net\/wordpress\/wp-content\/uploads\/2021\/08\/232565137_363710358440223_9085869257594045922_n-150x150.jpg\" class=\"attachment-thumbnail size-thumbnail\" alt=\"\" \/><\/a>\n\t\t\t\t<\/dt><\/dl><dl class='gallery-item'>\n\t\t\t\t<dt class='gallery-icon portrait'>\n\t\t\t\t\t<a class=\"rollover\" href='https:\/\/www.radiopiu.net\/wordpress\/da-belluno-ad-agordo-attraversando-sedico-di-renato-bona\/232517661_124852539767825_411852307889320261_n-2\/'><img loading=\"lazy\" decoding=\"async\" width=\"150\" height=\"150\" src=\"https:\/\/www.radiopiu.net\/wordpress\/wp-content\/uploads\/2021\/08\/232517661_124852539767825_411852307889320261_n-1-150x150.jpg\" class=\"attachment-thumbnail size-thumbnail\" alt=\"\" \/><\/a>\n\t\t\t\t<\/dt><\/dl><dl class='gallery-item'>\n\t\t\t\t<dt class='gallery-icon portrait'>\n\t\t\t\t\t<a class=\"rollover\" href='https:\/\/www.radiopiu.net\/wordpress\/da-belluno-ad-agordo-attraversando-sedico-di-renato-bona\/232396320_347920350268030_1972539933665791262_n-2\/'><img loading=\"lazy\" decoding=\"async\" width=\"150\" height=\"150\" src=\"https:\/\/www.radiopiu.net\/wordpress\/wp-content\/uploads\/2021\/08\/232396320_347920350268030_1972539933665791262_n-1-150x150.jpg\" class=\"attachment-thumbnail size-thumbnail\" alt=\"\" \/><\/a>\n\t\t\t\t<\/dt><\/dl><dl class='gallery-item'>\n\t\t\t\t<dt class='gallery-icon portrait'>\n\t\t\t\t\t<a class=\"rollover\" href='https:\/\/www.radiopiu.net\/wordpress\/da-belluno-ad-agordo-attraversando-sedico-di-renato-bona\/232902515_875778370016851_326111780299543022_n\/'><img loading=\"lazy\" decoding=\"async\" width=\"150\" height=\"150\" src=\"https:\/\/www.radiopiu.net\/wordpress\/wp-content\/uploads\/2021\/08\/232902515_875778370016851_326111780299543022_n-150x150.jpg\" class=\"attachment-thumbnail size-thumbnail\" alt=\"\" srcset=\"https:\/\/www.radiopiu.net\/wordpress\/wp-content\/uploads\/2021\/08\/232902515_875778370016851_326111780299543022_n-150x150.jpg 150w, https:\/\/www.radiopiu.net\/wordpress\/wp-content\/uploads\/2021\/08\/232902515_875778370016851_326111780299543022_n.jpg 204w\" sizes=\"auto, (max-width: 150px) 100vw, 150px\" \/><\/a>\n\t\t\t\t<\/dt><\/dl><dl class='gallery-item'>\n\t\t\t\t<dt class='gallery-icon landscape'>\n\t\t\t\t\t<a class=\"rollover\" href='https:\/\/www.radiopiu.net\/wordpress\/da-belluno-ad-agordo-attraversando-sedico-di-renato-bona\/233342389_226958449338450_1593863691143756620_n-2\/'><img loading=\"lazy\" decoding=\"async\" width=\"150\" height=\"150\" src=\"https:\/\/www.radiopiu.net\/wordpress\/wp-content\/uploads\/2021\/08\/233342389_226958449338450_1593863691143756620_n-1-150x150.jpg\" class=\"attachment-thumbnail size-thumbnail\" alt=\"\" \/><\/a>\n\t\t\t\t<\/dt><\/dl><br style=\"clear: both\" \/>\n\t\t\t<\/div>\n\n<p>NELLE FOTO (riproduzioni dal libro\u201dLe ville nel paesaggio prealpino della Provincia di Belluno\u201d): facciata principale di Villa Corte; veduta del complesso di Villa Miari; dalla corte-gardino interna; Villa Crotta; particolare della facciata sud del corpo principale della Villa De Manzoni; il terrazzamento sul quale \u00e8 stato realizzato l\u2019edificio di Villa De Manzoni; particolare dell\u2019affresco \u201cEsopo che racconta le favole\u201d di Pietro Paoletti a Villa De Manzoni; scorcio del corpo di Villa De Manzoni decorato a motivi neogotici, attribuibile al Segusini; facciata principale di Villa Miari Bentivoglio; Villa Rudio: la facciata sud vista dalla corte interna; scorcio del salone centrale a piano terra di Villa Rudio; Villa Crotta-De Manzoni, veduta parziale del complesso dal brolo di Agordo; il prospetto est, rivolto verso il piccolo giardino delle statue di Villa Crotta-De Manzoni; particolare di un gruppo scultoreo nella stessa Villa; la grande fontana che caratterizza la corte settecentesca di Villa Crotta-De Manzoni.<\/p>\n","protected":false},"excerpt":{"rendered":"<p>\u201d Siamo quasi in vista del traguardo per quanto concerne il \u201dviaggio\u201d che stiamo effettuando per conoscere \u201cLe ville nel paesaggio prealpino della Provincia di Belluno\u201d attraverso il purtroppo introvabile (ancora appelli a Palazzo Piloni perch\u00e9 valuti l\u2019ipotesi di una ristampa\u2026 n dr.) libro-guida con identico titolo, edito a cura di Paolo Conte e testi&hellip;<\/p>\n","protected":false},"author":4,"featured_media":226460,"comment_status":"closed","ping_status":"open","sticky":false,"template":"","format":"standard","meta":{"_monsterinsights_skip_tracking":false,"_monsterinsights_sitenote_active":false,"_monsterinsights_sitenote_note":"","_monsterinsights_sitenote_category":0,"footnotes":""},"categories":[104,49],"tags":[],"class_list":["post-226433","post","type-post","status-publish","format-standard","has-post-thumbnail","hentry","category-evidenza_3","category-news-18","category-104","category-49","description-off"],"img_url":"https:\/\/www.radiopiu.net\/wordpress\/wp-content\/uploads\/2021\/08\/227779145_420242886007238_2078012111799384863_n-1.jpg","_links":{"self":[{"href":"https:\/\/www.radiopiu.net\/wordpress\/wp-json\/wp\/v2\/posts\/226433","targetHints":{"allow":["GET"]}}],"collection":[{"href":"https:\/\/www.radiopiu.net\/wordpress\/wp-json\/wp\/v2\/posts"}],"about":[{"href":"https:\/\/www.radiopiu.net\/wordpress\/wp-json\/wp\/v2\/types\/post"}],"author":[{"embeddable":true,"href":"https:\/\/www.radiopiu.net\/wordpress\/wp-json\/wp\/v2\/users\/4"}],"replies":[{"embeddable":true,"href":"https:\/\/www.radiopiu.net\/wordpress\/wp-json\/wp\/v2\/comments?post=226433"}],"version-history":[{"count":0,"href":"https:\/\/www.radiopiu.net\/wordpress\/wp-json\/wp\/v2\/posts\/226433\/revisions"}],"wp:featuredmedia":[{"embeddable":true,"href":"https:\/\/www.radiopiu.net\/wordpress\/wp-json\/wp\/v2\/media\/226460"}],"wp:attachment":[{"href":"https:\/\/www.radiopiu.net\/wordpress\/wp-json\/wp\/v2\/media?parent=226433"}],"wp:term":[{"taxonomy":"category","embeddable":true,"href":"https:\/\/www.radiopiu.net\/wordpress\/wp-json\/wp\/v2\/categories?post=226433"},{"taxonomy":"post_tag","embeddable":true,"href":"https:\/\/www.radiopiu.net\/wordpress\/wp-json\/wp\/v2\/tags?post=226433"}],"curies":[{"name":"wp","href":"https:\/\/api.w.org\/{rel}","templated":true}]}}