{"id":226492,"date":"2021-08-07T05:21:28","date_gmt":"2021-08-07T03:21:28","guid":{"rendered":"https:\/\/www.radiopiu.net\/wordpress\/?p=226492"},"modified":"2021-08-07T05:40:50","modified_gmt":"2021-08-07T03:40:50","slug":"la-dolomiti-bellunesi-ha-iniziato-il-ritiro-allivano-dorigo-di-agordo","status":"publish","type":"post","link":"https:\/\/www.radiopiu.net\/wordpress\/la-dolomiti-bellunesi-ha-iniziato-il-ritiro-allivano-dorigo-di-agordo\/","title":{"rendered":"LA DOLOMITI BELLUNESI HA INIZIATO IL RITIRO ALL&#8217;IVANO DORIGO DI AGORDO"},"content":{"rendered":"<p><strong><a href=\"https:\/\/www.radiopiu.net\/wordpress\/la-dolomiti-bellunesi-ha-iniziato-il-ritiro-allivano-dorigo-di-agordo\/232345858_114425660930672_4214495129707370661_n\/\" rel=\"attachment wp-att-226494\"><img loading=\"lazy\" decoding=\"async\" class=\" wp-image-226494 alignleft\" src=\"https:\/\/www.radiopiu.net\/wordpress\/wp-content\/uploads\/2021\/08\/232345858_114425660930672_4214495129707370661_n-300x207.jpg\" alt=\"\" width=\"254\" height=\"175\" srcset=\"https:\/\/www.radiopiu.net\/wordpress\/wp-content\/uploads\/2021\/08\/232345858_114425660930672_4214495129707370661_n-300x207.jpg 300w, https:\/\/www.radiopiu.net\/wordpress\/wp-content\/uploads\/2021\/08\/232345858_114425660930672_4214495129707370661_n.jpg 493w\" sizes=\"auto, (max-width: 254px) 100vw, 254px\" \/><\/a>AGORDO<\/strong> \u00c8 iniziato ieri il primo vero ritiro pre campionato della neo nata Dolomiti Bellunesi. La squadra, nata dalla fusione di Belluno, Union Feltre e San Giorgio Sedico, ha iniziato la preparazione atletica con i primi esercizi sulla pista d&#8217;atletica dell&#8217;Ivano Dorigo. La formazione bellunese rimarr\u00e0 ad Agordo per tre giorni e concluder\u00e0 il ritiro domenica pomeriggio quando giocher\u00e0 la prima amichevole stagionale contro l&#8217;Agordina.<em> (foto dalla pagina facebook Dolomiti Bellunesi)<\/em><\/p>\n<p><strong>AI MICROFONI DI RADIO PIU&#8217; IL GIOCATORE DELLA DOLOMITI BELLUNESI STEFANO MOSCA<\/strong><\/p>\n<audio class=\"wp-audio-shortcode\" id=\"audio-226492-1\" preload=\"none\" style=\"width: 100%;\" controls=\"controls\"><source type=\"audio\/mpeg\" src=\"https:\/\/www.radiopiu.net\/wordpress\/wp-content\/uploads\/2021\/08\/stefano-mosca.mp3?_=1\" \/><a href=\"https:\/\/www.radiopiu.net\/wordpress\/wp-content\/uploads\/2021\/08\/stefano-mosca.mp3\">https:\/\/www.radiopiu.net\/wordpress\/wp-content\/uploads\/2021\/08\/stefano-mosca.mp3<\/a><\/audio>\n<p>&nbsp;<\/p>\n<p>&nbsp;<\/p>\n<p>&nbsp;<\/p>\n<p>*****<\/p>\n","protected":false},"excerpt":{"rendered":"<p>AGORDO \u00c8 iniziato ieri il primo vero ritiro pre campionato della neo nata Dolomiti Bellunesi. La squadra, nata dalla fusione di Belluno, Union Feltre e San Giorgio Sedico, ha iniziato la preparazione atletica con i primi esercizi sulla pista d&#8217;atletica dell&#8217;Ivano Dorigo. La formazione bellunese rimarr\u00e0 ad Agordo per tre giorni e concluder\u00e0 il ritiro&hellip;<\/p>\n","protected":false},"author":4,"featured_media":226494,"comment_status":"closed","ping_status":"open","sticky":false,"template":"","format":"standard","meta":{"_monsterinsights_skip_tracking":false,"_monsterinsights_sitenote_active":false,"_monsterinsights_sitenote_note":"","_monsterinsights_sitenote_category":0,"footnotes":""},"categories":[51,49,72],"tags":[],"class_list":["post-226492","post","type-post","status-publish","format-standard","has-post-thumbnail","hentry","category-evidenza-top","category-news-18","category-sport","category-51","category-49","category-72","description-off"],"img_url":"https:\/\/www.radiopiu.net\/wordpress\/wp-content\/uploads\/2021\/08\/232345858_114425660930672_4214495129707370661_n.jpg","_links":{"self":[{"href":"https:\/\/www.radiopiu.net\/wordpress\/wp-json\/wp\/v2\/posts\/226492","targetHints":{"allow":["GET"]}}],"collection":[{"href":"https:\/\/www.radiopiu.net\/wordpress\/wp-json\/wp\/v2\/posts"}],"about":[{"href":"https:\/\/www.radiopiu.net\/wordpress\/wp-json\/wp\/v2\/types\/post"}],"author":[{"embeddable":true,"href":"https:\/\/www.radiopiu.net\/wordpress\/wp-json\/wp\/v2\/users\/4"}],"replies":[{"embeddable":true,"href":"https:\/\/www.radiopiu.net\/wordpress\/wp-json\/wp\/v2\/comments?post=226492"}],"version-history":[{"count":0,"href":"https:\/\/www.radiopiu.net\/wordpress\/wp-json\/wp\/v2\/posts\/226492\/revisions"}],"wp:featuredmedia":[{"embeddable":true,"href":"https:\/\/www.radiopiu.net\/wordpress\/wp-json\/wp\/v2\/media\/226494"}],"wp:attachment":[{"href":"https:\/\/www.radiopiu.net\/wordpress\/wp-json\/wp\/v2\/media?parent=226492"}],"wp:term":[{"taxonomy":"category","embeddable":true,"href":"https:\/\/www.radiopiu.net\/wordpress\/wp-json\/wp\/v2\/categories?post=226492"},{"taxonomy":"post_tag","embeddable":true,"href":"https:\/\/www.radiopiu.net\/wordpress\/wp-json\/wp\/v2\/tags?post=226492"}],"curies":[{"name":"wp","href":"https:\/\/api.w.org\/{rel}","templated":true}]}}