{"id":226582,"date":"2021-08-07T13:58:13","date_gmt":"2021-08-07T11:58:13","guid":{"rendered":"https:\/\/www.radiopiu.net\/wordpress\/?p=226582"},"modified":"2021-08-08T07:24:29","modified_gmt":"2021-08-08T05:24:29","slug":"covid-nel-veneto-lartigianato-continua-a-soffrire-molto-male-vicenza-e-rovigo","status":"publish","type":"post","link":"https:\/\/www.radiopiu.net\/wordpress\/covid-nel-veneto-lartigianato-continua-a-soffrire-molto-male-vicenza-e-rovigo\/","title":{"rendered":"COVID: NEL VENETO L\u2019ARTIGIANATO CONTINUA A SOFFRIRE. MOLTO MALE VICENZA E ROVIGO"},"content":{"rendered":"<p><a class=\"dt-pswp-item\" href=\"https:\/\/www.radiopiu.net\/wordpress\/wp-content\/uploads\/2021\/08\/Schermata-2021-08-07-alle-13.55.46.png\" data-dt-img-description=\"\" data-large_image_width=\"922\" data-large_image_height=\"890\"><img loading=\"lazy\" decoding=\"async\" class=\"alignleft size-medium wp-image-226583\" src=\"https:\/\/www.radiopiu.net\/wordpress\/wp-content\/uploads\/2021\/08\/Schermata-2021-08-07-alle-13.55.46-300x290.png\" alt=\"\" width=\"300\" height=\"290\" srcset=\"https:\/\/www.radiopiu.net\/wordpress\/wp-content\/uploads\/2021\/08\/Schermata-2021-08-07-alle-13.55.46-300x290.png 300w, https:\/\/www.radiopiu.net\/wordpress\/wp-content\/uploads\/2021\/08\/Schermata-2021-08-07-alle-13.55.46-768x741.png 768w, https:\/\/www.radiopiu.net\/wordpress\/wp-content\/uploads\/2021\/08\/Schermata-2021-08-07-alle-13.55.46.png 922w\" sizes=\"auto, (max-width: 300px) 100vw, 300px\" \/><\/a>A causa del Covid lo stock complessivo delle imprese artigiane presenti nel Veneto continua a mostrare segni di grave difficolt\u00e0. Tra il 1\u00b0 trimestre 2020 e il 2\u00b0 trimestre 2021 il numero complessivo delle aziende artigiane \u00e8 sceso di 794 unit\u00e0, toccando, il 30 giugno scorso, quota 124.245. Se in questi 15 mesi le province di Treviso e Verona (entrambe con un saldo pari a +43) hanno registrato risultati positivi, critica \u00e8 la situazione soprattutto a Venezia (-122) a Padova (-177), a Rovigo (-211) e a Vicenza (-347)(vedi Tab. 1).<\/p>\n<p>Ricordiamo che questi dati cos\u00ec negativi sono in linea con quanto successo negli ultimi 10 anni; tra il 31 marzo 2011 e lo stesso giorno di quest\u2019anno il numero totale delle imprese artigiane nel Veneto, infatti, \u00e8 sceso di 18.105 unit\u00e0.<\/p>\n<p>Al netto dei risultati riportati dalla Toscana (-1.531 imprese) e di gran parte delle regioni della cosiddetta dorsale adriatica (che includono anche il Veneto e il Friuli Venezia Giulia) , tutte le altre regioni hanno registrato un saldo positivo. A livello nazionale lo stock \u00e8 aumentato di 7.664 unit\u00e0, portando il numero complessivo delle imprese artigiane presenti in Italia a toccare quota 1.292.685 (vedi Tab. 2). Difficile giustificare questa performance cos\u00ec positiva che ha riguardato soprattutto le regioni del Sud. Non \u00e8 comunque da escludere che in alcune parti del Paese la copiosa nascita di moltissime aziende artigiane sia stata \u201ccondizionata\u201d dai requisiti richiesti dal legislatore per ottenere i contributi a fondo perduto messi a disposizione sia dal Governo che dalle Regioni alle aziende in difficolt\u00e0. Con il decreto Sostegni e il Sostegni bis, ad esempio, le attivit\u00e0 aperte nel 2020 e nel 2021 (prima dell\u2019entrata in vigore dei rispettivi provvedimenti) per beneficiare del ristoro non avevano l\u2019obbligo, come le altre, di confrontare il fatturato 2020 con quello registrato nel 2019. Pertanto, le neo imprese guidate da persone fisiche nate l\u2019anno scorso e quest\u2019anno hanno potuto ricevere un contributo minimo di 1.000 euro e quelle composte da soggetti diversi di almeno 2mila euro. Probabilmente, questa possibilit\u00e0 ha indotto molti abusivi e altrettanti lavoratori in nero a uscire dalla \u201cclandestinit\u00e0\u201d: speriamo che una volta conclusasi la fase dei sostegni questi operatori non si \u201crituffino\u201d nel sommerso.<\/p>\n<p>Pi\u00f9 in generale, nel mondo del lavoro il Covid ha colpito soprattutto i lavoratori autonomi. Tra febbraio 2020, mese che precede l\u2019avvento della crisi pandemica, e giugno di quest\u2019anno, l\u2019Italia ha perso 470mila occupati; di questi, ben 378mila (pari a oltre l\u201980 per cento del totale) sono lavoratori indipendenti. Un esercito costituito prevalentemente da piccoli commercianti, esercenti, collaboratori e tantissimi liberi professionisti che, a seguito delle difficolt\u00e0 patite in questo ultimo anno e mezzo, sono stati costretti a chiudere l\u2019attivit\u00e0. Tra i lavoratori dipendenti, invece, il numero complessivo degli occupati \u00e8 sceso di \u201csole\u201d 92mila unit\u00e0 (vedi Tab. 3). A sottolinearlo \u00e8 l\u2019Ufficio studi della CGIA.<\/p>\n<p><a class=\"dt-pswp-item\" href=\"https:\/\/www.radiopiu.net\/wordpress\/wp-content\/uploads\/2021\/08\/Schermata-2021-08-07-alle-13.56.12.png\" data-dt-img-description=\"\" data-large_image_width=\"958\" data-large_image_height=\"1508\"><img loading=\"lazy\" decoding=\"async\" class=\"alignleft size-medium wp-image-226585\" src=\"https:\/\/www.radiopiu.net\/wordpress\/wp-content\/uploads\/2021\/08\/Schermata-2021-08-07-alle-13.56.12-191x300.png\" alt=\"\" width=\"191\" height=\"300\" srcset=\"https:\/\/www.radiopiu.net\/wordpress\/wp-content\/uploads\/2021\/08\/Schermata-2021-08-07-alle-13.56.12-191x300.png 191w, https:\/\/www.radiopiu.net\/wordpress\/wp-content\/uploads\/2021\/08\/Schermata-2021-08-07-alle-13.56.12-651x1024.png 651w, https:\/\/www.radiopiu.net\/wordpress\/wp-content\/uploads\/2021\/08\/Schermata-2021-08-07-alle-13.56.12-768x1209.png 768w, https:\/\/www.radiopiu.net\/wordpress\/wp-content\/uploads\/2021\/08\/Schermata-2021-08-07-alle-13.56.12.png 958w\" sizes=\"auto, (max-width: 191px) 100vw, 191px\" \/><\/a>Giusta attenzione alle crisi aziendali, poca agli autonomi<br \/>\nSe in Italia otto persone su dieci che hanno perso il lavoro in questo drammatico periodo storico appartengono al cosiddetto popolo delle partite Iva, non si capisce come mai non sia ancora emerso una particolare attenzione in grado di coinvolgere l\u2019opinione pubblica e la politica su questo dramma sociale ed economico. Se le crisi aziendali della Gkn, dell\u2019Acc, di Whirpool, della Logista Italia, della Gianetti Ruote, etc., sono state giustamente poste all\u2019attenzione dell\u2019opinione pubblica da parte dei media, poco interesse o quasi nessuna attenzione, invece, hanno provocato le centinaia di migliaia di piccolissime attivit\u00e0 che, nel silenzio pi\u00f9 totale, hanno chiuso definitivamente la saracinesca. Drammi che nessuno ha potuto raccontare, vite lavorative spezzate che, pare, non abbiano alcuna dignit\u00e0, nemmeno quella di essere raccontata.<\/p>\n<p>Aprire un tavolo di crisi anche in Veneto sulle partite Iva<br \/>\nDue pesi e due misure che la CGIA vuole invece richiamare e portare all\u2019attenzione di tutti, sperando, in particolar modo, che questi dati inducano, sia il Premier Draghi che il Presidente Zaia, ad aprire un tavolo di crisi permanente a livello nazionale e regionale, altrimenti il mondo del lavoro autonomo rischia di uscire da questa crisi fortemente ridimensionato. Intendiamoci, misure miracolistiche in grado di risollevare le sorti del popolo delle partite Iva non ce ne sono. E non dobbiamo nemmeno dimenticare che in questo ultimo anno e mezzo oltre ai ristori (ancorch\u00e8 del tutto insufficienti), gli esecutivi che si sono succeduti hanno, tra le altre cose, esteso l\u2019utilizzo dell\u2019assegno universale per i figli a carico anche agli autonomi; \u00e8 stato introdotto il reddito di emergenza e per chi \u00e8 ancora in attivit\u00e0, entro la fine di settembre potr\u00e0 presentare la domanda all\u2019Inps per ottenere l\u2019esonero dei contributi previdenziali per l\u2019anno in corso.<\/p>\n<p>A rischio la coesione sociale<br \/>\nInutile ricordare che quando perdono il posto c\u2019\u00e8 una sostanziale differenza tra i lavoratori dipendenti e gli autonomi. Mentre i primi possono contare su alcune importanti misure di sostegno al reddito (Cig, Naspi, etc.), i secondi, invece, non possono contare quasi su nulla. A loro rimane solo il fallimento di un\u2019esperienza lavorativa finita male e l\u2019angoscia di come reinventarsi il proprio futuro.<br \/>\n<a class=\"dt-pswp-item\" href=\"https:\/\/www.radiopiu.net\/wordpress\/wp-content\/uploads\/2021\/08\/Schermata-2021-08-07-alle-13.56.27.png\" data-dt-img-description=\"\" data-large_image_width=\"1294\" data-large_image_height=\"808\"><img loading=\"lazy\" decoding=\"async\" class=\"alignleft size-medium wp-image-226584\" src=\"https:\/\/www.radiopiu.net\/wordpress\/wp-content\/uploads\/2021\/08\/Schermata-2021-08-07-alle-13.56.27-300x187.png\" alt=\"\" width=\"300\" height=\"187\" srcset=\"https:\/\/www.radiopiu.net\/wordpress\/wp-content\/uploads\/2021\/08\/Schermata-2021-08-07-alle-13.56.27-300x187.png 300w, https:\/\/www.radiopiu.net\/wordpress\/wp-content\/uploads\/2021\/08\/Schermata-2021-08-07-alle-13.56.27-1024x639.png 1024w, https:\/\/www.radiopiu.net\/wordpress\/wp-content\/uploads\/2021\/08\/Schermata-2021-08-07-alle-13.56.27-768x480.png 768w, https:\/\/www.radiopiu.net\/wordpress\/wp-content\/uploads\/2021\/08\/Schermata-2021-08-07-alle-13.56.27.png 1294w\" sizes=\"auto, (max-width: 300px) 100vw, 300px\" \/><\/a>La CGIA sostiene che i negozi di vicinato e le tante botteghe artigiane presenti nel Paese hanno bisogno di sostegno perch\u00e9 garantiscono la coesione sociale anche del nostro sistema produttivo. Se spariscono le micro imprese, rischiamo di abbassare notevolmente la qualit\u00e0 del nostro made in Italy. Per questo \u00e8 indispensabile tagliare la burocrazia, rivedere il fisco, abbassando drasticamente il peso di imposte e contributi sulle piccolissime imprese, e approvare quanto prima la riforma degli ammortizzatori sociali che, in caso di chiusura dell\u2019attivit\u00e0, preveda delle misure di sostegno al reddito anche ai lavoratori autonomi. Altres\u00ec, \u00e8 necessario coinvolgere il Ministero dell\u2019Istruzione affinch\u00e8 attivi quanto prima una importante azione informativa\/formativa nei confronti degli studenti delle scuole medie superiori che li sensibilizzi in particolar modo su un punto; una volta terminato il percorso scolastico, nel mercato del lavoro ci si pu\u00f2 affermare anche come lavoratori autonomi. Aspetto, quest\u2019ultimo, ai pi\u00f9 pressoch\u00e9 sconosciuto.<\/p>\n","protected":false},"excerpt":{"rendered":"<p>A causa del Covid lo stock complessivo delle imprese artigiane presenti nel Veneto continua a mostrare segni di grave difficolt\u00e0. Tra il 1\u00b0 trimestre 2020 e il 2\u00b0 trimestre 2021 il numero complessivo delle aziende artigiane \u00e8 sceso di 794 unit\u00e0, toccando, il 30 giugno scorso, quota 124.245. Se in questi 15 mesi le province&hellip;<\/p>\n","protected":false},"author":2,"featured_media":123823,"comment_status":"closed","ping_status":"open","sticky":false,"template":"","format":"standard","meta":{"_monsterinsights_skip_tracking":false,"_monsterinsights_sitenote_active":false,"_monsterinsights_sitenote_note":"","_monsterinsights_sitenote_category":0,"footnotes":""},"categories":[104,49],"tags":[],"class_list":["post-226582","post","type-post","status-publish","format-standard","has-post-thumbnail","hentry","category-evidenza_3","category-news-18","category-104","category-49","description-off"],"img_url":"https:\/\/www.radiopiu.net\/wordpress\/wp-content\/uploads\/2020\/03\/chiuso.jpg","_links":{"self":[{"href":"https:\/\/www.radiopiu.net\/wordpress\/wp-json\/wp\/v2\/posts\/226582","targetHints":{"allow":["GET"]}}],"collection":[{"href":"https:\/\/www.radiopiu.net\/wordpress\/wp-json\/wp\/v2\/posts"}],"about":[{"href":"https:\/\/www.radiopiu.net\/wordpress\/wp-json\/wp\/v2\/types\/post"}],"author":[{"embeddable":true,"href":"https:\/\/www.radiopiu.net\/wordpress\/wp-json\/wp\/v2\/users\/2"}],"replies":[{"embeddable":true,"href":"https:\/\/www.radiopiu.net\/wordpress\/wp-json\/wp\/v2\/comments?post=226582"}],"version-history":[{"count":0,"href":"https:\/\/www.radiopiu.net\/wordpress\/wp-json\/wp\/v2\/posts\/226582\/revisions"}],"wp:featuredmedia":[{"embeddable":true,"href":"https:\/\/www.radiopiu.net\/wordpress\/wp-json\/wp\/v2\/media\/123823"}],"wp:attachment":[{"href":"https:\/\/www.radiopiu.net\/wordpress\/wp-json\/wp\/v2\/media?parent=226582"}],"wp:term":[{"taxonomy":"category","embeddable":true,"href":"https:\/\/www.radiopiu.net\/wordpress\/wp-json\/wp\/v2\/categories?post=226582"},{"taxonomy":"post_tag","embeddable":true,"href":"https:\/\/www.radiopiu.net\/wordpress\/wp-json\/wp\/v2\/tags?post=226582"}],"curies":[{"name":"wp","href":"https:\/\/api.w.org\/{rel}","templated":true}]}}