{"id":226589,"date":"2021-08-07T14:06:20","date_gmt":"2021-08-07T12:06:20","guid":{"rendered":"https:\/\/www.radiopiu.net\/wordpress\/?p=226589"},"modified":"2021-08-08T07:23:53","modified_gmt":"2021-08-08T05:23:53","slug":"green-pass-nei-rifugi-bussone-uncem-gestori-e-operatori-sanno-usare-il-buon-senso-rifugio-e-anche-struttura-per-emergenze-in-montagna","status":"publish","type":"post","link":"https:\/\/www.radiopiu.net\/wordpress\/green-pass-nei-rifugi-bussone-uncem-gestori-e-operatori-sanno-usare-il-buon-senso-rifugio-e-anche-struttura-per-emergenze-in-montagna\/","title":{"rendered":"GREEN PASS NEI RIFUGI, BUSSONE (UNCEM): GESTORI E OPERATORI SANNO USARE IL BUON SENSO. RIFUGIO \u00c8 ANCHE STRUTTURA PER EMERGENZE IN MONTAGNA"},"content":{"rendered":"<p><strong><a href=\"https:\/\/www.radiopiu.net\/wordpress\/giornale-radiopiu-06-novembre-2020-direttore-mirko-mezzacasa\/logouncem_no_scritta-wdtr\/\" rel=\"attachment wp-att-170846\"><img loading=\"lazy\" decoding=\"async\" class=\"size-medium wp-image-170846 alignleft\" src=\"https:\/\/www.radiopiu.net\/wordpress\/wp-content\/uploads\/2020\/11\/logoUNCEM_no_scritta-wdtr-300x300.jpg\" alt=\"\" width=\"300\" height=\"300\" srcset=\"https:\/\/www.radiopiu.net\/wordpress\/wp-content\/uploads\/2020\/11\/logoUNCEM_no_scritta-wdtr-300x300.jpg 300w, https:\/\/www.radiopiu.net\/wordpress\/wp-content\/uploads\/2020\/11\/logoUNCEM_no_scritta-wdtr-150x150.jpg 150w, https:\/\/www.radiopiu.net\/wordpress\/wp-content\/uploads\/2020\/11\/logoUNCEM_no_scritta-wdtr.jpg 640w\" sizes=\"auto, (max-width: 300px) 100vw, 300px\" \/><\/a>ROMA\u00a0<\/strong>&#8220;<em>In mezzo a regole non ancora chiarissime sull&#8217;uso dei green pass nei rifugi alpini, \u00e8 del tutto evidente che in queste strutture e in tutti rifugi che si trovano in alta montagna i gestori sapranno usare buon senso, svolgendo nel modo migliore il loro ruolo. Il rifugio, nelle Alpi e negli Appennini, non \u00e8 un &#8216;alberghetto di montagna&#8217; o un ristorante in quota. \u00c8 una struttura con precise destinazioni finalizzate anche alla protezione di quanti frequentano la montagna, piuttosto che alla cura e al ristoro di chi si trovasse in emergenza. Non \u00e8 un hotel. Ed \u00e8 chiaro che i gestori sapranno come, quando e quanto essere rigidi con il green pass. Che serve per mangiare ai tavoli all&#8217;interno, come scritto nelle faq, ma allo stesso tempo vi \u00e8 bisogno di elasticit\u00e0 per chi si trovasse in difficolt\u00e0 e ha bisogno di riparo. La montagna adotta da un anno e mezzo un buon senso che fa scuola. E i gestori dei rifugi, gli operatori e chi lavora in condizioni difficili in queste strutture, sapranno gestire nel modo migliore le situazioni. La montagna, l&#8217;alta montagna, ha precise connotazioni territoriali e cos\u00ec sono specifiche le strutture in alta quota, i rifugi e i bivacchi, gestiti e non gestiti. Non siamo certo in piazza San Babila o davanti Fontana di Trevi<\/em>&#8220;. Lo afferma Marco Bussone, Presidente nazionale Uncem, Unione dei Comuni e degli Enti montani.<\/p>\n<p>&nbsp;<\/p>\n<p>&nbsp;<\/p>\n<p>&nbsp;<\/p>\n<p>*****<\/p>\n","protected":false},"excerpt":{"rendered":"<p>ROMA\u00a0&#8220;In mezzo a regole non ancora chiarissime sull&#8217;uso dei green pass nei rifugi alpini, \u00e8 del tutto evidente che in queste strutture e in tutti rifugi che si trovano in alta montagna i gestori sapranno usare buon senso, svolgendo nel modo migliore il loro ruolo. Il rifugio, nelle Alpi e negli Appennini, non \u00e8 un&hellip;<\/p>\n","protected":false},"author":4,"featured_media":132214,"comment_status":"closed","ping_status":"open","sticky":false,"template":"","format":"standard","meta":{"_monsterinsights_skip_tracking":false,"_monsterinsights_sitenote_active":false,"_monsterinsights_sitenote_note":"","_monsterinsights_sitenote_category":0,"footnotes":""},"categories":[51,49],"tags":[],"class_list":["post-226589","post","type-post","status-publish","format-standard","has-post-thumbnail","hentry","category-evidenza-top","category-news-18","category-51","category-49","description-off"],"img_url":"https:\/\/www.radiopiu.net\/wordpress\/wp-content\/uploads\/2020\/04\/rifugio-CARESTIATO-scaled.jpg","_links":{"self":[{"href":"https:\/\/www.radiopiu.net\/wordpress\/wp-json\/wp\/v2\/posts\/226589","targetHints":{"allow":["GET"]}}],"collection":[{"href":"https:\/\/www.radiopiu.net\/wordpress\/wp-json\/wp\/v2\/posts"}],"about":[{"href":"https:\/\/www.radiopiu.net\/wordpress\/wp-json\/wp\/v2\/types\/post"}],"author":[{"embeddable":true,"href":"https:\/\/www.radiopiu.net\/wordpress\/wp-json\/wp\/v2\/users\/4"}],"replies":[{"embeddable":true,"href":"https:\/\/www.radiopiu.net\/wordpress\/wp-json\/wp\/v2\/comments?post=226589"}],"version-history":[{"count":0,"href":"https:\/\/www.radiopiu.net\/wordpress\/wp-json\/wp\/v2\/posts\/226589\/revisions"}],"wp:featuredmedia":[{"embeddable":true,"href":"https:\/\/www.radiopiu.net\/wordpress\/wp-json\/wp\/v2\/media\/132214"}],"wp:attachment":[{"href":"https:\/\/www.radiopiu.net\/wordpress\/wp-json\/wp\/v2\/media?parent=226589"}],"wp:term":[{"taxonomy":"category","embeddable":true,"href":"https:\/\/www.radiopiu.net\/wordpress\/wp-json\/wp\/v2\/categories?post=226589"},{"taxonomy":"post_tag","embeddable":true,"href":"https:\/\/www.radiopiu.net\/wordpress\/wp-json\/wp\/v2\/tags?post=226589"}],"curies":[{"name":"wp","href":"https:\/\/api.w.org\/{rel}","templated":true}]}}