{"id":226609,"date":"2021-08-07T17:23:52","date_gmt":"2021-08-07T15:23:52","guid":{"rendered":"https:\/\/www.radiopiu.net\/wordpress\/?p=226609"},"modified":"2021-08-07T17:23:52","modified_gmt":"2021-08-07T15:23:52","slug":"in-alpago-la-nebbia-ferma-un-escursionista-e-sul-civetta-recuperato-un-uomo-scivolato-sul-sentiero-tivan","status":"publish","type":"post","link":"https:\/\/www.radiopiu.net\/wordpress\/in-alpago-la-nebbia-ferma-un-escursionista-e-sul-civetta-recuperato-un-uomo-scivolato-sul-sentiero-tivan\/","title":{"rendered":"IN ALPAGO LA NEBBIA FERMA UN ESCURSIONISTA E SUL CIVETTA RECUPERATO UN UOMO SCIVOLATO SUL SENTIERO TIVAN"},"content":{"rendered":"<p><strong><a href=\"https:\/\/www.radiopiu.net\/wordpress\/incrodati-sulla-civetta-soccorsi-stamane-alle-4-30-due-alpinisti-bloccati-sullantelao-chiamano-la-compagna-anziche-il-118\/salt_20200810_175813_090_resized\/\" rel=\"attachment wp-att-154485\"><img loading=\"lazy\" decoding=\"async\" class=\"size-medium wp-image-154485 alignleft\" src=\"https:\/\/www.radiopiu.net\/wordpress\/wp-content\/uploads\/2020\/08\/salt_20200810_175813_090_resized-300x225.jpg\" alt=\"\" width=\"300\" height=\"225\" srcset=\"https:\/\/www.radiopiu.net\/wordpress\/wp-content\/uploads\/2020\/08\/salt_20200810_175813_090_resized-300x225.jpg 300w, https:\/\/www.radiopiu.net\/wordpress\/wp-content\/uploads\/2020\/08\/salt_20200810_175813_090_resized-1024x768.jpg 1024w, https:\/\/www.radiopiu.net\/wordpress\/wp-content\/uploads\/2020\/08\/salt_20200810_175813_090_resized-768x576.jpg 768w, https:\/\/www.radiopiu.net\/wordpress\/wp-content\/uploads\/2020\/08\/salt_20200810_175813_090_resized.jpg 1182w\" sizes=\"auto, (max-width: 300px) 100vw, 300px\" \/><\/a>ALPAGO <\/strong>Attorno alle 12.10 il Soccorso alpino dell&#8217;Alpago \u00e8 stato allertato per un&#8217;escursionista che, partita da Col Indes, era arrivata sul Cimon del Cavallo, dove la nebbia la aveva per\u00f2 messa in difficolt\u00e0 e non era pi\u00f9 in grado di proseguire. Imbarcata dall&#8217;elicottero dell&#8217;Air service center, convenzionato con il Soccorso alpino Dolomiti bellunesi, una squadra \u00e8 stata fatta scendere il pi\u00f9 vicino possibile al limite delle nuvole, a circa 2mila metri di quota. I soccorritori hanno fatto le creste e sono scesi nel punto dove si trovava L.P., 36 anni, di Mogliano Veneto (TV), che stava bene e nel frattempo era stata raggiunta da un gruppo di escursionisti che le avevano fatto compagnia. Dopo averla assicurata, la squadra ha ripercorso al contrario sulle creste il tragitto verso il Rifugio Semenza, per essere quindi imbarcati con la donna sull&#8217;elicottero, volato poi a Col Indes.<\/p>\n<p><strong>ZOLDO <\/strong>Alle 14.30 circa l&#8217;elicottero del Suem di Pieve di Cadore \u00e8 stato inviato in Civetta, sul sentiero Tivan, per un escursionista che stava scendendo, dopo aver rinunciato per il maltempo a salire in cima, ma era scivolato per alcuni metri. S.G., 48 anni, do Musile di Piave (VE), che fortunatamente non aveva riportato conseguenze, \u00e8 stato recuperato e trasportato a valle.<\/p>\n<p>&nbsp;<\/p>\n<p>&nbsp;<\/p>\n<p>&nbsp;<\/p>\n<p>*****<\/p>\n","protected":false},"excerpt":{"rendered":"<p>ALPAGO Attorno alle 12.10 il Soccorso alpino dell&#8217;Alpago \u00e8 stato allertato per un&#8217;escursionista che, partita da Col Indes, era arrivata sul Cimon del Cavallo, dove la nebbia la aveva per\u00f2 messa in difficolt\u00e0 e non era pi\u00f9 in grado di proseguire. Imbarcata dall&#8217;elicottero dell&#8217;Air service center, convenzionato con il Soccorso alpino Dolomiti bellunesi, una squadra&hellip;<\/p>\n","protected":false},"author":4,"featured_media":154485,"comment_status":"closed","ping_status":"open","sticky":false,"template":"","format":"standard","meta":{"_monsterinsights_skip_tracking":false,"_monsterinsights_sitenote_active":false,"_monsterinsights_sitenote_note":"","_monsterinsights_sitenote_category":0,"footnotes":""},"categories":[51,49],"tags":[],"class_list":["post-226609","post","type-post","status-publish","format-standard","has-post-thumbnail","hentry","category-evidenza-top","category-news-18","category-51","category-49","description-off"],"img_url":"https:\/\/www.radiopiu.net\/wordpress\/wp-content\/uploads\/2020\/08\/salt_20200810_175813_090_resized.jpg","_links":{"self":[{"href":"https:\/\/www.radiopiu.net\/wordpress\/wp-json\/wp\/v2\/posts\/226609","targetHints":{"allow":["GET"]}}],"collection":[{"href":"https:\/\/www.radiopiu.net\/wordpress\/wp-json\/wp\/v2\/posts"}],"about":[{"href":"https:\/\/www.radiopiu.net\/wordpress\/wp-json\/wp\/v2\/types\/post"}],"author":[{"embeddable":true,"href":"https:\/\/www.radiopiu.net\/wordpress\/wp-json\/wp\/v2\/users\/4"}],"replies":[{"embeddable":true,"href":"https:\/\/www.radiopiu.net\/wordpress\/wp-json\/wp\/v2\/comments?post=226609"}],"version-history":[{"count":0,"href":"https:\/\/www.radiopiu.net\/wordpress\/wp-json\/wp\/v2\/posts\/226609\/revisions"}],"wp:featuredmedia":[{"embeddable":true,"href":"https:\/\/www.radiopiu.net\/wordpress\/wp-json\/wp\/v2\/media\/154485"}],"wp:attachment":[{"href":"https:\/\/www.radiopiu.net\/wordpress\/wp-json\/wp\/v2\/media?parent=226609"}],"wp:term":[{"taxonomy":"category","embeddable":true,"href":"https:\/\/www.radiopiu.net\/wordpress\/wp-json\/wp\/v2\/categories?post=226609"},{"taxonomy":"post_tag","embeddable":true,"href":"https:\/\/www.radiopiu.net\/wordpress\/wp-json\/wp\/v2\/tags?post=226609"}],"curies":[{"name":"wp","href":"https:\/\/api.w.org\/{rel}","templated":true}]}}