{"id":226613,"date":"2021-08-07T17:30:31","date_gmt":"2021-08-07T15:30:31","guid":{"rendered":"https:\/\/www.radiopiu.net\/wordpress\/?p=226613"},"modified":"2021-08-07T17:30:33","modified_gmt":"2021-08-07T15:30:33","slug":"vola-per-20-metri-sulla-cima-grande-di-lavaredo-a-malga-pioda-si-fa-male-una-bimba-di-9-anni","status":"publish","type":"post","link":"https:\/\/www.radiopiu.net\/wordpress\/vola-per-20-metri-sulla-cima-grande-di-lavaredo-a-malga-pioda-si-fa-male-una-bimba-di-9-anni\/","title":{"rendered":"VOLA PER 20 METRI SULLA CIMA GRANDE DI LAVAREDO. A MALGA PIODA SI FA MALE UNA BIMBA DI 9 ANNI"},"content":{"rendered":"<p><strong><a href=\"https:\/\/www.radiopiu.net\/wordpress\/vola-per-20-metri-sulla-cima-grande-di-lavaredo-a-malga-pioda-si-fa-male-una-bimba-di-9-anni\/salt_20210806_201018_422\/\" rel=\"attachment wp-att-226614\"><img loading=\"lazy\" decoding=\"async\" class=\"size-medium wp-image-226614 alignleft\" src=\"https:\/\/www.radiopiu.net\/wordpress\/wp-content\/uploads\/2021\/08\/salt_20210806_201018_422-300x225.jpg\" alt=\"\" width=\"300\" height=\"225\" srcset=\"https:\/\/www.radiopiu.net\/wordpress\/wp-content\/uploads\/2021\/08\/salt_20210806_201018_422-300x225.jpg 300w, https:\/\/www.radiopiu.net\/wordpress\/wp-content\/uploads\/2021\/08\/salt_20210806_201018_422-1024x768.jpg 1024w, https:\/\/www.radiopiu.net\/wordpress\/wp-content\/uploads\/2021\/08\/salt_20210806_201018_422-768x576.jpg 768w, https:\/\/www.radiopiu.net\/wordpress\/wp-content\/uploads\/2021\/08\/salt_20210806_201018_422-1536x1152.jpg 1536w, https:\/\/www.radiopiu.net\/wordpress\/wp-content\/uploads\/2021\/08\/salt_20210806_201018_422-2048x1536.jpg 2048w\" sizes=\"auto, (max-width: 300px) 100vw, 300px\" \/><\/a>CORTINA <\/strong>Poco prima delle 14, l&#8217;elicottero del Suem di Pieve di Cadore \u00e8 decollato in direzione della Cima Grande di Lavaredo dove, a circa 2.800 metri di quota, un alpinista era precipitato per una ventina di metri sulla via normale. Individuato il luogo dell&#8217;incidente, con un verricello di 20 metri sono stati sbarcati equipe medica e tecnico di elisoccorso, che hanno prestato le prime cure a R.Z., 34 anni, di Naturno (BZ), a seguito del possibile politrauma riportato. Imbarellato, l&#8217;infortunato \u00e8 stato issato a bordo con il verricello e trasportato all&#8217;ospedale di Treviso.<\/p>\n<p><strong>ZOLDO ALTO <\/strong>Alle 15.20 circa una squadra del Soccorso alpino della Val di Zoldo \u00e8 salita a Malga Pioda per una bambina di 9 anni di Portogruaro (VE), che si era fatta male a una caviglia. L&#8217;elicottero dell&#8217;Aiut Alpin Dolomites di Bolzano \u00e8 invece stato inviato sul Piz Bo\u00e8, per un escursionista romano di 35 anni che aveva accusato un malore. L&#8217;uomo \u00e8 stato accompagnato per accertamenti all&#8217;ospedale di Canazei.<\/p>\n<p>&nbsp;<\/p>\n<p>&nbsp;<\/p>\n<p>&nbsp;<\/p>\n<p>&nbsp;<\/p>\n<p>*****<\/p>\n","protected":false},"excerpt":{"rendered":"<p>CORTINA Poco prima delle 14, l&#8217;elicottero del Suem di Pieve di Cadore \u00e8 decollato in direzione della Cima Grande di Lavaredo dove, a circa 2.800 metri di quota, un alpinista era precipitato per una ventina di metri sulla via normale. Individuato il luogo dell&#8217;incidente, con un verricello di 20 metri sono stati sbarcati equipe medica&hellip;<\/p>\n","protected":false},"author":4,"featured_media":226614,"comment_status":"closed","ping_status":"open","sticky":false,"template":"","format":"standard","meta":{"_monsterinsights_skip_tracking":false,"_monsterinsights_sitenote_active":false,"_monsterinsights_sitenote_note":"","_monsterinsights_sitenote_category":0,"footnotes":""},"categories":[51,49],"tags":[],"class_list":["post-226613","post","type-post","status-publish","format-standard","has-post-thumbnail","hentry","category-evidenza-top","category-news-18","category-51","category-49","description-off"],"img_url":"https:\/\/www.radiopiu.net\/wordpress\/wp-content\/uploads\/2021\/08\/salt_20210806_201018_422.jpg","_links":{"self":[{"href":"https:\/\/www.radiopiu.net\/wordpress\/wp-json\/wp\/v2\/posts\/226613","targetHints":{"allow":["GET"]}}],"collection":[{"href":"https:\/\/www.radiopiu.net\/wordpress\/wp-json\/wp\/v2\/posts"}],"about":[{"href":"https:\/\/www.radiopiu.net\/wordpress\/wp-json\/wp\/v2\/types\/post"}],"author":[{"embeddable":true,"href":"https:\/\/www.radiopiu.net\/wordpress\/wp-json\/wp\/v2\/users\/4"}],"replies":[{"embeddable":true,"href":"https:\/\/www.radiopiu.net\/wordpress\/wp-json\/wp\/v2\/comments?post=226613"}],"version-history":[{"count":0,"href":"https:\/\/www.radiopiu.net\/wordpress\/wp-json\/wp\/v2\/posts\/226613\/revisions"}],"wp:featuredmedia":[{"embeddable":true,"href":"https:\/\/www.radiopiu.net\/wordpress\/wp-json\/wp\/v2\/media\/226614"}],"wp:attachment":[{"href":"https:\/\/www.radiopiu.net\/wordpress\/wp-json\/wp\/v2\/media?parent=226613"}],"wp:term":[{"taxonomy":"category","embeddable":true,"href":"https:\/\/www.radiopiu.net\/wordpress\/wp-json\/wp\/v2\/categories?post=226613"},{"taxonomy":"post_tag","embeddable":true,"href":"https:\/\/www.radiopiu.net\/wordpress\/wp-json\/wp\/v2\/tags?post=226613"}],"curies":[{"name":"wp","href":"https:\/\/api.w.org\/{rel}","templated":true}]}}