{"id":226682,"date":"2021-08-08T14:04:17","date_gmt":"2021-08-08T12:04:17","guid":{"rendered":"https:\/\/www.radiopiu.net\/wordpress\/?p=226682"},"modified":"2021-08-08T19:07:35","modified_gmt":"2021-08-08T17:07:35","slug":"meteo-nelle-prossime-ore-previste-precipitazioni-anche-intense-su-zone-montane-e-pedemontane-centro-orientali","status":"publish","type":"post","link":"https:\/\/www.radiopiu.net\/wordpress\/meteo-nelle-prossime-ore-previste-precipitazioni-anche-intense-su-zone-montane-e-pedemontane-centro-orientali\/","title":{"rendered":"METEO. NELLE PROSSIME ORE, PREVISTE PRECIPITAZIONI, ANCHE INTENSE, SU ZONE MONTANE E PEDEMONTANE CENTRO ORIENTALI"},"content":{"rendered":"<p><strong><a href=\"https:\/\/www.radiopiu.net\/wordpress\/meteo-fino-a-domani-sera-allerta-meteo-in-tutto-il-veneto-per-possibili-temporali-intensi\/temporale-2\/\" rel=\"attachment wp-att-158236\"><img loading=\"lazy\" decoding=\"async\" class=\"size-medium wp-image-158236 alignleft\" src=\"https:\/\/www.radiopiu.net\/wordpress\/wp-content\/uploads\/2020\/08\/TEMPORALE-300x169.jpg\" alt=\"\" width=\"300\" height=\"169\" srcset=\"https:\/\/www.radiopiu.net\/wordpress\/wp-content\/uploads\/2020\/08\/TEMPORALE-300x169.jpg 300w, https:\/\/www.radiopiu.net\/wordpress\/wp-content\/uploads\/2020\/08\/TEMPORALE-1024x576.jpg 1024w, https:\/\/www.radiopiu.net\/wordpress\/wp-content\/uploads\/2020\/08\/TEMPORALE-768x432.jpg 768w, https:\/\/www.radiopiu.net\/wordpress\/wp-content\/uploads\/2020\/08\/TEMPORALE-1536x864.jpg 1536w, https:\/\/www.radiopiu.net\/wordpress\/wp-content\/uploads\/2020\/08\/TEMPORALE-640x360.jpg 640w, https:\/\/www.radiopiu.net\/wordpress\/wp-content\/uploads\/2020\/08\/TEMPORALE.jpg 1920w\" sizes=\"auto, (max-width: 300px) 100vw, 300px\" \/><\/a>VENEZIA <\/strong>Le previsioni meteorologiche del Veneto segnalano una fase di instabilit\u00e0 tra le ore centrali e la serata di oggi, domenica 8 agosto, con dei rovesci e temporali da locali a sparsi, pi\u00f9 probabili sulle zone montane e pedemontane. Non si esclude qualche fenomeno localmente intenso (forti rovesci, grandinate, forti raffiche di vento), in particolare sulle zone montane e pedemontane centro orientali (Vicentino, Bellunese, Trevigiano). Nel corso della serata \u00e8 prevista la probabile cessazione dei fenomeni. Visti i fenomeni meteorologici previsti la criticit\u00e0 idrogeologica attesa \u00e8 riferita allo scenario per temporali forti. Il Centro Funzionale Decentrato della Protezione Civile della Regione ha emesso un avviso di criticit\u00e0 idrogeologica, stabilendo dalle 13.00 alle 22.00 di oggi, lo stato di Attenzione (allerta gialla) per i bacini: Alto Piave (BL), Piave Pedemontano (BL-TV), Alto Brenta \u2013 Bacchiglione -Alpone (VI-BL-TV-VR). Si raccomanda agli enti interessati di prestare la massima attenzione per la sorveglianza dei fenomeni previsti sul territorio di competenza e di prepararsi con congruo anticipo, rispetto agli orari indicati nel presente avviso, alla gestione di eventuali fenomeni emergenziali.<\/p>\n<p>&nbsp;<\/p>\n<p>&nbsp;<\/p>\n<p>&nbsp;<\/p>\n<p>****<\/p>\n","protected":false},"excerpt":{"rendered":"<p>VENEZIA Le previsioni meteorologiche del Veneto segnalano una fase di instabilit\u00e0 tra le ore centrali e la serata di oggi, domenica 8 agosto, con dei rovesci e temporali da locali a sparsi, pi\u00f9 probabili sulle zone montane e pedemontane. Non si esclude qualche fenomeno localmente intenso (forti rovesci, grandinate, forti raffiche di vento), in particolare&hellip;<\/p>\n","protected":false},"author":4,"featured_media":158236,"comment_status":"closed","ping_status":"open","sticky":false,"template":"","format":"standard","meta":{"_monsterinsights_skip_tracking":false,"_monsterinsights_sitenote_active":false,"_monsterinsights_sitenote_note":"","_monsterinsights_sitenote_category":0,"footnotes":""},"categories":[51,49],"tags":[],"class_list":["post-226682","post","type-post","status-publish","format-standard","has-post-thumbnail","hentry","category-evidenza-top","category-news-18","category-51","category-49","description-off"],"img_url":"https:\/\/www.radiopiu.net\/wordpress\/wp-content\/uploads\/2020\/08\/TEMPORALE.jpg","_links":{"self":[{"href":"https:\/\/www.radiopiu.net\/wordpress\/wp-json\/wp\/v2\/posts\/226682","targetHints":{"allow":["GET"]}}],"collection":[{"href":"https:\/\/www.radiopiu.net\/wordpress\/wp-json\/wp\/v2\/posts"}],"about":[{"href":"https:\/\/www.radiopiu.net\/wordpress\/wp-json\/wp\/v2\/types\/post"}],"author":[{"embeddable":true,"href":"https:\/\/www.radiopiu.net\/wordpress\/wp-json\/wp\/v2\/users\/4"}],"replies":[{"embeddable":true,"href":"https:\/\/www.radiopiu.net\/wordpress\/wp-json\/wp\/v2\/comments?post=226682"}],"version-history":[{"count":0,"href":"https:\/\/www.radiopiu.net\/wordpress\/wp-json\/wp\/v2\/posts\/226682\/revisions"}],"wp:featuredmedia":[{"embeddable":true,"href":"https:\/\/www.radiopiu.net\/wordpress\/wp-json\/wp\/v2\/media\/158236"}],"wp:attachment":[{"href":"https:\/\/www.radiopiu.net\/wordpress\/wp-json\/wp\/v2\/media?parent=226682"}],"wp:term":[{"taxonomy":"category","embeddable":true,"href":"https:\/\/www.radiopiu.net\/wordpress\/wp-json\/wp\/v2\/categories?post=226682"},{"taxonomy":"post_tag","embeddable":true,"href":"https:\/\/www.radiopiu.net\/wordpress\/wp-json\/wp\/v2\/tags?post=226682"}],"curies":[{"name":"wp","href":"https:\/\/api.w.org\/{rel}","templated":true}]}}