{"id":226746,"date":"2021-08-09T05:29:10","date_gmt":"2021-08-09T03:29:10","guid":{"rendered":"https:\/\/www.radiopiu.net\/wordpress\/?p=226746"},"modified":"2021-08-09T07:38:59","modified_gmt":"2021-08-09T05:38:59","slug":"un-saluto-dal-cadore-con-tappe-a-lozzo-pelos-vigo-laggio-e-infine-a-lorenzago","status":"publish","type":"post","link":"https:\/\/www.radiopiu.net\/wordpress\/un-saluto-dal-cadore-con-tappe-a-lozzo-pelos-vigo-laggio-e-infine-a-lorenzago\/","title":{"rendered":"UN SALUTO DAL CADORE CON TAPPE A LOZZO PELOS, VIGO, LAGGIO E INFINE A LORENZAGO"},"content":{"rendered":"<p>di\u00a0 RENATO BONA<\/p>\n<p>Davvero una bella lezione di storia della fotografia in Cadore quella che il mio primo capo redazione a Il Gazzettino nonch\u00e9 amico caro, Fiorello Zangrando, ha firmato nel libro \u201cUn saluto dal Cadore\u201d, edito nel 1981 con Arti Grafiche di Bologna da Nuovi Sentieri dell\u2019altro amico, Bepi Pellegrinon, in collaborazione con Eronda Graphic Design e Monticelli di Padova per le fotoselezioni, commentando le vecchie cartoline della raccolta di Benito Pagnussat. Ponendosi la domanda: \u201cE in Cadore?\u201d, Zangrando ci spiega che \u201cLa fotografia, come invenzione e come artigianato di realizzazione e di riproduzione, vi fu introdotta da Giacomo e Cesare Riva di Calalzo, l\u2019uno nato il 1818 e morto il 1912, l\u2019altro che visse tra il 1829 ed il 1913\u201d. Erano i tempi in cui non esistevano produzioni in serie di materiali sensibili per la fotografia. Toccava costruirseli: e forse in questo, pi\u00f9 che non nello stesso fotografare, consistevano il lustro e l\u2019orgoglio della ditta\u201d. Sottolineava poi che: \u201cla carta sensibile su cui la stampa si eseguiva mediante la luce solare, era cosparsa d\u2019uno strato di allumina. Le lastre di vetro, pel negativo, erano spalmate d\u2019una emulsione al collodio, ma ben presto apparve preferibile sostituirvi il bromuro d\u2019argento. Ricavavano questo metallo da vecchie monete e da altri oggetti comperati per poco dalla gente del paese. Nel laboratorio dietro la piazza, sopra un improvvisato crogiolo, lo fondevano e lo colavano sulle lastre. Addetta alla fusione (vera custode del fuoco, come una vestale) era la moglie di Giacomo, Caterina\u201d. Aggiungeva quindi che \u201cOgni soggetto era buono da fotografare, per i Riva. Non si specializzarono in un genere: fecero ritratti e paesaggi, avvenimenti e scenette, sebbene preferissero soggetti di caccia e di montagna. E in ogni settore eccelsero. Nel paesaggio \u00e8 rimasta celebre una veduta di Calalzo, eseguita intorno al \u201970, equilibrata come un quadro, perfetta e pure morbidissima nel contrasto dei toni. Ma &#8211; e qui concludeva lo specifico discorso &#8211; \u201cmolte altre vedute composero i Riva, in tutto il Cadore &#8211; le chiese e i cidoli, i campi e le carrozze &#8211; in Carnia e nello Zoldano dove si recavano ogni due o tre anni, a turno, su richiesta di rivenditori e di clienti\u201d. A questo punto, partendo da Lozzo di Cadore, presentiamo alcune delle immagini che impreziosiscono il libro di Pellegrinon, Zangrando e Pagnussat: la prima ha questa didascalia: \u201cLozzo spazia lontano. Eccolo con lo sfondo della vallata del Piave, le sue case solide e ben costruite, con l\u2019uso intenso della pietra. Pare impossibile, ma ciascuno di questi villaggi cadorini finisce per assumere un volto, per essere identificabile\u201d. Segue quella per cui Fiorello Zangrando scrive questa dicitura: \u201cMusatti, Fanton, Chiggiato e tanti altri nomi famosi di alpinisti, siglano questa veduta del rifugio Tiziano alle Marmarole, pubblicata dal berlinese Hermann. Sono i tempi eroici dell\u2019alpinismo, di un alpinismo possibile, come probabilmente scriverebbe ancor oggi il mio amico Giuseppe Pellegrinon\u201d. Terza foto, quella di \u201cLozzo di Cadore &#8211; Via alla piazza\u201d cos\u00ec descritta: \u201cLozzo \u00e8 uno dei paesi che hanno nei loro annali pi\u00f9 antiche radici. Qui i romani, quelli di duemila anni fa, hanno lasciato cospicui segni della loro civilt\u00e0. Il borgo sorge sotto un lastrone che si sbriciola, ma presenta caratteristiche architettoniche di tutto rispetto. E\u2019 quasi signorile\u201d. Segue \u201cUn ricordo da Lozzo di Cadore\u201d con l\u2019immagine che \u00e8 accostata a questo commento: \u201cCerto che non pu\u00f2 competere, quanto a bellezza dell\u2019ambiente, con Pieve o con San Vito, con Sappada o con Auronzo, con Cortina o Misurina. Ma anche Lozzo vuole lanciare il suo messaggio e i tratti sono costituiti dal santuario di Loreto, dal monumento ai caduti, da uno sguardo sul Tudaio\u201d. Andiamo avanti e leggiamo accanto alla quarta immagine: \u201cPer passare il Piave, occorre superare una forra di dimensioni rispettabili. Il tragitto per Pelos, e poi su su per gli altri borghi \u00e8 assicurato da un ponte provvisorio. Vale forse la pena di notare come esso sia costruito seguendo un disegno ardito e regole d\u2019ottima carpenteria\u201d. E siamo dunque a Pelos di cui l\u2019autore scrive: \u201c\u2026 La distanza del paesaggio rispetto a quello del giorno d\u2019oggi \u00e8 davvero enorme. Soprattutto perch\u00e9 l\u2019edilizia vi \u00e8 molto contenuta. Era il momento in cui la montagna si spopolava, o comunque manteneva un equilibrato peso demografico\u201d. Proseguendo si arriva alla fotografia di \u201cLa bella chiesa monumentale di Sant\u2019Orsola a Vigo, che ne va giustamente fiero, come dimostra la cornice di popolo che le sta ai lati, Dentro, un ciclo di affreschi vecchissimi e preziosi, una specie di \u2018fumetto\u2019 una \u2018biblia pauperum\u2019, la storia edificante di un grande momento di religiosit\u00e0\u201d. Altra foto, altra didascalia, questa: \u201cLaggio: in quest\u2019immagine, appare in tutta la sua eleganza. Certo che le case sembrano tutte eguali, con finestre piccole e allineate, inserite in cubi e parallelepipedi senza dimensioni fantasiose. Eppure danno la dimostrazione di una razionalit\u00e0. Al resto pensano i monti\u201d. Siamo cos\u00ec giunti a Lorenzago di Cadore per il quale viene proposta innanzi tutto la cartolina intitolata \u201cUna stella alpina\u201d con Zangrando autore di questa dicitura: \u201cE poi ditemi se non \u00e8 davvero simpatica questa composizione cos\u00ec \u2018kitsch\u2019 di provincia. Il panorama rimpicciolito d\u00e0 l\u2019idea del paese, Lorenzago, e basta cos\u00ec. Ma dove la mettiamo l\u2019improbabile raccoglitrice di fieno, modella d\u2019occasione buona per i foresti? Quei furbi di cartolinai!\u201d. Restiamo in zona con la foto (P. Breveglieri) datata 14.8.908 accostata alla dicitura che dice: \u201cPotere temporale e potere spirituale equamente divisi, nella piazza di Lorenzago. Sulla sinistra il municipio, in mezzo il campanile. Due simboli, oltrech\u00e9 due edifici. E sono, per\u00f2, costruzioni enormi, monumentali. Sembrano quasi sovrastare quegli abitanti formiche che stanno in piazza\u201d. Non manca la cartolina con una casa rustica, cos\u00ec commentata: \u201cQui si torna alla testimonianza impagabile. Beato Daguerre, beati i suoi continuatori. Questa casa rustica col poggiolo lungo ma gi\u00e0 imbastardita da successive manipolazioni. Una specie di relitto vagante in un mare forza nove, dominato dall\u2019incrociatore del palazzo con stipiti di pietra\u201d. Cui segue quella per la quale Zangrando scrive: \u201cMa un saluto da Lorenzago pu\u00f2 venire anche da un\u2019inquadratura tutto sommato banale come questa, Giosu\u00e8 Carducci aveva detto che \u00e8 aprica. Qui l\u2019obiettivo la rende un modesto supporto. Quella macchia nera sulla destra&#8230; e sullo sfondo la villa, e a destra la vetta del campanile\u2026\u201d. Ultima foto (ancora Breveglieri) di questo servizio quella dedicata alla riproduzione di \u201cCred\u00f2n della valle del Cridola m. 2581, viste dalla strada della Mauria (Lorenzago)\u201d a proposito della quale il giornalista-scrittore (cadorino di Perarolo) commenta: \u201cAh, torniamo all\u2019aria aperta, alla visione del grande canale che porta al Cridola. La bicicletta in secondo piano \u00e8 forse quella del fotografo. Sicuramente i due ragazzini che guardano verso di lui sono un paio di ragazzi miserandi, costretti a lavorare alla faccia del bello\u201d.<\/p>\n\n\t\t\t<style type='text\/css'>\n\t\t\t\t#gallery-1 {\n\t\t\t\t\tmargin: auto;\n\t\t\t\t}\n\t\t\t\t#gallery-1 .gallery-item {\n\t\t\t\t\tfloat: left;\n\t\t\t\t\tmargin-top: 10px;\n\t\t\t\t\ttext-align: center;\n\t\t\t\t\twidth: 14%;\n\t\t\t\t}\n\t\t\t\t#gallery-1 img {\n\t\t\t\t\tborder: 2px solid #cfcfcf;\n\t\t\t\t}\n\t\t\t\t#gallery-1 .gallery-caption {\n\t\t\t\t\tmargin-left: 0;\n\t\t\t\t}\n\t\t\t\t\/* see gallery_shortcode() in wp-includes\/media.php *\/\n\t\t\t<\/style>\n\t\t<div id='gallery-1' class='dt-gallery-container gallery galleryid-226746 gallery-columns-7 gallery-size-thumbnail'><dl class='gallery-item'>\n\t\t\t\t<dt class='gallery-icon landscape'>\n\t\t\t\t\t<a class=\"rollover\" href='https:\/\/www.radiopiu.net\/wordpress\/giornale-radiopiu-09-agosto-2021-direttore-mirko-mezzacasa\/231343811_576435227069331_3498066395170499754_n\/'><img loading=\"lazy\" decoding=\"async\" width=\"150\" height=\"150\" src=\"https:\/\/www.radiopiu.net\/wordpress\/wp-content\/uploads\/2021\/08\/231343811_576435227069331_3498066395170499754_n-150x150.jpg\" class=\"attachment-thumbnail size-thumbnail\" alt=\"\" \/><\/a>\n\t\t\t\t<\/dt><\/dl><dl class='gallery-item'>\n\t\t\t\t<dt class='gallery-icon portrait'>\n\t\t\t\t\t<a class=\"rollover\" href='https:\/\/www.radiopiu.net\/wordpress\/giornale-radiopiu-09-agosto-2021-direttore-mirko-mezzacasa\/230460599_235073018621853_7884968719433154033_n\/'><img loading=\"lazy\" decoding=\"async\" width=\"150\" height=\"150\" src=\"https:\/\/www.radiopiu.net\/wordpress\/wp-content\/uploads\/2021\/08\/230460599_235073018621853_7884968719433154033_n-150x150.jpg\" class=\"attachment-thumbnail size-thumbnail\" alt=\"\" \/><\/a>\n\t\t\t\t<\/dt><\/dl><dl class='gallery-item'>\n\t\t\t\t<dt class='gallery-icon landscape'>\n\t\t\t\t\t<a class=\"rollover\" href='https:\/\/www.radiopiu.net\/wordpress\/giornale-radiopiu-09-agosto-2021-direttore-mirko-mezzacasa\/229740786_966267557555442_4726214495037314944_n\/'><img loading=\"lazy\" decoding=\"async\" width=\"150\" height=\"150\" src=\"https:\/\/www.radiopiu.net\/wordpress\/wp-content\/uploads\/2021\/08\/229740786_966267557555442_4726214495037314944_n-150x150.jpg\" class=\"attachment-thumbnail size-thumbnail\" alt=\"\" \/><\/a>\n\t\t\t\t<\/dt><\/dl><dl class='gallery-item'>\n\t\t\t\t<dt class='gallery-icon landscape'>\n\t\t\t\t\t<a class=\"rollover\" href='https:\/\/www.radiopiu.net\/wordpress\/giornale-radiopiu-09-agosto-2021-direttore-mirko-mezzacasa\/228689412_133966985499839_8303923864401523616_n\/'><img loading=\"lazy\" decoding=\"async\" width=\"150\" height=\"150\" src=\"https:\/\/www.radiopiu.net\/wordpress\/wp-content\/uploads\/2021\/08\/228689412_133966985499839_8303923864401523616_n-150x150.jpg\" class=\"attachment-thumbnail size-thumbnail\" alt=\"\" \/><\/a>\n\t\t\t\t<\/dt><\/dl><dl class='gallery-item'>\n\t\t\t\t<dt class='gallery-icon landscape'>\n\t\t\t\t\t<a class=\"rollover\" href='https:\/\/www.radiopiu.net\/wordpress\/giornale-radiopiu-09-agosto-2021-direttore-mirko-mezzacasa\/230092706_217153277083071_1243567529158015331_n\/'><img loading=\"lazy\" decoding=\"async\" width=\"150\" height=\"150\" src=\"https:\/\/www.radiopiu.net\/wordpress\/wp-content\/uploads\/2021\/08\/230092706_217153277083071_1243567529158015331_n-150x150.jpg\" class=\"attachment-thumbnail size-thumbnail\" alt=\"\" \/><\/a>\n\t\t\t\t<\/dt><\/dl><dl class='gallery-item'>\n\t\t\t\t<dt class='gallery-icon landscape'>\n\t\t\t\t\t<a class=\"rollover\" href='https:\/\/www.radiopiu.net\/wordpress\/giornale-radiopiu-09-agosto-2021-direttore-mirko-mezzacasa\/229513294_247748110506567_8520934683656008220_n\/'><img loading=\"lazy\" decoding=\"async\" width=\"150\" height=\"150\" src=\"https:\/\/www.radiopiu.net\/wordpress\/wp-content\/uploads\/2021\/08\/229513294_247748110506567_8520934683656008220_n-150x150.jpg\" class=\"attachment-thumbnail size-thumbnail\" alt=\"\" \/><\/a>\n\t\t\t\t<\/dt><\/dl><dl class='gallery-item'>\n\t\t\t\t<dt class='gallery-icon landscape'>\n\t\t\t\t\t<a class=\"rollover\" href='https:\/\/www.radiopiu.net\/wordpress\/giornale-radiopiu-09-agosto-2021-direttore-mirko-mezzacasa\/232363964_591159751884448_4011915028096261751_n\/'><img loading=\"lazy\" decoding=\"async\" width=\"150\" height=\"150\" src=\"https:\/\/www.radiopiu.net\/wordpress\/wp-content\/uploads\/2021\/08\/232363964_591159751884448_4011915028096261751_n-150x150.jpg\" class=\"attachment-thumbnail size-thumbnail\" alt=\"\" \/><\/a>\n\t\t\t\t<\/dt><\/dl><br style=\"clear: both\" \/><dl class='gallery-item'>\n\t\t\t\t<dt class='gallery-icon portrait'>\n\t\t\t\t\t<a class=\"rollover\" href='https:\/\/www.radiopiu.net\/wordpress\/giornale-radiopiu-09-agosto-2021-direttore-mirko-mezzacasa\/231135342_4648567038542790_7836500946648026628_n\/'><img loading=\"lazy\" decoding=\"async\" width=\"150\" height=\"150\" src=\"https:\/\/www.radiopiu.net\/wordpress\/wp-content\/uploads\/2021\/08\/231135342_4648567038542790_7836500946648026628_n-150x150.jpg\" class=\"attachment-thumbnail size-thumbnail\" alt=\"\" \/><\/a>\n\t\t\t\t<\/dt><\/dl><dl class='gallery-item'>\n\t\t\t\t<dt class='gallery-icon landscape'>\n\t\t\t\t\t<a class=\"rollover\" href='https:\/\/www.radiopiu.net\/wordpress\/giornale-radiopiu-09-agosto-2021-direttore-mirko-mezzacasa\/230074560_536705087562820_1095372049708063845_n\/'><img loading=\"lazy\" decoding=\"async\" width=\"150\" height=\"150\" src=\"https:\/\/www.radiopiu.net\/wordpress\/wp-content\/uploads\/2021\/08\/230074560_536705087562820_1095372049708063845_n-150x150.jpg\" class=\"attachment-thumbnail size-thumbnail\" alt=\"\" \/><\/a>\n\t\t\t\t<\/dt><\/dl><dl class='gallery-item'>\n\t\t\t\t<dt class='gallery-icon landscape'>\n\t\t\t\t\t<a class=\"rollover\" href='https:\/\/www.radiopiu.net\/wordpress\/giornale-radiopiu-09-agosto-2021-direttore-mirko-mezzacasa\/229941931_263772095210165_3932375942757340904_n\/'><img loading=\"lazy\" decoding=\"async\" width=\"150\" height=\"150\" src=\"https:\/\/www.radiopiu.net\/wordpress\/wp-content\/uploads\/2021\/08\/229941931_263772095210165_3932375942757340904_n-150x150.jpg\" class=\"attachment-thumbnail size-thumbnail\" alt=\"\" \/><\/a>\n\t\t\t\t<\/dt><\/dl><dl class='gallery-item'>\n\t\t\t\t<dt class='gallery-icon landscape'>\n\t\t\t\t\t<a class=\"rollover\" href='https:\/\/www.radiopiu.net\/wordpress\/giornale-radiopiu-09-agosto-2021-direttore-mirko-mezzacasa\/228716977_517073302714544_4468350831425789415_n\/'><img loading=\"lazy\" decoding=\"async\" width=\"150\" height=\"150\" src=\"https:\/\/www.radiopiu.net\/wordpress\/wp-content\/uploads\/2021\/08\/228716977_517073302714544_4468350831425789415_n-150x150.jpg\" class=\"attachment-thumbnail size-thumbnail\" alt=\"\" \/><\/a>\n\t\t\t\t<\/dt><\/dl><dl class='gallery-item'>\n\t\t\t\t<dt class='gallery-icon landscape'>\n\t\t\t\t\t<a class=\"rollover\" href='https:\/\/www.radiopiu.net\/wordpress\/giornale-radiopiu-09-agosto-2021-direttore-mirko-mezzacasa\/229513419_869741997291306_4720837895324516955_n\/'><img loading=\"lazy\" decoding=\"async\" width=\"150\" height=\"150\" src=\"https:\/\/www.radiopiu.net\/wordpress\/wp-content\/uploads\/2021\/08\/229513419_869741997291306_4720837895324516955_n-150x150.jpg\" class=\"attachment-thumbnail size-thumbnail\" alt=\"\" \/><\/a>\n\t\t\t\t<\/dt><\/dl><dl class='gallery-item'>\n\t\t\t\t<dt class='gallery-icon portrait'>\n\t\t\t\t\t<a class=\"rollover\" href='https:\/\/www.radiopiu.net\/wordpress\/giornale-radiopiu-09-agosto-2021-direttore-mirko-mezzacasa\/230631488_226309412716108_5644743166033140032_n\/'><img loading=\"lazy\" decoding=\"async\" width=\"150\" height=\"150\" src=\"https:\/\/www.radiopiu.net\/wordpress\/wp-content\/uploads\/2021\/08\/230631488_226309412716108_5644743166033140032_n-150x150.jpg\" class=\"attachment-thumbnail size-thumbnail\" alt=\"\" \/><\/a>\n\t\t\t\t<\/dt><\/dl>\n\t\t\t\t<br style='clear: both' \/>\n\t\t\t<\/div>\n\n<p>&nbsp;<\/p>\n","protected":false},"excerpt":{"rendered":"<p>di\u00a0 RENATO BONA Davvero una bella lezione di storia della fotografia in Cadore quella che il mio primo capo redazione a Il Gazzettino nonch\u00e9 amico caro, Fiorello Zangrando, ha firmato nel libro \u201cUn saluto dal Cadore\u201d, edito nel 1981 con Arti Grafiche di Bologna da Nuovi Sentieri dell\u2019altro amico, Bepi Pellegrinon, in collaborazione con Eronda&hellip;<\/p>\n","protected":false},"author":4,"featured_media":226750,"comment_status":"closed","ping_status":"open","sticky":false,"template":"","format":"standard","meta":{"_monsterinsights_skip_tracking":false,"_monsterinsights_sitenote_active":false,"_monsterinsights_sitenote_note":"","_monsterinsights_sitenote_category":0,"footnotes":""},"categories":[1,104,49],"tags":[],"class_list":["post-226746","post","type-post","status-publish","format-standard","has-post-thumbnail","hentry","category-senza-categoria","category-evidenza_3","category-news-18","category-1","category-104","category-49","description-off"],"img_url":"https:\/\/www.radiopiu.net\/wordpress\/wp-content\/uploads\/2021\/08\/229740786_966267557555442_4726214495037314944_n.jpg","_links":{"self":[{"href":"https:\/\/www.radiopiu.net\/wordpress\/wp-json\/wp\/v2\/posts\/226746","targetHints":{"allow":["GET"]}}],"collection":[{"href":"https:\/\/www.radiopiu.net\/wordpress\/wp-json\/wp\/v2\/posts"}],"about":[{"href":"https:\/\/www.radiopiu.net\/wordpress\/wp-json\/wp\/v2\/types\/post"}],"author":[{"embeddable":true,"href":"https:\/\/www.radiopiu.net\/wordpress\/wp-json\/wp\/v2\/users\/4"}],"replies":[{"embeddable":true,"href":"https:\/\/www.radiopiu.net\/wordpress\/wp-json\/wp\/v2\/comments?post=226746"}],"version-history":[{"count":0,"href":"https:\/\/www.radiopiu.net\/wordpress\/wp-json\/wp\/v2\/posts\/226746\/revisions"}],"wp:featuredmedia":[{"embeddable":true,"href":"https:\/\/www.radiopiu.net\/wordpress\/wp-json\/wp\/v2\/media\/226750"}],"wp:attachment":[{"href":"https:\/\/www.radiopiu.net\/wordpress\/wp-json\/wp\/v2\/media?parent=226746"}],"wp:term":[{"taxonomy":"category","embeddable":true,"href":"https:\/\/www.radiopiu.net\/wordpress\/wp-json\/wp\/v2\/categories?post=226746"},{"taxonomy":"post_tag","embeddable":true,"href":"https:\/\/www.radiopiu.net\/wordpress\/wp-json\/wp\/v2\/tags?post=226746"}],"curies":[{"name":"wp","href":"https:\/\/api.w.org\/{rel}","templated":true}]}}