{"id":226961,"date":"2021-08-10T05:39:33","date_gmt":"2021-08-10T03:39:33","guid":{"rendered":"https:\/\/www.radiopiu.net\/wordpress\/?p=226961"},"modified":"2021-08-10T05:39:33","modified_gmt":"2021-08-10T03:39:33","slug":"i-delitti-di-alleghe-alla-radio-con-lattore-roberto-faoro","status":"publish","type":"post","link":"https:\/\/www.radiopiu.net\/wordpress\/i-delitti-di-alleghe-alla-radio-con-lattore-roberto-faoro\/","title":{"rendered":"I delitti di Alleghe alla radio con l&#8217;attore Roberto Faoro."},"content":{"rendered":"<p>&nbsp;<\/p>\n<blockquote>\n<h1><\/h1>\n<h1><a href=\"https:\/\/www.radiopiu.net\/wordpress\/giornale-radiopiu-28-giugno-2021-direttore-mirko-mezzacasa\/d387af2d-5fd5-45f0-aac2-6b610c874311\/\" rel=\"attachment wp-att-218517\"><img loading=\"lazy\" decoding=\"async\" class=\"size-medium wp-image-218517 alignleft\" src=\"https:\/\/www.radiopiu.net\/wordpress\/wp-content\/uploads\/2021\/06\/d387af2d-5fd5-45f0-aac2-6b610c874311-300x225.jpg\" alt=\"\" width=\"300\" height=\"225\" srcset=\"https:\/\/www.radiopiu.net\/wordpress\/wp-content\/uploads\/2021\/06\/d387af2d-5fd5-45f0-aac2-6b610c874311-300x225.jpg 300w, https:\/\/www.radiopiu.net\/wordpress\/wp-content\/uploads\/2021\/06\/d387af2d-5fd5-45f0-aac2-6b610c874311-1024x768.jpg 1024w, https:\/\/www.radiopiu.net\/wordpress\/wp-content\/uploads\/2021\/06\/d387af2d-5fd5-45f0-aac2-6b610c874311-768x576.jpg 768w, https:\/\/www.radiopiu.net\/wordpress\/wp-content\/uploads\/2021\/06\/d387af2d-5fd5-45f0-aac2-6b610c874311-1536x1152.jpg 1536w, https:\/\/www.radiopiu.net\/wordpress\/wp-content\/uploads\/2021\/06\/d387af2d-5fd5-45f0-aac2-6b610c874311.jpg 1600w\" sizes=\"auto, (max-width: 300px) 100vw, 300px\" \/><\/a>Il mistero avvolge la\u00a0<strong>Provincia di Belluno<\/strong>!\u00a0<strong>Alleghe<\/strong>\u00a0\u00e8 una rinomata localit\u00e0 turistica baciata da un&#8217;incantevole cornice naturale, immersa sulle\u00a0<strong>Dolomiti Bellunesi<\/strong>.<\/h1>\n<\/blockquote>\n<p>Questo piccolo paese montano \u00e8 stato teatro di un&#8217;oscura vicenda delittuosa, che racchiude in s\u00e8 i meccanismi tipici e le dinamiche pi\u00f9 inquietanti della\u00a0<strong>cronaca nera<\/strong>. Una lunga sequenza di morti distribuite su un arco temporale lungo ben tredici anni, archiviate dalla\u00a0<strong>magistratura italiana<\/strong>\u00a0nelle maniere pi\u00f9 fantasiose che, grazie alla curiosit\u00e0, lungimiranza e intraprendenza di\u00a0<strong>Sergio Saviane<\/strong>\u00a0prima e di un abile carabiniere poi, \u00e8 stata portata faticosamente alla luce.\u00a0Questi casi, a piena ragione, sono tuttora etichettati come\u00a0<strong>&#8220;I Misteri di Alleghe&#8221;<\/strong>.<\/p>\n<p>Per la prima volta nella storia del libro I Misteri di Alleghe grazie a <strong><em>Radio Pi\u00f9 e Mirko Mezzacasa e alla voce di Roberto Faoro <\/em><\/strong>la voce di Saviane raggiunge Alleghe, entra nelle case, libera, senza ostacoli dove a distanza di oltre 50 anni non \u00e8 ancora possibile portare lo spettacolo teatrale. In questo modo diamo il diritto di scegliere alla popolazione, di ascoltare liberi. Questa \u00e8 la meraviglia della Radio, un bene prezioso per la collettivit\u00e0 a tutto campo, dalla cultura all\u2019informazione.<\/p>\n<p>Un atto d\u2019amore nei confronti del grande giornalista e di questo incredibile libro, di questa incredibile storia, unica al mondo e non solo per la cronaca nera ma soprattutto per il coraggio dimostrato da tanti protagonisti senza i quali Saviane non avrebbe potuto raccontare nulla. \u00a0Le musiche sono di Antonio Fiabane, al pianoforte Mambrini.<\/p>\n<p>Ascolta i podcast delle puntate, cliccando sul seguente link:<\/p>\n<p><a href=\"http:\/\/www.radiopiu.net\/wordpress\/i-misteri-di-alleghe-di-sergio-saviane-alla-radio-con-lattore-roberto-faoro-il-podcast\/\">www.radiopiu.net\/wordpress\/i-misteri-di-alleghe-di-sergio-saviane-alla-radio-con-lattore-roberto-faoro-il-podcast\/<\/a><\/p>\n<p><strong>\u00a0<\/strong><\/p>\n<p>&nbsp;<\/p>\n","protected":false},"excerpt":{"rendered":"<p>&nbsp; Il mistero avvolge la\u00a0Provincia di Belluno!\u00a0Alleghe\u00a0\u00e8 una rinomata localit\u00e0 turistica baciata da un&#8217;incantevole cornice naturale, immersa sulle\u00a0Dolomiti Bellunesi. Questo piccolo paese montano \u00e8 stato teatro di un&#8217;oscura vicenda delittuosa, che racchiude in s\u00e8 i meccanismi tipici e le dinamiche pi\u00f9 inquietanti della\u00a0cronaca nera. Una lunga sequenza di morti distribuite su un arco temporale lungo&hellip;<\/p>\n","protected":false},"author":4,"featured_media":218517,"comment_status":"closed","ping_status":"open","sticky":false,"template":"","format":"standard","meta":{"_monsterinsights_skip_tracking":false,"_monsterinsights_sitenote_active":false,"_monsterinsights_sitenote_note":"","_monsterinsights_sitenote_category":0,"footnotes":""},"categories":[104,49],"tags":[],"class_list":["post-226961","post","type-post","status-publish","format-standard","has-post-thumbnail","hentry","category-evidenza_3","category-news-18","category-104","category-49","description-off"],"img_url":"https:\/\/www.radiopiu.net\/wordpress\/wp-content\/uploads\/2021\/06\/d387af2d-5fd5-45f0-aac2-6b610c874311.jpg","_links":{"self":[{"href":"https:\/\/www.radiopiu.net\/wordpress\/wp-json\/wp\/v2\/posts\/226961","targetHints":{"allow":["GET"]}}],"collection":[{"href":"https:\/\/www.radiopiu.net\/wordpress\/wp-json\/wp\/v2\/posts"}],"about":[{"href":"https:\/\/www.radiopiu.net\/wordpress\/wp-json\/wp\/v2\/types\/post"}],"author":[{"embeddable":true,"href":"https:\/\/www.radiopiu.net\/wordpress\/wp-json\/wp\/v2\/users\/4"}],"replies":[{"embeddable":true,"href":"https:\/\/www.radiopiu.net\/wordpress\/wp-json\/wp\/v2\/comments?post=226961"}],"version-history":[{"count":0,"href":"https:\/\/www.radiopiu.net\/wordpress\/wp-json\/wp\/v2\/posts\/226961\/revisions"}],"wp:featuredmedia":[{"embeddable":true,"href":"https:\/\/www.radiopiu.net\/wordpress\/wp-json\/wp\/v2\/media\/218517"}],"wp:attachment":[{"href":"https:\/\/www.radiopiu.net\/wordpress\/wp-json\/wp\/v2\/media?parent=226961"}],"wp:term":[{"taxonomy":"category","embeddable":true,"href":"https:\/\/www.radiopiu.net\/wordpress\/wp-json\/wp\/v2\/categories?post=226961"},{"taxonomy":"post_tag","embeddable":true,"href":"https:\/\/www.radiopiu.net\/wordpress\/wp-json\/wp\/v2\/tags?post=226961"}],"curies":[{"name":"wp","href":"https:\/\/api.w.org\/{rel}","templated":true}]}}