{"id":227052,"date":"2021-08-10T11:50:13","date_gmt":"2021-08-10T09:50:13","guid":{"rendered":"https:\/\/www.radiopiu.net\/wordpress\/?p=227052"},"modified":"2021-08-11T05:43:15","modified_gmt":"2021-08-11T03:43:15","slug":"luca-zaia-in-diretta-da-palazzo-balbi-a-venezia","status":"publish","type":"post","link":"https:\/\/www.radiopiu.net\/wordpress\/luca-zaia-in-diretta-da-palazzo-balbi-a-venezia\/","title":{"rendered":"LUCA ZAIA IN DIRETTA DA PALAZZO BALBI A VENEZIA"},"content":{"rendered":"<p><strong>VENEZIA<\/strong> Conferenza stampa di Luca Zaia da Palazzo Balbi a Venezia<\/p>\n<p>604 positivi, 1,26% l&#8217;incidenza, 229 ricoverati, 206 in area non critica 23 in terapia intensiva. C&#8217;\u00e8 un timido lento incremento dei ricoverati, siamo ancora al 2% di riempimento della terapia intensiva e area non critica. Ma siamo preoccupati per questo incremento, gli esperti parlano di un giro di boa a met\u00e0-fine agosto. L&#8217;ultimo cluster \u00e8 stato scoperto a Caorle nella colonia dei ragazzi. Lavoriamo per portare i tamponi salivari (molto meno invasivi) nelle scuole. Vogliamo le scuole riaperte in presenza con il progetto sentinella gi\u00e0 a settembre.<strong> STOP AI TAMPONI GRATUITI<\/strong> Non \u00e8 una decisione contro qualcuno, il personale ci serve negli ospedali e poi oltre 50mila tamponi al giorno creano code rischiando di lasciare in lunga attesa chi ha il virus.\u00a0 Le tariffe sono stabilite dall&#8217;accordo con Figliuolo, 8 per i minorenni o 15 euro per i maggiorenni (22 per chi viene da fuori regione ndr.). Hanno aderito 600 farmacie, noi come pubblico dotiamo le strutture sanitarie di Pos per i pagamenti. <strong>TERZA DOSE<\/strong> I primi ad essere interessati saranno i lavoratori della sanit\u00e0, delle Rsa, cio\u00e8 i primi che sono stati vaccinati nel 2020.\u00a0 <strong>RICOVERATI\u00a0<\/strong> Il 66% dei ricoverati non \u00e8 vaccinato, in via empirica il vaccino attutisce l&#8217;impatto del virus non ti porta in terapia intensiva e nemmeno i ricoverati sono gravi, per la maggioranza sono cinquantenni. <strong>SCUOLA<\/strong> 82% degli operatori sono vaccinati, per il resto possiamo solo fare appelli. Chiediamo il sacrificio ai docenti che diventino esempio per la vaccinazione. <strong>FINANZIAMENTO PER I SUPPLENTI, C&#8217;E&#8217; ANCHE PER I SANITARI?\u00a0<\/strong> Sui sanitari non mi risulta il resto \u00e8 un problema dell&#8217;ufficio scolastico, il personale non \u00e8 nostro. Per i sanitari sono fiducioso passer\u00e0 anche questo momento. I diversi direttori generali stanno cercando gli incastri migliori per compensare, ci sono professionalit\u00e0 importanti per questo auspico si vaccinino.<\/p>\n<p>&nbsp;<\/p>\n<p>https:\/\/www.facebook.com\/zaiaufficiale\/videos\/245659920743458<\/p>\n","protected":false},"excerpt":{"rendered":"<p>VENEZIA Conferenza stampa di Luca Zaia da Palazzo Balbi a Venezia 604 positivi, 1,26% l&#8217;incidenza, 229 ricoverati, 206 in area non critica 23 in terapia intensiva. C&#8217;\u00e8 un timido lento incremento dei ricoverati, siamo ancora al 2% di riempimento della terapia intensiva e area non critica. Ma siamo preoccupati per questo incremento, gli esperti parlano&hellip;<\/p>\n","protected":false},"author":4,"featured_media":175303,"comment_status":"closed","ping_status":"open","sticky":false,"template":"","format":"standard","meta":{"_monsterinsights_skip_tracking":false,"_monsterinsights_sitenote_active":false,"_monsterinsights_sitenote_note":"","_monsterinsights_sitenote_category":0,"footnotes":""},"categories":[1,104,49],"tags":[],"class_list":["post-227052","post","type-post","status-publish","format-standard","has-post-thumbnail","hentry","category-senza-categoria","category-evidenza_3","category-news-18","category-1","category-104","category-49","description-off"],"img_url":"https:\/\/www.radiopiu.net\/wordpress\/wp-content\/uploads\/2020\/11\/ZAIA-MASCHERINA-e1616680380412.png","_links":{"self":[{"href":"https:\/\/www.radiopiu.net\/wordpress\/wp-json\/wp\/v2\/posts\/227052","targetHints":{"allow":["GET"]}}],"collection":[{"href":"https:\/\/www.radiopiu.net\/wordpress\/wp-json\/wp\/v2\/posts"}],"about":[{"href":"https:\/\/www.radiopiu.net\/wordpress\/wp-json\/wp\/v2\/types\/post"}],"author":[{"embeddable":true,"href":"https:\/\/www.radiopiu.net\/wordpress\/wp-json\/wp\/v2\/users\/4"}],"replies":[{"embeddable":true,"href":"https:\/\/www.radiopiu.net\/wordpress\/wp-json\/wp\/v2\/comments?post=227052"}],"version-history":[{"count":0,"href":"https:\/\/www.radiopiu.net\/wordpress\/wp-json\/wp\/v2\/posts\/227052\/revisions"}],"wp:featuredmedia":[{"embeddable":true,"href":"https:\/\/www.radiopiu.net\/wordpress\/wp-json\/wp\/v2\/media\/175303"}],"wp:attachment":[{"href":"https:\/\/www.radiopiu.net\/wordpress\/wp-json\/wp\/v2\/media?parent=227052"}],"wp:term":[{"taxonomy":"category","embeddable":true,"href":"https:\/\/www.radiopiu.net\/wordpress\/wp-json\/wp\/v2\/categories?post=227052"},{"taxonomy":"post_tag","embeddable":true,"href":"https:\/\/www.radiopiu.net\/wordpress\/wp-json\/wp\/v2\/tags?post=227052"}],"curies":[{"name":"wp","href":"https:\/\/api.w.org\/{rel}","templated":true}]}}