{"id":227086,"date":"2021-08-10T14:51:48","date_gmt":"2021-08-10T12:51:48","guid":{"rendered":"https:\/\/www.radiopiu.net\/wordpress\/?p=227086"},"modified":"2021-08-10T14:51:51","modified_gmt":"2021-08-10T12:51:51","slug":"i-consigli-della-ulss-1-dolomiti-per-fronteggiare-il-caldo","status":"publish","type":"post","link":"https:\/\/www.radiopiu.net\/wordpress\/i-consigli-della-ulss-1-dolomiti-per-fronteggiare-il-caldo\/","title":{"rendered":"I CONSIGLI DELLA ULSS 1 DOLOMITI PER FRONTEGGIARE IL CALDO"},"content":{"rendered":"<p><strong><a href=\"https:\/\/www.radiopiu.net\/wordpress\/i-consigli-della-ulss-1-dolomiti-per-fronteggiare-il-caldo\/schermata-2021-08-10-alle-14-49-07\/\" rel=\"attachment wp-att-227088\"><img loading=\"lazy\" decoding=\"async\" class=\"size-medium wp-image-227088 alignleft\" src=\"https:\/\/www.radiopiu.net\/wordpress\/wp-content\/uploads\/2021\/08\/Schermata-2021-08-10-alle-14.49.07-300x137.png\" alt=\"\" width=\"300\" height=\"137\" srcset=\"https:\/\/www.radiopiu.net\/wordpress\/wp-content\/uploads\/2021\/08\/Schermata-2021-08-10-alle-14.49.07-300x137.png 300w, https:\/\/www.radiopiu.net\/wordpress\/wp-content\/uploads\/2021\/08\/Schermata-2021-08-10-alle-14.49.07-1024x467.png 1024w, https:\/\/www.radiopiu.net\/wordpress\/wp-content\/uploads\/2021\/08\/Schermata-2021-08-10-alle-14.49.07-768x350.png 768w, https:\/\/www.radiopiu.net\/wordpress\/wp-content\/uploads\/2021\/08\/Schermata-2021-08-10-alle-14.49.07.png 1236w\" sizes=\"auto, (max-width: 300px) 100vw, 300px\" \/><\/a>BELLUNO <\/strong>L\u2019Azienda ULSS 1 Dolomiti, nell\u2019ambito dei piani promossi dalla Regione del Veneto per fronteggiare l\u2019emergenza relativa al disagio da elevata temperatura, ha attivato un progetto per dare aiuto in caso vengano richiesti interventi a supporto di persone in stato di bisogno. Il piano di intervento permette inoltre di individuare preventivamente situazioni a rischio e segnalarle alla rete dei Servizi per un intervento tempestivo. Il piano, infatti, pu\u00f2 essere attivato per il singolo caso dal Medico di Medicina Generale, dal Medico del Servizio di Continuit\u00e0 Assistenziale (ex Guardia Medica), dagli Assistenti Sociali e dal SUEM 118 o Pronto Soccorso attraverso la Centrale Operativa Territoriale. Le situazioni di rilievo clinico saranno comunque affrontate e risolte in ambito sanitario. Inoltre, nel sito <a href=\"http:\/\/www.aulss1.veneto.it\/\">www.aulss1.veneto.it<\/a> area notizie \u00e8 pubblicato un opuscoletto con i consigli utili per fronteggiare il caldo. La popolazione maggiormente a rischio \u00e8 rappresentata dai bambini di et\u00e0 compresa tra 0 e 4 anni, diabetici, cardiopatici, ipertesi, soggetti colpiti da malattie venose e patologie renali, non autosufficienti e pazienti sottoposti a trattamenti farmacologici particolarmente pesanti.\u00a0In caso di colpo di calore \u00e8 bene tenere la persona in un luogo fresco, ombroso e possibilmente ventilato, usare un ventilatore per favorire l\u2019evaporazione della pelle bagnata, eseguire spugnature sui polsi, fronte, collo e inguine, porre una borsa di ghiaccio sul capo, integrare i liquidi persi dando da bere acqua e sali minerali, raffreddare la cute con dell\u2019acqua. Di seguito i principali consigli pratici per difendersi dal caldo, rivolti in particolare agli anziani: <strong>Bere molta acqua<\/strong> a temperatura ambiente, anche se non avete sete, <strong>Consumare pasti leggeri<\/strong>, scegliere cibi ricchi di acqua e sali minerali, come frutta, verdura, minestre e minestroni non troppo caldi e cibi privi di grassi come la pasta, il pesce, invece che la carne e formaggi, gelato alla frutta, <strong>Consumare frutta<\/strong> tra un pasto e l\u2019altro, ricca di acqua e sali minerali, <strong>Ridurre l\u2019attivit\u00e0 fisica <\/strong>limitatamente alle fasce orarie pi\u00f9 calde, <strong>Fare attenzione ai condizionatori<\/strong>: sono utili ma \u00e8 bene non creare uno sbalzo di temperatura troppo elevato. Bene, invece, il deumidificatore, <strong>Oscurare le finestre<\/strong> orientate verso il sole nelle ore diurne e ventilare i locali nelle ore mattutine e serali, <strong>Fare<\/strong> <strong>bagni, docce<\/strong> pi\u00f9 frequenti o <strong>spugnature<\/strong> a letto se la persona \u00e8 immobilizzata, <strong>Indossare abiti leggeri,<\/strong> preferire vestiario ampio che non ostacoli la traspirazione, di colore chiaro, di cotone o di lino, <strong>Coprire il capo<\/strong> quando si esce all\u2019aperto e usare occhiali da sole. Fino al 15 settembre sar\u00e0 attivo un supporto telefonico per la raccolta di segnalazioni sia\u00a0 dal numero verde regionale attivo 24 ore su 24 (800535535) che dalla rete dei servizi ospedalieri e territoriali, tramite il numero telefonico della CENTRALE OPERATIVA TERRITORIALE (COT) 0437 514558 a cui risponde un operatore COT dalle 8:00 alle 21:00, dal luned\u00ec alla domenica, compresi i giorni festivi.<\/p>\n<p>&nbsp;<\/p>\n<p><strong>IL VOLANTINO DELLA ULSS 1 DOLOMITI<\/strong><\/p>\n<a href=\"https:\/\/www.radiopiu.net\/wordpress\/wp-content\/uploads\/2021\/08\/piano-caldo-2021.pdf\" class=\"pdfemb-viewer\" style=\"\" data-width=\"max\" data-height=\"max\" data-toolbar=\"top\" data-toolbar-fixed=\"on\">piano caldo 2021<\/a>\n<p>&nbsp;<\/p>\n<p>&nbsp;<\/p>\n<p>&nbsp;<\/p>\n<p>*****<\/p>\n","protected":false},"excerpt":{"rendered":"<p>BELLUNO L\u2019Azienda ULSS 1 Dolomiti, nell\u2019ambito dei piani promossi dalla Regione del Veneto per fronteggiare l\u2019emergenza relativa al disagio da elevata temperatura, ha attivato un progetto per dare aiuto in caso vengano richiesti interventi a supporto di persone in stato di bisogno. Il piano di intervento permette inoltre di individuare preventivamente situazioni a rischio e&hellip;<\/p>\n","protected":false},"author":4,"featured_media":218959,"comment_status":"closed","ping_status":"open","sticky":false,"template":"","format":"standard","meta":{"_monsterinsights_skip_tracking":false,"_monsterinsights_sitenote_active":false,"_monsterinsights_sitenote_note":"","_monsterinsights_sitenote_category":0,"footnotes":""},"categories":[49],"tags":[],"class_list":["post-227086","post","type-post","status-publish","format-standard","has-post-thumbnail","hentry","category-news-18","category-49","description-off"],"img_url":"https:\/\/www.radiopiu.net\/wordpress\/wp-content\/uploads\/2021\/06\/CALDO-AFA.png","_links":{"self":[{"href":"https:\/\/www.radiopiu.net\/wordpress\/wp-json\/wp\/v2\/posts\/227086","targetHints":{"allow":["GET"]}}],"collection":[{"href":"https:\/\/www.radiopiu.net\/wordpress\/wp-json\/wp\/v2\/posts"}],"about":[{"href":"https:\/\/www.radiopiu.net\/wordpress\/wp-json\/wp\/v2\/types\/post"}],"author":[{"embeddable":true,"href":"https:\/\/www.radiopiu.net\/wordpress\/wp-json\/wp\/v2\/users\/4"}],"replies":[{"embeddable":true,"href":"https:\/\/www.radiopiu.net\/wordpress\/wp-json\/wp\/v2\/comments?post=227086"}],"version-history":[{"count":0,"href":"https:\/\/www.radiopiu.net\/wordpress\/wp-json\/wp\/v2\/posts\/227086\/revisions"}],"wp:featuredmedia":[{"embeddable":true,"href":"https:\/\/www.radiopiu.net\/wordpress\/wp-json\/wp\/v2\/media\/218959"}],"wp:attachment":[{"href":"https:\/\/www.radiopiu.net\/wordpress\/wp-json\/wp\/v2\/media?parent=227086"}],"wp:term":[{"taxonomy":"category","embeddable":true,"href":"https:\/\/www.radiopiu.net\/wordpress\/wp-json\/wp\/v2\/categories?post=227086"},{"taxonomy":"post_tag","embeddable":true,"href":"https:\/\/www.radiopiu.net\/wordpress\/wp-json\/wp\/v2\/tags?post=227086"}],"curies":[{"name":"wp","href":"https:\/\/api.w.org\/{rel}","templated":true}]}}