{"id":227092,"date":"2021-08-10T15:23:57","date_gmt":"2021-08-10T13:23:57","guid":{"rendered":"https:\/\/www.radiopiu.net\/wordpress\/?p=227092"},"modified":"2021-08-10T15:36:27","modified_gmt":"2021-08-10T13:36:27","slug":"replica-massaro-lega-su-organico-polizia-locale-non-alzero-le-tasse-per-loro","status":"publish","type":"post","link":"https:\/\/www.radiopiu.net\/wordpress\/replica-massaro-lega-su-organico-polizia-locale-non-alzero-le-tasse-per-loro\/","title":{"rendered":"REPLICA MASSARO &#8211; LEGA SU ORGANICO POLIZIA LOCALE \u00abNON ALZERO&#8217; LE TASSE PER LORO\u00bb"},"content":{"rendered":"<p><strong><a href=\"https:\/\/www.radiopiu.net\/wordpress\/lintervento-del-sindaco-di-belluno-jacopo-massaro-dopo-il-nuovo-dpcm\/jacopo-massaro-5\/\" rel=\"attachment wp-att-121070\"><img loading=\"lazy\" decoding=\"async\" class=\"size-medium wp-image-121070 alignleft\" src=\"https:\/\/www.radiopiu.net\/wordpress\/wp-content\/uploads\/2020\/03\/JACOPO-MASSARO-300x208.jpg\" alt=\"\" width=\"300\" height=\"208\" srcset=\"https:\/\/www.radiopiu.net\/wordpress\/wp-content\/uploads\/2020\/03\/JACOPO-MASSARO-300x208.jpg 300w, https:\/\/www.radiopiu.net\/wordpress\/wp-content\/uploads\/2020\/03\/JACOPO-MASSARO-1024x709.jpg 1024w, https:\/\/www.radiopiu.net\/wordpress\/wp-content\/uploads\/2020\/03\/JACOPO-MASSARO-768x531.jpg 768w, https:\/\/www.radiopiu.net\/wordpress\/wp-content\/uploads\/2020\/03\/JACOPO-MASSARO.jpg 1289w\" sizes=\"auto, (max-width: 300px) 100vw, 300px\" \/><\/a>BELLUNO <\/strong>\u00ab<em>Mi fa piacere che anche i rappresentanti della Lega si siano finalmente resi conto dei problemi di organico che colpiscono tutte le amministrazioni pubbliche, e non solo la nostra Polizia Locale. Questo \u00e8 il frutto di politiche nazionali che portano la firma anche dell&#8217;allora Lega Nord, con i governi Berlusconi del 2002 e del 2008: il blocco del turnover, ossia l&#8217;impossibilit\u00e0 per gli enti pubblici di assumere dipendenti in sostituzione di persone che andavano in pensione o semplicemente lasciavano il lavoro, ha portato alla distruzione dell&#8217;amministrazione pubblica. Ci sono voluti anni per avere un allentamento del blocco del turnover, finora mai sbloccato del tutto perch\u00e9 quando ci si \u00e8 provato poi non sono mai stati approvati i decreti attuativi, e solamente ora c&#8217;\u00e8 stata un&#8217;apertura, che per\u00f2 \u00e8 concessa solo a quei comuni che hanno un particolare rapporto positivo tra entrate e spese. Per il Comune di Belluno, vista l&#8217;impossibilit\u00e0 di tagliare le spese se non vogliamo ridurre i servizi ai cittadini, questo non \u00e8 possibile, a meno di aumentare le tasse, ma mi auguro che la proposta della Lega non sia quella di andare a mettere le mani nelle tasche dei cittadini e delle imprese in questo momento di enorme crisi. Abbiamo perseguito tutti gli spiragli finora possibili, mentre tutti i tagli che si sono abbattuti sugli enti pubblici \u2013 tra i quali quello ai fondi della rigenerazione urbana del 2018 con la Lega nel Governo Conte I e la recente riduzione di 710mila euro, quasi il 90% in meno, dei trasferimenti per le funzioni fondamentali, risorse che ci avrebbero permesso di sostenere gli stipendi di nuovi agenti di polizia locale \u2013 non ci consentono quei margini di manovra che un tempo erano disponibili. \u00c8 un tema da approfondire attentamente, e sono disponibile ad illustrarlo ai rappresentanti della Lega, anche in commissione, e li invito ad attivarsi presso il Governo nazionale dove siedono per modificare la attuali norme che ci impediscono di assumere, ed anche presso la Regione Veneto da loro governata per emanare le norme che come comuni stiamo chiedendo da un paio d&#8217;anni per assumere persone da incaricare della gestione del Fondo Povert\u00e0<\/em>\u00bb: cos\u00ec il Sindaco di\u00a0 Belluno Jacopo Massaro replica alle dichiarazioni dei rappresentanti della Lega bellunese in merito ai problemi di organico della Polizia Locale del capoluogo.<\/p>\n<p><strong>IL SINDACO DI BELLUNO JACOPO MASSARO<\/strong><\/p>\n<audio class=\"wp-audio-shortcode\" id=\"audio-227092-1\" preload=\"none\" style=\"width: 100%;\" controls=\"controls\"><source type=\"audio\/mpeg\" src=\"https:\/\/www.radiopiu.net\/wordpress\/wp-content\/uploads\/2021\/08\/MASSARO-LEGA-POLIZIA-LOCALE.mp3?_=1\" \/><a href=\"https:\/\/www.radiopiu.net\/wordpress\/wp-content\/uploads\/2021\/08\/MASSARO-LEGA-POLIZIA-LOCALE.mp3\">https:\/\/www.radiopiu.net\/wordpress\/wp-content\/uploads\/2021\/08\/MASSARO-LEGA-POLIZIA-LOCALE.mp3<\/a><\/audio>\n<p>&nbsp;<\/p>\n<p>*****<\/p>\n","protected":false},"excerpt":{"rendered":"<p>BELLUNO \u00abMi fa piacere che anche i rappresentanti della Lega si siano finalmente resi conto dei problemi di organico che colpiscono tutte le amministrazioni pubbliche, e non solo la nostra Polizia Locale. Questo \u00e8 il frutto di politiche nazionali che portano la firma anche dell&#8217;allora Lega Nord, con i governi Berlusconi del 2002 e del&hellip;<\/p>\n","protected":false},"author":4,"featured_media":121070,"comment_status":"closed","ping_status":"open","sticky":false,"template":"","format":"standard","meta":{"_monsterinsights_skip_tracking":false,"_monsterinsights_sitenote_active":false,"_monsterinsights_sitenote_note":"","_monsterinsights_sitenote_category":0,"footnotes":""},"categories":[49],"tags":[],"class_list":["post-227092","post","type-post","status-publish","format-standard","has-post-thumbnail","hentry","category-news-18","category-49","description-off"],"img_url":"https:\/\/www.radiopiu.net\/wordpress\/wp-content\/uploads\/2020\/03\/JACOPO-MASSARO.jpg","_links":{"self":[{"href":"https:\/\/www.radiopiu.net\/wordpress\/wp-json\/wp\/v2\/posts\/227092","targetHints":{"allow":["GET"]}}],"collection":[{"href":"https:\/\/www.radiopiu.net\/wordpress\/wp-json\/wp\/v2\/posts"}],"about":[{"href":"https:\/\/www.radiopiu.net\/wordpress\/wp-json\/wp\/v2\/types\/post"}],"author":[{"embeddable":true,"href":"https:\/\/www.radiopiu.net\/wordpress\/wp-json\/wp\/v2\/users\/4"}],"replies":[{"embeddable":true,"href":"https:\/\/www.radiopiu.net\/wordpress\/wp-json\/wp\/v2\/comments?post=227092"}],"version-history":[{"count":0,"href":"https:\/\/www.radiopiu.net\/wordpress\/wp-json\/wp\/v2\/posts\/227092\/revisions"}],"wp:featuredmedia":[{"embeddable":true,"href":"https:\/\/www.radiopiu.net\/wordpress\/wp-json\/wp\/v2\/media\/121070"}],"wp:attachment":[{"href":"https:\/\/www.radiopiu.net\/wordpress\/wp-json\/wp\/v2\/media?parent=227092"}],"wp:term":[{"taxonomy":"category","embeddable":true,"href":"https:\/\/www.radiopiu.net\/wordpress\/wp-json\/wp\/v2\/categories?post=227092"},{"taxonomy":"post_tag","embeddable":true,"href":"https:\/\/www.radiopiu.net\/wordpress\/wp-json\/wp\/v2\/tags?post=227092"}],"curies":[{"name":"wp","href":"https:\/\/api.w.org\/{rel}","templated":true}]}}