{"id":227159,"date":"2021-08-12T05:41:00","date_gmt":"2021-08-12T03:41:00","guid":{"rendered":"https:\/\/www.radiopiu.net\/wordpress\/?p=227159"},"modified":"2021-08-12T08:30:45","modified_gmt":"2021-08-12T06:30:45","slug":"giornale-radiopiu-12-agosto-2021-direttore-mirko-mezzacasa","status":"publish","type":"post","link":"https:\/\/www.radiopiu.net\/wordpress\/giornale-radiopiu-12-agosto-2021-direttore-mirko-mezzacasa\/","title":{"rendered":"GIORNALE RADIOPIU 12 AGOSTO 2021 DIRETTORE MIRKO MEZZACASA"},"content":{"rendered":"<div class=\"wpb-content-wrapper\"><blockquote>\n<h3>COMPRIAMO UNA MACCHINA ATTREZZATA PER RICCARDO<\/h3>\n<\/blockquote>\n<p><strong><a href=\"https:\/\/www.radiopiu.net\/wordpress\/compriamo-una-macchina-attrezzata-per-riccardo\/1626340291137881-img-20210714-wa0025\/\" rel=\"attachment wp-att-224370\"><img loading=\"lazy\" decoding=\"async\" class=\"size-medium wp-image-224370 alignleft\" src=\"https:\/\/www.radiopiu.net\/wordpress\/wp-content\/uploads\/2021\/07\/1626340291137881-IMG-20210714-WA0025-169x300.jpg\" sizes=\"auto, (max-width: 169px) 100vw, 169px\" srcset=\"https:\/\/www.radiopiu.net\/wordpress\/wp-content\/uploads\/2021\/07\/1626340291137881-IMG-20210714-WA0025-169x300.jpg 169w, https:\/\/www.radiopiu.net\/wordpress\/wp-content\/uploads\/2021\/07\/1626340291137881-IMG-20210714-WA0025-576x1024.jpg 576w, https:\/\/www.radiopiu.net\/wordpress\/wp-content\/uploads\/2021\/07\/1626340291137881-IMG-20210714-WA0025-768x1365.jpg 768w, https:\/\/www.radiopiu.net\/wordpress\/wp-content\/uploads\/2021\/07\/1626340291137881-IMG-20210714-WA0025.jpg 800w\" alt=\"\" width=\"169\" height=\"300\" \/><\/a>SOSPIROLO<\/strong>\u00a0Radio Pi\u00f9 appoggia l\u2019iniziativa di\u00a0 Agostino Tegner il pap\u00e0 di Riccardo, poche parole le sue ma piene di significato<em>\u00a0\u201cIo e mia moglie stiamo invecchiando e non riusciamo pi\u00f9\u00a0<img loading=\"lazy\" decoding=\"async\" class=\"alignright\" src=\"https:\/\/www.radiopiu.net\/wordpress\/wp-content\/uploads\/2021\/07\/1626451699105964-locandina-riccardo.jpg\" width=\"297\" height=\"167\" \/>a trasportare come si deve il nostro ragazzo, che necessita di una macchina attrezzata con un piano ribassato con pedana\u201d.<\/em><\/p>\n<p>Per questo ha avuto inizio la raccolta fondi che si prefigge lo scopo di raccogliere 35.000 euro entro fine agosto. Ad oggi sono stati versati i primi <span style=\"color: #ff0000;\"><strong>8425<\/strong><\/span>\u00a0euro, per farlo \u00e8 semplice\u00a0<strong><a href=\"https:\/\/www.eppela.com\/it\/projects\/31001-compriamo-una-macchina-attrezzata-per-riccardo\">clicca qui\u00a0<\/a><\/strong><\/p>\n<blockquote><p><em>Riccardo \u00e8 un simpatico ragazzino di 15 anni che vive sulle montagne di Sospirolo. Sempre sorridente e circondato dall\u2019affetto dei suoi cari, Riccardo \u00e8 per\u00f2 costretto a stare sulla sedia a rotelle a causa della distrofia muscolare di Duchenne, di cui \u00e8 affetto dalla nascita.\u00a0 I genitori, dopo anni di sacrifici, hanno deciso di acquistare un\u2019auto munita di pedana per poter trasportare il figlio in modo pi\u00f9 comodo, pratico e sicuro, soprattutto adesso che sta crescendo e il peso \u2013 per i due genitori che stanno diventando anziani \u2013 si fa sempre pi\u00f9 sentire.\u00a0<\/em><\/p><\/blockquote>\n<p>&nbsp;<\/p>\n<hr \/>\n<p>&nbsp;<\/p>\n<blockquote>\n<h3>LA GALLERIA COMELICO RIAPRE IN ORARIO NOTTURNO<\/h3>\n<\/blockquote>\n<p><strong>VENEZIA\u00a0<\/strong>Per limitare i disagi durante le settimane di maggior esodo, Anas ha programmato la sospensione temporanea dei lavori di manutenzione della galleria \u201cComelico\u201d, posta tra il km 81 e il km 85 della strada statale 52 \u201cCarnica\u201d. Da oggi, la galleria sar\u00e0 pertanto transitabile anche in orario notturno. Dalle ore 21 di luned\u00ec 23 agosto sar\u00e0 nuovamente istituito il divieto di transito in orario notturno, con deviazione su viabilit\u00e0 secondaria, fino alle 6 di mattina del giorno successivo. Fino alla fine del mese di agosto la chiusura, il sabato e la domenica, sar\u00e0 attiva dalle ore 22:30 anzich\u00e9 dalle ore 21:00 per creare minor impatto alla circolazione stradale.<\/p>\n<p>&nbsp;<\/p>\n<p>&nbsp;<\/p>\n<hr \/>\n<p>&nbsp;<\/p>\n<blockquote>\n<h3>INTERRUZIONI ENEL<\/h3>\n<\/blockquote>\n<p>A Livinallongo Del Col Di Lana oggi dalle 8:30 alle 11 e dalle 15 alle 19 nelle vie Pallua e Gilera<\/p>\n<p>A Colle Santa Lucia oggi dalle 8 alle 11 nelle vie Varazza, Villagrande e in localit\u00e0 Fedare<\/p>\n<p>&nbsp;<\/p>\n<p>&nbsp;<\/p>\n<hr \/>\n<p>&nbsp;<\/p>\n<p>&nbsp;<\/p>\n<blockquote>\n<h3>RAPINA FALLITA ALLA FIORERIA SILVESTRIN, GIOVANE DEL PAESE MINACCIA LA FIORAIA CON IL COLTELLO E FUGGE.<\/h3>\n<p>dal corriere delle Alpi, Roberto Curto<\/p>\n<p><a href=\"https:\/\/www.radiopiu.net\/wordpress\/giornale-radiopiu-19-giugno-2021-direttore-mirko-mezzacasa\/dav-256\/\" rel=\"attachment wp-att-216782\"><img loading=\"lazy\" decoding=\"async\" class=\"wp-image-216782 alignleft\" src=\"https:\/\/www.radiopiu.net\/wordpress\/wp-content\/uploads\/2021\/06\/CARABINIERI-7-300x225.jpg\" alt=\"\" width=\"173\" height=\"130\" srcset=\"https:\/\/www.radiopiu.net\/wordpress\/wp-content\/uploads\/2021\/06\/CARABINIERI-7-300x225.jpg 300w, https:\/\/www.radiopiu.net\/wordpress\/wp-content\/uploads\/2021\/06\/CARABINIERI-7-1024x768.jpg 1024w, https:\/\/www.radiopiu.net\/wordpress\/wp-content\/uploads\/2021\/06\/CARABINIERI-7-768x576.jpg 768w, https:\/\/www.radiopiu.net\/wordpress\/wp-content\/uploads\/2021\/06\/CARABINIERI-7-1536x1152.jpg 1536w, https:\/\/www.radiopiu.net\/wordpress\/wp-content\/uploads\/2021\/06\/CARABINIERI-7-2048x1536.jpg 2048w\" sizes=\"auto, (max-width: 173px) 100vw, 173px\" \/><\/a><\/p>\n<h3>FELTRE\u00a0 Alle 16.30 del pomeriggio, imbacuccato dalla testa ai piedi nel goffo tentativo di nascondersi voleva l&#8217;incasso della Fioreria Silvestrin e ha minacciato la proprietaria Sara Silvestrin con il\u00a0 machete. Il giovane si \u00e8 poi liberato\u00a0 della refurtiva (poche decine di euro) e dell&#8217;arma bianca, inseguito a piedi da un testimone. Il ragazzo residente a Pedavena\u00a0 \u00e8 stato raggiunto dai carabinieri di Santa Giustina.<\/h3>\n<h3>Il rapinatore, una volta entrato in casa si \u00e8 tolto i pesanti abiti che indossava per tornare fuori con un abbigliamento decisamente pi\u00f9 estivo. Un colpo finito male con una lunga serata trascorsa nella caserma dei carabinieri di Feltre. Militari e testimone hanno trovato lo zainetto con la refurtiva. Del machete, invece, non c&#8217;\u00e8 traccia.<\/h3>\n<\/blockquote>\n<p>&nbsp;<\/p>\n<p>&nbsp;<\/p>\n<hr \/>\n<blockquote>\n<h3><\/h3>\n<h3>SCIVOLA NEL BOSCO VICINO AL RIFUGIO BOCCHETTE<\/h3>\n<\/blockquote>\n<p><strong><a href=\"https:\/\/www.radiopiu.net\/wordpress\/malore-per-il-gestore-del-bivacco-casera-cimonega\/salt_20210724_162331_639\/\" rel=\"attachment wp-att-223838\"><img loading=\"lazy\" decoding=\"async\" class=\" wp-image-223838 alignleft\" src=\"https:\/\/www.radiopiu.net\/wordpress\/wp-content\/uploads\/2021\/07\/salt_20210724_162331_639-300x225.jpg\" alt=\"\" width=\"173\" height=\"130\" srcset=\"https:\/\/www.radiopiu.net\/wordpress\/wp-content\/uploads\/2021\/07\/salt_20210724_162331_639-300x225.jpg 300w, https:\/\/www.radiopiu.net\/wordpress\/wp-content\/uploads\/2021\/07\/salt_20210724_162331_639-1024x768.jpg 1024w, https:\/\/www.radiopiu.net\/wordpress\/wp-content\/uploads\/2021\/07\/salt_20210724_162331_639-768x576.jpg 768w, https:\/\/www.radiopiu.net\/wordpress\/wp-content\/uploads\/2021\/07\/salt_20210724_162331_639.jpg 1280w\" sizes=\"auto, (max-width: 173px) 100vw, 173px\" \/><\/a>SEREN DEL GRAPPA<\/strong> Ieri alle 10.20 circa la Centrale del Suem \u00e8 stata allertata per un&#8217;escursionista scivolata in un bosco, non distante dal Rifugio Bocchette, dove si trovava con amici. La donna, di 55 anni, aveva messo male un piede riportando in probabile trauma. Atterrati su una stradina nelle vicinanze, equipe medica e tecnico di elisoccorso dell&#8217;elicottero del Suem di Pieve di Cadore la hanno raggiunta, stabilizzata e imbarellata, per poi trasportarla con l&#8217;aiuto dei presenti fino all&#8217;imbarco. L&#8217;eliambulanza \u00e8 poi volata all&#8217;ospedale di Feltre.<\/p>\n<p>&nbsp;<\/p>\n<p>&nbsp;<\/p>\n<hr \/>\n<p>&nbsp;<\/p>\n<blockquote>\n<h3>DUE INCIDENTI IN MONTAGNA TRA LIVINALLONGO E ROCCA PIETORE<\/h3>\n<\/blockquote>\n<p><strong><a href=\"https:\/\/www.radiopiu.net\/wordpress\/torna-la-festa-del-volontariato-cadorino-sabato-1-settembre\/soccorsoalpino\/\" rel=\"attachment wp-att-59164\"><img loading=\"lazy\" decoding=\"async\" class=\" wp-image-59164 alignleft\" src=\"https:\/\/www.radiopiu.net\/wordpress\/wp-content\/uploads\/2018\/08\/soccorsoalpino-300x300.jpg\" alt=\"\" width=\"156\" height=\"156\" srcset=\"https:\/\/www.radiopiu.net\/wordpress\/wp-content\/uploads\/2018\/08\/soccorsoalpino-300x300.jpg 300w, https:\/\/www.radiopiu.net\/wordpress\/wp-content\/uploads\/2018\/08\/soccorsoalpino-150x150.jpg 150w, https:\/\/www.radiopiu.net\/wordpress\/wp-content\/uploads\/2018\/08\/soccorsoalpino-768x768.jpg 768w, https:\/\/www.radiopiu.net\/wordpress\/wp-content\/uploads\/2018\/08\/soccorsoalpino-1024x1024.jpg 1024w, https:\/\/www.radiopiu.net\/wordpress\/wp-content\/uploads\/2018\/08\/soccorsoalpino.jpg 1200w\" sizes=\"auto, (max-width: 156px) 100vw, 156px\" \/><\/a>LIVINALLONGO <\/strong>Attorno alle 15.20 il Soccorso alpino di Livinallongo \u00e8 stato allertato per un ciclista caduto con la propria mountain bike tra il Rifugio Bec de Roces e il Rifugio Plan Bo\u00e8. Una squadra \u00e8 salita in jeep e ha imbarcato M.B., 39 anni di Trieste, con un probabile trauma alla gamba e lo ha trasportato fino all&#8217;ambulanza, partita in direzione dell&#8217;ospedale di Agordo.<\/p>\n<p><strong>ROCCA PIETORE <\/strong>Attorno alle 16.10 il Soccorso alpino della Val Pettorina \u00e8 intervenuto alla Baita al Sole, zona Malga Ciapela, per un escursionista che si era fatto male alla caviglia non distante dalla strada. D.C., 26 anni, di Genova \u00e8 stato quindi accompagnato all&#8217;ambulanza.<\/p>\n<p>&nbsp;<\/p>\n<p>&nbsp;<\/p>\n<p>&nbsp;<\/p>\n<hr \/>\n<p>&nbsp;<\/p>\n<blockquote>\n<h3>RECUPERATA CORDATA SULLA MARMOLADA<\/h3>\n<\/blockquote>\n<p><strong><img loading=\"lazy\" decoding=\"async\" class=\"alignleft\" src=\"https:\/\/www.radiopiu.net\/wordpress\/wp-content\/uploads\/2021\/08\/salt_20210811_194152_941.jpg\" width=\"152\" height=\"203\" \/> <\/strong><\/p>\n<p><strong>\u00a0<\/strong><\/p>\n<p><strong>\u00a0<\/strong><\/p>\n<p><strong>ROCCA PIETORE<\/strong> Ormai quasi prossimi all&#8217;uscita della Via Vinatzer &#8211; Messner, due alpinisti\u00a0 si 34 e 28 anni,\u00a0 bresciani,\u00a0 hanno sbagliato traccia, ritrovandosi bloccati su una sosta senza poter pi\u00f9 progredire. Sbarcata l&#8217;equipe medica al Rifugio Falier, l&#8217;elicottero \u00e8 salito di quota fino a individuare la cordata, sulla verticale con Punta Rocca. Calato con un verricello di 75 metri, in due rotazioni il tecnico di elisoccorso ha recuperato entrambi gli scalatori, trasportati poi al Falier.<\/p>\n<p>&nbsp;<\/p>\n<p>&nbsp;<\/p>\n<p>&nbsp;<\/p>\n<p>&nbsp;<\/p>\n<hr \/>\n<p>&nbsp;<\/p>\n<blockquote>\n<h3>A BELLUNO SI MUORE ANCORA DI COVID, 644 VITTIME DA INIZIO EPIDEMIA<\/h3>\n<\/blockquote>\n<p><strong>BELLUNO<\/strong> La comunicazione \u00e8 arrivata dalla ULSS 1 Dolomiti. Nella serata del 10 agosto 2021 \u00e8 deceduto un paziente covid positivo, pluripatologico, ricoverato in area non critica all\u2019ospedale di Belluno. L&#8217;uomo 80 anni era stato vaccinato. Le persone positive ricoverate sono 4: uno, non vaccinato, rientra nella fascia d&#8217;et\u00e0 tra i 15 e i 49 anni; due hanno tra i 50 e i 69 anni (uno risulta vaccinato, l&#8217;altro no); e una ha pi\u00f9 di 80 anni (non vaccinato). Oltre al paziente che ha perso la vita un secondo \u00e8 stato invece\u00a0 negativizzato.<\/p>\n<p>&nbsp;<\/p>\n<hr \/>\n<p>&nbsp;<\/p>\n<blockquote>\n<h3>TRE FERITI NELL&#8217;INCIDENTE A ERTO E CASSO<\/h3>\n<\/blockquote>\n<p><strong>LONGARONE<\/strong> Alle 17:50, i vigili del fuoco sono intervenuti lungo Via Serrada a Erto e Casso per un\u2019auto finita capovolta nel campo sportivo dopo aver sfondato il guardrail ed essere precipitata per circa 20 metri: tre I feriti. I pompieri arrivati da Belluno, hanno messo in sicurezza l\u2019auto ed estratto un giovane Walid Corona 38 anni rimasto incastrato, mentre Flavio Martinelli 33 anni di Pordenone e Daniele Corona (35) sono riusciti a venire fuori autonomamente dalla Lancia Y. I feriti sono stati assistiti dai sanitari del 118 per poi essere trasferiti due in ambulanza e uno in elicottero in ospedale. I carabinieri hanno eseguito i rilievi del sinistro. Le operazioni di soccorso dei vigili del fuoco sono terminate dopo circa un\u2019ora e mezza.<\/p>\n\n\t\t\t<style type='text\/css'>\n\t\t\t\t#gallery-1 {\n\t\t\t\t\tmargin: auto;\n\t\t\t\t}\n\t\t\t\t#gallery-1 .gallery-item {\n\t\t\t\t\tfloat: left;\n\t\t\t\t\tmargin-top: 10px;\n\t\t\t\t\ttext-align: center;\n\t\t\t\t\twidth: 20%;\n\t\t\t\t}\n\t\t\t\t#gallery-1 img {\n\t\t\t\t\tborder: 2px solid #cfcfcf;\n\t\t\t\t}\n\t\t\t\t#gallery-1 .gallery-caption {\n\t\t\t\t\tmargin-left: 0;\n\t\t\t\t}\n\t\t\t\t\/* see gallery_shortcode() in wp-includes\/media.php *\/\n\t\t\t<\/style>\n\t\t<div id='gallery-1' class='dt-gallery-container gallery galleryid-227159 gallery-columns-5 gallery-size-thumbnail'><dl class='gallery-item'>\n\t\t\t\t<dt class='gallery-icon landscape'>\n\t\t\t\t\t<a class=\"rollover rollover-zoom dt-pswp-item\" title=\"a7759c95-291b-4d7d-9988-51af8fca0355\" data-dt-img-description=\"\" data-large_image_width=\"816\" data-large_image_height=\"556\"href='https:\/\/www.radiopiu.net\/wordpress\/wp-content\/uploads\/2021\/08\/a7759c95-291b-4d7d-9988-51af8fca0355.jpg'><img loading=\"lazy\" decoding=\"async\" width=\"150\" height=\"150\" src=\"https:\/\/www.radiopiu.net\/wordpress\/wp-content\/uploads\/2021\/08\/a7759c95-291b-4d7d-9988-51af8fca0355-150x150.jpg\" class=\"attachment-thumbnail size-thumbnail\" alt=\"\" \/><\/a>\n\t\t\t\t<\/dt><\/dl><dl class='gallery-item'>\n\t\t\t\t<dt class='gallery-icon landscape'>\n\t\t\t\t\t<a class=\"rollover rollover-zoom dt-pswp-item\" title=\"445bf9bf-598e-46c9-90ec-57644232728c\" data-dt-img-description=\"\" data-large_image_width=\"1088\" data-large_image_height=\"590\"href='https:\/\/www.radiopiu.net\/wordpress\/wp-content\/uploads\/2021\/08\/445bf9bf-598e-46c9-90ec-57644232728c.jpg'><img loading=\"lazy\" decoding=\"async\" width=\"150\" height=\"150\" src=\"https:\/\/www.radiopiu.net\/wordpress\/wp-content\/uploads\/2021\/08\/445bf9bf-598e-46c9-90ec-57644232728c-150x150.jpg\" class=\"attachment-thumbnail size-thumbnail\" alt=\"\" \/><\/a>\n\t\t\t\t<\/dt><\/dl><dl class='gallery-item'>\n\t\t\t\t<dt class='gallery-icon landscape'>\n\t\t\t\t\t<a class=\"rollover rollover-zoom dt-pswp-item\" title=\"48bba3d2-e6d4-461e-b486-75a73489b36c\" data-dt-img-description=\"\" data-large_image_width=\"1062\" data-large_image_height=\"590\"href='https:\/\/www.radiopiu.net\/wordpress\/wp-content\/uploads\/2021\/08\/48bba3d2-e6d4-461e-b486-75a73489b36c.jpg'><img loading=\"lazy\" decoding=\"async\" width=\"150\" height=\"150\" src=\"https:\/\/www.radiopiu.net\/wordpress\/wp-content\/uploads\/2021\/08\/48bba3d2-e6d4-461e-b486-75a73489b36c-150x150.jpg\" class=\"attachment-thumbnail size-thumbnail\" alt=\"\" \/><\/a>\n\t\t\t\t<\/dt><\/dl><dl class='gallery-item'>\n\t\t\t\t<dt class='gallery-icon portrait'>\n\t\t\t\t\t<a class=\"rollover rollover-zoom dt-pswp-item\" title=\"a7b30159-e731-499a-82b3-04bb8b4c986a\" data-dt-img-description=\"\" data-large_image_width=\"590\" data-large_image_height=\"998\"href='https:\/\/www.radiopiu.net\/wordpress\/wp-content\/uploads\/2021\/08\/a7b30159-e731-499a-82b3-04bb8b4c986a.jpg'><img loading=\"lazy\" decoding=\"async\" width=\"150\" height=\"150\" src=\"https:\/\/www.radiopiu.net\/wordpress\/wp-content\/uploads\/2021\/08\/a7b30159-e731-499a-82b3-04bb8b4c986a-150x150.jpg\" class=\"attachment-thumbnail size-thumbnail\" alt=\"\" \/><\/a>\n\t\t\t\t<\/dt><\/dl><dl class='gallery-item'>\n\t\t\t\t<dt class='gallery-icon landscape'>\n\t\t\t\t\t<a class=\"rollover rollover-zoom dt-pswp-item\" title=\"8c11b1fa-ad29-41f9-b214-70af03ff9806\" data-dt-img-description=\"\" data-large_image_width=\"1010\" data-large_image_height=\"590\"href='https:\/\/www.radiopiu.net\/wordpress\/wp-content\/uploads\/2021\/08\/8c11b1fa-ad29-41f9-b214-70af03ff9806.jpg'><img loading=\"lazy\" decoding=\"async\" width=\"150\" height=\"150\" src=\"https:\/\/www.radiopiu.net\/wordpress\/wp-content\/uploads\/2021\/08\/8c11b1fa-ad29-41f9-b214-70af03ff9806-150x150.jpg\" class=\"attachment-thumbnail size-thumbnail\" alt=\"\" \/><\/a>\n\t\t\t\t<\/dt><\/dl><br style=\"clear: both\" \/>\n\t\t\t<\/div>\n\n<p>&nbsp;<\/p>\n<hr \/>\n<p>&nbsp;<\/p>\n<blockquote>\n<h3>ATTIMI DI PAURA A TAIBON<\/h3>\n<\/blockquote>\n<p><strong><a href=\"https:\/\/www.radiopiu.net\/wordpress\/attimi-di-paura-a-taibon-nella-serata-di-ieri\/schermata-2021-08-11-alle-21-55-20\/\" rel=\"attachment wp-att-227345\"><img loading=\"lazy\" decoding=\"async\" class=\" wp-image-227345 alignleft\" src=\"https:\/\/www.radiopiu.net\/wordpress\/wp-content\/uploads\/2021\/08\/Schermata-2021-08-11-alle-21.55.20-300x239.png\" alt=\"\" width=\"132\" height=\"105\" srcset=\"https:\/\/www.radiopiu.net\/wordpress\/wp-content\/uploads\/2021\/08\/Schermata-2021-08-11-alle-21.55.20-300x239.png 300w, https:\/\/www.radiopiu.net\/wordpress\/wp-content\/uploads\/2021\/08\/Schermata-2021-08-11-alle-21.55.20-1024x816.png 1024w, https:\/\/www.radiopiu.net\/wordpress\/wp-content\/uploads\/2021\/08\/Schermata-2021-08-11-alle-21.55.20-768x612.png 768w, https:\/\/www.radiopiu.net\/wordpress\/wp-content\/uploads\/2021\/08\/Schermata-2021-08-11-alle-21.55.20-1536x1223.png 1536w, https:\/\/www.radiopiu.net\/wordpress\/wp-content\/uploads\/2021\/08\/Schermata-2021-08-11-alle-21.55.20.png 1730w\" sizes=\"auto, (max-width: 132px) 100vw, 132px\" \/><\/a>TAIBON<\/strong> Solo tanta paura nell&#8217;incidente di ieri sera a Taibon Agordino in Via Aldo Moro, a Villanova sulla strada che porta verso la Valle di San Lucano. Era da poco calato il sole quando, all&#8217;altezza del parcheggio, un ragazzino \u00e8 sbucato da una strada secondaria e in quel momento passava un&#8217;auto diretta verso la Valle di San Lucano. Inevitabile l&#8217;impatto tra l&#8217;auto e la bicicletta del ragazzo. Immediato l&#8217;intervento dell&#8217;ambulanza e dei Carabinieri per le verifiche del caso. <em>(foto Google Maps)<\/em><\/p>\n<p>&nbsp;<\/p>\n<p>&nbsp;<\/p>\n<hr \/>\n<p>&nbsp;<\/p>\n<blockquote>\n<h3>CONSIGLIO SORVEGLIANZA ACC-ITALCOMP DI BORGO VALBELLUNA (BL). DONAZZAN, \u201cIL TEMPO \u00c8 SCADUTO.<\/h3>\n<\/blockquote>\n<p><strong><a href=\"https:\/\/www.radiopiu.net\/wordpress\/il-ritorno-al-lavoro-dei-licenzati-dai-cinesi\/acc-mel\/\" rel=\"attachment wp-att-145345\"><img loading=\"lazy\" decoding=\"async\" class=\"size-medium wp-image-145345 alignleft\" src=\"https:\/\/www.radiopiu.net\/wordpress\/wp-content\/uploads\/2020\/06\/ACC-MEL-300x300.png\" alt=\"\" width=\"300\" height=\"300\" srcset=\"https:\/\/www.radiopiu.net\/wordpress\/wp-content\/uploads\/2020\/06\/ACC-MEL-300x300.png 300w, https:\/\/www.radiopiu.net\/wordpress\/wp-content\/uploads\/2020\/06\/ACC-MEL-150x150.png 150w, https:\/\/www.radiopiu.net\/wordpress\/wp-content\/uploads\/2020\/06\/ACC-MEL-768x768.png 768w, https:\/\/www.radiopiu.net\/wordpress\/wp-content\/uploads\/2020\/06\/ACC-MEL.png 796w\" sizes=\"auto, (max-width: 300px) 100vw, 300px\" \/><\/a>VENEZIA <\/strong>Si \u00e8 riunita ieri una sessione straordinaria del Consiglio di Sorveglianza Socio-istituzionale di ACC di Borgo Valbelluna (BL). L\u2019incontro \u00e8 stato fortemente voluto dall\u2019Assessore al lavoro della Regione del Veneto Elena Donazzan, supportata dall\u2019Unit\u00e0 di Crisi regionale, e dal Sindaco di Borgo Valbelluna, Stefano Cesa, per fare il punto della situazione dell\u2019azienda in amministrazione straordinaria. \u201c<em>La situazione \u00e8 drammatica \u2013 indica Donazzan al termine della riunione -. Il tempo, fattore determinante per il futuro di ACC, oggi \u00e8 sostanzialmente scaduto. Dal primo giorno dell\u2019amministrazione straordinaria abbiamo richiamato l\u2019attenzione del Governo affinch\u00e9 si trovasse una strada per garantire il futuro di uno stabilimento che, grazie al sacrificio dei lavoratori e alla loro grande capacit\u00e0 produttiva e di qualit\u00e0 delle produzioni, ha dimostrato il suo grande valore. Grazie, inoltre, alla capacit\u00e0 del Commissario di mantenere rapporti e relazioni con fornitori e clienti, questo stabilimento ha tutti gli indicatori in positivo salvo uno: la parte finanziaria. Oggi ACC sta lavorando senza linee di credito<\/em>\u201d. ACC \u00e8 un\u2019azienda in amministrazione straordinaria, ossia il suo proprietario \u00e8 il Ministero dello Sviluppo Economico (MISE) che ha provveduto a tutelare ai sensi della legge in materia, produzione e lavoratori, indicando un Commissario Straordinario. \u201c<em>Questa \u00e8 un\u2019azienda direttamente riferibile al MISE che ha il compito di tutelarla, principalmente di proteggerla \u2013 sottolinea ancora Donazzan -. \u00c8 evidente che la strada immaginata di trovare imprenditori privati interessati all\u2019acquisizione oggi non sia praticabile. Perch\u00e9 gli imprenditori oggi stanno cercando di garantire le proprie imprese, spesso lavorando in perdita a causa di costi raddoppiati delle materie prime<\/em>\u201d. \u201c<em>Anche se \u2013 continua Donazzan &#8211; avrei voluto riscontrare la disponibilit\u00e0 di imprenditori veneti verso un\u2019azienda, che ha fatto la storia veneta e d\u2019Italia, per rilanciarlo all\u2019interno della filiera dell\u2019elettrodomestico, che oggi sta avendo una notevole ripresa con un pi\u00f9 30% nella nostra regione (dati export Intesa primo trimestre 2021), oggi tutto questo non \u00e8 possibile. A questo punto, se non si ragiona in termini di protezione c\u2019\u00e8 da chiedersi che fine faranno tutte le realt\u00e0 strategiche come quella di Mel nel momento in cui, dopo essere finite in difficolt\u00e0, abbandonate dalla finanza, spolpate da speculazioni o intendimenti come quelli delle multinazionali straniere, cinesi in particolare, che aveva come unico obiettivo portarsi know how e produzioni in Cina, c\u2019\u00e8 da chiedersi che ruolo deve avere la politica e la politica di governo industriale<\/em>\u201d. \u201c<em>Gli sforzi finora prodotti per ACC non sono stati sufficienti \u2013 conclude Donazzan -. In questi mesi frenetici il Governo ha ipotizzato diverse strade attraverso diversi decreti legge, nessuno per\u00f2, ad oggi, \u00e8 andato a buon fine. Oggi riceviamo per ACC l\u2019ennesima, la quinta risposta attendista dall\u2019Europa. Mi aspetto che il Governo trovi modo di essere pi\u00f9 incisivo nei confronti della Commissione Europea e, in ogni caso, trovi il modo di risolvere il problema finanziario della nostra azienda bellunese. Il Governo sta agendo in diverse aziende. anche con azioni straordinarie, penso all\u2019operazione MPS \u2013 Unicredit. Lo faccia anche per ACC<\/em>\u201d.<\/p>\n<p>&nbsp;<\/p>\n<p>&nbsp;<\/p>\n<hr \/>\n<p>&nbsp;<\/p>\n<blockquote>\n<h3>SALVIAMO ACC!! SALVIAMO IL LAVORO!<\/h3>\n<\/blockquote>\n<p><strong><a href=\"https:\/\/www.radiopiu.net\/wordpress\/acc-lopinione-del-segretario-della-fiom-cgil-stefano-bona\/fiom-cgil\/\" rel=\"attachment wp-att-189413\"><img loading=\"lazy\" decoding=\"async\" class=\"size-medium wp-image-189413 alignleft\" src=\"https:\/\/www.radiopiu.net\/wordpress\/wp-content\/uploads\/2021\/02\/FIOM-CGIL-300x91.png\" alt=\"\" width=\"300\" height=\"91\" srcset=\"https:\/\/www.radiopiu.net\/wordpress\/wp-content\/uploads\/2021\/02\/FIOM-CGIL-300x91.png 300w, https:\/\/www.radiopiu.net\/wordpress\/wp-content\/uploads\/2021\/02\/FIOM-CGIL.png 432w\" sizes=\"auto, (max-width: 300px) 100vw, 300px\" \/><\/a>BELLUNO<\/strong> La Fiom di Belluno condivide il grido di allarme e di dolore, dell&#8217;assessore al lavoro della regione Veneto Elena Donazzan in merito alla sempre pi\u00f9 drammatica situazione finanziaria di Acc Wanbao. Ancora una volta giungono dalla commissione europea ulteriori richieste di chiarimenti in merito alla richiesta del governo Italiano di consentire l&#8217;attivazione del fondo di garanzia della legge Prodi, una vergognosa dilazione in merito ad una decisione che attiene al nostro ordinamento giuridico. C&#8217;\u00e8 da chiedersi quale \u00e8 il ruolo e il peso della nostra rappresentanza politica in Europa per difendere e rilanciare le nostre aziende poste sotto tutela e controllo dello stato? Dove sono quelli del &#8220;padroni a casa nostra&#8221; ora che serve difendere e garantire centinaia di posti di lavoro a rischio. Acc \u00e8 la storia industriale e sociale della nostra comunit\u00e0, tutti i bellunesi ad ogni livello istituzionale e sociale sono chiamati ad una resistenza di comunit\u00e0, perch\u00e9 la nostra storia, il lavoro e il sacrificio delle nostre genti non siano vanificati dai colpevoli silenzi comunitari e dalle inerzie governative. Siamo tutte\/i chiamati ad uno sforzo ulteriore.<\/p>\n<p>&nbsp;<\/p>\n<p>&nbsp;<\/p>\n<hr \/>\n<p>&nbsp;<\/p>\n<blockquote>\n<h3 class=\"p1\"><span class=\"s1\">ACC, D\u2019INC\u00c0: \u201cLAVORARE COMPATTI PER IL FUTURO DELLO STABILIMENTO. CHIESTO UN TAVOLO AL MISE\u201d<\/span><\/h3>\n<\/blockquote>\n<p class=\"p1\"><span class=\"s1\"><strong><a href=\"https:\/\/www.radiopiu.net\/wordpress\/giornale-radiopiu-23-aprile-2020-direttore-mirko-mezzacasa\/federico-dinca-3\/\" rel=\"attachment wp-att-132319\"><img loading=\"lazy\" decoding=\"async\" class=\" wp-image-132319 alignleft\" src=\"https:\/\/www.radiopiu.net\/wordpress\/wp-content\/uploads\/2020\/04\/FEDERICO-DINCA-237x300.png\" alt=\"\" width=\"108\" height=\"137\" srcset=\"https:\/\/www.radiopiu.net\/wordpress\/wp-content\/uploads\/2020\/04\/FEDERICO-DINCA-237x300.png 237w, https:\/\/www.radiopiu.net\/wordpress\/wp-content\/uploads\/2020\/04\/FEDERICO-DINCA-808x1024.png 808w, https:\/\/www.radiopiu.net\/wordpress\/wp-content\/uploads\/2020\/04\/FEDERICO-DINCA-768x973.png 768w, https:\/\/www.radiopiu.net\/wordpress\/wp-content\/uploads\/2020\/04\/FEDERICO-DINCA.png 1018w\" sizes=\"auto, (max-width: 108px) 100vw, 108px\" \/><\/a>ROMA<\/strong> \u201c<em>I tempi sono brevi e la situazione \u00e8 sicuramente complessa, ma si sta lavorando in sinergia per trovare una soluzione all\u2019Acc di Borgo Valbelluna: in questo momento \u00e8 importante continuare a fare squadra e a procedere in maniera compatta con tutte le forze sociali e politiche coinvolte<\/em>\u201d. <\/span><span class=\"s1\">\u00c8 il commento di Federico D\u2019Inc\u00e0, Ministro per i Rapporti con il Parlamento, al termine del Consiglio socio-istituzionale di Acc che si \u00e8 svolto oggi. <\/span><span class=\"s1\">\u201c<em>Al Consiglio socio-istituzionale ho rappresentato le ultime indicazioni del Ministero dello Sviluppo Economico: collegandomi in diretta con la segreteria della viceministra Todde, \u00e8 stata evidenziata la presenza di alcuni rilievi che devono essere risolti per trovare una soluzione alla situazione dello stabilimento di Mel. Su questo tema si sta lavorando con attenzione al Mise in accordo con il commissario straordinario Maurizio Castro &#8211; prosegue D\u2019Inc\u00e0, che aggiunge &#8211; mi \u00e8 stato inoltre confermato che questa settimana o la prossima, ci sar\u00e0 la risposta della Commissione Europea sul decreto attuativo per l\u2019articolo 37. Ottenuta l\u2019indicazione dall\u2019Europa, si dovr\u00e0 formulare il decreto ministeriale che andr\u00e0 a normare le modalit\u00e0 per accogliere \u00a0, tramite uno sportello dedicato, le domande da parte delle aziende in amministrazione straordinaria del nostro Paese<\/em>\u201d. <\/span><span class=\"s1\">D\u2019Inc\u00e0 ha inoltre chiesto ai tecnici del Mise \u201c<em>di mantenere il raccordo continuo con il commissario Castro, anche al termine della fase di programmazione dei lavori della Commissione europea. Come richiesto dai sindacati, ho anche avanzato al Ministero la necessit\u00e0 di convocare un tavolo di lavoro in cui le parti sociali possano confrontarsi sul futuro dell\u2019Acc gi\u00e0 ad inizio settembre<\/em>\u201d. <\/span><span class=\"s1\">\u201c<em>Dobbiamo continuare a lavorare per trovare una soluzione, facendo squadra ed evitando divisioni che metterebbero in difficolt\u00e0 il futuro del sito produttivo &#8211; conclude il Ministro per i Rapporti con il Parlamento<\/em>\u201d.<\/span><\/p>\n<p>&nbsp;<\/p>\n<p>&nbsp;<\/p>\n<hr \/>\n<p>&nbsp;<\/p>\n<blockquote>\n<h3>ALTRI 28 VIGILI DEL FUOCO IN PARTENZA DAL VENETO VERSO LA CALABRIA PER L&#8217;EMERGENZA INCENDI BOSCHIVI<\/h3>\n<\/blockquote>\n<p>Altri 28 Vigili del Fuoco, della colonna mobile regionale, sono partiti dai comandi del Veneto per raggiungere Lamezia Terme e rinforzare il dispositivo di soccorso per fronteggiare gli incendi boschivi, che da giorni interessa\u00a0 i Sud Italia. Sale cos\u00ec a 41 il numero dei Vigili del Fuoco dei comandi del Veneto (13 vigili partiti il 9 agosto) che saranno presenti in Calabria, da questa mattina. Personale e mezzi in partenza: Treviso, un modulo operativo antincendio completo che comprende 9 vigili del fuoco, un&#8217;autopompa, un&#8217;autobotte, 2 fuoristrada con modulo antincendio boschivo. Belluno, un modulo operativo antincendio completo che comprende 9 vigili del fuoco, un&#8217;autopompa, un&#8217;autobotte, 2 fuoristrada con modulo antincendio boschivo inoltre come mezzi un autoarticolato e un furgone bus. Venezia, 2 vigili del fuoco con un fuoristrada con modulo antincendio boschivo. Padova,\u00a0 2 vigili del fuoco con un fuoristrada con modulo antincendio. Rovigo, 2\u00a0 vigili del fuoco con un fuoristrada con modulo antincendio. Vicenza, 2\u00a0 vigili del fuoco con un fuoristrada con modulo antincendio. Verona, 2\u00a0 vigili del fuoco con un fuoristrada con modulo antincendio.<\/p>\n\n\t\t\t<style type='text\/css'>\n\t\t\t\t#gallery-2 {\n\t\t\t\t\tmargin: auto;\n\t\t\t\t}\n\t\t\t\t#gallery-2 .gallery-item {\n\t\t\t\t\tfloat: left;\n\t\t\t\t\tmargin-top: 10px;\n\t\t\t\t\ttext-align: center;\n\t\t\t\t\twidth: 25%;\n\t\t\t\t}\n\t\t\t\t#gallery-2 img {\n\t\t\t\t\tborder: 2px solid #cfcfcf;\n\t\t\t\t}\n\t\t\t\t#gallery-2 .gallery-caption {\n\t\t\t\t\tmargin-left: 0;\n\t\t\t\t}\n\t\t\t\t\/* see gallery_shortcode() in wp-includes\/media.php *\/\n\t\t\t<\/style>\n\t\t<div id='gallery-2' class='dt-gallery-container gallery galleryid-227159 gallery-columns-4 gallery-size-thumbnail'><dl class='gallery-item'>\n\t\t\t\t<dt class='gallery-icon landscape'>\n\t\t\t\t\t<a class=\"rollover rollover-zoom dt-pswp-item\" title=\"27806571-30cb-48ff-8cf0-2480f5245d5b\" data-dt-img-description=\"\" data-large_image_width=\"1280\" data-large_image_height=\"961\"href='https:\/\/www.radiopiu.net\/wordpress\/wp-content\/uploads\/2021\/08\/27806571-30cb-48ff-8cf0-2480f5245d5b.jpg'><img loading=\"lazy\" decoding=\"async\" width=\"150\" height=\"150\" src=\"https:\/\/www.radiopiu.net\/wordpress\/wp-content\/uploads\/2021\/08\/27806571-30cb-48ff-8cf0-2480f5245d5b-150x150.jpg\" class=\"attachment-thumbnail size-thumbnail\" alt=\"\" \/><\/a>\n\t\t\t\t<\/dt><\/dl><dl class='gallery-item'>\n\t\t\t\t<dt class='gallery-icon portrait'>\n\t\t\t\t\t<a class=\"rollover rollover-zoom dt-pswp-item\" title=\"ea4a8cfa-8a33-4f5d-b1e3-e9d14ba2d07a\" data-dt-img-description=\"\" data-large_image_width=\"961\" data-large_image_height=\"1280\"href='https:\/\/www.radiopiu.net\/wordpress\/wp-content\/uploads\/2021\/08\/ea4a8cfa-8a33-4f5d-b1e3-e9d14ba2d07a.jpg'><img loading=\"lazy\" decoding=\"async\" width=\"150\" height=\"150\" src=\"https:\/\/www.radiopiu.net\/wordpress\/wp-content\/uploads\/2021\/08\/ea4a8cfa-8a33-4f5d-b1e3-e9d14ba2d07a-150x150.jpg\" class=\"attachment-thumbnail size-thumbnail\" alt=\"\" \/><\/a>\n\t\t\t\t<\/dt><\/dl><dl class='gallery-item'>\n\t\t\t\t<dt class='gallery-icon landscape'>\n\t\t\t\t\t<a class=\"rollover rollover-zoom dt-pswp-item\" title=\"8f31671b-c9fa-4b15-8df8-819e586f91d2\" data-dt-img-description=\"\" data-large_image_width=\"1280\" data-large_image_height=\"961\"href='https:\/\/www.radiopiu.net\/wordpress\/wp-content\/uploads\/2021\/08\/8f31671b-c9fa-4b15-8df8-819e586f91d2.jpg'><img loading=\"lazy\" decoding=\"async\" width=\"150\" height=\"150\" src=\"https:\/\/www.radiopiu.net\/wordpress\/wp-content\/uploads\/2021\/08\/8f31671b-c9fa-4b15-8df8-819e586f91d2-150x150.jpg\" class=\"attachment-thumbnail size-thumbnail\" alt=\"\" \/><\/a>\n\t\t\t\t<\/dt><\/dl><dl class='gallery-item'>\n\t\t\t\t<dt class='gallery-icon landscape'>\n\t\t\t\t\t<a class=\"rollover rollover-zoom dt-pswp-item\" title=\"afdae95b-fc22-4113-b1cf-7dda8be468bb\" data-dt-img-description=\"\" data-large_image_width=\"1280\" data-large_image_height=\"961\"href='https:\/\/www.radiopiu.net\/wordpress\/wp-content\/uploads\/2021\/08\/afdae95b-fc22-4113-b1cf-7dda8be468bb.jpg'><img loading=\"lazy\" decoding=\"async\" width=\"150\" height=\"150\" src=\"https:\/\/www.radiopiu.net\/wordpress\/wp-content\/uploads\/2021\/08\/afdae95b-fc22-4113-b1cf-7dda8be468bb-150x150.jpg\" class=\"attachment-thumbnail size-thumbnail\" alt=\"\" \/><\/a>\n\t\t\t\t<\/dt><\/dl><br style=\"clear: both\" \/>\n\t\t\t<\/div>\n\n<p>&nbsp;<\/p>\n<p>&nbsp;<\/p>\n<p>&nbsp;<\/p>\n<hr \/>\n<p>&nbsp;<\/p>\n<blockquote>\n<h3>DOPO IL CENTRO DI ALLENAMENTO PER IL BIATHLON, L&#8217;AMMINISTRAZIONE DI CANALE PENSA ALLA PISTA DI SLITTINO A COLMEAN<\/h3>\n<\/blockquote>\n<p><strong><a href=\"https:\/\/www.radiopiu.net\/wordpress\/dopo-il-centro-di-allenamento-per-il-biathlon-lamministrazione-di-canale-pensa-alla-pista-di-slittino-a-colmean\/ridolete-2019-1-2\/\" rel=\"attachment wp-att-227355\"><img loading=\"lazy\" decoding=\"async\" class=\"size-medium wp-image-227355 alignleft\" src=\"https:\/\/www.radiopiu.net\/wordpress\/wp-content\/uploads\/2021\/08\/RIDOLETE-2019-1-300x169.jpg\" alt=\"\" width=\"300\" height=\"169\" srcset=\"https:\/\/www.radiopiu.net\/wordpress\/wp-content\/uploads\/2021\/08\/RIDOLETE-2019-1-300x169.jpg 300w, https:\/\/www.radiopiu.net\/wordpress\/wp-content\/uploads\/2021\/08\/RIDOLETE-2019-1-1024x576.jpg 1024w, https:\/\/www.radiopiu.net\/wordpress\/wp-content\/uploads\/2021\/08\/RIDOLETE-2019-1-768x432.jpg 768w, https:\/\/www.radiopiu.net\/wordpress\/wp-content\/uploads\/2021\/08\/RIDOLETE-2019-1-1536x864.jpg 1536w, https:\/\/www.radiopiu.net\/wordpress\/wp-content\/uploads\/2021\/08\/RIDOLETE-2019-1.jpg 1600w\" sizes=\"auto, (max-width: 300px) 100vw, 300px\" \/><\/a>CANALE D&#8217;AGORDO<\/strong><\/p>\n<p>di Gianni Santomaso<\/p>\n<audio class=\"wp-audio-shortcode\" id=\"audio-227159-1\" preload=\"none\" style=\"width: 100%;\" controls=\"controls\"><source type=\"audio\/mpeg\" src=\"https:\/\/www.radiopiu.net\/wordpress\/wp-content\/uploads\/2021\/08\/GIANNI-PISTA-SLITTINO-COLMEAN.mp3?_=1\" \/><a href=\"https:\/\/www.radiopiu.net\/wordpress\/wp-content\/uploads\/2021\/08\/GIANNI-PISTA-SLITTINO-COLMEAN.mp3\">https:\/\/www.radiopiu.net\/wordpress\/wp-content\/uploads\/2021\/08\/GIANNI-PISTA-SLITTINO-COLMEAN.mp3<\/a><\/audio>\n<p>&nbsp;<\/p>\n<hr \/>\n<p>&nbsp;<\/p>\n<blockquote>\n<h3>CI SONO POCHI MEDICI? A BELLUNO ANCORA MENO<\/h3>\n<\/blockquote>\n<p><strong>BELLUNO<\/strong> Sulla carenza di medici interviene la Federazione Specialistica Ambulatoriale, Sindacato Medici Italiani Specialistica Ambulatoriale (Fesba). Lo fa con il portavoce Gianniantonio Cassisi, Terminale Associativo Fespa AULSS 1 Dolomitica. Riportiamo il documento integrale.<\/p>\n<blockquote><p><img loading=\"lazy\" decoding=\"async\" class=\"alignleft\" src=\"https:\/\/www.radiopiu.net\/wordpress\/wp-content\/uploads\/2018\/01\/CroppedImage720439-MEDICI.jpg\" width=\"259\" height=\"158\" \/>Voglio inserirmi nel confronto, sempre pi\u00f9 cogente, della carenza di medici nella nostra provincia bellunese. Non \u00e8 dato capire quale sia l\u2019impegno concreto, attuale ma soprattutto futuro, per scongiurare la perdita o la chiusura di servizi indispensabili e preziosi per il nostro territorio, a fronte di concorsi deserti. Si vorrebbe sorvolare, ma non \u00e8 possibile, sulle politiche miserande che hanno portato a questa situazione grave. Vi sono servizi, spesso mantenuti in piedi solo grazie ad acrobazie amministrative o, peggio, allo sfruttamento del personale medico, oltre i doveri contrattuali e spesso senza gratificazioni: plus-orari quasi mai pagati, rinvio ferie, sovraccarico di pazienti per il medico di famiglia (ben oltre i 1500 assistiti previsti), accorpamenti delle sedi di guardia medica, utilizzo della specialistica ambulatoriale per coprire carenze ospedaliere. Politiche che, sempre nell\u2019ottica del risparmio per Regioni e Universit\u00e0, nelle prime due decadi del XXI secolo hanno portato a ridurre gli accessi ai corsi di laurea in medicina, ai corsi abilitanti per la medicina del territorio e per le discipline specialistiche, contraendo nel contempo, nell\u2019ottica del risparmio, il personale del territorio e degli ospedali, senza una programmazione lungimirante. Ed ora eccoci qua! Paghiamo il conto, noi bellunesi pi\u00f9 degli altri: la nostra provincia non \u00e8 appetibile per giovani medici alla ricerca del primo impiego. Esistono carenze, altrettanto serie, in sedi lavorative pi\u00f9 comode (pianura e citt\u00e0) o, magari, pi\u00f9 prestigiose (universit\u00e0 e ospedali di primo livello). A poco varr\u00e0 il recente aumento del numero di accessi ai corsi di medicina e alle specialit\u00e0, passo positivo, ma insufficiente. La provincia di Belluno \u00e8 gravemente carente nella dirigenza ospedaliera, nella medicina del territorio e nella specialistica ambulatoriale: ci sarebbe posto per tutti! Gi\u00e0 ora ci sono sedi di medicina del territorio senza titolare, reparti a rischio chiusura e carenze di servizio specialistico. I medici di famiglia inseritisi con la riforma del 1980 sono andati o andranno tutti in pensione in pochi anni. La dirigenza medica ospedaliera, comparto dove il ricambio \u00e8 stato fortemente contrastato, sta ormai andando anch\u2019essa verso la pensione o, peggio, in fuga verso impieghi pi\u00f9 tranquilli e dignitosi. La pandemia COVID ha solo fatto emergere problemi che erano gi\u00e0 noti da tempo agli addetti ai lavori. Ci sono pochi medici? A Belluno ce ne sono ancora di meno! La politica dei numeri chiusi (nata per la sovrabbondanza di medici negli anni \u201980 e \u201990), solo in parte pu\u00f2 giustificare questa nostra carenza. Ricorre pi\u00f9 volte in questi tempi la proposta di agevolare i medici provenienti da fuori provincia con incentivi o facilitazioni abitative od organizzative. Un\u2019ipotesi valida, ma sempre percorribile? Perch\u00e9 non proviamo a guardarci in casa? Come mai la provincia di Belluno non ha saputo esprimere un numero sufficiente di medici \u201cnostrani\u201d? Eppure in questi ultimi 20 anni sono stati migliaia i diplomati che avrebbero potuto tentare la strada della professione medica, percorso invero impegnativo e molto lungo. E ai nostri giovani bellunesi laureati in medicina siamo stati capaci di offrire opportunit\u00e0 di lavoro nella propria terra, nel proprio tessuto sociale? Alcuni hanno scelto di rimanere, ma quanti hanno dovuto o voluto emigrare e quanti avrebbero potuto essere trattenuti? La conclusione di questa disamina vuole superare polemiche e dietrologia! Ci\u00f2 che \u00e8 stato fatto \u00e8 stato fatto, ma si pu\u00f2 ancora cambiare! Possono gli Enti che governano il nostro territorio e i rappresentanti politici assumersi l\u2019onere di operare (non solo in auspici), affinch\u00e9 giovani bellunesi intraprendano la professione medica, ora, non fra 10 anni, con progetti concreti e nell\u2019unione di intenti? Per esempio partendo dalle scuole superiori, presentando la bellezza e l\u2019importanza della professione medica nel nostro territorio montano. E\u2019 necessario e doveroso programmare le carenze nei prossimi 5 anni (partendo dal conto delle carenze attuali e dei prossimi pensionamenti) ed intervenire, anche con progetti economici di sostegno, per corsisti bellunesi di formazione in Medicina Generale e di specializzazione. La Regione Veneto ad esempio assegna gi\u00e0 borse di specializzazione a giovani medici, col vincolo di permanenza sul territorio per un certo periodo. Perch\u00e9 non pensarlo come un progetto bellunese? Uno specializzando costa circa 25.000 euro lordi all\u2019anno, un corsista di Medicina Generale circa 11.000 euro. Perch\u00e9 non pensarci? Se riteniamo che il servizio sanitario sia fondamentale in terre disagiate come le nostre, questo diventerebbe un investimento prioritario, nemmeno troppo costoso per gli Enti locali<\/p><\/blockquote>\n<p>&nbsp;<\/p>\n<p>&nbsp;<\/p>\n<hr \/>\n<p>&nbsp;<\/p>\n<blockquote class=\"wp-embedded-content\" data-secret=\"1YTaHncMUc\"><p><a href=\"https:\/\/www.radiopiu.net\/wordpress\/aggiornamentoago11\/\">CORONAVIRUS: AGGIORNAMENTO NAZIONALE 11 AGOSTO  2021<\/a><\/p><\/blockquote>\n<p><iframe loading=\"lazy\" class=\"wp-embedded-content\" sandbox=\"allow-scripts\" security=\"restricted\" style=\"position: absolute; clip: rect(1px, 1px, 1px, 1px);\" title=\"&#8220;CORONAVIRUS: AGGIORNAMENTO NAZIONALE 11 AGOSTO  2021&#8221; &#8212; Radio Pi\u00f9\" src=\"https:\/\/www.radiopiu.net\/wordpress\/aggiornamentoago11\/embed\/#?secret=1YTaHncMUc\" data-secret=\"1YTaHncMUc\" width=\"600\" height=\"338\" frameborder=\"0\" marginwidth=\"0\" marginheight=\"0\" scrolling=\"no\"><\/iframe><\/p>\n<p>&nbsp;<\/p>\n<blockquote class=\"wp-embedded-content\" data-secret=\"Cp1Rx7hO4o\"><p><a href=\"https:\/\/www.radiopiu.net\/wordpress\/nelle-ultime-24-ore-si-sono-registrate-620-nuove-positivita-in-veneto-calano-i-ricoveri-in-area-non-critica-ma-aumentano-le-terapie-intensive-nessun-decesso\/\">NELLE ULTIME 24 ORE SI SONO REGISTRATE 620 NUOVE POSITIVITA&#8217; IN VENETO. CALANO I RICOVERI IN AREA NON CRITICA MA AUMENTANO LE TERAPIE INTENSIVE. NESSUN DECESSO<\/a><\/p><\/blockquote>\n<p><iframe loading=\"lazy\" class=\"wp-embedded-content\" sandbox=\"allow-scripts\" security=\"restricted\" style=\"position: absolute; clip: rect(1px, 1px, 1px, 1px);\" title=\"&#8220;NELLE ULTIME 24 ORE SI SONO REGISTRATE 620 NUOVE POSITIVITA&#8217; IN VENETO. CALANO I RICOVERI IN AREA NON CRITICA MA AUMENTANO LE TERAPIE INTENSIVE. NESSUN DECESSO&#8221; &#8212; Radio Pi\u00f9\" src=\"https:\/\/www.radiopiu.net\/wordpress\/nelle-ultime-24-ore-si-sono-registrate-620-nuove-positivita-in-veneto-calano-i-ricoveri-in-area-non-critica-ma-aumentano-le-terapie-intensive-nessun-decesso\/embed\/#?secret=Cp1Rx7hO4o\" data-secret=\"Cp1Rx7hO4o\" width=\"600\" height=\"338\" frameborder=\"0\" marginwidth=\"0\" marginheight=\"0\" scrolling=\"no\"><\/iframe><\/p>\n<p>&nbsp;<\/p>\n<h3>I GRAFICI DI TIZIANO DE COL<\/h3>\n\n\t\t\t<style type='text\/css'>\n\t\t\t\t#gallery-3 {\n\t\t\t\t\tmargin: auto;\n\t\t\t\t}\n\t\t\t\t#gallery-3 .gallery-item {\n\t\t\t\t\tfloat: left;\n\t\t\t\t\tmargin-top: 10px;\n\t\t\t\t\ttext-align: center;\n\t\t\t\t\twidth: 20%;\n\t\t\t\t}\n\t\t\t\t#gallery-3 img {\n\t\t\t\t\tborder: 2px solid #cfcfcf;\n\t\t\t\t}\n\t\t\t\t#gallery-3 .gallery-caption {\n\t\t\t\t\tmargin-left: 0;\n\t\t\t\t}\n\t\t\t\t\/* see gallery_shortcode() in wp-includes\/media.php *\/\n\t\t\t<\/style>\n\t\t<div id='gallery-3' class='dt-gallery-container gallery galleryid-227159 gallery-columns-5 gallery-size-medium'><dl class='gallery-item'>\n\t\t\t\t<dt class='gallery-icon landscape'>\n\t\t\t\t\t<a class=\"rollover rollover-zoom dt-pswp-item\" title=\"cbc514ca-bcec-42df-b440-6fbda26f5bf2\" data-dt-img-description=\"\" data-large_image_width=\"593\" data-large_image_height=\"361\"href='https:\/\/www.radiopiu.net\/wordpress\/wp-content\/uploads\/2021\/08\/cbc514ca-bcec-42df-b440-6fbda26f5bf2.jpg'><img loading=\"lazy\" decoding=\"async\" width=\"300\" height=\"183\" src=\"https:\/\/www.radiopiu.net\/wordpress\/wp-content\/uploads\/2021\/08\/cbc514ca-bcec-42df-b440-6fbda26f5bf2-300x183.jpg\" class=\"attachment-medium size-medium\" alt=\"\" srcset=\"https:\/\/www.radiopiu.net\/wordpress\/wp-content\/uploads\/2021\/08\/cbc514ca-bcec-42df-b440-6fbda26f5bf2-300x183.jpg 300w, https:\/\/www.radiopiu.net\/wordpress\/wp-content\/uploads\/2021\/08\/cbc514ca-bcec-42df-b440-6fbda26f5bf2.jpg 593w\" sizes=\"auto, (max-width: 300px) 100vw, 300px\" \/><\/a>\n\t\t\t\t<\/dt><\/dl><dl class='gallery-item'>\n\t\t\t\t<dt class='gallery-icon landscape'>\n\t\t\t\t\t<a class=\"rollover rollover-zoom dt-pswp-item\" title=\"fe275f5c-2254-42fb-acf6-c1abb5aebf72\" data-dt-img-description=\"\" data-large_image_width=\"608\" data-large_image_height=\"352\"href='https:\/\/www.radiopiu.net\/wordpress\/wp-content\/uploads\/2021\/08\/fe275f5c-2254-42fb-acf6-c1abb5aebf72.jpg'><img loading=\"lazy\" decoding=\"async\" width=\"300\" height=\"174\" src=\"https:\/\/www.radiopiu.net\/wordpress\/wp-content\/uploads\/2021\/08\/fe275f5c-2254-42fb-acf6-c1abb5aebf72-300x174.jpg\" class=\"attachment-medium size-medium\" alt=\"\" srcset=\"https:\/\/www.radiopiu.net\/wordpress\/wp-content\/uploads\/2021\/08\/fe275f5c-2254-42fb-acf6-c1abb5aebf72-300x174.jpg 300w, https:\/\/www.radiopiu.net\/wordpress\/wp-content\/uploads\/2021\/08\/fe275f5c-2254-42fb-acf6-c1abb5aebf72.jpg 608w\" sizes=\"auto, (max-width: 300px) 100vw, 300px\" \/><\/a>\n\t\t\t\t<\/dt><\/dl><dl class='gallery-item'>\n\t\t\t\t<dt class='gallery-icon landscape'>\n\t\t\t\t\t<a class=\"rollover rollover-zoom dt-pswp-item\" title=\"56c8ad92-58f4-46e9-9c93-500b180f36db\" data-dt-img-description=\"\" data-large_image_width=\"608\" data-large_image_height=\"355\"href='https:\/\/www.radiopiu.net\/wordpress\/wp-content\/uploads\/2021\/08\/56c8ad92-58f4-46e9-9c93-500b180f36db.jpg'><img loading=\"lazy\" decoding=\"async\" width=\"300\" height=\"175\" src=\"https:\/\/www.radiopiu.net\/wordpress\/wp-content\/uploads\/2021\/08\/56c8ad92-58f4-46e9-9c93-500b180f36db-300x175.jpg\" class=\"attachment-medium size-medium\" alt=\"\" srcset=\"https:\/\/www.radiopiu.net\/wordpress\/wp-content\/uploads\/2021\/08\/56c8ad92-58f4-46e9-9c93-500b180f36db-300x175.jpg 300w, https:\/\/www.radiopiu.net\/wordpress\/wp-content\/uploads\/2021\/08\/56c8ad92-58f4-46e9-9c93-500b180f36db.jpg 608w\" sizes=\"auto, (max-width: 300px) 100vw, 300px\" \/><\/a>\n\t\t\t\t<\/dt><\/dl><dl class='gallery-item'>\n\t\t\t\t<dt class='gallery-icon landscape'>\n\t\t\t\t\t<a class=\"rollover rollover-zoom dt-pswp-item\" title=\"ed3d0ab6-1c84-4d36-b856-0ba4fc5b141a\" data-dt-img-description=\"\" data-large_image_width=\"618\" data-large_image_height=\"354\"href='https:\/\/www.radiopiu.net\/wordpress\/wp-content\/uploads\/2021\/08\/ed3d0ab6-1c84-4d36-b856-0ba4fc5b141a.jpg'><img loading=\"lazy\" decoding=\"async\" width=\"300\" height=\"172\" src=\"https:\/\/www.radiopiu.net\/wordpress\/wp-content\/uploads\/2021\/08\/ed3d0ab6-1c84-4d36-b856-0ba4fc5b141a-300x172.jpg\" class=\"attachment-medium size-medium\" alt=\"\" srcset=\"https:\/\/www.radiopiu.net\/wordpress\/wp-content\/uploads\/2021\/08\/ed3d0ab6-1c84-4d36-b856-0ba4fc5b141a-300x172.jpg 300w, https:\/\/www.radiopiu.net\/wordpress\/wp-content\/uploads\/2021\/08\/ed3d0ab6-1c84-4d36-b856-0ba4fc5b141a.jpg 618w\" sizes=\"auto, (max-width: 300px) 100vw, 300px\" \/><\/a>\n\t\t\t\t<\/dt><\/dl><dl class='gallery-item'>\n\t\t\t\t<dt class='gallery-icon landscape'>\n\t\t\t\t\t<a class=\"rollover rollover-zoom dt-pswp-item\" title=\"42cb9dd1-6ea5-46a3-a0f9-33b5045fd2e4\" data-dt-img-description=\"\" data-large_image_width=\"586\" data-large_image_height=\"365\"href='https:\/\/www.radiopiu.net\/wordpress\/wp-content\/uploads\/2021\/08\/42cb9dd1-6ea5-46a3-a0f9-33b5045fd2e4.jpg'><img loading=\"lazy\" decoding=\"async\" width=\"300\" height=\"187\" src=\"https:\/\/www.radiopiu.net\/wordpress\/wp-content\/uploads\/2021\/08\/42cb9dd1-6ea5-46a3-a0f9-33b5045fd2e4-300x187.jpg\" class=\"attachment-medium size-medium\" alt=\"\" srcset=\"https:\/\/www.radiopiu.net\/wordpress\/wp-content\/uploads\/2021\/08\/42cb9dd1-6ea5-46a3-a0f9-33b5045fd2e4-300x187.jpg 300w, https:\/\/www.radiopiu.net\/wordpress\/wp-content\/uploads\/2021\/08\/42cb9dd1-6ea5-46a3-a0f9-33b5045fd2e4.jpg 586w\" sizes=\"auto, (max-width: 300px) 100vw, 300px\" \/><\/a>\n\t\t\t\t<\/dt><\/dl><br style=\"clear: both\" \/>\n\t\t\t<\/div>\n\n<p>&nbsp;<\/p>\n<hr \/>\n<p>&nbsp;<\/p>\n<blockquote>\n<h3>VACCINAZIONI ESEGUITE DA CITTADINI ITALIANI ALL\u2019ESTERO: COME OTTENERE IL GREEN PASS<\/h3>\n<\/blockquote>\n<p><strong><a href=\"https:\/\/www.radiopiu.net\/wordpress\/giornale-radiopiu-24-luglio-2021-direttore-mirko-mezzacasa\/sh_green_pass_covid-600x400\/\" rel=\"attachment wp-att-223591\"><img loading=\"lazy\" decoding=\"async\" class=\"size-medium wp-image-223591 alignleft\" src=\"https:\/\/www.radiopiu.net\/wordpress\/wp-content\/uploads\/2021\/07\/SH_green_pass_covid-600x400-1-300x200.jpg\" alt=\"\" width=\"300\" height=\"200\" srcset=\"https:\/\/www.radiopiu.net\/wordpress\/wp-content\/uploads\/2021\/07\/SH_green_pass_covid-600x400-1-300x200.jpg 300w, https:\/\/www.radiopiu.net\/wordpress\/wp-content\/uploads\/2021\/07\/SH_green_pass_covid-600x400-1.jpg 600w\" sizes=\"auto, (max-width: 300px) 100vw, 300px\" \/><\/a>BELLUNO <\/strong>Come previsto dal Ministero della Salute in una recente circolare<strong>, <\/strong>i cittadini italiani (anche residenti all\u2019estero) e i loro familiari conviventi, indipendentemente dal fatto che siano iscritti al Servizio Sanitario Nazionale o al SASN (Assistenza Sanitaria al Personale Navigante), nonch\u00e9 tutti i soggetti iscritti a qualunque titolo al Servizio Sanitario Nazionale che sono stati vaccinati all\u2019estero contro il SARS-CoV-2 o che sono guariti all\u2019estero da COVID-19, potranno richiedere, se si trovano gi\u00e0 sul territorio italiano, il rilascio delle certificazioni verdi COVID-19 per vaccinazione o per guarigione, emesse dalla Piattaforma nazionale-DGC sulla base dei criteri di emissione stabiliti dalla norma di legge, presso le Aziende Sanitarie locali di competenza territoriale. Per quanto di competenza dell\u2019Ulss Dolomiti, per chiedere al Dipartimento di Prevenzione l\u2019inserimento dei dati necessari al rilascio del Green Pass, l\u2019utente pu\u00f2 inviare una mail a\u00a0<a href=\"mailto:greenpass@aulss1.veneto.it\">greenpass@aulss1.veneto.it <\/a>allegando: la certificazione rilasciata dalla Struttura Sanitaria estera che ha eseguito le vaccinazioni (certificato di vaccinazione) o dal Laboratorio certificato estero\u00a0 ( esito di tampone positivo), copia fronte retro della tessera sanitaria, contatto telefonico L\u2019Ulss pu\u00f2 inserire i dati (vaccinazioni e tamponi positivi)\u00a0 ma non ha la possibilit\u00e0 di generare il Green Pass o il codice AUTHCODE necessario per poter scaricare il DGC dal sito dedicato in quanto questa funzione \u00e8, in via esclusiva, di competenza Ministeriale. Per eventuali informazioni \u00e8 attivo tutti i giorni dalle 8.00 alle 20.00 il call center covid 0437\/514343<\/p>\n<p>&nbsp;<\/p>\n<p>&nbsp;<\/p>\n<hr \/>\n<p>&nbsp;<\/p>\n<blockquote>\n<h3>MA IL GREEN PASS SERVE NELLE MENSE AZIENDALI? LA UIL FA CHIAREZZA<\/h3>\n<\/blockquote>\n<p><a href=\"https:\/\/www.radiopiu.net\/wordpress\/green-pass-per-laccesso-ai-servizi-essenziali-corretto-favorire-la-campagna-vaccinale-ma-attenzione-a-non-ghettizzare-chi-ha-aderito\/green-pass\/\" rel=\"attachment wp-att-222498\"><img loading=\"lazy\" decoding=\"async\" class=\"wp-image-222498 alignleft\" src=\"https:\/\/www.radiopiu.net\/wordpress\/wp-content\/uploads\/2021\/07\/GREEN-PASS-300x300.png\" alt=\"\" width=\"145\" height=\"145\" srcset=\"https:\/\/www.radiopiu.net\/wordpress\/wp-content\/uploads\/2021\/07\/GREEN-PASS-300x300.png 300w, https:\/\/www.radiopiu.net\/wordpress\/wp-content\/uploads\/2021\/07\/GREEN-PASS-150x150.png 150w, https:\/\/www.radiopiu.net\/wordpress\/wp-content\/uploads\/2021\/07\/GREEN-PASS.png 716w\" sizes=\"auto, (max-width: 145px) 100vw, 145px\" \/><\/a>Con l&#8217;ingresso del Green Pass anche tra i lavoratori si sta creando confusione su l&#8217;utilizzo o meno del certificato nelle mense aziendali. A rispondere ci pensa la UIL la quale specifica che nelle mense aziendali non serve presentare i certificato verde di avvenuta vaccinazione. L&#8217;accesso agli spazi comuni \u00e8 contingetato, con la previsione di una ventilazione continua dei locali, di un tempo ridotto di permanenza e la distanza di almento un metro tra le persone oltre che garantire la sanificazione periodica e giornaliera delle postazioni. Nel decreto del 23 luglio scorso non ci sono state modifiche al protocollo quindi non viene richiesto il green pass per accedere all&#8217;area interessata dalla mensa aziendale.<\/p>\n<p>&nbsp;<\/p>\n<p>&nbsp;<\/p>\n<hr \/>\n<p>&nbsp;<\/p>\n<blockquote>\n<h3>VACCINI SOTTO LE STELLE: GRANDE AFFLUENZA A CORTINA<\/h3>\n<\/blockquote>\n<p><strong>BELLUNO <\/strong>Grande affluenza ai Vaccini sotto le stelle a Cortina. L&#8217;opportunit\u00e0 della vaccinazione anti covid con ACCESSO LIBERO \u00e8 stata colta da numerosi residenti e lavoratori di Cortina, che hanno valuto mettersi al sicuro per la stagione invernale. Sono state eseguite 133 vaccinazioni anti covid. Si ringraziano l\u2019amministrazione Comunale e i volontari della Protezione Civile di Cortina per l\u2019ottima organizzazione logistica. Seguir\u00e0 la serata dedicata alle vaccinazioni in orario serale per favorire i lavoratori organizzata per il 16 agosto dalle 19.00 alle 21.00 al Pala Tre Cime di Auronzo. Si ricorda di portare con s\u00e9 la tessera sanitaria.<\/p>\n\n\t\t\t<style type='text\/css'>\n\t\t\t\t#gallery-4 {\n\t\t\t\t\tmargin: auto;\n\t\t\t\t}\n\t\t\t\t#gallery-4 .gallery-item {\n\t\t\t\t\tfloat: left;\n\t\t\t\t\tmargin-top: 10px;\n\t\t\t\t\ttext-align: center;\n\t\t\t\t\twidth: 33%;\n\t\t\t\t}\n\t\t\t\t#gallery-4 img {\n\t\t\t\t\tborder: 2px solid #cfcfcf;\n\t\t\t\t}\n\t\t\t\t#gallery-4 .gallery-caption {\n\t\t\t\t\tmargin-left: 0;\n\t\t\t\t}\n\t\t\t\t\/* see gallery_shortcode() in wp-includes\/media.php *\/\n\t\t\t<\/style>\n\t\t<div id='gallery-4' class='dt-gallery-container gallery galleryid-227159 gallery-columns-3 gallery-size-medium'><dl class='gallery-item'>\n\t\t\t\t<dt class='gallery-icon landscape'>\n\t\t\t\t\t<a class=\"rollover rollover-zoom dt-pswp-item\" title=\"stelle Cortina 3\" data-dt-img-description=\"\" data-large_image_width=\"960\" data-large_image_height=\"720\"href='https:\/\/www.radiopiu.net\/wordpress\/wp-content\/uploads\/2021\/08\/stelle-Cortina-3.jpg'><img loading=\"lazy\" decoding=\"async\" width=\"300\" height=\"225\" src=\"https:\/\/www.radiopiu.net\/wordpress\/wp-content\/uploads\/2021\/08\/stelle-Cortina-3-300x225.jpg\" class=\"attachment-medium size-medium\" alt=\"\" srcset=\"https:\/\/www.radiopiu.net\/wordpress\/wp-content\/uploads\/2021\/08\/stelle-Cortina-3-300x225.jpg 300w, https:\/\/www.radiopiu.net\/wordpress\/wp-content\/uploads\/2021\/08\/stelle-Cortina-3-768x576.jpg 768w, https:\/\/www.radiopiu.net\/wordpress\/wp-content\/uploads\/2021\/08\/stelle-Cortina-3.jpg 960w\" sizes=\"auto, (max-width: 300px) 100vw, 300px\" \/><\/a>\n\t\t\t\t<\/dt><\/dl><dl class='gallery-item'>\n\t\t\t\t<dt class='gallery-icon landscape'>\n\t\t\t\t\t<a class=\"rollover rollover-zoom dt-pswp-item\" title=\"Stelle Cortina\" data-dt-img-description=\"\" data-large_image_width=\"960\" data-large_image_height=\"720\"href='https:\/\/www.radiopiu.net\/wordpress\/wp-content\/uploads\/2021\/08\/Stelle-Cortina.jpg'><img loading=\"lazy\" decoding=\"async\" width=\"300\" height=\"225\" src=\"https:\/\/www.radiopiu.net\/wordpress\/wp-content\/uploads\/2021\/08\/Stelle-Cortina-300x225.jpg\" class=\"attachment-medium size-medium\" alt=\"\" srcset=\"https:\/\/www.radiopiu.net\/wordpress\/wp-content\/uploads\/2021\/08\/Stelle-Cortina-300x225.jpg 300w, https:\/\/www.radiopiu.net\/wordpress\/wp-content\/uploads\/2021\/08\/Stelle-Cortina-768x576.jpg 768w, https:\/\/www.radiopiu.net\/wordpress\/wp-content\/uploads\/2021\/08\/Stelle-Cortina.jpg 960w\" sizes=\"auto, (max-width: 300px) 100vw, 300px\" \/><\/a>\n\t\t\t\t<\/dt><\/dl><dl class='gallery-item'>\n\t\t\t\t<dt class='gallery-icon landscape'>\n\t\t\t\t\t<a class=\"rollover rollover-zoom dt-pswp-item\" title=\"stelle Cortina2\" data-dt-img-description=\"\" data-large_image_width=\"960\" data-large_image_height=\"720\"href='https:\/\/www.radiopiu.net\/wordpress\/wp-content\/uploads\/2021\/08\/stelle-Cortina2.jpg'><img loading=\"lazy\" decoding=\"async\" width=\"300\" height=\"225\" src=\"https:\/\/www.radiopiu.net\/wordpress\/wp-content\/uploads\/2021\/08\/stelle-Cortina2-300x225.jpg\" class=\"attachment-medium size-medium\" alt=\"\" srcset=\"https:\/\/www.radiopiu.net\/wordpress\/wp-content\/uploads\/2021\/08\/stelle-Cortina2-300x225.jpg 300w, https:\/\/www.radiopiu.net\/wordpress\/wp-content\/uploads\/2021\/08\/stelle-Cortina2-768x576.jpg 768w, https:\/\/www.radiopiu.net\/wordpress\/wp-content\/uploads\/2021\/08\/stelle-Cortina2.jpg 960w\" sizes=\"auto, (max-width: 300px) 100vw, 300px\" \/><\/a>\n\t\t\t\t<\/dt><\/dl><br style=\"clear: both\" \/>\n\t\t\t<\/div>\n\n<p>&nbsp;<\/p>\n<p>&nbsp;<\/p>\n<hr \/>\n<p>&nbsp;<\/p>\n<blockquote>\n<h3>IL CENTRO DIURNO DI CUSIGHE ABBRACCIA LE TRE CIME CON VIVA VITTORIA<\/h3>\n<\/blockquote>\n<p><strong><a href=\"https:\/\/www.radiopiu.net\/wordpress\/giornale-radiopiu-12-agosto-2021-direttore-mirko-mezzacasa\/20210804_111708\/\" rel=\"attachment wp-att-227260\"><img loading=\"lazy\" decoding=\"async\" class=\"size-medium wp-image-227260 alignleft\" src=\"https:\/\/www.radiopiu.net\/wordpress\/wp-content\/uploads\/2021\/08\/20210804_111708-300x225.jpg\" alt=\"\" width=\"300\" height=\"225\" srcset=\"https:\/\/www.radiopiu.net\/wordpress\/wp-content\/uploads\/2021\/08\/20210804_111708-300x225.jpg 300w, https:\/\/www.radiopiu.net\/wordpress\/wp-content\/uploads\/2021\/08\/20210804_111708-1024x768.jpg 1024w, https:\/\/www.radiopiu.net\/wordpress\/wp-content\/uploads\/2021\/08\/20210804_111708-768x576.jpg 768w, https:\/\/www.radiopiu.net\/wordpress\/wp-content\/uploads\/2021\/08\/20210804_111708-1536x1152.jpg 1536w, https:\/\/www.radiopiu.net\/wordpress\/wp-content\/uploads\/2021\/08\/20210804_111708-2048x1536.jpg 2048w\" sizes=\"auto, (max-width: 300px) 100vw, 300px\" \/><\/a>BELLUNO <\/strong>Il Centro Diurno per persone con disabilit\u00e0 dell&#8217;ULSS 1 con sede a\u00a0 Cusighe ha aderito all&#8217;iniziativa Viva Vittoria per la creazione della coperta che abbraccer\u00e0 le Tre Cime L\u2019iniziativa prevede la produzione di quadrati di lana della dimensione di 50 x 50 cm lavorati a maglia o uncinetto, per concorrere alla costruzione di una &#8220;coperta ideale&#8221; che abbracci le Tre Cime di Lavaredo nel corso di una manifestazione prevista il 4 settembre. Le iniziative di &#8220;VIVA VITTORIA&#8221; hanno come scopo la sensibilizzazione contra la violenza sulle donne. Il Centro ha deciso di partecipare, unendo le capacit\u00e0 di alcuni suoi ospiti, che vanno dal saper lavorare con l&#8217;uncinetto\u00a0 con l&#8217;aiuto dell&#8217;operatore al partecipare alla creazione di trecce poi unite da altri. Un lavoro\u00a0a pi\u00f9 mani che ha permesso a tutti gli ospiti di partecipare ad un progetto comune. Le &#8220;copertine&#8221; raggiungeranno la destinazione\u00a0grazie al prezioso contributo dell&#8217;associazione &#8220;Gocce di sole&#8221; da sempre al fianco del centro Diurno di Cusighe.<\/p>\n<p>&nbsp;<\/p>\n<p>&nbsp;<\/p>\n<hr \/>\n<p>&nbsp;<\/p>\n<blockquote>\n<h3>IL CENTRO DIURNO MEDAGLIE D\u2019ORO\u00a0 COLORA L\u2019ORSERA<\/h3>\n<\/blockquote>\n<p><strong><a href=\"https:\/\/www.radiopiu.net\/wordpress\/giornale-radiopiu-12-agosto-2021-direttore-mirko-mezzacasa\/img-20210729-wa0003\/\" rel=\"attachment wp-att-227261\"><img loading=\"lazy\" decoding=\"async\" class=\" wp-image-227261 alignleft\" src=\"https:\/\/www.radiopiu.net\/wordpress\/wp-content\/uploads\/2021\/08\/IMG-20210729-WA0003-300x225.jpg\" alt=\"\" width=\"216\" height=\"162\" srcset=\"https:\/\/www.radiopiu.net\/wordpress\/wp-content\/uploads\/2021\/08\/IMG-20210729-WA0003-300x225.jpg 300w, https:\/\/www.radiopiu.net\/wordpress\/wp-content\/uploads\/2021\/08\/IMG-20210729-WA0003-1024x768.jpg 1024w, https:\/\/www.radiopiu.net\/wordpress\/wp-content\/uploads\/2021\/08\/IMG-20210729-WA0003-768x576.jpg 768w, https:\/\/www.radiopiu.net\/wordpress\/wp-content\/uploads\/2021\/08\/IMG-20210729-WA0003-1536x1152.jpg 1536w, https:\/\/www.radiopiu.net\/wordpress\/wp-content\/uploads\/2021\/08\/IMG-20210729-WA0003.jpg 1600w\" sizes=\"auto, (max-width: 216px) 100vw, 216px\" \/><\/a>FELTRE <\/strong>Gli ospiti del Centro Diurno Via Medaglie d&#8217;Oro di Feltre dell\u2019Ulss 1 Dolomiti hanno trascorso una giornata all\u2019Orsera in Val Canzoi, per la creazione di un dipinto che \u00e8 stato esposto nella struttura. Non appena arrivati nella valle, un gruppo di ragazzi si \u00e8 messo subito al lavoro, mentre gli altri avevano il loro daffare a gonfiare palloncini. Il tutto allietato da tanta musica che il gestore dell\u2019Orsera si indaffarava a cercare sul suo MP3 per accontentare le richieste di ognuno, in clima di festa che ha coronato una giornata di sole e spensieratezza. Molti i passanti che hanno apprezzato il lavoro dei ragazzi durante la realizzazione del pannello dai caratteristici tratti del Centro Diurno Medaglie d\u2019oro. Il pannello \u00e8 stato appeso all\u2019Orsera.<\/p>\n<p>&nbsp;<\/p>\n<p>&nbsp;<\/p>\n<hr \/>\n<p>&nbsp;<\/p>\n<blockquote>\n<h3>AL TERMINE I LAVORI SUL TORRENTE BIOIS A FALCADE<\/h3>\n<\/blockquote>\n<p><strong><a href=\"https:\/\/www.radiopiu.net\/wordpress\/al-termine-i-lavori-sul-torrente-biois-a-falcade\/7a3a4a21-16d4-4e61-8b8e-a42c9f92eef2\/\" rel=\"attachment wp-att-227215\"><img loading=\"lazy\" decoding=\"async\" class=\"size-medium wp-image-227215 alignleft\" src=\"https:\/\/www.radiopiu.net\/wordpress\/wp-content\/uploads\/2021\/08\/7a3a4a21-16d4-4e61-8b8e-a42c9f92eef2-300x225.jpg\" alt=\"\" width=\"300\" height=\"225\" srcset=\"https:\/\/www.radiopiu.net\/wordpress\/wp-content\/uploads\/2021\/08\/7a3a4a21-16d4-4e61-8b8e-a42c9f92eef2-300x225.jpg 300w, https:\/\/www.radiopiu.net\/wordpress\/wp-content\/uploads\/2021\/08\/7a3a4a21-16d4-4e61-8b8e-a42c9f92eef2-768x576.jpg 768w, https:\/\/www.radiopiu.net\/wordpress\/wp-content\/uploads\/2021\/08\/7a3a4a21-16d4-4e61-8b8e-a42c9f92eef2.jpg 1024w\" sizes=\"auto, (max-width: 300px) 100vw, 300px\" \/><\/a>VENEZIA<\/strong> A Falcade sono in via di conclusione diversi lavori sul torrente Biois, avviati alla fine della scorsa estate, dopo che un evento meteorologico particolarmente intenso aveva causato una consistente piena del medesimo torrente. \u201c<em>A seguito di un immediato sopralluogo \u2013 spiega l\u2019assessore al Dissesto Idrogeologico Gianpaolo Bottacin &#8211; con i tecnici dell&#8217;ufficio regionale del Genio Civile avevamo accertato numerosi dissesti nelle localit\u00e0 Le Fratte, Molino e nel tratto di torrente a valle della confluenza con il rio Focobon, decidendo quindi di avviare da subito una serie di interventi<\/em>\u201d. In localit\u00e0 Le Fratte, frazione di Falcade Alto, si era verificata una significativa erosione della sponda in sinistra idrografica che avrebbe potuto compromettere la stabilit\u00e0 del versante e conseguentemente anche dell\u2019abitazione civile ubicata immediatamente a monte: \u201c<em>per dare risposta a questa problematica \u2013 prosegue l\u2019assessore \u2013 abbiamo quindi realizzato un tratto di scogliera in massi di dimensioni adeguate oltre che la ricomposizione del versante<\/em>\u201d. Nel tratto del Biois immediatamente a valle della confluenza con il rio Focobon e fino alla sezione posta poco a valle della passerella ciclopedonale, il corso d\u2019acqua presentava un notevole sovralluvionamento di materiale litoide che riduceva la sezione utile al deflusso, in particolare a monte della passerella stessa: \u201c<em>qui abbiamo perci\u00f2 provveduto ad avviare un\u2019efficace ricalibratura del tratto interessato \u2013 dettaglia Bottacin -, che stiamo completando proprio in questi giorni. Inoltre sempre nel medesimo sito, in sponda sinistra di fronte ai magazzini comunali e in sponda destra subito a monte della passerella, un altro tratto era fortemente eroso e quindi si era resa necessaria la realizzazione di due difese spondali in scogliera, che abbiamo gi\u00e0 completato<\/em>\u201d. In localit\u00e0 Molino, nel tratto di torrente compreso tra il centro del borgo e il ponte di via Focobon, si era invece verificato il deposito di materiale che, pure in questo caso, aveva ostruito parzialmente la sezione di deflusso oltre a creare una modesta erosione in destra idrografica in limitati punti della fondazione del muro di sponda: \u201c<em>anche qui, nell\u2019ambito di uno stanziamento complessivo di 450mila euro \u2013 evidenzia l\u2019assessore \u2013 abbiamo ritenuto opportuno studiare una migliore ridistribuzione in alveo degli accumuli di materiale, oltre che una adeguata protezione al piede del tratto soggetto ad erosione<\/em>\u201d. Per quest\u2019ultimo lavoro, di dimensioni ridotte, si partir\u00e0 dopo ferragosto con una prospettiva di completamento, condizioni meteo e imprevisti permettendo, entro il mese di settembre. \u201c<em>L\u2019ennesima importante azione \u2013 conclude Bottacin \u2013 con cui prosegue il nostro costante impegno per il territorio nell\u2019ambito di un programma dove la sicurezza idraulica e gli interventi di difesa del suolo sono sempre in primo piano<\/em>\u201d.<\/p>\n\n\t\t\t<style type='text\/css'>\n\t\t\t\t#gallery-5 {\n\t\t\t\t\tmargin: auto;\n\t\t\t\t}\n\t\t\t\t#gallery-5 .gallery-item {\n\t\t\t\t\tfloat: left;\n\t\t\t\t\tmargin-top: 10px;\n\t\t\t\t\ttext-align: center;\n\t\t\t\t\twidth: 50%;\n\t\t\t\t}\n\t\t\t\t#gallery-5 img {\n\t\t\t\t\tborder: 2px solid #cfcfcf;\n\t\t\t\t}\n\t\t\t\t#gallery-5 .gallery-caption {\n\t\t\t\t\tmargin-left: 0;\n\t\t\t\t}\n\t\t\t\t\/* see gallery_shortcode() in wp-includes\/media.php *\/\n\t\t\t<\/style>\n\t\t<div id='gallery-5' class='dt-gallery-container gallery galleryid-227159 gallery-columns-2 gallery-size-medium'><dl class='gallery-item'>\n\t\t\t\t<dt class='gallery-icon landscape'>\n\t\t\t\t\t<a class=\"rollover rollover-zoom dt-pswp-item\" title=\"a1d72f0b-13ef-41d3-94aa-4d8f09250f22\" data-dt-img-description=\"\" data-large_image_width=\"1024\" data-large_image_height=\"768\"href='https:\/\/www.radiopiu.net\/wordpress\/wp-content\/uploads\/2021\/08\/a1d72f0b-13ef-41d3-94aa-4d8f09250f22.jpg'><img loading=\"lazy\" decoding=\"async\" width=\"300\" height=\"225\" src=\"https:\/\/www.radiopiu.net\/wordpress\/wp-content\/uploads\/2021\/08\/a1d72f0b-13ef-41d3-94aa-4d8f09250f22-300x225.jpg\" class=\"attachment-medium size-medium\" alt=\"\" srcset=\"https:\/\/www.radiopiu.net\/wordpress\/wp-content\/uploads\/2021\/08\/a1d72f0b-13ef-41d3-94aa-4d8f09250f22-300x225.jpg 300w, https:\/\/www.radiopiu.net\/wordpress\/wp-content\/uploads\/2021\/08\/a1d72f0b-13ef-41d3-94aa-4d8f09250f22-768x576.jpg 768w, https:\/\/www.radiopiu.net\/wordpress\/wp-content\/uploads\/2021\/08\/a1d72f0b-13ef-41d3-94aa-4d8f09250f22.jpg 1024w\" sizes=\"auto, (max-width: 300px) 100vw, 300px\" \/><\/a>\n\t\t\t\t<\/dt><\/dl><dl class='gallery-item'>\n\t\t\t\t<dt class='gallery-icon landscape'>\n\t\t\t\t\t<a class=\"rollover rollover-zoom dt-pswp-item\" title=\"28544586-2c26-4452-87be-fc077a3d335e\" data-dt-img-description=\"\" data-large_image_width=\"1024\" data-large_image_height=\"768\"href='https:\/\/www.radiopiu.net\/wordpress\/wp-content\/uploads\/2021\/08\/28544586-2c26-4452-87be-fc077a3d335e.jpg'><img loading=\"lazy\" decoding=\"async\" width=\"300\" height=\"225\" src=\"https:\/\/www.radiopiu.net\/wordpress\/wp-content\/uploads\/2021\/08\/28544586-2c26-4452-87be-fc077a3d335e-300x225.jpg\" class=\"attachment-medium size-medium\" alt=\"\" srcset=\"https:\/\/www.radiopiu.net\/wordpress\/wp-content\/uploads\/2021\/08\/28544586-2c26-4452-87be-fc077a3d335e-300x225.jpg 300w, https:\/\/www.radiopiu.net\/wordpress\/wp-content\/uploads\/2021\/08\/28544586-2c26-4452-87be-fc077a3d335e-768x576.jpg 768w, https:\/\/www.radiopiu.net\/wordpress\/wp-content\/uploads\/2021\/08\/28544586-2c26-4452-87be-fc077a3d335e.jpg 1024w\" sizes=\"auto, (max-width: 300px) 100vw, 300px\" \/><\/a>\n\t\t\t\t<\/dt><\/dl><br style=\"clear: both\" \/><dl class='gallery-item'>\n\t\t\t\t<dt class='gallery-icon landscape'>\n\t\t\t\t\t<a class=\"rollover rollover-zoom dt-pswp-item\" title=\"988009c4-59dd-472d-a193-3f1ae3e64aec\" data-dt-img-description=\"\" data-large_image_width=\"2048\" data-large_image_height=\"1319\"href='https:\/\/www.radiopiu.net\/wordpress\/wp-content\/uploads\/2021\/08\/988009c4-59dd-472d-a193-3f1ae3e64aec.jpg'><img loading=\"lazy\" decoding=\"async\" width=\"300\" height=\"193\" src=\"https:\/\/www.radiopiu.net\/wordpress\/wp-content\/uploads\/2021\/08\/988009c4-59dd-472d-a193-3f1ae3e64aec-300x193.jpg\" class=\"attachment-medium size-medium\" alt=\"\" srcset=\"https:\/\/www.radiopiu.net\/wordpress\/wp-content\/uploads\/2021\/08\/988009c4-59dd-472d-a193-3f1ae3e64aec-300x193.jpg 300w, https:\/\/www.radiopiu.net\/wordpress\/wp-content\/uploads\/2021\/08\/988009c4-59dd-472d-a193-3f1ae3e64aec-1024x660.jpg 1024w, https:\/\/www.radiopiu.net\/wordpress\/wp-content\/uploads\/2021\/08\/988009c4-59dd-472d-a193-3f1ae3e64aec-768x495.jpg 768w, https:\/\/www.radiopiu.net\/wordpress\/wp-content\/uploads\/2021\/08\/988009c4-59dd-472d-a193-3f1ae3e64aec-1536x989.jpg 1536w, https:\/\/www.radiopiu.net\/wordpress\/wp-content\/uploads\/2021\/08\/988009c4-59dd-472d-a193-3f1ae3e64aec.jpg 2048w\" sizes=\"auto, (max-width: 300px) 100vw, 300px\" \/><\/a>\n\t\t\t\t<\/dt><\/dl><dl class='gallery-item'>\n\t\t\t\t<dt class='gallery-icon landscape'>\n\t\t\t\t\t<a class=\"rollover rollover-zoom dt-pswp-item\" title=\"d26c1bcb-a6ce-44fc-86d3-2f0e72d85fee\" data-dt-img-description=\"\" data-large_image_width=\"1804\" data-large_image_height=\"1268\"href='https:\/\/www.radiopiu.net\/wordpress\/wp-content\/uploads\/2021\/08\/d26c1bcb-a6ce-44fc-86d3-2f0e72d85fee.jpg'><img loading=\"lazy\" decoding=\"async\" width=\"300\" height=\"211\" src=\"https:\/\/www.radiopiu.net\/wordpress\/wp-content\/uploads\/2021\/08\/d26c1bcb-a6ce-44fc-86d3-2f0e72d85fee-300x211.jpg\" class=\"attachment-medium size-medium\" alt=\"\" srcset=\"https:\/\/www.radiopiu.net\/wordpress\/wp-content\/uploads\/2021\/08\/d26c1bcb-a6ce-44fc-86d3-2f0e72d85fee-300x211.jpg 300w, https:\/\/www.radiopiu.net\/wordpress\/wp-content\/uploads\/2021\/08\/d26c1bcb-a6ce-44fc-86d3-2f0e72d85fee-1024x720.jpg 1024w, https:\/\/www.radiopiu.net\/wordpress\/wp-content\/uploads\/2021\/08\/d26c1bcb-a6ce-44fc-86d3-2f0e72d85fee-768x540.jpg 768w, https:\/\/www.radiopiu.net\/wordpress\/wp-content\/uploads\/2021\/08\/d26c1bcb-a6ce-44fc-86d3-2f0e72d85fee-1536x1080.jpg 1536w, https:\/\/www.radiopiu.net\/wordpress\/wp-content\/uploads\/2021\/08\/d26c1bcb-a6ce-44fc-86d3-2f0e72d85fee.jpg 1804w\" sizes=\"auto, (max-width: 300px) 100vw, 300px\" \/><\/a>\n\t\t\t\t<\/dt><\/dl><br style=\"clear: both\" \/>\n\t\t\t<\/div>\n\n<p>&nbsp;<\/p>\n<hr \/>\n<p>&nbsp;<\/p>\n<blockquote>\n<h3 class=\"p1\">INCERTEZZE E PERPLESSIT\u00c0 SULLE NORME ANTI-CONTAGIO NEI RIFUGI; SCOPEL: \u201cIN UN MESE QUI CI GIOCHIAMO TUTTA L\u2019ANNATA, LA REGIONE INTERVENGA CON REGOLE CHIARE E STRUMENTI EFFICACI\u201d<\/h3>\n<\/blockquote>\n<p class=\"p1\"><strong><a href=\"https:\/\/www.radiopiu.net\/wordpress\/belluno-la-citta-del-nulla-di-fatto-da-tiziano-alla-pallavolo\/972ec435-fa04-49e8-bf1e-048263cab367\/\" rel=\"attachment wp-att-226219\"><img loading=\"lazy\" decoding=\"async\" class=\" wp-image-226219 alignleft\" src=\"https:\/\/www.radiopiu.net\/wordpress\/wp-content\/uploads\/2021\/08\/972ec435-fa04-49e8-bf1e-048263cab367-300x200.jpg\" alt=\"\" width=\"233\" height=\"155\" srcset=\"https:\/\/www.radiopiu.net\/wordpress\/wp-content\/uploads\/2021\/08\/972ec435-fa04-49e8-bf1e-048263cab367-300x200.jpg 300w, https:\/\/www.radiopiu.net\/wordpress\/wp-content\/uploads\/2021\/08\/972ec435-fa04-49e8-bf1e-048263cab367-768x513.jpg 768w, https:\/\/www.radiopiu.net\/wordpress\/wp-content\/uploads\/2021\/08\/972ec435-fa04-49e8-bf1e-048263cab367.jpg 1024w\" sizes=\"auto, (max-width: 233px) 100vw, 233px\" \/><\/a>BELLUNO<\/strong> A battere un colpo forte e chiaro, in perfetto \u201cstile alpino\u201d verrebbe da dire, \u00e8 stato in queste ore il presidente dell\u2019Associazione Rifugisti del Veneto (e gestore del \u201cCitt\u00e0 di Fiume\u201d) Mario Fiorentini; gli ha subito fatto eco l\u2019UNCEM, l\u2019Unione Nazionale Comuni Comunit\u00e0 Enti Montani. Il tema \u00e8 quello dell\u2019applicazione delle norme anti-contagio nei rifugi alpini, a cominciare dai Green Pass, e delle prospettive di una stagione che rischia di scivolare via in maniera ancora una volta penalizzante per gli operatori di un settore gi\u00e0 estremamente provato dagli effetti della pandemia. A penalizzare gli operatori del settore sono le norme estremamente stringenti, che hanno ridotto della met\u00e0 la capienza notturna nelle strutture alpine, oltre alla difficolt\u00e0 di poter verificare la documentazione di accesso presentata soprattutto dagli escursionisti che arrivano dall\u2019estero, con certificazioni spesso non omogenee a quelle previste nel nostro Paese.<\/p>\n<p><strong>IL COORDINATORE PROVINCIALE DI FORZA ITALIA DARIO SCOPEL<\/strong><\/p>\n<audio class=\"wp-audio-shortcode\" id=\"audio-227159-2\" preload=\"none\" style=\"width: 100%;\" controls=\"controls\"><source type=\"audio\/mpeg\" src=\"https:\/\/www.radiopiu.net\/wordpress\/wp-content\/uploads\/2021\/08\/SCOPEL-RIFUGI.mp3?_=2\" \/><a href=\"https:\/\/www.radiopiu.net\/wordpress\/wp-content\/uploads\/2021\/08\/SCOPEL-RIFUGI.mp3\">https:\/\/www.radiopiu.net\/wordpress\/wp-content\/uploads\/2021\/08\/SCOPEL-RIFUGI.mp3<\/a><\/audio>\n<p>&nbsp;<\/p>\n<hr \/>\n<p>&nbsp;<\/p>\n<blockquote>\n<h3 class=\"p1\"><span class=\"s1\">MADE IN ITALY: BOND (FI), SVENTARE SUBITO ENNESIMO ATTENTATO A NOSTRI PRODOTTI<\/span><\/h3>\n<\/blockquote>\n<p class=\"p1\"><span class=\"s1\"><strong><a href=\"https:\/\/www.radiopiu.net\/wordpress\/giornale-radiopiu-20-maggio-2020-direttore-mirko-mezzacasa\/dario-bond-11\/\" rel=\"attachment wp-att-138833\"><img loading=\"lazy\" decoding=\"async\" class=\"size-full wp-image-138833 alignleft\" src=\"https:\/\/www.radiopiu.net\/wordpress\/wp-content\/uploads\/2020\/05\/Dario-Bond.jpg\" alt=\"\" width=\"165\" height=\"228\" \/><\/a>ROMA<\/strong> \u201c<em>La Gazzetta ufficiale cilena ha pubblicato le domande di registrazione di tre nuovi marchi \u2018Asiago\u2019, \u2018Bologna\u2019 e \u2018Parmesan\u2019 da parte del Consorzio statunitense CCFN (Consotium of Common Food Names) per tutelare le copie non autorizzate dei prodotti originali Dop italiani. La denuncia di Coldiretti fa emergere la grave trascuratezza da parte dei ministri all\u2019Agricoltura Bellanova e Patuanelli che hanno fatto poco o niente per tutelare i prodotti Dop italiani dalle imitazioni in continua crescita nel mondo, settore che, secondo una stima di Coldiretti, drena ogni anno oltre 100 miliardi di fatturato alle aziende italiane<\/em>\u201d. Cos\u00ec, in una nota, il deputato di Forza Italia Dario Bond. <\/span><span class=\"s1\">\u201c<em>Serve immediatamente &#8211; aggiunge &#8211; un intervento d\u2019urto da parte del premier Mario Draghi per sventare l\u2019ennesimo attentato al \u2018Prodotto in Italia &#8211; Made in Italy\u2019 contro l\u2019azione delle lobby che vogliono favorire solo i prodotti taroccati (guarda caso, secondo Coldiretti, il Cile ha introdotto il bollino nero in etichetta per sconsigliare prodotti italiani che ora vorrebbe autorizzare come imitazioni). Soprattutto, serve subito un rimpasto di governo che, oltre a rafforzarne l\u2019azione specie in vista della gestione dei 209 miliardi del Pnrr, sostituisca figure buone per tutte le stagioni ma di fatto solo buone a nulla, se non a scaldare le poltrone ministeriali. Serve l\u2019attivazione di un ministero con portafoglio dedicato alla tutela e promozione del \u2018Prodotto in Italia \u2013 Made in Italy\u2019 che sappia concentrare tute le competenze oggi spezzate tra troppi ministeri, valorizzare e difendere in tutto il mondo i prodotti nazionali \u2013 alimentari e non &#8211; per recuperare tutti quei miliardi di fatturato che le imitazioni sottraggono all\u2019Italia<\/em>\u201d<\/span><\/p>\n<p>&nbsp;<\/p>\n<p>&nbsp;<\/p>\n<hr \/>\n<p>&nbsp;<\/p>\n<blockquote>\n<h3>BELLUNO SI STA SVUOTANDO DI NEGOZI E BOTTEGHE, L&#8217;INTERROGAZIONE DEL GRUPPO MISTO DEL COMUNE DI BELLUNO<\/h3>\n<\/blockquote>\n<p><strong><a style=\"color: #005177; outline: 0px; text-decoration-line: none;\" href=\"https:\/\/www.radiopiu.net\/wordpress\/belluno-si-sta-svuotando-di-negozi-e-botteghe-linterrogazione-del-gruppo-misto-del-comune-di-belluno\/schermata-2021-08-11-alle-12-19-33\/\" rel=\"attachment wp-att-227231\"><img loading=\"lazy\" decoding=\"async\" class=\"size-medium wp-image-227231 alignleft\" src=\"https:\/\/www.radiopiu.net\/wordpress\/wp-content\/uploads\/2021\/08\/Schermata-2021-08-11-alle-12.19.33-300x170.png\" alt=\"\" width=\"300\" height=\"170\" srcset=\"https:\/\/www.radiopiu.net\/wordpress\/wp-content\/uploads\/2021\/08\/Schermata-2021-08-11-alle-12.19.33-300x170.png 300w, https:\/\/www.radiopiu.net\/wordpress\/wp-content\/uploads\/2021\/08\/Schermata-2021-08-11-alle-12.19.33-1024x581.png 1024w, https:\/\/www.radiopiu.net\/wordpress\/wp-content\/uploads\/2021\/08\/Schermata-2021-08-11-alle-12.19.33-768x436.png 768w, https:\/\/www.radiopiu.net\/wordpress\/wp-content\/uploads\/2021\/08\/Schermata-2021-08-11-alle-12.19.33.png 1448w\" sizes=\"auto, (max-width: 300px) 100vw, 300px\" \/><\/a>BELLUNO\u00a0<\/strong>&#8220;<em>Al netto del COVID, Belluno e\u0300 diventata sempre piu\u0300 una citta\u0300 addormentata, priva di qualsiasi programmazione turistica (nella sua accezione piu\u0300 vasta), la cui massima ambizione sembrerebbe quella di garantirsi la presenza di \u201cun po\u0300 di pesce e prosecco\u201d (per fortuna a questo punto&#8230;) o di qualche furgoncino di piadine o arrosticini (per fortuna a questo punto&#8230;). Una citta\u0300 che non vive piu\u0300 da tempo (sempre al netto del covid) alcun tipo di appuntamento da segnare in agenda come ambizioso o, quantomeno, sentito e avvertito dalla comunita\u0300. Nevegal e Parco Nazionale Dolomiti Bellunesi del tutto sconosciuti, come da cronaca degli ultimi anni<\/em>&#8220;. Inizia cos\u00ec l&#8217;interrogazione rivolta al sindaco di Belluno Jacopo Massaro con firmatari Fabio &#8220;Rufus&#8221; Bristot e Annalisa Dal Mas del Gruppo Misto. &#8220;<em>Arrivare, infatti, oggi a Belluno e\u0300 deprimente &#8211; dicono i due consiglieri comunali &#8211; new jersey bianco-rossi ovunque e inserti gialli e neri presenti da anni nelle rotonde; erba sovente da tagliare lungo le stesse strade cittadine del centro storico; manutenzioni di marciapiedi e porfidi del tutto assenti soprattutto nel centro storico; gestione di giardini e piante ornamentali del tutto carente o addirittura assente&#8230; ma la cosa che sta facendosi sempre piu\u0300 avvilente e\u0300 lo straordinario numero di negozi chiusi negli ultimi anni. Prima chiudevano nell\u2019asse basso di Via Mezzaterra, poi sempre piu\u0300 in su, sino ad arrivare in Via Rialto. Quindi anche in Piazza Martiri e zone contermini, tanto che una coppia di turisti veneti la scorsa settima a voce alta argomentavano passando in Via Matteotti \u201cxe pi negosi seradi che verti!!<\/em>\u201d. Chiedono di conoscere, con riferimento al periodo 2012-2020, quante attivita\u0300 commerciali abbiano cessato nel centro storico di Belluno e quanto nuove abbiamo invece aperto, ovvero conoscere il saldo attivo\/passivo suddiviso per singola annualita\u0300, con riferimento al primo semestre 2021 quante attivita\u0300 abbiano cessato nel centro storico di Belluno, se nel centro storico di Belluno ci sia stato un decremento dei residenti e in quale misura (valore assoluto e percentuale), quali azioni intenda attuare il Comune di Belluno per contrastare un fenomeno che, soprattutto nell\u2019ultimo quinquennio, sta letteralmente svuotando Belluno di numerosissime attivita\u0300 e, se in particolare, sia stati ideati\/adottati nel redigendo PAT strumenti ad hoc finalizzati e se siano state previste azioni pluriennali per favorire il consolidamento delle restanti attivita\u0300 commerciali e l\u2019apertura di nuove attivita\u0300 assolutamente necessarie per la vitalita\u0300 del centro storico e della citta\u0300 di Belluno stessa e se nel medio periodo siano mai stati effettuati con le associazioni di categoria e portatori di interesse analisi\/studi puntuali sulle dinamiche e quali esiti abbiano sortito. Bristot e Dal Mas provano anche a trovare delle soluzioni per incentivare le nuove aperture come garantire su base almeno triennale e per un massimo stimato di almeno 3.500 euro su base annua in forma cumulativa elevabile a 5.000 per titolari under 30, l\u2019esenzione dal tributo dovuto per il servizio rifiuti (TARI) a tutte le nuove aperture in centro storico in accordo con Bellunum, esenzione dal canone di occupazione del suolo pubblico (COSAP) e la contestuale manutenzione di porfidi e marciapiedi per favorire la posa di plateatici, gazebi, strutture, ecc. destinati al pubblico e previa attivita\u0300 di uniformazione delle stesse strutture di copertura per ovviare all\u2019attuale circo in Piazza dei Martiri, esenzione dall\u2019imposta comunale sulla pubblicita\u0300 e dal diritto sulle pubbliche affissioni per azioni di marketing comuni e scontistiche su ticket park limitatamente a Lambioi.<\/p>\n<p>&nbsp;<\/p>\n<p>&nbsp;<\/p>\n<hr \/>\n<p>&nbsp;<\/p>\n<blockquote>\n<h3>BIM GSP, ULTIMATI I LAVORI AL DEPURATORE DI LE CAMPE<\/h3>\n<\/blockquote>\n<p><strong>BELLUNO<\/strong> Continua l\u2019opera di ammodernamento dei depuratori dell\u2019Agordino. Bim Gsp, in questi giorni, ha concluso i lavori all\u2019impianto di Le Campe, struttura dimensionata per 6.500 abitanti equivalenti e che tratta i reflui di buona parte del comune di Agordo e di La Valle Agordina. L\u2019impianto, in particolare, \u00e8 stato dotato di un nuovo ponte raschiatore, in sostituzione dell\u2019esistente ormai datato e con funzionalit\u00e0 ridotta. Il nuovo ponte, realizzato in acciaio inox e con pale raschianti pi\u00f9 performanti, \u00e8 stato inserito nel comparto di sedimentazione finale: permetter\u00e0 una miglior raccolta dei fanghi e una maggior qualit\u00e0 dell&#8217;acqua restituita in ambiente. I lavori, durati complessivamente un paio di settimane e del valore complessivo di 80mila euro, sono stati eseguiti dalla ditta Friulana Costruzioni SRL di Fontanafredda (PN).<\/p>\n\n\t\t\t<style type='text\/css'>\n\t\t\t\t#gallery-6 {\n\t\t\t\t\tmargin: auto;\n\t\t\t\t}\n\t\t\t\t#gallery-6 .gallery-item {\n\t\t\t\t\tfloat: left;\n\t\t\t\t\tmargin-top: 10px;\n\t\t\t\t\ttext-align: center;\n\t\t\t\t\twidth: 50%;\n\t\t\t\t}\n\t\t\t\t#gallery-6 img {\n\t\t\t\t\tborder: 2px solid #cfcfcf;\n\t\t\t\t}\n\t\t\t\t#gallery-6 .gallery-caption {\n\t\t\t\t\tmargin-left: 0;\n\t\t\t\t}\n\t\t\t\t\/* see gallery_shortcode() in wp-includes\/media.php *\/\n\t\t\t<\/style>\n\t\t<div id='gallery-6' class='dt-gallery-container gallery galleryid-227159 gallery-columns-2 gallery-size-medium'><dl class='gallery-item'>\n\t\t\t\t<dt class='gallery-icon landscape'>\n\t\t\t\t\t<a class=\"rollover rollover-zoom dt-pswp-item\" title=\"Le Campe_il nuovo ponte rachiafango_1\" data-dt-img-description=\"\" data-large_image_width=\"850\" data-large_image_height=\"638\"href='https:\/\/www.radiopiu.net\/wordpress\/wp-content\/uploads\/2021\/08\/Le-Campe_il-nuovo-ponte-rachiafango_1.jpg'><img loading=\"lazy\" decoding=\"async\" width=\"300\" height=\"225\" src=\"https:\/\/www.radiopiu.net\/wordpress\/wp-content\/uploads\/2021\/08\/Le-Campe_il-nuovo-ponte-rachiafango_1-300x225.jpg\" class=\"attachment-medium size-medium\" alt=\"\" srcset=\"https:\/\/www.radiopiu.net\/wordpress\/wp-content\/uploads\/2021\/08\/Le-Campe_il-nuovo-ponte-rachiafango_1-300x225.jpg 300w, https:\/\/www.radiopiu.net\/wordpress\/wp-content\/uploads\/2021\/08\/Le-Campe_il-nuovo-ponte-rachiafango_1-768x576.jpg 768w, https:\/\/www.radiopiu.net\/wordpress\/wp-content\/uploads\/2021\/08\/Le-Campe_il-nuovo-ponte-rachiafango_1.jpg 850w\" sizes=\"auto, (max-width: 300px) 100vw, 300px\" \/><\/a>\n\t\t\t\t<\/dt><\/dl><dl class='gallery-item'>\n\t\t\t\t<dt class='gallery-icon landscape'>\n\t\t\t\t\t<a class=\"rollover rollover-zoom dt-pswp-item\" title=\"Le Campe_il nuovo ponte rachiafango_2\" data-dt-img-description=\"\" data-large_image_width=\"850\" data-large_image_height=\"638\"href='https:\/\/www.radiopiu.net\/wordpress\/wp-content\/uploads\/2021\/08\/Le-Campe_il-nuovo-ponte-rachiafango_2.jpg'><img loading=\"lazy\" decoding=\"async\" width=\"300\" height=\"225\" src=\"https:\/\/www.radiopiu.net\/wordpress\/wp-content\/uploads\/2021\/08\/Le-Campe_il-nuovo-ponte-rachiafango_2-300x225.jpg\" class=\"attachment-medium size-medium\" alt=\"\" srcset=\"https:\/\/www.radiopiu.net\/wordpress\/wp-content\/uploads\/2021\/08\/Le-Campe_il-nuovo-ponte-rachiafango_2-300x225.jpg 300w, https:\/\/www.radiopiu.net\/wordpress\/wp-content\/uploads\/2021\/08\/Le-Campe_il-nuovo-ponte-rachiafango_2-768x576.jpg 768w, https:\/\/www.radiopiu.net\/wordpress\/wp-content\/uploads\/2021\/08\/Le-Campe_il-nuovo-ponte-rachiafango_2.jpg 850w\" sizes=\"auto, (max-width: 300px) 100vw, 300px\" \/><\/a>\n\t\t\t\t<\/dt><\/dl><br style=\"clear: both\" \/>\n\t\t\t<\/div>\n\n<p>&nbsp;<\/p>\n<p>&nbsp;<\/p>\n<hr \/>\n<p>&nbsp;<\/p>\n<blockquote>\n<h3 class=\"p1\"><span class=\"s1\">D\u2019INC\u00c0 E PADRIN IN VISTA ALL\u2019EX VILLAGGIO ENI DI BORCA DI CADORE: \u201cPATRIMONIO DI STORIA E CULTURA DA VALORIZZARE AL MEGLIO\u201d<\/span><\/h3>\n<\/blockquote>\n<p class=\"p1\"><span class=\"s1\"><strong><a href=\"https:\/\/www.radiopiu.net\/wordpress\/giornale-radiopiu-12-agosto-2021-direttore-mirko-mezzacasa\/unknown-1-4\/\" rel=\"attachment wp-att-227289\"><img loading=\"lazy\" decoding=\"async\" class=\"size-medium wp-image-227289 alignleft\" src=\"https:\/\/www.radiopiu.net\/wordpress\/wp-content\/uploads\/2021\/08\/Unknown-1-225x300.jpeg\" alt=\"\" width=\"225\" height=\"300\" srcset=\"https:\/\/www.radiopiu.net\/wordpress\/wp-content\/uploads\/2021\/08\/Unknown-1-225x300.jpeg 225w, https:\/\/www.radiopiu.net\/wordpress\/wp-content\/uploads\/2021\/08\/Unknown-1-768x1024.jpeg 768w, https:\/\/www.radiopiu.net\/wordpress\/wp-content\/uploads\/2021\/08\/Unknown-1.jpeg 960w\" sizes=\"auto, (max-width: 225px) 100vw, 225px\" \/><\/a>BORCA DI CADORE<\/strong> \u201c<em>L\u2019ex Villaggio Eni di Borca di Cadore rappresenta una grande opportunit\u00e0 culturale per il nostro territorio e per la Montagna: per questo motivo \u00e8 importante valorizzarlo, guardando al futuro attraverso un percorso che sappia conciliare l\u2019aspetto culturale, ambientale e sociale<\/em>\u201d. Lo dichiara Federico D\u2019Inc\u00e0, in visita all\u2019ex Villaggio Eni di Borca di Cadore assieme al Presidente della Provincia di Belluno, Roberto Padrin, al Sindaco Bortolo Sala e Gianluca D\u2019Inc\u00e0 Levis di Dolomiti Contemporanee.\u201c<em>Ho avuto la possibilit\u00e0 di apprezzare le particolarit\u00e0 di una struttura che era gi\u00e0 stata concepita con una visione sociale a partire dagli anni \u201950, grazie all\u2019intuizione di Enrico Mattei e alle capacit\u00e0 dell\u2019architetto Edoardo Gellner &#8211; prosegue D\u2019Inc\u00e0 &#8211;\u00a0<\/em><\/span><span class=\"s1\"><a href=\"https:\/\/www.radiopiu.net\/wordpress\/giornale-radiopiu-12-agosto-2021-direttore-mirko-mezzacasa\/unknown-14\/\" rel=\"attachment wp-att-227290\"><img loading=\"lazy\" decoding=\"async\" class=\" wp-image-227290 alignright\" src=\"https:\/\/www.radiopiu.net\/wordpress\/wp-content\/uploads\/2021\/08\/Unknown-300x225.jpeg\" alt=\"\" width=\"387\" height=\"290\" srcset=\"https:\/\/www.radiopiu.net\/wordpress\/wp-content\/uploads\/2021\/08\/Unknown-300x225.jpeg 300w, https:\/\/www.radiopiu.net\/wordpress\/wp-content\/uploads\/2021\/08\/Unknown-1024x768.jpeg 1024w, https:\/\/www.radiopiu.net\/wordpress\/wp-content\/uploads\/2021\/08\/Unknown-768x576.jpeg 768w, https:\/\/www.radiopiu.net\/wordpress\/wp-content\/uploads\/2021\/08\/Unknown.jpeg 1280w\" sizes=\"auto, (max-width: 387px) 100vw, 387px\" \/><\/a><\/span><span class=\"s1\">\u201c<em>Il villaggio Eni di Borca di Cadore \u00e8 un patrimonio di storia e architettura che merita di essere valorizzato al meglio. Grazie all\u2019interessamento del ministro Federico D\u2019Inc\u00e0 possiamo studiare alcune ipotesi di riqualificazione<\/em>\u201d. Cos\u00ec il presidente della Provincia di Belluno, Roberto Padrin, presente alla visita. <\/span><span class=\"s1\">\u201c<em>Le costruzioni di Gellner, pensate per dialogare in maniera sostenibile con l\u2019ambiente dolomitico circostante, sono state utilizzate anche per le Olimpiadi di Cortina del 1956 &#8211; afferma il presidente Padrin -. Oggi purtroppo sono usate solo parzialmente. L\u2019ex colonia in particolare &#8211; in gestione a Gianluca D\u2019Inc\u00e0 Levis per un progetto di conservazione &#8211; meriterebbe un intervento consistente di sistemazione. La volont\u00e0 di riqualificare l\u2019esistente c\u2019\u00e8 e i prossimi mesi serviranno per ragionare sulle progettualit\u00e0. Fin da subito per\u00f2 abbiamo registrato la convergenza tra Comune, Provincia e ministro D\u2019Inc\u00e0, che ringrazio. Il gioco di squadra sar\u00e0 fondamentale per costruire le progettualit\u00e0 pi\u00f9 utili al territorio<\/em>\u201d.<\/span><\/p>\n<p>&nbsp;<\/p>\n<p>&nbsp;<\/p>\n<hr \/>\n<p>&nbsp;<\/p>\n<blockquote>\n<h3 class=\"p1\"><span class=\"s1\">CINQUE PER MILLE, CALALZO TRA I PRIMI COMUNI IN ITALIA. DE CARLO: \u201cORGOGLIOSI, AMMINISTRAZIONE PREMIATA\u201d<\/span><\/h3>\n<\/blockquote>\n<p class=\"p1\"><span class=\"s1\"><strong><a href=\"https:\/\/www.radiopiu.net\/wordpress\/giornale-radiopiu-18-agosto-2018-direttore-mirko-mezzacasa\/lago_di_calalzo\/\" rel=\"attachment wp-att-58194\"><img loading=\"lazy\" decoding=\"async\" class=\"size-medium wp-image-58194 alignleft\" src=\"https:\/\/www.radiopiu.net\/wordpress\/wp-content\/uploads\/2018\/08\/Lago_di_Calalzo-300x190.jpg\" alt=\"\" width=\"300\" height=\"190\" srcset=\"https:\/\/www.radiopiu.net\/wordpress\/wp-content\/uploads\/2018\/08\/Lago_di_Calalzo-300x190.jpg 300w, https:\/\/www.radiopiu.net\/wordpress\/wp-content\/uploads\/2018\/08\/Lago_di_Calalzo.jpg 600w\" sizes=\"auto, (max-width: 300px) 100vw, 300px\" \/><\/a>CALALZO <\/strong>Calalzo di Cadore si conferma tra i comuni pi\u00f9 \u201cpremiati\u201d dai propri cittadini con l&#8217;assegnazione del 5 per mille alle attivit\u00e0 sociali del comune: anche la classifica 2020 \u2013 riferita ai redditi 2019 \u2013 vede infatti la realt\u00e0 calaltina nella top 20 a livello nazionale per l&#8217;assegnazione di questi fondi in rapporto alla popolazione residente. Il trasferimento ammonta infatti a 6418,38 euro, circa 3 euro a cittadino: \u201c<em>\u00c8 un risultato che ci inorgoglisce e il fatto che sia ormai una costante da anni \u00e8 il segno che i nostri cittadini apprezzano le politiche sociali messe in campo da questa amministrazione<\/em>\u201d, commenta il sindaco Luca De Carlo. Ad illustrare come verranno impiegate queste risorse \u00e8 la vicesindaco con delega ai servizi sociali Jlenia Iannaccone: \u201c<em>Anche per il 2021 confermeremo il bonus libri per i ragazzi che entreranno in prima media e in prima superiore, dal valore di 150 euro, e riproporremo il Bonus Beb\u00e8, iniziativa che a Calalzo realizziamo da anni, ben prima delle proposte nazionali, e che vuole essere un benvenuto ai nostri nuovi concittadini. Inoltre, potremo mantenere invariate le tariffe per la scuola materna che, ricordiamo, sono tra le \u00a0pi\u00f9 basse in provincia con 62 euro al mese per i residenti e che hanno visto l&#8217;esenzione totale dal pagamento per tutto il periodo di chiusura causa Covid. Tutte iniziative che dimostrano l&#8217;attenzione dell&#8217;amministrazione alle necessit\u00e0 della popolazione e delle famiglie e la solidit\u00e0 del nostro welfare comunale<\/em>\u201d.<\/span><\/p>\n<p>&nbsp;<\/p>\n<hr \/>\n<p>&nbsp;<\/p>\n<p><strong>IL MATTONE DEL MONDO PER L\u2019ITALIA<\/strong><\/p>\n<p><strong><a href=\"https:\/\/www.radiopiu.net\/wordpress\/giornale-radiopiu-12-agosto-2021-direttore-mirko-mezzacasa\/il-mattone-del-mondo-per-l-italia\/\" rel=\"attachment wp-att-227381\"><img loading=\"lazy\" decoding=\"async\" class=\"wp-image-227381 alignleft\" src=\"https:\/\/www.radiopiu.net\/wordpress\/wp-content\/uploads\/2021\/08\/IL-MATTONE-DEL-MONDO-PER-L-ITALIA-240x300.jpg\" alt=\"\" width=\"139\" height=\"174\" srcset=\"https:\/\/www.radiopiu.net\/wordpress\/wp-content\/uploads\/2021\/08\/IL-MATTONE-DEL-MONDO-PER-L-ITALIA-240x300.jpg 240w, https:\/\/www.radiopiu.net\/wordpress\/wp-content\/uploads\/2021\/08\/IL-MATTONE-DEL-MONDO-PER-L-ITALIA.jpg 585w\" sizes=\"auto, (max-width: 139px) 100vw, 139px\" \/><\/a>FELTRE<\/strong> Il 7 ottobre 2018, alle ore 11:00, presso la Cooperativa Sociale Arcobaleno \u201886 in Feltre, sede del Museo dei Sogni, della Memoria, della Coscienza e dei Presepi, \u00e8 iniziata la restituzione delle terre a tutti i 199 Paesi del mondo, attraverso\u00a0<strong>Il MATTONE DEL MONDO<\/strong>\u00a0 consegnato nelle mani di Papa Francesco in Citt\u00e0 del Vaticano e per vie diplomatiche a 26 Rappresentanti Ufficiali di Paesi del mondo. L\u2019iniziativa della raccolta delle terre, sassi, sogni, segni, simboli, presepi, legati alla vita degli uomini nel mondo, inizi\u00f2 a dicembre del 1998, nell\u2019anno 50\u00b0 di fondazione della Comunit\u00e0, che accoglie minori e non in difficolt\u00e0 familiari e personali. \u00c8 stato chiesto in tutta Italia dove collocare questo simbolo. Le risposte sono state 304, le possibili sedi indicate 164. Il 17 maggio 2019, alle ore 21:00, presso il Museo dei Sogni e della Memoria in Feltre, con l\u2019apertura della annuale Festa del Volontariato Sociale dal tema L\u2019OLTRE IL TROPPO UMANO, \u00e8 stata data rispettosa comunicazione della sede scelta in Comunit\u00e0 di Villa San Francesco, sulla tomba del giudice Rosario Livatino a Canicatt\u00ec, dopo la sosta al km 10 della statale Agrigento \u2013 Canicatt\u00ec, dove Pietro Nava, vide, denunci\u00f2, pag\u00f2.\u00a0 Domenica 22 agosto 2021 alle ore 10:30 il <strong>MATTONE DEL MONDO<\/strong> partir\u00e0 dal Museo dei Sogni presso la Cooperativa Sociale Arcobaleno &#8217;86 Onlus, in via Calcin 11, Feltre (BL), \u00a0per raggiungere Bassano del Grappa, sede della prima tappa. Si susseguiranno 19 tappe, con una sosta a Roma di 3 giorni. L\u2019arrivo a Canicatt\u00ec \u00e8 previsto il 13 settembre 2021. <strong>Il MATTONE DEL MONDO<\/strong> sar\u00e0 portato lungo tutta l\u2019Italia da ciclisti amatoriali. Tutte le informazioni \u00e8 possibile reperirle all\u2019indirizzo mail della Comunit\u00e0.<\/p>\n<p>&nbsp;<\/p>\n<p>&nbsp;<\/p>\n<p>&nbsp;<\/p>\n<p>&nbsp;<\/p>\n<hr \/>\n<p>&nbsp;<\/p>\n<blockquote>\n<h3>DILLO A RADIO PIU&#8217;&#8230;IL REDDITO DI CITTADINANZA<\/h3>\n<\/blockquote>\n<p><strong><a href=\"https:\/\/www.radiopiu.net\/wordpress\/le-interviste-esclusive-di-fine-anno\/microfono-radio-piu\/\" rel=\"attachment wp-att-181833\"><img loading=\"lazy\" decoding=\"async\" class=\" wp-image-181833 alignleft\" src=\"https:\/\/www.radiopiu.net\/wordpress\/wp-content\/uploads\/2020\/12\/MICROFONO-RADIO-PIU-300x300.jpeg\" alt=\"\" width=\"235\" height=\"235\" srcset=\"https:\/\/www.radiopiu.net\/wordpress\/wp-content\/uploads\/2020\/12\/MICROFONO-RADIO-PIU-300x300.jpeg 300w, https:\/\/www.radiopiu.net\/wordpress\/wp-content\/uploads\/2020\/12\/MICROFONO-RADIO-PIU-1024x1021.jpeg 1024w, https:\/\/www.radiopiu.net\/wordpress\/wp-content\/uploads\/2020\/12\/MICROFONO-RADIO-PIU-150x150.jpeg 150w, https:\/\/www.radiopiu.net\/wordpress\/wp-content\/uploads\/2020\/12\/MICROFONO-RADIO-PIU-768x766.jpeg 768w, https:\/\/www.radiopiu.net\/wordpress\/wp-content\/uploads\/2020\/12\/MICROFONO-RADIO-PIU.jpeg 1125w\" sizes=\"auto, (max-width: 235px) 100vw, 235px\" \/><\/a>di Franco Piacentini<\/strong><\/p>\n<p>La querelle, sul reddito di cittadinanza, che in questi incandescenti giorni d&#8217;estate sta montando pesantemente nell&#8217; area della politica governativa, \u00e8 soprattutto strumentale per opinabili logiche elettorali. Nel merito, ovviamente se ci fosse la convergenza di tutte le parti interessate (Governo, Cgil Cisl Uil, Enti del Terzo Settore, Volontariato e Amministrazioni comunali) la soluzione, da tempo indicata, \u00e8 alla portata di mano. Applicando le regole del Welfare Generativo, da anni elaborato dalla Fondazione E. Zancan, tutti i sussidi economici statali, compreso il reddito di cittadinanza, devono essere (fin dall&#8217;inizio dovevano essere vincolati)\u00a0 obbligatoriamente collegati ai lavori socialmente utili, in attivit\u00e0 programmate dalle Amministrazioni comunali o in prestazioni di volontariato presso gli Enti del Terzo Settore. Solo con queste regole, i versamenti fiscali degli onesti contribuenti, saranno indirizzati al bene comune e non ai furbetti di turno.<\/p>\n<p>&nbsp;<\/p>\n<p>&nbsp;<\/p>\n<hr \/>\n<p>&nbsp;<\/p>\n<blockquote>\n<h3>MARTEDI&#8217; A CAVIOLA CON I VOLONTARI DELLA VALLE DEL BIOIS<\/h3>\n<\/blockquote>\n<p><strong>FALCADE <\/strong>Marted\u00ec 17 agosto dalle 11.00 in Lungo Tegosa a Caviola, in occasione del mercatino, la Pro Loco di Caviola ha previsto un momento di riconoscimento ai gruppi volontari di soccorso della Valle del Biois. \u00c8 stato chiesto alla Croce Verde Val Biois, alla sezione locale del Soccorso Alpino, al Gruppo Protezione civile con sede a Caviola e al distaccamento dei Vigili del Fuoco Volontari di Canale d&#8217;Agordo di partecipare con una piccola rappresentanza ed un loro mezzo all&#8217;evento in modo da farsi conoscere anche ai turisti che spesso ignorano il lavoro continuo e discreto che molti volontari svolgono anche a loro favore. Nel limite della disponibilit\u00e0 di tempo e di spazio saranno presenti per qualche ora durante il mercato in modo da interagire con gli avventori, mostrare mezzi e attrezzature, spiegare la loro funzione e lavoro in favore dalla comunit\u00e0. Ad ognuno dei gruppi il Consiglio Direttivo della Pro Loco doner\u00e0 una targa, come segno di riconoscenza per il loro impegno.<\/p>\n<p>&nbsp;<\/p>\n<p>&nbsp;<\/p>\n<hr \/>\n<p>&nbsp;<\/p>\n<blockquote>\n<h3>A PALUE PROGETTI E IDEE PER UN FUTURO IN VAL PETTORINA<\/h3>\n<\/blockquote>\n<p><strong>di LORENA CASARIN<\/strong><\/p>\n<p><strong>ROCCA PIETORE<\/strong> Quando si vive da sempre in un ambiente particolare dove sono ancora visibili tracce di una vita ormai tramontata, non ci si rende conto della ricchezza che ci circonda. Un turista invece lo percepisce subito. \u00c8 cos\u00ec che un gruppo di non residenti, innamoratosi del Borgo Antico di Palue nel Comune di Rocca Pietore, ha deciso di creare una Associazione culturale per valorizzare l\u2019ambiente tramite il recupero dei beni ambientali collettivi, in stato di abbandono, nonch\u00e9 sostenere ed incentivare la conoscenza delle tradizioni e del ricco patrimonio culturale. L\u2019inaugurazione dell\u2019opera murale\u201dUna giornata a Palue\u201d dell\u2019artista Agordino Dunio Piccolin \u00e8 stata una prima manifestazione nel settembre 2020. Durante l\u2019estate 2021 \u00e8 stata allestita una mostra per evidenziare il valore della donna che visse in questi luoghi dalla fine dell\u2019800 agli anni \u201820 inclusa la grande guerra. Si possono inoltre ammirare disegni, sculture oggettistica e libri, legati alle leggende dell\u2019alto Agordino. La stagione si concluder\u00e0 con la mostra fotografica a cura del CAI di Mestre su Borghi Dimenticati. All\u2019Associazione Palue non mancano idee e progetti svolti a valorizzare in un futuro prossimo le ricchezze della Val Pettorina, il cui capoluogo Rocca Pietore detiene inestimabili tesori artistici da far conoscere meglio al turista odierno.<\/p>\n\n\t\t\t<style type='text\/css'>\n\t\t\t\t#gallery-7 {\n\t\t\t\t\tmargin: auto;\n\t\t\t\t}\n\t\t\t\t#gallery-7 .gallery-item {\n\t\t\t\t\tfloat: left;\n\t\t\t\t\tmargin-top: 10px;\n\t\t\t\t\ttext-align: center;\n\t\t\t\t\twidth: 25%;\n\t\t\t\t}\n\t\t\t\t#gallery-7 img {\n\t\t\t\t\tborder: 2px solid #cfcfcf;\n\t\t\t\t}\n\t\t\t\t#gallery-7 .gallery-caption {\n\t\t\t\t\tmargin-left: 0;\n\t\t\t\t}\n\t\t\t\t\/* see gallery_shortcode() in wp-includes\/media.php *\/\n\t\t\t<\/style>\n\t\t<div id='gallery-7' class='dt-gallery-container gallery galleryid-227159 gallery-columns-4 gallery-size-medium'><dl class='gallery-item'>\n\t\t\t\t<dt class='gallery-icon portrait'>\n\t\t\t\t\t<a class=\"rollover\" href='https:\/\/www.radiopiu.net\/wordpress\/a-palue-progetti-e-idee-per-un-futuro-in-val-pettorina\/5bdd06a5-0918-4b6f-9bf8-89f205085924\/'><img loading=\"lazy\" decoding=\"async\" width=\"225\" height=\"300\" src=\"https:\/\/www.radiopiu.net\/wordpress\/wp-content\/uploads\/2021\/08\/5bdd06a5-0918-4b6f-9bf8-89f205085924-225x300.jpg\" class=\"attachment-medium size-medium\" alt=\"\" srcset=\"https:\/\/www.radiopiu.net\/wordpress\/wp-content\/uploads\/2021\/08\/5bdd06a5-0918-4b6f-9bf8-89f205085924-225x300.jpg 225w, https:\/\/www.radiopiu.net\/wordpress\/wp-content\/uploads\/2021\/08\/5bdd06a5-0918-4b6f-9bf8-89f205085924-769x1024.jpg 769w, https:\/\/www.radiopiu.net\/wordpress\/wp-content\/uploads\/2021\/08\/5bdd06a5-0918-4b6f-9bf8-89f205085924-768x1023.jpg 768w, https:\/\/www.radiopiu.net\/wordpress\/wp-content\/uploads\/2021\/08\/5bdd06a5-0918-4b6f-9bf8-89f205085924-1153x1536.jpg 1153w, https:\/\/www.radiopiu.net\/wordpress\/wp-content\/uploads\/2021\/08\/5bdd06a5-0918-4b6f-9bf8-89f205085924.jpg 1201w\" sizes=\"auto, (max-width: 225px) 100vw, 225px\" \/><\/a>\n\t\t\t\t<\/dt><\/dl><dl class='gallery-item'>\n\t\t\t\t<dt class='gallery-icon portrait'>\n\t\t\t\t\t<a class=\"rollover\" href='https:\/\/www.radiopiu.net\/wordpress\/a-palue-progetti-e-idee-per-un-futuro-in-val-pettorina\/c109b9f0-54d0-477d-b274-063acfc34cd2\/'><img loading=\"lazy\" decoding=\"async\" width=\"225\" height=\"300\" src=\"https:\/\/www.radiopiu.net\/wordpress\/wp-content\/uploads\/2021\/08\/c109b9f0-54d0-477d-b274-063acfc34cd2-225x300.jpg\" class=\"attachment-medium size-medium\" alt=\"\" srcset=\"https:\/\/www.radiopiu.net\/wordpress\/wp-content\/uploads\/2021\/08\/c109b9f0-54d0-477d-b274-063acfc34cd2-225x300.jpg 225w, https:\/\/www.radiopiu.net\/wordpress\/wp-content\/uploads\/2021\/08\/c109b9f0-54d0-477d-b274-063acfc34cd2-769x1024.jpg 769w, https:\/\/www.radiopiu.net\/wordpress\/wp-content\/uploads\/2021\/08\/c109b9f0-54d0-477d-b274-063acfc34cd2-768x1023.jpg 768w, https:\/\/www.radiopiu.net\/wordpress\/wp-content\/uploads\/2021\/08\/c109b9f0-54d0-477d-b274-063acfc34cd2-1153x1536.jpg 1153w, https:\/\/www.radiopiu.net\/wordpress\/wp-content\/uploads\/2021\/08\/c109b9f0-54d0-477d-b274-063acfc34cd2.jpg 1201w\" sizes=\"auto, (max-width: 225px) 100vw, 225px\" \/><\/a>\n\t\t\t\t<\/dt><\/dl><dl class='gallery-item'>\n\t\t\t\t<dt class='gallery-icon portrait'>\n\t\t\t\t\t<a class=\"rollover\" href='https:\/\/www.radiopiu.net\/wordpress\/a-palue-progetti-e-idee-per-un-futuro-in-val-pettorina\/4cccc9b1-6f94-48a3-8d33-65fa4e283a76\/'><img loading=\"lazy\" decoding=\"async\" width=\"272\" height=\"300\" src=\"https:\/\/www.radiopiu.net\/wordpress\/wp-content\/uploads\/2021\/08\/4cccc9b1-6f94-48a3-8d33-65fa4e283a76-272x300.jpg\" class=\"attachment-medium size-medium\" alt=\"\" srcset=\"https:\/\/www.radiopiu.net\/wordpress\/wp-content\/uploads\/2021\/08\/4cccc9b1-6f94-48a3-8d33-65fa4e283a76-272x300.jpg 272w, https:\/\/www.radiopiu.net\/wordpress\/wp-content\/uploads\/2021\/08\/4cccc9b1-6f94-48a3-8d33-65fa4e283a76-768x847.jpg 768w, https:\/\/www.radiopiu.net\/wordpress\/wp-content\/uploads\/2021\/08\/4cccc9b1-6f94-48a3-8d33-65fa4e283a76.jpg 929w\" sizes=\"auto, (max-width: 272px) 100vw, 272px\" \/><\/a>\n\t\t\t\t<\/dt><\/dl><dl class='gallery-item'>\n\t\t\t\t<dt class='gallery-icon landscape'>\n\t\t\t\t\t<a class=\"rollover\" href='https:\/\/www.radiopiu.net\/wordpress\/a-palue-progetti-e-idee-per-un-futuro-in-val-pettorina\/73489043-ac7d-443a-8bb6-c3352c0a2ca9\/'><img loading=\"lazy\" decoding=\"async\" width=\"300\" height=\"177\" src=\"https:\/\/www.radiopiu.net\/wordpress\/wp-content\/uploads\/2021\/08\/73489043-ac7d-443a-8bb6-c3352c0a2ca9-300x177.jpg\" class=\"attachment-medium size-medium\" alt=\"\" srcset=\"https:\/\/www.radiopiu.net\/wordpress\/wp-content\/uploads\/2021\/08\/73489043-ac7d-443a-8bb6-c3352c0a2ca9-300x177.jpg 300w, https:\/\/www.radiopiu.net\/wordpress\/wp-content\/uploads\/2021\/08\/73489043-ac7d-443a-8bb6-c3352c0a2ca9-768x454.jpg 768w, https:\/\/www.radiopiu.net\/wordpress\/wp-content\/uploads\/2021\/08\/73489043-ac7d-443a-8bb6-c3352c0a2ca9.jpg 1024w\" sizes=\"auto, (max-width: 300px) 100vw, 300px\" \/><\/a>\n\t\t\t\t<\/dt><\/dl><br style=\"clear: both\" \/>\n\t\t\t<\/div>\n\n<p>&nbsp;<\/p>\n<hr \/>\n<p>&nbsp;<\/p>\n<blockquote>\n<h3>&#8220;LA MONTAGNA DI QUENTIN&#8221;, IL LIBRO DI VINCENZO AGOSTINI<\/h3>\n<\/blockquote>\n<p><a href=\"https:\/\/www.radiopiu.net\/wordpress\/la-montagna-di-quantin-il-libro-di-vincenzo-agostini\/schermata-2021-08-11-alle-11-57-40\/\" rel=\"attachment wp-att-227226\"><img loading=\"lazy\" decoding=\"async\" class=\" wp-image-227226 alignleft\" src=\"https:\/\/www.radiopiu.net\/wordpress\/wp-content\/uploads\/2021\/08\/Schermata-2021-08-11-alle-11.57.40-198x300.png\" alt=\"\" width=\"103\" height=\"156\" srcset=\"https:\/\/www.radiopiu.net\/wordpress\/wp-content\/uploads\/2021\/08\/Schermata-2021-08-11-alle-11.57.40-198x300.png 198w, https:\/\/www.radiopiu.net\/wordpress\/wp-content\/uploads\/2021\/08\/Schermata-2021-08-11-alle-11.57.40-676x1024.png 676w, https:\/\/www.radiopiu.net\/wordpress\/wp-content\/uploads\/2021\/08\/Schermata-2021-08-11-alle-11.57.40-768x1163.png 768w, https:\/\/www.radiopiu.net\/wordpress\/wp-content\/uploads\/2021\/08\/Schermata-2021-08-11-alle-11.57.40.png 868w\" sizes=\"auto, (max-width: 103px) 100vw, 103px\" \/><\/a>\u00c8 stato presentato venerd\u00ec scorso a Colle Santa Lucia il libro di Vincenzo Agostini dal titolo &#8220;La Montagna Di Quentin&#8221;. L&#8217;opera si pu\u00f2 ordinare in tutte le librerie, nei migliori shop online ed \u00e8 disponibile presso l&#8217;edicola\/libreria da Gabriella in piazza ad Agordo.<\/p>\n<p><strong>\u00a0<\/strong><\/p>\n<p><strong>\u00a0<\/strong><strong>\u00a0<\/strong><\/p>\n<p><strong>\u00a0<\/strong><\/p>\n<p><strong>\u00a0<\/strong><\/p>\n<p><strong>VINCENZO AGOSTINI CI RACCONTA DI COSA PARLA IL SUO NUOVO LIBRO<\/strong><\/p>\n<audio class=\"wp-audio-shortcode\" id=\"audio-227159-3\" preload=\"none\" style=\"width: 100%;\" controls=\"controls\"><source type=\"audio\/mpeg\" src=\"https:\/\/www.radiopiu.net\/wordpress\/wp-content\/uploads\/2021\/08\/VINCENZO-AGOSTINI-LIBRO.mp3?_=3\" \/><a href=\"https:\/\/www.radiopiu.net\/wordpress\/wp-content\/uploads\/2021\/08\/VINCENZO-AGOSTINI-LIBRO.mp3\">https:\/\/www.radiopiu.net\/wordpress\/wp-content\/uploads\/2021\/08\/VINCENZO-AGOSTINI-LIBRO.mp3<\/a><\/audio>\n<p>&nbsp;<\/p>\n<hr \/>\n<p>&nbsp;<\/p>\n<blockquote>\n<h3>PRESENTATA L&#8217;EDIZIONE 2021 DI &#8220;VOILA'&#8221; A FELTRE<\/h3>\n<\/blockquote>\n<p><strong>FELTRE<\/strong> E\u2019 stata presentata questa mattina, presso l\u2019area di Pr\u00e0 del Moro a Feltre, l\u2019edizione 2021 di \u201cVoil\u00e0\u201d il Festival Internazionale degli Artisti di Strada. Gi\u00e0 da luned\u00ec scorso l\u2019area di Pr\u00e0 del Moro ospita, grazie alla collaborazione con la Cooperativa \u201cElementa\u201d, una serie di laboratori didattici per bambini e ragazzi, a partecipazione gratuita, legati ai temi della giocoleria, della clowneria, ma anche della pet-therapy, oltre ad alcuni spettacoli. Da domani sera la manifestazione entra nel vivo con gli spettacoli che animeranno il centro citt\u00e0, tra Largo Castaldi e piazza Maggiore, allestiti e realizzati in collaborazione e con la direzione artistica del Buskers Ferrara Festival. Grande protagonista sar\u00e0 la musica, ma non mancheranno eventi legati al mondo della giocoleria, dell\u2019equilibrismo e delle pi\u00f9 caratteristiche tra le arti di strada. Il tutto, naturalmente, nel rispetto delle normative in atto in ambito sanitario. Saranno 12 i gruppi che, tra venerd\u00ec e domenica, si esibiranno in circa 30 spettacoli distribuiti in varie postazioni all\u2019aperto nel centro citt\u00e0. Tutte le info sul sito visitfeltre.info a questo link:<br \/>\n<a href=\"https:\/\/www.visitfeltre.info\/evento\/voila-xxiii-festival-internazionale-artisti-di-strada\/\">https:\/\/www.visitfeltre.info\/evento\/voila-xxiii-festival-internazionale-artisti-di-strada\/<\/a><\/p>\n\n\t\t\t<style type='text\/css'>\n\t\t\t\t#gallery-8 {\n\t\t\t\t\tmargin: auto;\n\t\t\t\t}\n\t\t\t\t#gallery-8 .gallery-item {\n\t\t\t\t\tfloat: left;\n\t\t\t\t\tmargin-top: 10px;\n\t\t\t\t\ttext-align: center;\n\t\t\t\t\twidth: 33%;\n\t\t\t\t}\n\t\t\t\t#gallery-8 img {\n\t\t\t\t\tborder: 2px solid #cfcfcf;\n\t\t\t\t}\n\t\t\t\t#gallery-8 .gallery-caption {\n\t\t\t\t\tmargin-left: 0;\n\t\t\t\t}\n\t\t\t\t\/* see gallery_shortcode() in wp-includes\/media.php *\/\n\t\t\t<\/style>\n\t\t<div id='gallery-8' class='dt-gallery-container gallery galleryid-227159 gallery-columns-3 gallery-size-medium'><dl class='gallery-item'>\n\t\t\t\t<dt class='gallery-icon landscape'>\n\t\t\t\t\t<a class=\"rollover rollover-zoom dt-pswp-item\" title=\"180d2d15-55e4-42af-bae4-c2396ca050fe\" data-dt-img-description=\"\" data-large_image_width=\"2048\" data-large_image_height=\"1325\"href='https:\/\/www.radiopiu.net\/wordpress\/wp-content\/uploads\/2021\/08\/180d2d15-55e4-42af-bae4-c2396ca050fe.jpg'><img loading=\"lazy\" decoding=\"async\" width=\"300\" height=\"194\" src=\"https:\/\/www.radiopiu.net\/wordpress\/wp-content\/uploads\/2021\/08\/180d2d15-55e4-42af-bae4-c2396ca050fe-300x194.jpg\" class=\"attachment-medium size-medium\" alt=\"\" srcset=\"https:\/\/www.radiopiu.net\/wordpress\/wp-content\/uploads\/2021\/08\/180d2d15-55e4-42af-bae4-c2396ca050fe-300x194.jpg 300w, https:\/\/www.radiopiu.net\/wordpress\/wp-content\/uploads\/2021\/08\/180d2d15-55e4-42af-bae4-c2396ca050fe-1024x663.jpg 1024w, https:\/\/www.radiopiu.net\/wordpress\/wp-content\/uploads\/2021\/08\/180d2d15-55e4-42af-bae4-c2396ca050fe-768x497.jpg 768w, https:\/\/www.radiopiu.net\/wordpress\/wp-content\/uploads\/2021\/08\/180d2d15-55e4-42af-bae4-c2396ca050fe-1536x994.jpg 1536w, https:\/\/www.radiopiu.net\/wordpress\/wp-content\/uploads\/2021\/08\/180d2d15-55e4-42af-bae4-c2396ca050fe.jpg 2048w\" sizes=\"auto, (max-width: 300px) 100vw, 300px\" \/><\/a>\n\t\t\t\t<\/dt><\/dl><dl class='gallery-item'>\n\t\t\t\t<dt class='gallery-icon landscape'>\n\t\t\t\t\t<a class=\"rollover rollover-zoom dt-pswp-item\" title=\"797e41bf-537c-4558-a73d-9e9393e6908f\" data-dt-img-description=\"\" data-large_image_width=\"2016\" data-large_image_height=\"1512\"href='https:\/\/www.radiopiu.net\/wordpress\/wp-content\/uploads\/2021\/08\/797e41bf-537c-4558-a73d-9e9393e6908f.jpg'><img loading=\"lazy\" decoding=\"async\" width=\"300\" height=\"225\" src=\"https:\/\/www.radiopiu.net\/wordpress\/wp-content\/uploads\/2021\/08\/797e41bf-537c-4558-a73d-9e9393e6908f-300x225.jpg\" class=\"attachment-medium size-medium\" alt=\"\" srcset=\"https:\/\/www.radiopiu.net\/wordpress\/wp-content\/uploads\/2021\/08\/797e41bf-537c-4558-a73d-9e9393e6908f-300x225.jpg 300w, https:\/\/www.radiopiu.net\/wordpress\/wp-content\/uploads\/2021\/08\/797e41bf-537c-4558-a73d-9e9393e6908f-1024x768.jpg 1024w, https:\/\/www.radiopiu.net\/wordpress\/wp-content\/uploads\/2021\/08\/797e41bf-537c-4558-a73d-9e9393e6908f-768x576.jpg 768w, https:\/\/www.radiopiu.net\/wordpress\/wp-content\/uploads\/2021\/08\/797e41bf-537c-4558-a73d-9e9393e6908f-1536x1152.jpg 1536w, https:\/\/www.radiopiu.net\/wordpress\/wp-content\/uploads\/2021\/08\/797e41bf-537c-4558-a73d-9e9393e6908f.jpg 2016w\" sizes=\"auto, (max-width: 300px) 100vw, 300px\" \/><\/a>\n\t\t\t\t<\/dt><\/dl><dl class='gallery-item'>\n\t\t\t\t<dt class='gallery-icon landscape'>\n\t\t\t\t\t<a class=\"rollover rollover-zoom dt-pswp-item\" title=\"d1be6bd6-71e4-47bf-8c10-13c532150649\" data-dt-img-description=\"\" data-large_image_width=\"2016\" data-large_image_height=\"1512\"href='https:\/\/www.radiopiu.net\/wordpress\/wp-content\/uploads\/2021\/08\/d1be6bd6-71e4-47bf-8c10-13c532150649.jpg'><img loading=\"lazy\" decoding=\"async\" width=\"300\" height=\"225\" src=\"https:\/\/www.radiopiu.net\/wordpress\/wp-content\/uploads\/2021\/08\/d1be6bd6-71e4-47bf-8c10-13c532150649-300x225.jpg\" class=\"attachment-medium size-medium\" alt=\"\" srcset=\"https:\/\/www.radiopiu.net\/wordpress\/wp-content\/uploads\/2021\/08\/d1be6bd6-71e4-47bf-8c10-13c532150649-300x225.jpg 300w, https:\/\/www.radiopiu.net\/wordpress\/wp-content\/uploads\/2021\/08\/d1be6bd6-71e4-47bf-8c10-13c532150649-1024x768.jpg 1024w, https:\/\/www.radiopiu.net\/wordpress\/wp-content\/uploads\/2021\/08\/d1be6bd6-71e4-47bf-8c10-13c532150649-768x576.jpg 768w, https:\/\/www.radiopiu.net\/wordpress\/wp-content\/uploads\/2021\/08\/d1be6bd6-71e4-47bf-8c10-13c532150649-1536x1152.jpg 1536w, https:\/\/www.radiopiu.net\/wordpress\/wp-content\/uploads\/2021\/08\/d1be6bd6-71e4-47bf-8c10-13c532150649.jpg 2016w\" sizes=\"auto, (max-width: 300px) 100vw, 300px\" \/><\/a>\n\t\t\t\t<\/dt><\/dl><br style=\"clear: both\" \/>\n\t\t\t<\/div>\n\n<p>&nbsp;<\/p>\n<p>&nbsp;<\/p>\n<hr \/>\n<p>&nbsp;<\/p>\n<blockquote>\n<h1><strong>I delitti di Alleghe alla radio con l&#8217;attore Roberto Faoro.<\/strong><\/h1>\n<h3><a href=\"https:\/\/www.radiopiu.net\/wordpress\/giornale-radiopiu-28-giugno-2021-direttore-mirko-mezzacasa\/d387af2d-5fd5-45f0-aac2-6b610c874311\/\" rel=\"attachment wp-att-218517\"><img loading=\"lazy\" decoding=\"async\" class=\"size-medium wp-image-218517 alignleft\" src=\"https:\/\/www.radiopiu.net\/wordpress\/wp-content\/uploads\/2021\/06\/d387af2d-5fd5-45f0-aac2-6b610c874311-300x225.jpg\" alt=\"\" width=\"300\" height=\"225\" srcset=\"https:\/\/www.radiopiu.net\/wordpress\/wp-content\/uploads\/2021\/06\/d387af2d-5fd5-45f0-aac2-6b610c874311-300x225.jpg 300w, https:\/\/www.radiopiu.net\/wordpress\/wp-content\/uploads\/2021\/06\/d387af2d-5fd5-45f0-aac2-6b610c874311-1024x768.jpg 1024w, https:\/\/www.radiopiu.net\/wordpress\/wp-content\/uploads\/2021\/06\/d387af2d-5fd5-45f0-aac2-6b610c874311-768x576.jpg 768w, https:\/\/www.radiopiu.net\/wordpress\/wp-content\/uploads\/2021\/06\/d387af2d-5fd5-45f0-aac2-6b610c874311-1536x1152.jpg 1536w, https:\/\/www.radiopiu.net\/wordpress\/wp-content\/uploads\/2021\/06\/d387af2d-5fd5-45f0-aac2-6b610c874311.jpg 1600w\" sizes=\"auto, (max-width: 300px) 100vw, 300px\" \/><\/a>Il mistero avvolge la\u00a0<strong>Provincia di Belluno<\/strong>!\u00a0<strong>Alleghe<\/strong>\u00a0\u00e8 una rinomata localit\u00e0 turistica baciata da un&#8217;incantevole cornice naturale, immersa sulle\u00a0<strong>Dolomiti Bellunesi<\/strong>.<\/h3>\n<\/blockquote>\n<p>Questo piccolo paese montano \u00e8 stato teatro di un&#8217;oscura vicenda delittuosa, che racchiude in s\u00e8 i meccanismi tipici e le dinamiche pi\u00f9 inquietanti della\u00a0<strong>cronaca nera<\/strong>. Una lunga sequenza di morti distribuite su un arco temporale lungo ben tredici anni, archiviate dalla\u00a0<strong>magistratura italiana<\/strong>\u00a0nelle maniere pi\u00f9 fantasiose che, grazie alla curiosit\u00e0, lungimiranza e intraprendenza di\u00a0<strong>Sergio Saviane<\/strong>\u00a0prima e di un abile carabiniere poi, \u00e8 stata portata faticosamente alla luce.\u00a0Questi casi, a piena ragione, sono tuttora etichettati come\u00a0<strong>&#8220;I Misteri di Alleghe&#8221;<\/strong>.<\/p>\n<p>Per la prima volta nella storia del libro I Misteri di Alleghe grazie a <strong><em>Radio Pi\u00f9 e Mirko Mezzacasa e alla voce di Roberto Faoro <\/em><\/strong>la voce di Saviane raggiunge Alleghe, entra nelle case, libera, senza ostacoli dove a distanza di oltre 50 anni non \u00e8 ancora possibile portare lo spettacolo teatrale. In questo modo diamo il diritto di scegliere alla popolazione, di ascoltare liberi. Questa \u00e8 la meraviglia della Radio, un bene prezioso per la collettivit\u00e0 a tutto campo, dalla cultura all\u2019informazione.<\/p>\n<p>Un atto d\u2019amore nei confronti del grande giornalista e di questo incredibile libro, di questa incredibile storia, unica al mondo e non solo per la cronaca nera ma soprattutto per il coraggio dimostrato da tanti protagonisti senza i quali Saviane non avrebbe potuto raccontare nulla. \u00a0Le musiche sono di Antonio Fiabane, al pianoforte Mambrini.<\/p>\n<p>Ascolta i podcast delle puntate, cliccando sul seguente link:<\/p>\n<p><a href=\"http:\/\/www.radiopiu.net\/wordpress\/i-misteri-di-alleghe-di-sergio-saviane-alla-radio-con-lattore-roberto-faoro-il-podcast\/\">www.radiopiu.net\/wordpress\/i-misteri-di-alleghe-di-sergio-saviane-alla-radio-con-lattore-roberto-faoro-il-podcast\/<\/a><\/p>\n<p><strong>\u00a0<\/strong><\/p>\n<p>&nbsp;<\/p>\n<p>&nbsp;<\/p>\n<p>&nbsp;<\/p>\n<hr \/>\n<p>&nbsp;<\/p>\n<blockquote>\n<h3>SUL BROI DI AGORDO IL CINEMA ALL&#8217;APERTO<\/h3>\n<\/blockquote>\n<p><strong><a href=\"https:\/\/www.radiopiu.net\/wordpress\/giornale-radiopiu-10-agosto-2021-direttore-mirko-mezzacasa\/photo_2021-08-09_12-19-00\/\" rel=\"attachment wp-att-226842\"><img loading=\"lazy\" decoding=\"async\" class=\"size-medium wp-image-226842 alignleft\" src=\"https:\/\/www.radiopiu.net\/wordpress\/wp-content\/uploads\/2021\/08\/photo_2021-08-09_12-19-00-300x169.jpg\" alt=\"\" width=\"300\" height=\"169\" srcset=\"https:\/\/www.radiopiu.net\/wordpress\/wp-content\/uploads\/2021\/08\/photo_2021-08-09_12-19-00-300x169.jpg 300w, https:\/\/www.radiopiu.net\/wordpress\/wp-content\/uploads\/2021\/08\/photo_2021-08-09_12-19-00-1024x576.jpg 1024w, https:\/\/www.radiopiu.net\/wordpress\/wp-content\/uploads\/2021\/08\/photo_2021-08-09_12-19-00-768x432.jpg 768w, https:\/\/www.radiopiu.net\/wordpress\/wp-content\/uploads\/2021\/08\/photo_2021-08-09_12-19-00.jpg 1280w\" sizes=\"auto, (max-width: 300px) 100vw, 300px\" \/><\/a>AGORDO<\/strong> Ad Agosto, Agordo ospiter\u00e0 una rassegna cinematografica inedita nel giardino \u201cBroi\u201d, in pieno centro. Per sei serate sar\u00e0 possibile godersi grandi titoli cinematografici in una cornice unica al centro della conca agordina. L\u2019evento, organizzato dal Comune di Agordo, grazie al fondamentale contributo della casa di produzione \u201cFiFilm productions\u201d di Caterina Francavilla, dell\u2019impresa edile \u201cConedil\u201d e dalla ditta \u201cCase Trasporti\u201d, ha l\u2019obiettivo di animare l\u2019estate agordina con una proposta innovativa per il territorio, riproponendo il format avviato la scorsa estate con le proiezioni nel giardino di Villa Crotta-De\u2019 Manzoni. Tutte le proiezioni inizieranno alle ore 21 e saranno ad ingresso gratuito, previa prenotazione obbligatoria fino ad esaurimento posti. Le prenotazioni si possono effettuare attraverso il sito <a href=\"http:\/\/agordo.eventbrite.com\">http:\/\/agordo.eventbrite.com<\/a> oppure rivolgendosi all\u2019Ufficio Turistico di Agordo in via XXVII Aprile, tramite mail all\u2019indirizzo ufficioturistico@agordo.net, oppure telefonando allo 0437 62105 o al 388 495 5756. In caso di maltempo, le proiezioni verranno rinviate al giorno successivo. In conformit\u00e0 con le disposizioni anti-contagio, l\u2019ingresso sar\u00e0 subordinato all\u2019esibizione del Green Pass certificante vaccinazione, guarigione da Covid-19 o l&#8217;esito negativo di un tampone (sono esenti i bambini fino ai 12 anni), al controllo della temperatura e all\u2019utilizzo della mascherina in situazioni di assembramento come all\u2019entrata o all\u2019uscita. Gli appuntamenti della rassegna saranno i seguenti: Marted\u00ec 17 Agosto: Il diritto di contare, di Theodore Melfi; Gioved\u00ec 19 Agosto: Coco; Sabato 21 Agosto: Cena con delitto, di Rian Johnson; Marted\u00ec 24 Agosto: Monuments Men, di George Clooney; Gioved\u00ec 26 Agosto: La famosa invasione degli Orsi in Sicilia, di Lorenzo Mattotti; Sabato 28 Agosto: Vita di Pi, di Ang Lee<\/p>\n<p><strong>Di Gianni Santomaso<\/strong><\/p>\n<audio class=\"wp-audio-shortcode\" id=\"audio-227159-4\" preload=\"none\" style=\"width: 100%;\" controls=\"controls\"><source type=\"audio\/mpeg\" src=\"https:\/\/www.radiopiu.net\/wordpress\/wp-content\/uploads\/2021\/08\/GIANNI-CINEMA-BROI.mp3?_=4\" \/><a href=\"https:\/\/www.radiopiu.net\/wordpress\/wp-content\/uploads\/2021\/08\/GIANNI-CINEMA-BROI.mp3\">https:\/\/www.radiopiu.net\/wordpress\/wp-content\/uploads\/2021\/08\/GIANNI-CINEMA-BROI.mp3<\/a><\/audio>\n<p>&nbsp;<\/p>\n<div style=\"width: 640px;\" class=\"wp-video\"><video class=\"wp-video-shortcode\" id=\"video-227159-1\" width=\"640\" height=\"352\" preload=\"metadata\" controls=\"controls\"><source type=\"video\/mp4\" src=\"https:\/\/www.radiopiu.net\/wordpress\/wp-content\/uploads\/2021\/08\/video-cinema.mp4?_=1\" \/><a href=\"https:\/\/www.radiopiu.net\/wordpress\/wp-content\/uploads\/2021\/08\/video-cinema.mp4\">https:\/\/www.radiopiu.net\/wordpress\/wp-content\/uploads\/2021\/08\/video-cinema.mp4<\/a><\/video><\/div>\n<p>&nbsp;<\/p>\n<p>&nbsp;<\/p>\n<hr \/>\n<p>&nbsp;<\/p>\n<blockquote>\n<h3>I NOS CROT, LE ESCURSIONI DEL GAMP DOLOMITI<\/h3>\n<\/blockquote>\n<p><strong><a href=\"https:\/\/www.radiopiu.net\/wordpress\/giornale-radiopiu-10-agosto-2021-direttore-mirko-mezzacasa\/immagine-2021-08-09-122428\/\" rel=\"attachment wp-att-226844\"><img loading=\"lazy\" decoding=\"async\" class=\"wp-image-226844 alignleft\" src=\"https:\/\/www.radiopiu.net\/wordpress\/wp-content\/uploads\/2021\/08\/Immagine-2021-08-09-122428-228x300.png\" alt=\"\" width=\"143\" height=\"189\" srcset=\"https:\/\/www.radiopiu.net\/wordpress\/wp-content\/uploads\/2021\/08\/Immagine-2021-08-09-122428-228x300.png 228w, https:\/\/www.radiopiu.net\/wordpress\/wp-content\/uploads\/2021\/08\/Immagine-2021-08-09-122428.png 663w\" sizes=\"auto, (max-width: 143px) 100vw, 143px\" \/><\/a> <\/strong><\/p>\n<p><strong>\u00a0<\/strong><\/p>\n<p><strong>AGORDO <\/strong>I NOS CROT \u00e8 il nome della serie di escursioni geoturistiche che anche quest&#8217;anno il GAMP DOLOMITI (Gruppo Agordino Mineralogico Paleontologico) vuole riproporre! Delle geoescursioni dal titolo tutto agordino (=i nostri sassi) che vogliono raccontarvi scorci e curiosit\u00e0 geologiche di questo magnifico territorio! ISCRIZIONI APERTE all&#8217;Ufficio Turistico di Agordo o contattando il numero 3884955756 Queste le escursioni: Luned\u00ec 16 agosto Valle della Rova-Rif, Gioved\u00ec 19 agosto Cascate di Val de Gares, Luned\u00ec 23 agosto Valle di San Lucano, Gioved\u00ec 26 agosto Frassen\u00e9-Rifugio Scarpa<\/p>\n<p>&nbsp;<\/p>\n<p>&nbsp;<\/p>\n<p>&nbsp;<\/p>\n<p>&nbsp;<\/p>\n<hr \/>\n<p>&nbsp;<\/p>\n<blockquote>\n<h3>IL 41\u00b0 GIRO DEL LAGO DI ALLEGHE<\/h3>\n<\/blockquote>\n<p><strong>ALLEGHE<\/strong> Comune di Alleghe e Alpini Monte Civetta organizzano per sabato 14 agosto il Giro Del Lago Di Alleghe. Una passeggiata intorno al lago con partenza libera dalle 14 alle 18. Costo d&#8217;iscrizione 8 euro con maglietta ricordo. A Masar\u00e8 sar\u00e0 presente la cucina degli alpini con piatti d&#8217;asporto a mezzogiorno e sera.<\/p>\n<p>&nbsp;<\/p>\n<p>&nbsp;<\/p>\n<hr \/>\n<p>&nbsp;<\/p>\n<blockquote>\n<h3 align=\"CENTER\"><b>ESTATE 2021: ED ECCO DI NUOVO I MERCATINI\u00a0<\/b><b>DELL\u2019ANTIQUARIATO, DEL COLLEZIONISMO, DELL\u2019 USATO \u00a0<\/b><\/h3>\n<\/blockquote>\n<p align=\"JUSTIFY\"><a href=\"https:\/\/www.radiopiu.net\/wordpress\/giornale-radiopiu-23-luglio-2021-direttore-mirko-mezzacasa\/mercatino-caprile\/\" rel=\"attachment wp-att-223533\"><img loading=\"lazy\" decoding=\"async\" class=\" wp-image-223533 alignleft\" src=\"https:\/\/www.radiopiu.net\/wordpress\/wp-content\/uploads\/2021\/07\/Mercatino-Caprile-200x300.jpg\" sizes=\"auto, (max-width: 175px) 100vw, 175px\" srcset=\"https:\/\/www.radiopiu.net\/wordpress\/wp-content\/uploads\/2021\/07\/Mercatino-Caprile-200x300.jpg 200w, https:\/\/www.radiopiu.net\/wordpress\/wp-content\/uploads\/2021\/07\/Mercatino-Caprile-683x1024.jpg 683w, https:\/\/www.radiopiu.net\/wordpress\/wp-content\/uploads\/2021\/07\/Mercatino-Caprile-768x1152.jpg 768w, https:\/\/www.radiopiu.net\/wordpress\/wp-content\/uploads\/2021\/07\/Mercatino-Caprile-1024x1536.jpg 1024w, https:\/\/www.radiopiu.net\/wordpress\/wp-content\/uploads\/2021\/07\/Mercatino-Caprile-1366x2048.jpg 1366w, https:\/\/www.radiopiu.net\/wordpress\/wp-content\/uploads\/2021\/07\/Mercatino-Caprile-scaled.jpg 1707w\" alt=\"\" width=\"108\" height=\"162\" \/><\/a>Il gruppo trevigiano degli \u201cAmici dell\u2019Antiquariato\u201d in collaborazione con il coordinatore locale Giorgio Fontanive e Ad Agordo Pro Loco organizza gli appuntamenti per gli appassionati delle cose antiche come accade dal 2011. Gli operatori dell\u2019organizzazione saranno attorno al Br\u00f3i e nella caratteristica Contrada S.Marco a Caprile. Questi i prossimi appuntamenti:\u00a0<b>Caprile<\/b>\u00a0(domenica 15 e sabato 21 agosto),\u00a0<b>Agordo\u00a0<\/b>(oggi). Partecipano all\u2019iniziativa commercianti preparati e selezionati in vari settori di operativit\u00e0: oggettistica d\u2019epoca, mobili, arte e collezionismo cartaceo, libri, medaglistica, piccolo antiquariato, arte, vetreria artistica, ecc. Informazioni sull\u2019effettuazione degli incontri e orari all\u2019Ufficio Turistico di Agordo (0437-62105); all\u2019Ufficio Turistico di Alleghe (0437-523333); al riferimento organizzativo\u00a0 348.8278042; alla mail <a href=\"mailto:giorgiofontanive@virgilio.it\">giorgiofontanive@virgilio.it<\/a>.<\/p>\n<div class=\"mkdf-post-text\">\n<div class=\"mkdf-post-text-inner\">\n<div class=\"mkdf-post-text-main\">\n<p>&nbsp;<\/p>\n<p>&nbsp;<\/p>\n<hr \/>\n<p>&nbsp;<\/p>\n<blockquote>\n<h3>GLI EVENTI ESTIVI DI ARABBA FODOM TURISMO<\/h3>\n<\/blockquote>\n<a href=\"https:\/\/www.radiopiu.net\/wordpress\/wp-content\/uploads\/2021\/08\/Attivita\u0300-Eventi-Agosto-2.pdf\" class=\"pdfemb-viewer\" style=\"\" data-width=\"max\" data-height=\"max\" data-toolbar=\"top\" data-toolbar-fixed=\"on\">Attivita\u0300 &amp; Eventi Agosto 2<\/a>\n<p>&nbsp;<\/p>\n<hr \/>\n<p>&nbsp;<\/p>\n<h3 class=\"entry-title mkdf-post-title\">Primo concerto in Valle di Gares con i Pink Size Il grande spettacolo ai piedi delle Dolomiti<\/h3>\n<p><a href=\"https:\/\/www.radiopiu.net\/wordpress\/giornale-radiopiu-01-agosto-2021-direttore-mirko-mezzacasa\/11705683_10207451188865973_7894969160591772771_o-e1624806851469\/\" rel=\"attachment wp-att-225349\"><img loading=\"lazy\" decoding=\"async\" class=\"wp-image-225349 alignleft\" src=\"https:\/\/www.radiopiu.net\/wordpress\/wp-content\/uploads\/2021\/08\/11705683_10207451188865973_7894969160591772771_o-e1624806851469.jpg\" sizes=\"auto, (max-width: 256px) 100vw, 256px\" srcset=\"https:\/\/www.radiopiu.net\/wordpress\/wp-content\/uploads\/2021\/08\/11705683_10207451188865973_7894969160591772771_o-e1624806851469.jpg 1000w, https:\/\/www.radiopiu.net\/wordpress\/wp-content\/uploads\/2021\/08\/11705683_10207451188865973_7894969160591772771_o-e1624806851469-300x194.jpg 300w, https:\/\/www.radiopiu.net\/wordpress\/wp-content\/uploads\/2021\/08\/11705683_10207451188865973_7894969160591772771_o-e1624806851469-768x495.jpg 768w\" alt=\"\" width=\"256\" height=\"165\" \/><\/a><\/p>\n<div class=\"vc_row wpb_row vc_row-fluid vc_custom_1520853310750\">\n<div class=\"wpb_column vc_column_container vc_col-sm-12\">\n<div class=\"vc_column-inner\">\n<div class=\"wpb_wrapper\">\n<div class=\"wpb_text_column wpb_content_element \">\n<div class=\"wpb_wrapper\">\n<p><strong>Domenica 22 agosto 2021 alle ore 17.00<\/strong>\u00a0Canale d\u2019Agordo ospiter\u00e0 il 1\u00b0 concerto in Valle di Gar\u00e9s.\u00a0<strong>La location \u00e8 spettacolare e suggestiva<\/strong>, immersa nel verde, circondata delle Pale di San Martino e dalle cascate delle Comelle. In localit\u00e0 Pian de Giare, in fondo alla Valle di Gar\u00e8s, su di un grande prato, circondati dalle maestose Dolomiti, andr\u00e0 in scena uno spettacolo indimenticabile con l\u2019esibizione dei\u00a0<strong>Pink Size, Tribute band dei Pink Floyd.\u00a0<\/strong>Dal 2005 la band propone con grande passione le sonorit\u00e0 tipiche del Pink Floyd a 360 gradi. La scaletta abbraccia tutta la discografia, dalla psichedelia di Astronomy Domine ed Echoes, passando per l\u2019evoluzione degli anni \u201970 (Atom Heart Mother, Dark Side of the Moon, Wish You Were Here, Animals e The Wall), fino al loro ultimo album in studio. L\u2019evento, organizzato, dalla Pro Loco in collaborazione con le altre associazioni di volontariato locale, era previsto gi\u00e0 lo scorso anno, ma a causa della pandemia non ci sono state le condizioni per realizzarlo. Nonostante il Coronavirus abbia messo in crisi il turismo e quindi anche l\u2019attivit\u00e0 della Pro Loco, l\u2019Associazione stavolta \u00e8 determinata a procedere con l\u2019iniziativa. Per maggiori informazioni sulle modalit\u00e0 di partecipazione al concerto \u00e8 possibile rivolgersi all\u2019ufficio Pro Loco di Canale d\u2019Agordo e.mail: info@prolococanale.it tel. 0437 1948001<\/p>\n<\/div>\n<\/div>\n<\/div>\n<\/div>\n<\/div>\n<\/div>\n<p>&nbsp;<\/p>\n<p>&nbsp;<\/p>\n<hr \/>\n<p>&nbsp;<\/p>\n<blockquote>\n<h3>LA MOSTRA DI RENZO MIOLA A CANALE D\u2019AGORDO<\/h3>\n<\/blockquote>\n<p><strong>CANALE D\u2019AGORDO<\/strong>\u00a0Dal 12 al 31 agosto, presso la Casa delle Regole di Canale D\u2019Agordo, \u00e8 visitabile la mostra di pittura paesaggistica di Renzo Miola. La mostra seguira\u00e0 i seguenti orari: 10:30 \u2013 12:30, 16:30 \u2013 18:30 e 20 \u2013 22. L\u2019inaugurazione gioved\u00ec 12 agosto alle 17.<\/p>\n<p>&nbsp;<\/p>\n<p>&nbsp;<\/p>\n<hr \/>\n<p>&nbsp;<\/p>\n<blockquote>\n<h3>IL MUSEO ETNOGRAFICO DI TAIBON AGORDINO FINO AL 28 AGOSTO<\/h3>\n<\/blockquote>\n<p><strong>TAIBON<\/strong>\u00a0Sono aperte le porte del Museo Etnografico di Taibon Agordino \u201cCasa della Maria del Pacifico\u201d. Visitabile tutti i giorni dalle 10 alle 12 e dalle 16 alle 18 escluso il luned\u00ec mattina. Il Museo si trova vicino al municipio si Taibon in Via Pietro Nenni. Accesso con obbligo di mascherina e igienizzazione delle mani. Per informazioni 340 1495978<\/p>\n<p>&nbsp;<\/p>\n<p>&nbsp;<\/p>\n<hr \/>\n<p>&nbsp;<\/p>\n<blockquote>\n<h3>\u201cEN GIRO PER TOCOI\u201d A SAN TOMASO<\/h3>\n<\/blockquote>\n<p><strong>SAN TOMASO<\/strong> A Tocol di San Tomaso \u00e8 in programma \u201cEn Giro Per Tocoi\u201d, riproduzioni artistiche tra architetture di montagna. Organizza la Pro Loco di San Tomaso.<\/p>\n<p>&nbsp;<\/p>\n<hr \/>\n<p>&nbsp;<\/p>\n<blockquote>\n<h3>LETTURE D&#8217;ESTATE CON LE BIBLIOTECHE DELLA VALLE DEL BIOIS<\/h3>\n<\/blockquote>\n<p><strong>FALCADE<\/strong> Stasera alle 20:45 alla Casa della Giovent\u00f9 di Caviola la lettura del libro &#8220;Viaggio Nel Tempo &#8211; dalle rovine della Grande Guerra&#8221; . Accesso libero con green pass.<\/p>\n<p>&nbsp;<\/p>\n<p>&nbsp;<\/p>\n<hr \/>\n<p>&nbsp;<\/p>\n<blockquote>\n<h3>\u00a0BALLI POPOLARI IN PIAZZA<\/h3>\n<p>CANALE D&#8217;AGORDO Il gruppo amatoriale Balliamo organizza una serata di balli popolari in piazza Papa Luciani, domani alle 21, sabato in caso di maltempo.<\/p><\/blockquote>\n<p>&nbsp;<\/p>\n<p>&nbsp;<\/p>\n<hr \/>\n<p>&nbsp;<\/p>\n<blockquote>\n<h3>L&#8217;INIZIATIVA IN ONORE DI DANTE<\/h3>\n<\/blockquote>\n<p><strong>VAL DI ZOLDO<\/strong> E\u2019 la prima iniziativa in onore di Dante che si tiene a Val di Zoldo nell\u2019anno dantesco 2021, a 7 secoli dalla morte del Sommo Poeta. Antonia Arslan legge e commenta il canto V del Purgatorio: l\u2019appuntamento e\u0300 per domani sera alle 21 in sala Rizzardini a Fusine, nell\u2019ambito degli Incontri con l\u2019autore, promossi dalla Biblioteca civica Pellegrini e dal comune: \u201cPersonaggi di carne e di sangue: I tre eroi del V canto del Purgatorio di Dante\u201d sara\u0300 il titolo della serata.<\/p>\n<p>&nbsp;<\/p>\n<p>&nbsp;<\/p>\n<hr \/>\n<p>&nbsp;<\/p>\n<blockquote>\n<h3>ARMONIE 2021, 3 APPUNTAMENTI A FINE AGOSTO<\/h3>\n<\/blockquote>\n<p><strong>BELLUNO\u00a0<\/strong>Triplo appuntamento per la rassegna \u201cArmonie 2021\u201d. Due concerti sono in programma il 21 agosto quando alle 17, presso il teatro Al Mut verr\u00e0 presentato \u201cCarmen\u201d e la sera alle 21 \u201cFinalmente insieme\u2026canto e musica\u201d in Piazza Duomo. Il 29 agosto alle 16 l\u2019ultimo appuntamento con \u201cCanti e poesie di fine estate\u201d a Bolzano Bellunese. Concerti all\u2019aperto su prenotazione ed esibizione di green pass.<\/p>\n<p>&nbsp;<\/p>\n<p>&nbsp;<\/p>\n<hr \/>\n<p>&nbsp;<\/p>\n<blockquote>\n<h3>LUNEDI\u2019 16 AGOSTO LA PRESENTAZIONE DEL LUNARIO DEL POI<\/h3>\n<\/blockquote>\n<p><strong>VOLTAGO\u00a0<\/strong><em>\u201cImmagini, parole, musica ed emozioni in una sera d\u2019estate\u201d,<\/em>\u00a0questo \u00e8 il titolo della manifestazione serale organizzata dall\u2019Union dei Ladin de Oltach, per la presentazione del calendario 2022\u00a0<em>\u201cLoch dei P\u00f3i-Luoghi del P\u00f3i\u201d,<\/em>\u00a0realizzato da Gabriele Riva. La serata avr\u00e0 luogo\u00a0luned\u00ec 16 agosto, alle ore 21, sulla piazza laterale della chiesa di Voltago Agordino.\u00a0 Proiezioni di immagini \u2013 d\u2019epoca e attuali \u2013 sulla parete della chiesa, visualizzeranno ci\u00f2 che due voci fuori campo narreranno e i brani live del quartetto strumentale \u201cBanda del Cion\u201d (fisarmonica, chitarra, flauto e mandolino) faranno da sottofondo musicale.\u00a0 L\u2019ingresso al plateatico \u00e8 consentito con presentazione di certificazioni come da Decreto Anti\u2013Covid.<\/p>\n<p>&nbsp;<\/p>\n<p>&nbsp;<\/p>\n<hr \/>\n<p>&nbsp;<\/p>\n<blockquote>\n<h3>GARA DI PESCA AL LAGHETTO DI POLANE<\/h3>\n<\/blockquote>\n<p><strong>AGORDO<\/strong> Domenica 15 agosto \u00e8 in programma al laghetto di polane di Agordo una gara di pesca dedicata alle categorie cuccioli (fino agli 8 anni non compiuti) e pierini (da 8 a 14 anni). In palio il 31\u00b0 Trofeo D&#8217;Isep. Iscrizioni presso Bar Schenot\u00a0 o Negozio D&#8217;Isep, quota d&#8217;iscrizione 15 euro.<\/p>\n<p>&nbsp;<\/p>\n<p>&nbsp;<\/p>\n<hr \/>\n<p>&nbsp;<\/p>\n<h2>Notte di mezza estate<\/h2>\n<p>di John Francis Della Pietra<\/p>\n<audio class=\"wp-audio-shortcode\" id=\"audio-227159-5\" preload=\"none\" style=\"width: 100%;\" controls=\"controls\"><source type=\"audio\/mpeg\" src=\"https:\/\/www.radiopiu.net\/wordpress\/wp-content\/uploads\/2021\/08\/johon.mp3?_=5\" \/><a href=\"https:\/\/www.radiopiu.net\/wordpress\/wp-content\/uploads\/2021\/08\/johon.mp3\">https:\/\/www.radiopiu.net\/wordpress\/wp-content\/uploads\/2021\/08\/johon.mp3<\/a><\/audio>\n<p>&nbsp;<\/p>\n<p><a href=\"https:\/\/www.radiopiu.net\/wordpress\/giornale-radiopiu-12-agosto-2021-direttore-mirko-mezzacasa\/7c24fb86-eddb-4e35-bec6-a7b7743c6b81\/\" rel=\"attachment wp-att-227364\"><img loading=\"lazy\" decoding=\"async\" class=\"wp-image-227364 alignleft\" src=\"https:\/\/www.radiopiu.net\/wordpress\/wp-content\/uploads\/2021\/08\/7c24fb86-eddb-4e35-bec6-a7b7743c6b81-300x225.jpg\" alt=\"\" width=\"159\" height=\"119\" srcset=\"https:\/\/www.radiopiu.net\/wordpress\/wp-content\/uploads\/2021\/08\/7c24fb86-eddb-4e35-bec6-a7b7743c6b81-300x225.jpg 300w, https:\/\/www.radiopiu.net\/wordpress\/wp-content\/uploads\/2021\/08\/7c24fb86-eddb-4e35-bec6-a7b7743c6b81-1024x768.jpg 1024w, https:\/\/www.radiopiu.net\/wordpress\/wp-content\/uploads\/2021\/08\/7c24fb86-eddb-4e35-bec6-a7b7743c6b81-768x576.jpg 768w, https:\/\/www.radiopiu.net\/wordpress\/wp-content\/uploads\/2021\/08\/7c24fb86-eddb-4e35-bec6-a7b7743c6b81.jpg 1288w\" sizes=\"auto, (max-width: 159px) 100vw, 159px\" \/><\/a>Lass\u00f9 s un dolce monte<br \/>\nA mezza via fra l&#8217;indomite dolomiti<br \/>\nE le profonde valli sottostanti<br \/>\n\u00c8 il corretto sito<br \/>\nper osservare per riflettere<br \/>\nIl tramonto che non diviene mai crepuscolo<br \/>\nLa notte che tarda ad incedere<br \/>\nLe stelle che stentano ad accendersi<br \/>\nMa che poi nell&#8217;aurora nell&#8217;alba mai vorrebbero spegnersi<br \/>\nIl cromatismo che dal rosso all&#8217;arancio al giallo<br \/>\nPassa al celeste all&#8217;azzurro al blu profondo<br \/>\nE poi pian piano ritorna<br \/>\nAll&#8217;azzurro al celeste<br \/>\nAl giallo all&#8217;arancio al rosso<br \/>\nChe equilibrio mette in gioco la natura<br \/>\nI nostri occhi portano la luce il tepore<br \/>\nDirettamente al cuore<br \/>\nLa mente si dipana dai problemi quotidiani<br \/>\nSi purifica<br \/>\nI pensieri spaziano nell&#8217;aere<br \/>\nTendono lass\u00f9 all&#8217;infinito<br \/>\nForse solo per un attimo fugace<br \/>\nNel tempo senza tempo<br \/>\nPassa la scia d una stella cadente<br \/>\nE permane dentro di te<br \/>\nper l&#8217;eternit\u00e0<br \/>\nScuotendoci dal sogno o dalla realt\u00e0<br \/>\nGuardiamo alla trascorsa primavera od al prossimo autunno<br \/>\nCoscienti d essere solo<br \/>\nIn una notte di mezza estate<br \/>\nFatti non foste per viver come bruti<br \/>\nMa per conseguir virtute e conoscenza<br \/>\nRisuonano dopo 5 secoli<br \/>\nAncor le sue accorate parole<br \/>\nAll&#8217;umanit\u00e0&#8230;<\/p>\n<p>&nbsp;<\/p>\n<p>&nbsp;<\/p>\n<hr \/>\n<blockquote>\n<h3><\/h3>\n<h3>CON LE IMMAGINI DEDICATE AL LAVORO SI CONCLUDE IL \u201cVIAGGIO\u201d A LONGARONE<\/h3>\n<\/blockquote>\n<p><strong>di\u00a0 RENATO BONA<\/strong><\/p>\n<p>Leggendo e soprattutto guardando il contenuto del capitolo intitolato \u201cIl lavoro\u201d , articolato in: \u201cLa Risina\u201d, \u201cLa Cartoneria\u201d, \u201cLe Segherie\u201d, \u201cL\u2019impresa Polla\u201d, \u201cLa Faesite\u201d, \u201cLa Fabbrica di birra\u201d, \u201cDitta F.lli De Biasio\u201d, \u201cDitta G. Plattner\u201d concludiamo l\u2019analisi del libro \u201cCos\u00ec lontano, cos\u00ec vicino\u2026\u201d che l\u2019amica longaronese Elda Deon Cardin ha dato alle stampe nel dicembre 1998 con la Grafica Niero di Belluno, dedicandolo al padre Wer. La pubblicazione \u00e8 il frutto dell\u2019appassionata raccolta di vecchie cartoline che l\u2019autrice ha curato \u2013 come ricordava il critico Marino Perera nella presentazione \u2013 \u201ccon convinzione ed amore, per testimoniare il suo affetto e tutta la nostalgia per: \u2018Quel paese, Longarone\u2019, che ora non c\u2019\u00e8 pi\u00f9, ma vive intatto nel suo cuore\u201d anche se Elda fin dal 1955 vive a Belluno. Un sentimento che sostanzialmente \u00e8 quello che l\u2019allora sindaco Gioachino Bratti condivideva scrivendo fra l\u2019altro: \u201cA Elda sono legato da tanti ricordi della mia fanciullezza, trascorsa in allegre bande di ragazzi negli orti e giardini che circondavano le nostre case dietro a piazza Jacopo Tasso, tra villa Basso e la Caserma dei carabinieri, uno dei siti pi\u00f9 tranquilli della vecchia Longarone, in cui i campi di intrufolavano nel cuore del paese\u201d. Ed aggiungendo: \u201cCon piacere perci\u00f2 ho aderito al suo desiderio di scrivere qualche parola di introduzione a questa pubblicazione di cartoline della vecchia Longarone. Ma il piacere \u00e8 divenuto gratificazione quando ho guardato le foto che compongono la raccolta, una pi\u00f9 bella dell\u2019altra, davanti alle quali mi sono veramente soffermato con interesse e, a volte, con commozione\u2026\u201d. La prima immagine proposta in quest\u2019occasione \u00e8 del bellunese P. Breveglieri, collezione Giuseppe De Bona ed \u00e8 accompagnata da questa dicitura: \u201c1901. \u2018Resina\u2019: serve per la conduttura legname nel bosco di Cajada (m. 1156)\u201d e questo commento: \u201cLe \u2018taje\u2019, scivolando sulla risina, giungono a valle, da dove proseguono il cammino verso le segherie\u201d. A seguire, dello stesso fotografo, collezione Elda Deon Cardin: \u201c1903 \u2013 Longarone \u2013 Cartoneria vista dalla strada nazionale\u201d e commento: \u201cL\u2019acqua del Vajont scende in una cascata, dopo un percorso di parecchi chilometri, per giungere, lungo il canale Protti scavato nella roccia, ad alimentare la fabbrica. Per Dogna e Provagna ci sono solo un sentiero e una passerella che talvolta l\u2019acqua impetuosa del Vajont travolge\u201d. E siamo alla terza immagine: editore Giuseppe Bertoia di Longarone, foto di Bruto Recalchi, collezione Bruno De Toffol: \u201c1928 \u2013 Dintorni di Longarone \u2013 Cartoneria S. Marsoni &amp; C.\u201d, commento: \u201cSulla riva sinistra del Piave, sorge il villaggio del Vajont. La Cartoneria qui illustrata \u00e8 stata costruita nel 1900 da Gustavo Protti. E\u2019 la volta di: \u201c1930 \u2013 Longarone (m. 470)\u201d foto G. Burloni, collezione Elda Deon Cardin, commento: \u201cIn primo piano, a sinistra, notiamo le \u2018tole\u2019 accatastate vicino al canale della \u2018Roia\u2019 che forniva la forza motrice alla segheria\u201d, seguita dalla foto di cui P. Breveglieri \u00e8 editore, collezione Nerina e Carla Pra Baldi: \u201c1927 \u2013 Panorama di Castellavazzo visto dalle Segherie Malcolm\u201d, cos\u00ec commentata. \u201cIn quegli anni l\u2019industria del legname era molto fiorente\u00b8 come si pu\u00f2 notare, lungo le rive del Piave, le segherie lavoravano a pieno ritmo\u201d. Praticamente un doppione, anche se con data diversa, l\u2019immagine seguente, editrice la premiata casa Breveglieri Belluno, collezione Bruno De toffol: \u201c1930 \u2013 Panorama di Castellavazzo dalle Segherie Malcolm\u201d; stringatissimo il commento: \u201cAltra veduta panoramica\u201d. Ancora l\u2019editrice Breveglieri con foto di Bruto Recalchi di Longarone, collezione Giovanni Battista Polla: \u201c1922 \u2013 Longarone (Belluno) \u2013 Stabilimento A.Polla e C\u201d, cos\u00ec commentata. \u201cDopo la prima guerra mondiale i Fratelli Polla ed altri soci formano una societ\u00e0 e costruiscono di fronte alla stazione ferroviaria di Fa\u00e8, uno stabilimento per la fabbricazione di serramenti in legno\u201d. A questo punto tocca all\u2019immagine di Foto G. Burloni di Belluno, collezione Elda Deon Cardin: \u201c1936 \u2013 Longarone \u2013 Frazione Fa\u00e8\u201d della quale \u00e8 scritto: \u201cDalla lunga ciminiera esce il fumo della Faesite, entrata in funzione in questo anno\u201d. Seguita da quella della Brfeveglieri, stessa collezione. \u201c1917 \u2013 Longarone vista da Roggia\u201d, di cui si legge: \u201cTre distinti signori salgono la strada che porta alla fabbrica di birra. In lontananza le scuole elementari e il campanile\u201d. Concludiamo con gli scatti di \u201ctipografo sconosciuto\u201d entrambi collezione Elda Deon Cardin; per il primo: \u201c1914 \u2013 Fratelli De Biasio \u2013 Longarone\u201d l\u2019autrice del libro ha voluto questa didascalia: \u201cNon vi sembra di sentire nell\u2019aria il profumo dei biscotti e dei panettoni appena sfornati dal pasticcere Gigi Pozzobon?\u201d e per il secondo: \u201c1922 \u2013 G. Plattner \u2013 Longarone\u201d: \u201cEcco un esempio preciso di un\u2019ordinazione di una piastra per cucina economica\u201d. Ma diamo appuntamento a chi ci segue su Fb a pi\u00f9 avanti, quando avremo occasione di \u201cdocumentare\u201d e commentare nuovi accattivanti lavori di Elda Deon Cardin!<\/p>\n\n\t\t\t<style type='text\/css'>\n\t\t\t\t#gallery-9 {\n\t\t\t\t\tmargin: auto;\n\t\t\t\t}\n\t\t\t\t#gallery-9 .gallery-item {\n\t\t\t\t\tfloat: left;\n\t\t\t\t\tmargin-top: 10px;\n\t\t\t\t\ttext-align: center;\n\t\t\t\t\twidth: 16%;\n\t\t\t\t}\n\t\t\t\t#gallery-9 img {\n\t\t\t\t\tborder: 2px solid #cfcfcf;\n\t\t\t\t}\n\t\t\t\t#gallery-9 .gallery-caption {\n\t\t\t\t\tmargin-left: 0;\n\t\t\t\t}\n\t\t\t\t\/* see gallery_shortcode() in wp-includes\/media.php *\/\n\t\t\t<\/style>\n\t\t<div id='gallery-9' class='dt-gallery-container gallery galleryid-227159 gallery-columns-6 gallery-size-thumbnail'><dl class='gallery-item'>\n\t\t\t\t<dt class='gallery-icon landscape'>\n\t\t\t\t\t<a class=\"rollover rollover-zoom dt-pswp-item\" title=\"235171806_463823001931549_8676124935696817833_n\" data-dt-img-description=\"\" data-large_image_width=\"311\" data-large_image_height=\"206\"href='https:\/\/www.radiopiu.net\/wordpress\/wp-content\/uploads\/2021\/08\/235171806_463823001931549_8676124935696817833_n.jpg'><img loading=\"lazy\" decoding=\"async\" width=\"150\" height=\"150\" src=\"https:\/\/www.radiopiu.net\/wordpress\/wp-content\/uploads\/2021\/08\/235171806_463823001931549_8676124935696817833_n-150x150.jpg\" class=\"attachment-thumbnail size-thumbnail\" alt=\"\" \/><\/a>\n\t\t\t\t<\/dt><\/dl><dl class='gallery-item'>\n\t\t\t\t<dt class='gallery-icon landscape'>\n\t\t\t\t\t<a class=\"rollover rollover-zoom dt-pswp-item\" title=\"233005191_4214434665339554_3937936386490772115_n\" data-dt-img-description=\"\" data-large_image_width=\"219\" data-large_image_height=\"206\"href='https:\/\/www.radiopiu.net\/wordpress\/wp-content\/uploads\/2021\/08\/233005191_4214434665339554_3937936386490772115_n.jpg'><img loading=\"lazy\" decoding=\"async\" width=\"150\" height=\"150\" src=\"https:\/\/www.radiopiu.net\/wordpress\/wp-content\/uploads\/2021\/08\/233005191_4214434665339554_3937936386490772115_n-150x150.jpg\" class=\"attachment-thumbnail size-thumbnail\" alt=\"\" \/><\/a>\n\t\t\t\t<\/dt><\/dl><dl class='gallery-item'>\n\t\t\t\t<dt class='gallery-icon portrait'>\n\t\t\t\t\t<a class=\"rollover rollover-zoom dt-pswp-item\" title=\"232913399_947800832434479_7897879420802960242_n\" data-dt-img-description=\"\" data-large_image_width=\"160\" data-large_image_height=\"225\"href='https:\/\/www.radiopiu.net\/wordpress\/wp-content\/uploads\/2021\/08\/232913399_947800832434479_7897879420802960242_n.jpg'><img loading=\"lazy\" decoding=\"async\" width=\"150\" height=\"150\" src=\"https:\/\/www.radiopiu.net\/wordpress\/wp-content\/uploads\/2021\/08\/232913399_947800832434479_7897879420802960242_n-150x150.jpg\" class=\"attachment-thumbnail size-thumbnail\" alt=\"\" \/><\/a>\n\t\t\t\t<\/dt><\/dl><dl class='gallery-item'>\n\t\t\t\t<dt class='gallery-icon landscape'>\n\t\t\t\t\t<a class=\"rollover rollover-zoom dt-pswp-item\" title=\"231923504_1156003814880666_6525177792037949416_n\" data-dt-img-description=\"\" data-large_image_width=\"389\" data-large_image_height=\"206\"href='https:\/\/www.radiopiu.net\/wordpress\/wp-content\/uploads\/2021\/08\/231923504_1156003814880666_6525177792037949416_n.jpg'><img loading=\"lazy\" decoding=\"async\" width=\"150\" height=\"150\" src=\"https:\/\/www.radiopiu.net\/wordpress\/wp-content\/uploads\/2021\/08\/231923504_1156003814880666_6525177792037949416_n-150x150.jpg\" class=\"attachment-thumbnail size-thumbnail\" alt=\"\" \/><\/a>\n\t\t\t\t<\/dt><\/dl><dl class='gallery-item'>\n\t\t\t\t<dt class='gallery-icon portrait'>\n\t\t\t\t\t<a class=\"rollover rollover-zoom dt-pswp-item\" title=\"233487079_1168774960199433_8760386480044440768_n\" data-dt-img-description=\"\" data-large_image_width=\"191\" data-large_image_height=\"206\"href='https:\/\/www.radiopiu.net\/wordpress\/wp-content\/uploads\/2021\/08\/233487079_1168774960199433_8760386480044440768_n.jpg'><img loading=\"lazy\" decoding=\"async\" width=\"150\" height=\"150\" src=\"https:\/\/www.radiopiu.net\/wordpress\/wp-content\/uploads\/2021\/08\/233487079_1168774960199433_8760386480044440768_n-150x150.jpg\" class=\"attachment-thumbnail size-thumbnail\" alt=\"\" \/><\/a>\n\t\t\t\t<\/dt><\/dl><dl class='gallery-item'>\n\t\t\t\t<dt class='gallery-icon landscape'>\n\t\t\t\t\t<a class=\"rollover rollover-zoom dt-pswp-item\" title=\"229133128_574320160644685_2532394974298428804_n\" data-dt-img-description=\"\" data-large_image_width=\"319\" data-large_image_height=\"206\"href='https:\/\/www.radiopiu.net\/wordpress\/wp-content\/uploads\/2021\/08\/229133128_574320160644685_2532394974298428804_n.jpg'><img loading=\"lazy\" decoding=\"async\" width=\"150\" height=\"150\" src=\"https:\/\/www.radiopiu.net\/wordpress\/wp-content\/uploads\/2021\/08\/229133128_574320160644685_2532394974298428804_n-150x150.jpg\" class=\"attachment-thumbnail size-thumbnail\" alt=\"\" \/><\/a>\n\t\t\t\t<\/dt><\/dl><br style=\"clear: both\" \/><dl class='gallery-item'>\n\t\t\t\t<dt class='gallery-icon landscape'>\n\t\t\t\t\t<a class=\"rollover rollover-zoom dt-pswp-item\" title=\"235805632_1792140104327469_4832452865052714948_n\" data-dt-img-description=\"\" data-large_image_width=\"350\" data-large_image_height=\"201\"href='https:\/\/www.radiopiu.net\/wordpress\/wp-content\/uploads\/2021\/08\/235805632_1792140104327469_4832452865052714948_n.jpg'><img loading=\"lazy\" decoding=\"async\" width=\"150\" height=\"150\" src=\"https:\/\/www.radiopiu.net\/wordpress\/wp-content\/uploads\/2021\/08\/235805632_1792140104327469_4832452865052714948_n-150x150.jpg\" class=\"attachment-thumbnail size-thumbnail\" alt=\"\" \/><\/a>\n\t\t\t\t<\/dt><\/dl><dl class='gallery-item'>\n\t\t\t\t<dt class='gallery-icon landscape'>\n\t\t\t\t\t<a class=\"rollover rollover-zoom dt-pswp-item\" title=\"230617910_330623158805497_5027018086091966539_n\" data-dt-img-description=\"\" data-large_image_width=\"311\" data-large_image_height=\"206\"href='https:\/\/www.radiopiu.net\/wordpress\/wp-content\/uploads\/2021\/08\/230617910_330623158805497_5027018086091966539_n.jpg'><img loading=\"lazy\" decoding=\"async\" width=\"150\" height=\"150\" src=\"https:\/\/www.radiopiu.net\/wordpress\/wp-content\/uploads\/2021\/08\/230617910_330623158805497_5027018086091966539_n-150x150.jpg\" class=\"attachment-thumbnail size-thumbnail\" alt=\"\" \/><\/a>\n\t\t\t\t<\/dt><\/dl><dl class='gallery-item'>\n\t\t\t\t<dt class='gallery-icon landscape'>\n\t\t\t\t\t<a class=\"rollover rollover-zoom dt-pswp-item\" title=\"232798236_193585679455831_1528125215586029140_n\" data-dt-img-description=\"\" data-large_image_width=\"347\" data-large_image_height=\"206\"href='https:\/\/www.radiopiu.net\/wordpress\/wp-content\/uploads\/2021\/08\/232798236_193585679455831_1528125215586029140_n.jpg'><img loading=\"lazy\" decoding=\"async\" width=\"150\" height=\"150\" src=\"https:\/\/www.radiopiu.net\/wordpress\/wp-content\/uploads\/2021\/08\/232798236_193585679455831_1528125215586029140_n-150x150.jpg\" class=\"attachment-thumbnail size-thumbnail\" alt=\"\" \/><\/a>\n\t\t\t\t<\/dt><\/dl><dl class='gallery-item'>\n\t\t\t\t<dt class='gallery-icon landscape'>\n\t\t\t\t\t<a class=\"rollover rollover-zoom dt-pswp-item\" title=\"233106341_235251391793546_1123042732428360189_n\" data-dt-img-description=\"\" data-large_image_width=\"342\" data-large_image_height=\"206\"href='https:\/\/www.radiopiu.net\/wordpress\/wp-content\/uploads\/2021\/08\/233106341_235251391793546_1123042732428360189_n.jpg'><img loading=\"lazy\" decoding=\"async\" width=\"150\" height=\"150\" src=\"https:\/\/www.radiopiu.net\/wordpress\/wp-content\/uploads\/2021\/08\/233106341_235251391793546_1123042732428360189_n-150x150.jpg\" class=\"attachment-thumbnail size-thumbnail\" alt=\"\" \/><\/a>\n\t\t\t\t<\/dt><\/dl><dl class='gallery-item'>\n\t\t\t\t<dt class='gallery-icon landscape'>\n\t\t\t\t\t<a class=\"rollover rollover-zoom dt-pswp-item\" title=\"233316177_511453950147915_8704834876583754024_n\" data-dt-img-description=\"\" data-large_image_width=\"347\" data-large_image_height=\"206\"href='https:\/\/www.radiopiu.net\/wordpress\/wp-content\/uploads\/2021\/08\/233316177_511453950147915_8704834876583754024_n.jpg'><img loading=\"lazy\" decoding=\"async\" width=\"150\" height=\"150\" src=\"https:\/\/www.radiopiu.net\/wordpress\/wp-content\/uploads\/2021\/08\/233316177_511453950147915_8704834876583754024_n-150x150.jpg\" class=\"attachment-thumbnail size-thumbnail\" alt=\"\" \/><\/a>\n\t\t\t\t<\/dt><\/dl><dl class='gallery-item'>\n\t\t\t\t<dt class='gallery-icon landscape'>\n\t\t\t\t\t<a class=\"rollover rollover-zoom dt-pswp-item\" title=\"220167833_919813898602812_5219585653855927112_n\" data-dt-img-description=\"\" data-large_image_width=\"320\" data-large_image_height=\"202\"href='https:\/\/www.radiopiu.net\/wordpress\/wp-content\/uploads\/2021\/08\/220167833_919813898602812_5219585653855927112_n.jpg'><img loading=\"lazy\" decoding=\"async\" width=\"150\" height=\"150\" src=\"https:\/\/www.radiopiu.net\/wordpress\/wp-content\/uploads\/2021\/08\/220167833_919813898602812_5219585653855927112_n-150x150.jpg\" class=\"attachment-thumbnail size-thumbnail\" alt=\"\" \/><\/a>\n\t\t\t\t<\/dt><\/dl><br style=\"clear: both\" \/>\n\t\t\t<\/div>\n\n<p>&nbsp;<\/p>\n<hr \/>\n<p>&nbsp;<\/p>\n<h1><span style=\"color: #ff0000;\">IERI ALLA RADIO<\/span><\/h1>\n<h2><strong><a href=\"https:\/\/www.radiopiu.net\/wordpress\/la-mostra-di-renzo-miola-a-canale-dagordo\/renzo-miola-2\/\" rel=\"attachment wp-att-227349\"><img loading=\"lazy\" decoding=\"async\" class=\" wp-image-227349 alignleft\" src=\"https:\/\/www.radiopiu.net\/wordpress\/wp-content\/uploads\/2021\/08\/renzo-miola-165x300.jpg\" alt=\"\" width=\"90\" height=\"164\" srcset=\"https:\/\/www.radiopiu.net\/wordpress\/wp-content\/uploads\/2021\/08\/renzo-miola-165x300.jpg 165w, https:\/\/www.radiopiu.net\/wordpress\/wp-content\/uploads\/2021\/08\/renzo-miola.jpg 206w\" sizes=\"auto, (max-width: 90px) 100vw, 90px\" \/><\/a><span style=\"color: #800000;\">LA MOSTRA DI RENZO MIOLA A CANALE D&#8217;AGORDO<\/span><\/strong><\/h2>\n<p><strong>di Claudio Fontanive<\/strong><\/p>\n<audio class=\"wp-audio-shortcode\" id=\"audio-227159-6\" preload=\"none\" style=\"width: 100%;\" controls=\"controls\"><source type=\"audio\/mpeg\" src=\"https:\/\/www.radiopiu.net\/wordpress\/wp-content\/uploads\/2021\/08\/renzo-miola-11-agosto.mp3?_=6\" \/><a href=\"https:\/\/www.radiopiu.net\/wordpress\/wp-content\/uploads\/2021\/08\/renzo-miola-11-agosto.mp3\">https:\/\/www.radiopiu.net\/wordpress\/wp-content\/uploads\/2021\/08\/renzo-miola-11-agosto.mp3<\/a><\/audio>\n<p>&nbsp;<\/p>\n<hr \/>\n<p>&nbsp;<\/p>\n<h3><strong>\u201cI MISTERI DI ALLEGHE DI SERGIO SAVIANE\u201d ALLA RADIO CON L\u2019ATTORE ROBERTO FAORO . . . OGNI GIORNO DAL LUNEDI AL VENERDI ALLE 15.30\u00a0\u00a0<\/strong><\/h3>\n<p><em><a href=\"https:\/\/www.radiopiu.net\/wordpress\/i-misteri-di-alleghe-alla-radio\/th-156\/\" rel=\"attachment wp-att-221036\"><img loading=\"lazy\" decoding=\"async\" class=\"wp-image-221036 alignleft\" src=\"https:\/\/www.radiopiu.net\/wordpress\/wp-content\/uploads\/2021\/07\/th-6.jpg\" alt=\"\" width=\"119\" height=\"147\" \/><\/a>\u201cPiacere, sono Roberto Faoro poliedrico attore, drammaturgo e regista italiano\u201d.<\/em><\/p>\n<p>Esperienza, professionalit\u00e0 e passione per il mondo dell\u2019arte e della recitazione sono le tre parole chiave che fanno di Roberto Faoro un attore, drammaturgo, regista e formatore molto conosciuto e apprezzato nel territorio delle Dolomiti Bellunesi, ma anche a livello nazionale.<\/p>\n<p>&nbsp;<\/p>\n<p><strong>PUNTATA 23 DEL 11 AGOSTO 2021<\/strong><\/p>\n<audio class=\"wp-audio-shortcode\" id=\"audio-227159-7\" preload=\"none\" style=\"width: 100%;\" controls=\"controls\"><source type=\"audio\/mpeg\" src=\"https:\/\/www.radiopiu.net\/wordpress\/wp-content\/uploads\/2021\/08\/A_23.mp3?_=7\" \/><a href=\"https:\/\/www.radiopiu.net\/wordpress\/wp-content\/uploads\/2021\/08\/A_23.mp3\">https:\/\/www.radiopiu.net\/wordpress\/wp-content\/uploads\/2021\/08\/A_23.mp3<\/a><\/audio>\n<p>&nbsp;<\/p>\n<blockquote class=\"wp-embedded-content\" data-secret=\"TOpymS4MP8\"><p><a href=\"https:\/\/www.radiopiu.net\/wordpress\/i-misteri-di-alleghe-di-sergio-saviane-alla-radio-con-lattore-roberto-faoro-il-podcast\/\">&#8220;I MISTERI DI ALLEGHE DI SERGIO SAVIANE&#8221; ALLA RADIO CON L&#8217;ATTORE ROBERTO FAORO &#8211; IL PODCAST<\/a><\/p><\/blockquote>\n<p><iframe loading=\"lazy\" class=\"wp-embedded-content\" sandbox=\"allow-scripts\" security=\"restricted\" style=\"position: absolute; clip: rect(1px, 1px, 1px, 1px);\" title=\"&#8220;&#8220;I MISTERI DI ALLEGHE DI SERGIO SAVIANE&#8221; ALLA RADIO CON L&#8217;ATTORE ROBERTO FAORO &#8211; IL PODCAST&#8221; &#8212; Radio Pi\u00f9\" src=\"https:\/\/www.radiopiu.net\/wordpress\/i-misteri-di-alleghe-di-sergio-saviane-alla-radio-con-lattore-roberto-faoro-il-podcast\/embed\/#?secret=TOpymS4MP8\" data-secret=\"TOpymS4MP8\" width=\"600\" height=\"338\" frameborder=\"0\" marginwidth=\"0\" marginheight=\"0\" scrolling=\"no\"><\/iframe><\/p>\n<h2><\/h2>\n<hr \/>\n<p>&nbsp;<\/p>\n<h2><span style=\"color: #ff6600;\">I PROFESSIONISTI DEL POLIAMBULATORIO AGORDINO RISPONDONO<\/span><\/h2>\n<blockquote class=\"wp-embedded-content\" data-secret=\"G4AosfJHz0\"><p><a href=\"https:\/\/www.radiopiu.net\/wordpress\/i-professionisti-del-poliambulatorio-agordino-rispondono\/\">I PROFESSIONISTI DEL POLIAMBULATORIO AGORDINO RISPONDONO<\/a><\/p><\/blockquote>\n<p><iframe loading=\"lazy\" class=\"wp-embedded-content\" sandbox=\"allow-scripts\" security=\"restricted\" style=\"position: absolute; clip: rect(1px, 1px, 1px, 1px);\" title=\"&#8220;I PROFESSIONISTI DEL POLIAMBULATORIO AGORDINO RISPONDONO&#8221; &#8212; Radio Pi\u00f9\" src=\"https:\/\/www.radiopiu.net\/wordpress\/i-professionisti-del-poliambulatorio-agordino-rispondono\/embed\/#?secret=G4AosfJHz0\" data-secret=\"G4AosfJHz0\" width=\"600\" height=\"338\" frameborder=\"0\" marginwidth=\"0\" marginheight=\"0\" scrolling=\"no\"><\/iframe><\/p>\n<p>&nbsp;<\/p>\n<hr \/>\n<p>&nbsp;<\/p>\n<blockquote class=\"wp-embedded-content\" data-secret=\"tR14XPYAAa\"><p><a href=\"https:\/\/www.radiopiu.net\/wordpress\/plastic-free-per-un-mondo-senza-plastica\/\">PLASTIC FREE per un mondo senza plastica<\/a><\/p><\/blockquote>\n<p><iframe loading=\"lazy\" class=\"wp-embedded-content\" sandbox=\"allow-scripts\" security=\"restricted\" style=\"position: absolute; clip: rect(1px, 1px, 1px, 1px);\" title=\"&#8220;PLASTIC FREE per un mondo senza plastica&#8221; &#8212; Radio Pi\u00f9\" src=\"https:\/\/www.radiopiu.net\/wordpress\/plastic-free-per-un-mondo-senza-plastica\/embed\/#?secret=tR14XPYAAa\" data-secret=\"tR14XPYAAa\" width=\"600\" height=\"338\" frameborder=\"0\" marginwidth=\"0\" marginheight=\"0\" scrolling=\"no\"><\/iframe><\/p>\n<p>&nbsp;<\/p>\n<hr \/>\n<p>&nbsp;<\/p>\n<blockquote class=\"wp-embedded-content\" data-secret=\"9ZJ9vtWzu4\"><p><a href=\"https:\/\/www.radiopiu.net\/wordpress\/da-ieri-alla-radio-in-palinsesto-loris-e-maurizio-con-la-grande-musica\/\">IL BLUES ALLA RADIO &#8230; COME NON L&#8217;AVETE MAI SENTITO PRIMA<\/a><\/p><\/blockquote>\n<p><iframe loading=\"lazy\" class=\"wp-embedded-content\" sandbox=\"allow-scripts\" security=\"restricted\" style=\"position: absolute; clip: rect(1px, 1px, 1px, 1px);\" title=\"&#8220;IL BLUES ALLA RADIO &#8230; COME NON L&#8217;AVETE MAI SENTITO PRIMA&#8221; &#8212; Radio Pi\u00f9\" src=\"https:\/\/www.radiopiu.net\/wordpress\/da-ieri-alla-radio-in-palinsesto-loris-e-maurizio-con-la-grande-musica\/embed\/#?secret=9ZJ9vtWzu4\" data-secret=\"9ZJ9vtWzu4\" width=\"600\" height=\"338\" frameborder=\"0\" marginwidth=\"0\" marginheight=\"0\" scrolling=\"no\"><\/iframe><\/p>\n<p>&nbsp;<\/p>\n<hr \/>\n<p>&nbsp;<\/p>\n<div>\n<div class=\"mkdf-post-text\">\n<div class=\"mkdf-post-text-inner\">\n<div class=\"mkdf-post-text-main\">\n<div class=\"mkdf-post-text\">\n<div class=\"mkdf-post-text-inner\">\n<div class=\"mkdf-post-text-main\">\n<div class=\"mkdf-post-text\">\n<div class=\"mkdf-post-text-inner\">\n<div class=\"mkdf-post-text-main\">\n<div class=\"page-title-head hgroup\">\n<div class=\"page-title-head hgroup\">\n<div class=\"page-title-breadcrumbs\">\n<div class=\"mkdf-post-text\">\n<div class=\"mkdf-post-text-inner\">\n<div class=\"mkdf-post-text-main\">\n<div class=\"mkdf-post-text\">\n<div class=\"mkdf-post-text-inner\">\n<div class=\"mkdf-post-text-main\">\n<div class=\"page-title-head hgroup\">\n<div class=\"page-title-head hgroup\">\n<div class=\"mkdf-post-text\">\n<div class=\"mkdf-post-text-inner\">\n<div class=\"mkdf-post-text-main\">\n<div class=\"mkdf-post-text\">\n<div class=\"mkdf-post-text-inner\">\n<div class=\"mkdf-post-text-main\">\n<div class=\"page-title-head hgroup\">\n<div class=\"page-title-head hgroup\">\n<div class=\"page-title-head hgroup\">\n<div class=\"page-title-head hgroup\">\n<div class=\"b654a4as d2edcug0\">\n<div class=\"page-title-head hgroup\">\n<div class=\"page-title-head hgroup\">\n<div class=\"mkdf-post-text\">\n<div class=\"mkdf-post-text-inner\">\n<div class=\"mkdf-post-text-main\">\n<div class=\"mkdf-post-text\">\n<div class=\"mkdf-post-text-inner\">\n<div class=\"mkdf-post-text-main\">\n<div class=\"mkdf-post-text\">\n<div class=\"mkdf-post-text-inner\">\n<div class=\"mkdf-post-text-main\">\n<div class=\"page-title-head hgroup\">\n<div class=\"page-title-head hgroup\">\n<div class=\"mkdf-post-text\">\n<div class=\"mkdf-post-text-inner\">\n<div class=\"mkdf-post-text-main\">\n<div class=\"mkdf-post-text\">\n<div class=\"mkdf-post-text-inner\">\n<div class=\"mkdf-post-text-main\">\n<div class=\"page-title-head hgroup\">\n<div class=\"page-title-head hgroup\">\n<div class=\"page-title-head hgroup\">\n<div class=\"page-title-head hgroup\">\n<div class=\"b654a4as d2edcug0\">\n<div class=\"page-title-head hgroup\">\n<div class=\"page-title-head hgroup\">\n<div class=\"page-title-head hgroup\">\n<div class=\"page-title-head hgroup\">\n<div class=\"b654a4as d2edcug0\">\n<div>\n<div class=\"mkdf-post-text\">\n<div class=\"mkdf-post-text-inner\">\n<div class=\"mkdf-post-text-main\">\n<div class=\"mkdf-post-text\">\n<div class=\"mkdf-post-text-inner\">\n<div class=\"mkdf-post-text-main\">\n<div class=\"mkdf-post-text\">\n<div class=\"mkdf-post-text-inner\">\n<div class=\"mkdf-post-text-main\">\n<div class=\"page-title-head hgroup\">\n<div class=\"page-title-head hgroup\">\n<div class=\"page-title-breadcrumbs\">\n<div class=\"mkdf-post-text\">\n<div class=\"mkdf-post-text-inner\">\n<div class=\"mkdf-post-text-main\">\n<div class=\"mkdf-post-text\">\n<div class=\"mkdf-post-text-inner\">\n<div class=\"mkdf-post-text-main\">\n<div class=\"page-title-head hgroup\">\n<div class=\"page-title-head hgroup\">\n<div class=\"mkdf-post-text\">\n<div class=\"mkdf-post-text-inner\">\n<div class=\"mkdf-post-text-main\">\n<h2><strong><span style=\"color: #ff0000;\">QUINDICINALE APPUNTAMENTO ALLA RADIO<\/span><\/strong><\/h2>\n<blockquote>\n<h3><a style=\"font-size: 14px; font-weight: normal;\" href=\"https:\/\/www.radiopiu.net\/wordpress\/giornale-radiopiu-06-febbraio-2019-direttore-mirko-mezzacasa\/logo_spi-cgil-800x445\/\" rel=\"attachment wp-att-75538\"><img loading=\"lazy\" decoding=\"async\" class=\"wp-image-75538 alignleft\" src=\"https:\/\/www.radiopiu.net\/wordpress\/wp-content\/uploads\/2019\/02\/Logo_Spi-CGIL-800x445-300x167.jpg\" alt=\"\" width=\"210\" height=\"117\" srcset=\"https:\/\/www.radiopiu.net\/wordpress\/wp-content\/uploads\/2019\/02\/Logo_Spi-CGIL-800x445-300x167.jpg 300w, https:\/\/www.radiopiu.net\/wordpress\/wp-content\/uploads\/2019\/02\/Logo_Spi-CGIL-800x445-768x427.jpg 768w, https:\/\/www.radiopiu.net\/wordpress\/wp-content\/uploads\/2019\/02\/Logo_Spi-CGIL-800x445.jpg 800w\" sizes=\"auto, (max-width: 210px) 100vw, 210px\" \/><\/a><\/h3>\n<\/blockquote>\n<blockquote>\n<h3>ALLA RADIO, APPUNTAMENTO QUINDICINALE CON SPI-CGIL BELLUNO, IN STUDIO MARIA RITA GENTILIN<\/h3>\n<\/blockquote>\n<p><strong>di Claudio Fontanive\u00a0<\/strong><\/p>\n<p><span style=\"color: #ff0000;\"><strong>PUNTATA DEL\u00a0 22 luglio 2021<br \/>\n<\/strong><\/span><\/p>\n<audio class=\"wp-audio-shortcode\" id=\"audio-227159-8\" preload=\"none\" style=\"width: 100%;\" controls=\"controls\"><source type=\"audio\/mpeg\" src=\"https:\/\/www.radiopiu.net\/wordpress\/wp-content\/uploads\/2021\/07\/spi-cgil-22-luglio.mp3?_=8\" \/><a href=\"https:\/\/www.radiopiu.net\/wordpress\/wp-content\/uploads\/2021\/07\/spi-cgil-22-luglio.mp3\">https:\/\/www.radiopiu.net\/wordpress\/wp-content\/uploads\/2021\/07\/spi-cgil-22-luglio.mp3<\/a><\/audio>\n<p><span style=\"color: #ff0000;\"><strong>\u00a0 \u00a0<\/strong><\/span><\/p>\n<p>&nbsp;<\/p>\n<hr \/>\n<p>&nbsp;<\/p>\n<div class=\"mkdf-post-text\">\n<div class=\"mkdf-post-text-inner\">\n<div class=\"mkdf-post-text-main\">\n<div class=\"page-title-head hgroup\">\n<div class=\"page-title-head hgroup\">\n<div class=\"page-title-head hgroup\">\n<div class=\"page-title-head hgroup\">\n<div class=\"b654a4as d2edcug0\">\n<blockquote>\n<blockquote>\n<h2><a href=\"https:\/\/www.radiopiu.net\/wordpress\/speciale-solidarieta-veneto\/solidarieta-veneto-3\/\" rel=\"attachment wp-att-134366\"><img loading=\"lazy\" decoding=\"async\" class=\"wp-image-134366 alignleft\" src=\"https:\/\/www.radiopiu.net\/wordpress\/wp-content\/uploads\/2020\/05\/solidariet\u00e0-veneto-300x210.jpg\" alt=\"\" width=\"102\" height=\"71\" srcset=\"https:\/\/www.radiopiu.net\/wordpress\/wp-content\/uploads\/2020\/05\/solidariet\u00e0-veneto-300x210.jpg 300w, https:\/\/www.radiopiu.net\/wordpress\/wp-content\/uploads\/2020\/05\/solidariet\u00e0-veneto-1024x717.jpg 1024w, https:\/\/www.radiopiu.net\/wordpress\/wp-content\/uploads\/2020\/05\/solidariet\u00e0-veneto-768x538.jpg 768w, https:\/\/www.radiopiu.net\/wordpress\/wp-content\/uploads\/2020\/05\/solidariet\u00e0-veneto.jpg 1373w\" sizes=\"auto, (max-width: 102px) 100vw, 102px\" \/><\/a>SOLIDARIETA&#8217; VENETO FONDO PENSIONE, IN ONDA IL PRIMO VENERDI DEL MESE ALLE 10.30 E ALLE 19.00 QUINTA STAGIONE<\/h2>\n<\/blockquote>\n<h2><strong><span style=\"color: #ff0000;\">AUDIO LUGLIO\u00a0 AGOSTO 2021<\/span><\/strong><\/h2>\n<\/blockquote>\n<audio class=\"wp-audio-shortcode\" id=\"audio-227159-9\" preload=\"none\" style=\"width: 100%;\" controls=\"controls\"><source type=\"audio\/mpeg\" src=\"https:\/\/www.radiopiu.net\/wordpress\/wp-content\/uploads\/2021\/07\/solidarieta-veneto-luglio-agosto.mp3-2021.mp3?_=9\" \/><a href=\"https:\/\/www.radiopiu.net\/wordpress\/wp-content\/uploads\/2021\/07\/solidarieta-veneto-luglio-agosto.mp3-2021.mp3\">https:\/\/www.radiopiu.net\/wordpress\/wp-content\/uploads\/2021\/07\/solidarieta-veneto-luglio-agosto.mp3-2021.mp3<\/a><\/audio>\n<p>&nbsp;<\/p>\n<h2>LA RACCOLTA COMPLETA<\/h2>\n<blockquote class=\"wp-embedded-content\" data-secret=\"36tT8sAnrn\"><p><a href=\"https:\/\/www.radiopiu.net\/wordpress\/solidarieta-veneto\/\">Solidariet\u00e0 Veneto<\/a><\/p><\/blockquote>\n<p><iframe loading=\"lazy\" class=\"wp-embedded-content\" sandbox=\"allow-scripts\" security=\"restricted\" style=\"position: absolute; clip: rect(1px, 1px, 1px, 1px);\" title=\"&#8220;Solidariet\u00e0 Veneto&#8221; &#8212; Radio Pi\u00f9\" src=\"https:\/\/www.radiopiu.net\/wordpress\/solidarieta-veneto\/embed\/#?secret=36tT8sAnrn\" data-secret=\"36tT8sAnrn\" width=\"600\" height=\"338\" frameborder=\"0\" marginwidth=\"0\" marginheight=\"0\" scrolling=\"no\"><\/iframe><\/p>\n<blockquote>\n<h2><\/h2>\n<\/blockquote>\n<p>&nbsp;<\/p>\n<p>&nbsp;<\/p>\n<hr \/>\n<p>&nbsp;<\/p>\n<div>\n<div class=\"b654a4as d2edcug0\">\n<div class=\"rq0escxv hkbzh7o3 jwdofwj8 n8tt0mok r8blr3vg hyh9befq\">\n<p><a class=\"dt-pswp-item\" href=\"https:\/\/www.radiopiu.net\/wordpress\/wp-content\/uploads\/2020\/10\/pp.jpg\" data-dt-img-description=\"\" data-large_image_width=\"640\" data-large_image_height=\"640\"><img loading=\"lazy\" decoding=\"async\" class=\"wp-image-163678 alignleft\" src=\"https:\/\/www.radiopiu.net\/wordpress\/wp-content\/uploads\/2020\/10\/pp-300x300.jpg\" alt=\"\" width=\"106\" height=\"106\" srcset=\"https:\/\/www.radiopiu.net\/wordpress\/wp-content\/uploads\/2020\/10\/pp-300x300.jpg 300w, https:\/\/www.radiopiu.net\/wordpress\/wp-content\/uploads\/2020\/10\/pp-150x150.jpg 150w, https:\/\/www.radiopiu.net\/wordpress\/wp-content\/uploads\/2020\/10\/pp-125x125.jpg 125w, https:\/\/www.radiopiu.net\/wordpress\/wp-content\/uploads\/2020\/10\/pp-200x200.jpg 200w, https:\/\/www.radiopiu.net\/wordpress\/wp-content\/uploads\/2020\/10\/pp-80x80.jpg 80w, https:\/\/www.radiopiu.net\/wordpress\/wp-content\/uploads\/2020\/10\/pp-480x480.jpg 480w, https:\/\/www.radiopiu.net\/wordpress\/wp-content\/uploads\/2020\/10\/pp.jpg 640w\" sizes=\"auto, (max-width: 106px) 100vw, 106px\" \/><\/a><\/p>\n<\/div>\n<\/div>\n<\/div>\n<div>\n<div class=\"page-title-head hgroup\">\n<div class=\"page-title-head hgroup\">\n<div class=\"b654a4as d2edcug0\">\n<div class=\"j83agx80 btwxx1t3 lhclo0ds hop8lmos nkwizq5d scwd0bx6 roh60bw9\">\n<div class=\"rq0escxv hkbzh7o3 jwdofwj8 n8tt0mok r8blr3vg hyh9befq\">\n<div class=\"do00u71z l9j0dhe7 k4urcfbm\">\n<h2><span style=\"color: #000080;\">DON CESARE, IL PENSIERO DEL GIORNO. ALLA RADIO ALLE 7 DEL MATTINO E ALLE 19.30 DELLA SERA.\u00a0\u00a0<\/span><\/h2>\n<\/div>\n<\/div>\n<\/div>\n<div><\/div>\n<div><\/div>\n<div><\/div>\n<div>\n<audio class=\"wp-audio-shortcode\" id=\"audio-227159-10\" preload=\"none\" style=\"width: 100%;\" controls=\"controls\"><source type=\"audio\/mpeg\" src=\"https:\/\/www.radiopiu.net\/wordpress\/wp-content\/uploads\/2021\/08\/cesare-5.mp3?_=10\" \/><a href=\"https:\/\/www.radiopiu.net\/wordpress\/wp-content\/uploads\/2021\/08\/cesare-5.mp3\">https:\/\/www.radiopiu.net\/wordpress\/wp-content\/uploads\/2021\/08\/cesare-5.mp3<\/a><\/audio>\n<\/div>\n<\/div>\n<\/div>\n<div class=\"page-title-head hgroup\">\n<p>&nbsp;<\/p>\n<hr \/>\n<p class=\"b654a4as d2edcug0\"><span style=\"color: #ff6600;\"> \u00a0<\/span><\/p>\n<h2><\/h2>\n<h2><span style=\"color: #ff0000;\">LA RACCOLTA COMPLETA\u00a0<\/span><\/h2>\n<blockquote class=\"wp-embedded-content\" data-secret=\"81QXjM26bl\"><p><a href=\"https:\/\/www.radiopiu.net\/wordpress\/girovagando-in-e-bike-tra-le-dolomiti\/\">GIROVAGANDO IN E BIKE TRA LE DOLOMITI<\/a><\/p><\/blockquote>\n<p><iframe loading=\"lazy\" class=\"wp-embedded-content\" sandbox=\"allow-scripts\" security=\"restricted\" style=\"position: absolute; clip: rect(1px, 1px, 1px, 1px);\" title=\"&#8220;GIROVAGANDO IN E BIKE TRA LE DOLOMITI&#8221; &#8212; Radio Pi\u00f9\" src=\"https:\/\/www.radiopiu.net\/wordpress\/girovagando-in-e-bike-tra-le-dolomiti\/embed\/#?secret=81QXjM26bl\" data-secret=\"81QXjM26bl\" width=\"600\" height=\"338\" frameborder=\"0\" marginwidth=\"0\" marginheight=\"0\" scrolling=\"no\"><\/iframe><\/p>\n<p>\u200b<\/p>\n<p>\u200b<\/p>\n<hr \/>\n<\/div>\n<\/div>\n<\/div>\n<\/div>\n<\/div>\n<\/div>\n<\/div>\n<\/div>\n<\/div>\n<\/div>\n<\/div>\n<\/div>\n<\/div>\n<\/div>\n<\/div>\n<\/div>\n<\/div>\n<\/div>\n<\/div>\n<\/div>\n<\/div>\n<\/div>\n<\/div>\n<div class=\"mkdf-post-text\">\n<div class=\"mkdf-post-text-inner\">\n<div class=\"mkdf-post-text-main\">\n<div class=\"mkdf-post-text\">\n<div class=\"mkdf-post-text-inner\">\n<div class=\"mkdf-post-text-main\">\n<div>\n<div class=\"page-title-head hgroup\">\n<div class=\"page-title-head hgroup\">\n<div class=\"page-title-head hgroup\">\n<div class=\"page-title-head hgroup\">\n<div class=\"b654a4as d2edcug0\">\n<div class=\"page-title-head hgroup\">\n<div class=\"page-title-head hgroup\">\n<p>&nbsp;<\/p>\n<\/div>\n<\/div>\n<\/div>\n<\/div>\n<\/div>\n<\/div>\n<\/div>\n<\/div>\n<\/div>\n<\/div>\n<\/div>\n<\/div>\n<\/div>\n<\/div>\n<\/div>\n<\/div>\n<\/div>\n<\/div>\n<\/div>\n<\/div>\n<\/div>\n<\/div>\n<\/div>\n<\/div>\n<\/div>\n<\/div>\n<blockquote>\n<h3><\/h3>\n<h3>COLLAGE&#8230; DI LORIS SCUSSEL dal lunedi al venerdi alle 16 e alle 23 su RADIO PIU<\/h3>\n<\/blockquote>\n<div>\n<p><img loading=\"lazy\" decoding=\"async\" class=\"alignleft\" src=\"https:\/\/www.radiopiu.net\/wordpress\/wp-content\/uploads\/2021\/05\/Schermata-2021-05-23-alle-11.50.11.png\" width=\"186\" height=\"131\" \/><\/p>\n<div>\n<p>Il programma \u00e8 andato in onda da dicembre 2013 fino a luglio 2019, comprese le repliche, in due serie per 350 puntate complessive con 1.890 brani trasmessi. L\u2019obiettivo del programma: riproporre agli ascoltatori pi\u00f9 grandicelli le canzoni che ascoltavano nel passato e nello stesso tempo farle conoscere anche ai pi\u00f9 giovani.<\/p>\n<\/div>\n<\/div>\n<div>\n<p><strong>PUNTATA DEL 11 AGOSTO, 408<\/strong><\/p>\n<audio class=\"wp-audio-shortcode\" id=\"audio-227159-11\" preload=\"none\" style=\"width: 100%;\" controls=\"controls\"><source type=\"audio\/mpeg\" src=\"https:\/\/www.radiopiu.net\/wordpress\/wp-content\/uploads\/2021\/08\/Collage-408.mp3?_=11\" \/><a href=\"https:\/\/www.radiopiu.net\/wordpress\/wp-content\/uploads\/2021\/08\/Collage-408.mp3\">https:\/\/www.radiopiu.net\/wordpress\/wp-content\/uploads\/2021\/08\/Collage-408.mp3<\/a><\/audio>\n<p>&nbsp;<\/p>\n<\/div>\n<\/div>\n<\/div>\n<\/div>\n<\/div>\n<\/div>\n<\/div>\n<\/div>\n<\/div>\n<\/div>\n<\/div>\n<\/div>\n<\/div>\n<\/div>\n<\/div>\n<\/div>\n<\/div>\n<\/div>\n<\/div>\n<\/div>\n<\/div>\n<\/div>\n<\/div>\n<\/div>\n<\/div>\n<\/div>\n<\/div>\n<\/div>\n<\/div>\n<\/div>\n<\/div>\n<\/div>\n<\/div>\n<\/div>\n<\/div>\n<\/div>\n<\/div>\n<\/div>\n<\/div>\n<\/div>\n<\/div>\n<\/div>\n<\/div>\n<\/div>\n<\/div>\n<\/div>\n<\/div>\n<\/div>\n<\/div>\n<\/div>\n<\/div>\n<\/div>\n<\/div>\n<\/div>\n<\/div>\n<\/div>\n<\/div>\n<\/div>\n<\/div>\n<\/div>\n<\/div>\n<\/div>\n<div>\n<hr \/>\n<p>&nbsp;<\/p>\n<div>\n<div class=\"b654a4as d2edcug0\">\n<div class=\"rq0escxv hkbzh7o3 jwdofwj8 n8tt0mok r8blr3vg hyh9befq\">\n<div class=\"b654a4as d2edcug0\">\n<div class=\"b654a4as d2edcug0\">\n<div>\n<div class=\"b654a4as d2edcug0\">\n<div class=\"rq0escxv hkbzh7o3 jwdofwj8 n8tt0mok r8blr3vg hyh9befq\">\n<div class=\"b654a4as d2edcug0\">\n<h2><\/h2>\n<div class=\"b654a4as d2edcug0\">\n<h2><span style=\"color: #008000;\">ERBE E PIANTE CURATIVE&#8230;IL\u00a0 PROGRAMMA DI PAOLA LANCIATO\u00a0\u00a0<\/span><\/h2>\n<blockquote class=\"wp-embedded-content\" data-secret=\"mnJofLlMUg\"><p><a href=\"https:\/\/www.radiopiu.net\/wordpress\/erbavoglio\/\">L&#8217;ERBA VOGLIO DEL GIARDINO DEL RE&#8230; Erbe, fiori e Piante di e con Paola Lanciato<\/a><\/p><\/blockquote>\n<p><iframe loading=\"lazy\" class=\"wp-embedded-content\" sandbox=\"allow-scripts\" security=\"restricted\" style=\"position: absolute; clip: rect(1px, 1px, 1px, 1px);\" title=\"&#8220;L&#8217;ERBA VOGLIO DEL GIARDINO DEL RE&#8230; Erbe, fiori e Piante di e con Paola Lanciato&#8221; &#8212; Radio Pi\u00f9\" src=\"https:\/\/www.radiopiu.net\/wordpress\/erbavoglio\/embed\/#?secret=mnJofLlMUg\" data-secret=\"mnJofLlMUg\" width=\"600\" height=\"338\" frameborder=\"0\" marginwidth=\"0\" marginheight=\"0\" scrolling=\"no\"><\/iframe><\/p>\n<\/div>\n<p>&nbsp;<\/p>\n<\/div>\n<\/div>\n<\/div>\n<\/div>\n<p>&nbsp;<\/p>\n<\/div>\n<\/div>\n<\/div>\n<\/div>\n<\/div>\n<p>&nbsp;<\/p>\n<hr \/>\n<p>&nbsp;<\/p>\n<div>\n<h2><span style=\"color: #ff0000;\"><strong>IN VIVO VERSO 2020-21 ESTATE, RIASCOLTIAMOLI&#8230; DAL CASSETTO DEI RICORDI DI RADIO PIU&#8217;&#8230; LE PRIME\u00a0 SEI STAGIONI\u00a0 \u00a0<\/strong><\/span><\/h2>\n<p><strong>riascoltiamole TATUAGGIO di ROBERTO TOTARO<\/strong><\/p>\n<p>AUDIO<\/p>\n<audio class=\"wp-audio-shortcode\" id=\"audio-227159-12\" preload=\"none\" style=\"width: 100%;\" controls=\"controls\"><source type=\"audio\/mpeg\" src=\"https:\/\/www.radiopiu.net\/wordpress\/wp-content\/uploads\/2021\/08\/ROBERTO-TOTARO-1-TATUAGGIO.mp3?_=12\" \/><a href=\"https:\/\/www.radiopiu.net\/wordpress\/wp-content\/uploads\/2021\/08\/ROBERTO-TOTARO-1-TATUAGGIO.mp3\">https:\/\/www.radiopiu.net\/wordpress\/wp-content\/uploads\/2021\/08\/ROBERTO-TOTARO-1-TATUAGGIO.mp3<\/a><\/audio>\n<p>&nbsp;<\/p>\n<p>&nbsp;<\/p>\n<p>&nbsp;<\/p>\n<div class=\"page-title-head hgroup\">\n<div class=\"page-title-head hgroup\">\n<div class=\"page-title-head hgroup\">\n<div class=\"page-title-head hgroup\">\n<div class=\"page-title-head hgroup\">\n<div class=\"page-title-head hgroup\">\n<blockquote><p><strong>LA RACCOLTA COMPLETA\u00a0<\/strong><\/p><\/blockquote>\n<blockquote class=\"wp-embedded-content\" data-secret=\"0U4otCQL0r\"><p><a href=\"https:\/\/www.radiopiu.net\/wordpress\/in-vivo-verso\/\">In Vivo Verso<\/a><\/p><\/blockquote>\n<p><iframe loading=\"lazy\" class=\"wp-embedded-content\" sandbox=\"allow-scripts\" security=\"restricted\" style=\"position: absolute; clip: rect(1px, 1px, 1px, 1px);\" title=\"&#8220;In Vivo Verso&#8221; &#8212; Radio Pi\u00f9\" src=\"https:\/\/www.radiopiu.net\/wordpress\/in-vivo-verso\/embed\/#?secret=0U4otCQL0r\" data-secret=\"0U4otCQL0r\" width=\"600\" height=\"338\" frameborder=\"0\" marginwidth=\"0\" marginheight=\"0\" scrolling=\"no\"><\/iframe><\/p>\n<\/div>\n<\/div>\n<\/div>\n<\/div>\n<\/div>\n<\/div>\n<p>&nbsp;<\/p>\n<hr \/>\n<\/div>\n<blockquote>\n<blockquote>\n<h2><\/h2>\n<\/blockquote>\n<\/blockquote>\n<div>\n<div class=\"b654a4as d2edcug0\">\n<div class=\"rq0escxv hkbzh7o3 jwdofwj8 n8tt0mok r8blr3vg hyh9befq\">\n<blockquote>\n<h2><span style=\"color: #ff0000;\"><em>ZAINO ALLA RADIO&#8230;ESTATE DI PAOLA LANCIATO\u00a0<\/em><\/span><\/h2>\n<p><strong>LA RACCOLTA COMPLETA\u00a0<\/strong><\/p><\/blockquote>\n<blockquote class=\"wp-embedded-content\" data-secret=\"mD4y6TEdO2\"><p><a href=\"https:\/\/www.radiopiu.net\/wordpress\/zaino-femminile-lanciato\/\">Zaino da viaggio al femminile<\/a><\/p><\/blockquote>\n<p><iframe loading=\"lazy\" class=\"wp-embedded-content\" sandbox=\"allow-scripts\" security=\"restricted\" style=\"position: absolute; clip: rect(1px, 1px, 1px, 1px);\" title=\"&#8220;Zaino da viaggio al femminile&#8221; &#8212; Radio Pi\u00f9\" src=\"https:\/\/www.radiopiu.net\/wordpress\/zaino-femminile-lanciato\/embed\/#?secret=mD4y6TEdO2\" data-secret=\"mD4y6TEdO2\" width=\"600\" height=\"338\" frameborder=\"0\" marginwidth=\"0\" marginheight=\"0\" scrolling=\"no\"><\/iframe><\/p>\n<p>&nbsp;<\/p>\n<\/div>\n<\/div>\n<\/div>\n<hr \/>\n<div><\/div>\n<div>\n<div class=\"page-title-head hgroup\">\n<div class=\"page-title-head hgroup\">\n<div class=\"page-title-head hgroup\">\n<div class=\"page-title-head hgroup\">\n<div class=\"page-title-head hgroup\">\n<div>\n<div class=\"b654a4as d2edcug0\">\u00a0 \u00a0 \u00a0<strong style=\"color: #800080;\">LA RASSEGNA STAMPA DA L&#8217;AMICO DEL POPOLO\u00a0<\/strong><\/div>\n<\/div>\n<\/div>\n<\/div>\n<\/div>\n<\/div>\n<\/div>\n<\/div>\n<div>\n<div class=\"page-title-head hgroup\">\n<div class=\"page-title-head hgroup\">\n<div class=\"page-title-head hgroup\">\n<div class=\"page-title-head hgroup\">\n<div class=\"b654a4as d2edcug0\">\n<div class=\"page-title-head hgroup\">\n<div class=\"page-title-head hgroup\">\n<div class=\"page-title-head hgroup\">\n<div class=\"page-title-head hgroup\">\n<div class=\"b654a4as d2edcug0\">\n<div>\n<h3 class=\"kvgmc6g5 cxmmr5t8 oygrvhab hcukyx3x c1et5uql\"><span style=\"color: #0000ff;\"> INFORMAZIONE il canale su TELEGRAM informazione di prima mano e in tempo reale. iscriviti ed aiutaci a farlo conoscere\u00a0\u00a0<\/span><\/h3>\n<p><a href=\"https:\/\/www.radiopiu.net\/wordpress\/?attachment_id=224770\" rel=\"attachment wp-att-224770\"><img loading=\"lazy\" decoding=\"async\" class=\"wp-image-224770 alignleft\" src=\"https:\/\/www.radiopiu.net\/wordpress\/wp-content\/uploads\/2021\/07\/Silvia-Tessari-2021-1-300x250.jpg\" alt=\"\" width=\"163\" height=\"136\" srcset=\"https:\/\/www.radiopiu.net\/wordpress\/wp-content\/uploads\/2021\/07\/Silvia-Tessari-2021-1-300x250.jpg 300w, https:\/\/www.radiopiu.net\/wordpress\/wp-content\/uploads\/2021\/07\/Silvia-Tessari-2021-1-768x641.jpg 768w, https:\/\/www.radiopiu.net\/wordpress\/wp-content\/uploads\/2021\/07\/Silvia-Tessari-2021-1.jpg 920w\" sizes=\"auto, (max-width: 163px) 100vw, 163px\" \/><\/a><strong>di Gianni Santomaso<\/strong><\/p>\n<p>OSPITE: Silvia Tessari<\/p>\n<audio class=\"wp-audio-shortcode\" id=\"audio-227159-13\" preload=\"none\" style=\"width: 100%;\" controls=\"controls\"><source type=\"audio\/mpeg\" src=\"https:\/\/www.radiopiu.net\/wordpress\/wp-content\/uploads\/2021\/08\/RASSEGNA-GIANNI.mp3?_=13\" \/><a href=\"https:\/\/www.radiopiu.net\/wordpress\/wp-content\/uploads\/2021\/08\/RASSEGNA-GIANNI.mp3\">https:\/\/www.radiopiu.net\/wordpress\/wp-content\/uploads\/2021\/08\/RASSEGNA-GIANNI.mp3<\/a><\/audio>\n<p>&nbsp;<\/p>\n<blockquote class=\"wp-embedded-content\" data-secret=\"SMEfCqaSI9\"><p><a href=\"https:\/\/www.radiopiu.net\/wordpress\/rassegna-stampa-di-gianni-santomaso\/\">Rassegna stampa da l&#8217;amico del popolo &#8211; di Gianni Santomaso<\/a><\/p><\/blockquote>\n<p><iframe loading=\"lazy\" class=\"wp-embedded-content\" sandbox=\"allow-scripts\" security=\"restricted\" style=\"position: absolute; clip: rect(1px, 1px, 1px, 1px);\" title=\"&#8220;Rassegna stampa da l&#8217;amico del popolo &#8211; di Gianni Santomaso&#8221; &#8212; Radio Pi\u00f9\" src=\"https:\/\/www.radiopiu.net\/wordpress\/rassegna-stampa-di-gianni-santomaso\/embed\/#?secret=SMEfCqaSI9\" data-secret=\"SMEfCqaSI9\" width=\"600\" height=\"338\" frameborder=\"0\" marginwidth=\"0\" marginheight=\"0\" scrolling=\"no\"><\/iframe><\/p>\n<p>&nbsp;<\/p>\n<hr \/>\n<p>&nbsp;<\/p>\n<h2><span style=\"color: #3366ff;\">SALUTE E SOCIETA&#8217;<\/span><\/h2>\n<p><strong><a href=\"https:\/\/www.radiopiu.net\/wordpress\/giornale-radiopiu-10-agosto-2021-direttore-mirko-mezzacasa\/aaaa-8\/\" rel=\"attachment wp-att-226808\"><img loading=\"lazy\" decoding=\"async\" class=\"size-medium wp-image-226808 alignleft\" src=\"https:\/\/www.radiopiu.net\/wordpress\/wp-content\/uploads\/2021\/08\/aaaa-300x169.png\" alt=\"\" width=\"300\" height=\"169\" srcset=\"https:\/\/www.radiopiu.net\/wordpress\/wp-content\/uploads\/2021\/08\/aaaa-300x169.png 300w, https:\/\/www.radiopiu.net\/wordpress\/wp-content\/uploads\/2021\/08\/aaaa-1024x576.png 1024w, https:\/\/www.radiopiu.net\/wordpress\/wp-content\/uploads\/2021\/08\/aaaa-768x432.png 768w, https:\/\/www.radiopiu.net\/wordpress\/wp-content\/uploads\/2021\/08\/aaaa.png 1280w\" sizes=\"auto, (max-width: 300px) 100vw, 300px\" \/><\/a>PUNTATA DEL 09 AGOSTO 2021<\/strong><\/p>\n<p>Numerose evidenze dimostrano come una aderenza ottimale alla terapia contro il colesterolo sia strettamente associata ad una riduzione del rischio di eventi cardiovascolari nei pazienti in prevenzione primaria e secondaria. Antonella Pitrelli ne ha parlato con Claudio Picariello, Unit\u00e0 di Terapia Intensiva Coronarica, Ospedale di Rovigo, Emanuela Omodeo Sal\u00e9, Divisione di Farmacia, IEO Istituto Europeo di Oncologia<\/p>\n<audio class=\"wp-audio-shortcode\" id=\"audio-227159-14\" preload=\"none\" style=\"width: 100%;\" controls=\"controls\"><source type=\"audio\/mpeg\" src=\"https:\/\/www.radiopiu.net\/wordpress\/wp-content\/uploads\/2021\/08\/SALUTE-1.mp3?_=14\" \/><a href=\"https:\/\/www.radiopiu.net\/wordpress\/wp-content\/uploads\/2021\/08\/SALUTE-1.mp3\">https:\/\/www.radiopiu.net\/wordpress\/wp-content\/uploads\/2021\/08\/SALUTE-1.mp3<\/a><\/audio>\n<p>&nbsp;<\/p>\n<p><strong>LA RACCOLTA COMPLETA<\/strong><\/p>\n<\/div>\n<div dir=\"auto\">\n<blockquote class=\"wp-embedded-content\" data-secret=\"Qr2k511R0e\"><p><a href=\"https:\/\/www.radiopiu.net\/wordpress\/saluteesocieta\/\">Salute e Societ\u00e0<\/a><\/p><\/blockquote>\n<p><iframe loading=\"lazy\" class=\"wp-embedded-content\" sandbox=\"allow-scripts\" security=\"restricted\" style=\"position: absolute; clip: rect(1px, 1px, 1px, 1px);\" title=\"&#8220;Salute e Societ\u00e0&#8221; &#8212; Radio Pi\u00f9\" src=\"https:\/\/www.radiopiu.net\/wordpress\/saluteesocieta\/embed\/#?secret=Qr2k511R0e\" data-secret=\"Qr2k511R0e\" width=\"600\" height=\"338\" frameborder=\"0\" marginwidth=\"0\" marginheight=\"0\" scrolling=\"no\"><\/iframe><\/p>\n<\/div>\n<div dir=\"auto\">\n<h1><\/h1>\n<\/div>\n<div>\n<div class=\"page-title-head hgroup\">\n<div class=\"page-title-head hgroup\">\n<div class=\"page-title-head hgroup\">\n<div>\n<div class=\"b654a4as d2edcug0\">\n<div class=\"rq0escxv hkbzh7o3 jwdofwj8 n8tt0mok r8blr3vg hyh9befq\">\n<hr \/>\n<\/div>\n<\/div>\n<\/div>\n<div>\n<div class=\"page-title-head hgroup\">\n<div class=\"page-title-head hgroup\">\n<div class=\"b654a4as d2edcug0\">\n<p>&nbsp;<\/p>\n<blockquote>\n<h3><img loading=\"lazy\" decoding=\"async\" class=\"alignleft\" src=\"https:\/\/www.radiopiu.net\/wordpress\/wp-content\/uploads\/2021\/06\/fresh-flower-leaves-saffron-white-background-place-your-text-use-saffron-spice-cooking-cosmetology_347372-394.jpeg\" width=\"141\" height=\"94\" \/>L&#8217;ALMANACCO LADINO CON L&#8217;ISTITUT CESA DE JAN QUINDICINALE APPUNTAMENTO. LA DOMENICA ALLE 9 IL LUNEDI ALLE 8.35 IL MARTEDI ALLE 12.35 IL MERCOLEDI ALLE 18.35. SECONDA STAGIONE.<\/h3>\n<\/blockquote>\n<p><strong>\u00a0<\/strong><\/p>\n<p><strong>\u00a0<\/strong><strong>\u00a0RACCOLTA COMPLETA\u00a0<\/strong><\/p>\n<blockquote class=\"wp-embedded-content\" data-secret=\"tSdw0STmt0\"><p><a href=\"https:\/\/www.radiopiu.net\/wordpress\/almanacco-ladino\/\">Almanacco Ladino<\/a><\/p><\/blockquote>\n<p><iframe loading=\"lazy\" class=\"wp-embedded-content\" sandbox=\"allow-scripts\" security=\"restricted\" style=\"position: absolute; clip: rect(1px, 1px, 1px, 1px);\" title=\"&#8220;Almanacco Ladino&#8221; &#8212; Radio Pi\u00f9\" src=\"https:\/\/www.radiopiu.net\/wordpress\/almanacco-ladino\/embed\/#?secret=tSdw0STmt0\" data-secret=\"tSdw0STmt0\" width=\"600\" height=\"338\" frameborder=\"0\" marginwidth=\"0\" marginheight=\"0\" scrolling=\"no\"><\/iframe><\/p>\n<\/div>\n<div>\n<p>&nbsp;<\/p>\n<hr \/>\n<h2><span style=\"color: #808000;\">DUE MINUTI UN LIBRO\u00a0 TUTTI I GIORNI ALLA RADIO ALLE 9.30 E ALLE 18. QUINTA STAGIONE\u00a0<\/span><\/h2>\n<blockquote class=\"wp-embedded-content\" data-secret=\"RHca7AoG2n\"><p><a href=\"https:\/\/www.radiopiu.net\/wordpress\/la-cascina-dei-gobbi\/\">La cascina dei gobbi<\/a><\/p><\/blockquote>\n<p><iframe loading=\"lazy\" class=\"wp-embedded-content\" sandbox=\"allow-scripts\" security=\"restricted\" style=\"position: absolute; clip: rect(1px, 1px, 1px, 1px);\" title=\"&#8220;La cascina dei gobbi&#8221; &#8212; Radio Pi\u00f9\" src=\"https:\/\/www.radiopiu.net\/wordpress\/la-cascina-dei-gobbi\/embed\/#?secret=RHca7AoG2n\" data-secret=\"RHca7AoG2n\" width=\"600\" height=\"338\" frameborder=\"0\" marginwidth=\"0\" marginheight=\"0\" scrolling=\"no\"><\/iframe><\/p>\n<p><strong>LA RACCOLTA COMPLETA\u00a0\u00a0<\/strong><\/p>\n<\/div>\n<div>\n<blockquote class=\"wp-embedded-content\" data-secret=\"65bDp6ymXN\"><p><a href=\"https:\/\/www.radiopiu.net\/wordpress\/due-minuti-un-libro\/\">Due minuti un libro<\/a><\/p><\/blockquote>\n<p><iframe loading=\"lazy\" class=\"wp-embedded-content\" sandbox=\"allow-scripts\" security=\"restricted\" style=\"position: absolute; clip: rect(1px, 1px, 1px, 1px);\" title=\"&#8220;Due minuti un libro&#8221; &#8212; Radio Pi\u00f9\" src=\"https:\/\/www.radiopiu.net\/wordpress\/due-minuti-un-libro\/embed\/#?secret=65bDp6ymXN\" data-secret=\"65bDp6ymXN\" width=\"600\" height=\"338\" frameborder=\"0\" marginwidth=\"0\" marginheight=\"0\" scrolling=\"no\"><\/iframe><\/p>\n<p>&nbsp;<\/p>\n<hr \/>\n<p>\u200b<\/p>\n<div>\n<h2><span style=\"color: #33cccc;\">I RACCONTI DI PAOLO SOPPELSA il lunedi alle 9.30 e 18.30<\/span><\/h2>\n<blockquote class=\"wp-embedded-content\" data-secret=\"mXduEduFlT\"><p><a href=\"https:\/\/www.radiopiu.net\/wordpress\/i-racconti-di-paolo-soppelsa\/\">I racconti di Paolo Soppelsa<\/a><\/p><\/blockquote>\n<p><iframe loading=\"lazy\" class=\"wp-embedded-content\" sandbox=\"allow-scripts\" security=\"restricted\" style=\"position: absolute; clip: rect(1px, 1px, 1px, 1px);\" title=\"&#8220;I racconti di Paolo Soppelsa&#8221; &#8212; Radio Pi\u00f9\" src=\"https:\/\/www.radiopiu.net\/wordpress\/i-racconti-di-paolo-soppelsa\/embed\/#?secret=mXduEduFlT\" data-secret=\"mXduEduFlT\" width=\"600\" height=\"338\" frameborder=\"0\" marginwidth=\"0\" marginheight=\"0\" scrolling=\"no\"><\/iframe><\/p>\n<p>&nbsp;<\/p>\n<\/div>\n<\/div>\n<hr \/>\n<p>&nbsp;<\/p>\n<div class=\"mkdf-post-text\">\n<div class=\"mkdf-post-text-inner\">\n<div class=\"mkdf-post-text-main\">\n<div class=\"mkdf-post-text\">\n<div class=\"mkdf-post-text-inner\">\n<div class=\"mkdf-post-text-main\">\n<div class=\"mkdf-post-text\">\n<div class=\"mkdf-post-text-inner\">\n<div class=\"mkdf-post-text-main\">\n<div class=\"page-title-head hgroup\">\n<div class=\"page-title-head hgroup\">\n<div class=\"mkdf-post-text\">\n<div class=\"mkdf-post-text-inner\">\n<div class=\"mkdf-post-text-main\">\n<div class=\"mkdf-post-text\">\n<div class=\"mkdf-post-text-inner\">\n<div class=\"mkdf-post-text-main\">\n<div>\n<div class=\"page-title-head hgroup\">\n<div class=\"page-title-head hgroup\">\n<div class=\"page-title-head hgroup\">\n<div class=\"page-title-head hgroup\">\n<div class=\"b654a4as d2edcug0\">\n<div class=\"page-title-head hgroup\">\n<div class=\"page-title-head hgroup\">\n<div class=\"page-title-head hgroup\">\n<div class=\"page-title-head hgroup\">\n<div class=\"b654a4as d2edcug0\">\n<div>\n<div>\n<div>\n<div>\n<div class=\"page-title-head hgroup\">\n<div class=\"page-title-head hgroup\">\n<div class=\"page-title-head hgroup\">\n<div class=\"page-title-head hgroup\">\n<div class=\"b654a4as d2edcug0\">\n<div class=\"page-title-head hgroup\">\n<div class=\"page-title-head hgroup\">\n<div class=\"page-title-head hgroup\">\n<div class=\"page-title-head hgroup\">\n<div class=\"b654a4as d2edcug0\">\n<div>\n<div class=\"page-title-head hgroup\">\n<div class=\"page-title-head hgroup\">\n<div class=\"page-title-head hgroup\">\n<div>\n<div class=\"page-title-head hgroup\">\n<div class=\"page-title-head hgroup\">\n<div class=\"page-title-head hgroup\">\n<p>&nbsp;<\/p>\n<p><a href=\"https:\/\/www.radiopiu.net\/wordpress\/giornale-radiopiu-26-settembre-2018-direttore-mirko-mezzacasa\/viabilita-2\/\" rel=\"attachment wp-att-61954\"><img loading=\"lazy\" decoding=\"async\" class=\"wp-image-61954 size-full aligncenter\" src=\"https:\/\/www.radiopiu.net\/wordpress\/wp-content\/uploads\/2018\/09\/viabilita.jpeg\" alt=\"\" width=\"800\" height=\"100\" srcset=\"https:\/\/www.radiopiu.net\/wordpress\/wp-content\/uploads\/2018\/09\/viabilita.jpeg 800w, https:\/\/www.radiopiu.net\/wordpress\/wp-content\/uploads\/2018\/09\/viabilita-300x38.jpeg 300w, https:\/\/www.radiopiu.net\/wordpress\/wp-content\/uploads\/2018\/09\/viabilita-768x96.jpeg 768w\" sizes=\"auto, (max-width: 800px) 100vw, 800px\" \/><\/a><\/p>\n<blockquote><p><a href=\"https:\/\/www.radiopiu.net\/wordpress\/giornale-radiopiu-09-agosto-2018-direttore-mirko-mezzacasa\/viabilia\/\" rel=\"attachment wp-att-57053\"><img loading=\"lazy\" decoding=\"async\" class=\" wp-image-57053 alignleft\" src=\"https:\/\/www.radiopiu.net\/wordpress\/wp-content\/uploads\/2018\/08\/VIABILIA-300x180.jpeg\" alt=\"\" width=\"220\" height=\"132\" srcset=\"https:\/\/www.radiopiu.net\/wordpress\/wp-content\/uploads\/2018\/08\/VIABILIA-300x180.jpeg 300w, https:\/\/www.radiopiu.net\/wordpress\/wp-content\/uploads\/2018\/08\/VIABILIA-768x461.jpeg 768w, https:\/\/www.radiopiu.net\/wordpress\/wp-content\/uploads\/2018\/08\/VIABILIA-1024x614.jpeg 1024w, https:\/\/www.radiopiu.net\/wordpress\/wp-content\/uploads\/2018\/08\/VIABILIA.jpeg 1280w\" sizes=\"auto, (max-width: 220px) 100vw, 220px\" \/><\/a><\/p><\/blockquote>\n<\/div>\n<\/div>\n<\/div>\n<\/div>\n<\/div>\n<\/div>\n<\/div>\n<\/div>\n<div>\n<div>\n<div class=\"page-title-head hgroup\">\n<div class=\"page-title-head hgroup\">\n<div class=\"page-title-head hgroup\">\n<div class=\"page-title-head hgroup\">\n<div class=\"page-title-head hgroup\">\n<div class=\"page-title-head hgroup\">\n<blockquote><p>La viabilit\u00e0 con gli ultimi aggiornamenti<\/p><\/blockquote>\n<\/div>\n<\/div>\n<\/div>\n<\/div>\n<\/div>\n<\/div>\n<\/div>\n<div><\/div>\n<div><\/div>\n<div>\n<div><\/div>\n<\/div>\n<\/div>\n<\/div>\n<\/div>\n<\/div>\n<\/div>\n<\/div>\n<\/div>\n<\/div>\n<\/div>\n<\/div>\n<\/div>\n<\/div>\n<div>\n<div class=\"page-title-head hgroup\">\n<div class=\"page-title-head hgroup\">\n<div class=\"page-title-head hgroup\">\n<div class=\"page-title-head hgroup\">\n<div class=\"b654a4as d2edcug0\">\n<div>\n<div class=\"page-title-head hgroup\" style=\"text-align: left;\">\n<div class=\"page-title-head hgroup\"><\/div>\n<\/div>\n<\/div>\n<\/div>\n<\/div>\n<\/div>\n<\/div>\n<\/div>\n<\/div>\n<\/div>\n<\/div>\n<\/div>\n<div>\n<div>\n<div class=\"page-title-head hgroup\">\n<div class=\"page-title-head hgroup\">\n<div class=\"page-title-head hgroup\">\n<div class=\"page-title-head hgroup\">\n<div class=\"b654a4as d2edcug0\">\n<div class=\"page-title-head hgroup\">\n<div class=\"page-title-head hgroup\">\n<div class=\"page-title-head hgroup\">\n<div class=\"page-title-head hgroup\">\n<div class=\"b654a4as d2edcug0\">\n<div>\n<div class=\"page-title-head hgroup\">\n<div class=\"page-title-head hgroup\">\n<div class=\"page-title-head hgroup\">\n<div class=\"page-title-head hgroup\">\n<div class=\"page-title-head hgroup\">\n<div>\n<div>\n<audio class=\"wp-audio-shortcode\" id=\"audio-227159-15\" preload=\"none\" style=\"width: 100%;\" controls=\"controls\"><source type=\"audio\/mpeg\" src=\"https:\/\/www.radiopiu.net\/wordpress\/wp-content\/uploads\/2021\/08\/VIABILITA-3.mp3?_=15\" \/><a href=\"https:\/\/www.radiopiu.net\/wordpress\/wp-content\/uploads\/2021\/08\/VIABILITA-3.mp3\">https:\/\/www.radiopiu.net\/wordpress\/wp-content\/uploads\/2021\/08\/VIABILITA-3.mp3<\/a><\/audio>\n<\/div>\n<div><\/div>\n<div><\/div>\n<div><\/div>\n<\/div>\n<\/div>\n<\/div>\n<\/div>\n<\/div>\n<\/div>\n<\/div>\n<\/div>\n<\/div>\n<\/div>\n<\/div>\n<\/div>\n<\/div>\n<\/div>\n<\/div>\n<\/div>\n<\/div>\n<\/div>\n<div>\n<div>\n<div class=\"page-title-head hgroup\">\n<hr \/>\n<p>&nbsp;<\/p>\n<\/div>\n<\/div>\n<\/div>\n<\/div>\n<\/div>\n<\/div>\n<\/div>\n<\/div>\n<\/div>\n<\/div>\n<\/div>\n<\/div>\n<\/div>\n<\/div>\n<\/div>\n<div>\n<div class=\"page-title-head hgroup\">\n<div class=\"page-title-head hgroup\">\n<div>\n<div class=\"page-title-head hgroup\">\n<div class=\"page-title-head hgroup\">\n<div class=\"b654a4as d2edcug0\">\n<div>\n<div>\n<div>\n<div class=\"page-title-head hgroup\">\n<p>&nbsp;<\/p>\n<\/div>\n<\/div>\n<\/div>\n<\/div>\n<div>\n<div class=\"page-title-head hgroup\" style=\"text-align: left;\">\n<div class=\"page-title-head hgroup\">\n<div dir=\"auto\">\n<p><a class=\"dt-pswp-item pspw-wrap-ready\" href=\"https:\/\/i0.wp.com\/www.radiopiu.net\/wordpress\/wp-content\/uploads\/2018\/09\/WhatsApp-Image-2018-09-20-at-16.04.06.jpeg?ssl=1\" data-dt-img-description=\"\" data-large_image_width=\"800\" data-large_image_height=\"100\"><img loading=\"lazy\" decoding=\"async\" class=\"aligncenter wp-image-61378 size-full jetpack-lazy-image jetpack-lazy-image--handled\" src=\"https:\/\/i0.wp.com\/www.radiopiu.net\/wordpress\/wp-content\/uploads\/2018\/09\/WhatsApp-Image-2018-09-20-at-16.04.06.jpeg?resize=800%2C100&amp;ssl=1\" sizes=\"auto, (max-width: 800px) 100vw, 800px\" srcset=\"https:\/\/i0.wp.com\/www.radiopiu.net\/wordpress\/wp-content\/uploads\/2018\/09\/WhatsApp-Image-2018-09-20-at-16.04.06.jpeg?w=800&amp;ssl=1 800w, https:\/\/i0.wp.com\/www.radiopiu.net\/wordpress\/wp-content\/uploads\/2018\/09\/WhatsApp-Image-2018-09-20-at-16.04.06.jpeg?resize=300%2C38&amp;ssl=1 300w, https:\/\/i0.wp.com\/www.radiopiu.net\/wordpress\/wp-content\/uploads\/2018\/09\/WhatsApp-Image-2018-09-20-at-16.04.06.jpeg?resize=768%2C96&amp;ssl=1 768w\" alt=\"\" width=\"800\" height=\"100\" data-lazy-loaded=\"1\" \/><\/a><\/p>\n<\/div>\n<\/div>\n<\/div>\n<\/div>\n<\/div>\n<\/div>\n<\/div>\n<\/div>\n<\/div>\n<\/div>\n<\/div>\n<\/div>\n<\/div>\n<\/div>\n<\/div>\n<\/div>\n<\/div>\n<\/div>\n<\/div>\n<\/div>\n<\/div>\n<\/div>\n<\/div>\n<\/div>\n<\/div>\n<\/div>\n<\/div>\n<\/div>\n<p>&nbsp;<\/p>\n<div id=\"dolomitimeteo_div_testi\">\n<p style=\"text-align: center;\"><strong>Gioved\u00ec 12<\/strong><\/p>\n<p style=\"text-align: center;\">Cielo inizialmente sereno al pi\u00f9 poco nuvoloso su tutte le zone montane con tempo che rimarr\u00e0 ben soleggiato per gran parte della mattinata; modesta e innocua nuvolosit\u00e0 dalle ore centrali, non associata a fenomeni.<br \/>\n<strong>Precipitazioni.<\/strong>\u00a0Assenti (0%).<br \/>\n<strong>Temperature.<\/strong>\u00a0Di stampo estivo, con le minime in lieve o contenuto aumento, massime senza notevoli variazioni nelle valli, in ulteriore lieve o contenuto aumento in quota, su valori di qualche grado superiori alla norma; elevata escursione termica giornaliera. Su Prealpi a 1500 m min 15\u00b0C max 20\u00b0C, a 2000 m min 11\u00b0C max 18\u00b0C. Su Dolomiti a 2000 m min 10\u00b0C max 18\u00b0C, a 3000 m min 3\u00b0C max 10\u00b0C.<br \/>\n<strong>Venti.<\/strong>\u00a0Nelle valli deboli o moderati a regime di brezza, in quota ancora deboli o moderati da nord-ovest, a 5-15 km\/h a 2000 m e a 20-25 km\/h a 3000 m.<\/p>\n<p style=\"text-align: center;\"><strong>Venerd\u00ec 13<\/strong><\/p>\n<p style=\"text-align: center;\">Tempo all&#8217;insegna della variabilit\u00e0, soleggiato al mattino con cielo generalmente poco nuvoloso per transito di nubi alte; nel corso della giornata graduale aumento della nuvolosit\u00e0 con cielo che tender\u00e0 a divenire irregolarmente nuvoloso associato a possibili precipitazioni nel pomeriggio; schiarite in serata.<br \/>\n<strong>Precipitazioni.<\/strong>\u00a0Al mattino assenti (0%). Nel pomeriggio probabilit\u00e0 medio-bassa (25-50%) di brevi rovesci o piovaschi o temporali sparsi.<br \/>\n<strong>Temperature.<\/strong>\u00a0Senza notevoli variazioni o al pi\u00f9 in lieve rialzo le massime nelle valli. Su Prealpi a 1500 m min 15\u00b0C max 20\u00b0C, a 2000 m min 11\u00b0C max 18\u00b0C. Su Dolomiti a 2000 m min 12\u00b0C max 17\u00b0C, a 3000 m min 4\u00b0C max 9\u00b0C.<br \/>\n<strong>Venti.<\/strong>\u00a0Nelle valli deboli o moderati a regime di brezza; in quota deboli o moderati da ovest, sud-ovest, a 5-15 km\/h a 2000 m e a 20-25 km\/h a 3000 m.<\/p>\n<p style=\"text-align: center;\"><strong>Sabato 14<\/strong><\/p>\n<p style=\"text-align: center;\">Giornata stabile e ancora pi\u00f9 calda dei giorni precedenti, ben soleggiata al mattino, pi\u00f9 nuvolosa nelle ore pi\u00f9 calde per moderata attivit\u00e0 cumuliforme, associata ad una bassa probabilit\u00e0 di qualche occasionale temporale di calore, specie sulle Dolomiti. Temperature minime senza notevoli variazioni, massime in lieve aumento in quota, generalmente stazionarie nelle valli e superiori alle medie stagionali. Venti in quota deboli o moderati dai quadranti occidentali.<\/p>\n<p style=\"text-align: center;\"><strong>Domenica 15<\/strong><\/p>\n<p style=\"text-align: center;\">Mattinata stabile e ben soleggiata su tutte le zone montane, con graduale aumento della nuvolosit\u00e0 per moderata attivit\u00e0 cumuliforme associata a qualche possibile fenomeno di tipo convettivo per le elevate temperature, specie sulle Dolomiti. Temperature senza variazioni di rilievo. Venti in quota ancora deboli o moderati dai quadranti occidentali. Previsore: M.Padoan<\/p>\n<\/div>\n<p>&nbsp;<\/p>\n<div class=\"mkdf-post-text\">\n<div class=\"mkdf-post-text-inner\">\n<hr \/>\n<p>&nbsp;<\/p>\n<p><img loading=\"lazy\" decoding=\"async\" class=\"wp-image-60761 size-full aligncenter\" src=\"https:\/\/www.radiopiu.net\/wordpress\/wp-content\/uploads\/2018\/09\/sport.jpg\" alt=\"\" width=\"800\" height=\"100\" srcset=\"https:\/\/www.radiopiu.net\/wordpress\/wp-content\/uploads\/2018\/09\/sport.jpg 800w, https:\/\/www.radiopiu.net\/wordpress\/wp-content\/uploads\/2018\/09\/sport-300x38.jpg 300w, https:\/\/www.radiopiu.net\/wordpress\/wp-content\/uploads\/2018\/09\/sport-768x96.jpg 768w\" sizes=\"auto, (max-width: 800px) 100vw, 800px\" \/><\/p>\n<p>&nbsp;<\/p>\n<blockquote>\n<h3>PROSEGUE IL RADUNO DELLA NAZIONALE DI HOCKEY SU GHIACCIO<\/h3>\n<\/blockquote>\n<p><strong><a href=\"https:\/\/www.radiopiu.net\/wordpress\/giornale-radiopiu-12-agosto-2021-direttore-mirko-mezzacasa\/aa2802c6-0193-10c1-210c-2002bed71293\/\" rel=\"attachment wp-att-227248\"><img loading=\"lazy\" decoding=\"async\" class=\"size-medium wp-image-227248 alignleft\" src=\"https:\/\/www.radiopiu.net\/wordpress\/wp-content\/uploads\/2021\/08\/aa2802c6-0193-10c1-210c-2002bed71293-300x225.jpg\" alt=\"\" width=\"300\" height=\"225\" srcset=\"https:\/\/www.radiopiu.net\/wordpress\/wp-content\/uploads\/2021\/08\/aa2802c6-0193-10c1-210c-2002bed71293-300x225.jpg 300w, https:\/\/www.radiopiu.net\/wordpress\/wp-content\/uploads\/2021\/08\/aa2802c6-0193-10c1-210c-2002bed71293-1024x768.jpg 1024w, https:\/\/www.radiopiu.net\/wordpress\/wp-content\/uploads\/2021\/08\/aa2802c6-0193-10c1-210c-2002bed71293-768x576.jpg 768w, https:\/\/www.radiopiu.net\/wordpress\/wp-content\/uploads\/2021\/08\/aa2802c6-0193-10c1-210c-2002bed71293-1536x1152.jpg 1536w, https:\/\/www.radiopiu.net\/wordpress\/wp-content\/uploads\/2021\/08\/aa2802c6-0193-10c1-210c-2002bed71293.jpg 2048w\" sizes=\"auto, (max-width: 300px) 100vw, 300px\" \/><\/a>EGNA <\/strong>Prosegue, con tanto lavoro sul ghiaccio e anche sedute di atletica, il raduno di Egna della Nazionale italiana di hockey su ghiaccio che in Alto Adige sta preparando l&#8217;importante appuntamento con il torneo di Qualificazione Olimpica in programma a Riga, in Lettonia, dal 26 al 29 agosto. Per il Blue Team guidato da Greg Ireland il primo test sul ghiaccio \u00e8 in programma venerd\u00ec 13 agosto alle ore 20 con la sfida contro i germanici degli Augsburger Panther, confronto che andr\u00e0 ad inaugurare la 15esima edizione del torneo internazionale &#8220;Dolomiten Cup&#8221;, in programma nel prossimo fine settimana sul ghiaccio della W\u00fcrth Arena. &#8220;<em>I ragazzi stanno lavorando bene e il clima nel gruppo \u00e8 molto positivo<\/em> \u2013 sottolinea l&#8217;assistente allenatore della Nazionale Giorgio De Bettin \u2013. <em>Insieme a coach Greg Ireland e allo staff tecnico abbiamo impostato un programma di lavoro non eccessivamente pesante, in modo tale da prevenire eventuali infortuni. L&#8217;appuntamento con la Dolomiten Cup<\/em> \u2013 continua De Bettin &#8211; <em>\u00e8 un test importante contro squadre di livello internazionale, nel quale cercheremo di raccogliere le prime indicazioni, nonostante all&#8217;appello manchino ancora dei giocatori importanti, che raggiungeranno il gruppo nel corso della prossima settimana. Il torneo Preolimpico \u00e8 una appuntamento al quale vogliamo farci trovare pronti fin dall&#8217;esordio contro la Lettonia, padrona di casa<\/em> \u2013 conclude De Bettin \u2013 <em>partecipare ai Giochi Olimpici \u00e8 il sogno di ogni sportivo e noi daremo tutto per poterlo realizzare<\/em>&#8220;.<\/p>\n<\/div>\n<\/div>\n<\/div>\n<\/div>\n<\/div>\n<\/div>\n<\/div>\n<\/div>\n<\/div>\n<\/div>\n<\/div>\n<\/div>\n<\/div>\n<\/div>\n<\/div>\n<\/div>\n<\/div>\n<\/div>\n<\/div>\n<\/div>\n<\/div>\n<\/div>\n<\/div>\n<\/div>\n<\/div>","protected":false},"excerpt":{"rendered":"<p>COMPRIAMO UNA MACCHINA ATTREZZATA PER RICCARDO SOSPIROLO\u00a0Radio Pi\u00f9 appoggia l\u2019iniziativa di\u00a0 Agostino Tegner il pap\u00e0 di Riccardo, poche parole le sue ma piene di significato\u00a0\u201cIo e mia moglie stiamo invecchiando e non riusciamo pi\u00f9\u00a0a trasportare come si deve il nostro ragazzo, che necessita di una macchina attrezzata con un piano ribassato con pedana\u201d. Per questo&hellip;<\/p>\n","protected":false},"author":4,"featured_media":227333,"comment_status":"closed","ping_status":"open","sticky":false,"template":"","format":"standard","meta":{"_monsterinsights_skip_tracking":false,"_monsterinsights_sitenote_active":false,"_monsterinsights_sitenote_note":"","_monsterinsights_sitenote_category":0,"footnotes":""},"categories":[1,51,86,49],"tags":[],"class_list":["post-227159","post","type-post","status-publish","format-standard","has-post-thumbnail","hentry","category-senza-categoria","category-evidenza-top","category-gr","category-news-18","category-1","category-51","category-86","category-49","description-off"],"img_url":"https:\/\/www.radiopiu.net\/wordpress\/wp-content\/uploads\/2021\/08\/48bba3d2-e6d4-461e-b486-75a73489b36c.jpg","_links":{"self":[{"href":"https:\/\/www.radiopiu.net\/wordpress\/wp-json\/wp\/v2\/posts\/227159","targetHints":{"allow":["GET"]}}],"collection":[{"href":"https:\/\/www.radiopiu.net\/wordpress\/wp-json\/wp\/v2\/posts"}],"about":[{"href":"https:\/\/www.radiopiu.net\/wordpress\/wp-json\/wp\/v2\/types\/post"}],"author":[{"embeddable":true,"href":"https:\/\/www.radiopiu.net\/wordpress\/wp-json\/wp\/v2\/users\/4"}],"replies":[{"embeddable":true,"href":"https:\/\/www.radiopiu.net\/wordpress\/wp-json\/wp\/v2\/comments?post=227159"}],"version-history":[{"count":0,"href":"https:\/\/www.radiopiu.net\/wordpress\/wp-json\/wp\/v2\/posts\/227159\/revisions"}],"wp:featuredmedia":[{"embeddable":true,"href":"https:\/\/www.radiopiu.net\/wordpress\/wp-json\/wp\/v2\/media\/227333"}],"wp:attachment":[{"href":"https:\/\/www.radiopiu.net\/wordpress\/wp-json\/wp\/v2\/media?parent=227159"}],"wp:term":[{"taxonomy":"category","embeddable":true,"href":"https:\/\/www.radiopiu.net\/wordpress\/wp-json\/wp\/v2\/categories?post=227159"},{"taxonomy":"post_tag","embeddable":true,"href":"https:\/\/www.radiopiu.net\/wordpress\/wp-json\/wp\/v2\/tags?post=227159"}],"curies":[{"name":"wp","href":"https:\/\/api.w.org\/{rel}","templated":true}]}}