{"id":227306,"date":"2021-08-12T05:18:46","date_gmt":"2021-08-12T03:18:46","guid":{"rendered":"https:\/\/www.radiopiu.net\/wordpress\/?p=227306"},"modified":"2021-08-12T05:50:51","modified_gmt":"2021-08-12T03:50:51","slug":"due-incidenti-in-montagna-tra-livinallongo-e-rocca-pietore","status":"publish","type":"post","link":"https:\/\/www.radiopiu.net\/wordpress\/due-incidenti-in-montagna-tra-livinallongo-e-rocca-pietore\/","title":{"rendered":"DUE INCIDENTI IN MONTAGNA TRA LIVINALLONGO E ROCCA PIETORE"},"content":{"rendered":"<p><strong><a href=\"https:\/\/www.radiopiu.net\/wordpress\/torna-la-festa-del-volontariato-cadorino-sabato-1-settembre\/soccorsoalpino\/\" rel=\"attachment wp-att-59164\"><img loading=\"lazy\" decoding=\"async\" class=\" wp-image-59164 alignleft\" src=\"https:\/\/www.radiopiu.net\/wordpress\/wp-content\/uploads\/2018\/08\/soccorsoalpino-300x300.jpg\" alt=\"\" width=\"156\" height=\"156\" srcset=\"https:\/\/www.radiopiu.net\/wordpress\/wp-content\/uploads\/2018\/08\/soccorsoalpino-300x300.jpg 300w, https:\/\/www.radiopiu.net\/wordpress\/wp-content\/uploads\/2018\/08\/soccorsoalpino-150x150.jpg 150w, https:\/\/www.radiopiu.net\/wordpress\/wp-content\/uploads\/2018\/08\/soccorsoalpino-768x768.jpg 768w, https:\/\/www.radiopiu.net\/wordpress\/wp-content\/uploads\/2018\/08\/soccorsoalpino-1024x1024.jpg 1024w, https:\/\/www.radiopiu.net\/wordpress\/wp-content\/uploads\/2018\/08\/soccorsoalpino.jpg 1200w\" sizes=\"auto, (max-width: 156px) 100vw, 156px\" \/><\/a>LIVINALLONGO <\/strong>Attorno alle 15.20 il Soccorso alpino di Livinallongo \u00e8 stato allertato per un ciclista caduto con la propria mountain bike tra il Rifugio Bec de Roces e il Rifugio Plan Bo\u00e8. Una squadra \u00e8 salita in jeep e ha imbarcato M.B., 39 anni di Trieste, con un probabile trauma alla gamba e lo ha trasportato fino all&#8217;ambulanza, partita in direzione dell&#8217;ospedale di Agordo.<\/p>\n<p><strong>ROCCA PIETORE <\/strong>Attorno alle 16.10 il Soccorso alpino della Val Pettorina \u00e8 intervenuto alla Baita al Sole, zona Malga Ciapela, per un escursionista che si era fatto male alla caviglia non distante dalla strada. D.C., 26 anni, di Genova \u00e8 stato quindi accompagnato all&#8217;ambulanza.<\/p>\n<p>&nbsp;<\/p>\n<p>&nbsp;<\/p>\n<p>&nbsp;<\/p>\n<p>*****<\/p>\n","protected":false},"excerpt":{"rendered":"<p>LIVINALLONGO Attorno alle 15.20 il Soccorso alpino di Livinallongo \u00e8 stato allertato per un ciclista caduto con la propria mountain bike tra il Rifugio Bec de Roces e il Rifugio Plan Bo\u00e8. Una squadra \u00e8 salita in jeep e ha imbarcato M.B., 39 anni di Trieste, con un probabile trauma alla gamba e lo ha&hellip;<\/p>\n","protected":false},"author":4,"featured_media":59164,"comment_status":"closed","ping_status":"open","sticky":false,"template":"","format":"standard","meta":{"_monsterinsights_skip_tracking":false,"_monsterinsights_sitenote_active":false,"_monsterinsights_sitenote_note":"","_monsterinsights_sitenote_category":0,"footnotes":""},"categories":[51,49],"tags":[],"class_list":["post-227306","post","type-post","status-publish","format-standard","has-post-thumbnail","hentry","category-evidenza-top","category-news-18","category-51","category-49","description-off"],"img_url":"https:\/\/www.radiopiu.net\/wordpress\/wp-content\/uploads\/2018\/08\/soccorsoalpino.jpg","_links":{"self":[{"href":"https:\/\/www.radiopiu.net\/wordpress\/wp-json\/wp\/v2\/posts\/227306","targetHints":{"allow":["GET"]}}],"collection":[{"href":"https:\/\/www.radiopiu.net\/wordpress\/wp-json\/wp\/v2\/posts"}],"about":[{"href":"https:\/\/www.radiopiu.net\/wordpress\/wp-json\/wp\/v2\/types\/post"}],"author":[{"embeddable":true,"href":"https:\/\/www.radiopiu.net\/wordpress\/wp-json\/wp\/v2\/users\/4"}],"replies":[{"embeddable":true,"href":"https:\/\/www.radiopiu.net\/wordpress\/wp-json\/wp\/v2\/comments?post=227306"}],"version-history":[{"count":0,"href":"https:\/\/www.radiopiu.net\/wordpress\/wp-json\/wp\/v2\/posts\/227306\/revisions"}],"wp:featuredmedia":[{"embeddable":true,"href":"https:\/\/www.radiopiu.net\/wordpress\/wp-json\/wp\/v2\/media\/59164"}],"wp:attachment":[{"href":"https:\/\/www.radiopiu.net\/wordpress\/wp-json\/wp\/v2\/media?parent=227306"}],"wp:term":[{"taxonomy":"category","embeddable":true,"href":"https:\/\/www.radiopiu.net\/wordpress\/wp-json\/wp\/v2\/categories?post=227306"},{"taxonomy":"post_tag","embeddable":true,"href":"https:\/\/www.radiopiu.net\/wordpress\/wp-json\/wp\/v2\/tags?post=227306"}],"curies":[{"name":"wp","href":"https:\/\/api.w.org\/{rel}","templated":true}]}}