{"id":227358,"date":"2021-08-13T05:43:58","date_gmt":"2021-08-13T03:43:58","guid":{"rendered":"https:\/\/www.radiopiu.net\/wordpress\/?p=227358"},"modified":"2021-08-13T17:31:16","modified_gmt":"2021-08-13T15:31:16","slug":"giornale-radiopiu-13-agosto-2021-direttore-mirko-mezzacasa","status":"publish","type":"post","link":"https:\/\/www.radiopiu.net\/wordpress\/giornale-radiopiu-13-agosto-2021-direttore-mirko-mezzacasa\/","title":{"rendered":"GIORNALE RADIOPIU 13 AGOSTO 2021 DIRETTORE MIRKO MEZZACASA"},"content":{"rendered":"<div class=\"wpb-content-wrapper\"><blockquote>\n<h3>COMPRIAMO UNA MACCHINA ATTREZZATA PER RICCARDO<\/h3>\n<\/blockquote>\n<p><strong><a href=\"https:\/\/www.radiopiu.net\/wordpress\/compriamo-una-macchina-attrezzata-per-riccardo\/1626340291137881-img-20210714-wa0025\/\" rel=\"attachment wp-att-224370\"><img loading=\"lazy\" decoding=\"async\" class=\"size-medium wp-image-224370 alignleft\" src=\"https:\/\/www.radiopiu.net\/wordpress\/wp-content\/uploads\/2021\/07\/1626340291137881-IMG-20210714-WA0025-169x300.jpg\" sizes=\"auto, (max-width: 169px) 100vw, 169px\" srcset=\"https:\/\/www.radiopiu.net\/wordpress\/wp-content\/uploads\/2021\/07\/1626340291137881-IMG-20210714-WA0025-169x300.jpg 169w, https:\/\/www.radiopiu.net\/wordpress\/wp-content\/uploads\/2021\/07\/1626340291137881-IMG-20210714-WA0025-576x1024.jpg 576w, https:\/\/www.radiopiu.net\/wordpress\/wp-content\/uploads\/2021\/07\/1626340291137881-IMG-20210714-WA0025-768x1365.jpg 768w, https:\/\/www.radiopiu.net\/wordpress\/wp-content\/uploads\/2021\/07\/1626340291137881-IMG-20210714-WA0025.jpg 800w\" alt=\"\" width=\"169\" height=\"300\" \/><\/a>SOSPIROLO<\/strong>\u00a0Radio Pi\u00f9 appoggia l\u2019iniziativa di\u00a0 Agostino Tegner il pap\u00e0 di Riccardo, poche parole le sue ma piene di significato<em>\u00a0\u201cIo e mia moglie stiamo invecchiando e non riusciamo pi\u00f9\u00a0<img loading=\"lazy\" decoding=\"async\" class=\"alignright\" src=\"https:\/\/www.radiopiu.net\/wordpress\/wp-content\/uploads\/2021\/07\/1626451699105964-locandina-riccardo.jpg\" width=\"297\" height=\"167\" \/>a trasportare come si deve il nostro ragazzo, che necessita di una macchina attrezzata con un piano ribassato con pedana\u201d.<\/em><\/p>\n<p>Per questo ha avuto inizio la raccolta fondi che si prefigge lo scopo di raccogliere 35.000 euro entro fine agosto. Ad oggi sono stati versati i primi\u00a0<span style=\"color: #ff0000;\"><strong>8835<\/strong><\/span>\u00a0euro, per farlo \u00e8 semplice\u00a0<strong><a href=\"https:\/\/www.eppela.com\/it\/projects\/31001-compriamo-una-macchina-attrezzata-per-riccardo\">clicca qui\u00a0<\/a><\/strong><\/p>\n<blockquote><p><em>Riccardo \u00e8 un simpatico ragazzino di 15 anni che vive sulle montagne di Sospirolo. Sempre sorridente e circondato dall\u2019affetto dei suoi cari, Riccardo \u00e8 per\u00f2 costretto a stare sulla sedia a rotelle a causa della distrofia muscolare di Duchenne, di cui \u00e8 affetto dalla nascita.\u00a0 I genitori, dopo anni di sacrifici, hanno deciso di acquistare un\u2019auto munita di pedana per poter trasportare il figlio in modo pi\u00f9 comodo, pratico e sicuro, soprattutto adesso che sta crescendo e il peso \u2013 per i due genitori che stanno diventando anziani \u2013 si fa sempre pi\u00f9 sentire.\u00a0<\/em><\/p><\/blockquote>\n<p>&nbsp;<\/p>\n<hr \/>\n<p>&nbsp;<\/p>\n<h3 style=\"text-align: left;\">Domani non sar\u00e0 attivo il drive in\u00a0 tamponi di TAI di CADORE per la presenza, nel piazzale Dolomiti, di una manifestazione.\u00a0\u00a0<span style=\"color: #222222;\"><span style=\"font-family: Arial, sans-serif;\">Gli altri punti tamponi aziendali aperti il sabato saranno regolarmente operativi: <\/span><\/span><span style=\"color: #222222;\"><span style=\"font-family: Arial, sans-serif;\">Belluno Ospedale &#8211; area San Gervasio &#8211;\u00a0 dalle 8.30 alle 12.30 (aperto anche la domenica), <\/span><\/span><span style=\"color: #222222;\"><span style=\"font-family: Arial, sans-serif;\">Feltre &#8211; Anz\u00f9-\u00a0 dalle 8.30 alle 12.30, <\/span><\/span><span style=\"color: #222222;\"><span style=\"font-family: Arial, sans-serif;\">Agordo &#8211; p.le Tamonich &#8211; dalle 9 alle 10<\/span><\/span><\/h3>\n<p>&nbsp;<\/p>\n<p>&nbsp;<\/p>\n<hr \/>\n<p>&nbsp;<\/p>\n<blockquote>\n<h3>LA GALLERIA COMELICO RIAPRE IN ORARIO NOTTURNO<\/h3>\n<\/blockquote>\n<p><strong>VENEZIA\u00a0<\/strong>Per limitare i disagi durante le settimane di maggior esodo, Anas ha programmato la sospensione temporanea dei lavori di manutenzione della galleria \u201cComelico\u201d, posta tra il km 81 e il km 85 della strada statale 52 \u201cCarnica\u201d. Da oggi, la galleria sar\u00e0 pertanto transitabile anche in orario notturno. Dalle ore 21 di luned\u00ec 23 agosto sar\u00e0 nuovamente istituito il divieto di transito in orario notturno, con deviazione su viabilit\u00e0 secondaria, fino alle 6 di mattina del giorno successivo. Fino alla fine del mese di agosto la chiusura, il sabato e la domenica, sar\u00e0 attiva dalle ore 22:30 anzich\u00e9 dalle ore 21:00 per creare minor impatto alla circolazione stradale.<\/p>\n<p>&nbsp;<\/p>\n<p>&nbsp;<\/p>\n<hr \/>\n<p>&nbsp;<\/p>\n<blockquote>\n<h3>DRAMMA NELLA NOTTE SUL SENTIERO CHE PORTA AL RIFUGIO SETTIMO ALPINI<\/h3>\n<\/blockquote>\n<p><strong>BELLUNO<\/strong> Ieri sera passate le 20 il Soccorso alpino di Belluno \u00e8 stato allertato per una persona caduta lungo il sentiero tra Ponte Mariano e Case Bortot. Una prima squadra si \u00e8 portata velocemente sul luogo indicato e ha trovato la moglie dell&#8217;uomo precipitato: al rientro da una passeggiata con il loro cane a Ponte Mariano, ormai verso le Case Bortot, la donna aveva visto cadere il marito, T.Z., 65 anni, di Belluno, forse inciampato o a causa di un malore, dal bordo del sentiero in uno dei tratti esposti, senza che l&#8217;uomo riuscisse ad arrestarsi. Due soccorritori hanno iniziato ad attrezzare la sosta e a calarsi, mentre sopraggiungeva il Pelikan di Bolzano che con il faro ha illuminato la loro discesa e lo ha puntato inutilmente nel canalone per individuare l&#8217;escursionista, per poi rientrare. Scesi con le corde per 70 metri i soccorritori hanno poi proseguito ancora nel bosco ripido su terreno terroso, finch\u00e9 non hanno rinvenuto il corpo senza vita, 200 metri sotto il sentiero e 150 metri sopra il torrente Ardo. Una seconda squadra si \u00e8 quindi calata in supporto attrezzando tutta la discesa. Poich\u00e9 \u00e8 stato valutato pericoloso il recupero in salita, dato che dall&#8217;alto continuavano a cadere sassi convogliati nell&#8217;imbuto del canale, la salma \u00e8 stata imbarellata e spostata a lato in un piccolo pianoro, dove \u00e8 stata assicurata a un albero. Due soccorritori sono rimasti a vegliare il corpo tutta la notte, due sono risaliti. Sul sentiero si sono inoltre fermati per la notte anche due Vigili del fuoco, che hanno dato un grande supporto tecnico e di materiale facendo risalire la squadra con argano e corda, e un terzo soccorritore. Alle prime luci un terzo tecnico e sceso in supporto alla squadra per gestire le manovre del recupero, avvenuto tra la vegetazione con un gancio baricentrico di 30 metri agganciato all&#8217;elicottero dell&#8217;Air service center, convenzionato con il Soccorso alpino Dolomiti Bellunesi. La salma \u00e8 stata trasportata al cimitero di Bolzano Bellunese e di seguito alla Camera mortuaria. I soccorritori sono risaliti con l&#8217;aiuto dell&#8217;argano.<\/p>\n\n\t\t\t<style type='text\/css'>\n\t\t\t\t#gallery-1 {\n\t\t\t\t\tmargin: auto;\n\t\t\t\t}\n\t\t\t\t#gallery-1 .gallery-item {\n\t\t\t\t\tfloat: left;\n\t\t\t\t\tmargin-top: 10px;\n\t\t\t\t\ttext-align: center;\n\t\t\t\t\twidth: 33%;\n\t\t\t\t}\n\t\t\t\t#gallery-1 img {\n\t\t\t\t\tborder: 2px solid #cfcfcf;\n\t\t\t\t}\n\t\t\t\t#gallery-1 .gallery-caption {\n\t\t\t\t\tmargin-left: 0;\n\t\t\t\t}\n\t\t\t\t\/* see gallery_shortcode() in wp-includes\/media.php *\/\n\t\t\t<\/style>\n\t\t<div id='gallery-1' class='dt-gallery-container gallery galleryid-227358 gallery-columns-3 gallery-size-thumbnail'><dl class='gallery-item'>\n\t\t\t\t<dt class='gallery-icon portrait'>\n\t\t\t\t\t<a class=\"rollover rollover-zoom dt-pswp-item\" title=\"salt_20210813_083744_864\" data-dt-img-description=\"\" data-large_image_width=\"1773\" data-large_image_height=\"2364\"href='https:\/\/www.radiopiu.net\/wordpress\/wp-content\/uploads\/2021\/08\/salt_20210813_083744_864.jpg'><img loading=\"lazy\" decoding=\"async\" width=\"150\" height=\"150\" src=\"https:\/\/www.radiopiu.net\/wordpress\/wp-content\/uploads\/2021\/08\/salt_20210813_083744_864-150x150.jpg\" class=\"attachment-thumbnail size-thumbnail\" alt=\"\" \/><\/a>\n\t\t\t\t<\/dt><\/dl><dl class='gallery-item'>\n\t\t\t\t<dt class='gallery-icon portrait'>\n\t\t\t\t\t<a class=\"rollover rollover-zoom dt-pswp-item\" title=\"salt_20210813_083714_952\" data-dt-img-description=\"\" data-large_image_width=\"1773\" data-large_image_height=\"2364\"href='https:\/\/www.radiopiu.net\/wordpress\/wp-content\/uploads\/2021\/08\/salt_20210813_083714_952.jpg'><img loading=\"lazy\" decoding=\"async\" width=\"150\" height=\"150\" src=\"https:\/\/www.radiopiu.net\/wordpress\/wp-content\/uploads\/2021\/08\/salt_20210813_083714_952-150x150.jpg\" class=\"attachment-thumbnail size-thumbnail\" alt=\"\" \/><\/a>\n\t\t\t\t<\/dt><\/dl><dl class='gallery-item'>\n\t\t\t\t<dt class='gallery-icon portrait'>\n\t\t\t\t\t<a class=\"rollover rollover-zoom dt-pswp-item\" title=\"salt_20210813_083813_275\" data-dt-img-description=\"\" data-large_image_width=\"1773\" data-large_image_height=\"2364\"href='https:\/\/www.radiopiu.net\/wordpress\/wp-content\/uploads\/2021\/08\/salt_20210813_083813_275.jpg'><img loading=\"lazy\" decoding=\"async\" width=\"150\" height=\"150\" src=\"https:\/\/www.radiopiu.net\/wordpress\/wp-content\/uploads\/2021\/08\/salt_20210813_083813_275-150x150.jpg\" class=\"attachment-thumbnail size-thumbnail\" alt=\"\" \/><\/a>\n\t\t\t\t<\/dt><\/dl><br style=\"clear: both\" \/>\n\t\t\t<\/div>\n\n<p>&nbsp;<\/p>\n<p>&nbsp;<\/p>\n<hr \/>\n<blockquote>\n<h3><\/h3>\n<h3>L&#8217;ULTIMA EMOZIONE PRIMA DELLO SCHIANTO, MUORE NELLA TUTA ALARE<\/h3>\n<\/blockquote>\n<p style=\"text-align: left;\"><strong>TAIBON<\/strong> Un uomo di 46 anni, Alessandro Dalla Pozza vicentino di Schio,\u00a0si \u00e8 schiantato mentre scendeva con la tuta alare dal Mont alt (croce)\u00a0 del Framont. Un volo memorabile se riesce, un panorama unico sull&#8217;arco dolomitico, un luogo importante per gli amanti della disciplina che in queste settimane si stanno lanciando dalle cime dell&#8217;Agner, Pale di San Lucano o come in questa drammatica fatalit\u00e0 dal Framont, m\u00e9ta le campagne di Listolade. Ma qualche cosa non ha funzionato, solo l&#8217;uomo sa cosa \u00e8 successo prima dello schianto che si \u00e8 rivelato fatale. Agli uomini del Soccorso Alpino elitrasportati fino sul luogo dell&#8217;incidente non \u00e8 rimasto che constatarne il decesso. I Carabinieri di Cencenighe stanno invece ricostruendo l&#8217;incidente anche con l&#8217;aiuto di alcune testimonianze di chi era presente, di un amico in particolare della Valsugana che dalla cima del Framont si era lanciato poco prima e dopo essere atterrato a Listolade ha atteso invano per mezz&#8217;ora il quarantaseienne che purtroppo non \u00e8 mai arrivato.<\/p>\n<p><a href=\"https:\/\/www.radiopiu.net\/wordpress\/giornale-radiopiu-13-agosto-2021-direttore-mirko-mezzacasa\/226193_2024602216104_1858956_n\/\" rel=\"attachment wp-att-227573\"><img loading=\"lazy\" decoding=\"async\" class=\"wp-image-227573 alignleft\" src=\"https:\/\/www.radiopiu.net\/wordpress\/wp-content\/uploads\/2021\/08\/226193_2024602216104_1858956_n-225x300.jpg\" alt=\"\" width=\"158\" height=\"211\" srcset=\"https:\/\/www.radiopiu.net\/wordpress\/wp-content\/uploads\/2021\/08\/226193_2024602216104_1858956_n-225x300.jpg 225w, https:\/\/www.radiopiu.net\/wordpress\/wp-content\/uploads\/2021\/08\/226193_2024602216104_1858956_n.jpg 540w\" sizes=\"auto, (max-width: 158px) 100vw, 158px\" \/><\/a>Diego Favero, responsabile stazione Soccorso Alpino di Agordo<em> &#8220;E&#8217; stato individuato con la prima ricognizione dell&#8217;elicottero, in una zona anche abbastanza visibile: la parete sopra Agordo \u00e8 praticamente verticale: 400-500 metri di dislivello, dipende dal punto dove si salta. Entrambi i base jumper dovevano arrivare a Listolade, vicino all&#8217;albergo Monte Civetta. I due sono saliti a piedi alla croce del Framont: \u00e8 saltato il primo e tutto \u00e8 andato bene. Una volta in basso, il trentino, per\u00f2, non riusciva a vedere il volo del compagno. Ha provato a chiamarlo sul cellulare ma era spento. Cos\u00ec abbiamo fatto arrivare l&#8217;elicottero con uno dei volontari della stazione e ancora nella prima ricognizione lo hanno avvistato. Pare che abbia provato ad aprire la vela di sicurezza, ma forse era troppo tardi perch\u00e8 questa svolgesse il suo compito: i soccorritori l&#8217;avrebbero trovata mezza aperta. Il corpo non era molto distante dalla parete, neanche tanto. Non si capisce se ci sia stato un malore, o se un malaugurato inciampo abbia modificato il lancio in modo tragico. Dalla Pozza \u00e8 precipitato lungo la parete \u00abed \u00e8 arrivato gi\u00f9 su quella specie di ghiaione e rocce mista a vegetazione da quota, tra Mont Alt di Framont e Lastia di Framont&#8221;. <\/em><\/p>\n<hr \/>\n<p>&nbsp;<\/p>\n<blockquote>\n<h3>DUE ALPINISTI FRANCESI BLOCCATI SULLA GRANDE DELLE CINQUE TORRI<\/h3>\n<\/blockquote>\n<p><strong><a href=\"https:\/\/www.radiopiu.net\/wordpress\/mattinata-impegnativa-per-il-soccorso-alpino-4-interventi-tra-longarone-livinallongo-e-cortina\/fb9dd0e0-d5e5-489c-a831-6502938db7ce\/\" rel=\"attachment wp-att-222520\"><img loading=\"lazy\" decoding=\"async\" class=\" wp-image-222520 alignleft\" src=\"https:\/\/www.radiopiu.net\/wordpress\/wp-content\/uploads\/2021\/07\/fb9dd0e0-d5e5-489c-a831-6502938db7ce-300x225.jpg\" alt=\"\" width=\"151\" height=\"113\" srcset=\"https:\/\/www.radiopiu.net\/wordpress\/wp-content\/uploads\/2021\/07\/fb9dd0e0-d5e5-489c-a831-6502938db7ce-300x225.jpg 300w, https:\/\/www.radiopiu.net\/wordpress\/wp-content\/uploads\/2021\/07\/fb9dd0e0-d5e5-489c-a831-6502938db7ce-1024x768.jpg 1024w, https:\/\/www.radiopiu.net\/wordpress\/wp-content\/uploads\/2021\/07\/fb9dd0e0-d5e5-489c-a831-6502938db7ce-768x576.jpg 768w, https:\/\/www.radiopiu.net\/wordpress\/wp-content\/uploads\/2021\/07\/fb9dd0e0-d5e5-489c-a831-6502938db7ce.jpg 1080w\" sizes=\"auto, (max-width: 151px) 100vw, 151px\" \/><\/a>CORTINA<\/strong> Mercoled\u00ec sera attorno alle 21.20 \u00e8 scattato l&#8217;allarme per una coppia di alpinisti francesi, lei 30 lui 27 anni, in difficolt\u00e0 al rientro dalla Grande delle Cinque Torri. I due, dopo aver salito la Via Miriam, stavano scendendo in doppia, quando, a circa 60 metri dal suolo, le corde erano rimaste incastrate e loro bloccati in parete. Una squadra del Soccorso alpino di Cortina e dei Carabinieri si \u00e8 calata dall&#8217;alto, ha raggiunto il nodo e ha liberato le corde. I rocciatori hanno quindi potuto ultimare la discesa.<\/p>\n<p>&nbsp;<\/p>\n<p>&nbsp;<\/p>\n<hr \/>\n<p>&nbsp;<\/p>\n<blockquote>\n<h3>VOLA IN PARETE, RECUPERATO ALPINISTA SUL CIVETTA<\/h3>\n<\/blockquote>\n<p><strong><a href=\"https:\/\/www.radiopiu.net\/wordpress\/precipita-dalla-ferrata-e-muore\/soccorso-alpino-2019\/\" rel=\"attachment wp-att-96479\"><img loading=\"lazy\" decoding=\"async\" class=\" wp-image-96479 alignleft\" src=\"https:\/\/www.radiopiu.net\/wordpress\/wp-content\/uploads\/2019\/08\/SOCCORSO-ALPINO-2019-300x225.jpg\" alt=\"\" width=\"159\" height=\"119\" srcset=\"https:\/\/www.radiopiu.net\/wordpress\/wp-content\/uploads\/2019\/08\/SOCCORSO-ALPINO-2019-300x225.jpg 300w, https:\/\/www.radiopiu.net\/wordpress\/wp-content\/uploads\/2019\/08\/SOCCORSO-ALPINO-2019-768x576.jpg 768w, https:\/\/www.radiopiu.net\/wordpress\/wp-content\/uploads\/2019\/08\/SOCCORSO-ALPINO-2019-1024x768.jpg 1024w, https:\/\/www.radiopiu.net\/wordpress\/wp-content\/uploads\/2019\/08\/SOCCORSO-ALPINO-2019.jpg 1600w\" sizes=\"auto, (max-width: 159px) 100vw, 159px\" \/><\/a>ALLEGHE<\/strong> Alle 10 la Centrale del Suem \u00e8 stata allertata dal gestore del Rifugio Tissi, contattato da due alpinisti, dei quali uno si era fatto male dopo un volo in parete e non erano pi\u00f9 in grado di proseguire. I due si trovavano sul Civetta, in corrispondenza della Cengia del Miracolo sotto Punta Tissi, a 2.900 metri di quota e lo scalatore di 31 anni aveva riportato un probabile trauma alla caviglia. L&#8217;infortunato e il compagno sono stati recuperati in due rotazioni con il verricello dal tecnico di elisoccorso. L&#8217;elicottero \u00e8 poi volato all&#8217;ospedale di Agordo.<\/p>\n<p>&nbsp;<\/p>\n<p>&nbsp;<\/p>\n<hr \/>\n<p>&nbsp;<\/p>\n<blockquote>\n<h3>A SAN VITO E\u00a0 CORTINA<\/h3>\n<\/blockquote>\n<p><strong><a href=\"https:\/\/www.radiopiu.net\/wordpress\/trauma-alla-caviglia-sopra-cesiomaggiore-escursionista-elitrasportata-a-feltre\/salt_20201122_162053_753\/\" rel=\"attachment wp-att-174376\"><img loading=\"lazy\" decoding=\"async\" class=\" wp-image-174376 alignleft\" src=\"https:\/\/www.radiopiu.net\/wordpress\/wp-content\/uploads\/2020\/11\/salt_20201122_162053_753-225x300.jpg\" alt=\"\" width=\"127\" height=\"169\" srcset=\"https:\/\/www.radiopiu.net\/wordpress\/wp-content\/uploads\/2020\/11\/salt_20201122_162053_753-225x300.jpg 225w, https:\/\/www.radiopiu.net\/wordpress\/wp-content\/uploads\/2020\/11\/salt_20201122_162053_753-768x1024.jpg 768w, https:\/\/www.radiopiu.net\/wordpress\/wp-content\/uploads\/2020\/11\/salt_20201122_162053_753-1152x1536.jpg 1152w, https:\/\/www.radiopiu.net\/wordpress\/wp-content\/uploads\/2020\/11\/salt_20201122_162053_753-1536x2048.jpg 1536w, https:\/\/www.radiopiu.net\/wordpress\/wp-content\/uploads\/2020\/11\/salt_20201122_162053_753.jpg 1773w\" sizes=\"auto, (max-width: 127px) 100vw, 127px\" \/><\/a>SAN VITO DI CADORE <\/strong>Verso le 11.20 l&#8217;elicottero dell&#8217;Aiut Alpin Dolomites di Bolzano \u00e8 volato a Casera Mondeval di Sopra, San Vito di Cadore (BL), dove facendo legna un trentenne di Udine si era procurato un taglio a una mano. Atterrati nelle vicinanze, a 2.160 metri di quota, equipe medica e tecnico di elisoccorso hanno assistito L&#8217;infortunato per poi imbarcarlo e trasportarlo all&#8217;ospedale di Cortina.<\/p>\n<p><strong>CORTINA <\/strong>L&#8217;eliambulanza \u00e8 stata inviata a Cortina d&#8217;Ampezzo, lungo la Ferrata Dibona al Cristallo, per una coppia di escursionisti che, perso l&#8217;orientamento, erano usciti dalla traccia finendo su un terreno insidioso, a\u00a0 2.600 metri di altitudine, incapaci di muoversi. Individuati dall&#8217;elicottero i due, 30 anni spagnolo lui e 31 anni rumena lei, sono stati recuperati con il verricello e trasportati a valle.<\/p>\n<p>&nbsp;<\/p>\n<p>&nbsp;<\/p>\n<hr \/>\n<p>&nbsp;<\/p>\n<blockquote>\n<h3>DOPPIO INTERVENTO DEL SOCCORSO ALPINO DI ALLEGHE IN POCHI MINUTI PER DUE CICLISTI FINITI A TERRA<\/h3>\n<\/blockquote>\n<p><strong><a href=\"https:\/\/www.radiopiu.net\/wordpress\/torna-la-festa-del-volontariato-cadorino-sabato-1-settembre\/soccorsoalpino\/\" rel=\"attachment wp-att-59164\"><img loading=\"lazy\" decoding=\"async\" class=\" wp-image-59164 alignleft\" src=\"https:\/\/www.radiopiu.net\/wordpress\/wp-content\/uploads\/2018\/08\/soccorsoalpino-300x300.jpg\" alt=\"\" width=\"165\" height=\"165\" srcset=\"https:\/\/www.radiopiu.net\/wordpress\/wp-content\/uploads\/2018\/08\/soccorsoalpino-300x300.jpg 300w, https:\/\/www.radiopiu.net\/wordpress\/wp-content\/uploads\/2018\/08\/soccorsoalpino-150x150.jpg 150w, https:\/\/www.radiopiu.net\/wordpress\/wp-content\/uploads\/2018\/08\/soccorsoalpino-768x768.jpg 768w, https:\/\/www.radiopiu.net\/wordpress\/wp-content\/uploads\/2018\/08\/soccorsoalpino-1024x1024.jpg 1024w, https:\/\/www.radiopiu.net\/wordpress\/wp-content\/uploads\/2018\/08\/soccorsoalpino.jpg 1200w\" sizes=\"auto, (max-width: 165px) 100vw, 165px\" \/><\/a>ALLEGHE<\/strong> Due interventi per il Soccorso alpino di Alleghe a seguito di cadute da bici a pedalata assistita. Alle 14.30 circa una squadra \u00e8 intervenuta sulla Pista Pian dei Sec che dal Col dei Baldi scende ai Piani di Pezz\u00e8, per una ciclista che perso il controllo della propria mountain bike era finita a terra, riportando un probabile trauma al polso. Recuperata in jeep, la donna 62 anni, di Roma, che si trovava con il marito, \u00e8 stata trasportata all&#8217;ambulanza, che si \u00e8 per\u00f2 fermata per un altro allarme scattato in zona. Un secondo ciclista era infatti caduto, procurandosi un sospetto trauma alla spalla, sulla silvopastorale che da localit\u00e0 Piezza scende ai Piani di Pezz\u00e8. Mentre i soccorritori stavano salendo hanno incrociato il mezzo di uno degli operai degli impianti con a bordo l&#8217;uomo, che \u00e8 stato portato all&#8217;ambulanza in attesa di partire per l&#8217;ospedale di Agordo.<\/p>\n<p>&nbsp;<\/p>\n<p>&nbsp;<\/p>\n<hr \/>\n<p>&nbsp;<\/p>\n<blockquote>\n<h3>UNA GIORNATA INTERMINABILE PER IL SOCCORSO ALPINO. ALTRI INTERVENTI TRA CORTINA E FALZAREGO<\/h3>\n<\/blockquote>\n<p><strong><a href=\"https:\/\/www.radiopiu.net\/wordpress\/malore-per-il-gestore-del-bivacco-casera-cimonega\/salt_20210724_162331_639\/\" rel=\"attachment wp-att-223838\"><img loading=\"lazy\" decoding=\"async\" class=\"size-medium wp-image-223838 alignleft\" src=\"https:\/\/www.radiopiu.net\/wordpress\/wp-content\/uploads\/2021\/07\/salt_20210724_162331_639-300x225.jpg\" alt=\"\" width=\"300\" height=\"225\" srcset=\"https:\/\/www.radiopiu.net\/wordpress\/wp-content\/uploads\/2021\/07\/salt_20210724_162331_639-300x225.jpg 300w, https:\/\/www.radiopiu.net\/wordpress\/wp-content\/uploads\/2021\/07\/salt_20210724_162331_639-1024x768.jpg 1024w, https:\/\/www.radiopiu.net\/wordpress\/wp-content\/uploads\/2021\/07\/salt_20210724_162331_639-768x576.jpg 768w, https:\/\/www.radiopiu.net\/wordpress\/wp-content\/uploads\/2021\/07\/salt_20210724_162331_639.jpg 1280w\" sizes=\"auto, (max-width: 300px) 100vw, 300px\" \/><\/a>CORTINA <\/strong>Alle 13.30 circa l&#8217;elicottero di Treviso emergenza \u00e8 stato inviato lungo il sentiero numero 215 del Sorapis, poich\u00e9 un&#8217;escursionista di Arcade (TV), E.M., 35 anni, era caduta e si era fatta male a un ginocchio. La donna \u00e8 stata recuperata con un verricello di 15 metri e trasportata all&#8217;ospedale di Cortina.<\/p>\n<p><strong>PASSO FALZAREGO<\/strong> L&#8217;eliambulanza del Suem di Pieve di Cadore \u00e8 intervenuta sulla Ferrata della Cengia Veronesi, sulle Cime di Fanis, per una coppia di turisti milanesi di 34 anni che, da poco intrapreso il sentiero attrezzato a quota 2.850, non era pi\u00f9 in grado di progredire o tornare indietro. Imbarcati con un verricello, la donna e l&#8217;uomo sono stati accompagnati a valle.<\/p>\n<p><strong>CORTINA <\/strong>L&#8217;elicottero \u00e8 poi intervenuto sulla Cima Grande di Lavaredo dove un&#8217;alpinista, T.T., 23 anni, di Bolzano era caduta riportando un sospetto trauma alla spalla. La ragazza aveva cercato di rientrare con il compagno dalla cengia circolare, ma non era stata in grado per il dolore. Caricata a bordo dal tecnico di elisoccorso con il verricello, \u00e8 stata portata all&#8217;ospedale di Cortina.<\/p>\n<p><strong>CORTINA<\/strong>Una squadra del Soccorso alpino della Guardia di finanza\u00a0 \u00e8 salita al Rifugio Cinque Torri per una trentenne di Pederobba (TV), colta da malessere, e poi affidata all&#8217;ambulanza. Il Sagf ha poi raggiunto a piedi due turisti di Firenze, un uomo e una donna di 53 anni, incrodati sul sentiero numero 214 del Faloria e li ha aiutati a tornare in un tratto del percorso per loro pi\u00f9 agevole.<\/p>\n<p><strong>CORTINA <\/strong>\u00c8 rientrato per fortuna un allarme sotto le Tre Cime di Lavaredo. I genitori avevano infatti perso di vista la figlia diciannovenne all&#8217;altezza della Forcella Lavaredo. La ragazza \u00e8 stata poi ritrovata alla fermata della corriera.<\/p>\n<p><strong>CORTINA <\/strong>Alle 13.15 circa l&#8217;elicottero del Suem di Pieve di Cadore \u00e8 volato alla base della parete della Croda da Lago, dove un alpinista bellunese di 40 anni, che aveva riportato un probabile trauma alla caviglia mentre scalava, dopo essersi calato in doppia con il compagno e aver tentato di rientrare autonomamamente camminando per circa 200 metri, non era riuscito pi\u00f9 a muoversi per il male. L&#8217;infortunato \u00e8 stato trasportato all&#8217;ospedale di Cortina.<\/p>\n<p><strong>BELLUNO <\/strong>L&#8217;eliambulanza \u00e8 poi intervenuta al Rifugio Settimo alpini, per un escursionista, C.F., 67 anni, di Venezia, colto da malore e accompagnato per accertamenti all&#8217;ospedale di Belluno.<\/p>\n<p><strong>COMELICO SUPERIORE <\/strong>Recuperato anche un altro turista veneziano, caduto lungo il sentiero numero 125 dell&#8217;Aiarnola. L&#8217;uomo, 65 anni, veneziano, \u00e8 stato portato all&#8217;ospedale di Belluno a seguito dei sospetti traumi cranico e al ginocchio riportati nell&#8217;atto a terra.<\/p>\n<p>&nbsp;<\/p>\n<hr \/>\n<p>&nbsp;<\/p>\n<blockquote>\n<h3><a href=\"https:\/\/www.radiopiu.net\/wordpress\/giornale-radiopiu-13-agosto-2021-direttore-mirko-mezzacasa\/a59b5cd2-f61b-a8cf-d4be-e66b41595544\/\" rel=\"attachment wp-att-227538\"><img loading=\"lazy\" decoding=\"async\" class=\" wp-image-227538 alignleft\" src=\"https:\/\/www.radiopiu.net\/wordpress\/wp-content\/uploads\/2021\/08\/a59b5cd2-f61b-a8cf-d4be-e66b41595544-233x300.jpg\" alt=\"\" width=\"146\" height=\"189\" srcset=\"https:\/\/www.radiopiu.net\/wordpress\/wp-content\/uploads\/2021\/08\/a59b5cd2-f61b-a8cf-d4be-e66b41595544-233x300.jpg 233w, https:\/\/www.radiopiu.net\/wordpress\/wp-content\/uploads\/2021\/08\/a59b5cd2-f61b-a8cf-d4be-e66b41595544-794x1024.jpg 794w, https:\/\/www.radiopiu.net\/wordpress\/wp-content\/uploads\/2021\/08\/a59b5cd2-f61b-a8cf-d4be-e66b41595544-768x991.jpg 768w, https:\/\/www.radiopiu.net\/wordpress\/wp-content\/uploads\/2021\/08\/a59b5cd2-f61b-a8cf-d4be-e66b41595544.jpg 828w\" sizes=\"auto, (max-width: 146px) 100vw, 146px\" \/><\/a>SEZIONE AGORDINA DEL CAI IN LUTTO PER LA MORTE DI UMBERTO<\/h3>\n<p><strong>AGORDO<\/strong> Dalla sezione agordina del Cai &#8220;<em>Una triste notizia ha colpito il Club Alpino Italiano, ci ha lasciato<strong> Umberto Andretta<\/strong>. Componente del Consiglio Direttivo Centrale,\u00a0 gi\u00e0 Presidente del Collegio nazionale dei Revisori dei conti, socio del Cai di Cittadella, ma vicino a tutte le sezioni,\u00a0 in particolare quelle Venete. Persona sempre disponibile, corretta, schietta, allegra e umana. Anche la sezione di Agordo si stringe intorno alla sua famiglia, agli amici e a quanti hanno avuto la gioia di conoscerlo. Ciao Umberto. Buon viaggio&#8221;.\u00a0<\/em><\/p><\/blockquote>\n<p>&nbsp;<\/p>\n<hr \/>\n<p>&nbsp;<\/p>\n<blockquote>\n<h3>ALESSIO UN ANNO DOPO IL RICORDO<\/h3>\n<p><a href=\"https:\/\/www.radiopiu.net\/wordpress\/giornale-radiopiu-14-ottobre-2020-direttore-mirko-mezzacasa\/alessio-bortoluzzi\/\" rel=\"attachment wp-att-166167\"><img loading=\"lazy\" decoding=\"async\" class=\"size-medium wp-image-166167 alignleft\" src=\"https:\/\/www.radiopiu.net\/wordpress\/wp-content\/uploads\/2020\/10\/alessio-bortoluzzi-164x300.jpg\" alt=\"\" width=\"164\" height=\"300\" srcset=\"https:\/\/www.radiopiu.net\/wordpress\/wp-content\/uploads\/2020\/10\/alessio-bortoluzzi-164x300.jpg 164w, https:\/\/www.radiopiu.net\/wordpress\/wp-content\/uploads\/2020\/10\/alessio-bortoluzzi.jpg 521w\" sizes=\"auto, (max-width: 164px) 100vw, 164px\" \/><\/a><strong>SANTA GIUSTINA<\/strong> Mamma Michela ha voluto affidare a un post sui social network il suo grazie a chi, a un anno di distanza, ha voluto ricordare suo figlio Alessio Bortoluzzi, 16 anni, deceduto tragicamente a causa dell&#8217;incidente avvenuto sulle rive del Piave dove insieme agli amici si era recato per prendere il sole e divertirsi. Una triste ricorrenza che gli amici hanno voluto ricordare con una veglia sul Piave, proprio sui luoghi dove Alessio ha trascorso momenti spensierati con gli amici. <em>&#8220;Volevo ringraziare tutti i ragazzi amici di Alessio che ieri sera lo hanno ricordato, a un anno dalla sua scomparsa, organizzando una veglia sul Piave e a tutte le persone che hanno partecipato. Tante candele accese per lui. Tanto amore per lui che ringrazio infinitamente. Ma anche per me&#8230; mi sono sentita coccolata e mi \u00e8 stato dato tanto amore&#8230; Ringrazio non solo per ieri sera ma ringrazio quest&#8217;anno chiunque mi sia stato vicino, chi con una parola, chi con un sorriso, chi semplicemente aprendo la porta del mio negozio e dicendomi &#8220;buongiorno come va? &#8220;, chi mi ha portato inaspettatamente il caff\u00e8 anche quando non me la sentivo di andare a prenderlo, chi mi ha mandato un messaggio da distante sentendo che erano i miei giorni pi\u00f9 bui, chi mi ha portato dei fiori per tirarmi su, chi ha insistito perch\u00e9 uscissi o chi mi \u00e8 venuto direttamente a prendere per portarmi fuori, chi ha rispettato i miei silenzi, chi ha rispettato i momenti in cui volevo rimanere sola e chi, seppur distante, ogni giorno o quasi mi messaggia. Grazie infinite a tutti, vicini e lontani e grazie a questi ragazzi speciali, evoluti, pieni di amore e con un grande cuore. Capisco perch\u00e9 Alessio vi ha scelto&#8230; Si perch\u00e9 ieri sera lui era in mezzo a voi. Grazie amore mio anche da dove sei il nostro rapporto d&#8217;amore continua. Grazie ancora a tutti voi&#8221;<\/em>.<\/p><\/blockquote>\n<p>&nbsp;<\/p>\n<p>&nbsp;<\/p>\n<p>&nbsp;<\/p>\n<hr \/>\n<p>&nbsp;<\/p>\n<blockquote>\n<h3><a href=\"https:\/\/www.radiopiu.net\/wordpress\/tormen-e-fiocco-contro-regione-e-ulss1-de-bernardin-contro-la-tormen-e-il-gruppo-sanita\/andrea-fiocco\/\" rel=\"attachment wp-att-43617\"><img loading=\"lazy\" decoding=\"async\" class=\"wp-image-43617 alignleft\" src=\"https:\/\/www.radiopiu.net\/wordpress\/wp-content\/uploads\/2018\/02\/ANDREA-FIOCCO-300x300.jpg\" alt=\"\" width=\"106\" height=\"106\" srcset=\"https:\/\/www.radiopiu.net\/wordpress\/wp-content\/uploads\/2018\/02\/ANDREA-FIOCCO-300x300.jpg 300w, https:\/\/www.radiopiu.net\/wordpress\/wp-content\/uploads\/2018\/02\/ANDREA-FIOCCO-150x150.jpg 150w, https:\/\/www.radiopiu.net\/wordpress\/wp-content\/uploads\/2018\/02\/ANDREA-FIOCCO-768x768.jpg 768w, https:\/\/www.radiopiu.net\/wordpress\/wp-content\/uploads\/2018\/02\/ANDREA-FIOCCO.jpg 960w\" sizes=\"auto, (max-width: 106px) 100vw, 106px\" \/><\/a>TRATTATIVA IN ULSS, AUMENTA LO STIPENDIO, IL SINDACATO CHIEDE DI PIU&#8217; PER 500 PERSONE.<\/h3>\n<\/blockquote>\n<p><strong>LA SODDISFAZIONE DI ANDREA FIOCCO, FUNZIONE PUBBLICA CGIL<\/strong><\/p>\n<audio class=\"wp-audio-shortcode\" id=\"audio-227358-1\" preload=\"none\" style=\"width: 100%;\" controls=\"controls\"><source type=\"audio\/mpeg\" src=\"https:\/\/www.radiopiu.net\/wordpress\/wp-content\/uploads\/2021\/08\/trattativa-ulss-progressioni.mp3?_=1\" \/><a href=\"https:\/\/www.radiopiu.net\/wordpress\/wp-content\/uploads\/2021\/08\/trattativa-ulss-progressioni.mp3\">https:\/\/www.radiopiu.net\/wordpress\/wp-content\/uploads\/2021\/08\/trattativa-ulss-progressioni.mp3<\/a><\/audio>\n<p>&nbsp;<\/p>\n<p>&nbsp;<\/p>\n<hr \/>\n<blockquote>\n<h3><\/h3>\n<h3>ULSS 1 DOLOMITI: SOSPESI ALTRI 4 OPERATORI SANITARI NON VACCINATI<\/h3>\n<\/blockquote>\n<p><strong><a href=\"https:\/\/www.radiopiu.net\/wordpress\/monoclonali-pronti-per-la-somministrazione-in-ulss-1-dolomiti\/ulss-1-2\/\" rel=\"attachment wp-att-198838\"><img loading=\"lazy\" decoding=\"async\" class=\"size-medium wp-image-198838 alignleft\" src=\"https:\/\/www.radiopiu.net\/wordpress\/wp-content\/uploads\/2021\/03\/ULSS-1-300x158.jpg\" alt=\"\" width=\"300\" height=\"158\" srcset=\"https:\/\/www.radiopiu.net\/wordpress\/wp-content\/uploads\/2021\/03\/ULSS-1-300x158.jpg 300w, https:\/\/www.radiopiu.net\/wordpress\/wp-content\/uploads\/2021\/03\/ULSS-1-768x404.jpg 768w, https:\/\/www.radiopiu.net\/wordpress\/wp-content\/uploads\/2021\/03\/ULSS-1.jpg 776w\" sizes=\"auto, (max-width: 300px) 100vw, 300px\" \/><\/a>BELLUNO <\/strong>L\u2019Ulss 1 Dolomiti\u00a0 informa che oggi sono stati sospesi altri 4 operatori sanitari non vaccinati, in base agli atti pervenuti dall\u2019apposita Commissione del Dipartimento di Prevenzione, preposta alla valutazione le singole posizioni circa la norma sull\u2019obbligo vaccinale. La sospensione avr\u00e0 durata fino al 31 dicembre, salvo che gli operatori interessati non decidano di vaccinarsi, nel qual caso verranno riammessi in servizio. Questi lavoratori, nell&#8217;ambito del procedimento previsto e nonostante le innumerovli azioni di dialogo intraprese, non hanno aderito alla vaccinazione. Sono in corso altri accertamenti e nei prossimi giorni potrebbero essere intrapresi ulteriori provvedimenti. La Direzione auspica che gli operatori sanitari provvedano quanto prima agli adempimenti previsti dalla legge, nell\u2019interesse proprio, dei colleghi e della collettivit\u00e0. La vaccinazione per gli operatori sanitari \u00e8 sempre disponibile in qualsiasi punto vaccinale.<\/p>\n<p>&nbsp;<\/p>\n<p>&nbsp;<\/p>\n<hr \/>\n<p>&nbsp;<\/p>\n<blockquote>\n<h3>LA GUARDIA DI FINANZA SEQUESTRA 350 TONNELLATE DI PELLET POTENZIALMENTE PERICOLOSO<\/h3>\n<\/blockquote>\n<p><strong><a href=\"https:\/\/www.radiopiu.net\/wordpress\/9dab3da2-5b99-4e4c-9808-d95d42ff43b5\/\"><img loading=\"lazy\" decoding=\"async\" class=\" wp-image-222502 alignleft\" src=\"https:\/\/www.radiopiu.net\/wordpress\/wp-content\/uploads\/2021\/07\/9dab3da2-5b99-4e4c-9808-d95d42ff43b5-300x300.jpg\" alt=\"\" width=\"185\" height=\"185\" srcset=\"https:\/\/www.radiopiu.net\/wordpress\/wp-content\/uploads\/2021\/07\/9dab3da2-5b99-4e4c-9808-d95d42ff43b5-300x300.jpg 300w, https:\/\/www.radiopiu.net\/wordpress\/wp-content\/uploads\/2021\/07\/9dab3da2-5b99-4e4c-9808-d95d42ff43b5-1024x1024.jpg 1024w, https:\/\/www.radiopiu.net\/wordpress\/wp-content\/uploads\/2021\/07\/9dab3da2-5b99-4e4c-9808-d95d42ff43b5-150x150.jpg 150w, https:\/\/www.radiopiu.net\/wordpress\/wp-content\/uploads\/2021\/07\/9dab3da2-5b99-4e4c-9808-d95d42ff43b5-768x768.jpg 768w, https:\/\/www.radiopiu.net\/wordpress\/wp-content\/uploads\/2021\/07\/9dab3da2-5b99-4e4c-9808-d95d42ff43b5.jpg 1067w\" sizes=\"auto, (max-width: 185px) 100vw, 185px\" \/><\/a>BELLUNO<\/strong>\u00a0 Il Comando Provinciale della Guardia di Finanza di Padova,\u00a0 ha portato a termine l&#8217;operazione \u201cGuasta Provvista\u201d, finalizzata al contrasto del diffuso fenomeno illecito della commercializzazione di pellet di legno con marchio di qualit\u00e0 ENplus\u00ae contraffatto oppure falsamente dichiarato come certificato. \u00a0A\u00a0 giugno una prima perquisizione a Padova con un sequestro di 48.000 Kg. di pellet di produzione romena, recante la mendace indicazione di origine, provenienza e conformit\u00e0 alla certificazione. Successivo sequestro di oltre 350.000 Kg. di pellet non certificato. <strong>Particolarmente significative<\/strong> sono state le operazioni di perquisizione e sequestro condotte, agli inizi del mese di agosto, nei confronti di due operatori economici della provincia di Belluno, i quali, disponendo di autobotti dotate di speciali sistemi di erogazione a destino (sequestrate ndr.), erano dediti alla commercializzazione di pellet sfuso completamente sprovvisto della relativa certificazione. Infatti, le due imprese non erano annoverate tra quelle produttrici-distributrici certificate dall\u2019Associazione Italiana Energie Agroforestali, licenziataria del marchio ENplus\u00ae per l\u2019Italia. Sequestrati 250.000 Kg. di pellet non certificato, denunciati i rappresentanti legali delle due societ\u00e0 bellunesi alla competente Autorit\u00e0 Giudiziaria per il reato di frode nell\u2019esercizio del commercio.<\/p>\n<p>&nbsp;<\/p>\n<p>&nbsp;<\/p>\n<hr \/>\n<p>&nbsp;<\/p>\n<blockquote>\n<h3>PI\u00d9 VIGILANZA PER UN FERRAGOSTO ALL\u2019INSEGNA DELLA SICUREZZA<\/h3>\n<\/blockquote>\n<p><strong><a href=\"https:\/\/www.radiopiu.net\/wordpress\/premiati-i-nuovi-cavalieri-della-repubblica-elogi-al-personale-sanitario\/68d028ad-2468-42a2-a92d-95fbdaa97527\/\" rel=\"attachment wp-att-213618\"><img loading=\"lazy\" decoding=\"async\" class=\"size-medium wp-image-213618 alignleft\" src=\"https:\/\/www.radiopiu.net\/wordpress\/wp-content\/uploads\/2021\/06\/68d028ad-2468-42a2-a92d-95fbdaa97527-300x225.jpg\" alt=\"\" width=\"300\" height=\"225\" srcset=\"https:\/\/www.radiopiu.net\/wordpress\/wp-content\/uploads\/2021\/06\/68d028ad-2468-42a2-a92d-95fbdaa97527-300x225.jpg 300w, https:\/\/www.radiopiu.net\/wordpress\/wp-content\/uploads\/2021\/06\/68d028ad-2468-42a2-a92d-95fbdaa97527-768x576.jpg 768w, https:\/\/www.radiopiu.net\/wordpress\/wp-content\/uploads\/2021\/06\/68d028ad-2468-42a2-a92d-95fbdaa97527.jpg 1024w\" sizes=\"auto, (max-width: 300px) 100vw, 300px\" \/><\/a>BELLUNO <\/strong>Potenziamento dei servizi di controllo del territorio in vista della festa di Ferragosto, in particolare nelle tante localit\u00e0 turistiche della provincia. E\u2019 quanto stabilito nel corso della riunione tecnica di coordinamento delle Forze di Polizia che si \u00e8 tenuta ieri a Palazzo dei Rettori, alla presenza del Viceprefetto Vicario, Gloria Allegretto, del Questore e dei Vicecomandanti dei Carabinieri e della Guardia di Finanza. L\u2019obiettivo delle misure disposte ieri, che saranno declinate in un\u2019apposita ordinanza del Questore, \u00e8 quello di prevenire la commissione di reati predatori e rafforzare la vigilanza nei luoghi sensibili ma anche di assicurare il rispetto delle disposizioni per la prevenzione del contagio da COVID 19, tenuto conto dell\u2019attuale momento storico, caratterizzato da una pericolosa ripresa nella circolazione del virus. Sotto questo profilo, massima attenzione sar\u00e0 prestata nei luoghi che costituiscono tradizionale punto di ritrovo delle persone, allo scopo di evitare la formazione di assembramenti, anche nei pressi di pubblici esercizi. Al contempo, saranno rafforzati i servizi di polizia stradale in previsione del notevole flusso veicolare atteso nei prossimi giorni lungo le arterie principali della provincia. Inoltre, anche il prossimo fine settimana proseguiranno i controlli coordinati per la prevenzione e repressione di comportamenti di guida scorretti, avviati all\u2019inizio della stagione estiva\u00a0 lungo la SP 251 e la SS51 &#8211; nei pressi del Fadalto e della localit\u00e0 La Secca &#8211; ed estesi poi, d\u2019intesa con i Commissariati del Governo di Bolzano e Trento e con la Prefettura di Sondrio, ai principali passi dolomitici. In particolare, tale attivit\u00e0 ha visto sinora impegnate 37 pattuglie delle Forze di Polizia, ivi comprese le Polizie Locali di Ponte nelle Alpi e Val di Zoldo, le quali hanno controllato un totale di 231 motociclette ed elevato 19 verbali di accertamento di violazione al Codice della Strada.<\/p>\n<p>&nbsp;<\/p>\n<p>&nbsp;<\/p>\n<hr \/>\n<p>&nbsp;<\/p>\n<blockquote class=\"wp-embedded-content\" data-secret=\"h9jA09tsTO\"><p><a href=\"https:\/\/www.radiopiu.net\/wordpress\/aggiornamentoago12\/\">CORONAVIRUS: AGGIORNAMENTO NAZIONALE 12 AGOSTO  2021<\/a><\/p><\/blockquote>\n<p><iframe loading=\"lazy\" class=\"wp-embedded-content\" sandbox=\"allow-scripts\" security=\"restricted\" style=\"position: absolute; clip: rect(1px, 1px, 1px, 1px);\" title=\"&#8220;CORONAVIRUS: AGGIORNAMENTO NAZIONALE 12 AGOSTO  2021&#8221; &#8212; Radio Pi\u00f9\" src=\"https:\/\/www.radiopiu.net\/wordpress\/aggiornamentoago12\/embed\/#?secret=h9jA09tsTO\" data-secret=\"h9jA09tsTO\" width=\"600\" height=\"338\" frameborder=\"0\" marginwidth=\"0\" marginheight=\"0\" scrolling=\"no\"><\/iframe><\/p>\n<p>&nbsp;<\/p>\n<blockquote class=\"wp-embedded-content\" data-secret=\"d22BwQFQoY\"><p><a href=\"https:\/\/www.radiopiu.net\/wordpress\/azienda-zero-2\/\">NELLE ULTIME 24 ORE 583 NUOVI POSITIVI IN VENETO. AUMENTANO LE TERAPIE INTENSIVE, CALANO I RICOVERI IN AREA NON CRITICA. UN DECESSO A BELLUNO<\/a><\/p><\/blockquote>\n<p><iframe loading=\"lazy\" class=\"wp-embedded-content\" sandbox=\"allow-scripts\" security=\"restricted\" style=\"position: absolute; clip: rect(1px, 1px, 1px, 1px);\" title=\"&#8220;NELLE ULTIME 24 ORE 583 NUOVI POSITIVI IN VENETO. AUMENTANO LE TERAPIE INTENSIVE, CALANO I RICOVERI IN AREA NON CRITICA. UN DECESSO A BELLUNO&#8221; &#8212; Radio Pi\u00f9\" src=\"https:\/\/www.radiopiu.net\/wordpress\/azienda-zero-2\/embed\/#?secret=d22BwQFQoY\" data-secret=\"d22BwQFQoY\" width=\"600\" height=\"338\" frameborder=\"0\" marginwidth=\"0\" marginheight=\"0\" scrolling=\"no\"><\/iframe><\/p>\n<p>&nbsp;<\/p>\n<h3>I GRAFICI DI TIZIANO DE COL<\/h3>\n\n\t\t\t<style type='text\/css'>\n\t\t\t\t#gallery-2 {\n\t\t\t\t\tmargin: auto;\n\t\t\t\t}\n\t\t\t\t#gallery-2 .gallery-item {\n\t\t\t\t\tfloat: left;\n\t\t\t\t\tmargin-top: 10px;\n\t\t\t\t\ttext-align: center;\n\t\t\t\t\twidth: 20%;\n\t\t\t\t}\n\t\t\t\t#gallery-2 img {\n\t\t\t\t\tborder: 2px solid #cfcfcf;\n\t\t\t\t}\n\t\t\t\t#gallery-2 .gallery-caption {\n\t\t\t\t\tmargin-left: 0;\n\t\t\t\t}\n\t\t\t\t\/* see gallery_shortcode() in wp-includes\/media.php *\/\n\t\t\t<\/style>\n\t\t<div id='gallery-2' class='dt-gallery-container gallery galleryid-227358 gallery-columns-5 gallery-size-medium'><dl class='gallery-item'>\n\t\t\t\t<dt class='gallery-icon landscape'>\n\t\t\t\t\t<a class=\"rollover rollover-zoom dt-pswp-item\" title=\"6b08b6c2-88b3-4c0f-b947-7f462759ea8c\" data-dt-img-description=\"\" data-large_image_width=\"580\" data-large_image_height=\"356\"href='https:\/\/www.radiopiu.net\/wordpress\/wp-content\/uploads\/2021\/08\/6b08b6c2-88b3-4c0f-b947-7f462759ea8c.jpg'><img loading=\"lazy\" decoding=\"async\" width=\"300\" height=\"184\" src=\"https:\/\/www.radiopiu.net\/wordpress\/wp-content\/uploads\/2021\/08\/6b08b6c2-88b3-4c0f-b947-7f462759ea8c-300x184.jpg\" class=\"attachment-medium size-medium\" alt=\"\" srcset=\"https:\/\/www.radiopiu.net\/wordpress\/wp-content\/uploads\/2021\/08\/6b08b6c2-88b3-4c0f-b947-7f462759ea8c-300x184.jpg 300w, https:\/\/www.radiopiu.net\/wordpress\/wp-content\/uploads\/2021\/08\/6b08b6c2-88b3-4c0f-b947-7f462759ea8c.jpg 580w\" sizes=\"auto, (max-width: 300px) 100vw, 300px\" \/><\/a>\n\t\t\t\t<\/dt><\/dl><dl class='gallery-item'>\n\t\t\t\t<dt class='gallery-icon landscape'>\n\t\t\t\t\t<a class=\"rollover rollover-zoom dt-pswp-item\" title=\"efc5cb07-550c-4333-9eda-142c26cb48a2\" data-dt-img-description=\"\" data-large_image_width=\"608\" data-large_image_height=\"359\"href='https:\/\/www.radiopiu.net\/wordpress\/wp-content\/uploads\/2021\/08\/efc5cb07-550c-4333-9eda-142c26cb48a2.jpg'><img loading=\"lazy\" decoding=\"async\" width=\"300\" height=\"177\" src=\"https:\/\/www.radiopiu.net\/wordpress\/wp-content\/uploads\/2021\/08\/efc5cb07-550c-4333-9eda-142c26cb48a2-300x177.jpg\" class=\"attachment-medium size-medium\" alt=\"\" srcset=\"https:\/\/www.radiopiu.net\/wordpress\/wp-content\/uploads\/2021\/08\/efc5cb07-550c-4333-9eda-142c26cb48a2-300x177.jpg 300w, https:\/\/www.radiopiu.net\/wordpress\/wp-content\/uploads\/2021\/08\/efc5cb07-550c-4333-9eda-142c26cb48a2.jpg 608w\" sizes=\"auto, (max-width: 300px) 100vw, 300px\" \/><\/a>\n\t\t\t\t<\/dt><\/dl><dl class='gallery-item'>\n\t\t\t\t<dt class='gallery-icon landscape'>\n\t\t\t\t\t<a class=\"rollover rollover-zoom dt-pswp-item\" title=\"40b627ab-a5d0-4d2c-abc4-3f0bd6f35cf5\" data-dt-img-description=\"\" data-large_image_width=\"608\" data-large_image_height=\"352\"href='https:\/\/www.radiopiu.net\/wordpress\/wp-content\/uploads\/2021\/08\/40b627ab-a5d0-4d2c-abc4-3f0bd6f35cf5.jpg'><img loading=\"lazy\" decoding=\"async\" width=\"300\" height=\"174\" src=\"https:\/\/www.radiopiu.net\/wordpress\/wp-content\/uploads\/2021\/08\/40b627ab-a5d0-4d2c-abc4-3f0bd6f35cf5-300x174.jpg\" class=\"attachment-medium size-medium\" alt=\"\" srcset=\"https:\/\/www.radiopiu.net\/wordpress\/wp-content\/uploads\/2021\/08\/40b627ab-a5d0-4d2c-abc4-3f0bd6f35cf5-300x174.jpg 300w, https:\/\/www.radiopiu.net\/wordpress\/wp-content\/uploads\/2021\/08\/40b627ab-a5d0-4d2c-abc4-3f0bd6f35cf5.jpg 608w\" sizes=\"auto, (max-width: 300px) 100vw, 300px\" \/><\/a>\n\t\t\t\t<\/dt><\/dl><dl class='gallery-item'>\n\t\t\t\t<dt class='gallery-icon landscape'>\n\t\t\t\t\t<a class=\"rollover rollover-zoom dt-pswp-item\" title=\"bbd49163-db69-4dc1-ab20-30cbeefca9cd\" data-dt-img-description=\"\" data-large_image_width=\"592\" data-large_image_height=\"367\"href='https:\/\/www.radiopiu.net\/wordpress\/wp-content\/uploads\/2021\/08\/bbd49163-db69-4dc1-ab20-30cbeefca9cd.jpg'><img loading=\"lazy\" decoding=\"async\" width=\"300\" height=\"186\" src=\"https:\/\/www.radiopiu.net\/wordpress\/wp-content\/uploads\/2021\/08\/bbd49163-db69-4dc1-ab20-30cbeefca9cd-300x186.jpg\" class=\"attachment-medium size-medium\" alt=\"\" srcset=\"https:\/\/www.radiopiu.net\/wordpress\/wp-content\/uploads\/2021\/08\/bbd49163-db69-4dc1-ab20-30cbeefca9cd-300x186.jpg 300w, https:\/\/www.radiopiu.net\/wordpress\/wp-content\/uploads\/2021\/08\/bbd49163-db69-4dc1-ab20-30cbeefca9cd.jpg 592w\" sizes=\"auto, (max-width: 300px) 100vw, 300px\" \/><\/a>\n\t\t\t\t<\/dt><\/dl><dl class='gallery-item'>\n\t\t\t\t<dt class='gallery-icon landscape'>\n\t\t\t\t\t<a class=\"rollover rollover-zoom dt-pswp-item\" title=\"517d19d4-fb50-4cef-ba9a-f838e10a1508\" data-dt-img-description=\"\" data-large_image_width=\"596\" data-large_image_height=\"355\"href='https:\/\/www.radiopiu.net\/wordpress\/wp-content\/uploads\/2021\/08\/517d19d4-fb50-4cef-ba9a-f838e10a1508.jpg'><img loading=\"lazy\" decoding=\"async\" width=\"300\" height=\"179\" src=\"https:\/\/www.radiopiu.net\/wordpress\/wp-content\/uploads\/2021\/08\/517d19d4-fb50-4cef-ba9a-f838e10a1508-300x179.jpg\" class=\"attachment-medium size-medium\" alt=\"\" srcset=\"https:\/\/www.radiopiu.net\/wordpress\/wp-content\/uploads\/2021\/08\/517d19d4-fb50-4cef-ba9a-f838e10a1508-300x179.jpg 300w, https:\/\/www.radiopiu.net\/wordpress\/wp-content\/uploads\/2021\/08\/517d19d4-fb50-4cef-ba9a-f838e10a1508.jpg 596w\" sizes=\"auto, (max-width: 300px) 100vw, 300px\" \/><\/a>\n\t\t\t\t<\/dt><\/dl><br style=\"clear: both\" \/>\n\t\t\t<\/div>\n\n<p>&nbsp;<\/p>\n<hr \/>\n<p>&nbsp;<\/p>\n<blockquote>\n<h2>LEGGI IN DIRETTA LA CONFERENZA STAMPA DEL PRESIDENTE ZAIA il Veneto resta bianco RT a 1,16<\/h2>\n<\/blockquote>\n<p>Stiamo accompagnando l&#8217;uscita del virus, \u00e8 importante la collaborazione dei cittadini, che rispettino le regole. Fondamentale la diagnostica, ecco perch\u00e9 facciamo tanti tamponi. Abbiamo ragionevoli motivi per dire che ad agosto ce la giochiamo tutta. <strong>NOVITA&#8217; DA DOMANI:<\/strong> Accesso diretto 12-25 anni senza se e senza ma, chi domani vuole presentarsi in un centro vaccinale del Veneto (o in Farmacia, o medico di base). Questo fino al 30 di agosto. Da domani chi vuole puo&#8217; chiedere l&#8217;anticipo della seconda dose. La nuova seconda dose da domani viene fissata a 21 o 28 giorni a seconda del vaccino, come all&#8217;origine. I Veneti possono prenotarsi dove vogliono per vaccinarsi, anche nei posti di villeggiatura, ovviamente fuori provincia ma sempre nel territorio veneto. Vaccinati da fuori Italia possono da lunedi entrare nel sito della Ulss per caricare i dati e quindi rilasciare il green pass. <strong>I NUMERI\u00a0<\/strong> Rt 1,16, incidenza 1,46%,\u00a0 \u00a0tassi di occupazione ospedaliera 2% in terapia intensiva, 3% nelle aree non critiche, sotto i livelli di guardia <strong>PERCENTUALI VACCINATI\u00a0<\/strong>30-39 59,3%, 20-29 64,8%, 12-19 41,7% media regionale 73,1% previsto l&#8217;80 per cento per ottobre.<\/p>\n<h3>DOTTORESSA FRANCESCA RUSSO<\/h3>\n<p>C&#8217;\u00e8 un calo in tutte le fasce di et\u00e0 abbastanza significativo. Casi diffusi in tutto il Veneto ma non ci sono grandi focolai. Et\u00e0 media ancora bassa come lo scorso anno attorno ai 30 anni, i ricoveri in terapia intensiva intorno ai 55 grazie all&#8217;alta copertura vaccinale. Variante predominante sempre la Delta. Ieri nuova circolare che modifica i tempi di quarantena di minore durata, diversa per la variante Beta.<\/p>\n<p>&nbsp;<\/p>\n<p><a href=\"https:\/\/www.facebook.com\/zaiaufficiale\/videos\/267677458141446\">https:\/\/www.facebook.com\/zaiaufficiale\/videos\/267677458141446<\/a><\/p>\n<p>&nbsp;<\/p>\n<hr \/>\n<p>&nbsp;<\/p>\n<blockquote>\n<h3>I DATI SULLA SITUAZIONE EPIDEMIOLOGICA IN VENETO<\/h3>\n<\/blockquote>\n<p><strong>VENEZIA<\/strong> La regione Veneto ha distribuito un documento che rappresenta la situazione attuale sul Covid-19 in regione. Nel documento tutti i dati, dai grafici alle informazioni sui ricoveri fino a ricordare le regole da rispettare in caso di contatto con un positivo.<\/p>\n<p><strong>IL DOCUMENTO (21 PAGINE)<\/strong><\/p>\n<a href=\"https:\/\/www.radiopiu.net\/wordpress\/wp-content\/uploads\/2021\/08\/Situazione-epidemiologica-12.08.2021.pdf\" class=\"pdfemb-viewer\" style=\"\" data-width=\"max\" data-height=\"max\" data-toolbar=\"top\" data-toolbar-fixed=\"on\">Situazione epidemiologica 12.08.2021<\/a>\n<p>&nbsp;<\/p>\n<hr \/>\n<p>&nbsp;<\/p>\n<blockquote>\n<h3>ACCESSO LIBERO NEI DRIVE IN VACCINALI PER 12-25 ENNI<\/h3>\n<\/blockquote>\n<p><strong><a href=\"https:\/\/www.radiopiu.net\/wordpress\/come-si-e-preparata-la-ulss-1-dolomiti-per-il-v-day\/vaccino-covid\/\" rel=\"attachment wp-att-181587\"><img loading=\"lazy\" decoding=\"async\" class=\"size-medium wp-image-181587 alignleft\" src=\"https:\/\/www.radiopiu.net\/wordpress\/wp-content\/uploads\/2020\/12\/VACCINO-COVID-300x212.jpg\" alt=\"\" width=\"300\" height=\"212\" srcset=\"https:\/\/www.radiopiu.net\/wordpress\/wp-content\/uploads\/2020\/12\/VACCINO-COVID-300x212.jpg 300w, https:\/\/www.radiopiu.net\/wordpress\/wp-content\/uploads\/2020\/12\/VACCINO-COVID-1024x724.jpg 1024w, https:\/\/www.radiopiu.net\/wordpress\/wp-content\/uploads\/2020\/12\/VACCINO-COVID-768x543.jpg 768w, https:\/\/www.radiopiu.net\/wordpress\/wp-content\/uploads\/2020\/12\/VACCINO-COVID-1536x1086.jpg 1536w, https:\/\/www.radiopiu.net\/wordpress\/wp-content\/uploads\/2020\/12\/VACCINO-COVID.jpg 1920w\" sizes=\"auto, (max-width: 300px) 100vw, 300px\" \/><\/a>BELLUNO <\/strong>Come da disposizione regionale, con applicazione immediata da oggi, negli orari di apertura dei punti vaccinali dell\u2019Ulss Dolomiti potranno presentarsi ad accesso libero tutti i ragazzi tra 12 e 25 anni, anche senza prenotazione. Oltre a ci\u00f2, sempre su raccomandazione regionale, l\u2019Ulss Dolomiti adotter\u00e0 le seguenti modalit\u00e0 operative in ordine alla campagna vaccinale in corso: massima disponibilit\u00e0 per tutti gli assistiti dal servizio sanitario regionale residenti fuori provincia a ricevere la vaccinazione in punto vaccinale dell\u2019ulss Dolomiti , con accesso libero nella fascia 12- 25 anni e con prenotazione nelle et\u00e0 successive dal portale; dopo la prima dose di vaccino Pfizer e Moderna, gli appuntamenti per la seconda dose verranno di regola fissati con intervallo minimo previsto dalla scheda tecnica (rispettivamente 21 e 28 giorni); intensificazione delle iniziative finalizzate alla somministrazione della vaccinazione di rinforzo per i soggetti guariti da covid; per queste persone \u00e8 raccomandata questa vaccinazione di rinforzo dopo 3-6 mesi dalla prima positivit\u00e0 covid. Alla luce delle poche prenotazioni vaccinali per il prossimo fine settimana, il 15 agosto sar\u00e0 attivata un\u2019unica seduta \u00a0vaccinale &#8220;centralizzata&#8221; dalle 8.30 alle 10.30 presso il drive in di Belluno ospedale ricollocando nella stessa i pochi prenotati per il 14\/8 e 15\/8 a Paludi ed accogliendo eventuali richieste dell&#8217;ultima ora, mentre i prenotati a Feltre saranno anticipati al giorno precedente.<\/p>\n<p><strong>I PUNTI VACCINALI CON ACCESSO LIBERO DAL 13 AL 22 AGOSTO<\/strong><\/p>\n<a href=\"https:\/\/www.radiopiu.net\/wordpress\/wp-content\/uploads\/2021\/08\/Vaccini-accesso-libero-12-25-anni_agosto.pdf\" class=\"pdfemb-viewer\" style=\"\" data-width=\"max\" data-height=\"max\" data-toolbar=\"top\" data-toolbar-fixed=\"on\">Vaccini accesso libero 12 25 anni_agosto<\/a>\n<p>&nbsp;<\/p>\n<hr \/>\n<p>&nbsp;<\/p>\n<blockquote>\n<h3>VACCINI SOTTO LE STELLE:\u00a0 NUOVA DATA A QUERO VAS<\/h3>\n<\/blockquote>\n<p><strong><a href=\"https:\/\/www.radiopiu.net\/wordpress\/giornale-radiopiu-13-agosto-2021-direttore-mirko-mezzacasa\/copia-di-copia-di-copia-di-copia-di-copia-di-copia-di-copia-di-copia-di-copia-di-copia-di-copia-di-salmon-new-year-goals-facebook-post\/\" rel=\"attachment wp-att-227497\"><img loading=\"lazy\" decoding=\"async\" class=\"size-medium wp-image-227497 alignleft\" src=\"https:\/\/www.radiopiu.net\/wordpress\/wp-content\/uploads\/2021\/08\/Copia-di-Copia-di-Copia-di-Copia-di-Copia-di-Copia-di-Copia-di-Copia-di-Copia-di-Copia-di-Copia-di-Salmon-New-Year-Goals-Facebook-Post-300x227.png\" alt=\"\" width=\"300\" height=\"227\" srcset=\"https:\/\/www.radiopiu.net\/wordpress\/wp-content\/uploads\/2021\/08\/Copia-di-Copia-di-Copia-di-Copia-di-Copia-di-Copia-di-Copia-di-Copia-di-Copia-di-Copia-di-Copia-di-Salmon-New-Year-Goals-Facebook-Post-300x227.png 300w, https:\/\/www.radiopiu.net\/wordpress\/wp-content\/uploads\/2021\/08\/Copia-di-Copia-di-Copia-di-Copia-di-Copia-di-Copia-di-Copia-di-Copia-di-Copia-di-Copia-di-Copia-di-Salmon-New-Year-Goals-Facebook-Post-1024x774.png 1024w, https:\/\/www.radiopiu.net\/wordpress\/wp-content\/uploads\/2021\/08\/Copia-di-Copia-di-Copia-di-Copia-di-Copia-di-Copia-di-Copia-di-Copia-di-Copia-di-Copia-di-Copia-di-Salmon-New-Year-Goals-Facebook-Post-768x580.png 768w, https:\/\/www.radiopiu.net\/wordpress\/wp-content\/uploads\/2021\/08\/Copia-di-Copia-di-Copia-di-Copia-di-Copia-di-Copia-di-Copia-di-Copia-di-Copia-di-Copia-di-Copia-di-Salmon-New-Year-Goals-Facebook-Post-1536x1160.png 1536w, https:\/\/www.radiopiu.net\/wordpress\/wp-content\/uploads\/2021\/08\/Copia-di-Copia-di-Copia-di-Copia-di-Copia-di-Copia-di-Copia-di-Copia-di-Copia-di-Copia-di-Copia-di-Salmon-New-Year-Goals-Facebook-Post.png 2000w\" sizes=\"auto, (max-width: 300px) 100vw, 300px\" \/><\/a>BELLUNO <\/strong>Continuano gli appuntamenti delle vaccinazioni anti covid in orario serale con accesso libero per tutta la popolazione vaccinabile. Dopo l\u2019appuntamento di ieri sera a Pedavena, organizzato dal Distretto di Feltre in collaborazione con la Medicina di Famiglia, i medici USCA e il Comune di Pedavena, il prossimo appuntamento in programma \u00e8 per luned\u00ec 16 agosto, sempre dalle 19 alle 21, al Pala Tre Cime di Auronzo. Si ricorda di portare con s\u00e9 la tessera sanitaria. Inoltre, \u00e8 stata aggiunta al calendario una nuova data: il 19 agosto sempre dalle 19 alle 21 si svolger\u00e0 una seduta vaccinale ad accesso libero negli impianti sportivi di Quero Vas in Via Spaloa, organizzata dal Distretto di Feltre in collaborazione con l\u2019amministrazione comunale. Vista la presenza nel basso feltrino di una comunit\u00e0 cinese, l\u2019infografica sull\u2019importanza della vaccinazione \u00e8 stata fatta tradurre da un mediatore culturale per arrivare con l\u2019informazione anche a questa fascia di popolazione . Infine, il 19 agosto \u00e8 stata organizzata anche la vaccinazione degli sportivi al drive in vaccinale di\u00a0 Agordo grazie alla collaborazione del Comune di Agordo e delle societ\u00e0 sportive dell\u2019Agordino.<\/p>\n<p>&nbsp;<\/p>\n<p>&nbsp;<\/p>\n<hr \/>\n<p>&nbsp;<\/p>\n<blockquote>\n<h3>VACCINAZIONE ANTI COVID ANCHE NELLE FARMACIE TERRITORIALI<\/h3>\n<\/blockquote>\n<p><strong><a href=\"https:\/\/www.radiopiu.net\/wordpress\/dillo-a-radio-piu-dal-rifugio-tissi-a-tamonich-per-il-vaccino\/vaccino-covid-3\/\" rel=\"attachment wp-att-222306\"><img loading=\"lazy\" decoding=\"async\" class=\"size-medium wp-image-222306 alignleft\" src=\"https:\/\/www.radiopiu.net\/wordpress\/wp-content\/uploads\/2021\/07\/vaccino-covid-300x199.jpg\" alt=\"\" width=\"300\" height=\"199\" srcset=\"https:\/\/www.radiopiu.net\/wordpress\/wp-content\/uploads\/2021\/07\/vaccino-covid-300x199.jpg 300w, https:\/\/www.radiopiu.net\/wordpress\/wp-content\/uploads\/2021\/07\/vaccino-covid-1024x678.jpg 1024w, https:\/\/www.radiopiu.net\/wordpress\/wp-content\/uploads\/2021\/07\/vaccino-covid-768x509.jpg 768w, https:\/\/www.radiopiu.net\/wordpress\/wp-content\/uploads\/2021\/07\/vaccino-covid-1536x1018.jpg 1536w, https:\/\/www.radiopiu.net\/wordpress\/wp-content\/uploads\/2021\/07\/vaccino-covid.jpg 1920w\" sizes=\"auto, (max-width: 300px) 100vw, 300px\" \/><\/a>BELLUNO <\/strong>Si ricorda che \u00e8 possibile \u00a0prenotare ed effettuare la vaccinazione anti covid anche nelle Farmacie del territorio che hanno aderito al progetto regionale e hanno concluso la formazione in Ulss. Le Farmacie territoriali si configurano sempre pi\u00f9 come uno snodo centrale nel sistema dei servizi sanitari, con il vantaggio di essere capillarmente diffuse nel territorio e quindi vicine al cittadino. La vaccinazione in farmacia \u00e8 gratuita e indicata per le persone sane (non rientranti nelle categorie estremamente vulnerabili). Nelle Farmacie territoriali \u00e8 disponibile la modulistica per l\u2019autodichiarazione e le informative, eventualmente scaricabili anche dal sito www.aulss1.veneto.it. Le Farmacie dove \u00e8 possibile effetuare la vaccinazione anti covid (previa prenotazione nella Farmacia stessa) sono: <strong>BELLUNESE<\/strong> Dolomiti s.a.s. (Belluno) Belluno Via Feltre 196 | Telefono: 0437 940165, Farmacie Chimenti s.n.c. Belluno, Viale Giovanni Paolo I 43 \u2013 CAVARZANO | Telefono: 0437 930184, Farmacia Baratto dr. Giovanni \u2013\u00a0a partire dal 15\/7\/2021 Belluno, Via Travazzoi 5 | Telefono: 0437 948416, Farmacia Pharma Future s.r.l. Alpago, Viale Europa 9 \u2013 FARRA | Telefono: 0437 4276. <strong>FELTRINO<\/strong> Azienda Feltrina Servizi alla Persona \u2013 Farmacia Comunale \u201call\u2019Ospedale\u201d \u2013 Feltre Via Negrelli 7 | Telefono: 0439 396162, Minciotti dr.ssa Eleonora \u2013\u00a0Feltre Via XXXI Ottobre 17\/19 | Telefono: 0439 840695, Dolomiti s.a.s. (Trichiana) \u2013 Borgo Val Belluna Via Frontin 2\/a \u2013 TRICHIANA | Telefono: 0437 554440,\u00a0Farmacia Azienda Speciale Sedico Servizi s.r.l. \u2013 Farmacia di Mas Sedico, Piazza Papa Luciani 1 \u2013 MAS | Telefono: 0437 87836, Farmacia \u201calla Madonna S.N.C.\u201d \u2013\u00a0Zannoni dr.ssa Lucia \u2013Fonzaso, Via G. Marconi 23 | Telefono: 0439 5044. <strong>AGORDINO<\/strong> Azienda Speciale Agordo Servizi \u2013 Farmacia Comunale \u2013 a Agordo Via Insurrezione 18\/c | Telefono: 0437 62564. <strong>LONGARON<\/strong>E Girardi dr.ssa Ester \u2013 Longarone Via Roma 12 \u2013 CASTELLAVAZZO | Telefono: 0437 770585. <strong>CADORE <\/strong>Dolomiti s.a.s. (Lozzo) \u2013 a partire dal 30\/06\/2021 Lozzo di Cadore Via Roma 1 | Telefono: 0435 76052, Farmacia Luppi dr.ssa Francesca San Vito di Cadore, Corso Italia, 88 | Telefono: 0436 9194. <strong>CORTINA<\/strong> Farmacia Boots San Giorgio s.r.l Cortina d\u2019Ampezzo, Corso Italia 25 | Telefono: 0436 2609<\/p>\n<p>&nbsp;<\/p>\n<p>&nbsp;<\/p>\n<hr \/>\n<p>&nbsp;<\/p>\n<blockquote>\n<h3>ANTISISMICA E ANTINCENDIO: PROCEDE SPEDITO L\u2019ITER<\/h3>\n<\/blockquote>\n<p><strong><a href=\"https:\/\/www.radiopiu.net\/wordpress\/conferenza-stampa-del-presidente-del-veneto-luca-zaia-14-giugno-2020\/dc8d9e01-0412-48a8-91b1-c64ba92a8187\/\" rel=\"attachment wp-att-144229\"><img loading=\"lazy\" decoding=\"async\" class=\"size-medium wp-image-144229 alignleft\" src=\"https:\/\/www.radiopiu.net\/wordpress\/wp-content\/uploads\/2020\/06\/dc8d9e01-0412-48a8-91b1-c64ba92a8187-300x150.jpg\" alt=\"\" width=\"300\" height=\"150\" srcset=\"https:\/\/www.radiopiu.net\/wordpress\/wp-content\/uploads\/2020\/06\/dc8d9e01-0412-48a8-91b1-c64ba92a8187-300x150.jpg 300w, https:\/\/www.radiopiu.net\/wordpress\/wp-content\/uploads\/2020\/06\/dc8d9e01-0412-48a8-91b1-c64ba92a8187-1024x512.jpg 1024w, https:\/\/www.radiopiu.net\/wordpress\/wp-content\/uploads\/2020\/06\/dc8d9e01-0412-48a8-91b1-c64ba92a8187-768x384.jpg 768w, https:\/\/www.radiopiu.net\/wordpress\/wp-content\/uploads\/2020\/06\/dc8d9e01-0412-48a8-91b1-c64ba92a8187-1536x768.jpg 1536w, https:\/\/www.radiopiu.net\/wordpress\/wp-content\/uploads\/2020\/06\/dc8d9e01-0412-48a8-91b1-c64ba92a8187.jpg 2048w\" sizes=\"auto, (max-width: 300px) 100vw, 300px\" \/><\/a>BELLUNO <\/strong>Procedono spedite le procedure per aumentare la sicurezza degli edifici ulss. E\u2019 stato approvato il progetto di fattibilit\u00e0 economica per il miglioramento sismico e l\u2019adeguamento antincendio dell\u2019ospedale di Belluno. Sono stati aggiudicati i lavori per l\u2019adeguamento antincendio di diversi edifici dell\u2019ospedale di Feltre e della sede di via Marconi (1 milione di euro). <strong>ANTISISMICA E ANTINCENDIO PRESIDIO DI BELLUNO <\/strong>\u00e8 stato approvato il progetto di fattibilit\u00e0 tecnico economica per i lavori di miglioramento sismico e adeguamento antisismico dell\u2019ospedale di Belluno. Il progetto ora sar\u00e0 trasmesso alla Regione per il seguito di competenza. <strong>ANTINCENDIO FELTRE<\/strong> Sono stati aggiudicati i lavori per\u00a0 l\u2019adeguamento alla normativa antincendio di Via Marconi e di altri edicifi del presidedio ospedaliero di Feltre (necroscopia, veterinaria, palazzina Fusaro e edificio economale). Il raggruppamento temporaneo di imprese tra l\u2019impresa SM service di Scorz\u00e8 e l\u2019impresa Lasa di Cona hanno vinto le procedure di gara per i lavori che ammontano a oltre 1 milione di euro.<\/p>\n<p>&nbsp;<\/p>\n<p>&nbsp;<\/p>\n<hr \/>\n<p>&nbsp;<\/p>\n<blockquote>\n<h3>GASTROENTEROLOGIE: AL VIA DUE STUDI CLINICI<\/h3>\n<\/blockquote>\n<p><strong><a href=\"https:\/\/www.radiopiu.net\/wordpress\/monoclonali-pronti-per-la-somministrazione-in-ulss-1-dolomiti\/ulss-1-2\/\" rel=\"attachment wp-att-198838\"><img loading=\"lazy\" decoding=\"async\" class=\"size-medium wp-image-198838 alignleft\" src=\"https:\/\/www.radiopiu.net\/wordpress\/wp-content\/uploads\/2021\/03\/ULSS-1-300x158.jpg\" alt=\"\" width=\"300\" height=\"158\" srcset=\"https:\/\/www.radiopiu.net\/wordpress\/wp-content\/uploads\/2021\/03\/ULSS-1-300x158.jpg 300w, https:\/\/www.radiopiu.net\/wordpress\/wp-content\/uploads\/2021\/03\/ULSS-1-768x404.jpg 768w, https:\/\/www.radiopiu.net\/wordpress\/wp-content\/uploads\/2021\/03\/ULSS-1.jpg 776w\" sizes=\"auto, (max-width: 300px) 100vw, 300px\" \/><\/a>BELLUNO <\/strong>Non solo cure ma anche ricerca. Le Gastroeneterologie dell\u2019Ulss Dolomiti sono impegnate in due studi clinici, insieme alla Farmacia ospedaliera. Gli studi sono stati approvati dal Comitato Etico per la sperimentazione clinica. La Gastroenterologia di Belluno, guidata da Bastianello German\u00e0, \u00e8 impegnata in uno studio no profit sulla valutazione di due diversi regimi di preparazione intestinale per colonscopia. La Gastroenterologia di Feltre, guidata da Andrea Buda, sta conducendo uno studio osservazionale sull\u2019efficacia del vaccino anti covid nei pazienti con malattia infiammatoria intestinale trattati con farmaci immunomodulatori o biologici. \u00ab<em>Ancora una volta i professionisti dell\u2019Ulss 1 dimostrano di essere riconosciuti nel mondo scientifico e di saper abbinare l\u2019attivit\u00e0 clinica all\u2019attivit\u00e0 di studio e ricerca. Un plauso alle due \u00e9quipe per il lavoro quotidiano e per la capacit\u00e0 di curare lo sviluppo professionale e la ricerca<\/em>\u00bb, commenta il Direttore Generale Maria Grazia Carraro.<\/p>\n<p>&nbsp;<\/p>\n<p>&nbsp;<\/p>\n<hr \/>\n<p>&nbsp;<\/p>\n<blockquote>\n<h3>LA TORRE DEL CAMPANON A FELTRE ORA E&#8217; VISITABILE<\/h3>\n<\/blockquote>\n<p><strong>FELTRE<\/strong><\/p>\n<p>di Moreno Gioli<\/p>\n<audio class=\"wp-audio-shortcode\" id=\"audio-227358-2\" preload=\"none\" style=\"width: 100%;\" controls=\"controls\"><source type=\"audio\/mpeg\" src=\"https:\/\/www.radiopiu.net\/wordpress\/wp-content\/uploads\/2021\/08\/moreno-gioli.mp3?_=2\" \/><a href=\"https:\/\/www.radiopiu.net\/wordpress\/wp-content\/uploads\/2021\/08\/moreno-gioli.mp3\">https:\/\/www.radiopiu.net\/wordpress\/wp-content\/uploads\/2021\/08\/moreno-gioli.mp3<\/a><\/audio>\n<p>&nbsp;<\/p>\n<p><strong>IL SINDACO DI FELTRE PAOLO PERENZIN<\/strong><\/p>\n<audio class=\"wp-audio-shortcode\" id=\"audio-227358-3\" preload=\"none\" style=\"width: 100%;\" controls=\"controls\"><source type=\"audio\/mpeg\" src=\"https:\/\/www.radiopiu.net\/wordpress\/wp-content\/uploads\/2021\/08\/PAOLO-PERENZIN-TORRE-CAMPANON.mp3?_=3\" \/><a href=\"https:\/\/www.radiopiu.net\/wordpress\/wp-content\/uploads\/2021\/08\/PAOLO-PERENZIN-TORRE-CAMPANON.mp3\">https:\/\/www.radiopiu.net\/wordpress\/wp-content\/uploads\/2021\/08\/PAOLO-PERENZIN-TORRE-CAMPANON.mp3<\/a><\/audio>\n<p>&nbsp;<\/p>\n<p><strong>ADIS ZATTA, ASSESSORE DEL COMUNE DI FELTRE<\/strong><\/p>\n<audio class=\"wp-audio-shortcode\" id=\"audio-227358-4\" preload=\"none\" style=\"width: 100%;\" controls=\"controls\"><source type=\"audio\/mpeg\" src=\"https:\/\/www.radiopiu.net\/wordpress\/wp-content\/uploads\/2021\/08\/ADIS-ZATTA-TORRE-CAMPANON.mp3?_=4\" \/><a href=\"https:\/\/www.radiopiu.net\/wordpress\/wp-content\/uploads\/2021\/08\/ADIS-ZATTA-TORRE-CAMPANON.mp3\">https:\/\/www.radiopiu.net\/wordpress\/wp-content\/uploads\/2021\/08\/ADIS-ZATTA-TORRE-CAMPANON.mp3<\/a><\/audio>\n<p>&nbsp;<\/p>\n<p><strong>ALESSANDRO DEL BIANCO, ASSESSORE DEL COMUNE DI FELTRE<\/strong><\/p>\n<audio class=\"wp-audio-shortcode\" id=\"audio-227358-5\" preload=\"none\" style=\"width: 100%;\" controls=\"controls\"><source type=\"audio\/mpeg\" src=\"https:\/\/www.radiopiu.net\/wordpress\/wp-content\/uploads\/2021\/08\/ALESSANDRO-DEL-BIANCO-TORRE-CAMPANON.mp3?_=5\" \/><a href=\"https:\/\/www.radiopiu.net\/wordpress\/wp-content\/uploads\/2021\/08\/ALESSANDRO-DEL-BIANCO-TORRE-CAMPANON.mp3\">https:\/\/www.radiopiu.net\/wordpress\/wp-content\/uploads\/2021\/08\/ALESSANDRO-DEL-BIANCO-TORRE-CAMPANON.mp3<\/a><\/audio>\n<p>&nbsp;<\/p>\n\n\t\t\t<style type='text\/css'>\n\t\t\t\t#gallery-3 {\n\t\t\t\t\tmargin: auto;\n\t\t\t\t}\n\t\t\t\t#gallery-3 .gallery-item {\n\t\t\t\t\tfloat: left;\n\t\t\t\t\tmargin-top: 10px;\n\t\t\t\t\ttext-align: center;\n\t\t\t\t\twidth: 25%;\n\t\t\t\t}\n\t\t\t\t#gallery-3 img {\n\t\t\t\t\tborder: 2px solid #cfcfcf;\n\t\t\t\t}\n\t\t\t\t#gallery-3 .gallery-caption {\n\t\t\t\t\tmargin-left: 0;\n\t\t\t\t}\n\t\t\t\t\/* see gallery_shortcode() in wp-includes\/media.php *\/\n\t\t\t<\/style>\n\t\t<div id='gallery-3' class='dt-gallery-container gallery galleryid-227358 gallery-columns-4 gallery-size-thumbnail'><dl class='gallery-item'>\n\t\t\t\t<dt class='gallery-icon landscape'>\n\t\t\t\t\t<a class=\"rollover rollover-zoom dt-pswp-item\" title=\"399867cb-196e-414f-8fa3-fc1d7cab2f91\" data-dt-img-description=\"\" data-large_image_width=\"1600\" data-large_image_height=\"737\"href='https:\/\/www.radiopiu.net\/wordpress\/wp-content\/uploads\/2021\/08\/399867cb-196e-414f-8fa3-fc1d7cab2f91.jpg'><img loading=\"lazy\" decoding=\"async\" width=\"150\" height=\"150\" src=\"https:\/\/www.radiopiu.net\/wordpress\/wp-content\/uploads\/2021\/08\/399867cb-196e-414f-8fa3-fc1d7cab2f91-150x150.jpg\" class=\"attachment-thumbnail size-thumbnail\" alt=\"\" \/><\/a>\n\t\t\t\t<\/dt><\/dl><dl class='gallery-item'>\n\t\t\t\t<dt class='gallery-icon landscape'>\n\t\t\t\t\t<a class=\"rollover rollover-zoom dt-pswp-item\" title=\"07413a4e-3601-4637-90c4-8c318a6bd69d\" data-dt-img-description=\"\" data-large_image_width=\"1600\" data-large_image_height=\"737\"href='https:\/\/www.radiopiu.net\/wordpress\/wp-content\/uploads\/2021\/08\/07413a4e-3601-4637-90c4-8c318a6bd69d.jpg'><img loading=\"lazy\" decoding=\"async\" width=\"150\" height=\"150\" src=\"https:\/\/www.radiopiu.net\/wordpress\/wp-content\/uploads\/2021\/08\/07413a4e-3601-4637-90c4-8c318a6bd69d-150x150.jpg\" class=\"attachment-thumbnail size-thumbnail\" alt=\"\" \/><\/a>\n\t\t\t\t<\/dt><\/dl><dl class='gallery-item'>\n\t\t\t\t<dt class='gallery-icon portrait'>\n\t\t\t\t\t<a class=\"rollover rollover-zoom dt-pswp-item\" title=\"3afa4ca3-d650-4e81-baf0-06b23d280f2b\" data-dt-img-description=\"\" data-large_image_width=\"737\" data-large_image_height=\"1600\"href='https:\/\/www.radiopiu.net\/wordpress\/wp-content\/uploads\/2021\/08\/3afa4ca3-d650-4e81-baf0-06b23d280f2b.jpg'><img loading=\"lazy\" decoding=\"async\" width=\"150\" height=\"150\" src=\"https:\/\/www.radiopiu.net\/wordpress\/wp-content\/uploads\/2021\/08\/3afa4ca3-d650-4e81-baf0-06b23d280f2b-150x150.jpg\" class=\"attachment-thumbnail size-thumbnail\" alt=\"\" \/><\/a>\n\t\t\t\t<\/dt><\/dl><dl class='gallery-item'>\n\t\t\t\t<dt class='gallery-icon landscape'>\n\t\t\t\t\t<a class=\"rollover rollover-zoom dt-pswp-item\" title=\"21565dee-2d46-4dea-a7f9-d93f0f0457e9\" data-dt-img-description=\"\" data-large_image_width=\"1600\" data-large_image_height=\"737\"href='https:\/\/www.radiopiu.net\/wordpress\/wp-content\/uploads\/2021\/08\/21565dee-2d46-4dea-a7f9-d93f0f0457e9.jpg'><img loading=\"lazy\" decoding=\"async\" width=\"150\" height=\"150\" src=\"https:\/\/www.radiopiu.net\/wordpress\/wp-content\/uploads\/2021\/08\/21565dee-2d46-4dea-a7f9-d93f0f0457e9-150x150.jpg\" class=\"attachment-thumbnail size-thumbnail\" alt=\"\" \/><\/a>\n\t\t\t\t<\/dt><\/dl><br style=\"clear: both\" \/>\n\t\t\t<\/div>\n\n<p>&nbsp;<\/p>\n<hr \/>\n<p>&nbsp;<\/p>\n<blockquote>\n<h3>FILIERA DEL LEGNO: NUOVE OPPORTUNITA&#8217; DAL PSR<\/h3>\n<\/blockquote>\n<p><strong><a href=\"https:\/\/www.radiopiu.net\/wordpress\/sabato-la-cerimonia-di-premiazione-del-concorso-di-poesia-lamore-e\/cuore-legno\/\" rel=\"attachment wp-att-190601\"><img loading=\"lazy\" decoding=\"async\" class=\"size-medium wp-image-190601 alignleft\" src=\"https:\/\/www.radiopiu.net\/wordpress\/wp-content\/uploads\/2021\/02\/CUORE-LEGNO-300x182.jpg\" alt=\"\" width=\"300\" height=\"182\" srcset=\"https:\/\/www.radiopiu.net\/wordpress\/wp-content\/uploads\/2021\/02\/CUORE-LEGNO-300x182.jpg 300w, https:\/\/www.radiopiu.net\/wordpress\/wp-content\/uploads\/2021\/02\/CUORE-LEGNO-1024x620.jpg 1024w, https:\/\/www.radiopiu.net\/wordpress\/wp-content\/uploads\/2021\/02\/CUORE-LEGNO-768x465.jpg 768w, https:\/\/www.radiopiu.net\/wordpress\/wp-content\/uploads\/2021\/02\/CUORE-LEGNO-1536x930.jpg 1536w, https:\/\/www.radiopiu.net\/wordpress\/wp-content\/uploads\/2021\/02\/CUORE-LEGNO.jpg 1920w\" sizes=\"auto, (max-width: 300px) 100vw, 300px\" \/><\/a>VENEZIA<\/strong> La filiera del legno potrebbe ripartire dal Piano di sviluppo rurale. Nel Psr pubblicato nelle scorse settimane nel Bur regionale sono infatti contenute misure ad hoc per il rilancio della catena della lavorazione del legname, dunque per l&#8217;acquisto di quei macchinari che oggi causano il gap tra il settore nel Bellunese e l&#8217;Austria. Un tema fortemente dibattuto in questi mesi, che ha visto la Lega pi\u00f9 volte intervenire attraverso i suoi rappresentanti in Regione e al Governo. Oggi c&#8217;\u00e8 un bando e una concreta possibilit\u00e0 di sostegno per segherie e imprese boschive. Un milione 800 mila euro \u00e8 il valore del contributo messo a disposizione dalla Regione Veneto per ora, mentre il valore complessivo delle misure contenuto nel Piano di sviluppo rurale (di cui fanno parte anche iniziative di formazione rivolte alle imprese agricole, realizzazione di strade silvo pastorali, ripristino di terreni danneggiati dal meteo e da parassiti) \u00e8 di 11 milioni e 600 mila. C&#8217;\u00e8 tempo fino al 2 ottobre per partecipare al bando dedicato alla filiera.<\/p>\n<p>&nbsp;<\/p>\n<p>&nbsp;<\/p>\n<hr \/>\n<p>&nbsp;<\/p>\n<blockquote>\n<h3 class=\"p1\"><span class=\"s1\">VAL D&#8217;OTEN, SISTEMAZIONE ALLA CASCATA DELLE PILE. DE CARLO: \u201cIMPORTANTE INTERVENTO PER LA VALORIZZAZIONE DEL TERRITORIO\u201d<\/span><\/h3>\n<\/blockquote>\n<p class=\"p1\"><span class=\"s1\"><strong><a href=\"https:\/\/www.radiopiu.net\/wordpress\/giornale-radiopiu-13-agosto-2021-direttore-mirko-mezzacasa\/unknown-15\/\" rel=\"attachment wp-att-227469\"><img loading=\"lazy\" decoding=\"async\" class=\" wp-image-227469 alignleft\" src=\"https:\/\/www.radiopiu.net\/wordpress\/wp-content\/uploads\/2021\/08\/Unknown-2-225x300.jpeg\" alt=\"\" width=\"186\" height=\"248\" srcset=\"https:\/\/www.radiopiu.net\/wordpress\/wp-content\/uploads\/2021\/08\/Unknown-2-225x300.jpeg 225w, https:\/\/www.radiopiu.net\/wordpress\/wp-content\/uploads\/2021\/08\/Unknown-2-768x1024.jpeg 768w, https:\/\/www.radiopiu.net\/wordpress\/wp-content\/uploads\/2021\/08\/Unknown-2-1152x1536.jpeg 1152w, https:\/\/www.radiopiu.net\/wordpress\/wp-content\/uploads\/2021\/08\/Unknown-2.jpeg 1200w\" sizes=\"auto, (max-width: 186px) 100vw, 186px\" \/><\/a>CALALZO <\/strong>Dopo i lavori di ripristino e miglioramento dell&#8217;accesso, ecco l&#8217;intervento di miglioramento del percorso della Cascata delle Pile in Val d&#8217;Oten: l&#8217;Unione Montana Centro Cadore sta infatti preparando i lavori che renderanno ancora pi\u00f9 affascinante e accessibile per i visitatori uno die punti pi\u00f9 visitati del comune di Calalzo di Cadore. <\/span><span class=\"s1\">Ad annunciare e spiegare l&#8217;intervento \u00e8 l&#8217;assessore dell&#8217;UM, Luca De Carlo: \u201c<em>Terminato poco pi\u00f9 di un mese fa il primo stralcio, con questo secondo stralcio intendiamo dare una sistemazione definitiva alla Cascata delle Pile. \u00c8 un&#8217;area che rappresenta un&#8217;unicit\u00e0 per il nostro territorio ed \u00e8 un luogo molto frequentato dai turisti; \u00e8 uno dei tanti interventi dell&#8217;Unione Montana che hanno come obbiettivo la valorizzazione delle bellezze locali e dei \u201cPercorsi dell&#8217;acqua\u201d, un progetto che esalta l&#8217;acqua come parte integrante del nostro territorio e ne costituisce una delle principali peculiarit\u00e0<\/em>\u201d. <\/span><span class=\"s1\">L&#8217;intervento, il cui costo complessivo si aggira attorno ai 17mila euro, prevede il posizionamento di una scala in acciaio in due tratti, di scalini poco impattanti e di una fune corrimano; inoltre, verr\u00e0 eseguita una variante nella parte finale del percorso e verr\u00e0 bonificare la parte sovrastante la cascata con disgaggi.<\/span><\/p>\n<p>&nbsp;<\/p>\n<p>&nbsp;<\/p>\n<hr \/>\n<p>&nbsp;<\/p>\n<blockquote>\n<h1><strong>I delitti di Alleghe alla radio con l&#8217;attore Roberto Faoro.<\/strong><\/h1>\n<h3><a href=\"https:\/\/www.radiopiu.net\/wordpress\/giornale-radiopiu-28-giugno-2021-direttore-mirko-mezzacasa\/d387af2d-5fd5-45f0-aac2-6b610c874311\/\" rel=\"attachment wp-att-218517\"><img loading=\"lazy\" decoding=\"async\" class=\"size-medium wp-image-218517 alignleft\" src=\"https:\/\/www.radiopiu.net\/wordpress\/wp-content\/uploads\/2021\/06\/d387af2d-5fd5-45f0-aac2-6b610c874311-300x225.jpg\" alt=\"\" width=\"300\" height=\"225\" srcset=\"https:\/\/www.radiopiu.net\/wordpress\/wp-content\/uploads\/2021\/06\/d387af2d-5fd5-45f0-aac2-6b610c874311-300x225.jpg 300w, https:\/\/www.radiopiu.net\/wordpress\/wp-content\/uploads\/2021\/06\/d387af2d-5fd5-45f0-aac2-6b610c874311-1024x768.jpg 1024w, https:\/\/www.radiopiu.net\/wordpress\/wp-content\/uploads\/2021\/06\/d387af2d-5fd5-45f0-aac2-6b610c874311-768x576.jpg 768w, https:\/\/www.radiopiu.net\/wordpress\/wp-content\/uploads\/2021\/06\/d387af2d-5fd5-45f0-aac2-6b610c874311-1536x1152.jpg 1536w, https:\/\/www.radiopiu.net\/wordpress\/wp-content\/uploads\/2021\/06\/d387af2d-5fd5-45f0-aac2-6b610c874311.jpg 1600w\" sizes=\"auto, (max-width: 300px) 100vw, 300px\" \/><\/a>Il mistero avvolge la\u00a0<strong>Provincia di Belluno<\/strong>!\u00a0<strong>Alleghe<\/strong>\u00a0\u00e8 una rinomata localit\u00e0 turistica baciata da un&#8217;incantevole cornice naturale, immersa sulle\u00a0<strong>Dolomiti Bellunesi<\/strong>.<\/h3>\n<\/blockquote>\n<p>Questo piccolo paese montano \u00e8 stato teatro di un&#8217;oscura vicenda delittuosa, che racchiude in s\u00e8 i meccanismi tipici e le dinamiche pi\u00f9 inquietanti della\u00a0<strong>cronaca nera<\/strong>. Una lunga sequenza di morti distribuite su un arco temporale lungo ben tredici anni, archiviate dalla\u00a0<strong>magistratura italiana<\/strong>\u00a0nelle maniere pi\u00f9 fantasiose che, grazie alla curiosit\u00e0, lungimiranza e intraprendenza di\u00a0<strong>Sergio Saviane<\/strong>\u00a0prima e di un abile carabiniere poi, \u00e8 stata portata faticosamente alla luce.\u00a0Questi casi, a piena ragione, sono tuttora etichettati come\u00a0<strong>&#8220;I Misteri di Alleghe&#8221;<\/strong>.<\/p>\n<p>Per la prima volta nella storia del libro I Misteri di Alleghe grazie a <strong><em>Radio Pi\u00f9 e Mirko Mezzacasa e alla voce di Roberto Faoro <\/em><\/strong>la voce di Saviane raggiunge Alleghe, entra nelle case, libera, senza ostacoli dove a distanza di oltre 50 anni non \u00e8 ancora possibile portare lo spettacolo teatrale. In questo modo diamo il diritto di scegliere alla popolazione, di ascoltare liberi. Questa \u00e8 la meraviglia della Radio, un bene prezioso per la collettivit\u00e0 a tutto campo, dalla cultura all\u2019informazione.<\/p>\n<p>Un atto d\u2019amore nei confronti del grande giornalista e di questo incredibile libro, di questa incredibile storia, unica al mondo e non solo per la cronaca nera ma soprattutto per il coraggio dimostrato da tanti protagonisti senza i quali Saviane non avrebbe potuto raccontare nulla. \u00a0Le musiche sono di Antonio Fiabane, al pianoforte Mambrini.<\/p>\n<p>Ascolta i podcast delle puntate, cliccando sul seguente link:<\/p>\n<p><a href=\"http:\/\/www.radiopiu.net\/wordpress\/i-misteri-di-alleghe-di-sergio-saviane-alla-radio-con-lattore-roberto-faoro-il-podcast\/\">www.radiopiu.net\/wordpress\/i-misteri-di-alleghe-di-sergio-saviane-alla-radio-con-lattore-roberto-faoro-il-podcast\/<\/a><\/p>\n<p><strong>\u00a0<\/strong><\/p>\n<p>&nbsp;<\/p>\n<p>&nbsp;<\/p>\n<p>&nbsp;<\/p>\n<hr \/>\n<p>&nbsp;<\/p>\n<blockquote>\n<h3>SUL BROI DI AGORDO IL CINEMA ALL&#8217;APERTO<\/h3>\n<\/blockquote>\n<p><strong><a href=\"https:\/\/www.radiopiu.net\/wordpress\/giornale-radiopiu-10-agosto-2021-direttore-mirko-mezzacasa\/photo_2021-08-09_12-19-00\/\" rel=\"attachment wp-att-226842\"><img loading=\"lazy\" decoding=\"async\" class=\"size-medium wp-image-226842 alignleft\" src=\"https:\/\/www.radiopiu.net\/wordpress\/wp-content\/uploads\/2021\/08\/photo_2021-08-09_12-19-00-300x169.jpg\" alt=\"\" width=\"300\" height=\"169\" srcset=\"https:\/\/www.radiopiu.net\/wordpress\/wp-content\/uploads\/2021\/08\/photo_2021-08-09_12-19-00-300x169.jpg 300w, https:\/\/www.radiopiu.net\/wordpress\/wp-content\/uploads\/2021\/08\/photo_2021-08-09_12-19-00-1024x576.jpg 1024w, https:\/\/www.radiopiu.net\/wordpress\/wp-content\/uploads\/2021\/08\/photo_2021-08-09_12-19-00-768x432.jpg 768w, https:\/\/www.radiopiu.net\/wordpress\/wp-content\/uploads\/2021\/08\/photo_2021-08-09_12-19-00.jpg 1280w\" sizes=\"auto, (max-width: 300px) 100vw, 300px\" \/><\/a>AGORDO<\/strong> Ad Agosto, Agordo ospiter\u00e0 una rassegna cinematografica inedita nel giardino \u201cBroi\u201d, in pieno centro. Per sei serate sar\u00e0 possibile godersi grandi titoli cinematografici in una cornice unica al centro della conca agordina. L\u2019evento, organizzato dal Comune di Agordo, grazie al fondamentale contributo della casa di produzione \u201cFiFilm productions\u201d di Caterina Francavilla, dell\u2019impresa edile \u201cConedil\u201d e dalla ditta \u201cCase Trasporti\u201d, ha l\u2019obiettivo di animare l\u2019estate agordina con una proposta innovativa per il territorio, riproponendo il format avviato la scorsa estate con le proiezioni nel giardino di Villa Crotta-De\u2019 Manzoni. Tutte le proiezioni inizieranno alle ore 21 e saranno ad ingresso gratuito, previa prenotazione obbligatoria fino ad esaurimento posti. Le prenotazioni si possono effettuare attraverso il sito <a href=\"http:\/\/agordo.eventbrite.com\">http:\/\/agordo.eventbrite.com<\/a> oppure rivolgendosi all\u2019Ufficio Turistico di Agordo in via XXVII Aprile, tramite mail all\u2019indirizzo ufficioturistico@agordo.net, oppure telefonando allo 0437 62105 o al 388 495 5756. In caso di maltempo, le proiezioni verranno rinviate al giorno successivo. In conformit\u00e0 con le disposizioni anti-contagio, l\u2019ingresso sar\u00e0 subordinato all\u2019esibizione del Green Pass certificante vaccinazione, guarigione da Covid-19 o l&#8217;esito negativo di un tampone (sono esenti i bambini fino ai 12 anni), al controllo della temperatura e all\u2019utilizzo della mascherina in situazioni di assembramento come all\u2019entrata o all\u2019uscita. Gli appuntamenti della rassegna saranno i seguenti: Marted\u00ec 17 Agosto: Il diritto di contare, di Theodore Melfi; Gioved\u00ec 19 Agosto: Coco; Sabato 21 Agosto: Cena con delitto, di Rian Johnson; Marted\u00ec 24 Agosto: Monuments Men, di George Clooney; Gioved\u00ec 26 Agosto: La famosa invasione degli Orsi in Sicilia, di Lorenzo Mattotti; Sabato 28 Agosto: Vita di Pi, di Ang Lee<\/p>\n<p><strong>Di Gianni Santomaso<\/strong><\/p>\n<audio class=\"wp-audio-shortcode\" id=\"audio-227358-6\" preload=\"none\" style=\"width: 100%;\" controls=\"controls\"><source type=\"audio\/mpeg\" src=\"https:\/\/www.radiopiu.net\/wordpress\/wp-content\/uploads\/2021\/08\/GIANNI-CINEMA-BROI.mp3?_=6\" \/><a href=\"https:\/\/www.radiopiu.net\/wordpress\/wp-content\/uploads\/2021\/08\/GIANNI-CINEMA-BROI.mp3\">https:\/\/www.radiopiu.net\/wordpress\/wp-content\/uploads\/2021\/08\/GIANNI-CINEMA-BROI.mp3<\/a><\/audio>\n<p>&nbsp;<\/p>\n<div style=\"width: 640px;\" class=\"wp-video\"><video class=\"wp-video-shortcode\" id=\"video-227358-1\" width=\"640\" height=\"352\" preload=\"metadata\" controls=\"controls\"><source type=\"video\/mp4\" src=\"https:\/\/www.radiopiu.net\/wordpress\/wp-content\/uploads\/2021\/08\/video-cinema.mp4?_=1\" \/><a href=\"https:\/\/www.radiopiu.net\/wordpress\/wp-content\/uploads\/2021\/08\/video-cinema.mp4\">https:\/\/www.radiopiu.net\/wordpress\/wp-content\/uploads\/2021\/08\/video-cinema.mp4<\/a><\/video><\/div>\n<p>&nbsp;<\/p>\n<p>&nbsp;<\/p>\n<hr \/>\n<p>&nbsp;<\/p>\n<p><strong>SOTTOGUDA, ROCCA PIETORE\u00a0<\/strong><\/p>\n<p><a href=\"https:\/\/www.radiopiu.net\/wordpress\/giornale-radiopiu-13-agosto-2021-direttore-mirko-mezzacasa\/be2acd8a-0103-4e94-b377-8ce7276177a8\/\" rel=\"attachment wp-att-227565\"><img loading=\"lazy\" decoding=\"async\" class=\"size-medium wp-image-227565 aligncenter\" src=\"https:\/\/www.radiopiu.net\/wordpress\/wp-content\/uploads\/2021\/08\/be2acd8a-0103-4e94-b377-8ce7276177a8-135x300.jpg\" alt=\"\" width=\"135\" height=\"300\" srcset=\"https:\/\/www.radiopiu.net\/wordpress\/wp-content\/uploads\/2021\/08\/be2acd8a-0103-4e94-b377-8ce7276177a8-135x300.jpg 135w, https:\/\/www.radiopiu.net\/wordpress\/wp-content\/uploads\/2021\/08\/be2acd8a-0103-4e94-b377-8ce7276177a8-461x1024.jpg 461w, https:\/\/www.radiopiu.net\/wordpress\/wp-content\/uploads\/2021\/08\/be2acd8a-0103-4e94-b377-8ce7276177a8-691x1536.jpg 691w, https:\/\/www.radiopiu.net\/wordpress\/wp-content\/uploads\/2021\/08\/be2acd8a-0103-4e94-b377-8ce7276177a8.jpg 720w\" sizes=\"auto, (max-width: 135px) 100vw, 135px\" \/><\/a><\/p>\n<blockquote class=\"wp-embedded-content\" data-secret=\"LQ10qJ6t3z\"><p><a href=\"https:\/\/www.radiopiu.net\/wordpress\/lorchestra-filarmonia-veneta-a-sottoguda-il-14-agosto\/\">L&#8217;ORCHESTRA FILARMONIA VENETA A SOTTOGUDA IL 14 AGOSTO<\/a><\/p><\/blockquote>\n<p><iframe loading=\"lazy\" class=\"wp-embedded-content\" sandbox=\"allow-scripts\" security=\"restricted\" style=\"position: absolute; clip: rect(1px, 1px, 1px, 1px);\" title=\"&#8220;L&#8217;ORCHESTRA FILARMONIA VENETA A SOTTOGUDA IL 14 AGOSTO&#8221; &#8212; Radio Pi\u00f9\" src=\"https:\/\/www.radiopiu.net\/wordpress\/lorchestra-filarmonia-veneta-a-sottoguda-il-14-agosto\/embed\/#?secret=LQ10qJ6t3z\" data-secret=\"LQ10qJ6t3z\" width=\"600\" height=\"338\" frameborder=\"0\" marginwidth=\"0\" marginheight=\"0\" scrolling=\"no\"><\/iframe><\/p>\n<p>&nbsp;<\/p>\n<hr \/>\n<p>&nbsp;<\/p>\n<blockquote>\n<h3>I NOS CROT, LE ESCURSIONI DEL GAMP DOLOMITI<\/h3>\n<\/blockquote>\n<p><strong><a href=\"https:\/\/www.radiopiu.net\/wordpress\/giornale-radiopiu-10-agosto-2021-direttore-mirko-mezzacasa\/immagine-2021-08-09-122428\/\" rel=\"attachment wp-att-226844\"><img loading=\"lazy\" decoding=\"async\" class=\"wp-image-226844 alignleft\" src=\"https:\/\/www.radiopiu.net\/wordpress\/wp-content\/uploads\/2021\/08\/Immagine-2021-08-09-122428-228x300.png\" alt=\"\" width=\"143\" height=\"189\" srcset=\"https:\/\/www.radiopiu.net\/wordpress\/wp-content\/uploads\/2021\/08\/Immagine-2021-08-09-122428-228x300.png 228w, https:\/\/www.radiopiu.net\/wordpress\/wp-content\/uploads\/2021\/08\/Immagine-2021-08-09-122428.png 663w\" sizes=\"auto, (max-width: 143px) 100vw, 143px\" \/><\/a> <\/strong><\/p>\n<p><strong>\u00a0<\/strong><\/p>\n<p><strong>AGORDO <\/strong>I NOS CROT \u00e8 il nome della serie di escursioni geoturistiche che anche quest&#8217;anno il GAMP DOLOMITI (Gruppo Agordino Mineralogico Paleontologico) vuole riproporre! Delle geoescursioni dal titolo tutto agordino (=i nostri sassi) che vogliono raccontarvi scorci e curiosit\u00e0 geologiche di questo magnifico territorio! ISCRIZIONI APERTE all&#8217;Ufficio Turistico di Agordo o contattando il numero 3884955756 Queste le escursioni: Luned\u00ec 16 agosto Valle della Rova-Rif, Gioved\u00ec 19 agosto Cascate di Val de Gares, Luned\u00ec 23 agosto Valle di San Lucano, Gioved\u00ec 26 agosto Frassen\u00e9-Rifugio Scarpa<\/p>\n<p>&nbsp;<\/p>\n<p>&nbsp;<\/p>\n<p>&nbsp;<\/p>\n<p>&nbsp;<\/p>\n<hr \/>\n<p>&nbsp;<\/p>\n<blockquote>\n<h3>IL 41\u00b0 GIRO DEL LAGO DI ALLEGHE<\/h3>\n<\/blockquote>\n<p><strong>ALLEGHE<\/strong> Comune di Alleghe e Alpini Monte Civetta organizzano per domani il Giro Del Lago Di Alleghe. Una passeggiata intorno al lago con partenza libera dalle 14 alle 18. Costo d&#8217;iscrizione 8 euro con maglietta ricordo. A Masar\u00e8 sar\u00e0 presente la cucina degli alpini con piatti d&#8217;asporto a mezzogiorno e sera.<\/p>\n<p>&nbsp;<\/p>\n<p>&nbsp;<\/p>\n<hr \/>\n<p>&nbsp;<\/p>\n<blockquote>\n<h3 align=\"CENTER\"><b>ESTATE 2021: ED ECCO DI NUOVO I MERCATINI\u00a0<\/b><b>DELL\u2019ANTIQUARIATO, DEL COLLEZIONISMO, DELL\u2019 USATO \u00a0<\/b><\/h3>\n<\/blockquote>\n<p align=\"JUSTIFY\"><a href=\"https:\/\/www.radiopiu.net\/wordpress\/giornale-radiopiu-23-luglio-2021-direttore-mirko-mezzacasa\/mercatino-caprile\/\" rel=\"attachment wp-att-223533\"><img loading=\"lazy\" decoding=\"async\" class=\" wp-image-223533 alignleft\" src=\"https:\/\/www.radiopiu.net\/wordpress\/wp-content\/uploads\/2021\/07\/Mercatino-Caprile-200x300.jpg\" sizes=\"auto, (max-width: 175px) 100vw, 175px\" srcset=\"https:\/\/www.radiopiu.net\/wordpress\/wp-content\/uploads\/2021\/07\/Mercatino-Caprile-200x300.jpg 200w, https:\/\/www.radiopiu.net\/wordpress\/wp-content\/uploads\/2021\/07\/Mercatino-Caprile-683x1024.jpg 683w, https:\/\/www.radiopiu.net\/wordpress\/wp-content\/uploads\/2021\/07\/Mercatino-Caprile-768x1152.jpg 768w, https:\/\/www.radiopiu.net\/wordpress\/wp-content\/uploads\/2021\/07\/Mercatino-Caprile-1024x1536.jpg 1024w, https:\/\/www.radiopiu.net\/wordpress\/wp-content\/uploads\/2021\/07\/Mercatino-Caprile-1366x2048.jpg 1366w, https:\/\/www.radiopiu.net\/wordpress\/wp-content\/uploads\/2021\/07\/Mercatino-Caprile-scaled.jpg 1707w\" alt=\"\" width=\"108\" height=\"162\" \/><\/a>Il gruppo trevigiano degli \u201cAmici dell\u2019Antiquariato\u201d in collaborazione con il coordinatore locale Giorgio Fontanive e Ad Agordo Pro Loco organizza gli appuntamenti per gli appassionati delle cose antiche come accade dal 2011. Gli operatori dell\u2019organizzazione saranno attorno al Br\u00f3i e nella caratteristica Contrada S.Marco a Caprile. Questi i prossimi appuntamenti:\u00a0<b>Caprile<\/b> (domenica 15 e sabato 21 agosto). Partecipano all\u2019iniziativa commercianti preparati e selezionati in vari settori di operativit\u00e0: oggettistica d\u2019epoca, mobili, arte e collezionismo cartaceo, libri, medaglistica, piccolo antiquariato, arte, vetreria artistica, ecc. Informazioni sull\u2019effettuazione degli incontri e orari all\u2019Ufficio Turistico di Agordo (0437-62105); all\u2019Ufficio Turistico di Alleghe (0437-523333); al riferimento organizzativo\u00a0 348.8278042; alla mail <a href=\"mailto:giorgiofontanive@virgilio.it\">giorgiofontanive@virgilio.it<\/a>.<\/p>\n<div class=\"mkdf-post-text\">\n<div class=\"mkdf-post-text-inner\">\n<div class=\"mkdf-post-text-main\">\n<p>&nbsp;<\/p>\n<p>&nbsp;<\/p>\n<hr \/>\n<p>&nbsp;<\/p>\n<blockquote>\n<h3>GLI EVENTI ESTIVI DI ARABBA FODOM TURISMO<\/h3>\n<\/blockquote>\n<a href=\"https:\/\/www.radiopiu.net\/wordpress\/wp-content\/uploads\/2021\/08\/Attivita\u0300-Eventi-Agosto-2.pdf\" class=\"pdfemb-viewer\" style=\"\" data-width=\"max\" data-height=\"max\" data-toolbar=\"top\" data-toolbar-fixed=\"on\">Attivita\u0300 &amp; Eventi Agosto 2<\/a>\n<p>&nbsp;<\/p>\n<hr \/>\n<p>&nbsp;<\/p>\n<h3 class=\"entry-title mkdf-post-title\">Primo concerto in Valle di Gares con i Pink Size Il grande spettacolo ai piedi delle Dolomiti<\/h3>\n<p><a href=\"https:\/\/www.radiopiu.net\/wordpress\/giornale-radiopiu-01-agosto-2021-direttore-mirko-mezzacasa\/11705683_10207451188865973_7894969160591772771_o-e1624806851469\/\" rel=\"attachment wp-att-225349\"><img loading=\"lazy\" decoding=\"async\" class=\"wp-image-225349 alignleft\" src=\"https:\/\/www.radiopiu.net\/wordpress\/wp-content\/uploads\/2021\/08\/11705683_10207451188865973_7894969160591772771_o-e1624806851469.jpg\" sizes=\"auto, (max-width: 256px) 100vw, 256px\" srcset=\"https:\/\/www.radiopiu.net\/wordpress\/wp-content\/uploads\/2021\/08\/11705683_10207451188865973_7894969160591772771_o-e1624806851469.jpg 1000w, https:\/\/www.radiopiu.net\/wordpress\/wp-content\/uploads\/2021\/08\/11705683_10207451188865973_7894969160591772771_o-e1624806851469-300x194.jpg 300w, https:\/\/www.radiopiu.net\/wordpress\/wp-content\/uploads\/2021\/08\/11705683_10207451188865973_7894969160591772771_o-e1624806851469-768x495.jpg 768w\" alt=\"\" width=\"256\" height=\"165\" \/><\/a><\/p>\n<div class=\"vc_row wpb_row vc_row-fluid vc_custom_1520853310750\">\n<div class=\"wpb_column vc_column_container vc_col-sm-12\">\n<div class=\"vc_column-inner\">\n<div class=\"wpb_wrapper\">\n<div class=\"wpb_text_column wpb_content_element \">\n<div class=\"wpb_wrapper\">\n<p><strong>Domenica 22 agosto 2021 alle ore 17.00<\/strong>\u00a0Canale d\u2019Agordo ospiter\u00e0 il 1\u00b0 concerto in Valle di Gar\u00e9s.\u00a0<strong>La location \u00e8 spettacolare e suggestiva<\/strong>, immersa nel verde, circondata delle Pale di San Martino e dalle cascate delle Comelle. In localit\u00e0 Pian de Giare, in fondo alla Valle di Gar\u00e8s, su di un grande prato, circondati dalle maestose Dolomiti, andr\u00e0 in scena uno spettacolo indimenticabile con l\u2019esibizione dei\u00a0<strong>Pink Size, Tribute band dei Pink Floyd.\u00a0<\/strong>Dal 2005 la band propone con grande passione le sonorit\u00e0 tipiche del Pink Floyd a 360 gradi. La scaletta abbraccia tutta la discografia, dalla psichedelia di Astronomy Domine ed Echoes, passando per l\u2019evoluzione degli anni \u201970 (Atom Heart Mother, Dark Side of the Moon, Wish You Were Here, Animals e The Wall), fino al loro ultimo album in studio. L\u2019evento, organizzato, dalla Pro Loco in collaborazione con le altre associazioni di volontariato locale, era previsto gi\u00e0 lo scorso anno, ma a causa della pandemia non ci sono state le condizioni per realizzarlo. Nonostante il Coronavirus abbia messo in crisi il turismo e quindi anche l\u2019attivit\u00e0 della Pro Loco, l\u2019Associazione stavolta \u00e8 determinata a procedere con l\u2019iniziativa. Per maggiori informazioni sulle modalit\u00e0 di partecipazione al concerto \u00e8 possibile rivolgersi all\u2019ufficio Pro Loco di Canale d\u2019Agordo e.mail: info@prolococanale.it tel. 0437 1948001<\/p>\n<\/div>\n<\/div>\n<\/div>\n<\/div>\n<\/div>\n<\/div>\n<p>&nbsp;<\/p>\n<p>&nbsp;<\/p>\n<hr \/>\n<p>&nbsp;<\/p>\n<blockquote>\n<h3>LA MOSTRA DI RENZO MIOLA A CANALE D\u2019AGORDO<\/h3>\n<\/blockquote>\n<p><strong>CANALE D\u2019AGORDO<\/strong>\u00a0Dal 12 al 31 agosto, presso la Casa delle Regole di Canale D\u2019Agordo, \u00e8 visitabile la mostra di pittura paesaggistica di Renzo Miola. La mostra seguira\u00e0 i seguenti orari: 10:30 \u2013 12:30, 16:30 \u2013 18:30 e 20 \u2013 22. L\u2019inaugurazione gioved\u00ec 12 agosto alle 17.<\/p>\n<p>&nbsp;<\/p>\n<p>&nbsp;<\/p>\n<hr \/>\n<p>&nbsp;<\/p>\n<blockquote>\n<h3>IL MUSEO ETNOGRAFICO DI TAIBON AGORDINO FINO AL 28 AGOSTO<\/h3>\n<\/blockquote>\n<p><strong>TAIBON<\/strong>\u00a0Sono aperte le porte del Museo Etnografico di Taibon Agordino \u201cCasa della Maria del Pacifico\u201d. Visitabile tutti i giorni dalle 10 alle 12 e dalle 16 alle 18 escluso il luned\u00ec mattina. Il Museo si trova vicino al municipio si Taibon in Via Pietro Nenni. Accesso con obbligo di mascherina e igienizzazione delle mani. Per informazioni 340 1495978<\/p>\n<p>&nbsp;<\/p>\n<p>&nbsp;<\/p>\n<hr \/>\n<p>&nbsp;<\/p>\n<blockquote>\n<h3>\u201cEN GIRO PER TOCOI\u201d A SAN TOMASO<\/h3>\n<\/blockquote>\n<p><strong>SAN TOMASO<\/strong> A Tocol di San Tomaso \u00e8 in programma \u201cEn Giro Per Tocoi\u201d, riproduzioni artistiche tra architetture di montagna. Organizza la Pro Loco di San Tomaso.<\/p>\n<p>&nbsp;<\/p>\n<p>&nbsp;<\/p>\n<hr \/>\n<p>&nbsp;<\/p>\n<blockquote>\n<h3>\u00a0BALLI POPOLARI IN PIAZZA<\/h3>\n<p><strong>CANALE D&#8217;AGORDO<\/strong> Il gruppo amatoriale Balliamo organizza una serata di balli popolari in piazza Papa Luciani, stasera alle 21, domani in caso di maltempo.<\/p><\/blockquote>\n<p>&nbsp;<\/p>\n<p>&nbsp;<\/p>\n<hr \/>\n<p>&nbsp;<\/p>\n<blockquote>\n<h3>L&#8217;INIZIATIVA IN ONORE DI DANTE<\/h3>\n<\/blockquote>\n<p><strong>VAL DI ZOLDO<\/strong> E\u2019 la prima iniziativa in onore di Dante che si tiene a Val di Zoldo nell\u2019anno dantesco 2021, a 7 secoli dalla morte del Sommo Poeta. Antonia Arslan legge e commenta il canto V del Purgatorio: l\u2019appuntamento e\u0300 per questa sera alle 21 in sala Rizzardini a Fusine, nell\u2019ambito degli Incontri con l\u2019autore, promossi dalla Biblioteca civica Pellegrini e dal comune: \u201cPersonaggi di carne e di sangue: I tre eroi del V canto del Purgatorio di Dante\u201d sara\u0300 il titolo della serata.<\/p>\n<p>&nbsp;<\/p>\n<p>&nbsp;<\/p>\n<hr \/>\n<p>&nbsp;<\/p>\n<blockquote>\n<h3>ARMONIE 2021, 3 APPUNTAMENTI A FINE AGOSTO<\/h3>\n<\/blockquote>\n<p><strong>BELLUNO\u00a0<\/strong>Triplo appuntamento per la rassegna \u201cArmonie 2021\u201d. Due concerti sono in programma il 21 agosto quando alle 17, presso il teatro Al Mut verr\u00e0 presentato \u201cCarmen\u201d e la sera alle 21 \u201cFinalmente insieme\u2026canto e musica\u201d in Piazza Duomo. Il 29 agosto alle 16 l\u2019ultimo appuntamento con \u201cCanti e poesie di fine estate\u201d a Bolzano Bellunese. Concerti all\u2019aperto su prenotazione ed esibizione di green pass.<\/p>\n<p>&nbsp;<\/p>\n<p>&nbsp;<\/p>\n<hr \/>\n<p>&nbsp;<\/p>\n<blockquote>\n<h3>LUNEDI\u2019 16 AGOSTO LA PRESENTAZIONE DEL LUNARIO DEL POI<\/h3>\n<\/blockquote>\n<p><strong>VOLTAGO\u00a0<\/strong><em>\u201cImmagini, parole, musica ed emozioni in una sera d\u2019estate\u201d,<\/em>\u00a0questo \u00e8 il titolo della manifestazione serale organizzata dall\u2019Union dei Ladin de Oltach, per la presentazione del calendario 2022\u00a0<em>\u201cLoch dei P\u00f3i-Luoghi del P\u00f3i\u201d,<\/em>\u00a0realizzato da Gabriele Riva. La serata avr\u00e0 luogo\u00a0luned\u00ec 16 agosto, alle ore 21, sulla piazza laterale della chiesa di Voltago Agordino.\u00a0 Proiezioni di immagini \u2013 d\u2019epoca e attuali \u2013 sulla parete della chiesa, visualizzeranno ci\u00f2 che due voci fuori campo narreranno e i brani live del quartetto strumentale \u201cBanda del Cion\u201d (fisarmonica, chitarra, flauto e mandolino) faranno da sottofondo musicale.\u00a0 L\u2019ingresso al plateatico \u00e8 consentito con presentazione di certificazioni come da Decreto Anti\u2013Covid.<\/p>\n<p>&nbsp;<\/p>\n<p>&nbsp;<\/p>\n<hr \/>\n<p>&nbsp;<\/p>\n<blockquote>\n<h3>GARA DI PESCA AL LAGHETTO DI POLANE<\/h3>\n<\/blockquote>\n<p><strong>AGORDO<\/strong> Domenica 15 agosto \u00e8 in programma al laghetto di polane di Agordo una gara di pesca dedicata alle categorie cuccioli (fino agli 8 anni non compiuti) e pierini (da 8 a 14 anni). In palio il 31\u00b0 Trofeo D&#8217;Isep. Iscrizioni presso Bar Schenot\u00a0 o Negozio D&#8217;Isep, quota d&#8217;iscrizione 15 euro.<\/p>\n<p>&nbsp;<\/p>\n<hr \/>\n<div class=\"page-title-head hgroup\">\n<h1 class=\"entry-title\"><\/h1>\n<h1 class=\"entry-title\">DALLA REALTA\u2019AL SIMBOLO NEI RACCONTI SULLA CULTURA CONTADINA E ARTIGIANA<\/h1>\n<\/div>\n<div class=\"page-title-breadcrumbs\"><\/div>\n<p><strong>DI RENATO BONA<\/strong><\/p>\n<p>E\u2019 intitolato \u201cDalla realt\u00e0 al simbolo\u201d il settimo ed ultimo capitolo di \u201cRacconti bellunesi\u201d il libro del sospirolese di San Zenon Dino De Cian sulla cultura contadina e artigiana della Val del Piave, tra Belluno e Feltre, in fotografia, edito nell\u2019ormai lontano 1982 con la tipografia Piave dall\u2019Istituto bellunese di ricerche sociali e culturali, con presentazione di Paolo Piccolo ed introduzione del prof. don Gigetto De Bortoli. Dopo \u201cLavori stagionali\u201d, \u201cPersonaggi\u201d, \u201cStrumenti e persone al lavoro\u201d, \u201cLavoro per la famiglia e la vita\u201d, \u201cLavori speciali\u201d; \u201cAnimali, cose e scene nella natura bellunese\u201d tocca dunque soffermarci su quest\u2019ultima serie di immagini che Dino De Cian, che fa parte del Circolo fotografico bellunese ci propone, sempre con riferimento alla realt\u00e0 del mondo dei contadini e degli artigiani tradizionali che per lui costituisce oggetto di studio continuo, ritenendo come ha sottolineato Piccolo, che questa terra \u201cpossa riconquistare la propria individualit\u00e0 riscoprendo e potenziando al massimo la propria anima montanara, contadina, artigiana. E per fortuna &#8211; per dirla con Gigetto De Bortoli &#8211; il Bellunese, quella meravigliosa conca che si estende dai piedi della Vette Feltrine ai declivi delle Prealpi della Sinistra Piave, oggetto di questo studio, non ha ancora tagliato i ponti con la civilt\u00e0 materiale dei secoli trascorsi\u201d. Merito di Dino De Cian con le sue ottime immagini e di Paolo Piccolo con le sue efficaci didascalie, presentare a chi legge e osserva nel libro \u201cla vitalit\u00e0 attuale di questa civilt\u00e0 che \u00e8 sull\u2019orlo della scomparsa. Non una civilt\u00e0 decadente, scoraggiata di se stessa. Ancora De Bortoli: \u201cAccanitamente insaziabili di umanit\u00e0, l\u2019esperto delle foto e l\u2019esperto della solitudine di montagne, valli e animali, sono andati a scovare le persone che vivono ancora pienamente nel ritmo del tempo antico, ancora perfettamente integrate, tanto da parer ignare della truculenta civilt\u00e0 contemporanea che assoterra il passato con ritmo frenetico. E l\u2019hanno ancora trovato questo mondo, carico di indipendenza, di umori, di valori, di intelligenza. Di mani sapienti e di pensieri acuti, che accettano o rifiutano di colpo il malcapitato \u2018turista\u2019 entrato o non entrato in sintonia con loro. Una sintonia che ha permesso a De Cian di riprendere con efficacia fuori dal comune, uomini e donne di oggi, ma gi\u00e0 remotissimi, alle prese con lavori ancora validi e soddisfacenti sul piano umano, per chi riesce ancora a farli. Di fronte a lui questi uomini e queste donne, antichi e moderni insieme, si sono lasciati andare, si sono lasciati cogliere, nella pienezza della loro esperienza umana e tecnica\u201d. E allora guardiamole e \u201cleggiamole\u201d le immagini di quest\u2019ultimo capitolo, partendo da quella cui Piccolo ha dedicato questa dicitura: \u201cSpauracchio nel campo\u201d; a seguire: \u201cPrima estate\u201d; quindi: \u201cIl mese dei morti\u201d e \u201cTabacchiere\u201d; e, ancora: \u201cDalla terra al cielo\u201d; seguita da \u201cL\u2019umile \u2018bar\u00e8la\u2019 nel suo ultimo rifugio\u201d; che precede: \u201cI \u2018secondi\u2019 di San Gregorio, Silenzio nelle \u2018maiolere\u2019 abbandonate\u201d; poi: \u201cNobilt\u00e0 decaduta\u201d; \u201cToilette rusticana a Gena Alta\u201d; \u201cAntichissima pietra di frantoio per noci: ora giace murata fra consorelle meno illustri\u201d; \u201cSpinta verso l\u2019alto\u201d; \u201cLa \u2018nida\u2019 dopo il burro\u201d; Pensieri d\u2019adolescente in un volto bellunese\u201d; \u201cTramonto presso il \u2018lar\u00ecn\u2019\u201d; \u201cSperanza\u201d; per concludere con: \u201cNelle sere d\u2019estate il canto si leva sopra gli alberi delle rive del Piave in compagnia del vento che odora di fieno\u201d. In questa terra il canto scioglie i nodi interiori, fa battere il cuore, porta lacrime agli occhi\u201d.<\/p>\n\n\t\t\t<style type='text\/css'>\n\t\t\t\t#gallery-4 {\n\t\t\t\t\tmargin: auto;\n\t\t\t\t}\n\t\t\t\t#gallery-4 .gallery-item {\n\t\t\t\t\tfloat: left;\n\t\t\t\t\tmargin-top: 10px;\n\t\t\t\t\ttext-align: center;\n\t\t\t\t\twidth: 12%;\n\t\t\t\t}\n\t\t\t\t#gallery-4 img {\n\t\t\t\t\tborder: 2px solid #cfcfcf;\n\t\t\t\t}\n\t\t\t\t#gallery-4 .gallery-caption {\n\t\t\t\t\tmargin-left: 0;\n\t\t\t\t}\n\t\t\t\t\/* see gallery_shortcode() in wp-includes\/media.php *\/\n\t\t\t<\/style>\n\t\t<div id='gallery-4' class='dt-gallery-container gallery galleryid-227358 gallery-columns-8 gallery-size-thumbnail'><dl class='gallery-item'>\n\t\t\t\t<dt class='gallery-icon portrait'>\n\t\t\t\t\t<a class=\"rollover rollover-zoom dt-pswp-item\" title=\"236473830_556956342010673_8215219742928267482_n\" data-dt-img-description=\"\" data-large_image_width=\"156\" data-large_image_height=\"260\"href='https:\/\/www.radiopiu.net\/wordpress\/wp-content\/uploads\/2021\/08\/236473830_556956342010673_8215219742928267482_n.jpg'><img loading=\"lazy\" decoding=\"async\" width=\"150\" height=\"150\" src=\"https:\/\/www.radiopiu.net\/wordpress\/wp-content\/uploads\/2021\/08\/236473830_556956342010673_8215219742928267482_n-150x150.jpg\" class=\"attachment-thumbnail size-thumbnail\" alt=\"\" \/><\/a>\n\t\t\t\t<\/dt><\/dl><dl class='gallery-item'>\n\t\t\t\t<dt class='gallery-icon landscape'>\n\t\t\t\t\t<a class=\"rollover rollover-zoom dt-pswp-item\" title=\"235678042_533335361342948_6273329804128957836_n\" data-dt-img-description=\"\" data-large_image_width=\"348\" data-large_image_height=\"206\"href='https:\/\/www.radiopiu.net\/wordpress\/wp-content\/uploads\/2021\/08\/235678042_533335361342948_6273329804128957836_n.jpg'><img loading=\"lazy\" decoding=\"async\" width=\"150\" height=\"150\" src=\"https:\/\/www.radiopiu.net\/wordpress\/wp-content\/uploads\/2021\/08\/235678042_533335361342948_6273329804128957836_n-150x150.jpg\" class=\"attachment-thumbnail size-thumbnail\" alt=\"\" \/><\/a>\n\t\t\t\t<\/dt><\/dl><dl class='gallery-item'>\n\t\t\t\t<dt class='gallery-icon landscape'>\n\t\t\t\t\t<a class=\"rollover rollover-zoom dt-pswp-item\" title=\"233622843_272794961277437_8942662710969101134_n\" data-dt-img-description=\"\" data-large_image_width=\"277\" data-large_image_height=\"206\"href='https:\/\/www.radiopiu.net\/wordpress\/wp-content\/uploads\/2021\/08\/233622843_272794961277437_8942662710969101134_n.jpg'><img loading=\"lazy\" decoding=\"async\" width=\"150\" height=\"150\" src=\"https:\/\/www.radiopiu.net\/wordpress\/wp-content\/uploads\/2021\/08\/233622843_272794961277437_8942662710969101134_n-150x150.jpg\" class=\"attachment-thumbnail size-thumbnail\" alt=\"\" \/><\/a>\n\t\t\t\t<\/dt><\/dl><dl class='gallery-item'>\n\t\t\t\t<dt class='gallery-icon portrait'>\n\t\t\t\t\t<a class=\"rollover rollover-zoom dt-pswp-item\" title=\"235392398_1190976344713519_2170770242541899613_n\" data-dt-img-description=\"\" data-large_image_width=\"157\" data-large_image_height=\"206\"href='https:\/\/www.radiopiu.net\/wordpress\/wp-content\/uploads\/2021\/08\/235392398_1190976344713519_2170770242541899613_n.jpg'><img loading=\"lazy\" decoding=\"async\" width=\"150\" height=\"150\" src=\"https:\/\/www.radiopiu.net\/wordpress\/wp-content\/uploads\/2021\/08\/235392398_1190976344713519_2170770242541899613_n-150x150.jpg\" class=\"attachment-thumbnail size-thumbnail\" alt=\"\" \/><\/a>\n\t\t\t\t<\/dt><\/dl><dl class='gallery-item'>\n\t\t\t\t<dt class='gallery-icon portrait'>\n\t\t\t\t\t<a class=\"rollover rollover-zoom dt-pswp-item\" title=\"235756589_595824851796413_409643930873956942_n\" data-dt-img-description=\"\" data-large_image_width=\"155\" data-large_image_height=\"260\"href='https:\/\/www.radiopiu.net\/wordpress\/wp-content\/uploads\/2021\/08\/235756589_595824851796413_409643930873956942_n.jpg'><img loading=\"lazy\" decoding=\"async\" width=\"150\" height=\"150\" src=\"https:\/\/www.radiopiu.net\/wordpress\/wp-content\/uploads\/2021\/08\/235756589_595824851796413_409643930873956942_n-150x150.jpg\" class=\"attachment-thumbnail size-thumbnail\" alt=\"\" \/><\/a>\n\t\t\t\t<\/dt><\/dl><dl class='gallery-item'>\n\t\t\t\t<dt class='gallery-icon portrait'>\n\t\t\t\t\t<a class=\"rollover rollover-zoom dt-pswp-item\" title=\"235932460_1077295833057526_650775127122673476_n\" data-dt-img-description=\"\" data-large_image_width=\"151\" data-large_image_height=\"206\"href='https:\/\/www.radiopiu.net\/wordpress\/wp-content\/uploads\/2021\/08\/235932460_1077295833057526_650775127122673476_n.jpg'><img loading=\"lazy\" decoding=\"async\" width=\"150\" height=\"150\" src=\"https:\/\/www.radiopiu.net\/wordpress\/wp-content\/uploads\/2021\/08\/235932460_1077295833057526_650775127122673476_n-150x150.jpg\" class=\"attachment-thumbnail size-thumbnail\" alt=\"\" \/><\/a>\n\t\t\t\t<\/dt><\/dl><dl class='gallery-item'>\n\t\t\t\t<dt class='gallery-icon landscape'>\n\t\t\t\t\t<a class=\"rollover rollover-zoom dt-pswp-item\" title=\"235853207_388421192846119_712706425218680444_n\" data-dt-img-description=\"\" data-large_image_width=\"273\" data-large_image_height=\"206\"href='https:\/\/www.radiopiu.net\/wordpress\/wp-content\/uploads\/2021\/08\/235853207_388421192846119_712706425218680444_n.jpg'><img loading=\"lazy\" decoding=\"async\" width=\"150\" height=\"150\" src=\"https:\/\/www.radiopiu.net\/wordpress\/wp-content\/uploads\/2021\/08\/235853207_388421192846119_712706425218680444_n-150x150.jpg\" class=\"attachment-thumbnail size-thumbnail\" alt=\"\" \/><\/a>\n\t\t\t\t<\/dt><\/dl><dl class='gallery-item'>\n\t\t\t\t<dt class='gallery-icon landscape'>\n\t\t\t\t\t<a class=\"rollover rollover-zoom dt-pswp-item\" title=\"235923563_4211134612269545_162574456896992990_n\" data-dt-img-description=\"\" data-large_image_width=\"262\" data-large_image_height=\"206\"href='https:\/\/www.radiopiu.net\/wordpress\/wp-content\/uploads\/2021\/08\/235923563_4211134612269545_162574456896992990_n.jpg'><img loading=\"lazy\" decoding=\"async\" width=\"150\" height=\"150\" src=\"https:\/\/www.radiopiu.net\/wordpress\/wp-content\/uploads\/2021\/08\/235923563_4211134612269545_162574456896992990_n-150x150.jpg\" class=\"attachment-thumbnail size-thumbnail\" alt=\"\" \/><\/a>\n\t\t\t\t<\/dt><\/dl><br style=\"clear: both\" \/><dl class='gallery-item'>\n\t\t\t\t<dt class='gallery-icon portrait'>\n\t\t\t\t\t<a class=\"rollover rollover-zoom dt-pswp-item\" title=\"235561248_342545137537141_1402588064534106541_n\" data-dt-img-description=\"\" data-large_image_width=\"152\" data-large_image_height=\"225\"href='https:\/\/www.radiopiu.net\/wordpress\/wp-content\/uploads\/2021\/08\/235561248_342545137537141_1402588064534106541_n.jpg'><img loading=\"lazy\" decoding=\"async\" width=\"150\" height=\"150\" src=\"https:\/\/www.radiopiu.net\/wordpress\/wp-content\/uploads\/2021\/08\/235561248_342545137537141_1402588064534106541_n-150x150.jpg\" class=\"attachment-thumbnail size-thumbnail\" alt=\"\" \/><\/a>\n\t\t\t\t<\/dt><\/dl><dl class='gallery-item'>\n\t\t\t\t<dt class='gallery-icon landscape'>\n\t\t\t\t\t<a class=\"rollover rollover-zoom dt-pswp-item\" title=\"235235985_256582986067314_1676453112676224124_n\" data-dt-img-description=\"\" data-large_image_width=\"280\" data-large_image_height=\"202\"href='https:\/\/www.radiopiu.net\/wordpress\/wp-content\/uploads\/2021\/08\/235235985_256582986067314_1676453112676224124_n.jpg'><img loading=\"lazy\" decoding=\"async\" width=\"150\" height=\"150\" src=\"https:\/\/www.radiopiu.net\/wordpress\/wp-content\/uploads\/2021\/08\/235235985_256582986067314_1676453112676224124_n-150x150.jpg\" class=\"attachment-thumbnail size-thumbnail\" alt=\"\" \/><\/a>\n\t\t\t\t<\/dt><\/dl><dl class='gallery-item'>\n\t\t\t\t<dt class='gallery-icon landscape'>\n\t\t\t\t\t<a class=\"rollover rollover-zoom dt-pswp-item\" title=\"236370382_162977632511484_1786318985580545749_n\" data-dt-img-description=\"\" data-large_image_width=\"277\" data-large_image_height=\"206\"href='https:\/\/www.radiopiu.net\/wordpress\/wp-content\/uploads\/2021\/08\/236370382_162977632511484_1786318985580545749_n.jpg'><img loading=\"lazy\" decoding=\"async\" width=\"150\" height=\"150\" src=\"https:\/\/www.radiopiu.net\/wordpress\/wp-content\/uploads\/2021\/08\/236370382_162977632511484_1786318985580545749_n-150x150.jpg\" class=\"attachment-thumbnail size-thumbnail\" alt=\"\" \/><\/a>\n\t\t\t\t<\/dt><\/dl><dl class='gallery-item'>\n\t\t\t\t<dt class='gallery-icon landscape'>\n\t\t\t\t\t<a class=\"rollover rollover-zoom dt-pswp-item\" title=\"236199411_416124759828564_4967462916017646598_n\" data-dt-img-description=\"\" data-large_image_width=\"350\" data-large_image_height=\"204\"href='https:\/\/www.radiopiu.net\/wordpress\/wp-content\/uploads\/2021\/08\/236199411_416124759828564_4967462916017646598_n.jpg'><img loading=\"lazy\" decoding=\"async\" width=\"150\" height=\"150\" src=\"https:\/\/www.radiopiu.net\/wordpress\/wp-content\/uploads\/2021\/08\/236199411_416124759828564_4967462916017646598_n-150x150.jpg\" class=\"attachment-thumbnail size-thumbnail\" alt=\"\" \/><\/a>\n\t\t\t\t<\/dt><\/dl><dl class='gallery-item'>\n\t\t\t\t<dt class='gallery-icon landscape'>\n\t\t\t\t\t<a class=\"rollover rollover-zoom dt-pswp-item\" title=\"236193713_974022060114139_8812579838981118442_n\" data-dt-img-description=\"\" data-large_image_width=\"345\" data-large_image_height=\"206\"href='https:\/\/www.radiopiu.net\/wordpress\/wp-content\/uploads\/2021\/08\/236193713_974022060114139_8812579838981118442_n.jpg'><img loading=\"lazy\" decoding=\"async\" width=\"150\" height=\"150\" src=\"https:\/\/www.radiopiu.net\/wordpress\/wp-content\/uploads\/2021\/08\/236193713_974022060114139_8812579838981118442_n-150x150.jpg\" class=\"attachment-thumbnail size-thumbnail\" alt=\"\" \/><\/a>\n\t\t\t\t<\/dt><\/dl><dl class='gallery-item'>\n\t\t\t\t<dt class='gallery-icon landscape'>\n\t\t\t\t\t<a class=\"rollover rollover-zoom dt-pswp-item\" title=\"235344668_657969625605728_5796686624672603108_n\" data-dt-img-description=\"\" data-large_image_width=\"335\" data-large_image_height=\"206\"href='https:\/\/www.radiopiu.net\/wordpress\/wp-content\/uploads\/2021\/08\/235344668_657969625605728_5796686624672603108_n.jpg'><img loading=\"lazy\" decoding=\"async\" width=\"150\" height=\"150\" src=\"https:\/\/www.radiopiu.net\/wordpress\/wp-content\/uploads\/2021\/08\/235344668_657969625605728_5796686624672603108_n-150x150.jpg\" class=\"attachment-thumbnail size-thumbnail\" alt=\"\" \/><\/a>\n\t\t\t\t<\/dt><\/dl><dl class='gallery-item'>\n\t\t\t\t<dt class='gallery-icon landscape'>\n\t\t\t\t\t<a class=\"rollover rollover-zoom dt-pswp-item\" title=\"235923558_219307013527312_2589908834718679703_n\" data-dt-img-description=\"\" data-large_image_width=\"276\" data-large_image_height=\"206\"href='https:\/\/www.radiopiu.net\/wordpress\/wp-content\/uploads\/2021\/08\/235923558_219307013527312_2589908834718679703_n.jpg'><img loading=\"lazy\" decoding=\"async\" width=\"150\" height=\"150\" src=\"https:\/\/www.radiopiu.net\/wordpress\/wp-content\/uploads\/2021\/08\/235923558_219307013527312_2589908834718679703_n-150x150.jpg\" class=\"attachment-thumbnail size-thumbnail\" alt=\"\" \/><\/a>\n\t\t\t\t<\/dt><\/dl><dl class='gallery-item'>\n\t\t\t\t<dt class='gallery-icon portrait'>\n\t\t\t\t\t<a class=\"rollover rollover-zoom dt-pswp-item\" title=\"235943589_348579713565876_1528755112986285871_n\" data-dt-img-description=\"\" data-large_image_width=\"153\" data-large_image_height=\"206\"href='https:\/\/www.radiopiu.net\/wordpress\/wp-content\/uploads\/2021\/08\/235943589_348579713565876_1528755112986285871_n.jpg'><img loading=\"lazy\" decoding=\"async\" width=\"150\" height=\"150\" src=\"https:\/\/www.radiopiu.net\/wordpress\/wp-content\/uploads\/2021\/08\/235943589_348579713565876_1528755112986285871_n-150x150.jpg\" class=\"attachment-thumbnail size-thumbnail\" alt=\"\" \/><\/a>\n\t\t\t\t<\/dt><\/dl><br style=\"clear: both\" \/>\n\t\t\t<\/div>\n\n<p>&nbsp;<\/p>\n<p>&nbsp;<\/p>\n<p>&nbsp;<\/p>\n<hr \/>\n<p>&nbsp;<\/p>\n<h1><span style=\"color: #ff0000;\">IERI ALLA RADIO<\/span><\/h1>\n<h2><strong><a href=\"https:\/\/www.radiopiu.net\/wordpress\/i-70-anni-dellassociazione-bellunese-volontari-del-sangue\/abvs-2\/\" rel=\"attachment wp-att-227476\"><img loading=\"lazy\" decoding=\"async\" class=\" wp-image-227476 alignleft\" src=\"https:\/\/www.radiopiu.net\/wordpress\/wp-content\/uploads\/2021\/08\/ABVS-300x300.jpg\" alt=\"\" width=\"126\" height=\"126\" srcset=\"https:\/\/www.radiopiu.net\/wordpress\/wp-content\/uploads\/2021\/08\/ABVS-300x300.jpg 300w, https:\/\/www.radiopiu.net\/wordpress\/wp-content\/uploads\/2021\/08\/ABVS-1024x1024.jpg 1024w, https:\/\/www.radiopiu.net\/wordpress\/wp-content\/uploads\/2021\/08\/ABVS-150x150.jpg 150w, https:\/\/www.radiopiu.net\/wordpress\/wp-content\/uploads\/2021\/08\/ABVS-768x768.jpg 768w, https:\/\/www.radiopiu.net\/wordpress\/wp-content\/uploads\/2021\/08\/ABVS-1536x1536.jpg 1536w, https:\/\/www.radiopiu.net\/wordpress\/wp-content\/uploads\/2021\/08\/ABVS.jpg 2000w\" sizes=\"auto, (max-width: 126px) 100vw, 126px\" \/><\/a><\/strong><span style=\"color: #0000ff;\">I 70 ANNI DELL&#8217;ASSOCIAZIONE BELLUNESE VOLONTARI DEL SANGUE<\/span><\/h2>\n<p><strong>di Claudio Fontanive<\/strong><\/p>\n<p>OSPITI: Gina Bortot e Mauro Groppa<\/p>\n<audio class=\"wp-audio-shortcode\" id=\"audio-227358-7\" preload=\"none\" style=\"width: 100%;\" controls=\"controls\"><source type=\"audio\/mpeg\" src=\"https:\/\/www.radiopiu.net\/wordpress\/wp-content\/uploads\/2021\/08\/donatori-12-agosto.mp3?_=7\" \/><a href=\"https:\/\/www.radiopiu.net\/wordpress\/wp-content\/uploads\/2021\/08\/donatori-12-agosto.mp3\">https:\/\/www.radiopiu.net\/wordpress\/wp-content\/uploads\/2021\/08\/donatori-12-agosto.mp3<\/a><\/audio>\n<p>&nbsp;<\/p>\n<hr \/>\n<p>&nbsp;<\/p>\n<h2><strong><a href=\"https:\/\/www.radiopiu.net\/wordpress\/elezioni-comunali-2019-alleghe\/alleghe-danilo-de-toni\/\" rel=\"attachment wp-att-86463\"><img loading=\"lazy\" decoding=\"async\" class=\" wp-image-86463 alignleft\" src=\"https:\/\/www.radiopiu.net\/wordpress\/wp-content\/uploads\/2019\/05\/ALLEGHE-DANILO-DE-TONI-257x300.jpeg\" alt=\"\" width=\"149\" height=\"174\" srcset=\"https:\/\/www.radiopiu.net\/wordpress\/wp-content\/uploads\/2019\/05\/ALLEGHE-DANILO-DE-TONI-257x300.jpeg 257w, https:\/\/www.radiopiu.net\/wordpress\/wp-content\/uploads\/2019\/05\/ALLEGHE-DANILO-DE-TONI-768x895.jpeg 768w, https:\/\/www.radiopiu.net\/wordpress\/wp-content\/uploads\/2019\/05\/ALLEGHE-DANILO-DE-TONI-879x1024.jpeg 879w, https:\/\/www.radiopiu.net\/wordpress\/wp-content\/uploads\/2019\/05\/ALLEGHE-DANILO-DE-TONI.jpeg 1373w\" sizes=\"auto, (max-width: 149px) 100vw, 149px\" \/><\/a><\/strong><span style=\"color: #33cccc;\">IL GIRO DEL LAGO DI ALLEGHE E I FUOCHI D&#8217;ARTIFICIO CON IL SINDACO DI ALLEGHE<\/span><\/h2>\n<p><strong>di Claudio Fontanive<\/strong><\/p>\n<audio class=\"wp-audio-shortcode\" id=\"audio-227358-8\" preload=\"none\" style=\"width: 100%;\" controls=\"controls\"><source type=\"audio\/mpeg\" src=\"https:\/\/www.radiopiu.net\/wordpress\/wp-content\/uploads\/2021\/08\/danilo-de-toni-12-agosto.mp3?_=8\" \/><a href=\"https:\/\/www.radiopiu.net\/wordpress\/wp-content\/uploads\/2021\/08\/danilo-de-toni-12-agosto.mp3\">https:\/\/www.radiopiu.net\/wordpress\/wp-content\/uploads\/2021\/08\/danilo-de-toni-12-agosto.mp3<\/a><\/audio>\n<p>&nbsp;<\/p>\n<hr \/>\n<p>&nbsp;<\/p>\n<blockquote class=\"wp-embedded-content\" data-secret=\"lXOfv8i6cy\"><p><a href=\"https:\/\/www.radiopiu.net\/wordpress\/la-montagna-di-agostini\/\">&#8220;LA MONTAGNA DI QUENTIN&#8221;, IL LIBRO DI VINCENZO AGOSTINI<\/a><\/p><\/blockquote>\n<p><iframe loading=\"lazy\" class=\"wp-embedded-content\" sandbox=\"allow-scripts\" security=\"restricted\" style=\"position: absolute; clip: rect(1px, 1px, 1px, 1px);\" title=\"&#8220;&#8220;LA MONTAGNA DI QUENTIN&#8221;, IL LIBRO DI VINCENZO AGOSTINI&#8221; &#8212; Radio Pi\u00f9\" src=\"https:\/\/www.radiopiu.net\/wordpress\/la-montagna-di-agostini\/embed\/#?secret=lXOfv8i6cy\" data-secret=\"lXOfv8i6cy\" width=\"600\" height=\"338\" frameborder=\"0\" marginwidth=\"0\" marginheight=\"0\" scrolling=\"no\"><\/iframe><\/p>\n<p>&nbsp;<\/p>\n<p>&nbsp;<\/p>\n<hr \/>\n<h3><strong>\u00a0<\/strong><\/h3>\n<h3><strong>\u201cI MISTERI DI ALLEGHE DI SERGIO SAVIANE\u201d ALLA RADIO CON L\u2019ATTORE ROBERTO FAORO . . . OGNI GIORNO DAL LUNEDI AL VENERDI ALLE 15.30\u00a0\u00a0<\/strong><\/h3>\n<p><em><a href=\"https:\/\/www.radiopiu.net\/wordpress\/i-misteri-di-alleghe-alla-radio\/th-156\/\" rel=\"attachment wp-att-221036\"><img loading=\"lazy\" decoding=\"async\" class=\"wp-image-221036 alignleft\" src=\"https:\/\/www.radiopiu.net\/wordpress\/wp-content\/uploads\/2021\/07\/th-6.jpg\" alt=\"\" width=\"119\" height=\"147\" \/><\/a>\u201cPiacere, sono Roberto Faoro poliedrico attore, drammaturgo e regista italiano\u201d.<\/em><\/p>\n<p>Esperienza, professionalit\u00e0 e passione per il mondo dell\u2019arte e della recitazione sono le tre parole chiave che fanno di Roberto Faoro un attore, drammaturgo, regista e formatore molto conosciuto e apprezzato nel territorio delle Dolomiti Bellunesi, ma anche a livello nazionale.<\/p>\n<p>&nbsp;<\/p>\n<p><strong>PUNTATA 24 DEL 12 AGOSTO 2021<\/strong><\/p>\n<audio class=\"wp-audio-shortcode\" id=\"audio-227358-9\" preload=\"none\" style=\"width: 100%;\" controls=\"controls\"><source type=\"audio\/mpeg\" src=\"https:\/\/www.radiopiu.net\/wordpress\/wp-content\/uploads\/2021\/08\/A_24.mp3?_=9\" \/><a href=\"https:\/\/www.radiopiu.net\/wordpress\/wp-content\/uploads\/2021\/08\/A_24.mp3\">https:\/\/www.radiopiu.net\/wordpress\/wp-content\/uploads\/2021\/08\/A_24.mp3<\/a><\/audio>\n<p>&nbsp;<\/p>\n<blockquote class=\"wp-embedded-content\" data-secret=\"4eCZo4DjFE\"><p><a href=\"https:\/\/www.radiopiu.net\/wordpress\/i-misteri-di-alleghe-di-sergio-saviane-alla-radio-con-lattore-roberto-faoro-il-podcast\/\">&#8220;I MISTERI DI ALLEGHE DI SERGIO SAVIANE&#8221; ALLA RADIO CON L&#8217;ATTORE ROBERTO FAORO &#8211; IL PODCAST<\/a><\/p><\/blockquote>\n<p><iframe loading=\"lazy\" class=\"wp-embedded-content\" sandbox=\"allow-scripts\" security=\"restricted\" style=\"position: absolute; clip: rect(1px, 1px, 1px, 1px);\" title=\"&#8220;&#8220;I MISTERI DI ALLEGHE DI SERGIO SAVIANE&#8221; ALLA RADIO CON L&#8217;ATTORE ROBERTO FAORO &#8211; IL PODCAST&#8221; &#8212; Radio Pi\u00f9\" src=\"https:\/\/www.radiopiu.net\/wordpress\/i-misteri-di-alleghe-di-sergio-saviane-alla-radio-con-lattore-roberto-faoro-il-podcast\/embed\/#?secret=4eCZo4DjFE\" data-secret=\"4eCZo4DjFE\" width=\"600\" height=\"338\" frameborder=\"0\" marginwidth=\"0\" marginheight=\"0\" scrolling=\"no\"><\/iframe><\/p>\n<h2><\/h2>\n<hr \/>\n<p>&nbsp;<\/p>\n<h2><span style=\"color: #ff6600;\">I PROFESSIONISTI DEL POLIAMBULATORIO AGORDINO RISPONDONO<\/span><\/h2>\n<blockquote class=\"wp-embedded-content\" data-secret=\"1MdynmB8ar\"><p><a href=\"https:\/\/www.radiopiu.net\/wordpress\/i-professionisti-del-poliambulatorio-agordino-rispondono\/\">I PROFESSIONISTI DEL POLIAMBULATORIO AGORDINO RISPONDONO<\/a><\/p><\/blockquote>\n<p><iframe loading=\"lazy\" class=\"wp-embedded-content\" sandbox=\"allow-scripts\" security=\"restricted\" style=\"position: absolute; clip: rect(1px, 1px, 1px, 1px);\" title=\"&#8220;I PROFESSIONISTI DEL POLIAMBULATORIO AGORDINO RISPONDONO&#8221; &#8212; Radio Pi\u00f9\" src=\"https:\/\/www.radiopiu.net\/wordpress\/i-professionisti-del-poliambulatorio-agordino-rispondono\/embed\/#?secret=1MdynmB8ar\" data-secret=\"1MdynmB8ar\" width=\"600\" height=\"338\" frameborder=\"0\" marginwidth=\"0\" marginheight=\"0\" scrolling=\"no\"><\/iframe><\/p>\n<p>&nbsp;<\/p>\n<hr \/>\n<p>&nbsp;<\/p>\n<blockquote class=\"wp-embedded-content\" data-secret=\"ub02SnhLoe\"><p><a href=\"https:\/\/www.radiopiu.net\/wordpress\/plastic-free-per-un-mondo-senza-plastica\/\">PLASTIC FREE per un mondo senza plastica<\/a><\/p><\/blockquote>\n<p><iframe loading=\"lazy\" class=\"wp-embedded-content\" sandbox=\"allow-scripts\" security=\"restricted\" style=\"position: absolute; clip: rect(1px, 1px, 1px, 1px);\" title=\"&#8220;PLASTIC FREE per un mondo senza plastica&#8221; &#8212; Radio Pi\u00f9\" src=\"https:\/\/www.radiopiu.net\/wordpress\/plastic-free-per-un-mondo-senza-plastica\/embed\/#?secret=ub02SnhLoe\" data-secret=\"ub02SnhLoe\" width=\"600\" height=\"338\" frameborder=\"0\" marginwidth=\"0\" marginheight=\"0\" scrolling=\"no\"><\/iframe><\/p>\n<p>&nbsp;<\/p>\n<hr \/>\n<p>&nbsp;<\/p>\n<blockquote class=\"wp-embedded-content\" data-secret=\"cvZzbeuhPN\"><p><a href=\"https:\/\/www.radiopiu.net\/wordpress\/da-ieri-alla-radio-in-palinsesto-loris-e-maurizio-con-la-grande-musica\/\">IL BLUES ALLA RADIO &#8230; COME NON L&#8217;AVETE MAI SENTITO PRIMA<\/a><\/p><\/blockquote>\n<p><iframe loading=\"lazy\" class=\"wp-embedded-content\" sandbox=\"allow-scripts\" security=\"restricted\" style=\"position: absolute; clip: rect(1px, 1px, 1px, 1px);\" title=\"&#8220;IL BLUES ALLA RADIO &#8230; COME NON L&#8217;AVETE MAI SENTITO PRIMA&#8221; &#8212; Radio Pi\u00f9\" src=\"https:\/\/www.radiopiu.net\/wordpress\/da-ieri-alla-radio-in-palinsesto-loris-e-maurizio-con-la-grande-musica\/embed\/#?secret=cvZzbeuhPN\" data-secret=\"cvZzbeuhPN\" width=\"600\" height=\"338\" frameborder=\"0\" marginwidth=\"0\" marginheight=\"0\" scrolling=\"no\"><\/iframe><\/p>\n<p>&nbsp;<\/p>\n<hr \/>\n<p>&nbsp;<\/p>\n<div>\n<div class=\"mkdf-post-text\">\n<div class=\"mkdf-post-text-inner\">\n<div class=\"mkdf-post-text-main\">\n<div class=\"mkdf-post-text\">\n<div class=\"mkdf-post-text-inner\">\n<div class=\"mkdf-post-text-main\">\n<div class=\"mkdf-post-text\">\n<div class=\"mkdf-post-text-inner\">\n<div class=\"mkdf-post-text-main\">\n<div class=\"page-title-head hgroup\">\n<div class=\"page-title-head hgroup\">\n<div class=\"page-title-breadcrumbs\">\n<div class=\"mkdf-post-text\">\n<div class=\"mkdf-post-text-inner\">\n<div class=\"mkdf-post-text-main\">\n<div class=\"mkdf-post-text\">\n<div class=\"mkdf-post-text-inner\">\n<div class=\"mkdf-post-text-main\">\n<div class=\"page-title-head hgroup\">\n<div class=\"page-title-head hgroup\">\n<div class=\"mkdf-post-text\">\n<div class=\"mkdf-post-text-inner\">\n<div class=\"mkdf-post-text-main\">\n<div class=\"mkdf-post-text\">\n<div class=\"mkdf-post-text-inner\">\n<div class=\"mkdf-post-text-main\">\n<div class=\"page-title-head hgroup\">\n<div class=\"page-title-head hgroup\">\n<div class=\"page-title-head hgroup\">\n<div class=\"page-title-head hgroup\">\n<div class=\"b654a4as d2edcug0\">\n<div class=\"page-title-head hgroup\">\n<div class=\"page-title-head hgroup\">\n<div class=\"mkdf-post-text\">\n<div class=\"mkdf-post-text-inner\">\n<div class=\"mkdf-post-text-main\">\n<div class=\"mkdf-post-text\">\n<div class=\"mkdf-post-text-inner\">\n<div class=\"mkdf-post-text-main\">\n<div class=\"mkdf-post-text\">\n<div class=\"mkdf-post-text-inner\">\n<div class=\"mkdf-post-text-main\">\n<div class=\"page-title-head hgroup\">\n<div class=\"page-title-head hgroup\">\n<div class=\"mkdf-post-text\">\n<div class=\"mkdf-post-text-inner\">\n<div class=\"mkdf-post-text-main\">\n<div class=\"mkdf-post-text\">\n<div class=\"mkdf-post-text-inner\">\n<div class=\"mkdf-post-text-main\">\n<div class=\"page-title-head hgroup\">\n<div class=\"page-title-head hgroup\">\n<div class=\"page-title-head hgroup\">\n<div class=\"page-title-head hgroup\">\n<div class=\"b654a4as d2edcug0\">\n<div class=\"page-title-head hgroup\">\n<div class=\"page-title-head hgroup\">\n<div class=\"page-title-head hgroup\">\n<div class=\"page-title-head hgroup\">\n<div class=\"b654a4as d2edcug0\">\n<div>\n<div class=\"mkdf-post-text\">\n<div class=\"mkdf-post-text-inner\">\n<div class=\"mkdf-post-text-main\">\n<div class=\"mkdf-post-text\">\n<div class=\"mkdf-post-text-inner\">\n<div class=\"mkdf-post-text-main\">\n<div class=\"mkdf-post-text\">\n<div class=\"mkdf-post-text-inner\">\n<div class=\"mkdf-post-text-main\">\n<div class=\"page-title-head hgroup\">\n<div class=\"page-title-head hgroup\">\n<div class=\"page-title-breadcrumbs\">\n<div class=\"mkdf-post-text\">\n<div class=\"mkdf-post-text-inner\">\n<div class=\"mkdf-post-text-main\">\n<div class=\"mkdf-post-text\">\n<div class=\"mkdf-post-text-inner\">\n<div class=\"mkdf-post-text-main\">\n<div class=\"page-title-head hgroup\">\n<div class=\"page-title-head hgroup\">\n<div class=\"mkdf-post-text\">\n<div class=\"mkdf-post-text-inner\">\n<div class=\"mkdf-post-text-main\">\n<h2><strong><span style=\"color: #ff0000;\">QUINDICINALE APPUNTAMENTO ALLA RADIO<\/span><\/strong><\/h2>\n<blockquote>\n<h3><a style=\"font-size: 14px; font-weight: normal;\" href=\"https:\/\/www.radiopiu.net\/wordpress\/giornale-radiopiu-06-febbraio-2019-direttore-mirko-mezzacasa\/logo_spi-cgil-800x445\/\" rel=\"attachment wp-att-75538\"><img loading=\"lazy\" decoding=\"async\" class=\"wp-image-75538 alignleft\" src=\"https:\/\/www.radiopiu.net\/wordpress\/wp-content\/uploads\/2019\/02\/Logo_Spi-CGIL-800x445-300x167.jpg\" alt=\"\" width=\"210\" height=\"117\" srcset=\"https:\/\/www.radiopiu.net\/wordpress\/wp-content\/uploads\/2019\/02\/Logo_Spi-CGIL-800x445-300x167.jpg 300w, https:\/\/www.radiopiu.net\/wordpress\/wp-content\/uploads\/2019\/02\/Logo_Spi-CGIL-800x445-768x427.jpg 768w, https:\/\/www.radiopiu.net\/wordpress\/wp-content\/uploads\/2019\/02\/Logo_Spi-CGIL-800x445.jpg 800w\" sizes=\"auto, (max-width: 210px) 100vw, 210px\" \/><\/a><\/h3>\n<\/blockquote>\n<blockquote>\n<h3>ALLA RADIO, APPUNTAMENTO QUINDICINALE CON SPI-CGIL BELLUNO, IN STUDIO MARIA RITA GENTILIN<\/h3>\n<\/blockquote>\n<p><strong>di Claudio Fontanive\u00a0<\/strong><\/p>\n<p><span style=\"color: #ff0000;\"><strong>PUNTATA DEL\u00a0 22 luglio 2021<br \/>\n<\/strong><\/span><\/p>\n<audio class=\"wp-audio-shortcode\" id=\"audio-227358-10\" preload=\"none\" style=\"width: 100%;\" controls=\"controls\"><source type=\"audio\/mpeg\" src=\"https:\/\/www.radiopiu.net\/wordpress\/wp-content\/uploads\/2021\/07\/spi-cgil-22-luglio.mp3?_=10\" \/><a href=\"https:\/\/www.radiopiu.net\/wordpress\/wp-content\/uploads\/2021\/07\/spi-cgil-22-luglio.mp3\">https:\/\/www.radiopiu.net\/wordpress\/wp-content\/uploads\/2021\/07\/spi-cgil-22-luglio.mp3<\/a><\/audio>\n<p><span style=\"color: #ff0000;\"><strong>\u00a0 \u00a0<\/strong><\/span><\/p>\n<p>&nbsp;<\/p>\n<hr \/>\n<p>&nbsp;<\/p>\n<div class=\"mkdf-post-text\">\n<div class=\"mkdf-post-text-inner\">\n<div class=\"mkdf-post-text-main\">\n<div class=\"page-title-head hgroup\">\n<div class=\"page-title-head hgroup\">\n<div class=\"page-title-head hgroup\">\n<div class=\"page-title-head hgroup\">\n<div class=\"b654a4as d2edcug0\">\n<blockquote>\n<blockquote>\n<h2><a href=\"https:\/\/www.radiopiu.net\/wordpress\/speciale-solidarieta-veneto\/solidarieta-veneto-3\/\" rel=\"attachment wp-att-134366\"><img loading=\"lazy\" decoding=\"async\" class=\"wp-image-134366 alignleft\" src=\"https:\/\/www.radiopiu.net\/wordpress\/wp-content\/uploads\/2020\/05\/solidariet\u00e0-veneto-300x210.jpg\" alt=\"\" width=\"102\" height=\"71\" srcset=\"https:\/\/www.radiopiu.net\/wordpress\/wp-content\/uploads\/2020\/05\/solidariet\u00e0-veneto-300x210.jpg 300w, https:\/\/www.radiopiu.net\/wordpress\/wp-content\/uploads\/2020\/05\/solidariet\u00e0-veneto-1024x717.jpg 1024w, https:\/\/www.radiopiu.net\/wordpress\/wp-content\/uploads\/2020\/05\/solidariet\u00e0-veneto-768x538.jpg 768w, https:\/\/www.radiopiu.net\/wordpress\/wp-content\/uploads\/2020\/05\/solidariet\u00e0-veneto.jpg 1373w\" sizes=\"auto, (max-width: 102px) 100vw, 102px\" \/><\/a>SOLIDARIETA&#8217; VENETO FONDO PENSIONE, IN ONDA IL PRIMO VENERDI DEL MESE ALLE 10.30 E ALLE 19.00 QUINTA STAGIONE<\/h2>\n<\/blockquote>\n<h2><strong><span style=\"color: #ff0000;\">AUDIO LUGLIO\u00a0 AGOSTO 2021<\/span><\/strong><\/h2>\n<\/blockquote>\n<audio class=\"wp-audio-shortcode\" id=\"audio-227358-11\" preload=\"none\" style=\"width: 100%;\" controls=\"controls\"><source type=\"audio\/mpeg\" src=\"https:\/\/www.radiopiu.net\/wordpress\/wp-content\/uploads\/2021\/07\/solidarieta-veneto-luglio-agosto.mp3-2021.mp3?_=11\" \/><a href=\"https:\/\/www.radiopiu.net\/wordpress\/wp-content\/uploads\/2021\/07\/solidarieta-veneto-luglio-agosto.mp3-2021.mp3\">https:\/\/www.radiopiu.net\/wordpress\/wp-content\/uploads\/2021\/07\/solidarieta-veneto-luglio-agosto.mp3-2021.mp3<\/a><\/audio>\n<p>&nbsp;<\/p>\n<h2>LA RACCOLTA COMPLETA<\/h2>\n<blockquote class=\"wp-embedded-content\" data-secret=\"oiA7ko0FJ6\"><p><a href=\"https:\/\/www.radiopiu.net\/wordpress\/solidarieta-veneto\/\">Solidariet\u00e0 Veneto<\/a><\/p><\/blockquote>\n<p><iframe loading=\"lazy\" class=\"wp-embedded-content\" sandbox=\"allow-scripts\" security=\"restricted\" style=\"position: absolute; clip: rect(1px, 1px, 1px, 1px);\" title=\"&#8220;Solidariet\u00e0 Veneto&#8221; &#8212; Radio Pi\u00f9\" src=\"https:\/\/www.radiopiu.net\/wordpress\/solidarieta-veneto\/embed\/#?secret=oiA7ko0FJ6\" data-secret=\"oiA7ko0FJ6\" width=\"600\" height=\"338\" frameborder=\"0\" marginwidth=\"0\" marginheight=\"0\" scrolling=\"no\"><\/iframe><\/p>\n<blockquote>\n<h2><\/h2>\n<\/blockquote>\n<p>&nbsp;<\/p>\n<p>&nbsp;<\/p>\n<hr \/>\n<p>&nbsp;<\/p>\n<div>\n<div class=\"b654a4as d2edcug0\">\n<div class=\"rq0escxv hkbzh7o3 jwdofwj8 n8tt0mok r8blr3vg hyh9befq\">\n<p><a class=\"dt-pswp-item\" href=\"https:\/\/www.radiopiu.net\/wordpress\/wp-content\/uploads\/2020\/10\/pp.jpg\" data-dt-img-description=\"\" data-large_image_width=\"640\" data-large_image_height=\"640\"><img loading=\"lazy\" decoding=\"async\" class=\"wp-image-163678 alignleft\" src=\"https:\/\/www.radiopiu.net\/wordpress\/wp-content\/uploads\/2020\/10\/pp-300x300.jpg\" alt=\"\" width=\"106\" height=\"106\" srcset=\"https:\/\/www.radiopiu.net\/wordpress\/wp-content\/uploads\/2020\/10\/pp-300x300.jpg 300w, https:\/\/www.radiopiu.net\/wordpress\/wp-content\/uploads\/2020\/10\/pp-150x150.jpg 150w, https:\/\/www.radiopiu.net\/wordpress\/wp-content\/uploads\/2020\/10\/pp-125x125.jpg 125w, https:\/\/www.radiopiu.net\/wordpress\/wp-content\/uploads\/2020\/10\/pp-200x200.jpg 200w, https:\/\/www.radiopiu.net\/wordpress\/wp-content\/uploads\/2020\/10\/pp-80x80.jpg 80w, https:\/\/www.radiopiu.net\/wordpress\/wp-content\/uploads\/2020\/10\/pp-480x480.jpg 480w, https:\/\/www.radiopiu.net\/wordpress\/wp-content\/uploads\/2020\/10\/pp.jpg 640w\" sizes=\"auto, (max-width: 106px) 100vw, 106px\" \/><\/a><\/p>\n<\/div>\n<\/div>\n<\/div>\n<div>\n<div class=\"page-title-head hgroup\">\n<div class=\"page-title-head hgroup\">\n<div class=\"b654a4as d2edcug0\">\n<div class=\"j83agx80 btwxx1t3 lhclo0ds hop8lmos nkwizq5d scwd0bx6 roh60bw9\">\n<div class=\"rq0escxv hkbzh7o3 jwdofwj8 n8tt0mok r8blr3vg hyh9befq\">\n<div class=\"do00u71z l9j0dhe7 k4urcfbm\">\n<h2><span style=\"color: #000080;\">DON CESARE, IL PENSIERO DEL GIORNO. ALLA RADIO ALLE 7 DEL MATTINO E ALLE 19.30 DELLA SERA.\u00a0\u00a0<\/span><\/h2>\n<\/div>\n<\/div>\n<\/div>\n<div><\/div>\n<div><\/div>\n<div>\n<audio class=\"wp-audio-shortcode\" id=\"audio-227358-12\" preload=\"none\" style=\"width: 100%;\" controls=\"controls\"><source type=\"audio\/mpeg\" src=\"https:\/\/www.radiopiu.net\/wordpress\/wp-content\/uploads\/2021\/08\/cesare-6.mp3?_=12\" \/><a href=\"https:\/\/www.radiopiu.net\/wordpress\/wp-content\/uploads\/2021\/08\/cesare-6.mp3\">https:\/\/www.radiopiu.net\/wordpress\/wp-content\/uploads\/2021\/08\/cesare-6.mp3<\/a><\/audio>\n<\/div>\n<\/div>\n<\/div>\n<div class=\"page-title-head hgroup\">\n<p>&nbsp;<\/p>\n<hr \/>\n<p class=\"b654a4as d2edcug0\"><span style=\"color: #ff6600;\"> \u00a0<\/span><\/p>\n<h2><\/h2>\n<h2><span style=\"color: #ff0000;\">LA RACCOLTA COMPLETA\u00a0<\/span><\/h2>\n<blockquote class=\"wp-embedded-content\" data-secret=\"bp3okK9ptJ\"><p><a href=\"https:\/\/www.radiopiu.net\/wordpress\/girovagando-in-e-bike-tra-le-dolomiti\/\">GIROVAGANDO IN E BIKE TRA LE DOLOMITI<\/a><\/p><\/blockquote>\n<p><iframe loading=\"lazy\" class=\"wp-embedded-content\" sandbox=\"allow-scripts\" security=\"restricted\" style=\"position: absolute; clip: rect(1px, 1px, 1px, 1px);\" title=\"&#8220;GIROVAGANDO IN E BIKE TRA LE DOLOMITI&#8221; &#8212; Radio Pi\u00f9\" src=\"https:\/\/www.radiopiu.net\/wordpress\/girovagando-in-e-bike-tra-le-dolomiti\/embed\/#?secret=bp3okK9ptJ\" data-secret=\"bp3okK9ptJ\" width=\"600\" height=\"338\" frameborder=\"0\" marginwidth=\"0\" marginheight=\"0\" scrolling=\"no\"><\/iframe><\/p>\n<p>\u200b<\/p>\n<p>\u200b<\/p>\n<hr \/>\n<\/div>\n<\/div>\n<\/div>\n<\/div>\n<\/div>\n<\/div>\n<\/div>\n<\/div>\n<\/div>\n<\/div>\n<\/div>\n<\/div>\n<\/div>\n<\/div>\n<\/div>\n<\/div>\n<\/div>\n<\/div>\n<\/div>\n<\/div>\n<\/div>\n<\/div>\n<\/div>\n<div class=\"mkdf-post-text\">\n<div class=\"mkdf-post-text-inner\">\n<div class=\"mkdf-post-text-main\">\n<div class=\"mkdf-post-text\">\n<div class=\"mkdf-post-text-inner\">\n<div class=\"mkdf-post-text-main\">\n<div>\n<div class=\"page-title-head hgroup\">\n<div class=\"page-title-head hgroup\">\n<div class=\"page-title-head hgroup\">\n<div class=\"page-title-head hgroup\">\n<div class=\"b654a4as d2edcug0\">\n<div class=\"page-title-head hgroup\">\n<div class=\"page-title-head hgroup\">\n<p>&nbsp;<\/p>\n<\/div>\n<\/div>\n<\/div>\n<\/div>\n<\/div>\n<\/div>\n<\/div>\n<\/div>\n<\/div>\n<\/div>\n<\/div>\n<\/div>\n<\/div>\n<\/div>\n<\/div>\n<\/div>\n<\/div>\n<\/div>\n<\/div>\n<\/div>\n<\/div>\n<\/div>\n<\/div>\n<\/div>\n<\/div>\n<\/div>\n<blockquote>\n<h3>COLLAGE&#8230; DI LORIS SCUSSEL dal lunedi al venerdi alle 16 e alle 23 su RADIO PIU<\/h3>\n<\/blockquote>\n<div>\n<p><img loading=\"lazy\" decoding=\"async\" class=\"alignleft\" src=\"https:\/\/www.radiopiu.net\/wordpress\/wp-content\/uploads\/2021\/05\/Schermata-2021-05-23-alle-11.50.11.png\" width=\"186\" height=\"131\" \/><\/p>\n<div>\n<p>Il programma \u00e8 andato in onda da dicembre 2013 fino a luglio 2019, comprese le repliche, in due serie per 350 puntate complessive con 1.890 brani trasmessi. L\u2019obiettivo del programma: riproporre agli ascoltatori pi\u00f9 grandicelli le canzoni che ascoltavano nel passato e nello stesso tempo farle conoscere anche ai pi\u00f9 giovani.<\/p>\n<\/div>\n<\/div>\n<div>\n<p><strong>PUNTATA DEL 12 AGOSTO, 409<\/strong><\/p>\n<audio class=\"wp-audio-shortcode\" id=\"audio-227358-13\" preload=\"none\" style=\"width: 100%;\" controls=\"controls\"><source type=\"audio\/mpeg\" src=\"https:\/\/www.radiopiu.net\/wordpress\/wp-content\/uploads\/2021\/08\/Collage-409.mp3?_=13\" \/><a href=\"https:\/\/www.radiopiu.net\/wordpress\/wp-content\/uploads\/2021\/08\/Collage-409.mp3\">https:\/\/www.radiopiu.net\/wordpress\/wp-content\/uploads\/2021\/08\/Collage-409.mp3<\/a><\/audio>\n<p>&nbsp;<\/p>\n<\/div>\n<\/div>\n<\/div>\n<\/div>\n<\/div>\n<\/div>\n<\/div>\n<\/div>\n<\/div>\n<\/div>\n<\/div>\n<\/div>\n<\/div>\n<\/div>\n<\/div>\n<\/div>\n<\/div>\n<\/div>\n<\/div>\n<\/div>\n<\/div>\n<\/div>\n<\/div>\n<\/div>\n<\/div>\n<\/div>\n<\/div>\n<\/div>\n<\/div>\n<\/div>\n<\/div>\n<\/div>\n<\/div>\n<\/div>\n<\/div>\n<\/div>\n<\/div>\n<\/div>\n<\/div>\n<\/div>\n<\/div>\n<\/div>\n<\/div>\n<\/div>\n<\/div>\n<\/div>\n<\/div>\n<\/div>\n<\/div>\n<\/div>\n<\/div>\n<\/div>\n<\/div>\n<\/div>\n<\/div>\n<\/div>\n<\/div>\n<\/div>\n<\/div>\n<\/div>\n<\/div>\n<\/div>\n<div>\n<hr \/>\n<p>&nbsp;<\/p>\n<div>\n<div class=\"b654a4as d2edcug0\">\n<div class=\"rq0escxv hkbzh7o3 jwdofwj8 n8tt0mok r8blr3vg hyh9befq\">\n<div class=\"b654a4as d2edcug0\">\n<div class=\"b654a4as d2edcug0\">\n<div>\n<div class=\"b654a4as d2edcug0\">\n<div class=\"rq0escxv hkbzh7o3 jwdofwj8 n8tt0mok r8blr3vg hyh9befq\">\n<div class=\"b654a4as d2edcug0\">\n<h2><\/h2>\n<div class=\"b654a4as d2edcug0\">\n<h2><span style=\"color: #008000;\">ERBE E PIANTE CURATIVE&#8230;IL\u00a0 PROGRAMMA DI PAOLA LANCIATO\u00a0\u00a0<\/span><\/h2>\n<blockquote class=\"wp-embedded-content\" data-secret=\"t7uPICR2rm\"><p><a href=\"https:\/\/www.radiopiu.net\/wordpress\/erbavoglio\/\">L&#8217;ERBA VOGLIO DEL GIARDINO DEL RE&#8230; Erbe, fiori e Piante di e con Paola Lanciato<\/a><\/p><\/blockquote>\n<p><iframe loading=\"lazy\" class=\"wp-embedded-content\" sandbox=\"allow-scripts\" security=\"restricted\" style=\"position: absolute; clip: rect(1px, 1px, 1px, 1px);\" title=\"&#8220;L&#8217;ERBA VOGLIO DEL GIARDINO DEL RE&#8230; Erbe, fiori e Piante di e con Paola Lanciato&#8221; &#8212; Radio Pi\u00f9\" src=\"https:\/\/www.radiopiu.net\/wordpress\/erbavoglio\/embed\/#?secret=t7uPICR2rm\" data-secret=\"t7uPICR2rm\" width=\"600\" height=\"338\" frameborder=\"0\" marginwidth=\"0\" marginheight=\"0\" scrolling=\"no\"><\/iframe><\/p>\n<\/div>\n<p>&nbsp;<\/p>\n<\/div>\n<\/div>\n<\/div>\n<\/div>\n<p>&nbsp;<\/p>\n<\/div>\n<\/div>\n<\/div>\n<\/div>\n<\/div>\n<p>&nbsp;<\/p>\n<hr \/>\n<p>&nbsp;<\/p>\n<div>\n<h2><span style=\"color: #ff0000;\"><strong>IN VIVO VERSO 2020-21 ESTATE, RIASCOLTIAMOLI&#8230; DAL CASSETTO DEI RICORDI DI RADIO PIU&#8217;&#8230; LE PRIME\u00a0 SEI STAGIONI\u00a0 \u00a0<\/strong><\/span><\/h2>\n<p><strong>riascoltiamole A MIA MADRE di SILVANA SCANFERLA<\/strong><\/p>\n<p>AUDIO<\/p>\n<audio class=\"wp-audio-shortcode\" id=\"audio-227358-14\" preload=\"none\" style=\"width: 100%;\" controls=\"controls\"><source type=\"audio\/mpeg\" src=\"https:\/\/www.radiopiu.net\/wordpress\/wp-content\/uploads\/2021\/08\/SILVANA-SCANFERLA-6-A-MIA-MADREI.mp3?_=14\" \/><a href=\"https:\/\/www.radiopiu.net\/wordpress\/wp-content\/uploads\/2021\/08\/SILVANA-SCANFERLA-6-A-MIA-MADREI.mp3\">https:\/\/www.radiopiu.net\/wordpress\/wp-content\/uploads\/2021\/08\/SILVANA-SCANFERLA-6-A-MIA-MADREI.mp3<\/a><\/audio>\n<p>&nbsp;<\/p>\n<div class=\"page-title-head hgroup\">\n<div class=\"page-title-head hgroup\">\n<div class=\"page-title-head hgroup\">\n<div class=\"page-title-head hgroup\">\n<div class=\"page-title-head hgroup\">\n<div class=\"page-title-head hgroup\">\n<blockquote><p><strong>LA RACCOLTA COMPLETA\u00a0<\/strong><\/p><\/blockquote>\n<blockquote class=\"wp-embedded-content\" data-secret=\"9EDWsVJQKM\"><p><a href=\"https:\/\/www.radiopiu.net\/wordpress\/in-vivo-verso\/\">In Vivo Verso<\/a><\/p><\/blockquote>\n<p><iframe loading=\"lazy\" class=\"wp-embedded-content\" sandbox=\"allow-scripts\" security=\"restricted\" style=\"position: absolute; clip: rect(1px, 1px, 1px, 1px);\" title=\"&#8220;In Vivo Verso&#8221; &#8212; Radio Pi\u00f9\" src=\"https:\/\/www.radiopiu.net\/wordpress\/in-vivo-verso\/embed\/#?secret=9EDWsVJQKM\" data-secret=\"9EDWsVJQKM\" width=\"600\" height=\"338\" frameborder=\"0\" marginwidth=\"0\" marginheight=\"0\" scrolling=\"no\"><\/iframe><\/p>\n<\/div>\n<\/div>\n<\/div>\n<\/div>\n<\/div>\n<\/div>\n<p>&nbsp;<\/p>\n<hr \/>\n<\/div>\n<blockquote>\n<blockquote>\n<h2><\/h2>\n<\/blockquote>\n<\/blockquote>\n<div>\n<div class=\"b654a4as d2edcug0\">\n<div class=\"rq0escxv hkbzh7o3 jwdofwj8 n8tt0mok r8blr3vg hyh9befq\">\n<blockquote>\n<h2><span style=\"color: #ff0000;\"><em>ZAINO ALLA RADIO&#8230;ESTATE DI PAOLA LANCIATO\u00a0<\/em><\/span><\/h2>\n<p><strong>LA RACCOLTA COMPLETA\u00a0<\/strong><\/p><\/blockquote>\n<blockquote class=\"wp-embedded-content\" data-secret=\"vVtZBLtZfq\"><p><a href=\"https:\/\/www.radiopiu.net\/wordpress\/zaino-femminile-lanciato\/\">Zaino da viaggio al femminile<\/a><\/p><\/blockquote>\n<p><iframe loading=\"lazy\" class=\"wp-embedded-content\" sandbox=\"allow-scripts\" security=\"restricted\" style=\"position: absolute; clip: rect(1px, 1px, 1px, 1px);\" title=\"&#8220;Zaino da viaggio al femminile&#8221; &#8212; Radio Pi\u00f9\" src=\"https:\/\/www.radiopiu.net\/wordpress\/zaino-femminile-lanciato\/embed\/#?secret=vVtZBLtZfq\" data-secret=\"vVtZBLtZfq\" width=\"600\" height=\"338\" frameborder=\"0\" marginwidth=\"0\" marginheight=\"0\" scrolling=\"no\"><\/iframe><\/p>\n<p>&nbsp;<\/p>\n<\/div>\n<\/div>\n<\/div>\n<hr \/>\n<div><\/div>\n<div>\n<div class=\"page-title-head hgroup\">\n<div class=\"page-title-head hgroup\">\n<div class=\"page-title-head hgroup\">\n<div class=\"page-title-head hgroup\">\n<div class=\"page-title-head hgroup\">\n<div>\n<div class=\"b654a4as d2edcug0\">\u00a0 \u00a0 \u00a0<strong style=\"color: #800080;\">LA RASSEGNA STAMPA DA L&#8217;AMICO DEL POPOLO\u00a0<\/strong><\/div>\n<\/div>\n<\/div>\n<\/div>\n<\/div>\n<\/div>\n<\/div>\n<\/div>\n<div>\n<div class=\"page-title-head hgroup\">\n<div class=\"page-title-head hgroup\">\n<div class=\"page-title-head hgroup\">\n<div class=\"page-title-head hgroup\">\n<div class=\"b654a4as d2edcug0\">\n<div class=\"page-title-head hgroup\">\n<div class=\"page-title-head hgroup\">\n<div class=\"page-title-head hgroup\">\n<div class=\"page-title-head hgroup\">\n<div class=\"b654a4as d2edcug0\">\n<div>\n<h3 class=\"kvgmc6g5 cxmmr5t8 oygrvhab hcukyx3x c1et5uql\"><span style=\"color: #0000ff;\"> INFORMAZIONE il canale su TELEGRAM informazione di prima mano e in tempo reale. iscriviti ed aiutaci a farlo conoscere\u00a0\u00a0<\/span><\/h3>\n<p><a href=\"https:\/\/www.radiopiu.net\/wordpress\/?attachment_id=224770\" rel=\"attachment wp-att-224770\"><img loading=\"lazy\" decoding=\"async\" class=\"wp-image-224770 alignleft\" src=\"https:\/\/www.radiopiu.net\/wordpress\/wp-content\/uploads\/2021\/07\/Silvia-Tessari-2021-1-300x250.jpg\" alt=\"\" width=\"163\" height=\"136\" srcset=\"https:\/\/www.radiopiu.net\/wordpress\/wp-content\/uploads\/2021\/07\/Silvia-Tessari-2021-1-300x250.jpg 300w, https:\/\/www.radiopiu.net\/wordpress\/wp-content\/uploads\/2021\/07\/Silvia-Tessari-2021-1-768x641.jpg 768w, https:\/\/www.radiopiu.net\/wordpress\/wp-content\/uploads\/2021\/07\/Silvia-Tessari-2021-1.jpg 920w\" sizes=\"auto, (max-width: 163px) 100vw, 163px\" \/><\/a><strong>di Gianni Santomaso<\/strong><\/p>\n<p>OSPITE: Silvia Tessari<\/p>\n<audio class=\"wp-audio-shortcode\" id=\"audio-227358-15\" preload=\"none\" style=\"width: 100%;\" controls=\"controls\"><source type=\"audio\/mpeg\" src=\"https:\/\/www.radiopiu.net\/wordpress\/wp-content\/uploads\/2021\/08\/RASSEGNA-GIANNI.mp3?_=15\" \/><a href=\"https:\/\/www.radiopiu.net\/wordpress\/wp-content\/uploads\/2021\/08\/RASSEGNA-GIANNI.mp3\">https:\/\/www.radiopiu.net\/wordpress\/wp-content\/uploads\/2021\/08\/RASSEGNA-GIANNI.mp3<\/a><\/audio>\n<p>&nbsp;<\/p>\n<blockquote class=\"wp-embedded-content\" data-secret=\"lAeLnDADhT\"><p><a href=\"https:\/\/www.radiopiu.net\/wordpress\/rassegna-stampa-di-gianni-santomaso\/\">Rassegna stampa da l&#8217;amico del popolo &#8211; di Gianni Santomaso<\/a><\/p><\/blockquote>\n<p><iframe loading=\"lazy\" class=\"wp-embedded-content\" sandbox=\"allow-scripts\" security=\"restricted\" style=\"position: absolute; clip: rect(1px, 1px, 1px, 1px);\" title=\"&#8220;Rassegna stampa da l&#8217;amico del popolo &#8211; di Gianni Santomaso&#8221; &#8212; Radio Pi\u00f9\" src=\"https:\/\/www.radiopiu.net\/wordpress\/rassegna-stampa-di-gianni-santomaso\/embed\/#?secret=lAeLnDADhT\" data-secret=\"lAeLnDADhT\" width=\"600\" height=\"338\" frameborder=\"0\" marginwidth=\"0\" marginheight=\"0\" scrolling=\"no\"><\/iframe><\/p>\n<p>&nbsp;<\/p>\n<hr \/>\n<p>&nbsp;<\/p>\n<h2><span style=\"color: #3366ff;\">SALUTE E SOCIETA&#8217;<\/span><\/h2>\n<p><strong><a href=\"https:\/\/www.radiopiu.net\/wordpress\/giornale-radiopiu-10-agosto-2021-direttore-mirko-mezzacasa\/aaaa-8\/\" rel=\"attachment wp-att-226808\"><img loading=\"lazy\" decoding=\"async\" class=\"size-medium wp-image-226808 alignleft\" src=\"https:\/\/www.radiopiu.net\/wordpress\/wp-content\/uploads\/2021\/08\/aaaa-300x169.png\" alt=\"\" width=\"300\" height=\"169\" srcset=\"https:\/\/www.radiopiu.net\/wordpress\/wp-content\/uploads\/2021\/08\/aaaa-300x169.png 300w, https:\/\/www.radiopiu.net\/wordpress\/wp-content\/uploads\/2021\/08\/aaaa-1024x576.png 1024w, https:\/\/www.radiopiu.net\/wordpress\/wp-content\/uploads\/2021\/08\/aaaa-768x432.png 768w, https:\/\/www.radiopiu.net\/wordpress\/wp-content\/uploads\/2021\/08\/aaaa.png 1280w\" sizes=\"auto, (max-width: 300px) 100vw, 300px\" \/><\/a>PUNTATA DEL 09 AGOSTO 2021<\/strong><\/p>\n<p>Numerose evidenze dimostrano come una aderenza ottimale alla terapia contro il colesterolo sia strettamente associata ad una riduzione del rischio di eventi cardiovascolari nei pazienti in prevenzione primaria e secondaria. Antonella Pitrelli ne ha parlato con Claudio Picariello, Unit\u00e0 di Terapia Intensiva Coronarica, Ospedale di Rovigo, Emanuela Omodeo Sal\u00e9, Divisione di Farmacia, IEO Istituto Europeo di Oncologia<\/p>\n<audio class=\"wp-audio-shortcode\" id=\"audio-227358-16\" preload=\"none\" style=\"width: 100%;\" controls=\"controls\"><source type=\"audio\/mpeg\" src=\"https:\/\/www.radiopiu.net\/wordpress\/wp-content\/uploads\/2021\/08\/SALUTE-1.mp3?_=16\" \/><a href=\"https:\/\/www.radiopiu.net\/wordpress\/wp-content\/uploads\/2021\/08\/SALUTE-1.mp3\">https:\/\/www.radiopiu.net\/wordpress\/wp-content\/uploads\/2021\/08\/SALUTE-1.mp3<\/a><\/audio>\n<p>&nbsp;<\/p>\n<p><strong>LA RACCOLTA COMPLETA<\/strong><\/p>\n<\/div>\n<div dir=\"auto\">\n<blockquote class=\"wp-embedded-content\" data-secret=\"cGzDpbAWZO\"><p><a href=\"https:\/\/www.radiopiu.net\/wordpress\/saluteesocieta\/\">Salute e Societ\u00e0<\/a><\/p><\/blockquote>\n<p><iframe loading=\"lazy\" class=\"wp-embedded-content\" sandbox=\"allow-scripts\" security=\"restricted\" style=\"position: absolute; clip: rect(1px, 1px, 1px, 1px);\" title=\"&#8220;Salute e Societ\u00e0&#8221; &#8212; Radio Pi\u00f9\" src=\"https:\/\/www.radiopiu.net\/wordpress\/saluteesocieta\/embed\/#?secret=cGzDpbAWZO\" data-secret=\"cGzDpbAWZO\" width=\"600\" height=\"338\" frameborder=\"0\" marginwidth=\"0\" marginheight=\"0\" scrolling=\"no\"><\/iframe><\/p>\n<\/div>\n<div dir=\"auto\">\n<h1><\/h1>\n<\/div>\n<div>\n<div class=\"page-title-head hgroup\">\n<div class=\"page-title-head hgroup\">\n<div class=\"page-title-head hgroup\">\n<div>\n<div class=\"b654a4as d2edcug0\">\n<div class=\"rq0escxv hkbzh7o3 jwdofwj8 n8tt0mok r8blr3vg hyh9befq\">\n<hr \/>\n<\/div>\n<\/div>\n<\/div>\n<div>\n<div class=\"page-title-head hgroup\">\n<div class=\"page-title-head hgroup\">\n<div class=\"b654a4as d2edcug0\">\n<p>&nbsp;<\/p>\n<blockquote>\n<h3><img loading=\"lazy\" decoding=\"async\" class=\"alignleft\" src=\"https:\/\/www.radiopiu.net\/wordpress\/wp-content\/uploads\/2021\/06\/fresh-flower-leaves-saffron-white-background-place-your-text-use-saffron-spice-cooking-cosmetology_347372-394.jpeg\" width=\"141\" height=\"94\" \/>L&#8217;ALMANACCO LADINO CON L&#8217;ISTITUT CESA DE JAN QUINDICINALE APPUNTAMENTO. LA DOMENICA ALLE 9 IL LUNEDI ALLE 8.35 IL MARTEDI ALLE 12.35 IL MERCOLEDI ALLE 18.35. SECONDA STAGIONE.<\/h3>\n<\/blockquote>\n<p><strong>\u00a0<\/strong><\/p>\n<p><strong>\u00a0<\/strong><strong>\u00a0RACCOLTA COMPLETA\u00a0<\/strong><\/p>\n<blockquote class=\"wp-embedded-content\" data-secret=\"CdrptdzKqO\"><p><a href=\"https:\/\/www.radiopiu.net\/wordpress\/almanacco-ladino\/\">Almanacco Ladino<\/a><\/p><\/blockquote>\n<p><iframe loading=\"lazy\" class=\"wp-embedded-content\" sandbox=\"allow-scripts\" security=\"restricted\" style=\"position: absolute; clip: rect(1px, 1px, 1px, 1px);\" title=\"&#8220;Almanacco Ladino&#8221; &#8212; Radio Pi\u00f9\" src=\"https:\/\/www.radiopiu.net\/wordpress\/almanacco-ladino\/embed\/#?secret=CdrptdzKqO\" data-secret=\"CdrptdzKqO\" width=\"600\" height=\"338\" frameborder=\"0\" marginwidth=\"0\" marginheight=\"0\" scrolling=\"no\"><\/iframe><\/p>\n<\/div>\n<div>\n<p>&nbsp;<\/p>\n<hr \/>\n<h2><span style=\"color: #808000;\">DUE MINUTI UN LIBRO\u00a0 TUTTI I GIORNI ALLA RADIO ALLE 9.30 E ALLE 18. QUINTA STAGIONE\u00a0<\/span><\/h2>\n<blockquote class=\"wp-embedded-content\" data-secret=\"Qwq8bvcG9Q\"><p><a href=\"https:\/\/www.radiopiu.net\/wordpress\/angela-gli-eredi-dei-messapi\/\">Angela &#8211; gli eredi dei Messapi<\/a><\/p><\/blockquote>\n<p><iframe loading=\"lazy\" class=\"wp-embedded-content\" sandbox=\"allow-scripts\" security=\"restricted\" style=\"position: absolute; clip: rect(1px, 1px, 1px, 1px);\" title=\"&#8220;Angela &#8211; gli eredi dei Messapi&#8221; &#8212; Radio Pi\u00f9\" src=\"https:\/\/www.radiopiu.net\/wordpress\/angela-gli-eredi-dei-messapi\/embed\/#?secret=Qwq8bvcG9Q\" data-secret=\"Qwq8bvcG9Q\" width=\"600\" height=\"338\" frameborder=\"0\" marginwidth=\"0\" marginheight=\"0\" scrolling=\"no\"><\/iframe><\/p>\n<p><strong>LA RACCOLTA COMPLETA\u00a0\u00a0<\/strong><\/p>\n<\/div>\n<div>\n<blockquote class=\"wp-embedded-content\" data-secret=\"r4WoZQQSHN\"><p><a href=\"https:\/\/www.radiopiu.net\/wordpress\/due-minuti-un-libro\/\">Due minuti un libro<\/a><\/p><\/blockquote>\n<p><iframe loading=\"lazy\" class=\"wp-embedded-content\" sandbox=\"allow-scripts\" security=\"restricted\" style=\"position: absolute; clip: rect(1px, 1px, 1px, 1px);\" title=\"&#8220;Due minuti un libro&#8221; &#8212; Radio Pi\u00f9\" src=\"https:\/\/www.radiopiu.net\/wordpress\/due-minuti-un-libro\/embed\/#?secret=r4WoZQQSHN\" data-secret=\"r4WoZQQSHN\" width=\"600\" height=\"338\" frameborder=\"0\" marginwidth=\"0\" marginheight=\"0\" scrolling=\"no\"><\/iframe><\/p>\n<p>&nbsp;<\/p>\n<hr \/>\n<p>\u200b<\/p>\n<div>\n<h2><span style=\"color: #33cccc;\">I RACCONTI DI PAOLO SOPPELSA il lunedi alle 9.30 e 18.30<\/span><\/h2>\n<blockquote class=\"wp-embedded-content\" data-secret=\"Y0ZP9fP6C2\"><p><a href=\"https:\/\/www.radiopiu.net\/wordpress\/i-racconti-di-paolo-soppelsa\/\">I racconti di Paolo Soppelsa<\/a><\/p><\/blockquote>\n<p><iframe loading=\"lazy\" class=\"wp-embedded-content\" sandbox=\"allow-scripts\" security=\"restricted\" style=\"position: absolute; clip: rect(1px, 1px, 1px, 1px);\" title=\"&#8220;I racconti di Paolo Soppelsa&#8221; &#8212; Radio Pi\u00f9\" src=\"https:\/\/www.radiopiu.net\/wordpress\/i-racconti-di-paolo-soppelsa\/embed\/#?secret=Y0ZP9fP6C2\" data-secret=\"Y0ZP9fP6C2\" width=\"600\" height=\"338\" frameborder=\"0\" marginwidth=\"0\" marginheight=\"0\" scrolling=\"no\"><\/iframe><\/p>\n<p>&nbsp;<\/p>\n<\/div>\n<\/div>\n<hr \/>\n<p>&nbsp;<\/p>\n<div class=\"mkdf-post-text\">\n<div class=\"mkdf-post-text-inner\">\n<div class=\"mkdf-post-text-main\">\n<div class=\"mkdf-post-text\">\n<div class=\"mkdf-post-text-inner\">\n<div class=\"mkdf-post-text-main\">\n<div class=\"mkdf-post-text\">\n<div class=\"mkdf-post-text-inner\">\n<div class=\"mkdf-post-text-main\">\n<div class=\"page-title-head hgroup\">\n<div class=\"page-title-head hgroup\">\n<div class=\"mkdf-post-text\">\n<div class=\"mkdf-post-text-inner\">\n<div class=\"mkdf-post-text-main\">\n<div class=\"mkdf-post-text\">\n<div class=\"mkdf-post-text-inner\">\n<div class=\"mkdf-post-text-main\">\n<div>\n<div class=\"page-title-head hgroup\">\n<div class=\"page-title-head hgroup\">\n<div class=\"page-title-head hgroup\">\n<div class=\"page-title-head hgroup\">\n<div class=\"b654a4as d2edcug0\">\n<div class=\"page-title-head hgroup\">\n<div class=\"page-title-head hgroup\">\n<div class=\"page-title-head hgroup\">\n<div class=\"page-title-head hgroup\">\n<div class=\"b654a4as d2edcug0\">\n<div>\n<div>\n<div>\n<div>\n<div class=\"page-title-head hgroup\">\n<div class=\"page-title-head hgroup\">\n<div class=\"page-title-head hgroup\">\n<div class=\"page-title-head hgroup\">\n<div class=\"b654a4as d2edcug0\">\n<div class=\"page-title-head hgroup\">\n<div class=\"page-title-head hgroup\">\n<div class=\"page-title-head hgroup\">\n<div class=\"page-title-head hgroup\">\n<div class=\"b654a4as d2edcug0\">\n<div>\n<div class=\"page-title-head hgroup\">\n<div class=\"page-title-head hgroup\">\n<div class=\"page-title-head hgroup\">\n<div>\n<div class=\"page-title-head hgroup\">\n<div class=\"page-title-head hgroup\">\n<div class=\"page-title-head hgroup\">\n<p>&nbsp;<\/p>\n<p><a href=\"https:\/\/www.radiopiu.net\/wordpress\/giornale-radiopiu-26-settembre-2018-direttore-mirko-mezzacasa\/viabilita-2\/\" rel=\"attachment wp-att-61954\"><img loading=\"lazy\" decoding=\"async\" class=\"wp-image-61954 size-full aligncenter\" src=\"https:\/\/www.radiopiu.net\/wordpress\/wp-content\/uploads\/2018\/09\/viabilita.jpeg\" alt=\"\" width=\"800\" height=\"100\" srcset=\"https:\/\/www.radiopiu.net\/wordpress\/wp-content\/uploads\/2018\/09\/viabilita.jpeg 800w, https:\/\/www.radiopiu.net\/wordpress\/wp-content\/uploads\/2018\/09\/viabilita-300x38.jpeg 300w, https:\/\/www.radiopiu.net\/wordpress\/wp-content\/uploads\/2018\/09\/viabilita-768x96.jpeg 768w\" sizes=\"auto, (max-width: 800px) 100vw, 800px\" \/><\/a><\/p>\n<blockquote><p><a href=\"https:\/\/www.radiopiu.net\/wordpress\/giornale-radiopiu-09-agosto-2018-direttore-mirko-mezzacasa\/viabilia\/\" rel=\"attachment wp-att-57053\"><img loading=\"lazy\" decoding=\"async\" class=\" wp-image-57053 alignleft\" src=\"https:\/\/www.radiopiu.net\/wordpress\/wp-content\/uploads\/2018\/08\/VIABILIA-300x180.jpeg\" alt=\"\" width=\"220\" height=\"132\" srcset=\"https:\/\/www.radiopiu.net\/wordpress\/wp-content\/uploads\/2018\/08\/VIABILIA-300x180.jpeg 300w, https:\/\/www.radiopiu.net\/wordpress\/wp-content\/uploads\/2018\/08\/VIABILIA-768x461.jpeg 768w, https:\/\/www.radiopiu.net\/wordpress\/wp-content\/uploads\/2018\/08\/VIABILIA-1024x614.jpeg 1024w, https:\/\/www.radiopiu.net\/wordpress\/wp-content\/uploads\/2018\/08\/VIABILIA.jpeg 1280w\" sizes=\"auto, (max-width: 220px) 100vw, 220px\" \/><\/a><\/p><\/blockquote>\n<\/div>\n<\/div>\n<\/div>\n<\/div>\n<\/div>\n<\/div>\n<\/div>\n<\/div>\n<div>\n<div>\n<div class=\"page-title-head hgroup\">\n<div class=\"page-title-head hgroup\">\n<div class=\"page-title-head hgroup\">\n<div class=\"page-title-head hgroup\">\n<div class=\"page-title-head hgroup\">\n<div class=\"page-title-head hgroup\">\n<blockquote><p>La viabilit\u00e0 con gli ultimi aggiornamenti<\/p><\/blockquote>\n<\/div>\n<\/div>\n<\/div>\n<\/div>\n<\/div>\n<\/div>\n<\/div>\n<div><\/div>\n<div><\/div>\n<div>\n<div><\/div>\n<\/div>\n<\/div>\n<\/div>\n<\/div>\n<\/div>\n<\/div>\n<\/div>\n<\/div>\n<\/div>\n<\/div>\n<\/div>\n<\/div>\n<\/div>\n<div>\n<div class=\"page-title-head hgroup\">\n<div class=\"page-title-head hgroup\">\n<div class=\"page-title-head hgroup\">\n<div class=\"page-title-head hgroup\">\n<div class=\"b654a4as d2edcug0\">\n<div>\n<div class=\"page-title-head hgroup\" style=\"text-align: left;\">\n<div class=\"page-title-head hgroup\"><\/div>\n<\/div>\n<\/div>\n<\/div>\n<\/div>\n<\/div>\n<\/div>\n<\/div>\n<\/div>\n<\/div>\n<\/div>\n<\/div>\n<div>\n<div>\n<div class=\"page-title-head hgroup\">\n<div class=\"page-title-head hgroup\">\n<div class=\"page-title-head hgroup\">\n<div class=\"page-title-head hgroup\">\n<div class=\"b654a4as d2edcug0\">\n<div class=\"page-title-head hgroup\">\n<div class=\"page-title-head hgroup\">\n<div class=\"page-title-head hgroup\">\n<div class=\"page-title-head hgroup\">\n<div class=\"b654a4as d2edcug0\">\n<div>\n<div class=\"page-title-head hgroup\">\n<div class=\"page-title-head hgroup\">\n<div class=\"page-title-head hgroup\">\n<div class=\"page-title-head hgroup\">\n<div class=\"page-title-head hgroup\">\n<div>\n<div>\n<audio class=\"wp-audio-shortcode\" id=\"audio-227358-17\" preload=\"none\" style=\"width: 100%;\" controls=\"controls\"><source type=\"audio\/mpeg\" src=\"https:\/\/www.radiopiu.net\/wordpress\/wp-content\/uploads\/2021\/08\/VIABILITA-3.mp3?_=17\" \/><a href=\"https:\/\/www.radiopiu.net\/wordpress\/wp-content\/uploads\/2021\/08\/VIABILITA-3.mp3\">https:\/\/www.radiopiu.net\/wordpress\/wp-content\/uploads\/2021\/08\/VIABILITA-3.mp3<\/a><\/audio>\n<\/div>\n<div><\/div>\n<div><\/div>\n<div><\/div>\n<\/div>\n<\/div>\n<\/div>\n<\/div>\n<\/div>\n<\/div>\n<\/div>\n<\/div>\n<\/div>\n<\/div>\n<\/div>\n<\/div>\n<\/div>\n<\/div>\n<\/div>\n<\/div>\n<\/div>\n<\/div>\n<div>\n<div>\n<div class=\"page-title-head hgroup\">\n<hr \/>\n<p>&nbsp;<\/p>\n<\/div>\n<\/div>\n<\/div>\n<\/div>\n<\/div>\n<\/div>\n<\/div>\n<\/div>\n<\/div>\n<\/div>\n<\/div>\n<\/div>\n<\/div>\n<\/div>\n<\/div>\n<div>\n<div class=\"page-title-head hgroup\">\n<div class=\"page-title-head hgroup\">\n<div>\n<div class=\"page-title-head hgroup\">\n<div class=\"page-title-head hgroup\">\n<div class=\"b654a4as d2edcug0\">\n<div>\n<div class=\"page-title-head hgroup\" style=\"text-align: left;\">\n<div class=\"page-title-head hgroup\">\n<div dir=\"auto\">\n<p><a class=\"dt-pswp-item pspw-wrap-ready\" href=\"https:\/\/i0.wp.com\/www.radiopiu.net\/wordpress\/wp-content\/uploads\/2018\/09\/WhatsApp-Image-2018-09-20-at-16.04.06.jpeg?ssl=1\" data-dt-img-description=\"\" data-large_image_width=\"800\" data-large_image_height=\"100\"><img loading=\"lazy\" decoding=\"async\" class=\"aligncenter wp-image-61378 size-full jetpack-lazy-image jetpack-lazy-image--handled\" src=\"https:\/\/i0.wp.com\/www.radiopiu.net\/wordpress\/wp-content\/uploads\/2018\/09\/WhatsApp-Image-2018-09-20-at-16.04.06.jpeg?resize=800%2C100&amp;ssl=1\" sizes=\"auto, (max-width: 800px) 100vw, 800px\" srcset=\"https:\/\/i0.wp.com\/www.radiopiu.net\/wordpress\/wp-content\/uploads\/2018\/09\/WhatsApp-Image-2018-09-20-at-16.04.06.jpeg?w=800&amp;ssl=1 800w, https:\/\/i0.wp.com\/www.radiopiu.net\/wordpress\/wp-content\/uploads\/2018\/09\/WhatsApp-Image-2018-09-20-at-16.04.06.jpeg?resize=300%2C38&amp;ssl=1 300w, https:\/\/i0.wp.com\/www.radiopiu.net\/wordpress\/wp-content\/uploads\/2018\/09\/WhatsApp-Image-2018-09-20-at-16.04.06.jpeg?resize=768%2C96&amp;ssl=1 768w\" alt=\"\" width=\"800\" height=\"100\" data-lazy-loaded=\"1\" \/><\/a><\/p>\n<\/div>\n<\/div>\n<\/div>\n<\/div>\n<\/div>\n<\/div>\n<\/div>\n<\/div>\n<\/div>\n<\/div>\n<\/div>\n<\/div>\n<\/div>\n<\/div>\n<\/div>\n<\/div>\n<\/div>\n<\/div>\n<\/div>\n<\/div>\n<\/div>\n<\/div>\n<\/div>\n<\/div>\n<\/div>\n<\/div>\n<\/div>\n<\/div>\n<p>&nbsp;<\/p>\n<p><center><b>Venerdi 13<\/b><\/center><b>Tempo atteso: <\/b>Nottetempo e al primo mattino veloce passaggio di nubi stratiformi medie e medio-alte, prima che il sole torni a splendere per gran parte della giornata, eccetto qualche residua sottile velatura entro la tarda mattinata e il formarsi di una modesta attivit\u00e0 cumuliforme nelle ore pi\u00f9 calde. Nel tardo pomeriggio\/sera cielo di nuovo sereno. Far\u00e0 caldo nei fondovalle e la mitezza perdurer\u00e0 in alta quota.<br \/>\n<b>Precipitazioni: <\/b>Assenti (0%).<br \/>\n<b>Temperature: <\/b>Senza notevoli variazioni rispetto a gioved\u00ec, eccetto lieve rialzo delle minime nelle valli ed eventuale leggera flessione delle massime in alta quota. Sono previste punte di 31\/33\u00b0C nei fondovalle prealpini e di 25\/28\u00b0C a 1000\/1200 m. Su Prealpi a 1500 m min 15\u00b0C max 20\u00b0C, a 2000 m min 11\u00b0C max 17\u00b0C. Su Dolomiti a 2000 m min 12\u00b0C max 18\u00b0C, a 3000 m min 6\u00b0C max 8\u00b0C.<br \/>\n<b>Venti: <\/b>Nelle valli perlopi\u00f9 deboli a regime di brezza, localmente e a tratti moderati nei settori solitamente pi\u00f9 ventilati; in quota deboli da sud-ovest, con qualche rinforzo erratico sulle cime, a 5-10 km\/h a 2000 m e 10-20 km\/h a 3000 m.<\/p>\n<hr \/>\n<p><center><b>Sabato 14<\/b><\/center><b>Tempo atteso: <\/b>Stupenda mattinata con cielo sereno e ottima visibilit\u00e0, mentre qualche annuvolamento sar\u00e0 presente a ridosso dei rilievi nelle ore pi\u00f9 calde per modesta attivit\u00e0 cumuliforme, localmente anche moderata. Alla sera completo rasserenamento del cielo. Il contesto termico sar\u00e0 estivo in montagna e assai caldo nei fondovalle.<br \/>\n<b>Precipitazioni: <\/b>Assenti (0%).<br \/>\n<b>Temperature: <\/b>In generale ulteriore lieve aumento con valori di 6\/7\u00b0C superiori alla norma. Sono previste massime di 32\/34\u00b0C nei fondovalle prealpini e di 26\/29\u00b0C a 1000\/1200 m. Su Prealpi a 1500 m min 16\u00b0C max 22\u00b0C, a 2000 m min 13\u00b0C max 19\u00b0C. Su Dolomiti a 2000 m min 12\u00b0C max 20\u00b0C, a 3000 m min 8\u00b0C max 10\u00b0C.<br \/>\n<b>Venti: <\/b>Nelle valli perlopi\u00f9 deboli a regime di brezza, localmente e a tratti moderati nei settori solitamente pi\u00f9 ventilati; in quota deboli dai quadranti occidentali, salvo qualche rinforzo erratico sulle cime, a 5-10 km\/h a 2000 m e 10-20 km\/h a 3000 m.<\/p>\n<hr \/>\n<p><center><b>Domenica 15<\/b><\/center>Tempo in prevalenza soleggiato con consueta lieve riduzione del soleggiamento per attivit\u00e0 cumuliforme pomeridiana, magari leggermente pi\u00f9 presente rispetto a sabato. L&#8217;insidia per qualche focolaio d&#8217;instabilit\u00e0 convettiva sar\u00e0 ancora remota in giornata e, qualora si verificasse, sarebbe limitata a occasionali fenomeni serali. Lieve attenuazione del caldo, ma il contesto termico rimarr\u00e0 estivo. Venti a regime di brezza nelle valli, deboli\/moderati occidentali in quota.<\/p>\n<hr \/>\n<p><center><b>Lunedi 16<\/b><\/center>Minore soleggiamento e maggiore attivit\u00e0 cumuliforme, anche intensa tra il pomeriggio e la sera, quando il rischio di rovesci e temporali aumenter\u00e0 sensibilmente. Temperature in lieve\/contenuta diminuzione, ma far\u00e0 ancora relativamente caldo nei fondovalle. Venti a regime di brezza nelle valli, deboli\/moderati da sud-ovest in quota, a tratti tesi a 3000 m. Previsore: R.L.Th.<\/p>\n<p>&nbsp;<\/p>\n<div class=\"mkdf-post-text\">\n<div class=\"mkdf-post-text-inner\">\n<hr \/>\n<p>&nbsp;<\/p>\n<p><img loading=\"lazy\" decoding=\"async\" class=\"wp-image-60761 size-full aligncenter\" src=\"https:\/\/www.radiopiu.net\/wordpress\/wp-content\/uploads\/2018\/09\/sport.jpg\" alt=\"\" width=\"800\" height=\"100\" srcset=\"https:\/\/www.radiopiu.net\/wordpress\/wp-content\/uploads\/2018\/09\/sport.jpg 800w, https:\/\/www.radiopiu.net\/wordpress\/wp-content\/uploads\/2018\/09\/sport-300x38.jpg 300w, https:\/\/www.radiopiu.net\/wordpress\/wp-content\/uploads\/2018\/09\/sport-768x96.jpg 768w\" sizes=\"auto, (max-width: 800px) 100vw, 800px\" \/><\/p>\n<p>&nbsp;<\/p>\n<blockquote>\n<h3>OGGI IL PRIMO INCONTRO DELLA DOLOMITEN CUP PER L&#8217;ITALIA<\/h3>\n<\/blockquote>\n<p><strong><a href=\"https:\/\/www.radiopiu.net\/wordpress\/giornale-radiopiu-13-agosto-2021-direttore-mirko-mezzacasa\/7a33a97e-331c-788d-119f-f141c3d24da5\/\" rel=\"attachment wp-att-227530\"><img loading=\"lazy\" decoding=\"async\" class=\"size-medium wp-image-227530 alignleft\" src=\"https:\/\/www.radiopiu.net\/wordpress\/wp-content\/uploads\/2021\/08\/7a33a97e-331c-788d-119f-f141c3d24da5-300x228.jpg\" alt=\"\" width=\"300\" height=\"228\" srcset=\"https:\/\/www.radiopiu.net\/wordpress\/wp-content\/uploads\/2021\/08\/7a33a97e-331c-788d-119f-f141c3d24da5-300x228.jpg 300w, https:\/\/www.radiopiu.net\/wordpress\/wp-content\/uploads\/2021\/08\/7a33a97e-331c-788d-119f-f141c3d24da5-1024x777.jpg 1024w, https:\/\/www.radiopiu.net\/wordpress\/wp-content\/uploads\/2021\/08\/7a33a97e-331c-788d-119f-f141c3d24da5-768x583.jpg 768w, https:\/\/www.radiopiu.net\/wordpress\/wp-content\/uploads\/2021\/08\/7a33a97e-331c-788d-119f-f141c3d24da5.jpg 1200w\" sizes=\"auto, (max-width: 300px) 100vw, 300px\" \/><\/a>EGNA <\/strong>Primo test stasera (face off alle 20) per la Nazionale italiana di hockey su ghiaccio, impegnata sul ghiaccio di Egna nella prima semifinale della 15esima edizione della Dolomiten Cup, il torneo internazionale che apre, di fatto, la stagione dell&#8217;hockey italiano. Sul ghiaccio della W\u00fcrth Arena, la compagine guidata da coach Greg Ireland se la vedr\u00e0 contro gli Augsburger Panther, formazione della Penny Del, la prima lega germanica. Per l&#8217;Italia si tratta del primo di tre test in vista dell&#8217;importante appuntamento con il torneo di Qualificazione Olimpica, in programma a Riga, in Lettonia, dal 26 al 29 agosto. Nonostante alcune defezioni a roster rispetto alla rosa che andr\u00e0 ad affrontare il torneo di Qualificazione Olimpica in Lettonia, gli azzurri vogliono ripartire bene nel primo dei due test in programma a Egna. In caso di successo contro i Panther, la Nazionale affronter\u00e0 la finale in programma domenica 15 agosto alle 20, giorno di Ferragosto, contro la vincente dell&#8217;altra semifinale tra Eisb\u00e4ren Berlino e gli svizzeri del Biel\/Bienne. In caso di sconfitta, sempre domenica 15, alle 16, gli azzurri affronteranno la finale per il 3\/4 posto contro la perdente dell&#8217;altra semifinale, che si disputer\u00e0 sabato 14 agosto alle 20.<\/p>\n<p>&nbsp;<\/p>\n<p>&nbsp;<\/p>\n<hr \/>\n<p>&nbsp;<\/p>\n<blockquote>\n<h3>VENERDI&#8217; 20 AGOSTO LA PRIMA AMICHEVOLE DELL&#8217;ALLEGHE HOCKEY<\/h3>\n<\/blockquote>\n<p><strong><a href=\"https:\/\/www.radiopiu.net\/wordpress\/venerdi-20-agosto-la-prima-amichevole-dellalleghe-hockey\/venerdi-20-agosto-2021-ore-2100\/\" rel=\"attachment wp-att-227521\"><img loading=\"lazy\" decoding=\"async\" class=\" wp-image-227521 alignleft\" src=\"https:\/\/www.radiopiu.net\/wordpress\/wp-content\/uploads\/2021\/08\/Venerdi\u0300-20-agosto-2021-ore-2100-212x300.jpg\" alt=\"\" width=\"195\" height=\"276\" srcset=\"https:\/\/www.radiopiu.net\/wordpress\/wp-content\/uploads\/2021\/08\/Venerdi\u0300-20-agosto-2021-ore-2100-212x300.jpg 212w, https:\/\/www.radiopiu.net\/wordpress\/wp-content\/uploads\/2021\/08\/Venerdi\u0300-20-agosto-2021-ore-2100-724x1024.jpg 724w, https:\/\/www.radiopiu.net\/wordpress\/wp-content\/uploads\/2021\/08\/Venerdi\u0300-20-agosto-2021-ore-2100-768x1086.jpg 768w, https:\/\/www.radiopiu.net\/wordpress\/wp-content\/uploads\/2021\/08\/Venerdi\u0300-20-agosto-2021-ore-2100-1086x1536.jpg 1086w, https:\/\/www.radiopiu.net\/wordpress\/wp-content\/uploads\/2021\/08\/Venerdi\u0300-20-agosto-2021-ore-2100-1448x2048.jpg 1448w, https:\/\/www.radiopiu.net\/wordpress\/wp-content\/uploads\/2021\/08\/Venerdi\u0300-20-agosto-2021-ore-2100-scaled.jpg 1810w\" sizes=\"auto, (max-width: 195px) 100vw, 195px\" \/><\/a><\/strong><\/p>\n<p><strong>\u00a0<\/strong><\/p>\n<p><strong>\u00a0<\/strong><\/p>\n<p><strong>\u00a0<\/strong><\/p>\n<p><strong>ALLEGHE<\/strong> Dopo la preparazione a secco e quello sul ghiaccio, l&#8217;Alleghe Hockey \u00e8 pronto per il primo test pre stagionale. Venerd\u00ec 20 agosto allo stadio Alvise De Toni di Alleghe le civette giocheranno la prima amichevole. In riva al lago arriva il Fassa Falcons. Ingaggio alle 21. Si ricorda che secondo le disposizioni governative il pubblico potr\u00e0 accedere allo stadio esibendo il Green Pass.<\/p>\n<p>&nbsp;<\/p>\n<p>&nbsp;<\/p>\n<p>&nbsp;<\/p>\n<\/div>\n<p>&nbsp;<\/p>\n<table class=\"main\" border=\"0\" width=\"600\" cellspacing=\"0\" cellpadding=\"0\">\n<tbody>\n<tr>\n<td class=\"meldung-full-headline2\" align=\"left\" valign=\"top\">\n<blockquote>\n<h1>Il punto sulla preseason della AHL<\/h1>\n<\/blockquote>\n<\/td>\n<\/tr>\n<tr>\n<td class=\"meldung-full-subheadline2\" align=\"left\" valign=\"top\"><a href=\"https:\/\/www.radiopiu.net\/wordpress\/giornale-radiopiu-13-agosto-2021-direttore-mirko-mezzacasa\/attachment\/1200\/\" rel=\"attachment wp-att-227539\"><img loading=\"lazy\" decoding=\"async\" class=\"size-medium wp-image-227539 aligncenter\" src=\"https:\/\/www.radiopiu.net\/wordpress\/wp-content\/uploads\/2021\/08\/1200-300x169.jpg\" alt=\"\" width=\"300\" height=\"169\" srcset=\"https:\/\/www.radiopiu.net\/wordpress\/wp-content\/uploads\/2021\/08\/1200-300x169.jpg 300w, https:\/\/www.radiopiu.net\/wordpress\/wp-content\/uploads\/2021\/08\/1200.jpg 600w\" sizes=\"auto, (max-width: 300px) 100vw, 300px\" \/><\/a><\/td>\n<\/tr>\n<tr>\n<td class=\"meldung-full-short\" align=\"left\" valign=\"top\">La preseason della sesta stagione della Alps Hockey League \u00e8 nel pieno dello svolgimento. Con l&#8217;EC Bregenzerwald e l&#8217;EHC Lustenau, due squadre del Vorarlberg iniziano la loro preseason questo fine settimana. Mentre il Trofeo Ladino continua, l&#8217;HDD SIJ Acroni Jesenice testa l&#8217;ex rappresentante del campionato del Val Pusteria.<\/p>\n<p>La preseason della Alps Hockey League \u00e8 iniziata luned\u00ec.Nella prima partita del Trofeo Ladino, i Fassa Falcons hanno vinto contro l&#8217;Hockey Club Gherd\u00ebina per 5:1. Le reti sono state segnate da Leo Messner, Rossi, Schiavone, De Toni, L. Felicetti e Castlunger. Nella seconda partita del torneo i gardenesi hanno ottenuto la loro prima vittoria. Grazie alle reti di Samuel Moroder (2), Tim Linder, David Galassiti e Tobias Moroder hanno battuto in trasferta l&#8217;Hafro Cortina Hockey per 5:4.<\/td>\n<\/tr>\n<\/tbody>\n<\/table>\n<p>&nbsp;<\/p>\n<p>&nbsp;<\/p>\n<p>*****<\/p>\n<div class=\"mkdf-post-text-inner\">\n<p>&nbsp;<\/p>\n<\/div>\n<\/div>\n<\/div>\n<\/div>\n<\/div>\n<\/div>\n<\/div>\n<\/div>\n<\/div>\n<\/div>\n<\/div>\n<\/div>\n<\/div>\n<\/div>\n<\/div>\n<\/div>\n<\/div>\n<\/div>\n<\/div>\n<\/div>\n<\/div>\n<\/div>\n<\/div>\n<\/div>\n<\/div>","protected":false},"excerpt":{"rendered":"<p>COMPRIAMO UNA MACCHINA ATTREZZATA PER RICCARDO SOSPIROLO\u00a0Radio Pi\u00f9 appoggia l\u2019iniziativa di\u00a0 Agostino Tegner il pap\u00e0 di Riccardo, poche parole le sue ma piene di significato\u00a0\u201cIo e mia moglie stiamo invecchiando e non riusciamo pi\u00f9\u00a0a trasportare come si deve il nostro ragazzo, che necessita di una macchina attrezzata con un piano ribassato con pedana\u201d. Per questo&hellip;<\/p>\n","protected":false},"author":4,"featured_media":227489,"comment_status":"closed","ping_status":"open","sticky":false,"template":"","format":"standard","meta":{"_monsterinsights_skip_tracking":false,"_monsterinsights_sitenote_active":false,"_monsterinsights_sitenote_note":"","_monsterinsights_sitenote_category":0,"footnotes":""},"categories":[1,51,86,49],"tags":[],"class_list":["post-227358","post","type-post","status-publish","format-standard","has-post-thumbnail","hentry","category-senza-categoria","category-evidenza-top","category-gr","category-news-18","category-1","category-51","category-86","category-49","description-off"],"img_url":"https:\/\/www.radiopiu.net\/wordpress\/wp-content\/uploads\/2021\/08\/salt_20210812_151603_520.jpg","_links":{"self":[{"href":"https:\/\/www.radiopiu.net\/wordpress\/wp-json\/wp\/v2\/posts\/227358","targetHints":{"allow":["GET"]}}],"collection":[{"href":"https:\/\/www.radiopiu.net\/wordpress\/wp-json\/wp\/v2\/posts"}],"about":[{"href":"https:\/\/www.radiopiu.net\/wordpress\/wp-json\/wp\/v2\/types\/post"}],"author":[{"embeddable":true,"href":"https:\/\/www.radiopiu.net\/wordpress\/wp-json\/wp\/v2\/users\/4"}],"replies":[{"embeddable":true,"href":"https:\/\/www.radiopiu.net\/wordpress\/wp-json\/wp\/v2\/comments?post=227358"}],"version-history":[{"count":0,"href":"https:\/\/www.radiopiu.net\/wordpress\/wp-json\/wp\/v2\/posts\/227358\/revisions"}],"wp:featuredmedia":[{"embeddable":true,"href":"https:\/\/www.radiopiu.net\/wordpress\/wp-json\/wp\/v2\/media\/227489"}],"wp:attachment":[{"href":"https:\/\/www.radiopiu.net\/wordpress\/wp-json\/wp\/v2\/media?parent=227358"}],"wp:term":[{"taxonomy":"category","embeddable":true,"href":"https:\/\/www.radiopiu.net\/wordpress\/wp-json\/wp\/v2\/categories?post=227358"},{"taxonomy":"post_tag","embeddable":true,"href":"https:\/\/www.radiopiu.net\/wordpress\/wp-json\/wp\/v2\/tags?post=227358"}],"curies":[{"name":"wp","href":"https:\/\/api.w.org\/{rel}","templated":true}]}}