{"id":227384,"date":"2021-08-11T23:59:12","date_gmt":"2021-08-11T21:59:12","guid":{"rendered":"https:\/\/www.radiopiu.net\/wordpress\/?p=227384"},"modified":"2021-08-12T06:27:50","modified_gmt":"2021-08-12T04:27:50","slug":"il-mattone-del-mondo-per-litalia","status":"publish","type":"post","link":"https:\/\/www.radiopiu.net\/wordpress\/il-mattone-del-mondo-per-litalia\/","title":{"rendered":"IL MATTONE DEL MONDO PER L\u2019ITALIA"},"content":{"rendered":"<p>&nbsp;<\/p>\n<p><strong><a href=\"https:\/\/www.radiopiu.net\/wordpress\/giornale-radiopiu-12-agosto-2021-direttore-mirko-mezzacasa\/il-mattone-del-mondo-per-l-italia\/\" rel=\"attachment wp-att-227381\"><img loading=\"lazy\" decoding=\"async\" class=\"wp-image-227381 alignleft\" src=\"https:\/\/www.radiopiu.net\/wordpress\/wp-content\/uploads\/2021\/08\/IL-MATTONE-DEL-MONDO-PER-L-ITALIA-240x300.jpg\" alt=\"\" width=\"139\" height=\"174\" srcset=\"https:\/\/www.radiopiu.net\/wordpress\/wp-content\/uploads\/2021\/08\/IL-MATTONE-DEL-MONDO-PER-L-ITALIA-240x300.jpg 240w, https:\/\/www.radiopiu.net\/wordpress\/wp-content\/uploads\/2021\/08\/IL-MATTONE-DEL-MONDO-PER-L-ITALIA.jpg 585w\" sizes=\"auto, (max-width: 139px) 100vw, 139px\" \/><\/a>FELTRE<\/strong> Il 7 ottobre 2018, alle ore 11:00, presso la Cooperativa Sociale Arcobaleno \u201886 in Feltre, sede del Museo dei Sogni, della Memoria, della Coscienza e dei Presepi, \u00e8 iniziata la restituzione delle terre a tutti i 199 Paesi del mondo, attraverso\u00a0<strong>Il MATTONE DEL MONDO<\/strong>\u00a0 consegnato nelle mani di Papa Francesco in Citt\u00e0 del Vaticano e per vie diplomatiche a 26 Rappresentanti Ufficiali di Paesi del mondo. L\u2019iniziativa della raccolta delle terre, sassi, sogni, segni, simboli, presepi, legati alla vita degli uomini nel mondo, inizi\u00f2 a dicembre del 1998, nell\u2019anno 50\u00b0 di fondazione della Comunit\u00e0, che accoglie minori e non in difficolt\u00e0 familiari e personali. \u00c8 stato chiesto in tutta Italia dove collocare questo simbolo. Le risposte sono state 304, le possibili sedi indicate 164. Il 17 maggio 2019, alle ore 21:00, presso il Museo dei Sogni e della Memoria in Feltre, con l\u2019apertura della annuale Festa del Volontariato Sociale dal tema L\u2019OLTRE IL TROPPO UMANO, \u00e8 stata data rispettosa comunicazione della sede scelta in Comunit\u00e0 di Villa San Francesco, sulla tomba del giudice Rosario Livatino a Canicatt\u00ec, dopo la sosta al km 10 della statale Agrigento \u2013 Canicatt\u00ec, dove Pietro Nava, vide, denunci\u00f2, pag\u00f2.\u00a0 Domenica 22 agosto 2021 alle ore 10:30 il <strong>MATTONE DEL MONDO<\/strong> partir\u00e0 dal Museo dei Sogni presso la Cooperativa Sociale Arcobaleno &#8217;86 Onlus, in via Calcin 11, Feltre (BL), \u00a0per raggiungere Bassano del Grappa, sede della prima tappa. Si susseguiranno 19 tappe, con una sosta a Roma di 3 giorni. L\u2019arrivo a Canicatt\u00ec \u00e8 previsto il 13 settembre 2021. <strong>Il MATTONE DEL MONDO<\/strong> sar\u00e0 portato lungo tutta l\u2019Italia da ciclisti amatoriali. Tutte le informazioni \u00e8 possibile reperirle all\u2019indirizzo mail della Comunit\u00e0.<\/p>\n<p>&nbsp;<\/p>\n","protected":false},"excerpt":{"rendered":"<p>&nbsp; FELTRE Il 7 ottobre 2018, alle ore 11:00, presso la Cooperativa Sociale Arcobaleno \u201886 in Feltre, sede del Museo dei Sogni, della Memoria, della Coscienza e dei Presepi, \u00e8 iniziata la restituzione delle terre a tutti i 199 Paesi del mondo, attraverso\u00a0Il MATTONE DEL MONDO\u00a0 consegnato nelle mani di Papa Francesco in Citt\u00e0 del&hellip;<\/p>\n","protected":false},"author":4,"featured_media":227381,"comment_status":"closed","ping_status":"open","sticky":false,"template":"","format":"standard","meta":{"_monsterinsights_skip_tracking":false,"_monsterinsights_sitenote_active":false,"_monsterinsights_sitenote_note":"","_monsterinsights_sitenote_category":0,"footnotes":""},"categories":[49],"tags":[],"class_list":["post-227384","post","type-post","status-publish","format-standard","has-post-thumbnail","hentry","category-news-18","category-49","description-off"],"img_url":"https:\/\/www.radiopiu.net\/wordpress\/wp-content\/uploads\/2021\/08\/IL-MATTONE-DEL-MONDO-PER-L-ITALIA.jpg","_links":{"self":[{"href":"https:\/\/www.radiopiu.net\/wordpress\/wp-json\/wp\/v2\/posts\/227384","targetHints":{"allow":["GET"]}}],"collection":[{"href":"https:\/\/www.radiopiu.net\/wordpress\/wp-json\/wp\/v2\/posts"}],"about":[{"href":"https:\/\/www.radiopiu.net\/wordpress\/wp-json\/wp\/v2\/types\/post"}],"author":[{"embeddable":true,"href":"https:\/\/www.radiopiu.net\/wordpress\/wp-json\/wp\/v2\/users\/4"}],"replies":[{"embeddable":true,"href":"https:\/\/www.radiopiu.net\/wordpress\/wp-json\/wp\/v2\/comments?post=227384"}],"version-history":[{"count":0,"href":"https:\/\/www.radiopiu.net\/wordpress\/wp-json\/wp\/v2\/posts\/227384\/revisions"}],"wp:featuredmedia":[{"embeddable":true,"href":"https:\/\/www.radiopiu.net\/wordpress\/wp-json\/wp\/v2\/media\/227381"}],"wp:attachment":[{"href":"https:\/\/www.radiopiu.net\/wordpress\/wp-json\/wp\/v2\/media?parent=227384"}],"wp:term":[{"taxonomy":"category","embeddable":true,"href":"https:\/\/www.radiopiu.net\/wordpress\/wp-json\/wp\/v2\/categories?post=227384"},{"taxonomy":"post_tag","embeddable":true,"href":"https:\/\/www.radiopiu.net\/wordpress\/wp-json\/wp\/v2\/tags?post=227384"}],"curies":[{"name":"wp","href":"https:\/\/api.w.org\/{rel}","templated":true}]}}