{"id":227423,"date":"2021-08-13T06:30:40","date_gmt":"2021-08-13T04:30:40","guid":{"rendered":"https:\/\/www.radiopiu.net\/wordpress\/?p=227423"},"modified":"2021-08-13T09:58:56","modified_gmt":"2021-08-13T07:58:56","slug":"dvhi","status":"publish","type":"post","link":"https:\/\/www.radiopiu.net\/wordpress\/dvhi\/","title":{"rendered":"DRAMMA SUL FRAMONT, LA MORTE IN TUTA ALARE,  FORSE UN MALORE O UN INCIAMPO"},"content":{"rendered":"<p>&nbsp;<\/p>\n<blockquote>\n<h3><\/h3>\n<h3>L&#8217;ULTIMA EMOZIONE PRIMA DELLO SCHIANTO, MUORE NELLA TUTA ALARE<\/h3>\n<\/blockquote>\n<p style=\"text-align: left;\"><strong>TAIBON<\/strong> Un uomo di 46 anni, Alessandro Dalla Pozza vicentino di Schio,\u00a0 si \u00e8 schiantato mentre scendeva con la tuta alare dal Mont alt (croce)\u00a0 del Framont. Un volo memorabile se riesce, un panorama unico sull&#8217;arco dolomitico, un luogo importante per gli amanti della disciplina che in queste settimane si stanno lanciando dalle cime dell&#8217;Agner, Pale di San Lucano o come in questa drammatica fatalit\u00e0 dal Framont, m\u00e9ta le campagne di Listolade. Ma qualche cosa non ha funzionato, solo l&#8217;uomo sa cosa \u00e8 successo prima dello schianto che si \u00e8 rivelato fatale. Agli uomini del Soccorso Alpino elitrasportati fino sul luogo dell&#8217;incidente non \u00e8 rimasto che constatarne il decesso. I Carabinieri di\u00a0 Cencenighe\u00a0 stanno invece ricostruendo l&#8217;incidente anche con l&#8217;aiuto di alcune testimonianze di chi era presente, di un amico in particolare della Valsugana che dalla cima del Framont si era lanciato poco prima e dopo essere atterrato a Listolade ha atteso invano per mezz&#8217;ora il quarantaseienne che purtroppo non \u00e8 mai arrivato.<\/p>\n<p><a href=\"https:\/\/www.radiopiu.net\/wordpress\/giornale-radiopiu-13-agosto-2021-direttore-mirko-mezzacasa\/226193_2024602216104_1858956_n\/\" rel=\"attachment wp-att-227573\"><img loading=\"lazy\" decoding=\"async\" class=\"wp-image-227573 alignright\" src=\"https:\/\/www.radiopiu.net\/wordpress\/wp-content\/uploads\/2021\/08\/226193_2024602216104_1858956_n-225x300.jpg\" alt=\"\" width=\"158\" height=\"211\" srcset=\"https:\/\/www.radiopiu.net\/wordpress\/wp-content\/uploads\/2021\/08\/226193_2024602216104_1858956_n-225x300.jpg 225w, https:\/\/www.radiopiu.net\/wordpress\/wp-content\/uploads\/2021\/08\/226193_2024602216104_1858956_n.jpg 540w\" sizes=\"auto, (max-width: 158px) 100vw, 158px\" \/><\/a>Diego Favero, responsabile stazione Soccorso Alpino di Agordo<em> &#8220;E&#8217; stato individuato con la prima ricognizione dell&#8217;elicottero, in una zona anche abbastanza visibile: la parete sopra Agordo \u00e8 praticamente verticale: 400-500 metri di dislivello, dipende dal punto dove si salta. Entrambi i base jumper dovevano arrivare a Listolade, vicino all&#8217;albergo Monte Civetta. I due sono saliti a piedi alla croce del Framont: \u00e8 saltato il primo e tutto \u00e8 andato bene. Una volta in basso, il trentino, per\u00f2, non riusciva a vedere il volo del compagno. Ha provato a chiamarlo sul cellulare ma era spento. Cos\u00ec abbiamo fatto arrivare l&#8217;elicottero con uno dei volontari della stazione e ancora nella prima ricognizione lo hanno avvistato. Pare che abbia provato ad aprire la vela di sicurezza, ma forse era troppo tardi perch\u00e8 questa svolgesse il suo compito: i soccorritori l&#8217;avrebbero trovata mezza aperta. Il corpo non era molto distante dalla parete, neanche tanto. Non si capisce se ci sia stato un malore, o se un malaugurato inciampo abbia modificato il lancio in modo tragico. Dalla Pozza \u00e8 precipitato lungo la parete \u00abed \u00e8 arrivato gi\u00f9 su quella specie di ghiaione e rocce mista a vegetazione da quota, tra Mont Alt di Framont e Lastia di Framont&#8221;. <\/em><\/p>\n\n\t\t\t<style type='text\/css'>\n\t\t\t\t#gallery-1 {\n\t\t\t\t\tmargin: auto;\n\t\t\t\t}\n\t\t\t\t#gallery-1 .gallery-item {\n\t\t\t\t\tfloat: left;\n\t\t\t\t\tmargin-top: 10px;\n\t\t\t\t\ttext-align: center;\n\t\t\t\t\twidth: 33%;\n\t\t\t\t}\n\t\t\t\t#gallery-1 img {\n\t\t\t\t\tborder: 2px solid #cfcfcf;\n\t\t\t\t}\n\t\t\t\t#gallery-1 .gallery-caption {\n\t\t\t\t\tmargin-left: 0;\n\t\t\t\t}\n\t\t\t\t\/* see gallery_shortcode() in wp-includes\/media.php *\/\n\t\t\t<\/style>\n\t\t<div id='gallery-1' class='dt-gallery-container gallery galleryid-227423 gallery-columns-3 gallery-size-thumbnail'><dl class='gallery-item'>\n\t\t\t\t<dt class='gallery-icon portrait'>\n\t\t\t\t\t<a class=\"rollover rollover-zoom dt-pswp-item\" title=\"salt_20210812_151547_315\" data-dt-img-description=\"\" data-large_image_width=\"1773\" data-large_image_height=\"2364\"href='https:\/\/www.radiopiu.net\/wordpress\/wp-content\/uploads\/2021\/08\/salt_20210812_151547_315.jpg'><img loading=\"lazy\" decoding=\"async\" width=\"150\" height=\"150\" src=\"https:\/\/www.radiopiu.net\/wordpress\/wp-content\/uploads\/2021\/08\/salt_20210812_151547_315-150x150.jpg\" class=\"attachment-thumbnail size-thumbnail\" alt=\"\" \/><\/a>\n\t\t\t\t<\/dt><\/dl><dl class='gallery-item'>\n\t\t\t\t<dt class='gallery-icon portrait'>\n\t\t\t\t\t<a class=\"rollover rollover-zoom dt-pswp-item\" title=\"salt_20210812_150739_719\" data-dt-img-description=\"\" data-large_image_width=\"1773\" data-large_image_height=\"2364\"href='https:\/\/www.radiopiu.net\/wordpress\/wp-content\/uploads\/2021\/08\/salt_20210812_150739_719.jpg'><img loading=\"lazy\" decoding=\"async\" width=\"150\" height=\"150\" src=\"https:\/\/www.radiopiu.net\/wordpress\/wp-content\/uploads\/2021\/08\/salt_20210812_150739_719-150x150.jpg\" class=\"attachment-thumbnail size-thumbnail\" alt=\"\" \/><\/a>\n\t\t\t\t<\/dt><\/dl><dl class='gallery-item'>\n\t\t\t\t<dt class='gallery-icon portrait'>\n\t\t\t\t\t<a class=\"rollover rollover-zoom dt-pswp-item\" title=\"salt_20210812_151603_520\" data-dt-img-description=\"\" data-large_image_width=\"1773\" data-large_image_height=\"2364\"href='https:\/\/www.radiopiu.net\/wordpress\/wp-content\/uploads\/2021\/08\/salt_20210812_151603_520.jpg'><img loading=\"lazy\" decoding=\"async\" width=\"150\" height=\"150\" src=\"https:\/\/www.radiopiu.net\/wordpress\/wp-content\/uploads\/2021\/08\/salt_20210812_151603_520-150x150.jpg\" class=\"attachment-thumbnail size-thumbnail\" alt=\"\" \/><\/a>\n\t\t\t\t<\/dt><\/dl><br style=\"clear: both\" \/>\n\t\t\t<\/div>\n\n<p>&nbsp;<\/p>\n<p>&nbsp;<\/p>\n<blockquote>\n<h3>IN TRENTINO, AL CONFINE CON IL PASSO PORDOI<\/h3>\n<p>Un basejumper thailandese\u00a0 42 anni \u00e8 stato trasportato in gravi condizioni in elicottero all&#8217;ospedale Santa Chiara di Trento. E&#8217; precipitato sul Sass Pordoi,\u00a0 con la vela gi\u00e0 aperta, finendo su una cengia. L&#8217;elicottero \u00e8 atterrato a Canazei per consentire all&#8217;equipe medica di effettuare sul paziente ulteriori trattamenti sanitari, per poi trasferirlo d&#8217;urgenza all&#8217;ospedale Santa Chiara di Trento.<\/p><\/blockquote>\n<p>&nbsp;<\/p>\n<p>****<\/p>\n","protected":false},"excerpt":{"rendered":"<p>&nbsp; L&#8217;ULTIMA EMOZIONE PRIMA DELLO SCHIANTO, MUORE NELLA TUTA ALARE TAIBON Un uomo di 46 anni, Alessandro Dalla Pozza vicentino di Schio,\u00a0 si \u00e8 schiantato mentre scendeva con la tuta alare dal Mont alt (croce)\u00a0 del Framont. Un volo memorabile se riesce, un panorama unico sull&#8217;arco dolomitico, un luogo importante per gli amanti della disciplina&hellip;<\/p>\n","protected":false},"author":4,"featured_media":227425,"comment_status":"closed","ping_status":"open","sticky":false,"template":"","format":"standard","meta":{"_monsterinsights_skip_tracking":false,"_monsterinsights_sitenote_active":false,"_monsterinsights_sitenote_note":"","_monsterinsights_sitenote_category":0,"footnotes":""},"categories":[51,49],"tags":[],"class_list":["post-227423","post","type-post","status-publish","format-standard","has-post-thumbnail","hentry","category-evidenza-top","category-news-18","category-51","category-49","description-off"],"img_url":"https:\/\/www.radiopiu.net\/wordpress\/wp-content\/uploads\/2021\/08\/027f4e9b-e3c0-40d1-b9ef-4ac3e5b090ee.jpg","_links":{"self":[{"href":"https:\/\/www.radiopiu.net\/wordpress\/wp-json\/wp\/v2\/posts\/227423","targetHints":{"allow":["GET"]}}],"collection":[{"href":"https:\/\/www.radiopiu.net\/wordpress\/wp-json\/wp\/v2\/posts"}],"about":[{"href":"https:\/\/www.radiopiu.net\/wordpress\/wp-json\/wp\/v2\/types\/post"}],"author":[{"embeddable":true,"href":"https:\/\/www.radiopiu.net\/wordpress\/wp-json\/wp\/v2\/users\/4"}],"replies":[{"embeddable":true,"href":"https:\/\/www.radiopiu.net\/wordpress\/wp-json\/wp\/v2\/comments?post=227423"}],"version-history":[{"count":0,"href":"https:\/\/www.radiopiu.net\/wordpress\/wp-json\/wp\/v2\/posts\/227423\/revisions"}],"wp:featuredmedia":[{"embeddable":true,"href":"https:\/\/www.radiopiu.net\/wordpress\/wp-json\/wp\/v2\/media\/227425"}],"wp:attachment":[{"href":"https:\/\/www.radiopiu.net\/wordpress\/wp-json\/wp\/v2\/media?parent=227423"}],"wp:term":[{"taxonomy":"category","embeddable":true,"href":"https:\/\/www.radiopiu.net\/wordpress\/wp-json\/wp\/v2\/categories?post=227423"},{"taxonomy":"post_tag","embeddable":true,"href":"https:\/\/www.radiopiu.net\/wordpress\/wp-json\/wp\/v2\/tags?post=227423"}],"curies":[{"name":"wp","href":"https:\/\/api.w.org\/{rel}","templated":true}]}}